{"id":7396,"date":"2015-12-04T10:14:41","date_gmt":"2015-12-04T13:14:41","guid":{"rendered":"http:\/\/anoticiaonline.com.br\/site\/?p=7396"},"modified":"2015-12-04T10:14:41","modified_gmt":"2015-12-04T13:14:41","slug":"muriae-esta-em-clima-de-natal","status":"publish","type":"post","link":"https:\/\/anoticiaonline.com.br\/site\/muriae-esta-em-clima-de-natal\/","title":{"rendered":"Muria\u00e9 est\u00e1 em clima de Natal"},"content":{"rendered":"<p><a href=\"https:\/\/anoticiaonline.com.br\/site\/wp-content\/uploads\/2015\/12\/DSCN3047.jpg\"><img fetchpriority=\"high\" decoding=\"async\" class=\" size-medium wp-image-7397 alignleft\" src=\"https:\/\/anoticiaonline.com.br\/site\/wp-content\/uploads\/2015\/12\/DSCN3047-300x225.jpg\" alt=\"DSCN3047\" width=\"300\" height=\"225\" srcset=\"https:\/\/anoticiaonline.com.br\/site\/wp-content\/uploads\/2015\/12\/DSCN3047-300x225.jpg 300w, https:\/\/anoticiaonline.com.br\/site\/wp-content\/uploads\/2015\/12\/DSCN3047.jpg 640w\" sizes=\"(max-width: 300px) 100vw, 300px\" \/><\/a>Muria\u00e9 est\u00e1, oficialmente, em clima natalino. Uma extensa programa\u00e7\u00e3o, que prossegue at\u00e9 o dia 15 deste m\u00eas, est\u00e1 totalmente voltada para esta \u00e9poca do ano. Os eventos especiais de Natal incluem apresenta\u00e7\u00f5es de m\u00fasica, teatro e dan\u00e7a em locais variados da cidade.<\/p>\n<p>O \u201cNatal Iluminado\u201d, como s\u00e3o denominadas as comemora\u00e7\u00f5es natalinas no munic\u00edpio, come\u00e7ou nesta quinta-feira (3), com a chegada do Papai Noel no carro do Corpo de Bombeiros. O Bom Velhinho desfilou pelas ruas da cidade com destino \u00e0 Pra\u00e7a Jo\u00e3o Pinheiro, onde chegou acompanhado das princesas e alunos da escola de m\u00fasica e onde tamb\u00e9m aconteceram as comemora\u00e7\u00f5es de abertura. Em seguida, ocorreu a apresenta\u00e7\u00e3o da Fanfarra da Escola Municipal Gilberto Tanus Braz.<\/p>\n<p>Em um ato simb\u00f3lico, o prefeito Aloysio Aquino fez a entrega da chave da cidade ao Papai Noel, gesto este que marcou a abertura oficial do Natal em Muria\u00e9.<\/p>\n<figure id=\"attachment_7398\" aria-describedby=\"caption-attachment-7398\" style=\"width: 290px\" class=\"wp-caption alignleft\"><a href=\"https:\/\/anoticiaonline.com.br\/site\/wp-content\/uploads\/2015\/12\/DSC_0270.jpg\"><img decoding=\"async\" class=\"size-medium wp-image-7398\" src=\"https:\/\/anoticiaonline.com.br\/site\/wp-content\/uploads\/2015\/12\/DSC_0270-300x199.jpg\" alt=\"Apresenta\u00e7\u00e3o da Orquestra da Banda da Pol\u00edcia Militar de Ub\u00e1\" width=\"300\" height=\"199\" srcset=\"https:\/\/anoticiaonline.com.br\/site\/wp-content\/uploads\/2015\/12\/DSC_0270-300x199.jpg 300w, https:\/\/anoticiaonline.com.br\/site\/wp-content\/uploads\/2015\/12\/DSC_0270.jpg 640w\" sizes=\"(max-width: 300px) 100vw, 300px\" \/><\/a><figcaption id=\"caption-attachment-7398\" class=\"wp-caption-text\">Apresenta\u00e7\u00e3o da Orquestra da Banda da Pol\u00edcia Militar de Ub\u00e1<\/figcaption><\/figure>\n<p>Outras atra\u00e7\u00f5es art\u00edsticas deram sequ\u00eancia ao evento, como a apresenta\u00e7\u00e3o dos alunos da Escola Municipal de Dan\u00e7a, do Coral dos alunos da Escola Municipal de M\u00fasica com a Banda Sociedade Musical Uni\u00e3o dos Artistas e, por fim, a Orquestra da Banda da Pol\u00edcia Militar de Ub\u00e1.<\/p>\n<p><strong>Confira, abaixo, a programa\u00e7\u00e3o completa:<\/strong><\/p>\n<p><strong>SEXTA-FEIRA, 4 DE DEZEMBRO<\/strong><br \/>\n17h &#8211; Apresenta\u00e7\u00e3o da feira &#8220;Escola Vai \u00e0 Pra\u00e7a&#8221;, com o tema &#8220;Festa Natalina&#8221;, na Pra\u00e7a Jo\u00e3o Pinheiro<br \/>\n19h20min &#8211; Apresenta\u00e7\u00e3o da Fanfarra da Escola Municipal Gilberto Tanus Braz no coreto da Pra\u00e7a Jo\u00e3o Pinheiro<br \/>\n19h30min &#8211; Abertura da Casa do Papai Noel na Rua Bar\u00e3o do Monte Alto<br \/>\n21h &#8211; Apresenta\u00e7\u00e3o do espet\u00e1culo &#8220;Hominus Brasilis&#8221; no Teatro Belmira Villas Boas<\/p>\n<p><strong>QUINTA-FEIRA, 10 DE DEZEMBRO<\/strong><br \/>\n19h30min &#8211; Apresenta\u00e7\u00e3o da Banda Sociedade Musical Uni\u00e3o dos Artistas no Teatro Belmira Villas Boas<br \/>\n20h &#8211; Apresenta\u00e7\u00e3o do Coral Cantare no Teatro Belmira Villas Boas<br \/>\n20h30min &#8211; Apresenta\u00e7\u00e3o do Coral da Escola Municipal de M\u00fasica Leonel Vargas no Teatro Belmira Villas Boas<\/p>\n<p><strong>S\u00c1BADO, 12 DE DEZEMBRO<\/strong><br \/>\n10h &#8211; Apresenta\u00e7\u00e3o do Coral Cantare em frente \u00e0 Caixa Econ\u00f4mica Federal do Centro<\/p>\n<p><strong>SEGUNDA-FEIRA, 14 DE DEZEMBRO<\/strong><br \/>\n10h &#8211; Apresenta\u00e7\u00e3o do Coral Cantare em frente \u00e0 Caixa Econ\u00f4mica Federal da Barra<\/p>\n<p><strong>TER\u00c7A-FEIRA, 15 DE DEZEMBRO<\/strong><br \/>\n19h30min &#8211; Apresenta\u00e7\u00e3o do espet\u00e1culo &#8220;Musicais&#8221;, pelos alunos da Escola Municipal de Dan\u00e7a Jorge Barroca, no Colina Country Clube<\/p>\n<p><img decoding=\"async\" class=\"ngg_displayed_gallery mceItem\" src=\"https:\/\/anoticiaonline.com.br\/site\/nextgen-attach_to_post\/preview\/id--7421\" alt=\"\" \/><\/p>\n","protected":false},"excerpt":{"rendered":"<p>Muria\u00e9 est\u00e1, oficialmente, em clima natalino. Uma extensa programa\u00e7\u00e3o, que prossegue at\u00e9 o dia 15 deste m\u00eas, est\u00e1 totalmente voltada para esta \u00e9poca do ano. Os eventos especiais de Natal incluem apresenta\u00e7\u00f5es de m\u00fasica, teatro e dan\u00e7a em locais variados da cidade. O \u201cNatal Iluminado\u201d, como s\u00e3o denominadas as comemora\u00e7\u00f5es natalinas no munic\u00edpio, come\u00e7ou nesta &#8230; <a title=\"Muria\u00e9 est\u00e1 em clima de Natal\" class=\"read-more\" href=\"https:\/\/anoticiaonline.com.br\/site\/muriae-esta-em-clima-de-natal\/\" aria-label=\"Read more about Muria\u00e9 est\u00e1 em clima de Natal\">Ler mais<\/a><\/p>\n","protected":false},"author":2,"featured_media":7397,"comment_status":"open","ping_status":"open","sticky":false,"template":"","format":"standard","meta":{"_acf_changed":false,"_monsterinsights_skip_tracking":false,"footnotes":""},"categories":[30],"tags":[3],"class_list":["post-7396","post","type-post","status-publish","format-standard","has-post-thumbnail","hentry","category-muriae","tag-slide"],"acf":[],"aioseo_notices":[],"aioseo_head":"\n\t\t<!-- All in One SEO 5.0.0.1 - aioseo.com -->\n\t<meta name=\"description\" content=\"Muria\u00e9 est\u00e1, oficialmente, em clima natalino. Uma extensa programa\u00e7\u00e3o, que prossegue at\u00e9 o dia 15 deste m\u00eas, est\u00e1 totalmente voltada para esta \u00e9poca do ano. Os eventos especiais de Natal incluem apresenta\u00e7\u00f5es de m\u00fasica, teatro e dan\u00e7a em locais variados da cidade. O \u201cNatal Iluminado\u201d, como s\u00e3o denominadas as comemora\u00e7\u00f5es natalinas no munic\u00edpio, come\u00e7ou nesta\" \/>\n\t<meta name=\"robots\" content=\"max-image-preview:large\" \/>\n\t<meta name=\"author\" content=\"Juliana Laviola\"\/>\n\t<link rel=\"canonical\" href=\"https:\/\/anoticiaonline.com.br\/site\/muriae-esta-em-clima-de-natal\/\" \/>\n\t<meta name=\"generator\" content=\"All in One SEO (AIOSEO) 5.0.0.1\" \/>\n\t\t<meta property=\"og:locale\" content=\"pt_BR\" \/>\n\t\t<meta property=\"og:site_name\" content=\"A Not\u00edcia Online - Noticias de Muria\u00e9 e regi\u00e3o\" \/>\n\t\t<meta property=\"og:type\" content=\"article\" \/>\n\t\t<meta property=\"og:title\" content=\"Muria\u00e9 est\u00e1 em clima de Natal - A Not\u00edcia Online\" \/>\n\t\t<meta property=\"og:description\" content=\"Muria\u00e9 est\u00e1, oficialmente, em clima natalino. Uma extensa programa\u00e7\u00e3o, que prossegue at\u00e9 o dia 15 deste m\u00eas, est\u00e1 totalmente voltada para esta \u00e9poca do ano. Os eventos especiais de Natal incluem apresenta\u00e7\u00f5es de m\u00fasica, teatro e dan\u00e7a em locais variados da cidade. O \u201cNatal Iluminado\u201d, como s\u00e3o denominadas as comemora\u00e7\u00f5es natalinas no munic\u00edpio, come\u00e7ou nesta\" \/>\n\t\t<meta property=\"og:url\" content=\"https:\/\/anoticiaonline.com.br\/site\/muriae-esta-em-clima-de-natal\/\" \/>\n\t\t<meta property=\"og:image\" content=\"https:\/\/scontent-gig4-1.xx.fbcdn.net\/v\/t39.30808-1\/270437624_4564083193639691_6907940295614233970_n.jpg?stp=dst-jpg_s200x200_tt6&#038;_nc_cat=111&#038;ccb=1-7&#038;_nc_sid=f907e8&#038;_nc_ohc=SM1wRlP3lJwQ7kNvwEPuBYA&#038;_nc_oc=AdnqrjDN_BNjSSHWO-GbkIWH6fkGMLw4bqvL_NH6e2wMveX7G-rP2dAqsDSq1mJMOaY&#038;_nc_zt=24&#038;_nc_ht=scontent-gig4-1.xx&#038;_nc_gid=AoBFJeGrT1hVaew_6rchkQ&#038;oh=00_AfX7QmFGhQhG2jAllVgXCiM1ZrWgvtp80-Bfppyexh1QEg&#038;oe=689E923C\" \/>\n\t\t<meta property=\"og:image:secure_url\" content=\"https:\/\/scontent-gig4-1.xx.fbcdn.net\/v\/t39.30808-1\/270437624_4564083193639691_6907940295614233970_n.jpg?stp=dst-jpg_s200x200_tt6&#038;_nc_cat=111&#038;ccb=1-7&#038;_nc_sid=f907e8&#038;_nc_ohc=SM1wRlP3lJwQ7kNvwEPuBYA&#038;_nc_oc=AdnqrjDN_BNjSSHWO-GbkIWH6fkGMLw4bqvL_NH6e2wMveX7G-rP2dAqsDSq1mJMOaY&#038;_nc_zt=24&#038;_nc_ht=scontent-gig4-1.xx&#038;_nc_gid=AoBFJeGrT1hVaew_6rchkQ&#038;oh=00_AfX7QmFGhQhG2jAllVgXCiM1ZrWgvtp80-Bfppyexh1QEg&#038;oe=689E923C\" \/>\n\t\t<meta property=\"article:published_time\" content=\"2015-12-04T13:14:41+00:00\" \/>\n\t\t<meta property=\"article:modified_time\" content=\"2015-12-04T13:14:41+00:00\" \/>\n\t\t<meta name=\"twitter:card\" content=\"summary_large_image\" \/>\n\t\t<meta name=\"twitter:title\" content=\"Muria\u00e9 est\u00e1 em clima de Natal - A Not\u00edcia Online\" \/>\n\t\t<meta name=\"twitter:description\" content=\"Muria\u00e9 est\u00e1, oficialmente, em clima natalino. Uma extensa programa\u00e7\u00e3o, que prossegue at\u00e9 o dia 15 deste m\u00eas, est\u00e1 totalmente voltada para esta \u00e9poca do ano. Os eventos especiais de Natal incluem apresenta\u00e7\u00f5es de m\u00fasica, teatro e dan\u00e7a em locais variados da cidade. O \u201cNatal Iluminado\u201d, como s\u00e3o denominadas as comemora\u00e7\u00f5es natalinas no munic\u00edpio, come\u00e7ou nesta\" \/>\n\t\t<meta name=\"twitter:image\" content=\"https:\/\/scontent-gig4-1.xx.fbcdn.net\/v\/t39.30808-1\/270437624_4564083193639691_6907940295614233970_n.jpg?stp=dst-jpg_s200x200_tt6&amp;_nc_cat=111&amp;ccb=1-7&amp;_nc_sid=f907e8&amp;_nc_ohc=SM1wRlP3lJwQ7kNvwEPuBYA&amp;_nc_oc=AdnqrjDN_BNjSSHWO-GbkIWH6fkGMLw4bqvL_NH6e2wMveX7G-rP2dAqsDSq1mJMOaY&amp;_nc_zt=24&amp;_nc_ht=scontent-gig4-1.xx&amp;_nc_gid=AoBFJeGrT1hVaew_6rchkQ&amp;oh=00_AfX7QmFGhQhG2jAllVgXCiM1ZrWgvtp80-Bfppyexh1QEg&amp;oe=689E923C\" \/>\n\t\t<script type=\"application\/ld+json\" class=\"aioseo-schema\">\n\t\t\t{\"@context\":\"https:\\\/\\\/schema.org\",\"@graph\":[{\"@type\":\"BlogPosting\",\"@id\":\"https:\\\/\\\/anoticiaonline.com.br\\\/site\\\/muriae-esta-em-clima-de-natal\\\/#blogposting\",\"name\":\"Muria\\u00e9 est\\u00e1 em clima de Natal - A Not\\u00edcia Online\",\"headline\":\"Muria\\u00e9 est\\u00e1 em clima de Natal\",\"author\":{\"@id\":\"https:\\\/\\\/anoticiaonline.com.br\\\/site\\\/author\\\/juliana\\\/#author\"},\"publisher\":{\"@id\":\"https:\\\/\\\/anoticiaonline.com.br\\\/site\\\/#organization\"},\"image\":{\"@type\":\"ImageObject\",\"url\":\"https:\\\/\\\/anoticiaonline.com.br\\\/site\\\/wp-content\\\/uploads\\\/2015\\\/12\\\/DSCN3047.jpg\",\"width\":640,\"height\":480},\"datePublished\":\"2015-12-04T10:14:41-03:00\",\"dateModified\":\"2015-12-04T10:14:41-03:00\",\"inLanguage\":\"pt-BR\",\"mainEntityOfPage\":{\"@id\":\"https:\\\/\\\/anoticiaonline.com.br\\\/site\\\/muriae-esta-em-clima-de-natal\\\/#webpage\"},\"isPartOf\":{\"@id\":\"https:\\\/\\\/anoticiaonline.com.br\\\/site\\\/muriae-esta-em-clima-de-natal\\\/#webpage\"},\"articleSection\":\"Blog, slide\"},{\"@type\":\"BreadcrumbList\",\"@id\":\"https:\\\/\\\/anoticiaonline.com.br\\\/site\\\/muriae-esta-em-clima-de-natal\\\/#breadcrumblist\",\"itemListElement\":[{\"@type\":\"ListItem\",\"@id\":\"https:\\\/\\\/anoticiaonline.com.br\\\/site#listItem\",\"position\":1,\"name\":\"Home\",\"item\":\"https:\\\/\\\/anoticiaonline.com.br\\\/site\",\"nextItem\":{\"@type\":\"ListItem\",\"@id\":\"https:\\\/\\\/anoticiaonline.com.br\\\/site\\\/categoria\\\/muriae\\\/#listItem\",\"name\":\"Blog\"}},{\"@type\":\"ListItem\",\"@id\":\"https:\\\/\\\/anoticiaonline.com.br\\\/site\\\/categoria\\\/muriae\\\/#listItem\",\"position\":2,\"name\":\"Blog\",\"item\":\"https:\\\/\\\/anoticiaonline.com.br\\\/site\\\/categoria\\\/muriae\\\/\",\"nextItem\":{\"@type\":\"ListItem\",\"@id\":\"https:\\\/\\\/anoticiaonline.com.br\\\/site\\\/muriae-esta-em-clima-de-natal\\\/#listItem\",\"name\":\"Muria\\u00e9 est\\u00e1 em clima de Natal\"},\"previousItem\":{\"@type\":\"ListItem\",\"@id\":\"https:\\\/\\\/anoticiaonline.com.br\\\/site#listItem\",\"name\":\"Home\"}},{\"@type\":\"ListItem\",\"@id\":\"https:\\\/\\\/anoticiaonline.com.br\\\/site\\\/muriae-esta-em-clima-de-natal\\\/#listItem\",\"position\":3,\"name\":\"Muria\\u00e9 est\\u00e1 em clima de Natal\",\"previousItem\":{\"@type\":\"ListItem\",\"@id\":\"https:\\\/\\\/anoticiaonline.com.br\\\/site\\\/categoria\\\/muriae\\\/#listItem\",\"name\":\"Blog\"}}]},{\"@type\":\"Organization\",\"@id\":\"https:\\\/\\\/anoticiaonline.com.br\\\/site\\\/#organization\",\"name\":\"A Not\\u00edcia Online\",\"description\":\"Noticias de Muria\\u00e9 e regi\\u00e3o\",\"url\":\"https:\\\/\\\/anoticiaonline.com.br\\\/site\\\/\",\"logo\":{\"@type\":\"ImageObject\",\"url\":\"https:\\\/\\\/scontent-gig4-1.xx.fbcdn.net\\\/v\\\/t39.30808-1\\\/270437624_4564083193639691_6907940295614233970_n.jpg?stp=dst-jpg_s200x200_tt6&_nc_cat=111&ccb=1-7&_nc_sid=f907e8&_nc_ohc=SM1wRlP3lJwQ7kNvwEPuBYA&_nc_oc=AdnqrjDN_BNjSSHWO-GbkIWH6fkGMLw4bqvL_NH6e2wMveX7G-rP2dAqsDSq1mJMOaY&_nc_zt=24&_nc_ht=scontent-gig4-1.xx&_nc_gid=AoBFJeGrT1hVaew_6rchkQ&oh=00_AfX7QmFGhQhG2jAllVgXCiM1ZrWgvtp80-Bfppyexh1QEg&oe=689E923C\",\"@id\":\"https:\\\/\\\/anoticiaonline.com.br\\\/site\\\/muriae-esta-em-clima-de-natal\\\/#organizationLogo\"},\"image\":{\"@id\":\"https:\\\/\\\/anoticiaonline.com.br\\\/site\\\/muriae-esta-em-clima-de-natal\\\/#organizationLogo\"}},{\"@type\":\"Person\",\"@id\":\"https:\\\/\\\/anoticiaonline.com.br\\\/site\\\/author\\\/juliana\\\/#author\",\"url\":\"https:\\\/\\\/anoticiaonline.com.br\\\/site\\\/author\\\/juliana\\\/\",\"name\":\"Juliana Laviola\",\"image\":{\"@type\":\"ImageObject\",\"@id\":\"https:\\\/\\\/anoticiaonline.com.br\\\/site\\\/muriae-esta-em-clima-de-natal\\\/#authorImage\",\"url\":\"https:\\\/\\\/secure.gravatar.com\\\/avatar\\\/b8d45f5c699b100dfaf0e543582f38f38bf94cb7ae3a5e9abf8d891a34773335?s=96&d=mm&r=g\",\"width\":96,\"height\":96,\"caption\":\"Juliana Laviola\"}},{\"@type\":\"WebPage\",\"@id\":\"https:\\\/\\\/anoticiaonline.com.br\\\/site\\\/muriae-esta-em-clima-de-natal\\\/#webpage\",\"url\":\"https:\\\/\\\/anoticiaonline.com.br\\\/site\\\/muriae-esta-em-clima-de-natal\\\/\",\"name\":\"Muria\\u00e9 est\\u00e1 em clima de Natal - A Not\\u00edcia Online\",\"description\":\"Muria\\u00e9 est\\u00e1, oficialmente, em clima natalino. Uma extensa programa\\u00e7\\u00e3o, que prossegue at\\u00e9 o dia 15 deste m\\u00eas, est\\u00e1 totalmente voltada para esta \\u00e9poca do ano. Os eventos especiais de Natal incluem apresenta\\u00e7\\u00f5es de m\\u00fasica, teatro e dan\\u00e7a em locais variados da cidade. O \\u201cNatal Iluminado\\u201d, como s\\u00e3o denominadas as comemora\\u00e7\\u00f5es natalinas no munic\\u00edpio, come\\u00e7ou nesta\",\"inLanguage\":\"pt-BR\",\"isPartOf\":{\"@id\":\"https:\\\/\\\/anoticiaonline.com.br\\\/site\\\/#website\"},\"breadcrumb\":{\"@id\":\"https:\\\/\\\/anoticiaonline.com.br\\\/site\\\/muriae-esta-em-clima-de-natal\\\/#breadcrumblist\"},\"author\":{\"@id\":\"https:\\\/\\\/anoticiaonline.com.br\\\/site\\\/author\\\/juliana\\\/#author\"},\"creator\":{\"@id\":\"https:\\\/\\\/anoticiaonline.com.br\\\/site\\\/author\\\/juliana\\\/#author\"},\"image\":{\"@type\":\"ImageObject\",\"url\":\"https:\\\/\\\/anoticiaonline.com.br\\\/site\\\/wp-content\\\/uploads\\\/2015\\\/12\\\/DSCN3047.jpg\",\"@id\":\"https:\\\/\\\/anoticiaonline.com.br\\\/site\\\/muriae-esta-em-clima-de-natal\\\/#mainImage\",\"width\":640,\"height\":480},\"primaryImageOfPage\":{\"@id\":\"https:\\\/\\\/anoticiaonline.com.br\\\/site\\\/muriae-esta-em-clima-de-natal\\\/#mainImage\"},\"datePublished\":\"2015-12-04T10:14:41-03:00\",\"dateModified\":\"2015-12-04T10:14:41-03:00\"},{\"@type\":\"WebSite\",\"@id\":\"https:\\\/\\\/anoticiaonline.com.br\\\/site\\\/#website\",\"url\":\"https:\\\/\\\/anoticiaonline.com.br\\\/site\\\/\",\"name\":\"A Not\\u00edcia Online\",\"description\":\"Noticias de Muria\\u00e9 e regi\\u00e3o\",\"inLanguage\":\"pt-BR\",\"publisher\":{\"@id\":\"https:\\\/\\\/anoticiaonline.com.br\\\/site\\\/#organization\"}}]}\n\t\t<\/script>\n\t\t<!-- All in One SEO -->\n\n","aioseo_head_json":{"title":"Muria\u00e9 est\u00e1 em clima de Natal - A Not\u00edcia Online","description":"Muria\u00e9 est\u00e1, oficialmente, em clima natalino. Uma extensa programa\u00e7\u00e3o, que prossegue at\u00e9 o dia 15 deste m\u00eas, est\u00e1 totalmente voltada para esta \u00e9poca do ano. Os eventos especiais de Natal incluem apresenta\u00e7\u00f5es de m\u00fasica, teatro e dan\u00e7a em locais variados da cidade. O \u201cNatal Iluminado\u201d, como s\u00e3o denominadas as comemora\u00e7\u00f5es natalinas no munic\u00edpio, come\u00e7ou nesta","canonical_url":"https:\/\/anoticiaonline.com.br\/site\/muriae-esta-em-clima-de-natal\/","robots":"max-image-preview:large","keywords":"","webmasterTools":{"miscellaneous":""},"schema":{"@context":"https:\/\/schema.org","@graph":[{"@type":"BlogPosting","@id":"https:\/\/anoticiaonline.com.br\/site\/muriae-esta-em-clima-de-natal\/#blogposting","name":"Muria\u00e9 est\u00e1 em clima de Natal - A Not\u00edcia Online","headline":"Muria\u00e9 est\u00e1 em clima de Natal","author":{"@id":"https:\/\/anoticiaonline.com.br\/site\/author\/juliana\/#author"},"publisher":{"@id":"https:\/\/anoticiaonline.com.br\/site\/#organization"},"image":{"@type":"ImageObject","url":"https:\/\/anoticiaonline.com.br\/site\/wp-content\/uploads\/2015\/12\/DSCN3047.jpg","width":640,"height":480},"datePublished":"2015-12-04T10:14:41-03:00","dateModified":"2015-12-04T10:14:41-03:00","inLanguage":"pt-BR","mainEntityOfPage":{"@id":"https:\/\/anoticiaonline.com.br\/site\/muriae-esta-em-clima-de-natal\/#webpage"},"isPartOf":{"@id":"https:\/\/anoticiaonline.com.br\/site\/muriae-esta-em-clima-de-natal\/#webpage"},"articleSection":"Blog, slide"},{"@type":"BreadcrumbList","@id":"https:\/\/anoticiaonline.com.br\/site\/muriae-esta-em-clima-de-natal\/#breadcrumblist","itemListElement":[{"@type":"ListItem","@id":"https:\/\/anoticiaonline.com.br\/site#listItem","position":1,"name":"Home","item":"https:\/\/anoticiaonline.com.br\/site","nextItem":{"@type":"ListItem","@id":"https:\/\/anoticiaonline.com.br\/site\/categoria\/muriae\/#listItem","name":"Blog"}},{"@type":"ListItem","@id":"https:\/\/anoticiaonline.com.br\/site\/categoria\/muriae\/#listItem","position":2,"name":"Blog","item":"https:\/\/anoticiaonline.com.br\/site\/categoria\/muriae\/","nextItem":{"@type":"ListItem","@id":"https:\/\/anoticiaonline.com.br\/site\/muriae-esta-em-clima-de-natal\/#listItem","name":"Muria\u00e9 est\u00e1 em clima de Natal"},"previousItem":{"@type":"ListItem","@id":"https:\/\/anoticiaonline.com.br\/site#listItem","name":"Home"}},{"@type":"ListItem","@id":"https:\/\/anoticiaonline.com.br\/site\/muriae-esta-em-clima-de-natal\/#listItem","position":3,"name":"Muria\u00e9 est\u00e1 em clima de Natal","previousItem":{"@type":"ListItem","@id":"https:\/\/anoticiaonline.com.br\/site\/categoria\/muriae\/#listItem","name":"Blog"}}]},{"@type":"Organization","@id":"https:\/\/anoticiaonline.com.br\/site\/#organization","name":"A Not\u00edcia Online","description":"Noticias de Muria\u00e9 e regi\u00e3o","url":"https:\/\/anoticiaonline.com.br\/site\/","logo":{"@type":"ImageObject","url":"https:\/\/scontent-gig4-1.xx.fbcdn.net\/v\/t39.30808-1\/270437624_4564083193639691_6907940295614233970_n.jpg?stp=dst-jpg_s200x200_tt6&_nc_cat=111&ccb=1-7&_nc_sid=f907e8&_nc_ohc=SM1wRlP3lJwQ7kNvwEPuBYA&_nc_oc=AdnqrjDN_BNjSSHWO-GbkIWH6fkGMLw4bqvL_NH6e2wMveX7G-rP2dAqsDSq1mJMOaY&_nc_zt=24&_nc_ht=scontent-gig4-1.xx&_nc_gid=AoBFJeGrT1hVaew_6rchkQ&oh=00_AfX7QmFGhQhG2jAllVgXCiM1ZrWgvtp80-Bfppyexh1QEg&oe=689E923C","@id":"https:\/\/anoticiaonline.com.br\/site\/muriae-esta-em-clima-de-natal\/#organizationLogo"},"image":{"@id":"https:\/\/anoticiaonline.com.br\/site\/muriae-esta-em-clima-de-natal\/#organizationLogo"}},{"@type":"Person","@id":"https:\/\/anoticiaonline.com.br\/site\/author\/juliana\/#author","url":"https:\/\/anoticiaonline.com.br\/site\/author\/juliana\/","name":"Juliana Laviola","image":{"@type":"ImageObject","@id":"https:\/\/anoticiaonline.com.br\/site\/muriae-esta-em-clima-de-natal\/#authorImage","url":"https:\/\/secure.gravatar.com\/avatar\/b8d45f5c699b100dfaf0e543582f38f38bf94cb7ae3a5e9abf8d891a34773335?s=96&d=mm&r=g","width":96,"height":96,"caption":"Juliana Laviola"}},{"@type":"WebPage","@id":"https:\/\/anoticiaonline.com.br\/site\/muriae-esta-em-clima-de-natal\/#webpage","url":"https:\/\/anoticiaonline.com.br\/site\/muriae-esta-em-clima-de-natal\/","name":"Muria\u00e9 est\u00e1 em clima de Natal - A Not\u00edcia Online","description":"Muria\u00e9 est\u00e1, oficialmente, em clima natalino. Uma extensa programa\u00e7\u00e3o, que prossegue at\u00e9 o dia 15 deste m\u00eas, est\u00e1 totalmente voltada para esta \u00e9poca do ano. Os eventos especiais de Natal incluem apresenta\u00e7\u00f5es de m\u00fasica, teatro e dan\u00e7a em locais variados da cidade. O \u201cNatal Iluminado\u201d, como s\u00e3o denominadas as comemora\u00e7\u00f5es natalinas no munic\u00edpio, come\u00e7ou nesta","inLanguage":"pt-BR","isPartOf":{"@id":"https:\/\/anoticiaonline.com.br\/site\/#website"},"breadcrumb":{"@id":"https:\/\/anoticiaonline.com.br\/site\/muriae-esta-em-clima-de-natal\/#breadcrumblist"},"author":{"@id":"https:\/\/anoticiaonline.com.br\/site\/author\/juliana\/#author"},"creator":{"@id":"https:\/\/anoticiaonline.com.br\/site\/author\/juliana\/#author"},"image":{"@type":"ImageObject","url":"https:\/\/anoticiaonline.com.br\/site\/wp-content\/uploads\/2015\/12\/DSCN3047.jpg","@id":"https:\/\/anoticiaonline.com.br\/site\/muriae-esta-em-clima-de-natal\/#mainImage","width":640,"height":480},"primaryImageOfPage":{"@id":"https:\/\/anoticiaonline.com.br\/site\/muriae-esta-em-clima-de-natal\/#mainImage"},"datePublished":"2015-12-04T10:14:41-03:00","dateModified":"2015-12-04T10:14:41-03:00"},{"@type":"WebSite","@id":"https:\/\/anoticiaonline.com.br\/site\/#website","url":"https:\/\/anoticiaonline.com.br\/site\/","name":"A Not\u00edcia Online","description":"Noticias de Muria\u00e9 e regi\u00e3o","inLanguage":"pt-BR","publisher":{"@id":"https:\/\/anoticiaonline.com.br\/site\/#organization"}}]},"og:locale":"pt_BR","og:site_name":"A Not\u00edcia Online - Noticias de Muria\u00e9 e regi\u00e3o","og:type":"article","og:title":"Muria\u00e9 est\u00e1 em clima de Natal - A Not\u00edcia Online","og:description":"Muria\u00e9 est\u00e1, oficialmente, em clima natalino. Uma extensa programa\u00e7\u00e3o, que prossegue at\u00e9 o dia 15 deste m\u00eas, est\u00e1 totalmente voltada para esta \u00e9poca do ano. Os eventos especiais de Natal incluem apresenta\u00e7\u00f5es de m\u00fasica, teatro e dan\u00e7a em locais variados da cidade. O \u201cNatal Iluminado\u201d, como s\u00e3o denominadas as comemora\u00e7\u00f5es natalinas no munic\u00edpio, come\u00e7ou nesta","og:url":"https:\/\/anoticiaonline.com.br\/site\/muriae-esta-em-clima-de-natal\/","og:image":"https:\/\/scontent-gig4-1.xx.fbcdn.net\/v\/t39.30808-1\/270437624_4564083193639691_6907940295614233970_n.jpg?stp=dst-jpg_s200x200_tt6&#038;_nc_cat=111&#038;ccb=1-7&#038;_nc_sid=f907e8&#038;_nc_ohc=SM1wRlP3lJwQ7kNvwEPuBYA&#038;_nc_oc=AdnqrjDN_BNjSSHWO-GbkIWH6fkGMLw4bqvL_NH6e2wMveX7G-rP2dAqsDSq1mJMOaY&#038;_nc_zt=24&#038;_nc_ht=scontent-gig4-1.xx&#038;_nc_gid=AoBFJeGrT1hVaew_6rchkQ&#038;oh=00_AfX7QmFGhQhG2jAllVgXCiM1ZrWgvtp80-Bfppyexh1QEg&#038;oe=689E923C","og:image:secure_url":"https:\/\/scontent-gig4-1.xx.fbcdn.net\/v\/t39.30808-1\/270437624_4564083193639691_6907940295614233970_n.jpg?stp=dst-jpg_s200x200_tt6&#038;_nc_cat=111&#038;ccb=1-7&#038;_nc_sid=f907e8&#038;_nc_ohc=SM1wRlP3lJwQ7kNvwEPuBYA&#038;_nc_oc=AdnqrjDN_BNjSSHWO-GbkIWH6fkGMLw4bqvL_NH6e2wMveX7G-rP2dAqsDSq1mJMOaY&#038;_nc_zt=24&#038;_nc_ht=scontent-gig4-1.xx&#038;_nc_gid=AoBFJeGrT1hVaew_6rchkQ&#038;oh=00_AfX7QmFGhQhG2jAllVgXCiM1ZrWgvtp80-Bfppyexh1QEg&#038;oe=689E923C","article:published_time":"2015-12-04T13:14:41+00:00","article:modified_time":"2015-12-04T13:14:41+00:00","twitter:card":"summary_large_image","twitter:title":"Muria\u00e9 est\u00e1 em clima de Natal - A Not\u00edcia Online","twitter:description":"Muria\u00e9 est\u00e1, oficialmente, em clima natalino. Uma extensa programa\u00e7\u00e3o, que prossegue at\u00e9 o dia 15 deste m\u00eas, est\u00e1 totalmente voltada para esta \u00e9poca do ano. Os eventos especiais de Natal incluem apresenta\u00e7\u00f5es de m\u00fasica, teatro e dan\u00e7a em locais variados da cidade. O \u201cNatal Iluminado\u201d, como s\u00e3o denominadas as comemora\u00e7\u00f5es natalinas no munic\u00edpio, come\u00e7ou nesta","twitter:image":"https:\/\/scontent-gig4-1.xx.fbcdn.net\/v\/t39.30808-1\/270437624_4564083193639691_6907940295614233970_n.jpg?stp=dst-jpg_s200x200_tt6&_nc_cat=111&ccb=1-7&_nc_sid=f907e8&_nc_ohc=SM1wRlP3lJwQ7kNvwEPuBYA&_nc_oc=AdnqrjDN_BNjSSHWO-GbkIWH6fkGMLw4bqvL_NH6e2wMveX7G-rP2dAqsDSq1mJMOaY&_nc_zt=24&_nc_ht=scontent-gig4-1.xx&_nc_gid=AoBFJeGrT1hVaew_6rchkQ&oh=00_AfX7QmFGhQhG2jAllVgXCiM1ZrWgvtp80-Bfppyexh1QEg&oe=689E923C"},"aioseo_meta_data":{"post_id":"7396","title":null,"description":null,"keywords":null,"keyphrases":null,"primary_term":null,"canonical_url":null,"og_title":null,"og_description":null,"og_object_type":"default","og_image_type":"default","og_image_url":null,"og_image_width":null,"og_image_height":null,"og_image_custom_url":null,"og_image_custom_fields":null,"og_video":null,"og_custom_url":null,"og_article_section":null,"og_article_tags":null,"twitter_use_og":false,"twitter_card":"default","twitter_image_type":"default","twitter_image_url":null,"twitter_image_custom_url":null,"twitter_image_custom_fields":null,"twitter_title":null,"twitter_description":null,"schema":{"blockGraphs":[],"customGraphs":[],"default":{"data":{"Article":[],"Course":[],"Dataset":[],"FAQPage":[],"Movie":[],"Person":[],"Product":[],"ProductReview":[],"Car":[],"Recipe":[],"Service":[],"SoftwareApplication":[],"WebPage":[]},"graphName":"","isEnabled":true},"graphs":[]},"schema_type":"default","schema_type_options":null,"pillar_content":false,"robots_default":true,"robots_noindex":false,"robots_noarchive":false,"robots_nosnippet":false,"robots_nofollow":false,"robots_noimageindex":false,"robots_noodp":false,"robots_notranslate":false,"robots_max_snippet":null,"robots_max_videopreview":null,"robots_max_imagepreview":"large","priority":null,"frequency":null,"local_seo":null,"breadcrumb_settings":null,"limit_modified_date":false,"ai":null,"created":"2025-08-16 14:23:11","updated":"2025-08-16 14:23:11","focus_keyword":null,"additional_keywords":null,"truseo_locale":null,"seo_analyzer_scan_date":null},"aioseo_breadcrumb":"<div class=\"aioseo-breadcrumbs\"><span class=\"aioseo-breadcrumb\">\n\t\t\t<a href=\"https:\/\/anoticiaonline.com.br\/site\" title=\"Home\">Home<\/a>\n\t\t<\/span><span class=\"aioseo-breadcrumb-separator\">&raquo;<\/span><span class=\"aioseo-breadcrumb\">\n\t\t\t<a href=\"https:\/\/anoticiaonline.com.br\/site\/categoria\/muriae\/\" title=\"Blog\">Blog<\/a>\n\t\t<\/span><span class=\"aioseo-breadcrumb-separator\">&raquo;<\/span><span class=\"aioseo-breadcrumb\">\n\t\t\tMuria\u00e9 est\u00e1 em clima de Natal\n\t\t<\/span><\/div>","aioseo_breadcrumb_json":[{"label":"Home","link":"https:\/\/anoticiaonline.com.br\/site"},{"label":"Blog","link":"https:\/\/anoticiaonline.com.br\/site\/categoria\/muriae\/"},{"label":"Muria\u00e9 est\u00e1 em clima de Natal","link":"https:\/\/anoticiaonline.com.br\/site\/muriae-esta-em-clima-de-natal\/"}],"views":138,"_links":{"self":[{"href":"https:\/\/anoticiaonline.com.br\/site\/wp-json\/wp\/v2\/posts\/7396","targetHints":{"allow":["GET"]}}],"collection":[{"href":"https:\/\/anoticiaonline.com.br\/site\/wp-json\/wp\/v2\/posts"}],"about":[{"href":"https:\/\/anoticiaonline.com.br\/site\/wp-json\/wp\/v2\/types\/post"}],"author":[{"embeddable":true,"href":"https:\/\/anoticiaonline.com.br\/site\/wp-json\/wp\/v2\/users\/2"}],"replies":[{"embeddable":true,"href":"https:\/\/anoticiaonline.com.br\/site\/wp-json\/wp\/v2\/comments?post=7396"}],"version-history":[{"count":0,"href":"https:\/\/anoticiaonline.com.br\/site\/wp-json\/wp\/v2\/posts\/7396\/revisions"}],"wp:featuredmedia":[{"embeddable":true,"href":"https:\/\/anoticiaonline.com.br\/site\/wp-json\/wp\/v2\/media\/7397"}],"wp:attachment":[{"href":"https:\/\/anoticiaonline.com.br\/site\/wp-json\/wp\/v2\/media?parent=7396"}],"wp:term":[{"taxonomy":"category","embeddable":true,"href":"https:\/\/anoticiaonline.com.br\/site\/wp-json\/wp\/v2\/categories?post=7396"},{"taxonomy":"post_tag","embeddable":true,"href":"https:\/\/anoticiaonline.com.br\/site\/wp-json\/wp\/v2\/tags?post=7396"}],"curies":[{"name":"wp","href":"https:\/\/api.w.org\/{rel}","templated":true}]}}