{"id":7254,"date":"2015-12-03T15:22:11","date_gmt":"2015-12-03T18:22:11","guid":{"rendered":"http:\/\/anoticiaonline.com.br\/site\/?p=7254"},"modified":"2015-12-03T15:22:11","modified_gmt":"2015-12-03T18:22:11","slug":"a-hora-e-a-vez-do-stf","status":"publish","type":"post","link":"https:\/\/anoticiaonline.com.br\/site\/a-hora-e-a-vez-do-stf\/","title":{"rendered":"A hora e a vez do STF"},"content":{"rendered":"<p><strong><em>\u201cHouve momento em que n\u00f3s, brasileiros, acreditamos no mote segundo o qual a esperan\u00e7a tinha vencido o medo. Depois nos deparamos com a A\u00e7\u00e3o Penal 470 e descobrimos que o cinismo tinha vencido a esperan\u00e7a. Agora, parece-se constatar que o esc\u00e1rnio venceu o cinismo. O crime n\u00e3o vencer\u00e1 a Justi\u00e7a\u201d (C\u00e1rmen L\u00facia \u2013 Ministra do STF)<\/em><\/strong><\/p>\n<p>O povo brasileiro est\u00e1 sendo testemunha ocular de uma hist\u00f3ria pol\u00edtica que jamais se imaginou que pudesse acontecer. Ap\u00f3s tanta espera pela redemocratiza\u00e7\u00e3o do pa\u00eds, estamos vendo o maior desvirtuamento dos deveres da representatividade pol\u00edtica, consequ\u00eancia de uma crescente degrada\u00e7\u00e3o dos valores morais e \u00e9ticos, os quais s\u00e3o considerados fundamentos e qualifica\u00e7\u00f5es essenciais daqueles que pretendem fazer-se representar na vida p\u00fablica.<\/p>\n<p>Os sucessivos esc\u00e2ndalos que explodem a cada dia nos labirintos do subterr\u00e2neo do Poder Central, frutos de uma megaopera\u00e7\u00e3o meticulosamente projetada para a perman\u00eancia no poder de um grupo pol\u00edtico sem escr\u00fapulos, j\u00e1 n\u00e3o causam perplexidades, a n\u00e3o ser a eles pr\u00f3prios, diante da seguran\u00e7a que sempre tiveram de que nada seria descoberto.<\/p>\n<p>A pris\u00e3o de pol\u00edticos influentes pertencentes aos dois \u00faltimos governos, como foram os casos de Jos\u00e9 Dirceu, ex ministro-chefe da Casa Civil de Lula, j\u00e1 condenado no processo do mensal\u00e3o e do senador Delc\u00eddio do Amaral, l\u00edder do atual governo, \u00e9 apenas a ponta do iceberg que pode fazer naufragar um novo \u201cTitanic\u201d. As investiga\u00e7\u00f5es da Pol\u00edcia Federal e do Minist\u00e9rio P\u00fablico continuam a todo vapor, e, diante das novas provas da exist\u00eancia da ramifica\u00e7\u00e3o criminosa, organizada para pagamento de propinas a partidos e pol\u00edticos, a Opera\u00e7\u00e3o Lava-Jato tomou um novo f\u00f4lego e, certamente, ter\u00e1 todo o respaldo do STF, se considerarmos que a declara\u00e7\u00e3o da ministra C\u00e1rmen L\u00facia expressa o pensamento dos seus pares da Suprema Corte.<\/p>\n<p>Somando-se a tudo isso, temos hoje uma presidenta sob a amea\u00e7a de um impeachment, um presidente da C\u00e2mara dos Deputados, que como todos sabem, est\u00e1 sendo julgado pelo Conselho de \u00c9tica, suspeito de receber uma verdadeira fortuna em propinas e um presidente do Senado, que j\u00e1 \u00e9 r\u00e9u em v\u00e1rios processos, tamb\u00e9m no Supremo Tribunal Federal.\u00a0 Esse \u00e9 o quadro em que se encontra estampada hoje a pol\u00edtica nacional.<\/p>\n<p>A democracia devidamente consolidada e o t\u00e3o propalado Estado Democr\u00e1tico de Direito, se bem vividos segundo a Constitui\u00e7\u00e3o, garantem a independ\u00eancia dos Poderes entre si, a total liberdade de a\u00e7\u00e3o, al\u00e9m dos direitos e as garantias individuais dos cidad\u00e3os. Por\u00e9m, jamais poder\u00e1 a Justi\u00e7a permitir que a representa\u00e7\u00e3o outorgada pelo povo seja jogada no lixo, como vem ocorrendo nos \u00faltimos anos em nosso pa\u00eds.<\/p>\n<p>Com a amea\u00e7a do impeachment da presidenta e os julgamentos dos presidentes do Legislativo, certamente, come\u00e7ar\u00e1 uma verdadeira batalha no Congresso e no Supremo Tribunal Federal. A indigna\u00e7\u00e3o da ministra C\u00e1rmen L\u00facia mostra que essa \u00e9 a hora e a vez do STF. Como a ministra bem frisou, o crime n\u00e3o vencer\u00e1 a Justi\u00e7a.<\/p>\n","protected":false},"excerpt":{"rendered":"<p>\u201cHouve momento em que n\u00f3s, brasileiros, acreditamos no mote segundo o qual a esperan\u00e7a tinha vencido o medo. Depois nos deparamos com a A\u00e7\u00e3o Penal 470 e descobrimos que o cinismo tinha vencido a esperan\u00e7a. Agora, parece-se constatar que o esc\u00e1rnio venceu o cinismo. O crime n\u00e3o vencer\u00e1 a Justi\u00e7a\u201d (C\u00e1rmen L\u00facia \u2013 Ministra do &#8230; <a title=\"A hora e a vez do STF\" class=\"read-more\" href=\"https:\/\/anoticiaonline.com.br\/site\/a-hora-e-a-vez-do-stf\/\" aria-label=\"Read more about A hora e a vez do STF\">Ler mais<\/a><\/p>\n","protected":false},"author":2,"featured_media":0,"comment_status":"open","ping_status":"open","sticky":false,"template":"","format":"standard","meta":{"_acf_changed":false,"_monsterinsights_skip_tracking":false,"footnotes":""},"categories":[33],"tags":[],"class_list":["post-7254","post","type-post","status-publish","format-standard","hentry","category-politica-e-atualidades-francisco-laviola"],"acf":[],"aioseo_notices":[],"aioseo_head":"\n\t\t<!-- All in One SEO 5.0.0.1 - aioseo.com -->\n\t<meta name=\"description\" content=\"\u201cHouve momento em que n\u00f3s, brasileiros, acreditamos no mote segundo o qual a esperan\u00e7a tinha vencido o medo. Depois nos deparamos com a A\u00e7\u00e3o Penal 470 e descobrimos que o cinismo tinha vencido a esperan\u00e7a. Agora, parece-se constatar que o esc\u00e1rnio venceu o cinismo. O crime n\u00e3o vencer\u00e1 a Justi\u00e7a\u201d (C\u00e1rmen L\u00facia \u2013 Ministra do\" \/>\n\t<meta name=\"robots\" content=\"max-image-preview:large\" \/>\n\t<meta name=\"author\" content=\"Juliana Laviola\"\/>\n\t<link rel=\"canonical\" href=\"https:\/\/anoticiaonline.com.br\/site\/a-hora-e-a-vez-do-stf\/\" \/>\n\t<meta name=\"generator\" content=\"All in One SEO (AIOSEO) 5.0.0.1\" \/>\n\t\t<meta property=\"og:locale\" content=\"pt_BR\" \/>\n\t\t<meta property=\"og:site_name\" content=\"A Not\u00edcia Online - Noticias de Muria\u00e9 e regi\u00e3o\" \/>\n\t\t<meta property=\"og:type\" content=\"article\" \/>\n\t\t<meta property=\"og:title\" content=\"A hora e a vez do STF - A Not\u00edcia Online\" \/>\n\t\t<meta property=\"og:description\" content=\"\u201cHouve momento em que n\u00f3s, brasileiros, acreditamos no mote segundo o qual a esperan\u00e7a tinha vencido o medo. Depois nos deparamos com a A\u00e7\u00e3o Penal 470 e descobrimos que o cinismo tinha vencido a esperan\u00e7a. Agora, parece-se constatar que o esc\u00e1rnio venceu o cinismo. O crime n\u00e3o vencer\u00e1 a Justi\u00e7a\u201d (C\u00e1rmen L\u00facia \u2013 Ministra do\" \/>\n\t\t<meta property=\"og:url\" content=\"https:\/\/anoticiaonline.com.br\/site\/a-hora-e-a-vez-do-stf\/\" \/>\n\t\t<meta property=\"og:image\" content=\"https:\/\/scontent-gig4-1.xx.fbcdn.net\/v\/t39.30808-1\/270437624_4564083193639691_6907940295614233970_n.jpg?stp=dst-jpg_s200x200_tt6&#038;_nc_cat=111&#038;ccb=1-7&#038;_nc_sid=f907e8&#038;_nc_ohc=SM1wRlP3lJwQ7kNvwEPuBYA&#038;_nc_oc=AdnqrjDN_BNjSSHWO-GbkIWH6fkGMLw4bqvL_NH6e2wMveX7G-rP2dAqsDSq1mJMOaY&#038;_nc_zt=24&#038;_nc_ht=scontent-gig4-1.xx&#038;_nc_gid=AoBFJeGrT1hVaew_6rchkQ&#038;oh=00_AfX7QmFGhQhG2jAllVgXCiM1ZrWgvtp80-Bfppyexh1QEg&#038;oe=689E923C\" \/>\n\t\t<meta property=\"og:image:secure_url\" content=\"https:\/\/scontent-gig4-1.xx.fbcdn.net\/v\/t39.30808-1\/270437624_4564083193639691_6907940295614233970_n.jpg?stp=dst-jpg_s200x200_tt6&#038;_nc_cat=111&#038;ccb=1-7&#038;_nc_sid=f907e8&#038;_nc_ohc=SM1wRlP3lJwQ7kNvwEPuBYA&#038;_nc_oc=AdnqrjDN_BNjSSHWO-GbkIWH6fkGMLw4bqvL_NH6e2wMveX7G-rP2dAqsDSq1mJMOaY&#038;_nc_zt=24&#038;_nc_ht=scontent-gig4-1.xx&#038;_nc_gid=AoBFJeGrT1hVaew_6rchkQ&#038;oh=00_AfX7QmFGhQhG2jAllVgXCiM1ZrWgvtp80-Bfppyexh1QEg&#038;oe=689E923C\" \/>\n\t\t<meta property=\"article:published_time\" content=\"2015-12-03T18:22:11+00:00\" \/>\n\t\t<meta property=\"article:modified_time\" content=\"2015-12-03T18:22:11+00:00\" \/>\n\t\t<meta name=\"twitter:card\" content=\"summary_large_image\" \/>\n\t\t<meta name=\"twitter:title\" content=\"A hora e a vez do STF - A Not\u00edcia Online\" \/>\n\t\t<meta name=\"twitter:description\" content=\"\u201cHouve momento em que n\u00f3s, brasileiros, acreditamos no mote segundo o qual a esperan\u00e7a tinha vencido o medo. Depois nos deparamos com a A\u00e7\u00e3o Penal 470 e descobrimos que o cinismo tinha vencido a esperan\u00e7a. Agora, parece-se constatar que o esc\u00e1rnio venceu o cinismo. O crime n\u00e3o vencer\u00e1 a Justi\u00e7a\u201d (C\u00e1rmen L\u00facia \u2013 Ministra do\" \/>\n\t\t<meta name=\"twitter:image\" content=\"https:\/\/scontent-gig4-1.xx.fbcdn.net\/v\/t39.30808-1\/270437624_4564083193639691_6907940295614233970_n.jpg?stp=dst-jpg_s200x200_tt6&amp;_nc_cat=111&amp;ccb=1-7&amp;_nc_sid=f907e8&amp;_nc_ohc=SM1wRlP3lJwQ7kNvwEPuBYA&amp;_nc_oc=AdnqrjDN_BNjSSHWO-GbkIWH6fkGMLw4bqvL_NH6e2wMveX7G-rP2dAqsDSq1mJMOaY&amp;_nc_zt=24&amp;_nc_ht=scontent-gig4-1.xx&amp;_nc_gid=AoBFJeGrT1hVaew_6rchkQ&amp;oh=00_AfX7QmFGhQhG2jAllVgXCiM1ZrWgvtp80-Bfppyexh1QEg&amp;oe=689E923C\" \/>\n\t\t<script type=\"application\/ld+json\" class=\"aioseo-schema\">\n\t\t\t{\"@context\":\"https:\\\/\\\/schema.org\",\"@graph\":[{\"@type\":\"BlogPosting\",\"@id\":\"https:\\\/\\\/anoticiaonline.com.br\\\/site\\\/a-hora-e-a-vez-do-stf\\\/#blogposting\",\"name\":\"A hora e a vez do STF - A Not\\u00edcia Online\",\"headline\":\"A hora e a vez do STF\",\"author\":{\"@id\":\"https:\\\/\\\/anoticiaonline.com.br\\\/site\\\/author\\\/juliana\\\/#author\"},\"publisher\":{\"@id\":\"https:\\\/\\\/anoticiaonline.com.br\\\/site\\\/#organization\"},\"image\":{\"@type\":\"ImageObject\",\"url\":\"https:\\\/\\\/scontent-gig4-1.xx.fbcdn.net\\\/v\\\/t39.30808-1\\\/270437624_4564083193639691_6907940295614233970_n.jpg?stp=dst-jpg_s200x200_tt6&_nc_cat=111&ccb=1-7&_nc_sid=f907e8&_nc_ohc=SM1wRlP3lJwQ7kNvwEPuBYA&_nc_oc=AdnqrjDN_BNjSSHWO-GbkIWH6fkGMLw4bqvL_NH6e2wMveX7G-rP2dAqsDSq1mJMOaY&_nc_zt=24&_nc_ht=scontent-gig4-1.xx&_nc_gid=AoBFJeGrT1hVaew_6rchkQ&oh=00_AfX7QmFGhQhG2jAllVgXCiM1ZrWgvtp80-Bfppyexh1QEg&oe=689E923C\",\"@id\":\"https:\\\/\\\/anoticiaonline.com.br\\\/site\\\/#articleImage\"},\"datePublished\":\"2015-12-03T15:22:11-03:00\",\"dateModified\":\"2015-12-03T15:22:11-03:00\",\"inLanguage\":\"pt-BR\",\"mainEntityOfPage\":{\"@id\":\"https:\\\/\\\/anoticiaonline.com.br\\\/site\\\/a-hora-e-a-vez-do-stf\\\/#webpage\"},\"isPartOf\":{\"@id\":\"https:\\\/\\\/anoticiaonline.com.br\\\/site\\\/a-hora-e-a-vez-do-stf\\\/#webpage\"},\"articleSection\":\"Pol\\u00edtica e Atualidades - Francisco Laviola\"},{\"@type\":\"BreadcrumbList\",\"@id\":\"https:\\\/\\\/anoticiaonline.com.br\\\/site\\\/a-hora-e-a-vez-do-stf\\\/#breadcrumblist\",\"itemListElement\":[{\"@type\":\"ListItem\",\"@id\":\"https:\\\/\\\/anoticiaonline.com.br\\\/site#listItem\",\"position\":1,\"name\":\"Home\",\"item\":\"https:\\\/\\\/anoticiaonline.com.br\\\/site\",\"nextItem\":{\"@type\":\"ListItem\",\"@id\":\"https:\\\/\\\/anoticiaonline.com.br\\\/site\\\/categoria\\\/colunistas\\\/#listItem\",\"name\":\"Colunistas\"}},{\"@type\":\"ListItem\",\"@id\":\"https:\\\/\\\/anoticiaonline.com.br\\\/site\\\/categoria\\\/colunistas\\\/#listItem\",\"position\":2,\"name\":\"Colunistas\",\"item\":\"https:\\\/\\\/anoticiaonline.com.br\\\/site\\\/categoria\\\/colunistas\\\/\",\"nextItem\":{\"@type\":\"ListItem\",\"@id\":\"https:\\\/\\\/anoticiaonline.com.br\\\/site\\\/categoria\\\/colunistas\\\/politica-e-atualidades-francisco-laviola\\\/#listItem\",\"name\":\"Pol\\u00edtica e Atualidades - Francisco Laviola\"},\"previousItem\":{\"@type\":\"ListItem\",\"@id\":\"https:\\\/\\\/anoticiaonline.com.br\\\/site#listItem\",\"name\":\"Home\"}},{\"@type\":\"ListItem\",\"@id\":\"https:\\\/\\\/anoticiaonline.com.br\\\/site\\\/categoria\\\/colunistas\\\/politica-e-atualidades-francisco-laviola\\\/#listItem\",\"position\":3,\"name\":\"Pol\\u00edtica e Atualidades - Francisco Laviola\",\"item\":\"https:\\\/\\\/anoticiaonline.com.br\\\/site\\\/categoria\\\/colunistas\\\/politica-e-atualidades-francisco-laviola\\\/\",\"nextItem\":{\"@type\":\"ListItem\",\"@id\":\"https:\\\/\\\/anoticiaonline.com.br\\\/site\\\/a-hora-e-a-vez-do-stf\\\/#listItem\",\"name\":\"A hora e a vez do STF\"},\"previousItem\":{\"@type\":\"ListItem\",\"@id\":\"https:\\\/\\\/anoticiaonline.com.br\\\/site\\\/categoria\\\/colunistas\\\/#listItem\",\"name\":\"Colunistas\"}},{\"@type\":\"ListItem\",\"@id\":\"https:\\\/\\\/anoticiaonline.com.br\\\/site\\\/a-hora-e-a-vez-do-stf\\\/#listItem\",\"position\":4,\"name\":\"A hora e a vez do STF\",\"previousItem\":{\"@type\":\"ListItem\",\"@id\":\"https:\\\/\\\/anoticiaonline.com.br\\\/site\\\/categoria\\\/colunistas\\\/politica-e-atualidades-francisco-laviola\\\/#listItem\",\"name\":\"Pol\\u00edtica e Atualidades - Francisco Laviola\"}}]},{\"@type\":\"Organization\",\"@id\":\"https:\\\/\\\/anoticiaonline.com.br\\\/site\\\/#organization\",\"name\":\"A Not\\u00edcia Online\",\"description\":\"Noticias de Muria\\u00e9 e regi\\u00e3o\",\"url\":\"https:\\\/\\\/anoticiaonline.com.br\\\/site\\\/\",\"logo\":{\"@type\":\"ImageObject\",\"url\":\"https:\\\/\\\/scontent-gig4-1.xx.fbcdn.net\\\/v\\\/t39.30808-1\\\/270437624_4564083193639691_6907940295614233970_n.jpg?stp=dst-jpg_s200x200_tt6&_nc_cat=111&ccb=1-7&_nc_sid=f907e8&_nc_ohc=SM1wRlP3lJwQ7kNvwEPuBYA&_nc_oc=AdnqrjDN_BNjSSHWO-GbkIWH6fkGMLw4bqvL_NH6e2wMveX7G-rP2dAqsDSq1mJMOaY&_nc_zt=24&_nc_ht=scontent-gig4-1.xx&_nc_gid=AoBFJeGrT1hVaew_6rchkQ&oh=00_AfX7QmFGhQhG2jAllVgXCiM1ZrWgvtp80-Bfppyexh1QEg&oe=689E923C\",\"@id\":\"https:\\\/\\\/anoticiaonline.com.br\\\/site\\\/a-hora-e-a-vez-do-stf\\\/#organizationLogo\"},\"image\":{\"@id\":\"https:\\\/\\\/anoticiaonline.com.br\\\/site\\\/a-hora-e-a-vez-do-stf\\\/#organizationLogo\"}},{\"@type\":\"Person\",\"@id\":\"https:\\\/\\\/anoticiaonline.com.br\\\/site\\\/author\\\/juliana\\\/#author\",\"url\":\"https:\\\/\\\/anoticiaonline.com.br\\\/site\\\/author\\\/juliana\\\/\",\"name\":\"Juliana Laviola\",\"image\":{\"@type\":\"ImageObject\",\"@id\":\"https:\\\/\\\/anoticiaonline.com.br\\\/site\\\/a-hora-e-a-vez-do-stf\\\/#authorImage\",\"url\":\"https:\\\/\\\/secure.gravatar.com\\\/avatar\\\/b8d45f5c699b100dfaf0e543582f38f38bf94cb7ae3a5e9abf8d891a34773335?s=96&d=mm&r=g\",\"width\":96,\"height\":96,\"caption\":\"Juliana Laviola\"}},{\"@type\":\"WebPage\",\"@id\":\"https:\\\/\\\/anoticiaonline.com.br\\\/site\\\/a-hora-e-a-vez-do-stf\\\/#webpage\",\"url\":\"https:\\\/\\\/anoticiaonline.com.br\\\/site\\\/a-hora-e-a-vez-do-stf\\\/\",\"name\":\"A hora e a vez do STF - A Not\\u00edcia Online\",\"description\":\"\\u201cHouve momento em que n\\u00f3s, brasileiros, acreditamos no mote segundo o qual a esperan\\u00e7a tinha vencido o medo. Depois nos deparamos com a A\\u00e7\\u00e3o Penal 470 e descobrimos que o cinismo tinha vencido a esperan\\u00e7a. Agora, parece-se constatar que o esc\\u00e1rnio venceu o cinismo. O crime n\\u00e3o vencer\\u00e1 a Justi\\u00e7a\\u201d (C\\u00e1rmen L\\u00facia \\u2013 Ministra do\",\"inLanguage\":\"pt-BR\",\"isPartOf\":{\"@id\":\"https:\\\/\\\/anoticiaonline.com.br\\\/site\\\/#website\"},\"breadcrumb\":{\"@id\":\"https:\\\/\\\/anoticiaonline.com.br\\\/site\\\/a-hora-e-a-vez-do-stf\\\/#breadcrumblist\"},\"author\":{\"@id\":\"https:\\\/\\\/anoticiaonline.com.br\\\/site\\\/author\\\/juliana\\\/#author\"},\"creator\":{\"@id\":\"https:\\\/\\\/anoticiaonline.com.br\\\/site\\\/author\\\/juliana\\\/#author\"},\"datePublished\":\"2015-12-03T15:22:11-03:00\",\"dateModified\":\"2015-12-03T15:22:11-03:00\"},{\"@type\":\"WebSite\",\"@id\":\"https:\\\/\\\/anoticiaonline.com.br\\\/site\\\/#website\",\"url\":\"https:\\\/\\\/anoticiaonline.com.br\\\/site\\\/\",\"name\":\"A Not\\u00edcia Online\",\"description\":\"Noticias de Muria\\u00e9 e regi\\u00e3o\",\"inLanguage\":\"pt-BR\",\"publisher\":{\"@id\":\"https:\\\/\\\/anoticiaonline.com.br\\\/site\\\/#organization\"}}]}\n\t\t<\/script>\n\t\t<!-- All in One SEO -->\n\n","aioseo_head_json":{"title":"A hora e a vez do STF - A Not\u00edcia Online","description":"\u201cHouve momento em que n\u00f3s, brasileiros, acreditamos no mote segundo o qual a esperan\u00e7a tinha vencido o medo. Depois nos deparamos com a A\u00e7\u00e3o Penal 470 e descobrimos que o cinismo tinha vencido a esperan\u00e7a. Agora, parece-se constatar que o esc\u00e1rnio venceu o cinismo. O crime n\u00e3o vencer\u00e1 a Justi\u00e7a\u201d (C\u00e1rmen L\u00facia \u2013 Ministra do","canonical_url":"https:\/\/anoticiaonline.com.br\/site\/a-hora-e-a-vez-do-stf\/","robots":"max-image-preview:large","keywords":"","webmasterTools":{"miscellaneous":""},"schema":{"@context":"https:\/\/schema.org","@graph":[{"@type":"BlogPosting","@id":"https:\/\/anoticiaonline.com.br\/site\/a-hora-e-a-vez-do-stf\/#blogposting","name":"A hora e a vez do STF - A Not\u00edcia Online","headline":"A hora e a vez do STF","author":{"@id":"https:\/\/anoticiaonline.com.br\/site\/author\/juliana\/#author"},"publisher":{"@id":"https:\/\/anoticiaonline.com.br\/site\/#organization"},"image":{"@type":"ImageObject","url":"https:\/\/scontent-gig4-1.xx.fbcdn.net\/v\/t39.30808-1\/270437624_4564083193639691_6907940295614233970_n.jpg?stp=dst-jpg_s200x200_tt6&_nc_cat=111&ccb=1-7&_nc_sid=f907e8&_nc_ohc=SM1wRlP3lJwQ7kNvwEPuBYA&_nc_oc=AdnqrjDN_BNjSSHWO-GbkIWH6fkGMLw4bqvL_NH6e2wMveX7G-rP2dAqsDSq1mJMOaY&_nc_zt=24&_nc_ht=scontent-gig4-1.xx&_nc_gid=AoBFJeGrT1hVaew_6rchkQ&oh=00_AfX7QmFGhQhG2jAllVgXCiM1ZrWgvtp80-Bfppyexh1QEg&oe=689E923C","@id":"https:\/\/anoticiaonline.com.br\/site\/#articleImage"},"datePublished":"2015-12-03T15:22:11-03:00","dateModified":"2015-12-03T15:22:11-03:00","inLanguage":"pt-BR","mainEntityOfPage":{"@id":"https:\/\/anoticiaonline.com.br\/site\/a-hora-e-a-vez-do-stf\/#webpage"},"isPartOf":{"@id":"https:\/\/anoticiaonline.com.br\/site\/a-hora-e-a-vez-do-stf\/#webpage"},"articleSection":"Pol\u00edtica e Atualidades - Francisco Laviola"},{"@type":"BreadcrumbList","@id":"https:\/\/anoticiaonline.com.br\/site\/a-hora-e-a-vez-do-stf\/#breadcrumblist","itemListElement":[{"@type":"ListItem","@id":"https:\/\/anoticiaonline.com.br\/site#listItem","position":1,"name":"Home","item":"https:\/\/anoticiaonline.com.br\/site","nextItem":{"@type":"ListItem","@id":"https:\/\/anoticiaonline.com.br\/site\/categoria\/colunistas\/#listItem","name":"Colunistas"}},{"@type":"ListItem","@id":"https:\/\/anoticiaonline.com.br\/site\/categoria\/colunistas\/#listItem","position":2,"name":"Colunistas","item":"https:\/\/anoticiaonline.com.br\/site\/categoria\/colunistas\/","nextItem":{"@type":"ListItem","@id":"https:\/\/anoticiaonline.com.br\/site\/categoria\/colunistas\/politica-e-atualidades-francisco-laviola\/#listItem","name":"Pol\u00edtica e Atualidades - Francisco Laviola"},"previousItem":{"@type":"ListItem","@id":"https:\/\/anoticiaonline.com.br\/site#listItem","name":"Home"}},{"@type":"ListItem","@id":"https:\/\/anoticiaonline.com.br\/site\/categoria\/colunistas\/politica-e-atualidades-francisco-laviola\/#listItem","position":3,"name":"Pol\u00edtica e Atualidades - Francisco Laviola","item":"https:\/\/anoticiaonline.com.br\/site\/categoria\/colunistas\/politica-e-atualidades-francisco-laviola\/","nextItem":{"@type":"ListItem","@id":"https:\/\/anoticiaonline.com.br\/site\/a-hora-e-a-vez-do-stf\/#listItem","name":"A hora e a vez do STF"},"previousItem":{"@type":"ListItem","@id":"https:\/\/anoticiaonline.com.br\/site\/categoria\/colunistas\/#listItem","name":"Colunistas"}},{"@type":"ListItem","@id":"https:\/\/anoticiaonline.com.br\/site\/a-hora-e-a-vez-do-stf\/#listItem","position":4,"name":"A hora e a vez do STF","previousItem":{"@type":"ListItem","@id":"https:\/\/anoticiaonline.com.br\/site\/categoria\/colunistas\/politica-e-atualidades-francisco-laviola\/#listItem","name":"Pol\u00edtica e Atualidades - Francisco Laviola"}}]},{"@type":"Organization","@id":"https:\/\/anoticiaonline.com.br\/site\/#organization","name":"A Not\u00edcia Online","description":"Noticias de Muria\u00e9 e regi\u00e3o","url":"https:\/\/anoticiaonline.com.br\/site\/","logo":{"@type":"ImageObject","url":"https:\/\/scontent-gig4-1.xx.fbcdn.net\/v\/t39.30808-1\/270437624_4564083193639691_6907940295614233970_n.jpg?stp=dst-jpg_s200x200_tt6&_nc_cat=111&ccb=1-7&_nc_sid=f907e8&_nc_ohc=SM1wRlP3lJwQ7kNvwEPuBYA&_nc_oc=AdnqrjDN_BNjSSHWO-GbkIWH6fkGMLw4bqvL_NH6e2wMveX7G-rP2dAqsDSq1mJMOaY&_nc_zt=24&_nc_ht=scontent-gig4-1.xx&_nc_gid=AoBFJeGrT1hVaew_6rchkQ&oh=00_AfX7QmFGhQhG2jAllVgXCiM1ZrWgvtp80-Bfppyexh1QEg&oe=689E923C","@id":"https:\/\/anoticiaonline.com.br\/site\/a-hora-e-a-vez-do-stf\/#organizationLogo"},"image":{"@id":"https:\/\/anoticiaonline.com.br\/site\/a-hora-e-a-vez-do-stf\/#organizationLogo"}},{"@type":"Person","@id":"https:\/\/anoticiaonline.com.br\/site\/author\/juliana\/#author","url":"https:\/\/anoticiaonline.com.br\/site\/author\/juliana\/","name":"Juliana Laviola","image":{"@type":"ImageObject","@id":"https:\/\/anoticiaonline.com.br\/site\/a-hora-e-a-vez-do-stf\/#authorImage","url":"https:\/\/secure.gravatar.com\/avatar\/b8d45f5c699b100dfaf0e543582f38f38bf94cb7ae3a5e9abf8d891a34773335?s=96&d=mm&r=g","width":96,"height":96,"caption":"Juliana Laviola"}},{"@type":"WebPage","@id":"https:\/\/anoticiaonline.com.br\/site\/a-hora-e-a-vez-do-stf\/#webpage","url":"https:\/\/anoticiaonline.com.br\/site\/a-hora-e-a-vez-do-stf\/","name":"A hora e a vez do STF - A Not\u00edcia Online","description":"\u201cHouve momento em que n\u00f3s, brasileiros, acreditamos no mote segundo o qual a esperan\u00e7a tinha vencido o medo. Depois nos deparamos com a A\u00e7\u00e3o Penal 470 e descobrimos que o cinismo tinha vencido a esperan\u00e7a. Agora, parece-se constatar que o esc\u00e1rnio venceu o cinismo. O crime n\u00e3o vencer\u00e1 a Justi\u00e7a\u201d (C\u00e1rmen L\u00facia \u2013 Ministra do","inLanguage":"pt-BR","isPartOf":{"@id":"https:\/\/anoticiaonline.com.br\/site\/#website"},"breadcrumb":{"@id":"https:\/\/anoticiaonline.com.br\/site\/a-hora-e-a-vez-do-stf\/#breadcrumblist"},"author":{"@id":"https:\/\/anoticiaonline.com.br\/site\/author\/juliana\/#author"},"creator":{"@id":"https:\/\/anoticiaonline.com.br\/site\/author\/juliana\/#author"},"datePublished":"2015-12-03T15:22:11-03:00","dateModified":"2015-12-03T15:22:11-03:00"},{"@type":"WebSite","@id":"https:\/\/anoticiaonline.com.br\/site\/#website","url":"https:\/\/anoticiaonline.com.br\/site\/","name":"A Not\u00edcia Online","description":"Noticias de Muria\u00e9 e regi\u00e3o","inLanguage":"pt-BR","publisher":{"@id":"https:\/\/anoticiaonline.com.br\/site\/#organization"}}]},"og:locale":"pt_BR","og:site_name":"A Not\u00edcia Online - Noticias de Muria\u00e9 e regi\u00e3o","og:type":"article","og:title":"A hora e a vez do STF - A Not\u00edcia Online","og:description":"\u201cHouve momento em que n\u00f3s, brasileiros, acreditamos no mote segundo o qual a esperan\u00e7a tinha vencido o medo. Depois nos deparamos com a A\u00e7\u00e3o Penal 470 e descobrimos que o cinismo tinha vencido a esperan\u00e7a. Agora, parece-se constatar que o esc\u00e1rnio venceu o cinismo. O crime n\u00e3o vencer\u00e1 a Justi\u00e7a\u201d (C\u00e1rmen L\u00facia \u2013 Ministra do","og:url":"https:\/\/anoticiaonline.com.br\/site\/a-hora-e-a-vez-do-stf\/","og:image":"https:\/\/scontent-gig4-1.xx.fbcdn.net\/v\/t39.30808-1\/270437624_4564083193639691_6907940295614233970_n.jpg?stp=dst-jpg_s200x200_tt6&#038;_nc_cat=111&#038;ccb=1-7&#038;_nc_sid=f907e8&#038;_nc_ohc=SM1wRlP3lJwQ7kNvwEPuBYA&#038;_nc_oc=AdnqrjDN_BNjSSHWO-GbkIWH6fkGMLw4bqvL_NH6e2wMveX7G-rP2dAqsDSq1mJMOaY&#038;_nc_zt=24&#038;_nc_ht=scontent-gig4-1.xx&#038;_nc_gid=AoBFJeGrT1hVaew_6rchkQ&#038;oh=00_AfX7QmFGhQhG2jAllVgXCiM1ZrWgvtp80-Bfppyexh1QEg&#038;oe=689E923C","og:image:secure_url":"https:\/\/scontent-gig4-1.xx.fbcdn.net\/v\/t39.30808-1\/270437624_4564083193639691_6907940295614233970_n.jpg?stp=dst-jpg_s200x200_tt6&#038;_nc_cat=111&#038;ccb=1-7&#038;_nc_sid=f907e8&#038;_nc_ohc=SM1wRlP3lJwQ7kNvwEPuBYA&#038;_nc_oc=AdnqrjDN_BNjSSHWO-GbkIWH6fkGMLw4bqvL_NH6e2wMveX7G-rP2dAqsDSq1mJMOaY&#038;_nc_zt=24&#038;_nc_ht=scontent-gig4-1.xx&#038;_nc_gid=AoBFJeGrT1hVaew_6rchkQ&#038;oh=00_AfX7QmFGhQhG2jAllVgXCiM1ZrWgvtp80-Bfppyexh1QEg&#038;oe=689E923C","article:published_time":"2015-12-03T18:22:11+00:00","article:modified_time":"2015-12-03T18:22:11+00:00","twitter:card":"summary_large_image","twitter:title":"A hora e a vez do STF - A Not\u00edcia Online","twitter:description":"\u201cHouve momento em que n\u00f3s, brasileiros, acreditamos no mote segundo o qual a esperan\u00e7a tinha vencido o medo. Depois nos deparamos com a A\u00e7\u00e3o Penal 470 e descobrimos que o cinismo tinha vencido a esperan\u00e7a. Agora, parece-se constatar que o esc\u00e1rnio venceu o cinismo. O crime n\u00e3o vencer\u00e1 a Justi\u00e7a\u201d (C\u00e1rmen L\u00facia \u2013 Ministra do","twitter:image":"https:\/\/scontent-gig4-1.xx.fbcdn.net\/v\/t39.30808-1\/270437624_4564083193639691_6907940295614233970_n.jpg?stp=dst-jpg_s200x200_tt6&_nc_cat=111&ccb=1-7&_nc_sid=f907e8&_nc_ohc=SM1wRlP3lJwQ7kNvwEPuBYA&_nc_oc=AdnqrjDN_BNjSSHWO-GbkIWH6fkGMLw4bqvL_NH6e2wMveX7G-rP2dAqsDSq1mJMOaY&_nc_zt=24&_nc_ht=scontent-gig4-1.xx&_nc_gid=AoBFJeGrT1hVaew_6rchkQ&oh=00_AfX7QmFGhQhG2jAllVgXCiM1ZrWgvtp80-Bfppyexh1QEg&oe=689E923C"},"aioseo_meta_data":{"post_id":"7254","title":null,"description":null,"keywords":null,"keyphrases":null,"primary_term":null,"canonical_url":null,"og_title":null,"og_description":null,"og_object_type":"default","og_image_type":"default","og_image_url":null,"og_image_width":null,"og_image_height":null,"og_image_custom_url":null,"og_image_custom_fields":null,"og_video":null,"og_custom_url":null,"og_article_section":null,"og_article_tags":null,"twitter_use_og":false,"twitter_card":"default","twitter_image_type":"default","twitter_image_url":null,"twitter_image_custom_url":null,"twitter_image_custom_fields":null,"twitter_title":null,"twitter_description":null,"schema":{"blockGraphs":[],"customGraphs":[],"default":{"data":{"Article":[],"Course":[],"Dataset":[],"FAQPage":[],"Movie":[],"Person":[],"Product":[],"ProductReview":[],"Car":[],"Recipe":[],"Service":[],"SoftwareApplication":[],"WebPage":[]},"graphName":"","isEnabled":true},"graphs":[]},"schema_type":"default","schema_type_options":null,"pillar_content":false,"robots_default":true,"robots_noindex":false,"robots_noarchive":false,"robots_nosnippet":false,"robots_nofollow":false,"robots_noimageindex":false,"robots_noodp":false,"robots_notranslate":false,"robots_max_snippet":null,"robots_max_videopreview":null,"robots_max_imagepreview":"large","priority":null,"frequency":null,"local_seo":null,"breadcrumb_settings":null,"limit_modified_date":false,"ai":null,"created":"2025-08-16 14:23:11","updated":"2025-08-16 14:23:11","focus_keyword":null,"additional_keywords":null,"truseo_locale":null,"seo_analyzer_scan_date":null},"aioseo_breadcrumb":"<div class=\"aioseo-breadcrumbs\"><span class=\"aioseo-breadcrumb\">\n\t\t\t<a href=\"https:\/\/anoticiaonline.com.br\/site\" title=\"Home\">Home<\/a>\n\t\t<\/span><span class=\"aioseo-breadcrumb-separator\">&raquo;<\/span><span class=\"aioseo-breadcrumb\">\n\t\t\t<a href=\"https:\/\/anoticiaonline.com.br\/site\/categoria\/colunistas\/\" title=\"Colunistas\">Colunistas<\/a>\n\t\t<\/span><span class=\"aioseo-breadcrumb-separator\">&raquo;<\/span><span class=\"aioseo-breadcrumb\">\n\t\t\t<a href=\"https:\/\/anoticiaonline.com.br\/site\/categoria\/colunistas\/politica-e-atualidades-francisco-laviola\/\" title=\"Pol\u00edtica e Atualidades - Francisco Laviola\">Pol\u00edtica e Atualidades - Francisco Laviola<\/a>\n\t\t<\/span><span class=\"aioseo-breadcrumb-separator\">&raquo;<\/span><span class=\"aioseo-breadcrumb\">\n\t\t\tA hora e a vez do STF\n\t\t<\/span><\/div>","aioseo_breadcrumb_json":[{"label":"Home","link":"https:\/\/anoticiaonline.com.br\/site"},{"label":"Colunistas","link":"https:\/\/anoticiaonline.com.br\/site\/categoria\/colunistas\/"},{"label":"Pol\u00edtica e Atualidades - Francisco Laviola","link":"https:\/\/anoticiaonline.com.br\/site\/categoria\/colunistas\/politica-e-atualidades-francisco-laviola\/"},{"label":"A hora e a vez do STF","link":"https:\/\/anoticiaonline.com.br\/site\/a-hora-e-a-vez-do-stf\/"}],"views":137,"_links":{"self":[{"href":"https:\/\/anoticiaonline.com.br\/site\/wp-json\/wp\/v2\/posts\/7254","targetHints":{"allow":["GET"]}}],"collection":[{"href":"https:\/\/anoticiaonline.com.br\/site\/wp-json\/wp\/v2\/posts"}],"about":[{"href":"https:\/\/anoticiaonline.com.br\/site\/wp-json\/wp\/v2\/types\/post"}],"author":[{"embeddable":true,"href":"https:\/\/anoticiaonline.com.br\/site\/wp-json\/wp\/v2\/users\/2"}],"replies":[{"embeddable":true,"href":"https:\/\/anoticiaonline.com.br\/site\/wp-json\/wp\/v2\/comments?post=7254"}],"version-history":[{"count":0,"href":"https:\/\/anoticiaonline.com.br\/site\/wp-json\/wp\/v2\/posts\/7254\/revisions"}],"wp:attachment":[{"href":"https:\/\/anoticiaonline.com.br\/site\/wp-json\/wp\/v2\/media?parent=7254"}],"wp:term":[{"taxonomy":"category","embeddable":true,"href":"https:\/\/anoticiaonline.com.br\/site\/wp-json\/wp\/v2\/categories?post=7254"},{"taxonomy":"post_tag","embeddable":true,"href":"https:\/\/anoticiaonline.com.br\/site\/wp-json\/wp\/v2\/tags?post=7254"}],"curies":[{"name":"wp","href":"https:\/\/api.w.org\/{rel}","templated":true}]}}