{"id":7215,"date":"2015-12-03T11:18:32","date_gmt":"2015-12-03T14:18:32","guid":{"rendered":"http:\/\/anoticiaonline.com.br\/site\/?p=7215"},"modified":"2015-12-03T11:18:32","modified_gmt":"2015-12-03T14:18:32","slug":"policiais-civis-sao-homenageados-pelo-departamento-de-policia-em-juiz-de-fora","status":"publish","type":"post","link":"https:\/\/anoticiaonline.com.br\/site\/policiais-civis-sao-homenageados-pelo-departamento-de-policia-em-juiz-de-fora\/","title":{"rendered":"Policiais civis s\u00e3o homenageados pelo Departamento de Pol\u00edcia, em Juiz de Fora"},"content":{"rendered":"<p><a href=\"https:\/\/anoticiaonline.com.br\/site\/wp-content\/uploads\/2015\/12\/Policiais-civis-s\u00e3o-homenageados-pelo-Departamento-de-Pol\u00edcia-em-Juiz-de-Fora.jpg\"><img fetchpriority=\"high\" decoding=\"async\" class=\" size-medium wp-image-7216 alignleft\" src=\"https:\/\/anoticiaonline.com.br\/site\/wp-content\/uploads\/2015\/12\/Policiais-civis-s\u00e3o-homenageados-pelo-Departamento-de-Pol\u00edcia-em-Juiz-de-Fora-300x225.jpg\" alt=\"Policiais civis s\u00e3o homenageados pelo Departamento de Pol\u00edcia, em Juiz de Fora\" width=\"300\" height=\"225\" srcset=\"https:\/\/anoticiaonline.com.br\/site\/wp-content\/uploads\/2015\/12\/Policiais-civis-s\u00e3o-homenageados-pelo-Departamento-de-Pol\u00edcia-em-Juiz-de-Fora-300x225.jpg 300w, https:\/\/anoticiaonline.com.br\/site\/wp-content\/uploads\/2015\/12\/Policiais-civis-s\u00e3o-homenageados-pelo-Departamento-de-Pol\u00edcia-em-Juiz-de-Fora.jpg 640w\" sizes=\"(max-width: 300px) 100vw, 300px\" \/><\/a>Delegados, investigadores, escriv\u00e3es, m\u00e9dico legista e perito da 4\u00aa Delegacia Regional de Pol\u00edcia Civil foram homenageados pelo 4\u00ba Departamento de Pol\u00edcia Civil de Juiz de Fora (4\u00ba DEPPC). A cerim\u00f4nia, que aconteceu na \u00faltima quinta (26), no Audit\u00f3rio da 4\u00aa RISP, localizado no bairro Nova Era, teve como finalidade homenagear e agradecer, com a entrega de certificados, todos os servidores pelos relevantes servi\u00e7os prestados \u00e0 Pol\u00edcia Civil de Minas Gerais, ao agregar ainda mais valor \u00e0s a\u00e7\u00f5es desenvolvidas na institui\u00e7\u00e3o no ano de 2015.<\/p>\n<p>Mais de 150 policiais civis e servidores administrativos do 4\u00ba Departamento \u2013 composto pelas delegacias regionais de Juiz de Fora, Ub\u00e1, Leopoldina e Muria\u00e9, bem como suas \u00c1reas Integradas de Seguran\u00e7a P\u00fablica \u2013 receberam a homenagem.<\/p>\n<p>O delegado regional, Luiz Carlos dos Santos, parabeniza os servidores homenageados pelo chefe do 4\u00aa Departamento de Pol\u00edcia Civil, Saed Divan, \u201ctendo em vista os relevantes servi\u00e7os prestados \u00e0 Pol\u00edcia Civil de Minas Gerais, os quais agregaram ainda mais valor \u00e0s a\u00e7\u00f5es desenvolvidas pela institui\u00e7\u00e3o\u201d.<\/p>\n<p><strong>HOMENAGEADOS:<\/strong><\/p>\n<p><strong>DELEGADOS:<\/strong> Luiz Carlos dos Santos, Glauco Seguro, Alessandro Amaro da Matta, Rangel Martino de Oliveira Paiva, Junio Cezar Pereira de Oliveira, Tayrony Espindola Borges, Di\u00eago Candian Alves e Nat\u00e1lia Santos Magalh\u00e3es.<\/p>\n<p><strong>INVESTIGADORES:<\/strong> Cl\u00e1udia Aparecida da Silva Duarte, Cl\u00f3vis Dutra Ferreira, Giovane Lima Andrade, Wanderson Silva (Miradouro), Fernando Carbos (Carangola), Josu\u00e9 Silva Oliveira, Marcos Silva (Carangola), Evandro Alves de Souza, Andr\u00e9 Luiz de Oliveira, George Ardson da Silva (Miradouro), Leonardo Borges Ferreira, Alessandro Maximino Silva Freitas, Danilo S\u00e9rgio Coelho, Carlos Eduardo dos Reis Agrelos (Eugen\u00f3polis), Elizeu Oliveira Mattos (Carangola), Fl\u00e1vio Luiz da Silva (Divino) e R\u00f4mulo Rodrigues Coelho Delfino Souza<\/p>\n<p><strong>ESCRIV\u00c3ES:<\/strong> Franciane Duarte Ven\u00e2ncio, Hanna Rosa (Carangola), Danielle Trist\u00e3o Bittar, Selma Cristina de Souza Henriques Paula, Aline Souza de Oliveira (Muria\u00e9) e Rafaella Aparecida Soares Ferreira (Carangola)<\/p>\n<p><strong>M\u00c9DICO LEGISTA:<\/strong> Pedro Rabello de Mesquita Filho<\/p>\n<p><strong>PERITO:<\/strong> Ant\u00f4nio Carlos de Almeida Monteiro Filho<\/p>\n","protected":false},"excerpt":{"rendered":"<p>Delegados, investigadores, escriv\u00e3es, m\u00e9dico legista e perito da 4\u00aa Delegacia Regional de Pol\u00edcia Civil foram homenageados pelo 4\u00ba Departamento de Pol\u00edcia Civil de Juiz de Fora (4\u00ba DEPPC). A cerim\u00f4nia, que aconteceu na \u00faltima quinta (26), no Audit\u00f3rio da 4\u00aa RISP, localizado no bairro Nova Era, teve como finalidade homenagear e agradecer, com a entrega &#8230; <a title=\"Policiais civis s\u00e3o homenageados pelo Departamento de Pol\u00edcia, em Juiz de Fora\" class=\"read-more\" href=\"https:\/\/anoticiaonline.com.br\/site\/policiais-civis-sao-homenageados-pelo-departamento-de-policia-em-juiz-de-fora\/\" aria-label=\"Read more about Policiais civis s\u00e3o homenageados pelo Departamento de Pol\u00edcia, em Juiz de Fora\">Ler mais<\/a><\/p>\n","protected":false},"author":2,"featured_media":7216,"comment_status":"open","ping_status":"open","sticky":false,"template":"","format":"standard","meta":{"_acf_changed":false,"_monsterinsights_skip_tracking":false,"footnotes":""},"categories":[30],"tags":[3],"class_list":["post-7215","post","type-post","status-publish","format-standard","has-post-thumbnail","hentry","category-muriae","tag-slide"],"acf":[],"aioseo_notices":[],"aioseo_head":"\n\t\t<!-- All in One SEO 5.0.0.1 - aioseo.com -->\n\t<meta name=\"description\" content=\"Delegados, investigadores, escriv\u00e3es, m\u00e9dico legista e perito da 4\u00aa Delegacia Regional de Pol\u00edcia Civil foram homenageados pelo 4\u00ba Departamento de Pol\u00edcia Civil de Juiz de Fora (4\u00ba DEPPC). A cerim\u00f4nia, que aconteceu na \u00faltima quinta (26), no Audit\u00f3rio da 4\u00aa RISP, localizado no bairro Nova Era, teve como finalidade homenagear e agradecer, com a entrega\" \/>\n\t<meta name=\"robots\" content=\"max-image-preview:large\" \/>\n\t<meta name=\"author\" content=\"Juliana Laviola\"\/>\n\t<link rel=\"canonical\" href=\"https:\/\/anoticiaonline.com.br\/site\/policiais-civis-sao-homenageados-pelo-departamento-de-policia-em-juiz-de-fora\/\" \/>\n\t<meta name=\"generator\" content=\"All in One SEO (AIOSEO) 5.0.0.1\" \/>\n\t\t<meta property=\"og:locale\" content=\"pt_BR\" \/>\n\t\t<meta property=\"og:site_name\" content=\"A Not\u00edcia Online - Noticias de Muria\u00e9 e regi\u00e3o\" \/>\n\t\t<meta property=\"og:type\" content=\"article\" \/>\n\t\t<meta property=\"og:title\" content=\"Policiais civis s\u00e3o homenageados pelo Departamento de Pol\u00edcia, em Juiz de Fora - A Not\u00edcia Online\" \/>\n\t\t<meta property=\"og:description\" content=\"Delegados, investigadores, escriv\u00e3es, m\u00e9dico legista e perito da 4\u00aa Delegacia Regional de Pol\u00edcia Civil foram homenageados pelo 4\u00ba Departamento de Pol\u00edcia Civil de Juiz de Fora (4\u00ba DEPPC). A cerim\u00f4nia, que aconteceu na \u00faltima quinta (26), no Audit\u00f3rio da 4\u00aa RISP, localizado no bairro Nova Era, teve como finalidade homenagear e agradecer, com a entrega\" \/>\n\t\t<meta property=\"og:url\" content=\"https:\/\/anoticiaonline.com.br\/site\/policiais-civis-sao-homenageados-pelo-departamento-de-policia-em-juiz-de-fora\/\" \/>\n\t\t<meta property=\"og:image\" content=\"https:\/\/scontent-gig4-1.xx.fbcdn.net\/v\/t39.30808-1\/270437624_4564083193639691_6907940295614233970_n.jpg?stp=dst-jpg_s200x200_tt6&#038;_nc_cat=111&#038;ccb=1-7&#038;_nc_sid=f907e8&#038;_nc_ohc=SM1wRlP3lJwQ7kNvwEPuBYA&#038;_nc_oc=AdnqrjDN_BNjSSHWO-GbkIWH6fkGMLw4bqvL_NH6e2wMveX7G-rP2dAqsDSq1mJMOaY&#038;_nc_zt=24&#038;_nc_ht=scontent-gig4-1.xx&#038;_nc_gid=AoBFJeGrT1hVaew_6rchkQ&#038;oh=00_AfX7QmFGhQhG2jAllVgXCiM1ZrWgvtp80-Bfppyexh1QEg&#038;oe=689E923C\" \/>\n\t\t<meta property=\"og:image:secure_url\" content=\"https:\/\/scontent-gig4-1.xx.fbcdn.net\/v\/t39.30808-1\/270437624_4564083193639691_6907940295614233970_n.jpg?stp=dst-jpg_s200x200_tt6&#038;_nc_cat=111&#038;ccb=1-7&#038;_nc_sid=f907e8&#038;_nc_ohc=SM1wRlP3lJwQ7kNvwEPuBYA&#038;_nc_oc=AdnqrjDN_BNjSSHWO-GbkIWH6fkGMLw4bqvL_NH6e2wMveX7G-rP2dAqsDSq1mJMOaY&#038;_nc_zt=24&#038;_nc_ht=scontent-gig4-1.xx&#038;_nc_gid=AoBFJeGrT1hVaew_6rchkQ&#038;oh=00_AfX7QmFGhQhG2jAllVgXCiM1ZrWgvtp80-Bfppyexh1QEg&#038;oe=689E923C\" \/>\n\t\t<meta property=\"article:published_time\" content=\"2015-12-03T14:18:32+00:00\" \/>\n\t\t<meta property=\"article:modified_time\" content=\"2015-12-03T14:18:32+00:00\" \/>\n\t\t<meta name=\"twitter:card\" content=\"summary_large_image\" \/>\n\t\t<meta name=\"twitter:title\" content=\"Policiais civis s\u00e3o homenageados pelo Departamento de Pol\u00edcia, em Juiz de Fora - A Not\u00edcia Online\" \/>\n\t\t<meta name=\"twitter:description\" content=\"Delegados, investigadores, escriv\u00e3es, m\u00e9dico legista e perito da 4\u00aa Delegacia Regional de Pol\u00edcia Civil foram homenageados pelo 4\u00ba Departamento de Pol\u00edcia Civil de Juiz de Fora (4\u00ba DEPPC). A cerim\u00f4nia, que aconteceu na \u00faltima quinta (26), no Audit\u00f3rio da 4\u00aa RISP, localizado no bairro Nova Era, teve como finalidade homenagear e agradecer, com a entrega\" \/>\n\t\t<meta name=\"twitter:image\" content=\"https:\/\/scontent-gig4-1.xx.fbcdn.net\/v\/t39.30808-1\/270437624_4564083193639691_6907940295614233970_n.jpg?stp=dst-jpg_s200x200_tt6&amp;_nc_cat=111&amp;ccb=1-7&amp;_nc_sid=f907e8&amp;_nc_ohc=SM1wRlP3lJwQ7kNvwEPuBYA&amp;_nc_oc=AdnqrjDN_BNjSSHWO-GbkIWH6fkGMLw4bqvL_NH6e2wMveX7G-rP2dAqsDSq1mJMOaY&amp;_nc_zt=24&amp;_nc_ht=scontent-gig4-1.xx&amp;_nc_gid=AoBFJeGrT1hVaew_6rchkQ&amp;oh=00_AfX7QmFGhQhG2jAllVgXCiM1ZrWgvtp80-Bfppyexh1QEg&amp;oe=689E923C\" \/>\n\t\t<script type=\"application\/ld+json\" class=\"aioseo-schema\">\n\t\t\t{\"@context\":\"https:\\\/\\\/schema.org\",\"@graph\":[{\"@type\":\"BlogPosting\",\"@id\":\"https:\\\/\\\/anoticiaonline.com.br\\\/site\\\/policiais-civis-sao-homenageados-pelo-departamento-de-policia-em-juiz-de-fora\\\/#blogposting\",\"name\":\"Policiais civis s\\u00e3o homenageados pelo Departamento de Pol\\u00edcia, em Juiz de Fora - A Not\\u00edcia Online\",\"headline\":\"Policiais civis s\\u00e3o homenageados pelo Departamento de Pol\\u00edcia, em Juiz de Fora\",\"author\":{\"@id\":\"https:\\\/\\\/anoticiaonline.com.br\\\/site\\\/author\\\/juliana\\\/#author\"},\"publisher\":{\"@id\":\"https:\\\/\\\/anoticiaonline.com.br\\\/site\\\/#organization\"},\"image\":{\"@type\":\"ImageObject\",\"url\":\"https:\\\/\\\/anoticiaonline.com.br\\\/site\\\/wp-content\\\/uploads\\\/2015\\\/12\\\/Policiais-civis-s\\u00e3o-homenageados-pelo-Departamento-de-Pol\\u00edcia-em-Juiz-de-Fora.jpg\",\"width\":640,\"height\":480},\"datePublished\":\"2015-12-03T11:18:32-03:00\",\"dateModified\":\"2015-12-03T11:18:32-03:00\",\"inLanguage\":\"pt-BR\",\"mainEntityOfPage\":{\"@id\":\"https:\\\/\\\/anoticiaonline.com.br\\\/site\\\/policiais-civis-sao-homenageados-pelo-departamento-de-policia-em-juiz-de-fora\\\/#webpage\"},\"isPartOf\":{\"@id\":\"https:\\\/\\\/anoticiaonline.com.br\\\/site\\\/policiais-civis-sao-homenageados-pelo-departamento-de-policia-em-juiz-de-fora\\\/#webpage\"},\"articleSection\":\"Blog, slide\"},{\"@type\":\"BreadcrumbList\",\"@id\":\"https:\\\/\\\/anoticiaonline.com.br\\\/site\\\/policiais-civis-sao-homenageados-pelo-departamento-de-policia-em-juiz-de-fora\\\/#breadcrumblist\",\"itemListElement\":[{\"@type\":\"ListItem\",\"@id\":\"https:\\\/\\\/anoticiaonline.com.br\\\/site#listItem\",\"position\":1,\"name\":\"Home\",\"item\":\"https:\\\/\\\/anoticiaonline.com.br\\\/site\",\"nextItem\":{\"@type\":\"ListItem\",\"@id\":\"https:\\\/\\\/anoticiaonline.com.br\\\/site\\\/categoria\\\/muriae\\\/#listItem\",\"name\":\"Blog\"}},{\"@type\":\"ListItem\",\"@id\":\"https:\\\/\\\/anoticiaonline.com.br\\\/site\\\/categoria\\\/muriae\\\/#listItem\",\"position\":2,\"name\":\"Blog\",\"item\":\"https:\\\/\\\/anoticiaonline.com.br\\\/site\\\/categoria\\\/muriae\\\/\",\"nextItem\":{\"@type\":\"ListItem\",\"@id\":\"https:\\\/\\\/anoticiaonline.com.br\\\/site\\\/policiais-civis-sao-homenageados-pelo-departamento-de-policia-em-juiz-de-fora\\\/#listItem\",\"name\":\"Policiais civis s\\u00e3o homenageados pelo Departamento de Pol\\u00edcia, em Juiz de Fora\"},\"previousItem\":{\"@type\":\"ListItem\",\"@id\":\"https:\\\/\\\/anoticiaonline.com.br\\\/site#listItem\",\"name\":\"Home\"}},{\"@type\":\"ListItem\",\"@id\":\"https:\\\/\\\/anoticiaonline.com.br\\\/site\\\/policiais-civis-sao-homenageados-pelo-departamento-de-policia-em-juiz-de-fora\\\/#listItem\",\"position\":3,\"name\":\"Policiais civis s\\u00e3o homenageados pelo Departamento de Pol\\u00edcia, em Juiz de Fora\",\"previousItem\":{\"@type\":\"ListItem\",\"@id\":\"https:\\\/\\\/anoticiaonline.com.br\\\/site\\\/categoria\\\/muriae\\\/#listItem\",\"name\":\"Blog\"}}]},{\"@type\":\"Organization\",\"@id\":\"https:\\\/\\\/anoticiaonline.com.br\\\/site\\\/#organization\",\"name\":\"A Not\\u00edcia Online\",\"description\":\"Noticias de Muria\\u00e9 e regi\\u00e3o\",\"url\":\"https:\\\/\\\/anoticiaonline.com.br\\\/site\\\/\",\"logo\":{\"@type\":\"ImageObject\",\"url\":\"https:\\\/\\\/scontent-gig4-1.xx.fbcdn.net\\\/v\\\/t39.30808-1\\\/270437624_4564083193639691_6907940295614233970_n.jpg?stp=dst-jpg_s200x200_tt6&_nc_cat=111&ccb=1-7&_nc_sid=f907e8&_nc_ohc=SM1wRlP3lJwQ7kNvwEPuBYA&_nc_oc=AdnqrjDN_BNjSSHWO-GbkIWH6fkGMLw4bqvL_NH6e2wMveX7G-rP2dAqsDSq1mJMOaY&_nc_zt=24&_nc_ht=scontent-gig4-1.xx&_nc_gid=AoBFJeGrT1hVaew_6rchkQ&oh=00_AfX7QmFGhQhG2jAllVgXCiM1ZrWgvtp80-Bfppyexh1QEg&oe=689E923C\",\"@id\":\"https:\\\/\\\/anoticiaonline.com.br\\\/site\\\/policiais-civis-sao-homenageados-pelo-departamento-de-policia-em-juiz-de-fora\\\/#organizationLogo\"},\"image\":{\"@id\":\"https:\\\/\\\/anoticiaonline.com.br\\\/site\\\/policiais-civis-sao-homenageados-pelo-departamento-de-policia-em-juiz-de-fora\\\/#organizationLogo\"}},{\"@type\":\"Person\",\"@id\":\"https:\\\/\\\/anoticiaonline.com.br\\\/site\\\/author\\\/juliana\\\/#author\",\"url\":\"https:\\\/\\\/anoticiaonline.com.br\\\/site\\\/author\\\/juliana\\\/\",\"name\":\"Juliana Laviola\",\"image\":{\"@type\":\"ImageObject\",\"@id\":\"https:\\\/\\\/anoticiaonline.com.br\\\/site\\\/policiais-civis-sao-homenageados-pelo-departamento-de-policia-em-juiz-de-fora\\\/#authorImage\",\"url\":\"https:\\\/\\\/secure.gravatar.com\\\/avatar\\\/b8d45f5c699b100dfaf0e543582f38f38bf94cb7ae3a5e9abf8d891a34773335?s=96&d=mm&r=g\",\"width\":96,\"height\":96,\"caption\":\"Juliana Laviola\"}},{\"@type\":\"WebPage\",\"@id\":\"https:\\\/\\\/anoticiaonline.com.br\\\/site\\\/policiais-civis-sao-homenageados-pelo-departamento-de-policia-em-juiz-de-fora\\\/#webpage\",\"url\":\"https:\\\/\\\/anoticiaonline.com.br\\\/site\\\/policiais-civis-sao-homenageados-pelo-departamento-de-policia-em-juiz-de-fora\\\/\",\"name\":\"Policiais civis s\\u00e3o homenageados pelo Departamento de Pol\\u00edcia, em Juiz de Fora - A Not\\u00edcia Online\",\"description\":\"Delegados, investigadores, escriv\\u00e3es, m\\u00e9dico legista e perito da 4\\u00aa Delegacia Regional de Pol\\u00edcia Civil foram homenageados pelo 4\\u00ba Departamento de Pol\\u00edcia Civil de Juiz de Fora (4\\u00ba DEPPC). A cerim\\u00f4nia, que aconteceu na \\u00faltima quinta (26), no Audit\\u00f3rio da 4\\u00aa RISP, localizado no bairro Nova Era, teve como finalidade homenagear e agradecer, com a entrega\",\"inLanguage\":\"pt-BR\",\"isPartOf\":{\"@id\":\"https:\\\/\\\/anoticiaonline.com.br\\\/site\\\/#website\"},\"breadcrumb\":{\"@id\":\"https:\\\/\\\/anoticiaonline.com.br\\\/site\\\/policiais-civis-sao-homenageados-pelo-departamento-de-policia-em-juiz-de-fora\\\/#breadcrumblist\"},\"author\":{\"@id\":\"https:\\\/\\\/anoticiaonline.com.br\\\/site\\\/author\\\/juliana\\\/#author\"},\"creator\":{\"@id\":\"https:\\\/\\\/anoticiaonline.com.br\\\/site\\\/author\\\/juliana\\\/#author\"},\"image\":{\"@type\":\"ImageObject\",\"url\":\"https:\\\/\\\/anoticiaonline.com.br\\\/site\\\/wp-content\\\/uploads\\\/2015\\\/12\\\/Policiais-civis-s\\u00e3o-homenageados-pelo-Departamento-de-Pol\\u00edcia-em-Juiz-de-Fora.jpg\",\"@id\":\"https:\\\/\\\/anoticiaonline.com.br\\\/site\\\/policiais-civis-sao-homenageados-pelo-departamento-de-policia-em-juiz-de-fora\\\/#mainImage\",\"width\":640,\"height\":480},\"primaryImageOfPage\":{\"@id\":\"https:\\\/\\\/anoticiaonline.com.br\\\/site\\\/policiais-civis-sao-homenageados-pelo-departamento-de-policia-em-juiz-de-fora\\\/#mainImage\"},\"datePublished\":\"2015-12-03T11:18:32-03:00\",\"dateModified\":\"2015-12-03T11:18:32-03:00\"},{\"@type\":\"WebSite\",\"@id\":\"https:\\\/\\\/anoticiaonline.com.br\\\/site\\\/#website\",\"url\":\"https:\\\/\\\/anoticiaonline.com.br\\\/site\\\/\",\"name\":\"A Not\\u00edcia Online\",\"description\":\"Noticias de Muria\\u00e9 e regi\\u00e3o\",\"inLanguage\":\"pt-BR\",\"publisher\":{\"@id\":\"https:\\\/\\\/anoticiaonline.com.br\\\/site\\\/#organization\"}}]}\n\t\t<\/script>\n\t\t<!-- All in One SEO -->\n\n","aioseo_head_json":{"title":"Policiais civis s\u00e3o homenageados pelo Departamento de Pol\u00edcia, em Juiz de Fora - A Not\u00edcia Online","description":"Delegados, investigadores, escriv\u00e3es, m\u00e9dico legista e perito da 4\u00aa Delegacia Regional de Pol\u00edcia Civil foram homenageados pelo 4\u00ba Departamento de Pol\u00edcia Civil de Juiz de Fora (4\u00ba DEPPC). A cerim\u00f4nia, que aconteceu na \u00faltima quinta (26), no Audit\u00f3rio da 4\u00aa RISP, localizado no bairro Nova Era, teve como finalidade homenagear e agradecer, com a entrega","canonical_url":"https:\/\/anoticiaonline.com.br\/site\/policiais-civis-sao-homenageados-pelo-departamento-de-policia-em-juiz-de-fora\/","robots":"max-image-preview:large","keywords":"","webmasterTools":{"miscellaneous":""},"schema":{"@context":"https:\/\/schema.org","@graph":[{"@type":"BlogPosting","@id":"https:\/\/anoticiaonline.com.br\/site\/policiais-civis-sao-homenageados-pelo-departamento-de-policia-em-juiz-de-fora\/#blogposting","name":"Policiais civis s\u00e3o homenageados pelo Departamento de Pol\u00edcia, em Juiz de Fora - A Not\u00edcia Online","headline":"Policiais civis s\u00e3o homenageados pelo Departamento de Pol\u00edcia, em Juiz de Fora","author":{"@id":"https:\/\/anoticiaonline.com.br\/site\/author\/juliana\/#author"},"publisher":{"@id":"https:\/\/anoticiaonline.com.br\/site\/#organization"},"image":{"@type":"ImageObject","url":"https:\/\/anoticiaonline.com.br\/site\/wp-content\/uploads\/2015\/12\/Policiais-civis-s\u00e3o-homenageados-pelo-Departamento-de-Pol\u00edcia-em-Juiz-de-Fora.jpg","width":640,"height":480},"datePublished":"2015-12-03T11:18:32-03:00","dateModified":"2015-12-03T11:18:32-03:00","inLanguage":"pt-BR","mainEntityOfPage":{"@id":"https:\/\/anoticiaonline.com.br\/site\/policiais-civis-sao-homenageados-pelo-departamento-de-policia-em-juiz-de-fora\/#webpage"},"isPartOf":{"@id":"https:\/\/anoticiaonline.com.br\/site\/policiais-civis-sao-homenageados-pelo-departamento-de-policia-em-juiz-de-fora\/#webpage"},"articleSection":"Blog, slide"},{"@type":"BreadcrumbList","@id":"https:\/\/anoticiaonline.com.br\/site\/policiais-civis-sao-homenageados-pelo-departamento-de-policia-em-juiz-de-fora\/#breadcrumblist","itemListElement":[{"@type":"ListItem","@id":"https:\/\/anoticiaonline.com.br\/site#listItem","position":1,"name":"Home","item":"https:\/\/anoticiaonline.com.br\/site","nextItem":{"@type":"ListItem","@id":"https:\/\/anoticiaonline.com.br\/site\/categoria\/muriae\/#listItem","name":"Blog"}},{"@type":"ListItem","@id":"https:\/\/anoticiaonline.com.br\/site\/categoria\/muriae\/#listItem","position":2,"name":"Blog","item":"https:\/\/anoticiaonline.com.br\/site\/categoria\/muriae\/","nextItem":{"@type":"ListItem","@id":"https:\/\/anoticiaonline.com.br\/site\/policiais-civis-sao-homenageados-pelo-departamento-de-policia-em-juiz-de-fora\/#listItem","name":"Policiais civis s\u00e3o homenageados pelo Departamento de Pol\u00edcia, em Juiz de Fora"},"previousItem":{"@type":"ListItem","@id":"https:\/\/anoticiaonline.com.br\/site#listItem","name":"Home"}},{"@type":"ListItem","@id":"https:\/\/anoticiaonline.com.br\/site\/policiais-civis-sao-homenageados-pelo-departamento-de-policia-em-juiz-de-fora\/#listItem","position":3,"name":"Policiais civis s\u00e3o homenageados pelo Departamento de Pol\u00edcia, em Juiz de Fora","previousItem":{"@type":"ListItem","@id":"https:\/\/anoticiaonline.com.br\/site\/categoria\/muriae\/#listItem","name":"Blog"}}]},{"@type":"Organization","@id":"https:\/\/anoticiaonline.com.br\/site\/#organization","name":"A Not\u00edcia Online","description":"Noticias de Muria\u00e9 e regi\u00e3o","url":"https:\/\/anoticiaonline.com.br\/site\/","logo":{"@type":"ImageObject","url":"https:\/\/scontent-gig4-1.xx.fbcdn.net\/v\/t39.30808-1\/270437624_4564083193639691_6907940295614233970_n.jpg?stp=dst-jpg_s200x200_tt6&_nc_cat=111&ccb=1-7&_nc_sid=f907e8&_nc_ohc=SM1wRlP3lJwQ7kNvwEPuBYA&_nc_oc=AdnqrjDN_BNjSSHWO-GbkIWH6fkGMLw4bqvL_NH6e2wMveX7G-rP2dAqsDSq1mJMOaY&_nc_zt=24&_nc_ht=scontent-gig4-1.xx&_nc_gid=AoBFJeGrT1hVaew_6rchkQ&oh=00_AfX7QmFGhQhG2jAllVgXCiM1ZrWgvtp80-Bfppyexh1QEg&oe=689E923C","@id":"https:\/\/anoticiaonline.com.br\/site\/policiais-civis-sao-homenageados-pelo-departamento-de-policia-em-juiz-de-fora\/#organizationLogo"},"image":{"@id":"https:\/\/anoticiaonline.com.br\/site\/policiais-civis-sao-homenageados-pelo-departamento-de-policia-em-juiz-de-fora\/#organizationLogo"}},{"@type":"Person","@id":"https:\/\/anoticiaonline.com.br\/site\/author\/juliana\/#author","url":"https:\/\/anoticiaonline.com.br\/site\/author\/juliana\/","name":"Juliana Laviola","image":{"@type":"ImageObject","@id":"https:\/\/anoticiaonline.com.br\/site\/policiais-civis-sao-homenageados-pelo-departamento-de-policia-em-juiz-de-fora\/#authorImage","url":"https:\/\/secure.gravatar.com\/avatar\/b8d45f5c699b100dfaf0e543582f38f38bf94cb7ae3a5e9abf8d891a34773335?s=96&d=mm&r=g","width":96,"height":96,"caption":"Juliana Laviola"}},{"@type":"WebPage","@id":"https:\/\/anoticiaonline.com.br\/site\/policiais-civis-sao-homenageados-pelo-departamento-de-policia-em-juiz-de-fora\/#webpage","url":"https:\/\/anoticiaonline.com.br\/site\/policiais-civis-sao-homenageados-pelo-departamento-de-policia-em-juiz-de-fora\/","name":"Policiais civis s\u00e3o homenageados pelo Departamento de Pol\u00edcia, em Juiz de Fora - A Not\u00edcia Online","description":"Delegados, investigadores, escriv\u00e3es, m\u00e9dico legista e perito da 4\u00aa Delegacia Regional de Pol\u00edcia Civil foram homenageados pelo 4\u00ba Departamento de Pol\u00edcia Civil de Juiz de Fora (4\u00ba DEPPC). A cerim\u00f4nia, que aconteceu na \u00faltima quinta (26), no Audit\u00f3rio da 4\u00aa RISP, localizado no bairro Nova Era, teve como finalidade homenagear e agradecer, com a entrega","inLanguage":"pt-BR","isPartOf":{"@id":"https:\/\/anoticiaonline.com.br\/site\/#website"},"breadcrumb":{"@id":"https:\/\/anoticiaonline.com.br\/site\/policiais-civis-sao-homenageados-pelo-departamento-de-policia-em-juiz-de-fora\/#breadcrumblist"},"author":{"@id":"https:\/\/anoticiaonline.com.br\/site\/author\/juliana\/#author"},"creator":{"@id":"https:\/\/anoticiaonline.com.br\/site\/author\/juliana\/#author"},"image":{"@type":"ImageObject","url":"https:\/\/anoticiaonline.com.br\/site\/wp-content\/uploads\/2015\/12\/Policiais-civis-s\u00e3o-homenageados-pelo-Departamento-de-Pol\u00edcia-em-Juiz-de-Fora.jpg","@id":"https:\/\/anoticiaonline.com.br\/site\/policiais-civis-sao-homenageados-pelo-departamento-de-policia-em-juiz-de-fora\/#mainImage","width":640,"height":480},"primaryImageOfPage":{"@id":"https:\/\/anoticiaonline.com.br\/site\/policiais-civis-sao-homenageados-pelo-departamento-de-policia-em-juiz-de-fora\/#mainImage"},"datePublished":"2015-12-03T11:18:32-03:00","dateModified":"2015-12-03T11:18:32-03:00"},{"@type":"WebSite","@id":"https:\/\/anoticiaonline.com.br\/site\/#website","url":"https:\/\/anoticiaonline.com.br\/site\/","name":"A Not\u00edcia Online","description":"Noticias de Muria\u00e9 e regi\u00e3o","inLanguage":"pt-BR","publisher":{"@id":"https:\/\/anoticiaonline.com.br\/site\/#organization"}}]},"og:locale":"pt_BR","og:site_name":"A Not\u00edcia Online - Noticias de Muria\u00e9 e regi\u00e3o","og:type":"article","og:title":"Policiais civis s\u00e3o homenageados pelo Departamento de Pol\u00edcia, em Juiz de Fora - A Not\u00edcia Online","og:description":"Delegados, investigadores, escriv\u00e3es, m\u00e9dico legista e perito da 4\u00aa Delegacia Regional de Pol\u00edcia Civil foram homenageados pelo 4\u00ba Departamento de Pol\u00edcia Civil de Juiz de Fora (4\u00ba DEPPC). A cerim\u00f4nia, que aconteceu na \u00faltima quinta (26), no Audit\u00f3rio da 4\u00aa RISP, localizado no bairro Nova Era, teve como finalidade homenagear e agradecer, com a entrega","og:url":"https:\/\/anoticiaonline.com.br\/site\/policiais-civis-sao-homenageados-pelo-departamento-de-policia-em-juiz-de-fora\/","og:image":"https:\/\/scontent-gig4-1.xx.fbcdn.net\/v\/t39.30808-1\/270437624_4564083193639691_6907940295614233970_n.jpg?stp=dst-jpg_s200x200_tt6&#038;_nc_cat=111&#038;ccb=1-7&#038;_nc_sid=f907e8&#038;_nc_ohc=SM1wRlP3lJwQ7kNvwEPuBYA&#038;_nc_oc=AdnqrjDN_BNjSSHWO-GbkIWH6fkGMLw4bqvL_NH6e2wMveX7G-rP2dAqsDSq1mJMOaY&#038;_nc_zt=24&#038;_nc_ht=scontent-gig4-1.xx&#038;_nc_gid=AoBFJeGrT1hVaew_6rchkQ&#038;oh=00_AfX7QmFGhQhG2jAllVgXCiM1ZrWgvtp80-Bfppyexh1QEg&#038;oe=689E923C","og:image:secure_url":"https:\/\/scontent-gig4-1.xx.fbcdn.net\/v\/t39.30808-1\/270437624_4564083193639691_6907940295614233970_n.jpg?stp=dst-jpg_s200x200_tt6&#038;_nc_cat=111&#038;ccb=1-7&#038;_nc_sid=f907e8&#038;_nc_ohc=SM1wRlP3lJwQ7kNvwEPuBYA&#038;_nc_oc=AdnqrjDN_BNjSSHWO-GbkIWH6fkGMLw4bqvL_NH6e2wMveX7G-rP2dAqsDSq1mJMOaY&#038;_nc_zt=24&#038;_nc_ht=scontent-gig4-1.xx&#038;_nc_gid=AoBFJeGrT1hVaew_6rchkQ&#038;oh=00_AfX7QmFGhQhG2jAllVgXCiM1ZrWgvtp80-Bfppyexh1QEg&#038;oe=689E923C","article:published_time":"2015-12-03T14:18:32+00:00","article:modified_time":"2015-12-03T14:18:32+00:00","twitter:card":"summary_large_image","twitter:title":"Policiais civis s\u00e3o homenageados pelo Departamento de Pol\u00edcia, em Juiz de Fora - A Not\u00edcia Online","twitter:description":"Delegados, investigadores, escriv\u00e3es, m\u00e9dico legista e perito da 4\u00aa Delegacia Regional de Pol\u00edcia Civil foram homenageados pelo 4\u00ba Departamento de Pol\u00edcia Civil de Juiz de Fora (4\u00ba DEPPC). A cerim\u00f4nia, que aconteceu na \u00faltima quinta (26), no Audit\u00f3rio da 4\u00aa RISP, localizado no bairro Nova Era, teve como finalidade homenagear e agradecer, com a entrega","twitter:image":"https:\/\/scontent-gig4-1.xx.fbcdn.net\/v\/t39.30808-1\/270437624_4564083193639691_6907940295614233970_n.jpg?stp=dst-jpg_s200x200_tt6&_nc_cat=111&ccb=1-7&_nc_sid=f907e8&_nc_ohc=SM1wRlP3lJwQ7kNvwEPuBYA&_nc_oc=AdnqrjDN_BNjSSHWO-GbkIWH6fkGMLw4bqvL_NH6e2wMveX7G-rP2dAqsDSq1mJMOaY&_nc_zt=24&_nc_ht=scontent-gig4-1.xx&_nc_gid=AoBFJeGrT1hVaew_6rchkQ&oh=00_AfX7QmFGhQhG2jAllVgXCiM1ZrWgvtp80-Bfppyexh1QEg&oe=689E923C"},"aioseo_meta_data":{"post_id":"7215","title":null,"description":null,"keywords":null,"keyphrases":null,"primary_term":null,"canonical_url":null,"og_title":null,"og_description":null,"og_object_type":"default","og_image_type":"default","og_image_url":null,"og_image_width":null,"og_image_height":null,"og_image_custom_url":null,"og_image_custom_fields":null,"og_video":null,"og_custom_url":null,"og_article_section":null,"og_article_tags":null,"twitter_use_og":false,"twitter_card":"default","twitter_image_type":"default","twitter_image_url":null,"twitter_image_custom_url":null,"twitter_image_custom_fields":null,"twitter_title":null,"twitter_description":null,"schema":{"blockGraphs":[],"customGraphs":[],"default":{"data":{"Article":[],"Course":[],"Dataset":[],"FAQPage":[],"Movie":[],"Person":[],"Product":[],"ProductReview":[],"Car":[],"Recipe":[],"Service":[],"SoftwareApplication":[],"WebPage":[]},"graphName":"","isEnabled":true},"graphs":[]},"schema_type":"default","schema_type_options":null,"pillar_content":false,"robots_default":true,"robots_noindex":false,"robots_noarchive":false,"robots_nosnippet":false,"robots_nofollow":false,"robots_noimageindex":false,"robots_noodp":false,"robots_notranslate":false,"robots_max_snippet":null,"robots_max_videopreview":null,"robots_max_imagepreview":"large","priority":null,"frequency":null,"local_seo":null,"breadcrumb_settings":null,"limit_modified_date":false,"ai":null,"created":"2025-08-16 14:21:39","updated":"2025-08-16 14:21:39","focus_keyword":null,"additional_keywords":null,"truseo_locale":null,"seo_analyzer_scan_date":null},"aioseo_breadcrumb":"<div class=\"aioseo-breadcrumbs\"><span class=\"aioseo-breadcrumb\">\n\t\t\t<a href=\"https:\/\/anoticiaonline.com.br\/site\" title=\"Home\">Home<\/a>\n\t\t<\/span><span class=\"aioseo-breadcrumb-separator\">&raquo;<\/span><span class=\"aioseo-breadcrumb\">\n\t\t\t<a href=\"https:\/\/anoticiaonline.com.br\/site\/categoria\/muriae\/\" title=\"Blog\">Blog<\/a>\n\t\t<\/span><span class=\"aioseo-breadcrumb-separator\">&raquo;<\/span><span class=\"aioseo-breadcrumb\">\n\t\t\tPoliciais civis s\u00e3o homenageados pelo Departamento de Pol\u00edcia, em Juiz de Fora\n\t\t<\/span><\/div>","aioseo_breadcrumb_json":[{"label":"Home","link":"https:\/\/anoticiaonline.com.br\/site"},{"label":"Blog","link":"https:\/\/anoticiaonline.com.br\/site\/categoria\/muriae\/"},{"label":"Policiais civis s\u00e3o homenageados pelo Departamento de Pol\u00edcia, em Juiz de Fora","link":"https:\/\/anoticiaonline.com.br\/site\/policiais-civis-sao-homenageados-pelo-departamento-de-policia-em-juiz-de-fora\/"}],"views":198,"_links":{"self":[{"href":"https:\/\/anoticiaonline.com.br\/site\/wp-json\/wp\/v2\/posts\/7215","targetHints":{"allow":["GET"]}}],"collection":[{"href":"https:\/\/anoticiaonline.com.br\/site\/wp-json\/wp\/v2\/posts"}],"about":[{"href":"https:\/\/anoticiaonline.com.br\/site\/wp-json\/wp\/v2\/types\/post"}],"author":[{"embeddable":true,"href":"https:\/\/anoticiaonline.com.br\/site\/wp-json\/wp\/v2\/users\/2"}],"replies":[{"embeddable":true,"href":"https:\/\/anoticiaonline.com.br\/site\/wp-json\/wp\/v2\/comments?post=7215"}],"version-history":[{"count":0,"href":"https:\/\/anoticiaonline.com.br\/site\/wp-json\/wp\/v2\/posts\/7215\/revisions"}],"wp:featuredmedia":[{"embeddable":true,"href":"https:\/\/anoticiaonline.com.br\/site\/wp-json\/wp\/v2\/media\/7216"}],"wp:attachment":[{"href":"https:\/\/anoticiaonline.com.br\/site\/wp-json\/wp\/v2\/media?parent=7215"}],"wp:term":[{"taxonomy":"category","embeddable":true,"href":"https:\/\/anoticiaonline.com.br\/site\/wp-json\/wp\/v2\/categories?post=7215"},{"taxonomy":"post_tag","embeddable":true,"href":"https:\/\/anoticiaonline.com.br\/site\/wp-json\/wp\/v2\/tags?post=7215"}],"curies":[{"name":"wp","href":"https:\/\/api.w.org\/{rel}","templated":true}]}}