{"id":7182,"date":"2015-12-03T08:33:16","date_gmt":"2015-12-03T11:33:16","guid":{"rendered":"http:\/\/anoticiaonline.com.br\/site\/?p=7182"},"modified":"2015-12-03T08:33:16","modified_gmt":"2015-12-03T11:33:16","slug":"o-reino-gelado-e-spectre-007-estao-em-exibicao-no-cine-veredas","status":"publish","type":"post","link":"https:\/\/anoticiaonline.com.br\/site\/o-reino-gelado-e-spectre-007-estao-em-exibicao-no-cine-veredas\/","title":{"rendered":"\u201cO Reino Gelado\u201d e \u201cSpectre 007\u201d est\u00e3o em exibi\u00e7\u00e3o no Cine Veredas"},"content":{"rendered":"<p><a href=\"https:\/\/anoticiaonline.com.br\/site\/wp-content\/uploads\/2015\/12\/ARTE-03-a-09-de-Dezembro.jpg\"><img fetchpriority=\"high\" decoding=\"async\" class=\" size-medium wp-image-7183 alignleft\" src=\"https:\/\/anoticiaonline.com.br\/site\/wp-content\/uploads\/2015\/12\/ARTE-03-a-09-de-Dezembro-300x210.jpg\" alt=\"ARTE - 03 a 09 de Dezembro\" width=\"300\" height=\"210\" srcset=\"https:\/\/anoticiaonline.com.br\/site\/wp-content\/uploads\/2015\/12\/ARTE-03-a-09-de-Dezembro-300x210.jpg 300w, https:\/\/anoticiaonline.com.br\/site\/wp-content\/uploads\/2015\/12\/ARTE-03-a-09-de-Dezembro.jpg 640w\" sizes=\"(max-width: 300px) 100vw, 300px\" \/><\/a>O Cine Veredas exibe, at\u00e9 a pr\u00f3xima quarta-feira (9), \u201cO Reino Gelado\u201d e \u201cSpectre 007\u201d. Em breve, estar\u00e1 em cartaz no cinema muriaeense \u201cComo sobreviver a um ataque zumbi\u201d.<\/p>\n<p>O pre\u00e7o da entrada inteira custa R$14,00 e a meia, R$7,00. Nas segundas e ter\u00e7as-feiras, todos pagam meia entrada. O Cine Veredas informa que s\u00f3 aceita 15 cortesias por sess\u00e3o. Mais informa\u00e7\u00f5es podem ser obtidas pelo telefone 8865-6528.<\/p>\n<p><strong>SINOPSE DE \u201cSPECTRE 007\u201d &#8211;<\/strong> James Bond (Daniel Craig) vai \u00e0 Cidade do M\u00e9xico com a tarefa de eliminar Marco Sciarra (Alessandro Cremona), sem que seu chefe, M (Ralph Fiennes), tenha conhecimento. Isto faz com que Bond seja suspenso temporariamente de suas atividades e que Q (Ben Whishaw) instale em seu sangue um localizador, que permite que o governo brit\u00e2nico saiba sempre em que parte do planeta ele est\u00e1. Apesar disto, Bond conta com a ajuda de seus colegas na organiza\u00e7\u00e3o para que possa prosseguir em sua investiga\u00e7\u00e3o pessoal sobre a misteriosa organiza\u00e7\u00e3o chamada Spectre.<\/p>\n","protected":false},"excerpt":{"rendered":"<p>O Cine Veredas exibe, at\u00e9 a pr\u00f3xima quarta-feira (9), \u201cO Reino Gelado\u201d e \u201cSpectre 007\u201d. Em breve, estar\u00e1 em cartaz no cinema muriaeense \u201cComo sobreviver a um ataque zumbi\u201d. O pre\u00e7o da entrada inteira custa R$14,00 e a meia, R$7,00. Nas segundas e ter\u00e7as-feiras, todos pagam meia entrada. O Cine Veredas informa que s\u00f3 aceita &#8230; <a title=\"\u201cO Reino Gelado\u201d e \u201cSpectre 007\u201d est\u00e3o em exibi\u00e7\u00e3o no Cine Veredas\" class=\"read-more\" href=\"https:\/\/anoticiaonline.com.br\/site\/o-reino-gelado-e-spectre-007-estao-em-exibicao-no-cine-veredas\/\" aria-label=\"Read more about \u201cO Reino Gelado\u201d e \u201cSpectre 007\u201d est\u00e3o em exibi\u00e7\u00e3o no Cine Veredas\">Ler mais<\/a><\/p>\n","protected":false},"author":2,"featured_media":7183,"comment_status":"open","ping_status":"open","sticky":false,"template":"","format":"standard","meta":{"_acf_changed":false,"_monsterinsights_skip_tracking":false,"footnotes":""},"categories":[37],"tags":[],"class_list":["post-7182","post","type-post","status-publish","format-standard","has-post-thumbnail","hentry","category-filmes"],"acf":[],"aioseo_notices":[],"aioseo_head":"\n\t\t<!-- All in One SEO 5.0.0.1 - aioseo.com -->\n\t<meta name=\"description\" content=\"O Cine Veredas exibe, at\u00e9 a pr\u00f3xima quarta-feira (9), \u201cO Reino Gelado\u201d e \u201cSpectre 007\u201d. Em breve, estar\u00e1 em cartaz no cinema muriaeense \u201cComo sobreviver a um ataque zumbi\u201d. O pre\u00e7o da entrada inteira custa R$14,00 e a meia, R$7,00. Nas segundas e ter\u00e7as-feiras, todos pagam meia entrada. O Cine Veredas informa que s\u00f3 aceita\" \/>\n\t<meta name=\"robots\" content=\"max-image-preview:large\" \/>\n\t<meta name=\"author\" content=\"Juliana Laviola\"\/>\n\t<link rel=\"canonical\" href=\"https:\/\/anoticiaonline.com.br\/site\/o-reino-gelado-e-spectre-007-estao-em-exibicao-no-cine-veredas\/\" \/>\n\t<meta name=\"generator\" content=\"All in One SEO (AIOSEO) 5.0.0.1\" \/>\n\t\t<meta property=\"og:locale\" content=\"pt_BR\" \/>\n\t\t<meta property=\"og:site_name\" content=\"A Not\u00edcia Online - Noticias de Muria\u00e9 e regi\u00e3o\" \/>\n\t\t<meta property=\"og:type\" content=\"article\" \/>\n\t\t<meta property=\"og:title\" content=\"\u201cO Reino Gelado\u201d e \u201cSpectre 007\u201d est\u00e3o em exibi\u00e7\u00e3o no Cine Veredas - A Not\u00edcia Online\" \/>\n\t\t<meta property=\"og:description\" content=\"O Cine Veredas exibe, at\u00e9 a pr\u00f3xima quarta-feira (9), \u201cO Reino Gelado\u201d e \u201cSpectre 007\u201d. Em breve, estar\u00e1 em cartaz no cinema muriaeense \u201cComo sobreviver a um ataque zumbi\u201d. O pre\u00e7o da entrada inteira custa R$14,00 e a meia, R$7,00. Nas segundas e ter\u00e7as-feiras, todos pagam meia entrada. O Cine Veredas informa que s\u00f3 aceita\" \/>\n\t\t<meta property=\"og:url\" content=\"https:\/\/anoticiaonline.com.br\/site\/o-reino-gelado-e-spectre-007-estao-em-exibicao-no-cine-veredas\/\" \/>\n\t\t<meta property=\"og:image\" content=\"https:\/\/scontent-gig4-1.xx.fbcdn.net\/v\/t39.30808-1\/270437624_4564083193639691_6907940295614233970_n.jpg?stp=dst-jpg_s200x200_tt6&#038;_nc_cat=111&#038;ccb=1-7&#038;_nc_sid=f907e8&#038;_nc_ohc=SM1wRlP3lJwQ7kNvwEPuBYA&#038;_nc_oc=AdnqrjDN_BNjSSHWO-GbkIWH6fkGMLw4bqvL_NH6e2wMveX7G-rP2dAqsDSq1mJMOaY&#038;_nc_zt=24&#038;_nc_ht=scontent-gig4-1.xx&#038;_nc_gid=AoBFJeGrT1hVaew_6rchkQ&#038;oh=00_AfX7QmFGhQhG2jAllVgXCiM1ZrWgvtp80-Bfppyexh1QEg&#038;oe=689E923C\" \/>\n\t\t<meta property=\"og:image:secure_url\" content=\"https:\/\/scontent-gig4-1.xx.fbcdn.net\/v\/t39.30808-1\/270437624_4564083193639691_6907940295614233970_n.jpg?stp=dst-jpg_s200x200_tt6&#038;_nc_cat=111&#038;ccb=1-7&#038;_nc_sid=f907e8&#038;_nc_ohc=SM1wRlP3lJwQ7kNvwEPuBYA&#038;_nc_oc=AdnqrjDN_BNjSSHWO-GbkIWH6fkGMLw4bqvL_NH6e2wMveX7G-rP2dAqsDSq1mJMOaY&#038;_nc_zt=24&#038;_nc_ht=scontent-gig4-1.xx&#038;_nc_gid=AoBFJeGrT1hVaew_6rchkQ&#038;oh=00_AfX7QmFGhQhG2jAllVgXCiM1ZrWgvtp80-Bfppyexh1QEg&#038;oe=689E923C\" \/>\n\t\t<meta property=\"article:published_time\" content=\"2015-12-03T11:33:16+00:00\" \/>\n\t\t<meta property=\"article:modified_time\" content=\"2015-12-03T11:33:16+00:00\" \/>\n\t\t<meta name=\"twitter:card\" content=\"summary_large_image\" \/>\n\t\t<meta name=\"twitter:title\" content=\"\u201cO Reino Gelado\u201d e \u201cSpectre 007\u201d est\u00e3o em exibi\u00e7\u00e3o no Cine Veredas - A Not\u00edcia Online\" \/>\n\t\t<meta name=\"twitter:description\" content=\"O Cine Veredas exibe, at\u00e9 a pr\u00f3xima quarta-feira (9), \u201cO Reino Gelado\u201d e \u201cSpectre 007\u201d. Em breve, estar\u00e1 em cartaz no cinema muriaeense \u201cComo sobreviver a um ataque zumbi\u201d. O pre\u00e7o da entrada inteira custa R$14,00 e a meia, R$7,00. Nas segundas e ter\u00e7as-feiras, todos pagam meia entrada. O Cine Veredas informa que s\u00f3 aceita\" \/>\n\t\t<meta name=\"twitter:image\" content=\"https:\/\/scontent-gig4-1.xx.fbcdn.net\/v\/t39.30808-1\/270437624_4564083193639691_6907940295614233970_n.jpg?stp=dst-jpg_s200x200_tt6&amp;_nc_cat=111&amp;ccb=1-7&amp;_nc_sid=f907e8&amp;_nc_ohc=SM1wRlP3lJwQ7kNvwEPuBYA&amp;_nc_oc=AdnqrjDN_BNjSSHWO-GbkIWH6fkGMLw4bqvL_NH6e2wMveX7G-rP2dAqsDSq1mJMOaY&amp;_nc_zt=24&amp;_nc_ht=scontent-gig4-1.xx&amp;_nc_gid=AoBFJeGrT1hVaew_6rchkQ&amp;oh=00_AfX7QmFGhQhG2jAllVgXCiM1ZrWgvtp80-Bfppyexh1QEg&amp;oe=689E923C\" \/>\n\t\t<script type=\"application\/ld+json\" class=\"aioseo-schema\">\n\t\t\t{\"@context\":\"https:\\\/\\\/schema.org\",\"@graph\":[{\"@type\":\"BlogPosting\",\"@id\":\"https:\\\/\\\/anoticiaonline.com.br\\\/site\\\/o-reino-gelado-e-spectre-007-estao-em-exibicao-no-cine-veredas\\\/#blogposting\",\"name\":\"\\u201cO Reino Gelado\\u201d e \\u201cSpectre 007\\u201d est\\u00e3o em exibi\\u00e7\\u00e3o no Cine Veredas - A Not\\u00edcia Online\",\"headline\":\"\\u201cO Reino Gelado\\u201d e \\u201cSpectre 007\\u201d est\\u00e3o em exibi\\u00e7\\u00e3o no Cine Veredas\",\"author\":{\"@id\":\"https:\\\/\\\/anoticiaonline.com.br\\\/site\\\/author\\\/juliana\\\/#author\"},\"publisher\":{\"@id\":\"https:\\\/\\\/anoticiaonline.com.br\\\/site\\\/#organization\"},\"image\":{\"@type\":\"ImageObject\",\"url\":\"https:\\\/\\\/anoticiaonline.com.br\\\/site\\\/wp-content\\\/uploads\\\/2015\\\/12\\\/ARTE-03-a-09-de-Dezembro.jpg\",\"width\":640,\"height\":448},\"datePublished\":\"2015-12-03T08:33:16-03:00\",\"dateModified\":\"2015-12-03T08:33:16-03:00\",\"inLanguage\":\"pt-BR\",\"mainEntityOfPage\":{\"@id\":\"https:\\\/\\\/anoticiaonline.com.br\\\/site\\\/o-reino-gelado-e-spectre-007-estao-em-exibicao-no-cine-veredas\\\/#webpage\"},\"isPartOf\":{\"@id\":\"https:\\\/\\\/anoticiaonline.com.br\\\/site\\\/o-reino-gelado-e-spectre-007-estao-em-exibicao-no-cine-veredas\\\/#webpage\"},\"articleSection\":\"Filmes\"},{\"@type\":\"BreadcrumbList\",\"@id\":\"https:\\\/\\\/anoticiaonline.com.br\\\/site\\\/o-reino-gelado-e-spectre-007-estao-em-exibicao-no-cine-veredas\\\/#breadcrumblist\",\"itemListElement\":[{\"@type\":\"ListItem\",\"@id\":\"https:\\\/\\\/anoticiaonline.com.br\\\/site#listItem\",\"position\":1,\"name\":\"Home\",\"item\":\"https:\\\/\\\/anoticiaonline.com.br\\\/site\",\"nextItem\":{\"@type\":\"ListItem\",\"@id\":\"https:\\\/\\\/anoticiaonline.com.br\\\/site\\\/categoria\\\/colunistas\\\/#listItem\",\"name\":\"Colunistas\"}},{\"@type\":\"ListItem\",\"@id\":\"https:\\\/\\\/anoticiaonline.com.br\\\/site\\\/categoria\\\/colunistas\\\/#listItem\",\"position\":2,\"name\":\"Colunistas\",\"item\":\"https:\\\/\\\/anoticiaonline.com.br\\\/site\\\/categoria\\\/colunistas\\\/\",\"nextItem\":{\"@type\":\"ListItem\",\"@id\":\"https:\\\/\\\/anoticiaonline.com.br\\\/site\\\/categoria\\\/colunistas\\\/filmes\\\/#listItem\",\"name\":\"Filmes\"},\"previousItem\":{\"@type\":\"ListItem\",\"@id\":\"https:\\\/\\\/anoticiaonline.com.br\\\/site#listItem\",\"name\":\"Home\"}},{\"@type\":\"ListItem\",\"@id\":\"https:\\\/\\\/anoticiaonline.com.br\\\/site\\\/categoria\\\/colunistas\\\/filmes\\\/#listItem\",\"position\":3,\"name\":\"Filmes\",\"item\":\"https:\\\/\\\/anoticiaonline.com.br\\\/site\\\/categoria\\\/colunistas\\\/filmes\\\/\",\"nextItem\":{\"@type\":\"ListItem\",\"@id\":\"https:\\\/\\\/anoticiaonline.com.br\\\/site\\\/o-reino-gelado-e-spectre-007-estao-em-exibicao-no-cine-veredas\\\/#listItem\",\"name\":\"\\u201cO Reino Gelado\\u201d e \\u201cSpectre 007\\u201d est\\u00e3o em exibi\\u00e7\\u00e3o no Cine Veredas\"},\"previousItem\":{\"@type\":\"ListItem\",\"@id\":\"https:\\\/\\\/anoticiaonline.com.br\\\/site\\\/categoria\\\/colunistas\\\/#listItem\",\"name\":\"Colunistas\"}},{\"@type\":\"ListItem\",\"@id\":\"https:\\\/\\\/anoticiaonline.com.br\\\/site\\\/o-reino-gelado-e-spectre-007-estao-em-exibicao-no-cine-veredas\\\/#listItem\",\"position\":4,\"name\":\"\\u201cO Reino Gelado\\u201d e \\u201cSpectre 007\\u201d est\\u00e3o em exibi\\u00e7\\u00e3o no Cine Veredas\",\"previousItem\":{\"@type\":\"ListItem\",\"@id\":\"https:\\\/\\\/anoticiaonline.com.br\\\/site\\\/categoria\\\/colunistas\\\/filmes\\\/#listItem\",\"name\":\"Filmes\"}}]},{\"@type\":\"Organization\",\"@id\":\"https:\\\/\\\/anoticiaonline.com.br\\\/site\\\/#organization\",\"name\":\"A Not\\u00edcia Online\",\"description\":\"Noticias de Muria\\u00e9 e regi\\u00e3o\",\"url\":\"https:\\\/\\\/anoticiaonline.com.br\\\/site\\\/\",\"logo\":{\"@type\":\"ImageObject\",\"url\":\"https:\\\/\\\/scontent-gig4-1.xx.fbcdn.net\\\/v\\\/t39.30808-1\\\/270437624_4564083193639691_6907940295614233970_n.jpg?stp=dst-jpg_s200x200_tt6&_nc_cat=111&ccb=1-7&_nc_sid=f907e8&_nc_ohc=SM1wRlP3lJwQ7kNvwEPuBYA&_nc_oc=AdnqrjDN_BNjSSHWO-GbkIWH6fkGMLw4bqvL_NH6e2wMveX7G-rP2dAqsDSq1mJMOaY&_nc_zt=24&_nc_ht=scontent-gig4-1.xx&_nc_gid=AoBFJeGrT1hVaew_6rchkQ&oh=00_AfX7QmFGhQhG2jAllVgXCiM1ZrWgvtp80-Bfppyexh1QEg&oe=689E923C\",\"@id\":\"https:\\\/\\\/anoticiaonline.com.br\\\/site\\\/o-reino-gelado-e-spectre-007-estao-em-exibicao-no-cine-veredas\\\/#organizationLogo\"},\"image\":{\"@id\":\"https:\\\/\\\/anoticiaonline.com.br\\\/site\\\/o-reino-gelado-e-spectre-007-estao-em-exibicao-no-cine-veredas\\\/#organizationLogo\"}},{\"@type\":\"Person\",\"@id\":\"https:\\\/\\\/anoticiaonline.com.br\\\/site\\\/author\\\/juliana\\\/#author\",\"url\":\"https:\\\/\\\/anoticiaonline.com.br\\\/site\\\/author\\\/juliana\\\/\",\"name\":\"Juliana Laviola\",\"image\":{\"@type\":\"ImageObject\",\"@id\":\"https:\\\/\\\/anoticiaonline.com.br\\\/site\\\/o-reino-gelado-e-spectre-007-estao-em-exibicao-no-cine-veredas\\\/#authorImage\",\"url\":\"https:\\\/\\\/secure.gravatar.com\\\/avatar\\\/b8d45f5c699b100dfaf0e543582f38f38bf94cb7ae3a5e9abf8d891a34773335?s=96&d=mm&r=g\",\"width\":96,\"height\":96,\"caption\":\"Juliana Laviola\"}},{\"@type\":\"WebPage\",\"@id\":\"https:\\\/\\\/anoticiaonline.com.br\\\/site\\\/o-reino-gelado-e-spectre-007-estao-em-exibicao-no-cine-veredas\\\/#webpage\",\"url\":\"https:\\\/\\\/anoticiaonline.com.br\\\/site\\\/o-reino-gelado-e-spectre-007-estao-em-exibicao-no-cine-veredas\\\/\",\"name\":\"\\u201cO Reino Gelado\\u201d e \\u201cSpectre 007\\u201d est\\u00e3o em exibi\\u00e7\\u00e3o no Cine Veredas - A Not\\u00edcia Online\",\"description\":\"O Cine Veredas exibe, at\\u00e9 a pr\\u00f3xima quarta-feira (9), \\u201cO Reino Gelado\\u201d e \\u201cSpectre 007\\u201d. Em breve, estar\\u00e1 em cartaz no cinema muriaeense \\u201cComo sobreviver a um ataque zumbi\\u201d. O pre\\u00e7o da entrada inteira custa R$14,00 e a meia, R$7,00. Nas segundas e ter\\u00e7as-feiras, todos pagam meia entrada. O Cine Veredas informa que s\\u00f3 aceita\",\"inLanguage\":\"pt-BR\",\"isPartOf\":{\"@id\":\"https:\\\/\\\/anoticiaonline.com.br\\\/site\\\/#website\"},\"breadcrumb\":{\"@id\":\"https:\\\/\\\/anoticiaonline.com.br\\\/site\\\/o-reino-gelado-e-spectre-007-estao-em-exibicao-no-cine-veredas\\\/#breadcrumblist\"},\"author\":{\"@id\":\"https:\\\/\\\/anoticiaonline.com.br\\\/site\\\/author\\\/juliana\\\/#author\"},\"creator\":{\"@id\":\"https:\\\/\\\/anoticiaonline.com.br\\\/site\\\/author\\\/juliana\\\/#author\"},\"image\":{\"@type\":\"ImageObject\",\"url\":\"https:\\\/\\\/anoticiaonline.com.br\\\/site\\\/wp-content\\\/uploads\\\/2015\\\/12\\\/ARTE-03-a-09-de-Dezembro.jpg\",\"@id\":\"https:\\\/\\\/anoticiaonline.com.br\\\/site\\\/o-reino-gelado-e-spectre-007-estao-em-exibicao-no-cine-veredas\\\/#mainImage\",\"width\":640,\"height\":448},\"primaryImageOfPage\":{\"@id\":\"https:\\\/\\\/anoticiaonline.com.br\\\/site\\\/o-reino-gelado-e-spectre-007-estao-em-exibicao-no-cine-veredas\\\/#mainImage\"},\"datePublished\":\"2015-12-03T08:33:16-03:00\",\"dateModified\":\"2015-12-03T08:33:16-03:00\"},{\"@type\":\"WebSite\",\"@id\":\"https:\\\/\\\/anoticiaonline.com.br\\\/site\\\/#website\",\"url\":\"https:\\\/\\\/anoticiaonline.com.br\\\/site\\\/\",\"name\":\"A Not\\u00edcia Online\",\"description\":\"Noticias de Muria\\u00e9 e regi\\u00e3o\",\"inLanguage\":\"pt-BR\",\"publisher\":{\"@id\":\"https:\\\/\\\/anoticiaonline.com.br\\\/site\\\/#organization\"}}]}\n\t\t<\/script>\n\t\t<!-- All in One SEO -->\n\n","aioseo_head_json":{"title":"\u201cO Reino Gelado\u201d e \u201cSpectre 007\u201d est\u00e3o em exibi\u00e7\u00e3o no Cine Veredas - A Not\u00edcia Online","description":"O Cine Veredas exibe, at\u00e9 a pr\u00f3xima quarta-feira (9), \u201cO Reino Gelado\u201d e \u201cSpectre 007\u201d. Em breve, estar\u00e1 em cartaz no cinema muriaeense \u201cComo sobreviver a um ataque zumbi\u201d. O pre\u00e7o da entrada inteira custa R$14,00 e a meia, R$7,00. Nas segundas e ter\u00e7as-feiras, todos pagam meia entrada. O Cine Veredas informa que s\u00f3 aceita","canonical_url":"https:\/\/anoticiaonline.com.br\/site\/o-reino-gelado-e-spectre-007-estao-em-exibicao-no-cine-veredas\/","robots":"max-image-preview:large","keywords":"","webmasterTools":{"miscellaneous":""},"schema":{"@context":"https:\/\/schema.org","@graph":[{"@type":"BlogPosting","@id":"https:\/\/anoticiaonline.com.br\/site\/o-reino-gelado-e-spectre-007-estao-em-exibicao-no-cine-veredas\/#blogposting","name":"\u201cO Reino Gelado\u201d e \u201cSpectre 007\u201d est\u00e3o em exibi\u00e7\u00e3o no Cine Veredas - A Not\u00edcia Online","headline":"\u201cO Reino Gelado\u201d e \u201cSpectre 007\u201d est\u00e3o em exibi\u00e7\u00e3o no Cine Veredas","author":{"@id":"https:\/\/anoticiaonline.com.br\/site\/author\/juliana\/#author"},"publisher":{"@id":"https:\/\/anoticiaonline.com.br\/site\/#organization"},"image":{"@type":"ImageObject","url":"https:\/\/anoticiaonline.com.br\/site\/wp-content\/uploads\/2015\/12\/ARTE-03-a-09-de-Dezembro.jpg","width":640,"height":448},"datePublished":"2015-12-03T08:33:16-03:00","dateModified":"2015-12-03T08:33:16-03:00","inLanguage":"pt-BR","mainEntityOfPage":{"@id":"https:\/\/anoticiaonline.com.br\/site\/o-reino-gelado-e-spectre-007-estao-em-exibicao-no-cine-veredas\/#webpage"},"isPartOf":{"@id":"https:\/\/anoticiaonline.com.br\/site\/o-reino-gelado-e-spectre-007-estao-em-exibicao-no-cine-veredas\/#webpage"},"articleSection":"Filmes"},{"@type":"BreadcrumbList","@id":"https:\/\/anoticiaonline.com.br\/site\/o-reino-gelado-e-spectre-007-estao-em-exibicao-no-cine-veredas\/#breadcrumblist","itemListElement":[{"@type":"ListItem","@id":"https:\/\/anoticiaonline.com.br\/site#listItem","position":1,"name":"Home","item":"https:\/\/anoticiaonline.com.br\/site","nextItem":{"@type":"ListItem","@id":"https:\/\/anoticiaonline.com.br\/site\/categoria\/colunistas\/#listItem","name":"Colunistas"}},{"@type":"ListItem","@id":"https:\/\/anoticiaonline.com.br\/site\/categoria\/colunistas\/#listItem","position":2,"name":"Colunistas","item":"https:\/\/anoticiaonline.com.br\/site\/categoria\/colunistas\/","nextItem":{"@type":"ListItem","@id":"https:\/\/anoticiaonline.com.br\/site\/categoria\/colunistas\/filmes\/#listItem","name":"Filmes"},"previousItem":{"@type":"ListItem","@id":"https:\/\/anoticiaonline.com.br\/site#listItem","name":"Home"}},{"@type":"ListItem","@id":"https:\/\/anoticiaonline.com.br\/site\/categoria\/colunistas\/filmes\/#listItem","position":3,"name":"Filmes","item":"https:\/\/anoticiaonline.com.br\/site\/categoria\/colunistas\/filmes\/","nextItem":{"@type":"ListItem","@id":"https:\/\/anoticiaonline.com.br\/site\/o-reino-gelado-e-spectre-007-estao-em-exibicao-no-cine-veredas\/#listItem","name":"\u201cO Reino Gelado\u201d e \u201cSpectre 007\u201d est\u00e3o em exibi\u00e7\u00e3o no Cine Veredas"},"previousItem":{"@type":"ListItem","@id":"https:\/\/anoticiaonline.com.br\/site\/categoria\/colunistas\/#listItem","name":"Colunistas"}},{"@type":"ListItem","@id":"https:\/\/anoticiaonline.com.br\/site\/o-reino-gelado-e-spectre-007-estao-em-exibicao-no-cine-veredas\/#listItem","position":4,"name":"\u201cO Reino Gelado\u201d e \u201cSpectre 007\u201d est\u00e3o em exibi\u00e7\u00e3o no Cine Veredas","previousItem":{"@type":"ListItem","@id":"https:\/\/anoticiaonline.com.br\/site\/categoria\/colunistas\/filmes\/#listItem","name":"Filmes"}}]},{"@type":"Organization","@id":"https:\/\/anoticiaonline.com.br\/site\/#organization","name":"A Not\u00edcia Online","description":"Noticias de Muria\u00e9 e regi\u00e3o","url":"https:\/\/anoticiaonline.com.br\/site\/","logo":{"@type":"ImageObject","url":"https:\/\/scontent-gig4-1.xx.fbcdn.net\/v\/t39.30808-1\/270437624_4564083193639691_6907940295614233970_n.jpg?stp=dst-jpg_s200x200_tt6&_nc_cat=111&ccb=1-7&_nc_sid=f907e8&_nc_ohc=SM1wRlP3lJwQ7kNvwEPuBYA&_nc_oc=AdnqrjDN_BNjSSHWO-GbkIWH6fkGMLw4bqvL_NH6e2wMveX7G-rP2dAqsDSq1mJMOaY&_nc_zt=24&_nc_ht=scontent-gig4-1.xx&_nc_gid=AoBFJeGrT1hVaew_6rchkQ&oh=00_AfX7QmFGhQhG2jAllVgXCiM1ZrWgvtp80-Bfppyexh1QEg&oe=689E923C","@id":"https:\/\/anoticiaonline.com.br\/site\/o-reino-gelado-e-spectre-007-estao-em-exibicao-no-cine-veredas\/#organizationLogo"},"image":{"@id":"https:\/\/anoticiaonline.com.br\/site\/o-reino-gelado-e-spectre-007-estao-em-exibicao-no-cine-veredas\/#organizationLogo"}},{"@type":"Person","@id":"https:\/\/anoticiaonline.com.br\/site\/author\/juliana\/#author","url":"https:\/\/anoticiaonline.com.br\/site\/author\/juliana\/","name":"Juliana Laviola","image":{"@type":"ImageObject","@id":"https:\/\/anoticiaonline.com.br\/site\/o-reino-gelado-e-spectre-007-estao-em-exibicao-no-cine-veredas\/#authorImage","url":"https:\/\/secure.gravatar.com\/avatar\/b8d45f5c699b100dfaf0e543582f38f38bf94cb7ae3a5e9abf8d891a34773335?s=96&d=mm&r=g","width":96,"height":96,"caption":"Juliana Laviola"}},{"@type":"WebPage","@id":"https:\/\/anoticiaonline.com.br\/site\/o-reino-gelado-e-spectre-007-estao-em-exibicao-no-cine-veredas\/#webpage","url":"https:\/\/anoticiaonline.com.br\/site\/o-reino-gelado-e-spectre-007-estao-em-exibicao-no-cine-veredas\/","name":"\u201cO Reino Gelado\u201d e \u201cSpectre 007\u201d est\u00e3o em exibi\u00e7\u00e3o no Cine Veredas - A Not\u00edcia Online","description":"O Cine Veredas exibe, at\u00e9 a pr\u00f3xima quarta-feira (9), \u201cO Reino Gelado\u201d e \u201cSpectre 007\u201d. Em breve, estar\u00e1 em cartaz no cinema muriaeense \u201cComo sobreviver a um ataque zumbi\u201d. O pre\u00e7o da entrada inteira custa R$14,00 e a meia, R$7,00. Nas segundas e ter\u00e7as-feiras, todos pagam meia entrada. O Cine Veredas informa que s\u00f3 aceita","inLanguage":"pt-BR","isPartOf":{"@id":"https:\/\/anoticiaonline.com.br\/site\/#website"},"breadcrumb":{"@id":"https:\/\/anoticiaonline.com.br\/site\/o-reino-gelado-e-spectre-007-estao-em-exibicao-no-cine-veredas\/#breadcrumblist"},"author":{"@id":"https:\/\/anoticiaonline.com.br\/site\/author\/juliana\/#author"},"creator":{"@id":"https:\/\/anoticiaonline.com.br\/site\/author\/juliana\/#author"},"image":{"@type":"ImageObject","url":"https:\/\/anoticiaonline.com.br\/site\/wp-content\/uploads\/2015\/12\/ARTE-03-a-09-de-Dezembro.jpg","@id":"https:\/\/anoticiaonline.com.br\/site\/o-reino-gelado-e-spectre-007-estao-em-exibicao-no-cine-veredas\/#mainImage","width":640,"height":448},"primaryImageOfPage":{"@id":"https:\/\/anoticiaonline.com.br\/site\/o-reino-gelado-e-spectre-007-estao-em-exibicao-no-cine-veredas\/#mainImage"},"datePublished":"2015-12-03T08:33:16-03:00","dateModified":"2015-12-03T08:33:16-03:00"},{"@type":"WebSite","@id":"https:\/\/anoticiaonline.com.br\/site\/#website","url":"https:\/\/anoticiaonline.com.br\/site\/","name":"A Not\u00edcia Online","description":"Noticias de Muria\u00e9 e regi\u00e3o","inLanguage":"pt-BR","publisher":{"@id":"https:\/\/anoticiaonline.com.br\/site\/#organization"}}]},"og:locale":"pt_BR","og:site_name":"A Not\u00edcia Online - Noticias de Muria\u00e9 e regi\u00e3o","og:type":"article","og:title":"\u201cO Reino Gelado\u201d e \u201cSpectre 007\u201d est\u00e3o em exibi\u00e7\u00e3o no Cine Veredas - A Not\u00edcia Online","og:description":"O Cine Veredas exibe, at\u00e9 a pr\u00f3xima quarta-feira (9), \u201cO Reino Gelado\u201d e \u201cSpectre 007\u201d. Em breve, estar\u00e1 em cartaz no cinema muriaeense \u201cComo sobreviver a um ataque zumbi\u201d. O pre\u00e7o da entrada inteira custa R$14,00 e a meia, R$7,00. Nas segundas e ter\u00e7as-feiras, todos pagam meia entrada. O Cine Veredas informa que s\u00f3 aceita","og:url":"https:\/\/anoticiaonline.com.br\/site\/o-reino-gelado-e-spectre-007-estao-em-exibicao-no-cine-veredas\/","og:image":"https:\/\/scontent-gig4-1.xx.fbcdn.net\/v\/t39.30808-1\/270437624_4564083193639691_6907940295614233970_n.jpg?stp=dst-jpg_s200x200_tt6&#038;_nc_cat=111&#038;ccb=1-7&#038;_nc_sid=f907e8&#038;_nc_ohc=SM1wRlP3lJwQ7kNvwEPuBYA&#038;_nc_oc=AdnqrjDN_BNjSSHWO-GbkIWH6fkGMLw4bqvL_NH6e2wMveX7G-rP2dAqsDSq1mJMOaY&#038;_nc_zt=24&#038;_nc_ht=scontent-gig4-1.xx&#038;_nc_gid=AoBFJeGrT1hVaew_6rchkQ&#038;oh=00_AfX7QmFGhQhG2jAllVgXCiM1ZrWgvtp80-Bfppyexh1QEg&#038;oe=689E923C","og:image:secure_url":"https:\/\/scontent-gig4-1.xx.fbcdn.net\/v\/t39.30808-1\/270437624_4564083193639691_6907940295614233970_n.jpg?stp=dst-jpg_s200x200_tt6&#038;_nc_cat=111&#038;ccb=1-7&#038;_nc_sid=f907e8&#038;_nc_ohc=SM1wRlP3lJwQ7kNvwEPuBYA&#038;_nc_oc=AdnqrjDN_BNjSSHWO-GbkIWH6fkGMLw4bqvL_NH6e2wMveX7G-rP2dAqsDSq1mJMOaY&#038;_nc_zt=24&#038;_nc_ht=scontent-gig4-1.xx&#038;_nc_gid=AoBFJeGrT1hVaew_6rchkQ&#038;oh=00_AfX7QmFGhQhG2jAllVgXCiM1ZrWgvtp80-Bfppyexh1QEg&#038;oe=689E923C","article:published_time":"2015-12-03T11:33:16+00:00","article:modified_time":"2015-12-03T11:33:16+00:00","twitter:card":"summary_large_image","twitter:title":"\u201cO Reino Gelado\u201d e \u201cSpectre 007\u201d est\u00e3o em exibi\u00e7\u00e3o no Cine Veredas - A Not\u00edcia Online","twitter:description":"O Cine Veredas exibe, at\u00e9 a pr\u00f3xima quarta-feira (9), \u201cO Reino Gelado\u201d e \u201cSpectre 007\u201d. Em breve, estar\u00e1 em cartaz no cinema muriaeense \u201cComo sobreviver a um ataque zumbi\u201d. O pre\u00e7o da entrada inteira custa R$14,00 e a meia, R$7,00. Nas segundas e ter\u00e7as-feiras, todos pagam meia entrada. O Cine Veredas informa que s\u00f3 aceita","twitter:image":"https:\/\/scontent-gig4-1.xx.fbcdn.net\/v\/t39.30808-1\/270437624_4564083193639691_6907940295614233970_n.jpg?stp=dst-jpg_s200x200_tt6&_nc_cat=111&ccb=1-7&_nc_sid=f907e8&_nc_ohc=SM1wRlP3lJwQ7kNvwEPuBYA&_nc_oc=AdnqrjDN_BNjSSHWO-GbkIWH6fkGMLw4bqvL_NH6e2wMveX7G-rP2dAqsDSq1mJMOaY&_nc_zt=24&_nc_ht=scontent-gig4-1.xx&_nc_gid=AoBFJeGrT1hVaew_6rchkQ&oh=00_AfX7QmFGhQhG2jAllVgXCiM1ZrWgvtp80-Bfppyexh1QEg&oe=689E923C"},"aioseo_meta_data":{"post_id":"7182","title":null,"description":null,"keywords":null,"keyphrases":null,"primary_term":null,"canonical_url":null,"og_title":null,"og_description":null,"og_object_type":"default","og_image_type":"default","og_image_url":null,"og_image_width":null,"og_image_height":null,"og_image_custom_url":null,"og_image_custom_fields":null,"og_video":null,"og_custom_url":null,"og_article_section":null,"og_article_tags":null,"twitter_use_og":false,"twitter_card":"default","twitter_image_type":"default","twitter_image_url":null,"twitter_image_custom_url":null,"twitter_image_custom_fields":null,"twitter_title":null,"twitter_description":null,"schema":{"blockGraphs":[],"customGraphs":[],"default":{"data":{"Article":[],"Course":[],"Dataset":[],"FAQPage":[],"Movie":[],"Person":[],"Product":[],"ProductReview":[],"Car":[],"Recipe":[],"Service":[],"SoftwareApplication":[],"WebPage":[]},"graphName":"","isEnabled":true},"graphs":[]},"schema_type":"default","schema_type_options":null,"pillar_content":false,"robots_default":true,"robots_noindex":false,"robots_noarchive":false,"robots_nosnippet":false,"robots_nofollow":false,"robots_noimageindex":false,"robots_noodp":false,"robots_notranslate":false,"robots_max_snippet":null,"robots_max_videopreview":null,"robots_max_imagepreview":"large","priority":null,"frequency":null,"local_seo":null,"breadcrumb_settings":null,"limit_modified_date":false,"ai":null,"created":"2025-08-16 14:21:39","updated":"2025-08-16 14:21:39","focus_keyword":null,"additional_keywords":null,"truseo_locale":null,"seo_analyzer_scan_date":null},"aioseo_breadcrumb":"<div class=\"aioseo-breadcrumbs\"><span class=\"aioseo-breadcrumb\">\n\t\t\t<a href=\"https:\/\/anoticiaonline.com.br\/site\" title=\"Home\">Home<\/a>\n\t\t<\/span><span class=\"aioseo-breadcrumb-separator\">&raquo;<\/span><span class=\"aioseo-breadcrumb\">\n\t\t\t<a href=\"https:\/\/anoticiaonline.com.br\/site\/categoria\/colunistas\/\" title=\"Colunistas\">Colunistas<\/a>\n\t\t<\/span><span class=\"aioseo-breadcrumb-separator\">&raquo;<\/span><span class=\"aioseo-breadcrumb\">\n\t\t\t<a href=\"https:\/\/anoticiaonline.com.br\/site\/categoria\/colunistas\/filmes\/\" title=\"Filmes\">Filmes<\/a>\n\t\t<\/span><span class=\"aioseo-breadcrumb-separator\">&raquo;<\/span><span class=\"aioseo-breadcrumb\">\n\t\t\t\u201cO Reino Gelado\u201d e \u201cSpectre 007\u201d est\u00e3o em exibi\u00e7\u00e3o no Cine Veredas\n\t\t<\/span><\/div>","aioseo_breadcrumb_json":[{"label":"Home","link":"https:\/\/anoticiaonline.com.br\/site"},{"label":"Colunistas","link":"https:\/\/anoticiaonline.com.br\/site\/categoria\/colunistas\/"},{"label":"Filmes","link":"https:\/\/anoticiaonline.com.br\/site\/categoria\/colunistas\/filmes\/"},{"label":"\u201cO Reino Gelado\u201d e \u201cSpectre 007\u201d est\u00e3o em exibi\u00e7\u00e3o no Cine Veredas","link":"https:\/\/anoticiaonline.com.br\/site\/o-reino-gelado-e-spectre-007-estao-em-exibicao-no-cine-veredas\/"}],"views":122,"_links":{"self":[{"href":"https:\/\/anoticiaonline.com.br\/site\/wp-json\/wp\/v2\/posts\/7182","targetHints":{"allow":["GET"]}}],"collection":[{"href":"https:\/\/anoticiaonline.com.br\/site\/wp-json\/wp\/v2\/posts"}],"about":[{"href":"https:\/\/anoticiaonline.com.br\/site\/wp-json\/wp\/v2\/types\/post"}],"author":[{"embeddable":true,"href":"https:\/\/anoticiaonline.com.br\/site\/wp-json\/wp\/v2\/users\/2"}],"replies":[{"embeddable":true,"href":"https:\/\/anoticiaonline.com.br\/site\/wp-json\/wp\/v2\/comments?post=7182"}],"version-history":[{"count":0,"href":"https:\/\/anoticiaonline.com.br\/site\/wp-json\/wp\/v2\/posts\/7182\/revisions"}],"wp:featuredmedia":[{"embeddable":true,"href":"https:\/\/anoticiaonline.com.br\/site\/wp-json\/wp\/v2\/media\/7183"}],"wp:attachment":[{"href":"https:\/\/anoticiaonline.com.br\/site\/wp-json\/wp\/v2\/media?parent=7182"}],"wp:term":[{"taxonomy":"category","embeddable":true,"href":"https:\/\/anoticiaonline.com.br\/site\/wp-json\/wp\/v2\/categories?post=7182"},{"taxonomy":"post_tag","embeddable":true,"href":"https:\/\/anoticiaonline.com.br\/site\/wp-json\/wp\/v2\/tags?post=7182"}],"curies":[{"name":"wp","href":"https:\/\/api.w.org\/{rel}","templated":true}]}}