{"id":7175,"date":"2015-12-02T15:19:34","date_gmt":"2015-12-02T18:19:34","guid":{"rendered":"http:\/\/anoticiaonline.com.br\/site\/?p=7175"},"modified":"2015-12-02T15:19:34","modified_gmt":"2015-12-02T18:19:34","slug":"nivel-do-rio-muriae-baixa-e-defesa-civil-volta-ao-estado-de-atencao","status":"publish","type":"post","link":"https:\/\/anoticiaonline.com.br\/site\/nivel-do-rio-muriae-baixa-e-defesa-civil-volta-ao-estado-de-atencao\/","title":{"rendered":"N\u00edvel do Rio Muria\u00e9 baixa e Defesa Civil volta ao estado de aten\u00e7\u00e3o"},"content":{"rendered":"<p><a href=\"https:\/\/anoticiaonline.com.br\/site\/wp-content\/uploads\/2015\/12\/IMG_1527.jpg\"><img fetchpriority=\"high\" decoding=\"async\" class=\" size-medium wp-image-7176 alignleft\" src=\"https:\/\/anoticiaonline.com.br\/site\/wp-content\/uploads\/2015\/12\/IMG_1527-300x200.jpg\" alt=\"IMG_1527\" width=\"300\" height=\"200\" srcset=\"https:\/\/anoticiaonline.com.br\/site\/wp-content\/uploads\/2015\/12\/IMG_1527-300x200.jpg 300w, https:\/\/anoticiaonline.com.br\/site\/wp-content\/uploads\/2015\/12\/IMG_1527.jpg 640w\" sizes=\"(max-width: 300px) 100vw, 300px\" \/><\/a>De acordo com a Defesa Civil, nesta quarta-feira (2), o n\u00edvel do Rio Muria\u00e9 apresentou redu\u00e7\u00e3o de quase um metro. Assim, o \u00f3rg\u00e3o voltou a trabalhar em n\u00edvel de aten\u00e7\u00e3o, por\u00e9m ainda monitorando a situa\u00e7\u00e3o das chuvas nas cabeceiras do curso h\u00eddrico.<\/p>\n<p>No dia anterior, foram registrados 126mm de chuva sobre a cidade, gerando 35 chamados de vistoria relacionados a deslizamentos de terra e eleva\u00e7\u00e3o do n\u00edvel do rio em 1,53m. O acumulado de chuvas em 72 horas chegou a 159mm, o que, somado \u00e0s ocorr\u00eancias registradas, fez com que o \u00f3rg\u00e3o operasse n\u00edvel de alerta.<\/p>\n<p>Os bairros mais afetados pelos deslizamentos de terra foram Cardoso de Melo, Gaspar, S\u00e3o Joaquim e Joan\u00f3polis. J\u00e1 no Dornelas e na Barra, foram registrados alagamentos pontuais relacionados \u00e0 drenagem pluvial \u2013 neste caso, cabe ressaltar que as obras para solucionar o problema est\u00e3o em fase final de execu\u00e7\u00e3o e a previs\u00e3o \u00e9 que sejam conclu\u00eddas at\u00e9 meados de dezembro no primeiro e at\u00e9 o fim de janeiro no segundo bairro.<\/p>\n<p>Cabe ainda destacar que o \u00edndice pluviom\u00e9trico observado no primeiro dia de dezembro corresponde \u00e0 metade do previsto para todo o m\u00eas, de acordo com a m\u00e9dia hist\u00f3rica dos \u00faltimos 35 anos.<\/p>\n","protected":false},"excerpt":{"rendered":"<p>De acordo com a Defesa Civil, nesta quarta-feira (2), o n\u00edvel do Rio Muria\u00e9 apresentou redu\u00e7\u00e3o de quase um metro. Assim, o \u00f3rg\u00e3o voltou a trabalhar em n\u00edvel de aten\u00e7\u00e3o, por\u00e9m ainda monitorando a situa\u00e7\u00e3o das chuvas nas cabeceiras do curso h\u00eddrico. No dia anterior, foram registrados 126mm de chuva sobre a cidade, gerando 35 &#8230; <a title=\"N\u00edvel do Rio Muria\u00e9 baixa e Defesa Civil volta ao estado de aten\u00e7\u00e3o\" class=\"read-more\" href=\"https:\/\/anoticiaonline.com.br\/site\/nivel-do-rio-muriae-baixa-e-defesa-civil-volta-ao-estado-de-atencao\/\" aria-label=\"Read more about N\u00edvel do Rio Muria\u00e9 baixa e Defesa Civil volta ao estado de aten\u00e7\u00e3o\">Ler mais<\/a><\/p>\n","protected":false},"author":2,"featured_media":7176,"comment_status":"open","ping_status":"open","sticky":false,"template":"","format":"standard","meta":{"_acf_changed":false,"_monsterinsights_skip_tracking":false,"footnotes":""},"categories":[30],"tags":[3],"class_list":["post-7175","post","type-post","status-publish","format-standard","has-post-thumbnail","hentry","category-muriae","tag-slide"],"acf":[],"aioseo_notices":[],"aioseo_head":"\n\t\t<!-- All in One SEO 5.0.0.1 - aioseo.com -->\n\t<meta name=\"description\" content=\"De acordo com a Defesa Civil, nesta quarta-feira (2), o n\u00edvel do Rio Muria\u00e9 apresentou redu\u00e7\u00e3o de quase um metro. Assim, o \u00f3rg\u00e3o voltou a trabalhar em n\u00edvel de aten\u00e7\u00e3o, por\u00e9m ainda monitorando a situa\u00e7\u00e3o das chuvas nas cabeceiras do curso h\u00eddrico. No dia anterior, foram registrados 126mm de chuva sobre a cidade, gerando 35\" \/>\n\t<meta name=\"robots\" content=\"max-image-preview:large\" \/>\n\t<meta name=\"author\" content=\"Juliana Laviola\"\/>\n\t<link rel=\"canonical\" href=\"https:\/\/anoticiaonline.com.br\/site\/nivel-do-rio-muriae-baixa-e-defesa-civil-volta-ao-estado-de-atencao\/\" \/>\n\t<meta name=\"generator\" content=\"All in One SEO (AIOSEO) 5.0.0.1\" \/>\n\t\t<meta property=\"og:locale\" content=\"pt_BR\" \/>\n\t\t<meta property=\"og:site_name\" content=\"A Not\u00edcia Online - Noticias de Muria\u00e9 e regi\u00e3o\" \/>\n\t\t<meta property=\"og:type\" content=\"article\" \/>\n\t\t<meta property=\"og:title\" content=\"N\u00edvel do Rio Muria\u00e9 baixa e Defesa Civil volta ao estado de aten\u00e7\u00e3o - A Not\u00edcia Online\" \/>\n\t\t<meta property=\"og:description\" content=\"De acordo com a Defesa Civil, nesta quarta-feira (2), o n\u00edvel do Rio Muria\u00e9 apresentou redu\u00e7\u00e3o de quase um metro. Assim, o \u00f3rg\u00e3o voltou a trabalhar em n\u00edvel de aten\u00e7\u00e3o, por\u00e9m ainda monitorando a situa\u00e7\u00e3o das chuvas nas cabeceiras do curso h\u00eddrico. No dia anterior, foram registrados 126mm de chuva sobre a cidade, gerando 35\" \/>\n\t\t<meta property=\"og:url\" content=\"https:\/\/anoticiaonline.com.br\/site\/nivel-do-rio-muriae-baixa-e-defesa-civil-volta-ao-estado-de-atencao\/\" \/>\n\t\t<meta property=\"og:image\" content=\"https:\/\/scontent-gig4-1.xx.fbcdn.net\/v\/t39.30808-1\/270437624_4564083193639691_6907940295614233970_n.jpg?stp=dst-jpg_s200x200_tt6&#038;_nc_cat=111&#038;ccb=1-7&#038;_nc_sid=f907e8&#038;_nc_ohc=SM1wRlP3lJwQ7kNvwEPuBYA&#038;_nc_oc=AdnqrjDN_BNjSSHWO-GbkIWH6fkGMLw4bqvL_NH6e2wMveX7G-rP2dAqsDSq1mJMOaY&#038;_nc_zt=24&#038;_nc_ht=scontent-gig4-1.xx&#038;_nc_gid=AoBFJeGrT1hVaew_6rchkQ&#038;oh=00_AfX7QmFGhQhG2jAllVgXCiM1ZrWgvtp80-Bfppyexh1QEg&#038;oe=689E923C\" \/>\n\t\t<meta property=\"og:image:secure_url\" content=\"https:\/\/scontent-gig4-1.xx.fbcdn.net\/v\/t39.30808-1\/270437624_4564083193639691_6907940295614233970_n.jpg?stp=dst-jpg_s200x200_tt6&#038;_nc_cat=111&#038;ccb=1-7&#038;_nc_sid=f907e8&#038;_nc_ohc=SM1wRlP3lJwQ7kNvwEPuBYA&#038;_nc_oc=AdnqrjDN_BNjSSHWO-GbkIWH6fkGMLw4bqvL_NH6e2wMveX7G-rP2dAqsDSq1mJMOaY&#038;_nc_zt=24&#038;_nc_ht=scontent-gig4-1.xx&#038;_nc_gid=AoBFJeGrT1hVaew_6rchkQ&#038;oh=00_AfX7QmFGhQhG2jAllVgXCiM1ZrWgvtp80-Bfppyexh1QEg&#038;oe=689E923C\" \/>\n\t\t<meta property=\"article:published_time\" content=\"2015-12-02T18:19:34+00:00\" \/>\n\t\t<meta property=\"article:modified_time\" content=\"2015-12-02T18:19:34+00:00\" \/>\n\t\t<meta name=\"twitter:card\" content=\"summary_large_image\" \/>\n\t\t<meta name=\"twitter:title\" content=\"N\u00edvel do Rio Muria\u00e9 baixa e Defesa Civil volta ao estado de aten\u00e7\u00e3o - A Not\u00edcia Online\" \/>\n\t\t<meta name=\"twitter:description\" content=\"De acordo com a Defesa Civil, nesta quarta-feira (2), o n\u00edvel do Rio Muria\u00e9 apresentou redu\u00e7\u00e3o de quase um metro. Assim, o \u00f3rg\u00e3o voltou a trabalhar em n\u00edvel de aten\u00e7\u00e3o, por\u00e9m ainda monitorando a situa\u00e7\u00e3o das chuvas nas cabeceiras do curso h\u00eddrico. No dia anterior, foram registrados 126mm de chuva sobre a cidade, gerando 35\" \/>\n\t\t<meta name=\"twitter:image\" content=\"https:\/\/scontent-gig4-1.xx.fbcdn.net\/v\/t39.30808-1\/270437624_4564083193639691_6907940295614233970_n.jpg?stp=dst-jpg_s200x200_tt6&amp;_nc_cat=111&amp;ccb=1-7&amp;_nc_sid=f907e8&amp;_nc_ohc=SM1wRlP3lJwQ7kNvwEPuBYA&amp;_nc_oc=AdnqrjDN_BNjSSHWO-GbkIWH6fkGMLw4bqvL_NH6e2wMveX7G-rP2dAqsDSq1mJMOaY&amp;_nc_zt=24&amp;_nc_ht=scontent-gig4-1.xx&amp;_nc_gid=AoBFJeGrT1hVaew_6rchkQ&amp;oh=00_AfX7QmFGhQhG2jAllVgXCiM1ZrWgvtp80-Bfppyexh1QEg&amp;oe=689E923C\" \/>\n\t\t<script type=\"application\/ld+json\" class=\"aioseo-schema\">\n\t\t\t{\"@context\":\"https:\\\/\\\/schema.org\",\"@graph\":[{\"@type\":\"BlogPosting\",\"@id\":\"https:\\\/\\\/anoticiaonline.com.br\\\/site\\\/nivel-do-rio-muriae-baixa-e-defesa-civil-volta-ao-estado-de-atencao\\\/#blogposting\",\"name\":\"N\\u00edvel do Rio Muria\\u00e9 baixa e Defesa Civil volta ao estado de aten\\u00e7\\u00e3o - A Not\\u00edcia Online\",\"headline\":\"N\\u00edvel do Rio Muria\\u00e9 baixa e Defesa Civil volta ao estado de aten\\u00e7\\u00e3o\",\"author\":{\"@id\":\"https:\\\/\\\/anoticiaonline.com.br\\\/site\\\/author\\\/juliana\\\/#author\"},\"publisher\":{\"@id\":\"https:\\\/\\\/anoticiaonline.com.br\\\/site\\\/#organization\"},\"image\":{\"@type\":\"ImageObject\",\"url\":\"https:\\\/\\\/anoticiaonline.com.br\\\/site\\\/wp-content\\\/uploads\\\/2015\\\/12\\\/IMG_1527.jpg\",\"width\":640,\"height\":426},\"datePublished\":\"2015-12-02T15:19:34-03:00\",\"dateModified\":\"2015-12-02T15:19:34-03:00\",\"inLanguage\":\"pt-BR\",\"mainEntityOfPage\":{\"@id\":\"https:\\\/\\\/anoticiaonline.com.br\\\/site\\\/nivel-do-rio-muriae-baixa-e-defesa-civil-volta-ao-estado-de-atencao\\\/#webpage\"},\"isPartOf\":{\"@id\":\"https:\\\/\\\/anoticiaonline.com.br\\\/site\\\/nivel-do-rio-muriae-baixa-e-defesa-civil-volta-ao-estado-de-atencao\\\/#webpage\"},\"articleSection\":\"Blog, slide\"},{\"@type\":\"BreadcrumbList\",\"@id\":\"https:\\\/\\\/anoticiaonline.com.br\\\/site\\\/nivel-do-rio-muriae-baixa-e-defesa-civil-volta-ao-estado-de-atencao\\\/#breadcrumblist\",\"itemListElement\":[{\"@type\":\"ListItem\",\"@id\":\"https:\\\/\\\/anoticiaonline.com.br\\\/site#listItem\",\"position\":1,\"name\":\"Home\",\"item\":\"https:\\\/\\\/anoticiaonline.com.br\\\/site\",\"nextItem\":{\"@type\":\"ListItem\",\"@id\":\"https:\\\/\\\/anoticiaonline.com.br\\\/site\\\/categoria\\\/muriae\\\/#listItem\",\"name\":\"Blog\"}},{\"@type\":\"ListItem\",\"@id\":\"https:\\\/\\\/anoticiaonline.com.br\\\/site\\\/categoria\\\/muriae\\\/#listItem\",\"position\":2,\"name\":\"Blog\",\"item\":\"https:\\\/\\\/anoticiaonline.com.br\\\/site\\\/categoria\\\/muriae\\\/\",\"nextItem\":{\"@type\":\"ListItem\",\"@id\":\"https:\\\/\\\/anoticiaonline.com.br\\\/site\\\/nivel-do-rio-muriae-baixa-e-defesa-civil-volta-ao-estado-de-atencao\\\/#listItem\",\"name\":\"N\\u00edvel do Rio Muria\\u00e9 baixa e Defesa Civil volta ao estado de aten\\u00e7\\u00e3o\"},\"previousItem\":{\"@type\":\"ListItem\",\"@id\":\"https:\\\/\\\/anoticiaonline.com.br\\\/site#listItem\",\"name\":\"Home\"}},{\"@type\":\"ListItem\",\"@id\":\"https:\\\/\\\/anoticiaonline.com.br\\\/site\\\/nivel-do-rio-muriae-baixa-e-defesa-civil-volta-ao-estado-de-atencao\\\/#listItem\",\"position\":3,\"name\":\"N\\u00edvel do Rio Muria\\u00e9 baixa e Defesa Civil volta ao estado de aten\\u00e7\\u00e3o\",\"previousItem\":{\"@type\":\"ListItem\",\"@id\":\"https:\\\/\\\/anoticiaonline.com.br\\\/site\\\/categoria\\\/muriae\\\/#listItem\",\"name\":\"Blog\"}}]},{\"@type\":\"Organization\",\"@id\":\"https:\\\/\\\/anoticiaonline.com.br\\\/site\\\/#organization\",\"name\":\"A Not\\u00edcia Online\",\"description\":\"Noticias de Muria\\u00e9 e regi\\u00e3o\",\"url\":\"https:\\\/\\\/anoticiaonline.com.br\\\/site\\\/\",\"logo\":{\"@type\":\"ImageObject\",\"url\":\"https:\\\/\\\/scontent-gig4-1.xx.fbcdn.net\\\/v\\\/t39.30808-1\\\/270437624_4564083193639691_6907940295614233970_n.jpg?stp=dst-jpg_s200x200_tt6&_nc_cat=111&ccb=1-7&_nc_sid=f907e8&_nc_ohc=SM1wRlP3lJwQ7kNvwEPuBYA&_nc_oc=AdnqrjDN_BNjSSHWO-GbkIWH6fkGMLw4bqvL_NH6e2wMveX7G-rP2dAqsDSq1mJMOaY&_nc_zt=24&_nc_ht=scontent-gig4-1.xx&_nc_gid=AoBFJeGrT1hVaew_6rchkQ&oh=00_AfX7QmFGhQhG2jAllVgXCiM1ZrWgvtp80-Bfppyexh1QEg&oe=689E923C\",\"@id\":\"https:\\\/\\\/anoticiaonline.com.br\\\/site\\\/nivel-do-rio-muriae-baixa-e-defesa-civil-volta-ao-estado-de-atencao\\\/#organizationLogo\"},\"image\":{\"@id\":\"https:\\\/\\\/anoticiaonline.com.br\\\/site\\\/nivel-do-rio-muriae-baixa-e-defesa-civil-volta-ao-estado-de-atencao\\\/#organizationLogo\"}},{\"@type\":\"Person\",\"@id\":\"https:\\\/\\\/anoticiaonline.com.br\\\/site\\\/author\\\/juliana\\\/#author\",\"url\":\"https:\\\/\\\/anoticiaonline.com.br\\\/site\\\/author\\\/juliana\\\/\",\"name\":\"Juliana Laviola\",\"image\":{\"@type\":\"ImageObject\",\"@id\":\"https:\\\/\\\/anoticiaonline.com.br\\\/site\\\/nivel-do-rio-muriae-baixa-e-defesa-civil-volta-ao-estado-de-atencao\\\/#authorImage\",\"url\":\"https:\\\/\\\/secure.gravatar.com\\\/avatar\\\/b8d45f5c699b100dfaf0e543582f38f38bf94cb7ae3a5e9abf8d891a34773335?s=96&d=mm&r=g\",\"width\":96,\"height\":96,\"caption\":\"Juliana Laviola\"}},{\"@type\":\"WebPage\",\"@id\":\"https:\\\/\\\/anoticiaonline.com.br\\\/site\\\/nivel-do-rio-muriae-baixa-e-defesa-civil-volta-ao-estado-de-atencao\\\/#webpage\",\"url\":\"https:\\\/\\\/anoticiaonline.com.br\\\/site\\\/nivel-do-rio-muriae-baixa-e-defesa-civil-volta-ao-estado-de-atencao\\\/\",\"name\":\"N\\u00edvel do Rio Muria\\u00e9 baixa e Defesa Civil volta ao estado de aten\\u00e7\\u00e3o - A Not\\u00edcia Online\",\"description\":\"De acordo com a Defesa Civil, nesta quarta-feira (2), o n\\u00edvel do Rio Muria\\u00e9 apresentou redu\\u00e7\\u00e3o de quase um metro. Assim, o \\u00f3rg\\u00e3o voltou a trabalhar em n\\u00edvel de aten\\u00e7\\u00e3o, por\\u00e9m ainda monitorando a situa\\u00e7\\u00e3o das chuvas nas cabeceiras do curso h\\u00eddrico. No dia anterior, foram registrados 126mm de chuva sobre a cidade, gerando 35\",\"inLanguage\":\"pt-BR\",\"isPartOf\":{\"@id\":\"https:\\\/\\\/anoticiaonline.com.br\\\/site\\\/#website\"},\"breadcrumb\":{\"@id\":\"https:\\\/\\\/anoticiaonline.com.br\\\/site\\\/nivel-do-rio-muriae-baixa-e-defesa-civil-volta-ao-estado-de-atencao\\\/#breadcrumblist\"},\"author\":{\"@id\":\"https:\\\/\\\/anoticiaonline.com.br\\\/site\\\/author\\\/juliana\\\/#author\"},\"creator\":{\"@id\":\"https:\\\/\\\/anoticiaonline.com.br\\\/site\\\/author\\\/juliana\\\/#author\"},\"image\":{\"@type\":\"ImageObject\",\"url\":\"https:\\\/\\\/anoticiaonline.com.br\\\/site\\\/wp-content\\\/uploads\\\/2015\\\/12\\\/IMG_1527.jpg\",\"@id\":\"https:\\\/\\\/anoticiaonline.com.br\\\/site\\\/nivel-do-rio-muriae-baixa-e-defesa-civil-volta-ao-estado-de-atencao\\\/#mainImage\",\"width\":640,\"height\":426},\"primaryImageOfPage\":{\"@id\":\"https:\\\/\\\/anoticiaonline.com.br\\\/site\\\/nivel-do-rio-muriae-baixa-e-defesa-civil-volta-ao-estado-de-atencao\\\/#mainImage\"},\"datePublished\":\"2015-12-02T15:19:34-03:00\",\"dateModified\":\"2015-12-02T15:19:34-03:00\"},{\"@type\":\"WebSite\",\"@id\":\"https:\\\/\\\/anoticiaonline.com.br\\\/site\\\/#website\",\"url\":\"https:\\\/\\\/anoticiaonline.com.br\\\/site\\\/\",\"name\":\"A Not\\u00edcia Online\",\"description\":\"Noticias de Muria\\u00e9 e regi\\u00e3o\",\"inLanguage\":\"pt-BR\",\"publisher\":{\"@id\":\"https:\\\/\\\/anoticiaonline.com.br\\\/site\\\/#organization\"}}]}\n\t\t<\/script>\n\t\t<!-- All in One SEO -->\n\n","aioseo_head_json":{"title":"N\u00edvel do Rio Muria\u00e9 baixa e Defesa Civil volta ao estado de aten\u00e7\u00e3o - A Not\u00edcia Online","description":"De acordo com a Defesa Civil, nesta quarta-feira (2), o n\u00edvel do Rio Muria\u00e9 apresentou redu\u00e7\u00e3o de quase um metro. Assim, o \u00f3rg\u00e3o voltou a trabalhar em n\u00edvel de aten\u00e7\u00e3o, por\u00e9m ainda monitorando a situa\u00e7\u00e3o das chuvas nas cabeceiras do curso h\u00eddrico. No dia anterior, foram registrados 126mm de chuva sobre a cidade, gerando 35","canonical_url":"https:\/\/anoticiaonline.com.br\/site\/nivel-do-rio-muriae-baixa-e-defesa-civil-volta-ao-estado-de-atencao\/","robots":"max-image-preview:large","keywords":"","webmasterTools":{"miscellaneous":""},"schema":{"@context":"https:\/\/schema.org","@graph":[{"@type":"BlogPosting","@id":"https:\/\/anoticiaonline.com.br\/site\/nivel-do-rio-muriae-baixa-e-defesa-civil-volta-ao-estado-de-atencao\/#blogposting","name":"N\u00edvel do Rio Muria\u00e9 baixa e Defesa Civil volta ao estado de aten\u00e7\u00e3o - A Not\u00edcia Online","headline":"N\u00edvel do Rio Muria\u00e9 baixa e Defesa Civil volta ao estado de aten\u00e7\u00e3o","author":{"@id":"https:\/\/anoticiaonline.com.br\/site\/author\/juliana\/#author"},"publisher":{"@id":"https:\/\/anoticiaonline.com.br\/site\/#organization"},"image":{"@type":"ImageObject","url":"https:\/\/anoticiaonline.com.br\/site\/wp-content\/uploads\/2015\/12\/IMG_1527.jpg","width":640,"height":426},"datePublished":"2015-12-02T15:19:34-03:00","dateModified":"2015-12-02T15:19:34-03:00","inLanguage":"pt-BR","mainEntityOfPage":{"@id":"https:\/\/anoticiaonline.com.br\/site\/nivel-do-rio-muriae-baixa-e-defesa-civil-volta-ao-estado-de-atencao\/#webpage"},"isPartOf":{"@id":"https:\/\/anoticiaonline.com.br\/site\/nivel-do-rio-muriae-baixa-e-defesa-civil-volta-ao-estado-de-atencao\/#webpage"},"articleSection":"Blog, slide"},{"@type":"BreadcrumbList","@id":"https:\/\/anoticiaonline.com.br\/site\/nivel-do-rio-muriae-baixa-e-defesa-civil-volta-ao-estado-de-atencao\/#breadcrumblist","itemListElement":[{"@type":"ListItem","@id":"https:\/\/anoticiaonline.com.br\/site#listItem","position":1,"name":"Home","item":"https:\/\/anoticiaonline.com.br\/site","nextItem":{"@type":"ListItem","@id":"https:\/\/anoticiaonline.com.br\/site\/categoria\/muriae\/#listItem","name":"Blog"}},{"@type":"ListItem","@id":"https:\/\/anoticiaonline.com.br\/site\/categoria\/muriae\/#listItem","position":2,"name":"Blog","item":"https:\/\/anoticiaonline.com.br\/site\/categoria\/muriae\/","nextItem":{"@type":"ListItem","@id":"https:\/\/anoticiaonline.com.br\/site\/nivel-do-rio-muriae-baixa-e-defesa-civil-volta-ao-estado-de-atencao\/#listItem","name":"N\u00edvel do Rio Muria\u00e9 baixa e Defesa Civil volta ao estado de aten\u00e7\u00e3o"},"previousItem":{"@type":"ListItem","@id":"https:\/\/anoticiaonline.com.br\/site#listItem","name":"Home"}},{"@type":"ListItem","@id":"https:\/\/anoticiaonline.com.br\/site\/nivel-do-rio-muriae-baixa-e-defesa-civil-volta-ao-estado-de-atencao\/#listItem","position":3,"name":"N\u00edvel do Rio Muria\u00e9 baixa e Defesa Civil volta ao estado de aten\u00e7\u00e3o","previousItem":{"@type":"ListItem","@id":"https:\/\/anoticiaonline.com.br\/site\/categoria\/muriae\/#listItem","name":"Blog"}}]},{"@type":"Organization","@id":"https:\/\/anoticiaonline.com.br\/site\/#organization","name":"A Not\u00edcia Online","description":"Noticias de Muria\u00e9 e regi\u00e3o","url":"https:\/\/anoticiaonline.com.br\/site\/","logo":{"@type":"ImageObject","url":"https:\/\/scontent-gig4-1.xx.fbcdn.net\/v\/t39.30808-1\/270437624_4564083193639691_6907940295614233970_n.jpg?stp=dst-jpg_s200x200_tt6&_nc_cat=111&ccb=1-7&_nc_sid=f907e8&_nc_ohc=SM1wRlP3lJwQ7kNvwEPuBYA&_nc_oc=AdnqrjDN_BNjSSHWO-GbkIWH6fkGMLw4bqvL_NH6e2wMveX7G-rP2dAqsDSq1mJMOaY&_nc_zt=24&_nc_ht=scontent-gig4-1.xx&_nc_gid=AoBFJeGrT1hVaew_6rchkQ&oh=00_AfX7QmFGhQhG2jAllVgXCiM1ZrWgvtp80-Bfppyexh1QEg&oe=689E923C","@id":"https:\/\/anoticiaonline.com.br\/site\/nivel-do-rio-muriae-baixa-e-defesa-civil-volta-ao-estado-de-atencao\/#organizationLogo"},"image":{"@id":"https:\/\/anoticiaonline.com.br\/site\/nivel-do-rio-muriae-baixa-e-defesa-civil-volta-ao-estado-de-atencao\/#organizationLogo"}},{"@type":"Person","@id":"https:\/\/anoticiaonline.com.br\/site\/author\/juliana\/#author","url":"https:\/\/anoticiaonline.com.br\/site\/author\/juliana\/","name":"Juliana Laviola","image":{"@type":"ImageObject","@id":"https:\/\/anoticiaonline.com.br\/site\/nivel-do-rio-muriae-baixa-e-defesa-civil-volta-ao-estado-de-atencao\/#authorImage","url":"https:\/\/secure.gravatar.com\/avatar\/b8d45f5c699b100dfaf0e543582f38f38bf94cb7ae3a5e9abf8d891a34773335?s=96&d=mm&r=g","width":96,"height":96,"caption":"Juliana Laviola"}},{"@type":"WebPage","@id":"https:\/\/anoticiaonline.com.br\/site\/nivel-do-rio-muriae-baixa-e-defesa-civil-volta-ao-estado-de-atencao\/#webpage","url":"https:\/\/anoticiaonline.com.br\/site\/nivel-do-rio-muriae-baixa-e-defesa-civil-volta-ao-estado-de-atencao\/","name":"N\u00edvel do Rio Muria\u00e9 baixa e Defesa Civil volta ao estado de aten\u00e7\u00e3o - A Not\u00edcia Online","description":"De acordo com a Defesa Civil, nesta quarta-feira (2), o n\u00edvel do Rio Muria\u00e9 apresentou redu\u00e7\u00e3o de quase um metro. Assim, o \u00f3rg\u00e3o voltou a trabalhar em n\u00edvel de aten\u00e7\u00e3o, por\u00e9m ainda monitorando a situa\u00e7\u00e3o das chuvas nas cabeceiras do curso h\u00eddrico. No dia anterior, foram registrados 126mm de chuva sobre a cidade, gerando 35","inLanguage":"pt-BR","isPartOf":{"@id":"https:\/\/anoticiaonline.com.br\/site\/#website"},"breadcrumb":{"@id":"https:\/\/anoticiaonline.com.br\/site\/nivel-do-rio-muriae-baixa-e-defesa-civil-volta-ao-estado-de-atencao\/#breadcrumblist"},"author":{"@id":"https:\/\/anoticiaonline.com.br\/site\/author\/juliana\/#author"},"creator":{"@id":"https:\/\/anoticiaonline.com.br\/site\/author\/juliana\/#author"},"image":{"@type":"ImageObject","url":"https:\/\/anoticiaonline.com.br\/site\/wp-content\/uploads\/2015\/12\/IMG_1527.jpg","@id":"https:\/\/anoticiaonline.com.br\/site\/nivel-do-rio-muriae-baixa-e-defesa-civil-volta-ao-estado-de-atencao\/#mainImage","width":640,"height":426},"primaryImageOfPage":{"@id":"https:\/\/anoticiaonline.com.br\/site\/nivel-do-rio-muriae-baixa-e-defesa-civil-volta-ao-estado-de-atencao\/#mainImage"},"datePublished":"2015-12-02T15:19:34-03:00","dateModified":"2015-12-02T15:19:34-03:00"},{"@type":"WebSite","@id":"https:\/\/anoticiaonline.com.br\/site\/#website","url":"https:\/\/anoticiaonline.com.br\/site\/","name":"A Not\u00edcia Online","description":"Noticias de Muria\u00e9 e regi\u00e3o","inLanguage":"pt-BR","publisher":{"@id":"https:\/\/anoticiaonline.com.br\/site\/#organization"}}]},"og:locale":"pt_BR","og:site_name":"A Not\u00edcia Online - Noticias de Muria\u00e9 e regi\u00e3o","og:type":"article","og:title":"N\u00edvel do Rio Muria\u00e9 baixa e Defesa Civil volta ao estado de aten\u00e7\u00e3o - A Not\u00edcia Online","og:description":"De acordo com a Defesa Civil, nesta quarta-feira (2), o n\u00edvel do Rio Muria\u00e9 apresentou redu\u00e7\u00e3o de quase um metro. Assim, o \u00f3rg\u00e3o voltou a trabalhar em n\u00edvel de aten\u00e7\u00e3o, por\u00e9m ainda monitorando a situa\u00e7\u00e3o das chuvas nas cabeceiras do curso h\u00eddrico. No dia anterior, foram registrados 126mm de chuva sobre a cidade, gerando 35","og:url":"https:\/\/anoticiaonline.com.br\/site\/nivel-do-rio-muriae-baixa-e-defesa-civil-volta-ao-estado-de-atencao\/","og:image":"https:\/\/scontent-gig4-1.xx.fbcdn.net\/v\/t39.30808-1\/270437624_4564083193639691_6907940295614233970_n.jpg?stp=dst-jpg_s200x200_tt6&#038;_nc_cat=111&#038;ccb=1-7&#038;_nc_sid=f907e8&#038;_nc_ohc=SM1wRlP3lJwQ7kNvwEPuBYA&#038;_nc_oc=AdnqrjDN_BNjSSHWO-GbkIWH6fkGMLw4bqvL_NH6e2wMveX7G-rP2dAqsDSq1mJMOaY&#038;_nc_zt=24&#038;_nc_ht=scontent-gig4-1.xx&#038;_nc_gid=AoBFJeGrT1hVaew_6rchkQ&#038;oh=00_AfX7QmFGhQhG2jAllVgXCiM1ZrWgvtp80-Bfppyexh1QEg&#038;oe=689E923C","og:image:secure_url":"https:\/\/scontent-gig4-1.xx.fbcdn.net\/v\/t39.30808-1\/270437624_4564083193639691_6907940295614233970_n.jpg?stp=dst-jpg_s200x200_tt6&#038;_nc_cat=111&#038;ccb=1-7&#038;_nc_sid=f907e8&#038;_nc_ohc=SM1wRlP3lJwQ7kNvwEPuBYA&#038;_nc_oc=AdnqrjDN_BNjSSHWO-GbkIWH6fkGMLw4bqvL_NH6e2wMveX7G-rP2dAqsDSq1mJMOaY&#038;_nc_zt=24&#038;_nc_ht=scontent-gig4-1.xx&#038;_nc_gid=AoBFJeGrT1hVaew_6rchkQ&#038;oh=00_AfX7QmFGhQhG2jAllVgXCiM1ZrWgvtp80-Bfppyexh1QEg&#038;oe=689E923C","article:published_time":"2015-12-02T18:19:34+00:00","article:modified_time":"2015-12-02T18:19:34+00:00","twitter:card":"summary_large_image","twitter:title":"N\u00edvel do Rio Muria\u00e9 baixa e Defesa Civil volta ao estado de aten\u00e7\u00e3o - A Not\u00edcia Online","twitter:description":"De acordo com a Defesa Civil, nesta quarta-feira (2), o n\u00edvel do Rio Muria\u00e9 apresentou redu\u00e7\u00e3o de quase um metro. Assim, o \u00f3rg\u00e3o voltou a trabalhar em n\u00edvel de aten\u00e7\u00e3o, por\u00e9m ainda monitorando a situa\u00e7\u00e3o das chuvas nas cabeceiras do curso h\u00eddrico. No dia anterior, foram registrados 126mm de chuva sobre a cidade, gerando 35","twitter:image":"https:\/\/scontent-gig4-1.xx.fbcdn.net\/v\/t39.30808-1\/270437624_4564083193639691_6907940295614233970_n.jpg?stp=dst-jpg_s200x200_tt6&_nc_cat=111&ccb=1-7&_nc_sid=f907e8&_nc_ohc=SM1wRlP3lJwQ7kNvwEPuBYA&_nc_oc=AdnqrjDN_BNjSSHWO-GbkIWH6fkGMLw4bqvL_NH6e2wMveX7G-rP2dAqsDSq1mJMOaY&_nc_zt=24&_nc_ht=scontent-gig4-1.xx&_nc_gid=AoBFJeGrT1hVaew_6rchkQ&oh=00_AfX7QmFGhQhG2jAllVgXCiM1ZrWgvtp80-Bfppyexh1QEg&oe=689E923C"},"aioseo_meta_data":{"post_id":"7175","title":null,"description":null,"keywords":null,"keyphrases":null,"primary_term":null,"canonical_url":null,"og_title":null,"og_description":null,"og_object_type":"default","og_image_type":"default","og_image_url":null,"og_image_width":null,"og_image_height":null,"og_image_custom_url":null,"og_image_custom_fields":null,"og_video":null,"og_custom_url":null,"og_article_section":null,"og_article_tags":null,"twitter_use_og":false,"twitter_card":"default","twitter_image_type":"default","twitter_image_url":null,"twitter_image_custom_url":null,"twitter_image_custom_fields":null,"twitter_title":null,"twitter_description":null,"schema":{"blockGraphs":[],"customGraphs":[],"default":{"data":{"Article":[],"Course":[],"Dataset":[],"FAQPage":[],"Movie":[],"Person":[],"Product":[],"ProductReview":[],"Car":[],"Recipe":[],"Service":[],"SoftwareApplication":[],"WebPage":[]},"graphName":"","isEnabled":true},"graphs":[]},"schema_type":"default","schema_type_options":null,"pillar_content":false,"robots_default":true,"robots_noindex":false,"robots_noarchive":false,"robots_nosnippet":false,"robots_nofollow":false,"robots_noimageindex":false,"robots_noodp":false,"robots_notranslate":false,"robots_max_snippet":null,"robots_max_videopreview":null,"robots_max_imagepreview":"large","priority":null,"frequency":null,"local_seo":null,"breadcrumb_settings":null,"limit_modified_date":false,"ai":null,"created":"2025-08-16 14:21:39","updated":"2025-08-16 14:21:39","focus_keyword":null,"additional_keywords":null,"truseo_locale":null,"seo_analyzer_scan_date":null},"aioseo_breadcrumb":"<div class=\"aioseo-breadcrumbs\"><span class=\"aioseo-breadcrumb\">\n\t\t\t<a href=\"https:\/\/anoticiaonline.com.br\/site\" title=\"Home\">Home<\/a>\n\t\t<\/span><span class=\"aioseo-breadcrumb-separator\">&raquo;<\/span><span class=\"aioseo-breadcrumb\">\n\t\t\t<a href=\"https:\/\/anoticiaonline.com.br\/site\/categoria\/muriae\/\" title=\"Blog\">Blog<\/a>\n\t\t<\/span><span class=\"aioseo-breadcrumb-separator\">&raquo;<\/span><span class=\"aioseo-breadcrumb\">\n\t\t\tN\u00edvel do Rio Muria\u00e9 baixa e Defesa Civil volta ao estado de aten\u00e7\u00e3o\n\t\t<\/span><\/div>","aioseo_breadcrumb_json":[{"label":"Home","link":"https:\/\/anoticiaonline.com.br\/site"},{"label":"Blog","link":"https:\/\/anoticiaonline.com.br\/site\/categoria\/muriae\/"},{"label":"N\u00edvel do Rio Muria\u00e9 baixa e Defesa Civil volta ao estado de aten\u00e7\u00e3o","link":"https:\/\/anoticiaonline.com.br\/site\/nivel-do-rio-muriae-baixa-e-defesa-civil-volta-ao-estado-de-atencao\/"}],"views":126,"_links":{"self":[{"href":"https:\/\/anoticiaonline.com.br\/site\/wp-json\/wp\/v2\/posts\/7175","targetHints":{"allow":["GET"]}}],"collection":[{"href":"https:\/\/anoticiaonline.com.br\/site\/wp-json\/wp\/v2\/posts"}],"about":[{"href":"https:\/\/anoticiaonline.com.br\/site\/wp-json\/wp\/v2\/types\/post"}],"author":[{"embeddable":true,"href":"https:\/\/anoticiaonline.com.br\/site\/wp-json\/wp\/v2\/users\/2"}],"replies":[{"embeddable":true,"href":"https:\/\/anoticiaonline.com.br\/site\/wp-json\/wp\/v2\/comments?post=7175"}],"version-history":[{"count":0,"href":"https:\/\/anoticiaonline.com.br\/site\/wp-json\/wp\/v2\/posts\/7175\/revisions"}],"wp:featuredmedia":[{"embeddable":true,"href":"https:\/\/anoticiaonline.com.br\/site\/wp-json\/wp\/v2\/media\/7176"}],"wp:attachment":[{"href":"https:\/\/anoticiaonline.com.br\/site\/wp-json\/wp\/v2\/media?parent=7175"}],"wp:term":[{"taxonomy":"category","embeddable":true,"href":"https:\/\/anoticiaonline.com.br\/site\/wp-json\/wp\/v2\/categories?post=7175"},{"taxonomy":"post_tag","embeddable":true,"href":"https:\/\/anoticiaonline.com.br\/site\/wp-json\/wp\/v2\/tags?post=7175"}],"curies":[{"name":"wp","href":"https:\/\/api.w.org\/{rel}","templated":true}]}}