{"id":7112,"date":"2015-12-02T09:08:51","date_gmt":"2015-12-02T12:08:51","guid":{"rendered":"http:\/\/anoticiaonline.com.br\/site\/?p=7112"},"modified":"2015-12-02T10:52:29","modified_gmt":"2015-12-02T13:52:29","slug":"hospital-do-cancer-de-muriae-adere-ao-movimento-luto-pela-saude","status":"publish","type":"post","link":"https:\/\/anoticiaonline.com.br\/site\/hospital-do-cancer-de-muriae-adere-ao-movimento-luto-pela-saude\/","title":{"rendered":"Hospitais de Muria\u00e9 aderem ao movimento \u201cLuto Pela Sa\u00fade\u201d"},"content":{"rendered":"<p><a href=\"https:\/\/anoticiaonline.com.br\/site\/wp-content\/uploads\/2015\/12\/Banner-Luto-Pela-Sa\u00fade-Site.jpg\"><img decoding=\"async\" class=\" size-medium wp-image-7113 alignleft\" src=\"https:\/\/anoticiaonline.com.br\/site\/wp-content\/uploads\/2015\/12\/Banner-Luto-Pela-Sa\u00fade-Site-300x86.jpg\" alt=\"Banner - Luto Pela Sa\u00fade - Site\" width=\"300\" height=\"86\" srcset=\"https:\/\/anoticiaonline.com.br\/site\/wp-content\/uploads\/2015\/12\/Banner-Luto-Pela-Sa\u00fade-Site-300x86.jpg 300w, https:\/\/anoticiaonline.com.br\/site\/wp-content\/uploads\/2015\/12\/Banner-Luto-Pela-Sa\u00fade-Site.jpg 640w\" sizes=\"(max-width: 300px) 100vw, 300px\" \/><\/a>O Hospital S\u00e3o Paulo e o Hospital do C\u00e2ncer de Muria\u00e9 da Funda\u00e7\u00e3o Cristiano Varella aderiram ao movimento \u201cLuto Pela Sa\u00fade\u201d, uma manifesta\u00e7\u00e3o organizada pela Federa\u00e7\u00e3o das Santas Casas e Hospitais Filantr\u00f3picos de Minas Gerais, Federassantas, com os hospitais filantr\u00f3picos para protestar quanto ao parcelamento dos repasses dos recursos federais destinados \u00e0 \u00e1rea da sa\u00fade referentes ao \u00faltimo m\u00eas do ano. O Minist\u00e9rio da Sa\u00fade decidiu dividir em 50% do teto M\u00e9dia e Alta Complexidade no dia 10 e os outros 50% no dia 2 de janeiro de 2016.<\/p>\n<p>\u201cEssa a\u00e7\u00e3o prejudica o funcionamento de diversas institui\u00e7\u00f5es do estado e, por isso, n\u00f3s, do Hospital do C\u00e2ncer de Muria\u00e9 da Funda\u00e7\u00e3o Cristiano Varella, apoiamos o movimento Luto Pela Sa\u00fade, criado pela Federassantas\u201d, afirma o hospital em nota divulgada \u00e0 imprensa.<\/p>\n<p>J\u00e1 no HSP, os funcion\u00e1rios, usando camisas pretas e formando uma corrente de m\u00e3os dadas e minuto de sil\u00eancio, deram um abra\u00e7o simb\u00f3lico na institui\u00e7\u00e3o. \u201cA Casa de Caridade de Muria\u00e9 Hospital S\u00e3o Paulo, de posse das sugest\u00f5es enviadas pela Federassantas, optou em fazer camisas pretas com a logo do movimento, que ser\u00e3o usadas por todos os recepcionistas da entidade, bem como a coloca\u00e7\u00e3o de um tecido preto na fachada do hospital; confec\u00e7\u00e3o de adesivos e folders informativos, que ser\u00e3o entregues aos clientes que forem atendidos durante todo o m\u00eas de dezembro; um informativo do movimento no site do Hospital e um comunicado a toda m\u00eddia local referente a este movimento\u201d, informa a institui\u00e7\u00e3o.<\/p>\n<p>O \u201cLuto Pela Sa\u00fade\u201d \u00e9 uma manifesta\u00e7\u00e3o pac\u00edfica e n\u00e3o se constitui de uma paralisa\u00e7\u00e3o. O movimento permanecer\u00e1 no decorrer de todo o m\u00eas de dezembro. A iniciativa tem por objetivo demonstrar o luto dos funcion\u00e1rios e usu\u00e1rios pelo descaso que ocorre com as institui\u00e7\u00f5es filantr\u00f3picas, que s\u00e3o respons\u00e1veis por mais de 70% do atendimento SUS no estado de Minas Gerais.<\/p>\n<p>&nbsp;<\/p>\n<p><em>*Mat\u00e9ria atualizada \u00e0s 11h50min<\/em><\/p>\n","protected":false},"excerpt":{"rendered":"<p>O Hospital S\u00e3o Paulo e o Hospital do C\u00e2ncer de Muria\u00e9 da Funda\u00e7\u00e3o Cristiano Varella aderiram ao movimento \u201cLuto Pela Sa\u00fade\u201d, uma manifesta\u00e7\u00e3o organizada pela Federa\u00e7\u00e3o das Santas Casas e Hospitais Filantr\u00f3picos de Minas Gerais, Federassantas, com os hospitais filantr\u00f3picos para protestar quanto ao parcelamento dos repasses dos recursos federais destinados \u00e0 \u00e1rea da sa\u00fade &#8230; <a title=\"Hospitais de Muria\u00e9 aderem ao movimento \u201cLuto Pela Sa\u00fade\u201d\" class=\"read-more\" href=\"https:\/\/anoticiaonline.com.br\/site\/hospital-do-cancer-de-muriae-adere-ao-movimento-luto-pela-saude\/\" aria-label=\"Read more about Hospitais de Muria\u00e9 aderem ao movimento \u201cLuto Pela Sa\u00fade\u201d\">Ler mais<\/a><\/p>\n","protected":false},"author":2,"featured_media":7113,"comment_status":"open","ping_status":"open","sticky":false,"template":"","format":"standard","meta":{"_acf_changed":false,"_monsterinsights_skip_tracking":false,"footnotes":""},"categories":[30],"tags":[3],"class_list":["post-7112","post","type-post","status-publish","format-standard","has-post-thumbnail","hentry","category-muriae","tag-slide"],"acf":[],"aioseo_notices":[],"aioseo_head":"\n\t\t<!-- All in One SEO 5.0.0.1 - aioseo.com -->\n\t<meta name=\"description\" content=\"O Hospital S\u00e3o Paulo e o Hospital do C\u00e2ncer de Muria\u00e9 da Funda\u00e7\u00e3o Cristiano Varella aderiram ao movimento \u201cLuto Pela Sa\u00fade\u201d, uma manifesta\u00e7\u00e3o organizada pela Federa\u00e7\u00e3o das Santas Casas e Hospitais Filantr\u00f3picos de Minas Gerais, Federassantas, com os hospitais filantr\u00f3picos para protestar quanto ao parcelamento dos repasses dos recursos federais destinados \u00e0 \u00e1rea da sa\u00fade\" \/>\n\t<meta name=\"robots\" content=\"max-image-preview:large\" \/>\n\t<meta name=\"author\" content=\"Juliana Laviola\"\/>\n\t<link rel=\"canonical\" href=\"https:\/\/anoticiaonline.com.br\/site\/hospital-do-cancer-de-muriae-adere-ao-movimento-luto-pela-saude\/\" \/>\n\t<meta name=\"generator\" content=\"All in One SEO (AIOSEO) 5.0.0.1\" \/>\n\t\t<meta property=\"og:locale\" content=\"pt_BR\" \/>\n\t\t<meta property=\"og:site_name\" content=\"A Not\u00edcia Online - Noticias de Muria\u00e9 e regi\u00e3o\" \/>\n\t\t<meta property=\"og:type\" content=\"article\" \/>\n\t\t<meta property=\"og:title\" content=\"Hospitais de Muria\u00e9 aderem ao movimento \u201cLuto Pela Sa\u00fade\u201d - A Not\u00edcia Online\" \/>\n\t\t<meta property=\"og:description\" content=\"O Hospital S\u00e3o Paulo e o Hospital do C\u00e2ncer de Muria\u00e9 da Funda\u00e7\u00e3o Cristiano Varella aderiram ao movimento \u201cLuto Pela Sa\u00fade\u201d, uma manifesta\u00e7\u00e3o organizada pela Federa\u00e7\u00e3o das Santas Casas e Hospitais Filantr\u00f3picos de Minas Gerais, Federassantas, com os hospitais filantr\u00f3picos para protestar quanto ao parcelamento dos repasses dos recursos federais destinados \u00e0 \u00e1rea da sa\u00fade\" \/>\n\t\t<meta property=\"og:url\" content=\"https:\/\/anoticiaonline.com.br\/site\/hospital-do-cancer-de-muriae-adere-ao-movimento-luto-pela-saude\/\" \/>\n\t\t<meta property=\"og:image\" content=\"https:\/\/scontent-gig4-1.xx.fbcdn.net\/v\/t39.30808-1\/270437624_4564083193639691_6907940295614233970_n.jpg?stp=dst-jpg_s200x200_tt6&#038;_nc_cat=111&#038;ccb=1-7&#038;_nc_sid=f907e8&#038;_nc_ohc=SM1wRlP3lJwQ7kNvwEPuBYA&#038;_nc_oc=AdnqrjDN_BNjSSHWO-GbkIWH6fkGMLw4bqvL_NH6e2wMveX7G-rP2dAqsDSq1mJMOaY&#038;_nc_zt=24&#038;_nc_ht=scontent-gig4-1.xx&#038;_nc_gid=AoBFJeGrT1hVaew_6rchkQ&#038;oh=00_AfX7QmFGhQhG2jAllVgXCiM1ZrWgvtp80-Bfppyexh1QEg&#038;oe=689E923C\" \/>\n\t\t<meta property=\"og:image:secure_url\" content=\"https:\/\/scontent-gig4-1.xx.fbcdn.net\/v\/t39.30808-1\/270437624_4564083193639691_6907940295614233970_n.jpg?stp=dst-jpg_s200x200_tt6&#038;_nc_cat=111&#038;ccb=1-7&#038;_nc_sid=f907e8&#038;_nc_ohc=SM1wRlP3lJwQ7kNvwEPuBYA&#038;_nc_oc=AdnqrjDN_BNjSSHWO-GbkIWH6fkGMLw4bqvL_NH6e2wMveX7G-rP2dAqsDSq1mJMOaY&#038;_nc_zt=24&#038;_nc_ht=scontent-gig4-1.xx&#038;_nc_gid=AoBFJeGrT1hVaew_6rchkQ&#038;oh=00_AfX7QmFGhQhG2jAllVgXCiM1ZrWgvtp80-Bfppyexh1QEg&#038;oe=689E923C\" \/>\n\t\t<meta property=\"article:published_time\" content=\"2015-12-02T12:08:51+00:00\" \/>\n\t\t<meta property=\"article:modified_time\" content=\"2015-12-02T13:52:29+00:00\" \/>\n\t\t<meta name=\"twitter:card\" content=\"summary_large_image\" \/>\n\t\t<meta name=\"twitter:title\" content=\"Hospitais de Muria\u00e9 aderem ao movimento \u201cLuto Pela Sa\u00fade\u201d - A Not\u00edcia Online\" \/>\n\t\t<meta name=\"twitter:description\" content=\"O Hospital S\u00e3o Paulo e o Hospital do C\u00e2ncer de Muria\u00e9 da Funda\u00e7\u00e3o Cristiano Varella aderiram ao movimento \u201cLuto Pela Sa\u00fade\u201d, uma manifesta\u00e7\u00e3o organizada pela Federa\u00e7\u00e3o das Santas Casas e Hospitais Filantr\u00f3picos de Minas Gerais, Federassantas, com os hospitais filantr\u00f3picos para protestar quanto ao parcelamento dos repasses dos recursos federais destinados \u00e0 \u00e1rea da sa\u00fade\" \/>\n\t\t<meta name=\"twitter:image\" content=\"https:\/\/scontent-gig4-1.xx.fbcdn.net\/v\/t39.30808-1\/270437624_4564083193639691_6907940295614233970_n.jpg?stp=dst-jpg_s200x200_tt6&amp;_nc_cat=111&amp;ccb=1-7&amp;_nc_sid=f907e8&amp;_nc_ohc=SM1wRlP3lJwQ7kNvwEPuBYA&amp;_nc_oc=AdnqrjDN_BNjSSHWO-GbkIWH6fkGMLw4bqvL_NH6e2wMveX7G-rP2dAqsDSq1mJMOaY&amp;_nc_zt=24&amp;_nc_ht=scontent-gig4-1.xx&amp;_nc_gid=AoBFJeGrT1hVaew_6rchkQ&amp;oh=00_AfX7QmFGhQhG2jAllVgXCiM1ZrWgvtp80-Bfppyexh1QEg&amp;oe=689E923C\" \/>\n\t\t<script type=\"application\/ld+json\" class=\"aioseo-schema\">\n\t\t\t{\"@context\":\"https:\\\/\\\/schema.org\",\"@graph\":[{\"@type\":\"BlogPosting\",\"@id\":\"https:\\\/\\\/anoticiaonline.com.br\\\/site\\\/hospital-do-cancer-de-muriae-adere-ao-movimento-luto-pela-saude\\\/#blogposting\",\"name\":\"Hospitais de Muria\\u00e9 aderem ao movimento \\u201cLuto Pela Sa\\u00fade\\u201d - A Not\\u00edcia Online\",\"headline\":\"Hospitais de Muria\\u00e9 aderem ao movimento \\u201cLuto Pela Sa\\u00fade\\u201d\",\"author\":{\"@id\":\"https:\\\/\\\/anoticiaonline.com.br\\\/site\\\/author\\\/juliana\\\/#author\"},\"publisher\":{\"@id\":\"https:\\\/\\\/anoticiaonline.com.br\\\/site\\\/#organization\"},\"image\":{\"@type\":\"ImageObject\",\"url\":\"https:\\\/\\\/anoticiaonline.com.br\\\/site\\\/wp-content\\\/uploads\\\/2015\\\/12\\\/Banner-Luto-Pela-Sa\\u00fade-Site.jpg\",\"width\":640,\"height\":184},\"datePublished\":\"2015-12-02T09:08:51-03:00\",\"dateModified\":\"2015-12-02T10:52:29-03:00\",\"inLanguage\":\"pt-BR\",\"mainEntityOfPage\":{\"@id\":\"https:\\\/\\\/anoticiaonline.com.br\\\/site\\\/hospital-do-cancer-de-muriae-adere-ao-movimento-luto-pela-saude\\\/#webpage\"},\"isPartOf\":{\"@id\":\"https:\\\/\\\/anoticiaonline.com.br\\\/site\\\/hospital-do-cancer-de-muriae-adere-ao-movimento-luto-pela-saude\\\/#webpage\"},\"articleSection\":\"Blog, slide\"},{\"@type\":\"BreadcrumbList\",\"@id\":\"https:\\\/\\\/anoticiaonline.com.br\\\/site\\\/hospital-do-cancer-de-muriae-adere-ao-movimento-luto-pela-saude\\\/#breadcrumblist\",\"itemListElement\":[{\"@type\":\"ListItem\",\"@id\":\"https:\\\/\\\/anoticiaonline.com.br\\\/site#listItem\",\"position\":1,\"name\":\"Home\",\"item\":\"https:\\\/\\\/anoticiaonline.com.br\\\/site\",\"nextItem\":{\"@type\":\"ListItem\",\"@id\":\"https:\\\/\\\/anoticiaonline.com.br\\\/site\\\/categoria\\\/muriae\\\/#listItem\",\"name\":\"Blog\"}},{\"@type\":\"ListItem\",\"@id\":\"https:\\\/\\\/anoticiaonline.com.br\\\/site\\\/categoria\\\/muriae\\\/#listItem\",\"position\":2,\"name\":\"Blog\",\"item\":\"https:\\\/\\\/anoticiaonline.com.br\\\/site\\\/categoria\\\/muriae\\\/\",\"nextItem\":{\"@type\":\"ListItem\",\"@id\":\"https:\\\/\\\/anoticiaonline.com.br\\\/site\\\/hospital-do-cancer-de-muriae-adere-ao-movimento-luto-pela-saude\\\/#listItem\",\"name\":\"Hospitais de Muria\\u00e9 aderem ao movimento \\u201cLuto Pela Sa\\u00fade\\u201d\"},\"previousItem\":{\"@type\":\"ListItem\",\"@id\":\"https:\\\/\\\/anoticiaonline.com.br\\\/site#listItem\",\"name\":\"Home\"}},{\"@type\":\"ListItem\",\"@id\":\"https:\\\/\\\/anoticiaonline.com.br\\\/site\\\/hospital-do-cancer-de-muriae-adere-ao-movimento-luto-pela-saude\\\/#listItem\",\"position\":3,\"name\":\"Hospitais de Muria\\u00e9 aderem ao movimento \\u201cLuto Pela Sa\\u00fade\\u201d\",\"previousItem\":{\"@type\":\"ListItem\",\"@id\":\"https:\\\/\\\/anoticiaonline.com.br\\\/site\\\/categoria\\\/muriae\\\/#listItem\",\"name\":\"Blog\"}}]},{\"@type\":\"Organization\",\"@id\":\"https:\\\/\\\/anoticiaonline.com.br\\\/site\\\/#organization\",\"name\":\"A Not\\u00edcia Online\",\"description\":\"Noticias de Muria\\u00e9 e regi\\u00e3o\",\"url\":\"https:\\\/\\\/anoticiaonline.com.br\\\/site\\\/\",\"logo\":{\"@type\":\"ImageObject\",\"url\":\"https:\\\/\\\/scontent-gig4-1.xx.fbcdn.net\\\/v\\\/t39.30808-1\\\/270437624_4564083193639691_6907940295614233970_n.jpg?stp=dst-jpg_s200x200_tt6&_nc_cat=111&ccb=1-7&_nc_sid=f907e8&_nc_ohc=SM1wRlP3lJwQ7kNvwEPuBYA&_nc_oc=AdnqrjDN_BNjSSHWO-GbkIWH6fkGMLw4bqvL_NH6e2wMveX7G-rP2dAqsDSq1mJMOaY&_nc_zt=24&_nc_ht=scontent-gig4-1.xx&_nc_gid=AoBFJeGrT1hVaew_6rchkQ&oh=00_AfX7QmFGhQhG2jAllVgXCiM1ZrWgvtp80-Bfppyexh1QEg&oe=689E923C\",\"@id\":\"https:\\\/\\\/anoticiaonline.com.br\\\/site\\\/hospital-do-cancer-de-muriae-adere-ao-movimento-luto-pela-saude\\\/#organizationLogo\"},\"image\":{\"@id\":\"https:\\\/\\\/anoticiaonline.com.br\\\/site\\\/hospital-do-cancer-de-muriae-adere-ao-movimento-luto-pela-saude\\\/#organizationLogo\"}},{\"@type\":\"Person\",\"@id\":\"https:\\\/\\\/anoticiaonline.com.br\\\/site\\\/author\\\/juliana\\\/#author\",\"url\":\"https:\\\/\\\/anoticiaonline.com.br\\\/site\\\/author\\\/juliana\\\/\",\"name\":\"Juliana Laviola\",\"image\":{\"@type\":\"ImageObject\",\"@id\":\"https:\\\/\\\/anoticiaonline.com.br\\\/site\\\/hospital-do-cancer-de-muriae-adere-ao-movimento-luto-pela-saude\\\/#authorImage\",\"url\":\"https:\\\/\\\/secure.gravatar.com\\\/avatar\\\/b8d45f5c699b100dfaf0e543582f38f38bf94cb7ae3a5e9abf8d891a34773335?s=96&d=mm&r=g\",\"width\":96,\"height\":96,\"caption\":\"Juliana Laviola\"}},{\"@type\":\"WebPage\",\"@id\":\"https:\\\/\\\/anoticiaonline.com.br\\\/site\\\/hospital-do-cancer-de-muriae-adere-ao-movimento-luto-pela-saude\\\/#webpage\",\"url\":\"https:\\\/\\\/anoticiaonline.com.br\\\/site\\\/hospital-do-cancer-de-muriae-adere-ao-movimento-luto-pela-saude\\\/\",\"name\":\"Hospitais de Muria\\u00e9 aderem ao movimento \\u201cLuto Pela Sa\\u00fade\\u201d - A Not\\u00edcia Online\",\"description\":\"O Hospital S\\u00e3o Paulo e o Hospital do C\\u00e2ncer de Muria\\u00e9 da Funda\\u00e7\\u00e3o Cristiano Varella aderiram ao movimento \\u201cLuto Pela Sa\\u00fade\\u201d, uma manifesta\\u00e7\\u00e3o organizada pela Federa\\u00e7\\u00e3o das Santas Casas e Hospitais Filantr\\u00f3picos de Minas Gerais, Federassantas, com os hospitais filantr\\u00f3picos para protestar quanto ao parcelamento dos repasses dos recursos federais destinados \\u00e0 \\u00e1rea da sa\\u00fade\",\"inLanguage\":\"pt-BR\",\"isPartOf\":{\"@id\":\"https:\\\/\\\/anoticiaonline.com.br\\\/site\\\/#website\"},\"breadcrumb\":{\"@id\":\"https:\\\/\\\/anoticiaonline.com.br\\\/site\\\/hospital-do-cancer-de-muriae-adere-ao-movimento-luto-pela-saude\\\/#breadcrumblist\"},\"author\":{\"@id\":\"https:\\\/\\\/anoticiaonline.com.br\\\/site\\\/author\\\/juliana\\\/#author\"},\"creator\":{\"@id\":\"https:\\\/\\\/anoticiaonline.com.br\\\/site\\\/author\\\/juliana\\\/#author\"},\"image\":{\"@type\":\"ImageObject\",\"url\":\"https:\\\/\\\/anoticiaonline.com.br\\\/site\\\/wp-content\\\/uploads\\\/2015\\\/12\\\/Banner-Luto-Pela-Sa\\u00fade-Site.jpg\",\"@id\":\"https:\\\/\\\/anoticiaonline.com.br\\\/site\\\/hospital-do-cancer-de-muriae-adere-ao-movimento-luto-pela-saude\\\/#mainImage\",\"width\":640,\"height\":184},\"primaryImageOfPage\":{\"@id\":\"https:\\\/\\\/anoticiaonline.com.br\\\/site\\\/hospital-do-cancer-de-muriae-adere-ao-movimento-luto-pela-saude\\\/#mainImage\"},\"datePublished\":\"2015-12-02T09:08:51-03:00\",\"dateModified\":\"2015-12-02T10:52:29-03:00\"},{\"@type\":\"WebSite\",\"@id\":\"https:\\\/\\\/anoticiaonline.com.br\\\/site\\\/#website\",\"url\":\"https:\\\/\\\/anoticiaonline.com.br\\\/site\\\/\",\"name\":\"A Not\\u00edcia Online\",\"description\":\"Noticias de Muria\\u00e9 e regi\\u00e3o\",\"inLanguage\":\"pt-BR\",\"publisher\":{\"@id\":\"https:\\\/\\\/anoticiaonline.com.br\\\/site\\\/#organization\"}}]}\n\t\t<\/script>\n\t\t<!-- All in One SEO -->\n\n","aioseo_head_json":{"title":"Hospitais de Muria\u00e9 aderem ao movimento \u201cLuto Pela Sa\u00fade\u201d - A Not\u00edcia Online","description":"O Hospital S\u00e3o Paulo e o Hospital do C\u00e2ncer de Muria\u00e9 da Funda\u00e7\u00e3o Cristiano Varella aderiram ao movimento \u201cLuto Pela Sa\u00fade\u201d, uma manifesta\u00e7\u00e3o organizada pela Federa\u00e7\u00e3o das Santas Casas e Hospitais Filantr\u00f3picos de Minas Gerais, Federassantas, com os hospitais filantr\u00f3picos para protestar quanto ao parcelamento dos repasses dos recursos federais destinados \u00e0 \u00e1rea da sa\u00fade","canonical_url":"https:\/\/anoticiaonline.com.br\/site\/hospital-do-cancer-de-muriae-adere-ao-movimento-luto-pela-saude\/","robots":"max-image-preview:large","keywords":"","webmasterTools":{"miscellaneous":""},"schema":{"@context":"https:\/\/schema.org","@graph":[{"@type":"BlogPosting","@id":"https:\/\/anoticiaonline.com.br\/site\/hospital-do-cancer-de-muriae-adere-ao-movimento-luto-pela-saude\/#blogposting","name":"Hospitais de Muria\u00e9 aderem ao movimento \u201cLuto Pela Sa\u00fade\u201d - A Not\u00edcia Online","headline":"Hospitais de Muria\u00e9 aderem ao movimento \u201cLuto Pela Sa\u00fade\u201d","author":{"@id":"https:\/\/anoticiaonline.com.br\/site\/author\/juliana\/#author"},"publisher":{"@id":"https:\/\/anoticiaonline.com.br\/site\/#organization"},"image":{"@type":"ImageObject","url":"https:\/\/anoticiaonline.com.br\/site\/wp-content\/uploads\/2015\/12\/Banner-Luto-Pela-Sa\u00fade-Site.jpg","width":640,"height":184},"datePublished":"2015-12-02T09:08:51-03:00","dateModified":"2015-12-02T10:52:29-03:00","inLanguage":"pt-BR","mainEntityOfPage":{"@id":"https:\/\/anoticiaonline.com.br\/site\/hospital-do-cancer-de-muriae-adere-ao-movimento-luto-pela-saude\/#webpage"},"isPartOf":{"@id":"https:\/\/anoticiaonline.com.br\/site\/hospital-do-cancer-de-muriae-adere-ao-movimento-luto-pela-saude\/#webpage"},"articleSection":"Blog, slide"},{"@type":"BreadcrumbList","@id":"https:\/\/anoticiaonline.com.br\/site\/hospital-do-cancer-de-muriae-adere-ao-movimento-luto-pela-saude\/#breadcrumblist","itemListElement":[{"@type":"ListItem","@id":"https:\/\/anoticiaonline.com.br\/site#listItem","position":1,"name":"Home","item":"https:\/\/anoticiaonline.com.br\/site","nextItem":{"@type":"ListItem","@id":"https:\/\/anoticiaonline.com.br\/site\/categoria\/muriae\/#listItem","name":"Blog"}},{"@type":"ListItem","@id":"https:\/\/anoticiaonline.com.br\/site\/categoria\/muriae\/#listItem","position":2,"name":"Blog","item":"https:\/\/anoticiaonline.com.br\/site\/categoria\/muriae\/","nextItem":{"@type":"ListItem","@id":"https:\/\/anoticiaonline.com.br\/site\/hospital-do-cancer-de-muriae-adere-ao-movimento-luto-pela-saude\/#listItem","name":"Hospitais de Muria\u00e9 aderem ao movimento \u201cLuto Pela Sa\u00fade\u201d"},"previousItem":{"@type":"ListItem","@id":"https:\/\/anoticiaonline.com.br\/site#listItem","name":"Home"}},{"@type":"ListItem","@id":"https:\/\/anoticiaonline.com.br\/site\/hospital-do-cancer-de-muriae-adere-ao-movimento-luto-pela-saude\/#listItem","position":3,"name":"Hospitais de Muria\u00e9 aderem ao movimento \u201cLuto Pela Sa\u00fade\u201d","previousItem":{"@type":"ListItem","@id":"https:\/\/anoticiaonline.com.br\/site\/categoria\/muriae\/#listItem","name":"Blog"}}]},{"@type":"Organization","@id":"https:\/\/anoticiaonline.com.br\/site\/#organization","name":"A Not\u00edcia Online","description":"Noticias de Muria\u00e9 e regi\u00e3o","url":"https:\/\/anoticiaonline.com.br\/site\/","logo":{"@type":"ImageObject","url":"https:\/\/scontent-gig4-1.xx.fbcdn.net\/v\/t39.30808-1\/270437624_4564083193639691_6907940295614233970_n.jpg?stp=dst-jpg_s200x200_tt6&_nc_cat=111&ccb=1-7&_nc_sid=f907e8&_nc_ohc=SM1wRlP3lJwQ7kNvwEPuBYA&_nc_oc=AdnqrjDN_BNjSSHWO-GbkIWH6fkGMLw4bqvL_NH6e2wMveX7G-rP2dAqsDSq1mJMOaY&_nc_zt=24&_nc_ht=scontent-gig4-1.xx&_nc_gid=AoBFJeGrT1hVaew_6rchkQ&oh=00_AfX7QmFGhQhG2jAllVgXCiM1ZrWgvtp80-Bfppyexh1QEg&oe=689E923C","@id":"https:\/\/anoticiaonline.com.br\/site\/hospital-do-cancer-de-muriae-adere-ao-movimento-luto-pela-saude\/#organizationLogo"},"image":{"@id":"https:\/\/anoticiaonline.com.br\/site\/hospital-do-cancer-de-muriae-adere-ao-movimento-luto-pela-saude\/#organizationLogo"}},{"@type":"Person","@id":"https:\/\/anoticiaonline.com.br\/site\/author\/juliana\/#author","url":"https:\/\/anoticiaonline.com.br\/site\/author\/juliana\/","name":"Juliana Laviola","image":{"@type":"ImageObject","@id":"https:\/\/anoticiaonline.com.br\/site\/hospital-do-cancer-de-muriae-adere-ao-movimento-luto-pela-saude\/#authorImage","url":"https:\/\/secure.gravatar.com\/avatar\/b8d45f5c699b100dfaf0e543582f38f38bf94cb7ae3a5e9abf8d891a34773335?s=96&d=mm&r=g","width":96,"height":96,"caption":"Juliana Laviola"}},{"@type":"WebPage","@id":"https:\/\/anoticiaonline.com.br\/site\/hospital-do-cancer-de-muriae-adere-ao-movimento-luto-pela-saude\/#webpage","url":"https:\/\/anoticiaonline.com.br\/site\/hospital-do-cancer-de-muriae-adere-ao-movimento-luto-pela-saude\/","name":"Hospitais de Muria\u00e9 aderem ao movimento \u201cLuto Pela Sa\u00fade\u201d - A Not\u00edcia Online","description":"O Hospital S\u00e3o Paulo e o Hospital do C\u00e2ncer de Muria\u00e9 da Funda\u00e7\u00e3o Cristiano Varella aderiram ao movimento \u201cLuto Pela Sa\u00fade\u201d, uma manifesta\u00e7\u00e3o organizada pela Federa\u00e7\u00e3o das Santas Casas e Hospitais Filantr\u00f3picos de Minas Gerais, Federassantas, com os hospitais filantr\u00f3picos para protestar quanto ao parcelamento dos repasses dos recursos federais destinados \u00e0 \u00e1rea da sa\u00fade","inLanguage":"pt-BR","isPartOf":{"@id":"https:\/\/anoticiaonline.com.br\/site\/#website"},"breadcrumb":{"@id":"https:\/\/anoticiaonline.com.br\/site\/hospital-do-cancer-de-muriae-adere-ao-movimento-luto-pela-saude\/#breadcrumblist"},"author":{"@id":"https:\/\/anoticiaonline.com.br\/site\/author\/juliana\/#author"},"creator":{"@id":"https:\/\/anoticiaonline.com.br\/site\/author\/juliana\/#author"},"image":{"@type":"ImageObject","url":"https:\/\/anoticiaonline.com.br\/site\/wp-content\/uploads\/2015\/12\/Banner-Luto-Pela-Sa\u00fade-Site.jpg","@id":"https:\/\/anoticiaonline.com.br\/site\/hospital-do-cancer-de-muriae-adere-ao-movimento-luto-pela-saude\/#mainImage","width":640,"height":184},"primaryImageOfPage":{"@id":"https:\/\/anoticiaonline.com.br\/site\/hospital-do-cancer-de-muriae-adere-ao-movimento-luto-pela-saude\/#mainImage"},"datePublished":"2015-12-02T09:08:51-03:00","dateModified":"2015-12-02T10:52:29-03:00"},{"@type":"WebSite","@id":"https:\/\/anoticiaonline.com.br\/site\/#website","url":"https:\/\/anoticiaonline.com.br\/site\/","name":"A Not\u00edcia Online","description":"Noticias de Muria\u00e9 e regi\u00e3o","inLanguage":"pt-BR","publisher":{"@id":"https:\/\/anoticiaonline.com.br\/site\/#organization"}}]},"og:locale":"pt_BR","og:site_name":"A Not\u00edcia Online - Noticias de Muria\u00e9 e regi\u00e3o","og:type":"article","og:title":"Hospitais de Muria\u00e9 aderem ao movimento \u201cLuto Pela Sa\u00fade\u201d - A Not\u00edcia Online","og:description":"O Hospital S\u00e3o Paulo e o Hospital do C\u00e2ncer de Muria\u00e9 da Funda\u00e7\u00e3o Cristiano Varella aderiram ao movimento \u201cLuto Pela Sa\u00fade\u201d, uma manifesta\u00e7\u00e3o organizada pela Federa\u00e7\u00e3o das Santas Casas e Hospitais Filantr\u00f3picos de Minas Gerais, Federassantas, com os hospitais filantr\u00f3picos para protestar quanto ao parcelamento dos repasses dos recursos federais destinados \u00e0 \u00e1rea da sa\u00fade","og:url":"https:\/\/anoticiaonline.com.br\/site\/hospital-do-cancer-de-muriae-adere-ao-movimento-luto-pela-saude\/","og:image":"https:\/\/scontent-gig4-1.xx.fbcdn.net\/v\/t39.30808-1\/270437624_4564083193639691_6907940295614233970_n.jpg?stp=dst-jpg_s200x200_tt6&#038;_nc_cat=111&#038;ccb=1-7&#038;_nc_sid=f907e8&#038;_nc_ohc=SM1wRlP3lJwQ7kNvwEPuBYA&#038;_nc_oc=AdnqrjDN_BNjSSHWO-GbkIWH6fkGMLw4bqvL_NH6e2wMveX7G-rP2dAqsDSq1mJMOaY&#038;_nc_zt=24&#038;_nc_ht=scontent-gig4-1.xx&#038;_nc_gid=AoBFJeGrT1hVaew_6rchkQ&#038;oh=00_AfX7QmFGhQhG2jAllVgXCiM1ZrWgvtp80-Bfppyexh1QEg&#038;oe=689E923C","og:image:secure_url":"https:\/\/scontent-gig4-1.xx.fbcdn.net\/v\/t39.30808-1\/270437624_4564083193639691_6907940295614233970_n.jpg?stp=dst-jpg_s200x200_tt6&#038;_nc_cat=111&#038;ccb=1-7&#038;_nc_sid=f907e8&#038;_nc_ohc=SM1wRlP3lJwQ7kNvwEPuBYA&#038;_nc_oc=AdnqrjDN_BNjSSHWO-GbkIWH6fkGMLw4bqvL_NH6e2wMveX7G-rP2dAqsDSq1mJMOaY&#038;_nc_zt=24&#038;_nc_ht=scontent-gig4-1.xx&#038;_nc_gid=AoBFJeGrT1hVaew_6rchkQ&#038;oh=00_AfX7QmFGhQhG2jAllVgXCiM1ZrWgvtp80-Bfppyexh1QEg&#038;oe=689E923C","article:published_time":"2015-12-02T12:08:51+00:00","article:modified_time":"2015-12-02T13:52:29+00:00","twitter:card":"summary_large_image","twitter:title":"Hospitais de Muria\u00e9 aderem ao movimento \u201cLuto Pela Sa\u00fade\u201d - A Not\u00edcia Online","twitter:description":"O Hospital S\u00e3o Paulo e o Hospital do C\u00e2ncer de Muria\u00e9 da Funda\u00e7\u00e3o Cristiano Varella aderiram ao movimento \u201cLuto Pela Sa\u00fade\u201d, uma manifesta\u00e7\u00e3o organizada pela Federa\u00e7\u00e3o das Santas Casas e Hospitais Filantr\u00f3picos de Minas Gerais, Federassantas, com os hospitais filantr\u00f3picos para protestar quanto ao parcelamento dos repasses dos recursos federais destinados \u00e0 \u00e1rea da sa\u00fade","twitter:image":"https:\/\/scontent-gig4-1.xx.fbcdn.net\/v\/t39.30808-1\/270437624_4564083193639691_6907940295614233970_n.jpg?stp=dst-jpg_s200x200_tt6&_nc_cat=111&ccb=1-7&_nc_sid=f907e8&_nc_ohc=SM1wRlP3lJwQ7kNvwEPuBYA&_nc_oc=AdnqrjDN_BNjSSHWO-GbkIWH6fkGMLw4bqvL_NH6e2wMveX7G-rP2dAqsDSq1mJMOaY&_nc_zt=24&_nc_ht=scontent-gig4-1.xx&_nc_gid=AoBFJeGrT1hVaew_6rchkQ&oh=00_AfX7QmFGhQhG2jAllVgXCiM1ZrWgvtp80-Bfppyexh1QEg&oe=689E923C"},"aioseo_meta_data":{"post_id":"7112","title":null,"description":null,"keywords":null,"keyphrases":null,"primary_term":null,"canonical_url":null,"og_title":null,"og_description":null,"og_object_type":"default","og_image_type":"default","og_image_url":null,"og_image_width":null,"og_image_height":null,"og_image_custom_url":null,"og_image_custom_fields":null,"og_video":null,"og_custom_url":null,"og_article_section":null,"og_article_tags":null,"twitter_use_og":false,"twitter_card":"default","twitter_image_type":"default","twitter_image_url":null,"twitter_image_custom_url":null,"twitter_image_custom_fields":null,"twitter_title":null,"twitter_description":null,"schema":{"blockGraphs":[],"customGraphs":[],"default":{"data":{"Article":[],"Course":[],"Dataset":[],"FAQPage":[],"Movie":[],"Person":[],"Product":[],"ProductReview":[],"Car":[],"Recipe":[],"Service":[],"SoftwareApplication":[],"WebPage":[]},"graphName":"","isEnabled":true},"graphs":[]},"schema_type":"default","schema_type_options":null,"pillar_content":false,"robots_default":true,"robots_noindex":false,"robots_noarchive":false,"robots_nosnippet":false,"robots_nofollow":false,"robots_noimageindex":false,"robots_noodp":false,"robots_notranslate":false,"robots_max_snippet":null,"robots_max_videopreview":null,"robots_max_imagepreview":"large","priority":null,"frequency":null,"local_seo":null,"breadcrumb_settings":null,"limit_modified_date":false,"ai":null,"created":"2025-08-16 14:20:33","updated":"2025-08-16 14:20:33","focus_keyword":null,"additional_keywords":null,"truseo_locale":null,"seo_analyzer_scan_date":null},"aioseo_breadcrumb":"<div class=\"aioseo-breadcrumbs\"><span class=\"aioseo-breadcrumb\">\n\t\t\t<a href=\"https:\/\/anoticiaonline.com.br\/site\" title=\"Home\">Home<\/a>\n\t\t<\/span><span class=\"aioseo-breadcrumb-separator\">&raquo;<\/span><span class=\"aioseo-breadcrumb\">\n\t\t\t<a href=\"https:\/\/anoticiaonline.com.br\/site\/categoria\/muriae\/\" title=\"Blog\">Blog<\/a>\n\t\t<\/span><span class=\"aioseo-breadcrumb-separator\">&raquo;<\/span><span class=\"aioseo-breadcrumb\">\n\t\t\tHospitais de Muria\u00e9 aderem ao movimento \u201cLuto Pela Sa\u00fade\u201d\n\t\t<\/span><\/div>","aioseo_breadcrumb_json":[{"label":"Home","link":"https:\/\/anoticiaonline.com.br\/site"},{"label":"Blog","link":"https:\/\/anoticiaonline.com.br\/site\/categoria\/muriae\/"},{"label":"Hospitais de Muria\u00e9 aderem ao movimento \u201cLuto Pela Sa\u00fade\u201d","link":"https:\/\/anoticiaonline.com.br\/site\/hospital-do-cancer-de-muriae-adere-ao-movimento-luto-pela-saude\/"}],"views":148,"_links":{"self":[{"href":"https:\/\/anoticiaonline.com.br\/site\/wp-json\/wp\/v2\/posts\/7112","targetHints":{"allow":["GET"]}}],"collection":[{"href":"https:\/\/anoticiaonline.com.br\/site\/wp-json\/wp\/v2\/posts"}],"about":[{"href":"https:\/\/anoticiaonline.com.br\/site\/wp-json\/wp\/v2\/types\/post"}],"author":[{"embeddable":true,"href":"https:\/\/anoticiaonline.com.br\/site\/wp-json\/wp\/v2\/users\/2"}],"replies":[{"embeddable":true,"href":"https:\/\/anoticiaonline.com.br\/site\/wp-json\/wp\/v2\/comments?post=7112"}],"version-history":[{"count":0,"href":"https:\/\/anoticiaonline.com.br\/site\/wp-json\/wp\/v2\/posts\/7112\/revisions"}],"wp:featuredmedia":[{"embeddable":true,"href":"https:\/\/anoticiaonline.com.br\/site\/wp-json\/wp\/v2\/media\/7113"}],"wp:attachment":[{"href":"https:\/\/anoticiaonline.com.br\/site\/wp-json\/wp\/v2\/media?parent=7112"}],"wp:term":[{"taxonomy":"category","embeddable":true,"href":"https:\/\/anoticiaonline.com.br\/site\/wp-json\/wp\/v2\/categories?post=7112"},{"taxonomy":"post_tag","embeddable":true,"href":"https:\/\/anoticiaonline.com.br\/site\/wp-json\/wp\/v2\/tags?post=7112"}],"curies":[{"name":"wp","href":"https:\/\/api.w.org\/{rel}","templated":true}]}}