{"id":7090,"date":"2015-11-30T13:41:33","date_gmt":"2015-11-30T16:41:33","guid":{"rendered":"http:\/\/anoticiaonline.com.br\/site\/?p=7090"},"modified":"2015-11-30T13:41:33","modified_gmt":"2015-11-30T16:41:33","slug":"operacao-natalina-policiamento-sera-reforcado-nos-centros-comerciais","status":"publish","type":"post","link":"https:\/\/anoticiaonline.com.br\/site\/operacao-natalina-policiamento-sera-reforcado-nos-centros-comerciais\/","title":{"rendered":"\u201cOpera\u00e7\u00e3o Natalina\u201d: policiamento ser\u00e1 refor\u00e7ado nos centros comerciais"},"content":{"rendered":"<p><a href=\"https:\/\/anoticiaonline.com.br\/site\/wp-content\/uploads\/2015\/11\/\u201cOpera\u00e7\u00e3o-Natalina\u201d-policiamento-ser\u00e1-refor\u00e7ado-nos-centros-comerciais.jpg\"><img fetchpriority=\"high\" decoding=\"async\" class=\" size-medium wp-image-7091 alignleft\" src=\"https:\/\/anoticiaonline.com.br\/site\/wp-content\/uploads\/2015\/11\/\u201cOpera\u00e7\u00e3o-Natalina\u201d-policiamento-ser\u00e1-refor\u00e7ado-nos-centros-comerciais-300x200.jpg\" alt=\"\u201cOpera\u00e7\u00e3o Natalina\u201d policiamento ser\u00e1 refor\u00e7ado nos centros comerciais\" width=\"300\" height=\"200\" srcset=\"https:\/\/anoticiaonline.com.br\/site\/wp-content\/uploads\/2015\/11\/\u201cOpera\u00e7\u00e3o-Natalina\u201d-policiamento-ser\u00e1-refor\u00e7ado-nos-centros-comerciais-300x200.jpg 300w, https:\/\/anoticiaonline.com.br\/site\/wp-content\/uploads\/2015\/11\/\u201cOpera\u00e7\u00e3o-Natalina\u201d-policiamento-ser\u00e1-refor\u00e7ado-nos-centros-comerciais-290x192.jpg 290w, https:\/\/anoticiaonline.com.br\/site\/wp-content\/uploads\/2015\/11\/\u201cOpera\u00e7\u00e3o-Natalina\u201d-policiamento-ser\u00e1-refor\u00e7ado-nos-centros-comerciais.jpg 640w\" sizes=\"(max-width: 300px) 100vw, 300px\" \/><\/a>O refor\u00e7o no policiamento nos centros comerciais da cidade, em hor\u00e1rios de maior fluxo no com\u00e9rcio, \u00e9 a principal estrat\u00e9gia da Opera\u00e7\u00e3o Natalina de 2015. A opera\u00e7\u00e3o \u00e9 uma a\u00e7\u00e3o preventiva, j\u00e1 que no m\u00eas de dezembro, especialmente, h\u00e1 um aumento no volume de compras e vendas e, com isso, uma possibilidade de maior incid\u00eancia de crimes contra o patrim\u00f4nio e contra a pessoa.<\/p>\n<p>\u201cPara isto, empregaremos militares da atividade meio (administra\u00e7\u00e3o do 47\u00ba Batalh\u00e3o de Pol\u00edcia Militar) nas ruas e tamb\u00e9m nos hor\u00e1rios de maior fluxo de pessoas. O emprego operacional ser\u00e1 di\u00e1rio em per\u00edodo determinado conforme an\u00e1lise criminal\u201d, explica o comandante da 76\u00aa Companhia de Pol\u00edcia Militar, capit\u00e3o Willdr\u00e9 Fortunato.<\/p>\n<p>O lan\u00e7amento aconteceu no \u00faltimo s\u00e1bado (28), na Pra\u00e7a Jo\u00e3o Pinheiro, Centro e contou com distribui\u00e7\u00e3o de panfletos com dicas de seguran\u00e7a e orienta\u00e7\u00e3o aos comerciantes. Cerca de 50 militares foram participaram do lan\u00e7amento da opera\u00e7\u00e3o.<\/p>\n<p>A a\u00e7\u00e3o ser\u00e1 realizada diariamente at\u00e9 o dia 3 de janeiro nos locais de maior circula\u00e7\u00e3o de pessoas e servi\u00e7os. J\u00e1 a partir do dia 4 de fevereiro, tem in\u00edcio em todo o estado a Opera\u00e7\u00e3o F\u00e9rias Seguras, que ser\u00e1 realizada at\u00e9 1\u00ba de fevereiro, com foco na preven\u00e7\u00e3o de crimes contra o patrim\u00f4nio.<\/p>\n","protected":false},"excerpt":{"rendered":"<p>O refor\u00e7o no policiamento nos centros comerciais da cidade, em hor\u00e1rios de maior fluxo no com\u00e9rcio, \u00e9 a principal estrat\u00e9gia da Opera\u00e7\u00e3o Natalina de 2015. A opera\u00e7\u00e3o \u00e9 uma a\u00e7\u00e3o preventiva, j\u00e1 que no m\u00eas de dezembro, especialmente, h\u00e1 um aumento no volume de compras e vendas e, com isso, uma possibilidade de maior incid\u00eancia &#8230; <a title=\"\u201cOpera\u00e7\u00e3o Natalina\u201d: policiamento ser\u00e1 refor\u00e7ado nos centros comerciais\" class=\"read-more\" href=\"https:\/\/anoticiaonline.com.br\/site\/operacao-natalina-policiamento-sera-reforcado-nos-centros-comerciais\/\" aria-label=\"Read more about \u201cOpera\u00e7\u00e3o Natalina\u201d: policiamento ser\u00e1 refor\u00e7ado nos centros comerciais\">Ler mais<\/a><\/p>\n","protected":false},"author":2,"featured_media":7091,"comment_status":"open","ping_status":"open","sticky":false,"template":"","format":"standard","meta":{"_acf_changed":false,"_monsterinsights_skip_tracking":false,"footnotes":""},"categories":[30],"tags":[3],"class_list":["post-7090","post","type-post","status-publish","format-standard","has-post-thumbnail","hentry","category-muriae","tag-slide"],"acf":[],"aioseo_notices":[],"aioseo_head":"\n\t\t<!-- All in One SEO 5.0.0.1 - aioseo.com -->\n\t<meta name=\"description\" content=\"O refor\u00e7o no policiamento nos centros comerciais da cidade, em hor\u00e1rios de maior fluxo no com\u00e9rcio, \u00e9 a principal estrat\u00e9gia da Opera\u00e7\u00e3o Natalina de 2015. A opera\u00e7\u00e3o \u00e9 uma a\u00e7\u00e3o preventiva, j\u00e1 que no m\u00eas de dezembro, especialmente, h\u00e1 um aumento no volume de compras e vendas e, com isso, uma possibilidade de maior incid\u00eancia\" \/>\n\t<meta name=\"robots\" content=\"max-image-preview:large\" \/>\n\t<meta name=\"author\" content=\"Juliana Laviola\"\/>\n\t<link rel=\"canonical\" href=\"https:\/\/anoticiaonline.com.br\/site\/operacao-natalina-policiamento-sera-reforcado-nos-centros-comerciais\/\" \/>\n\t<meta name=\"generator\" content=\"All in One SEO (AIOSEO) 5.0.0.1\" \/>\n\t\t<meta property=\"og:locale\" content=\"pt_BR\" \/>\n\t\t<meta property=\"og:site_name\" content=\"A Not\u00edcia Online - Noticias de Muria\u00e9 e regi\u00e3o\" \/>\n\t\t<meta property=\"og:type\" content=\"article\" \/>\n\t\t<meta property=\"og:title\" content=\"\u201cOpera\u00e7\u00e3o Natalina\u201d: policiamento ser\u00e1 refor\u00e7ado nos centros comerciais - A Not\u00edcia Online\" \/>\n\t\t<meta property=\"og:description\" content=\"O refor\u00e7o no policiamento nos centros comerciais da cidade, em hor\u00e1rios de maior fluxo no com\u00e9rcio, \u00e9 a principal estrat\u00e9gia da Opera\u00e7\u00e3o Natalina de 2015. A opera\u00e7\u00e3o \u00e9 uma a\u00e7\u00e3o preventiva, j\u00e1 que no m\u00eas de dezembro, especialmente, h\u00e1 um aumento no volume de compras e vendas e, com isso, uma possibilidade de maior incid\u00eancia\" \/>\n\t\t<meta property=\"og:url\" content=\"https:\/\/anoticiaonline.com.br\/site\/operacao-natalina-policiamento-sera-reforcado-nos-centros-comerciais\/\" \/>\n\t\t<meta property=\"og:image\" content=\"https:\/\/scontent-gig4-1.xx.fbcdn.net\/v\/t39.30808-1\/270437624_4564083193639691_6907940295614233970_n.jpg?stp=dst-jpg_s200x200_tt6&#038;_nc_cat=111&#038;ccb=1-7&#038;_nc_sid=f907e8&#038;_nc_ohc=SM1wRlP3lJwQ7kNvwEPuBYA&#038;_nc_oc=AdnqrjDN_BNjSSHWO-GbkIWH6fkGMLw4bqvL_NH6e2wMveX7G-rP2dAqsDSq1mJMOaY&#038;_nc_zt=24&#038;_nc_ht=scontent-gig4-1.xx&#038;_nc_gid=AoBFJeGrT1hVaew_6rchkQ&#038;oh=00_AfX7QmFGhQhG2jAllVgXCiM1ZrWgvtp80-Bfppyexh1QEg&#038;oe=689E923C\" \/>\n\t\t<meta property=\"og:image:secure_url\" content=\"https:\/\/scontent-gig4-1.xx.fbcdn.net\/v\/t39.30808-1\/270437624_4564083193639691_6907940295614233970_n.jpg?stp=dst-jpg_s200x200_tt6&#038;_nc_cat=111&#038;ccb=1-7&#038;_nc_sid=f907e8&#038;_nc_ohc=SM1wRlP3lJwQ7kNvwEPuBYA&#038;_nc_oc=AdnqrjDN_BNjSSHWO-GbkIWH6fkGMLw4bqvL_NH6e2wMveX7G-rP2dAqsDSq1mJMOaY&#038;_nc_zt=24&#038;_nc_ht=scontent-gig4-1.xx&#038;_nc_gid=AoBFJeGrT1hVaew_6rchkQ&#038;oh=00_AfX7QmFGhQhG2jAllVgXCiM1ZrWgvtp80-Bfppyexh1QEg&#038;oe=689E923C\" \/>\n\t\t<meta property=\"article:published_time\" content=\"2015-11-30T16:41:33+00:00\" \/>\n\t\t<meta property=\"article:modified_time\" content=\"2015-11-30T16:41:33+00:00\" \/>\n\t\t<meta name=\"twitter:card\" content=\"summary_large_image\" \/>\n\t\t<meta name=\"twitter:title\" content=\"\u201cOpera\u00e7\u00e3o Natalina\u201d: policiamento ser\u00e1 refor\u00e7ado nos centros comerciais - A Not\u00edcia Online\" \/>\n\t\t<meta name=\"twitter:description\" content=\"O refor\u00e7o no policiamento nos centros comerciais da cidade, em hor\u00e1rios de maior fluxo no com\u00e9rcio, \u00e9 a principal estrat\u00e9gia da Opera\u00e7\u00e3o Natalina de 2015. A opera\u00e7\u00e3o \u00e9 uma a\u00e7\u00e3o preventiva, j\u00e1 que no m\u00eas de dezembro, especialmente, h\u00e1 um aumento no volume de compras e vendas e, com isso, uma possibilidade de maior incid\u00eancia\" \/>\n\t\t<meta name=\"twitter:image\" content=\"https:\/\/scontent-gig4-1.xx.fbcdn.net\/v\/t39.30808-1\/270437624_4564083193639691_6907940295614233970_n.jpg?stp=dst-jpg_s200x200_tt6&amp;_nc_cat=111&amp;ccb=1-7&amp;_nc_sid=f907e8&amp;_nc_ohc=SM1wRlP3lJwQ7kNvwEPuBYA&amp;_nc_oc=AdnqrjDN_BNjSSHWO-GbkIWH6fkGMLw4bqvL_NH6e2wMveX7G-rP2dAqsDSq1mJMOaY&amp;_nc_zt=24&amp;_nc_ht=scontent-gig4-1.xx&amp;_nc_gid=AoBFJeGrT1hVaew_6rchkQ&amp;oh=00_AfX7QmFGhQhG2jAllVgXCiM1ZrWgvtp80-Bfppyexh1QEg&amp;oe=689E923C\" \/>\n\t\t<script type=\"application\/ld+json\" class=\"aioseo-schema\">\n\t\t\t{\"@context\":\"https:\\\/\\\/schema.org\",\"@graph\":[{\"@type\":\"BlogPosting\",\"@id\":\"https:\\\/\\\/anoticiaonline.com.br\\\/site\\\/operacao-natalina-policiamento-sera-reforcado-nos-centros-comerciais\\\/#blogposting\",\"name\":\"\\u201cOpera\\u00e7\\u00e3o Natalina\\u201d: policiamento ser\\u00e1 refor\\u00e7ado nos centros comerciais - A Not\\u00edcia Online\",\"headline\":\"\\u201cOpera\\u00e7\\u00e3o Natalina\\u201d: policiamento ser\\u00e1 refor\\u00e7ado nos centros comerciais\",\"author\":{\"@id\":\"https:\\\/\\\/anoticiaonline.com.br\\\/site\\\/author\\\/juliana\\\/#author\"},\"publisher\":{\"@id\":\"https:\\\/\\\/anoticiaonline.com.br\\\/site\\\/#organization\"},\"image\":{\"@type\":\"ImageObject\",\"url\":\"https:\\\/\\\/anoticiaonline.com.br\\\/site\\\/wp-content\\\/uploads\\\/2015\\\/11\\\/\\u201cOpera\\u00e7\\u00e3o-Natalina\\u201d-policiamento-ser\\u00e1-refor\\u00e7ado-nos-centros-comerciais.jpg\",\"width\":640,\"height\":426},\"datePublished\":\"2015-11-30T13:41:33-03:00\",\"dateModified\":\"2015-11-30T13:41:33-03:00\",\"inLanguage\":\"pt-BR\",\"mainEntityOfPage\":{\"@id\":\"https:\\\/\\\/anoticiaonline.com.br\\\/site\\\/operacao-natalina-policiamento-sera-reforcado-nos-centros-comerciais\\\/#webpage\"},\"isPartOf\":{\"@id\":\"https:\\\/\\\/anoticiaonline.com.br\\\/site\\\/operacao-natalina-policiamento-sera-reforcado-nos-centros-comerciais\\\/#webpage\"},\"articleSection\":\"Blog, slide\"},{\"@type\":\"BreadcrumbList\",\"@id\":\"https:\\\/\\\/anoticiaonline.com.br\\\/site\\\/operacao-natalina-policiamento-sera-reforcado-nos-centros-comerciais\\\/#breadcrumblist\",\"itemListElement\":[{\"@type\":\"ListItem\",\"@id\":\"https:\\\/\\\/anoticiaonline.com.br\\\/site#listItem\",\"position\":1,\"name\":\"Home\",\"item\":\"https:\\\/\\\/anoticiaonline.com.br\\\/site\",\"nextItem\":{\"@type\":\"ListItem\",\"@id\":\"https:\\\/\\\/anoticiaonline.com.br\\\/site\\\/categoria\\\/muriae\\\/#listItem\",\"name\":\"Blog\"}},{\"@type\":\"ListItem\",\"@id\":\"https:\\\/\\\/anoticiaonline.com.br\\\/site\\\/categoria\\\/muriae\\\/#listItem\",\"position\":2,\"name\":\"Blog\",\"item\":\"https:\\\/\\\/anoticiaonline.com.br\\\/site\\\/categoria\\\/muriae\\\/\",\"nextItem\":{\"@type\":\"ListItem\",\"@id\":\"https:\\\/\\\/anoticiaonline.com.br\\\/site\\\/operacao-natalina-policiamento-sera-reforcado-nos-centros-comerciais\\\/#listItem\",\"name\":\"\\u201cOpera\\u00e7\\u00e3o Natalina\\u201d: policiamento ser\\u00e1 refor\\u00e7ado nos centros comerciais\"},\"previousItem\":{\"@type\":\"ListItem\",\"@id\":\"https:\\\/\\\/anoticiaonline.com.br\\\/site#listItem\",\"name\":\"Home\"}},{\"@type\":\"ListItem\",\"@id\":\"https:\\\/\\\/anoticiaonline.com.br\\\/site\\\/operacao-natalina-policiamento-sera-reforcado-nos-centros-comerciais\\\/#listItem\",\"position\":3,\"name\":\"\\u201cOpera\\u00e7\\u00e3o Natalina\\u201d: policiamento ser\\u00e1 refor\\u00e7ado nos centros comerciais\",\"previousItem\":{\"@type\":\"ListItem\",\"@id\":\"https:\\\/\\\/anoticiaonline.com.br\\\/site\\\/categoria\\\/muriae\\\/#listItem\",\"name\":\"Blog\"}}]},{\"@type\":\"Organization\",\"@id\":\"https:\\\/\\\/anoticiaonline.com.br\\\/site\\\/#organization\",\"name\":\"A Not\\u00edcia Online\",\"description\":\"Noticias de Muria\\u00e9 e regi\\u00e3o\",\"url\":\"https:\\\/\\\/anoticiaonline.com.br\\\/site\\\/\",\"logo\":{\"@type\":\"ImageObject\",\"url\":\"https:\\\/\\\/scontent-gig4-1.xx.fbcdn.net\\\/v\\\/t39.30808-1\\\/270437624_4564083193639691_6907940295614233970_n.jpg?stp=dst-jpg_s200x200_tt6&_nc_cat=111&ccb=1-7&_nc_sid=f907e8&_nc_ohc=SM1wRlP3lJwQ7kNvwEPuBYA&_nc_oc=AdnqrjDN_BNjSSHWO-GbkIWH6fkGMLw4bqvL_NH6e2wMveX7G-rP2dAqsDSq1mJMOaY&_nc_zt=24&_nc_ht=scontent-gig4-1.xx&_nc_gid=AoBFJeGrT1hVaew_6rchkQ&oh=00_AfX7QmFGhQhG2jAllVgXCiM1ZrWgvtp80-Bfppyexh1QEg&oe=689E923C\",\"@id\":\"https:\\\/\\\/anoticiaonline.com.br\\\/site\\\/operacao-natalina-policiamento-sera-reforcado-nos-centros-comerciais\\\/#organizationLogo\"},\"image\":{\"@id\":\"https:\\\/\\\/anoticiaonline.com.br\\\/site\\\/operacao-natalina-policiamento-sera-reforcado-nos-centros-comerciais\\\/#organizationLogo\"}},{\"@type\":\"Person\",\"@id\":\"https:\\\/\\\/anoticiaonline.com.br\\\/site\\\/author\\\/juliana\\\/#author\",\"url\":\"https:\\\/\\\/anoticiaonline.com.br\\\/site\\\/author\\\/juliana\\\/\",\"name\":\"Juliana Laviola\",\"image\":{\"@type\":\"ImageObject\",\"@id\":\"https:\\\/\\\/anoticiaonline.com.br\\\/site\\\/operacao-natalina-policiamento-sera-reforcado-nos-centros-comerciais\\\/#authorImage\",\"url\":\"https:\\\/\\\/secure.gravatar.com\\\/avatar\\\/b8d45f5c699b100dfaf0e543582f38f38bf94cb7ae3a5e9abf8d891a34773335?s=96&d=mm&r=g\",\"width\":96,\"height\":96,\"caption\":\"Juliana Laviola\"}},{\"@type\":\"WebPage\",\"@id\":\"https:\\\/\\\/anoticiaonline.com.br\\\/site\\\/operacao-natalina-policiamento-sera-reforcado-nos-centros-comerciais\\\/#webpage\",\"url\":\"https:\\\/\\\/anoticiaonline.com.br\\\/site\\\/operacao-natalina-policiamento-sera-reforcado-nos-centros-comerciais\\\/\",\"name\":\"\\u201cOpera\\u00e7\\u00e3o Natalina\\u201d: policiamento ser\\u00e1 refor\\u00e7ado nos centros comerciais - A Not\\u00edcia Online\",\"description\":\"O refor\\u00e7o no policiamento nos centros comerciais da cidade, em hor\\u00e1rios de maior fluxo no com\\u00e9rcio, \\u00e9 a principal estrat\\u00e9gia da Opera\\u00e7\\u00e3o Natalina de 2015. A opera\\u00e7\\u00e3o \\u00e9 uma a\\u00e7\\u00e3o preventiva, j\\u00e1 que no m\\u00eas de dezembro, especialmente, h\\u00e1 um aumento no volume de compras e vendas e, com isso, uma possibilidade de maior incid\\u00eancia\",\"inLanguage\":\"pt-BR\",\"isPartOf\":{\"@id\":\"https:\\\/\\\/anoticiaonline.com.br\\\/site\\\/#website\"},\"breadcrumb\":{\"@id\":\"https:\\\/\\\/anoticiaonline.com.br\\\/site\\\/operacao-natalina-policiamento-sera-reforcado-nos-centros-comerciais\\\/#breadcrumblist\"},\"author\":{\"@id\":\"https:\\\/\\\/anoticiaonline.com.br\\\/site\\\/author\\\/juliana\\\/#author\"},\"creator\":{\"@id\":\"https:\\\/\\\/anoticiaonline.com.br\\\/site\\\/author\\\/juliana\\\/#author\"},\"image\":{\"@type\":\"ImageObject\",\"url\":\"https:\\\/\\\/anoticiaonline.com.br\\\/site\\\/wp-content\\\/uploads\\\/2015\\\/11\\\/\\u201cOpera\\u00e7\\u00e3o-Natalina\\u201d-policiamento-ser\\u00e1-refor\\u00e7ado-nos-centros-comerciais.jpg\",\"@id\":\"https:\\\/\\\/anoticiaonline.com.br\\\/site\\\/operacao-natalina-policiamento-sera-reforcado-nos-centros-comerciais\\\/#mainImage\",\"width\":640,\"height\":426},\"primaryImageOfPage\":{\"@id\":\"https:\\\/\\\/anoticiaonline.com.br\\\/site\\\/operacao-natalina-policiamento-sera-reforcado-nos-centros-comerciais\\\/#mainImage\"},\"datePublished\":\"2015-11-30T13:41:33-03:00\",\"dateModified\":\"2015-11-30T13:41:33-03:00\"},{\"@type\":\"WebSite\",\"@id\":\"https:\\\/\\\/anoticiaonline.com.br\\\/site\\\/#website\",\"url\":\"https:\\\/\\\/anoticiaonline.com.br\\\/site\\\/\",\"name\":\"A Not\\u00edcia Online\",\"description\":\"Noticias de Muria\\u00e9 e regi\\u00e3o\",\"inLanguage\":\"pt-BR\",\"publisher\":{\"@id\":\"https:\\\/\\\/anoticiaonline.com.br\\\/site\\\/#organization\"}}]}\n\t\t<\/script>\n\t\t<!-- All in One SEO -->\n\n","aioseo_head_json":{"title":"\u201cOpera\u00e7\u00e3o Natalina\u201d: policiamento ser\u00e1 refor\u00e7ado nos centros comerciais - A Not\u00edcia Online","description":"O refor\u00e7o no policiamento nos centros comerciais da cidade, em hor\u00e1rios de maior fluxo no com\u00e9rcio, \u00e9 a principal estrat\u00e9gia da Opera\u00e7\u00e3o Natalina de 2015. A opera\u00e7\u00e3o \u00e9 uma a\u00e7\u00e3o preventiva, j\u00e1 que no m\u00eas de dezembro, especialmente, h\u00e1 um aumento no volume de compras e vendas e, com isso, uma possibilidade de maior incid\u00eancia","canonical_url":"https:\/\/anoticiaonline.com.br\/site\/operacao-natalina-policiamento-sera-reforcado-nos-centros-comerciais\/","robots":"max-image-preview:large","keywords":"","webmasterTools":{"miscellaneous":""},"schema":{"@context":"https:\/\/schema.org","@graph":[{"@type":"BlogPosting","@id":"https:\/\/anoticiaonline.com.br\/site\/operacao-natalina-policiamento-sera-reforcado-nos-centros-comerciais\/#blogposting","name":"\u201cOpera\u00e7\u00e3o Natalina\u201d: policiamento ser\u00e1 refor\u00e7ado nos centros comerciais - A Not\u00edcia Online","headline":"\u201cOpera\u00e7\u00e3o Natalina\u201d: policiamento ser\u00e1 refor\u00e7ado nos centros comerciais","author":{"@id":"https:\/\/anoticiaonline.com.br\/site\/author\/juliana\/#author"},"publisher":{"@id":"https:\/\/anoticiaonline.com.br\/site\/#organization"},"image":{"@type":"ImageObject","url":"https:\/\/anoticiaonline.com.br\/site\/wp-content\/uploads\/2015\/11\/\u201cOpera\u00e7\u00e3o-Natalina\u201d-policiamento-ser\u00e1-refor\u00e7ado-nos-centros-comerciais.jpg","width":640,"height":426},"datePublished":"2015-11-30T13:41:33-03:00","dateModified":"2015-11-30T13:41:33-03:00","inLanguage":"pt-BR","mainEntityOfPage":{"@id":"https:\/\/anoticiaonline.com.br\/site\/operacao-natalina-policiamento-sera-reforcado-nos-centros-comerciais\/#webpage"},"isPartOf":{"@id":"https:\/\/anoticiaonline.com.br\/site\/operacao-natalina-policiamento-sera-reforcado-nos-centros-comerciais\/#webpage"},"articleSection":"Blog, slide"},{"@type":"BreadcrumbList","@id":"https:\/\/anoticiaonline.com.br\/site\/operacao-natalina-policiamento-sera-reforcado-nos-centros-comerciais\/#breadcrumblist","itemListElement":[{"@type":"ListItem","@id":"https:\/\/anoticiaonline.com.br\/site#listItem","position":1,"name":"Home","item":"https:\/\/anoticiaonline.com.br\/site","nextItem":{"@type":"ListItem","@id":"https:\/\/anoticiaonline.com.br\/site\/categoria\/muriae\/#listItem","name":"Blog"}},{"@type":"ListItem","@id":"https:\/\/anoticiaonline.com.br\/site\/categoria\/muriae\/#listItem","position":2,"name":"Blog","item":"https:\/\/anoticiaonline.com.br\/site\/categoria\/muriae\/","nextItem":{"@type":"ListItem","@id":"https:\/\/anoticiaonline.com.br\/site\/operacao-natalina-policiamento-sera-reforcado-nos-centros-comerciais\/#listItem","name":"\u201cOpera\u00e7\u00e3o Natalina\u201d: policiamento ser\u00e1 refor\u00e7ado nos centros comerciais"},"previousItem":{"@type":"ListItem","@id":"https:\/\/anoticiaonline.com.br\/site#listItem","name":"Home"}},{"@type":"ListItem","@id":"https:\/\/anoticiaonline.com.br\/site\/operacao-natalina-policiamento-sera-reforcado-nos-centros-comerciais\/#listItem","position":3,"name":"\u201cOpera\u00e7\u00e3o Natalina\u201d: policiamento ser\u00e1 refor\u00e7ado nos centros comerciais","previousItem":{"@type":"ListItem","@id":"https:\/\/anoticiaonline.com.br\/site\/categoria\/muriae\/#listItem","name":"Blog"}}]},{"@type":"Organization","@id":"https:\/\/anoticiaonline.com.br\/site\/#organization","name":"A Not\u00edcia Online","description":"Noticias de Muria\u00e9 e regi\u00e3o","url":"https:\/\/anoticiaonline.com.br\/site\/","logo":{"@type":"ImageObject","url":"https:\/\/scontent-gig4-1.xx.fbcdn.net\/v\/t39.30808-1\/270437624_4564083193639691_6907940295614233970_n.jpg?stp=dst-jpg_s200x200_tt6&_nc_cat=111&ccb=1-7&_nc_sid=f907e8&_nc_ohc=SM1wRlP3lJwQ7kNvwEPuBYA&_nc_oc=AdnqrjDN_BNjSSHWO-GbkIWH6fkGMLw4bqvL_NH6e2wMveX7G-rP2dAqsDSq1mJMOaY&_nc_zt=24&_nc_ht=scontent-gig4-1.xx&_nc_gid=AoBFJeGrT1hVaew_6rchkQ&oh=00_AfX7QmFGhQhG2jAllVgXCiM1ZrWgvtp80-Bfppyexh1QEg&oe=689E923C","@id":"https:\/\/anoticiaonline.com.br\/site\/operacao-natalina-policiamento-sera-reforcado-nos-centros-comerciais\/#organizationLogo"},"image":{"@id":"https:\/\/anoticiaonline.com.br\/site\/operacao-natalina-policiamento-sera-reforcado-nos-centros-comerciais\/#organizationLogo"}},{"@type":"Person","@id":"https:\/\/anoticiaonline.com.br\/site\/author\/juliana\/#author","url":"https:\/\/anoticiaonline.com.br\/site\/author\/juliana\/","name":"Juliana Laviola","image":{"@type":"ImageObject","@id":"https:\/\/anoticiaonline.com.br\/site\/operacao-natalina-policiamento-sera-reforcado-nos-centros-comerciais\/#authorImage","url":"https:\/\/secure.gravatar.com\/avatar\/b8d45f5c699b100dfaf0e543582f38f38bf94cb7ae3a5e9abf8d891a34773335?s=96&d=mm&r=g","width":96,"height":96,"caption":"Juliana Laviola"}},{"@type":"WebPage","@id":"https:\/\/anoticiaonline.com.br\/site\/operacao-natalina-policiamento-sera-reforcado-nos-centros-comerciais\/#webpage","url":"https:\/\/anoticiaonline.com.br\/site\/operacao-natalina-policiamento-sera-reforcado-nos-centros-comerciais\/","name":"\u201cOpera\u00e7\u00e3o Natalina\u201d: policiamento ser\u00e1 refor\u00e7ado nos centros comerciais - A Not\u00edcia Online","description":"O refor\u00e7o no policiamento nos centros comerciais da cidade, em hor\u00e1rios de maior fluxo no com\u00e9rcio, \u00e9 a principal estrat\u00e9gia da Opera\u00e7\u00e3o Natalina de 2015. A opera\u00e7\u00e3o \u00e9 uma a\u00e7\u00e3o preventiva, j\u00e1 que no m\u00eas de dezembro, especialmente, h\u00e1 um aumento no volume de compras e vendas e, com isso, uma possibilidade de maior incid\u00eancia","inLanguage":"pt-BR","isPartOf":{"@id":"https:\/\/anoticiaonline.com.br\/site\/#website"},"breadcrumb":{"@id":"https:\/\/anoticiaonline.com.br\/site\/operacao-natalina-policiamento-sera-reforcado-nos-centros-comerciais\/#breadcrumblist"},"author":{"@id":"https:\/\/anoticiaonline.com.br\/site\/author\/juliana\/#author"},"creator":{"@id":"https:\/\/anoticiaonline.com.br\/site\/author\/juliana\/#author"},"image":{"@type":"ImageObject","url":"https:\/\/anoticiaonline.com.br\/site\/wp-content\/uploads\/2015\/11\/\u201cOpera\u00e7\u00e3o-Natalina\u201d-policiamento-ser\u00e1-refor\u00e7ado-nos-centros-comerciais.jpg","@id":"https:\/\/anoticiaonline.com.br\/site\/operacao-natalina-policiamento-sera-reforcado-nos-centros-comerciais\/#mainImage","width":640,"height":426},"primaryImageOfPage":{"@id":"https:\/\/anoticiaonline.com.br\/site\/operacao-natalina-policiamento-sera-reforcado-nos-centros-comerciais\/#mainImage"},"datePublished":"2015-11-30T13:41:33-03:00","dateModified":"2015-11-30T13:41:33-03:00"},{"@type":"WebSite","@id":"https:\/\/anoticiaonline.com.br\/site\/#website","url":"https:\/\/anoticiaonline.com.br\/site\/","name":"A Not\u00edcia Online","description":"Noticias de Muria\u00e9 e regi\u00e3o","inLanguage":"pt-BR","publisher":{"@id":"https:\/\/anoticiaonline.com.br\/site\/#organization"}}]},"og:locale":"pt_BR","og:site_name":"A Not\u00edcia Online - Noticias de Muria\u00e9 e regi\u00e3o","og:type":"article","og:title":"\u201cOpera\u00e7\u00e3o Natalina\u201d: policiamento ser\u00e1 refor\u00e7ado nos centros comerciais - A Not\u00edcia Online","og:description":"O refor\u00e7o no policiamento nos centros comerciais da cidade, em hor\u00e1rios de maior fluxo no com\u00e9rcio, \u00e9 a principal estrat\u00e9gia da Opera\u00e7\u00e3o Natalina de 2015. A opera\u00e7\u00e3o \u00e9 uma a\u00e7\u00e3o preventiva, j\u00e1 que no m\u00eas de dezembro, especialmente, h\u00e1 um aumento no volume de compras e vendas e, com isso, uma possibilidade de maior incid\u00eancia","og:url":"https:\/\/anoticiaonline.com.br\/site\/operacao-natalina-policiamento-sera-reforcado-nos-centros-comerciais\/","og:image":"https:\/\/scontent-gig4-1.xx.fbcdn.net\/v\/t39.30808-1\/270437624_4564083193639691_6907940295614233970_n.jpg?stp=dst-jpg_s200x200_tt6&#038;_nc_cat=111&#038;ccb=1-7&#038;_nc_sid=f907e8&#038;_nc_ohc=SM1wRlP3lJwQ7kNvwEPuBYA&#038;_nc_oc=AdnqrjDN_BNjSSHWO-GbkIWH6fkGMLw4bqvL_NH6e2wMveX7G-rP2dAqsDSq1mJMOaY&#038;_nc_zt=24&#038;_nc_ht=scontent-gig4-1.xx&#038;_nc_gid=AoBFJeGrT1hVaew_6rchkQ&#038;oh=00_AfX7QmFGhQhG2jAllVgXCiM1ZrWgvtp80-Bfppyexh1QEg&#038;oe=689E923C","og:image:secure_url":"https:\/\/scontent-gig4-1.xx.fbcdn.net\/v\/t39.30808-1\/270437624_4564083193639691_6907940295614233970_n.jpg?stp=dst-jpg_s200x200_tt6&#038;_nc_cat=111&#038;ccb=1-7&#038;_nc_sid=f907e8&#038;_nc_ohc=SM1wRlP3lJwQ7kNvwEPuBYA&#038;_nc_oc=AdnqrjDN_BNjSSHWO-GbkIWH6fkGMLw4bqvL_NH6e2wMveX7G-rP2dAqsDSq1mJMOaY&#038;_nc_zt=24&#038;_nc_ht=scontent-gig4-1.xx&#038;_nc_gid=AoBFJeGrT1hVaew_6rchkQ&#038;oh=00_AfX7QmFGhQhG2jAllVgXCiM1ZrWgvtp80-Bfppyexh1QEg&#038;oe=689E923C","article:published_time":"2015-11-30T16:41:33+00:00","article:modified_time":"2015-11-30T16:41:33+00:00","twitter:card":"summary_large_image","twitter:title":"\u201cOpera\u00e7\u00e3o Natalina\u201d: policiamento ser\u00e1 refor\u00e7ado nos centros comerciais - A Not\u00edcia Online","twitter:description":"O refor\u00e7o no policiamento nos centros comerciais da cidade, em hor\u00e1rios de maior fluxo no com\u00e9rcio, \u00e9 a principal estrat\u00e9gia da Opera\u00e7\u00e3o Natalina de 2015. A opera\u00e7\u00e3o \u00e9 uma a\u00e7\u00e3o preventiva, j\u00e1 que no m\u00eas de dezembro, especialmente, h\u00e1 um aumento no volume de compras e vendas e, com isso, uma possibilidade de maior incid\u00eancia","twitter:image":"https:\/\/scontent-gig4-1.xx.fbcdn.net\/v\/t39.30808-1\/270437624_4564083193639691_6907940295614233970_n.jpg?stp=dst-jpg_s200x200_tt6&_nc_cat=111&ccb=1-7&_nc_sid=f907e8&_nc_ohc=SM1wRlP3lJwQ7kNvwEPuBYA&_nc_oc=AdnqrjDN_BNjSSHWO-GbkIWH6fkGMLw4bqvL_NH6e2wMveX7G-rP2dAqsDSq1mJMOaY&_nc_zt=24&_nc_ht=scontent-gig4-1.xx&_nc_gid=AoBFJeGrT1hVaew_6rchkQ&oh=00_AfX7QmFGhQhG2jAllVgXCiM1ZrWgvtp80-Bfppyexh1QEg&oe=689E923C"},"aioseo_meta_data":{"post_id":"7090","title":null,"description":null,"keywords":null,"keyphrases":null,"primary_term":null,"canonical_url":null,"og_title":null,"og_description":null,"og_object_type":"default","og_image_type":"default","og_image_url":null,"og_image_width":null,"og_image_height":null,"og_image_custom_url":null,"og_image_custom_fields":null,"og_video":null,"og_custom_url":null,"og_article_section":null,"og_article_tags":null,"twitter_use_og":false,"twitter_card":"default","twitter_image_type":"default","twitter_image_url":null,"twitter_image_custom_url":null,"twitter_image_custom_fields":null,"twitter_title":null,"twitter_description":null,"schema":{"blockGraphs":[],"customGraphs":[],"default":{"data":{"Article":[],"Course":[],"Dataset":[],"FAQPage":[],"Movie":[],"Person":[],"Product":[],"ProductReview":[],"Car":[],"Recipe":[],"Service":[],"SoftwareApplication":[],"WebPage":[]},"graphName":"","isEnabled":true},"graphs":[]},"schema_type":"default","schema_type_options":null,"pillar_content":false,"robots_default":true,"robots_noindex":false,"robots_noarchive":false,"robots_nosnippet":false,"robots_nofollow":false,"robots_noimageindex":false,"robots_noodp":false,"robots_notranslate":false,"robots_max_snippet":null,"robots_max_videopreview":null,"robots_max_imagepreview":"large","priority":null,"frequency":null,"local_seo":null,"breadcrumb_settings":null,"limit_modified_date":false,"ai":null,"created":"2025-08-16 14:20:33","updated":"2025-08-16 14:20:33","focus_keyword":null,"additional_keywords":null,"truseo_locale":null,"seo_analyzer_scan_date":null},"aioseo_breadcrumb":"<div class=\"aioseo-breadcrumbs\"><span class=\"aioseo-breadcrumb\">\n\t\t\t<a href=\"https:\/\/anoticiaonline.com.br\/site\" title=\"Home\">Home<\/a>\n\t\t<\/span><span class=\"aioseo-breadcrumb-separator\">&raquo;<\/span><span class=\"aioseo-breadcrumb\">\n\t\t\t<a href=\"https:\/\/anoticiaonline.com.br\/site\/categoria\/muriae\/\" title=\"Blog\">Blog<\/a>\n\t\t<\/span><span class=\"aioseo-breadcrumb-separator\">&raquo;<\/span><span class=\"aioseo-breadcrumb\">\n\t\t\t\u201cOpera\u00e7\u00e3o Natalina\u201d: policiamento ser\u00e1 refor\u00e7ado nos centros comerciais\n\t\t<\/span><\/div>","aioseo_breadcrumb_json":[{"label":"Home","link":"https:\/\/anoticiaonline.com.br\/site"},{"label":"Blog","link":"https:\/\/anoticiaonline.com.br\/site\/categoria\/muriae\/"},{"label":"\u201cOpera\u00e7\u00e3o Natalina\u201d: policiamento ser\u00e1 refor\u00e7ado nos centros comerciais","link":"https:\/\/anoticiaonline.com.br\/site\/operacao-natalina-policiamento-sera-reforcado-nos-centros-comerciais\/"}],"views":134,"_links":{"self":[{"href":"https:\/\/anoticiaonline.com.br\/site\/wp-json\/wp\/v2\/posts\/7090","targetHints":{"allow":["GET"]}}],"collection":[{"href":"https:\/\/anoticiaonline.com.br\/site\/wp-json\/wp\/v2\/posts"}],"about":[{"href":"https:\/\/anoticiaonline.com.br\/site\/wp-json\/wp\/v2\/types\/post"}],"author":[{"embeddable":true,"href":"https:\/\/anoticiaonline.com.br\/site\/wp-json\/wp\/v2\/users\/2"}],"replies":[{"embeddable":true,"href":"https:\/\/anoticiaonline.com.br\/site\/wp-json\/wp\/v2\/comments?post=7090"}],"version-history":[{"count":0,"href":"https:\/\/anoticiaonline.com.br\/site\/wp-json\/wp\/v2\/posts\/7090\/revisions"}],"wp:featuredmedia":[{"embeddable":true,"href":"https:\/\/anoticiaonline.com.br\/site\/wp-json\/wp\/v2\/media\/7091"}],"wp:attachment":[{"href":"https:\/\/anoticiaonline.com.br\/site\/wp-json\/wp\/v2\/media?parent=7090"}],"wp:term":[{"taxonomy":"category","embeddable":true,"href":"https:\/\/anoticiaonline.com.br\/site\/wp-json\/wp\/v2\/categories?post=7090"},{"taxonomy":"post_tag","embeddable":true,"href":"https:\/\/anoticiaonline.com.br\/site\/wp-json\/wp\/v2\/tags?post=7090"}],"curies":[{"name":"wp","href":"https:\/\/api.w.org\/{rel}","templated":true}]}}