{"id":7034,"date":"2015-11-30T09:34:34","date_gmt":"2015-11-30T12:34:34","guid":{"rendered":"http:\/\/anoticiaonline.com.br\/site\/?p=7034"},"modified":"2015-11-30T09:34:34","modified_gmt":"2015-11-30T12:34:34","slug":"mais-400-criancas-se-formam-no-proerd-veja-galeria-de-fotos","status":"publish","type":"post","link":"https:\/\/anoticiaonline.com.br\/site\/mais-400-criancas-se-formam-no-proerd-veja-galeria-de-fotos\/","title":{"rendered":"Mais 400 crian\u00e7as se formam no Proerd; veja galeria de fotos"},"content":{"rendered":"<p><a href=\"https:\/\/anoticiaonline.com.br\/site\/wp-content\/uploads\/2015\/11\/DSC09849.jpg\"><img fetchpriority=\"high\" decoding=\"async\" class=\" size-medium wp-image-7035 alignleft\" src=\"https:\/\/anoticiaonline.com.br\/site\/wp-content\/uploads\/2015\/11\/DSC09849-300x225.jpg\" alt=\"DSC09849\" width=\"300\" height=\"225\" srcset=\"https:\/\/anoticiaonline.com.br\/site\/wp-content\/uploads\/2015\/11\/DSC09849-300x225.jpg 300w, https:\/\/anoticiaonline.com.br\/site\/wp-content\/uploads\/2015\/11\/DSC09849.jpg 640w\" sizes=\"(max-width: 300px) 100vw, 300px\" \/><\/a>Mais 400 crian\u00e7as da rede municipal e estadual de ensino se formaram no Programa Educacional de Resist\u00eancia \u00e0s Drogas (Proerd), desenvolvido pela Pol\u00edcia Militar. A solenidade de entrega dos certificados aconteceu na \u00faltima quinta-feira (26), no Anfiteatro do Col\u00e9gio Santa Marcelina.<\/p>\n<p>Al\u00e9m de familiares dos alunos, o evento contou com a presen\u00e7a do comandante do 47\u00ba Batalh\u00e3o de Pol\u00edcia Militar, tenente-coronel Naz\u00e1rio, do promotor de Justi\u00e7a da Inf\u00e2ncia e Juventude da Comarca de Muria\u00e9, F\u00e1bio Laureano, do presidente do Consep, Walney Rosa, da secret\u00e1ria Municipal de Educa\u00e7\u00e3o, Cristina Navarro, do presidente do Lions Club Muria\u00e9 Centro, capit\u00e3o Saulo Bento da Cunha, do superintendente de Ensino, Sandro Carrizo, do vereador Jair Abreu, dentre outras autoridades.<\/p>\n<p>A formatura contou com a participa\u00e7\u00e3o da Banda Marcial Bernadete Carneiro, do bairro Padre Tiago, e tamb\u00e9m com apresenta\u00e7\u00e3o teatral tem\u00e1tica sobre o perigo das drogas, al\u00e9m de coreografia e sorteio de pr\u00eamios.<\/p>\n<p>Os formandos do segundo semestre s\u00e3o alunos dos 5\u00ba, 6\u00ba e 7\u00ba anos das escolas municipais Clara de Castro Rog\u00e9rio e C\u00e2ndido Portinari e escolas estaduais Maria Ant\u00f4nia Muglia, Maria Augusta Silva Ara\u00fajo, Columba Teixeira e Silva e Domiciano Cerqueira (Cachoeira Alegre &#8211; distrito de Bar\u00e3o do Monte Alto).<\/p>\n<p><img decoding=\"async\" class=\"ngg_displayed_gallery mceItem\" src=\"https:\/\/anoticiaonline.com.br\/site\/nextgen-attach_to_post\/preview\/id--7052\" alt=\"\" \/><\/p>\n","protected":false},"excerpt":{"rendered":"<p>Mais 400 crian\u00e7as da rede municipal e estadual de ensino se formaram no Programa Educacional de Resist\u00eancia \u00e0s Drogas (Proerd), desenvolvido pela Pol\u00edcia Militar. A solenidade de entrega dos certificados aconteceu na \u00faltima quinta-feira (26), no Anfiteatro do Col\u00e9gio Santa Marcelina. Al\u00e9m de familiares dos alunos, o evento contou com a presen\u00e7a do comandante do &#8230; <a title=\"Mais 400 crian\u00e7as se formam no Proerd; veja galeria de fotos\" class=\"read-more\" href=\"https:\/\/anoticiaonline.com.br\/site\/mais-400-criancas-se-formam-no-proerd-veja-galeria-de-fotos\/\" aria-label=\"Read more about Mais 400 crian\u00e7as se formam no Proerd; veja galeria de fotos\">Ler mais<\/a><\/p>\n","protected":false},"author":2,"featured_media":7035,"comment_status":"open","ping_status":"open","sticky":false,"template":"","format":"standard","meta":{"_acf_changed":false,"_monsterinsights_skip_tracking":false,"footnotes":""},"categories":[30],"tags":[3],"class_list":["post-7034","post","type-post","status-publish","format-standard","has-post-thumbnail","hentry","category-muriae","tag-slide"],"acf":[],"aioseo_notices":[],"aioseo_head":"\n\t\t<!-- All in One SEO 5.0.0.1 - aioseo.com -->\n\t<meta name=\"description\" content=\"Mais 400 crian\u00e7as da rede municipal e estadual de ensino se formaram no Programa Educacional de Resist\u00eancia \u00e0s Drogas (Proerd), desenvolvido pela Pol\u00edcia Militar. A solenidade de entrega dos certificados aconteceu na \u00faltima quinta-feira (26), no Anfiteatro do Col\u00e9gio Santa Marcelina. Al\u00e9m de familiares dos alunos, o evento contou com a presen\u00e7a do comandante do\" \/>\n\t<meta name=\"robots\" content=\"max-image-preview:large\" \/>\n\t<meta name=\"author\" content=\"Juliana Laviola\"\/>\n\t<link rel=\"canonical\" href=\"https:\/\/anoticiaonline.com.br\/site\/mais-400-criancas-se-formam-no-proerd-veja-galeria-de-fotos\/\" \/>\n\t<meta name=\"generator\" content=\"All in One SEO (AIOSEO) 5.0.0.1\" \/>\n\t\t<meta property=\"og:locale\" content=\"pt_BR\" \/>\n\t\t<meta property=\"og:site_name\" content=\"A Not\u00edcia Online - Noticias de Muria\u00e9 e regi\u00e3o\" \/>\n\t\t<meta property=\"og:type\" content=\"article\" \/>\n\t\t<meta property=\"og:title\" content=\"Mais 400 crian\u00e7as se formam no Proerd; veja galeria de fotos - A Not\u00edcia Online\" \/>\n\t\t<meta property=\"og:description\" content=\"Mais 400 crian\u00e7as da rede municipal e estadual de ensino se formaram no Programa Educacional de Resist\u00eancia \u00e0s Drogas (Proerd), desenvolvido pela Pol\u00edcia Militar. A solenidade de entrega dos certificados aconteceu na \u00faltima quinta-feira (26), no Anfiteatro do Col\u00e9gio Santa Marcelina. Al\u00e9m de familiares dos alunos, o evento contou com a presen\u00e7a do comandante do\" \/>\n\t\t<meta property=\"og:url\" content=\"https:\/\/anoticiaonline.com.br\/site\/mais-400-criancas-se-formam-no-proerd-veja-galeria-de-fotos\/\" \/>\n\t\t<meta property=\"og:image\" content=\"https:\/\/scontent-gig4-1.xx.fbcdn.net\/v\/t39.30808-1\/270437624_4564083193639691_6907940295614233970_n.jpg?stp=dst-jpg_s200x200_tt6&#038;_nc_cat=111&#038;ccb=1-7&#038;_nc_sid=f907e8&#038;_nc_ohc=SM1wRlP3lJwQ7kNvwEPuBYA&#038;_nc_oc=AdnqrjDN_BNjSSHWO-GbkIWH6fkGMLw4bqvL_NH6e2wMveX7G-rP2dAqsDSq1mJMOaY&#038;_nc_zt=24&#038;_nc_ht=scontent-gig4-1.xx&#038;_nc_gid=AoBFJeGrT1hVaew_6rchkQ&#038;oh=00_AfX7QmFGhQhG2jAllVgXCiM1ZrWgvtp80-Bfppyexh1QEg&#038;oe=689E923C\" \/>\n\t\t<meta property=\"og:image:secure_url\" content=\"https:\/\/scontent-gig4-1.xx.fbcdn.net\/v\/t39.30808-1\/270437624_4564083193639691_6907940295614233970_n.jpg?stp=dst-jpg_s200x200_tt6&#038;_nc_cat=111&#038;ccb=1-7&#038;_nc_sid=f907e8&#038;_nc_ohc=SM1wRlP3lJwQ7kNvwEPuBYA&#038;_nc_oc=AdnqrjDN_BNjSSHWO-GbkIWH6fkGMLw4bqvL_NH6e2wMveX7G-rP2dAqsDSq1mJMOaY&#038;_nc_zt=24&#038;_nc_ht=scontent-gig4-1.xx&#038;_nc_gid=AoBFJeGrT1hVaew_6rchkQ&#038;oh=00_AfX7QmFGhQhG2jAllVgXCiM1ZrWgvtp80-Bfppyexh1QEg&#038;oe=689E923C\" \/>\n\t\t<meta property=\"article:published_time\" content=\"2015-11-30T12:34:34+00:00\" \/>\n\t\t<meta property=\"article:modified_time\" content=\"2015-11-30T12:34:34+00:00\" \/>\n\t\t<meta name=\"twitter:card\" content=\"summary_large_image\" \/>\n\t\t<meta name=\"twitter:title\" content=\"Mais 400 crian\u00e7as se formam no Proerd; veja galeria de fotos - A Not\u00edcia Online\" \/>\n\t\t<meta name=\"twitter:description\" content=\"Mais 400 crian\u00e7as da rede municipal e estadual de ensino se formaram no Programa Educacional de Resist\u00eancia \u00e0s Drogas (Proerd), desenvolvido pela Pol\u00edcia Militar. A solenidade de entrega dos certificados aconteceu na \u00faltima quinta-feira (26), no Anfiteatro do Col\u00e9gio Santa Marcelina. Al\u00e9m de familiares dos alunos, o evento contou com a presen\u00e7a do comandante do\" \/>\n\t\t<meta name=\"twitter:image\" content=\"https:\/\/scontent-gig4-1.xx.fbcdn.net\/v\/t39.30808-1\/270437624_4564083193639691_6907940295614233970_n.jpg?stp=dst-jpg_s200x200_tt6&amp;_nc_cat=111&amp;ccb=1-7&amp;_nc_sid=f907e8&amp;_nc_ohc=SM1wRlP3lJwQ7kNvwEPuBYA&amp;_nc_oc=AdnqrjDN_BNjSSHWO-GbkIWH6fkGMLw4bqvL_NH6e2wMveX7G-rP2dAqsDSq1mJMOaY&amp;_nc_zt=24&amp;_nc_ht=scontent-gig4-1.xx&amp;_nc_gid=AoBFJeGrT1hVaew_6rchkQ&amp;oh=00_AfX7QmFGhQhG2jAllVgXCiM1ZrWgvtp80-Bfppyexh1QEg&amp;oe=689E923C\" \/>\n\t\t<script type=\"application\/ld+json\" class=\"aioseo-schema\">\n\t\t\t{\"@context\":\"https:\\\/\\\/schema.org\",\"@graph\":[{\"@type\":\"BlogPosting\",\"@id\":\"https:\\\/\\\/anoticiaonline.com.br\\\/site\\\/mais-400-criancas-se-formam-no-proerd-veja-galeria-de-fotos\\\/#blogposting\",\"name\":\"Mais 400 crian\\u00e7as se formam no Proerd; veja galeria de fotos - A Not\\u00edcia Online\",\"headline\":\"Mais 400 crian\\u00e7as se formam no Proerd; veja galeria de fotos\",\"author\":{\"@id\":\"https:\\\/\\\/anoticiaonline.com.br\\\/site\\\/author\\\/juliana\\\/#author\"},\"publisher\":{\"@id\":\"https:\\\/\\\/anoticiaonline.com.br\\\/site\\\/#organization\"},\"image\":{\"@type\":\"ImageObject\",\"url\":\"https:\\\/\\\/anoticiaonline.com.br\\\/site\\\/wp-content\\\/uploads\\\/2015\\\/11\\\/DSC09849.jpg\",\"width\":640,\"height\":480},\"datePublished\":\"2015-11-30T09:34:34-03:00\",\"dateModified\":\"2015-11-30T09:34:34-03:00\",\"inLanguage\":\"pt-BR\",\"mainEntityOfPage\":{\"@id\":\"https:\\\/\\\/anoticiaonline.com.br\\\/site\\\/mais-400-criancas-se-formam-no-proerd-veja-galeria-de-fotos\\\/#webpage\"},\"isPartOf\":{\"@id\":\"https:\\\/\\\/anoticiaonline.com.br\\\/site\\\/mais-400-criancas-se-formam-no-proerd-veja-galeria-de-fotos\\\/#webpage\"},\"articleSection\":\"Blog, slide\"},{\"@type\":\"BreadcrumbList\",\"@id\":\"https:\\\/\\\/anoticiaonline.com.br\\\/site\\\/mais-400-criancas-se-formam-no-proerd-veja-galeria-de-fotos\\\/#breadcrumblist\",\"itemListElement\":[{\"@type\":\"ListItem\",\"@id\":\"https:\\\/\\\/anoticiaonline.com.br\\\/site#listItem\",\"position\":1,\"name\":\"Home\",\"item\":\"https:\\\/\\\/anoticiaonline.com.br\\\/site\",\"nextItem\":{\"@type\":\"ListItem\",\"@id\":\"https:\\\/\\\/anoticiaonline.com.br\\\/site\\\/categoria\\\/muriae\\\/#listItem\",\"name\":\"Blog\"}},{\"@type\":\"ListItem\",\"@id\":\"https:\\\/\\\/anoticiaonline.com.br\\\/site\\\/categoria\\\/muriae\\\/#listItem\",\"position\":2,\"name\":\"Blog\",\"item\":\"https:\\\/\\\/anoticiaonline.com.br\\\/site\\\/categoria\\\/muriae\\\/\",\"nextItem\":{\"@type\":\"ListItem\",\"@id\":\"https:\\\/\\\/anoticiaonline.com.br\\\/site\\\/mais-400-criancas-se-formam-no-proerd-veja-galeria-de-fotos\\\/#listItem\",\"name\":\"Mais 400 crian\\u00e7as se formam no Proerd; veja galeria de fotos\"},\"previousItem\":{\"@type\":\"ListItem\",\"@id\":\"https:\\\/\\\/anoticiaonline.com.br\\\/site#listItem\",\"name\":\"Home\"}},{\"@type\":\"ListItem\",\"@id\":\"https:\\\/\\\/anoticiaonline.com.br\\\/site\\\/mais-400-criancas-se-formam-no-proerd-veja-galeria-de-fotos\\\/#listItem\",\"position\":3,\"name\":\"Mais 400 crian\\u00e7as se formam no Proerd; veja galeria de fotos\",\"previousItem\":{\"@type\":\"ListItem\",\"@id\":\"https:\\\/\\\/anoticiaonline.com.br\\\/site\\\/categoria\\\/muriae\\\/#listItem\",\"name\":\"Blog\"}}]},{\"@type\":\"Organization\",\"@id\":\"https:\\\/\\\/anoticiaonline.com.br\\\/site\\\/#organization\",\"name\":\"A Not\\u00edcia Online\",\"description\":\"Noticias de Muria\\u00e9 e regi\\u00e3o\",\"url\":\"https:\\\/\\\/anoticiaonline.com.br\\\/site\\\/\",\"logo\":{\"@type\":\"ImageObject\",\"url\":\"https:\\\/\\\/scontent-gig4-1.xx.fbcdn.net\\\/v\\\/t39.30808-1\\\/270437624_4564083193639691_6907940295614233970_n.jpg?stp=dst-jpg_s200x200_tt6&_nc_cat=111&ccb=1-7&_nc_sid=f907e8&_nc_ohc=SM1wRlP3lJwQ7kNvwEPuBYA&_nc_oc=AdnqrjDN_BNjSSHWO-GbkIWH6fkGMLw4bqvL_NH6e2wMveX7G-rP2dAqsDSq1mJMOaY&_nc_zt=24&_nc_ht=scontent-gig4-1.xx&_nc_gid=AoBFJeGrT1hVaew_6rchkQ&oh=00_AfX7QmFGhQhG2jAllVgXCiM1ZrWgvtp80-Bfppyexh1QEg&oe=689E923C\",\"@id\":\"https:\\\/\\\/anoticiaonline.com.br\\\/site\\\/mais-400-criancas-se-formam-no-proerd-veja-galeria-de-fotos\\\/#organizationLogo\"},\"image\":{\"@id\":\"https:\\\/\\\/anoticiaonline.com.br\\\/site\\\/mais-400-criancas-se-formam-no-proerd-veja-galeria-de-fotos\\\/#organizationLogo\"}},{\"@type\":\"Person\",\"@id\":\"https:\\\/\\\/anoticiaonline.com.br\\\/site\\\/author\\\/juliana\\\/#author\",\"url\":\"https:\\\/\\\/anoticiaonline.com.br\\\/site\\\/author\\\/juliana\\\/\",\"name\":\"Juliana Laviola\",\"image\":{\"@type\":\"ImageObject\",\"@id\":\"https:\\\/\\\/anoticiaonline.com.br\\\/site\\\/mais-400-criancas-se-formam-no-proerd-veja-galeria-de-fotos\\\/#authorImage\",\"url\":\"https:\\\/\\\/secure.gravatar.com\\\/avatar\\\/b8d45f5c699b100dfaf0e543582f38f38bf94cb7ae3a5e9abf8d891a34773335?s=96&d=mm&r=g\",\"width\":96,\"height\":96,\"caption\":\"Juliana Laviola\"}},{\"@type\":\"WebPage\",\"@id\":\"https:\\\/\\\/anoticiaonline.com.br\\\/site\\\/mais-400-criancas-se-formam-no-proerd-veja-galeria-de-fotos\\\/#webpage\",\"url\":\"https:\\\/\\\/anoticiaonline.com.br\\\/site\\\/mais-400-criancas-se-formam-no-proerd-veja-galeria-de-fotos\\\/\",\"name\":\"Mais 400 crian\\u00e7as se formam no Proerd; veja galeria de fotos - A Not\\u00edcia Online\",\"description\":\"Mais 400 crian\\u00e7as da rede municipal e estadual de ensino se formaram no Programa Educacional de Resist\\u00eancia \\u00e0s Drogas (Proerd), desenvolvido pela Pol\\u00edcia Militar. A solenidade de entrega dos certificados aconteceu na \\u00faltima quinta-feira (26), no Anfiteatro do Col\\u00e9gio Santa Marcelina. Al\\u00e9m de familiares dos alunos, o evento contou com a presen\\u00e7a do comandante do\",\"inLanguage\":\"pt-BR\",\"isPartOf\":{\"@id\":\"https:\\\/\\\/anoticiaonline.com.br\\\/site\\\/#website\"},\"breadcrumb\":{\"@id\":\"https:\\\/\\\/anoticiaonline.com.br\\\/site\\\/mais-400-criancas-se-formam-no-proerd-veja-galeria-de-fotos\\\/#breadcrumblist\"},\"author\":{\"@id\":\"https:\\\/\\\/anoticiaonline.com.br\\\/site\\\/author\\\/juliana\\\/#author\"},\"creator\":{\"@id\":\"https:\\\/\\\/anoticiaonline.com.br\\\/site\\\/author\\\/juliana\\\/#author\"},\"image\":{\"@type\":\"ImageObject\",\"url\":\"https:\\\/\\\/anoticiaonline.com.br\\\/site\\\/wp-content\\\/uploads\\\/2015\\\/11\\\/DSC09849.jpg\",\"@id\":\"https:\\\/\\\/anoticiaonline.com.br\\\/site\\\/mais-400-criancas-se-formam-no-proerd-veja-galeria-de-fotos\\\/#mainImage\",\"width\":640,\"height\":480},\"primaryImageOfPage\":{\"@id\":\"https:\\\/\\\/anoticiaonline.com.br\\\/site\\\/mais-400-criancas-se-formam-no-proerd-veja-galeria-de-fotos\\\/#mainImage\"},\"datePublished\":\"2015-11-30T09:34:34-03:00\",\"dateModified\":\"2015-11-30T09:34:34-03:00\"},{\"@type\":\"WebSite\",\"@id\":\"https:\\\/\\\/anoticiaonline.com.br\\\/site\\\/#website\",\"url\":\"https:\\\/\\\/anoticiaonline.com.br\\\/site\\\/\",\"name\":\"A Not\\u00edcia Online\",\"description\":\"Noticias de Muria\\u00e9 e regi\\u00e3o\",\"inLanguage\":\"pt-BR\",\"publisher\":{\"@id\":\"https:\\\/\\\/anoticiaonline.com.br\\\/site\\\/#organization\"}}]}\n\t\t<\/script>\n\t\t<!-- All in One SEO -->\n\n","aioseo_head_json":{"title":"Mais 400 crian\u00e7as se formam no Proerd; veja galeria de fotos - A Not\u00edcia Online","description":"Mais 400 crian\u00e7as da rede municipal e estadual de ensino se formaram no Programa Educacional de Resist\u00eancia \u00e0s Drogas (Proerd), desenvolvido pela Pol\u00edcia Militar. A solenidade de entrega dos certificados aconteceu na \u00faltima quinta-feira (26), no Anfiteatro do Col\u00e9gio Santa Marcelina. Al\u00e9m de familiares dos alunos, o evento contou com a presen\u00e7a do comandante do","canonical_url":"https:\/\/anoticiaonline.com.br\/site\/mais-400-criancas-se-formam-no-proerd-veja-galeria-de-fotos\/","robots":"max-image-preview:large","keywords":"","webmasterTools":{"miscellaneous":""},"schema":{"@context":"https:\/\/schema.org","@graph":[{"@type":"BlogPosting","@id":"https:\/\/anoticiaonline.com.br\/site\/mais-400-criancas-se-formam-no-proerd-veja-galeria-de-fotos\/#blogposting","name":"Mais 400 crian\u00e7as se formam no Proerd; veja galeria de fotos - A Not\u00edcia Online","headline":"Mais 400 crian\u00e7as se formam no Proerd; veja galeria de fotos","author":{"@id":"https:\/\/anoticiaonline.com.br\/site\/author\/juliana\/#author"},"publisher":{"@id":"https:\/\/anoticiaonline.com.br\/site\/#organization"},"image":{"@type":"ImageObject","url":"https:\/\/anoticiaonline.com.br\/site\/wp-content\/uploads\/2015\/11\/DSC09849.jpg","width":640,"height":480},"datePublished":"2015-11-30T09:34:34-03:00","dateModified":"2015-11-30T09:34:34-03:00","inLanguage":"pt-BR","mainEntityOfPage":{"@id":"https:\/\/anoticiaonline.com.br\/site\/mais-400-criancas-se-formam-no-proerd-veja-galeria-de-fotos\/#webpage"},"isPartOf":{"@id":"https:\/\/anoticiaonline.com.br\/site\/mais-400-criancas-se-formam-no-proerd-veja-galeria-de-fotos\/#webpage"},"articleSection":"Blog, slide"},{"@type":"BreadcrumbList","@id":"https:\/\/anoticiaonline.com.br\/site\/mais-400-criancas-se-formam-no-proerd-veja-galeria-de-fotos\/#breadcrumblist","itemListElement":[{"@type":"ListItem","@id":"https:\/\/anoticiaonline.com.br\/site#listItem","position":1,"name":"Home","item":"https:\/\/anoticiaonline.com.br\/site","nextItem":{"@type":"ListItem","@id":"https:\/\/anoticiaonline.com.br\/site\/categoria\/muriae\/#listItem","name":"Blog"}},{"@type":"ListItem","@id":"https:\/\/anoticiaonline.com.br\/site\/categoria\/muriae\/#listItem","position":2,"name":"Blog","item":"https:\/\/anoticiaonline.com.br\/site\/categoria\/muriae\/","nextItem":{"@type":"ListItem","@id":"https:\/\/anoticiaonline.com.br\/site\/mais-400-criancas-se-formam-no-proerd-veja-galeria-de-fotos\/#listItem","name":"Mais 400 crian\u00e7as se formam no Proerd; veja galeria de fotos"},"previousItem":{"@type":"ListItem","@id":"https:\/\/anoticiaonline.com.br\/site#listItem","name":"Home"}},{"@type":"ListItem","@id":"https:\/\/anoticiaonline.com.br\/site\/mais-400-criancas-se-formam-no-proerd-veja-galeria-de-fotos\/#listItem","position":3,"name":"Mais 400 crian\u00e7as se formam no Proerd; veja galeria de fotos","previousItem":{"@type":"ListItem","@id":"https:\/\/anoticiaonline.com.br\/site\/categoria\/muriae\/#listItem","name":"Blog"}}]},{"@type":"Organization","@id":"https:\/\/anoticiaonline.com.br\/site\/#organization","name":"A Not\u00edcia Online","description":"Noticias de Muria\u00e9 e regi\u00e3o","url":"https:\/\/anoticiaonline.com.br\/site\/","logo":{"@type":"ImageObject","url":"https:\/\/scontent-gig4-1.xx.fbcdn.net\/v\/t39.30808-1\/270437624_4564083193639691_6907940295614233970_n.jpg?stp=dst-jpg_s200x200_tt6&_nc_cat=111&ccb=1-7&_nc_sid=f907e8&_nc_ohc=SM1wRlP3lJwQ7kNvwEPuBYA&_nc_oc=AdnqrjDN_BNjSSHWO-GbkIWH6fkGMLw4bqvL_NH6e2wMveX7G-rP2dAqsDSq1mJMOaY&_nc_zt=24&_nc_ht=scontent-gig4-1.xx&_nc_gid=AoBFJeGrT1hVaew_6rchkQ&oh=00_AfX7QmFGhQhG2jAllVgXCiM1ZrWgvtp80-Bfppyexh1QEg&oe=689E923C","@id":"https:\/\/anoticiaonline.com.br\/site\/mais-400-criancas-se-formam-no-proerd-veja-galeria-de-fotos\/#organizationLogo"},"image":{"@id":"https:\/\/anoticiaonline.com.br\/site\/mais-400-criancas-se-formam-no-proerd-veja-galeria-de-fotos\/#organizationLogo"}},{"@type":"Person","@id":"https:\/\/anoticiaonline.com.br\/site\/author\/juliana\/#author","url":"https:\/\/anoticiaonline.com.br\/site\/author\/juliana\/","name":"Juliana Laviola","image":{"@type":"ImageObject","@id":"https:\/\/anoticiaonline.com.br\/site\/mais-400-criancas-se-formam-no-proerd-veja-galeria-de-fotos\/#authorImage","url":"https:\/\/secure.gravatar.com\/avatar\/b8d45f5c699b100dfaf0e543582f38f38bf94cb7ae3a5e9abf8d891a34773335?s=96&d=mm&r=g","width":96,"height":96,"caption":"Juliana Laviola"}},{"@type":"WebPage","@id":"https:\/\/anoticiaonline.com.br\/site\/mais-400-criancas-se-formam-no-proerd-veja-galeria-de-fotos\/#webpage","url":"https:\/\/anoticiaonline.com.br\/site\/mais-400-criancas-se-formam-no-proerd-veja-galeria-de-fotos\/","name":"Mais 400 crian\u00e7as se formam no Proerd; veja galeria de fotos - A Not\u00edcia Online","description":"Mais 400 crian\u00e7as da rede municipal e estadual de ensino se formaram no Programa Educacional de Resist\u00eancia \u00e0s Drogas (Proerd), desenvolvido pela Pol\u00edcia Militar. A solenidade de entrega dos certificados aconteceu na \u00faltima quinta-feira (26), no Anfiteatro do Col\u00e9gio Santa Marcelina. Al\u00e9m de familiares dos alunos, o evento contou com a presen\u00e7a do comandante do","inLanguage":"pt-BR","isPartOf":{"@id":"https:\/\/anoticiaonline.com.br\/site\/#website"},"breadcrumb":{"@id":"https:\/\/anoticiaonline.com.br\/site\/mais-400-criancas-se-formam-no-proerd-veja-galeria-de-fotos\/#breadcrumblist"},"author":{"@id":"https:\/\/anoticiaonline.com.br\/site\/author\/juliana\/#author"},"creator":{"@id":"https:\/\/anoticiaonline.com.br\/site\/author\/juliana\/#author"},"image":{"@type":"ImageObject","url":"https:\/\/anoticiaonline.com.br\/site\/wp-content\/uploads\/2015\/11\/DSC09849.jpg","@id":"https:\/\/anoticiaonline.com.br\/site\/mais-400-criancas-se-formam-no-proerd-veja-galeria-de-fotos\/#mainImage","width":640,"height":480},"primaryImageOfPage":{"@id":"https:\/\/anoticiaonline.com.br\/site\/mais-400-criancas-se-formam-no-proerd-veja-galeria-de-fotos\/#mainImage"},"datePublished":"2015-11-30T09:34:34-03:00","dateModified":"2015-11-30T09:34:34-03:00"},{"@type":"WebSite","@id":"https:\/\/anoticiaonline.com.br\/site\/#website","url":"https:\/\/anoticiaonline.com.br\/site\/","name":"A Not\u00edcia Online","description":"Noticias de Muria\u00e9 e regi\u00e3o","inLanguage":"pt-BR","publisher":{"@id":"https:\/\/anoticiaonline.com.br\/site\/#organization"}}]},"og:locale":"pt_BR","og:site_name":"A Not\u00edcia Online - Noticias de Muria\u00e9 e regi\u00e3o","og:type":"article","og:title":"Mais 400 crian\u00e7as se formam no Proerd; veja galeria de fotos - A Not\u00edcia Online","og:description":"Mais 400 crian\u00e7as da rede municipal e estadual de ensino se formaram no Programa Educacional de Resist\u00eancia \u00e0s Drogas (Proerd), desenvolvido pela Pol\u00edcia Militar. A solenidade de entrega dos certificados aconteceu na \u00faltima quinta-feira (26), no Anfiteatro do Col\u00e9gio Santa Marcelina. Al\u00e9m de familiares dos alunos, o evento contou com a presen\u00e7a do comandante do","og:url":"https:\/\/anoticiaonline.com.br\/site\/mais-400-criancas-se-formam-no-proerd-veja-galeria-de-fotos\/","og:image":"https:\/\/scontent-gig4-1.xx.fbcdn.net\/v\/t39.30808-1\/270437624_4564083193639691_6907940295614233970_n.jpg?stp=dst-jpg_s200x200_tt6&#038;_nc_cat=111&#038;ccb=1-7&#038;_nc_sid=f907e8&#038;_nc_ohc=SM1wRlP3lJwQ7kNvwEPuBYA&#038;_nc_oc=AdnqrjDN_BNjSSHWO-GbkIWH6fkGMLw4bqvL_NH6e2wMveX7G-rP2dAqsDSq1mJMOaY&#038;_nc_zt=24&#038;_nc_ht=scontent-gig4-1.xx&#038;_nc_gid=AoBFJeGrT1hVaew_6rchkQ&#038;oh=00_AfX7QmFGhQhG2jAllVgXCiM1ZrWgvtp80-Bfppyexh1QEg&#038;oe=689E923C","og:image:secure_url":"https:\/\/scontent-gig4-1.xx.fbcdn.net\/v\/t39.30808-1\/270437624_4564083193639691_6907940295614233970_n.jpg?stp=dst-jpg_s200x200_tt6&#038;_nc_cat=111&#038;ccb=1-7&#038;_nc_sid=f907e8&#038;_nc_ohc=SM1wRlP3lJwQ7kNvwEPuBYA&#038;_nc_oc=AdnqrjDN_BNjSSHWO-GbkIWH6fkGMLw4bqvL_NH6e2wMveX7G-rP2dAqsDSq1mJMOaY&#038;_nc_zt=24&#038;_nc_ht=scontent-gig4-1.xx&#038;_nc_gid=AoBFJeGrT1hVaew_6rchkQ&#038;oh=00_AfX7QmFGhQhG2jAllVgXCiM1ZrWgvtp80-Bfppyexh1QEg&#038;oe=689E923C","article:published_time":"2015-11-30T12:34:34+00:00","article:modified_time":"2015-11-30T12:34:34+00:00","twitter:card":"summary_large_image","twitter:title":"Mais 400 crian\u00e7as se formam no Proerd; veja galeria de fotos - A Not\u00edcia Online","twitter:description":"Mais 400 crian\u00e7as da rede municipal e estadual de ensino se formaram no Programa Educacional de Resist\u00eancia \u00e0s Drogas (Proerd), desenvolvido pela Pol\u00edcia Militar. A solenidade de entrega dos certificados aconteceu na \u00faltima quinta-feira (26), no Anfiteatro do Col\u00e9gio Santa Marcelina. Al\u00e9m de familiares dos alunos, o evento contou com a presen\u00e7a do comandante do","twitter:image":"https:\/\/scontent-gig4-1.xx.fbcdn.net\/v\/t39.30808-1\/270437624_4564083193639691_6907940295614233970_n.jpg?stp=dst-jpg_s200x200_tt6&_nc_cat=111&ccb=1-7&_nc_sid=f907e8&_nc_ohc=SM1wRlP3lJwQ7kNvwEPuBYA&_nc_oc=AdnqrjDN_BNjSSHWO-GbkIWH6fkGMLw4bqvL_NH6e2wMveX7G-rP2dAqsDSq1mJMOaY&_nc_zt=24&_nc_ht=scontent-gig4-1.xx&_nc_gid=AoBFJeGrT1hVaew_6rchkQ&oh=00_AfX7QmFGhQhG2jAllVgXCiM1ZrWgvtp80-Bfppyexh1QEg&oe=689E923C"},"aioseo_meta_data":{"post_id":"7034","title":null,"description":null,"keywords":null,"keyphrases":null,"primary_term":null,"canonical_url":null,"og_title":null,"og_description":null,"og_object_type":"default","og_image_type":"default","og_image_url":null,"og_image_width":null,"og_image_height":null,"og_image_custom_url":null,"og_image_custom_fields":null,"og_video":null,"og_custom_url":null,"og_article_section":null,"og_article_tags":null,"twitter_use_og":false,"twitter_card":"default","twitter_image_type":"default","twitter_image_url":null,"twitter_image_custom_url":null,"twitter_image_custom_fields":null,"twitter_title":null,"twitter_description":null,"schema":{"blockGraphs":[],"customGraphs":[],"default":{"data":{"Article":[],"Course":[],"Dataset":[],"FAQPage":[],"Movie":[],"Person":[],"Product":[],"ProductReview":[],"Car":[],"Recipe":[],"Service":[],"SoftwareApplication":[],"WebPage":[]},"graphName":"","isEnabled":true},"graphs":[]},"schema_type":"default","schema_type_options":null,"pillar_content":false,"robots_default":true,"robots_noindex":false,"robots_noarchive":false,"robots_nosnippet":false,"robots_nofollow":false,"robots_noimageindex":false,"robots_noodp":false,"robots_notranslate":false,"robots_max_snippet":null,"robots_max_videopreview":null,"robots_max_imagepreview":"large","priority":null,"frequency":null,"local_seo":null,"breadcrumb_settings":null,"limit_modified_date":false,"ai":null,"created":"2025-08-16 14:18:38","updated":"2025-08-16 14:18:38","focus_keyword":null,"additional_keywords":null,"truseo_locale":null,"seo_analyzer_scan_date":null},"aioseo_breadcrumb":"<div class=\"aioseo-breadcrumbs\"><span class=\"aioseo-breadcrumb\">\n\t\t\t<a href=\"https:\/\/anoticiaonline.com.br\/site\" title=\"Home\">Home<\/a>\n\t\t<\/span><span class=\"aioseo-breadcrumb-separator\">&raquo;<\/span><span class=\"aioseo-breadcrumb\">\n\t\t\t<a href=\"https:\/\/anoticiaonline.com.br\/site\/categoria\/muriae\/\" title=\"Blog\">Blog<\/a>\n\t\t<\/span><span class=\"aioseo-breadcrumb-separator\">&raquo;<\/span><span class=\"aioseo-breadcrumb\">\n\t\t\tMais 400 crian\u00e7as se formam no Proerd; veja galeria de fotos\n\t\t<\/span><\/div>","aioseo_breadcrumb_json":[{"label":"Home","link":"https:\/\/anoticiaonline.com.br\/site"},{"label":"Blog","link":"https:\/\/anoticiaonline.com.br\/site\/categoria\/muriae\/"},{"label":"Mais 400 crian\u00e7as se formam no Proerd; veja galeria de fotos","link":"https:\/\/anoticiaonline.com.br\/site\/mais-400-criancas-se-formam-no-proerd-veja-galeria-de-fotos\/"}],"views":156,"_links":{"self":[{"href":"https:\/\/anoticiaonline.com.br\/site\/wp-json\/wp\/v2\/posts\/7034","targetHints":{"allow":["GET"]}}],"collection":[{"href":"https:\/\/anoticiaonline.com.br\/site\/wp-json\/wp\/v2\/posts"}],"about":[{"href":"https:\/\/anoticiaonline.com.br\/site\/wp-json\/wp\/v2\/types\/post"}],"author":[{"embeddable":true,"href":"https:\/\/anoticiaonline.com.br\/site\/wp-json\/wp\/v2\/users\/2"}],"replies":[{"embeddable":true,"href":"https:\/\/anoticiaonline.com.br\/site\/wp-json\/wp\/v2\/comments?post=7034"}],"version-history":[{"count":0,"href":"https:\/\/anoticiaonline.com.br\/site\/wp-json\/wp\/v2\/posts\/7034\/revisions"}],"wp:featuredmedia":[{"embeddable":true,"href":"https:\/\/anoticiaonline.com.br\/site\/wp-json\/wp\/v2\/media\/7035"}],"wp:attachment":[{"href":"https:\/\/anoticiaonline.com.br\/site\/wp-json\/wp\/v2\/media?parent=7034"}],"wp:term":[{"taxonomy":"category","embeddable":true,"href":"https:\/\/anoticiaonline.com.br\/site\/wp-json\/wp\/v2\/categories?post=7034"},{"taxonomy":"post_tag","embeddable":true,"href":"https:\/\/anoticiaonline.com.br\/site\/wp-json\/wp\/v2\/tags?post=7034"}],"curies":[{"name":"wp","href":"https:\/\/api.w.org\/{rel}","templated":true}]}}