{"id":7000,"date":"2015-11-30T08:53:02","date_gmt":"2015-11-30T11:53:02","guid":{"rendered":"http:\/\/anoticiaonline.com.br\/site\/?p=7000"},"modified":"2015-11-30T08:53:02","modified_gmt":"2015-11-30T11:53:02","slug":"redutores-de-velocidade-serao-instalados-na-avenida-dante-bruno","status":"publish","type":"post","link":"https:\/\/anoticiaonline.com.br\/site\/redutores-de-velocidade-serao-instalados-na-avenida-dante-bruno\/","title":{"rendered":"Redutores de velocidade ser\u00e3o instalados na Avenida Dante Bruno"},"content":{"rendered":"<p><a href=\"https:\/\/anoticiaonline.com.br\/site\/wp-content\/uploads\/2015\/11\/VISITA-AO-LOCAL.jpg\"><img fetchpriority=\"high\" decoding=\"async\" class=\" size-medium wp-image-7001 alignleft\" src=\"https:\/\/anoticiaonline.com.br\/site\/wp-content\/uploads\/2015\/11\/VISITA-AO-LOCAL-300x200.jpg\" alt=\"VISITA AO LOCAL\" width=\"300\" height=\"200\" srcset=\"https:\/\/anoticiaonline.com.br\/site\/wp-content\/uploads\/2015\/11\/VISITA-AO-LOCAL-300x200.jpg 300w, https:\/\/anoticiaonline.com.br\/site\/wp-content\/uploads\/2015\/11\/VISITA-AO-LOCAL.jpg 640w\" sizes=\"(max-width: 300px) 100vw, 300px\" \/><\/a>Preocupado com os in\u00fameros acidentes que v\u00eam acontecendo na Avenida Dante Bruno, no bairro Dornelas, o prefeito Aloysio Aquino fez contato com o deputado federal Renzo Braz, que solicitou junto aos \u00f3rg\u00e3os competentes, recursos para a coloca\u00e7\u00e3o de redutores de velocidade ao longo da via.<\/p>\n<p>Segundo a Prefeitura, foi enviado um of\u00edcio ao superintendente do Departamento Nacional de Infraestrutura de Transportes (DNIT), Carlos Evandro, o qual pediu uma vistoria no local, que foi realizada pelo chefe de servi\u00e7os da unidade local do departamento, em Leopoldina. O mesmo, ap\u00f3s o trabalho inicial, aprovou a execu\u00e7\u00e3o da obra.<\/p>\n<p><a href=\"https:\/\/anoticiaonline.com.br\/site\/wp-content\/uploads\/2015\/11\/PREFEITO-ALOYSIO-AQUINO-COM-A-EQUIPE-DA-SECRETARIA-DE-OBRAS.jpg\"><img decoding=\"async\" class=\" size-medium wp-image-7002 alignleft\" src=\"https:\/\/anoticiaonline.com.br\/site\/wp-content\/uploads\/2015\/11\/PREFEITO-ALOYSIO-AQUINO-COM-A-EQUIPE-DA-SECRETARIA-DE-OBRAS-300x200.jpg\" alt=\"PREFEITO ALOYSIO AQUINO COM A EQUIPE DA SECRETARIA DE OBRAS\" width=\"300\" height=\"200\" srcset=\"https:\/\/anoticiaonline.com.br\/site\/wp-content\/uploads\/2015\/11\/PREFEITO-ALOYSIO-AQUINO-COM-A-EQUIPE-DA-SECRETARIA-DE-OBRAS-300x200.jpg 300w, https:\/\/anoticiaonline.com.br\/site\/wp-content\/uploads\/2015\/11\/PREFEITO-ALOYSIO-AQUINO-COM-A-EQUIPE-DA-SECRETARIA-DE-OBRAS.jpg 640w\" sizes=\"(max-width: 300px) 100vw, 300px\" \/><\/a>O prefeito visitou o local com a equipe respons\u00e1vel pela Secretaria de Obras P\u00fablicas, para ver os pontos exatos onde ser\u00e3o instalados os redutores. Antes do pedido, foi feito um levantamento dos acidentes que j\u00e1 ocorreram na avenida, inclusive graves, o que resultou no pedido de autoriza\u00e7\u00e3o do DNIT para que fossem instados os redutores, na busca pela diminui\u00e7\u00e3o do \u00edndice de acidentes no local.<\/p>\n","protected":false},"excerpt":{"rendered":"<p>Preocupado com os in\u00fameros acidentes que v\u00eam acontecendo na Avenida Dante Bruno, no bairro Dornelas, o prefeito Aloysio Aquino fez contato com o deputado federal Renzo Braz, que solicitou junto aos \u00f3rg\u00e3os competentes, recursos para a coloca\u00e7\u00e3o de redutores de velocidade ao longo da via. Segundo a Prefeitura, foi enviado um of\u00edcio ao superintendente do &#8230; <a title=\"Redutores de velocidade ser\u00e3o instalados na Avenida Dante Bruno\" class=\"read-more\" href=\"https:\/\/anoticiaonline.com.br\/site\/redutores-de-velocidade-serao-instalados-na-avenida-dante-bruno\/\" aria-label=\"Read more about Redutores de velocidade ser\u00e3o instalados na Avenida Dante Bruno\">Ler mais<\/a><\/p>\n","protected":false},"author":2,"featured_media":7001,"comment_status":"open","ping_status":"open","sticky":false,"template":"","format":"standard","meta":{"_acf_changed":false,"_monsterinsights_skip_tracking":false,"footnotes":""},"categories":[30],"tags":[3],"class_list":["post-7000","post","type-post","status-publish","format-standard","has-post-thumbnail","hentry","category-muriae","tag-slide"],"acf":[],"aioseo_notices":[],"aioseo_head":"\n\t\t<!-- All in One SEO 5.0.0.1 - aioseo.com -->\n\t<meta name=\"description\" content=\"Preocupado com os in\u00fameros acidentes que v\u00eam acontecendo na Avenida Dante Bruno, no bairro Dornelas, o prefeito Aloysio Aquino fez contato com o deputado federal Renzo Braz, que solicitou junto aos \u00f3rg\u00e3os competentes, recursos para a coloca\u00e7\u00e3o de redutores de velocidade ao longo da via. Segundo a Prefeitura, foi enviado um of\u00edcio ao superintendente do\" \/>\n\t<meta name=\"robots\" content=\"max-image-preview:large\" \/>\n\t<meta name=\"author\" content=\"Juliana Laviola\"\/>\n\t<link rel=\"canonical\" href=\"https:\/\/anoticiaonline.com.br\/site\/redutores-de-velocidade-serao-instalados-na-avenida-dante-bruno\/\" \/>\n\t<meta name=\"generator\" content=\"All in One SEO (AIOSEO) 5.0.0.1\" \/>\n\t\t<meta property=\"og:locale\" content=\"pt_BR\" \/>\n\t\t<meta property=\"og:site_name\" content=\"A Not\u00edcia Online - Noticias de Muria\u00e9 e regi\u00e3o\" \/>\n\t\t<meta property=\"og:type\" content=\"article\" \/>\n\t\t<meta property=\"og:title\" content=\"Redutores de velocidade ser\u00e3o instalados na Avenida Dante Bruno - A Not\u00edcia Online\" \/>\n\t\t<meta property=\"og:description\" content=\"Preocupado com os in\u00fameros acidentes que v\u00eam acontecendo na Avenida Dante Bruno, no bairro Dornelas, o prefeito Aloysio Aquino fez contato com o deputado federal Renzo Braz, que solicitou junto aos \u00f3rg\u00e3os competentes, recursos para a coloca\u00e7\u00e3o de redutores de velocidade ao longo da via. Segundo a Prefeitura, foi enviado um of\u00edcio ao superintendente do\" \/>\n\t\t<meta property=\"og:url\" content=\"https:\/\/anoticiaonline.com.br\/site\/redutores-de-velocidade-serao-instalados-na-avenida-dante-bruno\/\" \/>\n\t\t<meta property=\"og:image\" content=\"https:\/\/scontent-gig4-1.xx.fbcdn.net\/v\/t39.30808-1\/270437624_4564083193639691_6907940295614233970_n.jpg?stp=dst-jpg_s200x200_tt6&#038;_nc_cat=111&#038;ccb=1-7&#038;_nc_sid=f907e8&#038;_nc_ohc=SM1wRlP3lJwQ7kNvwEPuBYA&#038;_nc_oc=AdnqrjDN_BNjSSHWO-GbkIWH6fkGMLw4bqvL_NH6e2wMveX7G-rP2dAqsDSq1mJMOaY&#038;_nc_zt=24&#038;_nc_ht=scontent-gig4-1.xx&#038;_nc_gid=AoBFJeGrT1hVaew_6rchkQ&#038;oh=00_AfX7QmFGhQhG2jAllVgXCiM1ZrWgvtp80-Bfppyexh1QEg&#038;oe=689E923C\" \/>\n\t\t<meta property=\"og:image:secure_url\" content=\"https:\/\/scontent-gig4-1.xx.fbcdn.net\/v\/t39.30808-1\/270437624_4564083193639691_6907940295614233970_n.jpg?stp=dst-jpg_s200x200_tt6&#038;_nc_cat=111&#038;ccb=1-7&#038;_nc_sid=f907e8&#038;_nc_ohc=SM1wRlP3lJwQ7kNvwEPuBYA&#038;_nc_oc=AdnqrjDN_BNjSSHWO-GbkIWH6fkGMLw4bqvL_NH6e2wMveX7G-rP2dAqsDSq1mJMOaY&#038;_nc_zt=24&#038;_nc_ht=scontent-gig4-1.xx&#038;_nc_gid=AoBFJeGrT1hVaew_6rchkQ&#038;oh=00_AfX7QmFGhQhG2jAllVgXCiM1ZrWgvtp80-Bfppyexh1QEg&#038;oe=689E923C\" \/>\n\t\t<meta property=\"article:published_time\" content=\"2015-11-30T11:53:02+00:00\" \/>\n\t\t<meta property=\"article:modified_time\" content=\"2015-11-30T11:53:02+00:00\" \/>\n\t\t<meta name=\"twitter:card\" content=\"summary_large_image\" \/>\n\t\t<meta name=\"twitter:title\" content=\"Redutores de velocidade ser\u00e3o instalados na Avenida Dante Bruno - A Not\u00edcia Online\" \/>\n\t\t<meta name=\"twitter:description\" content=\"Preocupado com os in\u00fameros acidentes que v\u00eam acontecendo na Avenida Dante Bruno, no bairro Dornelas, o prefeito Aloysio Aquino fez contato com o deputado federal Renzo Braz, que solicitou junto aos \u00f3rg\u00e3os competentes, recursos para a coloca\u00e7\u00e3o de redutores de velocidade ao longo da via. Segundo a Prefeitura, foi enviado um of\u00edcio ao superintendente do\" \/>\n\t\t<meta name=\"twitter:image\" content=\"https:\/\/scontent-gig4-1.xx.fbcdn.net\/v\/t39.30808-1\/270437624_4564083193639691_6907940295614233970_n.jpg?stp=dst-jpg_s200x200_tt6&amp;_nc_cat=111&amp;ccb=1-7&amp;_nc_sid=f907e8&amp;_nc_ohc=SM1wRlP3lJwQ7kNvwEPuBYA&amp;_nc_oc=AdnqrjDN_BNjSSHWO-GbkIWH6fkGMLw4bqvL_NH6e2wMveX7G-rP2dAqsDSq1mJMOaY&amp;_nc_zt=24&amp;_nc_ht=scontent-gig4-1.xx&amp;_nc_gid=AoBFJeGrT1hVaew_6rchkQ&amp;oh=00_AfX7QmFGhQhG2jAllVgXCiM1ZrWgvtp80-Bfppyexh1QEg&amp;oe=689E923C\" \/>\n\t\t<script type=\"application\/ld+json\" class=\"aioseo-schema\">\n\t\t\t{\"@context\":\"https:\\\/\\\/schema.org\",\"@graph\":[{\"@type\":\"BlogPosting\",\"@id\":\"https:\\\/\\\/anoticiaonline.com.br\\\/site\\\/redutores-de-velocidade-serao-instalados-na-avenida-dante-bruno\\\/#blogposting\",\"name\":\"Redutores de velocidade ser\\u00e3o instalados na Avenida Dante Bruno - A Not\\u00edcia Online\",\"headline\":\"Redutores de velocidade ser\\u00e3o instalados na Avenida Dante Bruno\",\"author\":{\"@id\":\"https:\\\/\\\/anoticiaonline.com.br\\\/site\\\/author\\\/juliana\\\/#author\"},\"publisher\":{\"@id\":\"https:\\\/\\\/anoticiaonline.com.br\\\/site\\\/#organization\"},\"image\":{\"@type\":\"ImageObject\",\"url\":\"https:\\\/\\\/anoticiaonline.com.br\\\/site\\\/wp-content\\\/uploads\\\/2015\\\/11\\\/VISITA-AO-LOCAL.jpg\",\"width\":640,\"height\":426},\"datePublished\":\"2015-11-30T08:53:02-03:00\",\"dateModified\":\"2015-11-30T08:53:02-03:00\",\"inLanguage\":\"pt-BR\",\"mainEntityOfPage\":{\"@id\":\"https:\\\/\\\/anoticiaonline.com.br\\\/site\\\/redutores-de-velocidade-serao-instalados-na-avenida-dante-bruno\\\/#webpage\"},\"isPartOf\":{\"@id\":\"https:\\\/\\\/anoticiaonline.com.br\\\/site\\\/redutores-de-velocidade-serao-instalados-na-avenida-dante-bruno\\\/#webpage\"},\"articleSection\":\"Blog, slide\"},{\"@type\":\"BreadcrumbList\",\"@id\":\"https:\\\/\\\/anoticiaonline.com.br\\\/site\\\/redutores-de-velocidade-serao-instalados-na-avenida-dante-bruno\\\/#breadcrumblist\",\"itemListElement\":[{\"@type\":\"ListItem\",\"@id\":\"https:\\\/\\\/anoticiaonline.com.br\\\/site#listItem\",\"position\":1,\"name\":\"Home\",\"item\":\"https:\\\/\\\/anoticiaonline.com.br\\\/site\",\"nextItem\":{\"@type\":\"ListItem\",\"@id\":\"https:\\\/\\\/anoticiaonline.com.br\\\/site\\\/categoria\\\/muriae\\\/#listItem\",\"name\":\"Blog\"}},{\"@type\":\"ListItem\",\"@id\":\"https:\\\/\\\/anoticiaonline.com.br\\\/site\\\/categoria\\\/muriae\\\/#listItem\",\"position\":2,\"name\":\"Blog\",\"item\":\"https:\\\/\\\/anoticiaonline.com.br\\\/site\\\/categoria\\\/muriae\\\/\",\"nextItem\":{\"@type\":\"ListItem\",\"@id\":\"https:\\\/\\\/anoticiaonline.com.br\\\/site\\\/redutores-de-velocidade-serao-instalados-na-avenida-dante-bruno\\\/#listItem\",\"name\":\"Redutores de velocidade ser\\u00e3o instalados na Avenida Dante Bruno\"},\"previousItem\":{\"@type\":\"ListItem\",\"@id\":\"https:\\\/\\\/anoticiaonline.com.br\\\/site#listItem\",\"name\":\"Home\"}},{\"@type\":\"ListItem\",\"@id\":\"https:\\\/\\\/anoticiaonline.com.br\\\/site\\\/redutores-de-velocidade-serao-instalados-na-avenida-dante-bruno\\\/#listItem\",\"position\":3,\"name\":\"Redutores de velocidade ser\\u00e3o instalados na Avenida Dante Bruno\",\"previousItem\":{\"@type\":\"ListItem\",\"@id\":\"https:\\\/\\\/anoticiaonline.com.br\\\/site\\\/categoria\\\/muriae\\\/#listItem\",\"name\":\"Blog\"}}]},{\"@type\":\"Organization\",\"@id\":\"https:\\\/\\\/anoticiaonline.com.br\\\/site\\\/#organization\",\"name\":\"A Not\\u00edcia Online\",\"description\":\"Noticias de Muria\\u00e9 e regi\\u00e3o\",\"url\":\"https:\\\/\\\/anoticiaonline.com.br\\\/site\\\/\",\"logo\":{\"@type\":\"ImageObject\",\"url\":\"https:\\\/\\\/scontent-gig4-1.xx.fbcdn.net\\\/v\\\/t39.30808-1\\\/270437624_4564083193639691_6907940295614233970_n.jpg?stp=dst-jpg_s200x200_tt6&_nc_cat=111&ccb=1-7&_nc_sid=f907e8&_nc_ohc=SM1wRlP3lJwQ7kNvwEPuBYA&_nc_oc=AdnqrjDN_BNjSSHWO-GbkIWH6fkGMLw4bqvL_NH6e2wMveX7G-rP2dAqsDSq1mJMOaY&_nc_zt=24&_nc_ht=scontent-gig4-1.xx&_nc_gid=AoBFJeGrT1hVaew_6rchkQ&oh=00_AfX7QmFGhQhG2jAllVgXCiM1ZrWgvtp80-Bfppyexh1QEg&oe=689E923C\",\"@id\":\"https:\\\/\\\/anoticiaonline.com.br\\\/site\\\/redutores-de-velocidade-serao-instalados-na-avenida-dante-bruno\\\/#organizationLogo\"},\"image\":{\"@id\":\"https:\\\/\\\/anoticiaonline.com.br\\\/site\\\/redutores-de-velocidade-serao-instalados-na-avenida-dante-bruno\\\/#organizationLogo\"}},{\"@type\":\"Person\",\"@id\":\"https:\\\/\\\/anoticiaonline.com.br\\\/site\\\/author\\\/juliana\\\/#author\",\"url\":\"https:\\\/\\\/anoticiaonline.com.br\\\/site\\\/author\\\/juliana\\\/\",\"name\":\"Juliana Laviola\",\"image\":{\"@type\":\"ImageObject\",\"@id\":\"https:\\\/\\\/anoticiaonline.com.br\\\/site\\\/redutores-de-velocidade-serao-instalados-na-avenida-dante-bruno\\\/#authorImage\",\"url\":\"https:\\\/\\\/secure.gravatar.com\\\/avatar\\\/b8d45f5c699b100dfaf0e543582f38f38bf94cb7ae3a5e9abf8d891a34773335?s=96&d=mm&r=g\",\"width\":96,\"height\":96,\"caption\":\"Juliana Laviola\"}},{\"@type\":\"WebPage\",\"@id\":\"https:\\\/\\\/anoticiaonline.com.br\\\/site\\\/redutores-de-velocidade-serao-instalados-na-avenida-dante-bruno\\\/#webpage\",\"url\":\"https:\\\/\\\/anoticiaonline.com.br\\\/site\\\/redutores-de-velocidade-serao-instalados-na-avenida-dante-bruno\\\/\",\"name\":\"Redutores de velocidade ser\\u00e3o instalados na Avenida Dante Bruno - A Not\\u00edcia Online\",\"description\":\"Preocupado com os in\\u00fameros acidentes que v\\u00eam acontecendo na Avenida Dante Bruno, no bairro Dornelas, o prefeito Aloysio Aquino fez contato com o deputado federal Renzo Braz, que solicitou junto aos \\u00f3rg\\u00e3os competentes, recursos para a coloca\\u00e7\\u00e3o de redutores de velocidade ao longo da via. Segundo a Prefeitura, foi enviado um of\\u00edcio ao superintendente do\",\"inLanguage\":\"pt-BR\",\"isPartOf\":{\"@id\":\"https:\\\/\\\/anoticiaonline.com.br\\\/site\\\/#website\"},\"breadcrumb\":{\"@id\":\"https:\\\/\\\/anoticiaonline.com.br\\\/site\\\/redutores-de-velocidade-serao-instalados-na-avenida-dante-bruno\\\/#breadcrumblist\"},\"author\":{\"@id\":\"https:\\\/\\\/anoticiaonline.com.br\\\/site\\\/author\\\/juliana\\\/#author\"},\"creator\":{\"@id\":\"https:\\\/\\\/anoticiaonline.com.br\\\/site\\\/author\\\/juliana\\\/#author\"},\"image\":{\"@type\":\"ImageObject\",\"url\":\"https:\\\/\\\/anoticiaonline.com.br\\\/site\\\/wp-content\\\/uploads\\\/2015\\\/11\\\/VISITA-AO-LOCAL.jpg\",\"@id\":\"https:\\\/\\\/anoticiaonline.com.br\\\/site\\\/redutores-de-velocidade-serao-instalados-na-avenida-dante-bruno\\\/#mainImage\",\"width\":640,\"height\":426},\"primaryImageOfPage\":{\"@id\":\"https:\\\/\\\/anoticiaonline.com.br\\\/site\\\/redutores-de-velocidade-serao-instalados-na-avenida-dante-bruno\\\/#mainImage\"},\"datePublished\":\"2015-11-30T08:53:02-03:00\",\"dateModified\":\"2015-11-30T08:53:02-03:00\"},{\"@type\":\"WebSite\",\"@id\":\"https:\\\/\\\/anoticiaonline.com.br\\\/site\\\/#website\",\"url\":\"https:\\\/\\\/anoticiaonline.com.br\\\/site\\\/\",\"name\":\"A Not\\u00edcia Online\",\"description\":\"Noticias de Muria\\u00e9 e regi\\u00e3o\",\"inLanguage\":\"pt-BR\",\"publisher\":{\"@id\":\"https:\\\/\\\/anoticiaonline.com.br\\\/site\\\/#organization\"}}]}\n\t\t<\/script>\n\t\t<!-- All in One SEO -->\n\n","aioseo_head_json":{"title":"Redutores de velocidade ser\u00e3o instalados na Avenida Dante Bruno - A Not\u00edcia Online","description":"Preocupado com os in\u00fameros acidentes que v\u00eam acontecendo na Avenida Dante Bruno, no bairro Dornelas, o prefeito Aloysio Aquino fez contato com o deputado federal Renzo Braz, que solicitou junto aos \u00f3rg\u00e3os competentes, recursos para a coloca\u00e7\u00e3o de redutores de velocidade ao longo da via. Segundo a Prefeitura, foi enviado um of\u00edcio ao superintendente do","canonical_url":"https:\/\/anoticiaonline.com.br\/site\/redutores-de-velocidade-serao-instalados-na-avenida-dante-bruno\/","robots":"max-image-preview:large","keywords":"","webmasterTools":{"miscellaneous":""},"schema":{"@context":"https:\/\/schema.org","@graph":[{"@type":"BlogPosting","@id":"https:\/\/anoticiaonline.com.br\/site\/redutores-de-velocidade-serao-instalados-na-avenida-dante-bruno\/#blogposting","name":"Redutores de velocidade ser\u00e3o instalados na Avenida Dante Bruno - A Not\u00edcia Online","headline":"Redutores de velocidade ser\u00e3o instalados na Avenida Dante Bruno","author":{"@id":"https:\/\/anoticiaonline.com.br\/site\/author\/juliana\/#author"},"publisher":{"@id":"https:\/\/anoticiaonline.com.br\/site\/#organization"},"image":{"@type":"ImageObject","url":"https:\/\/anoticiaonline.com.br\/site\/wp-content\/uploads\/2015\/11\/VISITA-AO-LOCAL.jpg","width":640,"height":426},"datePublished":"2015-11-30T08:53:02-03:00","dateModified":"2015-11-30T08:53:02-03:00","inLanguage":"pt-BR","mainEntityOfPage":{"@id":"https:\/\/anoticiaonline.com.br\/site\/redutores-de-velocidade-serao-instalados-na-avenida-dante-bruno\/#webpage"},"isPartOf":{"@id":"https:\/\/anoticiaonline.com.br\/site\/redutores-de-velocidade-serao-instalados-na-avenida-dante-bruno\/#webpage"},"articleSection":"Blog, slide"},{"@type":"BreadcrumbList","@id":"https:\/\/anoticiaonline.com.br\/site\/redutores-de-velocidade-serao-instalados-na-avenida-dante-bruno\/#breadcrumblist","itemListElement":[{"@type":"ListItem","@id":"https:\/\/anoticiaonline.com.br\/site#listItem","position":1,"name":"Home","item":"https:\/\/anoticiaonline.com.br\/site","nextItem":{"@type":"ListItem","@id":"https:\/\/anoticiaonline.com.br\/site\/categoria\/muriae\/#listItem","name":"Blog"}},{"@type":"ListItem","@id":"https:\/\/anoticiaonline.com.br\/site\/categoria\/muriae\/#listItem","position":2,"name":"Blog","item":"https:\/\/anoticiaonline.com.br\/site\/categoria\/muriae\/","nextItem":{"@type":"ListItem","@id":"https:\/\/anoticiaonline.com.br\/site\/redutores-de-velocidade-serao-instalados-na-avenida-dante-bruno\/#listItem","name":"Redutores de velocidade ser\u00e3o instalados na Avenida Dante Bruno"},"previousItem":{"@type":"ListItem","@id":"https:\/\/anoticiaonline.com.br\/site#listItem","name":"Home"}},{"@type":"ListItem","@id":"https:\/\/anoticiaonline.com.br\/site\/redutores-de-velocidade-serao-instalados-na-avenida-dante-bruno\/#listItem","position":3,"name":"Redutores de velocidade ser\u00e3o instalados na Avenida Dante Bruno","previousItem":{"@type":"ListItem","@id":"https:\/\/anoticiaonline.com.br\/site\/categoria\/muriae\/#listItem","name":"Blog"}}]},{"@type":"Organization","@id":"https:\/\/anoticiaonline.com.br\/site\/#organization","name":"A Not\u00edcia Online","description":"Noticias de Muria\u00e9 e regi\u00e3o","url":"https:\/\/anoticiaonline.com.br\/site\/","logo":{"@type":"ImageObject","url":"https:\/\/scontent-gig4-1.xx.fbcdn.net\/v\/t39.30808-1\/270437624_4564083193639691_6907940295614233970_n.jpg?stp=dst-jpg_s200x200_tt6&_nc_cat=111&ccb=1-7&_nc_sid=f907e8&_nc_ohc=SM1wRlP3lJwQ7kNvwEPuBYA&_nc_oc=AdnqrjDN_BNjSSHWO-GbkIWH6fkGMLw4bqvL_NH6e2wMveX7G-rP2dAqsDSq1mJMOaY&_nc_zt=24&_nc_ht=scontent-gig4-1.xx&_nc_gid=AoBFJeGrT1hVaew_6rchkQ&oh=00_AfX7QmFGhQhG2jAllVgXCiM1ZrWgvtp80-Bfppyexh1QEg&oe=689E923C","@id":"https:\/\/anoticiaonline.com.br\/site\/redutores-de-velocidade-serao-instalados-na-avenida-dante-bruno\/#organizationLogo"},"image":{"@id":"https:\/\/anoticiaonline.com.br\/site\/redutores-de-velocidade-serao-instalados-na-avenida-dante-bruno\/#organizationLogo"}},{"@type":"Person","@id":"https:\/\/anoticiaonline.com.br\/site\/author\/juliana\/#author","url":"https:\/\/anoticiaonline.com.br\/site\/author\/juliana\/","name":"Juliana Laviola","image":{"@type":"ImageObject","@id":"https:\/\/anoticiaonline.com.br\/site\/redutores-de-velocidade-serao-instalados-na-avenida-dante-bruno\/#authorImage","url":"https:\/\/secure.gravatar.com\/avatar\/b8d45f5c699b100dfaf0e543582f38f38bf94cb7ae3a5e9abf8d891a34773335?s=96&d=mm&r=g","width":96,"height":96,"caption":"Juliana Laviola"}},{"@type":"WebPage","@id":"https:\/\/anoticiaonline.com.br\/site\/redutores-de-velocidade-serao-instalados-na-avenida-dante-bruno\/#webpage","url":"https:\/\/anoticiaonline.com.br\/site\/redutores-de-velocidade-serao-instalados-na-avenida-dante-bruno\/","name":"Redutores de velocidade ser\u00e3o instalados na Avenida Dante Bruno - A Not\u00edcia Online","description":"Preocupado com os in\u00fameros acidentes que v\u00eam acontecendo na Avenida Dante Bruno, no bairro Dornelas, o prefeito Aloysio Aquino fez contato com o deputado federal Renzo Braz, que solicitou junto aos \u00f3rg\u00e3os competentes, recursos para a coloca\u00e7\u00e3o de redutores de velocidade ao longo da via. Segundo a Prefeitura, foi enviado um of\u00edcio ao superintendente do","inLanguage":"pt-BR","isPartOf":{"@id":"https:\/\/anoticiaonline.com.br\/site\/#website"},"breadcrumb":{"@id":"https:\/\/anoticiaonline.com.br\/site\/redutores-de-velocidade-serao-instalados-na-avenida-dante-bruno\/#breadcrumblist"},"author":{"@id":"https:\/\/anoticiaonline.com.br\/site\/author\/juliana\/#author"},"creator":{"@id":"https:\/\/anoticiaonline.com.br\/site\/author\/juliana\/#author"},"image":{"@type":"ImageObject","url":"https:\/\/anoticiaonline.com.br\/site\/wp-content\/uploads\/2015\/11\/VISITA-AO-LOCAL.jpg","@id":"https:\/\/anoticiaonline.com.br\/site\/redutores-de-velocidade-serao-instalados-na-avenida-dante-bruno\/#mainImage","width":640,"height":426},"primaryImageOfPage":{"@id":"https:\/\/anoticiaonline.com.br\/site\/redutores-de-velocidade-serao-instalados-na-avenida-dante-bruno\/#mainImage"},"datePublished":"2015-11-30T08:53:02-03:00","dateModified":"2015-11-30T08:53:02-03:00"},{"@type":"WebSite","@id":"https:\/\/anoticiaonline.com.br\/site\/#website","url":"https:\/\/anoticiaonline.com.br\/site\/","name":"A Not\u00edcia Online","description":"Noticias de Muria\u00e9 e regi\u00e3o","inLanguage":"pt-BR","publisher":{"@id":"https:\/\/anoticiaonline.com.br\/site\/#organization"}}]},"og:locale":"pt_BR","og:site_name":"A Not\u00edcia Online - Noticias de Muria\u00e9 e regi\u00e3o","og:type":"article","og:title":"Redutores de velocidade ser\u00e3o instalados na Avenida Dante Bruno - A Not\u00edcia Online","og:description":"Preocupado com os in\u00fameros acidentes que v\u00eam acontecendo na Avenida Dante Bruno, no bairro Dornelas, o prefeito Aloysio Aquino fez contato com o deputado federal Renzo Braz, que solicitou junto aos \u00f3rg\u00e3os competentes, recursos para a coloca\u00e7\u00e3o de redutores de velocidade ao longo da via. Segundo a Prefeitura, foi enviado um of\u00edcio ao superintendente do","og:url":"https:\/\/anoticiaonline.com.br\/site\/redutores-de-velocidade-serao-instalados-na-avenida-dante-bruno\/","og:image":"https:\/\/scontent-gig4-1.xx.fbcdn.net\/v\/t39.30808-1\/270437624_4564083193639691_6907940295614233970_n.jpg?stp=dst-jpg_s200x200_tt6&#038;_nc_cat=111&#038;ccb=1-7&#038;_nc_sid=f907e8&#038;_nc_ohc=SM1wRlP3lJwQ7kNvwEPuBYA&#038;_nc_oc=AdnqrjDN_BNjSSHWO-GbkIWH6fkGMLw4bqvL_NH6e2wMveX7G-rP2dAqsDSq1mJMOaY&#038;_nc_zt=24&#038;_nc_ht=scontent-gig4-1.xx&#038;_nc_gid=AoBFJeGrT1hVaew_6rchkQ&#038;oh=00_AfX7QmFGhQhG2jAllVgXCiM1ZrWgvtp80-Bfppyexh1QEg&#038;oe=689E923C","og:image:secure_url":"https:\/\/scontent-gig4-1.xx.fbcdn.net\/v\/t39.30808-1\/270437624_4564083193639691_6907940295614233970_n.jpg?stp=dst-jpg_s200x200_tt6&#038;_nc_cat=111&#038;ccb=1-7&#038;_nc_sid=f907e8&#038;_nc_ohc=SM1wRlP3lJwQ7kNvwEPuBYA&#038;_nc_oc=AdnqrjDN_BNjSSHWO-GbkIWH6fkGMLw4bqvL_NH6e2wMveX7G-rP2dAqsDSq1mJMOaY&#038;_nc_zt=24&#038;_nc_ht=scontent-gig4-1.xx&#038;_nc_gid=AoBFJeGrT1hVaew_6rchkQ&#038;oh=00_AfX7QmFGhQhG2jAllVgXCiM1ZrWgvtp80-Bfppyexh1QEg&#038;oe=689E923C","article:published_time":"2015-11-30T11:53:02+00:00","article:modified_time":"2015-11-30T11:53:02+00:00","twitter:card":"summary_large_image","twitter:title":"Redutores de velocidade ser\u00e3o instalados na Avenida Dante Bruno - A Not\u00edcia Online","twitter:description":"Preocupado com os in\u00fameros acidentes que v\u00eam acontecendo na Avenida Dante Bruno, no bairro Dornelas, o prefeito Aloysio Aquino fez contato com o deputado federal Renzo Braz, que solicitou junto aos \u00f3rg\u00e3os competentes, recursos para a coloca\u00e7\u00e3o de redutores de velocidade ao longo da via. Segundo a Prefeitura, foi enviado um of\u00edcio ao superintendente do","twitter:image":"https:\/\/scontent-gig4-1.xx.fbcdn.net\/v\/t39.30808-1\/270437624_4564083193639691_6907940295614233970_n.jpg?stp=dst-jpg_s200x200_tt6&_nc_cat=111&ccb=1-7&_nc_sid=f907e8&_nc_ohc=SM1wRlP3lJwQ7kNvwEPuBYA&_nc_oc=AdnqrjDN_BNjSSHWO-GbkIWH6fkGMLw4bqvL_NH6e2wMveX7G-rP2dAqsDSq1mJMOaY&_nc_zt=24&_nc_ht=scontent-gig4-1.xx&_nc_gid=AoBFJeGrT1hVaew_6rchkQ&oh=00_AfX7QmFGhQhG2jAllVgXCiM1ZrWgvtp80-Bfppyexh1QEg&oe=689E923C"},"aioseo_meta_data":{"post_id":"7000","title":null,"description":null,"keywords":null,"keyphrases":null,"primary_term":null,"canonical_url":null,"og_title":null,"og_description":null,"og_object_type":"default","og_image_type":"default","og_image_url":null,"og_image_width":null,"og_image_height":null,"og_image_custom_url":null,"og_image_custom_fields":null,"og_video":null,"og_custom_url":null,"og_article_section":null,"og_article_tags":null,"twitter_use_og":false,"twitter_card":"default","twitter_image_type":"default","twitter_image_url":null,"twitter_image_custom_url":null,"twitter_image_custom_fields":null,"twitter_title":null,"twitter_description":null,"schema":{"blockGraphs":[],"customGraphs":[],"default":{"data":{"Article":[],"Course":[],"Dataset":[],"FAQPage":[],"Movie":[],"Person":[],"Product":[],"ProductReview":[],"Car":[],"Recipe":[],"Service":[],"SoftwareApplication":[],"WebPage":[]},"graphName":"","isEnabled":true},"graphs":[]},"schema_type":"default","schema_type_options":null,"pillar_content":false,"robots_default":true,"robots_noindex":false,"robots_noarchive":false,"robots_nosnippet":false,"robots_nofollow":false,"robots_noimageindex":false,"robots_noodp":false,"robots_notranslate":false,"robots_max_snippet":null,"robots_max_videopreview":null,"robots_max_imagepreview":"large","priority":null,"frequency":null,"local_seo":null,"breadcrumb_settings":null,"limit_modified_date":false,"ai":null,"created":"2025-08-16 14:18:38","updated":"2025-08-16 14:18:38","focus_keyword":null,"additional_keywords":null,"truseo_locale":null,"seo_analyzer_scan_date":null},"aioseo_breadcrumb":"<div class=\"aioseo-breadcrumbs\"><span class=\"aioseo-breadcrumb\">\n\t\t\t<a href=\"https:\/\/anoticiaonline.com.br\/site\" title=\"Home\">Home<\/a>\n\t\t<\/span><span class=\"aioseo-breadcrumb-separator\">&raquo;<\/span><span class=\"aioseo-breadcrumb\">\n\t\t\t<a href=\"https:\/\/anoticiaonline.com.br\/site\/categoria\/muriae\/\" title=\"Blog\">Blog<\/a>\n\t\t<\/span><span class=\"aioseo-breadcrumb-separator\">&raquo;<\/span><span class=\"aioseo-breadcrumb\">\n\t\t\tRedutores de velocidade ser\u00e3o instalados na Avenida Dante Bruno\n\t\t<\/span><\/div>","aioseo_breadcrumb_json":[{"label":"Home","link":"https:\/\/anoticiaonline.com.br\/site"},{"label":"Blog","link":"https:\/\/anoticiaonline.com.br\/site\/categoria\/muriae\/"},{"label":"Redutores de velocidade ser\u00e3o instalados na Avenida Dante Bruno","link":"https:\/\/anoticiaonline.com.br\/site\/redutores-de-velocidade-serao-instalados-na-avenida-dante-bruno\/"}],"views":143,"_links":{"self":[{"href":"https:\/\/anoticiaonline.com.br\/site\/wp-json\/wp\/v2\/posts\/7000","targetHints":{"allow":["GET"]}}],"collection":[{"href":"https:\/\/anoticiaonline.com.br\/site\/wp-json\/wp\/v2\/posts"}],"about":[{"href":"https:\/\/anoticiaonline.com.br\/site\/wp-json\/wp\/v2\/types\/post"}],"author":[{"embeddable":true,"href":"https:\/\/anoticiaonline.com.br\/site\/wp-json\/wp\/v2\/users\/2"}],"replies":[{"embeddable":true,"href":"https:\/\/anoticiaonline.com.br\/site\/wp-json\/wp\/v2\/comments?post=7000"}],"version-history":[{"count":0,"href":"https:\/\/anoticiaonline.com.br\/site\/wp-json\/wp\/v2\/posts\/7000\/revisions"}],"wp:featuredmedia":[{"embeddable":true,"href":"https:\/\/anoticiaonline.com.br\/site\/wp-json\/wp\/v2\/media\/7001"}],"wp:attachment":[{"href":"https:\/\/anoticiaonline.com.br\/site\/wp-json\/wp\/v2\/media?parent=7000"}],"wp:term":[{"taxonomy":"category","embeddable":true,"href":"https:\/\/anoticiaonline.com.br\/site\/wp-json\/wp\/v2\/categories?post=7000"},{"taxonomy":"post_tag","embeddable":true,"href":"https:\/\/anoticiaonline.com.br\/site\/wp-json\/wp\/v2\/tags?post=7000"}],"curies":[{"name":"wp","href":"https:\/\/api.w.org\/{rel}","templated":true}]}}