{"id":6952,"date":"2015-11-26T18:41:08","date_gmt":"2015-11-26T21:41:08","guid":{"rendered":"http:\/\/anoticiaonline.com.br\/site\/?p=6952"},"modified":"2015-11-26T18:41:08","modified_gmt":"2015-11-26T21:41:08","slug":"lula-e-o-seu-inconformismo-com-a-democracia","status":"publish","type":"post","link":"https:\/\/anoticiaonline.com.br\/site\/lula-e-o-seu-inconformismo-com-a-democracia\/","title":{"rendered":"Lula e o seu inconformismo com a democracia"},"content":{"rendered":"<p>\u00c9 bastante sintom\u00e1tica a pris\u00e3o do l\u00edder do governo, o senador Delc\u00eddio Amaral (PT-MS), como tamb\u00e9m fora, anteriormente, a do empres\u00e1rio Jos\u00e9 Carlos Bumlai, amigo \u00edntimo do ex-presidente Lula. No caso do senador, ele foi preso por querer atrapalhar as investiga\u00e7\u00f5es da Pol\u00edcia Federal, ao tentar dificultar uma colabora\u00e7\u00e3o premiada de um dos diretores da Petrobras &#8211; Nestor Cever\u00f3 -, j\u00e1 preso h\u00e1 algum tempo e que falaria sobre uma poss\u00edvel participa\u00e7\u00e3o sua em irregularidades na refinaria de Pasadena, nos Estados Unidos.<\/p>\n<p>H\u00e1 aproximadamente 15 dias, um dos filhos do ex-presidente tamb\u00e9m teve a sua empresa devassada, numa a\u00e7\u00e3o conjunta, feita pela Pol\u00edcia Federal e pelo Minist\u00e9rio P\u00fablico.<\/p>\n<p>A presidenta Dilma, em um de seus discursos logo ap\u00f3s a sua posse, querendo avocar para si e para o seu governo o sucesso da Opera\u00e7\u00e3o Lava-Jato, disse que todos os casos de corrup\u00e7\u00e3o continuariam a ser investigados e que \u201cn\u00e3o ficaria pedra sobre pedra\u201d. Certamente, ela j\u00e1 se arrependeu do que disse, pois, debaixo das pedras, existem muitas cobras \u201ccriadas\u201d, extremamente pe\u00e7onhentas e um risco inimagin\u00e1vel para o lulopetismo.<\/p>\n<p>Um dos pontos cr\u00edticos das diverg\u00eancias entre Lula e a atual presidenta \u00e9 a aproxima\u00e7\u00e3o das investiga\u00e7\u00f5es que andam rondando o ex-presidente, embora nada, at\u00e9 o momento, possa indicar que haja provas capazes de incrimin\u00e1-lo. Preocupado com o rumo que anda tomando as opera\u00e7\u00f5es da Pol\u00edcia Federal e do Minist\u00e9rio P\u00fablico, Lula vem atuado nos bastidores e j\u00e1 conseguiu plantar dentro do atual Minist\u00e9rio dois dos seus maiores aliados: o ex-governador da Bahia, Jaques Wagner, designado para ministro-chefe da Casa Civil e Ricardo Berzoini, para o Minist\u00e9rio das Comunica\u00e7\u00f5es.<\/p>\n<p>Ainda, sem nenhuma cerim\u00f4nia, Lula vem tentando que a presidenta atire pela janela o ministro Jos\u00e9 Eduardo Cardozo, justamente ele, que \u00e9 o titular do Minist\u00e9rio da Justi\u00e7a, ao qual a Pol\u00edcia Federal est\u00e1 subordinada. Portanto, a sua tentativa nesse sentido n\u00e3o \u00e9 por acaso.<\/p>\n<p>Da mesma forma, ele vem agindo na economia ao pressionar a presidenta para trocar o atual ministro da Fazenda, Joaquim Levy, por Henrique Meireles, seu fiel escudeiro econ\u00f4mico nos seus dois mandatos, pois ele tem a percep\u00e7\u00e3o de que se a economia continuar mal, o preju\u00edzo do seu capital pol\u00edtico ser\u00e1 incalcul\u00e1vel, sendo apenas uma quest\u00e3o de tempo e que a carruagem desgovernada da presidenta pode atropelar os seus planos para 2018.<\/p>\n<p>Acrescentando-se a todo esse hist\u00f3rico, \u00e9 p\u00fablico e not\u00f3rio que o ex-presidente tem pouqu\u00edssimo apre\u00e7o pela imprensa, a quem acusa de persegui-lo e de deturpar os seus pronunciamentos, resqu\u00edcios de uma identifica\u00e7\u00e3o velada com o sistema ditatorial imposto por Fidel Castro aos cubanos durante anos e tamb\u00e9m com o sistema antidemocrata chavista, na Venezuela. Portanto, democracia \u00e9 uma palavra que, embora o ex-presidente n\u00e3o fosse louco o bastante para admitir, certamente hoje, ele gostaria mesmo \u00e9 de risc\u00e1-la dos dicion\u00e1rios.<\/p>\n<p>Mas algu\u00e9m tem que avisar ao ex-presidente que, na democracia, as institui\u00e7\u00f5es funcionam. Que os poderes s\u00e3o independentes entre si, que a liberdade de imprensa e o direito da sociedade \u00e0 informa\u00e7\u00e3o s\u00e3o princ\u00edpios prescritos na Constitui\u00e7\u00e3o; que a Justi\u00e7a, o Minist\u00e9rio P\u00fablico e a Pol\u00edcia Federal s\u00e3o institui\u00e7\u00f5es livres e que est\u00e3o fora do alcance das press\u00f5es, e que, finalmente, tentar obstruir as investiga\u00e7\u00f5es pode dar cadeia, mesmo que seja por poucos dias, em pris\u00e3o tempor\u00e1ria.\u00a0 O senador Delc\u00eddio que o diga.<\/p>\n","protected":false},"excerpt":{"rendered":"<p>\u00c9 bastante sintom\u00e1tica a pris\u00e3o do l\u00edder do governo, o senador Delc\u00eddio Amaral (PT-MS), como tamb\u00e9m fora, anteriormente, a do empres\u00e1rio Jos\u00e9 Carlos Bumlai, amigo \u00edntimo do ex-presidente Lula. No caso do senador, ele foi preso por querer atrapalhar as investiga\u00e7\u00f5es da Pol\u00edcia Federal, ao tentar dificultar uma colabora\u00e7\u00e3o premiada de um dos diretores da &#8230; <a title=\"Lula e o seu inconformismo com a democracia\" class=\"read-more\" href=\"https:\/\/anoticiaonline.com.br\/site\/lula-e-o-seu-inconformismo-com-a-democracia\/\" aria-label=\"Read more about Lula e o seu inconformismo com a democracia\">Ler mais<\/a><\/p>\n","protected":false},"author":2,"featured_media":0,"comment_status":"open","ping_status":"open","sticky":false,"template":"","format":"standard","meta":{"_acf_changed":false,"_monsterinsights_skip_tracking":false,"footnotes":""},"categories":[33],"tags":[],"class_list":["post-6952","post","type-post","status-publish","format-standard","hentry","category-politica-e-atualidades-francisco-laviola"],"acf":[],"aioseo_notices":[],"aioseo_head":"\n\t\t<!-- All in One SEO 5.0.0.1 - aioseo.com -->\n\t<meta name=\"description\" content=\"\u00c9 bastante sintom\u00e1tica a pris\u00e3o do l\u00edder do governo, o senador Delc\u00eddio Amaral (PT-MS), como tamb\u00e9m fora, anteriormente, a do empres\u00e1rio Jos\u00e9 Carlos Bumlai, amigo \u00edntimo do ex-presidente Lula. No caso do senador, ele foi preso por querer atrapalhar as investiga\u00e7\u00f5es da Pol\u00edcia Federal, ao tentar dificultar uma colabora\u00e7\u00e3o premiada de um dos diretores da\" \/>\n\t<meta name=\"robots\" content=\"max-image-preview:large\" \/>\n\t<meta name=\"author\" content=\"Juliana Laviola\"\/>\n\t<link rel=\"canonical\" href=\"https:\/\/anoticiaonline.com.br\/site\/lula-e-o-seu-inconformismo-com-a-democracia\/\" \/>\n\t<meta name=\"generator\" content=\"All in One SEO (AIOSEO) 5.0.0.1\" \/>\n\t\t<meta property=\"og:locale\" content=\"pt_BR\" \/>\n\t\t<meta property=\"og:site_name\" content=\"A Not\u00edcia Online - Noticias de Muria\u00e9 e regi\u00e3o\" \/>\n\t\t<meta property=\"og:type\" content=\"article\" \/>\n\t\t<meta property=\"og:title\" content=\"Lula e o seu inconformismo com a democracia - A Not\u00edcia Online\" \/>\n\t\t<meta property=\"og:description\" content=\"\u00c9 bastante sintom\u00e1tica a pris\u00e3o do l\u00edder do governo, o senador Delc\u00eddio Amaral (PT-MS), como tamb\u00e9m fora, anteriormente, a do empres\u00e1rio Jos\u00e9 Carlos Bumlai, amigo \u00edntimo do ex-presidente Lula. No caso do senador, ele foi preso por querer atrapalhar as investiga\u00e7\u00f5es da Pol\u00edcia Federal, ao tentar dificultar uma colabora\u00e7\u00e3o premiada de um dos diretores da\" \/>\n\t\t<meta property=\"og:url\" content=\"https:\/\/anoticiaonline.com.br\/site\/lula-e-o-seu-inconformismo-com-a-democracia\/\" \/>\n\t\t<meta property=\"og:image\" content=\"https:\/\/scontent-gig4-1.xx.fbcdn.net\/v\/t39.30808-1\/270437624_4564083193639691_6907940295614233970_n.jpg?stp=dst-jpg_s200x200_tt6&#038;_nc_cat=111&#038;ccb=1-7&#038;_nc_sid=f907e8&#038;_nc_ohc=SM1wRlP3lJwQ7kNvwEPuBYA&#038;_nc_oc=AdnqrjDN_BNjSSHWO-GbkIWH6fkGMLw4bqvL_NH6e2wMveX7G-rP2dAqsDSq1mJMOaY&#038;_nc_zt=24&#038;_nc_ht=scontent-gig4-1.xx&#038;_nc_gid=AoBFJeGrT1hVaew_6rchkQ&#038;oh=00_AfX7QmFGhQhG2jAllVgXCiM1ZrWgvtp80-Bfppyexh1QEg&#038;oe=689E923C\" \/>\n\t\t<meta property=\"og:image:secure_url\" content=\"https:\/\/scontent-gig4-1.xx.fbcdn.net\/v\/t39.30808-1\/270437624_4564083193639691_6907940295614233970_n.jpg?stp=dst-jpg_s200x200_tt6&#038;_nc_cat=111&#038;ccb=1-7&#038;_nc_sid=f907e8&#038;_nc_ohc=SM1wRlP3lJwQ7kNvwEPuBYA&#038;_nc_oc=AdnqrjDN_BNjSSHWO-GbkIWH6fkGMLw4bqvL_NH6e2wMveX7G-rP2dAqsDSq1mJMOaY&#038;_nc_zt=24&#038;_nc_ht=scontent-gig4-1.xx&#038;_nc_gid=AoBFJeGrT1hVaew_6rchkQ&#038;oh=00_AfX7QmFGhQhG2jAllVgXCiM1ZrWgvtp80-Bfppyexh1QEg&#038;oe=689E923C\" \/>\n\t\t<meta property=\"article:published_time\" content=\"2015-11-26T21:41:08+00:00\" \/>\n\t\t<meta property=\"article:modified_time\" content=\"2015-11-26T21:41:08+00:00\" \/>\n\t\t<meta name=\"twitter:card\" content=\"summary_large_image\" \/>\n\t\t<meta name=\"twitter:title\" content=\"Lula e o seu inconformismo com a democracia - A Not\u00edcia Online\" \/>\n\t\t<meta name=\"twitter:description\" content=\"\u00c9 bastante sintom\u00e1tica a pris\u00e3o do l\u00edder do governo, o senador Delc\u00eddio Amaral (PT-MS), como tamb\u00e9m fora, anteriormente, a do empres\u00e1rio Jos\u00e9 Carlos Bumlai, amigo \u00edntimo do ex-presidente Lula. No caso do senador, ele foi preso por querer atrapalhar as investiga\u00e7\u00f5es da Pol\u00edcia Federal, ao tentar dificultar uma colabora\u00e7\u00e3o premiada de um dos diretores da\" \/>\n\t\t<meta name=\"twitter:image\" content=\"https:\/\/scontent-gig4-1.xx.fbcdn.net\/v\/t39.30808-1\/270437624_4564083193639691_6907940295614233970_n.jpg?stp=dst-jpg_s200x200_tt6&amp;_nc_cat=111&amp;ccb=1-7&amp;_nc_sid=f907e8&amp;_nc_ohc=SM1wRlP3lJwQ7kNvwEPuBYA&amp;_nc_oc=AdnqrjDN_BNjSSHWO-GbkIWH6fkGMLw4bqvL_NH6e2wMveX7G-rP2dAqsDSq1mJMOaY&amp;_nc_zt=24&amp;_nc_ht=scontent-gig4-1.xx&amp;_nc_gid=AoBFJeGrT1hVaew_6rchkQ&amp;oh=00_AfX7QmFGhQhG2jAllVgXCiM1ZrWgvtp80-Bfppyexh1QEg&amp;oe=689E923C\" \/>\n\t\t<script type=\"application\/ld+json\" class=\"aioseo-schema\">\n\t\t\t{\"@context\":\"https:\\\/\\\/schema.org\",\"@graph\":[{\"@type\":\"BlogPosting\",\"@id\":\"https:\\\/\\\/anoticiaonline.com.br\\\/site\\\/lula-e-o-seu-inconformismo-com-a-democracia\\\/#blogposting\",\"name\":\"Lula e o seu inconformismo com a democracia - A Not\\u00edcia Online\",\"headline\":\"Lula e o seu inconformismo com a democracia\",\"author\":{\"@id\":\"https:\\\/\\\/anoticiaonline.com.br\\\/site\\\/author\\\/juliana\\\/#author\"},\"publisher\":{\"@id\":\"https:\\\/\\\/anoticiaonline.com.br\\\/site\\\/#organization\"},\"image\":{\"@type\":\"ImageObject\",\"url\":\"https:\\\/\\\/scontent-gig4-1.xx.fbcdn.net\\\/v\\\/t39.30808-1\\\/270437624_4564083193639691_6907940295614233970_n.jpg?stp=dst-jpg_s200x200_tt6&_nc_cat=111&ccb=1-7&_nc_sid=f907e8&_nc_ohc=SM1wRlP3lJwQ7kNvwEPuBYA&_nc_oc=AdnqrjDN_BNjSSHWO-GbkIWH6fkGMLw4bqvL_NH6e2wMveX7G-rP2dAqsDSq1mJMOaY&_nc_zt=24&_nc_ht=scontent-gig4-1.xx&_nc_gid=AoBFJeGrT1hVaew_6rchkQ&oh=00_AfX7QmFGhQhG2jAllVgXCiM1ZrWgvtp80-Bfppyexh1QEg&oe=689E923C\",\"@id\":\"https:\\\/\\\/anoticiaonline.com.br\\\/site\\\/#articleImage\"},\"datePublished\":\"2015-11-26T18:41:08-03:00\",\"dateModified\":\"2015-11-26T18:41:08-03:00\",\"inLanguage\":\"pt-BR\",\"mainEntityOfPage\":{\"@id\":\"https:\\\/\\\/anoticiaonline.com.br\\\/site\\\/lula-e-o-seu-inconformismo-com-a-democracia\\\/#webpage\"},\"isPartOf\":{\"@id\":\"https:\\\/\\\/anoticiaonline.com.br\\\/site\\\/lula-e-o-seu-inconformismo-com-a-democracia\\\/#webpage\"},\"articleSection\":\"Pol\\u00edtica e Atualidades - Francisco Laviola\"},{\"@type\":\"BreadcrumbList\",\"@id\":\"https:\\\/\\\/anoticiaonline.com.br\\\/site\\\/lula-e-o-seu-inconformismo-com-a-democracia\\\/#breadcrumblist\",\"itemListElement\":[{\"@type\":\"ListItem\",\"@id\":\"https:\\\/\\\/anoticiaonline.com.br\\\/site#listItem\",\"position\":1,\"name\":\"Home\",\"item\":\"https:\\\/\\\/anoticiaonline.com.br\\\/site\",\"nextItem\":{\"@type\":\"ListItem\",\"@id\":\"https:\\\/\\\/anoticiaonline.com.br\\\/site\\\/categoria\\\/colunistas\\\/#listItem\",\"name\":\"Colunistas\"}},{\"@type\":\"ListItem\",\"@id\":\"https:\\\/\\\/anoticiaonline.com.br\\\/site\\\/categoria\\\/colunistas\\\/#listItem\",\"position\":2,\"name\":\"Colunistas\",\"item\":\"https:\\\/\\\/anoticiaonline.com.br\\\/site\\\/categoria\\\/colunistas\\\/\",\"nextItem\":{\"@type\":\"ListItem\",\"@id\":\"https:\\\/\\\/anoticiaonline.com.br\\\/site\\\/categoria\\\/colunistas\\\/politica-e-atualidades-francisco-laviola\\\/#listItem\",\"name\":\"Pol\\u00edtica e Atualidades - Francisco Laviola\"},\"previousItem\":{\"@type\":\"ListItem\",\"@id\":\"https:\\\/\\\/anoticiaonline.com.br\\\/site#listItem\",\"name\":\"Home\"}},{\"@type\":\"ListItem\",\"@id\":\"https:\\\/\\\/anoticiaonline.com.br\\\/site\\\/categoria\\\/colunistas\\\/politica-e-atualidades-francisco-laviola\\\/#listItem\",\"position\":3,\"name\":\"Pol\\u00edtica e Atualidades - Francisco Laviola\",\"item\":\"https:\\\/\\\/anoticiaonline.com.br\\\/site\\\/categoria\\\/colunistas\\\/politica-e-atualidades-francisco-laviola\\\/\",\"nextItem\":{\"@type\":\"ListItem\",\"@id\":\"https:\\\/\\\/anoticiaonline.com.br\\\/site\\\/lula-e-o-seu-inconformismo-com-a-democracia\\\/#listItem\",\"name\":\"Lula e o seu inconformismo com a democracia\"},\"previousItem\":{\"@type\":\"ListItem\",\"@id\":\"https:\\\/\\\/anoticiaonline.com.br\\\/site\\\/categoria\\\/colunistas\\\/#listItem\",\"name\":\"Colunistas\"}},{\"@type\":\"ListItem\",\"@id\":\"https:\\\/\\\/anoticiaonline.com.br\\\/site\\\/lula-e-o-seu-inconformismo-com-a-democracia\\\/#listItem\",\"position\":4,\"name\":\"Lula e o seu inconformismo com a democracia\",\"previousItem\":{\"@type\":\"ListItem\",\"@id\":\"https:\\\/\\\/anoticiaonline.com.br\\\/site\\\/categoria\\\/colunistas\\\/politica-e-atualidades-francisco-laviola\\\/#listItem\",\"name\":\"Pol\\u00edtica e Atualidades - Francisco Laviola\"}}]},{\"@type\":\"Organization\",\"@id\":\"https:\\\/\\\/anoticiaonline.com.br\\\/site\\\/#organization\",\"name\":\"A Not\\u00edcia Online\",\"description\":\"Noticias de Muria\\u00e9 e regi\\u00e3o\",\"url\":\"https:\\\/\\\/anoticiaonline.com.br\\\/site\\\/\",\"logo\":{\"@type\":\"ImageObject\",\"url\":\"https:\\\/\\\/scontent-gig4-1.xx.fbcdn.net\\\/v\\\/t39.30808-1\\\/270437624_4564083193639691_6907940295614233970_n.jpg?stp=dst-jpg_s200x200_tt6&_nc_cat=111&ccb=1-7&_nc_sid=f907e8&_nc_ohc=SM1wRlP3lJwQ7kNvwEPuBYA&_nc_oc=AdnqrjDN_BNjSSHWO-GbkIWH6fkGMLw4bqvL_NH6e2wMveX7G-rP2dAqsDSq1mJMOaY&_nc_zt=24&_nc_ht=scontent-gig4-1.xx&_nc_gid=AoBFJeGrT1hVaew_6rchkQ&oh=00_AfX7QmFGhQhG2jAllVgXCiM1ZrWgvtp80-Bfppyexh1QEg&oe=689E923C\",\"@id\":\"https:\\\/\\\/anoticiaonline.com.br\\\/site\\\/lula-e-o-seu-inconformismo-com-a-democracia\\\/#organizationLogo\"},\"image\":{\"@id\":\"https:\\\/\\\/anoticiaonline.com.br\\\/site\\\/lula-e-o-seu-inconformismo-com-a-democracia\\\/#organizationLogo\"}},{\"@type\":\"Person\",\"@id\":\"https:\\\/\\\/anoticiaonline.com.br\\\/site\\\/author\\\/juliana\\\/#author\",\"url\":\"https:\\\/\\\/anoticiaonline.com.br\\\/site\\\/author\\\/juliana\\\/\",\"name\":\"Juliana Laviola\",\"image\":{\"@type\":\"ImageObject\",\"@id\":\"https:\\\/\\\/anoticiaonline.com.br\\\/site\\\/lula-e-o-seu-inconformismo-com-a-democracia\\\/#authorImage\",\"url\":\"https:\\\/\\\/secure.gravatar.com\\\/avatar\\\/b8d45f5c699b100dfaf0e543582f38f38bf94cb7ae3a5e9abf8d891a34773335?s=96&d=mm&r=g\",\"width\":96,\"height\":96,\"caption\":\"Juliana Laviola\"}},{\"@type\":\"WebPage\",\"@id\":\"https:\\\/\\\/anoticiaonline.com.br\\\/site\\\/lula-e-o-seu-inconformismo-com-a-democracia\\\/#webpage\",\"url\":\"https:\\\/\\\/anoticiaonline.com.br\\\/site\\\/lula-e-o-seu-inconformismo-com-a-democracia\\\/\",\"name\":\"Lula e o seu inconformismo com a democracia - A Not\\u00edcia Online\",\"description\":\"\\u00c9 bastante sintom\\u00e1tica a pris\\u00e3o do l\\u00edder do governo, o senador Delc\\u00eddio Amaral (PT-MS), como tamb\\u00e9m fora, anteriormente, a do empres\\u00e1rio Jos\\u00e9 Carlos Bumlai, amigo \\u00edntimo do ex-presidente Lula. No caso do senador, ele foi preso por querer atrapalhar as investiga\\u00e7\\u00f5es da Pol\\u00edcia Federal, ao tentar dificultar uma colabora\\u00e7\\u00e3o premiada de um dos diretores da\",\"inLanguage\":\"pt-BR\",\"isPartOf\":{\"@id\":\"https:\\\/\\\/anoticiaonline.com.br\\\/site\\\/#website\"},\"breadcrumb\":{\"@id\":\"https:\\\/\\\/anoticiaonline.com.br\\\/site\\\/lula-e-o-seu-inconformismo-com-a-democracia\\\/#breadcrumblist\"},\"author\":{\"@id\":\"https:\\\/\\\/anoticiaonline.com.br\\\/site\\\/author\\\/juliana\\\/#author\"},\"creator\":{\"@id\":\"https:\\\/\\\/anoticiaonline.com.br\\\/site\\\/author\\\/juliana\\\/#author\"},\"datePublished\":\"2015-11-26T18:41:08-03:00\",\"dateModified\":\"2015-11-26T18:41:08-03:00\"},{\"@type\":\"WebSite\",\"@id\":\"https:\\\/\\\/anoticiaonline.com.br\\\/site\\\/#website\",\"url\":\"https:\\\/\\\/anoticiaonline.com.br\\\/site\\\/\",\"name\":\"A Not\\u00edcia Online\",\"description\":\"Noticias de Muria\\u00e9 e regi\\u00e3o\",\"inLanguage\":\"pt-BR\",\"publisher\":{\"@id\":\"https:\\\/\\\/anoticiaonline.com.br\\\/site\\\/#organization\"}}]}\n\t\t<\/script>\n\t\t<!-- All in One SEO -->\n\n","aioseo_head_json":{"title":"Lula e o seu inconformismo com a democracia - A Not\u00edcia Online","description":"\u00c9 bastante sintom\u00e1tica a pris\u00e3o do l\u00edder do governo, o senador Delc\u00eddio Amaral (PT-MS), como tamb\u00e9m fora, anteriormente, a do empres\u00e1rio Jos\u00e9 Carlos Bumlai, amigo \u00edntimo do ex-presidente Lula. No caso do senador, ele foi preso por querer atrapalhar as investiga\u00e7\u00f5es da Pol\u00edcia Federal, ao tentar dificultar uma colabora\u00e7\u00e3o premiada de um dos diretores da","canonical_url":"https:\/\/anoticiaonline.com.br\/site\/lula-e-o-seu-inconformismo-com-a-democracia\/","robots":"max-image-preview:large","keywords":"","webmasterTools":{"miscellaneous":""},"schema":{"@context":"https:\/\/schema.org","@graph":[{"@type":"BlogPosting","@id":"https:\/\/anoticiaonline.com.br\/site\/lula-e-o-seu-inconformismo-com-a-democracia\/#blogposting","name":"Lula e o seu inconformismo com a democracia - A Not\u00edcia Online","headline":"Lula e o seu inconformismo com a democracia","author":{"@id":"https:\/\/anoticiaonline.com.br\/site\/author\/juliana\/#author"},"publisher":{"@id":"https:\/\/anoticiaonline.com.br\/site\/#organization"},"image":{"@type":"ImageObject","url":"https:\/\/scontent-gig4-1.xx.fbcdn.net\/v\/t39.30808-1\/270437624_4564083193639691_6907940295614233970_n.jpg?stp=dst-jpg_s200x200_tt6&_nc_cat=111&ccb=1-7&_nc_sid=f907e8&_nc_ohc=SM1wRlP3lJwQ7kNvwEPuBYA&_nc_oc=AdnqrjDN_BNjSSHWO-GbkIWH6fkGMLw4bqvL_NH6e2wMveX7G-rP2dAqsDSq1mJMOaY&_nc_zt=24&_nc_ht=scontent-gig4-1.xx&_nc_gid=AoBFJeGrT1hVaew_6rchkQ&oh=00_AfX7QmFGhQhG2jAllVgXCiM1ZrWgvtp80-Bfppyexh1QEg&oe=689E923C","@id":"https:\/\/anoticiaonline.com.br\/site\/#articleImage"},"datePublished":"2015-11-26T18:41:08-03:00","dateModified":"2015-11-26T18:41:08-03:00","inLanguage":"pt-BR","mainEntityOfPage":{"@id":"https:\/\/anoticiaonline.com.br\/site\/lula-e-o-seu-inconformismo-com-a-democracia\/#webpage"},"isPartOf":{"@id":"https:\/\/anoticiaonline.com.br\/site\/lula-e-o-seu-inconformismo-com-a-democracia\/#webpage"},"articleSection":"Pol\u00edtica e Atualidades - Francisco Laviola"},{"@type":"BreadcrumbList","@id":"https:\/\/anoticiaonline.com.br\/site\/lula-e-o-seu-inconformismo-com-a-democracia\/#breadcrumblist","itemListElement":[{"@type":"ListItem","@id":"https:\/\/anoticiaonline.com.br\/site#listItem","position":1,"name":"Home","item":"https:\/\/anoticiaonline.com.br\/site","nextItem":{"@type":"ListItem","@id":"https:\/\/anoticiaonline.com.br\/site\/categoria\/colunistas\/#listItem","name":"Colunistas"}},{"@type":"ListItem","@id":"https:\/\/anoticiaonline.com.br\/site\/categoria\/colunistas\/#listItem","position":2,"name":"Colunistas","item":"https:\/\/anoticiaonline.com.br\/site\/categoria\/colunistas\/","nextItem":{"@type":"ListItem","@id":"https:\/\/anoticiaonline.com.br\/site\/categoria\/colunistas\/politica-e-atualidades-francisco-laviola\/#listItem","name":"Pol\u00edtica e Atualidades - Francisco Laviola"},"previousItem":{"@type":"ListItem","@id":"https:\/\/anoticiaonline.com.br\/site#listItem","name":"Home"}},{"@type":"ListItem","@id":"https:\/\/anoticiaonline.com.br\/site\/categoria\/colunistas\/politica-e-atualidades-francisco-laviola\/#listItem","position":3,"name":"Pol\u00edtica e Atualidades - Francisco Laviola","item":"https:\/\/anoticiaonline.com.br\/site\/categoria\/colunistas\/politica-e-atualidades-francisco-laviola\/","nextItem":{"@type":"ListItem","@id":"https:\/\/anoticiaonline.com.br\/site\/lula-e-o-seu-inconformismo-com-a-democracia\/#listItem","name":"Lula e o seu inconformismo com a democracia"},"previousItem":{"@type":"ListItem","@id":"https:\/\/anoticiaonline.com.br\/site\/categoria\/colunistas\/#listItem","name":"Colunistas"}},{"@type":"ListItem","@id":"https:\/\/anoticiaonline.com.br\/site\/lula-e-o-seu-inconformismo-com-a-democracia\/#listItem","position":4,"name":"Lula e o seu inconformismo com a democracia","previousItem":{"@type":"ListItem","@id":"https:\/\/anoticiaonline.com.br\/site\/categoria\/colunistas\/politica-e-atualidades-francisco-laviola\/#listItem","name":"Pol\u00edtica e Atualidades - Francisco Laviola"}}]},{"@type":"Organization","@id":"https:\/\/anoticiaonline.com.br\/site\/#organization","name":"A Not\u00edcia Online","description":"Noticias de Muria\u00e9 e regi\u00e3o","url":"https:\/\/anoticiaonline.com.br\/site\/","logo":{"@type":"ImageObject","url":"https:\/\/scontent-gig4-1.xx.fbcdn.net\/v\/t39.30808-1\/270437624_4564083193639691_6907940295614233970_n.jpg?stp=dst-jpg_s200x200_tt6&_nc_cat=111&ccb=1-7&_nc_sid=f907e8&_nc_ohc=SM1wRlP3lJwQ7kNvwEPuBYA&_nc_oc=AdnqrjDN_BNjSSHWO-GbkIWH6fkGMLw4bqvL_NH6e2wMveX7G-rP2dAqsDSq1mJMOaY&_nc_zt=24&_nc_ht=scontent-gig4-1.xx&_nc_gid=AoBFJeGrT1hVaew_6rchkQ&oh=00_AfX7QmFGhQhG2jAllVgXCiM1ZrWgvtp80-Bfppyexh1QEg&oe=689E923C","@id":"https:\/\/anoticiaonline.com.br\/site\/lula-e-o-seu-inconformismo-com-a-democracia\/#organizationLogo"},"image":{"@id":"https:\/\/anoticiaonline.com.br\/site\/lula-e-o-seu-inconformismo-com-a-democracia\/#organizationLogo"}},{"@type":"Person","@id":"https:\/\/anoticiaonline.com.br\/site\/author\/juliana\/#author","url":"https:\/\/anoticiaonline.com.br\/site\/author\/juliana\/","name":"Juliana Laviola","image":{"@type":"ImageObject","@id":"https:\/\/anoticiaonline.com.br\/site\/lula-e-o-seu-inconformismo-com-a-democracia\/#authorImage","url":"https:\/\/secure.gravatar.com\/avatar\/b8d45f5c699b100dfaf0e543582f38f38bf94cb7ae3a5e9abf8d891a34773335?s=96&d=mm&r=g","width":96,"height":96,"caption":"Juliana Laviola"}},{"@type":"WebPage","@id":"https:\/\/anoticiaonline.com.br\/site\/lula-e-o-seu-inconformismo-com-a-democracia\/#webpage","url":"https:\/\/anoticiaonline.com.br\/site\/lula-e-o-seu-inconformismo-com-a-democracia\/","name":"Lula e o seu inconformismo com a democracia - A Not\u00edcia Online","description":"\u00c9 bastante sintom\u00e1tica a pris\u00e3o do l\u00edder do governo, o senador Delc\u00eddio Amaral (PT-MS), como tamb\u00e9m fora, anteriormente, a do empres\u00e1rio Jos\u00e9 Carlos Bumlai, amigo \u00edntimo do ex-presidente Lula. No caso do senador, ele foi preso por querer atrapalhar as investiga\u00e7\u00f5es da Pol\u00edcia Federal, ao tentar dificultar uma colabora\u00e7\u00e3o premiada de um dos diretores da","inLanguage":"pt-BR","isPartOf":{"@id":"https:\/\/anoticiaonline.com.br\/site\/#website"},"breadcrumb":{"@id":"https:\/\/anoticiaonline.com.br\/site\/lula-e-o-seu-inconformismo-com-a-democracia\/#breadcrumblist"},"author":{"@id":"https:\/\/anoticiaonline.com.br\/site\/author\/juliana\/#author"},"creator":{"@id":"https:\/\/anoticiaonline.com.br\/site\/author\/juliana\/#author"},"datePublished":"2015-11-26T18:41:08-03:00","dateModified":"2015-11-26T18:41:08-03:00"},{"@type":"WebSite","@id":"https:\/\/anoticiaonline.com.br\/site\/#website","url":"https:\/\/anoticiaonline.com.br\/site\/","name":"A Not\u00edcia Online","description":"Noticias de Muria\u00e9 e regi\u00e3o","inLanguage":"pt-BR","publisher":{"@id":"https:\/\/anoticiaonline.com.br\/site\/#organization"}}]},"og:locale":"pt_BR","og:site_name":"A Not\u00edcia Online - Noticias de Muria\u00e9 e regi\u00e3o","og:type":"article","og:title":"Lula e o seu inconformismo com a democracia - A Not\u00edcia Online","og:description":"\u00c9 bastante sintom\u00e1tica a pris\u00e3o do l\u00edder do governo, o senador Delc\u00eddio Amaral (PT-MS), como tamb\u00e9m fora, anteriormente, a do empres\u00e1rio Jos\u00e9 Carlos Bumlai, amigo \u00edntimo do ex-presidente Lula. No caso do senador, ele foi preso por querer atrapalhar as investiga\u00e7\u00f5es da Pol\u00edcia Federal, ao tentar dificultar uma colabora\u00e7\u00e3o premiada de um dos diretores da","og:url":"https:\/\/anoticiaonline.com.br\/site\/lula-e-o-seu-inconformismo-com-a-democracia\/","og:image":"https:\/\/scontent-gig4-1.xx.fbcdn.net\/v\/t39.30808-1\/270437624_4564083193639691_6907940295614233970_n.jpg?stp=dst-jpg_s200x200_tt6&#038;_nc_cat=111&#038;ccb=1-7&#038;_nc_sid=f907e8&#038;_nc_ohc=SM1wRlP3lJwQ7kNvwEPuBYA&#038;_nc_oc=AdnqrjDN_BNjSSHWO-GbkIWH6fkGMLw4bqvL_NH6e2wMveX7G-rP2dAqsDSq1mJMOaY&#038;_nc_zt=24&#038;_nc_ht=scontent-gig4-1.xx&#038;_nc_gid=AoBFJeGrT1hVaew_6rchkQ&#038;oh=00_AfX7QmFGhQhG2jAllVgXCiM1ZrWgvtp80-Bfppyexh1QEg&#038;oe=689E923C","og:image:secure_url":"https:\/\/scontent-gig4-1.xx.fbcdn.net\/v\/t39.30808-1\/270437624_4564083193639691_6907940295614233970_n.jpg?stp=dst-jpg_s200x200_tt6&#038;_nc_cat=111&#038;ccb=1-7&#038;_nc_sid=f907e8&#038;_nc_ohc=SM1wRlP3lJwQ7kNvwEPuBYA&#038;_nc_oc=AdnqrjDN_BNjSSHWO-GbkIWH6fkGMLw4bqvL_NH6e2wMveX7G-rP2dAqsDSq1mJMOaY&#038;_nc_zt=24&#038;_nc_ht=scontent-gig4-1.xx&#038;_nc_gid=AoBFJeGrT1hVaew_6rchkQ&#038;oh=00_AfX7QmFGhQhG2jAllVgXCiM1ZrWgvtp80-Bfppyexh1QEg&#038;oe=689E923C","article:published_time":"2015-11-26T21:41:08+00:00","article:modified_time":"2015-11-26T21:41:08+00:00","twitter:card":"summary_large_image","twitter:title":"Lula e o seu inconformismo com a democracia - A Not\u00edcia Online","twitter:description":"\u00c9 bastante sintom\u00e1tica a pris\u00e3o do l\u00edder do governo, o senador Delc\u00eddio Amaral (PT-MS), como tamb\u00e9m fora, anteriormente, a do empres\u00e1rio Jos\u00e9 Carlos Bumlai, amigo \u00edntimo do ex-presidente Lula. No caso do senador, ele foi preso por querer atrapalhar as investiga\u00e7\u00f5es da Pol\u00edcia Federal, ao tentar dificultar uma colabora\u00e7\u00e3o premiada de um dos diretores da","twitter:image":"https:\/\/scontent-gig4-1.xx.fbcdn.net\/v\/t39.30808-1\/270437624_4564083193639691_6907940295614233970_n.jpg?stp=dst-jpg_s200x200_tt6&_nc_cat=111&ccb=1-7&_nc_sid=f907e8&_nc_ohc=SM1wRlP3lJwQ7kNvwEPuBYA&_nc_oc=AdnqrjDN_BNjSSHWO-GbkIWH6fkGMLw4bqvL_NH6e2wMveX7G-rP2dAqsDSq1mJMOaY&_nc_zt=24&_nc_ht=scontent-gig4-1.xx&_nc_gid=AoBFJeGrT1hVaew_6rchkQ&oh=00_AfX7QmFGhQhG2jAllVgXCiM1ZrWgvtp80-Bfppyexh1QEg&oe=689E923C"},"aioseo_meta_data":{"post_id":"6952","title":null,"description":null,"keywords":null,"keyphrases":null,"primary_term":null,"canonical_url":null,"og_title":null,"og_description":null,"og_object_type":"default","og_image_type":"default","og_image_url":null,"og_image_width":null,"og_image_height":null,"og_image_custom_url":null,"og_image_custom_fields":null,"og_video":null,"og_custom_url":null,"og_article_section":null,"og_article_tags":null,"twitter_use_og":false,"twitter_card":"default","twitter_image_type":"default","twitter_image_url":null,"twitter_image_custom_url":null,"twitter_image_custom_fields":null,"twitter_title":null,"twitter_description":null,"schema":{"blockGraphs":[],"customGraphs":[],"default":{"data":{"Article":[],"Course":[],"Dataset":[],"FAQPage":[],"Movie":[],"Person":[],"Product":[],"ProductReview":[],"Car":[],"Recipe":[],"Service":[],"SoftwareApplication":[],"WebPage":[]},"graphName":"","isEnabled":true},"graphs":[]},"schema_type":"default","schema_type_options":null,"pillar_content":false,"robots_default":true,"robots_noindex":false,"robots_noarchive":false,"robots_nosnippet":false,"robots_nofollow":false,"robots_noimageindex":false,"robots_noodp":false,"robots_notranslate":false,"robots_max_snippet":null,"robots_max_videopreview":null,"robots_max_imagepreview":"large","priority":null,"frequency":null,"local_seo":null,"breadcrumb_settings":null,"limit_modified_date":false,"ai":null,"created":"2025-08-16 14:14:49","updated":"2025-08-16 14:14:49","focus_keyword":null,"additional_keywords":null,"truseo_locale":null,"seo_analyzer_scan_date":null},"aioseo_breadcrumb":"<div class=\"aioseo-breadcrumbs\"><span class=\"aioseo-breadcrumb\">\n\t\t\t<a href=\"https:\/\/anoticiaonline.com.br\/site\" title=\"Home\">Home<\/a>\n\t\t<\/span><span class=\"aioseo-breadcrumb-separator\">&raquo;<\/span><span class=\"aioseo-breadcrumb\">\n\t\t\t<a href=\"https:\/\/anoticiaonline.com.br\/site\/categoria\/colunistas\/\" title=\"Colunistas\">Colunistas<\/a>\n\t\t<\/span><span class=\"aioseo-breadcrumb-separator\">&raquo;<\/span><span class=\"aioseo-breadcrumb\">\n\t\t\t<a href=\"https:\/\/anoticiaonline.com.br\/site\/categoria\/colunistas\/politica-e-atualidades-francisco-laviola\/\" title=\"Pol\u00edtica e Atualidades - Francisco Laviola\">Pol\u00edtica e Atualidades - Francisco Laviola<\/a>\n\t\t<\/span><span class=\"aioseo-breadcrumb-separator\">&raquo;<\/span><span class=\"aioseo-breadcrumb\">\n\t\t\tLula e o seu inconformismo com a democracia\n\t\t<\/span><\/div>","aioseo_breadcrumb_json":[{"label":"Home","link":"https:\/\/anoticiaonline.com.br\/site"},{"label":"Colunistas","link":"https:\/\/anoticiaonline.com.br\/site\/categoria\/colunistas\/"},{"label":"Pol\u00edtica e Atualidades - Francisco Laviola","link":"https:\/\/anoticiaonline.com.br\/site\/categoria\/colunistas\/politica-e-atualidades-francisco-laviola\/"},{"label":"Lula e o seu inconformismo com a democracia","link":"https:\/\/anoticiaonline.com.br\/site\/lula-e-o-seu-inconformismo-com-a-democracia\/"}],"views":158,"_links":{"self":[{"href":"https:\/\/anoticiaonline.com.br\/site\/wp-json\/wp\/v2\/posts\/6952","targetHints":{"allow":["GET"]}}],"collection":[{"href":"https:\/\/anoticiaonline.com.br\/site\/wp-json\/wp\/v2\/posts"}],"about":[{"href":"https:\/\/anoticiaonline.com.br\/site\/wp-json\/wp\/v2\/types\/post"}],"author":[{"embeddable":true,"href":"https:\/\/anoticiaonline.com.br\/site\/wp-json\/wp\/v2\/users\/2"}],"replies":[{"embeddable":true,"href":"https:\/\/anoticiaonline.com.br\/site\/wp-json\/wp\/v2\/comments?post=6952"}],"version-history":[{"count":0,"href":"https:\/\/anoticiaonline.com.br\/site\/wp-json\/wp\/v2\/posts\/6952\/revisions"}],"wp:attachment":[{"href":"https:\/\/anoticiaonline.com.br\/site\/wp-json\/wp\/v2\/media?parent=6952"}],"wp:term":[{"taxonomy":"category","embeddable":true,"href":"https:\/\/anoticiaonline.com.br\/site\/wp-json\/wp\/v2\/categories?post=6952"},{"taxonomy":"post_tag","embeddable":true,"href":"https:\/\/anoticiaonline.com.br\/site\/wp-json\/wp\/v2\/tags?post=6952"}],"curies":[{"name":"wp","href":"https:\/\/api.w.org\/{rel}","templated":true}]}}