{"id":6946,"date":"2015-11-27T07:00:36","date_gmt":"2015-11-27T10:00:36","guid":{"rendered":"http:\/\/anoticiaonline.com.br\/site\/?p=6946"},"modified":"2015-11-26T16:36:07","modified_gmt":"2015-11-26T19:36:07","slug":"secretario-de-desenvolvimento-economico-participa-de-evento-nacional-sobre-economia","status":"publish","type":"post","link":"https:\/\/anoticiaonline.com.br\/site\/secretario-de-desenvolvimento-economico-participa-de-evento-nacional-sobre-economia\/","title":{"rendered":"Secret\u00e1rio de Desenvolvimento Econ\u00f4mico participa de evento nacional sobre economia"},"content":{"rendered":"<p><a href=\"https:\/\/anoticiaonline.com.br\/site\/wp-content\/uploads\/2015\/11\/1-Secret\u00e1rio-M-C\u00e9zar-Bianchi-participa-do-7-Fomenta-nacional.jpg\"><img fetchpriority=\"high\" decoding=\"async\" class=\" size-medium wp-image-6947 alignleft\" src=\"https:\/\/anoticiaonline.com.br\/site\/wp-content\/uploads\/2015\/11\/1-Secret\u00e1rio-M-C\u00e9zar-Bianchi-participa-do-7-Fomenta-nacional-300x225.jpg\" alt=\"1 - Secret\u00e1rio M C\u00e9zar Bianchi participa do 7 Fomenta nacional\" width=\"300\" height=\"225\" srcset=\"https:\/\/anoticiaonline.com.br\/site\/wp-content\/uploads\/2015\/11\/1-Secret\u00e1rio-M-C\u00e9zar-Bianchi-participa-do-7-Fomenta-nacional-300x225.jpg 300w, https:\/\/anoticiaonline.com.br\/site\/wp-content\/uploads\/2015\/11\/1-Secret\u00e1rio-M-C\u00e9zar-Bianchi-participa-do-7-Fomenta-nacional.jpg 640w\" sizes=\"(max-width: 300px) 100vw, 300px\" \/><\/a>O secret\u00e1rio Municipal de Desenvolvimento Econ\u00f4mico, C\u00e9zar Augusto Bianchi Botaro, representou o prefeito Aloysio Aquino no IV Encontro Nacional de Agentes de Desenvolvimento Econ\u00f4mico (ENAD), nos dias 17 e 18 de novembro, e no VII Fomenta Nacional, no dia 19 novembro, ambos promovidos pelo Sebrae, em Cuiab\u00e1, Mato Grosso.<\/p>\n<p>O objetivo dos eventos foi orientar, capacitar e realizar a troca de experi\u00eancias entre agentes econ\u00f4micos dos munic\u00edpios brasileiros. A viagem foi uma miss\u00e3o do Sebrae, custeada pelo pr\u00f3prio \u00f3rg\u00e3o a diversas lideran\u00e7as mineiras.<\/p>\n<p>Para C\u00e9zar Bianchi, a oportunidade proporcionada enriquece o trabalho realizado pela Prefeitura de Muria\u00e9. \u201cNossa cidade j\u00e1 avan\u00e7ou muito nos \u00faltimos anos, justamente porque conseguimos organizar o empresariado local, incentivamos os profissionais liberais a se legalizarem, ofertamos cursos e a partir dos exemplos que temos acompanhados nas miss\u00f5es do SEBRAE, estamos focados em trazer mais novidades para Muria\u00e9, como por exemplo, o sistema de compras em grupo, que aumenta o poder de negocia\u00e7\u00e3o do empresariado e fomenta a economia local\u201d, ressalta o secret\u00e1rio.<\/p>\n<p>Nos tr\u00eas dias de curso, os participantes acompanharam palestras e oficinas com profissionais de renome nacional e internacional.<\/p>\n","protected":false},"excerpt":{"rendered":"<p>O secret\u00e1rio Municipal de Desenvolvimento Econ\u00f4mico, C\u00e9zar Augusto Bianchi Botaro, representou o prefeito Aloysio Aquino no IV Encontro Nacional de Agentes de Desenvolvimento Econ\u00f4mico (ENAD), nos dias 17 e 18 de novembro, e no VII Fomenta Nacional, no dia 19 novembro, ambos promovidos pelo Sebrae, em Cuiab\u00e1, Mato Grosso. O objetivo dos eventos foi orientar, &#8230; <a title=\"Secret\u00e1rio de Desenvolvimento Econ\u00f4mico participa de evento nacional sobre economia\" class=\"read-more\" href=\"https:\/\/anoticiaonline.com.br\/site\/secretario-de-desenvolvimento-economico-participa-de-evento-nacional-sobre-economia\/\" aria-label=\"Read more about Secret\u00e1rio de Desenvolvimento Econ\u00f4mico participa de evento nacional sobre economia\">Ler mais<\/a><\/p>\n","protected":false},"author":2,"featured_media":6947,"comment_status":"open","ping_status":"open","sticky":false,"template":"","format":"standard","meta":{"_acf_changed":false,"_monsterinsights_skip_tracking":false,"footnotes":""},"categories":[30],"tags":[3],"class_list":["post-6946","post","type-post","status-publish","format-standard","has-post-thumbnail","hentry","category-muriae","tag-slide"],"acf":[],"aioseo_notices":[],"aioseo_head":"\n\t\t<!-- All in One SEO 5.0.0.1 - aioseo.com -->\n\t<meta name=\"description\" content=\"O secret\u00e1rio Municipal de Desenvolvimento Econ\u00f4mico, C\u00e9zar Augusto Bianchi Botaro, representou o prefeito Aloysio Aquino no IV Encontro Nacional de Agentes de Desenvolvimento Econ\u00f4mico (ENAD), nos dias 17 e 18 de novembro, e no VII Fomenta Nacional, no dia 19 novembro, ambos promovidos pelo Sebrae, em Cuiab\u00e1, Mato Grosso. O objetivo dos eventos foi orientar,\" \/>\n\t<meta name=\"robots\" content=\"max-image-preview:large\" \/>\n\t<meta name=\"author\" content=\"Juliana Laviola\"\/>\n\t<link rel=\"canonical\" href=\"https:\/\/anoticiaonline.com.br\/site\/secretario-de-desenvolvimento-economico-participa-de-evento-nacional-sobre-economia\/\" \/>\n\t<meta name=\"generator\" content=\"All in One SEO (AIOSEO) 5.0.0.1\" \/>\n\t\t<meta property=\"og:locale\" content=\"pt_BR\" \/>\n\t\t<meta property=\"og:site_name\" content=\"A Not\u00edcia Online - Noticias de Muria\u00e9 e regi\u00e3o\" \/>\n\t\t<meta property=\"og:type\" content=\"article\" \/>\n\t\t<meta property=\"og:title\" content=\"Secret\u00e1rio de Desenvolvimento Econ\u00f4mico participa de evento nacional sobre economia - A Not\u00edcia Online\" \/>\n\t\t<meta property=\"og:description\" content=\"O secret\u00e1rio Municipal de Desenvolvimento Econ\u00f4mico, C\u00e9zar Augusto Bianchi Botaro, representou o prefeito Aloysio Aquino no IV Encontro Nacional de Agentes de Desenvolvimento Econ\u00f4mico (ENAD), nos dias 17 e 18 de novembro, e no VII Fomenta Nacional, no dia 19 novembro, ambos promovidos pelo Sebrae, em Cuiab\u00e1, Mato Grosso. O objetivo dos eventos foi orientar,\" \/>\n\t\t<meta property=\"og:url\" content=\"https:\/\/anoticiaonline.com.br\/site\/secretario-de-desenvolvimento-economico-participa-de-evento-nacional-sobre-economia\/\" \/>\n\t\t<meta property=\"og:image\" content=\"https:\/\/scontent-gig4-1.xx.fbcdn.net\/v\/t39.30808-1\/270437624_4564083193639691_6907940295614233970_n.jpg?stp=dst-jpg_s200x200_tt6&#038;_nc_cat=111&#038;ccb=1-7&#038;_nc_sid=f907e8&#038;_nc_ohc=SM1wRlP3lJwQ7kNvwEPuBYA&#038;_nc_oc=AdnqrjDN_BNjSSHWO-GbkIWH6fkGMLw4bqvL_NH6e2wMveX7G-rP2dAqsDSq1mJMOaY&#038;_nc_zt=24&#038;_nc_ht=scontent-gig4-1.xx&#038;_nc_gid=AoBFJeGrT1hVaew_6rchkQ&#038;oh=00_AfX7QmFGhQhG2jAllVgXCiM1ZrWgvtp80-Bfppyexh1QEg&#038;oe=689E923C\" \/>\n\t\t<meta property=\"og:image:secure_url\" content=\"https:\/\/scontent-gig4-1.xx.fbcdn.net\/v\/t39.30808-1\/270437624_4564083193639691_6907940295614233970_n.jpg?stp=dst-jpg_s200x200_tt6&#038;_nc_cat=111&#038;ccb=1-7&#038;_nc_sid=f907e8&#038;_nc_ohc=SM1wRlP3lJwQ7kNvwEPuBYA&#038;_nc_oc=AdnqrjDN_BNjSSHWO-GbkIWH6fkGMLw4bqvL_NH6e2wMveX7G-rP2dAqsDSq1mJMOaY&#038;_nc_zt=24&#038;_nc_ht=scontent-gig4-1.xx&#038;_nc_gid=AoBFJeGrT1hVaew_6rchkQ&#038;oh=00_AfX7QmFGhQhG2jAllVgXCiM1ZrWgvtp80-Bfppyexh1QEg&#038;oe=689E923C\" \/>\n\t\t<meta property=\"article:published_time\" content=\"2015-11-27T10:00:36+00:00\" \/>\n\t\t<meta property=\"article:modified_time\" content=\"2015-11-26T19:36:07+00:00\" \/>\n\t\t<meta name=\"twitter:card\" content=\"summary_large_image\" \/>\n\t\t<meta name=\"twitter:title\" content=\"Secret\u00e1rio de Desenvolvimento Econ\u00f4mico participa de evento nacional sobre economia - A Not\u00edcia Online\" \/>\n\t\t<meta name=\"twitter:description\" content=\"O secret\u00e1rio Municipal de Desenvolvimento Econ\u00f4mico, C\u00e9zar Augusto Bianchi Botaro, representou o prefeito Aloysio Aquino no IV Encontro Nacional de Agentes de Desenvolvimento Econ\u00f4mico (ENAD), nos dias 17 e 18 de novembro, e no VII Fomenta Nacional, no dia 19 novembro, ambos promovidos pelo Sebrae, em Cuiab\u00e1, Mato Grosso. O objetivo dos eventos foi orientar,\" \/>\n\t\t<meta name=\"twitter:image\" content=\"https:\/\/scontent-gig4-1.xx.fbcdn.net\/v\/t39.30808-1\/270437624_4564083193639691_6907940295614233970_n.jpg?stp=dst-jpg_s200x200_tt6&amp;_nc_cat=111&amp;ccb=1-7&amp;_nc_sid=f907e8&amp;_nc_ohc=SM1wRlP3lJwQ7kNvwEPuBYA&amp;_nc_oc=AdnqrjDN_BNjSSHWO-GbkIWH6fkGMLw4bqvL_NH6e2wMveX7G-rP2dAqsDSq1mJMOaY&amp;_nc_zt=24&amp;_nc_ht=scontent-gig4-1.xx&amp;_nc_gid=AoBFJeGrT1hVaew_6rchkQ&amp;oh=00_AfX7QmFGhQhG2jAllVgXCiM1ZrWgvtp80-Bfppyexh1QEg&amp;oe=689E923C\" \/>\n\t\t<script type=\"application\/ld+json\" class=\"aioseo-schema\">\n\t\t\t{\"@context\":\"https:\\\/\\\/schema.org\",\"@graph\":[{\"@type\":\"BlogPosting\",\"@id\":\"https:\\\/\\\/anoticiaonline.com.br\\\/site\\\/secretario-de-desenvolvimento-economico-participa-de-evento-nacional-sobre-economia\\\/#blogposting\",\"name\":\"Secret\\u00e1rio de Desenvolvimento Econ\\u00f4mico participa de evento nacional sobre economia - A Not\\u00edcia Online\",\"headline\":\"Secret\\u00e1rio de Desenvolvimento Econ\\u00f4mico participa de evento nacional sobre economia\",\"author\":{\"@id\":\"https:\\\/\\\/anoticiaonline.com.br\\\/site\\\/author\\\/juliana\\\/#author\"},\"publisher\":{\"@id\":\"https:\\\/\\\/anoticiaonline.com.br\\\/site\\\/#organization\"},\"image\":{\"@type\":\"ImageObject\",\"url\":\"https:\\\/\\\/anoticiaonline.com.br\\\/site\\\/wp-content\\\/uploads\\\/2015\\\/11\\\/1-Secret\\u00e1rio-M-C\\u00e9zar-Bianchi-participa-do-7-Fomenta-nacional.jpg\",\"width\":640,\"height\":480},\"datePublished\":\"2015-11-27T07:00:36-03:00\",\"dateModified\":\"2015-11-26T16:36:07-03:00\",\"inLanguage\":\"pt-BR\",\"mainEntityOfPage\":{\"@id\":\"https:\\\/\\\/anoticiaonline.com.br\\\/site\\\/secretario-de-desenvolvimento-economico-participa-de-evento-nacional-sobre-economia\\\/#webpage\"},\"isPartOf\":{\"@id\":\"https:\\\/\\\/anoticiaonline.com.br\\\/site\\\/secretario-de-desenvolvimento-economico-participa-de-evento-nacional-sobre-economia\\\/#webpage\"},\"articleSection\":\"Blog, slide\"},{\"@type\":\"BreadcrumbList\",\"@id\":\"https:\\\/\\\/anoticiaonline.com.br\\\/site\\\/secretario-de-desenvolvimento-economico-participa-de-evento-nacional-sobre-economia\\\/#breadcrumblist\",\"itemListElement\":[{\"@type\":\"ListItem\",\"@id\":\"https:\\\/\\\/anoticiaonline.com.br\\\/site#listItem\",\"position\":1,\"name\":\"Home\",\"item\":\"https:\\\/\\\/anoticiaonline.com.br\\\/site\",\"nextItem\":{\"@type\":\"ListItem\",\"@id\":\"https:\\\/\\\/anoticiaonline.com.br\\\/site\\\/categoria\\\/muriae\\\/#listItem\",\"name\":\"Blog\"}},{\"@type\":\"ListItem\",\"@id\":\"https:\\\/\\\/anoticiaonline.com.br\\\/site\\\/categoria\\\/muriae\\\/#listItem\",\"position\":2,\"name\":\"Blog\",\"item\":\"https:\\\/\\\/anoticiaonline.com.br\\\/site\\\/categoria\\\/muriae\\\/\",\"nextItem\":{\"@type\":\"ListItem\",\"@id\":\"https:\\\/\\\/anoticiaonline.com.br\\\/site\\\/secretario-de-desenvolvimento-economico-participa-de-evento-nacional-sobre-economia\\\/#listItem\",\"name\":\"Secret\\u00e1rio de Desenvolvimento Econ\\u00f4mico participa de evento nacional sobre economia\"},\"previousItem\":{\"@type\":\"ListItem\",\"@id\":\"https:\\\/\\\/anoticiaonline.com.br\\\/site#listItem\",\"name\":\"Home\"}},{\"@type\":\"ListItem\",\"@id\":\"https:\\\/\\\/anoticiaonline.com.br\\\/site\\\/secretario-de-desenvolvimento-economico-participa-de-evento-nacional-sobre-economia\\\/#listItem\",\"position\":3,\"name\":\"Secret\\u00e1rio de Desenvolvimento Econ\\u00f4mico participa de evento nacional sobre economia\",\"previousItem\":{\"@type\":\"ListItem\",\"@id\":\"https:\\\/\\\/anoticiaonline.com.br\\\/site\\\/categoria\\\/muriae\\\/#listItem\",\"name\":\"Blog\"}}]},{\"@type\":\"Organization\",\"@id\":\"https:\\\/\\\/anoticiaonline.com.br\\\/site\\\/#organization\",\"name\":\"A Not\\u00edcia Online\",\"description\":\"Noticias de Muria\\u00e9 e regi\\u00e3o\",\"url\":\"https:\\\/\\\/anoticiaonline.com.br\\\/site\\\/\",\"logo\":{\"@type\":\"ImageObject\",\"url\":\"https:\\\/\\\/scontent-gig4-1.xx.fbcdn.net\\\/v\\\/t39.30808-1\\\/270437624_4564083193639691_6907940295614233970_n.jpg?stp=dst-jpg_s200x200_tt6&_nc_cat=111&ccb=1-7&_nc_sid=f907e8&_nc_ohc=SM1wRlP3lJwQ7kNvwEPuBYA&_nc_oc=AdnqrjDN_BNjSSHWO-GbkIWH6fkGMLw4bqvL_NH6e2wMveX7G-rP2dAqsDSq1mJMOaY&_nc_zt=24&_nc_ht=scontent-gig4-1.xx&_nc_gid=AoBFJeGrT1hVaew_6rchkQ&oh=00_AfX7QmFGhQhG2jAllVgXCiM1ZrWgvtp80-Bfppyexh1QEg&oe=689E923C\",\"@id\":\"https:\\\/\\\/anoticiaonline.com.br\\\/site\\\/secretario-de-desenvolvimento-economico-participa-de-evento-nacional-sobre-economia\\\/#organizationLogo\"},\"image\":{\"@id\":\"https:\\\/\\\/anoticiaonline.com.br\\\/site\\\/secretario-de-desenvolvimento-economico-participa-de-evento-nacional-sobre-economia\\\/#organizationLogo\"}},{\"@type\":\"Person\",\"@id\":\"https:\\\/\\\/anoticiaonline.com.br\\\/site\\\/author\\\/juliana\\\/#author\",\"url\":\"https:\\\/\\\/anoticiaonline.com.br\\\/site\\\/author\\\/juliana\\\/\",\"name\":\"Juliana Laviola\",\"image\":{\"@type\":\"ImageObject\",\"@id\":\"https:\\\/\\\/anoticiaonline.com.br\\\/site\\\/secretario-de-desenvolvimento-economico-participa-de-evento-nacional-sobre-economia\\\/#authorImage\",\"url\":\"https:\\\/\\\/secure.gravatar.com\\\/avatar\\\/b8d45f5c699b100dfaf0e543582f38f38bf94cb7ae3a5e9abf8d891a34773335?s=96&d=mm&r=g\",\"width\":96,\"height\":96,\"caption\":\"Juliana Laviola\"}},{\"@type\":\"WebPage\",\"@id\":\"https:\\\/\\\/anoticiaonline.com.br\\\/site\\\/secretario-de-desenvolvimento-economico-participa-de-evento-nacional-sobre-economia\\\/#webpage\",\"url\":\"https:\\\/\\\/anoticiaonline.com.br\\\/site\\\/secretario-de-desenvolvimento-economico-participa-de-evento-nacional-sobre-economia\\\/\",\"name\":\"Secret\\u00e1rio de Desenvolvimento Econ\\u00f4mico participa de evento nacional sobre economia - A Not\\u00edcia Online\",\"description\":\"O secret\\u00e1rio Municipal de Desenvolvimento Econ\\u00f4mico, C\\u00e9zar Augusto Bianchi Botaro, representou o prefeito Aloysio Aquino no IV Encontro Nacional de Agentes de Desenvolvimento Econ\\u00f4mico (ENAD), nos dias 17 e 18 de novembro, e no VII Fomenta Nacional, no dia 19 novembro, ambos promovidos pelo Sebrae, em Cuiab\\u00e1, Mato Grosso. O objetivo dos eventos foi orientar,\",\"inLanguage\":\"pt-BR\",\"isPartOf\":{\"@id\":\"https:\\\/\\\/anoticiaonline.com.br\\\/site\\\/#website\"},\"breadcrumb\":{\"@id\":\"https:\\\/\\\/anoticiaonline.com.br\\\/site\\\/secretario-de-desenvolvimento-economico-participa-de-evento-nacional-sobre-economia\\\/#breadcrumblist\"},\"author\":{\"@id\":\"https:\\\/\\\/anoticiaonline.com.br\\\/site\\\/author\\\/juliana\\\/#author\"},\"creator\":{\"@id\":\"https:\\\/\\\/anoticiaonline.com.br\\\/site\\\/author\\\/juliana\\\/#author\"},\"image\":{\"@type\":\"ImageObject\",\"url\":\"https:\\\/\\\/anoticiaonline.com.br\\\/site\\\/wp-content\\\/uploads\\\/2015\\\/11\\\/1-Secret\\u00e1rio-M-C\\u00e9zar-Bianchi-participa-do-7-Fomenta-nacional.jpg\",\"@id\":\"https:\\\/\\\/anoticiaonline.com.br\\\/site\\\/secretario-de-desenvolvimento-economico-participa-de-evento-nacional-sobre-economia\\\/#mainImage\",\"width\":640,\"height\":480},\"primaryImageOfPage\":{\"@id\":\"https:\\\/\\\/anoticiaonline.com.br\\\/site\\\/secretario-de-desenvolvimento-economico-participa-de-evento-nacional-sobre-economia\\\/#mainImage\"},\"datePublished\":\"2015-11-27T07:00:36-03:00\",\"dateModified\":\"2015-11-26T16:36:07-03:00\"},{\"@type\":\"WebSite\",\"@id\":\"https:\\\/\\\/anoticiaonline.com.br\\\/site\\\/#website\",\"url\":\"https:\\\/\\\/anoticiaonline.com.br\\\/site\\\/\",\"name\":\"A Not\\u00edcia Online\",\"description\":\"Noticias de Muria\\u00e9 e regi\\u00e3o\",\"inLanguage\":\"pt-BR\",\"publisher\":{\"@id\":\"https:\\\/\\\/anoticiaonline.com.br\\\/site\\\/#organization\"}}]}\n\t\t<\/script>\n\t\t<!-- All in One SEO -->\n\n","aioseo_head_json":{"title":"Secret\u00e1rio de Desenvolvimento Econ\u00f4mico participa de evento nacional sobre economia - A Not\u00edcia Online","description":"O secret\u00e1rio Municipal de Desenvolvimento Econ\u00f4mico, C\u00e9zar Augusto Bianchi Botaro, representou o prefeito Aloysio Aquino no IV Encontro Nacional de Agentes de Desenvolvimento Econ\u00f4mico (ENAD), nos dias 17 e 18 de novembro, e no VII Fomenta Nacional, no dia 19 novembro, ambos promovidos pelo Sebrae, em Cuiab\u00e1, Mato Grosso. O objetivo dos eventos foi orientar,","canonical_url":"https:\/\/anoticiaonline.com.br\/site\/secretario-de-desenvolvimento-economico-participa-de-evento-nacional-sobre-economia\/","robots":"max-image-preview:large","keywords":"","webmasterTools":{"miscellaneous":""},"schema":{"@context":"https:\/\/schema.org","@graph":[{"@type":"BlogPosting","@id":"https:\/\/anoticiaonline.com.br\/site\/secretario-de-desenvolvimento-economico-participa-de-evento-nacional-sobre-economia\/#blogposting","name":"Secret\u00e1rio de Desenvolvimento Econ\u00f4mico participa de evento nacional sobre economia - A Not\u00edcia Online","headline":"Secret\u00e1rio de Desenvolvimento Econ\u00f4mico participa de evento nacional sobre economia","author":{"@id":"https:\/\/anoticiaonline.com.br\/site\/author\/juliana\/#author"},"publisher":{"@id":"https:\/\/anoticiaonline.com.br\/site\/#organization"},"image":{"@type":"ImageObject","url":"https:\/\/anoticiaonline.com.br\/site\/wp-content\/uploads\/2015\/11\/1-Secret\u00e1rio-M-C\u00e9zar-Bianchi-participa-do-7-Fomenta-nacional.jpg","width":640,"height":480},"datePublished":"2015-11-27T07:00:36-03:00","dateModified":"2015-11-26T16:36:07-03:00","inLanguage":"pt-BR","mainEntityOfPage":{"@id":"https:\/\/anoticiaonline.com.br\/site\/secretario-de-desenvolvimento-economico-participa-de-evento-nacional-sobre-economia\/#webpage"},"isPartOf":{"@id":"https:\/\/anoticiaonline.com.br\/site\/secretario-de-desenvolvimento-economico-participa-de-evento-nacional-sobre-economia\/#webpage"},"articleSection":"Blog, slide"},{"@type":"BreadcrumbList","@id":"https:\/\/anoticiaonline.com.br\/site\/secretario-de-desenvolvimento-economico-participa-de-evento-nacional-sobre-economia\/#breadcrumblist","itemListElement":[{"@type":"ListItem","@id":"https:\/\/anoticiaonline.com.br\/site#listItem","position":1,"name":"Home","item":"https:\/\/anoticiaonline.com.br\/site","nextItem":{"@type":"ListItem","@id":"https:\/\/anoticiaonline.com.br\/site\/categoria\/muriae\/#listItem","name":"Blog"}},{"@type":"ListItem","@id":"https:\/\/anoticiaonline.com.br\/site\/categoria\/muriae\/#listItem","position":2,"name":"Blog","item":"https:\/\/anoticiaonline.com.br\/site\/categoria\/muriae\/","nextItem":{"@type":"ListItem","@id":"https:\/\/anoticiaonline.com.br\/site\/secretario-de-desenvolvimento-economico-participa-de-evento-nacional-sobre-economia\/#listItem","name":"Secret\u00e1rio de Desenvolvimento Econ\u00f4mico participa de evento nacional sobre economia"},"previousItem":{"@type":"ListItem","@id":"https:\/\/anoticiaonline.com.br\/site#listItem","name":"Home"}},{"@type":"ListItem","@id":"https:\/\/anoticiaonline.com.br\/site\/secretario-de-desenvolvimento-economico-participa-de-evento-nacional-sobre-economia\/#listItem","position":3,"name":"Secret\u00e1rio de Desenvolvimento Econ\u00f4mico participa de evento nacional sobre economia","previousItem":{"@type":"ListItem","@id":"https:\/\/anoticiaonline.com.br\/site\/categoria\/muriae\/#listItem","name":"Blog"}}]},{"@type":"Organization","@id":"https:\/\/anoticiaonline.com.br\/site\/#organization","name":"A Not\u00edcia Online","description":"Noticias de Muria\u00e9 e regi\u00e3o","url":"https:\/\/anoticiaonline.com.br\/site\/","logo":{"@type":"ImageObject","url":"https:\/\/scontent-gig4-1.xx.fbcdn.net\/v\/t39.30808-1\/270437624_4564083193639691_6907940295614233970_n.jpg?stp=dst-jpg_s200x200_tt6&_nc_cat=111&ccb=1-7&_nc_sid=f907e8&_nc_ohc=SM1wRlP3lJwQ7kNvwEPuBYA&_nc_oc=AdnqrjDN_BNjSSHWO-GbkIWH6fkGMLw4bqvL_NH6e2wMveX7G-rP2dAqsDSq1mJMOaY&_nc_zt=24&_nc_ht=scontent-gig4-1.xx&_nc_gid=AoBFJeGrT1hVaew_6rchkQ&oh=00_AfX7QmFGhQhG2jAllVgXCiM1ZrWgvtp80-Bfppyexh1QEg&oe=689E923C","@id":"https:\/\/anoticiaonline.com.br\/site\/secretario-de-desenvolvimento-economico-participa-de-evento-nacional-sobre-economia\/#organizationLogo"},"image":{"@id":"https:\/\/anoticiaonline.com.br\/site\/secretario-de-desenvolvimento-economico-participa-de-evento-nacional-sobre-economia\/#organizationLogo"}},{"@type":"Person","@id":"https:\/\/anoticiaonline.com.br\/site\/author\/juliana\/#author","url":"https:\/\/anoticiaonline.com.br\/site\/author\/juliana\/","name":"Juliana Laviola","image":{"@type":"ImageObject","@id":"https:\/\/anoticiaonline.com.br\/site\/secretario-de-desenvolvimento-economico-participa-de-evento-nacional-sobre-economia\/#authorImage","url":"https:\/\/secure.gravatar.com\/avatar\/b8d45f5c699b100dfaf0e543582f38f38bf94cb7ae3a5e9abf8d891a34773335?s=96&d=mm&r=g","width":96,"height":96,"caption":"Juliana Laviola"}},{"@type":"WebPage","@id":"https:\/\/anoticiaonline.com.br\/site\/secretario-de-desenvolvimento-economico-participa-de-evento-nacional-sobre-economia\/#webpage","url":"https:\/\/anoticiaonline.com.br\/site\/secretario-de-desenvolvimento-economico-participa-de-evento-nacional-sobre-economia\/","name":"Secret\u00e1rio de Desenvolvimento Econ\u00f4mico participa de evento nacional sobre economia - A Not\u00edcia Online","description":"O secret\u00e1rio Municipal de Desenvolvimento Econ\u00f4mico, C\u00e9zar Augusto Bianchi Botaro, representou o prefeito Aloysio Aquino no IV Encontro Nacional de Agentes de Desenvolvimento Econ\u00f4mico (ENAD), nos dias 17 e 18 de novembro, e no VII Fomenta Nacional, no dia 19 novembro, ambos promovidos pelo Sebrae, em Cuiab\u00e1, Mato Grosso. O objetivo dos eventos foi orientar,","inLanguage":"pt-BR","isPartOf":{"@id":"https:\/\/anoticiaonline.com.br\/site\/#website"},"breadcrumb":{"@id":"https:\/\/anoticiaonline.com.br\/site\/secretario-de-desenvolvimento-economico-participa-de-evento-nacional-sobre-economia\/#breadcrumblist"},"author":{"@id":"https:\/\/anoticiaonline.com.br\/site\/author\/juliana\/#author"},"creator":{"@id":"https:\/\/anoticiaonline.com.br\/site\/author\/juliana\/#author"},"image":{"@type":"ImageObject","url":"https:\/\/anoticiaonline.com.br\/site\/wp-content\/uploads\/2015\/11\/1-Secret\u00e1rio-M-C\u00e9zar-Bianchi-participa-do-7-Fomenta-nacional.jpg","@id":"https:\/\/anoticiaonline.com.br\/site\/secretario-de-desenvolvimento-economico-participa-de-evento-nacional-sobre-economia\/#mainImage","width":640,"height":480},"primaryImageOfPage":{"@id":"https:\/\/anoticiaonline.com.br\/site\/secretario-de-desenvolvimento-economico-participa-de-evento-nacional-sobre-economia\/#mainImage"},"datePublished":"2015-11-27T07:00:36-03:00","dateModified":"2015-11-26T16:36:07-03:00"},{"@type":"WebSite","@id":"https:\/\/anoticiaonline.com.br\/site\/#website","url":"https:\/\/anoticiaonline.com.br\/site\/","name":"A Not\u00edcia Online","description":"Noticias de Muria\u00e9 e regi\u00e3o","inLanguage":"pt-BR","publisher":{"@id":"https:\/\/anoticiaonline.com.br\/site\/#organization"}}]},"og:locale":"pt_BR","og:site_name":"A Not\u00edcia Online - Noticias de Muria\u00e9 e regi\u00e3o","og:type":"article","og:title":"Secret\u00e1rio de Desenvolvimento Econ\u00f4mico participa de evento nacional sobre economia - A Not\u00edcia Online","og:description":"O secret\u00e1rio Municipal de Desenvolvimento Econ\u00f4mico, C\u00e9zar Augusto Bianchi Botaro, representou o prefeito Aloysio Aquino no IV Encontro Nacional de Agentes de Desenvolvimento Econ\u00f4mico (ENAD), nos dias 17 e 18 de novembro, e no VII Fomenta Nacional, no dia 19 novembro, ambos promovidos pelo Sebrae, em Cuiab\u00e1, Mato Grosso. O objetivo dos eventos foi orientar,","og:url":"https:\/\/anoticiaonline.com.br\/site\/secretario-de-desenvolvimento-economico-participa-de-evento-nacional-sobre-economia\/","og:image":"https:\/\/scontent-gig4-1.xx.fbcdn.net\/v\/t39.30808-1\/270437624_4564083193639691_6907940295614233970_n.jpg?stp=dst-jpg_s200x200_tt6&#038;_nc_cat=111&#038;ccb=1-7&#038;_nc_sid=f907e8&#038;_nc_ohc=SM1wRlP3lJwQ7kNvwEPuBYA&#038;_nc_oc=AdnqrjDN_BNjSSHWO-GbkIWH6fkGMLw4bqvL_NH6e2wMveX7G-rP2dAqsDSq1mJMOaY&#038;_nc_zt=24&#038;_nc_ht=scontent-gig4-1.xx&#038;_nc_gid=AoBFJeGrT1hVaew_6rchkQ&#038;oh=00_AfX7QmFGhQhG2jAllVgXCiM1ZrWgvtp80-Bfppyexh1QEg&#038;oe=689E923C","og:image:secure_url":"https:\/\/scontent-gig4-1.xx.fbcdn.net\/v\/t39.30808-1\/270437624_4564083193639691_6907940295614233970_n.jpg?stp=dst-jpg_s200x200_tt6&#038;_nc_cat=111&#038;ccb=1-7&#038;_nc_sid=f907e8&#038;_nc_ohc=SM1wRlP3lJwQ7kNvwEPuBYA&#038;_nc_oc=AdnqrjDN_BNjSSHWO-GbkIWH6fkGMLw4bqvL_NH6e2wMveX7G-rP2dAqsDSq1mJMOaY&#038;_nc_zt=24&#038;_nc_ht=scontent-gig4-1.xx&#038;_nc_gid=AoBFJeGrT1hVaew_6rchkQ&#038;oh=00_AfX7QmFGhQhG2jAllVgXCiM1ZrWgvtp80-Bfppyexh1QEg&#038;oe=689E923C","article:published_time":"2015-11-27T10:00:36+00:00","article:modified_time":"2015-11-26T19:36:07+00:00","twitter:card":"summary_large_image","twitter:title":"Secret\u00e1rio de Desenvolvimento Econ\u00f4mico participa de evento nacional sobre economia - A Not\u00edcia Online","twitter:description":"O secret\u00e1rio Municipal de Desenvolvimento Econ\u00f4mico, C\u00e9zar Augusto Bianchi Botaro, representou o prefeito Aloysio Aquino no IV Encontro Nacional de Agentes de Desenvolvimento Econ\u00f4mico (ENAD), nos dias 17 e 18 de novembro, e no VII Fomenta Nacional, no dia 19 novembro, ambos promovidos pelo Sebrae, em Cuiab\u00e1, Mato Grosso. O objetivo dos eventos foi orientar,","twitter:image":"https:\/\/scontent-gig4-1.xx.fbcdn.net\/v\/t39.30808-1\/270437624_4564083193639691_6907940295614233970_n.jpg?stp=dst-jpg_s200x200_tt6&_nc_cat=111&ccb=1-7&_nc_sid=f907e8&_nc_ohc=SM1wRlP3lJwQ7kNvwEPuBYA&_nc_oc=AdnqrjDN_BNjSSHWO-GbkIWH6fkGMLw4bqvL_NH6e2wMveX7G-rP2dAqsDSq1mJMOaY&_nc_zt=24&_nc_ht=scontent-gig4-1.xx&_nc_gid=AoBFJeGrT1hVaew_6rchkQ&oh=00_AfX7QmFGhQhG2jAllVgXCiM1ZrWgvtp80-Bfppyexh1QEg&oe=689E923C"},"aioseo_meta_data":{"post_id":"6946","title":null,"description":null,"keywords":null,"keyphrases":null,"primary_term":null,"canonical_url":null,"og_title":null,"og_description":null,"og_object_type":"default","og_image_type":"default","og_image_url":null,"og_image_width":null,"og_image_height":null,"og_image_custom_url":null,"og_image_custom_fields":null,"og_video":null,"og_custom_url":null,"og_article_section":null,"og_article_tags":null,"twitter_use_og":false,"twitter_card":"default","twitter_image_type":"default","twitter_image_url":null,"twitter_image_custom_url":null,"twitter_image_custom_fields":null,"twitter_title":null,"twitter_description":null,"schema":{"blockGraphs":[],"customGraphs":[],"default":{"data":{"Article":[],"Course":[],"Dataset":[],"FAQPage":[],"Movie":[],"Person":[],"Product":[],"ProductReview":[],"Car":[],"Recipe":[],"Service":[],"SoftwareApplication":[],"WebPage":[]},"graphName":"","isEnabled":true},"graphs":[]},"schema_type":"default","schema_type_options":null,"pillar_content":false,"robots_default":true,"robots_noindex":false,"robots_noarchive":false,"robots_nosnippet":false,"robots_nofollow":false,"robots_noimageindex":false,"robots_noodp":false,"robots_notranslate":false,"robots_max_snippet":null,"robots_max_videopreview":null,"robots_max_imagepreview":"large","priority":null,"frequency":null,"local_seo":null,"breadcrumb_settings":null,"limit_modified_date":false,"ai":null,"created":"2025-08-16 14:14:49","updated":"2025-08-16 14:14:49","focus_keyword":null,"additional_keywords":null,"truseo_locale":null,"seo_analyzer_scan_date":null},"aioseo_breadcrumb":"<div class=\"aioseo-breadcrumbs\"><span class=\"aioseo-breadcrumb\">\n\t\t\t<a href=\"https:\/\/anoticiaonline.com.br\/site\" title=\"Home\">Home<\/a>\n\t\t<\/span><span class=\"aioseo-breadcrumb-separator\">&raquo;<\/span><span class=\"aioseo-breadcrumb\">\n\t\t\t<a href=\"https:\/\/anoticiaonline.com.br\/site\/categoria\/muriae\/\" title=\"Blog\">Blog<\/a>\n\t\t<\/span><span class=\"aioseo-breadcrumb-separator\">&raquo;<\/span><span class=\"aioseo-breadcrumb\">\n\t\t\tSecret\u00e1rio de Desenvolvimento Econ\u00f4mico participa de evento nacional sobre economia\n\t\t<\/span><\/div>","aioseo_breadcrumb_json":[{"label":"Home","link":"https:\/\/anoticiaonline.com.br\/site"},{"label":"Blog","link":"https:\/\/anoticiaonline.com.br\/site\/categoria\/muriae\/"},{"label":"Secret\u00e1rio de Desenvolvimento Econ\u00f4mico participa de evento nacional sobre economia","link":"https:\/\/anoticiaonline.com.br\/site\/secretario-de-desenvolvimento-economico-participa-de-evento-nacional-sobre-economia\/"}],"views":145,"_links":{"self":[{"href":"https:\/\/anoticiaonline.com.br\/site\/wp-json\/wp\/v2\/posts\/6946","targetHints":{"allow":["GET"]}}],"collection":[{"href":"https:\/\/anoticiaonline.com.br\/site\/wp-json\/wp\/v2\/posts"}],"about":[{"href":"https:\/\/anoticiaonline.com.br\/site\/wp-json\/wp\/v2\/types\/post"}],"author":[{"embeddable":true,"href":"https:\/\/anoticiaonline.com.br\/site\/wp-json\/wp\/v2\/users\/2"}],"replies":[{"embeddable":true,"href":"https:\/\/anoticiaonline.com.br\/site\/wp-json\/wp\/v2\/comments?post=6946"}],"version-history":[{"count":0,"href":"https:\/\/anoticiaonline.com.br\/site\/wp-json\/wp\/v2\/posts\/6946\/revisions"}],"wp:featuredmedia":[{"embeddable":true,"href":"https:\/\/anoticiaonline.com.br\/site\/wp-json\/wp\/v2\/media\/6947"}],"wp:attachment":[{"href":"https:\/\/anoticiaonline.com.br\/site\/wp-json\/wp\/v2\/media?parent=6946"}],"wp:term":[{"taxonomy":"category","embeddable":true,"href":"https:\/\/anoticiaonline.com.br\/site\/wp-json\/wp\/v2\/categories?post=6946"},{"taxonomy":"post_tag","embeddable":true,"href":"https:\/\/anoticiaonline.com.br\/site\/wp-json\/wp\/v2\/tags?post=6946"}],"curies":[{"name":"wp","href":"https:\/\/api.w.org\/{rel}","templated":true}]}}