{"id":6928,"date":"2015-11-26T13:01:18","date_gmt":"2015-11-26T16:01:18","guid":{"rendered":"http:\/\/anoticiaonline.com.br\/site\/?p=6928"},"modified":"2015-11-26T13:15:38","modified_gmt":"2015-11-26T16:15:38","slug":"paulo-alvim-monteiro-de-castro","status":"publish","type":"post","link":"https:\/\/anoticiaonline.com.br\/site\/paulo-alvim-monteiro-de-castro\/","title":{"rendered":"PAULO ALVIM MONTEIRO DE CASTRO"},"content":{"rendered":"<p style=\"text-align: center;\"><strong>Nascido em 06 de abril de 1930<\/strong><br \/>\n<strong>Falecido em 22 de dezembro de 1988<\/strong><\/p>\n<p style=\"text-align: center;\">\n<p><a href=\"https:\/\/anoticiaonline.com.br\/site\/wp-content\/uploads\/2015\/11\/paulo-alvim-monteiro-de-castro.jpg\"><img fetchpriority=\"high\" decoding=\"async\" class=\" size-medium wp-image-6929 alignleft\" src=\"https:\/\/anoticiaonline.com.br\/site\/wp-content\/uploads\/2015\/11\/paulo-alvim-monteiro-de-castro-222x300.jpg\" alt=\"paulo alvim monteiro de castro\" width=\"222\" height=\"300\" srcset=\"https:\/\/anoticiaonline.com.br\/site\/wp-content\/uploads\/2015\/11\/paulo-alvim-monteiro-de-castro-222x300.jpg 222w, https:\/\/anoticiaonline.com.br\/site\/wp-content\/uploads\/2015\/11\/paulo-alvim-monteiro-de-castro.jpg 474w\" sizes=\"(max-width: 222px) 100vw, 222px\" \/><\/a>Nascido em Muria\u00e9, era filho do farmac\u00eautico \u00c1lvaro Monteiro de Castro e de Elvira Rog\u00e9rio de Castro.<\/p>\n<p>Fez seus estudos prim\u00e1rios no Col\u00e9gio Edmundo Germano, concluindo no Gin\u00e1sio S\u00e3o Paulo, o Curso Ginasial, e, no Col\u00e9gio Leopoldinense, o Ciclo Colegial.<\/p>\n<p>Mesmo com a morte prematura de seu pai, mas apoiado pela m\u00e3e e por toda a fam\u00edlia, foi para o Rio de Janeiro, onde concretizou o sonho acalentado desde crian\u00e7a, diplomando-se em Engenharia pela Escola Nacional de Engenharia da Universidade do Brasil.<\/p>\n<p>Durante o curso, trabalhava como desenhista no escrit\u00f3rio da firma N. Rodrigues S.A., onde permaneceu por tr\u00eas anos. Ainda cursava o 5\u00ba ano de Engenharia, quando ingressou, como estagi\u00e1rio no DNER. Era o in\u00edcio de uma carreira de \u00eaxitos e sucessos. Galgaria todos os postos da hierarquia do \u00d3rg\u00e3o, desde engenheiro auxiliar, chefe de resid\u00eancia, chefe de se\u00e7\u00e3o, chefe de servi\u00e7o, assessor, substituto do diretor, culminando com a nomea\u00e7\u00e3o em 1964 para o cargo de diretor de obras de conserva\u00e7\u00e3o e restaura\u00e7\u00e3o de rodovias, sendo, ent\u00e3o, o mais novo engenheiro do \u00d3rg\u00e3o a alcan\u00e7ar o cargo de diretor. Trabalhou em incont\u00e1veis obras de estradas por todo o Brasil.<\/p>\n<p>Por tr\u00eas vezes, foi agraciado pelo governo brasileiro pelo desempenho na chefia das obras de pavimenta\u00e7\u00e3o do trecho Juiz de Fora &#8211; Barbacena da estrada Rio-Belo Horizonte, a primeira grande obra rodovi\u00e1ria do Presidente Juscelino Kubitschek; quando do t\u00e9rmino da \u201cFern\u00e3o Dias\u201d, outra das importantes metas do grande Presidente; e a terceira, quando, sob sua dire\u00e7\u00e3o, foram executadas as obras de recupera\u00e7\u00e3o da Rio-Petr\u00f3polis, ap\u00f3s a trag\u00e9dia da Serra das Araras, quando um desmoronamento soterrou mais de quatrocentas pessoas e destruiu grande parte da estrada. O governo baiano tamb\u00e9m prestou-lhe grande homenagem, denominando Resid\u00eancia Engenheiro Paulo Alvim Monteiro de Castro a resid\u00eancia do DNER em Cruz das Almas, o maior centro produtor de fumo do pa\u00eds, \u00e0s margens da BR- 101. J\u00e1 como engenheiro residente, escreveu o trabalho \u201cInstru\u00e7\u00f5es para Controle de Misturas Betuminosas\u201d que, publicado na Revista \u201cConstru\u00e7\u00e3o\u201d, recebeu o Pr\u00eamio Pontes Correa, por ter sido considerado o melhor artigo t\u00e9cnico escrito naquele ano no Brasil, na \u00e1rea rodovi\u00e1ria.<\/p>\n<p>Era s\u00f3cio ou membro de diversas Associa\u00e7\u00f5es: &#8211; Clube de Engenharia; Associa\u00e7\u00e3o Rodovi\u00e1ria do Brasil; Associa\u00e7\u00e3o Brasileira de Pavimenta\u00e7\u00e3o; Highway Research Board (National Academy of Sciences &#8211; National Research Council &#8211; U.S.A.).<\/p>\n<p>Coordenou e chefiou in\u00fameros projetos de engenharia, deixando estudos e tratados sobre o assunto. Teve editado, em co-autoria, os livros \u201cCurso de Pavimenta\u00e7\u00e3o\u201d e \u201cPavimentos\u201d, sendo que o primeiro passou a ser adotado em, praticamente, todas as escolas de engenharia, tornando-se, por muitos anos, a \u201cB\u00edblia\u201d da pavimenta\u00e7\u00e3o asf\u00e1ltica em todo o Brasil, pois, n\u00e3o havia outro livro editado em portugu\u00eas sobre a mat\u00e9ria.<\/p>\n<p>Paralelamente ao seu trabalho no DNER, era consultor t\u00e9cnico pela Petrobr\u00e1s e, em 1969, depois de cinco anos como diretor do DNER, passou para a iniciativa privada trabalhando por mais de dez anos em firmas conceituadas, como a EULER, a AMPLA e a SET. Voltou, ent\u00e3o, ao DNER, a convite do seu diretor, onde permaneceria por mais alguns anos at\u00e9 vir a falecer.<\/p>\n<p>Muria\u00e9 dele recebeu, atrav\u00e9s de entendimentos com \u00f3rg\u00e3os federais, na gest\u00e3o de H\u00e9lio Ara\u00fajo, o alargamento da ponte sobre o rio Muria\u00e9; a constru\u00e7\u00e3o da nova ponte sobre o Rio Preto; a constru\u00e7\u00e3o da nova rodovi\u00e1ria, na gest\u00e3o de Jo\u00e3o Braz, com recursos conseguidos gra\u00e7as \u00e0 ajuda dos conterr\u00e2neos Ivo Manarino, Carlos Augusto Feres e Doutor Pio Can\u00eado. Em 1969, quando se reparava para se afastar do DNER para entrar na iniciativa privada, deixou assinalado no Mapa Rodovi\u00e1rio do Estado, o primitivo tra\u00e7ado da estrada Muria\u00e9-Erv\u00e1lia.<\/p>\n<p>Paulo Alvim Monteiro de Castro era casado com Dona Elba Nascimento Monteiro de Castro, com quem teve os filhos: Fernando, Ana L\u00facia e \u00c1lvaro, todos engenheiros. Faleceu em 22 de dezembro de 1988.<\/p>\n","protected":false},"excerpt":{"rendered":"<p>Nascido em 06 de abril de 1930 Falecido em 22 de dezembro de 1988 Nascido em Muria\u00e9, era filho do farmac\u00eautico \u00c1lvaro Monteiro de Castro e de Elvira Rog\u00e9rio de Castro. Fez seus estudos prim\u00e1rios no Col\u00e9gio Edmundo Germano, concluindo no Gin\u00e1sio S\u00e3o Paulo, o Curso Ginasial, e, no Col\u00e9gio Leopoldinense, o Ciclo Colegial. Mesmo &#8230; <a title=\"PAULO ALVIM MONTEIRO DE CASTRO\" class=\"read-more\" href=\"https:\/\/anoticiaonline.com.br\/site\/paulo-alvim-monteiro-de-castro\/\" aria-label=\"Read more about PAULO ALVIM MONTEIRO DE CASTRO\">Ler mais<\/a><\/p>\n","protected":false},"author":2,"featured_media":0,"comment_status":"open","ping_status":"open","sticky":false,"template":"","format":"standard","meta":{"_acf_changed":false,"_monsterinsights_skip_tracking":false,"footnotes":""},"categories":[35],"tags":[],"class_list":["post-6928","post","type-post","status-publish","format-standard","hentry","category-nomes-da-nossa-terra-joao-carlos-vargas-e-flavia-alves-junqueira-memorial-municipal-de-muriae"],"acf":[],"aioseo_notices":[],"aioseo_head":"\n\t\t<!-- All in One SEO 5.0.0.1 - aioseo.com -->\n\t<meta name=\"description\" content=\"Nascido em 06 de abril de 1930 Falecido em 22 de dezembro de 1988 Nascido em Muria\u00e9, era filho do farmac\u00eautico \u00c1lvaro Monteiro de Castro e de Elvira Rog\u00e9rio de Castro. Fez seus estudos prim\u00e1rios no Col\u00e9gio Edmundo Germano, concluindo no Gin\u00e1sio S\u00e3o Paulo, o Curso Ginasial, e, no Col\u00e9gio Leopoldinense, o Ciclo Colegial. Mesmo\" \/>\n\t<meta name=\"robots\" content=\"max-image-preview:large\" \/>\n\t<meta name=\"author\" content=\"Juliana Laviola\"\/>\n\t<link rel=\"canonical\" href=\"https:\/\/anoticiaonline.com.br\/site\/paulo-alvim-monteiro-de-castro\/\" \/>\n\t<meta name=\"generator\" content=\"All in One SEO (AIOSEO) 5.0.0.1\" \/>\n\t\t<meta property=\"og:locale\" content=\"pt_BR\" \/>\n\t\t<meta property=\"og:site_name\" content=\"A Not\u00edcia Online - Noticias de Muria\u00e9 e regi\u00e3o\" \/>\n\t\t<meta property=\"og:type\" content=\"article\" \/>\n\t\t<meta property=\"og:title\" content=\"PAULO ALVIM MONTEIRO DE CASTRO - A Not\u00edcia Online\" \/>\n\t\t<meta property=\"og:description\" content=\"Nascido em 06 de abril de 1930 Falecido em 22 de dezembro de 1988 Nascido em Muria\u00e9, era filho do farmac\u00eautico \u00c1lvaro Monteiro de Castro e de Elvira Rog\u00e9rio de Castro. Fez seus estudos prim\u00e1rios no Col\u00e9gio Edmundo Germano, concluindo no Gin\u00e1sio S\u00e3o Paulo, o Curso Ginasial, e, no Col\u00e9gio Leopoldinense, o Ciclo Colegial. Mesmo\" \/>\n\t\t<meta property=\"og:url\" content=\"https:\/\/anoticiaonline.com.br\/site\/paulo-alvim-monteiro-de-castro\/\" \/>\n\t\t<meta property=\"og:image\" content=\"https:\/\/scontent-gig4-1.xx.fbcdn.net\/v\/t39.30808-1\/270437624_4564083193639691_6907940295614233970_n.jpg?stp=dst-jpg_s200x200_tt6&#038;_nc_cat=111&#038;ccb=1-7&#038;_nc_sid=f907e8&#038;_nc_ohc=SM1wRlP3lJwQ7kNvwEPuBYA&#038;_nc_oc=AdnqrjDN_BNjSSHWO-GbkIWH6fkGMLw4bqvL_NH6e2wMveX7G-rP2dAqsDSq1mJMOaY&#038;_nc_zt=24&#038;_nc_ht=scontent-gig4-1.xx&#038;_nc_gid=AoBFJeGrT1hVaew_6rchkQ&#038;oh=00_AfX7QmFGhQhG2jAllVgXCiM1ZrWgvtp80-Bfppyexh1QEg&#038;oe=689E923C\" \/>\n\t\t<meta property=\"og:image:secure_url\" content=\"https:\/\/scontent-gig4-1.xx.fbcdn.net\/v\/t39.30808-1\/270437624_4564083193639691_6907940295614233970_n.jpg?stp=dst-jpg_s200x200_tt6&#038;_nc_cat=111&#038;ccb=1-7&#038;_nc_sid=f907e8&#038;_nc_ohc=SM1wRlP3lJwQ7kNvwEPuBYA&#038;_nc_oc=AdnqrjDN_BNjSSHWO-GbkIWH6fkGMLw4bqvL_NH6e2wMveX7G-rP2dAqsDSq1mJMOaY&#038;_nc_zt=24&#038;_nc_ht=scontent-gig4-1.xx&#038;_nc_gid=AoBFJeGrT1hVaew_6rchkQ&#038;oh=00_AfX7QmFGhQhG2jAllVgXCiM1ZrWgvtp80-Bfppyexh1QEg&#038;oe=689E923C\" \/>\n\t\t<meta property=\"article:published_time\" content=\"2015-11-26T16:01:18+00:00\" \/>\n\t\t<meta property=\"article:modified_time\" content=\"2015-11-26T16:15:38+00:00\" \/>\n\t\t<meta name=\"twitter:card\" content=\"summary_large_image\" \/>\n\t\t<meta name=\"twitter:title\" content=\"PAULO ALVIM MONTEIRO DE CASTRO - A Not\u00edcia Online\" \/>\n\t\t<meta name=\"twitter:description\" content=\"Nascido em 06 de abril de 1930 Falecido em 22 de dezembro de 1988 Nascido em Muria\u00e9, era filho do farmac\u00eautico \u00c1lvaro Monteiro de Castro e de Elvira Rog\u00e9rio de Castro. Fez seus estudos prim\u00e1rios no Col\u00e9gio Edmundo Germano, concluindo no Gin\u00e1sio S\u00e3o Paulo, o Curso Ginasial, e, no Col\u00e9gio Leopoldinense, o Ciclo Colegial. Mesmo\" \/>\n\t\t<meta name=\"twitter:image\" content=\"https:\/\/scontent-gig4-1.xx.fbcdn.net\/v\/t39.30808-1\/270437624_4564083193639691_6907940295614233970_n.jpg?stp=dst-jpg_s200x200_tt6&amp;_nc_cat=111&amp;ccb=1-7&amp;_nc_sid=f907e8&amp;_nc_ohc=SM1wRlP3lJwQ7kNvwEPuBYA&amp;_nc_oc=AdnqrjDN_BNjSSHWO-GbkIWH6fkGMLw4bqvL_NH6e2wMveX7G-rP2dAqsDSq1mJMOaY&amp;_nc_zt=24&amp;_nc_ht=scontent-gig4-1.xx&amp;_nc_gid=AoBFJeGrT1hVaew_6rchkQ&amp;oh=00_AfX7QmFGhQhG2jAllVgXCiM1ZrWgvtp80-Bfppyexh1QEg&amp;oe=689E923C\" \/>\n\t\t<script type=\"application\/ld+json\" class=\"aioseo-schema\">\n\t\t\t{\"@context\":\"https:\\\/\\\/schema.org\",\"@graph\":[{\"@type\":\"BlogPosting\",\"@id\":\"https:\\\/\\\/anoticiaonline.com.br\\\/site\\\/paulo-alvim-monteiro-de-castro\\\/#blogposting\",\"name\":\"PAULO ALVIM MONTEIRO DE CASTRO - A Not\\u00edcia Online\",\"headline\":\"PAULO ALVIM MONTEIRO DE CASTRO\",\"author\":{\"@id\":\"https:\\\/\\\/anoticiaonline.com.br\\\/site\\\/author\\\/juliana\\\/#author\"},\"publisher\":{\"@id\":\"https:\\\/\\\/anoticiaonline.com.br\\\/site\\\/#organization\"},\"image\":{\"@type\":\"ImageObject\",\"url\":\"http:\\\/\\\/anoticiaonline.com.br\\\/site\\\/wp-content\\\/uploads\\\/2015\\\/11\\\/paulo-alvim-monteiro-de-castro-222x300.jpg\",\"@id\":\"https:\\\/\\\/anoticiaonline.com.br\\\/site\\\/paulo-alvim-monteiro-de-castro\\\/#articleImage\"},\"datePublished\":\"2015-11-26T13:01:18-03:00\",\"dateModified\":\"2015-11-26T13:15:38-03:00\",\"inLanguage\":\"pt-BR\",\"mainEntityOfPage\":{\"@id\":\"https:\\\/\\\/anoticiaonline.com.br\\\/site\\\/paulo-alvim-monteiro-de-castro\\\/#webpage\"},\"isPartOf\":{\"@id\":\"https:\\\/\\\/anoticiaonline.com.br\\\/site\\\/paulo-alvim-monteiro-de-castro\\\/#webpage\"},\"articleSection\":\"Nomes da Nossa Terra - Jo\\u00e3o Carlos Vargas e Fl\\u00e1via Alves Junqueira - Memorial Municipal de Muria\\u00e9\"},{\"@type\":\"BreadcrumbList\",\"@id\":\"https:\\\/\\\/anoticiaonline.com.br\\\/site\\\/paulo-alvim-monteiro-de-castro\\\/#breadcrumblist\",\"itemListElement\":[{\"@type\":\"ListItem\",\"@id\":\"https:\\\/\\\/anoticiaonline.com.br\\\/site#listItem\",\"position\":1,\"name\":\"Home\",\"item\":\"https:\\\/\\\/anoticiaonline.com.br\\\/site\",\"nextItem\":{\"@type\":\"ListItem\",\"@id\":\"https:\\\/\\\/anoticiaonline.com.br\\\/site\\\/categoria\\\/colunistas\\\/#listItem\",\"name\":\"Colunistas\"}},{\"@type\":\"ListItem\",\"@id\":\"https:\\\/\\\/anoticiaonline.com.br\\\/site\\\/categoria\\\/colunistas\\\/#listItem\",\"position\":2,\"name\":\"Colunistas\",\"item\":\"https:\\\/\\\/anoticiaonline.com.br\\\/site\\\/categoria\\\/colunistas\\\/\",\"nextItem\":{\"@type\":\"ListItem\",\"@id\":\"https:\\\/\\\/anoticiaonline.com.br\\\/site\\\/categoria\\\/colunistas\\\/nomes-da-nossa-terra-joao-carlos-vargas-e-flavia-alves-junqueira-memorial-municipal-de-muriae\\\/#listItem\",\"name\":\"Nomes da Nossa Terra - Jo\\u00e3o Carlos Vargas e Fl\\u00e1via Alves Junqueira - Memorial Municipal de Muria\\u00e9\"},\"previousItem\":{\"@type\":\"ListItem\",\"@id\":\"https:\\\/\\\/anoticiaonline.com.br\\\/site#listItem\",\"name\":\"Home\"}},{\"@type\":\"ListItem\",\"@id\":\"https:\\\/\\\/anoticiaonline.com.br\\\/site\\\/categoria\\\/colunistas\\\/nomes-da-nossa-terra-joao-carlos-vargas-e-flavia-alves-junqueira-memorial-municipal-de-muriae\\\/#listItem\",\"position\":3,\"name\":\"Nomes da Nossa Terra - Jo\\u00e3o Carlos Vargas e Fl\\u00e1via Alves Junqueira - Memorial Municipal de Muria\\u00e9\",\"item\":\"https:\\\/\\\/anoticiaonline.com.br\\\/site\\\/categoria\\\/colunistas\\\/nomes-da-nossa-terra-joao-carlos-vargas-e-flavia-alves-junqueira-memorial-municipal-de-muriae\\\/\",\"nextItem\":{\"@type\":\"ListItem\",\"@id\":\"https:\\\/\\\/anoticiaonline.com.br\\\/site\\\/paulo-alvim-monteiro-de-castro\\\/#listItem\",\"name\":\"PAULO ALVIM MONTEIRO DE CASTRO\"},\"previousItem\":{\"@type\":\"ListItem\",\"@id\":\"https:\\\/\\\/anoticiaonline.com.br\\\/site\\\/categoria\\\/colunistas\\\/#listItem\",\"name\":\"Colunistas\"}},{\"@type\":\"ListItem\",\"@id\":\"https:\\\/\\\/anoticiaonline.com.br\\\/site\\\/paulo-alvim-monteiro-de-castro\\\/#listItem\",\"position\":4,\"name\":\"PAULO ALVIM MONTEIRO DE CASTRO\",\"previousItem\":{\"@type\":\"ListItem\",\"@id\":\"https:\\\/\\\/anoticiaonline.com.br\\\/site\\\/categoria\\\/colunistas\\\/nomes-da-nossa-terra-joao-carlos-vargas-e-flavia-alves-junqueira-memorial-municipal-de-muriae\\\/#listItem\",\"name\":\"Nomes da Nossa Terra - Jo\\u00e3o Carlos Vargas e Fl\\u00e1via Alves Junqueira - Memorial Municipal de Muria\\u00e9\"}}]},{\"@type\":\"Organization\",\"@id\":\"https:\\\/\\\/anoticiaonline.com.br\\\/site\\\/#organization\",\"name\":\"A Not\\u00edcia Online\",\"description\":\"Noticias de Muria\\u00e9 e regi\\u00e3o\",\"url\":\"https:\\\/\\\/anoticiaonline.com.br\\\/site\\\/\",\"logo\":{\"@type\":\"ImageObject\",\"url\":\"https:\\\/\\\/scontent-gig4-1.xx.fbcdn.net\\\/v\\\/t39.30808-1\\\/270437624_4564083193639691_6907940295614233970_n.jpg?stp=dst-jpg_s200x200_tt6&_nc_cat=111&ccb=1-7&_nc_sid=f907e8&_nc_ohc=SM1wRlP3lJwQ7kNvwEPuBYA&_nc_oc=AdnqrjDN_BNjSSHWO-GbkIWH6fkGMLw4bqvL_NH6e2wMveX7G-rP2dAqsDSq1mJMOaY&_nc_zt=24&_nc_ht=scontent-gig4-1.xx&_nc_gid=AoBFJeGrT1hVaew_6rchkQ&oh=00_AfX7QmFGhQhG2jAllVgXCiM1ZrWgvtp80-Bfppyexh1QEg&oe=689E923C\",\"@id\":\"https:\\\/\\\/anoticiaonline.com.br\\\/site\\\/paulo-alvim-monteiro-de-castro\\\/#organizationLogo\"},\"image\":{\"@id\":\"https:\\\/\\\/anoticiaonline.com.br\\\/site\\\/paulo-alvim-monteiro-de-castro\\\/#organizationLogo\"}},{\"@type\":\"Person\",\"@id\":\"https:\\\/\\\/anoticiaonline.com.br\\\/site\\\/author\\\/juliana\\\/#author\",\"url\":\"https:\\\/\\\/anoticiaonline.com.br\\\/site\\\/author\\\/juliana\\\/\",\"name\":\"Juliana Laviola\",\"image\":{\"@type\":\"ImageObject\",\"@id\":\"https:\\\/\\\/anoticiaonline.com.br\\\/site\\\/paulo-alvim-monteiro-de-castro\\\/#authorImage\",\"url\":\"https:\\\/\\\/secure.gravatar.com\\\/avatar\\\/b8d45f5c699b100dfaf0e543582f38f38bf94cb7ae3a5e9abf8d891a34773335?s=96&d=mm&r=g\",\"width\":96,\"height\":96,\"caption\":\"Juliana Laviola\"}},{\"@type\":\"WebPage\",\"@id\":\"https:\\\/\\\/anoticiaonline.com.br\\\/site\\\/paulo-alvim-monteiro-de-castro\\\/#webpage\",\"url\":\"https:\\\/\\\/anoticiaonline.com.br\\\/site\\\/paulo-alvim-monteiro-de-castro\\\/\",\"name\":\"PAULO ALVIM MONTEIRO DE CASTRO - A Not\\u00edcia Online\",\"description\":\"Nascido em 06 de abril de 1930 Falecido em 22 de dezembro de 1988 Nascido em Muria\\u00e9, era filho do farmac\\u00eautico \\u00c1lvaro Monteiro de Castro e de Elvira Rog\\u00e9rio de Castro. Fez seus estudos prim\\u00e1rios no Col\\u00e9gio Edmundo Germano, concluindo no Gin\\u00e1sio S\\u00e3o Paulo, o Curso Ginasial, e, no Col\\u00e9gio Leopoldinense, o Ciclo Colegial. Mesmo\",\"inLanguage\":\"pt-BR\",\"isPartOf\":{\"@id\":\"https:\\\/\\\/anoticiaonline.com.br\\\/site\\\/#website\"},\"breadcrumb\":{\"@id\":\"https:\\\/\\\/anoticiaonline.com.br\\\/site\\\/paulo-alvim-monteiro-de-castro\\\/#breadcrumblist\"},\"author\":{\"@id\":\"https:\\\/\\\/anoticiaonline.com.br\\\/site\\\/author\\\/juliana\\\/#author\"},\"creator\":{\"@id\":\"https:\\\/\\\/anoticiaonline.com.br\\\/site\\\/author\\\/juliana\\\/#author\"},\"datePublished\":\"2015-11-26T13:01:18-03:00\",\"dateModified\":\"2015-11-26T13:15:38-03:00\"},{\"@type\":\"WebSite\",\"@id\":\"https:\\\/\\\/anoticiaonline.com.br\\\/site\\\/#website\",\"url\":\"https:\\\/\\\/anoticiaonline.com.br\\\/site\\\/\",\"name\":\"A Not\\u00edcia Online\",\"description\":\"Noticias de Muria\\u00e9 e regi\\u00e3o\",\"inLanguage\":\"pt-BR\",\"publisher\":{\"@id\":\"https:\\\/\\\/anoticiaonline.com.br\\\/site\\\/#organization\"}}]}\n\t\t<\/script>\n\t\t<!-- All in One SEO -->\n\n","aioseo_head_json":{"title":"PAULO ALVIM MONTEIRO DE CASTRO - A Not\u00edcia Online","description":"Nascido em 06 de abril de 1930 Falecido em 22 de dezembro de 1988 Nascido em Muria\u00e9, era filho do farmac\u00eautico \u00c1lvaro Monteiro de Castro e de Elvira Rog\u00e9rio de Castro. Fez seus estudos prim\u00e1rios no Col\u00e9gio Edmundo Germano, concluindo no Gin\u00e1sio S\u00e3o Paulo, o Curso Ginasial, e, no Col\u00e9gio Leopoldinense, o Ciclo Colegial. Mesmo","canonical_url":"https:\/\/anoticiaonline.com.br\/site\/paulo-alvim-monteiro-de-castro\/","robots":"max-image-preview:large","keywords":"","webmasterTools":{"miscellaneous":""},"schema":{"@context":"https:\/\/schema.org","@graph":[{"@type":"BlogPosting","@id":"https:\/\/anoticiaonline.com.br\/site\/paulo-alvim-monteiro-de-castro\/#blogposting","name":"PAULO ALVIM MONTEIRO DE CASTRO - A Not\u00edcia Online","headline":"PAULO ALVIM MONTEIRO DE CASTRO","author":{"@id":"https:\/\/anoticiaonline.com.br\/site\/author\/juliana\/#author"},"publisher":{"@id":"https:\/\/anoticiaonline.com.br\/site\/#organization"},"image":{"@type":"ImageObject","url":"http:\/\/anoticiaonline.com.br\/site\/wp-content\/uploads\/2015\/11\/paulo-alvim-monteiro-de-castro-222x300.jpg","@id":"https:\/\/anoticiaonline.com.br\/site\/paulo-alvim-monteiro-de-castro\/#articleImage"},"datePublished":"2015-11-26T13:01:18-03:00","dateModified":"2015-11-26T13:15:38-03:00","inLanguage":"pt-BR","mainEntityOfPage":{"@id":"https:\/\/anoticiaonline.com.br\/site\/paulo-alvim-monteiro-de-castro\/#webpage"},"isPartOf":{"@id":"https:\/\/anoticiaonline.com.br\/site\/paulo-alvim-monteiro-de-castro\/#webpage"},"articleSection":"Nomes da Nossa Terra - Jo\u00e3o Carlos Vargas e Fl\u00e1via Alves Junqueira - Memorial Municipal de Muria\u00e9"},{"@type":"BreadcrumbList","@id":"https:\/\/anoticiaonline.com.br\/site\/paulo-alvim-monteiro-de-castro\/#breadcrumblist","itemListElement":[{"@type":"ListItem","@id":"https:\/\/anoticiaonline.com.br\/site#listItem","position":1,"name":"Home","item":"https:\/\/anoticiaonline.com.br\/site","nextItem":{"@type":"ListItem","@id":"https:\/\/anoticiaonline.com.br\/site\/categoria\/colunistas\/#listItem","name":"Colunistas"}},{"@type":"ListItem","@id":"https:\/\/anoticiaonline.com.br\/site\/categoria\/colunistas\/#listItem","position":2,"name":"Colunistas","item":"https:\/\/anoticiaonline.com.br\/site\/categoria\/colunistas\/","nextItem":{"@type":"ListItem","@id":"https:\/\/anoticiaonline.com.br\/site\/categoria\/colunistas\/nomes-da-nossa-terra-joao-carlos-vargas-e-flavia-alves-junqueira-memorial-municipal-de-muriae\/#listItem","name":"Nomes da Nossa Terra - Jo\u00e3o Carlos Vargas e Fl\u00e1via Alves Junqueira - Memorial Municipal de Muria\u00e9"},"previousItem":{"@type":"ListItem","@id":"https:\/\/anoticiaonline.com.br\/site#listItem","name":"Home"}},{"@type":"ListItem","@id":"https:\/\/anoticiaonline.com.br\/site\/categoria\/colunistas\/nomes-da-nossa-terra-joao-carlos-vargas-e-flavia-alves-junqueira-memorial-municipal-de-muriae\/#listItem","position":3,"name":"Nomes da Nossa Terra - Jo\u00e3o Carlos Vargas e Fl\u00e1via Alves Junqueira - Memorial Municipal de Muria\u00e9","item":"https:\/\/anoticiaonline.com.br\/site\/categoria\/colunistas\/nomes-da-nossa-terra-joao-carlos-vargas-e-flavia-alves-junqueira-memorial-municipal-de-muriae\/","nextItem":{"@type":"ListItem","@id":"https:\/\/anoticiaonline.com.br\/site\/paulo-alvim-monteiro-de-castro\/#listItem","name":"PAULO ALVIM MONTEIRO DE CASTRO"},"previousItem":{"@type":"ListItem","@id":"https:\/\/anoticiaonline.com.br\/site\/categoria\/colunistas\/#listItem","name":"Colunistas"}},{"@type":"ListItem","@id":"https:\/\/anoticiaonline.com.br\/site\/paulo-alvim-monteiro-de-castro\/#listItem","position":4,"name":"PAULO ALVIM MONTEIRO DE CASTRO","previousItem":{"@type":"ListItem","@id":"https:\/\/anoticiaonline.com.br\/site\/categoria\/colunistas\/nomes-da-nossa-terra-joao-carlos-vargas-e-flavia-alves-junqueira-memorial-municipal-de-muriae\/#listItem","name":"Nomes da Nossa Terra - Jo\u00e3o Carlos Vargas e Fl\u00e1via Alves Junqueira - Memorial Municipal de Muria\u00e9"}}]},{"@type":"Organization","@id":"https:\/\/anoticiaonline.com.br\/site\/#organization","name":"A Not\u00edcia Online","description":"Noticias de Muria\u00e9 e regi\u00e3o","url":"https:\/\/anoticiaonline.com.br\/site\/","logo":{"@type":"ImageObject","url":"https:\/\/scontent-gig4-1.xx.fbcdn.net\/v\/t39.30808-1\/270437624_4564083193639691_6907940295614233970_n.jpg?stp=dst-jpg_s200x200_tt6&_nc_cat=111&ccb=1-7&_nc_sid=f907e8&_nc_ohc=SM1wRlP3lJwQ7kNvwEPuBYA&_nc_oc=AdnqrjDN_BNjSSHWO-GbkIWH6fkGMLw4bqvL_NH6e2wMveX7G-rP2dAqsDSq1mJMOaY&_nc_zt=24&_nc_ht=scontent-gig4-1.xx&_nc_gid=AoBFJeGrT1hVaew_6rchkQ&oh=00_AfX7QmFGhQhG2jAllVgXCiM1ZrWgvtp80-Bfppyexh1QEg&oe=689E923C","@id":"https:\/\/anoticiaonline.com.br\/site\/paulo-alvim-monteiro-de-castro\/#organizationLogo"},"image":{"@id":"https:\/\/anoticiaonline.com.br\/site\/paulo-alvim-monteiro-de-castro\/#organizationLogo"}},{"@type":"Person","@id":"https:\/\/anoticiaonline.com.br\/site\/author\/juliana\/#author","url":"https:\/\/anoticiaonline.com.br\/site\/author\/juliana\/","name":"Juliana Laviola","image":{"@type":"ImageObject","@id":"https:\/\/anoticiaonline.com.br\/site\/paulo-alvim-monteiro-de-castro\/#authorImage","url":"https:\/\/secure.gravatar.com\/avatar\/b8d45f5c699b100dfaf0e543582f38f38bf94cb7ae3a5e9abf8d891a34773335?s=96&d=mm&r=g","width":96,"height":96,"caption":"Juliana Laviola"}},{"@type":"WebPage","@id":"https:\/\/anoticiaonline.com.br\/site\/paulo-alvim-monteiro-de-castro\/#webpage","url":"https:\/\/anoticiaonline.com.br\/site\/paulo-alvim-monteiro-de-castro\/","name":"PAULO ALVIM MONTEIRO DE CASTRO - A Not\u00edcia Online","description":"Nascido em 06 de abril de 1930 Falecido em 22 de dezembro de 1988 Nascido em Muria\u00e9, era filho do farmac\u00eautico \u00c1lvaro Monteiro de Castro e de Elvira Rog\u00e9rio de Castro. Fez seus estudos prim\u00e1rios no Col\u00e9gio Edmundo Germano, concluindo no Gin\u00e1sio S\u00e3o Paulo, o Curso Ginasial, e, no Col\u00e9gio Leopoldinense, o Ciclo Colegial. Mesmo","inLanguage":"pt-BR","isPartOf":{"@id":"https:\/\/anoticiaonline.com.br\/site\/#website"},"breadcrumb":{"@id":"https:\/\/anoticiaonline.com.br\/site\/paulo-alvim-monteiro-de-castro\/#breadcrumblist"},"author":{"@id":"https:\/\/anoticiaonline.com.br\/site\/author\/juliana\/#author"},"creator":{"@id":"https:\/\/anoticiaonline.com.br\/site\/author\/juliana\/#author"},"datePublished":"2015-11-26T13:01:18-03:00","dateModified":"2015-11-26T13:15:38-03:00"},{"@type":"WebSite","@id":"https:\/\/anoticiaonline.com.br\/site\/#website","url":"https:\/\/anoticiaonline.com.br\/site\/","name":"A Not\u00edcia Online","description":"Noticias de Muria\u00e9 e regi\u00e3o","inLanguage":"pt-BR","publisher":{"@id":"https:\/\/anoticiaonline.com.br\/site\/#organization"}}]},"og:locale":"pt_BR","og:site_name":"A Not\u00edcia Online - Noticias de Muria\u00e9 e regi\u00e3o","og:type":"article","og:title":"PAULO ALVIM MONTEIRO DE CASTRO - A Not\u00edcia Online","og:description":"Nascido em 06 de abril de 1930 Falecido em 22 de dezembro de 1988 Nascido em Muria\u00e9, era filho do farmac\u00eautico \u00c1lvaro Monteiro de Castro e de Elvira Rog\u00e9rio de Castro. Fez seus estudos prim\u00e1rios no Col\u00e9gio Edmundo Germano, concluindo no Gin\u00e1sio S\u00e3o Paulo, o Curso Ginasial, e, no Col\u00e9gio Leopoldinense, o Ciclo Colegial. Mesmo","og:url":"https:\/\/anoticiaonline.com.br\/site\/paulo-alvim-monteiro-de-castro\/","og:image":"https:\/\/scontent-gig4-1.xx.fbcdn.net\/v\/t39.30808-1\/270437624_4564083193639691_6907940295614233970_n.jpg?stp=dst-jpg_s200x200_tt6&#038;_nc_cat=111&#038;ccb=1-7&#038;_nc_sid=f907e8&#038;_nc_ohc=SM1wRlP3lJwQ7kNvwEPuBYA&#038;_nc_oc=AdnqrjDN_BNjSSHWO-GbkIWH6fkGMLw4bqvL_NH6e2wMveX7G-rP2dAqsDSq1mJMOaY&#038;_nc_zt=24&#038;_nc_ht=scontent-gig4-1.xx&#038;_nc_gid=AoBFJeGrT1hVaew_6rchkQ&#038;oh=00_AfX7QmFGhQhG2jAllVgXCiM1ZrWgvtp80-Bfppyexh1QEg&#038;oe=689E923C","og:image:secure_url":"https:\/\/scontent-gig4-1.xx.fbcdn.net\/v\/t39.30808-1\/270437624_4564083193639691_6907940295614233970_n.jpg?stp=dst-jpg_s200x200_tt6&#038;_nc_cat=111&#038;ccb=1-7&#038;_nc_sid=f907e8&#038;_nc_ohc=SM1wRlP3lJwQ7kNvwEPuBYA&#038;_nc_oc=AdnqrjDN_BNjSSHWO-GbkIWH6fkGMLw4bqvL_NH6e2wMveX7G-rP2dAqsDSq1mJMOaY&#038;_nc_zt=24&#038;_nc_ht=scontent-gig4-1.xx&#038;_nc_gid=AoBFJeGrT1hVaew_6rchkQ&#038;oh=00_AfX7QmFGhQhG2jAllVgXCiM1ZrWgvtp80-Bfppyexh1QEg&#038;oe=689E923C","article:published_time":"2015-11-26T16:01:18+00:00","article:modified_time":"2015-11-26T16:15:38+00:00","twitter:card":"summary_large_image","twitter:title":"PAULO ALVIM MONTEIRO DE CASTRO - A Not\u00edcia Online","twitter:description":"Nascido em 06 de abril de 1930 Falecido em 22 de dezembro de 1988 Nascido em Muria\u00e9, era filho do farmac\u00eautico \u00c1lvaro Monteiro de Castro e de Elvira Rog\u00e9rio de Castro. Fez seus estudos prim\u00e1rios no Col\u00e9gio Edmundo Germano, concluindo no Gin\u00e1sio S\u00e3o Paulo, o Curso Ginasial, e, no Col\u00e9gio Leopoldinense, o Ciclo Colegial. Mesmo","twitter:image":"https:\/\/scontent-gig4-1.xx.fbcdn.net\/v\/t39.30808-1\/270437624_4564083193639691_6907940295614233970_n.jpg?stp=dst-jpg_s200x200_tt6&_nc_cat=111&ccb=1-7&_nc_sid=f907e8&_nc_ohc=SM1wRlP3lJwQ7kNvwEPuBYA&_nc_oc=AdnqrjDN_BNjSSHWO-GbkIWH6fkGMLw4bqvL_NH6e2wMveX7G-rP2dAqsDSq1mJMOaY&_nc_zt=24&_nc_ht=scontent-gig4-1.xx&_nc_gid=AoBFJeGrT1hVaew_6rchkQ&oh=00_AfX7QmFGhQhG2jAllVgXCiM1ZrWgvtp80-Bfppyexh1QEg&oe=689E923C"},"aioseo_meta_data":{"post_id":"6928","title":null,"description":null,"keywords":null,"keyphrases":null,"primary_term":null,"canonical_url":null,"og_title":null,"og_description":null,"og_object_type":"default","og_image_type":"default","og_image_url":null,"og_image_width":null,"og_image_height":null,"og_image_custom_url":null,"og_image_custom_fields":null,"og_video":null,"og_custom_url":null,"og_article_section":null,"og_article_tags":null,"twitter_use_og":false,"twitter_card":"default","twitter_image_type":"default","twitter_image_url":null,"twitter_image_custom_url":null,"twitter_image_custom_fields":null,"twitter_title":null,"twitter_description":null,"schema":{"blockGraphs":[],"customGraphs":[],"default":{"data":{"Article":[],"Course":[],"Dataset":[],"FAQPage":[],"Movie":[],"Person":[],"Product":[],"ProductReview":[],"Car":[],"Recipe":[],"Service":[],"SoftwareApplication":[],"WebPage":[]},"graphName":"","isEnabled":true},"graphs":[]},"schema_type":"default","schema_type_options":null,"pillar_content":false,"robots_default":true,"robots_noindex":false,"robots_noarchive":false,"robots_nosnippet":false,"robots_nofollow":false,"robots_noimageindex":false,"robots_noodp":false,"robots_notranslate":false,"robots_max_snippet":null,"robots_max_videopreview":null,"robots_max_imagepreview":"large","priority":null,"frequency":null,"local_seo":null,"breadcrumb_settings":null,"limit_modified_date":false,"ai":null,"created":"2025-08-16 14:14:49","updated":"2025-08-16 14:14:49","focus_keyword":null,"additional_keywords":null,"truseo_locale":null,"seo_analyzer_scan_date":null},"aioseo_breadcrumb":"<div class=\"aioseo-breadcrumbs\"><span class=\"aioseo-breadcrumb\">\n\t\t\t<a href=\"https:\/\/anoticiaonline.com.br\/site\" title=\"Home\">Home<\/a>\n\t\t<\/span><span class=\"aioseo-breadcrumb-separator\">&raquo;<\/span><span class=\"aioseo-breadcrumb\">\n\t\t\t<a href=\"https:\/\/anoticiaonline.com.br\/site\/categoria\/colunistas\/\" title=\"Colunistas\">Colunistas<\/a>\n\t\t<\/span><span class=\"aioseo-breadcrumb-separator\">&raquo;<\/span><span class=\"aioseo-breadcrumb\">\n\t\t\t<a href=\"https:\/\/anoticiaonline.com.br\/site\/categoria\/colunistas\/nomes-da-nossa-terra-joao-carlos-vargas-e-flavia-alves-junqueira-memorial-municipal-de-muriae\/\" title=\"Nomes da Nossa Terra - Jo\u00e3o Carlos Vargas e Fl\u00e1via Alves Junqueira - Memorial Municipal de Muria\u00e9\">Nomes da Nossa Terra - Jo\u00e3o Carlos Vargas e Fl\u00e1via Alves Junqueira - Memorial Municipal de Muria\u00e9<\/a>\n\t\t<\/span><span class=\"aioseo-breadcrumb-separator\">&raquo;<\/span><span class=\"aioseo-breadcrumb\">\n\t\t\tPAULO ALVIM MONTEIRO DE CASTRO\n\t\t<\/span><\/div>","aioseo_breadcrumb_json":[{"label":"Home","link":"https:\/\/anoticiaonline.com.br\/site"},{"label":"Colunistas","link":"https:\/\/anoticiaonline.com.br\/site\/categoria\/colunistas\/"},{"label":"Nomes da Nossa Terra - Jo\u00e3o Carlos Vargas e Fl\u00e1via Alves Junqueira - Memorial Municipal de Muria\u00e9","link":"https:\/\/anoticiaonline.com.br\/site\/categoria\/colunistas\/nomes-da-nossa-terra-joao-carlos-vargas-e-flavia-alves-junqueira-memorial-municipal-de-muriae\/"},{"label":"PAULO ALVIM MONTEIRO DE CASTRO","link":"https:\/\/anoticiaonline.com.br\/site\/paulo-alvim-monteiro-de-castro\/"}],"views":172,"_links":{"self":[{"href":"https:\/\/anoticiaonline.com.br\/site\/wp-json\/wp\/v2\/posts\/6928","targetHints":{"allow":["GET"]}}],"collection":[{"href":"https:\/\/anoticiaonline.com.br\/site\/wp-json\/wp\/v2\/posts"}],"about":[{"href":"https:\/\/anoticiaonline.com.br\/site\/wp-json\/wp\/v2\/types\/post"}],"author":[{"embeddable":true,"href":"https:\/\/anoticiaonline.com.br\/site\/wp-json\/wp\/v2\/users\/2"}],"replies":[{"embeddable":true,"href":"https:\/\/anoticiaonline.com.br\/site\/wp-json\/wp\/v2\/comments?post=6928"}],"version-history":[{"count":0,"href":"https:\/\/anoticiaonline.com.br\/site\/wp-json\/wp\/v2\/posts\/6928\/revisions"}],"wp:attachment":[{"href":"https:\/\/anoticiaonline.com.br\/site\/wp-json\/wp\/v2\/media?parent=6928"}],"wp:term":[{"taxonomy":"category","embeddable":true,"href":"https:\/\/anoticiaonline.com.br\/site\/wp-json\/wp\/v2\/categories?post=6928"},{"taxonomy":"post_tag","embeddable":true,"href":"https:\/\/anoticiaonline.com.br\/site\/wp-json\/wp\/v2\/tags?post=6928"}],"curies":[{"name":"wp","href":"https:\/\/api.w.org\/{rel}","templated":true}]}}