{"id":68480,"date":"2019-03-21T18:00:17","date_gmt":"2019-03-21T21:00:17","guid":{"rendered":"http:\/\/anoticiaonline.com.br\/site\/?p=68480"},"modified":"2019-03-26T14:17:01","modified_gmt":"2019-03-26T17:17:01","slug":"68480-2","status":"publish","type":"post","link":"https:\/\/anoticiaonline.com.br\/site\/68480-2\/","title":{"rendered":"Divers\u00e3o e Cultura"},"content":{"rendered":"<p><strong>Gusttavo Lima em Muria\u00e9<\/strong><\/p>\n<p><a href=\"https:\/\/anoticiaonline.com.br\/site\/wp-content\/uploads\/2019\/03\/gustavo-lima.jpg\"><img fetchpriority=\"high\" decoding=\"async\" class=\"aligncenter size-full wp-image-68481\" src=\"https:\/\/anoticiaonline.com.br\/site\/wp-content\/uploads\/2019\/03\/gustavo-lima.jpg\" alt=\"\" width=\"960\" height=\"498\" srcset=\"https:\/\/anoticiaonline.com.br\/site\/wp-content\/uploads\/2019\/03\/gustavo-lima.jpg 960w, https:\/\/anoticiaonline.com.br\/site\/wp-content\/uploads\/2019\/03\/gustavo-lima-300x156.jpg 300w, https:\/\/anoticiaonline.com.br\/site\/wp-content\/uploads\/2019\/03\/gustavo-lima-768x398.jpg 768w\" sizes=\"(max-width: 960px) 100vw, 960px\" \/><\/a><\/p>\n<p>A \u201cavalanche do sertanejo universit\u00e1rio\u201d vai atingir Muria\u00e9 no dia 29 de Mar\u00e7o, no Parque de Exposi\u00e7\u00f5es de Muria\u00e9. Gusttavo Lima, o fen\u00f4meno do sertanejo, dono dos hits mais estourados vai cantar para os muriaeenses e para o p\u00fablico de toda a regi\u00e3o. O evento \u00e9 uma realiza\u00e7\u00e3o de Jo\u00e3o Wellington e R\u00e1dio 96 FM. Confira os pontos de vendas: Chilli Beans, Conserta Smart e Vips Celular no bairro da Barra.<\/p>\n<p><strong>Sertanejo com Morango na Four<\/strong><\/p>\n<p>A festa mais tradicional da Four est\u00e1 de volta! DJ Morango convida a dupla Alan &amp; Alisson para mais uma super edi\u00e7\u00e3o da &#8216;Sertanejo com Morango&#8217;. Marcelo Brazil e Bruno Bidu comandam a pista sem hora pra acabar! Neste s\u00e1bado (23), a partir das 23h, na Four Disco.<\/p>\n<p><strong>K\u00e9rollen Soares ao vivo no Colina<\/strong><\/p>\n<p>O Colina Country Club traz mais uma atra\u00e7\u00e3o para movimentar o bar do clube. Nesta sexta-feira (22), a partir das 21h, tem m\u00fasica ao vivo com a cantora K\u00e9rollen Soares, em evento restrito aos associados, com os maiores sucessos do momento.<\/p>\n<p><strong>Expo Miracema<\/strong><\/p>\n<p>A cidade de Miracema (RJ) se prepara para a 55\u00aa Expo. O evento ter\u00e1 in\u00edcio no dia 30 de mar\u00e7o e receber\u00e1 shows de Luan Santana, 14 Bis, Maria Cec\u00edlia e Rodolfo, Sorriso Maroto, Henrique e Diego e Mumuzinho, seguindo at\u00e9 dia 5 de junho. Nos dias 1\u00ba, 2 e 5, a entrada \u00e9 franca. Os ingressos podem ser adquiridos no site wayticket.com.br.<\/p>\n","protected":false},"excerpt":{"rendered":"<p>Gusttavo Lima em Muria\u00e9 A \u201cavalanche do sertanejo universit\u00e1rio\u201d vai atingir Muria\u00e9 no dia 29 de Mar\u00e7o, no Parque de Exposi\u00e7\u00f5es de Muria\u00e9. Gusttavo Lima, o fen\u00f4meno do sertanejo, dono dos hits mais estourados vai cantar para os muriaeenses e para o p\u00fablico de toda a regi\u00e3o. O evento \u00e9 uma realiza\u00e7\u00e3o de Jo\u00e3o Wellington &#8230; <a title=\"Divers\u00e3o e Cultura\" class=\"read-more\" href=\"https:\/\/anoticiaonline.com.br\/site\/68480-2\/\" aria-label=\"Read more about Divers\u00e3o e Cultura\">Ler mais<\/a><\/p>\n","protected":false},"author":2,"featured_media":0,"comment_status":"open","ping_status":"open","sticky":false,"template":"","format":"standard","meta":{"_acf_changed":false,"_monsterinsights_skip_tracking":false,"footnotes":""},"categories":[31,2891],"tags":[],"class_list":["post-68480","post","type-post","status-publish","format-standard","hentry","category-colunistas","category-diversao-e-cultura"],"acf":[],"aioseo_notices":[],"aioseo_head":"\n\t\t<!-- All in One SEO 5.0.0.1 - aioseo.com -->\n\t<meta name=\"description\" content=\"Gusttavo Lima em Muria\u00e9 A \u201cavalanche do sertanejo universit\u00e1rio\u201d vai atingir Muria\u00e9 no dia 29 de Mar\u00e7o, no Parque de Exposi\u00e7\u00f5es de Muria\u00e9. Gusttavo Lima, o fen\u00f4meno do sertanejo, dono dos hits mais estourados vai cantar para os muriaeenses e para o p\u00fablico de toda a regi\u00e3o. O evento \u00e9 uma realiza\u00e7\u00e3o de Jo\u00e3o Wellington\" \/>\n\t<meta name=\"robots\" content=\"max-image-preview:large\" \/>\n\t<meta name=\"author\" content=\"Juliana Laviola\"\/>\n\t<link rel=\"canonical\" href=\"https:\/\/anoticiaonline.com.br\/site\/68480-2\/\" \/>\n\t<meta name=\"generator\" content=\"All in One SEO (AIOSEO) 5.0.0.1\" \/>\n\t\t<meta property=\"og:locale\" content=\"pt_BR\" \/>\n\t\t<meta property=\"og:site_name\" content=\"A Not\u00edcia Online - Noticias de Muria\u00e9 e regi\u00e3o\" \/>\n\t\t<meta property=\"og:type\" content=\"article\" \/>\n\t\t<meta property=\"og:title\" content=\"Divers\u00e3o e Cultura - A Not\u00edcia Online\" \/>\n\t\t<meta property=\"og:description\" content=\"Gusttavo Lima em Muria\u00e9 A \u201cavalanche do sertanejo universit\u00e1rio\u201d vai atingir Muria\u00e9 no dia 29 de Mar\u00e7o, no Parque de Exposi\u00e7\u00f5es de Muria\u00e9. Gusttavo Lima, o fen\u00f4meno do sertanejo, dono dos hits mais estourados vai cantar para os muriaeenses e para o p\u00fablico de toda a regi\u00e3o. O evento \u00e9 uma realiza\u00e7\u00e3o de Jo\u00e3o Wellington\" \/>\n\t\t<meta property=\"og:url\" content=\"https:\/\/anoticiaonline.com.br\/site\/68480-2\/\" \/>\n\t\t<meta property=\"og:image\" content=\"https:\/\/scontent-gig4-1.xx.fbcdn.net\/v\/t39.30808-1\/270437624_4564083193639691_6907940295614233970_n.jpg?stp=dst-jpg_s200x200_tt6&#038;_nc_cat=111&#038;ccb=1-7&#038;_nc_sid=f907e8&#038;_nc_ohc=SM1wRlP3lJwQ7kNvwEPuBYA&#038;_nc_oc=AdnqrjDN_BNjSSHWO-GbkIWH6fkGMLw4bqvL_NH6e2wMveX7G-rP2dAqsDSq1mJMOaY&#038;_nc_zt=24&#038;_nc_ht=scontent-gig4-1.xx&#038;_nc_gid=AoBFJeGrT1hVaew_6rchkQ&#038;oh=00_AfX7QmFGhQhG2jAllVgXCiM1ZrWgvtp80-Bfppyexh1QEg&#038;oe=689E923C\" \/>\n\t\t<meta property=\"og:image:secure_url\" content=\"https:\/\/scontent-gig4-1.xx.fbcdn.net\/v\/t39.30808-1\/270437624_4564083193639691_6907940295614233970_n.jpg?stp=dst-jpg_s200x200_tt6&#038;_nc_cat=111&#038;ccb=1-7&#038;_nc_sid=f907e8&#038;_nc_ohc=SM1wRlP3lJwQ7kNvwEPuBYA&#038;_nc_oc=AdnqrjDN_BNjSSHWO-GbkIWH6fkGMLw4bqvL_NH6e2wMveX7G-rP2dAqsDSq1mJMOaY&#038;_nc_zt=24&#038;_nc_ht=scontent-gig4-1.xx&#038;_nc_gid=AoBFJeGrT1hVaew_6rchkQ&#038;oh=00_AfX7QmFGhQhG2jAllVgXCiM1ZrWgvtp80-Bfppyexh1QEg&#038;oe=689E923C\" \/>\n\t\t<meta property=\"article:published_time\" content=\"2019-03-21T21:00:17+00:00\" \/>\n\t\t<meta property=\"article:modified_time\" content=\"2019-03-26T17:17:01+00:00\" \/>\n\t\t<meta name=\"twitter:card\" content=\"summary_large_image\" \/>\n\t\t<meta name=\"twitter:title\" content=\"Divers\u00e3o e Cultura - A Not\u00edcia Online\" \/>\n\t\t<meta name=\"twitter:description\" content=\"Gusttavo Lima em Muria\u00e9 A \u201cavalanche do sertanejo universit\u00e1rio\u201d vai atingir Muria\u00e9 no dia 29 de Mar\u00e7o, no Parque de Exposi\u00e7\u00f5es de Muria\u00e9. Gusttavo Lima, o fen\u00f4meno do sertanejo, dono dos hits mais estourados vai cantar para os muriaeenses e para o p\u00fablico de toda a regi\u00e3o. O evento \u00e9 uma realiza\u00e7\u00e3o de Jo\u00e3o Wellington\" \/>\n\t\t<meta name=\"twitter:image\" content=\"https:\/\/scontent-gig4-1.xx.fbcdn.net\/v\/t39.30808-1\/270437624_4564083193639691_6907940295614233970_n.jpg?stp=dst-jpg_s200x200_tt6&amp;_nc_cat=111&amp;ccb=1-7&amp;_nc_sid=f907e8&amp;_nc_ohc=SM1wRlP3lJwQ7kNvwEPuBYA&amp;_nc_oc=AdnqrjDN_BNjSSHWO-GbkIWH6fkGMLw4bqvL_NH6e2wMveX7G-rP2dAqsDSq1mJMOaY&amp;_nc_zt=24&amp;_nc_ht=scontent-gig4-1.xx&amp;_nc_gid=AoBFJeGrT1hVaew_6rchkQ&amp;oh=00_AfX7QmFGhQhG2jAllVgXCiM1ZrWgvtp80-Bfppyexh1QEg&amp;oe=689E923C\" \/>\n\t\t<script type=\"application\/ld+json\" class=\"aioseo-schema\">\n\t\t\t{\"@context\":\"https:\\\/\\\/schema.org\",\"@graph\":[{\"@type\":\"BlogPosting\",\"@id\":\"https:\\\/\\\/anoticiaonline.com.br\\\/site\\\/68480-2\\\/#blogposting\",\"name\":\"Divers\\u00e3o e Cultura - A Not\\u00edcia Online\",\"headline\":\"Divers\\u00e3o e Cultura\",\"author\":{\"@id\":\"https:\\\/\\\/anoticiaonline.com.br\\\/site\\\/author\\\/juliana\\\/#author\"},\"publisher\":{\"@id\":\"https:\\\/\\\/anoticiaonline.com.br\\\/site\\\/#organization\"},\"image\":{\"@type\":\"ImageObject\",\"url\":\"https:\\\/\\\/anoticiaonline.com.br\\\/site\\\/wp-content\\\/uploads\\\/2019\\\/03\\\/gustavo-lima.jpg\",\"@id\":\"https:\\\/\\\/anoticiaonline.com.br\\\/site\\\/68480-2\\\/#articleImage\",\"width\":960,\"height\":498},\"datePublished\":\"2019-03-21T18:00:17-03:00\",\"dateModified\":\"2019-03-26T14:17:01-03:00\",\"inLanguage\":\"pt-BR\",\"mainEntityOfPage\":{\"@id\":\"https:\\\/\\\/anoticiaonline.com.br\\\/site\\\/68480-2\\\/#webpage\"},\"isPartOf\":{\"@id\":\"https:\\\/\\\/anoticiaonline.com.br\\\/site\\\/68480-2\\\/#webpage\"},\"articleSection\":\"Colunistas, Divers\\u00e3o e Cultura\"},{\"@type\":\"BreadcrumbList\",\"@id\":\"https:\\\/\\\/anoticiaonline.com.br\\\/site\\\/68480-2\\\/#breadcrumblist\",\"itemListElement\":[{\"@type\":\"ListItem\",\"@id\":\"https:\\\/\\\/anoticiaonline.com.br\\\/site#listItem\",\"position\":1,\"name\":\"Home\",\"item\":\"https:\\\/\\\/anoticiaonline.com.br\\\/site\",\"nextItem\":{\"@type\":\"ListItem\",\"@id\":\"https:\\\/\\\/anoticiaonline.com.br\\\/site\\\/categoria\\\/colunistas\\\/#listItem\",\"name\":\"Colunistas\"}},{\"@type\":\"ListItem\",\"@id\":\"https:\\\/\\\/anoticiaonline.com.br\\\/site\\\/categoria\\\/colunistas\\\/#listItem\",\"position\":2,\"name\":\"Colunistas\",\"item\":\"https:\\\/\\\/anoticiaonline.com.br\\\/site\\\/categoria\\\/colunistas\\\/\",\"nextItem\":{\"@type\":\"ListItem\",\"@id\":\"https:\\\/\\\/anoticiaonline.com.br\\\/site\\\/categoria\\\/colunistas\\\/diversao-e-cultura\\\/#listItem\",\"name\":\"Divers\\u00e3o e Cultura\"},\"previousItem\":{\"@type\":\"ListItem\",\"@id\":\"https:\\\/\\\/anoticiaonline.com.br\\\/site#listItem\",\"name\":\"Home\"}},{\"@type\":\"ListItem\",\"@id\":\"https:\\\/\\\/anoticiaonline.com.br\\\/site\\\/categoria\\\/colunistas\\\/diversao-e-cultura\\\/#listItem\",\"position\":3,\"name\":\"Divers\\u00e3o e Cultura\",\"item\":\"https:\\\/\\\/anoticiaonline.com.br\\\/site\\\/categoria\\\/colunistas\\\/diversao-e-cultura\\\/\",\"nextItem\":{\"@type\":\"ListItem\",\"@id\":\"https:\\\/\\\/anoticiaonline.com.br\\\/site\\\/68480-2\\\/#listItem\",\"name\":\"Divers\\u00e3o e Cultura\"},\"previousItem\":{\"@type\":\"ListItem\",\"@id\":\"https:\\\/\\\/anoticiaonline.com.br\\\/site\\\/categoria\\\/colunistas\\\/#listItem\",\"name\":\"Colunistas\"}},{\"@type\":\"ListItem\",\"@id\":\"https:\\\/\\\/anoticiaonline.com.br\\\/site\\\/68480-2\\\/#listItem\",\"position\":4,\"name\":\"Divers\\u00e3o e Cultura\",\"previousItem\":{\"@type\":\"ListItem\",\"@id\":\"https:\\\/\\\/anoticiaonline.com.br\\\/site\\\/categoria\\\/colunistas\\\/diversao-e-cultura\\\/#listItem\",\"name\":\"Divers\\u00e3o e Cultura\"}}]},{\"@type\":\"Organization\",\"@id\":\"https:\\\/\\\/anoticiaonline.com.br\\\/site\\\/#organization\",\"name\":\"A Not\\u00edcia Online\",\"description\":\"Noticias de Muria\\u00e9 e regi\\u00e3o\",\"url\":\"https:\\\/\\\/anoticiaonline.com.br\\\/site\\\/\",\"logo\":{\"@type\":\"ImageObject\",\"url\":\"https:\\\/\\\/scontent-gig4-1.xx.fbcdn.net\\\/v\\\/t39.30808-1\\\/270437624_4564083193639691_6907940295614233970_n.jpg?stp=dst-jpg_s200x200_tt6&_nc_cat=111&ccb=1-7&_nc_sid=f907e8&_nc_ohc=SM1wRlP3lJwQ7kNvwEPuBYA&_nc_oc=AdnqrjDN_BNjSSHWO-GbkIWH6fkGMLw4bqvL_NH6e2wMveX7G-rP2dAqsDSq1mJMOaY&_nc_zt=24&_nc_ht=scontent-gig4-1.xx&_nc_gid=AoBFJeGrT1hVaew_6rchkQ&oh=00_AfX7QmFGhQhG2jAllVgXCiM1ZrWgvtp80-Bfppyexh1QEg&oe=689E923C\",\"@id\":\"https:\\\/\\\/anoticiaonline.com.br\\\/site\\\/68480-2\\\/#organizationLogo\"},\"image\":{\"@id\":\"https:\\\/\\\/anoticiaonline.com.br\\\/site\\\/68480-2\\\/#organizationLogo\"}},{\"@type\":\"Person\",\"@id\":\"https:\\\/\\\/anoticiaonline.com.br\\\/site\\\/author\\\/juliana\\\/#author\",\"url\":\"https:\\\/\\\/anoticiaonline.com.br\\\/site\\\/author\\\/juliana\\\/\",\"name\":\"Juliana Laviola\",\"image\":{\"@type\":\"ImageObject\",\"@id\":\"https:\\\/\\\/anoticiaonline.com.br\\\/site\\\/68480-2\\\/#authorImage\",\"url\":\"https:\\\/\\\/secure.gravatar.com\\\/avatar\\\/b8d45f5c699b100dfaf0e543582f38f38bf94cb7ae3a5e9abf8d891a34773335?s=96&d=mm&r=g\",\"width\":96,\"height\":96,\"caption\":\"Juliana Laviola\"}},{\"@type\":\"WebPage\",\"@id\":\"https:\\\/\\\/anoticiaonline.com.br\\\/site\\\/68480-2\\\/#webpage\",\"url\":\"https:\\\/\\\/anoticiaonline.com.br\\\/site\\\/68480-2\\\/\",\"name\":\"Divers\\u00e3o e Cultura - A Not\\u00edcia Online\",\"description\":\"Gusttavo Lima em Muria\\u00e9 A \\u201cavalanche do sertanejo universit\\u00e1rio\\u201d vai atingir Muria\\u00e9 no dia 29 de Mar\\u00e7o, no Parque de Exposi\\u00e7\\u00f5es de Muria\\u00e9. Gusttavo Lima, o fen\\u00f4meno do sertanejo, dono dos hits mais estourados vai cantar para os muriaeenses e para o p\\u00fablico de toda a regi\\u00e3o. O evento \\u00e9 uma realiza\\u00e7\\u00e3o de Jo\\u00e3o Wellington\",\"inLanguage\":\"pt-BR\",\"isPartOf\":{\"@id\":\"https:\\\/\\\/anoticiaonline.com.br\\\/site\\\/#website\"},\"breadcrumb\":{\"@id\":\"https:\\\/\\\/anoticiaonline.com.br\\\/site\\\/68480-2\\\/#breadcrumblist\"},\"author\":{\"@id\":\"https:\\\/\\\/anoticiaonline.com.br\\\/site\\\/author\\\/juliana\\\/#author\"},\"creator\":{\"@id\":\"https:\\\/\\\/anoticiaonline.com.br\\\/site\\\/author\\\/juliana\\\/#author\"},\"datePublished\":\"2019-03-21T18:00:17-03:00\",\"dateModified\":\"2019-03-26T14:17:01-03:00\"},{\"@type\":\"WebSite\",\"@id\":\"https:\\\/\\\/anoticiaonline.com.br\\\/site\\\/#website\",\"url\":\"https:\\\/\\\/anoticiaonline.com.br\\\/site\\\/\",\"name\":\"A Not\\u00edcia Online\",\"description\":\"Noticias de Muria\\u00e9 e regi\\u00e3o\",\"inLanguage\":\"pt-BR\",\"publisher\":{\"@id\":\"https:\\\/\\\/anoticiaonline.com.br\\\/site\\\/#organization\"}}]}\n\t\t<\/script>\n\t\t<!-- All in One SEO -->\n\n","aioseo_head_json":{"title":"Divers\u00e3o e Cultura - A Not\u00edcia Online","description":"Gusttavo Lima em Muria\u00e9 A \u201cavalanche do sertanejo universit\u00e1rio\u201d vai atingir Muria\u00e9 no dia 29 de Mar\u00e7o, no Parque de Exposi\u00e7\u00f5es de Muria\u00e9. Gusttavo Lima, o fen\u00f4meno do sertanejo, dono dos hits mais estourados vai cantar para os muriaeenses e para o p\u00fablico de toda a regi\u00e3o. O evento \u00e9 uma realiza\u00e7\u00e3o de Jo\u00e3o Wellington","canonical_url":"https:\/\/anoticiaonline.com.br\/site\/68480-2\/","robots":"max-image-preview:large","keywords":"","webmasterTools":{"miscellaneous":""},"schema":{"@context":"https:\/\/schema.org","@graph":[{"@type":"BlogPosting","@id":"https:\/\/anoticiaonline.com.br\/site\/68480-2\/#blogposting","name":"Divers\u00e3o e Cultura - A Not\u00edcia Online","headline":"Divers\u00e3o e Cultura","author":{"@id":"https:\/\/anoticiaonline.com.br\/site\/author\/juliana\/#author"},"publisher":{"@id":"https:\/\/anoticiaonline.com.br\/site\/#organization"},"image":{"@type":"ImageObject","url":"https:\/\/anoticiaonline.com.br\/site\/wp-content\/uploads\/2019\/03\/gustavo-lima.jpg","@id":"https:\/\/anoticiaonline.com.br\/site\/68480-2\/#articleImage","width":960,"height":498},"datePublished":"2019-03-21T18:00:17-03:00","dateModified":"2019-03-26T14:17:01-03:00","inLanguage":"pt-BR","mainEntityOfPage":{"@id":"https:\/\/anoticiaonline.com.br\/site\/68480-2\/#webpage"},"isPartOf":{"@id":"https:\/\/anoticiaonline.com.br\/site\/68480-2\/#webpage"},"articleSection":"Colunistas, Divers\u00e3o e Cultura"},{"@type":"BreadcrumbList","@id":"https:\/\/anoticiaonline.com.br\/site\/68480-2\/#breadcrumblist","itemListElement":[{"@type":"ListItem","@id":"https:\/\/anoticiaonline.com.br\/site#listItem","position":1,"name":"Home","item":"https:\/\/anoticiaonline.com.br\/site","nextItem":{"@type":"ListItem","@id":"https:\/\/anoticiaonline.com.br\/site\/categoria\/colunistas\/#listItem","name":"Colunistas"}},{"@type":"ListItem","@id":"https:\/\/anoticiaonline.com.br\/site\/categoria\/colunistas\/#listItem","position":2,"name":"Colunistas","item":"https:\/\/anoticiaonline.com.br\/site\/categoria\/colunistas\/","nextItem":{"@type":"ListItem","@id":"https:\/\/anoticiaonline.com.br\/site\/categoria\/colunistas\/diversao-e-cultura\/#listItem","name":"Divers\u00e3o e Cultura"},"previousItem":{"@type":"ListItem","@id":"https:\/\/anoticiaonline.com.br\/site#listItem","name":"Home"}},{"@type":"ListItem","@id":"https:\/\/anoticiaonline.com.br\/site\/categoria\/colunistas\/diversao-e-cultura\/#listItem","position":3,"name":"Divers\u00e3o e Cultura","item":"https:\/\/anoticiaonline.com.br\/site\/categoria\/colunistas\/diversao-e-cultura\/","nextItem":{"@type":"ListItem","@id":"https:\/\/anoticiaonline.com.br\/site\/68480-2\/#listItem","name":"Divers\u00e3o e Cultura"},"previousItem":{"@type":"ListItem","@id":"https:\/\/anoticiaonline.com.br\/site\/categoria\/colunistas\/#listItem","name":"Colunistas"}},{"@type":"ListItem","@id":"https:\/\/anoticiaonline.com.br\/site\/68480-2\/#listItem","position":4,"name":"Divers\u00e3o e Cultura","previousItem":{"@type":"ListItem","@id":"https:\/\/anoticiaonline.com.br\/site\/categoria\/colunistas\/diversao-e-cultura\/#listItem","name":"Divers\u00e3o e Cultura"}}]},{"@type":"Organization","@id":"https:\/\/anoticiaonline.com.br\/site\/#organization","name":"A Not\u00edcia Online","description":"Noticias de Muria\u00e9 e regi\u00e3o","url":"https:\/\/anoticiaonline.com.br\/site\/","logo":{"@type":"ImageObject","url":"https:\/\/scontent-gig4-1.xx.fbcdn.net\/v\/t39.30808-1\/270437624_4564083193639691_6907940295614233970_n.jpg?stp=dst-jpg_s200x200_tt6&_nc_cat=111&ccb=1-7&_nc_sid=f907e8&_nc_ohc=SM1wRlP3lJwQ7kNvwEPuBYA&_nc_oc=AdnqrjDN_BNjSSHWO-GbkIWH6fkGMLw4bqvL_NH6e2wMveX7G-rP2dAqsDSq1mJMOaY&_nc_zt=24&_nc_ht=scontent-gig4-1.xx&_nc_gid=AoBFJeGrT1hVaew_6rchkQ&oh=00_AfX7QmFGhQhG2jAllVgXCiM1ZrWgvtp80-Bfppyexh1QEg&oe=689E923C","@id":"https:\/\/anoticiaonline.com.br\/site\/68480-2\/#organizationLogo"},"image":{"@id":"https:\/\/anoticiaonline.com.br\/site\/68480-2\/#organizationLogo"}},{"@type":"Person","@id":"https:\/\/anoticiaonline.com.br\/site\/author\/juliana\/#author","url":"https:\/\/anoticiaonline.com.br\/site\/author\/juliana\/","name":"Juliana Laviola","image":{"@type":"ImageObject","@id":"https:\/\/anoticiaonline.com.br\/site\/68480-2\/#authorImage","url":"https:\/\/secure.gravatar.com\/avatar\/b8d45f5c699b100dfaf0e543582f38f38bf94cb7ae3a5e9abf8d891a34773335?s=96&d=mm&r=g","width":96,"height":96,"caption":"Juliana Laviola"}},{"@type":"WebPage","@id":"https:\/\/anoticiaonline.com.br\/site\/68480-2\/#webpage","url":"https:\/\/anoticiaonline.com.br\/site\/68480-2\/","name":"Divers\u00e3o e Cultura - A Not\u00edcia Online","description":"Gusttavo Lima em Muria\u00e9 A \u201cavalanche do sertanejo universit\u00e1rio\u201d vai atingir Muria\u00e9 no dia 29 de Mar\u00e7o, no Parque de Exposi\u00e7\u00f5es de Muria\u00e9. Gusttavo Lima, o fen\u00f4meno do sertanejo, dono dos hits mais estourados vai cantar para os muriaeenses e para o p\u00fablico de toda a regi\u00e3o. O evento \u00e9 uma realiza\u00e7\u00e3o de Jo\u00e3o Wellington","inLanguage":"pt-BR","isPartOf":{"@id":"https:\/\/anoticiaonline.com.br\/site\/#website"},"breadcrumb":{"@id":"https:\/\/anoticiaonline.com.br\/site\/68480-2\/#breadcrumblist"},"author":{"@id":"https:\/\/anoticiaonline.com.br\/site\/author\/juliana\/#author"},"creator":{"@id":"https:\/\/anoticiaonline.com.br\/site\/author\/juliana\/#author"},"datePublished":"2019-03-21T18:00:17-03:00","dateModified":"2019-03-26T14:17:01-03:00"},{"@type":"WebSite","@id":"https:\/\/anoticiaonline.com.br\/site\/#website","url":"https:\/\/anoticiaonline.com.br\/site\/","name":"A Not\u00edcia Online","description":"Noticias de Muria\u00e9 e regi\u00e3o","inLanguage":"pt-BR","publisher":{"@id":"https:\/\/anoticiaonline.com.br\/site\/#organization"}}]},"og:locale":"pt_BR","og:site_name":"A Not\u00edcia Online - Noticias de Muria\u00e9 e regi\u00e3o","og:type":"article","og:title":"Divers\u00e3o e Cultura - A Not\u00edcia Online","og:description":"Gusttavo Lima em Muria\u00e9 A \u201cavalanche do sertanejo universit\u00e1rio\u201d vai atingir Muria\u00e9 no dia 29 de Mar\u00e7o, no Parque de Exposi\u00e7\u00f5es de Muria\u00e9. Gusttavo Lima, o fen\u00f4meno do sertanejo, dono dos hits mais estourados vai cantar para os muriaeenses e para o p\u00fablico de toda a regi\u00e3o. O evento \u00e9 uma realiza\u00e7\u00e3o de Jo\u00e3o Wellington","og:url":"https:\/\/anoticiaonline.com.br\/site\/68480-2\/","og:image":"https:\/\/scontent-gig4-1.xx.fbcdn.net\/v\/t39.30808-1\/270437624_4564083193639691_6907940295614233970_n.jpg?stp=dst-jpg_s200x200_tt6&#038;_nc_cat=111&#038;ccb=1-7&#038;_nc_sid=f907e8&#038;_nc_ohc=SM1wRlP3lJwQ7kNvwEPuBYA&#038;_nc_oc=AdnqrjDN_BNjSSHWO-GbkIWH6fkGMLw4bqvL_NH6e2wMveX7G-rP2dAqsDSq1mJMOaY&#038;_nc_zt=24&#038;_nc_ht=scontent-gig4-1.xx&#038;_nc_gid=AoBFJeGrT1hVaew_6rchkQ&#038;oh=00_AfX7QmFGhQhG2jAllVgXCiM1ZrWgvtp80-Bfppyexh1QEg&#038;oe=689E923C","og:image:secure_url":"https:\/\/scontent-gig4-1.xx.fbcdn.net\/v\/t39.30808-1\/270437624_4564083193639691_6907940295614233970_n.jpg?stp=dst-jpg_s200x200_tt6&#038;_nc_cat=111&#038;ccb=1-7&#038;_nc_sid=f907e8&#038;_nc_ohc=SM1wRlP3lJwQ7kNvwEPuBYA&#038;_nc_oc=AdnqrjDN_BNjSSHWO-GbkIWH6fkGMLw4bqvL_NH6e2wMveX7G-rP2dAqsDSq1mJMOaY&#038;_nc_zt=24&#038;_nc_ht=scontent-gig4-1.xx&#038;_nc_gid=AoBFJeGrT1hVaew_6rchkQ&#038;oh=00_AfX7QmFGhQhG2jAllVgXCiM1ZrWgvtp80-Bfppyexh1QEg&#038;oe=689E923C","article:published_time":"2019-03-21T21:00:17+00:00","article:modified_time":"2019-03-26T17:17:01+00:00","twitter:card":"summary_large_image","twitter:title":"Divers\u00e3o e Cultura - A Not\u00edcia Online","twitter:description":"Gusttavo Lima em Muria\u00e9 A \u201cavalanche do sertanejo universit\u00e1rio\u201d vai atingir Muria\u00e9 no dia 29 de Mar\u00e7o, no Parque de Exposi\u00e7\u00f5es de Muria\u00e9. Gusttavo Lima, o fen\u00f4meno do sertanejo, dono dos hits mais estourados vai cantar para os muriaeenses e para o p\u00fablico de toda a regi\u00e3o. O evento \u00e9 uma realiza\u00e7\u00e3o de Jo\u00e3o Wellington","twitter:image":"https:\/\/scontent-gig4-1.xx.fbcdn.net\/v\/t39.30808-1\/270437624_4564083193639691_6907940295614233970_n.jpg?stp=dst-jpg_s200x200_tt6&_nc_cat=111&ccb=1-7&_nc_sid=f907e8&_nc_ohc=SM1wRlP3lJwQ7kNvwEPuBYA&_nc_oc=AdnqrjDN_BNjSSHWO-GbkIWH6fkGMLw4bqvL_NH6e2wMveX7G-rP2dAqsDSq1mJMOaY&_nc_zt=24&_nc_ht=scontent-gig4-1.xx&_nc_gid=AoBFJeGrT1hVaew_6rchkQ&oh=00_AfX7QmFGhQhG2jAllVgXCiM1ZrWgvtp80-Bfppyexh1QEg&oe=689E923C"},"aioseo_meta_data":{"post_id":"68480","title":null,"description":null,"keywords":null,"keyphrases":null,"primary_term":null,"canonical_url":null,"og_title":null,"og_description":null,"og_object_type":"default","og_image_type":"default","og_image_url":null,"og_image_width":null,"og_image_height":null,"og_image_custom_url":null,"og_image_custom_fields":null,"og_video":null,"og_custom_url":null,"og_article_section":null,"og_article_tags":null,"twitter_use_og":false,"twitter_card":"default","twitter_image_type":"default","twitter_image_url":null,"twitter_image_custom_url":null,"twitter_image_custom_fields":null,"twitter_title":null,"twitter_description":null,"schema":{"blockGraphs":[],"customGraphs":[],"default":{"data":{"Article":[],"Course":[],"Dataset":[],"FAQPage":[],"Movie":[],"Person":[],"Product":[],"ProductReview":[],"Car":[],"Recipe":[],"Service":[],"SoftwareApplication":[],"WebPage":[]},"graphName":"","isEnabled":true},"graphs":[]},"schema_type":"default","schema_type_options":null,"pillar_content":false,"robots_default":true,"robots_noindex":false,"robots_noarchive":false,"robots_nosnippet":false,"robots_nofollow":false,"robots_noimageindex":false,"robots_noodp":false,"robots_notranslate":false,"robots_max_snippet":null,"robots_max_videopreview":null,"robots_max_imagepreview":"large","priority":null,"frequency":null,"local_seo":null,"breadcrumb_settings":null,"limit_modified_date":false,"ai":null,"created":"2025-08-16 23:01:51","updated":"2025-08-16 23:01:51","focus_keyword":null,"additional_keywords":null,"truseo_locale":null,"seo_analyzer_scan_date":null},"aioseo_breadcrumb":"<div class=\"aioseo-breadcrumbs\"><span class=\"aioseo-breadcrumb\">\n\t\t\t<a href=\"https:\/\/anoticiaonline.com.br\/site\" title=\"Home\">Home<\/a>\n\t\t<\/span><span class=\"aioseo-breadcrumb-separator\">&raquo;<\/span><span class=\"aioseo-breadcrumb\">\n\t\t\t<a href=\"https:\/\/anoticiaonline.com.br\/site\/categoria\/colunistas\/\" title=\"Colunistas\">Colunistas<\/a>\n\t\t<\/span><span class=\"aioseo-breadcrumb-separator\">&raquo;<\/span><span class=\"aioseo-breadcrumb\">\n\t\t\t<a href=\"https:\/\/anoticiaonline.com.br\/site\/categoria\/colunistas\/diversao-e-cultura\/\" title=\"Divers\u00e3o e Cultura\">Divers\u00e3o e Cultura<\/a>\n\t\t<\/span><span class=\"aioseo-breadcrumb-separator\">&raquo;<\/span><span class=\"aioseo-breadcrumb\">\n\t\t\tDivers\u00e3o e Cultura\n\t\t<\/span><\/div>","aioseo_breadcrumb_json":[{"label":"Home","link":"https:\/\/anoticiaonline.com.br\/site"},{"label":"Colunistas","link":"https:\/\/anoticiaonline.com.br\/site\/categoria\/colunistas\/"},{"label":"Divers\u00e3o e Cultura","link":"https:\/\/anoticiaonline.com.br\/site\/categoria\/colunistas\/diversao-e-cultura\/"},{"label":"Divers\u00e3o e Cultura","link":"https:\/\/anoticiaonline.com.br\/site\/68480-2\/"}],"views":156,"_links":{"self":[{"href":"https:\/\/anoticiaonline.com.br\/site\/wp-json\/wp\/v2\/posts\/68480","targetHints":{"allow":["GET"]}}],"collection":[{"href":"https:\/\/anoticiaonline.com.br\/site\/wp-json\/wp\/v2\/posts"}],"about":[{"href":"https:\/\/anoticiaonline.com.br\/site\/wp-json\/wp\/v2\/types\/post"}],"author":[{"embeddable":true,"href":"https:\/\/anoticiaonline.com.br\/site\/wp-json\/wp\/v2\/users\/2"}],"replies":[{"embeddable":true,"href":"https:\/\/anoticiaonline.com.br\/site\/wp-json\/wp\/v2\/comments?post=68480"}],"version-history":[{"count":0,"href":"https:\/\/anoticiaonline.com.br\/site\/wp-json\/wp\/v2\/posts\/68480\/revisions"}],"wp:attachment":[{"href":"https:\/\/anoticiaonline.com.br\/site\/wp-json\/wp\/v2\/media?parent=68480"}],"wp:term":[{"taxonomy":"category","embeddable":true,"href":"https:\/\/anoticiaonline.com.br\/site\/wp-json\/wp\/v2\/categories?post=68480"},{"taxonomy":"post_tag","embeddable":true,"href":"https:\/\/anoticiaonline.com.br\/site\/wp-json\/wp\/v2\/tags?post=68480"}],"curies":[{"name":"wp","href":"https:\/\/api.w.org\/{rel}","templated":true}]}}