{"id":68173,"date":"2019-03-21T11:37:22","date_gmt":"2019-03-21T14:37:22","guid":{"rendered":"http:\/\/anoticiaonline.com.br\/site\/?p=68173"},"modified":"2019-03-21T14:15:12","modified_gmt":"2019-03-21T17:15:12","slug":"tombense-se-classifica","status":"publish","type":"post","link":"https:\/\/anoticiaonline.com.br\/site\/tombense-se-classifica\/","title":{"rendered":"Tombense se classifica"},"content":{"rendered":"<h2>Equipe de Tombos vai enfrentar o Boa Esporte nas quartas de final<\/h2>\n<p><a href=\"https:\/\/anoticiaonline.com.br\/site\/wp-content\/uploads\/2019\/03\/tombense.jpg\"><img fetchpriority=\"high\" decoding=\"async\" class=\"aligncenter size-full wp-image-68174\" src=\"https:\/\/anoticiaonline.com.br\/site\/wp-content\/uploads\/2019\/03\/tombense.jpg\" alt=\"\" width=\"780\" height=\"780\" srcset=\"https:\/\/anoticiaonline.com.br\/site\/wp-content\/uploads\/2019\/03\/tombense.jpg 780w, https:\/\/anoticiaonline.com.br\/site\/wp-content\/uploads\/2019\/03\/tombense-150x150.jpg 150w, https:\/\/anoticiaonline.com.br\/site\/wp-content\/uploads\/2019\/03\/tombense-300x300.jpg 300w, https:\/\/anoticiaonline.com.br\/site\/wp-content\/uploads\/2019\/03\/tombense-768x768.jpg 768w\" sizes=\"(max-width: 780px) 100vw, 780px\" \/><\/a><\/p>\n<p>O Tombense n\u00e3o tomou conhecimento do Patrocinense e conquistou uma vit\u00f3ria convincente na noite desta quarta-feira (20) no Almeid\u00e3o, em Tombos. Com C\u00e1ssio Ortega inspirado &#8211; dois gols e assist\u00eancia para o gol de Judivan &#8211; o Gavi\u00e3o Carcar\u00e1 venceu por 3 a 0 pela 11\u00aa rodada, a \u00faltima da fase de classifica\u00e7\u00e3o, do Campeonato Mineiro. O resultado garantiu a classifica\u00e7\u00e3o da equipe de Ricardo Drubscky para a pr\u00f3xima fase. Apesar da derrota, o CAP tamb\u00e9m garantiu vaga para a pr\u00f3xima fase.<!--more--><\/p>\n<p>Precisando vencer para passar de fase, o Tombense praticamente dominou as a\u00e7\u00f5es no primeiro tempo. Com mais posse de bola, o time da casa adiantava a marca\u00e7\u00e3o e complicava para o Patrocinense, que at\u00e9 teve uma boa chance com Felipe Alves que tentou por cobertura ap\u00f3s falha da marca\u00e7\u00e3o do time da casa, mas errava muito. O Gavi\u00e3o Carcar\u00e1 rodava bem a bola e marcou no fim da primeira etapa. Abner recebeu passe na direita, nas costas da zaga, invadiu a \u00e1rea e cruzou no segundo pau para C\u00e1ssio Ortega que abriu o placar no Almeid\u00e3o.<\/p>\n<p>O Tombense continuou melhor na segunda etapa e encurralava o Patrocinense no campo de defesa. O time Gren\u00e1 n\u00e3o conseguia sair jogando e via o advers\u00e1rio tocar a bola. N\u00e3o demorou para os donos da casa ampliar. Everton recebeu na \u00e1rea, finalizou \u00e0 queima-roupa e Jefferson fez um milagre. C\u00e1ssio Ortega pegou a sobra e ampliou. Aos 27, Cassio Ortega apareceu de novo. Desta vez para dar o passe para Judivan fazer o primeiro gol dele com a camisa do Tombense, fechar o placar e colocar o Gavi\u00e3o Carcar\u00e1 em quinto lugar na classifica\u00e7\u00e3o.<\/p>\n<p>O resultado fez com que o Tombense terminasse a primeira fase em quinto lugar, com os mesmos 13 pontos da Caldense, mas melhor saldo de gols. O advers\u00e1rio ser\u00e1 o Boa Esporte nas quartas de final. O Patrocinense, apesar da terceira derrota seguida, se classificou em 7\u00ba, com 12 pontos e enfrenta o Cruzeiro na pr\u00f3xima fase.<\/p>\n<p><em>Fonte: Globoesporte.com<\/em><\/p>\n","protected":false},"excerpt":{"rendered":"<p>Equipe de Tombos vai enfrentar o Boa Esporte nas quartas de final O Tombense n\u00e3o tomou conhecimento do Patrocinense e conquistou uma vit\u00f3ria convincente na noite desta quarta-feira (20) no Almeid\u00e3o, em Tombos. Com C\u00e1ssio Ortega inspirado &#8211; dois gols e assist\u00eancia para o gol de Judivan &#8211; o Gavi\u00e3o Carcar\u00e1 venceu por 3 a &#8230; <a title=\"Tombense se classifica\" class=\"read-more\" href=\"https:\/\/anoticiaonline.com.br\/site\/tombense-se-classifica\/\" aria-label=\"Read more about Tombense se classifica\">Ler mais<\/a><\/p>\n","protected":false},"author":2,"featured_media":68174,"comment_status":"open","ping_status":"open","sticky":false,"template":"","format":"standard","meta":{"_acf_changed":false,"_monsterinsights_skip_tracking":false,"footnotes":""},"categories":[30,29,6],"tags":[269,3764,3664],"class_list":["post-68173","post","type-post","status-publish","format-standard","has-post-thumbnail","hentry","category-muriae","category-esporte","category-regiao","tag-campeonato-mineiro","tag-patrocinense","tag-tombense"],"acf":[],"aioseo_notices":[],"aioseo_head":"\n\t\t<!-- All in One SEO 5.0.0.1 - aioseo.com -->\n\t<meta name=\"description\" content=\"Equipe de Tombos vai enfrentar o Boa Esporte nas quartas de final O Tombense n\u00e3o tomou conhecimento do Patrocinense e conquistou uma vit\u00f3ria convincente na noite desta quarta-feira (20) no Almeid\u00e3o, em Tombos. Com C\u00e1ssio Ortega inspirado - dois gols e assist\u00eancia para o gol de Judivan - o Gavi\u00e3o Carcar\u00e1 venceu por 3 a\" \/>\n\t<meta name=\"robots\" content=\"max-image-preview:large\" \/>\n\t<meta name=\"author\" content=\"Juliana Laviola\"\/>\n\t<link rel=\"canonical\" href=\"https:\/\/anoticiaonline.com.br\/site\/tombense-se-classifica\/\" \/>\n\t<meta name=\"generator\" content=\"All in One SEO (AIOSEO) 5.0.0.1\" \/>\n\t\t<meta property=\"og:locale\" content=\"pt_BR\" \/>\n\t\t<meta property=\"og:site_name\" content=\"A Not\u00edcia Online - Noticias de Muria\u00e9 e regi\u00e3o\" \/>\n\t\t<meta property=\"og:type\" content=\"article\" \/>\n\t\t<meta property=\"og:title\" content=\"Tombense se classifica - A Not\u00edcia Online\" \/>\n\t\t<meta property=\"og:description\" content=\"Equipe de Tombos vai enfrentar o Boa Esporte nas quartas de final O Tombense n\u00e3o tomou conhecimento do Patrocinense e conquistou uma vit\u00f3ria convincente na noite desta quarta-feira (20) no Almeid\u00e3o, em Tombos. Com C\u00e1ssio Ortega inspirado - dois gols e assist\u00eancia para o gol de Judivan - o Gavi\u00e3o Carcar\u00e1 venceu por 3 a\" \/>\n\t\t<meta property=\"og:url\" content=\"https:\/\/anoticiaonline.com.br\/site\/tombense-se-classifica\/\" \/>\n\t\t<meta property=\"og:image\" content=\"https:\/\/scontent-gig4-1.xx.fbcdn.net\/v\/t39.30808-1\/270437624_4564083193639691_6907940295614233970_n.jpg?stp=dst-jpg_s200x200_tt6&#038;_nc_cat=111&#038;ccb=1-7&#038;_nc_sid=f907e8&#038;_nc_ohc=SM1wRlP3lJwQ7kNvwEPuBYA&#038;_nc_oc=AdnqrjDN_BNjSSHWO-GbkIWH6fkGMLw4bqvL_NH6e2wMveX7G-rP2dAqsDSq1mJMOaY&#038;_nc_zt=24&#038;_nc_ht=scontent-gig4-1.xx&#038;_nc_gid=AoBFJeGrT1hVaew_6rchkQ&#038;oh=00_AfX7QmFGhQhG2jAllVgXCiM1ZrWgvtp80-Bfppyexh1QEg&#038;oe=689E923C\" \/>\n\t\t<meta property=\"og:image:secure_url\" content=\"https:\/\/scontent-gig4-1.xx.fbcdn.net\/v\/t39.30808-1\/270437624_4564083193639691_6907940295614233970_n.jpg?stp=dst-jpg_s200x200_tt6&#038;_nc_cat=111&#038;ccb=1-7&#038;_nc_sid=f907e8&#038;_nc_ohc=SM1wRlP3lJwQ7kNvwEPuBYA&#038;_nc_oc=AdnqrjDN_BNjSSHWO-GbkIWH6fkGMLw4bqvL_NH6e2wMveX7G-rP2dAqsDSq1mJMOaY&#038;_nc_zt=24&#038;_nc_ht=scontent-gig4-1.xx&#038;_nc_gid=AoBFJeGrT1hVaew_6rchkQ&#038;oh=00_AfX7QmFGhQhG2jAllVgXCiM1ZrWgvtp80-Bfppyexh1QEg&#038;oe=689E923C\" \/>\n\t\t<meta property=\"article:published_time\" content=\"2019-03-21T14:37:22+00:00\" \/>\n\t\t<meta property=\"article:modified_time\" content=\"2019-03-21T17:15:12+00:00\" \/>\n\t\t<meta name=\"twitter:card\" content=\"summary_large_image\" \/>\n\t\t<meta name=\"twitter:title\" content=\"Tombense se classifica - A Not\u00edcia Online\" \/>\n\t\t<meta name=\"twitter:description\" content=\"Equipe de Tombos vai enfrentar o Boa Esporte nas quartas de final O Tombense n\u00e3o tomou conhecimento do Patrocinense e conquistou uma vit\u00f3ria convincente na noite desta quarta-feira (20) no Almeid\u00e3o, em Tombos. Com C\u00e1ssio Ortega inspirado - dois gols e assist\u00eancia para o gol de Judivan - o Gavi\u00e3o Carcar\u00e1 venceu por 3 a\" \/>\n\t\t<meta name=\"twitter:image\" content=\"https:\/\/scontent-gig4-1.xx.fbcdn.net\/v\/t39.30808-1\/270437624_4564083193639691_6907940295614233970_n.jpg?stp=dst-jpg_s200x200_tt6&amp;_nc_cat=111&amp;ccb=1-7&amp;_nc_sid=f907e8&amp;_nc_ohc=SM1wRlP3lJwQ7kNvwEPuBYA&amp;_nc_oc=AdnqrjDN_BNjSSHWO-GbkIWH6fkGMLw4bqvL_NH6e2wMveX7G-rP2dAqsDSq1mJMOaY&amp;_nc_zt=24&amp;_nc_ht=scontent-gig4-1.xx&amp;_nc_gid=AoBFJeGrT1hVaew_6rchkQ&amp;oh=00_AfX7QmFGhQhG2jAllVgXCiM1ZrWgvtp80-Bfppyexh1QEg&amp;oe=689E923C\" \/>\n\t\t<script type=\"application\/ld+json\" class=\"aioseo-schema\">\n\t\t\t{\"@context\":\"https:\\\/\\\/schema.org\",\"@graph\":[{\"@type\":\"BlogPosting\",\"@id\":\"https:\\\/\\\/anoticiaonline.com.br\\\/site\\\/tombense-se-classifica\\\/#blogposting\",\"name\":\"Tombense se classifica - A Not\\u00edcia Online\",\"headline\":\"Tombense se classifica\",\"author\":{\"@id\":\"https:\\\/\\\/anoticiaonline.com.br\\\/site\\\/author\\\/juliana\\\/#author\"},\"publisher\":{\"@id\":\"https:\\\/\\\/anoticiaonline.com.br\\\/site\\\/#organization\"},\"image\":{\"@type\":\"ImageObject\",\"url\":\"https:\\\/\\\/anoticiaonline.com.br\\\/site\\\/wp-content\\\/uploads\\\/2019\\\/03\\\/tombense.jpg\",\"width\":780,\"height\":780},\"datePublished\":\"2019-03-21T11:37:22-03:00\",\"dateModified\":\"2019-03-21T14:15:12-03:00\",\"inLanguage\":\"pt-BR\",\"mainEntityOfPage\":{\"@id\":\"https:\\\/\\\/anoticiaonline.com.br\\\/site\\\/tombense-se-classifica\\\/#webpage\"},\"isPartOf\":{\"@id\":\"https:\\\/\\\/anoticiaonline.com.br\\\/site\\\/tombense-se-classifica\\\/#webpage\"},\"articleSection\":\"Blog, Esporte, Regi\\u00e3o, campeonato mineiro, patrocinense, tombense\"},{\"@type\":\"BreadcrumbList\",\"@id\":\"https:\\\/\\\/anoticiaonline.com.br\\\/site\\\/tombense-se-classifica\\\/#breadcrumblist\",\"itemListElement\":[{\"@type\":\"ListItem\",\"@id\":\"https:\\\/\\\/anoticiaonline.com.br\\\/site#listItem\",\"position\":1,\"name\":\"Home\",\"item\":\"https:\\\/\\\/anoticiaonline.com.br\\\/site\",\"nextItem\":{\"@type\":\"ListItem\",\"@id\":\"https:\\\/\\\/anoticiaonline.com.br\\\/site\\\/categoria\\\/regiao\\\/#listItem\",\"name\":\"Regi\\u00e3o\"}},{\"@type\":\"ListItem\",\"@id\":\"https:\\\/\\\/anoticiaonline.com.br\\\/site\\\/categoria\\\/regiao\\\/#listItem\",\"position\":2,\"name\":\"Regi\\u00e3o\",\"item\":\"https:\\\/\\\/anoticiaonline.com.br\\\/site\\\/categoria\\\/regiao\\\/\",\"nextItem\":{\"@type\":\"ListItem\",\"@id\":\"https:\\\/\\\/anoticiaonline.com.br\\\/site\\\/tombense-se-classifica\\\/#listItem\",\"name\":\"Tombense se classifica\"},\"previousItem\":{\"@type\":\"ListItem\",\"@id\":\"https:\\\/\\\/anoticiaonline.com.br\\\/site#listItem\",\"name\":\"Home\"}},{\"@type\":\"ListItem\",\"@id\":\"https:\\\/\\\/anoticiaonline.com.br\\\/site\\\/tombense-se-classifica\\\/#listItem\",\"position\":3,\"name\":\"Tombense se classifica\",\"previousItem\":{\"@type\":\"ListItem\",\"@id\":\"https:\\\/\\\/anoticiaonline.com.br\\\/site\\\/categoria\\\/regiao\\\/#listItem\",\"name\":\"Regi\\u00e3o\"}}]},{\"@type\":\"Organization\",\"@id\":\"https:\\\/\\\/anoticiaonline.com.br\\\/site\\\/#organization\",\"name\":\"A Not\\u00edcia Online\",\"description\":\"Noticias de Muria\\u00e9 e regi\\u00e3o\",\"url\":\"https:\\\/\\\/anoticiaonline.com.br\\\/site\\\/\",\"logo\":{\"@type\":\"ImageObject\",\"url\":\"https:\\\/\\\/scontent-gig4-1.xx.fbcdn.net\\\/v\\\/t39.30808-1\\\/270437624_4564083193639691_6907940295614233970_n.jpg?stp=dst-jpg_s200x200_tt6&_nc_cat=111&ccb=1-7&_nc_sid=f907e8&_nc_ohc=SM1wRlP3lJwQ7kNvwEPuBYA&_nc_oc=AdnqrjDN_BNjSSHWO-GbkIWH6fkGMLw4bqvL_NH6e2wMveX7G-rP2dAqsDSq1mJMOaY&_nc_zt=24&_nc_ht=scontent-gig4-1.xx&_nc_gid=AoBFJeGrT1hVaew_6rchkQ&oh=00_AfX7QmFGhQhG2jAllVgXCiM1ZrWgvtp80-Bfppyexh1QEg&oe=689E923C\",\"@id\":\"https:\\\/\\\/anoticiaonline.com.br\\\/site\\\/tombense-se-classifica\\\/#organizationLogo\"},\"image\":{\"@id\":\"https:\\\/\\\/anoticiaonline.com.br\\\/site\\\/tombense-se-classifica\\\/#organizationLogo\"}},{\"@type\":\"Person\",\"@id\":\"https:\\\/\\\/anoticiaonline.com.br\\\/site\\\/author\\\/juliana\\\/#author\",\"url\":\"https:\\\/\\\/anoticiaonline.com.br\\\/site\\\/author\\\/juliana\\\/\",\"name\":\"Juliana Laviola\",\"image\":{\"@type\":\"ImageObject\",\"@id\":\"https:\\\/\\\/anoticiaonline.com.br\\\/site\\\/tombense-se-classifica\\\/#authorImage\",\"url\":\"https:\\\/\\\/secure.gravatar.com\\\/avatar\\\/b8d45f5c699b100dfaf0e543582f38f38bf94cb7ae3a5e9abf8d891a34773335?s=96&d=mm&r=g\",\"width\":96,\"height\":96,\"caption\":\"Juliana Laviola\"}},{\"@type\":\"WebPage\",\"@id\":\"https:\\\/\\\/anoticiaonline.com.br\\\/site\\\/tombense-se-classifica\\\/#webpage\",\"url\":\"https:\\\/\\\/anoticiaonline.com.br\\\/site\\\/tombense-se-classifica\\\/\",\"name\":\"Tombense se classifica - A Not\\u00edcia Online\",\"description\":\"Equipe de Tombos vai enfrentar o Boa Esporte nas quartas de final O Tombense n\\u00e3o tomou conhecimento do Patrocinense e conquistou uma vit\\u00f3ria convincente na noite desta quarta-feira (20) no Almeid\\u00e3o, em Tombos. Com C\\u00e1ssio Ortega inspirado - dois gols e assist\\u00eancia para o gol de Judivan - o Gavi\\u00e3o Carcar\\u00e1 venceu por 3 a\",\"inLanguage\":\"pt-BR\",\"isPartOf\":{\"@id\":\"https:\\\/\\\/anoticiaonline.com.br\\\/site\\\/#website\"},\"breadcrumb\":{\"@id\":\"https:\\\/\\\/anoticiaonline.com.br\\\/site\\\/tombense-se-classifica\\\/#breadcrumblist\"},\"author\":{\"@id\":\"https:\\\/\\\/anoticiaonline.com.br\\\/site\\\/author\\\/juliana\\\/#author\"},\"creator\":{\"@id\":\"https:\\\/\\\/anoticiaonline.com.br\\\/site\\\/author\\\/juliana\\\/#author\"},\"image\":{\"@type\":\"ImageObject\",\"url\":\"https:\\\/\\\/anoticiaonline.com.br\\\/site\\\/wp-content\\\/uploads\\\/2019\\\/03\\\/tombense.jpg\",\"@id\":\"https:\\\/\\\/anoticiaonline.com.br\\\/site\\\/tombense-se-classifica\\\/#mainImage\",\"width\":780,\"height\":780},\"primaryImageOfPage\":{\"@id\":\"https:\\\/\\\/anoticiaonline.com.br\\\/site\\\/tombense-se-classifica\\\/#mainImage\"},\"datePublished\":\"2019-03-21T11:37:22-03:00\",\"dateModified\":\"2019-03-21T14:15:12-03:00\"},{\"@type\":\"WebSite\",\"@id\":\"https:\\\/\\\/anoticiaonline.com.br\\\/site\\\/#website\",\"url\":\"https:\\\/\\\/anoticiaonline.com.br\\\/site\\\/\",\"name\":\"A Not\\u00edcia Online\",\"description\":\"Noticias de Muria\\u00e9 e regi\\u00e3o\",\"inLanguage\":\"pt-BR\",\"publisher\":{\"@id\":\"https:\\\/\\\/anoticiaonline.com.br\\\/site\\\/#organization\"}}]}\n\t\t<\/script>\n\t\t<!-- All in One SEO -->\n\n","aioseo_head_json":{"title":"Tombense se classifica - A Not\u00edcia Online","description":"Equipe de Tombos vai enfrentar o Boa Esporte nas quartas de final O Tombense n\u00e3o tomou conhecimento do Patrocinense e conquistou uma vit\u00f3ria convincente na noite desta quarta-feira (20) no Almeid\u00e3o, em Tombos. Com C\u00e1ssio Ortega inspirado - dois gols e assist\u00eancia para o gol de Judivan - o Gavi\u00e3o Carcar\u00e1 venceu por 3 a","canonical_url":"https:\/\/anoticiaonline.com.br\/site\/tombense-se-classifica\/","robots":"max-image-preview:large","keywords":"","webmasterTools":{"miscellaneous":""},"schema":{"@context":"https:\/\/schema.org","@graph":[{"@type":"BlogPosting","@id":"https:\/\/anoticiaonline.com.br\/site\/tombense-se-classifica\/#blogposting","name":"Tombense se classifica - A Not\u00edcia Online","headline":"Tombense se classifica","author":{"@id":"https:\/\/anoticiaonline.com.br\/site\/author\/juliana\/#author"},"publisher":{"@id":"https:\/\/anoticiaonline.com.br\/site\/#organization"},"image":{"@type":"ImageObject","url":"https:\/\/anoticiaonline.com.br\/site\/wp-content\/uploads\/2019\/03\/tombense.jpg","width":780,"height":780},"datePublished":"2019-03-21T11:37:22-03:00","dateModified":"2019-03-21T14:15:12-03:00","inLanguage":"pt-BR","mainEntityOfPage":{"@id":"https:\/\/anoticiaonline.com.br\/site\/tombense-se-classifica\/#webpage"},"isPartOf":{"@id":"https:\/\/anoticiaonline.com.br\/site\/tombense-se-classifica\/#webpage"},"articleSection":"Blog, Esporte, Regi\u00e3o, campeonato mineiro, patrocinense, tombense"},{"@type":"BreadcrumbList","@id":"https:\/\/anoticiaonline.com.br\/site\/tombense-se-classifica\/#breadcrumblist","itemListElement":[{"@type":"ListItem","@id":"https:\/\/anoticiaonline.com.br\/site#listItem","position":1,"name":"Home","item":"https:\/\/anoticiaonline.com.br\/site","nextItem":{"@type":"ListItem","@id":"https:\/\/anoticiaonline.com.br\/site\/categoria\/regiao\/#listItem","name":"Regi\u00e3o"}},{"@type":"ListItem","@id":"https:\/\/anoticiaonline.com.br\/site\/categoria\/regiao\/#listItem","position":2,"name":"Regi\u00e3o","item":"https:\/\/anoticiaonline.com.br\/site\/categoria\/regiao\/","nextItem":{"@type":"ListItem","@id":"https:\/\/anoticiaonline.com.br\/site\/tombense-se-classifica\/#listItem","name":"Tombense se classifica"},"previousItem":{"@type":"ListItem","@id":"https:\/\/anoticiaonline.com.br\/site#listItem","name":"Home"}},{"@type":"ListItem","@id":"https:\/\/anoticiaonline.com.br\/site\/tombense-se-classifica\/#listItem","position":3,"name":"Tombense se classifica","previousItem":{"@type":"ListItem","@id":"https:\/\/anoticiaonline.com.br\/site\/categoria\/regiao\/#listItem","name":"Regi\u00e3o"}}]},{"@type":"Organization","@id":"https:\/\/anoticiaonline.com.br\/site\/#organization","name":"A Not\u00edcia Online","description":"Noticias de Muria\u00e9 e regi\u00e3o","url":"https:\/\/anoticiaonline.com.br\/site\/","logo":{"@type":"ImageObject","url":"https:\/\/scontent-gig4-1.xx.fbcdn.net\/v\/t39.30808-1\/270437624_4564083193639691_6907940295614233970_n.jpg?stp=dst-jpg_s200x200_tt6&_nc_cat=111&ccb=1-7&_nc_sid=f907e8&_nc_ohc=SM1wRlP3lJwQ7kNvwEPuBYA&_nc_oc=AdnqrjDN_BNjSSHWO-GbkIWH6fkGMLw4bqvL_NH6e2wMveX7G-rP2dAqsDSq1mJMOaY&_nc_zt=24&_nc_ht=scontent-gig4-1.xx&_nc_gid=AoBFJeGrT1hVaew_6rchkQ&oh=00_AfX7QmFGhQhG2jAllVgXCiM1ZrWgvtp80-Bfppyexh1QEg&oe=689E923C","@id":"https:\/\/anoticiaonline.com.br\/site\/tombense-se-classifica\/#organizationLogo"},"image":{"@id":"https:\/\/anoticiaonline.com.br\/site\/tombense-se-classifica\/#organizationLogo"}},{"@type":"Person","@id":"https:\/\/anoticiaonline.com.br\/site\/author\/juliana\/#author","url":"https:\/\/anoticiaonline.com.br\/site\/author\/juliana\/","name":"Juliana Laviola","image":{"@type":"ImageObject","@id":"https:\/\/anoticiaonline.com.br\/site\/tombense-se-classifica\/#authorImage","url":"https:\/\/secure.gravatar.com\/avatar\/b8d45f5c699b100dfaf0e543582f38f38bf94cb7ae3a5e9abf8d891a34773335?s=96&d=mm&r=g","width":96,"height":96,"caption":"Juliana Laviola"}},{"@type":"WebPage","@id":"https:\/\/anoticiaonline.com.br\/site\/tombense-se-classifica\/#webpage","url":"https:\/\/anoticiaonline.com.br\/site\/tombense-se-classifica\/","name":"Tombense se classifica - A Not\u00edcia Online","description":"Equipe de Tombos vai enfrentar o Boa Esporte nas quartas de final O Tombense n\u00e3o tomou conhecimento do Patrocinense e conquistou uma vit\u00f3ria convincente na noite desta quarta-feira (20) no Almeid\u00e3o, em Tombos. Com C\u00e1ssio Ortega inspirado - dois gols e assist\u00eancia para o gol de Judivan - o Gavi\u00e3o Carcar\u00e1 venceu por 3 a","inLanguage":"pt-BR","isPartOf":{"@id":"https:\/\/anoticiaonline.com.br\/site\/#website"},"breadcrumb":{"@id":"https:\/\/anoticiaonline.com.br\/site\/tombense-se-classifica\/#breadcrumblist"},"author":{"@id":"https:\/\/anoticiaonline.com.br\/site\/author\/juliana\/#author"},"creator":{"@id":"https:\/\/anoticiaonline.com.br\/site\/author\/juliana\/#author"},"image":{"@type":"ImageObject","url":"https:\/\/anoticiaonline.com.br\/site\/wp-content\/uploads\/2019\/03\/tombense.jpg","@id":"https:\/\/anoticiaonline.com.br\/site\/tombense-se-classifica\/#mainImage","width":780,"height":780},"primaryImageOfPage":{"@id":"https:\/\/anoticiaonline.com.br\/site\/tombense-se-classifica\/#mainImage"},"datePublished":"2019-03-21T11:37:22-03:00","dateModified":"2019-03-21T14:15:12-03:00"},{"@type":"WebSite","@id":"https:\/\/anoticiaonline.com.br\/site\/#website","url":"https:\/\/anoticiaonline.com.br\/site\/","name":"A Not\u00edcia Online","description":"Noticias de Muria\u00e9 e regi\u00e3o","inLanguage":"pt-BR","publisher":{"@id":"https:\/\/anoticiaonline.com.br\/site\/#organization"}}]},"og:locale":"pt_BR","og:site_name":"A Not\u00edcia Online - Noticias de Muria\u00e9 e regi\u00e3o","og:type":"article","og:title":"Tombense se classifica - A Not\u00edcia Online","og:description":"Equipe de Tombos vai enfrentar o Boa Esporte nas quartas de final O Tombense n\u00e3o tomou conhecimento do Patrocinense e conquistou uma vit\u00f3ria convincente na noite desta quarta-feira (20) no Almeid\u00e3o, em Tombos. Com C\u00e1ssio Ortega inspirado - dois gols e assist\u00eancia para o gol de Judivan - o Gavi\u00e3o Carcar\u00e1 venceu por 3 a","og:url":"https:\/\/anoticiaonline.com.br\/site\/tombense-se-classifica\/","og:image":"https:\/\/scontent-gig4-1.xx.fbcdn.net\/v\/t39.30808-1\/270437624_4564083193639691_6907940295614233970_n.jpg?stp=dst-jpg_s200x200_tt6&#038;_nc_cat=111&#038;ccb=1-7&#038;_nc_sid=f907e8&#038;_nc_ohc=SM1wRlP3lJwQ7kNvwEPuBYA&#038;_nc_oc=AdnqrjDN_BNjSSHWO-GbkIWH6fkGMLw4bqvL_NH6e2wMveX7G-rP2dAqsDSq1mJMOaY&#038;_nc_zt=24&#038;_nc_ht=scontent-gig4-1.xx&#038;_nc_gid=AoBFJeGrT1hVaew_6rchkQ&#038;oh=00_AfX7QmFGhQhG2jAllVgXCiM1ZrWgvtp80-Bfppyexh1QEg&#038;oe=689E923C","og:image:secure_url":"https:\/\/scontent-gig4-1.xx.fbcdn.net\/v\/t39.30808-1\/270437624_4564083193639691_6907940295614233970_n.jpg?stp=dst-jpg_s200x200_tt6&#038;_nc_cat=111&#038;ccb=1-7&#038;_nc_sid=f907e8&#038;_nc_ohc=SM1wRlP3lJwQ7kNvwEPuBYA&#038;_nc_oc=AdnqrjDN_BNjSSHWO-GbkIWH6fkGMLw4bqvL_NH6e2wMveX7G-rP2dAqsDSq1mJMOaY&#038;_nc_zt=24&#038;_nc_ht=scontent-gig4-1.xx&#038;_nc_gid=AoBFJeGrT1hVaew_6rchkQ&#038;oh=00_AfX7QmFGhQhG2jAllVgXCiM1ZrWgvtp80-Bfppyexh1QEg&#038;oe=689E923C","article:published_time":"2019-03-21T14:37:22+00:00","article:modified_time":"2019-03-21T17:15:12+00:00","twitter:card":"summary_large_image","twitter:title":"Tombense se classifica - A Not\u00edcia Online","twitter:description":"Equipe de Tombos vai enfrentar o Boa Esporte nas quartas de final O Tombense n\u00e3o tomou conhecimento do Patrocinense e conquistou uma vit\u00f3ria convincente na noite desta quarta-feira (20) no Almeid\u00e3o, em Tombos. Com C\u00e1ssio Ortega inspirado - dois gols e assist\u00eancia para o gol de Judivan - o Gavi\u00e3o Carcar\u00e1 venceu por 3 a","twitter:image":"https:\/\/scontent-gig4-1.xx.fbcdn.net\/v\/t39.30808-1\/270437624_4564083193639691_6907940295614233970_n.jpg?stp=dst-jpg_s200x200_tt6&_nc_cat=111&ccb=1-7&_nc_sid=f907e8&_nc_ohc=SM1wRlP3lJwQ7kNvwEPuBYA&_nc_oc=AdnqrjDN_BNjSSHWO-GbkIWH6fkGMLw4bqvL_NH6e2wMveX7G-rP2dAqsDSq1mJMOaY&_nc_zt=24&_nc_ht=scontent-gig4-1.xx&_nc_gid=AoBFJeGrT1hVaew_6rchkQ&oh=00_AfX7QmFGhQhG2jAllVgXCiM1ZrWgvtp80-Bfppyexh1QEg&oe=689E923C"},"aioseo_meta_data":{"post_id":"68173","title":null,"description":null,"keywords":null,"keyphrases":null,"primary_term":null,"canonical_url":null,"og_title":null,"og_description":null,"og_object_type":"default","og_image_type":"default","og_image_url":null,"og_image_width":null,"og_image_height":null,"og_image_custom_url":null,"og_image_custom_fields":null,"og_video":null,"og_custom_url":null,"og_article_section":null,"og_article_tags":null,"twitter_use_og":false,"twitter_card":"default","twitter_image_type":"default","twitter_image_url":null,"twitter_image_custom_url":null,"twitter_image_custom_fields":null,"twitter_title":null,"twitter_description":null,"schema":{"blockGraphs":[],"customGraphs":[],"default":{"data":{"Article":[],"Course":[],"Dataset":[],"FAQPage":[],"Movie":[],"Person":[],"Product":[],"ProductReview":[],"Car":[],"Recipe":[],"Service":[],"SoftwareApplication":[],"WebPage":[]},"graphName":"","isEnabled":true},"graphs":[]},"schema_type":"default","schema_type_options":null,"pillar_content":false,"robots_default":true,"robots_noindex":false,"robots_noarchive":false,"robots_nosnippet":false,"robots_nofollow":false,"robots_noimageindex":false,"robots_noodp":false,"robots_notranslate":false,"robots_max_snippet":null,"robots_max_videopreview":null,"robots_max_imagepreview":"large","priority":null,"frequency":null,"local_seo":null,"breadcrumb_settings":null,"limit_modified_date":false,"ai":null,"created":"2025-08-16 22:59:31","updated":"2025-08-16 22:59:31","focus_keyword":null,"additional_keywords":null,"truseo_locale":null,"seo_analyzer_scan_date":null},"aioseo_breadcrumb":"<div class=\"aioseo-breadcrumbs\"><span class=\"aioseo-breadcrumb\">\n\t\t\t<a href=\"https:\/\/anoticiaonline.com.br\/site\" title=\"Home\">Home<\/a>\n\t\t<\/span><span class=\"aioseo-breadcrumb-separator\">&raquo;<\/span><span class=\"aioseo-breadcrumb\">\n\t\t\t<a href=\"https:\/\/anoticiaonline.com.br\/site\/categoria\/regiao\/\" title=\"Regi\u00e3o\">Regi\u00e3o<\/a>\n\t\t<\/span><span class=\"aioseo-breadcrumb-separator\">&raquo;<\/span><span class=\"aioseo-breadcrumb\">\n\t\t\tTombense se classifica\n\t\t<\/span><\/div>","aioseo_breadcrumb_json":[{"label":"Home","link":"https:\/\/anoticiaonline.com.br\/site"},{"label":"Regi\u00e3o","link":"https:\/\/anoticiaonline.com.br\/site\/categoria\/regiao\/"},{"label":"Tombense se classifica","link":"https:\/\/anoticiaonline.com.br\/site\/tombense-se-classifica\/"}],"views":132,"_links":{"self":[{"href":"https:\/\/anoticiaonline.com.br\/site\/wp-json\/wp\/v2\/posts\/68173","targetHints":{"allow":["GET"]}}],"collection":[{"href":"https:\/\/anoticiaonline.com.br\/site\/wp-json\/wp\/v2\/posts"}],"about":[{"href":"https:\/\/anoticiaonline.com.br\/site\/wp-json\/wp\/v2\/types\/post"}],"author":[{"embeddable":true,"href":"https:\/\/anoticiaonline.com.br\/site\/wp-json\/wp\/v2\/users\/2"}],"replies":[{"embeddable":true,"href":"https:\/\/anoticiaonline.com.br\/site\/wp-json\/wp\/v2\/comments?post=68173"}],"version-history":[{"count":0,"href":"https:\/\/anoticiaonline.com.br\/site\/wp-json\/wp\/v2\/posts\/68173\/revisions"}],"wp:featuredmedia":[{"embeddable":true,"href":"https:\/\/anoticiaonline.com.br\/site\/wp-json\/wp\/v2\/media\/68174"}],"wp:attachment":[{"href":"https:\/\/anoticiaonline.com.br\/site\/wp-json\/wp\/v2\/media?parent=68173"}],"wp:term":[{"taxonomy":"category","embeddable":true,"href":"https:\/\/anoticiaonline.com.br\/site\/wp-json\/wp\/v2\/categories?post=68173"},{"taxonomy":"post_tag","embeddable":true,"href":"https:\/\/anoticiaonline.com.br\/site\/wp-json\/wp\/v2\/tags?post=68173"}],"curies":[{"name":"wp","href":"https:\/\/api.w.org\/{rel}","templated":true}]}}