{"id":68144,"date":"2019-03-01T14:46:37","date_gmt":"2019-03-01T17:46:37","guid":{"rendered":"http:\/\/anoticiaonline.com.br\/site\/?p=68144"},"modified":"2019-03-20T14:50:45","modified_gmt":"2019-03-20T17:50:45","slug":"bloco-batucada-em-mirai","status":"publish","type":"post","link":"https:\/\/anoticiaonline.com.br\/site\/bloco-batucada-em-mirai\/","title":{"rendered":"Bloco Batucada em Mira\u00ed"},"content":{"rendered":"<p>&nbsp;<\/p>\n<p><a href=\"https:\/\/anoticiaonline.com.br\/site\/wp-content\/uploads\/2019\/03\/batucada_1.jpg\"><img fetchpriority=\"high\" decoding=\"async\" class=\"aligncenter size-full wp-image-68145\" src=\"https:\/\/anoticiaonline.com.br\/site\/wp-content\/uploads\/2019\/03\/batucada_1.jpg\" alt=\"\" width=\"800\" height=\"304\" srcset=\"https:\/\/anoticiaonline.com.br\/site\/wp-content\/uploads\/2019\/03\/batucada_1.jpg 800w, https:\/\/anoticiaonline.com.br\/site\/wp-content\/uploads\/2019\/03\/batucada_1-300x114.jpg 300w, https:\/\/anoticiaonline.com.br\/site\/wp-content\/uploads\/2019\/03\/batucada_1-768x292.jpg 768w\" sizes=\"(max-width: 800px) 100vw, 800px\" \/><\/a>O Bloco Batucada vai agitar o carnaval de Mira\u00ed nos dias 1\u00ba e 2 de mar\u00e7o. A festa acontece no Campo do Esporte Clube Mira\u00ed. Na sexta, dia 1\u00ba, os foli\u00f5es se divertem com JonJon o Baile, Marofagy, Batuque de 2 e DJ Rodrigo 2U. J\u00e1 no s\u00e1bado, a festa fica por conta do Grupo Boka Loka, Lance Legal e DJ Cleiton.<!--more--><\/p>\n<p><strong>\u00a0<\/strong><\/p>\n<p><strong>Diogo Nogueira no Colina<\/strong><\/p>\n<p>Cantor, compositor, portelense, bom de bola e bom de samba. \u00c9 surfista, luta jiu-j\u00edtsu, joga futev\u00f4lei e bate-bola com os amigos. Queria ser jogador de futebol, mas uma les\u00e3o no joelho o tirou dos campos e a m\u00fasica popular brasileira ganhou um grande artilheiro.<br \/>\nCom 9 DVDs lan\u00e7ados e um trabalho incr\u00edvel, o sambista Diogo Nogueira chega a Muria\u00e9 para uma noite inesquec\u00edvel. Dia 16 de mar\u00e7o, s\u00e1bado, no Colina Country Club.<\/p>\n<p>&nbsp;<\/p>\n<p><strong>Gusttavo Lima em Muria\u00e9<\/strong><\/p>\n<p>A \u201cavalanche do sertanejo universit\u00e1rio\u201d vai atingir Muria\u00e9 no dia 29 de Mar\u00e7o, no Parque de Exposi\u00e7\u00f5es de Muria\u00e9. Gusttavo Lima, o fen\u00f4meno do sertanejo, dono dos hits mais estourados vai cantar para os muriaeenses e para o p\u00fablico de toda a regi\u00e3o. O evento \u00e9 uma realiza\u00e7\u00e3o da R\u00e1dio 96 FM Muria\u00e9. Confira os pontos de vendas: Chilli Beans, Conserta Smart e Vips Celular no bairro da Barra.<\/p>\n<p>&nbsp;<\/p>\n<p><strong>F\u00e1bio J\u00fanior em Itaperuna<\/strong><\/p>\n<p>A Infinity Hall abre a temporada 2019 com um dos grandes nomes da m\u00fasica &#8211; F\u00e1bio Jr com sua turn\u00ea \u201cO Que Importa \u00e9 a Gente Ser Feliz\u201d, que \u00e9 sucesso absoluto por todo lugar que passa. Um dos grandes destaques desta turn\u00ea \u00e9 o cen\u00e1rio, que \u00e9 revelado atrav\u00e9s da ilumina\u00e7\u00e3o, contando com cortinas, colunas e elementos que valorizam a est\u00e9tica de forma simples e sofisticada, sem a utiliza\u00e7\u00e3o de recursos audiovisuais. Dia 5 de abril, na Infinity Hall, em Itaperuna. BR 356, Km 4.<\/p>\n<p><strong>\u00a0<\/strong><\/p>\n","protected":false},"excerpt":{"rendered":"<p>&nbsp; O Bloco Batucada vai agitar o carnaval de Mira\u00ed nos dias 1\u00ba e 2 de mar\u00e7o. A festa acontece no Campo do Esporte Clube Mira\u00ed. Na sexta, dia 1\u00ba, os foli\u00f5es se divertem com JonJon o Baile, Marofagy, Batuque de 2 e DJ Rodrigo 2U. J\u00e1 no s\u00e1bado, a festa fica por conta do &#8230; <a title=\"Bloco Batucada em Mira\u00ed\" class=\"read-more\" href=\"https:\/\/anoticiaonline.com.br\/site\/bloco-batucada-em-mirai\/\" aria-label=\"Read more about Bloco Batucada em Mira\u00ed\">Ler mais<\/a><\/p>\n","protected":false},"author":2,"featured_media":0,"comment_status":"open","ping_status":"open","sticky":false,"template":"","format":"standard","meta":{"_acf_changed":false,"_monsterinsights_skip_tracking":false,"footnotes":""},"categories":[2891,1],"tags":[],"class_list":["post-68144","post","type-post","status-publish","format-standard","hentry","category-diversao-e-cultura","category-gerais"],"acf":[],"aioseo_notices":[],"aioseo_head":"\n\t\t<!-- All in One SEO 5.0.0.1 - aioseo.com -->\n\t<meta name=\"description\" content=\"O Bloco Batucada vai agitar o carnaval de Mira\u00ed nos dias 1\u00ba e 2 de mar\u00e7o. A festa acontece no Campo do Esporte Clube Mira\u00ed. Na sexta, dia 1\u00ba, os foli\u00f5es se divertem com JonJon o Baile, Marofagy, Batuque de 2 e DJ Rodrigo 2U. J\u00e1 no s\u00e1bado, a festa fica por conta do\" \/>\n\t<meta name=\"robots\" content=\"max-image-preview:large\" \/>\n\t<meta name=\"author\" content=\"Juliana Laviola\"\/>\n\t<link rel=\"canonical\" href=\"https:\/\/anoticiaonline.com.br\/site\/bloco-batucada-em-mirai\/\" \/>\n\t<meta name=\"generator\" content=\"All in One SEO (AIOSEO) 5.0.0.1\" \/>\n\t\t<meta property=\"og:locale\" content=\"pt_BR\" \/>\n\t\t<meta property=\"og:site_name\" content=\"A Not\u00edcia Online - Noticias de Muria\u00e9 e regi\u00e3o\" \/>\n\t\t<meta property=\"og:type\" content=\"article\" \/>\n\t\t<meta property=\"og:title\" content=\"Bloco Batucada em Mira\u00ed - A Not\u00edcia Online\" \/>\n\t\t<meta property=\"og:description\" content=\"O Bloco Batucada vai agitar o carnaval de Mira\u00ed nos dias 1\u00ba e 2 de mar\u00e7o. A festa acontece no Campo do Esporte Clube Mira\u00ed. Na sexta, dia 1\u00ba, os foli\u00f5es se divertem com JonJon o Baile, Marofagy, Batuque de 2 e DJ Rodrigo 2U. J\u00e1 no s\u00e1bado, a festa fica por conta do\" \/>\n\t\t<meta property=\"og:url\" content=\"https:\/\/anoticiaonline.com.br\/site\/bloco-batucada-em-mirai\/\" \/>\n\t\t<meta property=\"og:image\" content=\"https:\/\/scontent-gig4-1.xx.fbcdn.net\/v\/t39.30808-1\/270437624_4564083193639691_6907940295614233970_n.jpg?stp=dst-jpg_s200x200_tt6&#038;_nc_cat=111&#038;ccb=1-7&#038;_nc_sid=f907e8&#038;_nc_ohc=SM1wRlP3lJwQ7kNvwEPuBYA&#038;_nc_oc=AdnqrjDN_BNjSSHWO-GbkIWH6fkGMLw4bqvL_NH6e2wMveX7G-rP2dAqsDSq1mJMOaY&#038;_nc_zt=24&#038;_nc_ht=scontent-gig4-1.xx&#038;_nc_gid=AoBFJeGrT1hVaew_6rchkQ&#038;oh=00_AfX7QmFGhQhG2jAllVgXCiM1ZrWgvtp80-Bfppyexh1QEg&#038;oe=689E923C\" \/>\n\t\t<meta property=\"og:image:secure_url\" content=\"https:\/\/scontent-gig4-1.xx.fbcdn.net\/v\/t39.30808-1\/270437624_4564083193639691_6907940295614233970_n.jpg?stp=dst-jpg_s200x200_tt6&#038;_nc_cat=111&#038;ccb=1-7&#038;_nc_sid=f907e8&#038;_nc_ohc=SM1wRlP3lJwQ7kNvwEPuBYA&#038;_nc_oc=AdnqrjDN_BNjSSHWO-GbkIWH6fkGMLw4bqvL_NH6e2wMveX7G-rP2dAqsDSq1mJMOaY&#038;_nc_zt=24&#038;_nc_ht=scontent-gig4-1.xx&#038;_nc_gid=AoBFJeGrT1hVaew_6rchkQ&#038;oh=00_AfX7QmFGhQhG2jAllVgXCiM1ZrWgvtp80-Bfppyexh1QEg&#038;oe=689E923C\" \/>\n\t\t<meta property=\"article:published_time\" content=\"2019-03-01T17:46:37+00:00\" \/>\n\t\t<meta property=\"article:modified_time\" content=\"2019-03-20T17:50:45+00:00\" \/>\n\t\t<meta name=\"twitter:card\" content=\"summary_large_image\" \/>\n\t\t<meta name=\"twitter:title\" content=\"Bloco Batucada em Mira\u00ed - A Not\u00edcia Online\" \/>\n\t\t<meta name=\"twitter:description\" content=\"O Bloco Batucada vai agitar o carnaval de Mira\u00ed nos dias 1\u00ba e 2 de mar\u00e7o. A festa acontece no Campo do Esporte Clube Mira\u00ed. Na sexta, dia 1\u00ba, os foli\u00f5es se divertem com JonJon o Baile, Marofagy, Batuque de 2 e DJ Rodrigo 2U. J\u00e1 no s\u00e1bado, a festa fica por conta do\" \/>\n\t\t<meta name=\"twitter:image\" content=\"https:\/\/scontent-gig4-1.xx.fbcdn.net\/v\/t39.30808-1\/270437624_4564083193639691_6907940295614233970_n.jpg?stp=dst-jpg_s200x200_tt6&amp;_nc_cat=111&amp;ccb=1-7&amp;_nc_sid=f907e8&amp;_nc_ohc=SM1wRlP3lJwQ7kNvwEPuBYA&amp;_nc_oc=AdnqrjDN_BNjSSHWO-GbkIWH6fkGMLw4bqvL_NH6e2wMveX7G-rP2dAqsDSq1mJMOaY&amp;_nc_zt=24&amp;_nc_ht=scontent-gig4-1.xx&amp;_nc_gid=AoBFJeGrT1hVaew_6rchkQ&amp;oh=00_AfX7QmFGhQhG2jAllVgXCiM1ZrWgvtp80-Bfppyexh1QEg&amp;oe=689E923C\" \/>\n\t\t<script type=\"application\/ld+json\" class=\"aioseo-schema\">\n\t\t\t{\"@context\":\"https:\\\/\\\/schema.org\",\"@graph\":[{\"@type\":\"BlogPosting\",\"@id\":\"https:\\\/\\\/anoticiaonline.com.br\\\/site\\\/bloco-batucada-em-mirai\\\/#blogposting\",\"name\":\"Bloco Batucada em Mira\\u00ed - A Not\\u00edcia Online\",\"headline\":\"Bloco Batucada em Mira\\u00ed\",\"author\":{\"@id\":\"https:\\\/\\\/anoticiaonline.com.br\\\/site\\\/author\\\/juliana\\\/#author\"},\"publisher\":{\"@id\":\"https:\\\/\\\/anoticiaonline.com.br\\\/site\\\/#organization\"},\"image\":{\"@type\":\"ImageObject\",\"url\":\"https:\\\/\\\/anoticiaonline.com.br\\\/site\\\/wp-content\\\/uploads\\\/2019\\\/03\\\/batucada_1.jpg\",\"@id\":\"https:\\\/\\\/anoticiaonline.com.br\\\/site\\\/bloco-batucada-em-mirai\\\/#articleImage\",\"width\":800,\"height\":304},\"datePublished\":\"2019-03-01T14:46:37-03:00\",\"dateModified\":\"2019-03-20T14:50:45-03:00\",\"inLanguage\":\"pt-BR\",\"mainEntityOfPage\":{\"@id\":\"https:\\\/\\\/anoticiaonline.com.br\\\/site\\\/bloco-batucada-em-mirai\\\/#webpage\"},\"isPartOf\":{\"@id\":\"https:\\\/\\\/anoticiaonline.com.br\\\/site\\\/bloco-batucada-em-mirai\\\/#webpage\"},\"articleSection\":\"Divers\\u00e3o e Cultura, Gerais\"},{\"@type\":\"BreadcrumbList\",\"@id\":\"https:\\\/\\\/anoticiaonline.com.br\\\/site\\\/bloco-batucada-em-mirai\\\/#breadcrumblist\",\"itemListElement\":[{\"@type\":\"ListItem\",\"@id\":\"https:\\\/\\\/anoticiaonline.com.br\\\/site#listItem\",\"position\":1,\"name\":\"Home\",\"item\":\"https:\\\/\\\/anoticiaonline.com.br\\\/site\",\"nextItem\":{\"@type\":\"ListItem\",\"@id\":\"https:\\\/\\\/anoticiaonline.com.br\\\/site\\\/categoria\\\/colunistas\\\/#listItem\",\"name\":\"Colunistas\"}},{\"@type\":\"ListItem\",\"@id\":\"https:\\\/\\\/anoticiaonline.com.br\\\/site\\\/categoria\\\/colunistas\\\/#listItem\",\"position\":2,\"name\":\"Colunistas\",\"item\":\"https:\\\/\\\/anoticiaonline.com.br\\\/site\\\/categoria\\\/colunistas\\\/\",\"nextItem\":{\"@type\":\"ListItem\",\"@id\":\"https:\\\/\\\/anoticiaonline.com.br\\\/site\\\/categoria\\\/colunistas\\\/diversao-e-cultura\\\/#listItem\",\"name\":\"Divers\\u00e3o e Cultura\"},\"previousItem\":{\"@type\":\"ListItem\",\"@id\":\"https:\\\/\\\/anoticiaonline.com.br\\\/site#listItem\",\"name\":\"Home\"}},{\"@type\":\"ListItem\",\"@id\":\"https:\\\/\\\/anoticiaonline.com.br\\\/site\\\/categoria\\\/colunistas\\\/diversao-e-cultura\\\/#listItem\",\"position\":3,\"name\":\"Divers\\u00e3o e Cultura\",\"item\":\"https:\\\/\\\/anoticiaonline.com.br\\\/site\\\/categoria\\\/colunistas\\\/diversao-e-cultura\\\/\",\"nextItem\":{\"@type\":\"ListItem\",\"@id\":\"https:\\\/\\\/anoticiaonline.com.br\\\/site\\\/bloco-batucada-em-mirai\\\/#listItem\",\"name\":\"Bloco Batucada em Mira\\u00ed\"},\"previousItem\":{\"@type\":\"ListItem\",\"@id\":\"https:\\\/\\\/anoticiaonline.com.br\\\/site\\\/categoria\\\/colunistas\\\/#listItem\",\"name\":\"Colunistas\"}},{\"@type\":\"ListItem\",\"@id\":\"https:\\\/\\\/anoticiaonline.com.br\\\/site\\\/bloco-batucada-em-mirai\\\/#listItem\",\"position\":4,\"name\":\"Bloco Batucada em Mira\\u00ed\",\"previousItem\":{\"@type\":\"ListItem\",\"@id\":\"https:\\\/\\\/anoticiaonline.com.br\\\/site\\\/categoria\\\/colunistas\\\/diversao-e-cultura\\\/#listItem\",\"name\":\"Divers\\u00e3o e Cultura\"}}]},{\"@type\":\"Organization\",\"@id\":\"https:\\\/\\\/anoticiaonline.com.br\\\/site\\\/#organization\",\"name\":\"A Not\\u00edcia Online\",\"description\":\"Noticias de Muria\\u00e9 e regi\\u00e3o\",\"url\":\"https:\\\/\\\/anoticiaonline.com.br\\\/site\\\/\",\"logo\":{\"@type\":\"ImageObject\",\"url\":\"https:\\\/\\\/scontent-gig4-1.xx.fbcdn.net\\\/v\\\/t39.30808-1\\\/270437624_4564083193639691_6907940295614233970_n.jpg?stp=dst-jpg_s200x200_tt6&_nc_cat=111&ccb=1-7&_nc_sid=f907e8&_nc_ohc=SM1wRlP3lJwQ7kNvwEPuBYA&_nc_oc=AdnqrjDN_BNjSSHWO-GbkIWH6fkGMLw4bqvL_NH6e2wMveX7G-rP2dAqsDSq1mJMOaY&_nc_zt=24&_nc_ht=scontent-gig4-1.xx&_nc_gid=AoBFJeGrT1hVaew_6rchkQ&oh=00_AfX7QmFGhQhG2jAllVgXCiM1ZrWgvtp80-Bfppyexh1QEg&oe=689E923C\",\"@id\":\"https:\\\/\\\/anoticiaonline.com.br\\\/site\\\/bloco-batucada-em-mirai\\\/#organizationLogo\"},\"image\":{\"@id\":\"https:\\\/\\\/anoticiaonline.com.br\\\/site\\\/bloco-batucada-em-mirai\\\/#organizationLogo\"}},{\"@type\":\"Person\",\"@id\":\"https:\\\/\\\/anoticiaonline.com.br\\\/site\\\/author\\\/juliana\\\/#author\",\"url\":\"https:\\\/\\\/anoticiaonline.com.br\\\/site\\\/author\\\/juliana\\\/\",\"name\":\"Juliana Laviola\",\"image\":{\"@type\":\"ImageObject\",\"@id\":\"https:\\\/\\\/anoticiaonline.com.br\\\/site\\\/bloco-batucada-em-mirai\\\/#authorImage\",\"url\":\"https:\\\/\\\/secure.gravatar.com\\\/avatar\\\/b8d45f5c699b100dfaf0e543582f38f38bf94cb7ae3a5e9abf8d891a34773335?s=96&d=mm&r=g\",\"width\":96,\"height\":96,\"caption\":\"Juliana Laviola\"}},{\"@type\":\"WebPage\",\"@id\":\"https:\\\/\\\/anoticiaonline.com.br\\\/site\\\/bloco-batucada-em-mirai\\\/#webpage\",\"url\":\"https:\\\/\\\/anoticiaonline.com.br\\\/site\\\/bloco-batucada-em-mirai\\\/\",\"name\":\"Bloco Batucada em Mira\\u00ed - A Not\\u00edcia Online\",\"description\":\"O Bloco Batucada vai agitar o carnaval de Mira\\u00ed nos dias 1\\u00ba e 2 de mar\\u00e7o. A festa acontece no Campo do Esporte Clube Mira\\u00ed. Na sexta, dia 1\\u00ba, os foli\\u00f5es se divertem com JonJon o Baile, Marofagy, Batuque de 2 e DJ Rodrigo 2U. J\\u00e1 no s\\u00e1bado, a festa fica por conta do\",\"inLanguage\":\"pt-BR\",\"isPartOf\":{\"@id\":\"https:\\\/\\\/anoticiaonline.com.br\\\/site\\\/#website\"},\"breadcrumb\":{\"@id\":\"https:\\\/\\\/anoticiaonline.com.br\\\/site\\\/bloco-batucada-em-mirai\\\/#breadcrumblist\"},\"author\":{\"@id\":\"https:\\\/\\\/anoticiaonline.com.br\\\/site\\\/author\\\/juliana\\\/#author\"},\"creator\":{\"@id\":\"https:\\\/\\\/anoticiaonline.com.br\\\/site\\\/author\\\/juliana\\\/#author\"},\"datePublished\":\"2019-03-01T14:46:37-03:00\",\"dateModified\":\"2019-03-20T14:50:45-03:00\"},{\"@type\":\"WebSite\",\"@id\":\"https:\\\/\\\/anoticiaonline.com.br\\\/site\\\/#website\",\"url\":\"https:\\\/\\\/anoticiaonline.com.br\\\/site\\\/\",\"name\":\"A Not\\u00edcia Online\",\"description\":\"Noticias de Muria\\u00e9 e regi\\u00e3o\",\"inLanguage\":\"pt-BR\",\"publisher\":{\"@id\":\"https:\\\/\\\/anoticiaonline.com.br\\\/site\\\/#organization\"}}]}\n\t\t<\/script>\n\t\t<!-- All in One SEO -->\n\n","aioseo_head_json":{"title":"Bloco Batucada em Mira\u00ed - A Not\u00edcia Online","description":"O Bloco Batucada vai agitar o carnaval de Mira\u00ed nos dias 1\u00ba e 2 de mar\u00e7o. A festa acontece no Campo do Esporte Clube Mira\u00ed. Na sexta, dia 1\u00ba, os foli\u00f5es se divertem com JonJon o Baile, Marofagy, Batuque de 2 e DJ Rodrigo 2U. J\u00e1 no s\u00e1bado, a festa fica por conta do","canonical_url":"https:\/\/anoticiaonline.com.br\/site\/bloco-batucada-em-mirai\/","robots":"max-image-preview:large","keywords":"","webmasterTools":{"miscellaneous":""},"schema":{"@context":"https:\/\/schema.org","@graph":[{"@type":"BlogPosting","@id":"https:\/\/anoticiaonline.com.br\/site\/bloco-batucada-em-mirai\/#blogposting","name":"Bloco Batucada em Mira\u00ed - A Not\u00edcia Online","headline":"Bloco Batucada em Mira\u00ed","author":{"@id":"https:\/\/anoticiaonline.com.br\/site\/author\/juliana\/#author"},"publisher":{"@id":"https:\/\/anoticiaonline.com.br\/site\/#organization"},"image":{"@type":"ImageObject","url":"https:\/\/anoticiaonline.com.br\/site\/wp-content\/uploads\/2019\/03\/batucada_1.jpg","@id":"https:\/\/anoticiaonline.com.br\/site\/bloco-batucada-em-mirai\/#articleImage","width":800,"height":304},"datePublished":"2019-03-01T14:46:37-03:00","dateModified":"2019-03-20T14:50:45-03:00","inLanguage":"pt-BR","mainEntityOfPage":{"@id":"https:\/\/anoticiaonline.com.br\/site\/bloco-batucada-em-mirai\/#webpage"},"isPartOf":{"@id":"https:\/\/anoticiaonline.com.br\/site\/bloco-batucada-em-mirai\/#webpage"},"articleSection":"Divers\u00e3o e Cultura, Gerais"},{"@type":"BreadcrumbList","@id":"https:\/\/anoticiaonline.com.br\/site\/bloco-batucada-em-mirai\/#breadcrumblist","itemListElement":[{"@type":"ListItem","@id":"https:\/\/anoticiaonline.com.br\/site#listItem","position":1,"name":"Home","item":"https:\/\/anoticiaonline.com.br\/site","nextItem":{"@type":"ListItem","@id":"https:\/\/anoticiaonline.com.br\/site\/categoria\/colunistas\/#listItem","name":"Colunistas"}},{"@type":"ListItem","@id":"https:\/\/anoticiaonline.com.br\/site\/categoria\/colunistas\/#listItem","position":2,"name":"Colunistas","item":"https:\/\/anoticiaonline.com.br\/site\/categoria\/colunistas\/","nextItem":{"@type":"ListItem","@id":"https:\/\/anoticiaonline.com.br\/site\/categoria\/colunistas\/diversao-e-cultura\/#listItem","name":"Divers\u00e3o e Cultura"},"previousItem":{"@type":"ListItem","@id":"https:\/\/anoticiaonline.com.br\/site#listItem","name":"Home"}},{"@type":"ListItem","@id":"https:\/\/anoticiaonline.com.br\/site\/categoria\/colunistas\/diversao-e-cultura\/#listItem","position":3,"name":"Divers\u00e3o e Cultura","item":"https:\/\/anoticiaonline.com.br\/site\/categoria\/colunistas\/diversao-e-cultura\/","nextItem":{"@type":"ListItem","@id":"https:\/\/anoticiaonline.com.br\/site\/bloco-batucada-em-mirai\/#listItem","name":"Bloco Batucada em Mira\u00ed"},"previousItem":{"@type":"ListItem","@id":"https:\/\/anoticiaonline.com.br\/site\/categoria\/colunistas\/#listItem","name":"Colunistas"}},{"@type":"ListItem","@id":"https:\/\/anoticiaonline.com.br\/site\/bloco-batucada-em-mirai\/#listItem","position":4,"name":"Bloco Batucada em Mira\u00ed","previousItem":{"@type":"ListItem","@id":"https:\/\/anoticiaonline.com.br\/site\/categoria\/colunistas\/diversao-e-cultura\/#listItem","name":"Divers\u00e3o e Cultura"}}]},{"@type":"Organization","@id":"https:\/\/anoticiaonline.com.br\/site\/#organization","name":"A Not\u00edcia Online","description":"Noticias de Muria\u00e9 e regi\u00e3o","url":"https:\/\/anoticiaonline.com.br\/site\/","logo":{"@type":"ImageObject","url":"https:\/\/scontent-gig4-1.xx.fbcdn.net\/v\/t39.30808-1\/270437624_4564083193639691_6907940295614233970_n.jpg?stp=dst-jpg_s200x200_tt6&_nc_cat=111&ccb=1-7&_nc_sid=f907e8&_nc_ohc=SM1wRlP3lJwQ7kNvwEPuBYA&_nc_oc=AdnqrjDN_BNjSSHWO-GbkIWH6fkGMLw4bqvL_NH6e2wMveX7G-rP2dAqsDSq1mJMOaY&_nc_zt=24&_nc_ht=scontent-gig4-1.xx&_nc_gid=AoBFJeGrT1hVaew_6rchkQ&oh=00_AfX7QmFGhQhG2jAllVgXCiM1ZrWgvtp80-Bfppyexh1QEg&oe=689E923C","@id":"https:\/\/anoticiaonline.com.br\/site\/bloco-batucada-em-mirai\/#organizationLogo"},"image":{"@id":"https:\/\/anoticiaonline.com.br\/site\/bloco-batucada-em-mirai\/#organizationLogo"}},{"@type":"Person","@id":"https:\/\/anoticiaonline.com.br\/site\/author\/juliana\/#author","url":"https:\/\/anoticiaonline.com.br\/site\/author\/juliana\/","name":"Juliana Laviola","image":{"@type":"ImageObject","@id":"https:\/\/anoticiaonline.com.br\/site\/bloco-batucada-em-mirai\/#authorImage","url":"https:\/\/secure.gravatar.com\/avatar\/b8d45f5c699b100dfaf0e543582f38f38bf94cb7ae3a5e9abf8d891a34773335?s=96&d=mm&r=g","width":96,"height":96,"caption":"Juliana Laviola"}},{"@type":"WebPage","@id":"https:\/\/anoticiaonline.com.br\/site\/bloco-batucada-em-mirai\/#webpage","url":"https:\/\/anoticiaonline.com.br\/site\/bloco-batucada-em-mirai\/","name":"Bloco Batucada em Mira\u00ed - A Not\u00edcia Online","description":"O Bloco Batucada vai agitar o carnaval de Mira\u00ed nos dias 1\u00ba e 2 de mar\u00e7o. A festa acontece no Campo do Esporte Clube Mira\u00ed. Na sexta, dia 1\u00ba, os foli\u00f5es se divertem com JonJon o Baile, Marofagy, Batuque de 2 e DJ Rodrigo 2U. J\u00e1 no s\u00e1bado, a festa fica por conta do","inLanguage":"pt-BR","isPartOf":{"@id":"https:\/\/anoticiaonline.com.br\/site\/#website"},"breadcrumb":{"@id":"https:\/\/anoticiaonline.com.br\/site\/bloco-batucada-em-mirai\/#breadcrumblist"},"author":{"@id":"https:\/\/anoticiaonline.com.br\/site\/author\/juliana\/#author"},"creator":{"@id":"https:\/\/anoticiaonline.com.br\/site\/author\/juliana\/#author"},"datePublished":"2019-03-01T14:46:37-03:00","dateModified":"2019-03-20T14:50:45-03:00"},{"@type":"WebSite","@id":"https:\/\/anoticiaonline.com.br\/site\/#website","url":"https:\/\/anoticiaonline.com.br\/site\/","name":"A Not\u00edcia Online","description":"Noticias de Muria\u00e9 e regi\u00e3o","inLanguage":"pt-BR","publisher":{"@id":"https:\/\/anoticiaonline.com.br\/site\/#organization"}}]},"og:locale":"pt_BR","og:site_name":"A Not\u00edcia Online - Noticias de Muria\u00e9 e regi\u00e3o","og:type":"article","og:title":"Bloco Batucada em Mira\u00ed - A Not\u00edcia Online","og:description":"O Bloco Batucada vai agitar o carnaval de Mira\u00ed nos dias 1\u00ba e 2 de mar\u00e7o. A festa acontece no Campo do Esporte Clube Mira\u00ed. Na sexta, dia 1\u00ba, os foli\u00f5es se divertem com JonJon o Baile, Marofagy, Batuque de 2 e DJ Rodrigo 2U. J\u00e1 no s\u00e1bado, a festa fica por conta do","og:url":"https:\/\/anoticiaonline.com.br\/site\/bloco-batucada-em-mirai\/","og:image":"https:\/\/scontent-gig4-1.xx.fbcdn.net\/v\/t39.30808-1\/270437624_4564083193639691_6907940295614233970_n.jpg?stp=dst-jpg_s200x200_tt6&#038;_nc_cat=111&#038;ccb=1-7&#038;_nc_sid=f907e8&#038;_nc_ohc=SM1wRlP3lJwQ7kNvwEPuBYA&#038;_nc_oc=AdnqrjDN_BNjSSHWO-GbkIWH6fkGMLw4bqvL_NH6e2wMveX7G-rP2dAqsDSq1mJMOaY&#038;_nc_zt=24&#038;_nc_ht=scontent-gig4-1.xx&#038;_nc_gid=AoBFJeGrT1hVaew_6rchkQ&#038;oh=00_AfX7QmFGhQhG2jAllVgXCiM1ZrWgvtp80-Bfppyexh1QEg&#038;oe=689E923C","og:image:secure_url":"https:\/\/scontent-gig4-1.xx.fbcdn.net\/v\/t39.30808-1\/270437624_4564083193639691_6907940295614233970_n.jpg?stp=dst-jpg_s200x200_tt6&#038;_nc_cat=111&#038;ccb=1-7&#038;_nc_sid=f907e8&#038;_nc_ohc=SM1wRlP3lJwQ7kNvwEPuBYA&#038;_nc_oc=AdnqrjDN_BNjSSHWO-GbkIWH6fkGMLw4bqvL_NH6e2wMveX7G-rP2dAqsDSq1mJMOaY&#038;_nc_zt=24&#038;_nc_ht=scontent-gig4-1.xx&#038;_nc_gid=AoBFJeGrT1hVaew_6rchkQ&#038;oh=00_AfX7QmFGhQhG2jAllVgXCiM1ZrWgvtp80-Bfppyexh1QEg&#038;oe=689E923C","article:published_time":"2019-03-01T17:46:37+00:00","article:modified_time":"2019-03-20T17:50:45+00:00","twitter:card":"summary_large_image","twitter:title":"Bloco Batucada em Mira\u00ed - A Not\u00edcia Online","twitter:description":"O Bloco Batucada vai agitar o carnaval de Mira\u00ed nos dias 1\u00ba e 2 de mar\u00e7o. A festa acontece no Campo do Esporte Clube Mira\u00ed. Na sexta, dia 1\u00ba, os foli\u00f5es se divertem com JonJon o Baile, Marofagy, Batuque de 2 e DJ Rodrigo 2U. J\u00e1 no s\u00e1bado, a festa fica por conta do","twitter:image":"https:\/\/scontent-gig4-1.xx.fbcdn.net\/v\/t39.30808-1\/270437624_4564083193639691_6907940295614233970_n.jpg?stp=dst-jpg_s200x200_tt6&_nc_cat=111&ccb=1-7&_nc_sid=f907e8&_nc_ohc=SM1wRlP3lJwQ7kNvwEPuBYA&_nc_oc=AdnqrjDN_BNjSSHWO-GbkIWH6fkGMLw4bqvL_NH6e2wMveX7G-rP2dAqsDSq1mJMOaY&_nc_zt=24&_nc_ht=scontent-gig4-1.xx&_nc_gid=AoBFJeGrT1hVaew_6rchkQ&oh=00_AfX7QmFGhQhG2jAllVgXCiM1ZrWgvtp80-Bfppyexh1QEg&oe=689E923C"},"aioseo_meta_data":{"post_id":"68144","title":null,"description":null,"keywords":null,"keyphrases":null,"primary_term":null,"canonical_url":null,"og_title":null,"og_description":null,"og_object_type":"default","og_image_type":"default","og_image_url":null,"og_image_width":null,"og_image_height":null,"og_image_custom_url":null,"og_image_custom_fields":null,"og_video":null,"og_custom_url":null,"og_article_section":null,"og_article_tags":null,"twitter_use_og":false,"twitter_card":"default","twitter_image_type":"default","twitter_image_url":null,"twitter_image_custom_url":null,"twitter_image_custom_fields":null,"twitter_title":null,"twitter_description":null,"schema":{"blockGraphs":[],"customGraphs":[],"default":{"data":{"Article":[],"Course":[],"Dataset":[],"FAQPage":[],"Movie":[],"Person":[],"Product":[],"ProductReview":[],"Car":[],"Recipe":[],"Service":[],"SoftwareApplication":[],"WebPage":[]},"graphName":"","isEnabled":true},"graphs":[]},"schema_type":"default","schema_type_options":null,"pillar_content":false,"robots_default":true,"robots_noindex":false,"robots_noarchive":false,"robots_nosnippet":false,"robots_nofollow":false,"robots_noimageindex":false,"robots_noodp":false,"robots_notranslate":false,"robots_max_snippet":null,"robots_max_videopreview":null,"robots_max_imagepreview":"large","priority":null,"frequency":null,"local_seo":null,"breadcrumb_settings":null,"limit_modified_date":false,"ai":null,"created":"2025-08-16 22:59:31","updated":"2025-08-16 22:59:31","focus_keyword":null,"additional_keywords":null,"truseo_locale":null,"seo_analyzer_scan_date":null},"aioseo_breadcrumb":"<div class=\"aioseo-breadcrumbs\"><span class=\"aioseo-breadcrumb\">\n\t\t\t<a href=\"https:\/\/anoticiaonline.com.br\/site\" title=\"Home\">Home<\/a>\n\t\t<\/span><span class=\"aioseo-breadcrumb-separator\">&raquo;<\/span><span class=\"aioseo-breadcrumb\">\n\t\t\t<a href=\"https:\/\/anoticiaonline.com.br\/site\/categoria\/colunistas\/\" title=\"Colunistas\">Colunistas<\/a>\n\t\t<\/span><span class=\"aioseo-breadcrumb-separator\">&raquo;<\/span><span class=\"aioseo-breadcrumb\">\n\t\t\t<a href=\"https:\/\/anoticiaonline.com.br\/site\/categoria\/colunistas\/diversao-e-cultura\/\" title=\"Divers\u00e3o e Cultura\">Divers\u00e3o e Cultura<\/a>\n\t\t<\/span><span class=\"aioseo-breadcrumb-separator\">&raquo;<\/span><span class=\"aioseo-breadcrumb\">\n\t\t\tBloco Batucada em Mira\u00ed\n\t\t<\/span><\/div>","aioseo_breadcrumb_json":[{"label":"Home","link":"https:\/\/anoticiaonline.com.br\/site"},{"label":"Colunistas","link":"https:\/\/anoticiaonline.com.br\/site\/categoria\/colunistas\/"},{"label":"Divers\u00e3o e Cultura","link":"https:\/\/anoticiaonline.com.br\/site\/categoria\/colunistas\/diversao-e-cultura\/"},{"label":"Bloco Batucada em Mira\u00ed","link":"https:\/\/anoticiaonline.com.br\/site\/bloco-batucada-em-mirai\/"}],"views":141,"_links":{"self":[{"href":"https:\/\/anoticiaonline.com.br\/site\/wp-json\/wp\/v2\/posts\/68144","targetHints":{"allow":["GET"]}}],"collection":[{"href":"https:\/\/anoticiaonline.com.br\/site\/wp-json\/wp\/v2\/posts"}],"about":[{"href":"https:\/\/anoticiaonline.com.br\/site\/wp-json\/wp\/v2\/types\/post"}],"author":[{"embeddable":true,"href":"https:\/\/anoticiaonline.com.br\/site\/wp-json\/wp\/v2\/users\/2"}],"replies":[{"embeddable":true,"href":"https:\/\/anoticiaonline.com.br\/site\/wp-json\/wp\/v2\/comments?post=68144"}],"version-history":[{"count":0,"href":"https:\/\/anoticiaonline.com.br\/site\/wp-json\/wp\/v2\/posts\/68144\/revisions"}],"wp:attachment":[{"href":"https:\/\/anoticiaonline.com.br\/site\/wp-json\/wp\/v2\/media?parent=68144"}],"wp:term":[{"taxonomy":"category","embeddable":true,"href":"https:\/\/anoticiaonline.com.br\/site\/wp-json\/wp\/v2\/categories?post=68144"},{"taxonomy":"post_tag","embeddable":true,"href":"https:\/\/anoticiaonline.com.br\/site\/wp-json\/wp\/v2\/tags?post=68144"}],"curies":[{"name":"wp","href":"https:\/\/api.w.org\/{rel}","templated":true}]}}