{"id":68116,"date":"2018-12-14T14:23:02","date_gmt":"2018-12-14T17:23:02","guid":{"rendered":"http:\/\/anoticiaonline.com.br\/site\/?p=68116"},"modified":"2019-03-20T14:24:22","modified_gmt":"2019-03-20T17:24:22","slug":"praca-das-artes-de-fim-de-ano-movimenta-a-cidade","status":"publish","type":"post","link":"https:\/\/anoticiaonline.com.br\/site\/praca-das-artes-de-fim-de-ano-movimenta-a-cidade\/","title":{"rendered":"Pra\u00e7a das Artes de Fim de Ano movimenta a cidade"},"content":{"rendered":"<p><a href=\"https:\/\/anoticiaonline.com.br\/site\/wp-content\/uploads\/2019\/03\/48357829_1992185010866346_2426953081141854208_n.jpg\"><img fetchpriority=\"high\" decoding=\"async\" class=\"aligncenter size-full wp-image-68117\" src=\"https:\/\/anoticiaonline.com.br\/site\/wp-content\/uploads\/2019\/03\/48357829_1992185010866346_2426953081141854208_n.jpg\" alt=\"\" width=\"600\" height=\"600\" srcset=\"https:\/\/anoticiaonline.com.br\/site\/wp-content\/uploads\/2019\/03\/48357829_1992185010866346_2426953081141854208_n.jpg 600w, https:\/\/anoticiaonline.com.br\/site\/wp-content\/uploads\/2019\/03\/48357829_1992185010866346_2426953081141854208_n-150x150.jpg 150w, https:\/\/anoticiaonline.com.br\/site\/wp-content\/uploads\/2019\/03\/48357829_1992185010866346_2426953081141854208_n-300x300.jpg 300w\" sizes=\"(max-width: 600px) 100vw, 600px\" \/><\/a>Neste s\u00e1bado (15), a Pra\u00e7a Coronel Pacheco de Medeiros (Pracinha da Prefeitura) recebe o Pra\u00e7a das Artes de Fim de Ano com barracas de artesanato, doces, beer truck e food bike, das 10h \u00e0s 16h. O pr\u00f3ximo Pra\u00e7a das Artes de Fim de Ano acontecer\u00e1 na Pra\u00e7a Jo\u00e3o Pinheiro, no dia 22 de dezembro. N\u00e3o perca!<\/p>\n<p><!--more--><\/p>\n<p>&nbsp;<\/p>\n<p><strong>Saiba o que vai rolar por a\u00ed&#8230; <\/strong><\/p>\n<p><strong>\u00a0<\/strong><\/p>\n<p><strong>GRUPO FAZ DE CONTA SE APRESENTA NA FOUR<\/strong><\/p>\n<p>Em nova fase, o Grupo Faz de Conta se apresenta no domingo (16), na Four Disco, a partir das 19h. A noite tamb\u00e9m \u00e9 embalada pelo som do VJ TNK e do residente Bruno Bidu. N\u00e3o perca!<\/p>\n<p><strong>\u00a0<\/strong><\/p>\n<p><strong>MATHEUS E KAUAN<\/strong><\/p>\n<p>A dupla Matheus e Kauan promete agitar o Festival de Ver\u00e3o que acontecer\u00e1 no dia 22 dezembro (s\u00e1bado), no Parque de Exposi\u00e7\u00f5es Lael Varella, a partir das 22h. Mais informa\u00e7\u00f5es em breve!<\/p>\n<p>&nbsp;<\/p>\n<p><strong>R\u00c9VEILLON COLINA<\/strong><\/p>\n<p>O Colina Country Club preparou o melhor R\u00e9veillon para voc\u00ea come\u00e7ar o ano de 2019 com muita energia, alto astral, ao lado de seus amigos e familiares. Sexta, 31 de dezembro, a partir das 22h. Shows com Rick Duarte, J\u00fanior &amp; Gustavo e DJ Jean Blance. Informa\u00e7\u00f5es: secretaria do clube ou pelo telefone (32) 3721-1180. Evento <em>all inclusive<\/em>. N\u00e3o perca!<\/p>\n<p>&nbsp;<\/p>\n<p><strong>R\u00c9VEILLON 2019 NA AABB<\/strong><\/p>\n<p>Sexta, 31 de dezembro, R\u00e9veillon 2019 \u00e9 na AABB Muria\u00e9. Shows com Marofagy, Banda Zem e DJ convidado. Servi\u00e7o de <em>baby sitter<\/em>. Evento <em>all inclusive<\/em>. Reservas: (32) 3721-7562 e (32) 99197-1111.<\/p>\n<p>&nbsp;<\/p>\n<p><strong>R\u00c9VEILLON 2019 NO CARNE &amp; CIA DO VALE<\/strong><\/p>\n<p>Comemore a chegada de 2019 em grande estilo no Carne &amp; Cia do Vale. Ser\u00e1 uma festa linda com Evandro Vasques tocando e animando a noite! Reserve sua mesa e chame a galera pra a melhor festa de R\u00e9veillon de Muria\u00e9! As reservas pelo Whatsapp: (32) 99932-2050.<\/p>\n<p>&nbsp;<\/p>\n","protected":false},"excerpt":{"rendered":"<p>Neste s\u00e1bado (15), a Pra\u00e7a Coronel Pacheco de Medeiros (Pracinha da Prefeitura) recebe o Pra\u00e7a das Artes de Fim de Ano com barracas de artesanato, doces, beer truck e food bike, das 10h \u00e0s 16h. O pr\u00f3ximo Pra\u00e7a das Artes de Fim de Ano acontecer\u00e1 na Pra\u00e7a Jo\u00e3o Pinheiro, no dia 22 de dezembro. N\u00e3o &#8230; <a title=\"Pra\u00e7a das Artes de Fim de Ano movimenta a cidade\" class=\"read-more\" href=\"https:\/\/anoticiaonline.com.br\/site\/praca-das-artes-de-fim-de-ano-movimenta-a-cidade\/\" aria-label=\"Read more about Pra\u00e7a das Artes de Fim de Ano movimenta a cidade\">Ler mais<\/a><\/p>\n","protected":false},"author":2,"featured_media":0,"comment_status":"open","ping_status":"open","sticky":false,"template":"","format":"standard","meta":{"_acf_changed":false,"_monsterinsights_skip_tracking":false,"footnotes":""},"categories":[2891],"tags":[],"class_list":["post-68116","post","type-post","status-publish","format-standard","hentry","category-diversao-e-cultura"],"acf":[],"aioseo_notices":[],"aioseo_head":"\n\t\t<!-- All in One SEO 5.0.0.1 - aioseo.com -->\n\t<meta name=\"description\" content=\"Neste s\u00e1bado (15), a Pra\u00e7a Coronel Pacheco de Medeiros (Pracinha da Prefeitura) recebe o Pra\u00e7a das Artes de Fim de Ano com barracas de artesanato, doces, beer truck e food bike, das 10h \u00e0s 16h. O pr\u00f3ximo Pra\u00e7a das Artes de Fim de Ano acontecer\u00e1 na Pra\u00e7a Jo\u00e3o Pinheiro, no dia 22 de dezembro. N\u00e3o\" \/>\n\t<meta name=\"robots\" content=\"max-image-preview:large\" \/>\n\t<meta name=\"author\" content=\"Juliana Laviola\"\/>\n\t<link rel=\"canonical\" href=\"https:\/\/anoticiaonline.com.br\/site\/praca-das-artes-de-fim-de-ano-movimenta-a-cidade\/\" \/>\n\t<meta name=\"generator\" content=\"All in One SEO (AIOSEO) 5.0.0.1\" \/>\n\t\t<meta property=\"og:locale\" content=\"pt_BR\" \/>\n\t\t<meta property=\"og:site_name\" content=\"A Not\u00edcia Online - Noticias de Muria\u00e9 e regi\u00e3o\" \/>\n\t\t<meta property=\"og:type\" content=\"article\" \/>\n\t\t<meta property=\"og:title\" content=\"Pra\u00e7a das Artes de Fim de Ano movimenta a cidade - A Not\u00edcia Online\" \/>\n\t\t<meta property=\"og:description\" content=\"Neste s\u00e1bado (15), a Pra\u00e7a Coronel Pacheco de Medeiros (Pracinha da Prefeitura) recebe o Pra\u00e7a das Artes de Fim de Ano com barracas de artesanato, doces, beer truck e food bike, das 10h \u00e0s 16h. O pr\u00f3ximo Pra\u00e7a das Artes de Fim de Ano acontecer\u00e1 na Pra\u00e7a Jo\u00e3o Pinheiro, no dia 22 de dezembro. N\u00e3o\" \/>\n\t\t<meta property=\"og:url\" content=\"https:\/\/anoticiaonline.com.br\/site\/praca-das-artes-de-fim-de-ano-movimenta-a-cidade\/\" \/>\n\t\t<meta property=\"og:image\" content=\"https:\/\/scontent-gig4-1.xx.fbcdn.net\/v\/t39.30808-1\/270437624_4564083193639691_6907940295614233970_n.jpg?stp=dst-jpg_s200x200_tt6&#038;_nc_cat=111&#038;ccb=1-7&#038;_nc_sid=f907e8&#038;_nc_ohc=SM1wRlP3lJwQ7kNvwEPuBYA&#038;_nc_oc=AdnqrjDN_BNjSSHWO-GbkIWH6fkGMLw4bqvL_NH6e2wMveX7G-rP2dAqsDSq1mJMOaY&#038;_nc_zt=24&#038;_nc_ht=scontent-gig4-1.xx&#038;_nc_gid=AoBFJeGrT1hVaew_6rchkQ&#038;oh=00_AfX7QmFGhQhG2jAllVgXCiM1ZrWgvtp80-Bfppyexh1QEg&#038;oe=689E923C\" \/>\n\t\t<meta property=\"og:image:secure_url\" content=\"https:\/\/scontent-gig4-1.xx.fbcdn.net\/v\/t39.30808-1\/270437624_4564083193639691_6907940295614233970_n.jpg?stp=dst-jpg_s200x200_tt6&#038;_nc_cat=111&#038;ccb=1-7&#038;_nc_sid=f907e8&#038;_nc_ohc=SM1wRlP3lJwQ7kNvwEPuBYA&#038;_nc_oc=AdnqrjDN_BNjSSHWO-GbkIWH6fkGMLw4bqvL_NH6e2wMveX7G-rP2dAqsDSq1mJMOaY&#038;_nc_zt=24&#038;_nc_ht=scontent-gig4-1.xx&#038;_nc_gid=AoBFJeGrT1hVaew_6rchkQ&#038;oh=00_AfX7QmFGhQhG2jAllVgXCiM1ZrWgvtp80-Bfppyexh1QEg&#038;oe=689E923C\" \/>\n\t\t<meta property=\"article:published_time\" content=\"2018-12-14T17:23:02+00:00\" \/>\n\t\t<meta property=\"article:modified_time\" content=\"2019-03-20T17:24:22+00:00\" \/>\n\t\t<meta name=\"twitter:card\" content=\"summary_large_image\" \/>\n\t\t<meta name=\"twitter:title\" content=\"Pra\u00e7a das Artes de Fim de Ano movimenta a cidade - A Not\u00edcia Online\" \/>\n\t\t<meta name=\"twitter:description\" content=\"Neste s\u00e1bado (15), a Pra\u00e7a Coronel Pacheco de Medeiros (Pracinha da Prefeitura) recebe o Pra\u00e7a das Artes de Fim de Ano com barracas de artesanato, doces, beer truck e food bike, das 10h \u00e0s 16h. O pr\u00f3ximo Pra\u00e7a das Artes de Fim de Ano acontecer\u00e1 na Pra\u00e7a Jo\u00e3o Pinheiro, no dia 22 de dezembro. N\u00e3o\" \/>\n\t\t<meta name=\"twitter:image\" content=\"https:\/\/scontent-gig4-1.xx.fbcdn.net\/v\/t39.30808-1\/270437624_4564083193639691_6907940295614233970_n.jpg?stp=dst-jpg_s200x200_tt6&amp;_nc_cat=111&amp;ccb=1-7&amp;_nc_sid=f907e8&amp;_nc_ohc=SM1wRlP3lJwQ7kNvwEPuBYA&amp;_nc_oc=AdnqrjDN_BNjSSHWO-GbkIWH6fkGMLw4bqvL_NH6e2wMveX7G-rP2dAqsDSq1mJMOaY&amp;_nc_zt=24&amp;_nc_ht=scontent-gig4-1.xx&amp;_nc_gid=AoBFJeGrT1hVaew_6rchkQ&amp;oh=00_AfX7QmFGhQhG2jAllVgXCiM1ZrWgvtp80-Bfppyexh1QEg&amp;oe=689E923C\" \/>\n\t\t<script type=\"application\/ld+json\" class=\"aioseo-schema\">\n\t\t\t{\"@context\":\"https:\\\/\\\/schema.org\",\"@graph\":[{\"@type\":\"BlogPosting\",\"@id\":\"https:\\\/\\\/anoticiaonline.com.br\\\/site\\\/praca-das-artes-de-fim-de-ano-movimenta-a-cidade\\\/#blogposting\",\"name\":\"Pra\\u00e7a das Artes de Fim de Ano movimenta a cidade - A Not\\u00edcia Online\",\"headline\":\"Pra\\u00e7a das Artes de Fim de Ano movimenta a cidade\",\"author\":{\"@id\":\"https:\\\/\\\/anoticiaonline.com.br\\\/site\\\/author\\\/juliana\\\/#author\"},\"publisher\":{\"@id\":\"https:\\\/\\\/anoticiaonline.com.br\\\/site\\\/#organization\"},\"image\":{\"@type\":\"ImageObject\",\"url\":\"https:\\\/\\\/anoticiaonline.com.br\\\/site\\\/wp-content\\\/uploads\\\/2019\\\/03\\\/48357829_1992185010866346_2426953081141854208_n.jpg\",\"@id\":\"https:\\\/\\\/anoticiaonline.com.br\\\/site\\\/praca-das-artes-de-fim-de-ano-movimenta-a-cidade\\\/#articleImage\",\"width\":600,\"height\":600},\"datePublished\":\"2018-12-14T14:23:02-03:00\",\"dateModified\":\"2019-03-20T14:24:22-03:00\",\"inLanguage\":\"pt-BR\",\"mainEntityOfPage\":{\"@id\":\"https:\\\/\\\/anoticiaonline.com.br\\\/site\\\/praca-das-artes-de-fim-de-ano-movimenta-a-cidade\\\/#webpage\"},\"isPartOf\":{\"@id\":\"https:\\\/\\\/anoticiaonline.com.br\\\/site\\\/praca-das-artes-de-fim-de-ano-movimenta-a-cidade\\\/#webpage\"},\"articleSection\":\"Divers\\u00e3o e Cultura\"},{\"@type\":\"BreadcrumbList\",\"@id\":\"https:\\\/\\\/anoticiaonline.com.br\\\/site\\\/praca-das-artes-de-fim-de-ano-movimenta-a-cidade\\\/#breadcrumblist\",\"itemListElement\":[{\"@type\":\"ListItem\",\"@id\":\"https:\\\/\\\/anoticiaonline.com.br\\\/site#listItem\",\"position\":1,\"name\":\"Home\",\"item\":\"https:\\\/\\\/anoticiaonline.com.br\\\/site\",\"nextItem\":{\"@type\":\"ListItem\",\"@id\":\"https:\\\/\\\/anoticiaonline.com.br\\\/site\\\/categoria\\\/colunistas\\\/#listItem\",\"name\":\"Colunistas\"}},{\"@type\":\"ListItem\",\"@id\":\"https:\\\/\\\/anoticiaonline.com.br\\\/site\\\/categoria\\\/colunistas\\\/#listItem\",\"position\":2,\"name\":\"Colunistas\",\"item\":\"https:\\\/\\\/anoticiaonline.com.br\\\/site\\\/categoria\\\/colunistas\\\/\",\"nextItem\":{\"@type\":\"ListItem\",\"@id\":\"https:\\\/\\\/anoticiaonline.com.br\\\/site\\\/categoria\\\/colunistas\\\/diversao-e-cultura\\\/#listItem\",\"name\":\"Divers\\u00e3o e Cultura\"},\"previousItem\":{\"@type\":\"ListItem\",\"@id\":\"https:\\\/\\\/anoticiaonline.com.br\\\/site#listItem\",\"name\":\"Home\"}},{\"@type\":\"ListItem\",\"@id\":\"https:\\\/\\\/anoticiaonline.com.br\\\/site\\\/categoria\\\/colunistas\\\/diversao-e-cultura\\\/#listItem\",\"position\":3,\"name\":\"Divers\\u00e3o e Cultura\",\"item\":\"https:\\\/\\\/anoticiaonline.com.br\\\/site\\\/categoria\\\/colunistas\\\/diversao-e-cultura\\\/\",\"nextItem\":{\"@type\":\"ListItem\",\"@id\":\"https:\\\/\\\/anoticiaonline.com.br\\\/site\\\/praca-das-artes-de-fim-de-ano-movimenta-a-cidade\\\/#listItem\",\"name\":\"Pra\\u00e7a das Artes de Fim de Ano movimenta a cidade\"},\"previousItem\":{\"@type\":\"ListItem\",\"@id\":\"https:\\\/\\\/anoticiaonline.com.br\\\/site\\\/categoria\\\/colunistas\\\/#listItem\",\"name\":\"Colunistas\"}},{\"@type\":\"ListItem\",\"@id\":\"https:\\\/\\\/anoticiaonline.com.br\\\/site\\\/praca-das-artes-de-fim-de-ano-movimenta-a-cidade\\\/#listItem\",\"position\":4,\"name\":\"Pra\\u00e7a das Artes de Fim de Ano movimenta a cidade\",\"previousItem\":{\"@type\":\"ListItem\",\"@id\":\"https:\\\/\\\/anoticiaonline.com.br\\\/site\\\/categoria\\\/colunistas\\\/diversao-e-cultura\\\/#listItem\",\"name\":\"Divers\\u00e3o e Cultura\"}}]},{\"@type\":\"Organization\",\"@id\":\"https:\\\/\\\/anoticiaonline.com.br\\\/site\\\/#organization\",\"name\":\"A Not\\u00edcia Online\",\"description\":\"Noticias de Muria\\u00e9 e regi\\u00e3o\",\"url\":\"https:\\\/\\\/anoticiaonline.com.br\\\/site\\\/\",\"logo\":{\"@type\":\"ImageObject\",\"url\":\"https:\\\/\\\/scontent-gig4-1.xx.fbcdn.net\\\/v\\\/t39.30808-1\\\/270437624_4564083193639691_6907940295614233970_n.jpg?stp=dst-jpg_s200x200_tt6&_nc_cat=111&ccb=1-7&_nc_sid=f907e8&_nc_ohc=SM1wRlP3lJwQ7kNvwEPuBYA&_nc_oc=AdnqrjDN_BNjSSHWO-GbkIWH6fkGMLw4bqvL_NH6e2wMveX7G-rP2dAqsDSq1mJMOaY&_nc_zt=24&_nc_ht=scontent-gig4-1.xx&_nc_gid=AoBFJeGrT1hVaew_6rchkQ&oh=00_AfX7QmFGhQhG2jAllVgXCiM1ZrWgvtp80-Bfppyexh1QEg&oe=689E923C\",\"@id\":\"https:\\\/\\\/anoticiaonline.com.br\\\/site\\\/praca-das-artes-de-fim-de-ano-movimenta-a-cidade\\\/#organizationLogo\"},\"image\":{\"@id\":\"https:\\\/\\\/anoticiaonline.com.br\\\/site\\\/praca-das-artes-de-fim-de-ano-movimenta-a-cidade\\\/#organizationLogo\"}},{\"@type\":\"Person\",\"@id\":\"https:\\\/\\\/anoticiaonline.com.br\\\/site\\\/author\\\/juliana\\\/#author\",\"url\":\"https:\\\/\\\/anoticiaonline.com.br\\\/site\\\/author\\\/juliana\\\/\",\"name\":\"Juliana Laviola\",\"image\":{\"@type\":\"ImageObject\",\"@id\":\"https:\\\/\\\/anoticiaonline.com.br\\\/site\\\/praca-das-artes-de-fim-de-ano-movimenta-a-cidade\\\/#authorImage\",\"url\":\"https:\\\/\\\/secure.gravatar.com\\\/avatar\\\/b8d45f5c699b100dfaf0e543582f38f38bf94cb7ae3a5e9abf8d891a34773335?s=96&d=mm&r=g\",\"width\":96,\"height\":96,\"caption\":\"Juliana Laviola\"}},{\"@type\":\"WebPage\",\"@id\":\"https:\\\/\\\/anoticiaonline.com.br\\\/site\\\/praca-das-artes-de-fim-de-ano-movimenta-a-cidade\\\/#webpage\",\"url\":\"https:\\\/\\\/anoticiaonline.com.br\\\/site\\\/praca-das-artes-de-fim-de-ano-movimenta-a-cidade\\\/\",\"name\":\"Pra\\u00e7a das Artes de Fim de Ano movimenta a cidade - A Not\\u00edcia Online\",\"description\":\"Neste s\\u00e1bado (15), a Pra\\u00e7a Coronel Pacheco de Medeiros (Pracinha da Prefeitura) recebe o Pra\\u00e7a das Artes de Fim de Ano com barracas de artesanato, doces, beer truck e food bike, das 10h \\u00e0s 16h. O pr\\u00f3ximo Pra\\u00e7a das Artes de Fim de Ano acontecer\\u00e1 na Pra\\u00e7a Jo\\u00e3o Pinheiro, no dia 22 de dezembro. N\\u00e3o\",\"inLanguage\":\"pt-BR\",\"isPartOf\":{\"@id\":\"https:\\\/\\\/anoticiaonline.com.br\\\/site\\\/#website\"},\"breadcrumb\":{\"@id\":\"https:\\\/\\\/anoticiaonline.com.br\\\/site\\\/praca-das-artes-de-fim-de-ano-movimenta-a-cidade\\\/#breadcrumblist\"},\"author\":{\"@id\":\"https:\\\/\\\/anoticiaonline.com.br\\\/site\\\/author\\\/juliana\\\/#author\"},\"creator\":{\"@id\":\"https:\\\/\\\/anoticiaonline.com.br\\\/site\\\/author\\\/juliana\\\/#author\"},\"datePublished\":\"2018-12-14T14:23:02-03:00\",\"dateModified\":\"2019-03-20T14:24:22-03:00\"},{\"@type\":\"WebSite\",\"@id\":\"https:\\\/\\\/anoticiaonline.com.br\\\/site\\\/#website\",\"url\":\"https:\\\/\\\/anoticiaonline.com.br\\\/site\\\/\",\"name\":\"A Not\\u00edcia Online\",\"description\":\"Noticias de Muria\\u00e9 e regi\\u00e3o\",\"inLanguage\":\"pt-BR\",\"publisher\":{\"@id\":\"https:\\\/\\\/anoticiaonline.com.br\\\/site\\\/#organization\"}}]}\n\t\t<\/script>\n\t\t<!-- All in One SEO -->\n\n","aioseo_head_json":{"title":"Pra\u00e7a das Artes de Fim de Ano movimenta a cidade - A Not\u00edcia Online","description":"Neste s\u00e1bado (15), a Pra\u00e7a Coronel Pacheco de Medeiros (Pracinha da Prefeitura) recebe o Pra\u00e7a das Artes de Fim de Ano com barracas de artesanato, doces, beer truck e food bike, das 10h \u00e0s 16h. O pr\u00f3ximo Pra\u00e7a das Artes de Fim de Ano acontecer\u00e1 na Pra\u00e7a Jo\u00e3o Pinheiro, no dia 22 de dezembro. N\u00e3o","canonical_url":"https:\/\/anoticiaonline.com.br\/site\/praca-das-artes-de-fim-de-ano-movimenta-a-cidade\/","robots":"max-image-preview:large","keywords":"","webmasterTools":{"miscellaneous":""},"schema":{"@context":"https:\/\/schema.org","@graph":[{"@type":"BlogPosting","@id":"https:\/\/anoticiaonline.com.br\/site\/praca-das-artes-de-fim-de-ano-movimenta-a-cidade\/#blogposting","name":"Pra\u00e7a das Artes de Fim de Ano movimenta a cidade - A Not\u00edcia Online","headline":"Pra\u00e7a das Artes de Fim de Ano movimenta a cidade","author":{"@id":"https:\/\/anoticiaonline.com.br\/site\/author\/juliana\/#author"},"publisher":{"@id":"https:\/\/anoticiaonline.com.br\/site\/#organization"},"image":{"@type":"ImageObject","url":"https:\/\/anoticiaonline.com.br\/site\/wp-content\/uploads\/2019\/03\/48357829_1992185010866346_2426953081141854208_n.jpg","@id":"https:\/\/anoticiaonline.com.br\/site\/praca-das-artes-de-fim-de-ano-movimenta-a-cidade\/#articleImage","width":600,"height":600},"datePublished":"2018-12-14T14:23:02-03:00","dateModified":"2019-03-20T14:24:22-03:00","inLanguage":"pt-BR","mainEntityOfPage":{"@id":"https:\/\/anoticiaonline.com.br\/site\/praca-das-artes-de-fim-de-ano-movimenta-a-cidade\/#webpage"},"isPartOf":{"@id":"https:\/\/anoticiaonline.com.br\/site\/praca-das-artes-de-fim-de-ano-movimenta-a-cidade\/#webpage"},"articleSection":"Divers\u00e3o e Cultura"},{"@type":"BreadcrumbList","@id":"https:\/\/anoticiaonline.com.br\/site\/praca-das-artes-de-fim-de-ano-movimenta-a-cidade\/#breadcrumblist","itemListElement":[{"@type":"ListItem","@id":"https:\/\/anoticiaonline.com.br\/site#listItem","position":1,"name":"Home","item":"https:\/\/anoticiaonline.com.br\/site","nextItem":{"@type":"ListItem","@id":"https:\/\/anoticiaonline.com.br\/site\/categoria\/colunistas\/#listItem","name":"Colunistas"}},{"@type":"ListItem","@id":"https:\/\/anoticiaonline.com.br\/site\/categoria\/colunistas\/#listItem","position":2,"name":"Colunistas","item":"https:\/\/anoticiaonline.com.br\/site\/categoria\/colunistas\/","nextItem":{"@type":"ListItem","@id":"https:\/\/anoticiaonline.com.br\/site\/categoria\/colunistas\/diversao-e-cultura\/#listItem","name":"Divers\u00e3o e Cultura"},"previousItem":{"@type":"ListItem","@id":"https:\/\/anoticiaonline.com.br\/site#listItem","name":"Home"}},{"@type":"ListItem","@id":"https:\/\/anoticiaonline.com.br\/site\/categoria\/colunistas\/diversao-e-cultura\/#listItem","position":3,"name":"Divers\u00e3o e Cultura","item":"https:\/\/anoticiaonline.com.br\/site\/categoria\/colunistas\/diversao-e-cultura\/","nextItem":{"@type":"ListItem","@id":"https:\/\/anoticiaonline.com.br\/site\/praca-das-artes-de-fim-de-ano-movimenta-a-cidade\/#listItem","name":"Pra\u00e7a das Artes de Fim de Ano movimenta a cidade"},"previousItem":{"@type":"ListItem","@id":"https:\/\/anoticiaonline.com.br\/site\/categoria\/colunistas\/#listItem","name":"Colunistas"}},{"@type":"ListItem","@id":"https:\/\/anoticiaonline.com.br\/site\/praca-das-artes-de-fim-de-ano-movimenta-a-cidade\/#listItem","position":4,"name":"Pra\u00e7a das Artes de Fim de Ano movimenta a cidade","previousItem":{"@type":"ListItem","@id":"https:\/\/anoticiaonline.com.br\/site\/categoria\/colunistas\/diversao-e-cultura\/#listItem","name":"Divers\u00e3o e Cultura"}}]},{"@type":"Organization","@id":"https:\/\/anoticiaonline.com.br\/site\/#organization","name":"A Not\u00edcia Online","description":"Noticias de Muria\u00e9 e regi\u00e3o","url":"https:\/\/anoticiaonline.com.br\/site\/","logo":{"@type":"ImageObject","url":"https:\/\/scontent-gig4-1.xx.fbcdn.net\/v\/t39.30808-1\/270437624_4564083193639691_6907940295614233970_n.jpg?stp=dst-jpg_s200x200_tt6&_nc_cat=111&ccb=1-7&_nc_sid=f907e8&_nc_ohc=SM1wRlP3lJwQ7kNvwEPuBYA&_nc_oc=AdnqrjDN_BNjSSHWO-GbkIWH6fkGMLw4bqvL_NH6e2wMveX7G-rP2dAqsDSq1mJMOaY&_nc_zt=24&_nc_ht=scontent-gig4-1.xx&_nc_gid=AoBFJeGrT1hVaew_6rchkQ&oh=00_AfX7QmFGhQhG2jAllVgXCiM1ZrWgvtp80-Bfppyexh1QEg&oe=689E923C","@id":"https:\/\/anoticiaonline.com.br\/site\/praca-das-artes-de-fim-de-ano-movimenta-a-cidade\/#organizationLogo"},"image":{"@id":"https:\/\/anoticiaonline.com.br\/site\/praca-das-artes-de-fim-de-ano-movimenta-a-cidade\/#organizationLogo"}},{"@type":"Person","@id":"https:\/\/anoticiaonline.com.br\/site\/author\/juliana\/#author","url":"https:\/\/anoticiaonline.com.br\/site\/author\/juliana\/","name":"Juliana Laviola","image":{"@type":"ImageObject","@id":"https:\/\/anoticiaonline.com.br\/site\/praca-das-artes-de-fim-de-ano-movimenta-a-cidade\/#authorImage","url":"https:\/\/secure.gravatar.com\/avatar\/b8d45f5c699b100dfaf0e543582f38f38bf94cb7ae3a5e9abf8d891a34773335?s=96&d=mm&r=g","width":96,"height":96,"caption":"Juliana Laviola"}},{"@type":"WebPage","@id":"https:\/\/anoticiaonline.com.br\/site\/praca-das-artes-de-fim-de-ano-movimenta-a-cidade\/#webpage","url":"https:\/\/anoticiaonline.com.br\/site\/praca-das-artes-de-fim-de-ano-movimenta-a-cidade\/","name":"Pra\u00e7a das Artes de Fim de Ano movimenta a cidade - A Not\u00edcia Online","description":"Neste s\u00e1bado (15), a Pra\u00e7a Coronel Pacheco de Medeiros (Pracinha da Prefeitura) recebe o Pra\u00e7a das Artes de Fim de Ano com barracas de artesanato, doces, beer truck e food bike, das 10h \u00e0s 16h. O pr\u00f3ximo Pra\u00e7a das Artes de Fim de Ano acontecer\u00e1 na Pra\u00e7a Jo\u00e3o Pinheiro, no dia 22 de dezembro. N\u00e3o","inLanguage":"pt-BR","isPartOf":{"@id":"https:\/\/anoticiaonline.com.br\/site\/#website"},"breadcrumb":{"@id":"https:\/\/anoticiaonline.com.br\/site\/praca-das-artes-de-fim-de-ano-movimenta-a-cidade\/#breadcrumblist"},"author":{"@id":"https:\/\/anoticiaonline.com.br\/site\/author\/juliana\/#author"},"creator":{"@id":"https:\/\/anoticiaonline.com.br\/site\/author\/juliana\/#author"},"datePublished":"2018-12-14T14:23:02-03:00","dateModified":"2019-03-20T14:24:22-03:00"},{"@type":"WebSite","@id":"https:\/\/anoticiaonline.com.br\/site\/#website","url":"https:\/\/anoticiaonline.com.br\/site\/","name":"A Not\u00edcia Online","description":"Noticias de Muria\u00e9 e regi\u00e3o","inLanguage":"pt-BR","publisher":{"@id":"https:\/\/anoticiaonline.com.br\/site\/#organization"}}]},"og:locale":"pt_BR","og:site_name":"A Not\u00edcia Online - Noticias de Muria\u00e9 e regi\u00e3o","og:type":"article","og:title":"Pra\u00e7a das Artes de Fim de Ano movimenta a cidade - A Not\u00edcia Online","og:description":"Neste s\u00e1bado (15), a Pra\u00e7a Coronel Pacheco de Medeiros (Pracinha da Prefeitura) recebe o Pra\u00e7a das Artes de Fim de Ano com barracas de artesanato, doces, beer truck e food bike, das 10h \u00e0s 16h. O pr\u00f3ximo Pra\u00e7a das Artes de Fim de Ano acontecer\u00e1 na Pra\u00e7a Jo\u00e3o Pinheiro, no dia 22 de dezembro. N\u00e3o","og:url":"https:\/\/anoticiaonline.com.br\/site\/praca-das-artes-de-fim-de-ano-movimenta-a-cidade\/","og:image":"https:\/\/scontent-gig4-1.xx.fbcdn.net\/v\/t39.30808-1\/270437624_4564083193639691_6907940295614233970_n.jpg?stp=dst-jpg_s200x200_tt6&#038;_nc_cat=111&#038;ccb=1-7&#038;_nc_sid=f907e8&#038;_nc_ohc=SM1wRlP3lJwQ7kNvwEPuBYA&#038;_nc_oc=AdnqrjDN_BNjSSHWO-GbkIWH6fkGMLw4bqvL_NH6e2wMveX7G-rP2dAqsDSq1mJMOaY&#038;_nc_zt=24&#038;_nc_ht=scontent-gig4-1.xx&#038;_nc_gid=AoBFJeGrT1hVaew_6rchkQ&#038;oh=00_AfX7QmFGhQhG2jAllVgXCiM1ZrWgvtp80-Bfppyexh1QEg&#038;oe=689E923C","og:image:secure_url":"https:\/\/scontent-gig4-1.xx.fbcdn.net\/v\/t39.30808-1\/270437624_4564083193639691_6907940295614233970_n.jpg?stp=dst-jpg_s200x200_tt6&#038;_nc_cat=111&#038;ccb=1-7&#038;_nc_sid=f907e8&#038;_nc_ohc=SM1wRlP3lJwQ7kNvwEPuBYA&#038;_nc_oc=AdnqrjDN_BNjSSHWO-GbkIWH6fkGMLw4bqvL_NH6e2wMveX7G-rP2dAqsDSq1mJMOaY&#038;_nc_zt=24&#038;_nc_ht=scontent-gig4-1.xx&#038;_nc_gid=AoBFJeGrT1hVaew_6rchkQ&#038;oh=00_AfX7QmFGhQhG2jAllVgXCiM1ZrWgvtp80-Bfppyexh1QEg&#038;oe=689E923C","article:published_time":"2018-12-14T17:23:02+00:00","article:modified_time":"2019-03-20T17:24:22+00:00","twitter:card":"summary_large_image","twitter:title":"Pra\u00e7a das Artes de Fim de Ano movimenta a cidade - A Not\u00edcia Online","twitter:description":"Neste s\u00e1bado (15), a Pra\u00e7a Coronel Pacheco de Medeiros (Pracinha da Prefeitura) recebe o Pra\u00e7a das Artes de Fim de Ano com barracas de artesanato, doces, beer truck e food bike, das 10h \u00e0s 16h. O pr\u00f3ximo Pra\u00e7a das Artes de Fim de Ano acontecer\u00e1 na Pra\u00e7a Jo\u00e3o Pinheiro, no dia 22 de dezembro. N\u00e3o","twitter:image":"https:\/\/scontent-gig4-1.xx.fbcdn.net\/v\/t39.30808-1\/270437624_4564083193639691_6907940295614233970_n.jpg?stp=dst-jpg_s200x200_tt6&_nc_cat=111&ccb=1-7&_nc_sid=f907e8&_nc_ohc=SM1wRlP3lJwQ7kNvwEPuBYA&_nc_oc=AdnqrjDN_BNjSSHWO-GbkIWH6fkGMLw4bqvL_NH6e2wMveX7G-rP2dAqsDSq1mJMOaY&_nc_zt=24&_nc_ht=scontent-gig4-1.xx&_nc_gid=AoBFJeGrT1hVaew_6rchkQ&oh=00_AfX7QmFGhQhG2jAllVgXCiM1ZrWgvtp80-Bfppyexh1QEg&oe=689E923C"},"aioseo_meta_data":{"post_id":"68116","title":null,"description":null,"keywords":null,"keyphrases":null,"primary_term":null,"canonical_url":null,"og_title":null,"og_description":null,"og_object_type":"default","og_image_type":"default","og_image_url":null,"og_image_width":null,"og_image_height":null,"og_image_custom_url":null,"og_image_custom_fields":null,"og_video":null,"og_custom_url":null,"og_article_section":null,"og_article_tags":null,"twitter_use_og":false,"twitter_card":"default","twitter_image_type":"default","twitter_image_url":null,"twitter_image_custom_url":null,"twitter_image_custom_fields":null,"twitter_title":null,"twitter_description":null,"schema":{"blockGraphs":[],"customGraphs":[],"default":{"data":{"Article":[],"Course":[],"Dataset":[],"FAQPage":[],"Movie":[],"Person":[],"Product":[],"ProductReview":[],"Car":[],"Recipe":[],"Service":[],"SoftwareApplication":[],"WebPage":[]},"graphName":"","isEnabled":true},"graphs":[]},"schema_type":"default","schema_type_options":null,"pillar_content":false,"robots_default":true,"robots_noindex":false,"robots_noarchive":false,"robots_nosnippet":false,"robots_nofollow":false,"robots_noimageindex":false,"robots_noodp":false,"robots_notranslate":false,"robots_max_snippet":null,"robots_max_videopreview":null,"robots_max_imagepreview":"large","priority":null,"frequency":null,"local_seo":null,"breadcrumb_settings":null,"limit_modified_date":false,"ai":null,"created":"2025-08-16 22:58:15","updated":"2025-08-16 22:58:15","focus_keyword":null,"additional_keywords":null,"truseo_locale":null,"seo_analyzer_scan_date":null},"aioseo_breadcrumb":"<div class=\"aioseo-breadcrumbs\"><span class=\"aioseo-breadcrumb\">\n\t\t\t<a href=\"https:\/\/anoticiaonline.com.br\/site\" title=\"Home\">Home<\/a>\n\t\t<\/span><span class=\"aioseo-breadcrumb-separator\">&raquo;<\/span><span class=\"aioseo-breadcrumb\">\n\t\t\t<a href=\"https:\/\/anoticiaonline.com.br\/site\/categoria\/colunistas\/\" title=\"Colunistas\">Colunistas<\/a>\n\t\t<\/span><span class=\"aioseo-breadcrumb-separator\">&raquo;<\/span><span class=\"aioseo-breadcrumb\">\n\t\t\t<a href=\"https:\/\/anoticiaonline.com.br\/site\/categoria\/colunistas\/diversao-e-cultura\/\" title=\"Divers\u00e3o e Cultura\">Divers\u00e3o e Cultura<\/a>\n\t\t<\/span><span class=\"aioseo-breadcrumb-separator\">&raquo;<\/span><span class=\"aioseo-breadcrumb\">\n\t\t\tPra\u00e7a das Artes de Fim de Ano movimenta a cidade\n\t\t<\/span><\/div>","aioseo_breadcrumb_json":[{"label":"Home","link":"https:\/\/anoticiaonline.com.br\/site"},{"label":"Colunistas","link":"https:\/\/anoticiaonline.com.br\/site\/categoria\/colunistas\/"},{"label":"Divers\u00e3o e Cultura","link":"https:\/\/anoticiaonline.com.br\/site\/categoria\/colunistas\/diversao-e-cultura\/"},{"label":"Pra\u00e7a das Artes de Fim de Ano movimenta a cidade","link":"https:\/\/anoticiaonline.com.br\/site\/praca-das-artes-de-fim-de-ano-movimenta-a-cidade\/"}],"views":131,"_links":{"self":[{"href":"https:\/\/anoticiaonline.com.br\/site\/wp-json\/wp\/v2\/posts\/68116","targetHints":{"allow":["GET"]}}],"collection":[{"href":"https:\/\/anoticiaonline.com.br\/site\/wp-json\/wp\/v2\/posts"}],"about":[{"href":"https:\/\/anoticiaonline.com.br\/site\/wp-json\/wp\/v2\/types\/post"}],"author":[{"embeddable":true,"href":"https:\/\/anoticiaonline.com.br\/site\/wp-json\/wp\/v2\/users\/2"}],"replies":[{"embeddable":true,"href":"https:\/\/anoticiaonline.com.br\/site\/wp-json\/wp\/v2\/comments?post=68116"}],"version-history":[{"count":0,"href":"https:\/\/anoticiaonline.com.br\/site\/wp-json\/wp\/v2\/posts\/68116\/revisions"}],"wp:attachment":[{"href":"https:\/\/anoticiaonline.com.br\/site\/wp-json\/wp\/v2\/media?parent=68116"}],"wp:term":[{"taxonomy":"category","embeddable":true,"href":"https:\/\/anoticiaonline.com.br\/site\/wp-json\/wp\/v2\/categories?post=68116"},{"taxonomy":"post_tag","embeddable":true,"href":"https:\/\/anoticiaonline.com.br\/site\/wp-json\/wp\/v2\/tags?post=68116"}],"curies":[{"name":"wp","href":"https:\/\/api.w.org\/{rel}","templated":true}]}}