{"id":68097,"date":"2019-03-19T11:44:07","date_gmt":"2019-03-19T14:44:07","guid":{"rendered":"http:\/\/anoticiaonline.com.br\/site\/?p=68097"},"modified":"2019-03-19T16:48:43","modified_gmt":"2019-03-19T19:48:43","slug":"nacional-perde-de-virada-para-o-democrata-de-governador-valadares","status":"publish","type":"post","link":"https:\/\/anoticiaonline.com.br\/site\/nacional-perde-de-virada-para-o-democrata-de-governador-valadares\/","title":{"rendered":"Nacional perde de virada para o Democrata de Governador Valadares"},"content":{"rendered":"<figure id=\"attachment_68098\" aria-describedby=\"caption-attachment-68098\" style=\"width: 990px\" class=\"wp-caption aligncenter\"><a href=\"https:\/\/anoticiaonline.com.br\/site\/wp-content\/uploads\/2019\/03\/5a044b81-df4d-4899-bc56-b1a0908d3a5d.jpg\"><img fetchpriority=\"high\" decoding=\"async\" class=\"size-full wp-image-68098\" src=\"https:\/\/anoticiaonline.com.br\/site\/wp-content\/uploads\/2019\/03\/5a044b81-df4d-4899-bc56-b1a0908d3a5d.jpg\" alt=\"\" width=\"1000\" height=\"749\" srcset=\"https:\/\/anoticiaonline.com.br\/site\/wp-content\/uploads\/2019\/03\/5a044b81-df4d-4899-bc56-b1a0908d3a5d.jpg 1000w, https:\/\/anoticiaonline.com.br\/site\/wp-content\/uploads\/2019\/03\/5a044b81-df4d-4899-bc56-b1a0908d3a5d-300x225.jpg 300w, https:\/\/anoticiaonline.com.br\/site\/wp-content\/uploads\/2019\/03\/5a044b81-df4d-4899-bc56-b1a0908d3a5d-768x575.jpg 768w, https:\/\/anoticiaonline.com.br\/site\/wp-content\/uploads\/2019\/03\/5a044b81-df4d-4899-bc56-b1a0908d3a5d-105x80.jpg 105w\" sizes=\"(max-width: 1000px) 100vw, 1000px\" \/><\/a><figcaption id=\"caption-attachment-68098\" class=\"wp-caption-text\">Foto: ASCOM NAC<\/figcaption><\/figure>\n<p>O Nacional sofreu mais uma derrota no M\u00f3dulo II do Campeonato Mineiro e segue sua rotina de altos e baixos no campeonato. Na noite desta segunda-feira (18), a equipe muriaeense perdeu fora de casa para o Democrata, de Governador Valadares, por 2 a 1. Com a derrota, o NAC caiu para a quarta posi\u00e7\u00e3o, com 12 pontos em sete jogos (j\u00e1 contabilizados os tr\u00eas pontos do duelo contra o Tricordiano, que desistiu do torneio), enquanto o Democrata chegou a 8 pontos em seis jogos e se afastou da zona de rebaixamento.<!--more--><\/p>\n<p>A equipe muriaeense come\u00e7ou melhor na partida, com mais posse de bola, e chegou ao seu gol aos 21 minutos. Ap\u00f3s sobra em escanteio, Jo\u00e3o Willian cruzou na \u00e1rea e Wagner Jr., que substitui o suspenso Gleisson, mandou para a rede sem marca\u00e7\u00e3o.<\/p>\n<p>O empate do Democrata veio em cobran\u00e7a de falta, aos 28. A barreira n\u00e3o pulou e, assim como no duelo contra o Am\u00e9rica de Te\u00f3filo Otoni, o goleiro L\u00e9o Flores fez apenas golpe de vista, n\u00e3o foi pra bola, e Victor Valle empatou.<\/p>\n<p>No in\u00edcio do segundo tempo, veio o gol decisivo da partida. Logo aos 13, o lateral Igor Salles falhou, o atacante do Democrata entrou no corredor \u00e0s suas costas e cruzou. Na tentativa de cortar o cruzamento, Jairo acabou empurrando para a pr\u00f3pria rede. 2 a 1 para o Pantera.<\/p>\n<p>Na pr\u00f3xima rodada, o NAC volta a atuar fora de casa e visita o Serranense no s\u00e1bado (23), em Nova Serrana. J\u00e1 o Democrata volta a campo no mesmo dia, tamb\u00e9m fora de casa, contra o xar\u00e1 de Sete Lagoas.<\/p>\n","protected":false},"excerpt":{"rendered":"<p>O Nacional sofreu mais uma derrota no M\u00f3dulo II do Campeonato Mineiro e segue sua rotina de altos e baixos no campeonato. Na noite desta segunda-feira (18), a equipe muriaeense perdeu fora de casa para o Democrata, de Governador Valadares, por 2 a 1. Com a derrota, o NAC caiu para a quarta posi\u00e7\u00e3o, com &#8230; <a title=\"Nacional perde de virada para o Democrata de Governador Valadares\" class=\"read-more\" href=\"https:\/\/anoticiaonline.com.br\/site\/nacional-perde-de-virada-para-o-democrata-de-governador-valadares\/\" aria-label=\"Read more about Nacional perde de virada para o Democrata de Governador Valadares\">Ler mais<\/a><\/p>\n","protected":false},"author":2,"featured_media":68099,"comment_status":"open","ping_status":"open","sticky":false,"template":"","format":"standard","meta":{"_acf_changed":false,"_monsterinsights_skip_tracking":false,"footnotes":""},"categories":[30,29],"tags":[3760,74,325],"class_list":["post-68097","post","type-post","status-publish","format-standard","has-post-thumbnail","hentry","category-muriae","category-esporte","tag-mineiro-modulo-ii","tag-muriae","tag-nac"],"acf":[],"aioseo_notices":[],"aioseo_head":"\n\t\t<!-- All in One SEO 5.0.0.1 - aioseo.com -->\n\t<meta name=\"description\" content=\"O Nacional sofreu mais uma derrota no M\u00f3dulo II do Campeonato Mineiro e segue sua rotina de altos e baixos no campeonato. Na noite desta segunda-feira (18), a equipe muriaeense perdeu fora de casa para o Democrata, de Governador Valadares, por 2 a 1. Com a derrota, o NAC caiu para a quarta posi\u00e7\u00e3o, com\" \/>\n\t<meta name=\"robots\" content=\"max-image-preview:large\" \/>\n\t<meta name=\"author\" content=\"Juliana Laviola\"\/>\n\t<link rel=\"canonical\" href=\"https:\/\/anoticiaonline.com.br\/site\/nacional-perde-de-virada-para-o-democrata-de-governador-valadares\/\" \/>\n\t<meta name=\"generator\" content=\"All in One SEO (AIOSEO) 5.0.0.1\" \/>\n\t\t<meta property=\"og:locale\" content=\"pt_BR\" \/>\n\t\t<meta property=\"og:site_name\" content=\"A Not\u00edcia Online - Noticias de Muria\u00e9 e regi\u00e3o\" \/>\n\t\t<meta property=\"og:type\" content=\"article\" \/>\n\t\t<meta property=\"og:title\" content=\"Nacional perde de virada para o Democrata de Governador Valadares - A Not\u00edcia Online\" \/>\n\t\t<meta property=\"og:description\" content=\"O Nacional sofreu mais uma derrota no M\u00f3dulo II do Campeonato Mineiro e segue sua rotina de altos e baixos no campeonato. Na noite desta segunda-feira (18), a equipe muriaeense perdeu fora de casa para o Democrata, de Governador Valadares, por 2 a 1. Com a derrota, o NAC caiu para a quarta posi\u00e7\u00e3o, com\" \/>\n\t\t<meta property=\"og:url\" content=\"https:\/\/anoticiaonline.com.br\/site\/nacional-perde-de-virada-para-o-democrata-de-governador-valadares\/\" \/>\n\t\t<meta property=\"og:image\" content=\"https:\/\/scontent-gig4-1.xx.fbcdn.net\/v\/t39.30808-1\/270437624_4564083193639691_6907940295614233970_n.jpg?stp=dst-jpg_s200x200_tt6&#038;_nc_cat=111&#038;ccb=1-7&#038;_nc_sid=f907e8&#038;_nc_ohc=SM1wRlP3lJwQ7kNvwEPuBYA&#038;_nc_oc=AdnqrjDN_BNjSSHWO-GbkIWH6fkGMLw4bqvL_NH6e2wMveX7G-rP2dAqsDSq1mJMOaY&#038;_nc_zt=24&#038;_nc_ht=scontent-gig4-1.xx&#038;_nc_gid=AoBFJeGrT1hVaew_6rchkQ&#038;oh=00_AfX7QmFGhQhG2jAllVgXCiM1ZrWgvtp80-Bfppyexh1QEg&#038;oe=689E923C\" \/>\n\t\t<meta property=\"og:image:secure_url\" content=\"https:\/\/scontent-gig4-1.xx.fbcdn.net\/v\/t39.30808-1\/270437624_4564083193639691_6907940295614233970_n.jpg?stp=dst-jpg_s200x200_tt6&#038;_nc_cat=111&#038;ccb=1-7&#038;_nc_sid=f907e8&#038;_nc_ohc=SM1wRlP3lJwQ7kNvwEPuBYA&#038;_nc_oc=AdnqrjDN_BNjSSHWO-GbkIWH6fkGMLw4bqvL_NH6e2wMveX7G-rP2dAqsDSq1mJMOaY&#038;_nc_zt=24&#038;_nc_ht=scontent-gig4-1.xx&#038;_nc_gid=AoBFJeGrT1hVaew_6rchkQ&#038;oh=00_AfX7QmFGhQhG2jAllVgXCiM1ZrWgvtp80-Bfppyexh1QEg&#038;oe=689E923C\" \/>\n\t\t<meta property=\"article:published_time\" content=\"2019-03-19T14:44:07+00:00\" \/>\n\t\t<meta property=\"article:modified_time\" content=\"2019-03-19T19:48:43+00:00\" \/>\n\t\t<meta name=\"twitter:card\" content=\"summary_large_image\" \/>\n\t\t<meta name=\"twitter:title\" content=\"Nacional perde de virada para o Democrata de Governador Valadares - A Not\u00edcia Online\" \/>\n\t\t<meta name=\"twitter:description\" content=\"O Nacional sofreu mais uma derrota no M\u00f3dulo II do Campeonato Mineiro e segue sua rotina de altos e baixos no campeonato. Na noite desta segunda-feira (18), a equipe muriaeense perdeu fora de casa para o Democrata, de Governador Valadares, por 2 a 1. Com a derrota, o NAC caiu para a quarta posi\u00e7\u00e3o, com\" \/>\n\t\t<meta name=\"twitter:image\" content=\"https:\/\/scontent-gig4-1.xx.fbcdn.net\/v\/t39.30808-1\/270437624_4564083193639691_6907940295614233970_n.jpg?stp=dst-jpg_s200x200_tt6&amp;_nc_cat=111&amp;ccb=1-7&amp;_nc_sid=f907e8&amp;_nc_ohc=SM1wRlP3lJwQ7kNvwEPuBYA&amp;_nc_oc=AdnqrjDN_BNjSSHWO-GbkIWH6fkGMLw4bqvL_NH6e2wMveX7G-rP2dAqsDSq1mJMOaY&amp;_nc_zt=24&amp;_nc_ht=scontent-gig4-1.xx&amp;_nc_gid=AoBFJeGrT1hVaew_6rchkQ&amp;oh=00_AfX7QmFGhQhG2jAllVgXCiM1ZrWgvtp80-Bfppyexh1QEg&amp;oe=689E923C\" \/>\n\t\t<script type=\"application\/ld+json\" class=\"aioseo-schema\">\n\t\t\t{\"@context\":\"https:\\\/\\\/schema.org\",\"@graph\":[{\"@type\":\"BlogPosting\",\"@id\":\"https:\\\/\\\/anoticiaonline.com.br\\\/site\\\/nacional-perde-de-virada-para-o-democrata-de-governador-valadares\\\/#blogposting\",\"name\":\"Nacional perde de virada para o Democrata de Governador Valadares - A Not\\u00edcia Online\",\"headline\":\"Nacional perde de virada para o Democrata de Governador Valadares\",\"author\":{\"@id\":\"https:\\\/\\\/anoticiaonline.com.br\\\/site\\\/author\\\/juliana\\\/#author\"},\"publisher\":{\"@id\":\"https:\\\/\\\/anoticiaonline.com.br\\\/site\\\/#organization\"},\"image\":{\"@type\":\"ImageObject\",\"url\":\"https:\\\/\\\/anoticiaonline.com.br\\\/site\\\/wp-content\\\/uploads\\\/2019\\\/03\\\/destaq.jpg\",\"width\":1000,\"height\":350},\"datePublished\":\"2019-03-19T11:44:07-03:00\",\"dateModified\":\"2019-03-19T16:48:43-03:00\",\"inLanguage\":\"pt-BR\",\"mainEntityOfPage\":{\"@id\":\"https:\\\/\\\/anoticiaonline.com.br\\\/site\\\/nacional-perde-de-virada-para-o-democrata-de-governador-valadares\\\/#webpage\"},\"isPartOf\":{\"@id\":\"https:\\\/\\\/anoticiaonline.com.br\\\/site\\\/nacional-perde-de-virada-para-o-democrata-de-governador-valadares\\\/#webpage\"},\"articleSection\":\"Blog, Esporte, mineiro modulo ii, Muria\\u00e9, nac\"},{\"@type\":\"BreadcrumbList\",\"@id\":\"https:\\\/\\\/anoticiaonline.com.br\\\/site\\\/nacional-perde-de-virada-para-o-democrata-de-governador-valadares\\\/#breadcrumblist\",\"itemListElement\":[{\"@type\":\"ListItem\",\"@id\":\"https:\\\/\\\/anoticiaonline.com.br\\\/site#listItem\",\"position\":1,\"name\":\"Home\",\"item\":\"https:\\\/\\\/anoticiaonline.com.br\\\/site\",\"nextItem\":{\"@type\":\"ListItem\",\"@id\":\"https:\\\/\\\/anoticiaonline.com.br\\\/site\\\/categoria\\\/esporte\\\/#listItem\",\"name\":\"Esporte\"}},{\"@type\":\"ListItem\",\"@id\":\"https:\\\/\\\/anoticiaonline.com.br\\\/site\\\/categoria\\\/esporte\\\/#listItem\",\"position\":2,\"name\":\"Esporte\",\"item\":\"https:\\\/\\\/anoticiaonline.com.br\\\/site\\\/categoria\\\/esporte\\\/\",\"nextItem\":{\"@type\":\"ListItem\",\"@id\":\"https:\\\/\\\/anoticiaonline.com.br\\\/site\\\/nacional-perde-de-virada-para-o-democrata-de-governador-valadares\\\/#listItem\",\"name\":\"Nacional perde de virada para o Democrata de Governador Valadares\"},\"previousItem\":{\"@type\":\"ListItem\",\"@id\":\"https:\\\/\\\/anoticiaonline.com.br\\\/site#listItem\",\"name\":\"Home\"}},{\"@type\":\"ListItem\",\"@id\":\"https:\\\/\\\/anoticiaonline.com.br\\\/site\\\/nacional-perde-de-virada-para-o-democrata-de-governador-valadares\\\/#listItem\",\"position\":3,\"name\":\"Nacional perde de virada para o Democrata de Governador Valadares\",\"previousItem\":{\"@type\":\"ListItem\",\"@id\":\"https:\\\/\\\/anoticiaonline.com.br\\\/site\\\/categoria\\\/esporte\\\/#listItem\",\"name\":\"Esporte\"}}]},{\"@type\":\"Organization\",\"@id\":\"https:\\\/\\\/anoticiaonline.com.br\\\/site\\\/#organization\",\"name\":\"A Not\\u00edcia Online\",\"description\":\"Noticias de Muria\\u00e9 e regi\\u00e3o\",\"url\":\"https:\\\/\\\/anoticiaonline.com.br\\\/site\\\/\",\"logo\":{\"@type\":\"ImageObject\",\"url\":\"https:\\\/\\\/scontent-gig4-1.xx.fbcdn.net\\\/v\\\/t39.30808-1\\\/270437624_4564083193639691_6907940295614233970_n.jpg?stp=dst-jpg_s200x200_tt6&_nc_cat=111&ccb=1-7&_nc_sid=f907e8&_nc_ohc=SM1wRlP3lJwQ7kNvwEPuBYA&_nc_oc=AdnqrjDN_BNjSSHWO-GbkIWH6fkGMLw4bqvL_NH6e2wMveX7G-rP2dAqsDSq1mJMOaY&_nc_zt=24&_nc_ht=scontent-gig4-1.xx&_nc_gid=AoBFJeGrT1hVaew_6rchkQ&oh=00_AfX7QmFGhQhG2jAllVgXCiM1ZrWgvtp80-Bfppyexh1QEg&oe=689E923C\",\"@id\":\"https:\\\/\\\/anoticiaonline.com.br\\\/site\\\/nacional-perde-de-virada-para-o-democrata-de-governador-valadares\\\/#organizationLogo\"},\"image\":{\"@id\":\"https:\\\/\\\/anoticiaonline.com.br\\\/site\\\/nacional-perde-de-virada-para-o-democrata-de-governador-valadares\\\/#organizationLogo\"}},{\"@type\":\"Person\",\"@id\":\"https:\\\/\\\/anoticiaonline.com.br\\\/site\\\/author\\\/juliana\\\/#author\",\"url\":\"https:\\\/\\\/anoticiaonline.com.br\\\/site\\\/author\\\/juliana\\\/\",\"name\":\"Juliana Laviola\",\"image\":{\"@type\":\"ImageObject\",\"@id\":\"https:\\\/\\\/anoticiaonline.com.br\\\/site\\\/nacional-perde-de-virada-para-o-democrata-de-governador-valadares\\\/#authorImage\",\"url\":\"https:\\\/\\\/secure.gravatar.com\\\/avatar\\\/b8d45f5c699b100dfaf0e543582f38f38bf94cb7ae3a5e9abf8d891a34773335?s=96&d=mm&r=g\",\"width\":96,\"height\":96,\"caption\":\"Juliana Laviola\"}},{\"@type\":\"WebPage\",\"@id\":\"https:\\\/\\\/anoticiaonline.com.br\\\/site\\\/nacional-perde-de-virada-para-o-democrata-de-governador-valadares\\\/#webpage\",\"url\":\"https:\\\/\\\/anoticiaonline.com.br\\\/site\\\/nacional-perde-de-virada-para-o-democrata-de-governador-valadares\\\/\",\"name\":\"Nacional perde de virada para o Democrata de Governador Valadares - A Not\\u00edcia Online\",\"description\":\"O Nacional sofreu mais uma derrota no M\\u00f3dulo II do Campeonato Mineiro e segue sua rotina de altos e baixos no campeonato. Na noite desta segunda-feira (18), a equipe muriaeense perdeu fora de casa para o Democrata, de Governador Valadares, por 2 a 1. Com a derrota, o NAC caiu para a quarta posi\\u00e7\\u00e3o, com\",\"inLanguage\":\"pt-BR\",\"isPartOf\":{\"@id\":\"https:\\\/\\\/anoticiaonline.com.br\\\/site\\\/#website\"},\"breadcrumb\":{\"@id\":\"https:\\\/\\\/anoticiaonline.com.br\\\/site\\\/nacional-perde-de-virada-para-o-democrata-de-governador-valadares\\\/#breadcrumblist\"},\"author\":{\"@id\":\"https:\\\/\\\/anoticiaonline.com.br\\\/site\\\/author\\\/juliana\\\/#author\"},\"creator\":{\"@id\":\"https:\\\/\\\/anoticiaonline.com.br\\\/site\\\/author\\\/juliana\\\/#author\"},\"image\":{\"@type\":\"ImageObject\",\"url\":\"https:\\\/\\\/anoticiaonline.com.br\\\/site\\\/wp-content\\\/uploads\\\/2019\\\/03\\\/destaq.jpg\",\"@id\":\"https:\\\/\\\/anoticiaonline.com.br\\\/site\\\/nacional-perde-de-virada-para-o-democrata-de-governador-valadares\\\/#mainImage\",\"width\":1000,\"height\":350},\"primaryImageOfPage\":{\"@id\":\"https:\\\/\\\/anoticiaonline.com.br\\\/site\\\/nacional-perde-de-virada-para-o-democrata-de-governador-valadares\\\/#mainImage\"},\"datePublished\":\"2019-03-19T11:44:07-03:00\",\"dateModified\":\"2019-03-19T16:48:43-03:00\"},{\"@type\":\"WebSite\",\"@id\":\"https:\\\/\\\/anoticiaonline.com.br\\\/site\\\/#website\",\"url\":\"https:\\\/\\\/anoticiaonline.com.br\\\/site\\\/\",\"name\":\"A Not\\u00edcia Online\",\"description\":\"Noticias de Muria\\u00e9 e regi\\u00e3o\",\"inLanguage\":\"pt-BR\",\"publisher\":{\"@id\":\"https:\\\/\\\/anoticiaonline.com.br\\\/site\\\/#organization\"}}]}\n\t\t<\/script>\n\t\t<!-- All in One SEO -->\n\n","aioseo_head_json":{"title":"Nacional perde de virada para o Democrata de Governador Valadares - A Not\u00edcia Online","description":"O Nacional sofreu mais uma derrota no M\u00f3dulo II do Campeonato Mineiro e segue sua rotina de altos e baixos no campeonato. Na noite desta segunda-feira (18), a equipe muriaeense perdeu fora de casa para o Democrata, de Governador Valadares, por 2 a 1. Com a derrota, o NAC caiu para a quarta posi\u00e7\u00e3o, com","canonical_url":"https:\/\/anoticiaonline.com.br\/site\/nacional-perde-de-virada-para-o-democrata-de-governador-valadares\/","robots":"max-image-preview:large","keywords":"","webmasterTools":{"miscellaneous":""},"schema":{"@context":"https:\/\/schema.org","@graph":[{"@type":"BlogPosting","@id":"https:\/\/anoticiaonline.com.br\/site\/nacional-perde-de-virada-para-o-democrata-de-governador-valadares\/#blogposting","name":"Nacional perde de virada para o Democrata de Governador Valadares - A Not\u00edcia Online","headline":"Nacional perde de virada para o Democrata de Governador Valadares","author":{"@id":"https:\/\/anoticiaonline.com.br\/site\/author\/juliana\/#author"},"publisher":{"@id":"https:\/\/anoticiaonline.com.br\/site\/#organization"},"image":{"@type":"ImageObject","url":"https:\/\/anoticiaonline.com.br\/site\/wp-content\/uploads\/2019\/03\/destaq.jpg","width":1000,"height":350},"datePublished":"2019-03-19T11:44:07-03:00","dateModified":"2019-03-19T16:48:43-03:00","inLanguage":"pt-BR","mainEntityOfPage":{"@id":"https:\/\/anoticiaonline.com.br\/site\/nacional-perde-de-virada-para-o-democrata-de-governador-valadares\/#webpage"},"isPartOf":{"@id":"https:\/\/anoticiaonline.com.br\/site\/nacional-perde-de-virada-para-o-democrata-de-governador-valadares\/#webpage"},"articleSection":"Blog, Esporte, mineiro modulo ii, Muria\u00e9, nac"},{"@type":"BreadcrumbList","@id":"https:\/\/anoticiaonline.com.br\/site\/nacional-perde-de-virada-para-o-democrata-de-governador-valadares\/#breadcrumblist","itemListElement":[{"@type":"ListItem","@id":"https:\/\/anoticiaonline.com.br\/site#listItem","position":1,"name":"Home","item":"https:\/\/anoticiaonline.com.br\/site","nextItem":{"@type":"ListItem","@id":"https:\/\/anoticiaonline.com.br\/site\/categoria\/esporte\/#listItem","name":"Esporte"}},{"@type":"ListItem","@id":"https:\/\/anoticiaonline.com.br\/site\/categoria\/esporte\/#listItem","position":2,"name":"Esporte","item":"https:\/\/anoticiaonline.com.br\/site\/categoria\/esporte\/","nextItem":{"@type":"ListItem","@id":"https:\/\/anoticiaonline.com.br\/site\/nacional-perde-de-virada-para-o-democrata-de-governador-valadares\/#listItem","name":"Nacional perde de virada para o Democrata de Governador Valadares"},"previousItem":{"@type":"ListItem","@id":"https:\/\/anoticiaonline.com.br\/site#listItem","name":"Home"}},{"@type":"ListItem","@id":"https:\/\/anoticiaonline.com.br\/site\/nacional-perde-de-virada-para-o-democrata-de-governador-valadares\/#listItem","position":3,"name":"Nacional perde de virada para o Democrata de Governador Valadares","previousItem":{"@type":"ListItem","@id":"https:\/\/anoticiaonline.com.br\/site\/categoria\/esporte\/#listItem","name":"Esporte"}}]},{"@type":"Organization","@id":"https:\/\/anoticiaonline.com.br\/site\/#organization","name":"A Not\u00edcia Online","description":"Noticias de Muria\u00e9 e regi\u00e3o","url":"https:\/\/anoticiaonline.com.br\/site\/","logo":{"@type":"ImageObject","url":"https:\/\/scontent-gig4-1.xx.fbcdn.net\/v\/t39.30808-1\/270437624_4564083193639691_6907940295614233970_n.jpg?stp=dst-jpg_s200x200_tt6&_nc_cat=111&ccb=1-7&_nc_sid=f907e8&_nc_ohc=SM1wRlP3lJwQ7kNvwEPuBYA&_nc_oc=AdnqrjDN_BNjSSHWO-GbkIWH6fkGMLw4bqvL_NH6e2wMveX7G-rP2dAqsDSq1mJMOaY&_nc_zt=24&_nc_ht=scontent-gig4-1.xx&_nc_gid=AoBFJeGrT1hVaew_6rchkQ&oh=00_AfX7QmFGhQhG2jAllVgXCiM1ZrWgvtp80-Bfppyexh1QEg&oe=689E923C","@id":"https:\/\/anoticiaonline.com.br\/site\/nacional-perde-de-virada-para-o-democrata-de-governador-valadares\/#organizationLogo"},"image":{"@id":"https:\/\/anoticiaonline.com.br\/site\/nacional-perde-de-virada-para-o-democrata-de-governador-valadares\/#organizationLogo"}},{"@type":"Person","@id":"https:\/\/anoticiaonline.com.br\/site\/author\/juliana\/#author","url":"https:\/\/anoticiaonline.com.br\/site\/author\/juliana\/","name":"Juliana Laviola","image":{"@type":"ImageObject","@id":"https:\/\/anoticiaonline.com.br\/site\/nacional-perde-de-virada-para-o-democrata-de-governador-valadares\/#authorImage","url":"https:\/\/secure.gravatar.com\/avatar\/b8d45f5c699b100dfaf0e543582f38f38bf94cb7ae3a5e9abf8d891a34773335?s=96&d=mm&r=g","width":96,"height":96,"caption":"Juliana Laviola"}},{"@type":"WebPage","@id":"https:\/\/anoticiaonline.com.br\/site\/nacional-perde-de-virada-para-o-democrata-de-governador-valadares\/#webpage","url":"https:\/\/anoticiaonline.com.br\/site\/nacional-perde-de-virada-para-o-democrata-de-governador-valadares\/","name":"Nacional perde de virada para o Democrata de Governador Valadares - A Not\u00edcia Online","description":"O Nacional sofreu mais uma derrota no M\u00f3dulo II do Campeonato Mineiro e segue sua rotina de altos e baixos no campeonato. Na noite desta segunda-feira (18), a equipe muriaeense perdeu fora de casa para o Democrata, de Governador Valadares, por 2 a 1. Com a derrota, o NAC caiu para a quarta posi\u00e7\u00e3o, com","inLanguage":"pt-BR","isPartOf":{"@id":"https:\/\/anoticiaonline.com.br\/site\/#website"},"breadcrumb":{"@id":"https:\/\/anoticiaonline.com.br\/site\/nacional-perde-de-virada-para-o-democrata-de-governador-valadares\/#breadcrumblist"},"author":{"@id":"https:\/\/anoticiaonline.com.br\/site\/author\/juliana\/#author"},"creator":{"@id":"https:\/\/anoticiaonline.com.br\/site\/author\/juliana\/#author"},"image":{"@type":"ImageObject","url":"https:\/\/anoticiaonline.com.br\/site\/wp-content\/uploads\/2019\/03\/destaq.jpg","@id":"https:\/\/anoticiaonline.com.br\/site\/nacional-perde-de-virada-para-o-democrata-de-governador-valadares\/#mainImage","width":1000,"height":350},"primaryImageOfPage":{"@id":"https:\/\/anoticiaonline.com.br\/site\/nacional-perde-de-virada-para-o-democrata-de-governador-valadares\/#mainImage"},"datePublished":"2019-03-19T11:44:07-03:00","dateModified":"2019-03-19T16:48:43-03:00"},{"@type":"WebSite","@id":"https:\/\/anoticiaonline.com.br\/site\/#website","url":"https:\/\/anoticiaonline.com.br\/site\/","name":"A Not\u00edcia Online","description":"Noticias de Muria\u00e9 e regi\u00e3o","inLanguage":"pt-BR","publisher":{"@id":"https:\/\/anoticiaonline.com.br\/site\/#organization"}}]},"og:locale":"pt_BR","og:site_name":"A Not\u00edcia Online - Noticias de Muria\u00e9 e regi\u00e3o","og:type":"article","og:title":"Nacional perde de virada para o Democrata de Governador Valadares - A Not\u00edcia Online","og:description":"O Nacional sofreu mais uma derrota no M\u00f3dulo II do Campeonato Mineiro e segue sua rotina de altos e baixos no campeonato. Na noite desta segunda-feira (18), a equipe muriaeense perdeu fora de casa para o Democrata, de Governador Valadares, por 2 a 1. Com a derrota, o NAC caiu para a quarta posi\u00e7\u00e3o, com","og:url":"https:\/\/anoticiaonline.com.br\/site\/nacional-perde-de-virada-para-o-democrata-de-governador-valadares\/","og:image":"https:\/\/scontent-gig4-1.xx.fbcdn.net\/v\/t39.30808-1\/270437624_4564083193639691_6907940295614233970_n.jpg?stp=dst-jpg_s200x200_tt6&#038;_nc_cat=111&#038;ccb=1-7&#038;_nc_sid=f907e8&#038;_nc_ohc=SM1wRlP3lJwQ7kNvwEPuBYA&#038;_nc_oc=AdnqrjDN_BNjSSHWO-GbkIWH6fkGMLw4bqvL_NH6e2wMveX7G-rP2dAqsDSq1mJMOaY&#038;_nc_zt=24&#038;_nc_ht=scontent-gig4-1.xx&#038;_nc_gid=AoBFJeGrT1hVaew_6rchkQ&#038;oh=00_AfX7QmFGhQhG2jAllVgXCiM1ZrWgvtp80-Bfppyexh1QEg&#038;oe=689E923C","og:image:secure_url":"https:\/\/scontent-gig4-1.xx.fbcdn.net\/v\/t39.30808-1\/270437624_4564083193639691_6907940295614233970_n.jpg?stp=dst-jpg_s200x200_tt6&#038;_nc_cat=111&#038;ccb=1-7&#038;_nc_sid=f907e8&#038;_nc_ohc=SM1wRlP3lJwQ7kNvwEPuBYA&#038;_nc_oc=AdnqrjDN_BNjSSHWO-GbkIWH6fkGMLw4bqvL_NH6e2wMveX7G-rP2dAqsDSq1mJMOaY&#038;_nc_zt=24&#038;_nc_ht=scontent-gig4-1.xx&#038;_nc_gid=AoBFJeGrT1hVaew_6rchkQ&#038;oh=00_AfX7QmFGhQhG2jAllVgXCiM1ZrWgvtp80-Bfppyexh1QEg&#038;oe=689E923C","article:published_time":"2019-03-19T14:44:07+00:00","article:modified_time":"2019-03-19T19:48:43+00:00","twitter:card":"summary_large_image","twitter:title":"Nacional perde de virada para o Democrata de Governador Valadares - A Not\u00edcia Online","twitter:description":"O Nacional sofreu mais uma derrota no M\u00f3dulo II do Campeonato Mineiro e segue sua rotina de altos e baixos no campeonato. Na noite desta segunda-feira (18), a equipe muriaeense perdeu fora de casa para o Democrata, de Governador Valadares, por 2 a 1. Com a derrota, o NAC caiu para a quarta posi\u00e7\u00e3o, com","twitter:image":"https:\/\/scontent-gig4-1.xx.fbcdn.net\/v\/t39.30808-1\/270437624_4564083193639691_6907940295614233970_n.jpg?stp=dst-jpg_s200x200_tt6&_nc_cat=111&ccb=1-7&_nc_sid=f907e8&_nc_ohc=SM1wRlP3lJwQ7kNvwEPuBYA&_nc_oc=AdnqrjDN_BNjSSHWO-GbkIWH6fkGMLw4bqvL_NH6e2wMveX7G-rP2dAqsDSq1mJMOaY&_nc_zt=24&_nc_ht=scontent-gig4-1.xx&_nc_gid=AoBFJeGrT1hVaew_6rchkQ&oh=00_AfX7QmFGhQhG2jAllVgXCiM1ZrWgvtp80-Bfppyexh1QEg&oe=689E923C"},"aioseo_meta_data":{"post_id":"68097","title":null,"description":null,"keywords":null,"keyphrases":null,"primary_term":null,"canonical_url":null,"og_title":null,"og_description":null,"og_object_type":"default","og_image_type":"default","og_image_url":null,"og_image_width":null,"og_image_height":null,"og_image_custom_url":null,"og_image_custom_fields":null,"og_video":null,"og_custom_url":null,"og_article_section":null,"og_article_tags":null,"twitter_use_og":false,"twitter_card":"default","twitter_image_type":"default","twitter_image_url":null,"twitter_image_custom_url":null,"twitter_image_custom_fields":null,"twitter_title":null,"twitter_description":null,"schema":{"blockGraphs":[],"customGraphs":[],"default":{"data":{"Article":[],"Course":[],"Dataset":[],"FAQPage":[],"Movie":[],"Person":[],"Product":[],"ProductReview":[],"Car":[],"Recipe":[],"Service":[],"SoftwareApplication":[],"WebPage":[]},"graphName":"","isEnabled":true},"graphs":[]},"schema_type":"default","schema_type_options":null,"pillar_content":false,"robots_default":true,"robots_noindex":false,"robots_noarchive":false,"robots_nosnippet":false,"robots_nofollow":false,"robots_noimageindex":false,"robots_noodp":false,"robots_notranslate":false,"robots_max_snippet":null,"robots_max_videopreview":null,"robots_max_imagepreview":"large","priority":null,"frequency":null,"local_seo":null,"breadcrumb_settings":null,"limit_modified_date":false,"ai":null,"created":"2025-08-16 22:57:29","updated":"2025-08-16 22:57:29","focus_keyword":null,"additional_keywords":null,"truseo_locale":null,"seo_analyzer_scan_date":null},"aioseo_breadcrumb":"<div class=\"aioseo-breadcrumbs\"><span class=\"aioseo-breadcrumb\">\n\t\t\t<a href=\"https:\/\/anoticiaonline.com.br\/site\" title=\"Home\">Home<\/a>\n\t\t<\/span><span class=\"aioseo-breadcrumb-separator\">&raquo;<\/span><span class=\"aioseo-breadcrumb\">\n\t\t\t<a href=\"https:\/\/anoticiaonline.com.br\/site\/categoria\/esporte\/\" title=\"Esporte\">Esporte<\/a>\n\t\t<\/span><span class=\"aioseo-breadcrumb-separator\">&raquo;<\/span><span class=\"aioseo-breadcrumb\">\n\t\t\tNacional perde de virada para o Democrata de Governador Valadares\n\t\t<\/span><\/div>","aioseo_breadcrumb_json":[{"label":"Home","link":"https:\/\/anoticiaonline.com.br\/site"},{"label":"Esporte","link":"https:\/\/anoticiaonline.com.br\/site\/categoria\/esporte\/"},{"label":"Nacional perde de virada para o Democrata de Governador Valadares","link":"https:\/\/anoticiaonline.com.br\/site\/nacional-perde-de-virada-para-o-democrata-de-governador-valadares\/"}],"views":161,"_links":{"self":[{"href":"https:\/\/anoticiaonline.com.br\/site\/wp-json\/wp\/v2\/posts\/68097","targetHints":{"allow":["GET"]}}],"collection":[{"href":"https:\/\/anoticiaonline.com.br\/site\/wp-json\/wp\/v2\/posts"}],"about":[{"href":"https:\/\/anoticiaonline.com.br\/site\/wp-json\/wp\/v2\/types\/post"}],"author":[{"embeddable":true,"href":"https:\/\/anoticiaonline.com.br\/site\/wp-json\/wp\/v2\/users\/2"}],"replies":[{"embeddable":true,"href":"https:\/\/anoticiaonline.com.br\/site\/wp-json\/wp\/v2\/comments?post=68097"}],"version-history":[{"count":0,"href":"https:\/\/anoticiaonline.com.br\/site\/wp-json\/wp\/v2\/posts\/68097\/revisions"}],"wp:featuredmedia":[{"embeddable":true,"href":"https:\/\/anoticiaonline.com.br\/site\/wp-json\/wp\/v2\/media\/68099"}],"wp:attachment":[{"href":"https:\/\/anoticiaonline.com.br\/site\/wp-json\/wp\/v2\/media?parent=68097"}],"wp:term":[{"taxonomy":"category","embeddable":true,"href":"https:\/\/anoticiaonline.com.br\/site\/wp-json\/wp\/v2\/categories?post=68097"},{"taxonomy":"post_tag","embeddable":true,"href":"https:\/\/anoticiaonline.com.br\/site\/wp-json\/wp\/v2\/tags?post=68097"}],"curies":[{"name":"wp","href":"https:\/\/api.w.org\/{rel}","templated":true}]}}