{"id":68033,"date":"2019-03-14T19:11:46","date_gmt":"2019-03-14T22:11:46","guid":{"rendered":"http:\/\/anoticiaonline.com.br\/site\/?p=68033"},"modified":"2019-03-16T19:06:02","modified_gmt":"2019-03-16T22:06:02","slug":"retiro-ieq","status":"publish","type":"post","link":"https:\/\/anoticiaonline.com.br\/site\/retiro-ieq\/","title":{"rendered":"Retiro IEQ"},"content":{"rendered":"<h2><strong>Retiro da Igreja do Evangelho Quadrangular re\u00fane jovens e adolescentes para adora\u00e7\u00e3o a Deus e crescimento espiritual<\/strong><\/h2>\n<p><a href=\"https:\/\/anoticiaonline.com.br\/site\/wp-content\/uploads\/2019\/03\/DSC_0900.jpg\"><img fetchpriority=\"high\" decoding=\"async\" class=\"aligncenter size-full wp-image-68037\" src=\"https:\/\/anoticiaonline.com.br\/site\/wp-content\/uploads\/2019\/03\/DSC_0900.jpg\" alt=\"\" width=\"1000\" height=\"667\" srcset=\"https:\/\/anoticiaonline.com.br\/site\/wp-content\/uploads\/2019\/03\/DSC_0900.jpg 1000w, https:\/\/anoticiaonline.com.br\/site\/wp-content\/uploads\/2019\/03\/DSC_0900-300x200.jpg 300w, https:\/\/anoticiaonline.com.br\/site\/wp-content\/uploads\/2019\/03\/DSC_0900-768x512.jpg 768w\" sizes=\"(max-width: 1000px) 100vw, 1000px\" \/><\/a><\/p>\n<p>Mais de 130 jovens e adolescentes estiveram reunidos, entre s\u00e1bado (2) e ter\u00e7a (5), para o Retiro da Igreja do Evangelho Quadrangular. Durante os quatro dias, os retirantes participaram de um intenso momento de adora\u00e7\u00e3o e louvor, onde havia tamb\u00e9m atividades culturais e esportivas, alimenta\u00e7\u00e3o, alojamento e acompanhamento total da equipe da Igreja.<!--more--><\/p>\n<p>De acordo com o Reverendo Wilson Reis, o evento, que j\u00e1 \u00e9 tradicional na IEQ, busca seguir os planos e projetos que Deus traz para estes jovens. Num momento em que muitos se entregam aos prazeres mundanos, devido ao carnaval, a Igreja promove um momento de aproxima\u00e7\u00e3o com Deus e seus ideais. \u201cQuantos jovens est\u00e3o pelas ruas se drogando, prostituindo, roubando, matando, sem ter pra onde ir? Oferecemos a eles toda uma estrutura, os permitindo se alimentar, dormir, tomar banho, fazer diversas atividades durante o dia. Est\u00e3o desfrutando do melhor, com ora\u00e7\u00f5es, ensinamento da Palavra, orienta\u00e7\u00f5es espiritual, material e f\u00edsica, falando a respeito do que \u00e9 a vida e de como podemos nos aproximar cada vez mais de Deus\u201d, explicou o reverendo.<\/p>\n<p>Reverendo Wilson falou tamb\u00e9m sobre o momento em que \u00e9 realizado o retiro. \u201cAproveitamos esse momento do carnaval para tir\u00e1-los do mundo e trazer para um lugar reservado, onde est\u00e3o desfrutando do melhor de Deus. Se cada um fizer um pouquinho, conseguiremos amenizar o sofrimento de muitas fam\u00edlias\u201d, garantiu.<\/p>\n<p>Presidente do Grupo de Adolescentes da IEQ Sede e Coordenadora da 415\u00aa regi\u00e3o, Zenilda Nery da Silva tamb\u00e9m esteve \u00e0 frente da organiza\u00e7\u00e3o do evento. Ela explicou que, a cada ano, um tema b\u00edblico \u00e9 escolhido para o retiro e, neste ano, o tema est\u00e1 em Neemias, 8:10: \u201cportanto n\u00e3o vos entriste\u00e7ais, porque a alegria do Senhor \u00e9 a vossa for\u00e7a\u201d. \u201cPrecisamos refletir pois Deus \u00e9 quem nos fortalece, Deus \u00e9 quem tem de se alegrar com nossas atitudes. E atualmente, muitas vezes os jovens buscam uma falsa alegria nas drogas, em coisas do mundo, o que n\u00e3o contribui para os planos do Nosso Senhor\u201d, afirmou Zenilda, contando ainda que o tema \u201ccirco\u201d esteve presente na edi\u00e7\u00e3o deste ano. \u201cOs jovens foram incentivados a demonstrar suas aptid\u00f5es art\u00edsticas, ofertando este talento a Deus. Sorteamos entre os participantes dois ingressos para o CONAD, evento estadual que acontece em Junho, em Belo Horizonte\u201d, contou.<\/p>\n<p>Zenilda explicou que o Retiro \u00e9 uma oportunidade de aumentar a intera\u00e7\u00e3o da Sede com as outras IEQs e tamb\u00e9m de incutir responsabilidades e a import\u00e2ncia do trabalho de equipe para os jovens e adolescentes. \u201cRealizamos gincanas e mostramos como a uni\u00e3o pode modificar nosso dia-a-dia. Eles participam dos momentos de adora\u00e7\u00e3o e reflex\u00e3o, mas tamb\u00e9m s\u00e3o respons\u00e1veis por cuidar dos quartos e de seus materiais, respeitar os hor\u00e1rios e a organiza\u00e7\u00e3o\u201d, revelou Zenilda, lembrando-se do importante trabalho dos volunt\u00e1rios. \u201cEu, como muitos aqui, participei da equipe e hoje estou aqui tendo a oportunidade de coordenar os trabalhos. Agrade\u00e7o ao Reverendo Wilson, que me confiou essa fun\u00e7\u00e3o, \u00e0 Pastora Marta, coordenadora anterior, a todos os pastores que enviaram seus membros adolescentes pra c\u00e1, investindo para custear muitos dos gastos, ao Z\u00e9 Maria, vice coordenador e respons\u00e1vel pela alimenta\u00e7\u00e3o e equipe de cozinha, \u00e0s m\u00e3es e mulheres que se disp\u00f5em e est\u00e3o aqui servindo ao Reino de Deus e \u00e0 toda equipe que me apoiou e ajudou, pois sem eles n\u00e3o seria poss\u00edvel\u201d, concluiu.<\/p>\n<p><strong>Convite &#8211;<\/strong> O Reverendo Wilson Reis finalizou com um convite. \u201cTodos est\u00e3o convidados a juntar-se a n\u00f3s, para que possamos fazer a diferen\u00e7a n\u00e3o atrav\u00e9s de religi\u00e3o, mas atrav\u00e9s de Jesus Cristo, que \u00e9 o caminho, a verdade e a vida, a esperan\u00e7a da Gl\u00f3ria. Fa\u00e7a-nos uma visita. Em 19 de abril, estaremos pela 25\u00aa vez celebrando o Grande Serm\u00e3o da Montanha na IEQ, na Rua Ant\u00f4nio Rogerio de Castro, 24, Barra\u201d, concluiu o reverendo.<\/p>\n<div id='gallery-1' class='gallery galleryid-68033 gallery-columns-1 gallery-size-full'><figure class='gallery-item'>\n\t\t\t<div class='gallery-icon landscape'>\n\t\t\t\t<a href='https:\/\/anoticiaonline.com.br\/site\/wp-content\/uploads\/2019\/03\/WhatsApp-Image-2019-03-06-at-23.38.17.jpeg'><img decoding=\"async\" width=\"1000\" height=\"750\" src=\"https:\/\/anoticiaonline.com.br\/site\/wp-content\/uploads\/2019\/03\/WhatsApp-Image-2019-03-06-at-23.38.17.jpeg\" class=\"attachment-full size-full\" alt=\"\" srcset=\"https:\/\/anoticiaonline.com.br\/site\/wp-content\/uploads\/2019\/03\/WhatsApp-Image-2019-03-06-at-23.38.17.jpeg 1000w, https:\/\/anoticiaonline.com.br\/site\/wp-content\/uploads\/2019\/03\/WhatsApp-Image-2019-03-06-at-23.38.17-300x225.jpeg 300w, https:\/\/anoticiaonline.com.br\/site\/wp-content\/uploads\/2019\/03\/WhatsApp-Image-2019-03-06-at-23.38.17-768x576.jpeg 768w, https:\/\/anoticiaonline.com.br\/site\/wp-content\/uploads\/2019\/03\/WhatsApp-Image-2019-03-06-at-23.38.17-105x80.jpeg 105w\" sizes=\"(max-width: 1000px) 100vw, 1000px\" \/><\/a>\n\t\t\t<\/div><\/figure><figure class='gallery-item'>\n\t\t\t<div class='gallery-icon landscape'>\n\t\t\t\t<a href='https:\/\/anoticiaonline.com.br\/site\/wp-content\/uploads\/2019\/03\/WhatsApp-Image-2019-03-06-at-23.38.21.jpeg'><img decoding=\"async\" width=\"1000\" height=\"750\" src=\"https:\/\/anoticiaonline.com.br\/site\/wp-content\/uploads\/2019\/03\/WhatsApp-Image-2019-03-06-at-23.38.21.jpeg\" class=\"attachment-full size-full\" alt=\"\" srcset=\"https:\/\/anoticiaonline.com.br\/site\/wp-content\/uploads\/2019\/03\/WhatsApp-Image-2019-03-06-at-23.38.21.jpeg 1000w, https:\/\/anoticiaonline.com.br\/site\/wp-content\/uploads\/2019\/03\/WhatsApp-Image-2019-03-06-at-23.38.21-300x225.jpeg 300w, https:\/\/anoticiaonline.com.br\/site\/wp-content\/uploads\/2019\/03\/WhatsApp-Image-2019-03-06-at-23.38.21-768x576.jpeg 768w, https:\/\/anoticiaonline.com.br\/site\/wp-content\/uploads\/2019\/03\/WhatsApp-Image-2019-03-06-at-23.38.21-105x80.jpeg 105w\" sizes=\"(max-width: 1000px) 100vw, 1000px\" \/><\/a>\n\t\t\t<\/div><\/figure><figure class='gallery-item'>\n\t\t\t<div class='gallery-icon landscape'>\n\t\t\t\t<a href='https:\/\/anoticiaonline.com.br\/site\/wp-content\/uploads\/2019\/03\/WhatsApp-Image-2019-03-06-at-23.38.22.jpeg'><img loading=\"lazy\" decoding=\"async\" width=\"1000\" height=\"750\" src=\"https:\/\/anoticiaonline.com.br\/site\/wp-content\/uploads\/2019\/03\/WhatsApp-Image-2019-03-06-at-23.38.22.jpeg\" class=\"attachment-full size-full\" alt=\"\" srcset=\"https:\/\/anoticiaonline.com.br\/site\/wp-content\/uploads\/2019\/03\/WhatsApp-Image-2019-03-06-at-23.38.22.jpeg 1000w, https:\/\/anoticiaonline.com.br\/site\/wp-content\/uploads\/2019\/03\/WhatsApp-Image-2019-03-06-at-23.38.22-300x225.jpeg 300w, https:\/\/anoticiaonline.com.br\/site\/wp-content\/uploads\/2019\/03\/WhatsApp-Image-2019-03-06-at-23.38.22-768x576.jpeg 768w, https:\/\/anoticiaonline.com.br\/site\/wp-content\/uploads\/2019\/03\/WhatsApp-Image-2019-03-06-at-23.38.22-105x80.jpeg 105w\" sizes=\"(max-width: 1000px) 100vw, 1000px\" \/><\/a>\n\t\t\t<\/div><\/figure><figure class='gallery-item'>\n\t\t\t<div class='gallery-icon portrait'>\n\t\t\t\t<a href='https:\/\/anoticiaonline.com.br\/site\/wp-content\/uploads\/2019\/03\/WhatsApp-Image-2019-03-06-at-23.38.24.jpeg'><img loading=\"lazy\" decoding=\"async\" width=\"600\" height=\"800\" src=\"https:\/\/anoticiaonline.com.br\/site\/wp-content\/uploads\/2019\/03\/WhatsApp-Image-2019-03-06-at-23.38.24.jpeg\" class=\"attachment-full size-full\" alt=\"\" srcset=\"https:\/\/anoticiaonline.com.br\/site\/wp-content\/uploads\/2019\/03\/WhatsApp-Image-2019-03-06-at-23.38.24.jpeg 600w, https:\/\/anoticiaonline.com.br\/site\/wp-content\/uploads\/2019\/03\/WhatsApp-Image-2019-03-06-at-23.38.24-225x300.jpeg 225w\" sizes=\"(max-width: 600px) 100vw, 600px\" \/><\/a>\n\t\t\t<\/div><\/figure><figure class='gallery-item'>\n\t\t\t<div class='gallery-icon landscape'>\n\t\t\t\t<a href='https:\/\/anoticiaonline.com.br\/site\/wp-content\/uploads\/2019\/03\/WhatsApp-Image-2019-03-06-at-23.40.08-1.jpeg'><img loading=\"lazy\" decoding=\"async\" width=\"1000\" height=\"750\" src=\"https:\/\/anoticiaonline.com.br\/site\/wp-content\/uploads\/2019\/03\/WhatsApp-Image-2019-03-06-at-23.40.08-1.jpeg\" class=\"attachment-full size-full\" alt=\"\" srcset=\"https:\/\/anoticiaonline.com.br\/site\/wp-content\/uploads\/2019\/03\/WhatsApp-Image-2019-03-06-at-23.40.08-1.jpeg 1000w, https:\/\/anoticiaonline.com.br\/site\/wp-content\/uploads\/2019\/03\/WhatsApp-Image-2019-03-06-at-23.40.08-1-300x225.jpeg 300w, https:\/\/anoticiaonline.com.br\/site\/wp-content\/uploads\/2019\/03\/WhatsApp-Image-2019-03-06-at-23.40.08-1-768x576.jpeg 768w, https:\/\/anoticiaonline.com.br\/site\/wp-content\/uploads\/2019\/03\/WhatsApp-Image-2019-03-06-at-23.40.08-1-105x80.jpeg 105w\" sizes=\"(max-width: 1000px) 100vw, 1000px\" \/><\/a>\n\t\t\t<\/div><\/figure><figure class='gallery-item'>\n\t\t\t<div class='gallery-icon landscape'>\n\t\t\t\t<a href='https:\/\/anoticiaonline.com.br\/site\/wp-content\/uploads\/2019\/03\/WhatsApp-Image-2019-03-06-at-23.40.08.jpeg'><img loading=\"lazy\" decoding=\"async\" width=\"1000\" height=\"750\" src=\"https:\/\/anoticiaonline.com.br\/site\/wp-content\/uploads\/2019\/03\/WhatsApp-Image-2019-03-06-at-23.40.08.jpeg\" class=\"attachment-full size-full\" alt=\"\" srcset=\"https:\/\/anoticiaonline.com.br\/site\/wp-content\/uploads\/2019\/03\/WhatsApp-Image-2019-03-06-at-23.40.08.jpeg 1000w, https:\/\/anoticiaonline.com.br\/site\/wp-content\/uploads\/2019\/03\/WhatsApp-Image-2019-03-06-at-23.40.08-300x225.jpeg 300w, https:\/\/anoticiaonline.com.br\/site\/wp-content\/uploads\/2019\/03\/WhatsApp-Image-2019-03-06-at-23.40.08-768x576.jpeg 768w, https:\/\/anoticiaonline.com.br\/site\/wp-content\/uploads\/2019\/03\/WhatsApp-Image-2019-03-06-at-23.40.08-105x80.jpeg 105w\" sizes=\"(max-width: 1000px) 100vw, 1000px\" \/><\/a>\n\t\t\t<\/div><\/figure><figure class='gallery-item'>\n\t\t\t<div class='gallery-icon landscape'>\n\t\t\t\t<a href='https:\/\/anoticiaonline.com.br\/site\/wp-content\/uploads\/2019\/03\/WhatsApp-Image-2019-03-06-at-23.40.09-4.jpeg'><img loading=\"lazy\" decoding=\"async\" width=\"1000\" height=\"750\" src=\"https:\/\/anoticiaonline.com.br\/site\/wp-content\/uploads\/2019\/03\/WhatsApp-Image-2019-03-06-at-23.40.09-4.jpeg\" class=\"attachment-full size-full\" alt=\"\" srcset=\"https:\/\/anoticiaonline.com.br\/site\/wp-content\/uploads\/2019\/03\/WhatsApp-Image-2019-03-06-at-23.40.09-4.jpeg 1000w, https:\/\/anoticiaonline.com.br\/site\/wp-content\/uploads\/2019\/03\/WhatsApp-Image-2019-03-06-at-23.40.09-4-300x225.jpeg 300w, https:\/\/anoticiaonline.com.br\/site\/wp-content\/uploads\/2019\/03\/WhatsApp-Image-2019-03-06-at-23.40.09-4-768x576.jpeg 768w, https:\/\/anoticiaonline.com.br\/site\/wp-content\/uploads\/2019\/03\/WhatsApp-Image-2019-03-06-at-23.40.09-4-105x80.jpeg 105w\" sizes=\"(max-width: 1000px) 100vw, 1000px\" \/><\/a>\n\t\t\t<\/div><\/figure><figure class='gallery-item'>\n\t\t\t<div class='gallery-icon landscape'>\n\t\t\t\t<a href='https:\/\/anoticiaonline.com.br\/site\/wp-content\/uploads\/2019\/03\/WhatsApp-Image-2019-03-06-at-23.40.10.jpeg'><img loading=\"lazy\" decoding=\"async\" width=\"1000\" height=\"563\" src=\"https:\/\/anoticiaonline.com.br\/site\/wp-content\/uploads\/2019\/03\/WhatsApp-Image-2019-03-06-at-23.40.10.jpeg\" class=\"attachment-full size-full\" alt=\"\" srcset=\"https:\/\/anoticiaonline.com.br\/site\/wp-content\/uploads\/2019\/03\/WhatsApp-Image-2019-03-06-at-23.40.10.jpeg 1000w, https:\/\/anoticiaonline.com.br\/site\/wp-content\/uploads\/2019\/03\/WhatsApp-Image-2019-03-06-at-23.40.10-300x169.jpeg 300w, https:\/\/anoticiaonline.com.br\/site\/wp-content\/uploads\/2019\/03\/WhatsApp-Image-2019-03-06-at-23.40.10-768x432.jpeg 768w\" sizes=\"(max-width: 1000px) 100vw, 1000px\" \/><\/a>\n\t\t\t<\/div><\/figure><figure class='gallery-item'>\n\t\t\t<div class='gallery-icon landscape'>\n\t\t\t\t<a href='https:\/\/anoticiaonline.com.br\/site\/wp-content\/uploads\/2019\/03\/DSC_0534-1.jpg'><img loading=\"lazy\" decoding=\"async\" width=\"1000\" height=\"668\" src=\"https:\/\/anoticiaonline.com.br\/site\/wp-content\/uploads\/2019\/03\/DSC_0534-1.jpg\" class=\"attachment-full size-full\" alt=\"\" srcset=\"https:\/\/anoticiaonline.com.br\/site\/wp-content\/uploads\/2019\/03\/DSC_0534-1.jpg 1000w, https:\/\/anoticiaonline.com.br\/site\/wp-content\/uploads\/2019\/03\/DSC_0534-1-300x200.jpg 300w, https:\/\/anoticiaonline.com.br\/site\/wp-content\/uploads\/2019\/03\/DSC_0534-1-768x513.jpg 768w\" sizes=\"(max-width: 1000px) 100vw, 1000px\" \/><\/a>\n\t\t\t<\/div><\/figure><figure class='gallery-item'>\n\t\t\t<div class='gallery-icon landscape'>\n\t\t\t\t<a href='https:\/\/anoticiaonline.com.br\/site\/wp-content\/uploads\/2019\/03\/DSC_0516-1.jpg'><img loading=\"lazy\" decoding=\"async\" width=\"1000\" height=\"668\" src=\"https:\/\/anoticiaonline.com.br\/site\/wp-content\/uploads\/2019\/03\/DSC_0516-1.jpg\" class=\"attachment-full size-full\" alt=\"\" srcset=\"https:\/\/anoticiaonline.com.br\/site\/wp-content\/uploads\/2019\/03\/DSC_0516-1.jpg 1000w, https:\/\/anoticiaonline.com.br\/site\/wp-content\/uploads\/2019\/03\/DSC_0516-1-300x200.jpg 300w, https:\/\/anoticiaonline.com.br\/site\/wp-content\/uploads\/2019\/03\/DSC_0516-1-768x513.jpg 768w\" sizes=\"(max-width: 1000px) 100vw, 1000px\" \/><\/a>\n\t\t\t<\/div><\/figure><figure class='gallery-item'>\n\t\t\t<div class='gallery-icon landscape'>\n\t\t\t\t<a href='https:\/\/anoticiaonline.com.br\/site\/wp-content\/uploads\/2019\/03\/DSC_0519.jpg'><img loading=\"lazy\" decoding=\"async\" width=\"1000\" height=\"668\" src=\"https:\/\/anoticiaonline.com.br\/site\/wp-content\/uploads\/2019\/03\/DSC_0519.jpg\" class=\"attachment-full size-full\" alt=\"\" srcset=\"https:\/\/anoticiaonline.com.br\/site\/wp-content\/uploads\/2019\/03\/DSC_0519.jpg 1000w, https:\/\/anoticiaonline.com.br\/site\/wp-content\/uploads\/2019\/03\/DSC_0519-300x200.jpg 300w, https:\/\/anoticiaonline.com.br\/site\/wp-content\/uploads\/2019\/03\/DSC_0519-768x513.jpg 768w\" sizes=\"(max-width: 1000px) 100vw, 1000px\" \/><\/a>\n\t\t\t<\/div><\/figure>\n\t\t<\/div>\n\n","protected":false},"excerpt":{"rendered":"<p>Retiro da Igreja do Evangelho Quadrangular re\u00fane jovens e adolescentes para adora\u00e7\u00e3o a Deus e crescimento espiritual Mais de 130 jovens e adolescentes estiveram reunidos, entre s\u00e1bado (2) e ter\u00e7a (5), para o Retiro da Igreja do Evangelho Quadrangular. Durante os quatro dias, os retirantes participaram de um intenso momento de adora\u00e7\u00e3o e louvor, onde &#8230; <a title=\"Retiro IEQ\" class=\"read-more\" href=\"https:\/\/anoticiaonline.com.br\/site\/retiro-ieq\/\" aria-label=\"Read more about Retiro IEQ\">Ler mais<\/a><\/p>\n","protected":false},"author":2,"featured_media":68038,"comment_status":"open","ping_status":"open","sticky":false,"template":"","format":"standard","meta":{"_acf_changed":false,"_monsterinsights_skip_tracking":false,"footnotes":""},"categories":[30],"tags":[3742],"class_list":["post-68033","post","type-post","status-publish","format-standard","has-post-thumbnail","hentry","category-muriae","tag-retiro-ieq"],"acf":[],"aioseo_notices":[],"aioseo_head":"\n\t\t<!-- All in One SEO 5.0.0.1 - aioseo.com -->\n\t<meta name=\"description\" content=\"Retiro da Igreja do Evangelho Quadrangular re\u00fane jovens e adolescentes para adora\u00e7\u00e3o a Deus e crescimento espiritual Mais de 130 jovens e adolescentes estiveram reunidos, entre s\u00e1bado (2) e ter\u00e7a (5), para o Retiro da Igreja do Evangelho Quadrangular. Durante os quatro dias, os retirantes participaram de um intenso momento de adora\u00e7\u00e3o e louvor, onde\" \/>\n\t<meta name=\"robots\" content=\"max-image-preview:large\" \/>\n\t<meta name=\"author\" content=\"Juliana Laviola\"\/>\n\t<link rel=\"canonical\" href=\"https:\/\/anoticiaonline.com.br\/site\/retiro-ieq\/\" \/>\n\t<meta name=\"generator\" content=\"All in One SEO (AIOSEO) 5.0.0.1\" \/>\n\t\t<meta property=\"og:locale\" content=\"pt_BR\" \/>\n\t\t<meta property=\"og:site_name\" content=\"A Not\u00edcia Online - Noticias de Muria\u00e9 e regi\u00e3o\" \/>\n\t\t<meta property=\"og:type\" content=\"article\" \/>\n\t\t<meta property=\"og:title\" content=\"Retiro IEQ - A Not\u00edcia Online\" \/>\n\t\t<meta property=\"og:description\" content=\"Retiro da Igreja do Evangelho Quadrangular re\u00fane jovens e adolescentes para adora\u00e7\u00e3o a Deus e crescimento espiritual Mais de 130 jovens e adolescentes estiveram reunidos, entre s\u00e1bado (2) e ter\u00e7a (5), para o Retiro da Igreja do Evangelho Quadrangular. Durante os quatro dias, os retirantes participaram de um intenso momento de adora\u00e7\u00e3o e louvor, onde\" \/>\n\t\t<meta property=\"og:url\" content=\"https:\/\/anoticiaonline.com.br\/site\/retiro-ieq\/\" \/>\n\t\t<meta property=\"og:image\" content=\"https:\/\/scontent-gig4-1.xx.fbcdn.net\/v\/t39.30808-1\/270437624_4564083193639691_6907940295614233970_n.jpg?stp=dst-jpg_s200x200_tt6&#038;_nc_cat=111&#038;ccb=1-7&#038;_nc_sid=f907e8&#038;_nc_ohc=SM1wRlP3lJwQ7kNvwEPuBYA&#038;_nc_oc=AdnqrjDN_BNjSSHWO-GbkIWH6fkGMLw4bqvL_NH6e2wMveX7G-rP2dAqsDSq1mJMOaY&#038;_nc_zt=24&#038;_nc_ht=scontent-gig4-1.xx&#038;_nc_gid=AoBFJeGrT1hVaew_6rchkQ&#038;oh=00_AfX7QmFGhQhG2jAllVgXCiM1ZrWgvtp80-Bfppyexh1QEg&#038;oe=689E923C\" \/>\n\t\t<meta property=\"og:image:secure_url\" content=\"https:\/\/scontent-gig4-1.xx.fbcdn.net\/v\/t39.30808-1\/270437624_4564083193639691_6907940295614233970_n.jpg?stp=dst-jpg_s200x200_tt6&#038;_nc_cat=111&#038;ccb=1-7&#038;_nc_sid=f907e8&#038;_nc_ohc=SM1wRlP3lJwQ7kNvwEPuBYA&#038;_nc_oc=AdnqrjDN_BNjSSHWO-GbkIWH6fkGMLw4bqvL_NH6e2wMveX7G-rP2dAqsDSq1mJMOaY&#038;_nc_zt=24&#038;_nc_ht=scontent-gig4-1.xx&#038;_nc_gid=AoBFJeGrT1hVaew_6rchkQ&#038;oh=00_AfX7QmFGhQhG2jAllVgXCiM1ZrWgvtp80-Bfppyexh1QEg&#038;oe=689E923C\" \/>\n\t\t<meta property=\"article:published_time\" content=\"2019-03-14T22:11:46+00:00\" \/>\n\t\t<meta property=\"article:modified_time\" content=\"2019-03-16T22:06:02+00:00\" \/>\n\t\t<meta name=\"twitter:card\" content=\"summary_large_image\" \/>\n\t\t<meta name=\"twitter:title\" content=\"Retiro IEQ - A Not\u00edcia Online\" \/>\n\t\t<meta name=\"twitter:description\" content=\"Retiro da Igreja do Evangelho Quadrangular re\u00fane jovens e adolescentes para adora\u00e7\u00e3o a Deus e crescimento espiritual Mais de 130 jovens e adolescentes estiveram reunidos, entre s\u00e1bado (2) e ter\u00e7a (5), para o Retiro da Igreja do Evangelho Quadrangular. Durante os quatro dias, os retirantes participaram de um intenso momento de adora\u00e7\u00e3o e louvor, onde\" \/>\n\t\t<meta name=\"twitter:image\" content=\"https:\/\/scontent-gig4-1.xx.fbcdn.net\/v\/t39.30808-1\/270437624_4564083193639691_6907940295614233970_n.jpg?stp=dst-jpg_s200x200_tt6&amp;_nc_cat=111&amp;ccb=1-7&amp;_nc_sid=f907e8&amp;_nc_ohc=SM1wRlP3lJwQ7kNvwEPuBYA&amp;_nc_oc=AdnqrjDN_BNjSSHWO-GbkIWH6fkGMLw4bqvL_NH6e2wMveX7G-rP2dAqsDSq1mJMOaY&amp;_nc_zt=24&amp;_nc_ht=scontent-gig4-1.xx&amp;_nc_gid=AoBFJeGrT1hVaew_6rchkQ&amp;oh=00_AfX7QmFGhQhG2jAllVgXCiM1ZrWgvtp80-Bfppyexh1QEg&amp;oe=689E923C\" \/>\n\t\t<script type=\"application\/ld+json\" class=\"aioseo-schema\">\n\t\t\t{\"@context\":\"https:\\\/\\\/schema.org\",\"@graph\":[{\"@type\":\"BlogPosting\",\"@id\":\"https:\\\/\\\/anoticiaonline.com.br\\\/site\\\/retiro-ieq\\\/#blogposting\",\"name\":\"Retiro IEQ - A Not\\u00edcia Online\",\"headline\":\"Retiro IEQ\",\"author\":{\"@id\":\"https:\\\/\\\/anoticiaonline.com.br\\\/site\\\/author\\\/juliana\\\/#author\"},\"publisher\":{\"@id\":\"https:\\\/\\\/anoticiaonline.com.br\\\/site\\\/#organization\"},\"image\":{\"@type\":\"ImageObject\",\"url\":\"https:\\\/\\\/anoticiaonline.com.br\\\/site\\\/wp-content\\\/uploads\\\/2019\\\/03\\\/WhatsApp-Image-2019-03-06-at-23.38.17.jpeg\",\"width\":1000,\"height\":750},\"datePublished\":\"2019-03-14T19:11:46-03:00\",\"dateModified\":\"2019-03-16T19:06:02-03:00\",\"inLanguage\":\"pt-BR\",\"mainEntityOfPage\":{\"@id\":\"https:\\\/\\\/anoticiaonline.com.br\\\/site\\\/retiro-ieq\\\/#webpage\"},\"isPartOf\":{\"@id\":\"https:\\\/\\\/anoticiaonline.com.br\\\/site\\\/retiro-ieq\\\/#webpage\"},\"articleSection\":\"Blog, retiro IEQ\"},{\"@type\":\"BreadcrumbList\",\"@id\":\"https:\\\/\\\/anoticiaonline.com.br\\\/site\\\/retiro-ieq\\\/#breadcrumblist\",\"itemListElement\":[{\"@type\":\"ListItem\",\"@id\":\"https:\\\/\\\/anoticiaonline.com.br\\\/site#listItem\",\"position\":1,\"name\":\"Home\",\"item\":\"https:\\\/\\\/anoticiaonline.com.br\\\/site\",\"nextItem\":{\"@type\":\"ListItem\",\"@id\":\"https:\\\/\\\/anoticiaonline.com.br\\\/site\\\/categoria\\\/muriae\\\/#listItem\",\"name\":\"Blog\"}},{\"@type\":\"ListItem\",\"@id\":\"https:\\\/\\\/anoticiaonline.com.br\\\/site\\\/categoria\\\/muriae\\\/#listItem\",\"position\":2,\"name\":\"Blog\",\"item\":\"https:\\\/\\\/anoticiaonline.com.br\\\/site\\\/categoria\\\/muriae\\\/\",\"nextItem\":{\"@type\":\"ListItem\",\"@id\":\"https:\\\/\\\/anoticiaonline.com.br\\\/site\\\/retiro-ieq\\\/#listItem\",\"name\":\"Retiro IEQ\"},\"previousItem\":{\"@type\":\"ListItem\",\"@id\":\"https:\\\/\\\/anoticiaonline.com.br\\\/site#listItem\",\"name\":\"Home\"}},{\"@type\":\"ListItem\",\"@id\":\"https:\\\/\\\/anoticiaonline.com.br\\\/site\\\/retiro-ieq\\\/#listItem\",\"position\":3,\"name\":\"Retiro IEQ\",\"previousItem\":{\"@type\":\"ListItem\",\"@id\":\"https:\\\/\\\/anoticiaonline.com.br\\\/site\\\/categoria\\\/muriae\\\/#listItem\",\"name\":\"Blog\"}}]},{\"@type\":\"Organization\",\"@id\":\"https:\\\/\\\/anoticiaonline.com.br\\\/site\\\/#organization\",\"name\":\"A Not\\u00edcia Online\",\"description\":\"Noticias de Muria\\u00e9 e regi\\u00e3o\",\"url\":\"https:\\\/\\\/anoticiaonline.com.br\\\/site\\\/\",\"logo\":{\"@type\":\"ImageObject\",\"url\":\"https:\\\/\\\/scontent-gig4-1.xx.fbcdn.net\\\/v\\\/t39.30808-1\\\/270437624_4564083193639691_6907940295614233970_n.jpg?stp=dst-jpg_s200x200_tt6&_nc_cat=111&ccb=1-7&_nc_sid=f907e8&_nc_ohc=SM1wRlP3lJwQ7kNvwEPuBYA&_nc_oc=AdnqrjDN_BNjSSHWO-GbkIWH6fkGMLw4bqvL_NH6e2wMveX7G-rP2dAqsDSq1mJMOaY&_nc_zt=24&_nc_ht=scontent-gig4-1.xx&_nc_gid=AoBFJeGrT1hVaew_6rchkQ&oh=00_AfX7QmFGhQhG2jAllVgXCiM1ZrWgvtp80-Bfppyexh1QEg&oe=689E923C\",\"@id\":\"https:\\\/\\\/anoticiaonline.com.br\\\/site\\\/retiro-ieq\\\/#organizationLogo\"},\"image\":{\"@id\":\"https:\\\/\\\/anoticiaonline.com.br\\\/site\\\/retiro-ieq\\\/#organizationLogo\"}},{\"@type\":\"Person\",\"@id\":\"https:\\\/\\\/anoticiaonline.com.br\\\/site\\\/author\\\/juliana\\\/#author\",\"url\":\"https:\\\/\\\/anoticiaonline.com.br\\\/site\\\/author\\\/juliana\\\/\",\"name\":\"Juliana Laviola\",\"image\":{\"@type\":\"ImageObject\",\"@id\":\"https:\\\/\\\/anoticiaonline.com.br\\\/site\\\/retiro-ieq\\\/#authorImage\",\"url\":\"https:\\\/\\\/secure.gravatar.com\\\/avatar\\\/b8d45f5c699b100dfaf0e543582f38f38bf94cb7ae3a5e9abf8d891a34773335?s=96&d=mm&r=g\",\"width\":96,\"height\":96,\"caption\":\"Juliana Laviola\"}},{\"@type\":\"WebPage\",\"@id\":\"https:\\\/\\\/anoticiaonline.com.br\\\/site\\\/retiro-ieq\\\/#webpage\",\"url\":\"https:\\\/\\\/anoticiaonline.com.br\\\/site\\\/retiro-ieq\\\/\",\"name\":\"Retiro IEQ - A Not\\u00edcia Online\",\"description\":\"Retiro da Igreja do Evangelho Quadrangular re\\u00fane jovens e adolescentes para adora\\u00e7\\u00e3o a Deus e crescimento espiritual Mais de 130 jovens e adolescentes estiveram reunidos, entre s\\u00e1bado (2) e ter\\u00e7a (5), para o Retiro da Igreja do Evangelho Quadrangular. Durante os quatro dias, os retirantes participaram de um intenso momento de adora\\u00e7\\u00e3o e louvor, onde\",\"inLanguage\":\"pt-BR\",\"isPartOf\":{\"@id\":\"https:\\\/\\\/anoticiaonline.com.br\\\/site\\\/#website\"},\"breadcrumb\":{\"@id\":\"https:\\\/\\\/anoticiaonline.com.br\\\/site\\\/retiro-ieq\\\/#breadcrumblist\"},\"author\":{\"@id\":\"https:\\\/\\\/anoticiaonline.com.br\\\/site\\\/author\\\/juliana\\\/#author\"},\"creator\":{\"@id\":\"https:\\\/\\\/anoticiaonline.com.br\\\/site\\\/author\\\/juliana\\\/#author\"},\"image\":{\"@type\":\"ImageObject\",\"url\":\"https:\\\/\\\/anoticiaonline.com.br\\\/site\\\/wp-content\\\/uploads\\\/2019\\\/03\\\/WhatsApp-Image-2019-03-06-at-23.38.17.jpeg\",\"@id\":\"https:\\\/\\\/anoticiaonline.com.br\\\/site\\\/retiro-ieq\\\/#mainImage\",\"width\":1000,\"height\":750},\"primaryImageOfPage\":{\"@id\":\"https:\\\/\\\/anoticiaonline.com.br\\\/site\\\/retiro-ieq\\\/#mainImage\"},\"datePublished\":\"2019-03-14T19:11:46-03:00\",\"dateModified\":\"2019-03-16T19:06:02-03:00\"},{\"@type\":\"WebSite\",\"@id\":\"https:\\\/\\\/anoticiaonline.com.br\\\/site\\\/#website\",\"url\":\"https:\\\/\\\/anoticiaonline.com.br\\\/site\\\/\",\"name\":\"A Not\\u00edcia Online\",\"description\":\"Noticias de Muria\\u00e9 e regi\\u00e3o\",\"inLanguage\":\"pt-BR\",\"publisher\":{\"@id\":\"https:\\\/\\\/anoticiaonline.com.br\\\/site\\\/#organization\"}}]}\n\t\t<\/script>\n\t\t<!-- All in One SEO -->\n\n","aioseo_head_json":{"title":"Retiro IEQ - A Not\u00edcia Online","description":"Retiro da Igreja do Evangelho Quadrangular re\u00fane jovens e adolescentes para adora\u00e7\u00e3o a Deus e crescimento espiritual Mais de 130 jovens e adolescentes estiveram reunidos, entre s\u00e1bado (2) e ter\u00e7a (5), para o Retiro da Igreja do Evangelho Quadrangular. Durante os quatro dias, os retirantes participaram de um intenso momento de adora\u00e7\u00e3o e louvor, onde","canonical_url":"https:\/\/anoticiaonline.com.br\/site\/retiro-ieq\/","robots":"max-image-preview:large","keywords":"","webmasterTools":{"miscellaneous":""},"schema":{"@context":"https:\/\/schema.org","@graph":[{"@type":"BlogPosting","@id":"https:\/\/anoticiaonline.com.br\/site\/retiro-ieq\/#blogposting","name":"Retiro IEQ - A Not\u00edcia Online","headline":"Retiro IEQ","author":{"@id":"https:\/\/anoticiaonline.com.br\/site\/author\/juliana\/#author"},"publisher":{"@id":"https:\/\/anoticiaonline.com.br\/site\/#organization"},"image":{"@type":"ImageObject","url":"https:\/\/anoticiaonline.com.br\/site\/wp-content\/uploads\/2019\/03\/WhatsApp-Image-2019-03-06-at-23.38.17.jpeg","width":1000,"height":750},"datePublished":"2019-03-14T19:11:46-03:00","dateModified":"2019-03-16T19:06:02-03:00","inLanguage":"pt-BR","mainEntityOfPage":{"@id":"https:\/\/anoticiaonline.com.br\/site\/retiro-ieq\/#webpage"},"isPartOf":{"@id":"https:\/\/anoticiaonline.com.br\/site\/retiro-ieq\/#webpage"},"articleSection":"Blog, retiro IEQ"},{"@type":"BreadcrumbList","@id":"https:\/\/anoticiaonline.com.br\/site\/retiro-ieq\/#breadcrumblist","itemListElement":[{"@type":"ListItem","@id":"https:\/\/anoticiaonline.com.br\/site#listItem","position":1,"name":"Home","item":"https:\/\/anoticiaonline.com.br\/site","nextItem":{"@type":"ListItem","@id":"https:\/\/anoticiaonline.com.br\/site\/categoria\/muriae\/#listItem","name":"Blog"}},{"@type":"ListItem","@id":"https:\/\/anoticiaonline.com.br\/site\/categoria\/muriae\/#listItem","position":2,"name":"Blog","item":"https:\/\/anoticiaonline.com.br\/site\/categoria\/muriae\/","nextItem":{"@type":"ListItem","@id":"https:\/\/anoticiaonline.com.br\/site\/retiro-ieq\/#listItem","name":"Retiro IEQ"},"previousItem":{"@type":"ListItem","@id":"https:\/\/anoticiaonline.com.br\/site#listItem","name":"Home"}},{"@type":"ListItem","@id":"https:\/\/anoticiaonline.com.br\/site\/retiro-ieq\/#listItem","position":3,"name":"Retiro IEQ","previousItem":{"@type":"ListItem","@id":"https:\/\/anoticiaonline.com.br\/site\/categoria\/muriae\/#listItem","name":"Blog"}}]},{"@type":"Organization","@id":"https:\/\/anoticiaonline.com.br\/site\/#organization","name":"A Not\u00edcia Online","description":"Noticias de Muria\u00e9 e regi\u00e3o","url":"https:\/\/anoticiaonline.com.br\/site\/","logo":{"@type":"ImageObject","url":"https:\/\/scontent-gig4-1.xx.fbcdn.net\/v\/t39.30808-1\/270437624_4564083193639691_6907940295614233970_n.jpg?stp=dst-jpg_s200x200_tt6&_nc_cat=111&ccb=1-7&_nc_sid=f907e8&_nc_ohc=SM1wRlP3lJwQ7kNvwEPuBYA&_nc_oc=AdnqrjDN_BNjSSHWO-GbkIWH6fkGMLw4bqvL_NH6e2wMveX7G-rP2dAqsDSq1mJMOaY&_nc_zt=24&_nc_ht=scontent-gig4-1.xx&_nc_gid=AoBFJeGrT1hVaew_6rchkQ&oh=00_AfX7QmFGhQhG2jAllVgXCiM1ZrWgvtp80-Bfppyexh1QEg&oe=689E923C","@id":"https:\/\/anoticiaonline.com.br\/site\/retiro-ieq\/#organizationLogo"},"image":{"@id":"https:\/\/anoticiaonline.com.br\/site\/retiro-ieq\/#organizationLogo"}},{"@type":"Person","@id":"https:\/\/anoticiaonline.com.br\/site\/author\/juliana\/#author","url":"https:\/\/anoticiaonline.com.br\/site\/author\/juliana\/","name":"Juliana Laviola","image":{"@type":"ImageObject","@id":"https:\/\/anoticiaonline.com.br\/site\/retiro-ieq\/#authorImage","url":"https:\/\/secure.gravatar.com\/avatar\/b8d45f5c699b100dfaf0e543582f38f38bf94cb7ae3a5e9abf8d891a34773335?s=96&d=mm&r=g","width":96,"height":96,"caption":"Juliana Laviola"}},{"@type":"WebPage","@id":"https:\/\/anoticiaonline.com.br\/site\/retiro-ieq\/#webpage","url":"https:\/\/anoticiaonline.com.br\/site\/retiro-ieq\/","name":"Retiro IEQ - A Not\u00edcia Online","description":"Retiro da Igreja do Evangelho Quadrangular re\u00fane jovens e adolescentes para adora\u00e7\u00e3o a Deus e crescimento espiritual Mais de 130 jovens e adolescentes estiveram reunidos, entre s\u00e1bado (2) e ter\u00e7a (5), para o Retiro da Igreja do Evangelho Quadrangular. Durante os quatro dias, os retirantes participaram de um intenso momento de adora\u00e7\u00e3o e louvor, onde","inLanguage":"pt-BR","isPartOf":{"@id":"https:\/\/anoticiaonline.com.br\/site\/#website"},"breadcrumb":{"@id":"https:\/\/anoticiaonline.com.br\/site\/retiro-ieq\/#breadcrumblist"},"author":{"@id":"https:\/\/anoticiaonline.com.br\/site\/author\/juliana\/#author"},"creator":{"@id":"https:\/\/anoticiaonline.com.br\/site\/author\/juliana\/#author"},"image":{"@type":"ImageObject","url":"https:\/\/anoticiaonline.com.br\/site\/wp-content\/uploads\/2019\/03\/WhatsApp-Image-2019-03-06-at-23.38.17.jpeg","@id":"https:\/\/anoticiaonline.com.br\/site\/retiro-ieq\/#mainImage","width":1000,"height":750},"primaryImageOfPage":{"@id":"https:\/\/anoticiaonline.com.br\/site\/retiro-ieq\/#mainImage"},"datePublished":"2019-03-14T19:11:46-03:00","dateModified":"2019-03-16T19:06:02-03:00"},{"@type":"WebSite","@id":"https:\/\/anoticiaonline.com.br\/site\/#website","url":"https:\/\/anoticiaonline.com.br\/site\/","name":"A Not\u00edcia Online","description":"Noticias de Muria\u00e9 e regi\u00e3o","inLanguage":"pt-BR","publisher":{"@id":"https:\/\/anoticiaonline.com.br\/site\/#organization"}}]},"og:locale":"pt_BR","og:site_name":"A Not\u00edcia Online - Noticias de Muria\u00e9 e regi\u00e3o","og:type":"article","og:title":"Retiro IEQ - A Not\u00edcia Online","og:description":"Retiro da Igreja do Evangelho Quadrangular re\u00fane jovens e adolescentes para adora\u00e7\u00e3o a Deus e crescimento espiritual Mais de 130 jovens e adolescentes estiveram reunidos, entre s\u00e1bado (2) e ter\u00e7a (5), para o Retiro da Igreja do Evangelho Quadrangular. Durante os quatro dias, os retirantes participaram de um intenso momento de adora\u00e7\u00e3o e louvor, onde","og:url":"https:\/\/anoticiaonline.com.br\/site\/retiro-ieq\/","og:image":"https:\/\/scontent-gig4-1.xx.fbcdn.net\/v\/t39.30808-1\/270437624_4564083193639691_6907940295614233970_n.jpg?stp=dst-jpg_s200x200_tt6&#038;_nc_cat=111&#038;ccb=1-7&#038;_nc_sid=f907e8&#038;_nc_ohc=SM1wRlP3lJwQ7kNvwEPuBYA&#038;_nc_oc=AdnqrjDN_BNjSSHWO-GbkIWH6fkGMLw4bqvL_NH6e2wMveX7G-rP2dAqsDSq1mJMOaY&#038;_nc_zt=24&#038;_nc_ht=scontent-gig4-1.xx&#038;_nc_gid=AoBFJeGrT1hVaew_6rchkQ&#038;oh=00_AfX7QmFGhQhG2jAllVgXCiM1ZrWgvtp80-Bfppyexh1QEg&#038;oe=689E923C","og:image:secure_url":"https:\/\/scontent-gig4-1.xx.fbcdn.net\/v\/t39.30808-1\/270437624_4564083193639691_6907940295614233970_n.jpg?stp=dst-jpg_s200x200_tt6&#038;_nc_cat=111&#038;ccb=1-7&#038;_nc_sid=f907e8&#038;_nc_ohc=SM1wRlP3lJwQ7kNvwEPuBYA&#038;_nc_oc=AdnqrjDN_BNjSSHWO-GbkIWH6fkGMLw4bqvL_NH6e2wMveX7G-rP2dAqsDSq1mJMOaY&#038;_nc_zt=24&#038;_nc_ht=scontent-gig4-1.xx&#038;_nc_gid=AoBFJeGrT1hVaew_6rchkQ&#038;oh=00_AfX7QmFGhQhG2jAllVgXCiM1ZrWgvtp80-Bfppyexh1QEg&#038;oe=689E923C","article:published_time":"2019-03-14T22:11:46+00:00","article:modified_time":"2019-03-16T22:06:02+00:00","twitter:card":"summary_large_image","twitter:title":"Retiro IEQ - A Not\u00edcia Online","twitter:description":"Retiro da Igreja do Evangelho Quadrangular re\u00fane jovens e adolescentes para adora\u00e7\u00e3o a Deus e crescimento espiritual Mais de 130 jovens e adolescentes estiveram reunidos, entre s\u00e1bado (2) e ter\u00e7a (5), para o Retiro da Igreja do Evangelho Quadrangular. Durante os quatro dias, os retirantes participaram de um intenso momento de adora\u00e7\u00e3o e louvor, onde","twitter:image":"https:\/\/scontent-gig4-1.xx.fbcdn.net\/v\/t39.30808-1\/270437624_4564083193639691_6907940295614233970_n.jpg?stp=dst-jpg_s200x200_tt6&_nc_cat=111&ccb=1-7&_nc_sid=f907e8&_nc_ohc=SM1wRlP3lJwQ7kNvwEPuBYA&_nc_oc=AdnqrjDN_BNjSSHWO-GbkIWH6fkGMLw4bqvL_NH6e2wMveX7G-rP2dAqsDSq1mJMOaY&_nc_zt=24&_nc_ht=scontent-gig4-1.xx&_nc_gid=AoBFJeGrT1hVaew_6rchkQ&oh=00_AfX7QmFGhQhG2jAllVgXCiM1ZrWgvtp80-Bfppyexh1QEg&oe=689E923C"},"aioseo_meta_data":{"post_id":"68033","title":null,"description":null,"keywords":null,"keyphrases":null,"primary_term":null,"canonical_url":null,"og_title":null,"og_description":null,"og_object_type":"default","og_image_type":"default","og_image_url":null,"og_image_width":null,"og_image_height":null,"og_image_custom_url":null,"og_image_custom_fields":null,"og_video":null,"og_custom_url":null,"og_article_section":null,"og_article_tags":null,"twitter_use_og":false,"twitter_card":"default","twitter_image_type":"default","twitter_image_url":null,"twitter_image_custom_url":null,"twitter_image_custom_fields":null,"twitter_title":null,"twitter_description":null,"schema":{"blockGraphs":[],"customGraphs":[],"default":{"data":{"Article":[],"Course":[],"Dataset":[],"FAQPage":[],"Movie":[],"Person":[],"Product":[],"ProductReview":[],"Car":[],"Recipe":[],"Service":[],"SoftwareApplication":[],"WebPage":[]},"graphName":"","isEnabled":true},"graphs":[]},"schema_type":"default","schema_type_options":null,"pillar_content":false,"robots_default":true,"robots_noindex":false,"robots_noarchive":false,"robots_nosnippet":false,"robots_nofollow":false,"robots_noimageindex":false,"robots_noodp":false,"robots_notranslate":false,"robots_max_snippet":null,"robots_max_videopreview":null,"robots_max_imagepreview":"large","priority":null,"frequency":null,"local_seo":null,"breadcrumb_settings":null,"limit_modified_date":false,"ai":null,"created":"2025-08-16 22:57:29","updated":"2025-08-16 22:57:29","focus_keyword":null,"additional_keywords":null,"truseo_locale":null,"seo_analyzer_scan_date":null},"aioseo_breadcrumb":"<div class=\"aioseo-breadcrumbs\"><span class=\"aioseo-breadcrumb\">\n\t\t\t<a href=\"https:\/\/anoticiaonline.com.br\/site\" title=\"Home\">Home<\/a>\n\t\t<\/span><span class=\"aioseo-breadcrumb-separator\">&raquo;<\/span><span class=\"aioseo-breadcrumb\">\n\t\t\t<a href=\"https:\/\/anoticiaonline.com.br\/site\/categoria\/muriae\/\" title=\"Blog\">Blog<\/a>\n\t\t<\/span><span class=\"aioseo-breadcrumb-separator\">&raquo;<\/span><span class=\"aioseo-breadcrumb\">\n\t\t\tRetiro IEQ\n\t\t<\/span><\/div>","aioseo_breadcrumb_json":[{"label":"Home","link":"https:\/\/anoticiaonline.com.br\/site"},{"label":"Blog","link":"https:\/\/anoticiaonline.com.br\/site\/categoria\/muriae\/"},{"label":"Retiro IEQ","link":"https:\/\/anoticiaonline.com.br\/site\/retiro-ieq\/"}],"views":274,"_links":{"self":[{"href":"https:\/\/anoticiaonline.com.br\/site\/wp-json\/wp\/v2\/posts\/68033","targetHints":{"allow":["GET"]}}],"collection":[{"href":"https:\/\/anoticiaonline.com.br\/site\/wp-json\/wp\/v2\/posts"}],"about":[{"href":"https:\/\/anoticiaonline.com.br\/site\/wp-json\/wp\/v2\/types\/post"}],"author":[{"embeddable":true,"href":"https:\/\/anoticiaonline.com.br\/site\/wp-json\/wp\/v2\/users\/2"}],"replies":[{"embeddable":true,"href":"https:\/\/anoticiaonline.com.br\/site\/wp-json\/wp\/v2\/comments?post=68033"}],"version-history":[{"count":0,"href":"https:\/\/anoticiaonline.com.br\/site\/wp-json\/wp\/v2\/posts\/68033\/revisions"}],"wp:featuredmedia":[{"embeddable":true,"href":"https:\/\/anoticiaonline.com.br\/site\/wp-json\/wp\/v2\/media\/68038"}],"wp:attachment":[{"href":"https:\/\/anoticiaonline.com.br\/site\/wp-json\/wp\/v2\/media?parent=68033"}],"wp:term":[{"taxonomy":"category","embeddable":true,"href":"https:\/\/anoticiaonline.com.br\/site\/wp-json\/wp\/v2\/categories?post=68033"},{"taxonomy":"post_tag","embeddable":true,"href":"https:\/\/anoticiaonline.com.br\/site\/wp-json\/wp\/v2\/tags?post=68033"}],"curies":[{"name":"wp","href":"https:\/\/api.w.org\/{rel}","templated":true}]}}