{"id":67997,"date":"2019-03-14T18:45:55","date_gmt":"2019-03-14T21:45:55","guid":{"rendered":"http:\/\/anoticiaonline.com.br\/site\/?p=67997"},"modified":"2019-03-14T18:45:55","modified_gmt":"2019-03-14T21:45:55","slug":"colina-country-club-promove-confraternizacao-pelo-dia-internacional-da-mulher-2","status":"publish","type":"post","link":"https:\/\/anoticiaonline.com.br\/site\/colina-country-club-promove-confraternizacao-pelo-dia-internacional-da-mulher-2\/","title":{"rendered":"Colina Country Club promove confraterniza\u00e7\u00e3o pelo Dia Internacional da Mulher"},"content":{"rendered":"<p><a href=\"https:\/\/anoticiaonline.com.br\/site\/wp-content\/uploads\/2019\/03\/DSC_0014.jpg\"><img fetchpriority=\"high\" decoding=\"async\" class=\"aligncenter size-full wp-image-68001\" src=\"https:\/\/anoticiaonline.com.br\/site\/wp-content\/uploads\/2019\/03\/DSC_0014.jpg\" alt=\"\" width=\"1000\" height=\"668\" srcset=\"https:\/\/anoticiaonline.com.br\/site\/wp-content\/uploads\/2019\/03\/DSC_0014.jpg 1000w, https:\/\/anoticiaonline.com.br\/site\/wp-content\/uploads\/2019\/03\/DSC_0014-300x200.jpg 300w, https:\/\/anoticiaonline.com.br\/site\/wp-content\/uploads\/2019\/03\/DSC_0014-768x513.jpg 768w\" sizes=\"(max-width: 1000px) 100vw, 1000px\" \/><\/a><\/p>\n<p>O Colina Country Club promoveu uma confraterniza\u00e7\u00e3o pelo Dia Internacional da Mulher na noite de sexta-feira (8), reunindo s\u00f3cios e convidados, juntamente com seus familiares, para uma celebra\u00e7\u00e3o com m\u00fasica ao vivo com o cantor Bado, uma homenagem especial e a entrega de brinde personalizado as mulheres presentes.<!--more--><\/p>\n<p>A organiza\u00e7\u00e3o da festa, que chegou a sua terceira edi\u00e7\u00e3o, ficou por conta da primeira-dama do clube, Rita de C\u00e1ssia Gomes, que contou com o aux\u00edlio de seu marido, o presidente Ant\u00f4nio Gomes. \u201c\u00c9 uma forma de homenagear e valorizar o papel da mulher na sociedade. Muito mais que homenagens, falamos muito sobre o respeito, que \u00e9 o mais importante. Temos que, a cada dia, mostrar que somos iguais e que merecemos o mesmo respeito e mesmo espa\u00e7o na sociedade\u201d, avaliou. Na oportunidade todas as mulheres presentes no evento receberam um presente personalizado do Colina Country Club.<\/p>\n<p>De acordo com Ant\u00f4nio Gomes, presidente do Colina, a festa tem como objetivo valorizar e lembrar o papel da mulher na sociedade. \u201cN\u00e3o poder\u00edamos deixar passar em branco uma data t\u00e3o importante. Ent\u00e3o, minha esposa Rita, com a ajuda dos membros da secretaria, organizaram esta festa que, pelo terceiro ano consecutivo, re\u00fane fam\u00edlias inteiras em uma noite muito agrad\u00e1vel. Aproveito a oportunidade para agradecer aos diretores e funcion\u00e1rios que sempre nos apoiam e aos s\u00f3cios que sempre comparecem aos nossos eventos, fazendo com que eles fiquem cada vez mais especiais\u201d, salientou.<\/p>\n<p>Durante as comemora\u00e7\u00f5es, a diretoria do Colina fez quest\u00e3o de homenagear a funcion\u00e1ria F\u00e1tima Aparecida Tadeu Suzana, carinhosamente chamada de Fatinha, que est\u00e1 completando 15 anos de trabalho no clube. \u201cFizemos quest\u00e3o que homenagear a nossa Fatinha, que h\u00e1 15 anos dedica a sua vida ao nosso clube. Aproveitamos a data para agradecer a ela pelo tempo de trabalho e tamb\u00e9m em nome dela homenagear a todas as mulheres que trabalham e dedicam o seu tempo em prol de nossa sociedade\u201d, finalizou o presidente.<\/p>\n<div id='gallery-1' class='gallery galleryid-67997 gallery-columns-1 gallery-size-full'><figure class='gallery-item'>\n\t\t\t<div class='gallery-icon landscape'>\n\t\t\t\t<a href='https:\/\/anoticiaonline.com.br\/site\/wp-content\/uploads\/2019\/03\/DSC_0137.jpg'><img decoding=\"async\" width=\"1000\" height=\"668\" src=\"https:\/\/anoticiaonline.com.br\/site\/wp-content\/uploads\/2019\/03\/DSC_0137.jpg\" class=\"attachment-full size-full\" alt=\"\" srcset=\"https:\/\/anoticiaonline.com.br\/site\/wp-content\/uploads\/2019\/03\/DSC_0137.jpg 1000w, https:\/\/anoticiaonline.com.br\/site\/wp-content\/uploads\/2019\/03\/DSC_0137-300x200.jpg 300w, https:\/\/anoticiaonline.com.br\/site\/wp-content\/uploads\/2019\/03\/DSC_0137-768x513.jpg 768w\" sizes=\"(max-width: 1000px) 100vw, 1000px\" \/><\/a>\n\t\t\t<\/div><\/figure><figure class='gallery-item'>\n\t\t\t<div class='gallery-icon landscape'>\n\t\t\t\t<a href='https:\/\/anoticiaonline.com.br\/site\/wp-content\/uploads\/2019\/03\/DSC_0121.jpg'><img decoding=\"async\" width=\"1000\" height=\"668\" src=\"https:\/\/anoticiaonline.com.br\/site\/wp-content\/uploads\/2019\/03\/DSC_0121.jpg\" class=\"attachment-full size-full\" alt=\"\" srcset=\"https:\/\/anoticiaonline.com.br\/site\/wp-content\/uploads\/2019\/03\/DSC_0121.jpg 1000w, https:\/\/anoticiaonline.com.br\/site\/wp-content\/uploads\/2019\/03\/DSC_0121-300x200.jpg 300w, https:\/\/anoticiaonline.com.br\/site\/wp-content\/uploads\/2019\/03\/DSC_0121-768x513.jpg 768w\" sizes=\"(max-width: 1000px) 100vw, 1000px\" \/><\/a>\n\t\t\t<\/div><\/figure><figure class='gallery-item'>\n\t\t\t<div class='gallery-icon landscape'>\n\t\t\t\t<a href='https:\/\/anoticiaonline.com.br\/site\/wp-content\/uploads\/2019\/03\/DSC_0107-2.jpg'><img loading=\"lazy\" decoding=\"async\" width=\"1000\" height=\"668\" src=\"https:\/\/anoticiaonline.com.br\/site\/wp-content\/uploads\/2019\/03\/DSC_0107-2.jpg\" class=\"attachment-full size-full\" alt=\"\" srcset=\"https:\/\/anoticiaonline.com.br\/site\/wp-content\/uploads\/2019\/03\/DSC_0107-2.jpg 1000w, https:\/\/anoticiaonline.com.br\/site\/wp-content\/uploads\/2019\/03\/DSC_0107-2-300x200.jpg 300w, https:\/\/anoticiaonline.com.br\/site\/wp-content\/uploads\/2019\/03\/DSC_0107-2-768x513.jpg 768w\" sizes=\"(max-width: 1000px) 100vw, 1000px\" \/><\/a>\n\t\t\t<\/div><\/figure><figure class='gallery-item'>\n\t\t\t<div class='gallery-icon landscape'>\n\t\t\t\t<a href='https:\/\/anoticiaonline.com.br\/site\/wp-content\/uploads\/2019\/03\/DSC_0103.jpg'><img loading=\"lazy\" decoding=\"async\" width=\"1000\" height=\"668\" src=\"https:\/\/anoticiaonline.com.br\/site\/wp-content\/uploads\/2019\/03\/DSC_0103.jpg\" class=\"attachment-full size-full\" alt=\"\" srcset=\"https:\/\/anoticiaonline.com.br\/site\/wp-content\/uploads\/2019\/03\/DSC_0103.jpg 1000w, https:\/\/anoticiaonline.com.br\/site\/wp-content\/uploads\/2019\/03\/DSC_0103-300x200.jpg 300w, https:\/\/anoticiaonline.com.br\/site\/wp-content\/uploads\/2019\/03\/DSC_0103-768x513.jpg 768w\" sizes=\"(max-width: 1000px) 100vw, 1000px\" \/><\/a>\n\t\t\t<\/div><\/figure><figure class='gallery-item'>\n\t\t\t<div class='gallery-icon landscape'>\n\t\t\t\t<a href='https:\/\/anoticiaonline.com.br\/site\/wp-content\/uploads\/2019\/03\/DSC_0044.jpg'><img loading=\"lazy\" decoding=\"async\" width=\"1000\" height=\"668\" src=\"https:\/\/anoticiaonline.com.br\/site\/wp-content\/uploads\/2019\/03\/DSC_0044.jpg\" class=\"attachment-full size-full\" alt=\"\" srcset=\"https:\/\/anoticiaonline.com.br\/site\/wp-content\/uploads\/2019\/03\/DSC_0044.jpg 1000w, https:\/\/anoticiaonline.com.br\/site\/wp-content\/uploads\/2019\/03\/DSC_0044-300x200.jpg 300w, https:\/\/anoticiaonline.com.br\/site\/wp-content\/uploads\/2019\/03\/DSC_0044-768x513.jpg 768w\" sizes=\"(max-width: 1000px) 100vw, 1000px\" \/><\/a>\n\t\t\t<\/div><\/figure><figure class='gallery-item'>\n\t\t\t<div class='gallery-icon landscape'>\n\t\t\t\t<a href='https:\/\/anoticiaonline.com.br\/site\/wp-content\/uploads\/2019\/03\/DSC_0010.jpg'><img loading=\"lazy\" decoding=\"async\" width=\"1000\" height=\"668\" src=\"https:\/\/anoticiaonline.com.br\/site\/wp-content\/uploads\/2019\/03\/DSC_0010.jpg\" class=\"attachment-full size-full\" alt=\"\" srcset=\"https:\/\/anoticiaonline.com.br\/site\/wp-content\/uploads\/2019\/03\/DSC_0010.jpg 1000w, https:\/\/anoticiaonline.com.br\/site\/wp-content\/uploads\/2019\/03\/DSC_0010-300x200.jpg 300w, https:\/\/anoticiaonline.com.br\/site\/wp-content\/uploads\/2019\/03\/DSC_0010-768x513.jpg 768w\" sizes=\"(max-width: 1000px) 100vw, 1000px\" \/><\/a>\n\t\t\t<\/div><\/figure>\n\t\t<\/div>\n\n","protected":false},"excerpt":{"rendered":"<p>O Colina Country Club promoveu uma confraterniza\u00e7\u00e3o pelo Dia Internacional da Mulher na noite de sexta-feira (8), reunindo s\u00f3cios e convidados, juntamente com seus familiares, para uma celebra\u00e7\u00e3o com m\u00fasica ao vivo com o cantor Bado, uma homenagem especial e a entrega de brinde personalizado as mulheres presentes.<\/p>\n","protected":false},"author":2,"featured_media":67999,"comment_status":"open","ping_status":"open","sticky":false,"template":"","format":"standard","meta":{"_acf_changed":false,"_monsterinsights_skip_tracking":false,"footnotes":""},"categories":[30,24],"tags":[28,2132],"class_list":["post-67997","post","type-post","status-publish","format-standard","has-post-thumbnail","hentry","category-muriae","category-eventos","tag-colina","tag-dia-internacional-da-mulher"],"acf":[],"aioseo_notices":[],"aioseo_head":"\n\t\t<!-- All in One SEO 5.0.0.1 - aioseo.com -->\n\t<meta name=\"description\" content=\"O Colina Country Club promoveu uma confraterniza\u00e7\u00e3o pelo Dia Internacional da Mulher na noite de sexta-feira (8), reunindo s\u00f3cios e convidados, juntamente com seus familiares, para uma celebra\u00e7\u00e3o com m\u00fasica ao vivo com o cantor Bado, uma homenagem especial e a entrega de brinde personalizado as mulheres presentes. A organiza\u00e7\u00e3o da festa, que chegou a\" \/>\n\t<meta name=\"robots\" content=\"max-image-preview:large\" \/>\n\t<meta name=\"author\" content=\"Juliana Laviola\"\/>\n\t<link rel=\"canonical\" href=\"https:\/\/anoticiaonline.com.br\/site\/colina-country-club-promove-confraternizacao-pelo-dia-internacional-da-mulher-2\/\" \/>\n\t<meta name=\"generator\" content=\"All in One SEO (AIOSEO) 5.0.0.1\" \/>\n\t\t<meta property=\"og:locale\" content=\"pt_BR\" \/>\n\t\t<meta property=\"og:site_name\" content=\"A Not\u00edcia Online - Noticias de Muria\u00e9 e regi\u00e3o\" \/>\n\t\t<meta property=\"og:type\" content=\"article\" \/>\n\t\t<meta property=\"og:title\" content=\"Colina Country Club promove confraterniza\u00e7\u00e3o pelo Dia Internacional da Mulher - A Not\u00edcia Online\" \/>\n\t\t<meta property=\"og:description\" content=\"O Colina Country Club promoveu uma confraterniza\u00e7\u00e3o pelo Dia Internacional da Mulher na noite de sexta-feira (8), reunindo s\u00f3cios e convidados, juntamente com seus familiares, para uma celebra\u00e7\u00e3o com m\u00fasica ao vivo com o cantor Bado, uma homenagem especial e a entrega de brinde personalizado as mulheres presentes. A organiza\u00e7\u00e3o da festa, que chegou a\" \/>\n\t\t<meta property=\"og:url\" content=\"https:\/\/anoticiaonline.com.br\/site\/colina-country-club-promove-confraternizacao-pelo-dia-internacional-da-mulher-2\/\" \/>\n\t\t<meta property=\"og:image\" content=\"https:\/\/scontent-gig4-1.xx.fbcdn.net\/v\/t39.30808-1\/270437624_4564083193639691_6907940295614233970_n.jpg?stp=dst-jpg_s200x200_tt6&#038;_nc_cat=111&#038;ccb=1-7&#038;_nc_sid=f907e8&#038;_nc_ohc=SM1wRlP3lJwQ7kNvwEPuBYA&#038;_nc_oc=AdnqrjDN_BNjSSHWO-GbkIWH6fkGMLw4bqvL_NH6e2wMveX7G-rP2dAqsDSq1mJMOaY&#038;_nc_zt=24&#038;_nc_ht=scontent-gig4-1.xx&#038;_nc_gid=AoBFJeGrT1hVaew_6rchkQ&#038;oh=00_AfX7QmFGhQhG2jAllVgXCiM1ZrWgvtp80-Bfppyexh1QEg&#038;oe=689E923C\" \/>\n\t\t<meta property=\"og:image:secure_url\" content=\"https:\/\/scontent-gig4-1.xx.fbcdn.net\/v\/t39.30808-1\/270437624_4564083193639691_6907940295614233970_n.jpg?stp=dst-jpg_s200x200_tt6&#038;_nc_cat=111&#038;ccb=1-7&#038;_nc_sid=f907e8&#038;_nc_ohc=SM1wRlP3lJwQ7kNvwEPuBYA&#038;_nc_oc=AdnqrjDN_BNjSSHWO-GbkIWH6fkGMLw4bqvL_NH6e2wMveX7G-rP2dAqsDSq1mJMOaY&#038;_nc_zt=24&#038;_nc_ht=scontent-gig4-1.xx&#038;_nc_gid=AoBFJeGrT1hVaew_6rchkQ&#038;oh=00_AfX7QmFGhQhG2jAllVgXCiM1ZrWgvtp80-Bfppyexh1QEg&#038;oe=689E923C\" \/>\n\t\t<meta property=\"article:published_time\" content=\"2019-03-14T21:45:55+00:00\" \/>\n\t\t<meta property=\"article:modified_time\" content=\"2019-03-14T21:45:55+00:00\" \/>\n\t\t<meta name=\"twitter:card\" content=\"summary_large_image\" \/>\n\t\t<meta name=\"twitter:title\" content=\"Colina Country Club promove confraterniza\u00e7\u00e3o pelo Dia Internacional da Mulher - A Not\u00edcia Online\" \/>\n\t\t<meta name=\"twitter:description\" content=\"O Colina Country Club promoveu uma confraterniza\u00e7\u00e3o pelo Dia Internacional da Mulher na noite de sexta-feira (8), reunindo s\u00f3cios e convidados, juntamente com seus familiares, para uma celebra\u00e7\u00e3o com m\u00fasica ao vivo com o cantor Bado, uma homenagem especial e a entrega de brinde personalizado as mulheres presentes. A organiza\u00e7\u00e3o da festa, que chegou a\" \/>\n\t\t<meta name=\"twitter:image\" content=\"https:\/\/scontent-gig4-1.xx.fbcdn.net\/v\/t39.30808-1\/270437624_4564083193639691_6907940295614233970_n.jpg?stp=dst-jpg_s200x200_tt6&amp;_nc_cat=111&amp;ccb=1-7&amp;_nc_sid=f907e8&amp;_nc_ohc=SM1wRlP3lJwQ7kNvwEPuBYA&amp;_nc_oc=AdnqrjDN_BNjSSHWO-GbkIWH6fkGMLw4bqvL_NH6e2wMveX7G-rP2dAqsDSq1mJMOaY&amp;_nc_zt=24&amp;_nc_ht=scontent-gig4-1.xx&amp;_nc_gid=AoBFJeGrT1hVaew_6rchkQ&amp;oh=00_AfX7QmFGhQhG2jAllVgXCiM1ZrWgvtp80-Bfppyexh1QEg&amp;oe=689E923C\" \/>\n\t\t<script type=\"application\/ld+json\" class=\"aioseo-schema\">\n\t\t\t{\"@context\":\"https:\\\/\\\/schema.org\",\"@graph\":[{\"@type\":\"BlogPosting\",\"@id\":\"https:\\\/\\\/anoticiaonline.com.br\\\/site\\\/colina-country-club-promove-confraternizacao-pelo-dia-internacional-da-mulher-2\\\/#blogposting\",\"name\":\"Colina Country Club promove confraterniza\\u00e7\\u00e3o pelo Dia Internacional da Mulher - A Not\\u00edcia Online\",\"headline\":\"Colina Country Club promove confraterniza\\u00e7\\u00e3o pelo Dia Internacional da Mulher\",\"author\":{\"@id\":\"https:\\\/\\\/anoticiaonline.com.br\\\/site\\\/author\\\/juliana\\\/#author\"},\"publisher\":{\"@id\":\"https:\\\/\\\/anoticiaonline.com.br\\\/site\\\/#organization\"},\"image\":{\"@type\":\"ImageObject\",\"url\":\"https:\\\/\\\/anoticiaonline.com.br\\\/site\\\/wp-content\\\/uploads\\\/2019\\\/03\\\/dest-colina.jpg\",\"width\":1000,\"height\":350},\"datePublished\":\"2019-03-14T18:45:55-03:00\",\"dateModified\":\"2019-03-14T18:45:55-03:00\",\"inLanguage\":\"pt-BR\",\"mainEntityOfPage\":{\"@id\":\"https:\\\/\\\/anoticiaonline.com.br\\\/site\\\/colina-country-club-promove-confraternizacao-pelo-dia-internacional-da-mulher-2\\\/#webpage\"},\"isPartOf\":{\"@id\":\"https:\\\/\\\/anoticiaonline.com.br\\\/site\\\/colina-country-club-promove-confraternizacao-pelo-dia-internacional-da-mulher-2\\\/#webpage\"},\"articleSection\":\"Blog, Eventos, Colina, Dia Internacional da Mulher\"},{\"@type\":\"BreadcrumbList\",\"@id\":\"https:\\\/\\\/anoticiaonline.com.br\\\/site\\\/colina-country-club-promove-confraternizacao-pelo-dia-internacional-da-mulher-2\\\/#breadcrumblist\",\"itemListElement\":[{\"@type\":\"ListItem\",\"@id\":\"https:\\\/\\\/anoticiaonline.com.br\\\/site#listItem\",\"position\":1,\"name\":\"Home\",\"item\":\"https:\\\/\\\/anoticiaonline.com.br\\\/site\",\"nextItem\":{\"@type\":\"ListItem\",\"@id\":\"https:\\\/\\\/anoticiaonline.com.br\\\/site\\\/categoria\\\/eventos\\\/#listItem\",\"name\":\"Eventos\"}},{\"@type\":\"ListItem\",\"@id\":\"https:\\\/\\\/anoticiaonline.com.br\\\/site\\\/categoria\\\/eventos\\\/#listItem\",\"position\":2,\"name\":\"Eventos\",\"item\":\"https:\\\/\\\/anoticiaonline.com.br\\\/site\\\/categoria\\\/eventos\\\/\",\"nextItem\":{\"@type\":\"ListItem\",\"@id\":\"https:\\\/\\\/anoticiaonline.com.br\\\/site\\\/colina-country-club-promove-confraternizacao-pelo-dia-internacional-da-mulher-2\\\/#listItem\",\"name\":\"Colina Country Club promove confraterniza\\u00e7\\u00e3o pelo Dia Internacional da Mulher\"},\"previousItem\":{\"@type\":\"ListItem\",\"@id\":\"https:\\\/\\\/anoticiaonline.com.br\\\/site#listItem\",\"name\":\"Home\"}},{\"@type\":\"ListItem\",\"@id\":\"https:\\\/\\\/anoticiaonline.com.br\\\/site\\\/colina-country-club-promove-confraternizacao-pelo-dia-internacional-da-mulher-2\\\/#listItem\",\"position\":3,\"name\":\"Colina Country Club promove confraterniza\\u00e7\\u00e3o pelo Dia Internacional da Mulher\",\"previousItem\":{\"@type\":\"ListItem\",\"@id\":\"https:\\\/\\\/anoticiaonline.com.br\\\/site\\\/categoria\\\/eventos\\\/#listItem\",\"name\":\"Eventos\"}}]},{\"@type\":\"Organization\",\"@id\":\"https:\\\/\\\/anoticiaonline.com.br\\\/site\\\/#organization\",\"name\":\"A Not\\u00edcia Online\",\"description\":\"Noticias de Muria\\u00e9 e regi\\u00e3o\",\"url\":\"https:\\\/\\\/anoticiaonline.com.br\\\/site\\\/\",\"logo\":{\"@type\":\"ImageObject\",\"url\":\"https:\\\/\\\/scontent-gig4-1.xx.fbcdn.net\\\/v\\\/t39.30808-1\\\/270437624_4564083193639691_6907940295614233970_n.jpg?stp=dst-jpg_s200x200_tt6&_nc_cat=111&ccb=1-7&_nc_sid=f907e8&_nc_ohc=SM1wRlP3lJwQ7kNvwEPuBYA&_nc_oc=AdnqrjDN_BNjSSHWO-GbkIWH6fkGMLw4bqvL_NH6e2wMveX7G-rP2dAqsDSq1mJMOaY&_nc_zt=24&_nc_ht=scontent-gig4-1.xx&_nc_gid=AoBFJeGrT1hVaew_6rchkQ&oh=00_AfX7QmFGhQhG2jAllVgXCiM1ZrWgvtp80-Bfppyexh1QEg&oe=689E923C\",\"@id\":\"https:\\\/\\\/anoticiaonline.com.br\\\/site\\\/colina-country-club-promove-confraternizacao-pelo-dia-internacional-da-mulher-2\\\/#organizationLogo\"},\"image\":{\"@id\":\"https:\\\/\\\/anoticiaonline.com.br\\\/site\\\/colina-country-club-promove-confraternizacao-pelo-dia-internacional-da-mulher-2\\\/#organizationLogo\"}},{\"@type\":\"Person\",\"@id\":\"https:\\\/\\\/anoticiaonline.com.br\\\/site\\\/author\\\/juliana\\\/#author\",\"url\":\"https:\\\/\\\/anoticiaonline.com.br\\\/site\\\/author\\\/juliana\\\/\",\"name\":\"Juliana Laviola\",\"image\":{\"@type\":\"ImageObject\",\"@id\":\"https:\\\/\\\/anoticiaonline.com.br\\\/site\\\/colina-country-club-promove-confraternizacao-pelo-dia-internacional-da-mulher-2\\\/#authorImage\",\"url\":\"https:\\\/\\\/secure.gravatar.com\\\/avatar\\\/b8d45f5c699b100dfaf0e543582f38f38bf94cb7ae3a5e9abf8d891a34773335?s=96&d=mm&r=g\",\"width\":96,\"height\":96,\"caption\":\"Juliana Laviola\"}},{\"@type\":\"WebPage\",\"@id\":\"https:\\\/\\\/anoticiaonline.com.br\\\/site\\\/colina-country-club-promove-confraternizacao-pelo-dia-internacional-da-mulher-2\\\/#webpage\",\"url\":\"https:\\\/\\\/anoticiaonline.com.br\\\/site\\\/colina-country-club-promove-confraternizacao-pelo-dia-internacional-da-mulher-2\\\/\",\"name\":\"Colina Country Club promove confraterniza\\u00e7\\u00e3o pelo Dia Internacional da Mulher - A Not\\u00edcia Online\",\"description\":\"O Colina Country Club promoveu uma confraterniza\\u00e7\\u00e3o pelo Dia Internacional da Mulher na noite de sexta-feira (8), reunindo s\\u00f3cios e convidados, juntamente com seus familiares, para uma celebra\\u00e7\\u00e3o com m\\u00fasica ao vivo com o cantor Bado, uma homenagem especial e a entrega de brinde personalizado as mulheres presentes. A organiza\\u00e7\\u00e3o da festa, que chegou a\",\"inLanguage\":\"pt-BR\",\"isPartOf\":{\"@id\":\"https:\\\/\\\/anoticiaonline.com.br\\\/site\\\/#website\"},\"breadcrumb\":{\"@id\":\"https:\\\/\\\/anoticiaonline.com.br\\\/site\\\/colina-country-club-promove-confraternizacao-pelo-dia-internacional-da-mulher-2\\\/#breadcrumblist\"},\"author\":{\"@id\":\"https:\\\/\\\/anoticiaonline.com.br\\\/site\\\/author\\\/juliana\\\/#author\"},\"creator\":{\"@id\":\"https:\\\/\\\/anoticiaonline.com.br\\\/site\\\/author\\\/juliana\\\/#author\"},\"image\":{\"@type\":\"ImageObject\",\"url\":\"https:\\\/\\\/anoticiaonline.com.br\\\/site\\\/wp-content\\\/uploads\\\/2019\\\/03\\\/dest-colina.jpg\",\"@id\":\"https:\\\/\\\/anoticiaonline.com.br\\\/site\\\/colina-country-club-promove-confraternizacao-pelo-dia-internacional-da-mulher-2\\\/#mainImage\",\"width\":1000,\"height\":350},\"primaryImageOfPage\":{\"@id\":\"https:\\\/\\\/anoticiaonline.com.br\\\/site\\\/colina-country-club-promove-confraternizacao-pelo-dia-internacional-da-mulher-2\\\/#mainImage\"},\"datePublished\":\"2019-03-14T18:45:55-03:00\",\"dateModified\":\"2019-03-14T18:45:55-03:00\"},{\"@type\":\"WebSite\",\"@id\":\"https:\\\/\\\/anoticiaonline.com.br\\\/site\\\/#website\",\"url\":\"https:\\\/\\\/anoticiaonline.com.br\\\/site\\\/\",\"name\":\"A Not\\u00edcia Online\",\"description\":\"Noticias de Muria\\u00e9 e regi\\u00e3o\",\"inLanguage\":\"pt-BR\",\"publisher\":{\"@id\":\"https:\\\/\\\/anoticiaonline.com.br\\\/site\\\/#organization\"}}]}\n\t\t<\/script>\n\t\t<!-- All in One SEO -->\n\n","aioseo_head_json":{"title":"Colina Country Club promove confraterniza\u00e7\u00e3o pelo Dia Internacional da Mulher - A Not\u00edcia Online","description":"O Colina Country Club promoveu uma confraterniza\u00e7\u00e3o pelo Dia Internacional da Mulher na noite de sexta-feira (8), reunindo s\u00f3cios e convidados, juntamente com seus familiares, para uma celebra\u00e7\u00e3o com m\u00fasica ao vivo com o cantor Bado, uma homenagem especial e a entrega de brinde personalizado as mulheres presentes. A organiza\u00e7\u00e3o da festa, que chegou a","canonical_url":"https:\/\/anoticiaonline.com.br\/site\/colina-country-club-promove-confraternizacao-pelo-dia-internacional-da-mulher-2\/","robots":"max-image-preview:large","keywords":"","webmasterTools":{"miscellaneous":""},"schema":{"@context":"https:\/\/schema.org","@graph":[{"@type":"BlogPosting","@id":"https:\/\/anoticiaonline.com.br\/site\/colina-country-club-promove-confraternizacao-pelo-dia-internacional-da-mulher-2\/#blogposting","name":"Colina Country Club promove confraterniza\u00e7\u00e3o pelo Dia Internacional da Mulher - A Not\u00edcia Online","headline":"Colina Country Club promove confraterniza\u00e7\u00e3o pelo Dia Internacional da Mulher","author":{"@id":"https:\/\/anoticiaonline.com.br\/site\/author\/juliana\/#author"},"publisher":{"@id":"https:\/\/anoticiaonline.com.br\/site\/#organization"},"image":{"@type":"ImageObject","url":"https:\/\/anoticiaonline.com.br\/site\/wp-content\/uploads\/2019\/03\/dest-colina.jpg","width":1000,"height":350},"datePublished":"2019-03-14T18:45:55-03:00","dateModified":"2019-03-14T18:45:55-03:00","inLanguage":"pt-BR","mainEntityOfPage":{"@id":"https:\/\/anoticiaonline.com.br\/site\/colina-country-club-promove-confraternizacao-pelo-dia-internacional-da-mulher-2\/#webpage"},"isPartOf":{"@id":"https:\/\/anoticiaonline.com.br\/site\/colina-country-club-promove-confraternizacao-pelo-dia-internacional-da-mulher-2\/#webpage"},"articleSection":"Blog, Eventos, Colina, Dia Internacional da Mulher"},{"@type":"BreadcrumbList","@id":"https:\/\/anoticiaonline.com.br\/site\/colina-country-club-promove-confraternizacao-pelo-dia-internacional-da-mulher-2\/#breadcrumblist","itemListElement":[{"@type":"ListItem","@id":"https:\/\/anoticiaonline.com.br\/site#listItem","position":1,"name":"Home","item":"https:\/\/anoticiaonline.com.br\/site","nextItem":{"@type":"ListItem","@id":"https:\/\/anoticiaonline.com.br\/site\/categoria\/eventos\/#listItem","name":"Eventos"}},{"@type":"ListItem","@id":"https:\/\/anoticiaonline.com.br\/site\/categoria\/eventos\/#listItem","position":2,"name":"Eventos","item":"https:\/\/anoticiaonline.com.br\/site\/categoria\/eventos\/","nextItem":{"@type":"ListItem","@id":"https:\/\/anoticiaonline.com.br\/site\/colina-country-club-promove-confraternizacao-pelo-dia-internacional-da-mulher-2\/#listItem","name":"Colina Country Club promove confraterniza\u00e7\u00e3o pelo Dia Internacional da Mulher"},"previousItem":{"@type":"ListItem","@id":"https:\/\/anoticiaonline.com.br\/site#listItem","name":"Home"}},{"@type":"ListItem","@id":"https:\/\/anoticiaonline.com.br\/site\/colina-country-club-promove-confraternizacao-pelo-dia-internacional-da-mulher-2\/#listItem","position":3,"name":"Colina Country Club promove confraterniza\u00e7\u00e3o pelo Dia Internacional da Mulher","previousItem":{"@type":"ListItem","@id":"https:\/\/anoticiaonline.com.br\/site\/categoria\/eventos\/#listItem","name":"Eventos"}}]},{"@type":"Organization","@id":"https:\/\/anoticiaonline.com.br\/site\/#organization","name":"A Not\u00edcia Online","description":"Noticias de Muria\u00e9 e regi\u00e3o","url":"https:\/\/anoticiaonline.com.br\/site\/","logo":{"@type":"ImageObject","url":"https:\/\/scontent-gig4-1.xx.fbcdn.net\/v\/t39.30808-1\/270437624_4564083193639691_6907940295614233970_n.jpg?stp=dst-jpg_s200x200_tt6&_nc_cat=111&ccb=1-7&_nc_sid=f907e8&_nc_ohc=SM1wRlP3lJwQ7kNvwEPuBYA&_nc_oc=AdnqrjDN_BNjSSHWO-GbkIWH6fkGMLw4bqvL_NH6e2wMveX7G-rP2dAqsDSq1mJMOaY&_nc_zt=24&_nc_ht=scontent-gig4-1.xx&_nc_gid=AoBFJeGrT1hVaew_6rchkQ&oh=00_AfX7QmFGhQhG2jAllVgXCiM1ZrWgvtp80-Bfppyexh1QEg&oe=689E923C","@id":"https:\/\/anoticiaonline.com.br\/site\/colina-country-club-promove-confraternizacao-pelo-dia-internacional-da-mulher-2\/#organizationLogo"},"image":{"@id":"https:\/\/anoticiaonline.com.br\/site\/colina-country-club-promove-confraternizacao-pelo-dia-internacional-da-mulher-2\/#organizationLogo"}},{"@type":"Person","@id":"https:\/\/anoticiaonline.com.br\/site\/author\/juliana\/#author","url":"https:\/\/anoticiaonline.com.br\/site\/author\/juliana\/","name":"Juliana Laviola","image":{"@type":"ImageObject","@id":"https:\/\/anoticiaonline.com.br\/site\/colina-country-club-promove-confraternizacao-pelo-dia-internacional-da-mulher-2\/#authorImage","url":"https:\/\/secure.gravatar.com\/avatar\/b8d45f5c699b100dfaf0e543582f38f38bf94cb7ae3a5e9abf8d891a34773335?s=96&d=mm&r=g","width":96,"height":96,"caption":"Juliana Laviola"}},{"@type":"WebPage","@id":"https:\/\/anoticiaonline.com.br\/site\/colina-country-club-promove-confraternizacao-pelo-dia-internacional-da-mulher-2\/#webpage","url":"https:\/\/anoticiaonline.com.br\/site\/colina-country-club-promove-confraternizacao-pelo-dia-internacional-da-mulher-2\/","name":"Colina Country Club promove confraterniza\u00e7\u00e3o pelo Dia Internacional da Mulher - A Not\u00edcia Online","description":"O Colina Country Club promoveu uma confraterniza\u00e7\u00e3o pelo Dia Internacional da Mulher na noite de sexta-feira (8), reunindo s\u00f3cios e convidados, juntamente com seus familiares, para uma celebra\u00e7\u00e3o com m\u00fasica ao vivo com o cantor Bado, uma homenagem especial e a entrega de brinde personalizado as mulheres presentes. A organiza\u00e7\u00e3o da festa, que chegou a","inLanguage":"pt-BR","isPartOf":{"@id":"https:\/\/anoticiaonline.com.br\/site\/#website"},"breadcrumb":{"@id":"https:\/\/anoticiaonline.com.br\/site\/colina-country-club-promove-confraternizacao-pelo-dia-internacional-da-mulher-2\/#breadcrumblist"},"author":{"@id":"https:\/\/anoticiaonline.com.br\/site\/author\/juliana\/#author"},"creator":{"@id":"https:\/\/anoticiaonline.com.br\/site\/author\/juliana\/#author"},"image":{"@type":"ImageObject","url":"https:\/\/anoticiaonline.com.br\/site\/wp-content\/uploads\/2019\/03\/dest-colina.jpg","@id":"https:\/\/anoticiaonline.com.br\/site\/colina-country-club-promove-confraternizacao-pelo-dia-internacional-da-mulher-2\/#mainImage","width":1000,"height":350},"primaryImageOfPage":{"@id":"https:\/\/anoticiaonline.com.br\/site\/colina-country-club-promove-confraternizacao-pelo-dia-internacional-da-mulher-2\/#mainImage"},"datePublished":"2019-03-14T18:45:55-03:00","dateModified":"2019-03-14T18:45:55-03:00"},{"@type":"WebSite","@id":"https:\/\/anoticiaonline.com.br\/site\/#website","url":"https:\/\/anoticiaonline.com.br\/site\/","name":"A Not\u00edcia Online","description":"Noticias de Muria\u00e9 e regi\u00e3o","inLanguage":"pt-BR","publisher":{"@id":"https:\/\/anoticiaonline.com.br\/site\/#organization"}}]},"og:locale":"pt_BR","og:site_name":"A Not\u00edcia Online - Noticias de Muria\u00e9 e regi\u00e3o","og:type":"article","og:title":"Colina Country Club promove confraterniza\u00e7\u00e3o pelo Dia Internacional da Mulher - A Not\u00edcia Online","og:description":"O Colina Country Club promoveu uma confraterniza\u00e7\u00e3o pelo Dia Internacional da Mulher na noite de sexta-feira (8), reunindo s\u00f3cios e convidados, juntamente com seus familiares, para uma celebra\u00e7\u00e3o com m\u00fasica ao vivo com o cantor Bado, uma homenagem especial e a entrega de brinde personalizado as mulheres presentes. A organiza\u00e7\u00e3o da festa, que chegou a","og:url":"https:\/\/anoticiaonline.com.br\/site\/colina-country-club-promove-confraternizacao-pelo-dia-internacional-da-mulher-2\/","og:image":"https:\/\/scontent-gig4-1.xx.fbcdn.net\/v\/t39.30808-1\/270437624_4564083193639691_6907940295614233970_n.jpg?stp=dst-jpg_s200x200_tt6&#038;_nc_cat=111&#038;ccb=1-7&#038;_nc_sid=f907e8&#038;_nc_ohc=SM1wRlP3lJwQ7kNvwEPuBYA&#038;_nc_oc=AdnqrjDN_BNjSSHWO-GbkIWH6fkGMLw4bqvL_NH6e2wMveX7G-rP2dAqsDSq1mJMOaY&#038;_nc_zt=24&#038;_nc_ht=scontent-gig4-1.xx&#038;_nc_gid=AoBFJeGrT1hVaew_6rchkQ&#038;oh=00_AfX7QmFGhQhG2jAllVgXCiM1ZrWgvtp80-Bfppyexh1QEg&#038;oe=689E923C","og:image:secure_url":"https:\/\/scontent-gig4-1.xx.fbcdn.net\/v\/t39.30808-1\/270437624_4564083193639691_6907940295614233970_n.jpg?stp=dst-jpg_s200x200_tt6&#038;_nc_cat=111&#038;ccb=1-7&#038;_nc_sid=f907e8&#038;_nc_ohc=SM1wRlP3lJwQ7kNvwEPuBYA&#038;_nc_oc=AdnqrjDN_BNjSSHWO-GbkIWH6fkGMLw4bqvL_NH6e2wMveX7G-rP2dAqsDSq1mJMOaY&#038;_nc_zt=24&#038;_nc_ht=scontent-gig4-1.xx&#038;_nc_gid=AoBFJeGrT1hVaew_6rchkQ&#038;oh=00_AfX7QmFGhQhG2jAllVgXCiM1ZrWgvtp80-Bfppyexh1QEg&#038;oe=689E923C","article:published_time":"2019-03-14T21:45:55+00:00","article:modified_time":"2019-03-14T21:45:55+00:00","twitter:card":"summary_large_image","twitter:title":"Colina Country Club promove confraterniza\u00e7\u00e3o pelo Dia Internacional da Mulher - A Not\u00edcia Online","twitter:description":"O Colina Country Club promoveu uma confraterniza\u00e7\u00e3o pelo Dia Internacional da Mulher na noite de sexta-feira (8), reunindo s\u00f3cios e convidados, juntamente com seus familiares, para uma celebra\u00e7\u00e3o com m\u00fasica ao vivo com o cantor Bado, uma homenagem especial e a entrega de brinde personalizado as mulheres presentes. A organiza\u00e7\u00e3o da festa, que chegou a","twitter:image":"https:\/\/scontent-gig4-1.xx.fbcdn.net\/v\/t39.30808-1\/270437624_4564083193639691_6907940295614233970_n.jpg?stp=dst-jpg_s200x200_tt6&_nc_cat=111&ccb=1-7&_nc_sid=f907e8&_nc_ohc=SM1wRlP3lJwQ7kNvwEPuBYA&_nc_oc=AdnqrjDN_BNjSSHWO-GbkIWH6fkGMLw4bqvL_NH6e2wMveX7G-rP2dAqsDSq1mJMOaY&_nc_zt=24&_nc_ht=scontent-gig4-1.xx&_nc_gid=AoBFJeGrT1hVaew_6rchkQ&oh=00_AfX7QmFGhQhG2jAllVgXCiM1ZrWgvtp80-Bfppyexh1QEg&oe=689E923C"},"aioseo_meta_data":{"post_id":"67997","title":null,"description":null,"keywords":null,"keyphrases":null,"primary_term":null,"canonical_url":null,"og_title":null,"og_description":null,"og_object_type":"default","og_image_type":"default","og_image_url":null,"og_image_width":null,"og_image_height":null,"og_image_custom_url":null,"og_image_custom_fields":null,"og_video":null,"og_custom_url":null,"og_article_section":null,"og_article_tags":null,"twitter_use_og":false,"twitter_card":"default","twitter_image_type":"default","twitter_image_url":null,"twitter_image_custom_url":null,"twitter_image_custom_fields":null,"twitter_title":null,"twitter_description":null,"schema":{"blockGraphs":[],"customGraphs":[],"default":{"data":{"Article":[],"Course":[],"Dataset":[],"FAQPage":[],"Movie":[],"Person":[],"Product":[],"ProductReview":[],"Car":[],"Recipe":[],"Service":[],"SoftwareApplication":[],"WebPage":[]},"graphName":"","isEnabled":true},"graphs":[]},"schema_type":"default","schema_type_options":null,"pillar_content":false,"robots_default":true,"robots_noindex":false,"robots_noarchive":false,"robots_nosnippet":false,"robots_nofollow":false,"robots_noimageindex":false,"robots_noodp":false,"robots_notranslate":false,"robots_max_snippet":null,"robots_max_videopreview":null,"robots_max_imagepreview":"large","priority":null,"frequency":null,"local_seo":null,"breadcrumb_settings":null,"limit_modified_date":false,"ai":null,"created":"2025-08-16 22:57:28","updated":"2025-08-16 22:57:28","focus_keyword":null,"additional_keywords":null,"truseo_locale":null,"seo_analyzer_scan_date":null},"aioseo_breadcrumb":"<div class=\"aioseo-breadcrumbs\"><span class=\"aioseo-breadcrumb\">\n\t\t\t<a href=\"https:\/\/anoticiaonline.com.br\/site\" title=\"Home\">Home<\/a>\n\t\t<\/span><span class=\"aioseo-breadcrumb-separator\">&raquo;<\/span><span class=\"aioseo-breadcrumb\">\n\t\t\t<a href=\"https:\/\/anoticiaonline.com.br\/site\/categoria\/eventos\/\" title=\"Eventos\">Eventos<\/a>\n\t\t<\/span><span class=\"aioseo-breadcrumb-separator\">&raquo;<\/span><span class=\"aioseo-breadcrumb\">\n\t\t\tColina Country Club promove confraterniza\u00e7\u00e3o pelo Dia Internacional da Mulher\n\t\t<\/span><\/div>","aioseo_breadcrumb_json":[{"label":"Home","link":"https:\/\/anoticiaonline.com.br\/site"},{"label":"Eventos","link":"https:\/\/anoticiaonline.com.br\/site\/categoria\/eventos\/"},{"label":"Colina Country Club promove confraterniza\u00e7\u00e3o pelo Dia Internacional da Mulher","link":"https:\/\/anoticiaonline.com.br\/site\/colina-country-club-promove-confraternizacao-pelo-dia-internacional-da-mulher-2\/"}],"views":147,"_links":{"self":[{"href":"https:\/\/anoticiaonline.com.br\/site\/wp-json\/wp\/v2\/posts\/67997","targetHints":{"allow":["GET"]}}],"collection":[{"href":"https:\/\/anoticiaonline.com.br\/site\/wp-json\/wp\/v2\/posts"}],"about":[{"href":"https:\/\/anoticiaonline.com.br\/site\/wp-json\/wp\/v2\/types\/post"}],"author":[{"embeddable":true,"href":"https:\/\/anoticiaonline.com.br\/site\/wp-json\/wp\/v2\/users\/2"}],"replies":[{"embeddable":true,"href":"https:\/\/anoticiaonline.com.br\/site\/wp-json\/wp\/v2\/comments?post=67997"}],"version-history":[{"count":0,"href":"https:\/\/anoticiaonline.com.br\/site\/wp-json\/wp\/v2\/posts\/67997\/revisions"}],"wp:featuredmedia":[{"embeddable":true,"href":"https:\/\/anoticiaonline.com.br\/site\/wp-json\/wp\/v2\/media\/67999"}],"wp:attachment":[{"href":"https:\/\/anoticiaonline.com.br\/site\/wp-json\/wp\/v2\/media?parent=67997"}],"wp:term":[{"taxonomy":"category","embeddable":true,"href":"https:\/\/anoticiaonline.com.br\/site\/wp-json\/wp\/v2\/categories?post=67997"},{"taxonomy":"post_tag","embeddable":true,"href":"https:\/\/anoticiaonline.com.br\/site\/wp-json\/wp\/v2\/tags?post=67997"}],"curies":[{"name":"wp","href":"https:\/\/api.w.org\/{rel}","templated":true}]}}