{"id":67950,"date":"2019-03-14T18:12:34","date_gmt":"2019-03-14T21:12:34","guid":{"rendered":"http:\/\/anoticiaonline.com.br\/site\/?p=67950"},"modified":"2019-03-14T18:12:34","modified_gmt":"2019-03-14T21:12:34","slug":"cooperados-da-cresol-participam-de-assembleia-geral","status":"publish","type":"post","link":"https:\/\/anoticiaonline.com.br\/site\/cooperados-da-cresol-participam-de-assembleia-geral\/","title":{"rendered":"Cooperados da Cresol participam de Assembleia Geral"},"content":{"rendered":"<h2><em><a href=\"https:\/\/anoticiaonline.com.br\/site\/wp-content\/uploads\/2019\/03\/DSC_0198.jpg\"><img fetchpriority=\"high\" decoding=\"async\" class=\"aligncenter size-full wp-image-67951\" src=\"https:\/\/anoticiaonline.com.br\/site\/wp-content\/uploads\/2019\/03\/DSC_0198.jpg\" alt=\"\" width=\"800\" height=\"535\" srcset=\"https:\/\/anoticiaonline.com.br\/site\/wp-content\/uploads\/2019\/03\/DSC_0198.jpg 800w, https:\/\/anoticiaonline.com.br\/site\/wp-content\/uploads\/2019\/03\/DSC_0198-300x200.jpg 300w, https:\/\/anoticiaonline.com.br\/site\/wp-content\/uploads\/2019\/03\/DSC_0198-768x514.jpg 768w\" sizes=\"(max-width: 800px) 100vw, 800px\" \/><\/a> <a href=\"https:\/\/anoticiaonline.com.br\/site\/wp-content\/uploads\/2019\/03\/DSC_0394-1.jpg\"><img decoding=\"async\" class=\"aligncenter size-full wp-image-67952\" src=\"https:\/\/anoticiaonline.com.br\/site\/wp-content\/uploads\/2019\/03\/DSC_0394-1.jpg\" alt=\"\" width=\"800\" height=\"535\" srcset=\"https:\/\/anoticiaonline.com.br\/site\/wp-content\/uploads\/2019\/03\/DSC_0394-1.jpg 800w, https:\/\/anoticiaonline.com.br\/site\/wp-content\/uploads\/2019\/03\/DSC_0394-1-300x200.jpg 300w, https:\/\/anoticiaonline.com.br\/site\/wp-content\/uploads\/2019\/03\/DSC_0394-1-768x514.jpg 768w\" sizes=\"(max-width: 800px) 100vw, 800px\" \/><\/a>Evento foi marcado pela fus\u00e3o da Cresol Sudeste de Minas e Cresol Araponga<\/em><\/h2>\n<p>Os cooperados da Cresol Sudeste de Minas participaram, na sexta-feira (8), da Assembleia Geral Ordin\u00e1ria da institui\u00e7\u00e3o, onde foram apresentados os resultados referentes ao ano de 2018. Ainda durante o encontro, os cooperados aprovaram a fus\u00e3o da cooperativa com a Cresol Araponga. Surge assim, a Cresol Minas, com a for\u00e7a de oito mil cooperados e R$ 100 milh\u00f5es de ativos administrados. O Centro Administrativo da cooperativa funcionar\u00e1 em Muria\u00e9.<\/p>\n<p><!--more--><\/p>\n<p>Ent\u00e3o presidente da Cresol Sudeste de Minas, Jo\u00e3o Paulo Dias da Fonseca foi eleito presidente da Cresol Minas durante a Assembleia. Segundo ele, trata-se de um momento hist\u00f3rico para a cooperativa, que tem apenas 12 anos de exist\u00eancia. \u201cEstudamos o mercado e vimos que a melhor op\u00e7\u00e3o, para ambas as cooperativas, seria a fus\u00e3o. Aumentamos a capacidade de recursos e de atendimento, buscando fortalecer cada vez mais o cooperativismo na regi\u00e3o\u201d, disse Jo\u00e3o Paulo.<\/p>\n<p>O presidente agradeceu a confian\u00e7a dos cooperados e a compet\u00eancia da diretoria \u2013 eleita para novo mandato de quatro anos, e lembrou a import\u00e2ncia social da cooperativa. \u201cA cada ano, o n\u00famero de participantes da assembleia aumenta, o que mostra nossa credibilidade e a satisfa\u00e7\u00e3o com o atendimento e rendimentos ofertados. Eles percebem a presen\u00e7a da Cresol n\u00e3o s\u00f3 como cooperativa de cr\u00e9dito, mas como uma institui\u00e7\u00e3o presente na comunidade como um todo\u201d, avaliou.<\/p>\n<p>A fus\u00e3o das duas cooperativas de cr\u00e9dito j\u00e1 havia sido aprovada pelos cooperados de Araponga. Segundo J\u00e9sus Ermelindo Macedo, eleito 1\u00ba vice-presidente da Cresol Minas durante a assembleia, a nova Cresol Minas chega para melhorar ainda mais a qualidade do atendimento e a quantidade de recursos dispon\u00edveis aos cooperados. \u201cT\u00ednhamos alguma dificuldade de atender aos produtores maiores, de cidades como Erv\u00e1lia, cujas atividades exigiam maior volume de recursos. Agora, o limite foi aumentado em tr\u00eas vezes, chegando a R$ 1 milh\u00e3o por cooperado. Al\u00e9m disso, o n\u00famero de ag\u00eancias em que eles podem ser atendidos aumentou consideravelmente\u201d, explicou J\u00e9sus.<\/p>\n<p>A Cresol Minas surge com nove ag\u00eancias para atender aos cooperados, nas cidades de Araponga, Erv\u00e1lia, Ros\u00e1rio da Limeira, Muria\u00e9, Eugen\u00f3polis, Miradouro, Fervedouro, Carangola e Manhua\u00e7u. At\u00e9 junho, a cidade de Guiricema tamb\u00e9m ter\u00e1 uma ag\u00eancia e a tend\u00eancia \u00e9 aumentar ainda mais a atua\u00e7\u00e3o. \u201cH\u00e1 algumas outras cidades em nossa rota, como S\u00e3o Geraldo e Cana\u00e3, al\u00e9m de munic\u00edpios do sul de Minas\u201d, revelou J\u00e9sus.<\/p>\n<p><strong>Cresol apresentou crescimento de 40% em Minas \u2013<\/strong> Quem esteve presente \u00e0 cerim\u00f4nia de fus\u00e3o das cooperativas foi o 1\u00ba vice-presidente do Sistema Cresol Baser, Luiz Levi Tomacheski. Ele ressaltou o ano positivo alcan\u00e7ado pelo sistema, mesmo diante das turbul\u00eancias pol\u00edticas e econ\u00f4micas do pa\u00eds. \u201cA Cresol criou la\u00e7os muito s\u00f3lidos com a sociedade e isso nos proporcionou um \u00f3timo crescimento\u201d, avaliou.<\/p>\n<p>Enquanto a m\u00e9dia de crescimento nacional do sistema foi de 25%, em Minas o aumento foi de 40%. Segundo Luiz Levi, a varia\u00e7\u00e3o dos produtos e servi\u00e7os ofertados foi fundamental para o sucesso. \u201cEspecialmente nessa regi\u00e3o, estamos nos destacando pelos cr\u00e9ditos rurais, mas tamb\u00e9m para Pessoas Jur\u00eddicas, e at\u00e9 mesmo Pessoas F\u00edsicas do meio urbano, j\u00e1 que fomos autorizados pelo Banco Central a ofertar cr\u00e9dito nessa linha. Sem d\u00favida \u00e9 uma satisfa\u00e7\u00e3o muito grande ter o trabalho do Jo\u00e3o Paulo e toda a diretoria, todos os colaboradores, trabalhando pelo desenvolvimento da regi\u00e3o\u201d, encerrou.<\/p>\n<p><strong>Cooperados participam dos lucros da institui\u00e7\u00e3o \u2013<\/strong> Tamb\u00e9m durante a Assembleia, os cooperados receberam os resultados das aplica\u00e7\u00f5es do ano de 2018. Segundo o vice-presidente da Cresol Sudeste de Minas, Marco Aur\u00e9lio Lima, mais uma vez os retornos foram positivos. \u201cConseguimos aliar atendimento de qualidade e rentabilidade para os cooperados. Quem aplicou na Cresol teve, al\u00e9m dos juros mensais da aplica\u00e7\u00e3o, um \u2018d\u00e9cimo terceiro\u2019 como lucro. Estamos conseguindo melhorar a vida das pessoas e valorizar seu capital, remunerando com efici\u00eancia\u201d, concluiu.<\/p>\n<div id='gallery-1' class='gallery galleryid-67950 gallery-columns-1 gallery-size-large'><figure class='gallery-item'>\n\t\t\t<div class='gallery-icon portrait'>\n\t\t\t\t<a href='https:\/\/anoticiaonline.com.br\/site\/cooperados-da-cresol-participam-de-assembleia-geral\/dsc_0372-7\/#main'><img decoding=\"async\" width=\"401\" height=\"600\" src=\"https:\/\/anoticiaonline.com.br\/site\/wp-content\/uploads\/2019\/03\/DSC_0372.jpg\" class=\"attachment-large size-large\" alt=\"\" srcset=\"https:\/\/anoticiaonline.com.br\/site\/wp-content\/uploads\/2019\/03\/DSC_0372.jpg 401w, https:\/\/anoticiaonline.com.br\/site\/wp-content\/uploads\/2019\/03\/DSC_0372-201x300.jpg 201w\" sizes=\"(max-width: 401px) 100vw, 401px\" \/><\/a>\n\t\t\t<\/div><\/figure><figure class='gallery-item'>\n\t\t\t<div class='gallery-icon landscape'>\n\t\t\t\t<a href='https:\/\/anoticiaonline.com.br\/site\/cooperados-da-cresol-participam-de-assembleia-geral\/dsc_0228-6\/#main'><img loading=\"lazy\" decoding=\"async\" width=\"800\" height=\"535\" src=\"https:\/\/anoticiaonline.com.br\/site\/wp-content\/uploads\/2019\/03\/DSC_0228.jpg\" class=\"attachment-large size-large\" alt=\"\" srcset=\"https:\/\/anoticiaonline.com.br\/site\/wp-content\/uploads\/2019\/03\/DSC_0228.jpg 800w, https:\/\/anoticiaonline.com.br\/site\/wp-content\/uploads\/2019\/03\/DSC_0228-300x200.jpg 300w, https:\/\/anoticiaonline.com.br\/site\/wp-content\/uploads\/2019\/03\/DSC_0228-768x514.jpg 768w\" sizes=\"(max-width: 800px) 100vw, 800px\" \/><\/a>\n\t\t\t<\/div><\/figure><figure class='gallery-item'>\n\t\t\t<div class='gallery-icon portrait'>\n\t\t\t\t<a href='https:\/\/anoticiaonline.com.br\/site\/cooperados-da-cresol-participam-de-assembleia-geral\/dsc_0252-4\/#main'><img loading=\"lazy\" decoding=\"async\" width=\"401\" height=\"600\" src=\"https:\/\/anoticiaonline.com.br\/site\/wp-content\/uploads\/2019\/03\/DSC_0252.jpg\" class=\"attachment-large size-large\" alt=\"\" srcset=\"https:\/\/anoticiaonline.com.br\/site\/wp-content\/uploads\/2019\/03\/DSC_0252.jpg 401w, https:\/\/anoticiaonline.com.br\/site\/wp-content\/uploads\/2019\/03\/DSC_0252-201x300.jpg 201w\" sizes=\"(max-width: 401px) 100vw, 401px\" \/><\/a>\n\t\t\t<\/div><\/figure><figure class='gallery-item'>\n\t\t\t<div class='gallery-icon landscape'>\n\t\t\t\t<a href='https:\/\/anoticiaonline.com.br\/site\/cooperados-da-cresol-participam-de-assembleia-geral\/dsc_0286-4\/#main'><img loading=\"lazy\" decoding=\"async\" width=\"800\" height=\"535\" src=\"https:\/\/anoticiaonline.com.br\/site\/wp-content\/uploads\/2019\/03\/DSC_0286.jpg\" class=\"attachment-large size-large\" alt=\"\" srcset=\"https:\/\/anoticiaonline.com.br\/site\/wp-content\/uploads\/2019\/03\/DSC_0286.jpg 800w, https:\/\/anoticiaonline.com.br\/site\/wp-content\/uploads\/2019\/03\/DSC_0286-300x200.jpg 300w, https:\/\/anoticiaonline.com.br\/site\/wp-content\/uploads\/2019\/03\/DSC_0286-768x514.jpg 768w\" sizes=\"(max-width: 800px) 100vw, 800px\" \/><\/a>\n\t\t\t<\/div><\/figure><figure class='gallery-item'>\n\t\t\t<div class='gallery-icon landscape'>\n\t\t\t\t<a href='https:\/\/anoticiaonline.com.br\/site\/cooperados-da-cresol-participam-de-assembleia-geral\/dsc_0396-6\/#main'><img loading=\"lazy\" decoding=\"async\" width=\"787\" height=\"526\" src=\"https:\/\/anoticiaonline.com.br\/site\/wp-content\/uploads\/2019\/03\/DSC_0396-1.jpg\" class=\"attachment-large size-large\" alt=\"\" srcset=\"https:\/\/anoticiaonline.com.br\/site\/wp-content\/uploads\/2019\/03\/DSC_0396-1.jpg 787w, https:\/\/anoticiaonline.com.br\/site\/wp-content\/uploads\/2019\/03\/DSC_0396-1-300x200.jpg 300w, https:\/\/anoticiaonline.com.br\/site\/wp-content\/uploads\/2019\/03\/DSC_0396-1-768x513.jpg 768w\" sizes=\"(max-width: 787px) 100vw, 787px\" \/><\/a>\n\t\t\t<\/div><\/figure><figure class='gallery-item'>\n\t\t\t<div class='gallery-icon landscape'>\n\t\t\t\t<a href='https:\/\/anoticiaonline.com.br\/site\/cooperados-da-cresol-participam-de-assembleia-geral\/dsc_0297-5\/#main'><img loading=\"lazy\" decoding=\"async\" width=\"800\" height=\"535\" src=\"https:\/\/anoticiaonline.com.br\/site\/wp-content\/uploads\/2019\/03\/DSC_0297.jpg\" class=\"attachment-large size-large\" alt=\"\" srcset=\"https:\/\/anoticiaonline.com.br\/site\/wp-content\/uploads\/2019\/03\/DSC_0297.jpg 800w, https:\/\/anoticiaonline.com.br\/site\/wp-content\/uploads\/2019\/03\/DSC_0297-300x200.jpg 300w, https:\/\/anoticiaonline.com.br\/site\/wp-content\/uploads\/2019\/03\/DSC_0297-768x514.jpg 768w\" sizes=\"(max-width: 800px) 100vw, 800px\" \/><\/a>\n\t\t\t<\/div><\/figure><figure class='gallery-item'>\n\t\t\t<div class='gallery-icon landscape'>\n\t\t\t\t<a href='https:\/\/anoticiaonline.com.br\/site\/cooperados-da-cresol-participam-de-assembleia-geral\/dsc_0107-11\/#main'><img loading=\"lazy\" decoding=\"async\" width=\"800\" height=\"535\" src=\"https:\/\/anoticiaonline.com.br\/site\/wp-content\/uploads\/2019\/03\/DSC_0107-1.jpg\" class=\"attachment-large size-large\" alt=\"\" srcset=\"https:\/\/anoticiaonline.com.br\/site\/wp-content\/uploads\/2019\/03\/DSC_0107-1.jpg 800w, https:\/\/anoticiaonline.com.br\/site\/wp-content\/uploads\/2019\/03\/DSC_0107-1-300x200.jpg 300w, https:\/\/anoticiaonline.com.br\/site\/wp-content\/uploads\/2019\/03\/DSC_0107-1-768x514.jpg 768w\" sizes=\"(max-width: 800px) 100vw, 800px\" \/><\/a>\n\t\t\t<\/div><\/figure><figure class='gallery-item'>\n\t\t\t<div class='gallery-icon landscape'>\n\t\t\t\t<a href='https:\/\/anoticiaonline.com.br\/site\/cooperados-da-cresol-participam-de-assembleia-geral\/img_0290\/#main'><img loading=\"lazy\" decoding=\"async\" width=\"800\" height=\"599\" src=\"https:\/\/anoticiaonline.com.br\/site\/wp-content\/uploads\/2019\/03\/IMG_0290.jpg\" class=\"attachment-large size-large\" alt=\"\" srcset=\"https:\/\/anoticiaonline.com.br\/site\/wp-content\/uploads\/2019\/03\/IMG_0290.jpg 800w, https:\/\/anoticiaonline.com.br\/site\/wp-content\/uploads\/2019\/03\/IMG_0290-300x225.jpg 300w, https:\/\/anoticiaonline.com.br\/site\/wp-content\/uploads\/2019\/03\/IMG_0290-768x575.jpg 768w, https:\/\/anoticiaonline.com.br\/site\/wp-content\/uploads\/2019\/03\/IMG_0290-105x80.jpg 105w\" sizes=\"(max-width: 800px) 100vw, 800px\" \/><\/a>\n\t\t\t<\/div><\/figure><figure class='gallery-item'>\n\t\t\t<div class='gallery-icon landscape'>\n\t\t\t\t<a href='https:\/\/anoticiaonline.com.br\/site\/cooperados-da-cresol-participam-de-assembleia-geral\/dsc_0301-5\/#main'><img loading=\"lazy\" decoding=\"async\" width=\"800\" height=\"535\" src=\"https:\/\/anoticiaonline.com.br\/site\/wp-content\/uploads\/2019\/03\/DSC_0301.jpg\" class=\"attachment-large size-large\" alt=\"\" srcset=\"https:\/\/anoticiaonline.com.br\/site\/wp-content\/uploads\/2019\/03\/DSC_0301.jpg 800w, https:\/\/anoticiaonline.com.br\/site\/wp-content\/uploads\/2019\/03\/DSC_0301-300x200.jpg 300w, https:\/\/anoticiaonline.com.br\/site\/wp-content\/uploads\/2019\/03\/DSC_0301-768x514.jpg 768w\" sizes=\"(max-width: 800px) 100vw, 800px\" \/><\/a>\n\t\t\t<\/div><\/figure><figure class='gallery-item'>\n\t\t\t<div class='gallery-icon landscape'>\n\t\t\t\t<a href='https:\/\/anoticiaonline.com.br\/site\/cooperados-da-cresol-participam-de-assembleia-geral\/dsc_0370-5\/#main'><img loading=\"lazy\" decoding=\"async\" width=\"800\" height=\"534\" src=\"https:\/\/anoticiaonline.com.br\/site\/wp-content\/uploads\/2019\/03\/DSC_0370-1.jpg\" class=\"attachment-large size-large\" alt=\"\" srcset=\"https:\/\/anoticiaonline.com.br\/site\/wp-content\/uploads\/2019\/03\/DSC_0370-1.jpg 800w, https:\/\/anoticiaonline.com.br\/site\/wp-content\/uploads\/2019\/03\/DSC_0370-1-300x200.jpg 300w, https:\/\/anoticiaonline.com.br\/site\/wp-content\/uploads\/2019\/03\/DSC_0370-1-768x513.jpg 768w\" sizes=\"(max-width: 800px) 100vw, 800px\" \/><\/a>\n\t\t\t<\/div><\/figure><figure class='gallery-item'>\n\t\t\t<div class='gallery-icon portrait'>\n\t\t\t\t<a href='https:\/\/anoticiaonline.com.br\/site\/cooperados-da-cresol-participam-de-assembleia-geral\/dsc_0359-5\/#main'><img loading=\"lazy\" decoding=\"async\" width=\"401\" height=\"600\" src=\"https:\/\/anoticiaonline.com.br\/site\/wp-content\/uploads\/2019\/03\/DSC_0359.jpg\" class=\"attachment-large size-large\" alt=\"\" srcset=\"https:\/\/anoticiaonline.com.br\/site\/wp-content\/uploads\/2019\/03\/DSC_0359.jpg 401w, https:\/\/anoticiaonline.com.br\/site\/wp-content\/uploads\/2019\/03\/DSC_0359-201x300.jpg 201w\" sizes=\"(max-width: 401px) 100vw, 401px\" \/><\/a>\n\t\t\t<\/div><\/figure><figure class='gallery-item'>\n\t\t\t<div class='gallery-icon portrait'>\n\t\t\t\t<a href='https:\/\/anoticiaonline.com.br\/site\/cooperados-da-cresol-participam-de-assembleia-geral\/dsc_0342-4\/#main'><img loading=\"lazy\" decoding=\"async\" width=\"401\" height=\"600\" src=\"https:\/\/anoticiaonline.com.br\/site\/wp-content\/uploads\/2019\/03\/DSC_0342.jpg\" class=\"attachment-large size-large\" alt=\"\" srcset=\"https:\/\/anoticiaonline.com.br\/site\/wp-content\/uploads\/2019\/03\/DSC_0342.jpg 401w, https:\/\/anoticiaonline.com.br\/site\/wp-content\/uploads\/2019\/03\/DSC_0342-201x300.jpg 201w\" sizes=\"(max-width: 401px) 100vw, 401px\" \/><\/a>\n\t\t\t<\/div><\/figure><figure class='gallery-item'>\n\t\t\t<div class='gallery-icon portrait'>\n\t\t\t\t<a href='https:\/\/anoticiaonline.com.br\/site\/cooperados-da-cresol-participam-de-assembleia-geral\/dsc_0346-5\/#main'><img loading=\"lazy\" decoding=\"async\" width=\"401\" height=\"600\" src=\"https:\/\/anoticiaonline.com.br\/site\/wp-content\/uploads\/2019\/03\/DSC_0346.jpg\" class=\"attachment-large size-large\" alt=\"\" srcset=\"https:\/\/anoticiaonline.com.br\/site\/wp-content\/uploads\/2019\/03\/DSC_0346.jpg 401w, https:\/\/anoticiaonline.com.br\/site\/wp-content\/uploads\/2019\/03\/DSC_0346-201x300.jpg 201w\" sizes=\"(max-width: 401px) 100vw, 401px\" \/><\/a>\n\t\t\t<\/div><\/figure><figure class='gallery-item'>\n\t\t\t<div class='gallery-icon portrait'>\n\t\t\t\t<a href='https:\/\/anoticiaonline.com.br\/site\/cooperados-da-cresol-participam-de-assembleia-geral\/dsc_0350-6\/#main'><img loading=\"lazy\" decoding=\"async\" width=\"401\" height=\"600\" src=\"https:\/\/anoticiaonline.com.br\/site\/wp-content\/uploads\/2019\/03\/DSC_0350.jpg\" class=\"attachment-large size-large\" alt=\"\" srcset=\"https:\/\/anoticiaonline.com.br\/site\/wp-content\/uploads\/2019\/03\/DSC_0350.jpg 401w, https:\/\/anoticiaonline.com.br\/site\/wp-content\/uploads\/2019\/03\/DSC_0350-201x300.jpg 201w\" sizes=\"(max-width: 401px) 100vw, 401px\" \/><\/a>\n\t\t\t<\/div><\/figure><figure class='gallery-item'>\n\t\t\t<div class='gallery-icon portrait'>\n\t\t\t\t<a href='https:\/\/anoticiaonline.com.br\/site\/cooperados-da-cresol-participam-de-assembleia-geral\/dsc_0353-8\/#main'><img loading=\"lazy\" decoding=\"async\" width=\"401\" height=\"600\" src=\"https:\/\/anoticiaonline.com.br\/site\/wp-content\/uploads\/2019\/03\/DSC_0353.jpg\" class=\"attachment-large size-large\" alt=\"\" srcset=\"https:\/\/anoticiaonline.com.br\/site\/wp-content\/uploads\/2019\/03\/DSC_0353.jpg 401w, https:\/\/anoticiaonline.com.br\/site\/wp-content\/uploads\/2019\/03\/DSC_0353-201x300.jpg 201w\" sizes=\"(max-width: 401px) 100vw, 401px\" \/><\/a>\n\t\t\t<\/div><\/figure><figure class='gallery-item'>\n\t\t\t<div class='gallery-icon landscape'>\n\t\t\t\t<a href='https:\/\/anoticiaonline.com.br\/site\/cooperados-da-cresol-participam-de-assembleia-geral\/dsc_0377-6\/#main'><img loading=\"lazy\" decoding=\"async\" width=\"800\" height=\"535\" src=\"https:\/\/anoticiaonline.com.br\/site\/wp-content\/uploads\/2019\/03\/DSC_0377.jpg\" class=\"attachment-large size-large\" alt=\"\" srcset=\"https:\/\/anoticiaonline.com.br\/site\/wp-content\/uploads\/2019\/03\/DSC_0377.jpg 800w, https:\/\/anoticiaonline.com.br\/site\/wp-content\/uploads\/2019\/03\/DSC_0377-300x200.jpg 300w, https:\/\/anoticiaonline.com.br\/site\/wp-content\/uploads\/2019\/03\/DSC_0377-768x514.jpg 768w\" sizes=\"(max-width: 800px) 100vw, 800px\" \/><\/a>\n\t\t\t<\/div><\/figure><figure class='gallery-item'>\n\t\t\t<div class='gallery-icon landscape'>\n\t\t\t\t<a href='https:\/\/anoticiaonline.com.br\/site\/cooperados-da-cresol-participam-de-assembleia-geral\/dsc_0333-9\/#main'><img loading=\"lazy\" decoding=\"async\" width=\"800\" height=\"535\" src=\"https:\/\/anoticiaonline.com.br\/site\/wp-content\/uploads\/2019\/03\/DSC_0333.jpg\" class=\"attachment-large size-large\" alt=\"\" srcset=\"https:\/\/anoticiaonline.com.br\/site\/wp-content\/uploads\/2019\/03\/DSC_0333.jpg 800w, https:\/\/anoticiaonline.com.br\/site\/wp-content\/uploads\/2019\/03\/DSC_0333-300x200.jpg 300w, https:\/\/anoticiaonline.com.br\/site\/wp-content\/uploads\/2019\/03\/DSC_0333-768x514.jpg 768w\" sizes=\"(max-width: 800px) 100vw, 800px\" \/><\/a>\n\t\t\t<\/div><\/figure>\n\t\t<\/div>\n\n","protected":false},"excerpt":{"rendered":"<p>Evento foi marcado pela fus\u00e3o da Cresol Sudeste de Minas e Cresol Araponga Os cooperados da Cresol Sudeste de Minas participaram, na sexta-feira (8), da Assembleia Geral Ordin\u00e1ria da institui\u00e7\u00e3o, onde foram apresentados os resultados referentes ao ano de 2018. Ainda durante o encontro, os cooperados aprovaram a fus\u00e3o da cooperativa com a Cresol Araponga. &#8230; <a title=\"Cooperados da Cresol participam de Assembleia Geral\" class=\"read-more\" href=\"https:\/\/anoticiaonline.com.br\/site\/cooperados-da-cresol-participam-de-assembleia-geral\/\" aria-label=\"Read more about Cooperados da Cresol participam de Assembleia Geral\">Ler mais<\/a><\/p>\n","protected":false},"author":2,"featured_media":67971,"comment_status":"open","ping_status":"open","sticky":false,"template":"","format":"standard","meta":{"_acf_changed":false,"_monsterinsights_skip_tracking":false,"footnotes":""},"categories":[6],"tags":[3735,3736,2230,3734],"class_list":["post-67950","post","type-post","status-publish","format-standard","has-post-thumbnail","hentry","category-regiao","tag-cresol-araponga","tag-cresol-minas","tag-cresol-sudeste-de-minas","tag-luiz-levi-tomacheski"],"acf":[],"aioseo_notices":[],"aioseo_head":"\n\t\t<!-- All in One SEO 5.0.0.1 - aioseo.com -->\n\t<meta name=\"description\" content=\"Evento foi marcado pela fus\u00e3o da Cresol Sudeste de Minas e Cresol Araponga Os cooperados da Cresol Sudeste de Minas participaram, na sexta-feira (8), da Assembleia Geral Ordin\u00e1ria da institui\u00e7\u00e3o, onde foram apresentados os resultados referentes ao ano de 2018. Ainda durante o encontro, os cooperados aprovaram a fus\u00e3o da cooperativa com a Cresol Araponga.\" \/>\n\t<meta name=\"robots\" content=\"max-image-preview:large\" \/>\n\t<meta name=\"author\" content=\"Juliana Laviola\"\/>\n\t<link rel=\"canonical\" href=\"https:\/\/anoticiaonline.com.br\/site\/cooperados-da-cresol-participam-de-assembleia-geral\/\" \/>\n\t<meta name=\"generator\" content=\"All in One SEO (AIOSEO) 5.0.0.1\" \/>\n\t\t<meta property=\"og:locale\" content=\"pt_BR\" \/>\n\t\t<meta property=\"og:site_name\" content=\"A Not\u00edcia Online - Noticias de Muria\u00e9 e regi\u00e3o\" \/>\n\t\t<meta property=\"og:type\" content=\"article\" \/>\n\t\t<meta property=\"og:title\" content=\"Cooperados da Cresol participam de Assembleia Geral - A Not\u00edcia Online\" \/>\n\t\t<meta property=\"og:description\" content=\"Evento foi marcado pela fus\u00e3o da Cresol Sudeste de Minas e Cresol Araponga Os cooperados da Cresol Sudeste de Minas participaram, na sexta-feira (8), da Assembleia Geral Ordin\u00e1ria da institui\u00e7\u00e3o, onde foram apresentados os resultados referentes ao ano de 2018. Ainda durante o encontro, os cooperados aprovaram a fus\u00e3o da cooperativa com a Cresol Araponga.\" \/>\n\t\t<meta property=\"og:url\" content=\"https:\/\/anoticiaonline.com.br\/site\/cooperados-da-cresol-participam-de-assembleia-geral\/\" \/>\n\t\t<meta property=\"og:image\" content=\"https:\/\/scontent-gig4-1.xx.fbcdn.net\/v\/t39.30808-1\/270437624_4564083193639691_6907940295614233970_n.jpg?stp=dst-jpg_s200x200_tt6&#038;_nc_cat=111&#038;ccb=1-7&#038;_nc_sid=f907e8&#038;_nc_ohc=SM1wRlP3lJwQ7kNvwEPuBYA&#038;_nc_oc=AdnqrjDN_BNjSSHWO-GbkIWH6fkGMLw4bqvL_NH6e2wMveX7G-rP2dAqsDSq1mJMOaY&#038;_nc_zt=24&#038;_nc_ht=scontent-gig4-1.xx&#038;_nc_gid=AoBFJeGrT1hVaew_6rchkQ&#038;oh=00_AfX7QmFGhQhG2jAllVgXCiM1ZrWgvtp80-Bfppyexh1QEg&#038;oe=689E923C\" \/>\n\t\t<meta property=\"og:image:secure_url\" content=\"https:\/\/scontent-gig4-1.xx.fbcdn.net\/v\/t39.30808-1\/270437624_4564083193639691_6907940295614233970_n.jpg?stp=dst-jpg_s200x200_tt6&#038;_nc_cat=111&#038;ccb=1-7&#038;_nc_sid=f907e8&#038;_nc_ohc=SM1wRlP3lJwQ7kNvwEPuBYA&#038;_nc_oc=AdnqrjDN_BNjSSHWO-GbkIWH6fkGMLw4bqvL_NH6e2wMveX7G-rP2dAqsDSq1mJMOaY&#038;_nc_zt=24&#038;_nc_ht=scontent-gig4-1.xx&#038;_nc_gid=AoBFJeGrT1hVaew_6rchkQ&#038;oh=00_AfX7QmFGhQhG2jAllVgXCiM1ZrWgvtp80-Bfppyexh1QEg&#038;oe=689E923C\" \/>\n\t\t<meta property=\"article:published_time\" content=\"2019-03-14T21:12:34+00:00\" \/>\n\t\t<meta property=\"article:modified_time\" content=\"2019-03-14T21:12:34+00:00\" \/>\n\t\t<meta name=\"twitter:card\" content=\"summary_large_image\" \/>\n\t\t<meta name=\"twitter:title\" content=\"Cooperados da Cresol participam de Assembleia Geral - A Not\u00edcia Online\" \/>\n\t\t<meta name=\"twitter:description\" content=\"Evento foi marcado pela fus\u00e3o da Cresol Sudeste de Minas e Cresol Araponga Os cooperados da Cresol Sudeste de Minas participaram, na sexta-feira (8), da Assembleia Geral Ordin\u00e1ria da institui\u00e7\u00e3o, onde foram apresentados os resultados referentes ao ano de 2018. Ainda durante o encontro, os cooperados aprovaram a fus\u00e3o da cooperativa com a Cresol Araponga.\" \/>\n\t\t<meta name=\"twitter:image\" content=\"https:\/\/scontent-gig4-1.xx.fbcdn.net\/v\/t39.30808-1\/270437624_4564083193639691_6907940295614233970_n.jpg?stp=dst-jpg_s200x200_tt6&amp;_nc_cat=111&amp;ccb=1-7&amp;_nc_sid=f907e8&amp;_nc_ohc=SM1wRlP3lJwQ7kNvwEPuBYA&amp;_nc_oc=AdnqrjDN_BNjSSHWO-GbkIWH6fkGMLw4bqvL_NH6e2wMveX7G-rP2dAqsDSq1mJMOaY&amp;_nc_zt=24&amp;_nc_ht=scontent-gig4-1.xx&amp;_nc_gid=AoBFJeGrT1hVaew_6rchkQ&amp;oh=00_AfX7QmFGhQhG2jAllVgXCiM1ZrWgvtp80-Bfppyexh1QEg&amp;oe=689E923C\" \/>\n\t\t<script type=\"application\/ld+json\" class=\"aioseo-schema\">\n\t\t\t{\"@context\":\"https:\\\/\\\/schema.org\",\"@graph\":[{\"@type\":\"BlogPosting\",\"@id\":\"https:\\\/\\\/anoticiaonline.com.br\\\/site\\\/cooperados-da-cresol-participam-de-assembleia-geral\\\/#blogposting\",\"name\":\"Cooperados da Cresol participam de Assembleia Geral - A Not\\u00edcia Online\",\"headline\":\"Cooperados da Cresol participam de Assembleia Geral\",\"author\":{\"@id\":\"https:\\\/\\\/anoticiaonline.com.br\\\/site\\\/author\\\/juliana\\\/#author\"},\"publisher\":{\"@id\":\"https:\\\/\\\/anoticiaonline.com.br\\\/site\\\/#organization\"},\"image\":{\"@type\":\"ImageObject\",\"url\":\"https:\\\/\\\/anoticiaonline.com.br\\\/site\\\/wp-content\\\/uploads\\\/2019\\\/03\\\/capa-1.jpg\",\"width\":1000,\"height\":350},\"datePublished\":\"2019-03-14T18:12:34-03:00\",\"dateModified\":\"2019-03-14T18:12:34-03:00\",\"inLanguage\":\"pt-BR\",\"mainEntityOfPage\":{\"@id\":\"https:\\\/\\\/anoticiaonline.com.br\\\/site\\\/cooperados-da-cresol-participam-de-assembleia-geral\\\/#webpage\"},\"isPartOf\":{\"@id\":\"https:\\\/\\\/anoticiaonline.com.br\\\/site\\\/cooperados-da-cresol-participam-de-assembleia-geral\\\/#webpage\"},\"articleSection\":\"Regi\\u00e3o, Cresol Araponga, Cresol Minas, Cresol Sudeste de Minas, Luiz Levi Tomacheski\"},{\"@type\":\"BreadcrumbList\",\"@id\":\"https:\\\/\\\/anoticiaonline.com.br\\\/site\\\/cooperados-da-cresol-participam-de-assembleia-geral\\\/#breadcrumblist\",\"itemListElement\":[{\"@type\":\"ListItem\",\"@id\":\"https:\\\/\\\/anoticiaonline.com.br\\\/site#listItem\",\"position\":1,\"name\":\"Home\",\"item\":\"https:\\\/\\\/anoticiaonline.com.br\\\/site\",\"nextItem\":{\"@type\":\"ListItem\",\"@id\":\"https:\\\/\\\/anoticiaonline.com.br\\\/site\\\/categoria\\\/regiao\\\/#listItem\",\"name\":\"Regi\\u00e3o\"}},{\"@type\":\"ListItem\",\"@id\":\"https:\\\/\\\/anoticiaonline.com.br\\\/site\\\/categoria\\\/regiao\\\/#listItem\",\"position\":2,\"name\":\"Regi\\u00e3o\",\"item\":\"https:\\\/\\\/anoticiaonline.com.br\\\/site\\\/categoria\\\/regiao\\\/\",\"nextItem\":{\"@type\":\"ListItem\",\"@id\":\"https:\\\/\\\/anoticiaonline.com.br\\\/site\\\/cooperados-da-cresol-participam-de-assembleia-geral\\\/#listItem\",\"name\":\"Cooperados da Cresol participam de Assembleia Geral\"},\"previousItem\":{\"@type\":\"ListItem\",\"@id\":\"https:\\\/\\\/anoticiaonline.com.br\\\/site#listItem\",\"name\":\"Home\"}},{\"@type\":\"ListItem\",\"@id\":\"https:\\\/\\\/anoticiaonline.com.br\\\/site\\\/cooperados-da-cresol-participam-de-assembleia-geral\\\/#listItem\",\"position\":3,\"name\":\"Cooperados da Cresol participam de Assembleia Geral\",\"previousItem\":{\"@type\":\"ListItem\",\"@id\":\"https:\\\/\\\/anoticiaonline.com.br\\\/site\\\/categoria\\\/regiao\\\/#listItem\",\"name\":\"Regi\\u00e3o\"}}]},{\"@type\":\"Organization\",\"@id\":\"https:\\\/\\\/anoticiaonline.com.br\\\/site\\\/#organization\",\"name\":\"A Not\\u00edcia Online\",\"description\":\"Noticias de Muria\\u00e9 e regi\\u00e3o\",\"url\":\"https:\\\/\\\/anoticiaonline.com.br\\\/site\\\/\",\"logo\":{\"@type\":\"ImageObject\",\"url\":\"https:\\\/\\\/scontent-gig4-1.xx.fbcdn.net\\\/v\\\/t39.30808-1\\\/270437624_4564083193639691_6907940295614233970_n.jpg?stp=dst-jpg_s200x200_tt6&_nc_cat=111&ccb=1-7&_nc_sid=f907e8&_nc_ohc=SM1wRlP3lJwQ7kNvwEPuBYA&_nc_oc=AdnqrjDN_BNjSSHWO-GbkIWH6fkGMLw4bqvL_NH6e2wMveX7G-rP2dAqsDSq1mJMOaY&_nc_zt=24&_nc_ht=scontent-gig4-1.xx&_nc_gid=AoBFJeGrT1hVaew_6rchkQ&oh=00_AfX7QmFGhQhG2jAllVgXCiM1ZrWgvtp80-Bfppyexh1QEg&oe=689E923C\",\"@id\":\"https:\\\/\\\/anoticiaonline.com.br\\\/site\\\/cooperados-da-cresol-participam-de-assembleia-geral\\\/#organizationLogo\"},\"image\":{\"@id\":\"https:\\\/\\\/anoticiaonline.com.br\\\/site\\\/cooperados-da-cresol-participam-de-assembleia-geral\\\/#organizationLogo\"}},{\"@type\":\"Person\",\"@id\":\"https:\\\/\\\/anoticiaonline.com.br\\\/site\\\/author\\\/juliana\\\/#author\",\"url\":\"https:\\\/\\\/anoticiaonline.com.br\\\/site\\\/author\\\/juliana\\\/\",\"name\":\"Juliana Laviola\",\"image\":{\"@type\":\"ImageObject\",\"@id\":\"https:\\\/\\\/anoticiaonline.com.br\\\/site\\\/cooperados-da-cresol-participam-de-assembleia-geral\\\/#authorImage\",\"url\":\"https:\\\/\\\/secure.gravatar.com\\\/avatar\\\/b8d45f5c699b100dfaf0e543582f38f38bf94cb7ae3a5e9abf8d891a34773335?s=96&d=mm&r=g\",\"width\":96,\"height\":96,\"caption\":\"Juliana Laviola\"}},{\"@type\":\"WebPage\",\"@id\":\"https:\\\/\\\/anoticiaonline.com.br\\\/site\\\/cooperados-da-cresol-participam-de-assembleia-geral\\\/#webpage\",\"url\":\"https:\\\/\\\/anoticiaonline.com.br\\\/site\\\/cooperados-da-cresol-participam-de-assembleia-geral\\\/\",\"name\":\"Cooperados da Cresol participam de Assembleia Geral - A Not\\u00edcia Online\",\"description\":\"Evento foi marcado pela fus\\u00e3o da Cresol Sudeste de Minas e Cresol Araponga Os cooperados da Cresol Sudeste de Minas participaram, na sexta-feira (8), da Assembleia Geral Ordin\\u00e1ria da institui\\u00e7\\u00e3o, onde foram apresentados os resultados referentes ao ano de 2018. Ainda durante o encontro, os cooperados aprovaram a fus\\u00e3o da cooperativa com a Cresol Araponga.\",\"inLanguage\":\"pt-BR\",\"isPartOf\":{\"@id\":\"https:\\\/\\\/anoticiaonline.com.br\\\/site\\\/#website\"},\"breadcrumb\":{\"@id\":\"https:\\\/\\\/anoticiaonline.com.br\\\/site\\\/cooperados-da-cresol-participam-de-assembleia-geral\\\/#breadcrumblist\"},\"author\":{\"@id\":\"https:\\\/\\\/anoticiaonline.com.br\\\/site\\\/author\\\/juliana\\\/#author\"},\"creator\":{\"@id\":\"https:\\\/\\\/anoticiaonline.com.br\\\/site\\\/author\\\/juliana\\\/#author\"},\"image\":{\"@type\":\"ImageObject\",\"url\":\"https:\\\/\\\/anoticiaonline.com.br\\\/site\\\/wp-content\\\/uploads\\\/2019\\\/03\\\/capa-1.jpg\",\"@id\":\"https:\\\/\\\/anoticiaonline.com.br\\\/site\\\/cooperados-da-cresol-participam-de-assembleia-geral\\\/#mainImage\",\"width\":1000,\"height\":350},\"primaryImageOfPage\":{\"@id\":\"https:\\\/\\\/anoticiaonline.com.br\\\/site\\\/cooperados-da-cresol-participam-de-assembleia-geral\\\/#mainImage\"},\"datePublished\":\"2019-03-14T18:12:34-03:00\",\"dateModified\":\"2019-03-14T18:12:34-03:00\"},{\"@type\":\"WebSite\",\"@id\":\"https:\\\/\\\/anoticiaonline.com.br\\\/site\\\/#website\",\"url\":\"https:\\\/\\\/anoticiaonline.com.br\\\/site\\\/\",\"name\":\"A Not\\u00edcia Online\",\"description\":\"Noticias de Muria\\u00e9 e regi\\u00e3o\",\"inLanguage\":\"pt-BR\",\"publisher\":{\"@id\":\"https:\\\/\\\/anoticiaonline.com.br\\\/site\\\/#organization\"}}]}\n\t\t<\/script>\n\t\t<!-- All in One SEO -->\n\n","aioseo_head_json":{"title":"Cooperados da Cresol participam de Assembleia Geral - A Not\u00edcia Online","description":"Evento foi marcado pela fus\u00e3o da Cresol Sudeste de Minas e Cresol Araponga Os cooperados da Cresol Sudeste de Minas participaram, na sexta-feira (8), da Assembleia Geral Ordin\u00e1ria da institui\u00e7\u00e3o, onde foram apresentados os resultados referentes ao ano de 2018. Ainda durante o encontro, os cooperados aprovaram a fus\u00e3o da cooperativa com a Cresol Araponga.","canonical_url":"https:\/\/anoticiaonline.com.br\/site\/cooperados-da-cresol-participam-de-assembleia-geral\/","robots":"max-image-preview:large","keywords":"","webmasterTools":{"miscellaneous":""},"schema":{"@context":"https:\/\/schema.org","@graph":[{"@type":"BlogPosting","@id":"https:\/\/anoticiaonline.com.br\/site\/cooperados-da-cresol-participam-de-assembleia-geral\/#blogposting","name":"Cooperados da Cresol participam de Assembleia Geral - A Not\u00edcia Online","headline":"Cooperados da Cresol participam de Assembleia Geral","author":{"@id":"https:\/\/anoticiaonline.com.br\/site\/author\/juliana\/#author"},"publisher":{"@id":"https:\/\/anoticiaonline.com.br\/site\/#organization"},"image":{"@type":"ImageObject","url":"https:\/\/anoticiaonline.com.br\/site\/wp-content\/uploads\/2019\/03\/capa-1.jpg","width":1000,"height":350},"datePublished":"2019-03-14T18:12:34-03:00","dateModified":"2019-03-14T18:12:34-03:00","inLanguage":"pt-BR","mainEntityOfPage":{"@id":"https:\/\/anoticiaonline.com.br\/site\/cooperados-da-cresol-participam-de-assembleia-geral\/#webpage"},"isPartOf":{"@id":"https:\/\/anoticiaonline.com.br\/site\/cooperados-da-cresol-participam-de-assembleia-geral\/#webpage"},"articleSection":"Regi\u00e3o, Cresol Araponga, Cresol Minas, Cresol Sudeste de Minas, Luiz Levi Tomacheski"},{"@type":"BreadcrumbList","@id":"https:\/\/anoticiaonline.com.br\/site\/cooperados-da-cresol-participam-de-assembleia-geral\/#breadcrumblist","itemListElement":[{"@type":"ListItem","@id":"https:\/\/anoticiaonline.com.br\/site#listItem","position":1,"name":"Home","item":"https:\/\/anoticiaonline.com.br\/site","nextItem":{"@type":"ListItem","@id":"https:\/\/anoticiaonline.com.br\/site\/categoria\/regiao\/#listItem","name":"Regi\u00e3o"}},{"@type":"ListItem","@id":"https:\/\/anoticiaonline.com.br\/site\/categoria\/regiao\/#listItem","position":2,"name":"Regi\u00e3o","item":"https:\/\/anoticiaonline.com.br\/site\/categoria\/regiao\/","nextItem":{"@type":"ListItem","@id":"https:\/\/anoticiaonline.com.br\/site\/cooperados-da-cresol-participam-de-assembleia-geral\/#listItem","name":"Cooperados da Cresol participam de Assembleia Geral"},"previousItem":{"@type":"ListItem","@id":"https:\/\/anoticiaonline.com.br\/site#listItem","name":"Home"}},{"@type":"ListItem","@id":"https:\/\/anoticiaonline.com.br\/site\/cooperados-da-cresol-participam-de-assembleia-geral\/#listItem","position":3,"name":"Cooperados da Cresol participam de Assembleia Geral","previousItem":{"@type":"ListItem","@id":"https:\/\/anoticiaonline.com.br\/site\/categoria\/regiao\/#listItem","name":"Regi\u00e3o"}}]},{"@type":"Organization","@id":"https:\/\/anoticiaonline.com.br\/site\/#organization","name":"A Not\u00edcia Online","description":"Noticias de Muria\u00e9 e regi\u00e3o","url":"https:\/\/anoticiaonline.com.br\/site\/","logo":{"@type":"ImageObject","url":"https:\/\/scontent-gig4-1.xx.fbcdn.net\/v\/t39.30808-1\/270437624_4564083193639691_6907940295614233970_n.jpg?stp=dst-jpg_s200x200_tt6&_nc_cat=111&ccb=1-7&_nc_sid=f907e8&_nc_ohc=SM1wRlP3lJwQ7kNvwEPuBYA&_nc_oc=AdnqrjDN_BNjSSHWO-GbkIWH6fkGMLw4bqvL_NH6e2wMveX7G-rP2dAqsDSq1mJMOaY&_nc_zt=24&_nc_ht=scontent-gig4-1.xx&_nc_gid=AoBFJeGrT1hVaew_6rchkQ&oh=00_AfX7QmFGhQhG2jAllVgXCiM1ZrWgvtp80-Bfppyexh1QEg&oe=689E923C","@id":"https:\/\/anoticiaonline.com.br\/site\/cooperados-da-cresol-participam-de-assembleia-geral\/#organizationLogo"},"image":{"@id":"https:\/\/anoticiaonline.com.br\/site\/cooperados-da-cresol-participam-de-assembleia-geral\/#organizationLogo"}},{"@type":"Person","@id":"https:\/\/anoticiaonline.com.br\/site\/author\/juliana\/#author","url":"https:\/\/anoticiaonline.com.br\/site\/author\/juliana\/","name":"Juliana Laviola","image":{"@type":"ImageObject","@id":"https:\/\/anoticiaonline.com.br\/site\/cooperados-da-cresol-participam-de-assembleia-geral\/#authorImage","url":"https:\/\/secure.gravatar.com\/avatar\/b8d45f5c699b100dfaf0e543582f38f38bf94cb7ae3a5e9abf8d891a34773335?s=96&d=mm&r=g","width":96,"height":96,"caption":"Juliana Laviola"}},{"@type":"WebPage","@id":"https:\/\/anoticiaonline.com.br\/site\/cooperados-da-cresol-participam-de-assembleia-geral\/#webpage","url":"https:\/\/anoticiaonline.com.br\/site\/cooperados-da-cresol-participam-de-assembleia-geral\/","name":"Cooperados da Cresol participam de Assembleia Geral - A Not\u00edcia Online","description":"Evento foi marcado pela fus\u00e3o da Cresol Sudeste de Minas e Cresol Araponga Os cooperados da Cresol Sudeste de Minas participaram, na sexta-feira (8), da Assembleia Geral Ordin\u00e1ria da institui\u00e7\u00e3o, onde foram apresentados os resultados referentes ao ano de 2018. Ainda durante o encontro, os cooperados aprovaram a fus\u00e3o da cooperativa com a Cresol Araponga.","inLanguage":"pt-BR","isPartOf":{"@id":"https:\/\/anoticiaonline.com.br\/site\/#website"},"breadcrumb":{"@id":"https:\/\/anoticiaonline.com.br\/site\/cooperados-da-cresol-participam-de-assembleia-geral\/#breadcrumblist"},"author":{"@id":"https:\/\/anoticiaonline.com.br\/site\/author\/juliana\/#author"},"creator":{"@id":"https:\/\/anoticiaonline.com.br\/site\/author\/juliana\/#author"},"image":{"@type":"ImageObject","url":"https:\/\/anoticiaonline.com.br\/site\/wp-content\/uploads\/2019\/03\/capa-1.jpg","@id":"https:\/\/anoticiaonline.com.br\/site\/cooperados-da-cresol-participam-de-assembleia-geral\/#mainImage","width":1000,"height":350},"primaryImageOfPage":{"@id":"https:\/\/anoticiaonline.com.br\/site\/cooperados-da-cresol-participam-de-assembleia-geral\/#mainImage"},"datePublished":"2019-03-14T18:12:34-03:00","dateModified":"2019-03-14T18:12:34-03:00"},{"@type":"WebSite","@id":"https:\/\/anoticiaonline.com.br\/site\/#website","url":"https:\/\/anoticiaonline.com.br\/site\/","name":"A Not\u00edcia Online","description":"Noticias de Muria\u00e9 e regi\u00e3o","inLanguage":"pt-BR","publisher":{"@id":"https:\/\/anoticiaonline.com.br\/site\/#organization"}}]},"og:locale":"pt_BR","og:site_name":"A Not\u00edcia Online - Noticias de Muria\u00e9 e regi\u00e3o","og:type":"article","og:title":"Cooperados da Cresol participam de Assembleia Geral - A Not\u00edcia Online","og:description":"Evento foi marcado pela fus\u00e3o da Cresol Sudeste de Minas e Cresol Araponga Os cooperados da Cresol Sudeste de Minas participaram, na sexta-feira (8), da Assembleia Geral Ordin\u00e1ria da institui\u00e7\u00e3o, onde foram apresentados os resultados referentes ao ano de 2018. Ainda durante o encontro, os cooperados aprovaram a fus\u00e3o da cooperativa com a Cresol Araponga.","og:url":"https:\/\/anoticiaonline.com.br\/site\/cooperados-da-cresol-participam-de-assembleia-geral\/","og:image":"https:\/\/scontent-gig4-1.xx.fbcdn.net\/v\/t39.30808-1\/270437624_4564083193639691_6907940295614233970_n.jpg?stp=dst-jpg_s200x200_tt6&#038;_nc_cat=111&#038;ccb=1-7&#038;_nc_sid=f907e8&#038;_nc_ohc=SM1wRlP3lJwQ7kNvwEPuBYA&#038;_nc_oc=AdnqrjDN_BNjSSHWO-GbkIWH6fkGMLw4bqvL_NH6e2wMveX7G-rP2dAqsDSq1mJMOaY&#038;_nc_zt=24&#038;_nc_ht=scontent-gig4-1.xx&#038;_nc_gid=AoBFJeGrT1hVaew_6rchkQ&#038;oh=00_AfX7QmFGhQhG2jAllVgXCiM1ZrWgvtp80-Bfppyexh1QEg&#038;oe=689E923C","og:image:secure_url":"https:\/\/scontent-gig4-1.xx.fbcdn.net\/v\/t39.30808-1\/270437624_4564083193639691_6907940295614233970_n.jpg?stp=dst-jpg_s200x200_tt6&#038;_nc_cat=111&#038;ccb=1-7&#038;_nc_sid=f907e8&#038;_nc_ohc=SM1wRlP3lJwQ7kNvwEPuBYA&#038;_nc_oc=AdnqrjDN_BNjSSHWO-GbkIWH6fkGMLw4bqvL_NH6e2wMveX7G-rP2dAqsDSq1mJMOaY&#038;_nc_zt=24&#038;_nc_ht=scontent-gig4-1.xx&#038;_nc_gid=AoBFJeGrT1hVaew_6rchkQ&#038;oh=00_AfX7QmFGhQhG2jAllVgXCiM1ZrWgvtp80-Bfppyexh1QEg&#038;oe=689E923C","article:published_time":"2019-03-14T21:12:34+00:00","article:modified_time":"2019-03-14T21:12:34+00:00","twitter:card":"summary_large_image","twitter:title":"Cooperados da Cresol participam de Assembleia Geral - A Not\u00edcia Online","twitter:description":"Evento foi marcado pela fus\u00e3o da Cresol Sudeste de Minas e Cresol Araponga Os cooperados da Cresol Sudeste de Minas participaram, na sexta-feira (8), da Assembleia Geral Ordin\u00e1ria da institui\u00e7\u00e3o, onde foram apresentados os resultados referentes ao ano de 2018. Ainda durante o encontro, os cooperados aprovaram a fus\u00e3o da cooperativa com a Cresol Araponga.","twitter:image":"https:\/\/scontent-gig4-1.xx.fbcdn.net\/v\/t39.30808-1\/270437624_4564083193639691_6907940295614233970_n.jpg?stp=dst-jpg_s200x200_tt6&_nc_cat=111&ccb=1-7&_nc_sid=f907e8&_nc_ohc=SM1wRlP3lJwQ7kNvwEPuBYA&_nc_oc=AdnqrjDN_BNjSSHWO-GbkIWH6fkGMLw4bqvL_NH6e2wMveX7G-rP2dAqsDSq1mJMOaY&_nc_zt=24&_nc_ht=scontent-gig4-1.xx&_nc_gid=AoBFJeGrT1hVaew_6rchkQ&oh=00_AfX7QmFGhQhG2jAllVgXCiM1ZrWgvtp80-Bfppyexh1QEg&oe=689E923C"},"aioseo_meta_data":{"post_id":"67950","title":null,"description":null,"keywords":null,"keyphrases":null,"primary_term":null,"canonical_url":null,"og_title":null,"og_description":null,"og_object_type":"default","og_image_type":"default","og_image_url":null,"og_image_width":null,"og_image_height":null,"og_image_custom_url":null,"og_image_custom_fields":null,"og_video":null,"og_custom_url":null,"og_article_section":null,"og_article_tags":null,"twitter_use_og":false,"twitter_card":"default","twitter_image_type":"default","twitter_image_url":null,"twitter_image_custom_url":null,"twitter_image_custom_fields":null,"twitter_title":null,"twitter_description":null,"schema":{"blockGraphs":[],"customGraphs":[],"default":{"data":{"Article":[],"Course":[],"Dataset":[],"FAQPage":[],"Movie":[],"Person":[],"Product":[],"ProductReview":[],"Car":[],"Recipe":[],"Service":[],"SoftwareApplication":[],"WebPage":[]},"graphName":"","isEnabled":true},"graphs":[]},"schema_type":"default","schema_type_options":null,"pillar_content":false,"robots_default":true,"robots_noindex":false,"robots_noarchive":false,"robots_nosnippet":false,"robots_nofollow":false,"robots_noimageindex":false,"robots_noodp":false,"robots_notranslate":false,"robots_max_snippet":null,"robots_max_videopreview":null,"robots_max_imagepreview":"large","priority":null,"frequency":null,"local_seo":null,"breadcrumb_settings":null,"limit_modified_date":false,"ai":null,"created":"2025-08-16 22:57:27","updated":"2025-08-16 22:57:27","focus_keyword":null,"additional_keywords":null,"truseo_locale":null,"seo_analyzer_scan_date":null},"aioseo_breadcrumb":"<div class=\"aioseo-breadcrumbs\"><span class=\"aioseo-breadcrumb\">\n\t\t\t<a href=\"https:\/\/anoticiaonline.com.br\/site\" title=\"Home\">Home<\/a>\n\t\t<\/span><span class=\"aioseo-breadcrumb-separator\">&raquo;<\/span><span class=\"aioseo-breadcrumb\">\n\t\t\t<a href=\"https:\/\/anoticiaonline.com.br\/site\/categoria\/regiao\/\" title=\"Regi\u00e3o\">Regi\u00e3o<\/a>\n\t\t<\/span><span class=\"aioseo-breadcrumb-separator\">&raquo;<\/span><span class=\"aioseo-breadcrumb\">\n\t\t\tCooperados da Cresol participam de Assembleia Geral\n\t\t<\/span><\/div>","aioseo_breadcrumb_json":[{"label":"Home","link":"https:\/\/anoticiaonline.com.br\/site"},{"label":"Regi\u00e3o","link":"https:\/\/anoticiaonline.com.br\/site\/categoria\/regiao\/"},{"label":"Cooperados da Cresol participam de Assembleia Geral","link":"https:\/\/anoticiaonline.com.br\/site\/cooperados-da-cresol-participam-de-assembleia-geral\/"}],"views":151,"_links":{"self":[{"href":"https:\/\/anoticiaonline.com.br\/site\/wp-json\/wp\/v2\/posts\/67950","targetHints":{"allow":["GET"]}}],"collection":[{"href":"https:\/\/anoticiaonline.com.br\/site\/wp-json\/wp\/v2\/posts"}],"about":[{"href":"https:\/\/anoticiaonline.com.br\/site\/wp-json\/wp\/v2\/types\/post"}],"author":[{"embeddable":true,"href":"https:\/\/anoticiaonline.com.br\/site\/wp-json\/wp\/v2\/users\/2"}],"replies":[{"embeddable":true,"href":"https:\/\/anoticiaonline.com.br\/site\/wp-json\/wp\/v2\/comments?post=67950"}],"version-history":[{"count":0,"href":"https:\/\/anoticiaonline.com.br\/site\/wp-json\/wp\/v2\/posts\/67950\/revisions"}],"wp:featuredmedia":[{"embeddable":true,"href":"https:\/\/anoticiaonline.com.br\/site\/wp-json\/wp\/v2\/media\/67971"}],"wp:attachment":[{"href":"https:\/\/anoticiaonline.com.br\/site\/wp-json\/wp\/v2\/media?parent=67950"}],"wp:term":[{"taxonomy":"category","embeddable":true,"href":"https:\/\/anoticiaonline.com.br\/site\/wp-json\/wp\/v2\/categories?post=67950"},{"taxonomy":"post_tag","embeddable":true,"href":"https:\/\/anoticiaonline.com.br\/site\/wp-json\/wp\/v2\/tags?post=67950"}],"curies":[{"name":"wp","href":"https:\/\/api.w.org\/{rel}","templated":true}]}}