{"id":67670,"date":"2019-03-01T12:04:23","date_gmt":"2019-03-01T15:04:23","guid":{"rendered":"http:\/\/anoticiaonline.com.br\/site\/?p=67670"},"modified":"2019-03-01T12:04:23","modified_gmt":"2019-03-01T15:04:23","slug":"unidos-do-santa-terezinha-faz-homenagem-ao-bairro-em-seu-desfile","status":"publish","type":"post","link":"https:\/\/anoticiaonline.com.br\/site\/unidos-do-santa-terezinha-faz-homenagem-ao-bairro-em-seu-desfile\/","title":{"rendered":"Unidos do Santa Terezinha faz homenagem ao bairro em seu desfile"},"content":{"rendered":"<p><a href=\"https:\/\/anoticiaonline.com.br\/site\/wp-content\/uploads\/2019\/03\/DSC_0100.jpg\"><img fetchpriority=\"high\" decoding=\"async\" class=\"aligncenter size-full wp-image-67675\" src=\"https:\/\/anoticiaonline.com.br\/site\/wp-content\/uploads\/2019\/03\/DSC_0100.jpg\" alt=\"\" width=\"800\" height=\"535\" srcset=\"https:\/\/anoticiaonline.com.br\/site\/wp-content\/uploads\/2019\/03\/DSC_0100.jpg 800w, https:\/\/anoticiaonline.com.br\/site\/wp-content\/uploads\/2019\/03\/DSC_0100-300x200.jpg 300w, https:\/\/anoticiaonline.com.br\/site\/wp-content\/uploads\/2019\/03\/DSC_0100-768x514.jpg 768w\" sizes=\"(max-width: 800px) 100vw, 800px\" \/><\/a><\/p>\n<p>A Avenida do Samba, na Pra\u00e7a Jo\u00e3o Pinheiro, recebeu com total carinho e admira\u00e7\u00e3o o desfile da Escola de Samba Unidos do Santa Terezinha, na noite de sexta-feira (22). Representando um dos bairros mais populosos da cidade, a escola fez bonito e presenteou o p\u00fablico com um desfile memor\u00e1vel. O enredo deste ano falou sobre o \u201cSanta Terezinha, bairro que muito orgulha todos n\u00f3s\u201d, com autoria de Alexandre (Xandy) \u2013 tamb\u00e9m int\u00e9rprete da escola, e os m\u00fasicos Shirley Mello, Adrian, Pedro J\u00fanior e Paulinho Boa Fam\u00edlia.<!--more--><\/p>\n<p>Segundo a presidente da escola, Giselia Maria de Oliveira Alves, a Zelinha, a Unidos do Santa Terezinha levou cerca de 160 componentes \u00e0 avenida. Al\u00e9m do mestre sala Rodrigo Fran\u00e7a e da porta bandeira Cassiane Figueiredo, Mestre de bateria Pedro Roque, e Contramestre Luiz Oliveira, auxiliares de bateria Carlos Roberto (Betinho) e Paulinho, madrinha de bateria Isabely Costa, rainha de bateria Maryanne Hip\u00f3lito e rei da bateria Giliard Pinheiro, a comunidade levou dez alas ao desfile \u2013 oito adultas e duas infantis. A produ\u00e7\u00e3o ficou por conta dos diretores Ana Beatriz Couto (Bia Couto) e Rom\u00e1rio Salles.<\/p>\n<p>Zelinha revelou que neste carnaval, o trabalho da comunidade foi fundamental para o sucesso do evento. \u201cMuitas pessoas da comunidade deram for\u00e7a, foram ao barrac\u00e3o ajudar nos trabalhos. Mas a grande maioria dos materiais foi fruto de reaproveitamento\u201d, disse a presidente.<\/p>\n<p>Em entrevista, Zelinha tamb\u00e9m ressaltou o trabalho da equipe e de colaboradores da escola. \u201cAgrade\u00e7o \u00e0s pessoas que nos ajudaram no barrac\u00e3o, a quem colaborou financeiramente, aos membros da dire\u00e7\u00e3o, ao nosso carnavalesco Carlinhos Scarleth, ao ex-presidente Cl\u00e1udio Ventura e ao Diretor de Harmonia Paulo Magalh\u00e3es, grandes colaboradores da escola, e a todos os que participaram do desfile, contribuindo para essa bela festa da Unidos do Santa Terezinha\u201d, encerrou.<\/p>\n<p>Alguns dos destaques dos carros da Unidos do Santa Terezinha foram Alessandro Moreira e Jo\u00e3o L\u00facio, de Tombos, e Marly, de Muria\u00e9. No ch\u00e3o, os destaques foram Marizete (Zete), Alerrandra Maria, Lili Stefany, Marilaine. \u201cA integra\u00e7\u00e3o dos carnavais das cidades fortalece a festa na regi\u00e3o. Estamos fazendo uma esp\u00e9cie de interc\u00e2mbio cultural entre os munic\u00edpios\u201d, disseram os representantes da escola, agradecendo tamb\u00e9m \u00e0 Liga Carnavalesca de Muria\u00e9 (LICAMUR), Fundarte e Prefeitura Municipal de Muria\u00e9. <em>Projeto MURISAMBA, protocolo 0248\/01\/2016.<\/em><\/p>\n<div id='gallery-1' class='gallery galleryid-67670 gallery-columns-1 gallery-size-full'><figure class='gallery-item'>\n\t\t\t<div class='gallery-icon landscape'>\n\t\t\t\t<a href='https:\/\/anoticiaonline.com.br\/site\/wp-content\/uploads\/2019\/03\/DSC_0073.jpg'><img decoding=\"async\" width=\"800\" height=\"535\" src=\"https:\/\/anoticiaonline.com.br\/site\/wp-content\/uploads\/2019\/03\/DSC_0073.jpg\" class=\"attachment-full size-full\" alt=\"\" srcset=\"https:\/\/anoticiaonline.com.br\/site\/wp-content\/uploads\/2019\/03\/DSC_0073.jpg 800w, https:\/\/anoticiaonline.com.br\/site\/wp-content\/uploads\/2019\/03\/DSC_0073-300x200.jpg 300w, https:\/\/anoticiaonline.com.br\/site\/wp-content\/uploads\/2019\/03\/DSC_0073-768x514.jpg 768w\" sizes=\"(max-width: 800px) 100vw, 800px\" \/><\/a>\n\t\t\t<\/div><\/figure><figure class='gallery-item'>\n\t\t\t<div class='gallery-icon landscape'>\n\t\t\t\t<a href='https:\/\/anoticiaonline.com.br\/site\/wp-content\/uploads\/2019\/03\/DSC_0063.jpg'><img decoding=\"async\" width=\"800\" height=\"535\" src=\"https:\/\/anoticiaonline.com.br\/site\/wp-content\/uploads\/2019\/03\/DSC_0063.jpg\" class=\"attachment-full size-full\" alt=\"\" srcset=\"https:\/\/anoticiaonline.com.br\/site\/wp-content\/uploads\/2019\/03\/DSC_0063.jpg 800w, https:\/\/anoticiaonline.com.br\/site\/wp-content\/uploads\/2019\/03\/DSC_0063-300x200.jpg 300w, https:\/\/anoticiaonline.com.br\/site\/wp-content\/uploads\/2019\/03\/DSC_0063-768x514.jpg 768w\" sizes=\"(max-width: 800px) 100vw, 800px\" \/><\/a>\n\t\t\t<\/div><\/figure><figure class='gallery-item'>\n\t\t\t<div class='gallery-icon landscape'>\n\t\t\t\t<a href='https:\/\/anoticiaonline.com.br\/site\/wp-content\/uploads\/2019\/03\/DSC_0033.jpg'><img loading=\"lazy\" decoding=\"async\" width=\"800\" height=\"535\" src=\"https:\/\/anoticiaonline.com.br\/site\/wp-content\/uploads\/2019\/03\/DSC_0033.jpg\" class=\"attachment-full size-full\" alt=\"\" srcset=\"https:\/\/anoticiaonline.com.br\/site\/wp-content\/uploads\/2019\/03\/DSC_0033.jpg 800w, https:\/\/anoticiaonline.com.br\/site\/wp-content\/uploads\/2019\/03\/DSC_0033-300x200.jpg 300w, https:\/\/anoticiaonline.com.br\/site\/wp-content\/uploads\/2019\/03\/DSC_0033-768x514.jpg 768w\" sizes=\"(max-width: 800px) 100vw, 800px\" \/><\/a>\n\t\t\t<\/div><\/figure><figure class='gallery-item'>\n\t\t\t<div class='gallery-icon landscape'>\n\t\t\t\t<a href='https:\/\/anoticiaonline.com.br\/site\/wp-content\/uploads\/2019\/03\/DSC_0017-2.jpg'><img loading=\"lazy\" decoding=\"async\" width=\"800\" height=\"535\" src=\"https:\/\/anoticiaonline.com.br\/site\/wp-content\/uploads\/2019\/03\/DSC_0017-2.jpg\" class=\"attachment-full size-full\" alt=\"\" srcset=\"https:\/\/anoticiaonline.com.br\/site\/wp-content\/uploads\/2019\/03\/DSC_0017-2.jpg 800w, https:\/\/anoticiaonline.com.br\/site\/wp-content\/uploads\/2019\/03\/DSC_0017-2-300x200.jpg 300w, https:\/\/anoticiaonline.com.br\/site\/wp-content\/uploads\/2019\/03\/DSC_0017-2-768x514.jpg 768w\" sizes=\"(max-width: 800px) 100vw, 800px\" \/><\/a>\n\t\t\t<\/div><\/figure>\n\t\t<\/div>\n\n","protected":false},"excerpt":{"rendered":"<p>A Avenida do Samba, na Pra\u00e7a Jo\u00e3o Pinheiro, recebeu com total carinho e admira\u00e7\u00e3o o desfile da Escola de Samba Unidos do Santa Terezinha, na noite de sexta-feira (22). Representando um dos bairros mais populosos da cidade, a escola fez bonito e presenteou o p\u00fablico com um desfile memor\u00e1vel. O enredo deste ano falou sobre &#8230; <a title=\"Unidos do Santa Terezinha faz homenagem ao bairro em seu desfile\" class=\"read-more\" href=\"https:\/\/anoticiaonline.com.br\/site\/unidos-do-santa-terezinha-faz-homenagem-ao-bairro-em-seu-desfile\/\" aria-label=\"Read more about Unidos do Santa Terezinha faz homenagem ao bairro em seu desfile\">Ler mais<\/a><\/p>\n","protected":false},"author":2,"featured_media":0,"comment_status":"open","ping_status":"open","sticky":false,"template":"","format":"standard","meta":{"_acf_changed":false,"_monsterinsights_skip_tracking":false,"footnotes":""},"categories":[30],"tags":[1921,74,1036],"class_list":["post-67670","post","type-post","status-publish","format-standard","hentry","category-muriae","tag-carnaval","tag-muriae","tag-unidos-do-santa-terezinha"],"acf":[],"aioseo_notices":[],"aioseo_head":"\n\t\t<!-- All in One SEO 5.0.0.1 - aioseo.com -->\n\t<meta name=\"description\" content=\"A Avenida do Samba, na Pra\u00e7a Jo\u00e3o Pinheiro, recebeu com total carinho e admira\u00e7\u00e3o o desfile da Escola de Samba Unidos do Santa Terezinha, na noite de sexta-feira (22). Representando um dos bairros mais populosos da cidade, a escola fez bonito e presenteou o p\u00fablico com um desfile memor\u00e1vel. O enredo deste ano falou sobre\" \/>\n\t<meta name=\"robots\" content=\"max-image-preview:large\" \/>\n\t<meta name=\"author\" content=\"Juliana Laviola\"\/>\n\t<link rel=\"canonical\" href=\"https:\/\/anoticiaonline.com.br\/site\/unidos-do-santa-terezinha-faz-homenagem-ao-bairro-em-seu-desfile\/\" \/>\n\t<meta name=\"generator\" content=\"All in One SEO (AIOSEO) 5.0.0.1\" \/>\n\t\t<meta property=\"og:locale\" content=\"pt_BR\" \/>\n\t\t<meta property=\"og:site_name\" content=\"A Not\u00edcia Online - Noticias de Muria\u00e9 e regi\u00e3o\" \/>\n\t\t<meta property=\"og:type\" content=\"article\" \/>\n\t\t<meta property=\"og:title\" content=\"Unidos do Santa Terezinha faz homenagem ao bairro em seu desfile - A Not\u00edcia Online\" \/>\n\t\t<meta property=\"og:description\" content=\"A Avenida do Samba, na Pra\u00e7a Jo\u00e3o Pinheiro, recebeu com total carinho e admira\u00e7\u00e3o o desfile da Escola de Samba Unidos do Santa Terezinha, na noite de sexta-feira (22). Representando um dos bairros mais populosos da cidade, a escola fez bonito e presenteou o p\u00fablico com um desfile memor\u00e1vel. O enredo deste ano falou sobre\" \/>\n\t\t<meta property=\"og:url\" content=\"https:\/\/anoticiaonline.com.br\/site\/unidos-do-santa-terezinha-faz-homenagem-ao-bairro-em-seu-desfile\/\" \/>\n\t\t<meta property=\"og:image\" content=\"https:\/\/scontent-gig4-1.xx.fbcdn.net\/v\/t39.30808-1\/270437624_4564083193639691_6907940295614233970_n.jpg?stp=dst-jpg_s200x200_tt6&#038;_nc_cat=111&#038;ccb=1-7&#038;_nc_sid=f907e8&#038;_nc_ohc=SM1wRlP3lJwQ7kNvwEPuBYA&#038;_nc_oc=AdnqrjDN_BNjSSHWO-GbkIWH6fkGMLw4bqvL_NH6e2wMveX7G-rP2dAqsDSq1mJMOaY&#038;_nc_zt=24&#038;_nc_ht=scontent-gig4-1.xx&#038;_nc_gid=AoBFJeGrT1hVaew_6rchkQ&#038;oh=00_AfX7QmFGhQhG2jAllVgXCiM1ZrWgvtp80-Bfppyexh1QEg&#038;oe=689E923C\" \/>\n\t\t<meta property=\"og:image:secure_url\" content=\"https:\/\/scontent-gig4-1.xx.fbcdn.net\/v\/t39.30808-1\/270437624_4564083193639691_6907940295614233970_n.jpg?stp=dst-jpg_s200x200_tt6&#038;_nc_cat=111&#038;ccb=1-7&#038;_nc_sid=f907e8&#038;_nc_ohc=SM1wRlP3lJwQ7kNvwEPuBYA&#038;_nc_oc=AdnqrjDN_BNjSSHWO-GbkIWH6fkGMLw4bqvL_NH6e2wMveX7G-rP2dAqsDSq1mJMOaY&#038;_nc_zt=24&#038;_nc_ht=scontent-gig4-1.xx&#038;_nc_gid=AoBFJeGrT1hVaew_6rchkQ&#038;oh=00_AfX7QmFGhQhG2jAllVgXCiM1ZrWgvtp80-Bfppyexh1QEg&#038;oe=689E923C\" \/>\n\t\t<meta property=\"article:published_time\" content=\"2019-03-01T15:04:23+00:00\" \/>\n\t\t<meta property=\"article:modified_time\" content=\"2019-03-01T15:04:23+00:00\" \/>\n\t\t<meta name=\"twitter:card\" content=\"summary_large_image\" \/>\n\t\t<meta name=\"twitter:title\" content=\"Unidos do Santa Terezinha faz homenagem ao bairro em seu desfile - A Not\u00edcia Online\" \/>\n\t\t<meta name=\"twitter:description\" content=\"A Avenida do Samba, na Pra\u00e7a Jo\u00e3o Pinheiro, recebeu com total carinho e admira\u00e7\u00e3o o desfile da Escola de Samba Unidos do Santa Terezinha, na noite de sexta-feira (22). Representando um dos bairros mais populosos da cidade, a escola fez bonito e presenteou o p\u00fablico com um desfile memor\u00e1vel. O enredo deste ano falou sobre\" \/>\n\t\t<meta name=\"twitter:image\" content=\"https:\/\/scontent-gig4-1.xx.fbcdn.net\/v\/t39.30808-1\/270437624_4564083193639691_6907940295614233970_n.jpg?stp=dst-jpg_s200x200_tt6&amp;_nc_cat=111&amp;ccb=1-7&amp;_nc_sid=f907e8&amp;_nc_ohc=SM1wRlP3lJwQ7kNvwEPuBYA&amp;_nc_oc=AdnqrjDN_BNjSSHWO-GbkIWH6fkGMLw4bqvL_NH6e2wMveX7G-rP2dAqsDSq1mJMOaY&amp;_nc_zt=24&amp;_nc_ht=scontent-gig4-1.xx&amp;_nc_gid=AoBFJeGrT1hVaew_6rchkQ&amp;oh=00_AfX7QmFGhQhG2jAllVgXCiM1ZrWgvtp80-Bfppyexh1QEg&amp;oe=689E923C\" \/>\n\t\t<script type=\"application\/ld+json\" class=\"aioseo-schema\">\n\t\t\t{\"@context\":\"https:\\\/\\\/schema.org\",\"@graph\":[{\"@type\":\"BlogPosting\",\"@id\":\"https:\\\/\\\/anoticiaonline.com.br\\\/site\\\/unidos-do-santa-terezinha-faz-homenagem-ao-bairro-em-seu-desfile\\\/#blogposting\",\"name\":\"Unidos do Santa Terezinha faz homenagem ao bairro em seu desfile - A Not\\u00edcia Online\",\"headline\":\"Unidos do Santa Terezinha faz homenagem ao bairro em seu desfile\",\"author\":{\"@id\":\"https:\\\/\\\/anoticiaonline.com.br\\\/site\\\/author\\\/juliana\\\/#author\"},\"publisher\":{\"@id\":\"https:\\\/\\\/anoticiaonline.com.br\\\/site\\\/#organization\"},\"image\":{\"@type\":\"ImageObject\",\"url\":\"https:\\\/\\\/anoticiaonline.com.br\\\/site\\\/wp-content\\\/uploads\\\/2019\\\/03\\\/DSC_0100.jpg\",\"@id\":\"https:\\\/\\\/anoticiaonline.com.br\\\/site\\\/unidos-do-santa-terezinha-faz-homenagem-ao-bairro-em-seu-desfile\\\/#articleImage\",\"width\":800,\"height\":535},\"datePublished\":\"2019-03-01T12:04:23-03:00\",\"dateModified\":\"2019-03-01T12:04:23-03:00\",\"inLanguage\":\"pt-BR\",\"mainEntityOfPage\":{\"@id\":\"https:\\\/\\\/anoticiaonline.com.br\\\/site\\\/unidos-do-santa-terezinha-faz-homenagem-ao-bairro-em-seu-desfile\\\/#webpage\"},\"isPartOf\":{\"@id\":\"https:\\\/\\\/anoticiaonline.com.br\\\/site\\\/unidos-do-santa-terezinha-faz-homenagem-ao-bairro-em-seu-desfile\\\/#webpage\"},\"articleSection\":\"Blog, carnaval, Muria\\u00e9, Unidos do Santa Terezinha\"},{\"@type\":\"BreadcrumbList\",\"@id\":\"https:\\\/\\\/anoticiaonline.com.br\\\/site\\\/unidos-do-santa-terezinha-faz-homenagem-ao-bairro-em-seu-desfile\\\/#breadcrumblist\",\"itemListElement\":[{\"@type\":\"ListItem\",\"@id\":\"https:\\\/\\\/anoticiaonline.com.br\\\/site#listItem\",\"position\":1,\"name\":\"Home\",\"item\":\"https:\\\/\\\/anoticiaonline.com.br\\\/site\",\"nextItem\":{\"@type\":\"ListItem\",\"@id\":\"https:\\\/\\\/anoticiaonline.com.br\\\/site\\\/categoria\\\/muriae\\\/#listItem\",\"name\":\"Blog\"}},{\"@type\":\"ListItem\",\"@id\":\"https:\\\/\\\/anoticiaonline.com.br\\\/site\\\/categoria\\\/muriae\\\/#listItem\",\"position\":2,\"name\":\"Blog\",\"item\":\"https:\\\/\\\/anoticiaonline.com.br\\\/site\\\/categoria\\\/muriae\\\/\",\"nextItem\":{\"@type\":\"ListItem\",\"@id\":\"https:\\\/\\\/anoticiaonline.com.br\\\/site\\\/unidos-do-santa-terezinha-faz-homenagem-ao-bairro-em-seu-desfile\\\/#listItem\",\"name\":\"Unidos do Santa Terezinha faz homenagem ao bairro em seu desfile\"},\"previousItem\":{\"@type\":\"ListItem\",\"@id\":\"https:\\\/\\\/anoticiaonline.com.br\\\/site#listItem\",\"name\":\"Home\"}},{\"@type\":\"ListItem\",\"@id\":\"https:\\\/\\\/anoticiaonline.com.br\\\/site\\\/unidos-do-santa-terezinha-faz-homenagem-ao-bairro-em-seu-desfile\\\/#listItem\",\"position\":3,\"name\":\"Unidos do Santa Terezinha faz homenagem ao bairro em seu desfile\",\"previousItem\":{\"@type\":\"ListItem\",\"@id\":\"https:\\\/\\\/anoticiaonline.com.br\\\/site\\\/categoria\\\/muriae\\\/#listItem\",\"name\":\"Blog\"}}]},{\"@type\":\"Organization\",\"@id\":\"https:\\\/\\\/anoticiaonline.com.br\\\/site\\\/#organization\",\"name\":\"A Not\\u00edcia Online\",\"description\":\"Noticias de Muria\\u00e9 e regi\\u00e3o\",\"url\":\"https:\\\/\\\/anoticiaonline.com.br\\\/site\\\/\",\"logo\":{\"@type\":\"ImageObject\",\"url\":\"https:\\\/\\\/scontent-gig4-1.xx.fbcdn.net\\\/v\\\/t39.30808-1\\\/270437624_4564083193639691_6907940295614233970_n.jpg?stp=dst-jpg_s200x200_tt6&_nc_cat=111&ccb=1-7&_nc_sid=f907e8&_nc_ohc=SM1wRlP3lJwQ7kNvwEPuBYA&_nc_oc=AdnqrjDN_BNjSSHWO-GbkIWH6fkGMLw4bqvL_NH6e2wMveX7G-rP2dAqsDSq1mJMOaY&_nc_zt=24&_nc_ht=scontent-gig4-1.xx&_nc_gid=AoBFJeGrT1hVaew_6rchkQ&oh=00_AfX7QmFGhQhG2jAllVgXCiM1ZrWgvtp80-Bfppyexh1QEg&oe=689E923C\",\"@id\":\"https:\\\/\\\/anoticiaonline.com.br\\\/site\\\/unidos-do-santa-terezinha-faz-homenagem-ao-bairro-em-seu-desfile\\\/#organizationLogo\"},\"image\":{\"@id\":\"https:\\\/\\\/anoticiaonline.com.br\\\/site\\\/unidos-do-santa-terezinha-faz-homenagem-ao-bairro-em-seu-desfile\\\/#organizationLogo\"}},{\"@type\":\"Person\",\"@id\":\"https:\\\/\\\/anoticiaonline.com.br\\\/site\\\/author\\\/juliana\\\/#author\",\"url\":\"https:\\\/\\\/anoticiaonline.com.br\\\/site\\\/author\\\/juliana\\\/\",\"name\":\"Juliana Laviola\",\"image\":{\"@type\":\"ImageObject\",\"@id\":\"https:\\\/\\\/anoticiaonline.com.br\\\/site\\\/unidos-do-santa-terezinha-faz-homenagem-ao-bairro-em-seu-desfile\\\/#authorImage\",\"url\":\"https:\\\/\\\/secure.gravatar.com\\\/avatar\\\/b8d45f5c699b100dfaf0e543582f38f38bf94cb7ae3a5e9abf8d891a34773335?s=96&d=mm&r=g\",\"width\":96,\"height\":96,\"caption\":\"Juliana Laviola\"}},{\"@type\":\"WebPage\",\"@id\":\"https:\\\/\\\/anoticiaonline.com.br\\\/site\\\/unidos-do-santa-terezinha-faz-homenagem-ao-bairro-em-seu-desfile\\\/#webpage\",\"url\":\"https:\\\/\\\/anoticiaonline.com.br\\\/site\\\/unidos-do-santa-terezinha-faz-homenagem-ao-bairro-em-seu-desfile\\\/\",\"name\":\"Unidos do Santa Terezinha faz homenagem ao bairro em seu desfile - A Not\\u00edcia Online\",\"description\":\"A Avenida do Samba, na Pra\\u00e7a Jo\\u00e3o Pinheiro, recebeu com total carinho e admira\\u00e7\\u00e3o o desfile da Escola de Samba Unidos do Santa Terezinha, na noite de sexta-feira (22). Representando um dos bairros mais populosos da cidade, a escola fez bonito e presenteou o p\\u00fablico com um desfile memor\\u00e1vel. O enredo deste ano falou sobre\",\"inLanguage\":\"pt-BR\",\"isPartOf\":{\"@id\":\"https:\\\/\\\/anoticiaonline.com.br\\\/site\\\/#website\"},\"breadcrumb\":{\"@id\":\"https:\\\/\\\/anoticiaonline.com.br\\\/site\\\/unidos-do-santa-terezinha-faz-homenagem-ao-bairro-em-seu-desfile\\\/#breadcrumblist\"},\"author\":{\"@id\":\"https:\\\/\\\/anoticiaonline.com.br\\\/site\\\/author\\\/juliana\\\/#author\"},\"creator\":{\"@id\":\"https:\\\/\\\/anoticiaonline.com.br\\\/site\\\/author\\\/juliana\\\/#author\"},\"datePublished\":\"2019-03-01T12:04:23-03:00\",\"dateModified\":\"2019-03-01T12:04:23-03:00\"},{\"@type\":\"WebSite\",\"@id\":\"https:\\\/\\\/anoticiaonline.com.br\\\/site\\\/#website\",\"url\":\"https:\\\/\\\/anoticiaonline.com.br\\\/site\\\/\",\"name\":\"A Not\\u00edcia Online\",\"description\":\"Noticias de Muria\\u00e9 e regi\\u00e3o\",\"inLanguage\":\"pt-BR\",\"publisher\":{\"@id\":\"https:\\\/\\\/anoticiaonline.com.br\\\/site\\\/#organization\"}}]}\n\t\t<\/script>\n\t\t<!-- All in One SEO -->\n\n","aioseo_head_json":{"title":"Unidos do Santa Terezinha faz homenagem ao bairro em seu desfile - A Not\u00edcia Online","description":"A Avenida do Samba, na Pra\u00e7a Jo\u00e3o Pinheiro, recebeu com total carinho e admira\u00e7\u00e3o o desfile da Escola de Samba Unidos do Santa Terezinha, na noite de sexta-feira (22). Representando um dos bairros mais populosos da cidade, a escola fez bonito e presenteou o p\u00fablico com um desfile memor\u00e1vel. O enredo deste ano falou sobre","canonical_url":"https:\/\/anoticiaonline.com.br\/site\/unidos-do-santa-terezinha-faz-homenagem-ao-bairro-em-seu-desfile\/","robots":"max-image-preview:large","keywords":"","webmasterTools":{"miscellaneous":""},"schema":{"@context":"https:\/\/schema.org","@graph":[{"@type":"BlogPosting","@id":"https:\/\/anoticiaonline.com.br\/site\/unidos-do-santa-terezinha-faz-homenagem-ao-bairro-em-seu-desfile\/#blogposting","name":"Unidos do Santa Terezinha faz homenagem ao bairro em seu desfile - A Not\u00edcia Online","headline":"Unidos do Santa Terezinha faz homenagem ao bairro em seu desfile","author":{"@id":"https:\/\/anoticiaonline.com.br\/site\/author\/juliana\/#author"},"publisher":{"@id":"https:\/\/anoticiaonline.com.br\/site\/#organization"},"image":{"@type":"ImageObject","url":"https:\/\/anoticiaonline.com.br\/site\/wp-content\/uploads\/2019\/03\/DSC_0100.jpg","@id":"https:\/\/anoticiaonline.com.br\/site\/unidos-do-santa-terezinha-faz-homenagem-ao-bairro-em-seu-desfile\/#articleImage","width":800,"height":535},"datePublished":"2019-03-01T12:04:23-03:00","dateModified":"2019-03-01T12:04:23-03:00","inLanguage":"pt-BR","mainEntityOfPage":{"@id":"https:\/\/anoticiaonline.com.br\/site\/unidos-do-santa-terezinha-faz-homenagem-ao-bairro-em-seu-desfile\/#webpage"},"isPartOf":{"@id":"https:\/\/anoticiaonline.com.br\/site\/unidos-do-santa-terezinha-faz-homenagem-ao-bairro-em-seu-desfile\/#webpage"},"articleSection":"Blog, carnaval, Muria\u00e9, Unidos do Santa Terezinha"},{"@type":"BreadcrumbList","@id":"https:\/\/anoticiaonline.com.br\/site\/unidos-do-santa-terezinha-faz-homenagem-ao-bairro-em-seu-desfile\/#breadcrumblist","itemListElement":[{"@type":"ListItem","@id":"https:\/\/anoticiaonline.com.br\/site#listItem","position":1,"name":"Home","item":"https:\/\/anoticiaonline.com.br\/site","nextItem":{"@type":"ListItem","@id":"https:\/\/anoticiaonline.com.br\/site\/categoria\/muriae\/#listItem","name":"Blog"}},{"@type":"ListItem","@id":"https:\/\/anoticiaonline.com.br\/site\/categoria\/muriae\/#listItem","position":2,"name":"Blog","item":"https:\/\/anoticiaonline.com.br\/site\/categoria\/muriae\/","nextItem":{"@type":"ListItem","@id":"https:\/\/anoticiaonline.com.br\/site\/unidos-do-santa-terezinha-faz-homenagem-ao-bairro-em-seu-desfile\/#listItem","name":"Unidos do Santa Terezinha faz homenagem ao bairro em seu desfile"},"previousItem":{"@type":"ListItem","@id":"https:\/\/anoticiaonline.com.br\/site#listItem","name":"Home"}},{"@type":"ListItem","@id":"https:\/\/anoticiaonline.com.br\/site\/unidos-do-santa-terezinha-faz-homenagem-ao-bairro-em-seu-desfile\/#listItem","position":3,"name":"Unidos do Santa Terezinha faz homenagem ao bairro em seu desfile","previousItem":{"@type":"ListItem","@id":"https:\/\/anoticiaonline.com.br\/site\/categoria\/muriae\/#listItem","name":"Blog"}}]},{"@type":"Organization","@id":"https:\/\/anoticiaonline.com.br\/site\/#organization","name":"A Not\u00edcia Online","description":"Noticias de Muria\u00e9 e regi\u00e3o","url":"https:\/\/anoticiaonline.com.br\/site\/","logo":{"@type":"ImageObject","url":"https:\/\/scontent-gig4-1.xx.fbcdn.net\/v\/t39.30808-1\/270437624_4564083193639691_6907940295614233970_n.jpg?stp=dst-jpg_s200x200_tt6&_nc_cat=111&ccb=1-7&_nc_sid=f907e8&_nc_ohc=SM1wRlP3lJwQ7kNvwEPuBYA&_nc_oc=AdnqrjDN_BNjSSHWO-GbkIWH6fkGMLw4bqvL_NH6e2wMveX7G-rP2dAqsDSq1mJMOaY&_nc_zt=24&_nc_ht=scontent-gig4-1.xx&_nc_gid=AoBFJeGrT1hVaew_6rchkQ&oh=00_AfX7QmFGhQhG2jAllVgXCiM1ZrWgvtp80-Bfppyexh1QEg&oe=689E923C","@id":"https:\/\/anoticiaonline.com.br\/site\/unidos-do-santa-terezinha-faz-homenagem-ao-bairro-em-seu-desfile\/#organizationLogo"},"image":{"@id":"https:\/\/anoticiaonline.com.br\/site\/unidos-do-santa-terezinha-faz-homenagem-ao-bairro-em-seu-desfile\/#organizationLogo"}},{"@type":"Person","@id":"https:\/\/anoticiaonline.com.br\/site\/author\/juliana\/#author","url":"https:\/\/anoticiaonline.com.br\/site\/author\/juliana\/","name":"Juliana Laviola","image":{"@type":"ImageObject","@id":"https:\/\/anoticiaonline.com.br\/site\/unidos-do-santa-terezinha-faz-homenagem-ao-bairro-em-seu-desfile\/#authorImage","url":"https:\/\/secure.gravatar.com\/avatar\/b8d45f5c699b100dfaf0e543582f38f38bf94cb7ae3a5e9abf8d891a34773335?s=96&d=mm&r=g","width":96,"height":96,"caption":"Juliana Laviola"}},{"@type":"WebPage","@id":"https:\/\/anoticiaonline.com.br\/site\/unidos-do-santa-terezinha-faz-homenagem-ao-bairro-em-seu-desfile\/#webpage","url":"https:\/\/anoticiaonline.com.br\/site\/unidos-do-santa-terezinha-faz-homenagem-ao-bairro-em-seu-desfile\/","name":"Unidos do Santa Terezinha faz homenagem ao bairro em seu desfile - A Not\u00edcia Online","description":"A Avenida do Samba, na Pra\u00e7a Jo\u00e3o Pinheiro, recebeu com total carinho e admira\u00e7\u00e3o o desfile da Escola de Samba Unidos do Santa Terezinha, na noite de sexta-feira (22). Representando um dos bairros mais populosos da cidade, a escola fez bonito e presenteou o p\u00fablico com um desfile memor\u00e1vel. O enredo deste ano falou sobre","inLanguage":"pt-BR","isPartOf":{"@id":"https:\/\/anoticiaonline.com.br\/site\/#website"},"breadcrumb":{"@id":"https:\/\/anoticiaonline.com.br\/site\/unidos-do-santa-terezinha-faz-homenagem-ao-bairro-em-seu-desfile\/#breadcrumblist"},"author":{"@id":"https:\/\/anoticiaonline.com.br\/site\/author\/juliana\/#author"},"creator":{"@id":"https:\/\/anoticiaonline.com.br\/site\/author\/juliana\/#author"},"datePublished":"2019-03-01T12:04:23-03:00","dateModified":"2019-03-01T12:04:23-03:00"},{"@type":"WebSite","@id":"https:\/\/anoticiaonline.com.br\/site\/#website","url":"https:\/\/anoticiaonline.com.br\/site\/","name":"A Not\u00edcia Online","description":"Noticias de Muria\u00e9 e regi\u00e3o","inLanguage":"pt-BR","publisher":{"@id":"https:\/\/anoticiaonline.com.br\/site\/#organization"}}]},"og:locale":"pt_BR","og:site_name":"A Not\u00edcia Online - Noticias de Muria\u00e9 e regi\u00e3o","og:type":"article","og:title":"Unidos do Santa Terezinha faz homenagem ao bairro em seu desfile - A Not\u00edcia Online","og:description":"A Avenida do Samba, na Pra\u00e7a Jo\u00e3o Pinheiro, recebeu com total carinho e admira\u00e7\u00e3o o desfile da Escola de Samba Unidos do Santa Terezinha, na noite de sexta-feira (22). Representando um dos bairros mais populosos da cidade, a escola fez bonito e presenteou o p\u00fablico com um desfile memor\u00e1vel. O enredo deste ano falou sobre","og:url":"https:\/\/anoticiaonline.com.br\/site\/unidos-do-santa-terezinha-faz-homenagem-ao-bairro-em-seu-desfile\/","og:image":"https:\/\/scontent-gig4-1.xx.fbcdn.net\/v\/t39.30808-1\/270437624_4564083193639691_6907940295614233970_n.jpg?stp=dst-jpg_s200x200_tt6&#038;_nc_cat=111&#038;ccb=1-7&#038;_nc_sid=f907e8&#038;_nc_ohc=SM1wRlP3lJwQ7kNvwEPuBYA&#038;_nc_oc=AdnqrjDN_BNjSSHWO-GbkIWH6fkGMLw4bqvL_NH6e2wMveX7G-rP2dAqsDSq1mJMOaY&#038;_nc_zt=24&#038;_nc_ht=scontent-gig4-1.xx&#038;_nc_gid=AoBFJeGrT1hVaew_6rchkQ&#038;oh=00_AfX7QmFGhQhG2jAllVgXCiM1ZrWgvtp80-Bfppyexh1QEg&#038;oe=689E923C","og:image:secure_url":"https:\/\/scontent-gig4-1.xx.fbcdn.net\/v\/t39.30808-1\/270437624_4564083193639691_6907940295614233970_n.jpg?stp=dst-jpg_s200x200_tt6&#038;_nc_cat=111&#038;ccb=1-7&#038;_nc_sid=f907e8&#038;_nc_ohc=SM1wRlP3lJwQ7kNvwEPuBYA&#038;_nc_oc=AdnqrjDN_BNjSSHWO-GbkIWH6fkGMLw4bqvL_NH6e2wMveX7G-rP2dAqsDSq1mJMOaY&#038;_nc_zt=24&#038;_nc_ht=scontent-gig4-1.xx&#038;_nc_gid=AoBFJeGrT1hVaew_6rchkQ&#038;oh=00_AfX7QmFGhQhG2jAllVgXCiM1ZrWgvtp80-Bfppyexh1QEg&#038;oe=689E923C","article:published_time":"2019-03-01T15:04:23+00:00","article:modified_time":"2019-03-01T15:04:23+00:00","twitter:card":"summary_large_image","twitter:title":"Unidos do Santa Terezinha faz homenagem ao bairro em seu desfile - A Not\u00edcia Online","twitter:description":"A Avenida do Samba, na Pra\u00e7a Jo\u00e3o Pinheiro, recebeu com total carinho e admira\u00e7\u00e3o o desfile da Escola de Samba Unidos do Santa Terezinha, na noite de sexta-feira (22). Representando um dos bairros mais populosos da cidade, a escola fez bonito e presenteou o p\u00fablico com um desfile memor\u00e1vel. O enredo deste ano falou sobre","twitter:image":"https:\/\/scontent-gig4-1.xx.fbcdn.net\/v\/t39.30808-1\/270437624_4564083193639691_6907940295614233970_n.jpg?stp=dst-jpg_s200x200_tt6&_nc_cat=111&ccb=1-7&_nc_sid=f907e8&_nc_ohc=SM1wRlP3lJwQ7kNvwEPuBYA&_nc_oc=AdnqrjDN_BNjSSHWO-GbkIWH6fkGMLw4bqvL_NH6e2wMveX7G-rP2dAqsDSq1mJMOaY&_nc_zt=24&_nc_ht=scontent-gig4-1.xx&_nc_gid=AoBFJeGrT1hVaew_6rchkQ&oh=00_AfX7QmFGhQhG2jAllVgXCiM1ZrWgvtp80-Bfppyexh1QEg&oe=689E923C"},"aioseo_meta_data":{"post_id":"67670","title":null,"description":null,"keywords":null,"keyphrases":null,"primary_term":null,"canonical_url":null,"og_title":null,"og_description":null,"og_object_type":"default","og_image_type":"default","og_image_url":null,"og_image_width":null,"og_image_height":null,"og_image_custom_url":null,"og_image_custom_fields":null,"og_video":null,"og_custom_url":null,"og_article_section":null,"og_article_tags":null,"twitter_use_og":false,"twitter_card":"default","twitter_image_type":"default","twitter_image_url":null,"twitter_image_custom_url":null,"twitter_image_custom_fields":null,"twitter_title":null,"twitter_description":null,"schema":{"blockGraphs":[],"customGraphs":[],"default":{"data":{"Article":[],"Course":[],"Dataset":[],"FAQPage":[],"Movie":[],"Person":[],"Product":[],"ProductReview":[],"Car":[],"Recipe":[],"Service":[],"SoftwareApplication":[],"WebPage":[]},"graphName":"","isEnabled":true},"graphs":[]},"schema_type":"default","schema_type_options":null,"pillar_content":false,"robots_default":true,"robots_noindex":false,"robots_noarchive":false,"robots_nosnippet":false,"robots_nofollow":false,"robots_noimageindex":false,"robots_noodp":false,"robots_notranslate":false,"robots_max_snippet":null,"robots_max_videopreview":null,"robots_max_imagepreview":"large","priority":null,"frequency":null,"local_seo":null,"breadcrumb_settings":null,"limit_modified_date":false,"ai":null,"created":"2025-08-16 22:53:31","updated":"2025-08-16 22:53:31","focus_keyword":null,"additional_keywords":null,"truseo_locale":null,"seo_analyzer_scan_date":null},"aioseo_breadcrumb":"<div class=\"aioseo-breadcrumbs\"><span class=\"aioseo-breadcrumb\">\n\t\t\t<a href=\"https:\/\/anoticiaonline.com.br\/site\" title=\"Home\">Home<\/a>\n\t\t<\/span><span class=\"aioseo-breadcrumb-separator\">&raquo;<\/span><span class=\"aioseo-breadcrumb\">\n\t\t\t<a href=\"https:\/\/anoticiaonline.com.br\/site\/categoria\/muriae\/\" title=\"Blog\">Blog<\/a>\n\t\t<\/span><span class=\"aioseo-breadcrumb-separator\">&raquo;<\/span><span class=\"aioseo-breadcrumb\">\n\t\t\tUnidos do Santa Terezinha faz homenagem ao bairro em seu desfile\n\t\t<\/span><\/div>","aioseo_breadcrumb_json":[{"label":"Home","link":"https:\/\/anoticiaonline.com.br\/site"},{"label":"Blog","link":"https:\/\/anoticiaonline.com.br\/site\/categoria\/muriae\/"},{"label":"Unidos do Santa Terezinha faz homenagem ao bairro em seu desfile","link":"https:\/\/anoticiaonline.com.br\/site\/unidos-do-santa-terezinha-faz-homenagem-ao-bairro-em-seu-desfile\/"}],"views":212,"_links":{"self":[{"href":"https:\/\/anoticiaonline.com.br\/site\/wp-json\/wp\/v2\/posts\/67670","targetHints":{"allow":["GET"]}}],"collection":[{"href":"https:\/\/anoticiaonline.com.br\/site\/wp-json\/wp\/v2\/posts"}],"about":[{"href":"https:\/\/anoticiaonline.com.br\/site\/wp-json\/wp\/v2\/types\/post"}],"author":[{"embeddable":true,"href":"https:\/\/anoticiaonline.com.br\/site\/wp-json\/wp\/v2\/users\/2"}],"replies":[{"embeddable":true,"href":"https:\/\/anoticiaonline.com.br\/site\/wp-json\/wp\/v2\/comments?post=67670"}],"version-history":[{"count":0,"href":"https:\/\/anoticiaonline.com.br\/site\/wp-json\/wp\/v2\/posts\/67670\/revisions"}],"wp:attachment":[{"href":"https:\/\/anoticiaonline.com.br\/site\/wp-json\/wp\/v2\/media?parent=67670"}],"wp:term":[{"taxonomy":"category","embeddable":true,"href":"https:\/\/anoticiaonline.com.br\/site\/wp-json\/wp\/v2\/categories?post=67670"},{"taxonomy":"post_tag","embeddable":true,"href":"https:\/\/anoticiaonline.com.br\/site\/wp-json\/wp\/v2\/tags?post=67670"}],"curies":[{"name":"wp","href":"https:\/\/api.w.org\/{rel}","templated":true}]}}