{"id":67647,"date":"2019-03-01T11:22:44","date_gmt":"2019-03-01T14:22:44","guid":{"rendered":"http:\/\/anoticiaonline.com.br\/site\/?p=67647"},"modified":"2019-03-01T11:38:37","modified_gmt":"2019-03-01T14:38:37","slug":"associacao-de-violeiros-recebe-homenagem-no-desfile-do-marambloco","status":"publish","type":"post","link":"https:\/\/anoticiaonline.com.br\/site\/associacao-de-violeiros-recebe-homenagem-no-desfile-do-marambloco\/","title":{"rendered":"Associa\u00e7\u00e3o de Violeiros recebe homenagem no desfile do Marambloco"},"content":{"rendered":"<p><a href=\"https:\/\/anoticiaonline.com.br\/site\/wp-content\/uploads\/2019\/02\/DSC_0003.jpg\"><img fetchpriority=\"high\" decoding=\"async\" class=\"aligncenter size-full wp-image-67648\" src=\"https:\/\/anoticiaonline.com.br\/site\/wp-content\/uploads\/2019\/02\/DSC_0003.jpg\" alt=\"\" width=\"800\" height=\"535\" srcset=\"https:\/\/anoticiaonline.com.br\/site\/wp-content\/uploads\/2019\/02\/DSC_0003.jpg 800w, https:\/\/anoticiaonline.com.br\/site\/wp-content\/uploads\/2019\/02\/DSC_0003-300x200.jpg 300w, https:\/\/anoticiaonline.com.br\/site\/wp-content\/uploads\/2019\/02\/DSC_0003-768x514.jpg 768w\" sizes=\"(max-width: 800px) 100vw, 800px\" \/><\/a><\/p>\n<p>A Associa\u00e7\u00e3o de Violeiros de Muria\u00e9 foi homenageada, no carnaval deste ano, pelo Marambloco &#8211; uma das escolas de samba mais tradicionais de Muria\u00e9 e regi\u00e3o, com uma hist\u00f3ria de mais de 10 anos de atua\u00e7\u00e3o. A escola de samba do bairro Padre Tiago desfilou no s\u00e1bado (23), na Pra\u00e7a Jo\u00e3o Pinheiro.<!--more--><\/p>\n<p>Quase 150 componentes levaram ao p\u00fablico um enredo que homenageou o importante trabalho cultural realizado pela Associa\u00e7\u00e3o. \u201cFico sem palavras diante de uma festa t\u00e3o emocionante. \u00c9 gratificante estar \u00e0 frente de uma comunidade maravilhosa como essa e homenagear essa entidade t\u00e3o importante\u201d, disse o emocionado presidente e fundador do Marambloco, Paulo S\u00e9rgio Machado Salviano, o Paulinho.<\/p>\n<p>Presidente da Associa\u00e7\u00e3o de Violeiros h\u00e1 dois anos, Erotilde Francisca de Souza agradeceu ao convite do Marambloco e tamb\u00e9m \u00e0 organiza\u00e7\u00e3o do evento. \u201cFoi uma emo\u00e7\u00e3o muito grande, uma surpresa que nos agradou muito. Agrade\u00e7o \u00e0 Prefeitura, ao Paulinho pelo convite. Tudo que planejamos deu certo e estamos muito felizes\u201d, avaliou a presidente.<\/p>\n<p>Citado no enredo do Marambloco, Ant\u00f4nio Cust\u00f3dio Coelho, o \u201cJacar\u00e9\u201d, fundador Associa\u00e7\u00e3o de Violeiros, foi um dos grandes homenageados da noite. Ele considerou importante receber este tipo de homenagem ainda em vida. \u201cAgrade\u00e7o a todos que, de maneira direta ou indireta, contribu\u00edram para que isso pudesse se tornar realidade. Ao Paulinho e todos os componentes do Marambloco, que nos receberam de bra\u00e7os abertos e ao Reginaldo, compositor do samba. Foi tudo lindo\u201d, contou Jacar\u00e9.<\/p>\n<p>Associa\u00e7\u00e3o de Violeiros \u2013 Jacar\u00e9 aproveitou para falar sobre o trabalho desenvolvido pela Associa\u00e7\u00e3o, criada por ele em 2005. \u201cEu carregava esse sonho comigo e Deus me aben\u00e7oou por podermos a cada dia conquistar mais espa\u00e7o na cultura de nossa cidade\u201d, disse Jacar\u00e9.<\/p>\n<div id='gallery-1' class='gallery galleryid-67647 gallery-columns-1 gallery-size-full'><figure class='gallery-item'>\n\t\t\t<div class='gallery-icon landscape'>\n\t\t\t\t<a href='https:\/\/anoticiaonline.com.br\/site\/wp-content\/uploads\/2019\/03\/DSC_0811.jpg'><img decoding=\"async\" width=\"800\" height=\"535\" src=\"https:\/\/anoticiaonline.com.br\/site\/wp-content\/uploads\/2019\/03\/DSC_0811.jpg\" class=\"attachment-full size-full\" alt=\"\" srcset=\"https:\/\/anoticiaonline.com.br\/site\/wp-content\/uploads\/2019\/03\/DSC_0811.jpg 800w, https:\/\/anoticiaonline.com.br\/site\/wp-content\/uploads\/2019\/03\/DSC_0811-300x200.jpg 300w, https:\/\/anoticiaonline.com.br\/site\/wp-content\/uploads\/2019\/03\/DSC_0811-768x514.jpg 768w\" sizes=\"(max-width: 800px) 100vw, 800px\" \/><\/a>\n\t\t\t<\/div><\/figure><figure class='gallery-item'>\n\t\t\t<div class='gallery-icon landscape'>\n\t\t\t\t<a href='https:\/\/anoticiaonline.com.br\/site\/wp-content\/uploads\/2019\/03\/DSC_0813.jpg'><img decoding=\"async\" width=\"800\" height=\"535\" src=\"https:\/\/anoticiaonline.com.br\/site\/wp-content\/uploads\/2019\/03\/DSC_0813.jpg\" class=\"attachment-full size-full\" alt=\"\" srcset=\"https:\/\/anoticiaonline.com.br\/site\/wp-content\/uploads\/2019\/03\/DSC_0813.jpg 800w, https:\/\/anoticiaonline.com.br\/site\/wp-content\/uploads\/2019\/03\/DSC_0813-300x200.jpg 300w, https:\/\/anoticiaonline.com.br\/site\/wp-content\/uploads\/2019\/03\/DSC_0813-768x514.jpg 768w\" sizes=\"(max-width: 800px) 100vw, 800px\" \/><\/a>\n\t\t\t<\/div><\/figure><figure class='gallery-item'>\n\t\t\t<div class='gallery-icon portrait'>\n\t\t\t\t<a href='https:\/\/anoticiaonline.com.br\/site\/wp-content\/uploads\/2019\/03\/DSC_0815.jpg'><img loading=\"lazy\" decoding=\"async\" width=\"535\" height=\"800\" src=\"https:\/\/anoticiaonline.com.br\/site\/wp-content\/uploads\/2019\/03\/DSC_0815.jpg\" class=\"attachment-full size-full\" alt=\"\" srcset=\"https:\/\/anoticiaonline.com.br\/site\/wp-content\/uploads\/2019\/03\/DSC_0815.jpg 535w, https:\/\/anoticiaonline.com.br\/site\/wp-content\/uploads\/2019\/03\/DSC_0815-201x300.jpg 201w\" sizes=\"(max-width: 535px) 100vw, 535px\" \/><\/a>\n\t\t\t<\/div><\/figure><figure class='gallery-item'>\n\t\t\t<div class='gallery-icon landscape'>\n\t\t\t\t<a href='https:\/\/anoticiaonline.com.br\/site\/wp-content\/uploads\/2019\/03\/DSC_0820.jpg'><img loading=\"lazy\" decoding=\"async\" width=\"800\" height=\"535\" src=\"https:\/\/anoticiaonline.com.br\/site\/wp-content\/uploads\/2019\/03\/DSC_0820.jpg\" class=\"attachment-full size-full\" alt=\"\" srcset=\"https:\/\/anoticiaonline.com.br\/site\/wp-content\/uploads\/2019\/03\/DSC_0820.jpg 800w, https:\/\/anoticiaonline.com.br\/site\/wp-content\/uploads\/2019\/03\/DSC_0820-300x200.jpg 300w, https:\/\/anoticiaonline.com.br\/site\/wp-content\/uploads\/2019\/03\/DSC_0820-768x514.jpg 768w\" sizes=\"(max-width: 800px) 100vw, 800px\" \/><\/a>\n\t\t\t<\/div><\/figure><figure class='gallery-item'>\n\t\t\t<div class='gallery-icon portrait'>\n\t\t\t\t<a href='https:\/\/anoticiaonline.com.br\/site\/wp-content\/uploads\/2019\/03\/DSC_0823.jpg'><img loading=\"lazy\" decoding=\"async\" width=\"535\" height=\"800\" src=\"https:\/\/anoticiaonline.com.br\/site\/wp-content\/uploads\/2019\/03\/DSC_0823.jpg\" class=\"attachment-full size-full\" alt=\"\" srcset=\"https:\/\/anoticiaonline.com.br\/site\/wp-content\/uploads\/2019\/03\/DSC_0823.jpg 535w, https:\/\/anoticiaonline.com.br\/site\/wp-content\/uploads\/2019\/03\/DSC_0823-201x300.jpg 201w\" sizes=\"(max-width: 535px) 100vw, 535px\" \/><\/a>\n\t\t\t<\/div><\/figure><figure class='gallery-item'>\n\t\t\t<div class='gallery-icon landscape'>\n\t\t\t\t<a href='https:\/\/anoticiaonline.com.br\/site\/wp-content\/uploads\/2019\/03\/DSC_0851.jpg'><img loading=\"lazy\" decoding=\"async\" width=\"800\" height=\"535\" src=\"https:\/\/anoticiaonline.com.br\/site\/wp-content\/uploads\/2019\/03\/DSC_0851.jpg\" class=\"attachment-full size-full\" alt=\"\" srcset=\"https:\/\/anoticiaonline.com.br\/site\/wp-content\/uploads\/2019\/03\/DSC_0851.jpg 800w, https:\/\/anoticiaonline.com.br\/site\/wp-content\/uploads\/2019\/03\/DSC_0851-300x200.jpg 300w, https:\/\/anoticiaonline.com.br\/site\/wp-content\/uploads\/2019\/03\/DSC_0851-768x514.jpg 768w\" sizes=\"(max-width: 800px) 100vw, 800px\" \/><\/a>\n\t\t\t<\/div><\/figure><figure class='gallery-item'>\n\t\t\t<div class='gallery-icon landscape'>\n\t\t\t\t<a href='https:\/\/anoticiaonline.com.br\/site\/wp-content\/uploads\/2019\/03\/DSC_0872.jpg'><img loading=\"lazy\" decoding=\"async\" width=\"800\" height=\"535\" src=\"https:\/\/anoticiaonline.com.br\/site\/wp-content\/uploads\/2019\/03\/DSC_0872.jpg\" class=\"attachment-full size-full\" alt=\"\" srcset=\"https:\/\/anoticiaonline.com.br\/site\/wp-content\/uploads\/2019\/03\/DSC_0872.jpg 800w, https:\/\/anoticiaonline.com.br\/site\/wp-content\/uploads\/2019\/03\/DSC_0872-300x200.jpg 300w, https:\/\/anoticiaonline.com.br\/site\/wp-content\/uploads\/2019\/03\/DSC_0872-768x514.jpg 768w\" sizes=\"(max-width: 800px) 100vw, 800px\" \/><\/a>\n\t\t\t<\/div><\/figure><figure class='gallery-item'>\n\t\t\t<div class='gallery-icon landscape'>\n\t\t\t\t<a href='https:\/\/anoticiaonline.com.br\/site\/wp-content\/uploads\/2019\/03\/DSC_0881-1.jpg'><img loading=\"lazy\" decoding=\"async\" width=\"800\" height=\"535\" src=\"https:\/\/anoticiaonline.com.br\/site\/wp-content\/uploads\/2019\/03\/DSC_0881-1.jpg\" class=\"attachment-full size-full\" alt=\"\" srcset=\"https:\/\/anoticiaonline.com.br\/site\/wp-content\/uploads\/2019\/03\/DSC_0881-1.jpg 800w, https:\/\/anoticiaonline.com.br\/site\/wp-content\/uploads\/2019\/03\/DSC_0881-1-300x200.jpg 300w, https:\/\/anoticiaonline.com.br\/site\/wp-content\/uploads\/2019\/03\/DSC_0881-1-768x514.jpg 768w\" sizes=\"(max-width: 800px) 100vw, 800px\" \/><\/a>\n\t\t\t<\/div><\/figure><figure class='gallery-item'>\n\t\t\t<div class='gallery-icon landscape'>\n\t\t\t\t<a href='https:\/\/anoticiaonline.com.br\/site\/wp-content\/uploads\/2019\/03\/DSC_0974-1.jpg'><img loading=\"lazy\" decoding=\"async\" width=\"800\" height=\"535\" src=\"https:\/\/anoticiaonline.com.br\/site\/wp-content\/uploads\/2019\/03\/DSC_0974-1.jpg\" class=\"attachment-full size-full\" alt=\"\" srcset=\"https:\/\/anoticiaonline.com.br\/site\/wp-content\/uploads\/2019\/03\/DSC_0974-1.jpg 800w, https:\/\/anoticiaonline.com.br\/site\/wp-content\/uploads\/2019\/03\/DSC_0974-1-300x200.jpg 300w, https:\/\/anoticiaonline.com.br\/site\/wp-content\/uploads\/2019\/03\/DSC_0974-1-768x514.jpg 768w\" sizes=\"(max-width: 800px) 100vw, 800px\" \/><\/a>\n\t\t\t<\/div><\/figure><figure class='gallery-item'>\n\t\t\t<div class='gallery-icon landscape'>\n\t\t\t\t<a href='https:\/\/anoticiaonline.com.br\/site\/wp-content\/uploads\/2019\/03\/DSC_0990.jpg'><img loading=\"lazy\" decoding=\"async\" width=\"800\" height=\"535\" src=\"https:\/\/anoticiaonline.com.br\/site\/wp-content\/uploads\/2019\/03\/DSC_0990.jpg\" class=\"attachment-full size-full\" alt=\"\" srcset=\"https:\/\/anoticiaonline.com.br\/site\/wp-content\/uploads\/2019\/03\/DSC_0990.jpg 800w, https:\/\/anoticiaonline.com.br\/site\/wp-content\/uploads\/2019\/03\/DSC_0990-300x200.jpg 300w, https:\/\/anoticiaonline.com.br\/site\/wp-content\/uploads\/2019\/03\/DSC_0990-768x514.jpg 768w\" sizes=\"(max-width: 800px) 100vw, 800px\" \/><\/a>\n\t\t\t<\/div><\/figure>\n\t\t<\/div>\n\n","protected":false},"excerpt":{"rendered":"<p>A Associa\u00e7\u00e3o de Violeiros de Muria\u00e9 foi homenageada, no carnaval deste ano, pelo Marambloco &#8211; uma das escolas de samba mais tradicionais de Muria\u00e9 e regi\u00e3o, com uma hist\u00f3ria de mais de 10 anos de atua\u00e7\u00e3o. A escola de samba do bairro Padre Tiago desfilou no s\u00e1bado (23), na Pra\u00e7a Jo\u00e3o Pinheiro.<\/p>\n","protected":false},"author":2,"featured_media":67663,"comment_status":"open","ping_status":"open","sticky":false,"template":"","format":"standard","meta":{"_acf_changed":false,"_monsterinsights_skip_tracking":false,"footnotes":""},"categories":[30],"tags":[3705,1921,1942,74],"class_list":["post-67647","post","type-post","status-publish","format-standard","has-post-thumbnail","hentry","category-muriae","tag-associacao-de-violeiros","tag-carnaval","tag-marambloco","tag-muriae"],"acf":[],"aioseo_notices":[],"aioseo_head":"\n\t\t<!-- All in One SEO 5.0.0.1 - aioseo.com -->\n\t<meta name=\"description\" content=\"A Associa\u00e7\u00e3o de Violeiros de Muria\u00e9 foi homenageada, no carnaval deste ano, pelo Marambloco - uma das escolas de samba mais tradicionais de Muria\u00e9 e regi\u00e3o, com uma hist\u00f3ria de mais de 10 anos de atua\u00e7\u00e3o. A escola de samba do bairro Padre Tiago desfilou no s\u00e1bado (23), na Pra\u00e7a Jo\u00e3o Pinheiro. Quase 150 componentes\" \/>\n\t<meta name=\"robots\" content=\"max-image-preview:large\" \/>\n\t<meta name=\"author\" content=\"Juliana Laviola\"\/>\n\t<link rel=\"canonical\" href=\"https:\/\/anoticiaonline.com.br\/site\/associacao-de-violeiros-recebe-homenagem-no-desfile-do-marambloco\/\" \/>\n\t<meta name=\"generator\" content=\"All in One SEO (AIOSEO) 5.0.0.1\" \/>\n\t\t<meta property=\"og:locale\" content=\"pt_BR\" \/>\n\t\t<meta property=\"og:site_name\" content=\"A Not\u00edcia Online - Noticias de Muria\u00e9 e regi\u00e3o\" \/>\n\t\t<meta property=\"og:type\" content=\"article\" \/>\n\t\t<meta property=\"og:title\" content=\"Associa\u00e7\u00e3o de Violeiros recebe homenagem no desfile do Marambloco - A Not\u00edcia Online\" \/>\n\t\t<meta property=\"og:description\" content=\"A Associa\u00e7\u00e3o de Violeiros de Muria\u00e9 foi homenageada, no carnaval deste ano, pelo Marambloco - uma das escolas de samba mais tradicionais de Muria\u00e9 e regi\u00e3o, com uma hist\u00f3ria de mais de 10 anos de atua\u00e7\u00e3o. A escola de samba do bairro Padre Tiago desfilou no s\u00e1bado (23), na Pra\u00e7a Jo\u00e3o Pinheiro. Quase 150 componentes\" \/>\n\t\t<meta property=\"og:url\" content=\"https:\/\/anoticiaonline.com.br\/site\/associacao-de-violeiros-recebe-homenagem-no-desfile-do-marambloco\/\" \/>\n\t\t<meta property=\"og:image\" content=\"https:\/\/scontent-gig4-1.xx.fbcdn.net\/v\/t39.30808-1\/270437624_4564083193639691_6907940295614233970_n.jpg?stp=dst-jpg_s200x200_tt6&#038;_nc_cat=111&#038;ccb=1-7&#038;_nc_sid=f907e8&#038;_nc_ohc=SM1wRlP3lJwQ7kNvwEPuBYA&#038;_nc_oc=AdnqrjDN_BNjSSHWO-GbkIWH6fkGMLw4bqvL_NH6e2wMveX7G-rP2dAqsDSq1mJMOaY&#038;_nc_zt=24&#038;_nc_ht=scontent-gig4-1.xx&#038;_nc_gid=AoBFJeGrT1hVaew_6rchkQ&#038;oh=00_AfX7QmFGhQhG2jAllVgXCiM1ZrWgvtp80-Bfppyexh1QEg&#038;oe=689E923C\" \/>\n\t\t<meta property=\"og:image:secure_url\" content=\"https:\/\/scontent-gig4-1.xx.fbcdn.net\/v\/t39.30808-1\/270437624_4564083193639691_6907940295614233970_n.jpg?stp=dst-jpg_s200x200_tt6&#038;_nc_cat=111&#038;ccb=1-7&#038;_nc_sid=f907e8&#038;_nc_ohc=SM1wRlP3lJwQ7kNvwEPuBYA&#038;_nc_oc=AdnqrjDN_BNjSSHWO-GbkIWH6fkGMLw4bqvL_NH6e2wMveX7G-rP2dAqsDSq1mJMOaY&#038;_nc_zt=24&#038;_nc_ht=scontent-gig4-1.xx&#038;_nc_gid=AoBFJeGrT1hVaew_6rchkQ&#038;oh=00_AfX7QmFGhQhG2jAllVgXCiM1ZrWgvtp80-Bfppyexh1QEg&#038;oe=689E923C\" \/>\n\t\t<meta property=\"article:published_time\" content=\"2019-03-01T14:22:44+00:00\" \/>\n\t\t<meta property=\"article:modified_time\" content=\"2019-03-01T14:38:37+00:00\" \/>\n\t\t<meta name=\"twitter:card\" content=\"summary_large_image\" \/>\n\t\t<meta name=\"twitter:title\" content=\"Associa\u00e7\u00e3o de Violeiros recebe homenagem no desfile do Marambloco - A Not\u00edcia Online\" \/>\n\t\t<meta name=\"twitter:description\" content=\"A Associa\u00e7\u00e3o de Violeiros de Muria\u00e9 foi homenageada, no carnaval deste ano, pelo Marambloco - uma das escolas de samba mais tradicionais de Muria\u00e9 e regi\u00e3o, com uma hist\u00f3ria de mais de 10 anos de atua\u00e7\u00e3o. A escola de samba do bairro Padre Tiago desfilou no s\u00e1bado (23), na Pra\u00e7a Jo\u00e3o Pinheiro. Quase 150 componentes\" \/>\n\t\t<meta name=\"twitter:image\" content=\"https:\/\/scontent-gig4-1.xx.fbcdn.net\/v\/t39.30808-1\/270437624_4564083193639691_6907940295614233970_n.jpg?stp=dst-jpg_s200x200_tt6&amp;_nc_cat=111&amp;ccb=1-7&amp;_nc_sid=f907e8&amp;_nc_ohc=SM1wRlP3lJwQ7kNvwEPuBYA&amp;_nc_oc=AdnqrjDN_BNjSSHWO-GbkIWH6fkGMLw4bqvL_NH6e2wMveX7G-rP2dAqsDSq1mJMOaY&amp;_nc_zt=24&amp;_nc_ht=scontent-gig4-1.xx&amp;_nc_gid=AoBFJeGrT1hVaew_6rchkQ&amp;oh=00_AfX7QmFGhQhG2jAllVgXCiM1ZrWgvtp80-Bfppyexh1QEg&amp;oe=689E923C\" \/>\n\t\t<script type=\"application\/ld+json\" class=\"aioseo-schema\">\n\t\t\t{\"@context\":\"https:\\\/\\\/schema.org\",\"@graph\":[{\"@type\":\"BlogPosting\",\"@id\":\"https:\\\/\\\/anoticiaonline.com.br\\\/site\\\/associacao-de-violeiros-recebe-homenagem-no-desfile-do-marambloco\\\/#blogposting\",\"name\":\"Associa\\u00e7\\u00e3o de Violeiros recebe homenagem no desfile do Marambloco - A Not\\u00edcia Online\",\"headline\":\"Associa\\u00e7\\u00e3o de Violeiros recebe homenagem no desfile do Marambloco\",\"author\":{\"@id\":\"https:\\\/\\\/anoticiaonline.com.br\\\/site\\\/author\\\/juliana\\\/#author\"},\"publisher\":{\"@id\":\"https:\\\/\\\/anoticiaonline.com.br\\\/site\\\/#organization\"},\"image\":{\"@type\":\"ImageObject\",\"url\":\"https:\\\/\\\/anoticiaonline.com.br\\\/site\\\/wp-content\\\/uploads\\\/2019\\\/03\\\/DSC_0872-1.jpg\",\"width\":1000,\"height\":350},\"datePublished\":\"2019-03-01T11:22:44-03:00\",\"dateModified\":\"2019-03-01T11:38:37-03:00\",\"inLanguage\":\"pt-BR\",\"mainEntityOfPage\":{\"@id\":\"https:\\\/\\\/anoticiaonline.com.br\\\/site\\\/associacao-de-violeiros-recebe-homenagem-no-desfile-do-marambloco\\\/#webpage\"},\"isPartOf\":{\"@id\":\"https:\\\/\\\/anoticiaonline.com.br\\\/site\\\/associacao-de-violeiros-recebe-homenagem-no-desfile-do-marambloco\\\/#webpage\"},\"articleSection\":\"Blog, associa\\u00e7\\u00e3o de violeiros, carnaval, Marambloco, Muria\\u00e9\"},{\"@type\":\"BreadcrumbList\",\"@id\":\"https:\\\/\\\/anoticiaonline.com.br\\\/site\\\/associacao-de-violeiros-recebe-homenagem-no-desfile-do-marambloco\\\/#breadcrumblist\",\"itemListElement\":[{\"@type\":\"ListItem\",\"@id\":\"https:\\\/\\\/anoticiaonline.com.br\\\/site#listItem\",\"position\":1,\"name\":\"Home\",\"item\":\"https:\\\/\\\/anoticiaonline.com.br\\\/site\",\"nextItem\":{\"@type\":\"ListItem\",\"@id\":\"https:\\\/\\\/anoticiaonline.com.br\\\/site\\\/categoria\\\/muriae\\\/#listItem\",\"name\":\"Blog\"}},{\"@type\":\"ListItem\",\"@id\":\"https:\\\/\\\/anoticiaonline.com.br\\\/site\\\/categoria\\\/muriae\\\/#listItem\",\"position\":2,\"name\":\"Blog\",\"item\":\"https:\\\/\\\/anoticiaonline.com.br\\\/site\\\/categoria\\\/muriae\\\/\",\"nextItem\":{\"@type\":\"ListItem\",\"@id\":\"https:\\\/\\\/anoticiaonline.com.br\\\/site\\\/associacao-de-violeiros-recebe-homenagem-no-desfile-do-marambloco\\\/#listItem\",\"name\":\"Associa\\u00e7\\u00e3o de Violeiros recebe homenagem no desfile do Marambloco\"},\"previousItem\":{\"@type\":\"ListItem\",\"@id\":\"https:\\\/\\\/anoticiaonline.com.br\\\/site#listItem\",\"name\":\"Home\"}},{\"@type\":\"ListItem\",\"@id\":\"https:\\\/\\\/anoticiaonline.com.br\\\/site\\\/associacao-de-violeiros-recebe-homenagem-no-desfile-do-marambloco\\\/#listItem\",\"position\":3,\"name\":\"Associa\\u00e7\\u00e3o de Violeiros recebe homenagem no desfile do Marambloco\",\"previousItem\":{\"@type\":\"ListItem\",\"@id\":\"https:\\\/\\\/anoticiaonline.com.br\\\/site\\\/categoria\\\/muriae\\\/#listItem\",\"name\":\"Blog\"}}]},{\"@type\":\"Organization\",\"@id\":\"https:\\\/\\\/anoticiaonline.com.br\\\/site\\\/#organization\",\"name\":\"A Not\\u00edcia Online\",\"description\":\"Noticias de Muria\\u00e9 e regi\\u00e3o\",\"url\":\"https:\\\/\\\/anoticiaonline.com.br\\\/site\\\/\",\"logo\":{\"@type\":\"ImageObject\",\"url\":\"https:\\\/\\\/scontent-gig4-1.xx.fbcdn.net\\\/v\\\/t39.30808-1\\\/270437624_4564083193639691_6907940295614233970_n.jpg?stp=dst-jpg_s200x200_tt6&_nc_cat=111&ccb=1-7&_nc_sid=f907e8&_nc_ohc=SM1wRlP3lJwQ7kNvwEPuBYA&_nc_oc=AdnqrjDN_BNjSSHWO-GbkIWH6fkGMLw4bqvL_NH6e2wMveX7G-rP2dAqsDSq1mJMOaY&_nc_zt=24&_nc_ht=scontent-gig4-1.xx&_nc_gid=AoBFJeGrT1hVaew_6rchkQ&oh=00_AfX7QmFGhQhG2jAllVgXCiM1ZrWgvtp80-Bfppyexh1QEg&oe=689E923C\",\"@id\":\"https:\\\/\\\/anoticiaonline.com.br\\\/site\\\/associacao-de-violeiros-recebe-homenagem-no-desfile-do-marambloco\\\/#organizationLogo\"},\"image\":{\"@id\":\"https:\\\/\\\/anoticiaonline.com.br\\\/site\\\/associacao-de-violeiros-recebe-homenagem-no-desfile-do-marambloco\\\/#organizationLogo\"}},{\"@type\":\"Person\",\"@id\":\"https:\\\/\\\/anoticiaonline.com.br\\\/site\\\/author\\\/juliana\\\/#author\",\"url\":\"https:\\\/\\\/anoticiaonline.com.br\\\/site\\\/author\\\/juliana\\\/\",\"name\":\"Juliana Laviola\",\"image\":{\"@type\":\"ImageObject\",\"@id\":\"https:\\\/\\\/anoticiaonline.com.br\\\/site\\\/associacao-de-violeiros-recebe-homenagem-no-desfile-do-marambloco\\\/#authorImage\",\"url\":\"https:\\\/\\\/secure.gravatar.com\\\/avatar\\\/b8d45f5c699b100dfaf0e543582f38f38bf94cb7ae3a5e9abf8d891a34773335?s=96&d=mm&r=g\",\"width\":96,\"height\":96,\"caption\":\"Juliana Laviola\"}},{\"@type\":\"WebPage\",\"@id\":\"https:\\\/\\\/anoticiaonline.com.br\\\/site\\\/associacao-de-violeiros-recebe-homenagem-no-desfile-do-marambloco\\\/#webpage\",\"url\":\"https:\\\/\\\/anoticiaonline.com.br\\\/site\\\/associacao-de-violeiros-recebe-homenagem-no-desfile-do-marambloco\\\/\",\"name\":\"Associa\\u00e7\\u00e3o de Violeiros recebe homenagem no desfile do Marambloco - A Not\\u00edcia Online\",\"description\":\"A Associa\\u00e7\\u00e3o de Violeiros de Muria\\u00e9 foi homenageada, no carnaval deste ano, pelo Marambloco - uma das escolas de samba mais tradicionais de Muria\\u00e9 e regi\\u00e3o, com uma hist\\u00f3ria de mais de 10 anos de atua\\u00e7\\u00e3o. A escola de samba do bairro Padre Tiago desfilou no s\\u00e1bado (23), na Pra\\u00e7a Jo\\u00e3o Pinheiro. Quase 150 componentes\",\"inLanguage\":\"pt-BR\",\"isPartOf\":{\"@id\":\"https:\\\/\\\/anoticiaonline.com.br\\\/site\\\/#website\"},\"breadcrumb\":{\"@id\":\"https:\\\/\\\/anoticiaonline.com.br\\\/site\\\/associacao-de-violeiros-recebe-homenagem-no-desfile-do-marambloco\\\/#breadcrumblist\"},\"author\":{\"@id\":\"https:\\\/\\\/anoticiaonline.com.br\\\/site\\\/author\\\/juliana\\\/#author\"},\"creator\":{\"@id\":\"https:\\\/\\\/anoticiaonline.com.br\\\/site\\\/author\\\/juliana\\\/#author\"},\"image\":{\"@type\":\"ImageObject\",\"url\":\"https:\\\/\\\/anoticiaonline.com.br\\\/site\\\/wp-content\\\/uploads\\\/2019\\\/03\\\/DSC_0872-1.jpg\",\"@id\":\"https:\\\/\\\/anoticiaonline.com.br\\\/site\\\/associacao-de-violeiros-recebe-homenagem-no-desfile-do-marambloco\\\/#mainImage\",\"width\":1000,\"height\":350},\"primaryImageOfPage\":{\"@id\":\"https:\\\/\\\/anoticiaonline.com.br\\\/site\\\/associacao-de-violeiros-recebe-homenagem-no-desfile-do-marambloco\\\/#mainImage\"},\"datePublished\":\"2019-03-01T11:22:44-03:00\",\"dateModified\":\"2019-03-01T11:38:37-03:00\"},{\"@type\":\"WebSite\",\"@id\":\"https:\\\/\\\/anoticiaonline.com.br\\\/site\\\/#website\",\"url\":\"https:\\\/\\\/anoticiaonline.com.br\\\/site\\\/\",\"name\":\"A Not\\u00edcia Online\",\"description\":\"Noticias de Muria\\u00e9 e regi\\u00e3o\",\"inLanguage\":\"pt-BR\",\"publisher\":{\"@id\":\"https:\\\/\\\/anoticiaonline.com.br\\\/site\\\/#organization\"}}]}\n\t\t<\/script>\n\t\t<!-- All in One SEO -->\n\n","aioseo_head_json":{"title":"Associa\u00e7\u00e3o de Violeiros recebe homenagem no desfile do Marambloco - A Not\u00edcia Online","description":"A Associa\u00e7\u00e3o de Violeiros de Muria\u00e9 foi homenageada, no carnaval deste ano, pelo Marambloco - uma das escolas de samba mais tradicionais de Muria\u00e9 e regi\u00e3o, com uma hist\u00f3ria de mais de 10 anos de atua\u00e7\u00e3o. A escola de samba do bairro Padre Tiago desfilou no s\u00e1bado (23), na Pra\u00e7a Jo\u00e3o Pinheiro. Quase 150 componentes","canonical_url":"https:\/\/anoticiaonline.com.br\/site\/associacao-de-violeiros-recebe-homenagem-no-desfile-do-marambloco\/","robots":"max-image-preview:large","keywords":"","webmasterTools":{"miscellaneous":""},"schema":{"@context":"https:\/\/schema.org","@graph":[{"@type":"BlogPosting","@id":"https:\/\/anoticiaonline.com.br\/site\/associacao-de-violeiros-recebe-homenagem-no-desfile-do-marambloco\/#blogposting","name":"Associa\u00e7\u00e3o de Violeiros recebe homenagem no desfile do Marambloco - A Not\u00edcia Online","headline":"Associa\u00e7\u00e3o de Violeiros recebe homenagem no desfile do Marambloco","author":{"@id":"https:\/\/anoticiaonline.com.br\/site\/author\/juliana\/#author"},"publisher":{"@id":"https:\/\/anoticiaonline.com.br\/site\/#organization"},"image":{"@type":"ImageObject","url":"https:\/\/anoticiaonline.com.br\/site\/wp-content\/uploads\/2019\/03\/DSC_0872-1.jpg","width":1000,"height":350},"datePublished":"2019-03-01T11:22:44-03:00","dateModified":"2019-03-01T11:38:37-03:00","inLanguage":"pt-BR","mainEntityOfPage":{"@id":"https:\/\/anoticiaonline.com.br\/site\/associacao-de-violeiros-recebe-homenagem-no-desfile-do-marambloco\/#webpage"},"isPartOf":{"@id":"https:\/\/anoticiaonline.com.br\/site\/associacao-de-violeiros-recebe-homenagem-no-desfile-do-marambloco\/#webpage"},"articleSection":"Blog, associa\u00e7\u00e3o de violeiros, carnaval, Marambloco, Muria\u00e9"},{"@type":"BreadcrumbList","@id":"https:\/\/anoticiaonline.com.br\/site\/associacao-de-violeiros-recebe-homenagem-no-desfile-do-marambloco\/#breadcrumblist","itemListElement":[{"@type":"ListItem","@id":"https:\/\/anoticiaonline.com.br\/site#listItem","position":1,"name":"Home","item":"https:\/\/anoticiaonline.com.br\/site","nextItem":{"@type":"ListItem","@id":"https:\/\/anoticiaonline.com.br\/site\/categoria\/muriae\/#listItem","name":"Blog"}},{"@type":"ListItem","@id":"https:\/\/anoticiaonline.com.br\/site\/categoria\/muriae\/#listItem","position":2,"name":"Blog","item":"https:\/\/anoticiaonline.com.br\/site\/categoria\/muriae\/","nextItem":{"@type":"ListItem","@id":"https:\/\/anoticiaonline.com.br\/site\/associacao-de-violeiros-recebe-homenagem-no-desfile-do-marambloco\/#listItem","name":"Associa\u00e7\u00e3o de Violeiros recebe homenagem no desfile do Marambloco"},"previousItem":{"@type":"ListItem","@id":"https:\/\/anoticiaonline.com.br\/site#listItem","name":"Home"}},{"@type":"ListItem","@id":"https:\/\/anoticiaonline.com.br\/site\/associacao-de-violeiros-recebe-homenagem-no-desfile-do-marambloco\/#listItem","position":3,"name":"Associa\u00e7\u00e3o de Violeiros recebe homenagem no desfile do Marambloco","previousItem":{"@type":"ListItem","@id":"https:\/\/anoticiaonline.com.br\/site\/categoria\/muriae\/#listItem","name":"Blog"}}]},{"@type":"Organization","@id":"https:\/\/anoticiaonline.com.br\/site\/#organization","name":"A Not\u00edcia Online","description":"Noticias de Muria\u00e9 e regi\u00e3o","url":"https:\/\/anoticiaonline.com.br\/site\/","logo":{"@type":"ImageObject","url":"https:\/\/scontent-gig4-1.xx.fbcdn.net\/v\/t39.30808-1\/270437624_4564083193639691_6907940295614233970_n.jpg?stp=dst-jpg_s200x200_tt6&_nc_cat=111&ccb=1-7&_nc_sid=f907e8&_nc_ohc=SM1wRlP3lJwQ7kNvwEPuBYA&_nc_oc=AdnqrjDN_BNjSSHWO-GbkIWH6fkGMLw4bqvL_NH6e2wMveX7G-rP2dAqsDSq1mJMOaY&_nc_zt=24&_nc_ht=scontent-gig4-1.xx&_nc_gid=AoBFJeGrT1hVaew_6rchkQ&oh=00_AfX7QmFGhQhG2jAllVgXCiM1ZrWgvtp80-Bfppyexh1QEg&oe=689E923C","@id":"https:\/\/anoticiaonline.com.br\/site\/associacao-de-violeiros-recebe-homenagem-no-desfile-do-marambloco\/#organizationLogo"},"image":{"@id":"https:\/\/anoticiaonline.com.br\/site\/associacao-de-violeiros-recebe-homenagem-no-desfile-do-marambloco\/#organizationLogo"}},{"@type":"Person","@id":"https:\/\/anoticiaonline.com.br\/site\/author\/juliana\/#author","url":"https:\/\/anoticiaonline.com.br\/site\/author\/juliana\/","name":"Juliana Laviola","image":{"@type":"ImageObject","@id":"https:\/\/anoticiaonline.com.br\/site\/associacao-de-violeiros-recebe-homenagem-no-desfile-do-marambloco\/#authorImage","url":"https:\/\/secure.gravatar.com\/avatar\/b8d45f5c699b100dfaf0e543582f38f38bf94cb7ae3a5e9abf8d891a34773335?s=96&d=mm&r=g","width":96,"height":96,"caption":"Juliana Laviola"}},{"@type":"WebPage","@id":"https:\/\/anoticiaonline.com.br\/site\/associacao-de-violeiros-recebe-homenagem-no-desfile-do-marambloco\/#webpage","url":"https:\/\/anoticiaonline.com.br\/site\/associacao-de-violeiros-recebe-homenagem-no-desfile-do-marambloco\/","name":"Associa\u00e7\u00e3o de Violeiros recebe homenagem no desfile do Marambloco - A Not\u00edcia Online","description":"A Associa\u00e7\u00e3o de Violeiros de Muria\u00e9 foi homenageada, no carnaval deste ano, pelo Marambloco - uma das escolas de samba mais tradicionais de Muria\u00e9 e regi\u00e3o, com uma hist\u00f3ria de mais de 10 anos de atua\u00e7\u00e3o. A escola de samba do bairro Padre Tiago desfilou no s\u00e1bado (23), na Pra\u00e7a Jo\u00e3o Pinheiro. Quase 150 componentes","inLanguage":"pt-BR","isPartOf":{"@id":"https:\/\/anoticiaonline.com.br\/site\/#website"},"breadcrumb":{"@id":"https:\/\/anoticiaonline.com.br\/site\/associacao-de-violeiros-recebe-homenagem-no-desfile-do-marambloco\/#breadcrumblist"},"author":{"@id":"https:\/\/anoticiaonline.com.br\/site\/author\/juliana\/#author"},"creator":{"@id":"https:\/\/anoticiaonline.com.br\/site\/author\/juliana\/#author"},"image":{"@type":"ImageObject","url":"https:\/\/anoticiaonline.com.br\/site\/wp-content\/uploads\/2019\/03\/DSC_0872-1.jpg","@id":"https:\/\/anoticiaonline.com.br\/site\/associacao-de-violeiros-recebe-homenagem-no-desfile-do-marambloco\/#mainImage","width":1000,"height":350},"primaryImageOfPage":{"@id":"https:\/\/anoticiaonline.com.br\/site\/associacao-de-violeiros-recebe-homenagem-no-desfile-do-marambloco\/#mainImage"},"datePublished":"2019-03-01T11:22:44-03:00","dateModified":"2019-03-01T11:38:37-03:00"},{"@type":"WebSite","@id":"https:\/\/anoticiaonline.com.br\/site\/#website","url":"https:\/\/anoticiaonline.com.br\/site\/","name":"A Not\u00edcia Online","description":"Noticias de Muria\u00e9 e regi\u00e3o","inLanguage":"pt-BR","publisher":{"@id":"https:\/\/anoticiaonline.com.br\/site\/#organization"}}]},"og:locale":"pt_BR","og:site_name":"A Not\u00edcia Online - Noticias de Muria\u00e9 e regi\u00e3o","og:type":"article","og:title":"Associa\u00e7\u00e3o de Violeiros recebe homenagem no desfile do Marambloco - A Not\u00edcia Online","og:description":"A Associa\u00e7\u00e3o de Violeiros de Muria\u00e9 foi homenageada, no carnaval deste ano, pelo Marambloco - uma das escolas de samba mais tradicionais de Muria\u00e9 e regi\u00e3o, com uma hist\u00f3ria de mais de 10 anos de atua\u00e7\u00e3o. A escola de samba do bairro Padre Tiago desfilou no s\u00e1bado (23), na Pra\u00e7a Jo\u00e3o Pinheiro. Quase 150 componentes","og:url":"https:\/\/anoticiaonline.com.br\/site\/associacao-de-violeiros-recebe-homenagem-no-desfile-do-marambloco\/","og:image":"https:\/\/scontent-gig4-1.xx.fbcdn.net\/v\/t39.30808-1\/270437624_4564083193639691_6907940295614233970_n.jpg?stp=dst-jpg_s200x200_tt6&#038;_nc_cat=111&#038;ccb=1-7&#038;_nc_sid=f907e8&#038;_nc_ohc=SM1wRlP3lJwQ7kNvwEPuBYA&#038;_nc_oc=AdnqrjDN_BNjSSHWO-GbkIWH6fkGMLw4bqvL_NH6e2wMveX7G-rP2dAqsDSq1mJMOaY&#038;_nc_zt=24&#038;_nc_ht=scontent-gig4-1.xx&#038;_nc_gid=AoBFJeGrT1hVaew_6rchkQ&#038;oh=00_AfX7QmFGhQhG2jAllVgXCiM1ZrWgvtp80-Bfppyexh1QEg&#038;oe=689E923C","og:image:secure_url":"https:\/\/scontent-gig4-1.xx.fbcdn.net\/v\/t39.30808-1\/270437624_4564083193639691_6907940295614233970_n.jpg?stp=dst-jpg_s200x200_tt6&#038;_nc_cat=111&#038;ccb=1-7&#038;_nc_sid=f907e8&#038;_nc_ohc=SM1wRlP3lJwQ7kNvwEPuBYA&#038;_nc_oc=AdnqrjDN_BNjSSHWO-GbkIWH6fkGMLw4bqvL_NH6e2wMveX7G-rP2dAqsDSq1mJMOaY&#038;_nc_zt=24&#038;_nc_ht=scontent-gig4-1.xx&#038;_nc_gid=AoBFJeGrT1hVaew_6rchkQ&#038;oh=00_AfX7QmFGhQhG2jAllVgXCiM1ZrWgvtp80-Bfppyexh1QEg&#038;oe=689E923C","article:published_time":"2019-03-01T14:22:44+00:00","article:modified_time":"2019-03-01T14:38:37+00:00","twitter:card":"summary_large_image","twitter:title":"Associa\u00e7\u00e3o de Violeiros recebe homenagem no desfile do Marambloco - A Not\u00edcia Online","twitter:description":"A Associa\u00e7\u00e3o de Violeiros de Muria\u00e9 foi homenageada, no carnaval deste ano, pelo Marambloco - uma das escolas de samba mais tradicionais de Muria\u00e9 e regi\u00e3o, com uma hist\u00f3ria de mais de 10 anos de atua\u00e7\u00e3o. A escola de samba do bairro Padre Tiago desfilou no s\u00e1bado (23), na Pra\u00e7a Jo\u00e3o Pinheiro. Quase 150 componentes","twitter:image":"https:\/\/scontent-gig4-1.xx.fbcdn.net\/v\/t39.30808-1\/270437624_4564083193639691_6907940295614233970_n.jpg?stp=dst-jpg_s200x200_tt6&_nc_cat=111&ccb=1-7&_nc_sid=f907e8&_nc_ohc=SM1wRlP3lJwQ7kNvwEPuBYA&_nc_oc=AdnqrjDN_BNjSSHWO-GbkIWH6fkGMLw4bqvL_NH6e2wMveX7G-rP2dAqsDSq1mJMOaY&_nc_zt=24&_nc_ht=scontent-gig4-1.xx&_nc_gid=AoBFJeGrT1hVaew_6rchkQ&oh=00_AfX7QmFGhQhG2jAllVgXCiM1ZrWgvtp80-Bfppyexh1QEg&oe=689E923C"},"aioseo_meta_data":{"post_id":"67647","title":null,"description":null,"keywords":null,"keyphrases":null,"primary_term":null,"canonical_url":null,"og_title":null,"og_description":null,"og_object_type":"default","og_image_type":"default","og_image_url":null,"og_image_width":null,"og_image_height":null,"og_image_custom_url":null,"og_image_custom_fields":null,"og_video":null,"og_custom_url":null,"og_article_section":null,"og_article_tags":null,"twitter_use_og":false,"twitter_card":"default","twitter_image_type":"default","twitter_image_url":null,"twitter_image_custom_url":null,"twitter_image_custom_fields":null,"twitter_title":null,"twitter_description":null,"schema":{"blockGraphs":[],"customGraphs":[],"default":{"data":{"Article":[],"Course":[],"Dataset":[],"FAQPage":[],"Movie":[],"Person":[],"Product":[],"ProductReview":[],"Car":[],"Recipe":[],"Service":[],"SoftwareApplication":[],"WebPage":[]},"graphName":"","isEnabled":true},"graphs":[]},"schema_type":"default","schema_type_options":null,"pillar_content":false,"robots_default":true,"robots_noindex":false,"robots_noarchive":false,"robots_nosnippet":false,"robots_nofollow":false,"robots_noimageindex":false,"robots_noodp":false,"robots_notranslate":false,"robots_max_snippet":null,"robots_max_videopreview":null,"robots_max_imagepreview":"large","priority":null,"frequency":null,"local_seo":null,"breadcrumb_settings":null,"limit_modified_date":false,"ai":null,"created":"2025-08-16 22:53:31","updated":"2025-08-16 22:53:31","focus_keyword":null,"additional_keywords":null,"truseo_locale":null,"seo_analyzer_scan_date":null},"aioseo_breadcrumb":"<div class=\"aioseo-breadcrumbs\"><span class=\"aioseo-breadcrumb\">\n\t\t\t<a href=\"https:\/\/anoticiaonline.com.br\/site\" title=\"Home\">Home<\/a>\n\t\t<\/span><span class=\"aioseo-breadcrumb-separator\">&raquo;<\/span><span class=\"aioseo-breadcrumb\">\n\t\t\t<a href=\"https:\/\/anoticiaonline.com.br\/site\/categoria\/muriae\/\" title=\"Blog\">Blog<\/a>\n\t\t<\/span><span class=\"aioseo-breadcrumb-separator\">&raquo;<\/span><span class=\"aioseo-breadcrumb\">\n\t\t\tAssocia\u00e7\u00e3o de Violeiros recebe homenagem no desfile do Marambloco\n\t\t<\/span><\/div>","aioseo_breadcrumb_json":[{"label":"Home","link":"https:\/\/anoticiaonline.com.br\/site"},{"label":"Blog","link":"https:\/\/anoticiaonline.com.br\/site\/categoria\/muriae\/"},{"label":"Associa\u00e7\u00e3o de Violeiros recebe homenagem no desfile do Marambloco","link":"https:\/\/anoticiaonline.com.br\/site\/associacao-de-violeiros-recebe-homenagem-no-desfile-do-marambloco\/"}],"views":155,"_links":{"self":[{"href":"https:\/\/anoticiaonline.com.br\/site\/wp-json\/wp\/v2\/posts\/67647","targetHints":{"allow":["GET"]}}],"collection":[{"href":"https:\/\/anoticiaonline.com.br\/site\/wp-json\/wp\/v2\/posts"}],"about":[{"href":"https:\/\/anoticiaonline.com.br\/site\/wp-json\/wp\/v2\/types\/post"}],"author":[{"embeddable":true,"href":"https:\/\/anoticiaonline.com.br\/site\/wp-json\/wp\/v2\/users\/2"}],"replies":[{"embeddable":true,"href":"https:\/\/anoticiaonline.com.br\/site\/wp-json\/wp\/v2\/comments?post=67647"}],"version-history":[{"count":0,"href":"https:\/\/anoticiaonline.com.br\/site\/wp-json\/wp\/v2\/posts\/67647\/revisions"}],"wp:featuredmedia":[{"embeddable":true,"href":"https:\/\/anoticiaonline.com.br\/site\/wp-json\/wp\/v2\/media\/67663"}],"wp:attachment":[{"href":"https:\/\/anoticiaonline.com.br\/site\/wp-json\/wp\/v2\/media?parent=67647"}],"wp:term":[{"taxonomy":"category","embeddable":true,"href":"https:\/\/anoticiaonline.com.br\/site\/wp-json\/wp\/v2\/categories?post=67647"},{"taxonomy":"post_tag","embeddable":true,"href":"https:\/\/anoticiaonline.com.br\/site\/wp-json\/wp\/v2\/tags?post=67647"}],"curies":[{"name":"wp","href":"https:\/\/api.w.org\/{rel}","templated":true}]}}