{"id":67537,"date":"2019-02-28T19:36:32","date_gmt":"2019-02-28T22:36:32","guid":{"rendered":"http:\/\/anoticiaonline.com.br\/site\/?p=67537"},"modified":"2019-02-28T20:11:36","modified_gmt":"2019-02-28T23:11:36","slug":"nova-diretoria-da-36a-subsecao-da-oab-e-empossada-para-mandato-de-tres-anos","status":"publish","type":"post","link":"https:\/\/anoticiaonline.com.br\/site\/nova-diretoria-da-36a-subsecao-da-oab-e-empossada-para-mandato-de-tres-anos\/","title":{"rendered":"Nova diretoria da 36\u00aa Subse\u00e7\u00e3o da OAB \u00e9 empossada para mandato de tr\u00eas anos"},"content":{"rendered":"<p><a href=\"https:\/\/anoticiaonline.com.br\/site\/wp-content\/uploads\/2019\/02\/DSC_0536.jpg\"><img fetchpriority=\"high\" decoding=\"async\" class=\"aligncenter size-full wp-image-67539\" src=\"https:\/\/anoticiaonline.com.br\/site\/wp-content\/uploads\/2019\/02\/DSC_0536.jpg\" alt=\"\" width=\"800\" height=\"533\" srcset=\"https:\/\/anoticiaonline.com.br\/site\/wp-content\/uploads\/2019\/02\/DSC_0536.jpg 800w, https:\/\/anoticiaonline.com.br\/site\/wp-content\/uploads\/2019\/02\/DSC_0536-300x200.jpg 300w, https:\/\/anoticiaonline.com.br\/site\/wp-content\/uploads\/2019\/02\/DSC_0536-768x512.jpg 768w\" sizes=\"(max-width: 800px) 100vw, 800px\" \/><\/a><\/p>\n<p>A nova diretoria da 36\u00aa Subse\u00e7\u00e3o da Ordem dos Advogados do Brasil foi empossada para o tri\u00eanio 2019-2021, na noite de quarta-feira (27). A chapa \u201cOAB Renova\u00e7\u00e3o, Trabalho e Experi\u00eancia\u201d, encabe\u00e7ada pelo presidente Dr. Cristiano Chaves Rodrigues, havia sido eleita em novembro de 2018, com expressiva vota\u00e7\u00e3o. A cerim\u00f4nia de posse aconteceu no F\u00f3rum Tabeli\u00e3o Pacheco de Medeiros, em Muria\u00e9, e foi acompanhada por importantes autoridades do munic\u00edpio e do estado. Novos advogados tamb\u00e9m foram empossados na noite.<!--more--><\/p>\n<p>Dr. Cristiano assume a presid\u00eancia das m\u00e3os do Dr. Paulo S\u00e9rgio Pires do Amaral. Segundo o novo presidente, a responsabilidade e os desafios s\u00e3o grandes, mas ele acredita na compet\u00eancia da nova diretoria da subse\u00e7\u00e3o, que compreende Muria\u00e9, Miradouro e Eugen\u00f3polis. \u201cTemos muito trabalho a ser realizado, mas junto \u00e0 diretoria e aos demais membros da subse\u00e7\u00e3o, tenho certeza que alcan\u00e7aremos nossos objetivos\u201d, afirmou.<\/p>\n<p>Ainda segundo Cristiano, o trabalho ser\u00e1 voltado \u00e0 valoriza\u00e7\u00e3o da advocacia frente \u00e0 comunidade, ao Judici\u00e1rio e \u00e0s demais autoridades. \u201cAgradecemos a todos os advogados que confiaram em nossa chapa, nos elegendo para represent\u00e1-los nos pr\u00f3ximos tr\u00eas anos\u201d, disse o novo presidente.<\/p>\n<p>Empossada como vice-presidente da subse\u00e7\u00e3o, a Dra. Graziela Machado Porcaro Almeida endossou as palavras do presidente eleito e afirmou estar honrada pela confian\u00e7a depositada pelos colegas. \u201cJ\u00e1 demos in\u00edcio aos trabalhos, buscando sempre o melhor para a subse\u00e7\u00e3o, com muito empenho\u201d, disse Graziela.<\/p>\n<p>Graziela tamb\u00e9m parabenizou os novos advogados empossados e exaltou a expressiva vota\u00e7\u00e3o alcan\u00e7ada pela chapa vencedora. \u201cEssa vota\u00e7\u00e3o s\u00f3 vem aumentar nossa responsabilidade para com os colegas e esperamos atender \u00e0s expectativas de todos os que depositaram sua confian\u00e7a em n\u00f3s\u201d, revelou.<\/p>\n<p>O presidente da OAB de Minas Gerais, Dr. Raimundo C\u00e2ndido J\u00fanior, prestigiou a cerim\u00f4nia de posse. Segundo ele, a 36\u00aa subse\u00e7\u00e3o sempre \u00e9 muito receptiva e acolhedora, sendo um \u201cexemplo para o estado de Minas Gerais\u201d. Ele exaltou a import\u00e2ncia de se colocar a valoriza\u00e7\u00e3o profissional como uma bandeira a ser levantada. \u201cQueremos fazer uma exorta\u00e7\u00e3o aos advogados que se valorizem, pois o momento \u00e9 de dificuldade, e a valoriza\u00e7\u00e3o depende de n\u00f3s, para que continuemos vitoriosos e respeitados pela sociedade brasileira\u201d, concluiu Raimundo.<\/p>\n<p><strong>Nova diretoria da 36\u00aa Subse\u00e7\u00e3o da OAB:<\/strong><\/p>\n<p><strong>Presidente:<\/strong>\u00a0Cristiano Chaves Rodrigues<\/p>\n<p><strong>Vice-presidente:\u00a0<\/strong>Graziela Machado Porcaro Almeida<\/p>\n<p><strong>Secret\u00e1ria-geral:<\/strong>\u00a0Simone Martins Gomes Muniz<\/p>\n<p><strong>Secret\u00e1rio-geral adjunto:<\/strong>\u00a0\u00c1lvaro Coimbra do Carmo J\u00fanior<\/p>\n<p><strong>Tesoureiro:\u00a0<\/strong>Arthur F\u00e1bio Bittencourt Ferreira<\/p>\n<div id='gallery-1' class='gallery galleryid-67537 gallery-columns-1 gallery-size-full'><figure class='gallery-item'>\n\t\t\t<div class='gallery-icon portrait'>\n\t\t\t\t<a href='https:\/\/anoticiaonline.com.br\/site\/wp-content\/uploads\/2019\/02\/DSC_0690.jpg'><img decoding=\"async\" width=\"400\" height=\"600\" src=\"https:\/\/anoticiaonline.com.br\/site\/wp-content\/uploads\/2019\/02\/DSC_0690.jpg\" class=\"attachment-full size-full\" alt=\"\" srcset=\"https:\/\/anoticiaonline.com.br\/site\/wp-content\/uploads\/2019\/02\/DSC_0690.jpg 400w, https:\/\/anoticiaonline.com.br\/site\/wp-content\/uploads\/2019\/02\/DSC_0690-200x300.jpg 200w\" sizes=\"(max-width: 400px) 100vw, 400px\" \/><\/a>\n\t\t\t<\/div><\/figure><figure class='gallery-item'>\n\t\t\t<div class='gallery-icon landscape'>\n\t\t\t\t<a href='https:\/\/anoticiaonline.com.br\/site\/wp-content\/uploads\/2019\/02\/DSC_0686.jpg'><img decoding=\"async\" width=\"800\" height=\"533\" src=\"https:\/\/anoticiaonline.com.br\/site\/wp-content\/uploads\/2019\/02\/DSC_0686.jpg\" class=\"attachment-full size-full\" alt=\"\" srcset=\"https:\/\/anoticiaonline.com.br\/site\/wp-content\/uploads\/2019\/02\/DSC_0686.jpg 800w, https:\/\/anoticiaonline.com.br\/site\/wp-content\/uploads\/2019\/02\/DSC_0686-300x200.jpg 300w, https:\/\/anoticiaonline.com.br\/site\/wp-content\/uploads\/2019\/02\/DSC_0686-768x512.jpg 768w\" sizes=\"(max-width: 800px) 100vw, 800px\" \/><\/a>\n\t\t\t<\/div><\/figure><figure class='gallery-item'>\n\t\t\t<div class='gallery-icon portrait'>\n\t\t\t\t<a href='https:\/\/anoticiaonline.com.br\/site\/wp-content\/uploads\/2019\/02\/DSC_0681.jpg'><img loading=\"lazy\" decoding=\"async\" width=\"400\" height=\"600\" src=\"https:\/\/anoticiaonline.com.br\/site\/wp-content\/uploads\/2019\/02\/DSC_0681.jpg\" class=\"attachment-full size-full\" alt=\"\" srcset=\"https:\/\/anoticiaonline.com.br\/site\/wp-content\/uploads\/2019\/02\/DSC_0681.jpg 400w, https:\/\/anoticiaonline.com.br\/site\/wp-content\/uploads\/2019\/02\/DSC_0681-200x300.jpg 200w\" sizes=\"(max-width: 400px) 100vw, 400px\" \/><\/a>\n\t\t\t<\/div><\/figure><figure class='gallery-item'>\n\t\t\t<div class='gallery-icon landscape'>\n\t\t\t\t<a href='https:\/\/anoticiaonline.com.br\/site\/wp-content\/uploads\/2019\/02\/DSC_0677.jpg'><img loading=\"lazy\" decoding=\"async\" width=\"800\" height=\"533\" src=\"https:\/\/anoticiaonline.com.br\/site\/wp-content\/uploads\/2019\/02\/DSC_0677.jpg\" class=\"attachment-full size-full\" alt=\"\" srcset=\"https:\/\/anoticiaonline.com.br\/site\/wp-content\/uploads\/2019\/02\/DSC_0677.jpg 800w, https:\/\/anoticiaonline.com.br\/site\/wp-content\/uploads\/2019\/02\/DSC_0677-300x200.jpg 300w, https:\/\/anoticiaonline.com.br\/site\/wp-content\/uploads\/2019\/02\/DSC_0677-768x512.jpg 768w\" sizes=\"(max-width: 800px) 100vw, 800px\" \/><\/a>\n\t\t\t<\/div><\/figure><figure class='gallery-item'>\n\t\t\t<div class='gallery-icon landscape'>\n\t\t\t\t<a href='https:\/\/anoticiaonline.com.br\/site\/wp-content\/uploads\/2019\/02\/DSC_0641.jpg'><img loading=\"lazy\" decoding=\"async\" width=\"800\" height=\"533\" src=\"https:\/\/anoticiaonline.com.br\/site\/wp-content\/uploads\/2019\/02\/DSC_0641.jpg\" class=\"attachment-full size-full\" alt=\"\" srcset=\"https:\/\/anoticiaonline.com.br\/site\/wp-content\/uploads\/2019\/02\/DSC_0641.jpg 800w, https:\/\/anoticiaonline.com.br\/site\/wp-content\/uploads\/2019\/02\/DSC_0641-300x200.jpg 300w, https:\/\/anoticiaonline.com.br\/site\/wp-content\/uploads\/2019\/02\/DSC_0641-768x512.jpg 768w\" sizes=\"(max-width: 800px) 100vw, 800px\" \/><\/a>\n\t\t\t<\/div><\/figure><figure class='gallery-item'>\n\t\t\t<div class='gallery-icon landscape'>\n\t\t\t\t<a href='https:\/\/anoticiaonline.com.br\/site\/wp-content\/uploads\/2019\/02\/DSC_0635.jpg'><img loading=\"lazy\" decoding=\"async\" width=\"800\" height=\"533\" src=\"https:\/\/anoticiaonline.com.br\/site\/wp-content\/uploads\/2019\/02\/DSC_0635.jpg\" class=\"attachment-full size-full\" alt=\"\" srcset=\"https:\/\/anoticiaonline.com.br\/site\/wp-content\/uploads\/2019\/02\/DSC_0635.jpg 800w, https:\/\/anoticiaonline.com.br\/site\/wp-content\/uploads\/2019\/02\/DSC_0635-300x200.jpg 300w, https:\/\/anoticiaonline.com.br\/site\/wp-content\/uploads\/2019\/02\/DSC_0635-768x512.jpg 768w\" sizes=\"(max-width: 800px) 100vw, 800px\" \/><\/a>\n\t\t\t<\/div><\/figure><figure class='gallery-item'>\n\t\t\t<div class='gallery-icon portrait'>\n\t\t\t\t<a href='https:\/\/anoticiaonline.com.br\/site\/wp-content\/uploads\/2019\/02\/DSC_0630.jpg'><img loading=\"lazy\" decoding=\"async\" width=\"400\" height=\"600\" src=\"https:\/\/anoticiaonline.com.br\/site\/wp-content\/uploads\/2019\/02\/DSC_0630.jpg\" class=\"attachment-full size-full\" alt=\"\" srcset=\"https:\/\/anoticiaonline.com.br\/site\/wp-content\/uploads\/2019\/02\/DSC_0630.jpg 400w, https:\/\/anoticiaonline.com.br\/site\/wp-content\/uploads\/2019\/02\/DSC_0630-200x300.jpg 200w\" sizes=\"(max-width: 400px) 100vw, 400px\" \/><\/a>\n\t\t\t<\/div><\/figure><figure class='gallery-item'>\n\t\t\t<div class='gallery-icon landscape'>\n\t\t\t\t<a href='https:\/\/anoticiaonline.com.br\/site\/wp-content\/uploads\/2019\/02\/DSC_0622.jpg'><img loading=\"lazy\" decoding=\"async\" width=\"800\" height=\"533\" src=\"https:\/\/anoticiaonline.com.br\/site\/wp-content\/uploads\/2019\/02\/DSC_0622.jpg\" class=\"attachment-full size-full\" alt=\"\" srcset=\"https:\/\/anoticiaonline.com.br\/site\/wp-content\/uploads\/2019\/02\/DSC_0622.jpg 800w, https:\/\/anoticiaonline.com.br\/site\/wp-content\/uploads\/2019\/02\/DSC_0622-300x200.jpg 300w, https:\/\/anoticiaonline.com.br\/site\/wp-content\/uploads\/2019\/02\/DSC_0622-768x512.jpg 768w\" sizes=\"(max-width: 800px) 100vw, 800px\" \/><\/a>\n\t\t\t<\/div><\/figure><figure class='gallery-item'>\n\t\t\t<div class='gallery-icon landscape'>\n\t\t\t\t<a href='https:\/\/anoticiaonline.com.br\/site\/wp-content\/uploads\/2019\/02\/DSC_0620.jpg'><img loading=\"lazy\" decoding=\"async\" width=\"800\" height=\"533\" src=\"https:\/\/anoticiaonline.com.br\/site\/wp-content\/uploads\/2019\/02\/DSC_0620.jpg\" class=\"attachment-full size-full\" alt=\"\" srcset=\"https:\/\/anoticiaonline.com.br\/site\/wp-content\/uploads\/2019\/02\/DSC_0620.jpg 800w, https:\/\/anoticiaonline.com.br\/site\/wp-content\/uploads\/2019\/02\/DSC_0620-300x200.jpg 300w, https:\/\/anoticiaonline.com.br\/site\/wp-content\/uploads\/2019\/02\/DSC_0620-768x512.jpg 768w\" sizes=\"(max-width: 800px) 100vw, 800px\" \/><\/a>\n\t\t\t<\/div><\/figure><figure class='gallery-item'>\n\t\t\t<div class='gallery-icon landscape'>\n\t\t\t\t<a href='https:\/\/anoticiaonline.com.br\/site\/wp-content\/uploads\/2019\/02\/DSC_0607.jpg'><img loading=\"lazy\" decoding=\"async\" width=\"800\" height=\"533\" src=\"https:\/\/anoticiaonline.com.br\/site\/wp-content\/uploads\/2019\/02\/DSC_0607.jpg\" class=\"attachment-full size-full\" alt=\"\" srcset=\"https:\/\/anoticiaonline.com.br\/site\/wp-content\/uploads\/2019\/02\/DSC_0607.jpg 800w, https:\/\/anoticiaonline.com.br\/site\/wp-content\/uploads\/2019\/02\/DSC_0607-300x200.jpg 300w, https:\/\/anoticiaonline.com.br\/site\/wp-content\/uploads\/2019\/02\/DSC_0607-768x512.jpg 768w\" sizes=\"(max-width: 800px) 100vw, 800px\" \/><\/a>\n\t\t\t<\/div><\/figure><figure class='gallery-item'>\n\t\t\t<div class='gallery-icon landscape'>\n\t\t\t\t<a href='https:\/\/anoticiaonline.com.br\/site\/wp-content\/uploads\/2019\/02\/DSC_0599.jpg'><img loading=\"lazy\" decoding=\"async\" width=\"800\" height=\"533\" src=\"https:\/\/anoticiaonline.com.br\/site\/wp-content\/uploads\/2019\/02\/DSC_0599.jpg\" class=\"attachment-full size-full\" alt=\"\" srcset=\"https:\/\/anoticiaonline.com.br\/site\/wp-content\/uploads\/2019\/02\/DSC_0599.jpg 800w, https:\/\/anoticiaonline.com.br\/site\/wp-content\/uploads\/2019\/02\/DSC_0599-300x200.jpg 300w, https:\/\/anoticiaonline.com.br\/site\/wp-content\/uploads\/2019\/02\/DSC_0599-768x512.jpg 768w\" sizes=\"(max-width: 800px) 100vw, 800px\" \/><\/a>\n\t\t\t<\/div><\/figure><figure class='gallery-item'>\n\t\t\t<div class='gallery-icon landscape'>\n\t\t\t\t<a href='https:\/\/anoticiaonline.com.br\/site\/wp-content\/uploads\/2019\/02\/DSC_0596.jpg'><img loading=\"lazy\" decoding=\"async\" width=\"800\" height=\"533\" src=\"https:\/\/anoticiaonline.com.br\/site\/wp-content\/uploads\/2019\/02\/DSC_0596.jpg\" class=\"attachment-full size-full\" alt=\"\" srcset=\"https:\/\/anoticiaonline.com.br\/site\/wp-content\/uploads\/2019\/02\/DSC_0596.jpg 800w, https:\/\/anoticiaonline.com.br\/site\/wp-content\/uploads\/2019\/02\/DSC_0596-300x200.jpg 300w, https:\/\/anoticiaonline.com.br\/site\/wp-content\/uploads\/2019\/02\/DSC_0596-768x512.jpg 768w\" sizes=\"(max-width: 800px) 100vw, 800px\" \/><\/a>\n\t\t\t<\/div><\/figure><figure class='gallery-item'>\n\t\t\t<div class='gallery-icon landscape'>\n\t\t\t\t<a href='https:\/\/anoticiaonline.com.br\/site\/wp-content\/uploads\/2019\/02\/DSC_0592.jpg'><img loading=\"lazy\" decoding=\"async\" width=\"800\" height=\"533\" src=\"https:\/\/anoticiaonline.com.br\/site\/wp-content\/uploads\/2019\/02\/DSC_0592.jpg\" class=\"attachment-full size-full\" alt=\"\" srcset=\"https:\/\/anoticiaonline.com.br\/site\/wp-content\/uploads\/2019\/02\/DSC_0592.jpg 800w, https:\/\/anoticiaonline.com.br\/site\/wp-content\/uploads\/2019\/02\/DSC_0592-300x200.jpg 300w, https:\/\/anoticiaonline.com.br\/site\/wp-content\/uploads\/2019\/02\/DSC_0592-768x512.jpg 768w\" sizes=\"(max-width: 800px) 100vw, 800px\" \/><\/a>\n\t\t\t<\/div><\/figure><figure class='gallery-item'>\n\t\t\t<div class='gallery-icon landscape'>\n\t\t\t\t<a href='https:\/\/anoticiaonline.com.br\/site\/wp-content\/uploads\/2019\/02\/DSC_0589.jpg'><img loading=\"lazy\" decoding=\"async\" width=\"800\" height=\"533\" src=\"https:\/\/anoticiaonline.com.br\/site\/wp-content\/uploads\/2019\/02\/DSC_0589.jpg\" class=\"attachment-full size-full\" alt=\"\" srcset=\"https:\/\/anoticiaonline.com.br\/site\/wp-content\/uploads\/2019\/02\/DSC_0589.jpg 800w, https:\/\/anoticiaonline.com.br\/site\/wp-content\/uploads\/2019\/02\/DSC_0589-300x200.jpg 300w, https:\/\/anoticiaonline.com.br\/site\/wp-content\/uploads\/2019\/02\/DSC_0589-768x512.jpg 768w\" sizes=\"(max-width: 800px) 100vw, 800px\" \/><\/a>\n\t\t\t<\/div><\/figure><figure class='gallery-item'>\n\t\t\t<div class='gallery-icon landscape'>\n\t\t\t\t<a href='https:\/\/anoticiaonline.com.br\/site\/wp-content\/uploads\/2019\/02\/DSC_0561.jpg'><img loading=\"lazy\" decoding=\"async\" width=\"800\" height=\"533\" src=\"https:\/\/anoticiaonline.com.br\/site\/wp-content\/uploads\/2019\/02\/DSC_0561.jpg\" class=\"attachment-full size-full\" alt=\"\" srcset=\"https:\/\/anoticiaonline.com.br\/site\/wp-content\/uploads\/2019\/02\/DSC_0561.jpg 800w, https:\/\/anoticiaonline.com.br\/site\/wp-content\/uploads\/2019\/02\/DSC_0561-300x200.jpg 300w, https:\/\/anoticiaonline.com.br\/site\/wp-content\/uploads\/2019\/02\/DSC_0561-768x512.jpg 768w\" sizes=\"(max-width: 800px) 100vw, 800px\" \/><\/a>\n\t\t\t<\/div><\/figure><figure class='gallery-item'>\n\t\t\t<div class='gallery-icon landscape'>\n\t\t\t\t<a href='https:\/\/anoticiaonline.com.br\/site\/wp-content\/uploads\/2019\/02\/DSC_0553.jpg'><img loading=\"lazy\" decoding=\"async\" width=\"800\" height=\"533\" src=\"https:\/\/anoticiaonline.com.br\/site\/wp-content\/uploads\/2019\/02\/DSC_0553.jpg\" class=\"attachment-full size-full\" alt=\"\" srcset=\"https:\/\/anoticiaonline.com.br\/site\/wp-content\/uploads\/2019\/02\/DSC_0553.jpg 800w, https:\/\/anoticiaonline.com.br\/site\/wp-content\/uploads\/2019\/02\/DSC_0553-300x200.jpg 300w, https:\/\/anoticiaonline.com.br\/site\/wp-content\/uploads\/2019\/02\/DSC_0553-768x512.jpg 768w\" sizes=\"(max-width: 800px) 100vw, 800px\" \/><\/a>\n\t\t\t<\/div><\/figure><figure class='gallery-item'>\n\t\t\t<div class='gallery-icon landscape'>\n\t\t\t\t<a href='https:\/\/anoticiaonline.com.br\/site\/wp-content\/uploads\/2019\/02\/DSC_0552.jpg'><img loading=\"lazy\" decoding=\"async\" width=\"800\" height=\"533\" src=\"https:\/\/anoticiaonline.com.br\/site\/wp-content\/uploads\/2019\/02\/DSC_0552.jpg\" class=\"attachment-full size-full\" alt=\"\" srcset=\"https:\/\/anoticiaonline.com.br\/site\/wp-content\/uploads\/2019\/02\/DSC_0552.jpg 800w, https:\/\/anoticiaonline.com.br\/site\/wp-content\/uploads\/2019\/02\/DSC_0552-300x200.jpg 300w, https:\/\/anoticiaonline.com.br\/site\/wp-content\/uploads\/2019\/02\/DSC_0552-768x512.jpg 768w\" sizes=\"(max-width: 800px) 100vw, 800px\" \/><\/a>\n\t\t\t<\/div><\/figure><figure class='gallery-item'>\n\t\t\t<div class='gallery-icon landscape'>\n\t\t\t\t<a href='https:\/\/anoticiaonline.com.br\/site\/wp-content\/uploads\/2019\/02\/DSC_0546.jpg'><img loading=\"lazy\" decoding=\"async\" width=\"800\" height=\"533\" src=\"https:\/\/anoticiaonline.com.br\/site\/wp-content\/uploads\/2019\/02\/DSC_0546.jpg\" class=\"attachment-full size-full\" alt=\"\" srcset=\"https:\/\/anoticiaonline.com.br\/site\/wp-content\/uploads\/2019\/02\/DSC_0546.jpg 800w, https:\/\/anoticiaonline.com.br\/site\/wp-content\/uploads\/2019\/02\/DSC_0546-300x200.jpg 300w, https:\/\/anoticiaonline.com.br\/site\/wp-content\/uploads\/2019\/02\/DSC_0546-768x512.jpg 768w\" sizes=\"(max-width: 800px) 100vw, 800px\" \/><\/a>\n\t\t\t<\/div><\/figure><figure class='gallery-item'>\n\t\t\t<div class='gallery-icon landscape'>\n\t\t\t\t<a href='https:\/\/anoticiaonline.com.br\/site\/wp-content\/uploads\/2019\/02\/DSC_0529.jpg'><img loading=\"lazy\" decoding=\"async\" width=\"800\" height=\"533\" src=\"https:\/\/anoticiaonline.com.br\/site\/wp-content\/uploads\/2019\/02\/DSC_0529.jpg\" class=\"attachment-full size-full\" alt=\"\" srcset=\"https:\/\/anoticiaonline.com.br\/site\/wp-content\/uploads\/2019\/02\/DSC_0529.jpg 800w, https:\/\/anoticiaonline.com.br\/site\/wp-content\/uploads\/2019\/02\/DSC_0529-300x200.jpg 300w, https:\/\/anoticiaonline.com.br\/site\/wp-content\/uploads\/2019\/02\/DSC_0529-768x512.jpg 768w\" sizes=\"(max-width: 800px) 100vw, 800px\" \/><\/a>\n\t\t\t<\/div><\/figure>\n\t\t<\/div>\n\n","protected":false},"excerpt":{"rendered":"<p>A nova diretoria da 36\u00aa Subse\u00e7\u00e3o da Ordem dos Advogados do Brasil foi empossada para o tri\u00eanio 2019-2021, na noite de quarta-feira (27). A chapa \u201cOAB Renova\u00e7\u00e3o, Trabalho e Experi\u00eancia\u201d, encabe\u00e7ada pelo presidente Dr. Cristiano Chaves Rodrigues, havia sido eleita em novembro de 2018, com expressiva vota\u00e7\u00e3o. A cerim\u00f4nia de posse aconteceu no F\u00f3rum Tabeli\u00e3o &#8230; <a title=\"Nova diretoria da 36\u00aa Subse\u00e7\u00e3o da OAB \u00e9 empossada para mandato de tr\u00eas anos\" class=\"read-more\" href=\"https:\/\/anoticiaonline.com.br\/site\/nova-diretoria-da-36a-subsecao-da-oab-e-empossada-para-mandato-de-tres-anos\/\" aria-label=\"Read more about Nova diretoria da 36\u00aa Subse\u00e7\u00e3o da OAB \u00e9 empossada para mandato de tr\u00eas anos\">Ler mais<\/a><\/p>\n","protected":false},"author":2,"featured_media":67558,"comment_status":"open","ping_status":"open","sticky":false,"template":"","format":"standard","meta":{"_acf_changed":false,"_monsterinsights_skip_tracking":false,"footnotes":""},"categories":[30],"tags":[74,837],"class_list":["post-67537","post","type-post","status-publish","format-standard","has-post-thumbnail","hentry","category-muriae","tag-muriae","tag-oab"],"acf":[],"aioseo_notices":[],"aioseo_head":"\n\t\t<!-- All in One SEO 5.0.0.1 - aioseo.com -->\n\t<meta name=\"description\" content=\"A nova diretoria da 36\u00aa Subse\u00e7\u00e3o da Ordem dos Advogados do Brasil foi empossada para o tri\u00eanio 2019-2021, na noite de quarta-feira (27). A chapa \u201cOAB Renova\u00e7\u00e3o, Trabalho e Experi\u00eancia\u201d, encabe\u00e7ada pelo presidente Dr. Cristiano Chaves Rodrigues, havia sido eleita em novembro de 2018, com expressiva vota\u00e7\u00e3o. A cerim\u00f4nia de posse aconteceu no F\u00f3rum Tabeli\u00e3o\" \/>\n\t<meta name=\"robots\" content=\"max-image-preview:large\" \/>\n\t<meta name=\"author\" content=\"Juliana Laviola\"\/>\n\t<link rel=\"canonical\" href=\"https:\/\/anoticiaonline.com.br\/site\/nova-diretoria-da-36a-subsecao-da-oab-e-empossada-para-mandato-de-tres-anos\/\" \/>\n\t<meta name=\"generator\" content=\"All in One SEO (AIOSEO) 5.0.0.1\" \/>\n\t\t<meta property=\"og:locale\" content=\"pt_BR\" \/>\n\t\t<meta property=\"og:site_name\" content=\"A Not\u00edcia Online - Noticias de Muria\u00e9 e regi\u00e3o\" \/>\n\t\t<meta property=\"og:type\" content=\"article\" \/>\n\t\t<meta property=\"og:title\" content=\"Nova diretoria da 36\u00aa Subse\u00e7\u00e3o da OAB \u00e9 empossada para mandato de tr\u00eas anos - A Not\u00edcia Online\" \/>\n\t\t<meta property=\"og:description\" content=\"A nova diretoria da 36\u00aa Subse\u00e7\u00e3o da Ordem dos Advogados do Brasil foi empossada para o tri\u00eanio 2019-2021, na noite de quarta-feira (27). A chapa \u201cOAB Renova\u00e7\u00e3o, Trabalho e Experi\u00eancia\u201d, encabe\u00e7ada pelo presidente Dr. Cristiano Chaves Rodrigues, havia sido eleita em novembro de 2018, com expressiva vota\u00e7\u00e3o. A cerim\u00f4nia de posse aconteceu no F\u00f3rum Tabeli\u00e3o\" \/>\n\t\t<meta property=\"og:url\" content=\"https:\/\/anoticiaonline.com.br\/site\/nova-diretoria-da-36a-subsecao-da-oab-e-empossada-para-mandato-de-tres-anos\/\" \/>\n\t\t<meta property=\"og:image\" content=\"https:\/\/scontent-gig4-1.xx.fbcdn.net\/v\/t39.30808-1\/270437624_4564083193639691_6907940295614233970_n.jpg?stp=dst-jpg_s200x200_tt6&#038;_nc_cat=111&#038;ccb=1-7&#038;_nc_sid=f907e8&#038;_nc_ohc=SM1wRlP3lJwQ7kNvwEPuBYA&#038;_nc_oc=AdnqrjDN_BNjSSHWO-GbkIWH6fkGMLw4bqvL_NH6e2wMveX7G-rP2dAqsDSq1mJMOaY&#038;_nc_zt=24&#038;_nc_ht=scontent-gig4-1.xx&#038;_nc_gid=AoBFJeGrT1hVaew_6rchkQ&#038;oh=00_AfX7QmFGhQhG2jAllVgXCiM1ZrWgvtp80-Bfppyexh1QEg&#038;oe=689E923C\" \/>\n\t\t<meta property=\"og:image:secure_url\" content=\"https:\/\/scontent-gig4-1.xx.fbcdn.net\/v\/t39.30808-1\/270437624_4564083193639691_6907940295614233970_n.jpg?stp=dst-jpg_s200x200_tt6&#038;_nc_cat=111&#038;ccb=1-7&#038;_nc_sid=f907e8&#038;_nc_ohc=SM1wRlP3lJwQ7kNvwEPuBYA&#038;_nc_oc=AdnqrjDN_BNjSSHWO-GbkIWH6fkGMLw4bqvL_NH6e2wMveX7G-rP2dAqsDSq1mJMOaY&#038;_nc_zt=24&#038;_nc_ht=scontent-gig4-1.xx&#038;_nc_gid=AoBFJeGrT1hVaew_6rchkQ&#038;oh=00_AfX7QmFGhQhG2jAllVgXCiM1ZrWgvtp80-Bfppyexh1QEg&#038;oe=689E923C\" \/>\n\t\t<meta property=\"article:published_time\" content=\"2019-02-28T22:36:32+00:00\" \/>\n\t\t<meta property=\"article:modified_time\" content=\"2019-02-28T23:11:36+00:00\" \/>\n\t\t<meta name=\"twitter:card\" content=\"summary_large_image\" \/>\n\t\t<meta name=\"twitter:title\" content=\"Nova diretoria da 36\u00aa Subse\u00e7\u00e3o da OAB \u00e9 empossada para mandato de tr\u00eas anos - A Not\u00edcia Online\" \/>\n\t\t<meta name=\"twitter:description\" content=\"A nova diretoria da 36\u00aa Subse\u00e7\u00e3o da Ordem dos Advogados do Brasil foi empossada para o tri\u00eanio 2019-2021, na noite de quarta-feira (27). A chapa \u201cOAB Renova\u00e7\u00e3o, Trabalho e Experi\u00eancia\u201d, encabe\u00e7ada pelo presidente Dr. Cristiano Chaves Rodrigues, havia sido eleita em novembro de 2018, com expressiva vota\u00e7\u00e3o. A cerim\u00f4nia de posse aconteceu no F\u00f3rum Tabeli\u00e3o\" \/>\n\t\t<meta name=\"twitter:image\" content=\"https:\/\/scontent-gig4-1.xx.fbcdn.net\/v\/t39.30808-1\/270437624_4564083193639691_6907940295614233970_n.jpg?stp=dst-jpg_s200x200_tt6&amp;_nc_cat=111&amp;ccb=1-7&amp;_nc_sid=f907e8&amp;_nc_ohc=SM1wRlP3lJwQ7kNvwEPuBYA&amp;_nc_oc=AdnqrjDN_BNjSSHWO-GbkIWH6fkGMLw4bqvL_NH6e2wMveX7G-rP2dAqsDSq1mJMOaY&amp;_nc_zt=24&amp;_nc_ht=scontent-gig4-1.xx&amp;_nc_gid=AoBFJeGrT1hVaew_6rchkQ&amp;oh=00_AfX7QmFGhQhG2jAllVgXCiM1ZrWgvtp80-Bfppyexh1QEg&amp;oe=689E923C\" \/>\n\t\t<script type=\"application\/ld+json\" class=\"aioseo-schema\">\n\t\t\t{\"@context\":\"https:\\\/\\\/schema.org\",\"@graph\":[{\"@type\":\"BlogPosting\",\"@id\":\"https:\\\/\\\/anoticiaonline.com.br\\\/site\\\/nova-diretoria-da-36a-subsecao-da-oab-e-empossada-para-mandato-de-tres-anos\\\/#blogposting\",\"name\":\"Nova diretoria da 36\\u00aa Subse\\u00e7\\u00e3o da OAB \\u00e9 empossada para mandato de tr\\u00eas anos - A Not\\u00edcia Online\",\"headline\":\"Nova diretoria da 36\\u00aa Subse\\u00e7\\u00e3o da OAB \\u00e9 empossada para mandato de tr\\u00eas anos\",\"author\":{\"@id\":\"https:\\\/\\\/anoticiaonline.com.br\\\/site\\\/author\\\/juliana\\\/#author\"},\"publisher\":{\"@id\":\"https:\\\/\\\/anoticiaonline.com.br\\\/site\\\/#organization\"},\"image\":{\"@type\":\"ImageObject\",\"url\":\"https:\\\/\\\/anoticiaonline.com.br\\\/site\\\/wp-content\\\/uploads\\\/2019\\\/02\\\/DSC_0536-1.jpg\",\"width\":1000,\"height\":350},\"datePublished\":\"2019-02-28T19:36:32-03:00\",\"dateModified\":\"2019-02-28T20:11:36-03:00\",\"inLanguage\":\"pt-BR\",\"mainEntityOfPage\":{\"@id\":\"https:\\\/\\\/anoticiaonline.com.br\\\/site\\\/nova-diretoria-da-36a-subsecao-da-oab-e-empossada-para-mandato-de-tres-anos\\\/#webpage\"},\"isPartOf\":{\"@id\":\"https:\\\/\\\/anoticiaonline.com.br\\\/site\\\/nova-diretoria-da-36a-subsecao-da-oab-e-empossada-para-mandato-de-tres-anos\\\/#webpage\"},\"articleSection\":\"Blog, Muria\\u00e9, oab\"},{\"@type\":\"BreadcrumbList\",\"@id\":\"https:\\\/\\\/anoticiaonline.com.br\\\/site\\\/nova-diretoria-da-36a-subsecao-da-oab-e-empossada-para-mandato-de-tres-anos\\\/#breadcrumblist\",\"itemListElement\":[{\"@type\":\"ListItem\",\"@id\":\"https:\\\/\\\/anoticiaonline.com.br\\\/site#listItem\",\"position\":1,\"name\":\"Home\",\"item\":\"https:\\\/\\\/anoticiaonline.com.br\\\/site\",\"nextItem\":{\"@type\":\"ListItem\",\"@id\":\"https:\\\/\\\/anoticiaonline.com.br\\\/site\\\/categoria\\\/muriae\\\/#listItem\",\"name\":\"Blog\"}},{\"@type\":\"ListItem\",\"@id\":\"https:\\\/\\\/anoticiaonline.com.br\\\/site\\\/categoria\\\/muriae\\\/#listItem\",\"position\":2,\"name\":\"Blog\",\"item\":\"https:\\\/\\\/anoticiaonline.com.br\\\/site\\\/categoria\\\/muriae\\\/\",\"nextItem\":{\"@type\":\"ListItem\",\"@id\":\"https:\\\/\\\/anoticiaonline.com.br\\\/site\\\/nova-diretoria-da-36a-subsecao-da-oab-e-empossada-para-mandato-de-tres-anos\\\/#listItem\",\"name\":\"Nova diretoria da 36\\u00aa Subse\\u00e7\\u00e3o da OAB \\u00e9 empossada para mandato de tr\\u00eas anos\"},\"previousItem\":{\"@type\":\"ListItem\",\"@id\":\"https:\\\/\\\/anoticiaonline.com.br\\\/site#listItem\",\"name\":\"Home\"}},{\"@type\":\"ListItem\",\"@id\":\"https:\\\/\\\/anoticiaonline.com.br\\\/site\\\/nova-diretoria-da-36a-subsecao-da-oab-e-empossada-para-mandato-de-tres-anos\\\/#listItem\",\"position\":3,\"name\":\"Nova diretoria da 36\\u00aa Subse\\u00e7\\u00e3o da OAB \\u00e9 empossada para mandato de tr\\u00eas anos\",\"previousItem\":{\"@type\":\"ListItem\",\"@id\":\"https:\\\/\\\/anoticiaonline.com.br\\\/site\\\/categoria\\\/muriae\\\/#listItem\",\"name\":\"Blog\"}}]},{\"@type\":\"Organization\",\"@id\":\"https:\\\/\\\/anoticiaonline.com.br\\\/site\\\/#organization\",\"name\":\"A Not\\u00edcia Online\",\"description\":\"Noticias de Muria\\u00e9 e regi\\u00e3o\",\"url\":\"https:\\\/\\\/anoticiaonline.com.br\\\/site\\\/\",\"logo\":{\"@type\":\"ImageObject\",\"url\":\"https:\\\/\\\/scontent-gig4-1.xx.fbcdn.net\\\/v\\\/t39.30808-1\\\/270437624_4564083193639691_6907940295614233970_n.jpg?stp=dst-jpg_s200x200_tt6&_nc_cat=111&ccb=1-7&_nc_sid=f907e8&_nc_ohc=SM1wRlP3lJwQ7kNvwEPuBYA&_nc_oc=AdnqrjDN_BNjSSHWO-GbkIWH6fkGMLw4bqvL_NH6e2wMveX7G-rP2dAqsDSq1mJMOaY&_nc_zt=24&_nc_ht=scontent-gig4-1.xx&_nc_gid=AoBFJeGrT1hVaew_6rchkQ&oh=00_AfX7QmFGhQhG2jAllVgXCiM1ZrWgvtp80-Bfppyexh1QEg&oe=689E923C\",\"@id\":\"https:\\\/\\\/anoticiaonline.com.br\\\/site\\\/nova-diretoria-da-36a-subsecao-da-oab-e-empossada-para-mandato-de-tres-anos\\\/#organizationLogo\"},\"image\":{\"@id\":\"https:\\\/\\\/anoticiaonline.com.br\\\/site\\\/nova-diretoria-da-36a-subsecao-da-oab-e-empossada-para-mandato-de-tres-anos\\\/#organizationLogo\"}},{\"@type\":\"Person\",\"@id\":\"https:\\\/\\\/anoticiaonline.com.br\\\/site\\\/author\\\/juliana\\\/#author\",\"url\":\"https:\\\/\\\/anoticiaonline.com.br\\\/site\\\/author\\\/juliana\\\/\",\"name\":\"Juliana Laviola\",\"image\":{\"@type\":\"ImageObject\",\"@id\":\"https:\\\/\\\/anoticiaonline.com.br\\\/site\\\/nova-diretoria-da-36a-subsecao-da-oab-e-empossada-para-mandato-de-tres-anos\\\/#authorImage\",\"url\":\"https:\\\/\\\/secure.gravatar.com\\\/avatar\\\/b8d45f5c699b100dfaf0e543582f38f38bf94cb7ae3a5e9abf8d891a34773335?s=96&d=mm&r=g\",\"width\":96,\"height\":96,\"caption\":\"Juliana Laviola\"}},{\"@type\":\"WebPage\",\"@id\":\"https:\\\/\\\/anoticiaonline.com.br\\\/site\\\/nova-diretoria-da-36a-subsecao-da-oab-e-empossada-para-mandato-de-tres-anos\\\/#webpage\",\"url\":\"https:\\\/\\\/anoticiaonline.com.br\\\/site\\\/nova-diretoria-da-36a-subsecao-da-oab-e-empossada-para-mandato-de-tres-anos\\\/\",\"name\":\"Nova diretoria da 36\\u00aa Subse\\u00e7\\u00e3o da OAB \\u00e9 empossada para mandato de tr\\u00eas anos - A Not\\u00edcia Online\",\"description\":\"A nova diretoria da 36\\u00aa Subse\\u00e7\\u00e3o da Ordem dos Advogados do Brasil foi empossada para o tri\\u00eanio 2019-2021, na noite de quarta-feira (27). A chapa \\u201cOAB Renova\\u00e7\\u00e3o, Trabalho e Experi\\u00eancia\\u201d, encabe\\u00e7ada pelo presidente Dr. Cristiano Chaves Rodrigues, havia sido eleita em novembro de 2018, com expressiva vota\\u00e7\\u00e3o. A cerim\\u00f4nia de posse aconteceu no F\\u00f3rum Tabeli\\u00e3o\",\"inLanguage\":\"pt-BR\",\"isPartOf\":{\"@id\":\"https:\\\/\\\/anoticiaonline.com.br\\\/site\\\/#website\"},\"breadcrumb\":{\"@id\":\"https:\\\/\\\/anoticiaonline.com.br\\\/site\\\/nova-diretoria-da-36a-subsecao-da-oab-e-empossada-para-mandato-de-tres-anos\\\/#breadcrumblist\"},\"author\":{\"@id\":\"https:\\\/\\\/anoticiaonline.com.br\\\/site\\\/author\\\/juliana\\\/#author\"},\"creator\":{\"@id\":\"https:\\\/\\\/anoticiaonline.com.br\\\/site\\\/author\\\/juliana\\\/#author\"},\"image\":{\"@type\":\"ImageObject\",\"url\":\"https:\\\/\\\/anoticiaonline.com.br\\\/site\\\/wp-content\\\/uploads\\\/2019\\\/02\\\/DSC_0536-1.jpg\",\"@id\":\"https:\\\/\\\/anoticiaonline.com.br\\\/site\\\/nova-diretoria-da-36a-subsecao-da-oab-e-empossada-para-mandato-de-tres-anos\\\/#mainImage\",\"width\":1000,\"height\":350},\"primaryImageOfPage\":{\"@id\":\"https:\\\/\\\/anoticiaonline.com.br\\\/site\\\/nova-diretoria-da-36a-subsecao-da-oab-e-empossada-para-mandato-de-tres-anos\\\/#mainImage\"},\"datePublished\":\"2019-02-28T19:36:32-03:00\",\"dateModified\":\"2019-02-28T20:11:36-03:00\"},{\"@type\":\"WebSite\",\"@id\":\"https:\\\/\\\/anoticiaonline.com.br\\\/site\\\/#website\",\"url\":\"https:\\\/\\\/anoticiaonline.com.br\\\/site\\\/\",\"name\":\"A Not\\u00edcia Online\",\"description\":\"Noticias de Muria\\u00e9 e regi\\u00e3o\",\"inLanguage\":\"pt-BR\",\"publisher\":{\"@id\":\"https:\\\/\\\/anoticiaonline.com.br\\\/site\\\/#organization\"}}]}\n\t\t<\/script>\n\t\t<!-- All in One SEO -->\n\n","aioseo_head_json":{"title":"Nova diretoria da 36\u00aa Subse\u00e7\u00e3o da OAB \u00e9 empossada para mandato de tr\u00eas anos - A Not\u00edcia Online","description":"A nova diretoria da 36\u00aa Subse\u00e7\u00e3o da Ordem dos Advogados do Brasil foi empossada para o tri\u00eanio 2019-2021, na noite de quarta-feira (27). A chapa \u201cOAB Renova\u00e7\u00e3o, Trabalho e Experi\u00eancia\u201d, encabe\u00e7ada pelo presidente Dr. Cristiano Chaves Rodrigues, havia sido eleita em novembro de 2018, com expressiva vota\u00e7\u00e3o. A cerim\u00f4nia de posse aconteceu no F\u00f3rum Tabeli\u00e3o","canonical_url":"https:\/\/anoticiaonline.com.br\/site\/nova-diretoria-da-36a-subsecao-da-oab-e-empossada-para-mandato-de-tres-anos\/","robots":"max-image-preview:large","keywords":"","webmasterTools":{"miscellaneous":""},"schema":{"@context":"https:\/\/schema.org","@graph":[{"@type":"BlogPosting","@id":"https:\/\/anoticiaonline.com.br\/site\/nova-diretoria-da-36a-subsecao-da-oab-e-empossada-para-mandato-de-tres-anos\/#blogposting","name":"Nova diretoria da 36\u00aa Subse\u00e7\u00e3o da OAB \u00e9 empossada para mandato de tr\u00eas anos - A Not\u00edcia Online","headline":"Nova diretoria da 36\u00aa Subse\u00e7\u00e3o da OAB \u00e9 empossada para mandato de tr\u00eas anos","author":{"@id":"https:\/\/anoticiaonline.com.br\/site\/author\/juliana\/#author"},"publisher":{"@id":"https:\/\/anoticiaonline.com.br\/site\/#organization"},"image":{"@type":"ImageObject","url":"https:\/\/anoticiaonline.com.br\/site\/wp-content\/uploads\/2019\/02\/DSC_0536-1.jpg","width":1000,"height":350},"datePublished":"2019-02-28T19:36:32-03:00","dateModified":"2019-02-28T20:11:36-03:00","inLanguage":"pt-BR","mainEntityOfPage":{"@id":"https:\/\/anoticiaonline.com.br\/site\/nova-diretoria-da-36a-subsecao-da-oab-e-empossada-para-mandato-de-tres-anos\/#webpage"},"isPartOf":{"@id":"https:\/\/anoticiaonline.com.br\/site\/nova-diretoria-da-36a-subsecao-da-oab-e-empossada-para-mandato-de-tres-anos\/#webpage"},"articleSection":"Blog, Muria\u00e9, oab"},{"@type":"BreadcrumbList","@id":"https:\/\/anoticiaonline.com.br\/site\/nova-diretoria-da-36a-subsecao-da-oab-e-empossada-para-mandato-de-tres-anos\/#breadcrumblist","itemListElement":[{"@type":"ListItem","@id":"https:\/\/anoticiaonline.com.br\/site#listItem","position":1,"name":"Home","item":"https:\/\/anoticiaonline.com.br\/site","nextItem":{"@type":"ListItem","@id":"https:\/\/anoticiaonline.com.br\/site\/categoria\/muriae\/#listItem","name":"Blog"}},{"@type":"ListItem","@id":"https:\/\/anoticiaonline.com.br\/site\/categoria\/muriae\/#listItem","position":2,"name":"Blog","item":"https:\/\/anoticiaonline.com.br\/site\/categoria\/muriae\/","nextItem":{"@type":"ListItem","@id":"https:\/\/anoticiaonline.com.br\/site\/nova-diretoria-da-36a-subsecao-da-oab-e-empossada-para-mandato-de-tres-anos\/#listItem","name":"Nova diretoria da 36\u00aa Subse\u00e7\u00e3o da OAB \u00e9 empossada para mandato de tr\u00eas anos"},"previousItem":{"@type":"ListItem","@id":"https:\/\/anoticiaonline.com.br\/site#listItem","name":"Home"}},{"@type":"ListItem","@id":"https:\/\/anoticiaonline.com.br\/site\/nova-diretoria-da-36a-subsecao-da-oab-e-empossada-para-mandato-de-tres-anos\/#listItem","position":3,"name":"Nova diretoria da 36\u00aa Subse\u00e7\u00e3o da OAB \u00e9 empossada para mandato de tr\u00eas anos","previousItem":{"@type":"ListItem","@id":"https:\/\/anoticiaonline.com.br\/site\/categoria\/muriae\/#listItem","name":"Blog"}}]},{"@type":"Organization","@id":"https:\/\/anoticiaonline.com.br\/site\/#organization","name":"A Not\u00edcia Online","description":"Noticias de Muria\u00e9 e regi\u00e3o","url":"https:\/\/anoticiaonline.com.br\/site\/","logo":{"@type":"ImageObject","url":"https:\/\/scontent-gig4-1.xx.fbcdn.net\/v\/t39.30808-1\/270437624_4564083193639691_6907940295614233970_n.jpg?stp=dst-jpg_s200x200_tt6&_nc_cat=111&ccb=1-7&_nc_sid=f907e8&_nc_ohc=SM1wRlP3lJwQ7kNvwEPuBYA&_nc_oc=AdnqrjDN_BNjSSHWO-GbkIWH6fkGMLw4bqvL_NH6e2wMveX7G-rP2dAqsDSq1mJMOaY&_nc_zt=24&_nc_ht=scontent-gig4-1.xx&_nc_gid=AoBFJeGrT1hVaew_6rchkQ&oh=00_AfX7QmFGhQhG2jAllVgXCiM1ZrWgvtp80-Bfppyexh1QEg&oe=689E923C","@id":"https:\/\/anoticiaonline.com.br\/site\/nova-diretoria-da-36a-subsecao-da-oab-e-empossada-para-mandato-de-tres-anos\/#organizationLogo"},"image":{"@id":"https:\/\/anoticiaonline.com.br\/site\/nova-diretoria-da-36a-subsecao-da-oab-e-empossada-para-mandato-de-tres-anos\/#organizationLogo"}},{"@type":"Person","@id":"https:\/\/anoticiaonline.com.br\/site\/author\/juliana\/#author","url":"https:\/\/anoticiaonline.com.br\/site\/author\/juliana\/","name":"Juliana Laviola","image":{"@type":"ImageObject","@id":"https:\/\/anoticiaonline.com.br\/site\/nova-diretoria-da-36a-subsecao-da-oab-e-empossada-para-mandato-de-tres-anos\/#authorImage","url":"https:\/\/secure.gravatar.com\/avatar\/b8d45f5c699b100dfaf0e543582f38f38bf94cb7ae3a5e9abf8d891a34773335?s=96&d=mm&r=g","width":96,"height":96,"caption":"Juliana Laviola"}},{"@type":"WebPage","@id":"https:\/\/anoticiaonline.com.br\/site\/nova-diretoria-da-36a-subsecao-da-oab-e-empossada-para-mandato-de-tres-anos\/#webpage","url":"https:\/\/anoticiaonline.com.br\/site\/nova-diretoria-da-36a-subsecao-da-oab-e-empossada-para-mandato-de-tres-anos\/","name":"Nova diretoria da 36\u00aa Subse\u00e7\u00e3o da OAB \u00e9 empossada para mandato de tr\u00eas anos - A Not\u00edcia Online","description":"A nova diretoria da 36\u00aa Subse\u00e7\u00e3o da Ordem dos Advogados do Brasil foi empossada para o tri\u00eanio 2019-2021, na noite de quarta-feira (27). A chapa \u201cOAB Renova\u00e7\u00e3o, Trabalho e Experi\u00eancia\u201d, encabe\u00e7ada pelo presidente Dr. Cristiano Chaves Rodrigues, havia sido eleita em novembro de 2018, com expressiva vota\u00e7\u00e3o. A cerim\u00f4nia de posse aconteceu no F\u00f3rum Tabeli\u00e3o","inLanguage":"pt-BR","isPartOf":{"@id":"https:\/\/anoticiaonline.com.br\/site\/#website"},"breadcrumb":{"@id":"https:\/\/anoticiaonline.com.br\/site\/nova-diretoria-da-36a-subsecao-da-oab-e-empossada-para-mandato-de-tres-anos\/#breadcrumblist"},"author":{"@id":"https:\/\/anoticiaonline.com.br\/site\/author\/juliana\/#author"},"creator":{"@id":"https:\/\/anoticiaonline.com.br\/site\/author\/juliana\/#author"},"image":{"@type":"ImageObject","url":"https:\/\/anoticiaonline.com.br\/site\/wp-content\/uploads\/2019\/02\/DSC_0536-1.jpg","@id":"https:\/\/anoticiaonline.com.br\/site\/nova-diretoria-da-36a-subsecao-da-oab-e-empossada-para-mandato-de-tres-anos\/#mainImage","width":1000,"height":350},"primaryImageOfPage":{"@id":"https:\/\/anoticiaonline.com.br\/site\/nova-diretoria-da-36a-subsecao-da-oab-e-empossada-para-mandato-de-tres-anos\/#mainImage"},"datePublished":"2019-02-28T19:36:32-03:00","dateModified":"2019-02-28T20:11:36-03:00"},{"@type":"WebSite","@id":"https:\/\/anoticiaonline.com.br\/site\/#website","url":"https:\/\/anoticiaonline.com.br\/site\/","name":"A Not\u00edcia Online","description":"Noticias de Muria\u00e9 e regi\u00e3o","inLanguage":"pt-BR","publisher":{"@id":"https:\/\/anoticiaonline.com.br\/site\/#organization"}}]},"og:locale":"pt_BR","og:site_name":"A Not\u00edcia Online - Noticias de Muria\u00e9 e regi\u00e3o","og:type":"article","og:title":"Nova diretoria da 36\u00aa Subse\u00e7\u00e3o da OAB \u00e9 empossada para mandato de tr\u00eas anos - A Not\u00edcia Online","og:description":"A nova diretoria da 36\u00aa Subse\u00e7\u00e3o da Ordem dos Advogados do Brasil foi empossada para o tri\u00eanio 2019-2021, na noite de quarta-feira (27). A chapa \u201cOAB Renova\u00e7\u00e3o, Trabalho e Experi\u00eancia\u201d, encabe\u00e7ada pelo presidente Dr. Cristiano Chaves Rodrigues, havia sido eleita em novembro de 2018, com expressiva vota\u00e7\u00e3o. A cerim\u00f4nia de posse aconteceu no F\u00f3rum Tabeli\u00e3o","og:url":"https:\/\/anoticiaonline.com.br\/site\/nova-diretoria-da-36a-subsecao-da-oab-e-empossada-para-mandato-de-tres-anos\/","og:image":"https:\/\/scontent-gig4-1.xx.fbcdn.net\/v\/t39.30808-1\/270437624_4564083193639691_6907940295614233970_n.jpg?stp=dst-jpg_s200x200_tt6&#038;_nc_cat=111&#038;ccb=1-7&#038;_nc_sid=f907e8&#038;_nc_ohc=SM1wRlP3lJwQ7kNvwEPuBYA&#038;_nc_oc=AdnqrjDN_BNjSSHWO-GbkIWH6fkGMLw4bqvL_NH6e2wMveX7G-rP2dAqsDSq1mJMOaY&#038;_nc_zt=24&#038;_nc_ht=scontent-gig4-1.xx&#038;_nc_gid=AoBFJeGrT1hVaew_6rchkQ&#038;oh=00_AfX7QmFGhQhG2jAllVgXCiM1ZrWgvtp80-Bfppyexh1QEg&#038;oe=689E923C","og:image:secure_url":"https:\/\/scontent-gig4-1.xx.fbcdn.net\/v\/t39.30808-1\/270437624_4564083193639691_6907940295614233970_n.jpg?stp=dst-jpg_s200x200_tt6&#038;_nc_cat=111&#038;ccb=1-7&#038;_nc_sid=f907e8&#038;_nc_ohc=SM1wRlP3lJwQ7kNvwEPuBYA&#038;_nc_oc=AdnqrjDN_BNjSSHWO-GbkIWH6fkGMLw4bqvL_NH6e2wMveX7G-rP2dAqsDSq1mJMOaY&#038;_nc_zt=24&#038;_nc_ht=scontent-gig4-1.xx&#038;_nc_gid=AoBFJeGrT1hVaew_6rchkQ&#038;oh=00_AfX7QmFGhQhG2jAllVgXCiM1ZrWgvtp80-Bfppyexh1QEg&#038;oe=689E923C","article:published_time":"2019-02-28T22:36:32+00:00","article:modified_time":"2019-02-28T23:11:36+00:00","twitter:card":"summary_large_image","twitter:title":"Nova diretoria da 36\u00aa Subse\u00e7\u00e3o da OAB \u00e9 empossada para mandato de tr\u00eas anos - A Not\u00edcia Online","twitter:description":"A nova diretoria da 36\u00aa Subse\u00e7\u00e3o da Ordem dos Advogados do Brasil foi empossada para o tri\u00eanio 2019-2021, na noite de quarta-feira (27). A chapa \u201cOAB Renova\u00e7\u00e3o, Trabalho e Experi\u00eancia\u201d, encabe\u00e7ada pelo presidente Dr. Cristiano Chaves Rodrigues, havia sido eleita em novembro de 2018, com expressiva vota\u00e7\u00e3o. A cerim\u00f4nia de posse aconteceu no F\u00f3rum Tabeli\u00e3o","twitter:image":"https:\/\/scontent-gig4-1.xx.fbcdn.net\/v\/t39.30808-1\/270437624_4564083193639691_6907940295614233970_n.jpg?stp=dst-jpg_s200x200_tt6&_nc_cat=111&ccb=1-7&_nc_sid=f907e8&_nc_ohc=SM1wRlP3lJwQ7kNvwEPuBYA&_nc_oc=AdnqrjDN_BNjSSHWO-GbkIWH6fkGMLw4bqvL_NH6e2wMveX7G-rP2dAqsDSq1mJMOaY&_nc_zt=24&_nc_ht=scontent-gig4-1.xx&_nc_gid=AoBFJeGrT1hVaew_6rchkQ&oh=00_AfX7QmFGhQhG2jAllVgXCiM1ZrWgvtp80-Bfppyexh1QEg&oe=689E923C"},"aioseo_meta_data":{"post_id":"67537","title":null,"description":null,"keywords":null,"keyphrases":null,"primary_term":null,"canonical_url":null,"og_title":null,"og_description":null,"og_object_type":"default","og_image_type":"default","og_image_url":null,"og_image_width":null,"og_image_height":null,"og_image_custom_url":null,"og_image_custom_fields":null,"og_video":null,"og_custom_url":null,"og_article_section":null,"og_article_tags":null,"twitter_use_og":false,"twitter_card":"default","twitter_image_type":"default","twitter_image_url":null,"twitter_image_custom_url":null,"twitter_image_custom_fields":null,"twitter_title":null,"twitter_description":null,"schema":{"blockGraphs":[],"customGraphs":[],"default":{"data":{"Article":[],"Course":[],"Dataset":[],"FAQPage":[],"Movie":[],"Person":[],"Product":[],"ProductReview":[],"Car":[],"Recipe":[],"Service":[],"SoftwareApplication":[],"WebPage":[]},"graphName":"","isEnabled":true},"graphs":[]},"schema_type":"default","schema_type_options":null,"pillar_content":false,"robots_default":true,"robots_noindex":false,"robots_noarchive":false,"robots_nosnippet":false,"robots_nofollow":false,"robots_noimageindex":false,"robots_noodp":false,"robots_notranslate":false,"robots_max_snippet":null,"robots_max_videopreview":null,"robots_max_imagepreview":"large","priority":null,"frequency":null,"local_seo":null,"breadcrumb_settings":null,"limit_modified_date":false,"ai":null,"created":"2025-08-16 22:52:35","updated":"2025-08-16 22:52:35","focus_keyword":null,"additional_keywords":null,"truseo_locale":null,"seo_analyzer_scan_date":null},"aioseo_breadcrumb":"<div class=\"aioseo-breadcrumbs\"><span class=\"aioseo-breadcrumb\">\n\t\t\t<a href=\"https:\/\/anoticiaonline.com.br\/site\" title=\"Home\">Home<\/a>\n\t\t<\/span><span class=\"aioseo-breadcrumb-separator\">&raquo;<\/span><span class=\"aioseo-breadcrumb\">\n\t\t\t<a href=\"https:\/\/anoticiaonline.com.br\/site\/categoria\/muriae\/\" title=\"Blog\">Blog<\/a>\n\t\t<\/span><span class=\"aioseo-breadcrumb-separator\">&raquo;<\/span><span class=\"aioseo-breadcrumb\">\n\t\t\tNova diretoria da 36\u00aa Subse\u00e7\u00e3o da OAB \u00e9 empossada para mandato de tr\u00eas anos\n\t\t<\/span><\/div>","aioseo_breadcrumb_json":[{"label":"Home","link":"https:\/\/anoticiaonline.com.br\/site"},{"label":"Blog","link":"https:\/\/anoticiaonline.com.br\/site\/categoria\/muriae\/"},{"label":"Nova diretoria da 36\u00aa Subse\u00e7\u00e3o da OAB \u00e9 empossada para mandato de tr\u00eas anos","link":"https:\/\/anoticiaonline.com.br\/site\/nova-diretoria-da-36a-subsecao-da-oab-e-empossada-para-mandato-de-tres-anos\/"}],"views":137,"_links":{"self":[{"href":"https:\/\/anoticiaonline.com.br\/site\/wp-json\/wp\/v2\/posts\/67537","targetHints":{"allow":["GET"]}}],"collection":[{"href":"https:\/\/anoticiaonline.com.br\/site\/wp-json\/wp\/v2\/posts"}],"about":[{"href":"https:\/\/anoticiaonline.com.br\/site\/wp-json\/wp\/v2\/types\/post"}],"author":[{"embeddable":true,"href":"https:\/\/anoticiaonline.com.br\/site\/wp-json\/wp\/v2\/users\/2"}],"replies":[{"embeddable":true,"href":"https:\/\/anoticiaonline.com.br\/site\/wp-json\/wp\/v2\/comments?post=67537"}],"version-history":[{"count":0,"href":"https:\/\/anoticiaonline.com.br\/site\/wp-json\/wp\/v2\/posts\/67537\/revisions"}],"wp:featuredmedia":[{"embeddable":true,"href":"https:\/\/anoticiaonline.com.br\/site\/wp-json\/wp\/v2\/media\/67558"}],"wp:attachment":[{"href":"https:\/\/anoticiaonline.com.br\/site\/wp-json\/wp\/v2\/media?parent=67537"}],"wp:term":[{"taxonomy":"category","embeddable":true,"href":"https:\/\/anoticiaonline.com.br\/site\/wp-json\/wp\/v2\/categories?post=67537"},{"taxonomy":"post_tag","embeddable":true,"href":"https:\/\/anoticiaonline.com.br\/site\/wp-json\/wp\/v2\/tags?post=67537"}],"curies":[{"name":"wp","href":"https:\/\/api.w.org\/{rel}","templated":true}]}}