{"id":67397,"date":"2019-02-22T10:30:23","date_gmt":"2019-02-22T13:30:23","guid":{"rendered":"http:\/\/anoticiaonline.com.br\/site\/?p=67397"},"modified":"2019-02-21T22:09:39","modified_gmt":"2019-02-22T01:09:39","slug":"bloco-manguaca-agita-o-pre-carnaval-muriaeense-com-a-bateria-da-mangueira","status":"publish","type":"post","link":"https:\/\/anoticiaonline.com.br\/site\/bloco-manguaca-agita-o-pre-carnaval-muriaeense-com-a-bateria-da-mangueira\/","title":{"rendered":"Bloco Mangua\u00e7a agita o pr\u00e9-carnaval muriaeense com a Bateria da Mangueira"},"content":{"rendered":"<p><a href=\"https:\/\/anoticiaonline.com.br\/site\/wp-content\/uploads\/2019\/02\/DSC_0740.jpg\"><img fetchpriority=\"high\" decoding=\"async\" class=\"aligncenter size-full wp-image-67401\" src=\"https:\/\/anoticiaonline.com.br\/site\/wp-content\/uploads\/2019\/02\/DSC_0740.jpg\" alt=\"\" width=\"800\" height=\"533\" srcset=\"https:\/\/anoticiaonline.com.br\/site\/wp-content\/uploads\/2019\/02\/DSC_0740.jpg 800w, https:\/\/anoticiaonline.com.br\/site\/wp-content\/uploads\/2019\/02\/DSC_0740-300x200.jpg 300w, https:\/\/anoticiaonline.com.br\/site\/wp-content\/uploads\/2019\/02\/DSC_0740-768x512.jpg 768w\" sizes=\"(max-width: 800px) 100vw, 800px\" \/><\/a><\/p>\n<p>O tradicional Bloco Mangua\u00e7a agitou centenas de foli\u00f5es na Pra\u00e7a Coronel Pacheco de Medeiros, no s\u00e1bado (16). Completando 5 anos em 2019, o bloco infelizmente n\u00e3o p\u00f4de desfilar, mas a alegria e a empolga\u00e7\u00e3o foram as mesmas durante a festa, que aconteceu em frente ao restaurante Deck.<!--more--><\/p>\n<p>O agito come\u00e7ou com a apresenta\u00e7\u00e3o da Mangua\u00e7a Bateria Show e seguiu com os sucessos de Yan Pyerre. A festa continuou com o n\u00famero do cantor PC (ex-Zona Sul) e com Cleiton DJ agitando a pista.<\/p>\n<p>Mas a grande atra\u00e7\u00e3o da noite foi uma presen\u00e7a in\u00e9dita em Muria\u00e9. A Bateria da Mangueira, escola multicampe\u00e3 do Carnaval carioca, n\u00e3o deixou ningu\u00e9m parado. O p\u00fablico cantou e dan\u00e7ou grandes sucessos do samba, entrando de vez no clima do carnaval.<\/p>\n<div id='gallery-1' class='gallery galleryid-67397 gallery-columns-1 gallery-size-full'><figure class='gallery-item'>\n\t\t\t<div class='gallery-icon landscape'>\n\t\t\t\t<a href='https:\/\/anoticiaonline.com.br\/site\/wp-content\/uploads\/2019\/02\/Alvaro-Reni-D\u00e9bora-Marco-Ant\u00f4nio-Fab\u00edola-Dani-L\u00e9o-e-Bruno.jpg'><img decoding=\"async\" width=\"800\" height=\"535\" src=\"https:\/\/anoticiaonline.com.br\/site\/wp-content\/uploads\/2019\/02\/Alvaro-Reni-D\u00e9bora-Marco-Ant\u00f4nio-Fab\u00edola-Dani-L\u00e9o-e-Bruno.jpg\" class=\"attachment-full size-full\" alt=\"\" srcset=\"https:\/\/anoticiaonline.com.br\/site\/wp-content\/uploads\/2019\/02\/Alvaro-Reni-D\u00e9bora-Marco-Ant\u00f4nio-Fab\u00edola-Dani-L\u00e9o-e-Bruno.jpg 800w, https:\/\/anoticiaonline.com.br\/site\/wp-content\/uploads\/2019\/02\/Alvaro-Reni-D\u00e9bora-Marco-Ant\u00f4nio-Fab\u00edola-Dani-L\u00e9o-e-Bruno-300x200.jpg 300w, https:\/\/anoticiaonline.com.br\/site\/wp-content\/uploads\/2019\/02\/Alvaro-Reni-D\u00e9bora-Marco-Ant\u00f4nio-Fab\u00edola-Dani-L\u00e9o-e-Bruno-768x514.jpg 768w\" sizes=\"(max-width: 800px) 100vw, 800px\" \/><\/a>\n\t\t\t<\/div><\/figure><figure class='gallery-item'>\n\t\t\t<div class='gallery-icon landscape'>\n\t\t\t\t<a href='https:\/\/anoticiaonline.com.br\/site\/wp-content\/uploads\/2019\/02\/Assis-Cl\u00e1udia-N\u00e9lia-Oneida-e-Rocha.jpg'><img decoding=\"async\" width=\"800\" height=\"533\" src=\"https:\/\/anoticiaonline.com.br\/site\/wp-content\/uploads\/2019\/02\/Assis-Cl\u00e1udia-N\u00e9lia-Oneida-e-Rocha.jpg\" class=\"attachment-full size-full\" alt=\"\" srcset=\"https:\/\/anoticiaonline.com.br\/site\/wp-content\/uploads\/2019\/02\/Assis-Cl\u00e1udia-N\u00e9lia-Oneida-e-Rocha.jpg 800w, https:\/\/anoticiaonline.com.br\/site\/wp-content\/uploads\/2019\/02\/Assis-Cl\u00e1udia-N\u00e9lia-Oneida-e-Rocha-300x200.jpg 300w, https:\/\/anoticiaonline.com.br\/site\/wp-content\/uploads\/2019\/02\/Assis-Cl\u00e1udia-N\u00e9lia-Oneida-e-Rocha-768x512.jpg 768w\" sizes=\"(max-width: 800px) 100vw, 800px\" \/><\/a>\n\t\t\t<\/div><\/figure><figure class='gallery-item'>\n\t\t\t<div class='gallery-icon landscape'>\n\t\t\t\t<a href='https:\/\/anoticiaonline.com.br\/site\/wp-content\/uploads\/2019\/02\/Cristiane-e-Dr-Arthur-Bitencourt.jpg'><img loading=\"lazy\" decoding=\"async\" width=\"800\" height=\"471\" src=\"https:\/\/anoticiaonline.com.br\/site\/wp-content\/uploads\/2019\/02\/Cristiane-e-Dr-Arthur-Bitencourt.jpg\" class=\"attachment-full size-full\" alt=\"\" srcset=\"https:\/\/anoticiaonline.com.br\/site\/wp-content\/uploads\/2019\/02\/Cristiane-e-Dr-Arthur-Bitencourt.jpg 800w, https:\/\/anoticiaonline.com.br\/site\/wp-content\/uploads\/2019\/02\/Cristiane-e-Dr-Arthur-Bitencourt-300x177.jpg 300w, https:\/\/anoticiaonline.com.br\/site\/wp-content\/uploads\/2019\/02\/Cristiane-e-Dr-Arthur-Bitencourt-768x452.jpg 768w\" sizes=\"(max-width: 800px) 100vw, 800px\" \/><\/a>\n\t\t\t<\/div><\/figure><figure class='gallery-item'>\n\t\t\t<div class='gallery-icon landscape'>\n\t\t\t\t<a href='https:\/\/anoticiaonline.com.br\/site\/wp-content\/uploads\/2019\/02\/Danilo-Larissa-Vitor-e-Manoela.jpg'><img loading=\"lazy\" decoding=\"async\" width=\"800\" height=\"535\" src=\"https:\/\/anoticiaonline.com.br\/site\/wp-content\/uploads\/2019\/02\/Danilo-Larissa-Vitor-e-Manoela.jpg\" class=\"attachment-full size-full\" alt=\"\" srcset=\"https:\/\/anoticiaonline.com.br\/site\/wp-content\/uploads\/2019\/02\/Danilo-Larissa-Vitor-e-Manoela.jpg 800w, https:\/\/anoticiaonline.com.br\/site\/wp-content\/uploads\/2019\/02\/Danilo-Larissa-Vitor-e-Manoela-300x200.jpg 300w, https:\/\/anoticiaonline.com.br\/site\/wp-content\/uploads\/2019\/02\/Danilo-Larissa-Vitor-e-Manoela-768x514.jpg 768w\" sizes=\"(max-width: 800px) 100vw, 800px\" \/><\/a>\n\t\t\t<\/div><\/figure><figure class='gallery-item'>\n\t\t\t<div class='gallery-icon landscape'>\n\t\t\t\t<a href='https:\/\/anoticiaonline.com.br\/site\/wp-content\/uploads\/2019\/02\/Dr.-Jorge-Rodrigues-Helena-e-Neusa.jpg'><img loading=\"lazy\" decoding=\"async\" width=\"800\" height=\"538\" src=\"https:\/\/anoticiaonline.com.br\/site\/wp-content\/uploads\/2019\/02\/Dr.-Jorge-Rodrigues-Helena-e-Neusa.jpg\" class=\"attachment-full size-full\" alt=\"\" srcset=\"https:\/\/anoticiaonline.com.br\/site\/wp-content\/uploads\/2019\/02\/Dr.-Jorge-Rodrigues-Helena-e-Neusa.jpg 800w, https:\/\/anoticiaonline.com.br\/site\/wp-content\/uploads\/2019\/02\/Dr.-Jorge-Rodrigues-Helena-e-Neusa-300x202.jpg 300w, https:\/\/anoticiaonline.com.br\/site\/wp-content\/uploads\/2019\/02\/Dr.-Jorge-Rodrigues-Helena-e-Neusa-768x516.jpg 768w\" sizes=\"(max-width: 800px) 100vw, 800px\" \/><\/a>\n\t\t\t<\/div><\/figure><figure class='gallery-item'>\n\t\t\t<div class='gallery-icon landscape'>\n\t\t\t\t<a href='https:\/\/anoticiaonline.com.br\/site\/wp-content\/uploads\/2019\/02\/DSC_0357_707x471-2.jpg'><img loading=\"lazy\" decoding=\"async\" width=\"800\" height=\"533\" src=\"https:\/\/anoticiaonline.com.br\/site\/wp-content\/uploads\/2019\/02\/DSC_0357_707x471-2.jpg\" class=\"attachment-full size-full\" alt=\"\" srcset=\"https:\/\/anoticiaonline.com.br\/site\/wp-content\/uploads\/2019\/02\/DSC_0357_707x471-2.jpg 800w, https:\/\/anoticiaonline.com.br\/site\/wp-content\/uploads\/2019\/02\/DSC_0357_707x471-2-300x200.jpg 300w, https:\/\/anoticiaonline.com.br\/site\/wp-content\/uploads\/2019\/02\/DSC_0357_707x471-2-768x512.jpg 768w\" sizes=\"(max-width: 800px) 100vw, 800px\" \/><\/a>\n\t\t\t<\/div><\/figure><figure class='gallery-item'>\n\t\t\t<div class='gallery-icon landscape'>\n\t\t\t\t<a href='https:\/\/anoticiaonline.com.br\/site\/wp-content\/uploads\/2019\/02\/DSC_0379_707x471-2.jpg'><img loading=\"lazy\" decoding=\"async\" width=\"800\" height=\"533\" src=\"https:\/\/anoticiaonline.com.br\/site\/wp-content\/uploads\/2019\/02\/DSC_0379_707x471-2.jpg\" class=\"attachment-full size-full\" alt=\"\" srcset=\"https:\/\/anoticiaonline.com.br\/site\/wp-content\/uploads\/2019\/02\/DSC_0379_707x471-2.jpg 800w, https:\/\/anoticiaonline.com.br\/site\/wp-content\/uploads\/2019\/02\/DSC_0379_707x471-2-300x200.jpg 300w, https:\/\/anoticiaonline.com.br\/site\/wp-content\/uploads\/2019\/02\/DSC_0379_707x471-2-768x512.jpg 768w\" sizes=\"(max-width: 800px) 100vw, 800px\" \/><\/a>\n\t\t\t<\/div><\/figure><figure class='gallery-item'>\n\t\t\t<div class='gallery-icon landscape'>\n\t\t\t\t<a href='https:\/\/anoticiaonline.com.br\/site\/wp-content\/uploads\/2019\/02\/DSC_0828.jpg'><img loading=\"lazy\" decoding=\"async\" width=\"800\" height=\"535\" src=\"https:\/\/anoticiaonline.com.br\/site\/wp-content\/uploads\/2019\/02\/DSC_0828.jpg\" class=\"attachment-full size-full\" alt=\"\" srcset=\"https:\/\/anoticiaonline.com.br\/site\/wp-content\/uploads\/2019\/02\/DSC_0828.jpg 800w, https:\/\/anoticiaonline.com.br\/site\/wp-content\/uploads\/2019\/02\/DSC_0828-300x200.jpg 300w, https:\/\/anoticiaonline.com.br\/site\/wp-content\/uploads\/2019\/02\/DSC_0828-768x514.jpg 768w\" sizes=\"(max-width: 800px) 100vw, 800px\" \/><\/a>\n\t\t\t<\/div><\/figure><figure class='gallery-item'>\n\t\t\t<div class='gallery-icon landscape'>\n\t\t\t\t<a href='https:\/\/anoticiaonline.com.br\/site\/wp-content\/uploads\/2019\/02\/Fernando-Barbhara-Cotta-Fernando-Mariuzzu-e-Dra-Lara-Costa.jpg'><img loading=\"lazy\" decoding=\"async\" width=\"800\" height=\"534\" src=\"https:\/\/anoticiaonline.com.br\/site\/wp-content\/uploads\/2019\/02\/Fernando-Barbhara-Cotta-Fernando-Mariuzzu-e-Dra-Lara-Costa.jpg\" class=\"attachment-full size-full\" alt=\"\" srcset=\"https:\/\/anoticiaonline.com.br\/site\/wp-content\/uploads\/2019\/02\/Fernando-Barbhara-Cotta-Fernando-Mariuzzu-e-Dra-Lara-Costa.jpg 800w, https:\/\/anoticiaonline.com.br\/site\/wp-content\/uploads\/2019\/02\/Fernando-Barbhara-Cotta-Fernando-Mariuzzu-e-Dra-Lara-Costa-300x200.jpg 300w, https:\/\/anoticiaonline.com.br\/site\/wp-content\/uploads\/2019\/02\/Fernando-Barbhara-Cotta-Fernando-Mariuzzu-e-Dra-Lara-Costa-768x513.jpg 768w\" sizes=\"(max-width: 800px) 100vw, 800px\" \/><\/a>\n\t\t\t<\/div><\/figure><figure class='gallery-item'>\n\t\t\t<div class='gallery-icon landscape'>\n\t\t\t\t<a href='https:\/\/anoticiaonline.com.br\/site\/wp-content\/uploads\/2019\/02\/Francisco-L\u00edvia-Juliana-e-Fillippe.jpg'><img loading=\"lazy\" decoding=\"async\" width=\"800\" height=\"533\" src=\"https:\/\/anoticiaonline.com.br\/site\/wp-content\/uploads\/2019\/02\/Francisco-L\u00edvia-Juliana-e-Fillippe.jpg\" class=\"attachment-full size-full\" alt=\"\" srcset=\"https:\/\/anoticiaonline.com.br\/site\/wp-content\/uploads\/2019\/02\/Francisco-L\u00edvia-Juliana-e-Fillippe.jpg 800w, https:\/\/anoticiaonline.com.br\/site\/wp-content\/uploads\/2019\/02\/Francisco-L\u00edvia-Juliana-e-Fillippe-300x200.jpg 300w, https:\/\/anoticiaonline.com.br\/site\/wp-content\/uploads\/2019\/02\/Francisco-L\u00edvia-Juliana-e-Fillippe-768x512.jpg 768w\" sizes=\"(max-width: 800px) 100vw, 800px\" \/><\/a>\n\t\t\t<\/div><\/figure><figure class='gallery-item'>\n\t\t\t<div class='gallery-icon landscape'>\n\t\t\t\t<a href='https:\/\/anoticiaonline.com.br\/site\/wp-content\/uploads\/2019\/02\/Gicele-Valdemar-Eliane-e-Aristeo.jpg'><img loading=\"lazy\" decoding=\"async\" width=\"800\" height=\"534\" src=\"https:\/\/anoticiaonline.com.br\/site\/wp-content\/uploads\/2019\/02\/Gicele-Valdemar-Eliane-e-Aristeo.jpg\" class=\"attachment-full size-full\" alt=\"\" srcset=\"https:\/\/anoticiaonline.com.br\/site\/wp-content\/uploads\/2019\/02\/Gicele-Valdemar-Eliane-e-Aristeo.jpg 800w, https:\/\/anoticiaonline.com.br\/site\/wp-content\/uploads\/2019\/02\/Gicele-Valdemar-Eliane-e-Aristeo-300x200.jpg 300w, https:\/\/anoticiaonline.com.br\/site\/wp-content\/uploads\/2019\/02\/Gicele-Valdemar-Eliane-e-Aristeo-768x513.jpg 768w\" sizes=\"(max-width: 800px) 100vw, 800px\" \/><\/a>\n\t\t\t<\/div><\/figure><figure class='gallery-item'>\n\t\t\t<div class='gallery-icon landscape'>\n\t\t\t\t<a href='https:\/\/anoticiaonline.com.br\/site\/wp-content\/uploads\/2019\/02\/Leonardo-Ludimila-Etiana-e-Cadu.jpg'><img loading=\"lazy\" decoding=\"async\" width=\"800\" height=\"534\" src=\"https:\/\/anoticiaonline.com.br\/site\/wp-content\/uploads\/2019\/02\/Leonardo-Ludimila-Etiana-e-Cadu.jpg\" class=\"attachment-full size-full\" alt=\"\" srcset=\"https:\/\/anoticiaonline.com.br\/site\/wp-content\/uploads\/2019\/02\/Leonardo-Ludimila-Etiana-e-Cadu.jpg 800w, https:\/\/anoticiaonline.com.br\/site\/wp-content\/uploads\/2019\/02\/Leonardo-Ludimila-Etiana-e-Cadu-300x200.jpg 300w, https:\/\/anoticiaonline.com.br\/site\/wp-content\/uploads\/2019\/02\/Leonardo-Ludimila-Etiana-e-Cadu-768x513.jpg 768w\" sizes=\"(max-width: 800px) 100vw, 800px\" \/><\/a>\n\t\t\t<\/div><\/figure><figure class='gallery-item'>\n\t\t\t<div class='gallery-icon portrait'>\n\t\t\t\t<a href='https:\/\/anoticiaonline.com.br\/site\/wp-content\/uploads\/2019\/02\/Luiza-Fabric\u00edo-Pompei-Gabriel-Bernardo-e-Dra-Cristiane-Dornelas.jpg'><img loading=\"lazy\" decoding=\"async\" width=\"400\" height=\"600\" src=\"https:\/\/anoticiaonline.com.br\/site\/wp-content\/uploads\/2019\/02\/Luiza-Fabric\u00edo-Pompei-Gabriel-Bernardo-e-Dra-Cristiane-Dornelas.jpg\" class=\"attachment-full size-full\" alt=\"\" srcset=\"https:\/\/anoticiaonline.com.br\/site\/wp-content\/uploads\/2019\/02\/Luiza-Fabric\u00edo-Pompei-Gabriel-Bernardo-e-Dra-Cristiane-Dornelas.jpg 400w, https:\/\/anoticiaonline.com.br\/site\/wp-content\/uploads\/2019\/02\/Luiza-Fabric\u00edo-Pompei-Gabriel-Bernardo-e-Dra-Cristiane-Dornelas-200x300.jpg 200w\" sizes=\"(max-width: 400px) 100vw, 400px\" \/><\/a>\n\t\t\t<\/div><\/figure><figure class='gallery-item'>\n\t\t\t<div class='gallery-icon landscape'>\n\t\t\t\t<a href='https:\/\/anoticiaonline.com.br\/site\/wp-content\/uploads\/2019\/02\/Marcelo-Ana-Karollina-Milane-e-Maria-Vict\u00f3ria.jpg'><img loading=\"lazy\" decoding=\"async\" width=\"800\" height=\"535\" src=\"https:\/\/anoticiaonline.com.br\/site\/wp-content\/uploads\/2019\/02\/Marcelo-Ana-Karollina-Milane-e-Maria-Vict\u00f3ria.jpg\" class=\"attachment-full size-full\" alt=\"\" srcset=\"https:\/\/anoticiaonline.com.br\/site\/wp-content\/uploads\/2019\/02\/Marcelo-Ana-Karollina-Milane-e-Maria-Vict\u00f3ria.jpg 800w, https:\/\/anoticiaonline.com.br\/site\/wp-content\/uploads\/2019\/02\/Marcelo-Ana-Karollina-Milane-e-Maria-Vict\u00f3ria-300x200.jpg 300w, https:\/\/anoticiaonline.com.br\/site\/wp-content\/uploads\/2019\/02\/Marcelo-Ana-Karollina-Milane-e-Maria-Vict\u00f3ria-768x514.jpg 768w\" sizes=\"(max-width: 800px) 100vw, 800px\" \/><\/a>\n\t\t\t<\/div><\/figure><figure class='gallery-item'>\n\t\t\t<div class='gallery-icon portrait'>\n\t\t\t\t<a href='https:\/\/anoticiaonline.com.br\/site\/wp-content\/uploads\/2019\/02\/Polyanna-e-Dr-Renato-Bani.jpg'><img loading=\"lazy\" decoding=\"async\" width=\"401\" height=\"600\" src=\"https:\/\/anoticiaonline.com.br\/site\/wp-content\/uploads\/2019\/02\/Polyanna-e-Dr-Renato-Bani.jpg\" class=\"attachment-full size-full\" alt=\"\" srcset=\"https:\/\/anoticiaonline.com.br\/site\/wp-content\/uploads\/2019\/02\/Polyanna-e-Dr-Renato-Bani.jpg 401w, https:\/\/anoticiaonline.com.br\/site\/wp-content\/uploads\/2019\/02\/Polyanna-e-Dr-Renato-Bani-201x300.jpg 201w\" sizes=\"(max-width: 401px) 100vw, 401px\" \/><\/a>\n\t\t\t<\/div><\/figure><figure class='gallery-item'>\n\t\t\t<div class='gallery-icon landscape'>\n\t\t\t\t<a href='https:\/\/anoticiaonline.com.br\/site\/wp-content\/uploads\/2019\/02\/Reginaldo-Roriz-Daniele-Coelho-e-Lucila.jpg'><img loading=\"lazy\" decoding=\"async\" width=\"800\" height=\"535\" src=\"https:\/\/anoticiaonline.com.br\/site\/wp-content\/uploads\/2019\/02\/Reginaldo-Roriz-Daniele-Coelho-e-Lucila.jpg\" class=\"attachment-full size-full\" alt=\"\" srcset=\"https:\/\/anoticiaonline.com.br\/site\/wp-content\/uploads\/2019\/02\/Reginaldo-Roriz-Daniele-Coelho-e-Lucila.jpg 800w, https:\/\/anoticiaonline.com.br\/site\/wp-content\/uploads\/2019\/02\/Reginaldo-Roriz-Daniele-Coelho-e-Lucila-300x200.jpg 300w, https:\/\/anoticiaonline.com.br\/site\/wp-content\/uploads\/2019\/02\/Reginaldo-Roriz-Daniele-Coelho-e-Lucila-768x514.jpg 768w\" sizes=\"(max-width: 800px) 100vw, 800px\" \/><\/a>\n\t\t\t<\/div><\/figure><figure class='gallery-item'>\n\t\t\t<div class='gallery-icon landscape'>\n\t\t\t\t<a href='https:\/\/anoticiaonline.com.br\/site\/wp-content\/uploads\/2019\/02\/Ricardo-Marum-Macela-Ribeiro-Felipe-Castro-Karina-Torres-e-Monique-Thomazinho.jpg'><img loading=\"lazy\" decoding=\"async\" width=\"800\" height=\"534\" src=\"https:\/\/anoticiaonline.com.br\/site\/wp-content\/uploads\/2019\/02\/Ricardo-Marum-Macela-Ribeiro-Felipe-Castro-Karina-Torres-e-Monique-Thomazinho.jpg\" class=\"attachment-full size-full\" alt=\"\" srcset=\"https:\/\/anoticiaonline.com.br\/site\/wp-content\/uploads\/2019\/02\/Ricardo-Marum-Macela-Ribeiro-Felipe-Castro-Karina-Torres-e-Monique-Thomazinho.jpg 800w, https:\/\/anoticiaonline.com.br\/site\/wp-content\/uploads\/2019\/02\/Ricardo-Marum-Macela-Ribeiro-Felipe-Castro-Karina-Torres-e-Monique-Thomazinho-300x200.jpg 300w, https:\/\/anoticiaonline.com.br\/site\/wp-content\/uploads\/2019\/02\/Ricardo-Marum-Macela-Ribeiro-Felipe-Castro-Karina-Torres-e-Monique-Thomazinho-768x513.jpg 768w\" sizes=\"(max-width: 800px) 100vw, 800px\" \/><\/a>\n\t\t\t<\/div><\/figure><figure class='gallery-item'>\n\t\t\t<div class='gallery-icon landscape'>\n\t\t\t\t<a href='https:\/\/anoticiaonline.com.br\/site\/wp-content\/uploads\/2019\/02\/Rodrigo-Fab\u00edola-Dra-Aline-Arquete-Edmara-e-Jos\u00e9-Rodolfo.jpg'><img loading=\"lazy\" decoding=\"async\" width=\"800\" height=\"533\" src=\"https:\/\/anoticiaonline.com.br\/site\/wp-content\/uploads\/2019\/02\/Rodrigo-Fab\u00edola-Dra-Aline-Arquete-Edmara-e-Jos\u00e9-Rodolfo.jpg\" class=\"attachment-full size-full\" alt=\"\" srcset=\"https:\/\/anoticiaonline.com.br\/site\/wp-content\/uploads\/2019\/02\/Rodrigo-Fab\u00edola-Dra-Aline-Arquete-Edmara-e-Jos\u00e9-Rodolfo.jpg 800w, https:\/\/anoticiaonline.com.br\/site\/wp-content\/uploads\/2019\/02\/Rodrigo-Fab\u00edola-Dra-Aline-Arquete-Edmara-e-Jos\u00e9-Rodolfo-300x200.jpg 300w, https:\/\/anoticiaonline.com.br\/site\/wp-content\/uploads\/2019\/02\/Rodrigo-Fab\u00edola-Dra-Aline-Arquete-Edmara-e-Jos\u00e9-Rodolfo-768x512.jpg 768w\" sizes=\"(max-width: 800px) 100vw, 800px\" \/><\/a>\n\t\t\t<\/div><\/figure><figure class='gallery-item'>\n\t\t\t<div class='gallery-icon portrait'>\n\t\t\t\t<a href='https:\/\/anoticiaonline.com.br\/site\/wp-content\/uploads\/2019\/02\/Ros\u00e2ngela-e-Adilson-da-Mata.jpg'><img loading=\"lazy\" decoding=\"async\" width=\"401\" height=\"600\" src=\"https:\/\/anoticiaonline.com.br\/site\/wp-content\/uploads\/2019\/02\/Ros\u00e2ngela-e-Adilson-da-Mata.jpg\" class=\"attachment-full size-full\" alt=\"\" srcset=\"https:\/\/anoticiaonline.com.br\/site\/wp-content\/uploads\/2019\/02\/Ros\u00e2ngela-e-Adilson-da-Mata.jpg 401w, https:\/\/anoticiaonline.com.br\/site\/wp-content\/uploads\/2019\/02\/Ros\u00e2ngela-e-Adilson-da-Mata-201x300.jpg 201w\" sizes=\"(max-width: 401px) 100vw, 401px\" \/><\/a>\n\t\t\t<\/div><\/figure><figure class='gallery-item'>\n\t\t\t<div class='gallery-icon landscape'>\n\t\t\t\t<a href='https:\/\/anoticiaonline.com.br\/site\/wp-content\/uploads\/2019\/02\/Sidneia-Ara\u00fajo-Dra-Silvana-Ara\u00fajo-Elson-Castro-Carolina-Amarildo-e-Dra-S\u00f4nia-Ara\u00fajo.jpg'><img loading=\"lazy\" decoding=\"async\" width=\"800\" height=\"533\" src=\"https:\/\/anoticiaonline.com.br\/site\/wp-content\/uploads\/2019\/02\/Sidneia-Ara\u00fajo-Dra-Silvana-Ara\u00fajo-Elson-Castro-Carolina-Amarildo-e-Dra-S\u00f4nia-Ara\u00fajo.jpg\" class=\"attachment-full size-full\" alt=\"\" srcset=\"https:\/\/anoticiaonline.com.br\/site\/wp-content\/uploads\/2019\/02\/Sidneia-Ara\u00fajo-Dra-Silvana-Ara\u00fajo-Elson-Castro-Carolina-Amarildo-e-Dra-S\u00f4nia-Ara\u00fajo.jpg 800w, https:\/\/anoticiaonline.com.br\/site\/wp-content\/uploads\/2019\/02\/Sidneia-Ara\u00fajo-Dra-Silvana-Ara\u00fajo-Elson-Castro-Carolina-Amarildo-e-Dra-S\u00f4nia-Ara\u00fajo-300x200.jpg 300w, https:\/\/anoticiaonline.com.br\/site\/wp-content\/uploads\/2019\/02\/Sidneia-Ara\u00fajo-Dra-Silvana-Ara\u00fajo-Elson-Castro-Carolina-Amarildo-e-Dra-S\u00f4nia-Ara\u00fajo-768x512.jpg 768w\" sizes=\"(max-width: 800px) 100vw, 800px\" \/><\/a>\n\t\t\t<\/div><\/figure><figure class='gallery-item'>\n\t\t\t<div class='gallery-icon landscape'>\n\t\t\t\t<a href='https:\/\/anoticiaonline.com.br\/site\/wp-content\/uploads\/2019\/02\/Tati-Fabiano-J\u00fanior-Braga-Erica-Cascelli-Lara-Cascelli-e-Fernando-Cascelli.jpg'><img loading=\"lazy\" decoding=\"async\" width=\"800\" height=\"534\" src=\"https:\/\/anoticiaonline.com.br\/site\/wp-content\/uploads\/2019\/02\/Tati-Fabiano-J\u00fanior-Braga-Erica-Cascelli-Lara-Cascelli-e-Fernando-Cascelli.jpg\" class=\"attachment-full size-full\" alt=\"\" srcset=\"https:\/\/anoticiaonline.com.br\/site\/wp-content\/uploads\/2019\/02\/Tati-Fabiano-J\u00fanior-Braga-Erica-Cascelli-Lara-Cascelli-e-Fernando-Cascelli.jpg 800w, https:\/\/anoticiaonline.com.br\/site\/wp-content\/uploads\/2019\/02\/Tati-Fabiano-J\u00fanior-Braga-Erica-Cascelli-Lara-Cascelli-e-Fernando-Cascelli-300x200.jpg 300w, https:\/\/anoticiaonline.com.br\/site\/wp-content\/uploads\/2019\/02\/Tati-Fabiano-J\u00fanior-Braga-Erica-Cascelli-Lara-Cascelli-e-Fernando-Cascelli-768x513.jpg 768w\" sizes=\"(max-width: 800px) 100vw, 800px\" \/><\/a>\n\t\t\t<\/div><\/figure><figure class='gallery-item'>\n\t\t\t<div class='gallery-icon portrait'>\n\t\t\t\t<a href='https:\/\/anoticiaonline.com.br\/site\/wp-content\/uploads\/2019\/02\/Thalyta-Torres-e-Wander-Garcia.jpg'><img loading=\"lazy\" decoding=\"async\" width=\"401\" height=\"600\" src=\"https:\/\/anoticiaonline.com.br\/site\/wp-content\/uploads\/2019\/02\/Thalyta-Torres-e-Wander-Garcia.jpg\" class=\"attachment-full size-full\" alt=\"\" srcset=\"https:\/\/anoticiaonline.com.br\/site\/wp-content\/uploads\/2019\/02\/Thalyta-Torres-e-Wander-Garcia.jpg 401w, https:\/\/anoticiaonline.com.br\/site\/wp-content\/uploads\/2019\/02\/Thalyta-Torres-e-Wander-Garcia-201x300.jpg 201w\" sizes=\"(max-width: 401px) 100vw, 401px\" \/><\/a>\n\t\t\t<\/div><\/figure><figure class='gallery-item'>\n\t\t\t<div class='gallery-icon landscape'>\n\t\t\t\t<a href='https:\/\/anoticiaonline.com.br\/site\/wp-content\/uploads\/2019\/02\/Thiago-Vital-e-Caroline-Franklin.jpg'><img loading=\"lazy\" decoding=\"async\" width=\"800\" height=\"533\" src=\"https:\/\/anoticiaonline.com.br\/site\/wp-content\/uploads\/2019\/02\/Thiago-Vital-e-Caroline-Franklin.jpg\" class=\"attachment-full size-full\" alt=\"\" srcset=\"https:\/\/anoticiaonline.com.br\/site\/wp-content\/uploads\/2019\/02\/Thiago-Vital-e-Caroline-Franklin.jpg 800w, https:\/\/anoticiaonline.com.br\/site\/wp-content\/uploads\/2019\/02\/Thiago-Vital-e-Caroline-Franklin-300x200.jpg 300w, https:\/\/anoticiaonline.com.br\/site\/wp-content\/uploads\/2019\/02\/Thiago-Vital-e-Caroline-Franklin-768x512.jpg 768w\" sizes=\"(max-width: 800px) 100vw, 800px\" \/><\/a>\n\t\t\t<\/div><\/figure><figure class='gallery-item'>\n\t\t\t<div class='gallery-icon landscape'>\n\t\t\t\t<a href='https:\/\/anoticiaonline.com.br\/site\/wp-content\/uploads\/2019\/02\/Victor-Vital-e-Mayara.jpg'><img loading=\"lazy\" decoding=\"async\" width=\"800\" height=\"533\" src=\"https:\/\/anoticiaonline.com.br\/site\/wp-content\/uploads\/2019\/02\/Victor-Vital-e-Mayara.jpg\" class=\"attachment-full size-full\" alt=\"\" srcset=\"https:\/\/anoticiaonline.com.br\/site\/wp-content\/uploads\/2019\/02\/Victor-Vital-e-Mayara.jpg 800w, https:\/\/anoticiaonline.com.br\/site\/wp-content\/uploads\/2019\/02\/Victor-Vital-e-Mayara-300x200.jpg 300w, https:\/\/anoticiaonline.com.br\/site\/wp-content\/uploads\/2019\/02\/Victor-Vital-e-Mayara-768x512.jpg 768w\" sizes=\"(max-width: 800px) 100vw, 800px\" \/><\/a>\n\t\t\t<\/div><\/figure><figure class='gallery-item'>\n\t\t\t<div class='gallery-icon landscape'>\n\t\t\t\t<a href='https:\/\/anoticiaonline.com.br\/site\/wp-content\/uploads\/2019\/02\/Vinicius-Marcos-Vinicius-Fontaine-Ana-Luiza-Levate-Fl\u00e1via-Levate-Ricardo-Bersan-Wania-Mariana-Felipe-Laura-Stela-Aline-Fabiano-e-Lorena.jpg'><img loading=\"lazy\" decoding=\"async\" width=\"800\" height=\"534\" src=\"https:\/\/anoticiaonline.com.br\/site\/wp-content\/uploads\/2019\/02\/Vinicius-Marcos-Vinicius-Fontaine-Ana-Luiza-Levate-Fl\u00e1via-Levate-Ricardo-Bersan-Wania-Mariana-Felipe-Laura-Stela-Aline-Fabiano-e-Lorena.jpg\" class=\"attachment-full size-full\" alt=\"\" srcset=\"https:\/\/anoticiaonline.com.br\/site\/wp-content\/uploads\/2019\/02\/Vinicius-Marcos-Vinicius-Fontaine-Ana-Luiza-Levate-Fl\u00e1via-Levate-Ricardo-Bersan-Wania-Mariana-Felipe-Laura-Stela-Aline-Fabiano-e-Lorena.jpg 800w, https:\/\/anoticiaonline.com.br\/site\/wp-content\/uploads\/2019\/02\/Vinicius-Marcos-Vinicius-Fontaine-Ana-Luiza-Levate-Fl\u00e1via-Levate-Ricardo-Bersan-Wania-Mariana-Felipe-Laura-Stela-Aline-Fabiano-e-Lorena-300x200.jpg 300w, https:\/\/anoticiaonline.com.br\/site\/wp-content\/uploads\/2019\/02\/Vinicius-Marcos-Vinicius-Fontaine-Ana-Luiza-Levate-Fl\u00e1via-Levate-Ricardo-Bersan-Wania-Mariana-Felipe-Laura-Stela-Aline-Fabiano-e-Lorena-768x513.jpg 768w\" sizes=\"(max-width: 800px) 100vw, 800px\" \/><\/a>\n\t\t\t<\/div><\/figure>\n\t\t<\/div>\n\n","protected":false},"excerpt":{"rendered":"<p>O tradicional Bloco Mangua\u00e7a agitou centenas de foli\u00f5es na Pra\u00e7a Coronel Pacheco de Medeiros, no s\u00e1bado (16). Completando 5 anos em 2019, o bloco infelizmente n\u00e3o p\u00f4de desfilar, mas a alegria e a empolga\u00e7\u00e3o foram as mesmas durante a festa, que aconteceu em frente ao restaurante Deck.<\/p>\n","protected":false},"author":2,"featured_media":67427,"comment_status":"open","ping_status":"open","sticky":false,"template":"","format":"standard","meta":{"_acf_changed":false,"_monsterinsights_skip_tracking":false,"footnotes":""},"categories":[30,24,1],"tags":[3693,1921],"class_list":["post-67397","post","type-post","status-publish","format-standard","has-post-thumbnail","hentry","category-muriae","category-eventos","category-gerais","tag-bloco-manguaca","tag-carnaval"],"acf":[],"aioseo_notices":[],"aioseo_head":"\n\t\t<!-- All in One SEO 5.0.0.1 - aioseo.com -->\n\t<meta name=\"description\" content=\"O tradicional Bloco Mangua\u00e7a agitou centenas de foli\u00f5es na Pra\u00e7a Coronel Pacheco de Medeiros, no s\u00e1bado (16). Completando 5 anos em 2019, o bloco infelizmente n\u00e3o p\u00f4de desfilar, mas a alegria e a empolga\u00e7\u00e3o foram as mesmas durante a festa, que aconteceu em frente ao restaurante Deck. O agito come\u00e7ou com a apresenta\u00e7\u00e3o da Mangua\u00e7a\" \/>\n\t<meta name=\"robots\" content=\"max-image-preview:large\" \/>\n\t<meta name=\"author\" content=\"Juliana Laviola\"\/>\n\t<link rel=\"canonical\" href=\"https:\/\/anoticiaonline.com.br\/site\/bloco-manguaca-agita-o-pre-carnaval-muriaeense-com-a-bateria-da-mangueira\/\" \/>\n\t<meta name=\"generator\" content=\"All in One SEO (AIOSEO) 5.0.0.1\" \/>\n\t\t<meta property=\"og:locale\" content=\"pt_BR\" \/>\n\t\t<meta property=\"og:site_name\" content=\"A Not\u00edcia Online - Noticias de Muria\u00e9 e regi\u00e3o\" \/>\n\t\t<meta property=\"og:type\" content=\"article\" \/>\n\t\t<meta property=\"og:title\" content=\"Bloco Mangua\u00e7a agita o pr\u00e9-carnaval muriaeense com a Bateria da Mangueira - A Not\u00edcia Online\" \/>\n\t\t<meta property=\"og:description\" content=\"O tradicional Bloco Mangua\u00e7a agitou centenas de foli\u00f5es na Pra\u00e7a Coronel Pacheco de Medeiros, no s\u00e1bado (16). Completando 5 anos em 2019, o bloco infelizmente n\u00e3o p\u00f4de desfilar, mas a alegria e a empolga\u00e7\u00e3o foram as mesmas durante a festa, que aconteceu em frente ao restaurante Deck. O agito come\u00e7ou com a apresenta\u00e7\u00e3o da Mangua\u00e7a\" \/>\n\t\t<meta property=\"og:url\" content=\"https:\/\/anoticiaonline.com.br\/site\/bloco-manguaca-agita-o-pre-carnaval-muriaeense-com-a-bateria-da-mangueira\/\" \/>\n\t\t<meta property=\"og:image\" content=\"https:\/\/scontent-gig4-1.xx.fbcdn.net\/v\/t39.30808-1\/270437624_4564083193639691_6907940295614233970_n.jpg?stp=dst-jpg_s200x200_tt6&#038;_nc_cat=111&#038;ccb=1-7&#038;_nc_sid=f907e8&#038;_nc_ohc=SM1wRlP3lJwQ7kNvwEPuBYA&#038;_nc_oc=AdnqrjDN_BNjSSHWO-GbkIWH6fkGMLw4bqvL_NH6e2wMveX7G-rP2dAqsDSq1mJMOaY&#038;_nc_zt=24&#038;_nc_ht=scontent-gig4-1.xx&#038;_nc_gid=AoBFJeGrT1hVaew_6rchkQ&#038;oh=00_AfX7QmFGhQhG2jAllVgXCiM1ZrWgvtp80-Bfppyexh1QEg&#038;oe=689E923C\" \/>\n\t\t<meta property=\"og:image:secure_url\" content=\"https:\/\/scontent-gig4-1.xx.fbcdn.net\/v\/t39.30808-1\/270437624_4564083193639691_6907940295614233970_n.jpg?stp=dst-jpg_s200x200_tt6&#038;_nc_cat=111&#038;ccb=1-7&#038;_nc_sid=f907e8&#038;_nc_ohc=SM1wRlP3lJwQ7kNvwEPuBYA&#038;_nc_oc=AdnqrjDN_BNjSSHWO-GbkIWH6fkGMLw4bqvL_NH6e2wMveX7G-rP2dAqsDSq1mJMOaY&#038;_nc_zt=24&#038;_nc_ht=scontent-gig4-1.xx&#038;_nc_gid=AoBFJeGrT1hVaew_6rchkQ&#038;oh=00_AfX7QmFGhQhG2jAllVgXCiM1ZrWgvtp80-Bfppyexh1QEg&#038;oe=689E923C\" \/>\n\t\t<meta property=\"article:published_time\" content=\"2019-02-22T13:30:23+00:00\" \/>\n\t\t<meta property=\"article:modified_time\" content=\"2019-02-22T01:09:39+00:00\" \/>\n\t\t<meta name=\"twitter:card\" content=\"summary_large_image\" \/>\n\t\t<meta name=\"twitter:title\" content=\"Bloco Mangua\u00e7a agita o pr\u00e9-carnaval muriaeense com a Bateria da Mangueira - A Not\u00edcia Online\" \/>\n\t\t<meta name=\"twitter:description\" content=\"O tradicional Bloco Mangua\u00e7a agitou centenas de foli\u00f5es na Pra\u00e7a Coronel Pacheco de Medeiros, no s\u00e1bado (16). Completando 5 anos em 2019, o bloco infelizmente n\u00e3o p\u00f4de desfilar, mas a alegria e a empolga\u00e7\u00e3o foram as mesmas durante a festa, que aconteceu em frente ao restaurante Deck. O agito come\u00e7ou com a apresenta\u00e7\u00e3o da Mangua\u00e7a\" \/>\n\t\t<meta name=\"twitter:image\" content=\"https:\/\/scontent-gig4-1.xx.fbcdn.net\/v\/t39.30808-1\/270437624_4564083193639691_6907940295614233970_n.jpg?stp=dst-jpg_s200x200_tt6&amp;_nc_cat=111&amp;ccb=1-7&amp;_nc_sid=f907e8&amp;_nc_ohc=SM1wRlP3lJwQ7kNvwEPuBYA&amp;_nc_oc=AdnqrjDN_BNjSSHWO-GbkIWH6fkGMLw4bqvL_NH6e2wMveX7G-rP2dAqsDSq1mJMOaY&amp;_nc_zt=24&amp;_nc_ht=scontent-gig4-1.xx&amp;_nc_gid=AoBFJeGrT1hVaew_6rchkQ&amp;oh=00_AfX7QmFGhQhG2jAllVgXCiM1ZrWgvtp80-Bfppyexh1QEg&amp;oe=689E923C\" \/>\n\t\t<script type=\"application\/ld+json\" class=\"aioseo-schema\">\n\t\t\t{\"@context\":\"https:\\\/\\\/schema.org\",\"@graph\":[{\"@type\":\"BlogPosting\",\"@id\":\"https:\\\/\\\/anoticiaonline.com.br\\\/site\\\/bloco-manguaca-agita-o-pre-carnaval-muriaeense-com-a-bateria-da-mangueira\\\/#blogposting\",\"name\":\"Bloco Mangua\\u00e7a agita o pr\\u00e9-carnaval muriaeense com a Bateria da Mangueira - A Not\\u00edcia Online\",\"headline\":\"Bloco Mangua\\u00e7a agita o pr\\u00e9-carnaval muriaeense com a Bateria da Mangueira\",\"author\":{\"@id\":\"https:\\\/\\\/anoticiaonline.com.br\\\/site\\\/author\\\/juliana\\\/#author\"},\"publisher\":{\"@id\":\"https:\\\/\\\/anoticiaonline.com.br\\\/site\\\/#organization\"},\"image\":{\"@type\":\"ImageObject\",\"url\":\"https:\\\/\\\/anoticiaonline.com.br\\\/site\\\/wp-content\\\/uploads\\\/2019\\\/02\\\/dest-mang.jpg\",\"width\":1000,\"height\":350},\"datePublished\":\"2019-02-22T10:30:23-03:00\",\"dateModified\":\"2019-02-21T22:09:39-03:00\",\"inLanguage\":\"pt-BR\",\"mainEntityOfPage\":{\"@id\":\"https:\\\/\\\/anoticiaonline.com.br\\\/site\\\/bloco-manguaca-agita-o-pre-carnaval-muriaeense-com-a-bateria-da-mangueira\\\/#webpage\"},\"isPartOf\":{\"@id\":\"https:\\\/\\\/anoticiaonline.com.br\\\/site\\\/bloco-manguaca-agita-o-pre-carnaval-muriaeense-com-a-bateria-da-mangueira\\\/#webpage\"},\"articleSection\":\"Blog, Eventos, Gerais, Bloco Mangua\\u00e7a, carnaval\"},{\"@type\":\"BreadcrumbList\",\"@id\":\"https:\\\/\\\/anoticiaonline.com.br\\\/site\\\/bloco-manguaca-agita-o-pre-carnaval-muriaeense-com-a-bateria-da-mangueira\\\/#breadcrumblist\",\"itemListElement\":[{\"@type\":\"ListItem\",\"@id\":\"https:\\\/\\\/anoticiaonline.com.br\\\/site#listItem\",\"position\":1,\"name\":\"Home\",\"item\":\"https:\\\/\\\/anoticiaonline.com.br\\\/site\",\"nextItem\":{\"@type\":\"ListItem\",\"@id\":\"https:\\\/\\\/anoticiaonline.com.br\\\/site\\\/categoria\\\/gerais\\\/#listItem\",\"name\":\"Gerais\"}},{\"@type\":\"ListItem\",\"@id\":\"https:\\\/\\\/anoticiaonline.com.br\\\/site\\\/categoria\\\/gerais\\\/#listItem\",\"position\":2,\"name\":\"Gerais\",\"item\":\"https:\\\/\\\/anoticiaonline.com.br\\\/site\\\/categoria\\\/gerais\\\/\",\"nextItem\":{\"@type\":\"ListItem\",\"@id\":\"https:\\\/\\\/anoticiaonline.com.br\\\/site\\\/bloco-manguaca-agita-o-pre-carnaval-muriaeense-com-a-bateria-da-mangueira\\\/#listItem\",\"name\":\"Bloco Mangua\\u00e7a agita o pr\\u00e9-carnaval muriaeense com a Bateria da Mangueira\"},\"previousItem\":{\"@type\":\"ListItem\",\"@id\":\"https:\\\/\\\/anoticiaonline.com.br\\\/site#listItem\",\"name\":\"Home\"}},{\"@type\":\"ListItem\",\"@id\":\"https:\\\/\\\/anoticiaonline.com.br\\\/site\\\/bloco-manguaca-agita-o-pre-carnaval-muriaeense-com-a-bateria-da-mangueira\\\/#listItem\",\"position\":3,\"name\":\"Bloco Mangua\\u00e7a agita o pr\\u00e9-carnaval muriaeense com a Bateria da Mangueira\",\"previousItem\":{\"@type\":\"ListItem\",\"@id\":\"https:\\\/\\\/anoticiaonline.com.br\\\/site\\\/categoria\\\/gerais\\\/#listItem\",\"name\":\"Gerais\"}}]},{\"@type\":\"Organization\",\"@id\":\"https:\\\/\\\/anoticiaonline.com.br\\\/site\\\/#organization\",\"name\":\"A Not\\u00edcia Online\",\"description\":\"Noticias de Muria\\u00e9 e regi\\u00e3o\",\"url\":\"https:\\\/\\\/anoticiaonline.com.br\\\/site\\\/\",\"logo\":{\"@type\":\"ImageObject\",\"url\":\"https:\\\/\\\/scontent-gig4-1.xx.fbcdn.net\\\/v\\\/t39.30808-1\\\/270437624_4564083193639691_6907940295614233970_n.jpg?stp=dst-jpg_s200x200_tt6&_nc_cat=111&ccb=1-7&_nc_sid=f907e8&_nc_ohc=SM1wRlP3lJwQ7kNvwEPuBYA&_nc_oc=AdnqrjDN_BNjSSHWO-GbkIWH6fkGMLw4bqvL_NH6e2wMveX7G-rP2dAqsDSq1mJMOaY&_nc_zt=24&_nc_ht=scontent-gig4-1.xx&_nc_gid=AoBFJeGrT1hVaew_6rchkQ&oh=00_AfX7QmFGhQhG2jAllVgXCiM1ZrWgvtp80-Bfppyexh1QEg&oe=689E923C\",\"@id\":\"https:\\\/\\\/anoticiaonline.com.br\\\/site\\\/bloco-manguaca-agita-o-pre-carnaval-muriaeense-com-a-bateria-da-mangueira\\\/#organizationLogo\"},\"image\":{\"@id\":\"https:\\\/\\\/anoticiaonline.com.br\\\/site\\\/bloco-manguaca-agita-o-pre-carnaval-muriaeense-com-a-bateria-da-mangueira\\\/#organizationLogo\"}},{\"@type\":\"Person\",\"@id\":\"https:\\\/\\\/anoticiaonline.com.br\\\/site\\\/author\\\/juliana\\\/#author\",\"url\":\"https:\\\/\\\/anoticiaonline.com.br\\\/site\\\/author\\\/juliana\\\/\",\"name\":\"Juliana Laviola\",\"image\":{\"@type\":\"ImageObject\",\"@id\":\"https:\\\/\\\/anoticiaonline.com.br\\\/site\\\/bloco-manguaca-agita-o-pre-carnaval-muriaeense-com-a-bateria-da-mangueira\\\/#authorImage\",\"url\":\"https:\\\/\\\/secure.gravatar.com\\\/avatar\\\/b8d45f5c699b100dfaf0e543582f38f38bf94cb7ae3a5e9abf8d891a34773335?s=96&d=mm&r=g\",\"width\":96,\"height\":96,\"caption\":\"Juliana Laviola\"}},{\"@type\":\"WebPage\",\"@id\":\"https:\\\/\\\/anoticiaonline.com.br\\\/site\\\/bloco-manguaca-agita-o-pre-carnaval-muriaeense-com-a-bateria-da-mangueira\\\/#webpage\",\"url\":\"https:\\\/\\\/anoticiaonline.com.br\\\/site\\\/bloco-manguaca-agita-o-pre-carnaval-muriaeense-com-a-bateria-da-mangueira\\\/\",\"name\":\"Bloco Mangua\\u00e7a agita o pr\\u00e9-carnaval muriaeense com a Bateria da Mangueira - A Not\\u00edcia Online\",\"description\":\"O tradicional Bloco Mangua\\u00e7a agitou centenas de foli\\u00f5es na Pra\\u00e7a Coronel Pacheco de Medeiros, no s\\u00e1bado (16). Completando 5 anos em 2019, o bloco infelizmente n\\u00e3o p\\u00f4de desfilar, mas a alegria e a empolga\\u00e7\\u00e3o foram as mesmas durante a festa, que aconteceu em frente ao restaurante Deck. O agito come\\u00e7ou com a apresenta\\u00e7\\u00e3o da Mangua\\u00e7a\",\"inLanguage\":\"pt-BR\",\"isPartOf\":{\"@id\":\"https:\\\/\\\/anoticiaonline.com.br\\\/site\\\/#website\"},\"breadcrumb\":{\"@id\":\"https:\\\/\\\/anoticiaonline.com.br\\\/site\\\/bloco-manguaca-agita-o-pre-carnaval-muriaeense-com-a-bateria-da-mangueira\\\/#breadcrumblist\"},\"author\":{\"@id\":\"https:\\\/\\\/anoticiaonline.com.br\\\/site\\\/author\\\/juliana\\\/#author\"},\"creator\":{\"@id\":\"https:\\\/\\\/anoticiaonline.com.br\\\/site\\\/author\\\/juliana\\\/#author\"},\"image\":{\"@type\":\"ImageObject\",\"url\":\"https:\\\/\\\/anoticiaonline.com.br\\\/site\\\/wp-content\\\/uploads\\\/2019\\\/02\\\/dest-mang.jpg\",\"@id\":\"https:\\\/\\\/anoticiaonline.com.br\\\/site\\\/bloco-manguaca-agita-o-pre-carnaval-muriaeense-com-a-bateria-da-mangueira\\\/#mainImage\",\"width\":1000,\"height\":350},\"primaryImageOfPage\":{\"@id\":\"https:\\\/\\\/anoticiaonline.com.br\\\/site\\\/bloco-manguaca-agita-o-pre-carnaval-muriaeense-com-a-bateria-da-mangueira\\\/#mainImage\"},\"datePublished\":\"2019-02-22T10:30:23-03:00\",\"dateModified\":\"2019-02-21T22:09:39-03:00\"},{\"@type\":\"WebSite\",\"@id\":\"https:\\\/\\\/anoticiaonline.com.br\\\/site\\\/#website\",\"url\":\"https:\\\/\\\/anoticiaonline.com.br\\\/site\\\/\",\"name\":\"A Not\\u00edcia Online\",\"description\":\"Noticias de Muria\\u00e9 e regi\\u00e3o\",\"inLanguage\":\"pt-BR\",\"publisher\":{\"@id\":\"https:\\\/\\\/anoticiaonline.com.br\\\/site\\\/#organization\"}}]}\n\t\t<\/script>\n\t\t<!-- All in One SEO -->\n\n","aioseo_head_json":{"title":"Bloco Mangua\u00e7a agita o pr\u00e9-carnaval muriaeense com a Bateria da Mangueira - A Not\u00edcia Online","description":"O tradicional Bloco Mangua\u00e7a agitou centenas de foli\u00f5es na Pra\u00e7a Coronel Pacheco de Medeiros, no s\u00e1bado (16). Completando 5 anos em 2019, o bloco infelizmente n\u00e3o p\u00f4de desfilar, mas a alegria e a empolga\u00e7\u00e3o foram as mesmas durante a festa, que aconteceu em frente ao restaurante Deck. O agito come\u00e7ou com a apresenta\u00e7\u00e3o da Mangua\u00e7a","canonical_url":"https:\/\/anoticiaonline.com.br\/site\/bloco-manguaca-agita-o-pre-carnaval-muriaeense-com-a-bateria-da-mangueira\/","robots":"max-image-preview:large","keywords":"","webmasterTools":{"miscellaneous":""},"schema":{"@context":"https:\/\/schema.org","@graph":[{"@type":"BlogPosting","@id":"https:\/\/anoticiaonline.com.br\/site\/bloco-manguaca-agita-o-pre-carnaval-muriaeense-com-a-bateria-da-mangueira\/#blogposting","name":"Bloco Mangua\u00e7a agita o pr\u00e9-carnaval muriaeense com a Bateria da Mangueira - A Not\u00edcia Online","headline":"Bloco Mangua\u00e7a agita o pr\u00e9-carnaval muriaeense com a Bateria da Mangueira","author":{"@id":"https:\/\/anoticiaonline.com.br\/site\/author\/juliana\/#author"},"publisher":{"@id":"https:\/\/anoticiaonline.com.br\/site\/#organization"},"image":{"@type":"ImageObject","url":"https:\/\/anoticiaonline.com.br\/site\/wp-content\/uploads\/2019\/02\/dest-mang.jpg","width":1000,"height":350},"datePublished":"2019-02-22T10:30:23-03:00","dateModified":"2019-02-21T22:09:39-03:00","inLanguage":"pt-BR","mainEntityOfPage":{"@id":"https:\/\/anoticiaonline.com.br\/site\/bloco-manguaca-agita-o-pre-carnaval-muriaeense-com-a-bateria-da-mangueira\/#webpage"},"isPartOf":{"@id":"https:\/\/anoticiaonline.com.br\/site\/bloco-manguaca-agita-o-pre-carnaval-muriaeense-com-a-bateria-da-mangueira\/#webpage"},"articleSection":"Blog, Eventos, Gerais, Bloco Mangua\u00e7a, carnaval"},{"@type":"BreadcrumbList","@id":"https:\/\/anoticiaonline.com.br\/site\/bloco-manguaca-agita-o-pre-carnaval-muriaeense-com-a-bateria-da-mangueira\/#breadcrumblist","itemListElement":[{"@type":"ListItem","@id":"https:\/\/anoticiaonline.com.br\/site#listItem","position":1,"name":"Home","item":"https:\/\/anoticiaonline.com.br\/site","nextItem":{"@type":"ListItem","@id":"https:\/\/anoticiaonline.com.br\/site\/categoria\/gerais\/#listItem","name":"Gerais"}},{"@type":"ListItem","@id":"https:\/\/anoticiaonline.com.br\/site\/categoria\/gerais\/#listItem","position":2,"name":"Gerais","item":"https:\/\/anoticiaonline.com.br\/site\/categoria\/gerais\/","nextItem":{"@type":"ListItem","@id":"https:\/\/anoticiaonline.com.br\/site\/bloco-manguaca-agita-o-pre-carnaval-muriaeense-com-a-bateria-da-mangueira\/#listItem","name":"Bloco Mangua\u00e7a agita o pr\u00e9-carnaval muriaeense com a Bateria da Mangueira"},"previousItem":{"@type":"ListItem","@id":"https:\/\/anoticiaonline.com.br\/site#listItem","name":"Home"}},{"@type":"ListItem","@id":"https:\/\/anoticiaonline.com.br\/site\/bloco-manguaca-agita-o-pre-carnaval-muriaeense-com-a-bateria-da-mangueira\/#listItem","position":3,"name":"Bloco Mangua\u00e7a agita o pr\u00e9-carnaval muriaeense com a Bateria da Mangueira","previousItem":{"@type":"ListItem","@id":"https:\/\/anoticiaonline.com.br\/site\/categoria\/gerais\/#listItem","name":"Gerais"}}]},{"@type":"Organization","@id":"https:\/\/anoticiaonline.com.br\/site\/#organization","name":"A Not\u00edcia Online","description":"Noticias de Muria\u00e9 e regi\u00e3o","url":"https:\/\/anoticiaonline.com.br\/site\/","logo":{"@type":"ImageObject","url":"https:\/\/scontent-gig4-1.xx.fbcdn.net\/v\/t39.30808-1\/270437624_4564083193639691_6907940295614233970_n.jpg?stp=dst-jpg_s200x200_tt6&_nc_cat=111&ccb=1-7&_nc_sid=f907e8&_nc_ohc=SM1wRlP3lJwQ7kNvwEPuBYA&_nc_oc=AdnqrjDN_BNjSSHWO-GbkIWH6fkGMLw4bqvL_NH6e2wMveX7G-rP2dAqsDSq1mJMOaY&_nc_zt=24&_nc_ht=scontent-gig4-1.xx&_nc_gid=AoBFJeGrT1hVaew_6rchkQ&oh=00_AfX7QmFGhQhG2jAllVgXCiM1ZrWgvtp80-Bfppyexh1QEg&oe=689E923C","@id":"https:\/\/anoticiaonline.com.br\/site\/bloco-manguaca-agita-o-pre-carnaval-muriaeense-com-a-bateria-da-mangueira\/#organizationLogo"},"image":{"@id":"https:\/\/anoticiaonline.com.br\/site\/bloco-manguaca-agita-o-pre-carnaval-muriaeense-com-a-bateria-da-mangueira\/#organizationLogo"}},{"@type":"Person","@id":"https:\/\/anoticiaonline.com.br\/site\/author\/juliana\/#author","url":"https:\/\/anoticiaonline.com.br\/site\/author\/juliana\/","name":"Juliana Laviola","image":{"@type":"ImageObject","@id":"https:\/\/anoticiaonline.com.br\/site\/bloco-manguaca-agita-o-pre-carnaval-muriaeense-com-a-bateria-da-mangueira\/#authorImage","url":"https:\/\/secure.gravatar.com\/avatar\/b8d45f5c699b100dfaf0e543582f38f38bf94cb7ae3a5e9abf8d891a34773335?s=96&d=mm&r=g","width":96,"height":96,"caption":"Juliana Laviola"}},{"@type":"WebPage","@id":"https:\/\/anoticiaonline.com.br\/site\/bloco-manguaca-agita-o-pre-carnaval-muriaeense-com-a-bateria-da-mangueira\/#webpage","url":"https:\/\/anoticiaonline.com.br\/site\/bloco-manguaca-agita-o-pre-carnaval-muriaeense-com-a-bateria-da-mangueira\/","name":"Bloco Mangua\u00e7a agita o pr\u00e9-carnaval muriaeense com a Bateria da Mangueira - A Not\u00edcia Online","description":"O tradicional Bloco Mangua\u00e7a agitou centenas de foli\u00f5es na Pra\u00e7a Coronel Pacheco de Medeiros, no s\u00e1bado (16). Completando 5 anos em 2019, o bloco infelizmente n\u00e3o p\u00f4de desfilar, mas a alegria e a empolga\u00e7\u00e3o foram as mesmas durante a festa, que aconteceu em frente ao restaurante Deck. O agito come\u00e7ou com a apresenta\u00e7\u00e3o da Mangua\u00e7a","inLanguage":"pt-BR","isPartOf":{"@id":"https:\/\/anoticiaonline.com.br\/site\/#website"},"breadcrumb":{"@id":"https:\/\/anoticiaonline.com.br\/site\/bloco-manguaca-agita-o-pre-carnaval-muriaeense-com-a-bateria-da-mangueira\/#breadcrumblist"},"author":{"@id":"https:\/\/anoticiaonline.com.br\/site\/author\/juliana\/#author"},"creator":{"@id":"https:\/\/anoticiaonline.com.br\/site\/author\/juliana\/#author"},"image":{"@type":"ImageObject","url":"https:\/\/anoticiaonline.com.br\/site\/wp-content\/uploads\/2019\/02\/dest-mang.jpg","@id":"https:\/\/anoticiaonline.com.br\/site\/bloco-manguaca-agita-o-pre-carnaval-muriaeense-com-a-bateria-da-mangueira\/#mainImage","width":1000,"height":350},"primaryImageOfPage":{"@id":"https:\/\/anoticiaonline.com.br\/site\/bloco-manguaca-agita-o-pre-carnaval-muriaeense-com-a-bateria-da-mangueira\/#mainImage"},"datePublished":"2019-02-22T10:30:23-03:00","dateModified":"2019-02-21T22:09:39-03:00"},{"@type":"WebSite","@id":"https:\/\/anoticiaonline.com.br\/site\/#website","url":"https:\/\/anoticiaonline.com.br\/site\/","name":"A Not\u00edcia Online","description":"Noticias de Muria\u00e9 e regi\u00e3o","inLanguage":"pt-BR","publisher":{"@id":"https:\/\/anoticiaonline.com.br\/site\/#organization"}}]},"og:locale":"pt_BR","og:site_name":"A Not\u00edcia Online - Noticias de Muria\u00e9 e regi\u00e3o","og:type":"article","og:title":"Bloco Mangua\u00e7a agita o pr\u00e9-carnaval muriaeense com a Bateria da Mangueira - A Not\u00edcia Online","og:description":"O tradicional Bloco Mangua\u00e7a agitou centenas de foli\u00f5es na Pra\u00e7a Coronel Pacheco de Medeiros, no s\u00e1bado (16). Completando 5 anos em 2019, o bloco infelizmente n\u00e3o p\u00f4de desfilar, mas a alegria e a empolga\u00e7\u00e3o foram as mesmas durante a festa, que aconteceu em frente ao restaurante Deck. O agito come\u00e7ou com a apresenta\u00e7\u00e3o da Mangua\u00e7a","og:url":"https:\/\/anoticiaonline.com.br\/site\/bloco-manguaca-agita-o-pre-carnaval-muriaeense-com-a-bateria-da-mangueira\/","og:image":"https:\/\/scontent-gig4-1.xx.fbcdn.net\/v\/t39.30808-1\/270437624_4564083193639691_6907940295614233970_n.jpg?stp=dst-jpg_s200x200_tt6&#038;_nc_cat=111&#038;ccb=1-7&#038;_nc_sid=f907e8&#038;_nc_ohc=SM1wRlP3lJwQ7kNvwEPuBYA&#038;_nc_oc=AdnqrjDN_BNjSSHWO-GbkIWH6fkGMLw4bqvL_NH6e2wMveX7G-rP2dAqsDSq1mJMOaY&#038;_nc_zt=24&#038;_nc_ht=scontent-gig4-1.xx&#038;_nc_gid=AoBFJeGrT1hVaew_6rchkQ&#038;oh=00_AfX7QmFGhQhG2jAllVgXCiM1ZrWgvtp80-Bfppyexh1QEg&#038;oe=689E923C","og:image:secure_url":"https:\/\/scontent-gig4-1.xx.fbcdn.net\/v\/t39.30808-1\/270437624_4564083193639691_6907940295614233970_n.jpg?stp=dst-jpg_s200x200_tt6&#038;_nc_cat=111&#038;ccb=1-7&#038;_nc_sid=f907e8&#038;_nc_ohc=SM1wRlP3lJwQ7kNvwEPuBYA&#038;_nc_oc=AdnqrjDN_BNjSSHWO-GbkIWH6fkGMLw4bqvL_NH6e2wMveX7G-rP2dAqsDSq1mJMOaY&#038;_nc_zt=24&#038;_nc_ht=scontent-gig4-1.xx&#038;_nc_gid=AoBFJeGrT1hVaew_6rchkQ&#038;oh=00_AfX7QmFGhQhG2jAllVgXCiM1ZrWgvtp80-Bfppyexh1QEg&#038;oe=689E923C","article:published_time":"2019-02-22T13:30:23+00:00","article:modified_time":"2019-02-22T01:09:39+00:00","twitter:card":"summary_large_image","twitter:title":"Bloco Mangua\u00e7a agita o pr\u00e9-carnaval muriaeense com a Bateria da Mangueira - A Not\u00edcia Online","twitter:description":"O tradicional Bloco Mangua\u00e7a agitou centenas de foli\u00f5es na Pra\u00e7a Coronel Pacheco de Medeiros, no s\u00e1bado (16). Completando 5 anos em 2019, o bloco infelizmente n\u00e3o p\u00f4de desfilar, mas a alegria e a empolga\u00e7\u00e3o foram as mesmas durante a festa, que aconteceu em frente ao restaurante Deck. O agito come\u00e7ou com a apresenta\u00e7\u00e3o da Mangua\u00e7a","twitter:image":"https:\/\/scontent-gig4-1.xx.fbcdn.net\/v\/t39.30808-1\/270437624_4564083193639691_6907940295614233970_n.jpg?stp=dst-jpg_s200x200_tt6&_nc_cat=111&ccb=1-7&_nc_sid=f907e8&_nc_ohc=SM1wRlP3lJwQ7kNvwEPuBYA&_nc_oc=AdnqrjDN_BNjSSHWO-GbkIWH6fkGMLw4bqvL_NH6e2wMveX7G-rP2dAqsDSq1mJMOaY&_nc_zt=24&_nc_ht=scontent-gig4-1.xx&_nc_gid=AoBFJeGrT1hVaew_6rchkQ&oh=00_AfX7QmFGhQhG2jAllVgXCiM1ZrWgvtp80-Bfppyexh1QEg&oe=689E923C"},"aioseo_meta_data":{"post_id":"67397","title":null,"description":null,"keywords":null,"keyphrases":null,"primary_term":null,"canonical_url":null,"og_title":null,"og_description":null,"og_object_type":"default","og_image_type":"default","og_image_url":null,"og_image_width":null,"og_image_height":null,"og_image_custom_url":null,"og_image_custom_fields":null,"og_video":null,"og_custom_url":null,"og_article_section":null,"og_article_tags":null,"twitter_use_og":false,"twitter_card":"default","twitter_image_type":"default","twitter_image_url":null,"twitter_image_custom_url":null,"twitter_image_custom_fields":null,"twitter_title":null,"twitter_description":null,"schema":{"blockGraphs":[],"customGraphs":[],"default":{"data":{"Article":[],"Course":[],"Dataset":[],"FAQPage":[],"Movie":[],"Person":[],"Product":[],"ProductReview":[],"Car":[],"Recipe":[],"Service":[],"SoftwareApplication":[],"WebPage":[]},"graphName":"","isEnabled":true},"graphs":[]},"schema_type":"default","schema_type_options":null,"pillar_content":false,"robots_default":true,"robots_noindex":false,"robots_noarchive":false,"robots_nosnippet":false,"robots_nofollow":false,"robots_noimageindex":false,"robots_noodp":false,"robots_notranslate":false,"robots_max_snippet":null,"robots_max_videopreview":null,"robots_max_imagepreview":"large","priority":null,"frequency":null,"local_seo":null,"breadcrumb_settings":null,"limit_modified_date":false,"ai":null,"created":"2025-08-16 22:50:31","updated":"2025-08-16 22:50:31","focus_keyword":null,"additional_keywords":null,"truseo_locale":null,"seo_analyzer_scan_date":null},"aioseo_breadcrumb":"<div class=\"aioseo-breadcrumbs\"><span class=\"aioseo-breadcrumb\">\n\t\t\t<a href=\"https:\/\/anoticiaonline.com.br\/site\" title=\"Home\">Home<\/a>\n\t\t<\/span><span class=\"aioseo-breadcrumb-separator\">&raquo;<\/span><span class=\"aioseo-breadcrumb\">\n\t\t\t<a href=\"https:\/\/anoticiaonline.com.br\/site\/categoria\/gerais\/\" title=\"Gerais\">Gerais<\/a>\n\t\t<\/span><span class=\"aioseo-breadcrumb-separator\">&raquo;<\/span><span class=\"aioseo-breadcrumb\">\n\t\t\tBloco Mangua\u00e7a agita o pr\u00e9-carnaval muriaeense com a Bateria da Mangueira\n\t\t<\/span><\/div>","aioseo_breadcrumb_json":[{"label":"Home","link":"https:\/\/anoticiaonline.com.br\/site"},{"label":"Gerais","link":"https:\/\/anoticiaonline.com.br\/site\/categoria\/gerais\/"},{"label":"Bloco Mangua\u00e7a agita o pr\u00e9-carnaval muriaeense com a Bateria da Mangueira","link":"https:\/\/anoticiaonline.com.br\/site\/bloco-manguaca-agita-o-pre-carnaval-muriaeense-com-a-bateria-da-mangueira\/"}],"views":147,"_links":{"self":[{"href":"https:\/\/anoticiaonline.com.br\/site\/wp-json\/wp\/v2\/posts\/67397","targetHints":{"allow":["GET"]}}],"collection":[{"href":"https:\/\/anoticiaonline.com.br\/site\/wp-json\/wp\/v2\/posts"}],"about":[{"href":"https:\/\/anoticiaonline.com.br\/site\/wp-json\/wp\/v2\/types\/post"}],"author":[{"embeddable":true,"href":"https:\/\/anoticiaonline.com.br\/site\/wp-json\/wp\/v2\/users\/2"}],"replies":[{"embeddable":true,"href":"https:\/\/anoticiaonline.com.br\/site\/wp-json\/wp\/v2\/comments?post=67397"}],"version-history":[{"count":0,"href":"https:\/\/anoticiaonline.com.br\/site\/wp-json\/wp\/v2\/posts\/67397\/revisions"}],"wp:featuredmedia":[{"embeddable":true,"href":"https:\/\/anoticiaonline.com.br\/site\/wp-json\/wp\/v2\/media\/67427"}],"wp:attachment":[{"href":"https:\/\/anoticiaonline.com.br\/site\/wp-json\/wp\/v2\/media?parent=67397"}],"wp:term":[{"taxonomy":"category","embeddable":true,"href":"https:\/\/anoticiaonline.com.br\/site\/wp-json\/wp\/v2\/categories?post=67397"},{"taxonomy":"post_tag","embeddable":true,"href":"https:\/\/anoticiaonline.com.br\/site\/wp-json\/wp\/v2\/tags?post=67397"}],"curies":[{"name":"wp","href":"https:\/\/api.w.org\/{rel}","templated":true}]}}