{"id":67387,"date":"2019-02-22T08:30:42","date_gmt":"2019-02-22T11:30:42","guid":{"rendered":"http:\/\/anoticiaonline.com.br\/site\/?p=67387"},"modified":"2019-02-21T21:59:07","modified_gmt":"2019-02-22T00:59:07","slug":"hospital-sao-paulo-recebe-visita-do-ministro-da-saude-luiz-henrique-mandetta","status":"publish","type":"post","link":"https:\/\/anoticiaonline.com.br\/site\/hospital-sao-paulo-recebe-visita-do-ministro-da-saude-luiz-henrique-mandetta\/","title":{"rendered":"Hospital S\u00e3o Paulo recebe visita do ministro da Sa\u00fade, Luiz Henrique Mandetta"},"content":{"rendered":"<p><a href=\"https:\/\/anoticiaonline.com.br\/site\/wp-content\/uploads\/2019\/02\/DSC_0267.jpg\"><img fetchpriority=\"high\" decoding=\"async\" class=\"aligncenter size-full wp-image-67388\" src=\"https:\/\/anoticiaonline.com.br\/site\/wp-content\/uploads\/2019\/02\/DSC_0267.jpg\" alt=\"\" width=\"800\" height=\"535\" srcset=\"https:\/\/anoticiaonline.com.br\/site\/wp-content\/uploads\/2019\/02\/DSC_0267.jpg 800w, https:\/\/anoticiaonline.com.br\/site\/wp-content\/uploads\/2019\/02\/DSC_0267-300x200.jpg 300w, https:\/\/anoticiaonline.com.br\/site\/wp-content\/uploads\/2019\/02\/DSC_0267-768x514.jpg 768w\" sizes=\"(max-width: 800px) 100vw, 800px\" \/><\/a><\/p>\n<p>O ministro da Sa\u00fade Luiz Henrique Mandetta visitou, na segunda-feira (18), as instala\u00e7\u00f5es do Hospital S\u00e3o Paulo em Muria\u00e9. Acompanhando de membros da diretoria do Hospital e lideran\u00e7as pol\u00edticas da regi\u00e3o, o ministro caminhou rapidamente pela entidade e ouviu sobre a necessidade do atendimento de demandas para o HSP, que atende a pacientes n\u00e3o s\u00f3 de Muria\u00e9, como de v\u00e1rios munic\u00edpios da regi\u00e3o.<!--more--><\/p>\n<p>Para o provedor do Hospital S\u00e3o Paulo, Messias Vardiero, a uni\u00e3o das for\u00e7as pol\u00edticas da regi\u00e3o em prol da entidade \u00e9 fundamental para que o atendimento continue sendo levado a milhares de pacientes. \u201cSabemos que \u00e9 dif\u00edcil haver espa\u00e7o na agenda de um ministro, por isso ficamos felizes com a visita, mesmo que rapidamente. Passamos pra ele algumas de nossas demandas e ele ficou de retornar para uma nova visita. O Hospital S\u00e3o Paulo \u00e9 uma entidade filantr\u00f3pica e precisa da uni\u00e3o das autoridades para enfrentar o dia a dia\u201d, avaliou o provedor.<\/p>\n<p>O suplente de senador Renzo Braz, que foi companheiro de Mandetta na C\u00e2mara dos Deputados por dois mandatos, foi o respons\u00e1vel pelo convite ao ministro. \u201cSabemos que Muria\u00e9 \u00e9 uma cidade que atende muito bem na sa\u00fade. Pedi ao ministro que fizesse essa visita, para conhecer a realidade da nossa sa\u00fade e, ao receber nossas demandas junto ao Minist\u00e9rio, ele saber\u00e1 bem o que est\u00e1 atendendo\u201d, explicou Renzo.<\/p>\n<p>Quem tamb\u00e9m acompanhou a visita foi o suplente de Deputado Federal e advogado Paulo S\u00e9rgio Amaral, candidato nas \u00faltimas elei\u00e7\u00f5es. \u201cA escolha do ministro Mandetta para o cargo foi uma verdadeira homenagem \u00e0 sa\u00fade. Ele agrega uma capacidade t\u00e9cnica muito grande, por ser m\u00e9dico, e uma not\u00e1vel capacidade pol\u00edtica por ser deputado federal. Reafirmamos nosso compromisso, enquanto cidad\u00e3os e enquanto militante pol\u00edtico, de sempre trabalhar para a busca de recursos para o HSP\u201d, encerrou.<\/p>\n<div id='gallery-1' class='gallery galleryid-67387 gallery-columns-1 gallery-size-full'><figure class='gallery-item'>\n\t\t\t<div class='gallery-icon landscape'>\n\t\t\t\t<a href='https:\/\/anoticiaonline.com.br\/site\/wp-content\/uploads\/2019\/02\/DSC_0041.jpg'><img decoding=\"async\" width=\"800\" height=\"535\" src=\"https:\/\/anoticiaonline.com.br\/site\/wp-content\/uploads\/2019\/02\/DSC_0041.jpg\" class=\"attachment-full size-full\" alt=\"\" srcset=\"https:\/\/anoticiaonline.com.br\/site\/wp-content\/uploads\/2019\/02\/DSC_0041.jpg 800w, https:\/\/anoticiaonline.com.br\/site\/wp-content\/uploads\/2019\/02\/DSC_0041-300x200.jpg 300w, https:\/\/anoticiaonline.com.br\/site\/wp-content\/uploads\/2019\/02\/DSC_0041-768x514.jpg 768w\" sizes=\"(max-width: 800px) 100vw, 800px\" \/><\/a>\n\t\t\t<\/div><\/figure><figure class='gallery-item'>\n\t\t\t<div class='gallery-icon landscape'>\n\t\t\t\t<a href='https:\/\/anoticiaonline.com.br\/site\/wp-content\/uploads\/2019\/02\/DSC_0159-1.jpg'><img decoding=\"async\" width=\"800\" height=\"533\" src=\"https:\/\/anoticiaonline.com.br\/site\/wp-content\/uploads\/2019\/02\/DSC_0159-1.jpg\" class=\"attachment-full size-full\" alt=\"\" srcset=\"https:\/\/anoticiaonline.com.br\/site\/wp-content\/uploads\/2019\/02\/DSC_0159-1.jpg 800w, https:\/\/anoticiaonline.com.br\/site\/wp-content\/uploads\/2019\/02\/DSC_0159-1-300x200.jpg 300w, https:\/\/anoticiaonline.com.br\/site\/wp-content\/uploads\/2019\/02\/DSC_0159-1-768x512.jpg 768w\" sizes=\"(max-width: 800px) 100vw, 800px\" \/><\/a>\n\t\t\t<\/div><\/figure><figure class='gallery-item'>\n\t\t\t<div class='gallery-icon landscape'>\n\t\t\t\t<a href='https:\/\/anoticiaonline.com.br\/site\/wp-content\/uploads\/2019\/02\/DSC_0162.jpg'><img loading=\"lazy\" decoding=\"async\" width=\"800\" height=\"533\" src=\"https:\/\/anoticiaonline.com.br\/site\/wp-content\/uploads\/2019\/02\/DSC_0162.jpg\" class=\"attachment-full size-full\" alt=\"\" srcset=\"https:\/\/anoticiaonline.com.br\/site\/wp-content\/uploads\/2019\/02\/DSC_0162.jpg 800w, https:\/\/anoticiaonline.com.br\/site\/wp-content\/uploads\/2019\/02\/DSC_0162-300x200.jpg 300w, https:\/\/anoticiaonline.com.br\/site\/wp-content\/uploads\/2019\/02\/DSC_0162-768x512.jpg 768w\" sizes=\"(max-width: 800px) 100vw, 800px\" \/><\/a>\n\t\t\t<\/div><\/figure><figure class='gallery-item'>\n\t\t\t<div class='gallery-icon landscape'>\n\t\t\t\t<a href='https:\/\/anoticiaonline.com.br\/site\/wp-content\/uploads\/2019\/02\/DSC_0167.jpg'><img loading=\"lazy\" decoding=\"async\" width=\"800\" height=\"533\" src=\"https:\/\/anoticiaonline.com.br\/site\/wp-content\/uploads\/2019\/02\/DSC_0167.jpg\" class=\"attachment-full size-full\" alt=\"\" srcset=\"https:\/\/anoticiaonline.com.br\/site\/wp-content\/uploads\/2019\/02\/DSC_0167.jpg 800w, https:\/\/anoticiaonline.com.br\/site\/wp-content\/uploads\/2019\/02\/DSC_0167-300x200.jpg 300w, https:\/\/anoticiaonline.com.br\/site\/wp-content\/uploads\/2019\/02\/DSC_0167-768x512.jpg 768w\" sizes=\"(max-width: 800px) 100vw, 800px\" \/><\/a>\n\t\t\t<\/div><\/figure><figure class='gallery-item'>\n\t\t\t<div class='gallery-icon landscape'>\n\t\t\t\t<a href='https:\/\/anoticiaonline.com.br\/site\/wp-content\/uploads\/2019\/02\/DSC_0269.jpg'><img loading=\"lazy\" decoding=\"async\" width=\"800\" height=\"535\" src=\"https:\/\/anoticiaonline.com.br\/site\/wp-content\/uploads\/2019\/02\/DSC_0269.jpg\" class=\"attachment-full size-full\" alt=\"\" srcset=\"https:\/\/anoticiaonline.com.br\/site\/wp-content\/uploads\/2019\/02\/DSC_0269.jpg 800w, https:\/\/anoticiaonline.com.br\/site\/wp-content\/uploads\/2019\/02\/DSC_0269-300x200.jpg 300w, https:\/\/anoticiaonline.com.br\/site\/wp-content\/uploads\/2019\/02\/DSC_0269-768x514.jpg 768w\" sizes=\"(max-width: 800px) 100vw, 800px\" \/><\/a>\n\t\t\t<\/div><\/figure>\n\t\t<\/div>\n\n","protected":false},"excerpt":{"rendered":"<p>O ministro da Sa\u00fade Luiz Henrique Mandetta visitou, na segunda-feira (18), as instala\u00e7\u00f5es do Hospital S\u00e3o Paulo em Muria\u00e9. Acompanhando de membros da diretoria do Hospital e lideran\u00e7as pol\u00edticas da regi\u00e3o, o ministro caminhou rapidamente pela entidade e ouviu sobre a necessidade do atendimento de demandas para o HSP, que atende a pacientes n\u00e3o s\u00f3 &#8230; <a title=\"Hospital S\u00e3o Paulo recebe visita do ministro da Sa\u00fade, Luiz Henrique Mandetta\" class=\"read-more\" href=\"https:\/\/anoticiaonline.com.br\/site\/hospital-sao-paulo-recebe-visita-do-ministro-da-saude-luiz-henrique-mandetta\/\" aria-label=\"Read more about Hospital S\u00e3o Paulo recebe visita do ministro da Sa\u00fade, Luiz Henrique Mandetta\">Ler mais<\/a><\/p>\n","protected":false},"author":2,"featured_media":67395,"comment_status":"open","ping_status":"open","sticky":false,"template":"","format":"standard","meta":{"_acf_changed":false,"_monsterinsights_skip_tracking":false,"footnotes":""},"categories":[30,1],"tags":[56,3692],"class_list":["post-67387","post","type-post","status-publish","format-standard","has-post-thumbnail","hentry","category-muriae","category-gerais","tag-hospital-sao-paulo","tag-ministro-da-saude"],"acf":[],"aioseo_notices":[],"aioseo_head":"\n\t\t<!-- All in One SEO 5.0.0.1 - aioseo.com -->\n\t<meta name=\"description\" content=\"O ministro da Sa\u00fade Luiz Henrique Mandetta visitou, na segunda-feira (18), as instala\u00e7\u00f5es do Hospital S\u00e3o Paulo em Muria\u00e9. Acompanhando de membros da diretoria do Hospital e lideran\u00e7as pol\u00edticas da regi\u00e3o, o ministro caminhou rapidamente pela entidade e ouviu sobre a necessidade do atendimento de demandas para o HSP, que atende a pacientes n\u00e3o s\u00f3\" \/>\n\t<meta name=\"robots\" content=\"max-image-preview:large\" \/>\n\t<meta name=\"author\" content=\"Juliana Laviola\"\/>\n\t<link rel=\"canonical\" href=\"https:\/\/anoticiaonline.com.br\/site\/hospital-sao-paulo-recebe-visita-do-ministro-da-saude-luiz-henrique-mandetta\/\" \/>\n\t<meta name=\"generator\" content=\"All in One SEO (AIOSEO) 5.0.0.1\" \/>\n\t\t<meta property=\"og:locale\" content=\"pt_BR\" \/>\n\t\t<meta property=\"og:site_name\" content=\"A Not\u00edcia Online - Noticias de Muria\u00e9 e regi\u00e3o\" \/>\n\t\t<meta property=\"og:type\" content=\"article\" \/>\n\t\t<meta property=\"og:title\" content=\"Hospital S\u00e3o Paulo recebe visita do ministro da Sa\u00fade, Luiz Henrique Mandetta - A Not\u00edcia Online\" \/>\n\t\t<meta property=\"og:description\" content=\"O ministro da Sa\u00fade Luiz Henrique Mandetta visitou, na segunda-feira (18), as instala\u00e7\u00f5es do Hospital S\u00e3o Paulo em Muria\u00e9. Acompanhando de membros da diretoria do Hospital e lideran\u00e7as pol\u00edticas da regi\u00e3o, o ministro caminhou rapidamente pela entidade e ouviu sobre a necessidade do atendimento de demandas para o HSP, que atende a pacientes n\u00e3o s\u00f3\" \/>\n\t\t<meta property=\"og:url\" content=\"https:\/\/anoticiaonline.com.br\/site\/hospital-sao-paulo-recebe-visita-do-ministro-da-saude-luiz-henrique-mandetta\/\" \/>\n\t\t<meta property=\"og:image\" content=\"https:\/\/scontent-gig4-1.xx.fbcdn.net\/v\/t39.30808-1\/270437624_4564083193639691_6907940295614233970_n.jpg?stp=dst-jpg_s200x200_tt6&#038;_nc_cat=111&#038;ccb=1-7&#038;_nc_sid=f907e8&#038;_nc_ohc=SM1wRlP3lJwQ7kNvwEPuBYA&#038;_nc_oc=AdnqrjDN_BNjSSHWO-GbkIWH6fkGMLw4bqvL_NH6e2wMveX7G-rP2dAqsDSq1mJMOaY&#038;_nc_zt=24&#038;_nc_ht=scontent-gig4-1.xx&#038;_nc_gid=AoBFJeGrT1hVaew_6rchkQ&#038;oh=00_AfX7QmFGhQhG2jAllVgXCiM1ZrWgvtp80-Bfppyexh1QEg&#038;oe=689E923C\" \/>\n\t\t<meta property=\"og:image:secure_url\" content=\"https:\/\/scontent-gig4-1.xx.fbcdn.net\/v\/t39.30808-1\/270437624_4564083193639691_6907940295614233970_n.jpg?stp=dst-jpg_s200x200_tt6&#038;_nc_cat=111&#038;ccb=1-7&#038;_nc_sid=f907e8&#038;_nc_ohc=SM1wRlP3lJwQ7kNvwEPuBYA&#038;_nc_oc=AdnqrjDN_BNjSSHWO-GbkIWH6fkGMLw4bqvL_NH6e2wMveX7G-rP2dAqsDSq1mJMOaY&#038;_nc_zt=24&#038;_nc_ht=scontent-gig4-1.xx&#038;_nc_gid=AoBFJeGrT1hVaew_6rchkQ&#038;oh=00_AfX7QmFGhQhG2jAllVgXCiM1ZrWgvtp80-Bfppyexh1QEg&#038;oe=689E923C\" \/>\n\t\t<meta property=\"article:published_time\" content=\"2019-02-22T11:30:42+00:00\" \/>\n\t\t<meta property=\"article:modified_time\" content=\"2019-02-22T00:59:07+00:00\" \/>\n\t\t<meta name=\"twitter:card\" content=\"summary_large_image\" \/>\n\t\t<meta name=\"twitter:title\" content=\"Hospital S\u00e3o Paulo recebe visita do ministro da Sa\u00fade, Luiz Henrique Mandetta - A Not\u00edcia Online\" \/>\n\t\t<meta name=\"twitter:description\" content=\"O ministro da Sa\u00fade Luiz Henrique Mandetta visitou, na segunda-feira (18), as instala\u00e7\u00f5es do Hospital S\u00e3o Paulo em Muria\u00e9. Acompanhando de membros da diretoria do Hospital e lideran\u00e7as pol\u00edticas da regi\u00e3o, o ministro caminhou rapidamente pela entidade e ouviu sobre a necessidade do atendimento de demandas para o HSP, que atende a pacientes n\u00e3o s\u00f3\" \/>\n\t\t<meta name=\"twitter:image\" content=\"https:\/\/scontent-gig4-1.xx.fbcdn.net\/v\/t39.30808-1\/270437624_4564083193639691_6907940295614233970_n.jpg?stp=dst-jpg_s200x200_tt6&amp;_nc_cat=111&amp;ccb=1-7&amp;_nc_sid=f907e8&amp;_nc_ohc=SM1wRlP3lJwQ7kNvwEPuBYA&amp;_nc_oc=AdnqrjDN_BNjSSHWO-GbkIWH6fkGMLw4bqvL_NH6e2wMveX7G-rP2dAqsDSq1mJMOaY&amp;_nc_zt=24&amp;_nc_ht=scontent-gig4-1.xx&amp;_nc_gid=AoBFJeGrT1hVaew_6rchkQ&amp;oh=00_AfX7QmFGhQhG2jAllVgXCiM1ZrWgvtp80-Bfppyexh1QEg&amp;oe=689E923C\" \/>\n\t\t<script type=\"application\/ld+json\" class=\"aioseo-schema\">\n\t\t\t{\"@context\":\"https:\\\/\\\/schema.org\",\"@graph\":[{\"@type\":\"BlogPosting\",\"@id\":\"https:\\\/\\\/anoticiaonline.com.br\\\/site\\\/hospital-sao-paulo-recebe-visita-do-ministro-da-saude-luiz-henrique-mandetta\\\/#blogposting\",\"name\":\"Hospital S\\u00e3o Paulo recebe visita do ministro da Sa\\u00fade, Luiz Henrique Mandetta - A Not\\u00edcia Online\",\"headline\":\"Hospital S\\u00e3o Paulo recebe visita do ministro da Sa\\u00fade, Luiz Henrique Mandetta\",\"author\":{\"@id\":\"https:\\\/\\\/anoticiaonline.com.br\\\/site\\\/author\\\/juliana\\\/#author\"},\"publisher\":{\"@id\":\"https:\\\/\\\/anoticiaonline.com.br\\\/site\\\/#organization\"},\"image\":{\"@type\":\"ImageObject\",\"url\":\"https:\\\/\\\/anoticiaonline.com.br\\\/site\\\/wp-content\\\/uploads\\\/2019\\\/02\\\/destaque-1.jpg\",\"width\":1000,\"height\":350},\"datePublished\":\"2019-02-22T08:30:42-03:00\",\"dateModified\":\"2019-02-21T21:59:07-03:00\",\"inLanguage\":\"pt-BR\",\"mainEntityOfPage\":{\"@id\":\"https:\\\/\\\/anoticiaonline.com.br\\\/site\\\/hospital-sao-paulo-recebe-visita-do-ministro-da-saude-luiz-henrique-mandetta\\\/#webpage\"},\"isPartOf\":{\"@id\":\"https:\\\/\\\/anoticiaonline.com.br\\\/site\\\/hospital-sao-paulo-recebe-visita-do-ministro-da-saude-luiz-henrique-mandetta\\\/#webpage\"},\"articleSection\":\"Blog, Gerais, Hospital S\\u00e3o Paulo, Ministro da Sa\\u00fade\"},{\"@type\":\"BreadcrumbList\",\"@id\":\"https:\\\/\\\/anoticiaonline.com.br\\\/site\\\/hospital-sao-paulo-recebe-visita-do-ministro-da-saude-luiz-henrique-mandetta\\\/#breadcrumblist\",\"itemListElement\":[{\"@type\":\"ListItem\",\"@id\":\"https:\\\/\\\/anoticiaonline.com.br\\\/site#listItem\",\"position\":1,\"name\":\"Home\",\"item\":\"https:\\\/\\\/anoticiaonline.com.br\\\/site\",\"nextItem\":{\"@type\":\"ListItem\",\"@id\":\"https:\\\/\\\/anoticiaonline.com.br\\\/site\\\/categoria\\\/gerais\\\/#listItem\",\"name\":\"Gerais\"}},{\"@type\":\"ListItem\",\"@id\":\"https:\\\/\\\/anoticiaonline.com.br\\\/site\\\/categoria\\\/gerais\\\/#listItem\",\"position\":2,\"name\":\"Gerais\",\"item\":\"https:\\\/\\\/anoticiaonline.com.br\\\/site\\\/categoria\\\/gerais\\\/\",\"nextItem\":{\"@type\":\"ListItem\",\"@id\":\"https:\\\/\\\/anoticiaonline.com.br\\\/site\\\/hospital-sao-paulo-recebe-visita-do-ministro-da-saude-luiz-henrique-mandetta\\\/#listItem\",\"name\":\"Hospital S\\u00e3o Paulo recebe visita do ministro da Sa\\u00fade, Luiz Henrique Mandetta\"},\"previousItem\":{\"@type\":\"ListItem\",\"@id\":\"https:\\\/\\\/anoticiaonline.com.br\\\/site#listItem\",\"name\":\"Home\"}},{\"@type\":\"ListItem\",\"@id\":\"https:\\\/\\\/anoticiaonline.com.br\\\/site\\\/hospital-sao-paulo-recebe-visita-do-ministro-da-saude-luiz-henrique-mandetta\\\/#listItem\",\"position\":3,\"name\":\"Hospital S\\u00e3o Paulo recebe visita do ministro da Sa\\u00fade, Luiz Henrique Mandetta\",\"previousItem\":{\"@type\":\"ListItem\",\"@id\":\"https:\\\/\\\/anoticiaonline.com.br\\\/site\\\/categoria\\\/gerais\\\/#listItem\",\"name\":\"Gerais\"}}]},{\"@type\":\"Organization\",\"@id\":\"https:\\\/\\\/anoticiaonline.com.br\\\/site\\\/#organization\",\"name\":\"A Not\\u00edcia Online\",\"description\":\"Noticias de Muria\\u00e9 e regi\\u00e3o\",\"url\":\"https:\\\/\\\/anoticiaonline.com.br\\\/site\\\/\",\"logo\":{\"@type\":\"ImageObject\",\"url\":\"https:\\\/\\\/scontent-gig4-1.xx.fbcdn.net\\\/v\\\/t39.30808-1\\\/270437624_4564083193639691_6907940295614233970_n.jpg?stp=dst-jpg_s200x200_tt6&_nc_cat=111&ccb=1-7&_nc_sid=f907e8&_nc_ohc=SM1wRlP3lJwQ7kNvwEPuBYA&_nc_oc=AdnqrjDN_BNjSSHWO-GbkIWH6fkGMLw4bqvL_NH6e2wMveX7G-rP2dAqsDSq1mJMOaY&_nc_zt=24&_nc_ht=scontent-gig4-1.xx&_nc_gid=AoBFJeGrT1hVaew_6rchkQ&oh=00_AfX7QmFGhQhG2jAllVgXCiM1ZrWgvtp80-Bfppyexh1QEg&oe=689E923C\",\"@id\":\"https:\\\/\\\/anoticiaonline.com.br\\\/site\\\/hospital-sao-paulo-recebe-visita-do-ministro-da-saude-luiz-henrique-mandetta\\\/#organizationLogo\"},\"image\":{\"@id\":\"https:\\\/\\\/anoticiaonline.com.br\\\/site\\\/hospital-sao-paulo-recebe-visita-do-ministro-da-saude-luiz-henrique-mandetta\\\/#organizationLogo\"}},{\"@type\":\"Person\",\"@id\":\"https:\\\/\\\/anoticiaonline.com.br\\\/site\\\/author\\\/juliana\\\/#author\",\"url\":\"https:\\\/\\\/anoticiaonline.com.br\\\/site\\\/author\\\/juliana\\\/\",\"name\":\"Juliana Laviola\",\"image\":{\"@type\":\"ImageObject\",\"@id\":\"https:\\\/\\\/anoticiaonline.com.br\\\/site\\\/hospital-sao-paulo-recebe-visita-do-ministro-da-saude-luiz-henrique-mandetta\\\/#authorImage\",\"url\":\"https:\\\/\\\/secure.gravatar.com\\\/avatar\\\/b8d45f5c699b100dfaf0e543582f38f38bf94cb7ae3a5e9abf8d891a34773335?s=96&d=mm&r=g\",\"width\":96,\"height\":96,\"caption\":\"Juliana Laviola\"}},{\"@type\":\"WebPage\",\"@id\":\"https:\\\/\\\/anoticiaonline.com.br\\\/site\\\/hospital-sao-paulo-recebe-visita-do-ministro-da-saude-luiz-henrique-mandetta\\\/#webpage\",\"url\":\"https:\\\/\\\/anoticiaonline.com.br\\\/site\\\/hospital-sao-paulo-recebe-visita-do-ministro-da-saude-luiz-henrique-mandetta\\\/\",\"name\":\"Hospital S\\u00e3o Paulo recebe visita do ministro da Sa\\u00fade, Luiz Henrique Mandetta - A Not\\u00edcia Online\",\"description\":\"O ministro da Sa\\u00fade Luiz Henrique Mandetta visitou, na segunda-feira (18), as instala\\u00e7\\u00f5es do Hospital S\\u00e3o Paulo em Muria\\u00e9. Acompanhando de membros da diretoria do Hospital e lideran\\u00e7as pol\\u00edticas da regi\\u00e3o, o ministro caminhou rapidamente pela entidade e ouviu sobre a necessidade do atendimento de demandas para o HSP, que atende a pacientes n\\u00e3o s\\u00f3\",\"inLanguage\":\"pt-BR\",\"isPartOf\":{\"@id\":\"https:\\\/\\\/anoticiaonline.com.br\\\/site\\\/#website\"},\"breadcrumb\":{\"@id\":\"https:\\\/\\\/anoticiaonline.com.br\\\/site\\\/hospital-sao-paulo-recebe-visita-do-ministro-da-saude-luiz-henrique-mandetta\\\/#breadcrumblist\"},\"author\":{\"@id\":\"https:\\\/\\\/anoticiaonline.com.br\\\/site\\\/author\\\/juliana\\\/#author\"},\"creator\":{\"@id\":\"https:\\\/\\\/anoticiaonline.com.br\\\/site\\\/author\\\/juliana\\\/#author\"},\"image\":{\"@type\":\"ImageObject\",\"url\":\"https:\\\/\\\/anoticiaonline.com.br\\\/site\\\/wp-content\\\/uploads\\\/2019\\\/02\\\/destaque-1.jpg\",\"@id\":\"https:\\\/\\\/anoticiaonline.com.br\\\/site\\\/hospital-sao-paulo-recebe-visita-do-ministro-da-saude-luiz-henrique-mandetta\\\/#mainImage\",\"width\":1000,\"height\":350},\"primaryImageOfPage\":{\"@id\":\"https:\\\/\\\/anoticiaonline.com.br\\\/site\\\/hospital-sao-paulo-recebe-visita-do-ministro-da-saude-luiz-henrique-mandetta\\\/#mainImage\"},\"datePublished\":\"2019-02-22T08:30:42-03:00\",\"dateModified\":\"2019-02-21T21:59:07-03:00\"},{\"@type\":\"WebSite\",\"@id\":\"https:\\\/\\\/anoticiaonline.com.br\\\/site\\\/#website\",\"url\":\"https:\\\/\\\/anoticiaonline.com.br\\\/site\\\/\",\"name\":\"A Not\\u00edcia Online\",\"description\":\"Noticias de Muria\\u00e9 e regi\\u00e3o\",\"inLanguage\":\"pt-BR\",\"publisher\":{\"@id\":\"https:\\\/\\\/anoticiaonline.com.br\\\/site\\\/#organization\"}}]}\n\t\t<\/script>\n\t\t<!-- All in One SEO -->\n\n","aioseo_head_json":{"title":"Hospital S\u00e3o Paulo recebe visita do ministro da Sa\u00fade, Luiz Henrique Mandetta - A Not\u00edcia Online","description":"O ministro da Sa\u00fade Luiz Henrique Mandetta visitou, na segunda-feira (18), as instala\u00e7\u00f5es do Hospital S\u00e3o Paulo em Muria\u00e9. Acompanhando de membros da diretoria do Hospital e lideran\u00e7as pol\u00edticas da regi\u00e3o, o ministro caminhou rapidamente pela entidade e ouviu sobre a necessidade do atendimento de demandas para o HSP, que atende a pacientes n\u00e3o s\u00f3","canonical_url":"https:\/\/anoticiaonline.com.br\/site\/hospital-sao-paulo-recebe-visita-do-ministro-da-saude-luiz-henrique-mandetta\/","robots":"max-image-preview:large","keywords":"","webmasterTools":{"miscellaneous":""},"schema":{"@context":"https:\/\/schema.org","@graph":[{"@type":"BlogPosting","@id":"https:\/\/anoticiaonline.com.br\/site\/hospital-sao-paulo-recebe-visita-do-ministro-da-saude-luiz-henrique-mandetta\/#blogposting","name":"Hospital S\u00e3o Paulo recebe visita do ministro da Sa\u00fade, Luiz Henrique Mandetta - A Not\u00edcia Online","headline":"Hospital S\u00e3o Paulo recebe visita do ministro da Sa\u00fade, Luiz Henrique Mandetta","author":{"@id":"https:\/\/anoticiaonline.com.br\/site\/author\/juliana\/#author"},"publisher":{"@id":"https:\/\/anoticiaonline.com.br\/site\/#organization"},"image":{"@type":"ImageObject","url":"https:\/\/anoticiaonline.com.br\/site\/wp-content\/uploads\/2019\/02\/destaque-1.jpg","width":1000,"height":350},"datePublished":"2019-02-22T08:30:42-03:00","dateModified":"2019-02-21T21:59:07-03:00","inLanguage":"pt-BR","mainEntityOfPage":{"@id":"https:\/\/anoticiaonline.com.br\/site\/hospital-sao-paulo-recebe-visita-do-ministro-da-saude-luiz-henrique-mandetta\/#webpage"},"isPartOf":{"@id":"https:\/\/anoticiaonline.com.br\/site\/hospital-sao-paulo-recebe-visita-do-ministro-da-saude-luiz-henrique-mandetta\/#webpage"},"articleSection":"Blog, Gerais, Hospital S\u00e3o Paulo, Ministro da Sa\u00fade"},{"@type":"BreadcrumbList","@id":"https:\/\/anoticiaonline.com.br\/site\/hospital-sao-paulo-recebe-visita-do-ministro-da-saude-luiz-henrique-mandetta\/#breadcrumblist","itemListElement":[{"@type":"ListItem","@id":"https:\/\/anoticiaonline.com.br\/site#listItem","position":1,"name":"Home","item":"https:\/\/anoticiaonline.com.br\/site","nextItem":{"@type":"ListItem","@id":"https:\/\/anoticiaonline.com.br\/site\/categoria\/gerais\/#listItem","name":"Gerais"}},{"@type":"ListItem","@id":"https:\/\/anoticiaonline.com.br\/site\/categoria\/gerais\/#listItem","position":2,"name":"Gerais","item":"https:\/\/anoticiaonline.com.br\/site\/categoria\/gerais\/","nextItem":{"@type":"ListItem","@id":"https:\/\/anoticiaonline.com.br\/site\/hospital-sao-paulo-recebe-visita-do-ministro-da-saude-luiz-henrique-mandetta\/#listItem","name":"Hospital S\u00e3o Paulo recebe visita do ministro da Sa\u00fade, Luiz Henrique Mandetta"},"previousItem":{"@type":"ListItem","@id":"https:\/\/anoticiaonline.com.br\/site#listItem","name":"Home"}},{"@type":"ListItem","@id":"https:\/\/anoticiaonline.com.br\/site\/hospital-sao-paulo-recebe-visita-do-ministro-da-saude-luiz-henrique-mandetta\/#listItem","position":3,"name":"Hospital S\u00e3o Paulo recebe visita do ministro da Sa\u00fade, Luiz Henrique Mandetta","previousItem":{"@type":"ListItem","@id":"https:\/\/anoticiaonline.com.br\/site\/categoria\/gerais\/#listItem","name":"Gerais"}}]},{"@type":"Organization","@id":"https:\/\/anoticiaonline.com.br\/site\/#organization","name":"A Not\u00edcia Online","description":"Noticias de Muria\u00e9 e regi\u00e3o","url":"https:\/\/anoticiaonline.com.br\/site\/","logo":{"@type":"ImageObject","url":"https:\/\/scontent-gig4-1.xx.fbcdn.net\/v\/t39.30808-1\/270437624_4564083193639691_6907940295614233970_n.jpg?stp=dst-jpg_s200x200_tt6&_nc_cat=111&ccb=1-7&_nc_sid=f907e8&_nc_ohc=SM1wRlP3lJwQ7kNvwEPuBYA&_nc_oc=AdnqrjDN_BNjSSHWO-GbkIWH6fkGMLw4bqvL_NH6e2wMveX7G-rP2dAqsDSq1mJMOaY&_nc_zt=24&_nc_ht=scontent-gig4-1.xx&_nc_gid=AoBFJeGrT1hVaew_6rchkQ&oh=00_AfX7QmFGhQhG2jAllVgXCiM1ZrWgvtp80-Bfppyexh1QEg&oe=689E923C","@id":"https:\/\/anoticiaonline.com.br\/site\/hospital-sao-paulo-recebe-visita-do-ministro-da-saude-luiz-henrique-mandetta\/#organizationLogo"},"image":{"@id":"https:\/\/anoticiaonline.com.br\/site\/hospital-sao-paulo-recebe-visita-do-ministro-da-saude-luiz-henrique-mandetta\/#organizationLogo"}},{"@type":"Person","@id":"https:\/\/anoticiaonline.com.br\/site\/author\/juliana\/#author","url":"https:\/\/anoticiaonline.com.br\/site\/author\/juliana\/","name":"Juliana Laviola","image":{"@type":"ImageObject","@id":"https:\/\/anoticiaonline.com.br\/site\/hospital-sao-paulo-recebe-visita-do-ministro-da-saude-luiz-henrique-mandetta\/#authorImage","url":"https:\/\/secure.gravatar.com\/avatar\/b8d45f5c699b100dfaf0e543582f38f38bf94cb7ae3a5e9abf8d891a34773335?s=96&d=mm&r=g","width":96,"height":96,"caption":"Juliana Laviola"}},{"@type":"WebPage","@id":"https:\/\/anoticiaonline.com.br\/site\/hospital-sao-paulo-recebe-visita-do-ministro-da-saude-luiz-henrique-mandetta\/#webpage","url":"https:\/\/anoticiaonline.com.br\/site\/hospital-sao-paulo-recebe-visita-do-ministro-da-saude-luiz-henrique-mandetta\/","name":"Hospital S\u00e3o Paulo recebe visita do ministro da Sa\u00fade, Luiz Henrique Mandetta - A Not\u00edcia Online","description":"O ministro da Sa\u00fade Luiz Henrique Mandetta visitou, na segunda-feira (18), as instala\u00e7\u00f5es do Hospital S\u00e3o Paulo em Muria\u00e9. Acompanhando de membros da diretoria do Hospital e lideran\u00e7as pol\u00edticas da regi\u00e3o, o ministro caminhou rapidamente pela entidade e ouviu sobre a necessidade do atendimento de demandas para o HSP, que atende a pacientes n\u00e3o s\u00f3","inLanguage":"pt-BR","isPartOf":{"@id":"https:\/\/anoticiaonline.com.br\/site\/#website"},"breadcrumb":{"@id":"https:\/\/anoticiaonline.com.br\/site\/hospital-sao-paulo-recebe-visita-do-ministro-da-saude-luiz-henrique-mandetta\/#breadcrumblist"},"author":{"@id":"https:\/\/anoticiaonline.com.br\/site\/author\/juliana\/#author"},"creator":{"@id":"https:\/\/anoticiaonline.com.br\/site\/author\/juliana\/#author"},"image":{"@type":"ImageObject","url":"https:\/\/anoticiaonline.com.br\/site\/wp-content\/uploads\/2019\/02\/destaque-1.jpg","@id":"https:\/\/anoticiaonline.com.br\/site\/hospital-sao-paulo-recebe-visita-do-ministro-da-saude-luiz-henrique-mandetta\/#mainImage","width":1000,"height":350},"primaryImageOfPage":{"@id":"https:\/\/anoticiaonline.com.br\/site\/hospital-sao-paulo-recebe-visita-do-ministro-da-saude-luiz-henrique-mandetta\/#mainImage"},"datePublished":"2019-02-22T08:30:42-03:00","dateModified":"2019-02-21T21:59:07-03:00"},{"@type":"WebSite","@id":"https:\/\/anoticiaonline.com.br\/site\/#website","url":"https:\/\/anoticiaonline.com.br\/site\/","name":"A Not\u00edcia Online","description":"Noticias de Muria\u00e9 e regi\u00e3o","inLanguage":"pt-BR","publisher":{"@id":"https:\/\/anoticiaonline.com.br\/site\/#organization"}}]},"og:locale":"pt_BR","og:site_name":"A Not\u00edcia Online - Noticias de Muria\u00e9 e regi\u00e3o","og:type":"article","og:title":"Hospital S\u00e3o Paulo recebe visita do ministro da Sa\u00fade, Luiz Henrique Mandetta - A Not\u00edcia Online","og:description":"O ministro da Sa\u00fade Luiz Henrique Mandetta visitou, na segunda-feira (18), as instala\u00e7\u00f5es do Hospital S\u00e3o Paulo em Muria\u00e9. Acompanhando de membros da diretoria do Hospital e lideran\u00e7as pol\u00edticas da regi\u00e3o, o ministro caminhou rapidamente pela entidade e ouviu sobre a necessidade do atendimento de demandas para o HSP, que atende a pacientes n\u00e3o s\u00f3","og:url":"https:\/\/anoticiaonline.com.br\/site\/hospital-sao-paulo-recebe-visita-do-ministro-da-saude-luiz-henrique-mandetta\/","og:image":"https:\/\/scontent-gig4-1.xx.fbcdn.net\/v\/t39.30808-1\/270437624_4564083193639691_6907940295614233970_n.jpg?stp=dst-jpg_s200x200_tt6&#038;_nc_cat=111&#038;ccb=1-7&#038;_nc_sid=f907e8&#038;_nc_ohc=SM1wRlP3lJwQ7kNvwEPuBYA&#038;_nc_oc=AdnqrjDN_BNjSSHWO-GbkIWH6fkGMLw4bqvL_NH6e2wMveX7G-rP2dAqsDSq1mJMOaY&#038;_nc_zt=24&#038;_nc_ht=scontent-gig4-1.xx&#038;_nc_gid=AoBFJeGrT1hVaew_6rchkQ&#038;oh=00_AfX7QmFGhQhG2jAllVgXCiM1ZrWgvtp80-Bfppyexh1QEg&#038;oe=689E923C","og:image:secure_url":"https:\/\/scontent-gig4-1.xx.fbcdn.net\/v\/t39.30808-1\/270437624_4564083193639691_6907940295614233970_n.jpg?stp=dst-jpg_s200x200_tt6&#038;_nc_cat=111&#038;ccb=1-7&#038;_nc_sid=f907e8&#038;_nc_ohc=SM1wRlP3lJwQ7kNvwEPuBYA&#038;_nc_oc=AdnqrjDN_BNjSSHWO-GbkIWH6fkGMLw4bqvL_NH6e2wMveX7G-rP2dAqsDSq1mJMOaY&#038;_nc_zt=24&#038;_nc_ht=scontent-gig4-1.xx&#038;_nc_gid=AoBFJeGrT1hVaew_6rchkQ&#038;oh=00_AfX7QmFGhQhG2jAllVgXCiM1ZrWgvtp80-Bfppyexh1QEg&#038;oe=689E923C","article:published_time":"2019-02-22T11:30:42+00:00","article:modified_time":"2019-02-22T00:59:07+00:00","twitter:card":"summary_large_image","twitter:title":"Hospital S\u00e3o Paulo recebe visita do ministro da Sa\u00fade, Luiz Henrique Mandetta - A Not\u00edcia Online","twitter:description":"O ministro da Sa\u00fade Luiz Henrique Mandetta visitou, na segunda-feira (18), as instala\u00e7\u00f5es do Hospital S\u00e3o Paulo em Muria\u00e9. Acompanhando de membros da diretoria do Hospital e lideran\u00e7as pol\u00edticas da regi\u00e3o, o ministro caminhou rapidamente pela entidade e ouviu sobre a necessidade do atendimento de demandas para o HSP, que atende a pacientes n\u00e3o s\u00f3","twitter:image":"https:\/\/scontent-gig4-1.xx.fbcdn.net\/v\/t39.30808-1\/270437624_4564083193639691_6907940295614233970_n.jpg?stp=dst-jpg_s200x200_tt6&_nc_cat=111&ccb=1-7&_nc_sid=f907e8&_nc_ohc=SM1wRlP3lJwQ7kNvwEPuBYA&_nc_oc=AdnqrjDN_BNjSSHWO-GbkIWH6fkGMLw4bqvL_NH6e2wMveX7G-rP2dAqsDSq1mJMOaY&_nc_zt=24&_nc_ht=scontent-gig4-1.xx&_nc_gid=AoBFJeGrT1hVaew_6rchkQ&oh=00_AfX7QmFGhQhG2jAllVgXCiM1ZrWgvtp80-Bfppyexh1QEg&oe=689E923C"},"aioseo_meta_data":{"post_id":"67387","title":null,"description":null,"keywords":null,"keyphrases":null,"primary_term":null,"canonical_url":null,"og_title":null,"og_description":null,"og_object_type":"default","og_image_type":"default","og_image_url":null,"og_image_width":null,"og_image_height":null,"og_image_custom_url":null,"og_image_custom_fields":null,"og_video":null,"og_custom_url":null,"og_article_section":null,"og_article_tags":null,"twitter_use_og":false,"twitter_card":"default","twitter_image_type":"default","twitter_image_url":null,"twitter_image_custom_url":null,"twitter_image_custom_fields":null,"twitter_title":null,"twitter_description":null,"schema":{"blockGraphs":[],"customGraphs":[],"default":{"data":{"Article":[],"Course":[],"Dataset":[],"FAQPage":[],"Movie":[],"Person":[],"Product":[],"ProductReview":[],"Car":[],"Recipe":[],"Service":[],"SoftwareApplication":[],"WebPage":[]},"graphName":"","isEnabled":true},"graphs":[]},"schema_type":"default","schema_type_options":null,"pillar_content":false,"robots_default":true,"robots_noindex":false,"robots_noarchive":false,"robots_nosnippet":false,"robots_nofollow":false,"robots_noimageindex":false,"robots_noodp":false,"robots_notranslate":false,"robots_max_snippet":null,"robots_max_videopreview":null,"robots_max_imagepreview":"large","priority":null,"frequency":null,"local_seo":null,"breadcrumb_settings":null,"limit_modified_date":false,"ai":null,"created":"2025-08-16 22:50:30","updated":"2025-08-16 22:50:30","focus_keyword":null,"additional_keywords":null,"truseo_locale":null,"seo_analyzer_scan_date":null},"aioseo_breadcrumb":"<div class=\"aioseo-breadcrumbs\"><span class=\"aioseo-breadcrumb\">\n\t\t\t<a href=\"https:\/\/anoticiaonline.com.br\/site\" title=\"Home\">Home<\/a>\n\t\t<\/span><span class=\"aioseo-breadcrumb-separator\">&raquo;<\/span><span class=\"aioseo-breadcrumb\">\n\t\t\t<a href=\"https:\/\/anoticiaonline.com.br\/site\/categoria\/gerais\/\" title=\"Gerais\">Gerais<\/a>\n\t\t<\/span><span class=\"aioseo-breadcrumb-separator\">&raquo;<\/span><span class=\"aioseo-breadcrumb\">\n\t\t\tHospital S\u00e3o Paulo recebe visita do ministro da Sa\u00fade, Luiz Henrique Mandetta\n\t\t<\/span><\/div>","aioseo_breadcrumb_json":[{"label":"Home","link":"https:\/\/anoticiaonline.com.br\/site"},{"label":"Gerais","link":"https:\/\/anoticiaonline.com.br\/site\/categoria\/gerais\/"},{"label":"Hospital S\u00e3o Paulo recebe visita do ministro da Sa\u00fade, Luiz Henrique Mandetta","link":"https:\/\/anoticiaonline.com.br\/site\/hospital-sao-paulo-recebe-visita-do-ministro-da-saude-luiz-henrique-mandetta\/"}],"views":156,"_links":{"self":[{"href":"https:\/\/anoticiaonline.com.br\/site\/wp-json\/wp\/v2\/posts\/67387","targetHints":{"allow":["GET"]}}],"collection":[{"href":"https:\/\/anoticiaonline.com.br\/site\/wp-json\/wp\/v2\/posts"}],"about":[{"href":"https:\/\/anoticiaonline.com.br\/site\/wp-json\/wp\/v2\/types\/post"}],"author":[{"embeddable":true,"href":"https:\/\/anoticiaonline.com.br\/site\/wp-json\/wp\/v2\/users\/2"}],"replies":[{"embeddable":true,"href":"https:\/\/anoticiaonline.com.br\/site\/wp-json\/wp\/v2\/comments?post=67387"}],"version-history":[{"count":0,"href":"https:\/\/anoticiaonline.com.br\/site\/wp-json\/wp\/v2\/posts\/67387\/revisions"}],"wp:featuredmedia":[{"embeddable":true,"href":"https:\/\/anoticiaonline.com.br\/site\/wp-json\/wp\/v2\/media\/67395"}],"wp:attachment":[{"href":"https:\/\/anoticiaonline.com.br\/site\/wp-json\/wp\/v2\/media?parent=67387"}],"wp:term":[{"taxonomy":"category","embeddable":true,"href":"https:\/\/anoticiaonline.com.br\/site\/wp-json\/wp\/v2\/categories?post=67387"},{"taxonomy":"post_tag","embeddable":true,"href":"https:\/\/anoticiaonline.com.br\/site\/wp-json\/wp\/v2\/tags?post=67387"}],"curies":[{"name":"wp","href":"https:\/\/api.w.org\/{rel}","templated":true}]}}