{"id":67341,"date":"2019-02-21T21:26:39","date_gmt":"2019-02-22T00:26:39","guid":{"rendered":"http:\/\/anoticiaonline.com.br\/site\/?p=67341"},"modified":"2019-02-21T21:26:39","modified_gmt":"2019-02-22T00:26:39","slug":"sociarte-22-02-2019","status":"publish","type":"post","link":"https:\/\/anoticiaonline.com.br\/site\/sociarte-22-02-2019\/","title":{"rendered":"Sociarte 22\/02\/2019"},"content":{"rendered":"<p><strong>Parab\u00e9ns, Bruna!<\/strong><\/p>\n<p><a href=\"https:\/\/anoticiaonline.com.br\/site\/wp-content\/uploads\/2019\/02\/Bruna-Oliva.jpg\"><img fetchpriority=\"high\" decoding=\"async\" class=\"aligncenter size-full wp-image-67342\" src=\"https:\/\/anoticiaonline.com.br\/site\/wp-content\/uploads\/2019\/02\/Bruna-Oliva.jpg\" alt=\"\" width=\"788\" height=\"788\" srcset=\"https:\/\/anoticiaonline.com.br\/site\/wp-content\/uploads\/2019\/02\/Bruna-Oliva.jpg 788w, https:\/\/anoticiaonline.com.br\/site\/wp-content\/uploads\/2019\/02\/Bruna-Oliva-150x150.jpg 150w, https:\/\/anoticiaonline.com.br\/site\/wp-content\/uploads\/2019\/02\/Bruna-Oliva-300x300.jpg 300w, https:\/\/anoticiaonline.com.br\/site\/wp-content\/uploads\/2019\/02\/Bruna-Oliva-768x768.jpg 768w\" sizes=\"(max-width: 788px) 100vw, 788px\" \/><\/a><\/p>\n<p>Quem completa nova idade neste domingo, dia 24, \u00e9 a jornalista muriaeense Bruna Oliva, que atualmente vive e trabalha em Campos dos Goytacazes (RJ). Filha de Cec\u00edlia e Nilo, ela comemora o parab\u00e9ns com um churrasco, na cidade fluminense. Receba todo o carinho e desejos de sa\u00fade e sucesso da equipe do Jornal A Not\u00edcia!<\/p>\n<p><strong>Parab\u00e9ns, Vin\u00edcius!<\/strong><\/p>\n<p><a href=\"https:\/\/anoticiaonline.com.br\/site\/wp-content\/uploads\/2019\/02\/Vinicius-Nascimento.jpg\"><img decoding=\"async\" class=\"aligncenter size-full wp-image-67343\" src=\"https:\/\/anoticiaonline.com.br\/site\/wp-content\/uploads\/2019\/02\/Vinicius-Nascimento.jpg\" alt=\"\" width=\"720\" height=\"720\" srcset=\"https:\/\/anoticiaonline.com.br\/site\/wp-content\/uploads\/2019\/02\/Vinicius-Nascimento.jpg 720w, https:\/\/anoticiaonline.com.br\/site\/wp-content\/uploads\/2019\/02\/Vinicius-Nascimento-150x150.jpg 150w, https:\/\/anoticiaonline.com.br\/site\/wp-content\/uploads\/2019\/02\/Vinicius-Nascimento-300x300.jpg 300w\" sizes=\"(max-width: 720px) 100vw, 720px\" \/><\/a><\/p>\n<p>Tamb\u00e9m no domingo, dia 24, \u00e9 o anivers\u00e1rio do agente do CAD do Sicoob Credisudeste, Vin\u00edcius Nascimento. Ele recebe os cumprimentos dos pais Sebasti\u00e3o e Reni, dos irm\u00e3os Felipe e Alice e tamb\u00e9m de toda nossa equipe! Parab\u00e9ns!<\/p>\n<p><strong>Bodas de Coral<\/strong><\/p>\n<p><a href=\"https:\/\/anoticiaonline.com.br\/site\/wp-content\/uploads\/2019\/02\/Bodas-de-Coral.jpg\"><img decoding=\"async\" class=\"aligncenter size-full wp-image-67344\" src=\"https:\/\/anoticiaonline.com.br\/site\/wp-content\/uploads\/2019\/02\/Bodas-de-Coral.jpg\" alt=\"\" width=\"600\" height=\"800\" srcset=\"https:\/\/anoticiaonline.com.br\/site\/wp-content\/uploads\/2019\/02\/Bodas-de-Coral.jpg 600w, https:\/\/anoticiaonline.com.br\/site\/wp-content\/uploads\/2019\/02\/Bodas-de-Coral-225x300.jpg 225w\" sizes=\"(max-width: 600px) 100vw, 600px\" \/><\/a><\/p>\n<p>O nosso querido casal Jos\u00e9 Carlos de Paula Cruz e Ivonete Sim\u00e3o Marum Cruz comemorou no \u00faltimo fim de semana as suas Bodas de Coral (35 anos de casados). Para marcar a data a fam\u00edlia, incluindo os amados filhos Vitor Marum Cruz e Ana Paula Marum Cruz, viajou para Lavras Novas. Parab\u00e9ns ao casal! E que venham muitos e muitos anos de amor, cumplicidade e paz!<\/p>\n<p>&nbsp;<\/p>\n<p><strong>Parab\u00e9ns, Rose<\/strong><\/p>\n<p><a href=\"https:\/\/anoticiaonline.com.br\/site\/wp-content\/uploads\/2019\/02\/Parab\u00e9ns-Rose.jpg\"><img loading=\"lazy\" decoding=\"async\" class=\"aligncenter size-full wp-image-67345\" src=\"https:\/\/anoticiaonline.com.br\/site\/wp-content\/uploads\/2019\/02\/Parab\u00e9ns-Rose.jpg\" alt=\"\" width=\"428\" height=\"800\" srcset=\"https:\/\/anoticiaonline.com.br\/site\/wp-content\/uploads\/2019\/02\/Parab\u00e9ns-Rose.jpg 428w, https:\/\/anoticiaonline.com.br\/site\/wp-content\/uploads\/2019\/02\/Parab\u00e9ns-Rose-161x300.jpg 161w\" sizes=\"(max-width: 428px) 100vw, 428px\" \/><\/a><\/p>\n<p>Da reda\u00e7\u00e3o os parab\u00e9ns para a nossa amiga Rosilene (Rose) Cristina Jos\u00e9 Adriano que completou idade nova no domingo (17). Ela, que \u00e9 membro ativo do Lions Club Muria\u00e9 Helen Keller, passou a data do seu anivers\u00e1rio curtindo um merecido descanso na Pousada Para\u00edso, que fica localizada na estrada Muria\u00e9\/Erv\u00e1lia. Parab\u00e9ns, Rose! Muitos anos de vida e sa\u00fade.<\/p>\n<p>&nbsp;<\/p>\n<p><strong>Nascimento de Yasmin Vit\u00f3ria<\/strong><\/p>\n<p><a href=\"https:\/\/anoticiaonline.com.br\/site\/wp-content\/uploads\/2019\/02\/Chegada-de-Yasmin-Vit\u00f3ria.jpg\"><img loading=\"lazy\" decoding=\"async\" class=\"aligncenter size-full wp-image-67346\" src=\"https:\/\/anoticiaonline.com.br\/site\/wp-content\/uploads\/2019\/02\/Chegada-de-Yasmin-Vit\u00f3ria.jpg\" alt=\"\" width=\"400\" height=\"800\" srcset=\"https:\/\/anoticiaonline.com.br\/site\/wp-content\/uploads\/2019\/02\/Chegada-de-Yasmin-Vit\u00f3ria.jpg 400w, https:\/\/anoticiaonline.com.br\/site\/wp-content\/uploads\/2019\/02\/Chegada-de-Yasmin-Vit\u00f3ria-150x300.jpg 150w\" sizes=\"(max-width: 400px) 100vw, 400px\" \/><\/a><\/p>\n<p>A pequena Yasmin Vit\u00f3ria Cunha da Silva chegou ao mundo no dia 7 fevereiro e j\u00e1 est\u00e1 enchendo os cora\u00e7\u00f5es dos familiares com muito amor. Ela \u00e9 filha de Juliany Aparecida de Jesus Cunha e Ronaldo da Silva Pereira, e nasceu com muita sa\u00fade no Hospital S\u00e3o Paulo. Seja bem-vinda Yasmin Vit\u00f3ria, muita sa\u00fade e paz em sua vida!<\/p>\n<p>&nbsp;<\/p>\n<p><strong>Parab\u00e9ns Silvia Helena<\/strong><\/p>\n<p><a href=\"https:\/\/anoticiaonline.com.br\/site\/wp-content\/uploads\/2019\/02\/Parab\u00e9ns-Silvia-Helena.jpg\"><img loading=\"lazy\" decoding=\"async\" class=\"aligncenter size-full wp-image-67347\" src=\"https:\/\/anoticiaonline.com.br\/site\/wp-content\/uploads\/2019\/02\/Parab\u00e9ns-Silvia-Helena.jpg\" alt=\"\" width=\"720\" height=\"725\" srcset=\"https:\/\/anoticiaonline.com.br\/site\/wp-content\/uploads\/2019\/02\/Parab\u00e9ns-Silvia-Helena.jpg 720w, https:\/\/anoticiaonline.com.br\/site\/wp-content\/uploads\/2019\/02\/Parab\u00e9ns-Silvia-Helena-150x150.jpg 150w, https:\/\/anoticiaonline.com.br\/site\/wp-content\/uploads\/2019\/02\/Parab\u00e9ns-Silvia-Helena-298x300.jpg 298w\" sizes=\"(max-width: 720px) 100vw, 720px\" \/><\/a><\/p>\n<p>A querida Silvia Helena Entriel Marques completou idade nova no domingo (17) e recebeu o carinho de seus familiares nesta data especial. Ela \u00e9 casada com Reynaldo Oliveira e filha de Jorge Marques e Maria Luiza Entriel. Parab\u00e9ns Silvia Helena! Que essa data se repita por muitos e muitos anos.<\/p>\n<p>&nbsp;<\/p>\n<p><strong>2 anos de Lu\u00edsa<\/strong><\/p>\n<p><a href=\"https:\/\/anoticiaonline.com.br\/site\/wp-content\/uploads\/2019\/02\/2-anos-de-Luiza.jpg\"><img loading=\"lazy\" decoding=\"async\" class=\"aligncenter size-full wp-image-67348\" src=\"https:\/\/anoticiaonline.com.br\/site\/wp-content\/uploads\/2019\/02\/2-anos-de-Luiza.jpg\" alt=\"\" width=\"640\" height=\"640\" srcset=\"https:\/\/anoticiaonline.com.br\/site\/wp-content\/uploads\/2019\/02\/2-anos-de-Luiza.jpg 640w, https:\/\/anoticiaonline.com.br\/site\/wp-content\/uploads\/2019\/02\/2-anos-de-Luiza-150x150.jpg 150w, https:\/\/anoticiaonline.com.br\/site\/wp-content\/uploads\/2019\/02\/2-anos-de-Luiza-300x300.jpg 300w\" sizes=\"(max-width: 640px) 100vw, 640px\" \/><\/a><\/p>\n<p>A pequena Lu\u00edsa comemorou com seus amigos e familiares, em sua resid\u00eancia, a chegada do seu 2\u00ba anivers\u00e1rio. A festa aconteceu na segunda-feira (18) e teve como tema \u201cMarsha e o Urso\u201d. A aniversariante \u00e9 filha de Luciana Oliveira e L\u00facio Oliveira. Parab\u00e9ns, Lu\u00edsa! Que sua vida seja sempre repleta de sa\u00fade e muita paz!<\/p>\n<p>&nbsp;<\/p>\n<p><strong>46 anos de hist\u00f3ria<\/strong><\/p>\n<p><a href=\"https:\/\/anoticiaonline.com.br\/site\/wp-content\/uploads\/2019\/02\/pinguinho.jpg\"><img loading=\"lazy\" decoding=\"async\" class=\"aligncenter size-full wp-image-67349\" src=\"https:\/\/anoticiaonline.com.br\/site\/wp-content\/uploads\/2019\/02\/pinguinho.jpg\" alt=\"\" width=\"774\" height=\"774\" srcset=\"https:\/\/anoticiaonline.com.br\/site\/wp-content\/uploads\/2019\/02\/pinguinho.jpg 774w, https:\/\/anoticiaonline.com.br\/site\/wp-content\/uploads\/2019\/02\/pinguinho-150x150.jpg 150w, https:\/\/anoticiaonline.com.br\/site\/wp-content\/uploads\/2019\/02\/pinguinho-300x300.jpg 300w, https:\/\/anoticiaonline.com.br\/site\/wp-content\/uploads\/2019\/02\/pinguinho-768x768.jpg 768w\" sizes=\"(max-width: 774px) 100vw, 774px\" \/><\/a><\/p>\n<p>A tradicional Escola Pinguinho de Gente comemora nesse s\u00e1bado (23) os seus 46 anos de vida e muita hist\u00f3ria. De propriedade Maria L\u00facia de Castro Mayrink a escola faz parte da cultura e educa\u00e7\u00e3o muriaeense, uma vez que milhares de alunos, de diversas gera\u00e7\u00f5es, j\u00e1 passaram e se formaram l\u00e1. Daqui enviamos votos de que essa escola continue essa importante miss\u00e3o de educar as nossas crian\u00e7as.<\/p>\n","protected":false},"excerpt":{"rendered":"<p>Parab\u00e9ns, Bruna! Quem completa nova idade neste domingo, dia 24, \u00e9 a jornalista muriaeense Bruna Oliva, que atualmente vive e trabalha em Campos dos Goytacazes (RJ). Filha de Cec\u00edlia e Nilo, ela comemora o parab\u00e9ns com um churrasco, na cidade fluminense. Receba todo o carinho e desejos de sa\u00fade e sucesso da equipe do Jornal &#8230; <a title=\"Sociarte 22\/02\/2019\" class=\"read-more\" href=\"https:\/\/anoticiaonline.com.br\/site\/sociarte-22-02-2019\/\" aria-label=\"Read more about Sociarte 22\/02\/2019\">Ler mais<\/a><\/p>\n","protected":false},"author":2,"featured_media":0,"comment_status":"open","ping_status":"open","sticky":false,"template":"","format":"standard","meta":{"_acf_changed":false,"_monsterinsights_skip_tracking":false,"footnotes":""},"categories":[31,38],"tags":[333],"class_list":["post-67341","post","type-post","status-publish","format-standard","hentry","category-colunistas","category-sociarte","tag-sociarte"],"acf":[],"aioseo_notices":[],"aioseo_head":"\n\t\t<!-- All in One SEO 5.0.0.1 - aioseo.com -->\n\t<meta name=\"description\" content=\"Parab\u00e9ns, Bruna! Quem completa nova idade neste domingo, dia 24, \u00e9 a jornalista muriaeense Bruna Oliva, que atualmente vive e trabalha em Campos dos Goytacazes (RJ). Filha de Cec\u00edlia e Nilo, ela comemora o parab\u00e9ns com um churrasco, na cidade fluminense. Receba todo o carinho e desejos de sa\u00fade e sucesso da equipe do Jornal\" \/>\n\t<meta name=\"robots\" content=\"max-image-preview:large\" \/>\n\t<meta name=\"author\" content=\"Juliana Laviola\"\/>\n\t<link rel=\"canonical\" href=\"https:\/\/anoticiaonline.com.br\/site\/sociarte-22-02-2019\/\" \/>\n\t<meta name=\"generator\" content=\"All in One SEO (AIOSEO) 5.0.0.1\" \/>\n\t\t<meta property=\"og:locale\" content=\"pt_BR\" \/>\n\t\t<meta property=\"og:site_name\" content=\"A Not\u00edcia Online - Noticias de Muria\u00e9 e regi\u00e3o\" \/>\n\t\t<meta property=\"og:type\" content=\"article\" \/>\n\t\t<meta property=\"og:title\" content=\"Sociarte 22\/02\/2019 - A Not\u00edcia Online\" \/>\n\t\t<meta property=\"og:description\" content=\"Parab\u00e9ns, Bruna! Quem completa nova idade neste domingo, dia 24, \u00e9 a jornalista muriaeense Bruna Oliva, que atualmente vive e trabalha em Campos dos Goytacazes (RJ). Filha de Cec\u00edlia e Nilo, ela comemora o parab\u00e9ns com um churrasco, na cidade fluminense. Receba todo o carinho e desejos de sa\u00fade e sucesso da equipe do Jornal\" \/>\n\t\t<meta property=\"og:url\" content=\"https:\/\/anoticiaonline.com.br\/site\/sociarte-22-02-2019\/\" \/>\n\t\t<meta property=\"og:image\" content=\"https:\/\/scontent-gig4-1.xx.fbcdn.net\/v\/t39.30808-1\/270437624_4564083193639691_6907940295614233970_n.jpg?stp=dst-jpg_s200x200_tt6&#038;_nc_cat=111&#038;ccb=1-7&#038;_nc_sid=f907e8&#038;_nc_ohc=SM1wRlP3lJwQ7kNvwEPuBYA&#038;_nc_oc=AdnqrjDN_BNjSSHWO-GbkIWH6fkGMLw4bqvL_NH6e2wMveX7G-rP2dAqsDSq1mJMOaY&#038;_nc_zt=24&#038;_nc_ht=scontent-gig4-1.xx&#038;_nc_gid=AoBFJeGrT1hVaew_6rchkQ&#038;oh=00_AfX7QmFGhQhG2jAllVgXCiM1ZrWgvtp80-Bfppyexh1QEg&#038;oe=689E923C\" \/>\n\t\t<meta property=\"og:image:secure_url\" content=\"https:\/\/scontent-gig4-1.xx.fbcdn.net\/v\/t39.30808-1\/270437624_4564083193639691_6907940295614233970_n.jpg?stp=dst-jpg_s200x200_tt6&#038;_nc_cat=111&#038;ccb=1-7&#038;_nc_sid=f907e8&#038;_nc_ohc=SM1wRlP3lJwQ7kNvwEPuBYA&#038;_nc_oc=AdnqrjDN_BNjSSHWO-GbkIWH6fkGMLw4bqvL_NH6e2wMveX7G-rP2dAqsDSq1mJMOaY&#038;_nc_zt=24&#038;_nc_ht=scontent-gig4-1.xx&#038;_nc_gid=AoBFJeGrT1hVaew_6rchkQ&#038;oh=00_AfX7QmFGhQhG2jAllVgXCiM1ZrWgvtp80-Bfppyexh1QEg&#038;oe=689E923C\" \/>\n\t\t<meta property=\"article:published_time\" content=\"2019-02-22T00:26:39+00:00\" \/>\n\t\t<meta property=\"article:modified_time\" content=\"2019-02-22T00:26:39+00:00\" \/>\n\t\t<meta name=\"twitter:card\" content=\"summary_large_image\" \/>\n\t\t<meta name=\"twitter:title\" content=\"Sociarte 22\/02\/2019 - A Not\u00edcia Online\" \/>\n\t\t<meta name=\"twitter:description\" content=\"Parab\u00e9ns, Bruna! Quem completa nova idade neste domingo, dia 24, \u00e9 a jornalista muriaeense Bruna Oliva, que atualmente vive e trabalha em Campos dos Goytacazes (RJ). Filha de Cec\u00edlia e Nilo, ela comemora o parab\u00e9ns com um churrasco, na cidade fluminense. Receba todo o carinho e desejos de sa\u00fade e sucesso da equipe do Jornal\" \/>\n\t\t<meta name=\"twitter:image\" content=\"https:\/\/scontent-gig4-1.xx.fbcdn.net\/v\/t39.30808-1\/270437624_4564083193639691_6907940295614233970_n.jpg?stp=dst-jpg_s200x200_tt6&amp;_nc_cat=111&amp;ccb=1-7&amp;_nc_sid=f907e8&amp;_nc_ohc=SM1wRlP3lJwQ7kNvwEPuBYA&amp;_nc_oc=AdnqrjDN_BNjSSHWO-GbkIWH6fkGMLw4bqvL_NH6e2wMveX7G-rP2dAqsDSq1mJMOaY&amp;_nc_zt=24&amp;_nc_ht=scontent-gig4-1.xx&amp;_nc_gid=AoBFJeGrT1hVaew_6rchkQ&amp;oh=00_AfX7QmFGhQhG2jAllVgXCiM1ZrWgvtp80-Bfppyexh1QEg&amp;oe=689E923C\" \/>\n\t\t<script type=\"application\/ld+json\" class=\"aioseo-schema\">\n\t\t\t{\"@context\":\"https:\\\/\\\/schema.org\",\"@graph\":[{\"@type\":\"BlogPosting\",\"@id\":\"https:\\\/\\\/anoticiaonline.com.br\\\/site\\\/sociarte-22-02-2019\\\/#blogposting\",\"name\":\"Sociarte 22\\\/02\\\/2019 - A Not\\u00edcia Online\",\"headline\":\"Sociarte 22\\\/02\\\/2019\",\"author\":{\"@id\":\"https:\\\/\\\/anoticiaonline.com.br\\\/site\\\/author\\\/juliana\\\/#author\"},\"publisher\":{\"@id\":\"https:\\\/\\\/anoticiaonline.com.br\\\/site\\\/#organization\"},\"image\":{\"@type\":\"ImageObject\",\"url\":\"https:\\\/\\\/anoticiaonline.com.br\\\/site\\\/wp-content\\\/uploads\\\/2019\\\/02\\\/Bruna-Oliva.jpg\",\"@id\":\"https:\\\/\\\/anoticiaonline.com.br\\\/site\\\/sociarte-22-02-2019\\\/#articleImage\",\"width\":788,\"height\":788},\"datePublished\":\"2019-02-21T21:26:39-03:00\",\"dateModified\":\"2019-02-21T21:26:39-03:00\",\"inLanguage\":\"pt-BR\",\"mainEntityOfPage\":{\"@id\":\"https:\\\/\\\/anoticiaonline.com.br\\\/site\\\/sociarte-22-02-2019\\\/#webpage\"},\"isPartOf\":{\"@id\":\"https:\\\/\\\/anoticiaonline.com.br\\\/site\\\/sociarte-22-02-2019\\\/#webpage\"},\"articleSection\":\"Colunistas, Sociarte, sociarte\"},{\"@type\":\"BreadcrumbList\",\"@id\":\"https:\\\/\\\/anoticiaonline.com.br\\\/site\\\/sociarte-22-02-2019\\\/#breadcrumblist\",\"itemListElement\":[{\"@type\":\"ListItem\",\"@id\":\"https:\\\/\\\/anoticiaonline.com.br\\\/site#listItem\",\"position\":1,\"name\":\"Home\",\"item\":\"https:\\\/\\\/anoticiaonline.com.br\\\/site\",\"nextItem\":{\"@type\":\"ListItem\",\"@id\":\"https:\\\/\\\/anoticiaonline.com.br\\\/site\\\/categoria\\\/colunistas\\\/#listItem\",\"name\":\"Colunistas\"}},{\"@type\":\"ListItem\",\"@id\":\"https:\\\/\\\/anoticiaonline.com.br\\\/site\\\/categoria\\\/colunistas\\\/#listItem\",\"position\":2,\"name\":\"Colunistas\",\"item\":\"https:\\\/\\\/anoticiaonline.com.br\\\/site\\\/categoria\\\/colunistas\\\/\",\"nextItem\":{\"@type\":\"ListItem\",\"@id\":\"https:\\\/\\\/anoticiaonline.com.br\\\/site\\\/categoria\\\/colunistas\\\/sociarte\\\/#listItem\",\"name\":\"Sociarte\"},\"previousItem\":{\"@type\":\"ListItem\",\"@id\":\"https:\\\/\\\/anoticiaonline.com.br\\\/site#listItem\",\"name\":\"Home\"}},{\"@type\":\"ListItem\",\"@id\":\"https:\\\/\\\/anoticiaonline.com.br\\\/site\\\/categoria\\\/colunistas\\\/sociarte\\\/#listItem\",\"position\":3,\"name\":\"Sociarte\",\"item\":\"https:\\\/\\\/anoticiaonline.com.br\\\/site\\\/categoria\\\/colunistas\\\/sociarte\\\/\",\"nextItem\":{\"@type\":\"ListItem\",\"@id\":\"https:\\\/\\\/anoticiaonline.com.br\\\/site\\\/sociarte-22-02-2019\\\/#listItem\",\"name\":\"Sociarte 22\\\/02\\\/2019\"},\"previousItem\":{\"@type\":\"ListItem\",\"@id\":\"https:\\\/\\\/anoticiaonline.com.br\\\/site\\\/categoria\\\/colunistas\\\/#listItem\",\"name\":\"Colunistas\"}},{\"@type\":\"ListItem\",\"@id\":\"https:\\\/\\\/anoticiaonline.com.br\\\/site\\\/sociarte-22-02-2019\\\/#listItem\",\"position\":4,\"name\":\"Sociarte 22\\\/02\\\/2019\",\"previousItem\":{\"@type\":\"ListItem\",\"@id\":\"https:\\\/\\\/anoticiaonline.com.br\\\/site\\\/categoria\\\/colunistas\\\/sociarte\\\/#listItem\",\"name\":\"Sociarte\"}}]},{\"@type\":\"Organization\",\"@id\":\"https:\\\/\\\/anoticiaonline.com.br\\\/site\\\/#organization\",\"name\":\"A Not\\u00edcia Online\",\"description\":\"Noticias de Muria\\u00e9 e regi\\u00e3o\",\"url\":\"https:\\\/\\\/anoticiaonline.com.br\\\/site\\\/\",\"logo\":{\"@type\":\"ImageObject\",\"url\":\"https:\\\/\\\/scontent-gig4-1.xx.fbcdn.net\\\/v\\\/t39.30808-1\\\/270437624_4564083193639691_6907940295614233970_n.jpg?stp=dst-jpg_s200x200_tt6&_nc_cat=111&ccb=1-7&_nc_sid=f907e8&_nc_ohc=SM1wRlP3lJwQ7kNvwEPuBYA&_nc_oc=AdnqrjDN_BNjSSHWO-GbkIWH6fkGMLw4bqvL_NH6e2wMveX7G-rP2dAqsDSq1mJMOaY&_nc_zt=24&_nc_ht=scontent-gig4-1.xx&_nc_gid=AoBFJeGrT1hVaew_6rchkQ&oh=00_AfX7QmFGhQhG2jAllVgXCiM1ZrWgvtp80-Bfppyexh1QEg&oe=689E923C\",\"@id\":\"https:\\\/\\\/anoticiaonline.com.br\\\/site\\\/sociarte-22-02-2019\\\/#organizationLogo\"},\"image\":{\"@id\":\"https:\\\/\\\/anoticiaonline.com.br\\\/site\\\/sociarte-22-02-2019\\\/#organizationLogo\"}},{\"@type\":\"Person\",\"@id\":\"https:\\\/\\\/anoticiaonline.com.br\\\/site\\\/author\\\/juliana\\\/#author\",\"url\":\"https:\\\/\\\/anoticiaonline.com.br\\\/site\\\/author\\\/juliana\\\/\",\"name\":\"Juliana Laviola\",\"image\":{\"@type\":\"ImageObject\",\"@id\":\"https:\\\/\\\/anoticiaonline.com.br\\\/site\\\/sociarte-22-02-2019\\\/#authorImage\",\"url\":\"https:\\\/\\\/secure.gravatar.com\\\/avatar\\\/b8d45f5c699b100dfaf0e543582f38f38bf94cb7ae3a5e9abf8d891a34773335?s=96&d=mm&r=g\",\"width\":96,\"height\":96,\"caption\":\"Juliana Laviola\"}},{\"@type\":\"WebPage\",\"@id\":\"https:\\\/\\\/anoticiaonline.com.br\\\/site\\\/sociarte-22-02-2019\\\/#webpage\",\"url\":\"https:\\\/\\\/anoticiaonline.com.br\\\/site\\\/sociarte-22-02-2019\\\/\",\"name\":\"Sociarte 22\\\/02\\\/2019 - A Not\\u00edcia Online\",\"description\":\"Parab\\u00e9ns, Bruna! Quem completa nova idade neste domingo, dia 24, \\u00e9 a jornalista muriaeense Bruna Oliva, que atualmente vive e trabalha em Campos dos Goytacazes (RJ). Filha de Cec\\u00edlia e Nilo, ela comemora o parab\\u00e9ns com um churrasco, na cidade fluminense. Receba todo o carinho e desejos de sa\\u00fade e sucesso da equipe do Jornal\",\"inLanguage\":\"pt-BR\",\"isPartOf\":{\"@id\":\"https:\\\/\\\/anoticiaonline.com.br\\\/site\\\/#website\"},\"breadcrumb\":{\"@id\":\"https:\\\/\\\/anoticiaonline.com.br\\\/site\\\/sociarte-22-02-2019\\\/#breadcrumblist\"},\"author\":{\"@id\":\"https:\\\/\\\/anoticiaonline.com.br\\\/site\\\/author\\\/juliana\\\/#author\"},\"creator\":{\"@id\":\"https:\\\/\\\/anoticiaonline.com.br\\\/site\\\/author\\\/juliana\\\/#author\"},\"datePublished\":\"2019-02-21T21:26:39-03:00\",\"dateModified\":\"2019-02-21T21:26:39-03:00\"},{\"@type\":\"WebSite\",\"@id\":\"https:\\\/\\\/anoticiaonline.com.br\\\/site\\\/#website\",\"url\":\"https:\\\/\\\/anoticiaonline.com.br\\\/site\\\/\",\"name\":\"A Not\\u00edcia Online\",\"description\":\"Noticias de Muria\\u00e9 e regi\\u00e3o\",\"inLanguage\":\"pt-BR\",\"publisher\":{\"@id\":\"https:\\\/\\\/anoticiaonline.com.br\\\/site\\\/#organization\"}}]}\n\t\t<\/script>\n\t\t<!-- All in One SEO -->\n\n","aioseo_head_json":{"title":"Sociarte 22\/02\/2019 - A Not\u00edcia Online","description":"Parab\u00e9ns, Bruna! Quem completa nova idade neste domingo, dia 24, \u00e9 a jornalista muriaeense Bruna Oliva, que atualmente vive e trabalha em Campos dos Goytacazes (RJ). Filha de Cec\u00edlia e Nilo, ela comemora o parab\u00e9ns com um churrasco, na cidade fluminense. Receba todo o carinho e desejos de sa\u00fade e sucesso da equipe do Jornal","canonical_url":"https:\/\/anoticiaonline.com.br\/site\/sociarte-22-02-2019\/","robots":"max-image-preview:large","keywords":"","webmasterTools":{"miscellaneous":""},"schema":{"@context":"https:\/\/schema.org","@graph":[{"@type":"BlogPosting","@id":"https:\/\/anoticiaonline.com.br\/site\/sociarte-22-02-2019\/#blogposting","name":"Sociarte 22\/02\/2019 - A Not\u00edcia Online","headline":"Sociarte 22\/02\/2019","author":{"@id":"https:\/\/anoticiaonline.com.br\/site\/author\/juliana\/#author"},"publisher":{"@id":"https:\/\/anoticiaonline.com.br\/site\/#organization"},"image":{"@type":"ImageObject","url":"https:\/\/anoticiaonline.com.br\/site\/wp-content\/uploads\/2019\/02\/Bruna-Oliva.jpg","@id":"https:\/\/anoticiaonline.com.br\/site\/sociarte-22-02-2019\/#articleImage","width":788,"height":788},"datePublished":"2019-02-21T21:26:39-03:00","dateModified":"2019-02-21T21:26:39-03:00","inLanguage":"pt-BR","mainEntityOfPage":{"@id":"https:\/\/anoticiaonline.com.br\/site\/sociarte-22-02-2019\/#webpage"},"isPartOf":{"@id":"https:\/\/anoticiaonline.com.br\/site\/sociarte-22-02-2019\/#webpage"},"articleSection":"Colunistas, Sociarte, sociarte"},{"@type":"BreadcrumbList","@id":"https:\/\/anoticiaonline.com.br\/site\/sociarte-22-02-2019\/#breadcrumblist","itemListElement":[{"@type":"ListItem","@id":"https:\/\/anoticiaonline.com.br\/site#listItem","position":1,"name":"Home","item":"https:\/\/anoticiaonline.com.br\/site","nextItem":{"@type":"ListItem","@id":"https:\/\/anoticiaonline.com.br\/site\/categoria\/colunistas\/#listItem","name":"Colunistas"}},{"@type":"ListItem","@id":"https:\/\/anoticiaonline.com.br\/site\/categoria\/colunistas\/#listItem","position":2,"name":"Colunistas","item":"https:\/\/anoticiaonline.com.br\/site\/categoria\/colunistas\/","nextItem":{"@type":"ListItem","@id":"https:\/\/anoticiaonline.com.br\/site\/categoria\/colunistas\/sociarte\/#listItem","name":"Sociarte"},"previousItem":{"@type":"ListItem","@id":"https:\/\/anoticiaonline.com.br\/site#listItem","name":"Home"}},{"@type":"ListItem","@id":"https:\/\/anoticiaonline.com.br\/site\/categoria\/colunistas\/sociarte\/#listItem","position":3,"name":"Sociarte","item":"https:\/\/anoticiaonline.com.br\/site\/categoria\/colunistas\/sociarte\/","nextItem":{"@type":"ListItem","@id":"https:\/\/anoticiaonline.com.br\/site\/sociarte-22-02-2019\/#listItem","name":"Sociarte 22\/02\/2019"},"previousItem":{"@type":"ListItem","@id":"https:\/\/anoticiaonline.com.br\/site\/categoria\/colunistas\/#listItem","name":"Colunistas"}},{"@type":"ListItem","@id":"https:\/\/anoticiaonline.com.br\/site\/sociarte-22-02-2019\/#listItem","position":4,"name":"Sociarte 22\/02\/2019","previousItem":{"@type":"ListItem","@id":"https:\/\/anoticiaonline.com.br\/site\/categoria\/colunistas\/sociarte\/#listItem","name":"Sociarte"}}]},{"@type":"Organization","@id":"https:\/\/anoticiaonline.com.br\/site\/#organization","name":"A Not\u00edcia Online","description":"Noticias de Muria\u00e9 e regi\u00e3o","url":"https:\/\/anoticiaonline.com.br\/site\/","logo":{"@type":"ImageObject","url":"https:\/\/scontent-gig4-1.xx.fbcdn.net\/v\/t39.30808-1\/270437624_4564083193639691_6907940295614233970_n.jpg?stp=dst-jpg_s200x200_tt6&_nc_cat=111&ccb=1-7&_nc_sid=f907e8&_nc_ohc=SM1wRlP3lJwQ7kNvwEPuBYA&_nc_oc=AdnqrjDN_BNjSSHWO-GbkIWH6fkGMLw4bqvL_NH6e2wMveX7G-rP2dAqsDSq1mJMOaY&_nc_zt=24&_nc_ht=scontent-gig4-1.xx&_nc_gid=AoBFJeGrT1hVaew_6rchkQ&oh=00_AfX7QmFGhQhG2jAllVgXCiM1ZrWgvtp80-Bfppyexh1QEg&oe=689E923C","@id":"https:\/\/anoticiaonline.com.br\/site\/sociarte-22-02-2019\/#organizationLogo"},"image":{"@id":"https:\/\/anoticiaonline.com.br\/site\/sociarte-22-02-2019\/#organizationLogo"}},{"@type":"Person","@id":"https:\/\/anoticiaonline.com.br\/site\/author\/juliana\/#author","url":"https:\/\/anoticiaonline.com.br\/site\/author\/juliana\/","name":"Juliana Laviola","image":{"@type":"ImageObject","@id":"https:\/\/anoticiaonline.com.br\/site\/sociarte-22-02-2019\/#authorImage","url":"https:\/\/secure.gravatar.com\/avatar\/b8d45f5c699b100dfaf0e543582f38f38bf94cb7ae3a5e9abf8d891a34773335?s=96&d=mm&r=g","width":96,"height":96,"caption":"Juliana Laviola"}},{"@type":"WebPage","@id":"https:\/\/anoticiaonline.com.br\/site\/sociarte-22-02-2019\/#webpage","url":"https:\/\/anoticiaonline.com.br\/site\/sociarte-22-02-2019\/","name":"Sociarte 22\/02\/2019 - A Not\u00edcia Online","description":"Parab\u00e9ns, Bruna! Quem completa nova idade neste domingo, dia 24, \u00e9 a jornalista muriaeense Bruna Oliva, que atualmente vive e trabalha em Campos dos Goytacazes (RJ). Filha de Cec\u00edlia e Nilo, ela comemora o parab\u00e9ns com um churrasco, na cidade fluminense. Receba todo o carinho e desejos de sa\u00fade e sucesso da equipe do Jornal","inLanguage":"pt-BR","isPartOf":{"@id":"https:\/\/anoticiaonline.com.br\/site\/#website"},"breadcrumb":{"@id":"https:\/\/anoticiaonline.com.br\/site\/sociarte-22-02-2019\/#breadcrumblist"},"author":{"@id":"https:\/\/anoticiaonline.com.br\/site\/author\/juliana\/#author"},"creator":{"@id":"https:\/\/anoticiaonline.com.br\/site\/author\/juliana\/#author"},"datePublished":"2019-02-21T21:26:39-03:00","dateModified":"2019-02-21T21:26:39-03:00"},{"@type":"WebSite","@id":"https:\/\/anoticiaonline.com.br\/site\/#website","url":"https:\/\/anoticiaonline.com.br\/site\/","name":"A Not\u00edcia Online","description":"Noticias de Muria\u00e9 e regi\u00e3o","inLanguage":"pt-BR","publisher":{"@id":"https:\/\/anoticiaonline.com.br\/site\/#organization"}}]},"og:locale":"pt_BR","og:site_name":"A Not\u00edcia Online - Noticias de Muria\u00e9 e regi\u00e3o","og:type":"article","og:title":"Sociarte 22\/02\/2019 - A Not\u00edcia Online","og:description":"Parab\u00e9ns, Bruna! Quem completa nova idade neste domingo, dia 24, \u00e9 a jornalista muriaeense Bruna Oliva, que atualmente vive e trabalha em Campos dos Goytacazes (RJ). Filha de Cec\u00edlia e Nilo, ela comemora o parab\u00e9ns com um churrasco, na cidade fluminense. Receba todo o carinho e desejos de sa\u00fade e sucesso da equipe do Jornal","og:url":"https:\/\/anoticiaonline.com.br\/site\/sociarte-22-02-2019\/","og:image":"https:\/\/scontent-gig4-1.xx.fbcdn.net\/v\/t39.30808-1\/270437624_4564083193639691_6907940295614233970_n.jpg?stp=dst-jpg_s200x200_tt6&#038;_nc_cat=111&#038;ccb=1-7&#038;_nc_sid=f907e8&#038;_nc_ohc=SM1wRlP3lJwQ7kNvwEPuBYA&#038;_nc_oc=AdnqrjDN_BNjSSHWO-GbkIWH6fkGMLw4bqvL_NH6e2wMveX7G-rP2dAqsDSq1mJMOaY&#038;_nc_zt=24&#038;_nc_ht=scontent-gig4-1.xx&#038;_nc_gid=AoBFJeGrT1hVaew_6rchkQ&#038;oh=00_AfX7QmFGhQhG2jAllVgXCiM1ZrWgvtp80-Bfppyexh1QEg&#038;oe=689E923C","og:image:secure_url":"https:\/\/scontent-gig4-1.xx.fbcdn.net\/v\/t39.30808-1\/270437624_4564083193639691_6907940295614233970_n.jpg?stp=dst-jpg_s200x200_tt6&#038;_nc_cat=111&#038;ccb=1-7&#038;_nc_sid=f907e8&#038;_nc_ohc=SM1wRlP3lJwQ7kNvwEPuBYA&#038;_nc_oc=AdnqrjDN_BNjSSHWO-GbkIWH6fkGMLw4bqvL_NH6e2wMveX7G-rP2dAqsDSq1mJMOaY&#038;_nc_zt=24&#038;_nc_ht=scontent-gig4-1.xx&#038;_nc_gid=AoBFJeGrT1hVaew_6rchkQ&#038;oh=00_AfX7QmFGhQhG2jAllVgXCiM1ZrWgvtp80-Bfppyexh1QEg&#038;oe=689E923C","article:published_time":"2019-02-22T00:26:39+00:00","article:modified_time":"2019-02-22T00:26:39+00:00","twitter:card":"summary_large_image","twitter:title":"Sociarte 22\/02\/2019 - A Not\u00edcia Online","twitter:description":"Parab\u00e9ns, Bruna! Quem completa nova idade neste domingo, dia 24, \u00e9 a jornalista muriaeense Bruna Oliva, que atualmente vive e trabalha em Campos dos Goytacazes (RJ). Filha de Cec\u00edlia e Nilo, ela comemora o parab\u00e9ns com um churrasco, na cidade fluminense. Receba todo o carinho e desejos de sa\u00fade e sucesso da equipe do Jornal","twitter:image":"https:\/\/scontent-gig4-1.xx.fbcdn.net\/v\/t39.30808-1\/270437624_4564083193639691_6907940295614233970_n.jpg?stp=dst-jpg_s200x200_tt6&_nc_cat=111&ccb=1-7&_nc_sid=f907e8&_nc_ohc=SM1wRlP3lJwQ7kNvwEPuBYA&_nc_oc=AdnqrjDN_BNjSSHWO-GbkIWH6fkGMLw4bqvL_NH6e2wMveX7G-rP2dAqsDSq1mJMOaY&_nc_zt=24&_nc_ht=scontent-gig4-1.xx&_nc_gid=AoBFJeGrT1hVaew_6rchkQ&oh=00_AfX7QmFGhQhG2jAllVgXCiM1ZrWgvtp80-Bfppyexh1QEg&oe=689E923C"},"aioseo_meta_data":{"post_id":"67341","title":null,"description":null,"keywords":null,"keyphrases":null,"primary_term":null,"canonical_url":null,"og_title":null,"og_description":null,"og_object_type":"default","og_image_type":"default","og_image_url":null,"og_image_width":null,"og_image_height":null,"og_image_custom_url":null,"og_image_custom_fields":null,"og_video":null,"og_custom_url":null,"og_article_section":null,"og_article_tags":null,"twitter_use_og":false,"twitter_card":"default","twitter_image_type":"default","twitter_image_url":null,"twitter_image_custom_url":null,"twitter_image_custom_fields":null,"twitter_title":null,"twitter_description":null,"schema":{"blockGraphs":[],"customGraphs":[],"default":{"data":{"Article":[],"Course":[],"Dataset":[],"FAQPage":[],"Movie":[],"Person":[],"Product":[],"ProductReview":[],"Car":[],"Recipe":[],"Service":[],"SoftwareApplication":[],"WebPage":[]},"graphName":"","isEnabled":true},"graphs":[]},"schema_type":"default","schema_type_options":null,"pillar_content":false,"robots_default":true,"robots_noindex":false,"robots_noarchive":false,"robots_nosnippet":false,"robots_nofollow":false,"robots_noimageindex":false,"robots_noodp":false,"robots_notranslate":false,"robots_max_snippet":null,"robots_max_videopreview":null,"robots_max_imagepreview":"large","priority":null,"frequency":null,"local_seo":null,"breadcrumb_settings":null,"limit_modified_date":false,"ai":null,"created":"2025-08-16 22:50:29","updated":"2025-08-16 22:50:29","focus_keyword":null,"additional_keywords":null,"truseo_locale":null,"seo_analyzer_scan_date":null},"aioseo_breadcrumb":"<div class=\"aioseo-breadcrumbs\"><span class=\"aioseo-breadcrumb\">\n\t\t\t<a href=\"https:\/\/anoticiaonline.com.br\/site\" title=\"Home\">Home<\/a>\n\t\t<\/span><span class=\"aioseo-breadcrumb-separator\">&raquo;<\/span><span class=\"aioseo-breadcrumb\">\n\t\t\t<a href=\"https:\/\/anoticiaonline.com.br\/site\/categoria\/colunistas\/\" title=\"Colunistas\">Colunistas<\/a>\n\t\t<\/span><span class=\"aioseo-breadcrumb-separator\">&raquo;<\/span><span class=\"aioseo-breadcrumb\">\n\t\t\t<a href=\"https:\/\/anoticiaonline.com.br\/site\/categoria\/colunistas\/sociarte\/\" title=\"Sociarte\">Sociarte<\/a>\n\t\t<\/span><span class=\"aioseo-breadcrumb-separator\">&raquo;<\/span><span class=\"aioseo-breadcrumb\">\n\t\t\tSociarte 22\/02\/2019\n\t\t<\/span><\/div>","aioseo_breadcrumb_json":[{"label":"Home","link":"https:\/\/anoticiaonline.com.br\/site"},{"label":"Colunistas","link":"https:\/\/anoticiaonline.com.br\/site\/categoria\/colunistas\/"},{"label":"Sociarte","link":"https:\/\/anoticiaonline.com.br\/site\/categoria\/colunistas\/sociarte\/"},{"label":"Sociarte 22\/02\/2019","link":"https:\/\/anoticiaonline.com.br\/site\/sociarte-22-02-2019\/"}],"views":145,"_links":{"self":[{"href":"https:\/\/anoticiaonline.com.br\/site\/wp-json\/wp\/v2\/posts\/67341","targetHints":{"allow":["GET"]}}],"collection":[{"href":"https:\/\/anoticiaonline.com.br\/site\/wp-json\/wp\/v2\/posts"}],"about":[{"href":"https:\/\/anoticiaonline.com.br\/site\/wp-json\/wp\/v2\/types\/post"}],"author":[{"embeddable":true,"href":"https:\/\/anoticiaonline.com.br\/site\/wp-json\/wp\/v2\/users\/2"}],"replies":[{"embeddable":true,"href":"https:\/\/anoticiaonline.com.br\/site\/wp-json\/wp\/v2\/comments?post=67341"}],"version-history":[{"count":0,"href":"https:\/\/anoticiaonline.com.br\/site\/wp-json\/wp\/v2\/posts\/67341\/revisions"}],"wp:attachment":[{"href":"https:\/\/anoticiaonline.com.br\/site\/wp-json\/wp\/v2\/media?parent=67341"}],"wp:term":[{"taxonomy":"category","embeddable":true,"href":"https:\/\/anoticiaonline.com.br\/site\/wp-json\/wp\/v2\/categories?post=67341"},{"taxonomy":"post_tag","embeddable":true,"href":"https:\/\/anoticiaonline.com.br\/site\/wp-json\/wp\/v2\/tags?post=67341"}],"curies":[{"name":"wp","href":"https:\/\/api.w.org\/{rel}","templated":true}]}}