{"id":67335,"date":"2019-02-21T21:18:03","date_gmt":"2019-02-22T00:18:03","guid":{"rendered":"http:\/\/anoticiaonline.com.br\/site\/?p=67335"},"modified":"2019-02-21T21:18:03","modified_gmt":"2019-02-22T00:18:03","slug":"o-mito-da-caverna-e-a-sua-atualidade","status":"publish","type":"post","link":"https:\/\/anoticiaonline.com.br\/site\/o-mito-da-caverna-e-a-sua-atualidade\/","title":{"rendered":"O MITO DA CAVERNA E A SUA ATUALIDADE"},"content":{"rendered":"<p>Mesmo considerando a import\u00e2ncia dos fil\u00f3sofos pr\u00e9-socr\u00e1ticos e do pr\u00f3prio S\u00f3crates, para o pensamento da Civiliza\u00e7\u00e3o Ocidental, \u00e9 imposs\u00edvel n\u00e3o reconhecer o significado de Plat\u00e3o para o conhecimento humano.<\/p>\n<p>Nascido em 427 a.C em Atenas e falecido em 347 a.C, na mesma cidade, Plat\u00e3o, cujo nome deriva do fato de ter possu\u00eddo ombros largos e corpo atl\u00e9tico, chamava-se na realidade Aristocles.<\/p>\n<p>Plat\u00e3o sofreu as influ\u00eancias de diversos fil\u00f3sofos que o antecederam, tais como S\u00f3crates, Pit\u00e1goras, Her\u00e1clito e da pr\u00f3pria mitologia hom\u00e9rica. Escreveu centenas de obras abordando os mais diferentes assuntos, a maioria em estilo dialogal, em que os personagens estabeleciam di\u00e1logos sobre o tema que discutiam. Os temas mais abordados por Plat\u00e3o foram Amor, Amizade, Pol\u00edtica, Justi\u00e7a e Imortalidade da Alma, abordados em obras como A Rep\u00fablica, O Banquete, Fedon, G\u00f3rgias e outros.<\/p>\n<p>\u00c9 na obra \u201cA Rep\u00fablica\u201d que Plat\u00e3o aborda o interessante Mito (ou Alegoria) da Caverna. Esta alegoria fala do condicionamento humano e da sua consequente pris\u00e3o a determinados conceitos que s\u00e3o transmitidos e que acabam acorrentando as pessoas a determinadas ideologias e tabus, escravizando-as ideologicamente a determinados comportamentos.<\/p>\n<p>Conta a alegoria que existiam v\u00e1rios homens no interior de uma caverna, todos acorrentados um ao outro, impedidos de sa\u00edrem. Do lado de fora da caverna existia um muro e do outro lado desse muro passavam durante todo o dia dezenas de pessoas, carregando sobre os ombros os mais diversos objetos. O sol, brilhando intensamente, projetava no fundo escuro da caverna a sombra desses objetos. Os homens que l\u00e1 estavam acorrentados, admiravam essas sombras e as admitiam como realidade, pois estavam acorrentados ali desde sempre e n\u00e3o conheciam outra coisa al\u00e9m daquelas sombras. Um dia, um dos homens conseguiu se libertar da corrente que o prendia e foi at\u00e9 ao exterior da caverna. Seus olhos arderam diante da brilhante luz, mas quando se habituaram \u00e0 claridade, o homem percebeu que a realidade era o que estava fora da caverna e que na sua parede interior, o que viam eram apenas sombras do real que existia fora da caverna.<\/p>\n<p>O homem encantou-se com a descoberta e de t\u00e3o encantado, correu para dentro da caverna para comunicar aos amigos que o que viam projetado no fundo da profunda gruta era apenas uma sombra da maravilhosa realidade que existia do lado de fora. Os homens que continuavam acorrentados n\u00e3o acreditaram nele e o chamaram de louco e quando ele insistiu, tramaram a sua morte.<\/p>\n<p>O mundo \u00e9 assim. Existem contingentes de pessoas que, contaminadas por ideologias alienantes, apegam-se de tal maneira e com tanta convic\u00e7\u00e3o que s\u00e3o incapazes de examinarem as suas convic\u00e7\u00f5es com o valioso instrumento da an\u00e1lise cr\u00edtica. Apegam-se \u00e0s sombras em que acreditam como se fossem a suprema verdade.<\/p>\n<p>Sempre existiram \u201ccavernas\u201d para a aliena\u00e7\u00e3o dos homens. O que Plat\u00e3o flagrou naqueles long\u00ednquos s\u00e9culos antes de Cristo, continua agrilhoando os homens na atualidade. \u201cCavernas\u201d como a Televis\u00e3o, com suas informa\u00e7\u00f5es tendenciosas, suas programa\u00e7\u00f5es deformantes de car\u00e1ter, linhas religiosas radicais, partidos pol\u00edticos com ideologias ultrapassadas e tantos outros tabus, continuam a\u00ed entre n\u00f3s, como nos tempos de Plat\u00e3o, ostentando outros nomes talvez, mas com o mesmo objetivo pernicioso de alienar.<\/p>\n<p>Sair da \u201ccaverna\u201d e buscar a luz do conhecimento n\u00e3o \u00e9 mesmo tarefa f\u00e1cil, pois a vis\u00e3o do conhecimento n\u00e3o \u00e9 f\u00e1cil e normalmente desagrada a maioria reclusa na caverna. Mas vale a pena procurar desvencilhar-se das correntes e sair da escurid\u00e3o da gruta interior. Afinal, no claro a gente pode ver at\u00e9 melhor as pedras que possam obstaculizar o nosso caminho.<\/p>\n","protected":false},"excerpt":{"rendered":"<p>Mesmo considerando a import\u00e2ncia dos fil\u00f3sofos pr\u00e9-socr\u00e1ticos e do pr\u00f3prio S\u00f3crates, para o pensamento da Civiliza\u00e7\u00e3o Ocidental, \u00e9 imposs\u00edvel n\u00e3o reconhecer o significado de Plat\u00e3o para o conhecimento humano. Nascido em 427 a.C em Atenas e falecido em 347 a.C, na mesma cidade, Plat\u00e3o, cujo nome deriva do fato de ter possu\u00eddo ombros largos e &#8230; <a title=\"O MITO DA CAVERNA E A SUA ATUALIDADE\" class=\"read-more\" href=\"https:\/\/anoticiaonline.com.br\/site\/o-mito-da-caverna-e-a-sua-atualidade\/\" aria-label=\"Read more about O MITO DA CAVERNA E A SUA ATUALIDADE\">Ler mais<\/a><\/p>\n","protected":false},"author":2,"featured_media":0,"comment_status":"open","ping_status":"open","sticky":false,"template":"","format":"standard","meta":{"_acf_changed":false,"_monsterinsights_skip_tracking":false,"footnotes":""},"categories":[31,36],"tags":[],"class_list":["post-67335","post","type-post","status-publish","format-standard","hentry","category-colunistas","category-logos-adellunar-marge"],"acf":[],"aioseo_notices":[],"aioseo_head":"\n\t\t<!-- All in One SEO 5.0.0.1 - aioseo.com -->\n\t<meta name=\"description\" content=\"Mesmo considerando a import\u00e2ncia dos fil\u00f3sofos pr\u00e9-socr\u00e1ticos e do pr\u00f3prio S\u00f3crates, para o pensamento da Civiliza\u00e7\u00e3o Ocidental, \u00e9 imposs\u00edvel n\u00e3o reconhecer o significado de Plat\u00e3o para o conhecimento humano. Nascido em 427 a.C em Atenas e falecido em 347 a.C, na mesma cidade, Plat\u00e3o, cujo nome deriva do fato de ter possu\u00eddo ombros largos e\" \/>\n\t<meta name=\"robots\" content=\"max-image-preview:large\" \/>\n\t<meta name=\"author\" content=\"Juliana Laviola\"\/>\n\t<link rel=\"canonical\" href=\"https:\/\/anoticiaonline.com.br\/site\/o-mito-da-caverna-e-a-sua-atualidade\/\" \/>\n\t<meta name=\"generator\" content=\"All in One SEO (AIOSEO) 5.0.0.1\" \/>\n\t\t<meta property=\"og:locale\" content=\"pt_BR\" \/>\n\t\t<meta property=\"og:site_name\" content=\"A Not\u00edcia Online - Noticias de Muria\u00e9 e regi\u00e3o\" \/>\n\t\t<meta property=\"og:type\" content=\"article\" \/>\n\t\t<meta property=\"og:title\" content=\"O MITO DA CAVERNA E A SUA ATUALIDADE - A Not\u00edcia Online\" \/>\n\t\t<meta property=\"og:description\" content=\"Mesmo considerando a import\u00e2ncia dos fil\u00f3sofos pr\u00e9-socr\u00e1ticos e do pr\u00f3prio S\u00f3crates, para o pensamento da Civiliza\u00e7\u00e3o Ocidental, \u00e9 imposs\u00edvel n\u00e3o reconhecer o significado de Plat\u00e3o para o conhecimento humano. Nascido em 427 a.C em Atenas e falecido em 347 a.C, na mesma cidade, Plat\u00e3o, cujo nome deriva do fato de ter possu\u00eddo ombros largos e\" \/>\n\t\t<meta property=\"og:url\" content=\"https:\/\/anoticiaonline.com.br\/site\/o-mito-da-caverna-e-a-sua-atualidade\/\" \/>\n\t\t<meta property=\"og:image\" content=\"https:\/\/scontent-gig4-1.xx.fbcdn.net\/v\/t39.30808-1\/270437624_4564083193639691_6907940295614233970_n.jpg?stp=dst-jpg_s200x200_tt6&#038;_nc_cat=111&#038;ccb=1-7&#038;_nc_sid=f907e8&#038;_nc_ohc=SM1wRlP3lJwQ7kNvwEPuBYA&#038;_nc_oc=AdnqrjDN_BNjSSHWO-GbkIWH6fkGMLw4bqvL_NH6e2wMveX7G-rP2dAqsDSq1mJMOaY&#038;_nc_zt=24&#038;_nc_ht=scontent-gig4-1.xx&#038;_nc_gid=AoBFJeGrT1hVaew_6rchkQ&#038;oh=00_AfX7QmFGhQhG2jAllVgXCiM1ZrWgvtp80-Bfppyexh1QEg&#038;oe=689E923C\" \/>\n\t\t<meta property=\"og:image:secure_url\" content=\"https:\/\/scontent-gig4-1.xx.fbcdn.net\/v\/t39.30808-1\/270437624_4564083193639691_6907940295614233970_n.jpg?stp=dst-jpg_s200x200_tt6&#038;_nc_cat=111&#038;ccb=1-7&#038;_nc_sid=f907e8&#038;_nc_ohc=SM1wRlP3lJwQ7kNvwEPuBYA&#038;_nc_oc=AdnqrjDN_BNjSSHWO-GbkIWH6fkGMLw4bqvL_NH6e2wMveX7G-rP2dAqsDSq1mJMOaY&#038;_nc_zt=24&#038;_nc_ht=scontent-gig4-1.xx&#038;_nc_gid=AoBFJeGrT1hVaew_6rchkQ&#038;oh=00_AfX7QmFGhQhG2jAllVgXCiM1ZrWgvtp80-Bfppyexh1QEg&#038;oe=689E923C\" \/>\n\t\t<meta property=\"article:published_time\" content=\"2019-02-22T00:18:03+00:00\" \/>\n\t\t<meta property=\"article:modified_time\" content=\"2019-02-22T00:18:03+00:00\" \/>\n\t\t<meta name=\"twitter:card\" content=\"summary_large_image\" \/>\n\t\t<meta name=\"twitter:title\" content=\"O MITO DA CAVERNA E A SUA ATUALIDADE - A Not\u00edcia Online\" \/>\n\t\t<meta name=\"twitter:description\" content=\"Mesmo considerando a import\u00e2ncia dos fil\u00f3sofos pr\u00e9-socr\u00e1ticos e do pr\u00f3prio S\u00f3crates, para o pensamento da Civiliza\u00e7\u00e3o Ocidental, \u00e9 imposs\u00edvel n\u00e3o reconhecer o significado de Plat\u00e3o para o conhecimento humano. Nascido em 427 a.C em Atenas e falecido em 347 a.C, na mesma cidade, Plat\u00e3o, cujo nome deriva do fato de ter possu\u00eddo ombros largos e\" \/>\n\t\t<meta name=\"twitter:image\" content=\"https:\/\/scontent-gig4-1.xx.fbcdn.net\/v\/t39.30808-1\/270437624_4564083193639691_6907940295614233970_n.jpg?stp=dst-jpg_s200x200_tt6&amp;_nc_cat=111&amp;ccb=1-7&amp;_nc_sid=f907e8&amp;_nc_ohc=SM1wRlP3lJwQ7kNvwEPuBYA&amp;_nc_oc=AdnqrjDN_BNjSSHWO-GbkIWH6fkGMLw4bqvL_NH6e2wMveX7G-rP2dAqsDSq1mJMOaY&amp;_nc_zt=24&amp;_nc_ht=scontent-gig4-1.xx&amp;_nc_gid=AoBFJeGrT1hVaew_6rchkQ&amp;oh=00_AfX7QmFGhQhG2jAllVgXCiM1ZrWgvtp80-Bfppyexh1QEg&amp;oe=689E923C\" \/>\n\t\t<script type=\"application\/ld+json\" class=\"aioseo-schema\">\n\t\t\t{\"@context\":\"https:\\\/\\\/schema.org\",\"@graph\":[{\"@type\":\"BlogPosting\",\"@id\":\"https:\\\/\\\/anoticiaonline.com.br\\\/site\\\/o-mito-da-caverna-e-a-sua-atualidade\\\/#blogposting\",\"name\":\"O MITO DA CAVERNA E A SUA ATUALIDADE - A Not\\u00edcia Online\",\"headline\":\"O MITO DA CAVERNA E A SUA ATUALIDADE\",\"author\":{\"@id\":\"https:\\\/\\\/anoticiaonline.com.br\\\/site\\\/author\\\/juliana\\\/#author\"},\"publisher\":{\"@id\":\"https:\\\/\\\/anoticiaonline.com.br\\\/site\\\/#organization\"},\"image\":{\"@type\":\"ImageObject\",\"url\":\"https:\\\/\\\/scontent-gig4-1.xx.fbcdn.net\\\/v\\\/t39.30808-1\\\/270437624_4564083193639691_6907940295614233970_n.jpg?stp=dst-jpg_s200x200_tt6&_nc_cat=111&ccb=1-7&_nc_sid=f907e8&_nc_ohc=SM1wRlP3lJwQ7kNvwEPuBYA&_nc_oc=AdnqrjDN_BNjSSHWO-GbkIWH6fkGMLw4bqvL_NH6e2wMveX7G-rP2dAqsDSq1mJMOaY&_nc_zt=24&_nc_ht=scontent-gig4-1.xx&_nc_gid=AoBFJeGrT1hVaew_6rchkQ&oh=00_AfX7QmFGhQhG2jAllVgXCiM1ZrWgvtp80-Bfppyexh1QEg&oe=689E923C\",\"@id\":\"https:\\\/\\\/anoticiaonline.com.br\\\/site\\\/#articleImage\"},\"datePublished\":\"2019-02-21T21:18:03-03:00\",\"dateModified\":\"2019-02-21T21:18:03-03:00\",\"inLanguage\":\"pt-BR\",\"mainEntityOfPage\":{\"@id\":\"https:\\\/\\\/anoticiaonline.com.br\\\/site\\\/o-mito-da-caverna-e-a-sua-atualidade\\\/#webpage\"},\"isPartOf\":{\"@id\":\"https:\\\/\\\/anoticiaonline.com.br\\\/site\\\/o-mito-da-caverna-e-a-sua-atualidade\\\/#webpage\"},\"articleSection\":\"Colunistas, Logos - Adellunar Marge\"},{\"@type\":\"BreadcrumbList\",\"@id\":\"https:\\\/\\\/anoticiaonline.com.br\\\/site\\\/o-mito-da-caverna-e-a-sua-atualidade\\\/#breadcrumblist\",\"itemListElement\":[{\"@type\":\"ListItem\",\"@id\":\"https:\\\/\\\/anoticiaonline.com.br\\\/site#listItem\",\"position\":1,\"name\":\"Home\",\"item\":\"https:\\\/\\\/anoticiaonline.com.br\\\/site\",\"nextItem\":{\"@type\":\"ListItem\",\"@id\":\"https:\\\/\\\/anoticiaonline.com.br\\\/site\\\/categoria\\\/colunistas\\\/#listItem\",\"name\":\"Colunistas\"}},{\"@type\":\"ListItem\",\"@id\":\"https:\\\/\\\/anoticiaonline.com.br\\\/site\\\/categoria\\\/colunistas\\\/#listItem\",\"position\":2,\"name\":\"Colunistas\",\"item\":\"https:\\\/\\\/anoticiaonline.com.br\\\/site\\\/categoria\\\/colunistas\\\/\",\"nextItem\":{\"@type\":\"ListItem\",\"@id\":\"https:\\\/\\\/anoticiaonline.com.br\\\/site\\\/categoria\\\/colunistas\\\/logos-adellunar-marge\\\/#listItem\",\"name\":\"Logos - Adellunar Marge\"},\"previousItem\":{\"@type\":\"ListItem\",\"@id\":\"https:\\\/\\\/anoticiaonline.com.br\\\/site#listItem\",\"name\":\"Home\"}},{\"@type\":\"ListItem\",\"@id\":\"https:\\\/\\\/anoticiaonline.com.br\\\/site\\\/categoria\\\/colunistas\\\/logos-adellunar-marge\\\/#listItem\",\"position\":3,\"name\":\"Logos - Adellunar Marge\",\"item\":\"https:\\\/\\\/anoticiaonline.com.br\\\/site\\\/categoria\\\/colunistas\\\/logos-adellunar-marge\\\/\",\"nextItem\":{\"@type\":\"ListItem\",\"@id\":\"https:\\\/\\\/anoticiaonline.com.br\\\/site\\\/o-mito-da-caverna-e-a-sua-atualidade\\\/#listItem\",\"name\":\"O MITO DA CAVERNA E A SUA ATUALIDADE\"},\"previousItem\":{\"@type\":\"ListItem\",\"@id\":\"https:\\\/\\\/anoticiaonline.com.br\\\/site\\\/categoria\\\/colunistas\\\/#listItem\",\"name\":\"Colunistas\"}},{\"@type\":\"ListItem\",\"@id\":\"https:\\\/\\\/anoticiaonline.com.br\\\/site\\\/o-mito-da-caverna-e-a-sua-atualidade\\\/#listItem\",\"position\":4,\"name\":\"O MITO DA CAVERNA E A SUA ATUALIDADE\",\"previousItem\":{\"@type\":\"ListItem\",\"@id\":\"https:\\\/\\\/anoticiaonline.com.br\\\/site\\\/categoria\\\/colunistas\\\/logos-adellunar-marge\\\/#listItem\",\"name\":\"Logos - Adellunar Marge\"}}]},{\"@type\":\"Organization\",\"@id\":\"https:\\\/\\\/anoticiaonline.com.br\\\/site\\\/#organization\",\"name\":\"A Not\\u00edcia Online\",\"description\":\"Noticias de Muria\\u00e9 e regi\\u00e3o\",\"url\":\"https:\\\/\\\/anoticiaonline.com.br\\\/site\\\/\",\"logo\":{\"@type\":\"ImageObject\",\"url\":\"https:\\\/\\\/scontent-gig4-1.xx.fbcdn.net\\\/v\\\/t39.30808-1\\\/270437624_4564083193639691_6907940295614233970_n.jpg?stp=dst-jpg_s200x200_tt6&_nc_cat=111&ccb=1-7&_nc_sid=f907e8&_nc_ohc=SM1wRlP3lJwQ7kNvwEPuBYA&_nc_oc=AdnqrjDN_BNjSSHWO-GbkIWH6fkGMLw4bqvL_NH6e2wMveX7G-rP2dAqsDSq1mJMOaY&_nc_zt=24&_nc_ht=scontent-gig4-1.xx&_nc_gid=AoBFJeGrT1hVaew_6rchkQ&oh=00_AfX7QmFGhQhG2jAllVgXCiM1ZrWgvtp80-Bfppyexh1QEg&oe=689E923C\",\"@id\":\"https:\\\/\\\/anoticiaonline.com.br\\\/site\\\/o-mito-da-caverna-e-a-sua-atualidade\\\/#organizationLogo\"},\"image\":{\"@id\":\"https:\\\/\\\/anoticiaonline.com.br\\\/site\\\/o-mito-da-caverna-e-a-sua-atualidade\\\/#organizationLogo\"}},{\"@type\":\"Person\",\"@id\":\"https:\\\/\\\/anoticiaonline.com.br\\\/site\\\/author\\\/juliana\\\/#author\",\"url\":\"https:\\\/\\\/anoticiaonline.com.br\\\/site\\\/author\\\/juliana\\\/\",\"name\":\"Juliana Laviola\",\"image\":{\"@type\":\"ImageObject\",\"@id\":\"https:\\\/\\\/anoticiaonline.com.br\\\/site\\\/o-mito-da-caverna-e-a-sua-atualidade\\\/#authorImage\",\"url\":\"https:\\\/\\\/secure.gravatar.com\\\/avatar\\\/b8d45f5c699b100dfaf0e543582f38f38bf94cb7ae3a5e9abf8d891a34773335?s=96&d=mm&r=g\",\"width\":96,\"height\":96,\"caption\":\"Juliana Laviola\"}},{\"@type\":\"WebPage\",\"@id\":\"https:\\\/\\\/anoticiaonline.com.br\\\/site\\\/o-mito-da-caverna-e-a-sua-atualidade\\\/#webpage\",\"url\":\"https:\\\/\\\/anoticiaonline.com.br\\\/site\\\/o-mito-da-caverna-e-a-sua-atualidade\\\/\",\"name\":\"O MITO DA CAVERNA E A SUA ATUALIDADE - A Not\\u00edcia Online\",\"description\":\"Mesmo considerando a import\\u00e2ncia dos fil\\u00f3sofos pr\\u00e9-socr\\u00e1ticos e do pr\\u00f3prio S\\u00f3crates, para o pensamento da Civiliza\\u00e7\\u00e3o Ocidental, \\u00e9 imposs\\u00edvel n\\u00e3o reconhecer o significado de Plat\\u00e3o para o conhecimento humano. Nascido em 427 a.C em Atenas e falecido em 347 a.C, na mesma cidade, Plat\\u00e3o, cujo nome deriva do fato de ter possu\\u00eddo ombros largos e\",\"inLanguage\":\"pt-BR\",\"isPartOf\":{\"@id\":\"https:\\\/\\\/anoticiaonline.com.br\\\/site\\\/#website\"},\"breadcrumb\":{\"@id\":\"https:\\\/\\\/anoticiaonline.com.br\\\/site\\\/o-mito-da-caverna-e-a-sua-atualidade\\\/#breadcrumblist\"},\"author\":{\"@id\":\"https:\\\/\\\/anoticiaonline.com.br\\\/site\\\/author\\\/juliana\\\/#author\"},\"creator\":{\"@id\":\"https:\\\/\\\/anoticiaonline.com.br\\\/site\\\/author\\\/juliana\\\/#author\"},\"datePublished\":\"2019-02-21T21:18:03-03:00\",\"dateModified\":\"2019-02-21T21:18:03-03:00\"},{\"@type\":\"WebSite\",\"@id\":\"https:\\\/\\\/anoticiaonline.com.br\\\/site\\\/#website\",\"url\":\"https:\\\/\\\/anoticiaonline.com.br\\\/site\\\/\",\"name\":\"A Not\\u00edcia Online\",\"description\":\"Noticias de Muria\\u00e9 e regi\\u00e3o\",\"inLanguage\":\"pt-BR\",\"publisher\":{\"@id\":\"https:\\\/\\\/anoticiaonline.com.br\\\/site\\\/#organization\"}}]}\n\t\t<\/script>\n\t\t<!-- All in One SEO -->\n\n","aioseo_head_json":{"title":"O MITO DA CAVERNA E A SUA ATUALIDADE - A Not\u00edcia Online","description":"Mesmo considerando a import\u00e2ncia dos fil\u00f3sofos pr\u00e9-socr\u00e1ticos e do pr\u00f3prio S\u00f3crates, para o pensamento da Civiliza\u00e7\u00e3o Ocidental, \u00e9 imposs\u00edvel n\u00e3o reconhecer o significado de Plat\u00e3o para o conhecimento humano. Nascido em 427 a.C em Atenas e falecido em 347 a.C, na mesma cidade, Plat\u00e3o, cujo nome deriva do fato de ter possu\u00eddo ombros largos e","canonical_url":"https:\/\/anoticiaonline.com.br\/site\/o-mito-da-caverna-e-a-sua-atualidade\/","robots":"max-image-preview:large","keywords":"","webmasterTools":{"miscellaneous":""},"schema":{"@context":"https:\/\/schema.org","@graph":[{"@type":"BlogPosting","@id":"https:\/\/anoticiaonline.com.br\/site\/o-mito-da-caverna-e-a-sua-atualidade\/#blogposting","name":"O MITO DA CAVERNA E A SUA ATUALIDADE - A Not\u00edcia Online","headline":"O MITO DA CAVERNA E A SUA ATUALIDADE","author":{"@id":"https:\/\/anoticiaonline.com.br\/site\/author\/juliana\/#author"},"publisher":{"@id":"https:\/\/anoticiaonline.com.br\/site\/#organization"},"image":{"@type":"ImageObject","url":"https:\/\/scontent-gig4-1.xx.fbcdn.net\/v\/t39.30808-1\/270437624_4564083193639691_6907940295614233970_n.jpg?stp=dst-jpg_s200x200_tt6&_nc_cat=111&ccb=1-7&_nc_sid=f907e8&_nc_ohc=SM1wRlP3lJwQ7kNvwEPuBYA&_nc_oc=AdnqrjDN_BNjSSHWO-GbkIWH6fkGMLw4bqvL_NH6e2wMveX7G-rP2dAqsDSq1mJMOaY&_nc_zt=24&_nc_ht=scontent-gig4-1.xx&_nc_gid=AoBFJeGrT1hVaew_6rchkQ&oh=00_AfX7QmFGhQhG2jAllVgXCiM1ZrWgvtp80-Bfppyexh1QEg&oe=689E923C","@id":"https:\/\/anoticiaonline.com.br\/site\/#articleImage"},"datePublished":"2019-02-21T21:18:03-03:00","dateModified":"2019-02-21T21:18:03-03:00","inLanguage":"pt-BR","mainEntityOfPage":{"@id":"https:\/\/anoticiaonline.com.br\/site\/o-mito-da-caverna-e-a-sua-atualidade\/#webpage"},"isPartOf":{"@id":"https:\/\/anoticiaonline.com.br\/site\/o-mito-da-caverna-e-a-sua-atualidade\/#webpage"},"articleSection":"Colunistas, Logos - Adellunar Marge"},{"@type":"BreadcrumbList","@id":"https:\/\/anoticiaonline.com.br\/site\/o-mito-da-caverna-e-a-sua-atualidade\/#breadcrumblist","itemListElement":[{"@type":"ListItem","@id":"https:\/\/anoticiaonline.com.br\/site#listItem","position":1,"name":"Home","item":"https:\/\/anoticiaonline.com.br\/site","nextItem":{"@type":"ListItem","@id":"https:\/\/anoticiaonline.com.br\/site\/categoria\/colunistas\/#listItem","name":"Colunistas"}},{"@type":"ListItem","@id":"https:\/\/anoticiaonline.com.br\/site\/categoria\/colunistas\/#listItem","position":2,"name":"Colunistas","item":"https:\/\/anoticiaonline.com.br\/site\/categoria\/colunistas\/","nextItem":{"@type":"ListItem","@id":"https:\/\/anoticiaonline.com.br\/site\/categoria\/colunistas\/logos-adellunar-marge\/#listItem","name":"Logos - Adellunar Marge"},"previousItem":{"@type":"ListItem","@id":"https:\/\/anoticiaonline.com.br\/site#listItem","name":"Home"}},{"@type":"ListItem","@id":"https:\/\/anoticiaonline.com.br\/site\/categoria\/colunistas\/logos-adellunar-marge\/#listItem","position":3,"name":"Logos - Adellunar Marge","item":"https:\/\/anoticiaonline.com.br\/site\/categoria\/colunistas\/logos-adellunar-marge\/","nextItem":{"@type":"ListItem","@id":"https:\/\/anoticiaonline.com.br\/site\/o-mito-da-caverna-e-a-sua-atualidade\/#listItem","name":"O MITO DA CAVERNA E A SUA ATUALIDADE"},"previousItem":{"@type":"ListItem","@id":"https:\/\/anoticiaonline.com.br\/site\/categoria\/colunistas\/#listItem","name":"Colunistas"}},{"@type":"ListItem","@id":"https:\/\/anoticiaonline.com.br\/site\/o-mito-da-caverna-e-a-sua-atualidade\/#listItem","position":4,"name":"O MITO DA CAVERNA E A SUA ATUALIDADE","previousItem":{"@type":"ListItem","@id":"https:\/\/anoticiaonline.com.br\/site\/categoria\/colunistas\/logos-adellunar-marge\/#listItem","name":"Logos - Adellunar Marge"}}]},{"@type":"Organization","@id":"https:\/\/anoticiaonline.com.br\/site\/#organization","name":"A Not\u00edcia Online","description":"Noticias de Muria\u00e9 e regi\u00e3o","url":"https:\/\/anoticiaonline.com.br\/site\/","logo":{"@type":"ImageObject","url":"https:\/\/scontent-gig4-1.xx.fbcdn.net\/v\/t39.30808-1\/270437624_4564083193639691_6907940295614233970_n.jpg?stp=dst-jpg_s200x200_tt6&_nc_cat=111&ccb=1-7&_nc_sid=f907e8&_nc_ohc=SM1wRlP3lJwQ7kNvwEPuBYA&_nc_oc=AdnqrjDN_BNjSSHWO-GbkIWH6fkGMLw4bqvL_NH6e2wMveX7G-rP2dAqsDSq1mJMOaY&_nc_zt=24&_nc_ht=scontent-gig4-1.xx&_nc_gid=AoBFJeGrT1hVaew_6rchkQ&oh=00_AfX7QmFGhQhG2jAllVgXCiM1ZrWgvtp80-Bfppyexh1QEg&oe=689E923C","@id":"https:\/\/anoticiaonline.com.br\/site\/o-mito-da-caverna-e-a-sua-atualidade\/#organizationLogo"},"image":{"@id":"https:\/\/anoticiaonline.com.br\/site\/o-mito-da-caverna-e-a-sua-atualidade\/#organizationLogo"}},{"@type":"Person","@id":"https:\/\/anoticiaonline.com.br\/site\/author\/juliana\/#author","url":"https:\/\/anoticiaonline.com.br\/site\/author\/juliana\/","name":"Juliana Laviola","image":{"@type":"ImageObject","@id":"https:\/\/anoticiaonline.com.br\/site\/o-mito-da-caverna-e-a-sua-atualidade\/#authorImage","url":"https:\/\/secure.gravatar.com\/avatar\/b8d45f5c699b100dfaf0e543582f38f38bf94cb7ae3a5e9abf8d891a34773335?s=96&d=mm&r=g","width":96,"height":96,"caption":"Juliana Laviola"}},{"@type":"WebPage","@id":"https:\/\/anoticiaonline.com.br\/site\/o-mito-da-caverna-e-a-sua-atualidade\/#webpage","url":"https:\/\/anoticiaonline.com.br\/site\/o-mito-da-caverna-e-a-sua-atualidade\/","name":"O MITO DA CAVERNA E A SUA ATUALIDADE - A Not\u00edcia Online","description":"Mesmo considerando a import\u00e2ncia dos fil\u00f3sofos pr\u00e9-socr\u00e1ticos e do pr\u00f3prio S\u00f3crates, para o pensamento da Civiliza\u00e7\u00e3o Ocidental, \u00e9 imposs\u00edvel n\u00e3o reconhecer o significado de Plat\u00e3o para o conhecimento humano. Nascido em 427 a.C em Atenas e falecido em 347 a.C, na mesma cidade, Plat\u00e3o, cujo nome deriva do fato de ter possu\u00eddo ombros largos e","inLanguage":"pt-BR","isPartOf":{"@id":"https:\/\/anoticiaonline.com.br\/site\/#website"},"breadcrumb":{"@id":"https:\/\/anoticiaonline.com.br\/site\/o-mito-da-caverna-e-a-sua-atualidade\/#breadcrumblist"},"author":{"@id":"https:\/\/anoticiaonline.com.br\/site\/author\/juliana\/#author"},"creator":{"@id":"https:\/\/anoticiaonline.com.br\/site\/author\/juliana\/#author"},"datePublished":"2019-02-21T21:18:03-03:00","dateModified":"2019-02-21T21:18:03-03:00"},{"@type":"WebSite","@id":"https:\/\/anoticiaonline.com.br\/site\/#website","url":"https:\/\/anoticiaonline.com.br\/site\/","name":"A Not\u00edcia Online","description":"Noticias de Muria\u00e9 e regi\u00e3o","inLanguage":"pt-BR","publisher":{"@id":"https:\/\/anoticiaonline.com.br\/site\/#organization"}}]},"og:locale":"pt_BR","og:site_name":"A Not\u00edcia Online - Noticias de Muria\u00e9 e regi\u00e3o","og:type":"article","og:title":"O MITO DA CAVERNA E A SUA ATUALIDADE - A Not\u00edcia Online","og:description":"Mesmo considerando a import\u00e2ncia dos fil\u00f3sofos pr\u00e9-socr\u00e1ticos e do pr\u00f3prio S\u00f3crates, para o pensamento da Civiliza\u00e7\u00e3o Ocidental, \u00e9 imposs\u00edvel n\u00e3o reconhecer o significado de Plat\u00e3o para o conhecimento humano. Nascido em 427 a.C em Atenas e falecido em 347 a.C, na mesma cidade, Plat\u00e3o, cujo nome deriva do fato de ter possu\u00eddo ombros largos e","og:url":"https:\/\/anoticiaonline.com.br\/site\/o-mito-da-caverna-e-a-sua-atualidade\/","og:image":"https:\/\/scontent-gig4-1.xx.fbcdn.net\/v\/t39.30808-1\/270437624_4564083193639691_6907940295614233970_n.jpg?stp=dst-jpg_s200x200_tt6&#038;_nc_cat=111&#038;ccb=1-7&#038;_nc_sid=f907e8&#038;_nc_ohc=SM1wRlP3lJwQ7kNvwEPuBYA&#038;_nc_oc=AdnqrjDN_BNjSSHWO-GbkIWH6fkGMLw4bqvL_NH6e2wMveX7G-rP2dAqsDSq1mJMOaY&#038;_nc_zt=24&#038;_nc_ht=scontent-gig4-1.xx&#038;_nc_gid=AoBFJeGrT1hVaew_6rchkQ&#038;oh=00_AfX7QmFGhQhG2jAllVgXCiM1ZrWgvtp80-Bfppyexh1QEg&#038;oe=689E923C","og:image:secure_url":"https:\/\/scontent-gig4-1.xx.fbcdn.net\/v\/t39.30808-1\/270437624_4564083193639691_6907940295614233970_n.jpg?stp=dst-jpg_s200x200_tt6&#038;_nc_cat=111&#038;ccb=1-7&#038;_nc_sid=f907e8&#038;_nc_ohc=SM1wRlP3lJwQ7kNvwEPuBYA&#038;_nc_oc=AdnqrjDN_BNjSSHWO-GbkIWH6fkGMLw4bqvL_NH6e2wMveX7G-rP2dAqsDSq1mJMOaY&#038;_nc_zt=24&#038;_nc_ht=scontent-gig4-1.xx&#038;_nc_gid=AoBFJeGrT1hVaew_6rchkQ&#038;oh=00_AfX7QmFGhQhG2jAllVgXCiM1ZrWgvtp80-Bfppyexh1QEg&#038;oe=689E923C","article:published_time":"2019-02-22T00:18:03+00:00","article:modified_time":"2019-02-22T00:18:03+00:00","twitter:card":"summary_large_image","twitter:title":"O MITO DA CAVERNA E A SUA ATUALIDADE - A Not\u00edcia Online","twitter:description":"Mesmo considerando a import\u00e2ncia dos fil\u00f3sofos pr\u00e9-socr\u00e1ticos e do pr\u00f3prio S\u00f3crates, para o pensamento da Civiliza\u00e7\u00e3o Ocidental, \u00e9 imposs\u00edvel n\u00e3o reconhecer o significado de Plat\u00e3o para o conhecimento humano. Nascido em 427 a.C em Atenas e falecido em 347 a.C, na mesma cidade, Plat\u00e3o, cujo nome deriva do fato de ter possu\u00eddo ombros largos e","twitter:image":"https:\/\/scontent-gig4-1.xx.fbcdn.net\/v\/t39.30808-1\/270437624_4564083193639691_6907940295614233970_n.jpg?stp=dst-jpg_s200x200_tt6&_nc_cat=111&ccb=1-7&_nc_sid=f907e8&_nc_ohc=SM1wRlP3lJwQ7kNvwEPuBYA&_nc_oc=AdnqrjDN_BNjSSHWO-GbkIWH6fkGMLw4bqvL_NH6e2wMveX7G-rP2dAqsDSq1mJMOaY&_nc_zt=24&_nc_ht=scontent-gig4-1.xx&_nc_gid=AoBFJeGrT1hVaew_6rchkQ&oh=00_AfX7QmFGhQhG2jAllVgXCiM1ZrWgvtp80-Bfppyexh1QEg&oe=689E923C"},"aioseo_meta_data":{"post_id":"67335","title":null,"description":null,"keywords":null,"keyphrases":null,"primary_term":null,"canonical_url":null,"og_title":null,"og_description":null,"og_object_type":"default","og_image_type":"default","og_image_url":null,"og_image_width":null,"og_image_height":null,"og_image_custom_url":null,"og_image_custom_fields":null,"og_video":null,"og_custom_url":null,"og_article_section":null,"og_article_tags":null,"twitter_use_og":false,"twitter_card":"default","twitter_image_type":"default","twitter_image_url":null,"twitter_image_custom_url":null,"twitter_image_custom_fields":null,"twitter_title":null,"twitter_description":null,"schema":{"blockGraphs":[],"customGraphs":[],"default":{"data":{"Article":[],"Course":[],"Dataset":[],"FAQPage":[],"Movie":[],"Person":[],"Product":[],"ProductReview":[],"Car":[],"Recipe":[],"Service":[],"SoftwareApplication":[],"WebPage":[]},"graphName":"","isEnabled":true},"graphs":[]},"schema_type":"default","schema_type_options":null,"pillar_content":false,"robots_default":true,"robots_noindex":false,"robots_noarchive":false,"robots_nosnippet":false,"robots_nofollow":false,"robots_noimageindex":false,"robots_noodp":false,"robots_notranslate":false,"robots_max_snippet":null,"robots_max_videopreview":null,"robots_max_imagepreview":"large","priority":null,"frequency":null,"local_seo":null,"breadcrumb_settings":null,"limit_modified_date":false,"ai":null,"created":"2025-08-16 22:50:29","updated":"2025-08-16 22:50:29","focus_keyword":null,"additional_keywords":null,"truseo_locale":null,"seo_analyzer_scan_date":null},"aioseo_breadcrumb":"<div class=\"aioseo-breadcrumbs\"><span class=\"aioseo-breadcrumb\">\n\t\t\t<a href=\"https:\/\/anoticiaonline.com.br\/site\" title=\"Home\">Home<\/a>\n\t\t<\/span><span class=\"aioseo-breadcrumb-separator\">&raquo;<\/span><span class=\"aioseo-breadcrumb\">\n\t\t\t<a href=\"https:\/\/anoticiaonline.com.br\/site\/categoria\/colunistas\/\" title=\"Colunistas\">Colunistas<\/a>\n\t\t<\/span><span class=\"aioseo-breadcrumb-separator\">&raquo;<\/span><span class=\"aioseo-breadcrumb\">\n\t\t\t<a href=\"https:\/\/anoticiaonline.com.br\/site\/categoria\/colunistas\/logos-adellunar-marge\/\" title=\"Logos - Adellunar Marge\">Logos - Adellunar Marge<\/a>\n\t\t<\/span><span class=\"aioseo-breadcrumb-separator\">&raquo;<\/span><span class=\"aioseo-breadcrumb\">\n\t\t\tO MITO DA CAVERNA E A SUA ATUALIDADE\n\t\t<\/span><\/div>","aioseo_breadcrumb_json":[{"label":"Home","link":"https:\/\/anoticiaonline.com.br\/site"},{"label":"Colunistas","link":"https:\/\/anoticiaonline.com.br\/site\/categoria\/colunistas\/"},{"label":"Logos - Adellunar Marge","link":"https:\/\/anoticiaonline.com.br\/site\/categoria\/colunistas\/logos-adellunar-marge\/"},{"label":"O MITO DA CAVERNA E A SUA ATUALIDADE","link":"https:\/\/anoticiaonline.com.br\/site\/o-mito-da-caverna-e-a-sua-atualidade\/"}],"views":152,"_links":{"self":[{"href":"https:\/\/anoticiaonline.com.br\/site\/wp-json\/wp\/v2\/posts\/67335","targetHints":{"allow":["GET"]}}],"collection":[{"href":"https:\/\/anoticiaonline.com.br\/site\/wp-json\/wp\/v2\/posts"}],"about":[{"href":"https:\/\/anoticiaonline.com.br\/site\/wp-json\/wp\/v2\/types\/post"}],"author":[{"embeddable":true,"href":"https:\/\/anoticiaonline.com.br\/site\/wp-json\/wp\/v2\/users\/2"}],"replies":[{"embeddable":true,"href":"https:\/\/anoticiaonline.com.br\/site\/wp-json\/wp\/v2\/comments?post=67335"}],"version-history":[{"count":0,"href":"https:\/\/anoticiaonline.com.br\/site\/wp-json\/wp\/v2\/posts\/67335\/revisions"}],"wp:attachment":[{"href":"https:\/\/anoticiaonline.com.br\/site\/wp-json\/wp\/v2\/media?parent=67335"}],"wp:term":[{"taxonomy":"category","embeddable":true,"href":"https:\/\/anoticiaonline.com.br\/site\/wp-json\/wp\/v2\/categories?post=67335"},{"taxonomy":"post_tag","embeddable":true,"href":"https:\/\/anoticiaonline.com.br\/site\/wp-json\/wp\/v2\/tags?post=67335"}],"curies":[{"name":"wp","href":"https:\/\/api.w.org\/{rel}","templated":true}]}}