{"id":67329,"date":"2019-02-22T16:00:56","date_gmt":"2019-02-22T19:00:56","guid":{"rendered":"http:\/\/anoticiaonline.com.br\/site\/?p=67329"},"modified":"2019-02-21T21:13:14","modified_gmt":"2019-02-22T00:13:14","slug":"walace-pedrosa-prefeito-de-sao-francisco-do-gloria-e-eleito-destaque-de-2018","status":"publish","type":"post","link":"https:\/\/anoticiaonline.com.br\/site\/walace-pedrosa-prefeito-de-sao-francisco-do-gloria-e-eleito-destaque-de-2018\/","title":{"rendered":"Walace Pedrosa, prefeito de S\u00e3o Francisco do Gl\u00f3ria, \u00e9 eleito \u201cDestaque de 2018\u201d"},"content":{"rendered":"<p><a href=\"https:\/\/anoticiaonline.com.br\/site\/wp-content\/uploads\/2019\/02\/Wallace-SFG.jpg\"><img fetchpriority=\"high\" decoding=\"async\" class=\"aligncenter size-full wp-image-67330\" src=\"https:\/\/anoticiaonline.com.br\/site\/wp-content\/uploads\/2019\/02\/Wallace-SFG.jpg\" alt=\"\" width=\"932\" height=\"800\" srcset=\"https:\/\/anoticiaonline.com.br\/site\/wp-content\/uploads\/2019\/02\/Wallace-SFG.jpg 932w, https:\/\/anoticiaonline.com.br\/site\/wp-content\/uploads\/2019\/02\/Wallace-SFG-300x258.jpg 300w, https:\/\/anoticiaonline.com.br\/site\/wp-content\/uploads\/2019\/02\/Wallace-SFG-768x659.jpg 768w\" sizes=\"(max-width: 932px) 100vw, 932px\" \/><\/a><\/p>\n<p>O prefeito de S\u00e3o Francisco do Gl\u00f3ria, Walace Ferreira Pedrosa, vem alcan\u00e7ando uma avalia\u00e7\u00e3o extremamente positiva junto \u00e0 popula\u00e7\u00e3o do munic\u00edpio. Suas a\u00e7\u00f5es em prol do desenvolvimento da cidade, abra\u00e7ando todas as causas da popula\u00e7\u00e3o e colocando o munic\u00edpio no rumo do desenvolvimento o tornam um dos \u201cDestaques de 2018\u201d do Jornal A Not\u00edcia.<\/p>\n<p>Uma das recentes demonstra\u00e7\u00f5es da credibilidade de Walace Pedrosa, que se espalha por todo o estado de Minas Gerais, foi o recebimento da medalha \u201cMarechal Deodoro da Fonseca\u201d, em setembro de 2018. A homenagem foi entregue durante o 39\u00ba Semin\u00e1rio Brasileiro de prefeitos, vice-prefeitos, vereadores, procuradores jur\u00eddicos, controladores internos e assessores municipais. Este pr\u00eamio reitera o cumprimento do compromisso firmado com a popula\u00e7\u00e3o, atrav\u00e9s de um trabalho ativo, promovendo mudan\u00e7as e melhorias para comunidade de S\u00e3o Francisco do Gl\u00f3ria.<\/p>\n<p>Al\u00e9m deste pr\u00eamio, a gest\u00e3o de Walace Pedrosa tamb\u00e9m alcan\u00e7ou \u00eaxito em uma nova pesquisa realizada no munic\u00edpio de S\u00e3o Francisco do Gl\u00f3ria no final de 2018. Entre os entrevistados, 70% est\u00e3o satisfeitos com a atual administra\u00e7\u00e3o, o que mostra o comprometimento e boa gest\u00e3o do governo do prefeito Walace Pedrosa.<\/p>\n<p>\u201cAgrade\u00e7o ao Jornal A Not\u00edcia pela indica\u00e7\u00e3o e dedico este sucesso em nossa gest\u00e3o ao vice-prefeito In\u00e1cio, a todos os colaboradores da Prefeitura e a todos os secret\u00e1rios municipais, que tamb\u00e9m fazem parte de todas as nossas conquistas\u201d, disse o prefeito.<\/p>\n","protected":false},"excerpt":{"rendered":"<p>O prefeito de S\u00e3o Francisco do Gl\u00f3ria, Walace Ferreira Pedrosa, vem alcan\u00e7ando uma avalia\u00e7\u00e3o extremamente positiva junto \u00e0 popula\u00e7\u00e3o do munic\u00edpio. Suas a\u00e7\u00f5es em prol do desenvolvimento da cidade, abra\u00e7ando todas as causas da popula\u00e7\u00e3o e colocando o munic\u00edpio no rumo do desenvolvimento o tornam um dos \u201cDestaques de 2018\u201d do Jornal A Not\u00edcia. Uma &#8230; <a title=\"Walace Pedrosa, prefeito de S\u00e3o Francisco do Gl\u00f3ria, \u00e9 eleito \u201cDestaque de 2018\u201d\" class=\"read-more\" href=\"https:\/\/anoticiaonline.com.br\/site\/walace-pedrosa-prefeito-de-sao-francisco-do-gloria-e-eleito-destaque-de-2018\/\" aria-label=\"Read more about Walace Pedrosa, prefeito de S\u00e3o Francisco do Gl\u00f3ria, \u00e9 eleito \u201cDestaque de 2018\u201d\">Ler mais<\/a><\/p>\n","protected":false},"author":2,"featured_media":0,"comment_status":"open","ping_status":"open","sticky":false,"template":"","format":"standard","meta":{"_acf_changed":false,"_monsterinsights_skip_tracking":false,"footnotes":""},"categories":[30],"tags":[3687,1459],"class_list":["post-67329","post","type-post","status-publish","format-standard","hentry","category-muriae","tag-destaques","tag-walace-pedrosa"],"acf":[],"aioseo_notices":[],"aioseo_head":"\n\t\t<!-- All in One SEO 5.0.0.1 - aioseo.com -->\n\t<meta name=\"description\" content=\"O prefeito de S\u00e3o Francisco do Gl\u00f3ria, Walace Ferreira Pedrosa, vem alcan\u00e7ando uma avalia\u00e7\u00e3o extremamente positiva junto \u00e0 popula\u00e7\u00e3o do munic\u00edpio. Suas a\u00e7\u00f5es em prol do desenvolvimento da cidade, abra\u00e7ando todas as causas da popula\u00e7\u00e3o e colocando o munic\u00edpio no rumo do desenvolvimento o tornam um dos \u201cDestaques de 2018\u201d do Jornal A Not\u00edcia. Uma\" \/>\n\t<meta name=\"robots\" content=\"max-image-preview:large\" \/>\n\t<meta name=\"author\" content=\"Juliana Laviola\"\/>\n\t<link rel=\"canonical\" href=\"https:\/\/anoticiaonline.com.br\/site\/walace-pedrosa-prefeito-de-sao-francisco-do-gloria-e-eleito-destaque-de-2018\/\" \/>\n\t<meta name=\"generator\" content=\"All in One SEO (AIOSEO) 5.0.0.1\" \/>\n\t\t<meta property=\"og:locale\" content=\"pt_BR\" \/>\n\t\t<meta property=\"og:site_name\" content=\"A Not\u00edcia Online - Noticias de Muria\u00e9 e regi\u00e3o\" \/>\n\t\t<meta property=\"og:type\" content=\"article\" \/>\n\t\t<meta property=\"og:title\" content=\"Walace Pedrosa, prefeito de S\u00e3o Francisco do Gl\u00f3ria, \u00e9 eleito \u201cDestaque de 2018\u201d - A Not\u00edcia Online\" \/>\n\t\t<meta property=\"og:description\" content=\"O prefeito de S\u00e3o Francisco do Gl\u00f3ria, Walace Ferreira Pedrosa, vem alcan\u00e7ando uma avalia\u00e7\u00e3o extremamente positiva junto \u00e0 popula\u00e7\u00e3o do munic\u00edpio. Suas a\u00e7\u00f5es em prol do desenvolvimento da cidade, abra\u00e7ando todas as causas da popula\u00e7\u00e3o e colocando o munic\u00edpio no rumo do desenvolvimento o tornam um dos \u201cDestaques de 2018\u201d do Jornal A Not\u00edcia. Uma\" \/>\n\t\t<meta property=\"og:url\" content=\"https:\/\/anoticiaonline.com.br\/site\/walace-pedrosa-prefeito-de-sao-francisco-do-gloria-e-eleito-destaque-de-2018\/\" \/>\n\t\t<meta property=\"og:image\" content=\"https:\/\/scontent-gig4-1.xx.fbcdn.net\/v\/t39.30808-1\/270437624_4564083193639691_6907940295614233970_n.jpg?stp=dst-jpg_s200x200_tt6&#038;_nc_cat=111&#038;ccb=1-7&#038;_nc_sid=f907e8&#038;_nc_ohc=SM1wRlP3lJwQ7kNvwEPuBYA&#038;_nc_oc=AdnqrjDN_BNjSSHWO-GbkIWH6fkGMLw4bqvL_NH6e2wMveX7G-rP2dAqsDSq1mJMOaY&#038;_nc_zt=24&#038;_nc_ht=scontent-gig4-1.xx&#038;_nc_gid=AoBFJeGrT1hVaew_6rchkQ&#038;oh=00_AfX7QmFGhQhG2jAllVgXCiM1ZrWgvtp80-Bfppyexh1QEg&#038;oe=689E923C\" \/>\n\t\t<meta property=\"og:image:secure_url\" content=\"https:\/\/scontent-gig4-1.xx.fbcdn.net\/v\/t39.30808-1\/270437624_4564083193639691_6907940295614233970_n.jpg?stp=dst-jpg_s200x200_tt6&#038;_nc_cat=111&#038;ccb=1-7&#038;_nc_sid=f907e8&#038;_nc_ohc=SM1wRlP3lJwQ7kNvwEPuBYA&#038;_nc_oc=AdnqrjDN_BNjSSHWO-GbkIWH6fkGMLw4bqvL_NH6e2wMveX7G-rP2dAqsDSq1mJMOaY&#038;_nc_zt=24&#038;_nc_ht=scontent-gig4-1.xx&#038;_nc_gid=AoBFJeGrT1hVaew_6rchkQ&#038;oh=00_AfX7QmFGhQhG2jAllVgXCiM1ZrWgvtp80-Bfppyexh1QEg&#038;oe=689E923C\" \/>\n\t\t<meta property=\"article:published_time\" content=\"2019-02-22T19:00:56+00:00\" \/>\n\t\t<meta property=\"article:modified_time\" content=\"2019-02-22T00:13:14+00:00\" \/>\n\t\t<meta name=\"twitter:card\" content=\"summary_large_image\" \/>\n\t\t<meta name=\"twitter:title\" content=\"Walace Pedrosa, prefeito de S\u00e3o Francisco do Gl\u00f3ria, \u00e9 eleito \u201cDestaque de 2018\u201d - A Not\u00edcia Online\" \/>\n\t\t<meta name=\"twitter:description\" content=\"O prefeito de S\u00e3o Francisco do Gl\u00f3ria, Walace Ferreira Pedrosa, vem alcan\u00e7ando uma avalia\u00e7\u00e3o extremamente positiva junto \u00e0 popula\u00e7\u00e3o do munic\u00edpio. Suas a\u00e7\u00f5es em prol do desenvolvimento da cidade, abra\u00e7ando todas as causas da popula\u00e7\u00e3o e colocando o munic\u00edpio no rumo do desenvolvimento o tornam um dos \u201cDestaques de 2018\u201d do Jornal A Not\u00edcia. Uma\" \/>\n\t\t<meta name=\"twitter:image\" content=\"https:\/\/scontent-gig4-1.xx.fbcdn.net\/v\/t39.30808-1\/270437624_4564083193639691_6907940295614233970_n.jpg?stp=dst-jpg_s200x200_tt6&amp;_nc_cat=111&amp;ccb=1-7&amp;_nc_sid=f907e8&amp;_nc_ohc=SM1wRlP3lJwQ7kNvwEPuBYA&amp;_nc_oc=AdnqrjDN_BNjSSHWO-GbkIWH6fkGMLw4bqvL_NH6e2wMveX7G-rP2dAqsDSq1mJMOaY&amp;_nc_zt=24&amp;_nc_ht=scontent-gig4-1.xx&amp;_nc_gid=AoBFJeGrT1hVaew_6rchkQ&amp;oh=00_AfX7QmFGhQhG2jAllVgXCiM1ZrWgvtp80-Bfppyexh1QEg&amp;oe=689E923C\" \/>\n\t\t<script type=\"application\/ld+json\" class=\"aioseo-schema\">\n\t\t\t{\"@context\":\"https:\\\/\\\/schema.org\",\"@graph\":[{\"@type\":\"BlogPosting\",\"@id\":\"https:\\\/\\\/anoticiaonline.com.br\\\/site\\\/walace-pedrosa-prefeito-de-sao-francisco-do-gloria-e-eleito-destaque-de-2018\\\/#blogposting\",\"name\":\"Walace Pedrosa, prefeito de S\\u00e3o Francisco do Gl\\u00f3ria, \\u00e9 eleito \\u201cDestaque de 2018\\u201d - A Not\\u00edcia Online\",\"headline\":\"Walace Pedrosa, prefeito de S\\u00e3o Francisco do Gl\\u00f3ria, \\u00e9 eleito \\u201cDestaque de 2018\\u201d\",\"author\":{\"@id\":\"https:\\\/\\\/anoticiaonline.com.br\\\/site\\\/author\\\/juliana\\\/#author\"},\"publisher\":{\"@id\":\"https:\\\/\\\/anoticiaonline.com.br\\\/site\\\/#organization\"},\"image\":{\"@type\":\"ImageObject\",\"url\":\"https:\\\/\\\/anoticiaonline.com.br\\\/site\\\/wp-content\\\/uploads\\\/2019\\\/02\\\/Wallace-SFG.jpg\",\"@id\":\"https:\\\/\\\/anoticiaonline.com.br\\\/site\\\/walace-pedrosa-prefeito-de-sao-francisco-do-gloria-e-eleito-destaque-de-2018\\\/#articleImage\",\"width\":932,\"height\":800},\"datePublished\":\"2019-02-22T16:00:56-03:00\",\"dateModified\":\"2019-02-21T21:13:14-03:00\",\"inLanguage\":\"pt-BR\",\"mainEntityOfPage\":{\"@id\":\"https:\\\/\\\/anoticiaonline.com.br\\\/site\\\/walace-pedrosa-prefeito-de-sao-francisco-do-gloria-e-eleito-destaque-de-2018\\\/#webpage\"},\"isPartOf\":{\"@id\":\"https:\\\/\\\/anoticiaonline.com.br\\\/site\\\/walace-pedrosa-prefeito-de-sao-francisco-do-gloria-e-eleito-destaque-de-2018\\\/#webpage\"},\"articleSection\":\"Blog, Destaques, Walace Pedrosa\"},{\"@type\":\"BreadcrumbList\",\"@id\":\"https:\\\/\\\/anoticiaonline.com.br\\\/site\\\/walace-pedrosa-prefeito-de-sao-francisco-do-gloria-e-eleito-destaque-de-2018\\\/#breadcrumblist\",\"itemListElement\":[{\"@type\":\"ListItem\",\"@id\":\"https:\\\/\\\/anoticiaonline.com.br\\\/site#listItem\",\"position\":1,\"name\":\"Home\",\"item\":\"https:\\\/\\\/anoticiaonline.com.br\\\/site\",\"nextItem\":{\"@type\":\"ListItem\",\"@id\":\"https:\\\/\\\/anoticiaonline.com.br\\\/site\\\/categoria\\\/muriae\\\/#listItem\",\"name\":\"Blog\"}},{\"@type\":\"ListItem\",\"@id\":\"https:\\\/\\\/anoticiaonline.com.br\\\/site\\\/categoria\\\/muriae\\\/#listItem\",\"position\":2,\"name\":\"Blog\",\"item\":\"https:\\\/\\\/anoticiaonline.com.br\\\/site\\\/categoria\\\/muriae\\\/\",\"nextItem\":{\"@type\":\"ListItem\",\"@id\":\"https:\\\/\\\/anoticiaonline.com.br\\\/site\\\/walace-pedrosa-prefeito-de-sao-francisco-do-gloria-e-eleito-destaque-de-2018\\\/#listItem\",\"name\":\"Walace Pedrosa, prefeito de S\\u00e3o Francisco do Gl\\u00f3ria, \\u00e9 eleito \\u201cDestaque de 2018\\u201d\"},\"previousItem\":{\"@type\":\"ListItem\",\"@id\":\"https:\\\/\\\/anoticiaonline.com.br\\\/site#listItem\",\"name\":\"Home\"}},{\"@type\":\"ListItem\",\"@id\":\"https:\\\/\\\/anoticiaonline.com.br\\\/site\\\/walace-pedrosa-prefeito-de-sao-francisco-do-gloria-e-eleito-destaque-de-2018\\\/#listItem\",\"position\":3,\"name\":\"Walace Pedrosa, prefeito de S\\u00e3o Francisco do Gl\\u00f3ria, \\u00e9 eleito \\u201cDestaque de 2018\\u201d\",\"previousItem\":{\"@type\":\"ListItem\",\"@id\":\"https:\\\/\\\/anoticiaonline.com.br\\\/site\\\/categoria\\\/muriae\\\/#listItem\",\"name\":\"Blog\"}}]},{\"@type\":\"Organization\",\"@id\":\"https:\\\/\\\/anoticiaonline.com.br\\\/site\\\/#organization\",\"name\":\"A Not\\u00edcia Online\",\"description\":\"Noticias de Muria\\u00e9 e regi\\u00e3o\",\"url\":\"https:\\\/\\\/anoticiaonline.com.br\\\/site\\\/\",\"logo\":{\"@type\":\"ImageObject\",\"url\":\"https:\\\/\\\/scontent-gig4-1.xx.fbcdn.net\\\/v\\\/t39.30808-1\\\/270437624_4564083193639691_6907940295614233970_n.jpg?stp=dst-jpg_s200x200_tt6&_nc_cat=111&ccb=1-7&_nc_sid=f907e8&_nc_ohc=SM1wRlP3lJwQ7kNvwEPuBYA&_nc_oc=AdnqrjDN_BNjSSHWO-GbkIWH6fkGMLw4bqvL_NH6e2wMveX7G-rP2dAqsDSq1mJMOaY&_nc_zt=24&_nc_ht=scontent-gig4-1.xx&_nc_gid=AoBFJeGrT1hVaew_6rchkQ&oh=00_AfX7QmFGhQhG2jAllVgXCiM1ZrWgvtp80-Bfppyexh1QEg&oe=689E923C\",\"@id\":\"https:\\\/\\\/anoticiaonline.com.br\\\/site\\\/walace-pedrosa-prefeito-de-sao-francisco-do-gloria-e-eleito-destaque-de-2018\\\/#organizationLogo\"},\"image\":{\"@id\":\"https:\\\/\\\/anoticiaonline.com.br\\\/site\\\/walace-pedrosa-prefeito-de-sao-francisco-do-gloria-e-eleito-destaque-de-2018\\\/#organizationLogo\"}},{\"@type\":\"Person\",\"@id\":\"https:\\\/\\\/anoticiaonline.com.br\\\/site\\\/author\\\/juliana\\\/#author\",\"url\":\"https:\\\/\\\/anoticiaonline.com.br\\\/site\\\/author\\\/juliana\\\/\",\"name\":\"Juliana Laviola\",\"image\":{\"@type\":\"ImageObject\",\"@id\":\"https:\\\/\\\/anoticiaonline.com.br\\\/site\\\/walace-pedrosa-prefeito-de-sao-francisco-do-gloria-e-eleito-destaque-de-2018\\\/#authorImage\",\"url\":\"https:\\\/\\\/secure.gravatar.com\\\/avatar\\\/b8d45f5c699b100dfaf0e543582f38f38bf94cb7ae3a5e9abf8d891a34773335?s=96&d=mm&r=g\",\"width\":96,\"height\":96,\"caption\":\"Juliana Laviola\"}},{\"@type\":\"WebPage\",\"@id\":\"https:\\\/\\\/anoticiaonline.com.br\\\/site\\\/walace-pedrosa-prefeito-de-sao-francisco-do-gloria-e-eleito-destaque-de-2018\\\/#webpage\",\"url\":\"https:\\\/\\\/anoticiaonline.com.br\\\/site\\\/walace-pedrosa-prefeito-de-sao-francisco-do-gloria-e-eleito-destaque-de-2018\\\/\",\"name\":\"Walace Pedrosa, prefeito de S\\u00e3o Francisco do Gl\\u00f3ria, \\u00e9 eleito \\u201cDestaque de 2018\\u201d - A Not\\u00edcia Online\",\"description\":\"O prefeito de S\\u00e3o Francisco do Gl\\u00f3ria, Walace Ferreira Pedrosa, vem alcan\\u00e7ando uma avalia\\u00e7\\u00e3o extremamente positiva junto \\u00e0 popula\\u00e7\\u00e3o do munic\\u00edpio. Suas a\\u00e7\\u00f5es em prol do desenvolvimento da cidade, abra\\u00e7ando todas as causas da popula\\u00e7\\u00e3o e colocando o munic\\u00edpio no rumo do desenvolvimento o tornam um dos \\u201cDestaques de 2018\\u201d do Jornal A Not\\u00edcia. Uma\",\"inLanguage\":\"pt-BR\",\"isPartOf\":{\"@id\":\"https:\\\/\\\/anoticiaonline.com.br\\\/site\\\/#website\"},\"breadcrumb\":{\"@id\":\"https:\\\/\\\/anoticiaonline.com.br\\\/site\\\/walace-pedrosa-prefeito-de-sao-francisco-do-gloria-e-eleito-destaque-de-2018\\\/#breadcrumblist\"},\"author\":{\"@id\":\"https:\\\/\\\/anoticiaonline.com.br\\\/site\\\/author\\\/juliana\\\/#author\"},\"creator\":{\"@id\":\"https:\\\/\\\/anoticiaonline.com.br\\\/site\\\/author\\\/juliana\\\/#author\"},\"datePublished\":\"2019-02-22T16:00:56-03:00\",\"dateModified\":\"2019-02-21T21:13:14-03:00\"},{\"@type\":\"WebSite\",\"@id\":\"https:\\\/\\\/anoticiaonline.com.br\\\/site\\\/#website\",\"url\":\"https:\\\/\\\/anoticiaonline.com.br\\\/site\\\/\",\"name\":\"A Not\\u00edcia Online\",\"description\":\"Noticias de Muria\\u00e9 e regi\\u00e3o\",\"inLanguage\":\"pt-BR\",\"publisher\":{\"@id\":\"https:\\\/\\\/anoticiaonline.com.br\\\/site\\\/#organization\"}}]}\n\t\t<\/script>\n\t\t<!-- All in One SEO -->\n\n","aioseo_head_json":{"title":"Walace Pedrosa, prefeito de S\u00e3o Francisco do Gl\u00f3ria, \u00e9 eleito \u201cDestaque de 2018\u201d - A Not\u00edcia Online","description":"O prefeito de S\u00e3o Francisco do Gl\u00f3ria, Walace Ferreira Pedrosa, vem alcan\u00e7ando uma avalia\u00e7\u00e3o extremamente positiva junto \u00e0 popula\u00e7\u00e3o do munic\u00edpio. Suas a\u00e7\u00f5es em prol do desenvolvimento da cidade, abra\u00e7ando todas as causas da popula\u00e7\u00e3o e colocando o munic\u00edpio no rumo do desenvolvimento o tornam um dos \u201cDestaques de 2018\u201d do Jornal A Not\u00edcia. Uma","canonical_url":"https:\/\/anoticiaonline.com.br\/site\/walace-pedrosa-prefeito-de-sao-francisco-do-gloria-e-eleito-destaque-de-2018\/","robots":"max-image-preview:large","keywords":"","webmasterTools":{"miscellaneous":""},"schema":{"@context":"https:\/\/schema.org","@graph":[{"@type":"BlogPosting","@id":"https:\/\/anoticiaonline.com.br\/site\/walace-pedrosa-prefeito-de-sao-francisco-do-gloria-e-eleito-destaque-de-2018\/#blogposting","name":"Walace Pedrosa, prefeito de S\u00e3o Francisco do Gl\u00f3ria, \u00e9 eleito \u201cDestaque de 2018\u201d - A Not\u00edcia Online","headline":"Walace Pedrosa, prefeito de S\u00e3o Francisco do Gl\u00f3ria, \u00e9 eleito \u201cDestaque de 2018\u201d","author":{"@id":"https:\/\/anoticiaonline.com.br\/site\/author\/juliana\/#author"},"publisher":{"@id":"https:\/\/anoticiaonline.com.br\/site\/#organization"},"image":{"@type":"ImageObject","url":"https:\/\/anoticiaonline.com.br\/site\/wp-content\/uploads\/2019\/02\/Wallace-SFG.jpg","@id":"https:\/\/anoticiaonline.com.br\/site\/walace-pedrosa-prefeito-de-sao-francisco-do-gloria-e-eleito-destaque-de-2018\/#articleImage","width":932,"height":800},"datePublished":"2019-02-22T16:00:56-03:00","dateModified":"2019-02-21T21:13:14-03:00","inLanguage":"pt-BR","mainEntityOfPage":{"@id":"https:\/\/anoticiaonline.com.br\/site\/walace-pedrosa-prefeito-de-sao-francisco-do-gloria-e-eleito-destaque-de-2018\/#webpage"},"isPartOf":{"@id":"https:\/\/anoticiaonline.com.br\/site\/walace-pedrosa-prefeito-de-sao-francisco-do-gloria-e-eleito-destaque-de-2018\/#webpage"},"articleSection":"Blog, Destaques, Walace Pedrosa"},{"@type":"BreadcrumbList","@id":"https:\/\/anoticiaonline.com.br\/site\/walace-pedrosa-prefeito-de-sao-francisco-do-gloria-e-eleito-destaque-de-2018\/#breadcrumblist","itemListElement":[{"@type":"ListItem","@id":"https:\/\/anoticiaonline.com.br\/site#listItem","position":1,"name":"Home","item":"https:\/\/anoticiaonline.com.br\/site","nextItem":{"@type":"ListItem","@id":"https:\/\/anoticiaonline.com.br\/site\/categoria\/muriae\/#listItem","name":"Blog"}},{"@type":"ListItem","@id":"https:\/\/anoticiaonline.com.br\/site\/categoria\/muriae\/#listItem","position":2,"name":"Blog","item":"https:\/\/anoticiaonline.com.br\/site\/categoria\/muriae\/","nextItem":{"@type":"ListItem","@id":"https:\/\/anoticiaonline.com.br\/site\/walace-pedrosa-prefeito-de-sao-francisco-do-gloria-e-eleito-destaque-de-2018\/#listItem","name":"Walace Pedrosa, prefeito de S\u00e3o Francisco do Gl\u00f3ria, \u00e9 eleito \u201cDestaque de 2018\u201d"},"previousItem":{"@type":"ListItem","@id":"https:\/\/anoticiaonline.com.br\/site#listItem","name":"Home"}},{"@type":"ListItem","@id":"https:\/\/anoticiaonline.com.br\/site\/walace-pedrosa-prefeito-de-sao-francisco-do-gloria-e-eleito-destaque-de-2018\/#listItem","position":3,"name":"Walace Pedrosa, prefeito de S\u00e3o Francisco do Gl\u00f3ria, \u00e9 eleito \u201cDestaque de 2018\u201d","previousItem":{"@type":"ListItem","@id":"https:\/\/anoticiaonline.com.br\/site\/categoria\/muriae\/#listItem","name":"Blog"}}]},{"@type":"Organization","@id":"https:\/\/anoticiaonline.com.br\/site\/#organization","name":"A Not\u00edcia Online","description":"Noticias de Muria\u00e9 e regi\u00e3o","url":"https:\/\/anoticiaonline.com.br\/site\/","logo":{"@type":"ImageObject","url":"https:\/\/scontent-gig4-1.xx.fbcdn.net\/v\/t39.30808-1\/270437624_4564083193639691_6907940295614233970_n.jpg?stp=dst-jpg_s200x200_tt6&_nc_cat=111&ccb=1-7&_nc_sid=f907e8&_nc_ohc=SM1wRlP3lJwQ7kNvwEPuBYA&_nc_oc=AdnqrjDN_BNjSSHWO-GbkIWH6fkGMLw4bqvL_NH6e2wMveX7G-rP2dAqsDSq1mJMOaY&_nc_zt=24&_nc_ht=scontent-gig4-1.xx&_nc_gid=AoBFJeGrT1hVaew_6rchkQ&oh=00_AfX7QmFGhQhG2jAllVgXCiM1ZrWgvtp80-Bfppyexh1QEg&oe=689E923C","@id":"https:\/\/anoticiaonline.com.br\/site\/walace-pedrosa-prefeito-de-sao-francisco-do-gloria-e-eleito-destaque-de-2018\/#organizationLogo"},"image":{"@id":"https:\/\/anoticiaonline.com.br\/site\/walace-pedrosa-prefeito-de-sao-francisco-do-gloria-e-eleito-destaque-de-2018\/#organizationLogo"}},{"@type":"Person","@id":"https:\/\/anoticiaonline.com.br\/site\/author\/juliana\/#author","url":"https:\/\/anoticiaonline.com.br\/site\/author\/juliana\/","name":"Juliana Laviola","image":{"@type":"ImageObject","@id":"https:\/\/anoticiaonline.com.br\/site\/walace-pedrosa-prefeito-de-sao-francisco-do-gloria-e-eleito-destaque-de-2018\/#authorImage","url":"https:\/\/secure.gravatar.com\/avatar\/b8d45f5c699b100dfaf0e543582f38f38bf94cb7ae3a5e9abf8d891a34773335?s=96&d=mm&r=g","width":96,"height":96,"caption":"Juliana Laviola"}},{"@type":"WebPage","@id":"https:\/\/anoticiaonline.com.br\/site\/walace-pedrosa-prefeito-de-sao-francisco-do-gloria-e-eleito-destaque-de-2018\/#webpage","url":"https:\/\/anoticiaonline.com.br\/site\/walace-pedrosa-prefeito-de-sao-francisco-do-gloria-e-eleito-destaque-de-2018\/","name":"Walace Pedrosa, prefeito de S\u00e3o Francisco do Gl\u00f3ria, \u00e9 eleito \u201cDestaque de 2018\u201d - A Not\u00edcia Online","description":"O prefeito de S\u00e3o Francisco do Gl\u00f3ria, Walace Ferreira Pedrosa, vem alcan\u00e7ando uma avalia\u00e7\u00e3o extremamente positiva junto \u00e0 popula\u00e7\u00e3o do munic\u00edpio. Suas a\u00e7\u00f5es em prol do desenvolvimento da cidade, abra\u00e7ando todas as causas da popula\u00e7\u00e3o e colocando o munic\u00edpio no rumo do desenvolvimento o tornam um dos \u201cDestaques de 2018\u201d do Jornal A Not\u00edcia. Uma","inLanguage":"pt-BR","isPartOf":{"@id":"https:\/\/anoticiaonline.com.br\/site\/#website"},"breadcrumb":{"@id":"https:\/\/anoticiaonline.com.br\/site\/walace-pedrosa-prefeito-de-sao-francisco-do-gloria-e-eleito-destaque-de-2018\/#breadcrumblist"},"author":{"@id":"https:\/\/anoticiaonline.com.br\/site\/author\/juliana\/#author"},"creator":{"@id":"https:\/\/anoticiaonline.com.br\/site\/author\/juliana\/#author"},"datePublished":"2019-02-22T16:00:56-03:00","dateModified":"2019-02-21T21:13:14-03:00"},{"@type":"WebSite","@id":"https:\/\/anoticiaonline.com.br\/site\/#website","url":"https:\/\/anoticiaonline.com.br\/site\/","name":"A Not\u00edcia Online","description":"Noticias de Muria\u00e9 e regi\u00e3o","inLanguage":"pt-BR","publisher":{"@id":"https:\/\/anoticiaonline.com.br\/site\/#organization"}}]},"og:locale":"pt_BR","og:site_name":"A Not\u00edcia Online - Noticias de Muria\u00e9 e regi\u00e3o","og:type":"article","og:title":"Walace Pedrosa, prefeito de S\u00e3o Francisco do Gl\u00f3ria, \u00e9 eleito \u201cDestaque de 2018\u201d - A Not\u00edcia Online","og:description":"O prefeito de S\u00e3o Francisco do Gl\u00f3ria, Walace Ferreira Pedrosa, vem alcan\u00e7ando uma avalia\u00e7\u00e3o extremamente positiva junto \u00e0 popula\u00e7\u00e3o do munic\u00edpio. Suas a\u00e7\u00f5es em prol do desenvolvimento da cidade, abra\u00e7ando todas as causas da popula\u00e7\u00e3o e colocando o munic\u00edpio no rumo do desenvolvimento o tornam um dos \u201cDestaques de 2018\u201d do Jornal A Not\u00edcia. Uma","og:url":"https:\/\/anoticiaonline.com.br\/site\/walace-pedrosa-prefeito-de-sao-francisco-do-gloria-e-eleito-destaque-de-2018\/","og:image":"https:\/\/scontent-gig4-1.xx.fbcdn.net\/v\/t39.30808-1\/270437624_4564083193639691_6907940295614233970_n.jpg?stp=dst-jpg_s200x200_tt6&#038;_nc_cat=111&#038;ccb=1-7&#038;_nc_sid=f907e8&#038;_nc_ohc=SM1wRlP3lJwQ7kNvwEPuBYA&#038;_nc_oc=AdnqrjDN_BNjSSHWO-GbkIWH6fkGMLw4bqvL_NH6e2wMveX7G-rP2dAqsDSq1mJMOaY&#038;_nc_zt=24&#038;_nc_ht=scontent-gig4-1.xx&#038;_nc_gid=AoBFJeGrT1hVaew_6rchkQ&#038;oh=00_AfX7QmFGhQhG2jAllVgXCiM1ZrWgvtp80-Bfppyexh1QEg&#038;oe=689E923C","og:image:secure_url":"https:\/\/scontent-gig4-1.xx.fbcdn.net\/v\/t39.30808-1\/270437624_4564083193639691_6907940295614233970_n.jpg?stp=dst-jpg_s200x200_tt6&#038;_nc_cat=111&#038;ccb=1-7&#038;_nc_sid=f907e8&#038;_nc_ohc=SM1wRlP3lJwQ7kNvwEPuBYA&#038;_nc_oc=AdnqrjDN_BNjSSHWO-GbkIWH6fkGMLw4bqvL_NH6e2wMveX7G-rP2dAqsDSq1mJMOaY&#038;_nc_zt=24&#038;_nc_ht=scontent-gig4-1.xx&#038;_nc_gid=AoBFJeGrT1hVaew_6rchkQ&#038;oh=00_AfX7QmFGhQhG2jAllVgXCiM1ZrWgvtp80-Bfppyexh1QEg&#038;oe=689E923C","article:published_time":"2019-02-22T19:00:56+00:00","article:modified_time":"2019-02-22T00:13:14+00:00","twitter:card":"summary_large_image","twitter:title":"Walace Pedrosa, prefeito de S\u00e3o Francisco do Gl\u00f3ria, \u00e9 eleito \u201cDestaque de 2018\u201d - A Not\u00edcia Online","twitter:description":"O prefeito de S\u00e3o Francisco do Gl\u00f3ria, Walace Ferreira Pedrosa, vem alcan\u00e7ando uma avalia\u00e7\u00e3o extremamente positiva junto \u00e0 popula\u00e7\u00e3o do munic\u00edpio. Suas a\u00e7\u00f5es em prol do desenvolvimento da cidade, abra\u00e7ando todas as causas da popula\u00e7\u00e3o e colocando o munic\u00edpio no rumo do desenvolvimento o tornam um dos \u201cDestaques de 2018\u201d do Jornal A Not\u00edcia. Uma","twitter:image":"https:\/\/scontent-gig4-1.xx.fbcdn.net\/v\/t39.30808-1\/270437624_4564083193639691_6907940295614233970_n.jpg?stp=dst-jpg_s200x200_tt6&_nc_cat=111&ccb=1-7&_nc_sid=f907e8&_nc_ohc=SM1wRlP3lJwQ7kNvwEPuBYA&_nc_oc=AdnqrjDN_BNjSSHWO-GbkIWH6fkGMLw4bqvL_NH6e2wMveX7G-rP2dAqsDSq1mJMOaY&_nc_zt=24&_nc_ht=scontent-gig4-1.xx&_nc_gid=AoBFJeGrT1hVaew_6rchkQ&oh=00_AfX7QmFGhQhG2jAllVgXCiM1ZrWgvtp80-Bfppyexh1QEg&oe=689E923C"},"aioseo_meta_data":{"post_id":"67329","title":null,"description":null,"keywords":null,"keyphrases":null,"primary_term":null,"canonical_url":null,"og_title":null,"og_description":null,"og_object_type":"default","og_image_type":"default","og_image_url":null,"og_image_width":null,"og_image_height":null,"og_image_custom_url":null,"og_image_custom_fields":null,"og_video":null,"og_custom_url":null,"og_article_section":null,"og_article_tags":null,"twitter_use_og":false,"twitter_card":"default","twitter_image_type":"default","twitter_image_url":null,"twitter_image_custom_url":null,"twitter_image_custom_fields":null,"twitter_title":null,"twitter_description":null,"schema":{"blockGraphs":[],"customGraphs":[],"default":{"data":{"Article":[],"Course":[],"Dataset":[],"FAQPage":[],"Movie":[],"Person":[],"Product":[],"ProductReview":[],"Car":[],"Recipe":[],"Service":[],"SoftwareApplication":[],"WebPage":[]},"graphName":"","isEnabled":true},"graphs":[]},"schema_type":"default","schema_type_options":null,"pillar_content":false,"robots_default":true,"robots_noindex":false,"robots_noarchive":false,"robots_nosnippet":false,"robots_nofollow":false,"robots_noimageindex":false,"robots_noodp":false,"robots_notranslate":false,"robots_max_snippet":null,"robots_max_videopreview":null,"robots_max_imagepreview":"large","priority":null,"frequency":null,"local_seo":null,"breadcrumb_settings":null,"limit_modified_date":false,"ai":null,"created":"2025-08-16 22:49:31","updated":"2025-08-16 22:49:31","focus_keyword":null,"additional_keywords":null,"truseo_locale":null,"seo_analyzer_scan_date":null},"aioseo_breadcrumb":"<div class=\"aioseo-breadcrumbs\"><span class=\"aioseo-breadcrumb\">\n\t\t\t<a href=\"https:\/\/anoticiaonline.com.br\/site\" title=\"Home\">Home<\/a>\n\t\t<\/span><span class=\"aioseo-breadcrumb-separator\">&raquo;<\/span><span class=\"aioseo-breadcrumb\">\n\t\t\t<a href=\"https:\/\/anoticiaonline.com.br\/site\/categoria\/muriae\/\" title=\"Blog\">Blog<\/a>\n\t\t<\/span><span class=\"aioseo-breadcrumb-separator\">&raquo;<\/span><span class=\"aioseo-breadcrumb\">\n\t\t\tWalace Pedrosa, prefeito de S\u00e3o Francisco do Gl\u00f3ria, \u00e9 eleito \u201cDestaque de 2018\u201d\n\t\t<\/span><\/div>","aioseo_breadcrumb_json":[{"label":"Home","link":"https:\/\/anoticiaonline.com.br\/site"},{"label":"Blog","link":"https:\/\/anoticiaonline.com.br\/site\/categoria\/muriae\/"},{"label":"Walace Pedrosa, prefeito de S\u00e3o Francisco do Gl\u00f3ria, \u00e9 eleito \u201cDestaque de 2018\u201d","link":"https:\/\/anoticiaonline.com.br\/site\/walace-pedrosa-prefeito-de-sao-francisco-do-gloria-e-eleito-destaque-de-2018\/"}],"views":170,"_links":{"self":[{"href":"https:\/\/anoticiaonline.com.br\/site\/wp-json\/wp\/v2\/posts\/67329","targetHints":{"allow":["GET"]}}],"collection":[{"href":"https:\/\/anoticiaonline.com.br\/site\/wp-json\/wp\/v2\/posts"}],"about":[{"href":"https:\/\/anoticiaonline.com.br\/site\/wp-json\/wp\/v2\/types\/post"}],"author":[{"embeddable":true,"href":"https:\/\/anoticiaonline.com.br\/site\/wp-json\/wp\/v2\/users\/2"}],"replies":[{"embeddable":true,"href":"https:\/\/anoticiaonline.com.br\/site\/wp-json\/wp\/v2\/comments?post=67329"}],"version-history":[{"count":0,"href":"https:\/\/anoticiaonline.com.br\/site\/wp-json\/wp\/v2\/posts\/67329\/revisions"}],"wp:attachment":[{"href":"https:\/\/anoticiaonline.com.br\/site\/wp-json\/wp\/v2\/media?parent=67329"}],"wp:term":[{"taxonomy":"category","embeddable":true,"href":"https:\/\/anoticiaonline.com.br\/site\/wp-json\/wp\/v2\/categories?post=67329"},{"taxonomy":"post_tag","embeddable":true,"href":"https:\/\/anoticiaonline.com.br\/site\/wp-json\/wp\/v2\/tags?post=67329"}],"curies":[{"name":"wp","href":"https:\/\/api.w.org\/{rel}","templated":true}]}}