{"id":67311,"date":"2019-02-20T15:00:24","date_gmt":"2019-02-20T18:00:24","guid":{"rendered":"http:\/\/anoticiaonline.com.br\/site\/?p=67311"},"modified":"2019-02-20T15:00:24","modified_gmt":"2019-02-20T18:00:24","slug":"reforcos-no-nac","status":"publish","type":"post","link":"https:\/\/anoticiaonline.com.br\/site\/reforcos-no-nac\/","title":{"rendered":"Refor\u00e7os no NAC"},"content":{"rendered":"<h2>Nacional acerta contrata\u00e7\u00e3o de dois refor\u00e7os para o M\u00f3dulo II<\/h2>\n<figure id=\"attachment_67313\" aria-describedby=\"caption-attachment-67313\" style=\"width: 790px\" class=\"wp-caption aligncenter\"><a href=\"https:\/\/anoticiaonline.com.br\/site\/wp-content\/uploads\/2019\/02\/L\u00e9o-\u00cdndio.jpg\"><img fetchpriority=\"high\" decoding=\"async\" class=\"size-full wp-image-67313\" src=\"https:\/\/anoticiaonline.com.br\/site\/wp-content\/uploads\/2019\/02\/L\u00e9o-\u00cdndio.jpg\" alt=\"\" width=\"800\" height=\"528\" srcset=\"https:\/\/anoticiaonline.com.br\/site\/wp-content\/uploads\/2019\/02\/L\u00e9o-\u00cdndio.jpg 800w, https:\/\/anoticiaonline.com.br\/site\/wp-content\/uploads\/2019\/02\/L\u00e9o-\u00cdndio-300x198.jpg 300w, https:\/\/anoticiaonline.com.br\/site\/wp-content\/uploads\/2019\/02\/L\u00e9o-\u00cdndio-768x507.jpg 768w\" sizes=\"(max-width: 800px) 100vw, 800px\" \/><\/a><figcaption id=\"caption-attachment-67313\" class=\"wp-caption-text\">L\u00e9o \u00cdndio retorna ao elenco ap\u00f3s n\u00e3o concretizar transfer\u00eancia para o futebol japon\u00eas (Foto: ASCOM NAC)<\/figcaption><\/figure>\n<p>Ap\u00f3s a decep\u00e7\u00e3o com a derrota no primeiro jogo em casa na temporada, o Nacional anunciou nesta quarta-feira (20) a contrata\u00e7\u00e3o de dois novos refor\u00e7os para a disputa do Campeonato Mineiro M\u00f3dulo II. O volante L\u00e9o \u00cdndio e o atacante Jo\u00e3ozinho, ambos de 22 anos, j\u00e1 fazem parte do elenco do t\u00e9cnico Du\u00edlio.<\/p>\n<p>L\u00e9o \u00cdndio participou da fase de testes e treinamentos do NAC em dezembro e chegou a balan\u00e7ar a rede em dois jogos-treino, mas havia deixado o clube ap\u00f3s uma proposta do futebol japon\u00eas. Como o neg\u00f3cio n\u00e3o se concretizou, ele retorna ao elenco nacionalino.\u00a0Ele iniciou a carreira nas categorias de base do Profute (RJ), passando ainda pela base do Bangu (RJ), Botafogo (RJ) e Comercial (SP), clube pelo qual se profissionalizou. Nas \u00faltimas quatro temporadas, defendeu a Portuguesa, do Rio de Janeiro, com um per\u00edodo de empr\u00e9stimo no ano passado, para o Costa Rica (MS).<\/p>\n<p>J\u00e1 o atacante Jo\u00e3ozinho chega por empr\u00e9stimo junto ao Villa Nova, de Nova Lima, que disputa a primeira divis\u00e3o do futebol mineiro. Ele chegou ao Le\u00e3o do Bonfim em janeiro deste ano, mas n\u00e3o teve muitos oportunidades. Segundo a assessoria de imprensa do Nacional, o jogador tem como caracter\u00edsticas a velocidade e a habilidade.<\/p>\n<p><strong>Pr\u00f3ximo desafio \u00e9 em Uberaba &#8211;<\/strong> O NAC iniciou o campeonato vencendo Ipatinga fora de casa por 3 a 2, mas perdeu a oportunidade de engrenar ao ser derrotado em casa pelo CAP Uberl\u00e2ndia por 2 a 1, na segunda-feira (18). Na noite desta quarta (20) o elenco viaja rumo \u00e0 Uberaba, onde o NAC enfrenta o time da casa no s\u00e1bado (23). O duelo acontece \u00e0s 18h30, no Est\u00e1dio Uberab\u00e3o.<\/p>\n","protected":false},"excerpt":{"rendered":"<p>Nacional acerta contrata\u00e7\u00e3o de dois refor\u00e7os para o M\u00f3dulo II Ap\u00f3s a decep\u00e7\u00e3o com a derrota no primeiro jogo em casa na temporada, o Nacional anunciou nesta quarta-feira (20) a contrata\u00e7\u00e3o de dois novos refor\u00e7os para a disputa do Campeonato Mineiro M\u00f3dulo II. O volante L\u00e9o \u00cdndio e o atacante Jo\u00e3ozinho, ambos de 22 anos, &#8230; <a title=\"Refor\u00e7os no NAC\" class=\"read-more\" href=\"https:\/\/anoticiaonline.com.br\/site\/reforcos-no-nac\/\" aria-label=\"Read more about Refor\u00e7os no NAC\">Ler mais<\/a><\/p>\n","protected":false},"author":2,"featured_media":67313,"comment_status":"open","ping_status":"open","sticky":false,"template":"","format":"standard","meta":{"_acf_changed":false,"_monsterinsights_skip_tracking":false,"footnotes":""},"categories":[30,29],"tags":[3686,3685,3684,74,325,2159],"class_list":["post-67311","post","type-post","status-publish","format-standard","has-post-thumbnail","hentry","category-muriae","category-esporte","tag-joaozinho","tag-leo-indio","tag-modulo-ii","tag-muriae","tag-nac","tag-nacional"],"acf":[],"aioseo_notices":[],"aioseo_head":"\n\t\t<!-- All in One SEO 5.0.0.1 - aioseo.com -->\n\t<meta name=\"description\" content=\"Nacional acerta contrata\u00e7\u00e3o de dois refor\u00e7os para o M\u00f3dulo II Ap\u00f3s a decep\u00e7\u00e3o com a derrota no primeiro jogo em casa na temporada, o Nacional anunciou nesta quarta-feira (20) a contrata\u00e7\u00e3o de dois novos refor\u00e7os para a disputa do Campeonato Mineiro M\u00f3dulo II. O volante L\u00e9o \u00cdndio e o atacante Jo\u00e3ozinho, ambos de 22 anos,\" \/>\n\t<meta name=\"robots\" content=\"max-image-preview:large\" \/>\n\t<meta name=\"author\" content=\"Juliana Laviola\"\/>\n\t<link rel=\"canonical\" href=\"https:\/\/anoticiaonline.com.br\/site\/reforcos-no-nac\/\" \/>\n\t<meta name=\"generator\" content=\"All in One SEO (AIOSEO) 5.0.0.1\" \/>\n\t\t<meta property=\"og:locale\" content=\"pt_BR\" \/>\n\t\t<meta property=\"og:site_name\" content=\"A Not\u00edcia Online - Noticias de Muria\u00e9 e regi\u00e3o\" \/>\n\t\t<meta property=\"og:type\" content=\"article\" \/>\n\t\t<meta property=\"og:title\" content=\"Refor\u00e7os no NAC - A Not\u00edcia Online\" \/>\n\t\t<meta property=\"og:description\" content=\"Nacional acerta contrata\u00e7\u00e3o de dois refor\u00e7os para o M\u00f3dulo II Ap\u00f3s a decep\u00e7\u00e3o com a derrota no primeiro jogo em casa na temporada, o Nacional anunciou nesta quarta-feira (20) a contrata\u00e7\u00e3o de dois novos refor\u00e7os para a disputa do Campeonato Mineiro M\u00f3dulo II. O volante L\u00e9o \u00cdndio e o atacante Jo\u00e3ozinho, ambos de 22 anos,\" \/>\n\t\t<meta property=\"og:url\" content=\"https:\/\/anoticiaonline.com.br\/site\/reforcos-no-nac\/\" \/>\n\t\t<meta property=\"og:image\" content=\"https:\/\/scontent-gig4-1.xx.fbcdn.net\/v\/t39.30808-1\/270437624_4564083193639691_6907940295614233970_n.jpg?stp=dst-jpg_s200x200_tt6&#038;_nc_cat=111&#038;ccb=1-7&#038;_nc_sid=f907e8&#038;_nc_ohc=SM1wRlP3lJwQ7kNvwEPuBYA&#038;_nc_oc=AdnqrjDN_BNjSSHWO-GbkIWH6fkGMLw4bqvL_NH6e2wMveX7G-rP2dAqsDSq1mJMOaY&#038;_nc_zt=24&#038;_nc_ht=scontent-gig4-1.xx&#038;_nc_gid=AoBFJeGrT1hVaew_6rchkQ&#038;oh=00_AfX7QmFGhQhG2jAllVgXCiM1ZrWgvtp80-Bfppyexh1QEg&#038;oe=689E923C\" \/>\n\t\t<meta property=\"og:image:secure_url\" content=\"https:\/\/scontent-gig4-1.xx.fbcdn.net\/v\/t39.30808-1\/270437624_4564083193639691_6907940295614233970_n.jpg?stp=dst-jpg_s200x200_tt6&#038;_nc_cat=111&#038;ccb=1-7&#038;_nc_sid=f907e8&#038;_nc_ohc=SM1wRlP3lJwQ7kNvwEPuBYA&#038;_nc_oc=AdnqrjDN_BNjSSHWO-GbkIWH6fkGMLw4bqvL_NH6e2wMveX7G-rP2dAqsDSq1mJMOaY&#038;_nc_zt=24&#038;_nc_ht=scontent-gig4-1.xx&#038;_nc_gid=AoBFJeGrT1hVaew_6rchkQ&#038;oh=00_AfX7QmFGhQhG2jAllVgXCiM1ZrWgvtp80-Bfppyexh1QEg&#038;oe=689E923C\" \/>\n\t\t<meta property=\"article:published_time\" content=\"2019-02-20T18:00:24+00:00\" \/>\n\t\t<meta property=\"article:modified_time\" content=\"2019-02-20T18:00:24+00:00\" \/>\n\t\t<meta name=\"twitter:card\" content=\"summary_large_image\" \/>\n\t\t<meta name=\"twitter:title\" content=\"Refor\u00e7os no NAC - A Not\u00edcia Online\" \/>\n\t\t<meta name=\"twitter:description\" content=\"Nacional acerta contrata\u00e7\u00e3o de dois refor\u00e7os para o M\u00f3dulo II Ap\u00f3s a decep\u00e7\u00e3o com a derrota no primeiro jogo em casa na temporada, o Nacional anunciou nesta quarta-feira (20) a contrata\u00e7\u00e3o de dois novos refor\u00e7os para a disputa do Campeonato Mineiro M\u00f3dulo II. O volante L\u00e9o \u00cdndio e o atacante Jo\u00e3ozinho, ambos de 22 anos,\" \/>\n\t\t<meta name=\"twitter:image\" content=\"https:\/\/scontent-gig4-1.xx.fbcdn.net\/v\/t39.30808-1\/270437624_4564083193639691_6907940295614233970_n.jpg?stp=dst-jpg_s200x200_tt6&amp;_nc_cat=111&amp;ccb=1-7&amp;_nc_sid=f907e8&amp;_nc_ohc=SM1wRlP3lJwQ7kNvwEPuBYA&amp;_nc_oc=AdnqrjDN_BNjSSHWO-GbkIWH6fkGMLw4bqvL_NH6e2wMveX7G-rP2dAqsDSq1mJMOaY&amp;_nc_zt=24&amp;_nc_ht=scontent-gig4-1.xx&amp;_nc_gid=AoBFJeGrT1hVaew_6rchkQ&amp;oh=00_AfX7QmFGhQhG2jAllVgXCiM1ZrWgvtp80-Bfppyexh1QEg&amp;oe=689E923C\" \/>\n\t\t<script type=\"application\/ld+json\" class=\"aioseo-schema\">\n\t\t\t{\"@context\":\"https:\\\/\\\/schema.org\",\"@graph\":[{\"@type\":\"BlogPosting\",\"@id\":\"https:\\\/\\\/anoticiaonline.com.br\\\/site\\\/reforcos-no-nac\\\/#blogposting\",\"name\":\"Refor\\u00e7os no NAC - A Not\\u00edcia Online\",\"headline\":\"Refor\\u00e7os no NAC\",\"author\":{\"@id\":\"https:\\\/\\\/anoticiaonline.com.br\\\/site\\\/author\\\/juliana\\\/#author\"},\"publisher\":{\"@id\":\"https:\\\/\\\/anoticiaonline.com.br\\\/site\\\/#organization\"},\"image\":{\"@type\":\"ImageObject\",\"url\":\"https:\\\/\\\/anoticiaonline.com.br\\\/site\\\/wp-content\\\/uploads\\\/2019\\\/02\\\/L\\u00e9o-\\u00cdndio.jpg\",\"width\":800,\"height\":528,\"caption\":\"L\\u00e9o \\u00cdndio retorna ao elenco ap\\u00f3s n\\u00e3o concretizar transfer\\u00eancia para o futebol japon\\u00eas (Foto: ASCOM NAC)\"},\"datePublished\":\"2019-02-20T15:00:24-03:00\",\"dateModified\":\"2019-02-20T15:00:24-03:00\",\"inLanguage\":\"pt-BR\",\"mainEntityOfPage\":{\"@id\":\"https:\\\/\\\/anoticiaonline.com.br\\\/site\\\/reforcos-no-nac\\\/#webpage\"},\"isPartOf\":{\"@id\":\"https:\\\/\\\/anoticiaonline.com.br\\\/site\\\/reforcos-no-nac\\\/#webpage\"},\"articleSection\":\"Blog, Esporte, Jo\\u00e3ozinho, L\\u00e9o \\u00cdndio, M\\u00f3dulo II, Muria\\u00e9, nac, nacional\"},{\"@type\":\"BreadcrumbList\",\"@id\":\"https:\\\/\\\/anoticiaonline.com.br\\\/site\\\/reforcos-no-nac\\\/#breadcrumblist\",\"itemListElement\":[{\"@type\":\"ListItem\",\"@id\":\"https:\\\/\\\/anoticiaonline.com.br\\\/site#listItem\",\"position\":1,\"name\":\"Home\",\"item\":\"https:\\\/\\\/anoticiaonline.com.br\\\/site\",\"nextItem\":{\"@type\":\"ListItem\",\"@id\":\"https:\\\/\\\/anoticiaonline.com.br\\\/site\\\/categoria\\\/esporte\\\/#listItem\",\"name\":\"Esporte\"}},{\"@type\":\"ListItem\",\"@id\":\"https:\\\/\\\/anoticiaonline.com.br\\\/site\\\/categoria\\\/esporte\\\/#listItem\",\"position\":2,\"name\":\"Esporte\",\"item\":\"https:\\\/\\\/anoticiaonline.com.br\\\/site\\\/categoria\\\/esporte\\\/\",\"nextItem\":{\"@type\":\"ListItem\",\"@id\":\"https:\\\/\\\/anoticiaonline.com.br\\\/site\\\/reforcos-no-nac\\\/#listItem\",\"name\":\"Refor\\u00e7os no NAC\"},\"previousItem\":{\"@type\":\"ListItem\",\"@id\":\"https:\\\/\\\/anoticiaonline.com.br\\\/site#listItem\",\"name\":\"Home\"}},{\"@type\":\"ListItem\",\"@id\":\"https:\\\/\\\/anoticiaonline.com.br\\\/site\\\/reforcos-no-nac\\\/#listItem\",\"position\":3,\"name\":\"Refor\\u00e7os no NAC\",\"previousItem\":{\"@type\":\"ListItem\",\"@id\":\"https:\\\/\\\/anoticiaonline.com.br\\\/site\\\/categoria\\\/esporte\\\/#listItem\",\"name\":\"Esporte\"}}]},{\"@type\":\"Organization\",\"@id\":\"https:\\\/\\\/anoticiaonline.com.br\\\/site\\\/#organization\",\"name\":\"A Not\\u00edcia Online\",\"description\":\"Noticias de Muria\\u00e9 e regi\\u00e3o\",\"url\":\"https:\\\/\\\/anoticiaonline.com.br\\\/site\\\/\",\"logo\":{\"@type\":\"ImageObject\",\"url\":\"https:\\\/\\\/scontent-gig4-1.xx.fbcdn.net\\\/v\\\/t39.30808-1\\\/270437624_4564083193639691_6907940295614233970_n.jpg?stp=dst-jpg_s200x200_tt6&_nc_cat=111&ccb=1-7&_nc_sid=f907e8&_nc_ohc=SM1wRlP3lJwQ7kNvwEPuBYA&_nc_oc=AdnqrjDN_BNjSSHWO-GbkIWH6fkGMLw4bqvL_NH6e2wMveX7G-rP2dAqsDSq1mJMOaY&_nc_zt=24&_nc_ht=scontent-gig4-1.xx&_nc_gid=AoBFJeGrT1hVaew_6rchkQ&oh=00_AfX7QmFGhQhG2jAllVgXCiM1ZrWgvtp80-Bfppyexh1QEg&oe=689E923C\",\"@id\":\"https:\\\/\\\/anoticiaonline.com.br\\\/site\\\/reforcos-no-nac\\\/#organizationLogo\"},\"image\":{\"@id\":\"https:\\\/\\\/anoticiaonline.com.br\\\/site\\\/reforcos-no-nac\\\/#organizationLogo\"}},{\"@type\":\"Person\",\"@id\":\"https:\\\/\\\/anoticiaonline.com.br\\\/site\\\/author\\\/juliana\\\/#author\",\"url\":\"https:\\\/\\\/anoticiaonline.com.br\\\/site\\\/author\\\/juliana\\\/\",\"name\":\"Juliana Laviola\",\"image\":{\"@type\":\"ImageObject\",\"@id\":\"https:\\\/\\\/anoticiaonline.com.br\\\/site\\\/reforcos-no-nac\\\/#authorImage\",\"url\":\"https:\\\/\\\/secure.gravatar.com\\\/avatar\\\/b8d45f5c699b100dfaf0e543582f38f38bf94cb7ae3a5e9abf8d891a34773335?s=96&d=mm&r=g\",\"width\":96,\"height\":96,\"caption\":\"Juliana Laviola\"}},{\"@type\":\"WebPage\",\"@id\":\"https:\\\/\\\/anoticiaonline.com.br\\\/site\\\/reforcos-no-nac\\\/#webpage\",\"url\":\"https:\\\/\\\/anoticiaonline.com.br\\\/site\\\/reforcos-no-nac\\\/\",\"name\":\"Refor\\u00e7os no NAC - A Not\\u00edcia Online\",\"description\":\"Nacional acerta contrata\\u00e7\\u00e3o de dois refor\\u00e7os para o M\\u00f3dulo II Ap\\u00f3s a decep\\u00e7\\u00e3o com a derrota no primeiro jogo em casa na temporada, o Nacional anunciou nesta quarta-feira (20) a contrata\\u00e7\\u00e3o de dois novos refor\\u00e7os para a disputa do Campeonato Mineiro M\\u00f3dulo II. O volante L\\u00e9o \\u00cdndio e o atacante Jo\\u00e3ozinho, ambos de 22 anos,\",\"inLanguage\":\"pt-BR\",\"isPartOf\":{\"@id\":\"https:\\\/\\\/anoticiaonline.com.br\\\/site\\\/#website\"},\"breadcrumb\":{\"@id\":\"https:\\\/\\\/anoticiaonline.com.br\\\/site\\\/reforcos-no-nac\\\/#breadcrumblist\"},\"author\":{\"@id\":\"https:\\\/\\\/anoticiaonline.com.br\\\/site\\\/author\\\/juliana\\\/#author\"},\"creator\":{\"@id\":\"https:\\\/\\\/anoticiaonline.com.br\\\/site\\\/author\\\/juliana\\\/#author\"},\"image\":{\"@type\":\"ImageObject\",\"url\":\"https:\\\/\\\/anoticiaonline.com.br\\\/site\\\/wp-content\\\/uploads\\\/2019\\\/02\\\/L\\u00e9o-\\u00cdndio.jpg\",\"@id\":\"https:\\\/\\\/anoticiaonline.com.br\\\/site\\\/reforcos-no-nac\\\/#mainImage\",\"width\":800,\"height\":528,\"caption\":\"L\\u00e9o \\u00cdndio retorna ao elenco ap\\u00f3s n\\u00e3o concretizar transfer\\u00eancia para o futebol japon\\u00eas (Foto: ASCOM NAC)\"},\"primaryImageOfPage\":{\"@id\":\"https:\\\/\\\/anoticiaonline.com.br\\\/site\\\/reforcos-no-nac\\\/#mainImage\"},\"datePublished\":\"2019-02-20T15:00:24-03:00\",\"dateModified\":\"2019-02-20T15:00:24-03:00\"},{\"@type\":\"WebSite\",\"@id\":\"https:\\\/\\\/anoticiaonline.com.br\\\/site\\\/#website\",\"url\":\"https:\\\/\\\/anoticiaonline.com.br\\\/site\\\/\",\"name\":\"A Not\\u00edcia Online\",\"description\":\"Noticias de Muria\\u00e9 e regi\\u00e3o\",\"inLanguage\":\"pt-BR\",\"publisher\":{\"@id\":\"https:\\\/\\\/anoticiaonline.com.br\\\/site\\\/#organization\"}}]}\n\t\t<\/script>\n\t\t<!-- All in One SEO -->\n\n","aioseo_head_json":{"title":"Refor\u00e7os no NAC - A Not\u00edcia Online","description":"Nacional acerta contrata\u00e7\u00e3o de dois refor\u00e7os para o M\u00f3dulo II Ap\u00f3s a decep\u00e7\u00e3o com a derrota no primeiro jogo em casa na temporada, o Nacional anunciou nesta quarta-feira (20) a contrata\u00e7\u00e3o de dois novos refor\u00e7os para a disputa do Campeonato Mineiro M\u00f3dulo II. O volante L\u00e9o \u00cdndio e o atacante Jo\u00e3ozinho, ambos de 22 anos,","canonical_url":"https:\/\/anoticiaonline.com.br\/site\/reforcos-no-nac\/","robots":"max-image-preview:large","keywords":"","webmasterTools":{"miscellaneous":""},"schema":{"@context":"https:\/\/schema.org","@graph":[{"@type":"BlogPosting","@id":"https:\/\/anoticiaonline.com.br\/site\/reforcos-no-nac\/#blogposting","name":"Refor\u00e7os no NAC - A Not\u00edcia Online","headline":"Refor\u00e7os no NAC","author":{"@id":"https:\/\/anoticiaonline.com.br\/site\/author\/juliana\/#author"},"publisher":{"@id":"https:\/\/anoticiaonline.com.br\/site\/#organization"},"image":{"@type":"ImageObject","url":"https:\/\/anoticiaonline.com.br\/site\/wp-content\/uploads\/2019\/02\/L\u00e9o-\u00cdndio.jpg","width":800,"height":528,"caption":"L\u00e9o \u00cdndio retorna ao elenco ap\u00f3s n\u00e3o concretizar transfer\u00eancia para o futebol japon\u00eas (Foto: ASCOM NAC)"},"datePublished":"2019-02-20T15:00:24-03:00","dateModified":"2019-02-20T15:00:24-03:00","inLanguage":"pt-BR","mainEntityOfPage":{"@id":"https:\/\/anoticiaonline.com.br\/site\/reforcos-no-nac\/#webpage"},"isPartOf":{"@id":"https:\/\/anoticiaonline.com.br\/site\/reforcos-no-nac\/#webpage"},"articleSection":"Blog, Esporte, Jo\u00e3ozinho, L\u00e9o \u00cdndio, M\u00f3dulo II, Muria\u00e9, nac, nacional"},{"@type":"BreadcrumbList","@id":"https:\/\/anoticiaonline.com.br\/site\/reforcos-no-nac\/#breadcrumblist","itemListElement":[{"@type":"ListItem","@id":"https:\/\/anoticiaonline.com.br\/site#listItem","position":1,"name":"Home","item":"https:\/\/anoticiaonline.com.br\/site","nextItem":{"@type":"ListItem","@id":"https:\/\/anoticiaonline.com.br\/site\/categoria\/esporte\/#listItem","name":"Esporte"}},{"@type":"ListItem","@id":"https:\/\/anoticiaonline.com.br\/site\/categoria\/esporte\/#listItem","position":2,"name":"Esporte","item":"https:\/\/anoticiaonline.com.br\/site\/categoria\/esporte\/","nextItem":{"@type":"ListItem","@id":"https:\/\/anoticiaonline.com.br\/site\/reforcos-no-nac\/#listItem","name":"Refor\u00e7os no NAC"},"previousItem":{"@type":"ListItem","@id":"https:\/\/anoticiaonline.com.br\/site#listItem","name":"Home"}},{"@type":"ListItem","@id":"https:\/\/anoticiaonline.com.br\/site\/reforcos-no-nac\/#listItem","position":3,"name":"Refor\u00e7os no NAC","previousItem":{"@type":"ListItem","@id":"https:\/\/anoticiaonline.com.br\/site\/categoria\/esporte\/#listItem","name":"Esporte"}}]},{"@type":"Organization","@id":"https:\/\/anoticiaonline.com.br\/site\/#organization","name":"A Not\u00edcia Online","description":"Noticias de Muria\u00e9 e regi\u00e3o","url":"https:\/\/anoticiaonline.com.br\/site\/","logo":{"@type":"ImageObject","url":"https:\/\/scontent-gig4-1.xx.fbcdn.net\/v\/t39.30808-1\/270437624_4564083193639691_6907940295614233970_n.jpg?stp=dst-jpg_s200x200_tt6&_nc_cat=111&ccb=1-7&_nc_sid=f907e8&_nc_ohc=SM1wRlP3lJwQ7kNvwEPuBYA&_nc_oc=AdnqrjDN_BNjSSHWO-GbkIWH6fkGMLw4bqvL_NH6e2wMveX7G-rP2dAqsDSq1mJMOaY&_nc_zt=24&_nc_ht=scontent-gig4-1.xx&_nc_gid=AoBFJeGrT1hVaew_6rchkQ&oh=00_AfX7QmFGhQhG2jAllVgXCiM1ZrWgvtp80-Bfppyexh1QEg&oe=689E923C","@id":"https:\/\/anoticiaonline.com.br\/site\/reforcos-no-nac\/#organizationLogo"},"image":{"@id":"https:\/\/anoticiaonline.com.br\/site\/reforcos-no-nac\/#organizationLogo"}},{"@type":"Person","@id":"https:\/\/anoticiaonline.com.br\/site\/author\/juliana\/#author","url":"https:\/\/anoticiaonline.com.br\/site\/author\/juliana\/","name":"Juliana Laviola","image":{"@type":"ImageObject","@id":"https:\/\/anoticiaonline.com.br\/site\/reforcos-no-nac\/#authorImage","url":"https:\/\/secure.gravatar.com\/avatar\/b8d45f5c699b100dfaf0e543582f38f38bf94cb7ae3a5e9abf8d891a34773335?s=96&d=mm&r=g","width":96,"height":96,"caption":"Juliana Laviola"}},{"@type":"WebPage","@id":"https:\/\/anoticiaonline.com.br\/site\/reforcos-no-nac\/#webpage","url":"https:\/\/anoticiaonline.com.br\/site\/reforcos-no-nac\/","name":"Refor\u00e7os no NAC - A Not\u00edcia Online","description":"Nacional acerta contrata\u00e7\u00e3o de dois refor\u00e7os para o M\u00f3dulo II Ap\u00f3s a decep\u00e7\u00e3o com a derrota no primeiro jogo em casa na temporada, o Nacional anunciou nesta quarta-feira (20) a contrata\u00e7\u00e3o de dois novos refor\u00e7os para a disputa do Campeonato Mineiro M\u00f3dulo II. O volante L\u00e9o \u00cdndio e o atacante Jo\u00e3ozinho, ambos de 22 anos,","inLanguage":"pt-BR","isPartOf":{"@id":"https:\/\/anoticiaonline.com.br\/site\/#website"},"breadcrumb":{"@id":"https:\/\/anoticiaonline.com.br\/site\/reforcos-no-nac\/#breadcrumblist"},"author":{"@id":"https:\/\/anoticiaonline.com.br\/site\/author\/juliana\/#author"},"creator":{"@id":"https:\/\/anoticiaonline.com.br\/site\/author\/juliana\/#author"},"image":{"@type":"ImageObject","url":"https:\/\/anoticiaonline.com.br\/site\/wp-content\/uploads\/2019\/02\/L\u00e9o-\u00cdndio.jpg","@id":"https:\/\/anoticiaonline.com.br\/site\/reforcos-no-nac\/#mainImage","width":800,"height":528,"caption":"L\u00e9o \u00cdndio retorna ao elenco ap\u00f3s n\u00e3o concretizar transfer\u00eancia para o futebol japon\u00eas (Foto: ASCOM NAC)"},"primaryImageOfPage":{"@id":"https:\/\/anoticiaonline.com.br\/site\/reforcos-no-nac\/#mainImage"},"datePublished":"2019-02-20T15:00:24-03:00","dateModified":"2019-02-20T15:00:24-03:00"},{"@type":"WebSite","@id":"https:\/\/anoticiaonline.com.br\/site\/#website","url":"https:\/\/anoticiaonline.com.br\/site\/","name":"A Not\u00edcia Online","description":"Noticias de Muria\u00e9 e regi\u00e3o","inLanguage":"pt-BR","publisher":{"@id":"https:\/\/anoticiaonline.com.br\/site\/#organization"}}]},"og:locale":"pt_BR","og:site_name":"A Not\u00edcia Online - Noticias de Muria\u00e9 e regi\u00e3o","og:type":"article","og:title":"Refor\u00e7os no NAC - A Not\u00edcia Online","og:description":"Nacional acerta contrata\u00e7\u00e3o de dois refor\u00e7os para o M\u00f3dulo II Ap\u00f3s a decep\u00e7\u00e3o com a derrota no primeiro jogo em casa na temporada, o Nacional anunciou nesta quarta-feira (20) a contrata\u00e7\u00e3o de dois novos refor\u00e7os para a disputa do Campeonato Mineiro M\u00f3dulo II. O volante L\u00e9o \u00cdndio e o atacante Jo\u00e3ozinho, ambos de 22 anos,","og:url":"https:\/\/anoticiaonline.com.br\/site\/reforcos-no-nac\/","og:image":"https:\/\/scontent-gig4-1.xx.fbcdn.net\/v\/t39.30808-1\/270437624_4564083193639691_6907940295614233970_n.jpg?stp=dst-jpg_s200x200_tt6&#038;_nc_cat=111&#038;ccb=1-7&#038;_nc_sid=f907e8&#038;_nc_ohc=SM1wRlP3lJwQ7kNvwEPuBYA&#038;_nc_oc=AdnqrjDN_BNjSSHWO-GbkIWH6fkGMLw4bqvL_NH6e2wMveX7G-rP2dAqsDSq1mJMOaY&#038;_nc_zt=24&#038;_nc_ht=scontent-gig4-1.xx&#038;_nc_gid=AoBFJeGrT1hVaew_6rchkQ&#038;oh=00_AfX7QmFGhQhG2jAllVgXCiM1ZrWgvtp80-Bfppyexh1QEg&#038;oe=689E923C","og:image:secure_url":"https:\/\/scontent-gig4-1.xx.fbcdn.net\/v\/t39.30808-1\/270437624_4564083193639691_6907940295614233970_n.jpg?stp=dst-jpg_s200x200_tt6&#038;_nc_cat=111&#038;ccb=1-7&#038;_nc_sid=f907e8&#038;_nc_ohc=SM1wRlP3lJwQ7kNvwEPuBYA&#038;_nc_oc=AdnqrjDN_BNjSSHWO-GbkIWH6fkGMLw4bqvL_NH6e2wMveX7G-rP2dAqsDSq1mJMOaY&#038;_nc_zt=24&#038;_nc_ht=scontent-gig4-1.xx&#038;_nc_gid=AoBFJeGrT1hVaew_6rchkQ&#038;oh=00_AfX7QmFGhQhG2jAllVgXCiM1ZrWgvtp80-Bfppyexh1QEg&#038;oe=689E923C","article:published_time":"2019-02-20T18:00:24+00:00","article:modified_time":"2019-02-20T18:00:24+00:00","twitter:card":"summary_large_image","twitter:title":"Refor\u00e7os no NAC - A Not\u00edcia Online","twitter:description":"Nacional acerta contrata\u00e7\u00e3o de dois refor\u00e7os para o M\u00f3dulo II Ap\u00f3s a decep\u00e7\u00e3o com a derrota no primeiro jogo em casa na temporada, o Nacional anunciou nesta quarta-feira (20) a contrata\u00e7\u00e3o de dois novos refor\u00e7os para a disputa do Campeonato Mineiro M\u00f3dulo II. O volante L\u00e9o \u00cdndio e o atacante Jo\u00e3ozinho, ambos de 22 anos,","twitter:image":"https:\/\/scontent-gig4-1.xx.fbcdn.net\/v\/t39.30808-1\/270437624_4564083193639691_6907940295614233970_n.jpg?stp=dst-jpg_s200x200_tt6&_nc_cat=111&ccb=1-7&_nc_sid=f907e8&_nc_ohc=SM1wRlP3lJwQ7kNvwEPuBYA&_nc_oc=AdnqrjDN_BNjSSHWO-GbkIWH6fkGMLw4bqvL_NH6e2wMveX7G-rP2dAqsDSq1mJMOaY&_nc_zt=24&_nc_ht=scontent-gig4-1.xx&_nc_gid=AoBFJeGrT1hVaew_6rchkQ&oh=00_AfX7QmFGhQhG2jAllVgXCiM1ZrWgvtp80-Bfppyexh1QEg&oe=689E923C"},"aioseo_meta_data":{"post_id":"67311","title":null,"description":null,"keywords":null,"keyphrases":null,"primary_term":null,"canonical_url":null,"og_title":null,"og_description":null,"og_object_type":"default","og_image_type":"default","og_image_url":null,"og_image_width":null,"og_image_height":null,"og_image_custom_url":null,"og_image_custom_fields":null,"og_video":null,"og_custom_url":null,"og_article_section":null,"og_article_tags":null,"twitter_use_og":false,"twitter_card":"default","twitter_image_type":"default","twitter_image_url":null,"twitter_image_custom_url":null,"twitter_image_custom_fields":null,"twitter_title":null,"twitter_description":null,"schema":{"blockGraphs":[],"customGraphs":[],"default":{"data":{"Article":[],"Course":[],"Dataset":[],"FAQPage":[],"Movie":[],"Person":[],"Product":[],"ProductReview":[],"Car":[],"Recipe":[],"Service":[],"SoftwareApplication":[],"WebPage":[]},"graphName":"","isEnabled":true},"graphs":[]},"schema_type":"default","schema_type_options":null,"pillar_content":false,"robots_default":true,"robots_noindex":false,"robots_noarchive":false,"robots_nosnippet":false,"robots_nofollow":false,"robots_noimageindex":false,"robots_noodp":false,"robots_notranslate":false,"robots_max_snippet":null,"robots_max_videopreview":null,"robots_max_imagepreview":"large","priority":null,"frequency":null,"local_seo":null,"breadcrumb_settings":null,"limit_modified_date":false,"ai":null,"created":"2025-08-16 22:49:31","updated":"2025-08-16 22:49:31","focus_keyword":null,"additional_keywords":null,"truseo_locale":null,"seo_analyzer_scan_date":null},"aioseo_breadcrumb":"<div class=\"aioseo-breadcrumbs\"><span class=\"aioseo-breadcrumb\">\n\t\t\t<a href=\"https:\/\/anoticiaonline.com.br\/site\" title=\"Home\">Home<\/a>\n\t\t<\/span><span class=\"aioseo-breadcrumb-separator\">&raquo;<\/span><span class=\"aioseo-breadcrumb\">\n\t\t\t<a href=\"https:\/\/anoticiaonline.com.br\/site\/categoria\/esporte\/\" title=\"Esporte\">Esporte<\/a>\n\t\t<\/span><span class=\"aioseo-breadcrumb-separator\">&raquo;<\/span><span class=\"aioseo-breadcrumb\">\n\t\t\tRefor\u00e7os no NAC\n\t\t<\/span><\/div>","aioseo_breadcrumb_json":[{"label":"Home","link":"https:\/\/anoticiaonline.com.br\/site"},{"label":"Esporte","link":"https:\/\/anoticiaonline.com.br\/site\/categoria\/esporte\/"},{"label":"Refor\u00e7os no NAC","link":"https:\/\/anoticiaonline.com.br\/site\/reforcos-no-nac\/"}],"views":150,"_links":{"self":[{"href":"https:\/\/anoticiaonline.com.br\/site\/wp-json\/wp\/v2\/posts\/67311","targetHints":{"allow":["GET"]}}],"collection":[{"href":"https:\/\/anoticiaonline.com.br\/site\/wp-json\/wp\/v2\/posts"}],"about":[{"href":"https:\/\/anoticiaonline.com.br\/site\/wp-json\/wp\/v2\/types\/post"}],"author":[{"embeddable":true,"href":"https:\/\/anoticiaonline.com.br\/site\/wp-json\/wp\/v2\/users\/2"}],"replies":[{"embeddable":true,"href":"https:\/\/anoticiaonline.com.br\/site\/wp-json\/wp\/v2\/comments?post=67311"}],"version-history":[{"count":0,"href":"https:\/\/anoticiaonline.com.br\/site\/wp-json\/wp\/v2\/posts\/67311\/revisions"}],"wp:featuredmedia":[{"embeddable":true,"href":"https:\/\/anoticiaonline.com.br\/site\/wp-json\/wp\/v2\/media\/67313"}],"wp:attachment":[{"href":"https:\/\/anoticiaonline.com.br\/site\/wp-json\/wp\/v2\/media?parent=67311"}],"wp:term":[{"taxonomy":"category","embeddable":true,"href":"https:\/\/anoticiaonline.com.br\/site\/wp-json\/wp\/v2\/categories?post=67311"},{"taxonomy":"post_tag","embeddable":true,"href":"https:\/\/anoticiaonline.com.br\/site\/wp-json\/wp\/v2\/tags?post=67311"}],"curies":[{"name":"wp","href":"https:\/\/api.w.org\/{rel}","templated":true}]}}