{"id":67270,"date":"2019-02-15T17:30:09","date_gmt":"2019-02-15T20:30:09","guid":{"rendered":"http:\/\/anoticiaonline.com.br\/site\/?p=67270"},"modified":"2019-02-15T11:52:43","modified_gmt":"2019-02-15T14:52:43","slug":"carga-saqueada-na-br-116","status":"publish","type":"post","link":"https:\/\/anoticiaonline.com.br\/site\/carga-saqueada-na-br-116\/","title":{"rendered":"Carga saqueada na BR-116"},"content":{"rendered":"<h2>PMs de Carangola e Divino recuperam parte de carga saqueada na BR-116<\/h2>\n<p><a href=\"https:\/\/anoticiaonline.com.br\/site\/wp-content\/uploads\/2019\/02\/carga-saqueada.jpg\"><img fetchpriority=\"high\" decoding=\"async\" class=\"aligncenter size-full wp-image-67271\" src=\"https:\/\/anoticiaonline.com.br\/site\/wp-content\/uploads\/2019\/02\/carga-saqueada.jpg\" alt=\"\" width=\"774\" height=\"732\" srcset=\"https:\/\/anoticiaonline.com.br\/site\/wp-content\/uploads\/2019\/02\/carga-saqueada.jpg 774w, https:\/\/anoticiaonline.com.br\/site\/wp-content\/uploads\/2019\/02\/carga-saqueada-300x284.jpg 300w, https:\/\/anoticiaonline.com.br\/site\/wp-content\/uploads\/2019\/02\/carga-saqueada-768x726.jpg 768w\" sizes=\"(max-width: 774px) 100vw, 774px\" \/><\/a><\/p>\n<p>No final da \u00faltima semana, policiais militares de Carangola e Divino recuperaram partes de cargas que haviam sido saqueadas de caminh\u00f5es acidentados na BR-116. As a\u00e7\u00f5es aconteceram em Ponte Alta, distrito de Carangola, e C\u00f3rrego Vargem Grande, na zona rural de Divino.<\/p>\n<p>Numa resid\u00eancia de Ponte Alta, os militares encontraram seis ventiladores, tr\u00eas liquidificadores, tr\u00eas extratores de suco, al\u00e9m de sacolas de roupas de v\u00e1rios modelos. O morador, de 51 anos, foi conduzido \u00e0 Delegacia. J\u00e1 em Vargem Grande, foram encontrados um ventilador e v\u00e1rias sacolas com roupas de diferentes marcas. A moradora, de 49 anos, confirmou que os eletrodom\u00e9sticos foram saqueados de um caminh\u00e3o que tombou na BR no dia 3 de fevereiro e que a maior parte do material foi enviado para a casa de seu cunhado, em Ponte Alta. J\u00e1 as roupas seriam tamb\u00e9m de um caminh\u00e3o acidentado h\u00e1 alguns meses na mesma rodovia.<\/p>\n","protected":false},"excerpt":{"rendered":"<p>PMs de Carangola e Divino recuperam parte de carga saqueada na BR-116 No final da \u00faltima semana, policiais militares de Carangola e Divino recuperaram partes de cargas que haviam sido saqueadas de caminh\u00f5es acidentados na BR-116. As a\u00e7\u00f5es aconteceram em Ponte Alta, distrito de Carangola, e C\u00f3rrego Vargem Grande, na zona rural de Divino. Numa &#8230; <a title=\"Carga saqueada na BR-116\" class=\"read-more\" href=\"https:\/\/anoticiaonline.com.br\/site\/carga-saqueada-na-br-116\/\" aria-label=\"Read more about Carga saqueada na BR-116\">Ler mais<\/a><\/p>\n","protected":false},"author":2,"featured_media":67271,"comment_status":"open","ping_status":"open","sticky":false,"template":"","format":"standard","meta":{"_acf_changed":false,"_monsterinsights_skip_tracking":false,"footnotes":""},"categories":[30,6],"tags":[3681,93],"class_list":["post-67270","post","type-post","status-publish","format-standard","has-post-thumbnail","hentry","category-muriae","category-regiao","tag-carga-saqueada","tag-policia-militar"],"acf":[],"aioseo_notices":[],"aioseo_head":"\n\t\t<!-- All in One SEO 5.0.0.1 - aioseo.com -->\n\t<meta name=\"description\" content=\"PMs de Carangola e Divino recuperam parte de carga saqueada na BR-116 No final da \u00faltima semana, policiais militares de Carangola e Divino recuperaram partes de cargas que haviam sido saqueadas de caminh\u00f5es acidentados na BR-116. As a\u00e7\u00f5es aconteceram em Ponte Alta, distrito de Carangola, e C\u00f3rrego Vargem Grande, na zona rural de Divino. Numa\" \/>\n\t<meta name=\"robots\" content=\"max-image-preview:large\" \/>\n\t<meta name=\"author\" content=\"Juliana Laviola\"\/>\n\t<link rel=\"canonical\" href=\"https:\/\/anoticiaonline.com.br\/site\/carga-saqueada-na-br-116\/\" \/>\n\t<meta name=\"generator\" content=\"All in One SEO (AIOSEO) 5.0.0.1\" \/>\n\t\t<meta property=\"og:locale\" content=\"pt_BR\" \/>\n\t\t<meta property=\"og:site_name\" content=\"A Not\u00edcia Online - Noticias de Muria\u00e9 e regi\u00e3o\" \/>\n\t\t<meta property=\"og:type\" content=\"article\" \/>\n\t\t<meta property=\"og:title\" content=\"Carga saqueada na BR-116 - A Not\u00edcia Online\" \/>\n\t\t<meta property=\"og:description\" content=\"PMs de Carangola e Divino recuperam parte de carga saqueada na BR-116 No final da \u00faltima semana, policiais militares de Carangola e Divino recuperaram partes de cargas que haviam sido saqueadas de caminh\u00f5es acidentados na BR-116. As a\u00e7\u00f5es aconteceram em Ponte Alta, distrito de Carangola, e C\u00f3rrego Vargem Grande, na zona rural de Divino. Numa\" \/>\n\t\t<meta property=\"og:url\" content=\"https:\/\/anoticiaonline.com.br\/site\/carga-saqueada-na-br-116\/\" \/>\n\t\t<meta property=\"og:image\" content=\"https:\/\/scontent-gig4-1.xx.fbcdn.net\/v\/t39.30808-1\/270437624_4564083193639691_6907940295614233970_n.jpg?stp=dst-jpg_s200x200_tt6&#038;_nc_cat=111&#038;ccb=1-7&#038;_nc_sid=f907e8&#038;_nc_ohc=SM1wRlP3lJwQ7kNvwEPuBYA&#038;_nc_oc=AdnqrjDN_BNjSSHWO-GbkIWH6fkGMLw4bqvL_NH6e2wMveX7G-rP2dAqsDSq1mJMOaY&#038;_nc_zt=24&#038;_nc_ht=scontent-gig4-1.xx&#038;_nc_gid=AoBFJeGrT1hVaew_6rchkQ&#038;oh=00_AfX7QmFGhQhG2jAllVgXCiM1ZrWgvtp80-Bfppyexh1QEg&#038;oe=689E923C\" \/>\n\t\t<meta property=\"og:image:secure_url\" content=\"https:\/\/scontent-gig4-1.xx.fbcdn.net\/v\/t39.30808-1\/270437624_4564083193639691_6907940295614233970_n.jpg?stp=dst-jpg_s200x200_tt6&#038;_nc_cat=111&#038;ccb=1-7&#038;_nc_sid=f907e8&#038;_nc_ohc=SM1wRlP3lJwQ7kNvwEPuBYA&#038;_nc_oc=AdnqrjDN_BNjSSHWO-GbkIWH6fkGMLw4bqvL_NH6e2wMveX7G-rP2dAqsDSq1mJMOaY&#038;_nc_zt=24&#038;_nc_ht=scontent-gig4-1.xx&#038;_nc_gid=AoBFJeGrT1hVaew_6rchkQ&#038;oh=00_AfX7QmFGhQhG2jAllVgXCiM1ZrWgvtp80-Bfppyexh1QEg&#038;oe=689E923C\" \/>\n\t\t<meta property=\"article:published_time\" content=\"2019-02-15T20:30:09+00:00\" \/>\n\t\t<meta property=\"article:modified_time\" content=\"2019-02-15T14:52:43+00:00\" \/>\n\t\t<meta name=\"twitter:card\" content=\"summary_large_image\" \/>\n\t\t<meta name=\"twitter:title\" content=\"Carga saqueada na BR-116 - A Not\u00edcia Online\" \/>\n\t\t<meta name=\"twitter:description\" content=\"PMs de Carangola e Divino recuperam parte de carga saqueada na BR-116 No final da \u00faltima semana, policiais militares de Carangola e Divino recuperaram partes de cargas que haviam sido saqueadas de caminh\u00f5es acidentados na BR-116. As a\u00e7\u00f5es aconteceram em Ponte Alta, distrito de Carangola, e C\u00f3rrego Vargem Grande, na zona rural de Divino. Numa\" \/>\n\t\t<meta name=\"twitter:image\" content=\"https:\/\/scontent-gig4-1.xx.fbcdn.net\/v\/t39.30808-1\/270437624_4564083193639691_6907940295614233970_n.jpg?stp=dst-jpg_s200x200_tt6&amp;_nc_cat=111&amp;ccb=1-7&amp;_nc_sid=f907e8&amp;_nc_ohc=SM1wRlP3lJwQ7kNvwEPuBYA&amp;_nc_oc=AdnqrjDN_BNjSSHWO-GbkIWH6fkGMLw4bqvL_NH6e2wMveX7G-rP2dAqsDSq1mJMOaY&amp;_nc_zt=24&amp;_nc_ht=scontent-gig4-1.xx&amp;_nc_gid=AoBFJeGrT1hVaew_6rchkQ&amp;oh=00_AfX7QmFGhQhG2jAllVgXCiM1ZrWgvtp80-Bfppyexh1QEg&amp;oe=689E923C\" \/>\n\t\t<script type=\"application\/ld+json\" class=\"aioseo-schema\">\n\t\t\t{\"@context\":\"https:\\\/\\\/schema.org\",\"@graph\":[{\"@type\":\"BlogPosting\",\"@id\":\"https:\\\/\\\/anoticiaonline.com.br\\\/site\\\/carga-saqueada-na-br-116\\\/#blogposting\",\"name\":\"Carga saqueada na BR-116 - A Not\\u00edcia Online\",\"headline\":\"Carga saqueada na BR-116\",\"author\":{\"@id\":\"https:\\\/\\\/anoticiaonline.com.br\\\/site\\\/author\\\/juliana\\\/#author\"},\"publisher\":{\"@id\":\"https:\\\/\\\/anoticiaonline.com.br\\\/site\\\/#organization\"},\"image\":{\"@type\":\"ImageObject\",\"url\":\"https:\\\/\\\/anoticiaonline.com.br\\\/site\\\/wp-content\\\/uploads\\\/2019\\\/02\\\/carga-saqueada.jpg\",\"width\":774,\"height\":732},\"datePublished\":\"2019-02-15T17:30:09-03:00\",\"dateModified\":\"2019-02-15T11:52:43-03:00\",\"inLanguage\":\"pt-BR\",\"mainEntityOfPage\":{\"@id\":\"https:\\\/\\\/anoticiaonline.com.br\\\/site\\\/carga-saqueada-na-br-116\\\/#webpage\"},\"isPartOf\":{\"@id\":\"https:\\\/\\\/anoticiaonline.com.br\\\/site\\\/carga-saqueada-na-br-116\\\/#webpage\"},\"articleSection\":\"Blog, Regi\\u00e3o, carga saqueada, pol\\u00edcia militar\"},{\"@type\":\"BreadcrumbList\",\"@id\":\"https:\\\/\\\/anoticiaonline.com.br\\\/site\\\/carga-saqueada-na-br-116\\\/#breadcrumblist\",\"itemListElement\":[{\"@type\":\"ListItem\",\"@id\":\"https:\\\/\\\/anoticiaonline.com.br\\\/site#listItem\",\"position\":1,\"name\":\"Home\",\"item\":\"https:\\\/\\\/anoticiaonline.com.br\\\/site\",\"nextItem\":{\"@type\":\"ListItem\",\"@id\":\"https:\\\/\\\/anoticiaonline.com.br\\\/site\\\/categoria\\\/regiao\\\/#listItem\",\"name\":\"Regi\\u00e3o\"}},{\"@type\":\"ListItem\",\"@id\":\"https:\\\/\\\/anoticiaonline.com.br\\\/site\\\/categoria\\\/regiao\\\/#listItem\",\"position\":2,\"name\":\"Regi\\u00e3o\",\"item\":\"https:\\\/\\\/anoticiaonline.com.br\\\/site\\\/categoria\\\/regiao\\\/\",\"nextItem\":{\"@type\":\"ListItem\",\"@id\":\"https:\\\/\\\/anoticiaonline.com.br\\\/site\\\/carga-saqueada-na-br-116\\\/#listItem\",\"name\":\"Carga saqueada na BR-116\"},\"previousItem\":{\"@type\":\"ListItem\",\"@id\":\"https:\\\/\\\/anoticiaonline.com.br\\\/site#listItem\",\"name\":\"Home\"}},{\"@type\":\"ListItem\",\"@id\":\"https:\\\/\\\/anoticiaonline.com.br\\\/site\\\/carga-saqueada-na-br-116\\\/#listItem\",\"position\":3,\"name\":\"Carga saqueada na BR-116\",\"previousItem\":{\"@type\":\"ListItem\",\"@id\":\"https:\\\/\\\/anoticiaonline.com.br\\\/site\\\/categoria\\\/regiao\\\/#listItem\",\"name\":\"Regi\\u00e3o\"}}]},{\"@type\":\"Organization\",\"@id\":\"https:\\\/\\\/anoticiaonline.com.br\\\/site\\\/#organization\",\"name\":\"A Not\\u00edcia Online\",\"description\":\"Noticias de Muria\\u00e9 e regi\\u00e3o\",\"url\":\"https:\\\/\\\/anoticiaonline.com.br\\\/site\\\/\",\"logo\":{\"@type\":\"ImageObject\",\"url\":\"https:\\\/\\\/scontent-gig4-1.xx.fbcdn.net\\\/v\\\/t39.30808-1\\\/270437624_4564083193639691_6907940295614233970_n.jpg?stp=dst-jpg_s200x200_tt6&_nc_cat=111&ccb=1-7&_nc_sid=f907e8&_nc_ohc=SM1wRlP3lJwQ7kNvwEPuBYA&_nc_oc=AdnqrjDN_BNjSSHWO-GbkIWH6fkGMLw4bqvL_NH6e2wMveX7G-rP2dAqsDSq1mJMOaY&_nc_zt=24&_nc_ht=scontent-gig4-1.xx&_nc_gid=AoBFJeGrT1hVaew_6rchkQ&oh=00_AfX7QmFGhQhG2jAllVgXCiM1ZrWgvtp80-Bfppyexh1QEg&oe=689E923C\",\"@id\":\"https:\\\/\\\/anoticiaonline.com.br\\\/site\\\/carga-saqueada-na-br-116\\\/#organizationLogo\"},\"image\":{\"@id\":\"https:\\\/\\\/anoticiaonline.com.br\\\/site\\\/carga-saqueada-na-br-116\\\/#organizationLogo\"}},{\"@type\":\"Person\",\"@id\":\"https:\\\/\\\/anoticiaonline.com.br\\\/site\\\/author\\\/juliana\\\/#author\",\"url\":\"https:\\\/\\\/anoticiaonline.com.br\\\/site\\\/author\\\/juliana\\\/\",\"name\":\"Juliana Laviola\",\"image\":{\"@type\":\"ImageObject\",\"@id\":\"https:\\\/\\\/anoticiaonline.com.br\\\/site\\\/carga-saqueada-na-br-116\\\/#authorImage\",\"url\":\"https:\\\/\\\/secure.gravatar.com\\\/avatar\\\/b8d45f5c699b100dfaf0e543582f38f38bf94cb7ae3a5e9abf8d891a34773335?s=96&d=mm&r=g\",\"width\":96,\"height\":96,\"caption\":\"Juliana Laviola\"}},{\"@type\":\"WebPage\",\"@id\":\"https:\\\/\\\/anoticiaonline.com.br\\\/site\\\/carga-saqueada-na-br-116\\\/#webpage\",\"url\":\"https:\\\/\\\/anoticiaonline.com.br\\\/site\\\/carga-saqueada-na-br-116\\\/\",\"name\":\"Carga saqueada na BR-116 - A Not\\u00edcia Online\",\"description\":\"PMs de Carangola e Divino recuperam parte de carga saqueada na BR-116 No final da \\u00faltima semana, policiais militares de Carangola e Divino recuperaram partes de cargas que haviam sido saqueadas de caminh\\u00f5es acidentados na BR-116. As a\\u00e7\\u00f5es aconteceram em Ponte Alta, distrito de Carangola, e C\\u00f3rrego Vargem Grande, na zona rural de Divino. Numa\",\"inLanguage\":\"pt-BR\",\"isPartOf\":{\"@id\":\"https:\\\/\\\/anoticiaonline.com.br\\\/site\\\/#website\"},\"breadcrumb\":{\"@id\":\"https:\\\/\\\/anoticiaonline.com.br\\\/site\\\/carga-saqueada-na-br-116\\\/#breadcrumblist\"},\"author\":{\"@id\":\"https:\\\/\\\/anoticiaonline.com.br\\\/site\\\/author\\\/juliana\\\/#author\"},\"creator\":{\"@id\":\"https:\\\/\\\/anoticiaonline.com.br\\\/site\\\/author\\\/juliana\\\/#author\"},\"image\":{\"@type\":\"ImageObject\",\"url\":\"https:\\\/\\\/anoticiaonline.com.br\\\/site\\\/wp-content\\\/uploads\\\/2019\\\/02\\\/carga-saqueada.jpg\",\"@id\":\"https:\\\/\\\/anoticiaonline.com.br\\\/site\\\/carga-saqueada-na-br-116\\\/#mainImage\",\"width\":774,\"height\":732},\"primaryImageOfPage\":{\"@id\":\"https:\\\/\\\/anoticiaonline.com.br\\\/site\\\/carga-saqueada-na-br-116\\\/#mainImage\"},\"datePublished\":\"2019-02-15T17:30:09-03:00\",\"dateModified\":\"2019-02-15T11:52:43-03:00\"},{\"@type\":\"WebSite\",\"@id\":\"https:\\\/\\\/anoticiaonline.com.br\\\/site\\\/#website\",\"url\":\"https:\\\/\\\/anoticiaonline.com.br\\\/site\\\/\",\"name\":\"A Not\\u00edcia Online\",\"description\":\"Noticias de Muria\\u00e9 e regi\\u00e3o\",\"inLanguage\":\"pt-BR\",\"publisher\":{\"@id\":\"https:\\\/\\\/anoticiaonline.com.br\\\/site\\\/#organization\"}}]}\n\t\t<\/script>\n\t\t<!-- All in One SEO -->\n\n","aioseo_head_json":{"title":"Carga saqueada na BR-116 - A Not\u00edcia Online","description":"PMs de Carangola e Divino recuperam parte de carga saqueada na BR-116 No final da \u00faltima semana, policiais militares de Carangola e Divino recuperaram partes de cargas que haviam sido saqueadas de caminh\u00f5es acidentados na BR-116. As a\u00e7\u00f5es aconteceram em Ponte Alta, distrito de Carangola, e C\u00f3rrego Vargem Grande, na zona rural de Divino. Numa","canonical_url":"https:\/\/anoticiaonline.com.br\/site\/carga-saqueada-na-br-116\/","robots":"max-image-preview:large","keywords":"","webmasterTools":{"miscellaneous":""},"schema":{"@context":"https:\/\/schema.org","@graph":[{"@type":"BlogPosting","@id":"https:\/\/anoticiaonline.com.br\/site\/carga-saqueada-na-br-116\/#blogposting","name":"Carga saqueada na BR-116 - A Not\u00edcia Online","headline":"Carga saqueada na BR-116","author":{"@id":"https:\/\/anoticiaonline.com.br\/site\/author\/juliana\/#author"},"publisher":{"@id":"https:\/\/anoticiaonline.com.br\/site\/#organization"},"image":{"@type":"ImageObject","url":"https:\/\/anoticiaonline.com.br\/site\/wp-content\/uploads\/2019\/02\/carga-saqueada.jpg","width":774,"height":732},"datePublished":"2019-02-15T17:30:09-03:00","dateModified":"2019-02-15T11:52:43-03:00","inLanguage":"pt-BR","mainEntityOfPage":{"@id":"https:\/\/anoticiaonline.com.br\/site\/carga-saqueada-na-br-116\/#webpage"},"isPartOf":{"@id":"https:\/\/anoticiaonline.com.br\/site\/carga-saqueada-na-br-116\/#webpage"},"articleSection":"Blog, Regi\u00e3o, carga saqueada, pol\u00edcia militar"},{"@type":"BreadcrumbList","@id":"https:\/\/anoticiaonline.com.br\/site\/carga-saqueada-na-br-116\/#breadcrumblist","itemListElement":[{"@type":"ListItem","@id":"https:\/\/anoticiaonline.com.br\/site#listItem","position":1,"name":"Home","item":"https:\/\/anoticiaonline.com.br\/site","nextItem":{"@type":"ListItem","@id":"https:\/\/anoticiaonline.com.br\/site\/categoria\/regiao\/#listItem","name":"Regi\u00e3o"}},{"@type":"ListItem","@id":"https:\/\/anoticiaonline.com.br\/site\/categoria\/regiao\/#listItem","position":2,"name":"Regi\u00e3o","item":"https:\/\/anoticiaonline.com.br\/site\/categoria\/regiao\/","nextItem":{"@type":"ListItem","@id":"https:\/\/anoticiaonline.com.br\/site\/carga-saqueada-na-br-116\/#listItem","name":"Carga saqueada na BR-116"},"previousItem":{"@type":"ListItem","@id":"https:\/\/anoticiaonline.com.br\/site#listItem","name":"Home"}},{"@type":"ListItem","@id":"https:\/\/anoticiaonline.com.br\/site\/carga-saqueada-na-br-116\/#listItem","position":3,"name":"Carga saqueada na BR-116","previousItem":{"@type":"ListItem","@id":"https:\/\/anoticiaonline.com.br\/site\/categoria\/regiao\/#listItem","name":"Regi\u00e3o"}}]},{"@type":"Organization","@id":"https:\/\/anoticiaonline.com.br\/site\/#organization","name":"A Not\u00edcia Online","description":"Noticias de Muria\u00e9 e regi\u00e3o","url":"https:\/\/anoticiaonline.com.br\/site\/","logo":{"@type":"ImageObject","url":"https:\/\/scontent-gig4-1.xx.fbcdn.net\/v\/t39.30808-1\/270437624_4564083193639691_6907940295614233970_n.jpg?stp=dst-jpg_s200x200_tt6&_nc_cat=111&ccb=1-7&_nc_sid=f907e8&_nc_ohc=SM1wRlP3lJwQ7kNvwEPuBYA&_nc_oc=AdnqrjDN_BNjSSHWO-GbkIWH6fkGMLw4bqvL_NH6e2wMveX7G-rP2dAqsDSq1mJMOaY&_nc_zt=24&_nc_ht=scontent-gig4-1.xx&_nc_gid=AoBFJeGrT1hVaew_6rchkQ&oh=00_AfX7QmFGhQhG2jAllVgXCiM1ZrWgvtp80-Bfppyexh1QEg&oe=689E923C","@id":"https:\/\/anoticiaonline.com.br\/site\/carga-saqueada-na-br-116\/#organizationLogo"},"image":{"@id":"https:\/\/anoticiaonline.com.br\/site\/carga-saqueada-na-br-116\/#organizationLogo"}},{"@type":"Person","@id":"https:\/\/anoticiaonline.com.br\/site\/author\/juliana\/#author","url":"https:\/\/anoticiaonline.com.br\/site\/author\/juliana\/","name":"Juliana Laviola","image":{"@type":"ImageObject","@id":"https:\/\/anoticiaonline.com.br\/site\/carga-saqueada-na-br-116\/#authorImage","url":"https:\/\/secure.gravatar.com\/avatar\/b8d45f5c699b100dfaf0e543582f38f38bf94cb7ae3a5e9abf8d891a34773335?s=96&d=mm&r=g","width":96,"height":96,"caption":"Juliana Laviola"}},{"@type":"WebPage","@id":"https:\/\/anoticiaonline.com.br\/site\/carga-saqueada-na-br-116\/#webpage","url":"https:\/\/anoticiaonline.com.br\/site\/carga-saqueada-na-br-116\/","name":"Carga saqueada na BR-116 - A Not\u00edcia Online","description":"PMs de Carangola e Divino recuperam parte de carga saqueada na BR-116 No final da \u00faltima semana, policiais militares de Carangola e Divino recuperaram partes de cargas que haviam sido saqueadas de caminh\u00f5es acidentados na BR-116. As a\u00e7\u00f5es aconteceram em Ponte Alta, distrito de Carangola, e C\u00f3rrego Vargem Grande, na zona rural de Divino. Numa","inLanguage":"pt-BR","isPartOf":{"@id":"https:\/\/anoticiaonline.com.br\/site\/#website"},"breadcrumb":{"@id":"https:\/\/anoticiaonline.com.br\/site\/carga-saqueada-na-br-116\/#breadcrumblist"},"author":{"@id":"https:\/\/anoticiaonline.com.br\/site\/author\/juliana\/#author"},"creator":{"@id":"https:\/\/anoticiaonline.com.br\/site\/author\/juliana\/#author"},"image":{"@type":"ImageObject","url":"https:\/\/anoticiaonline.com.br\/site\/wp-content\/uploads\/2019\/02\/carga-saqueada.jpg","@id":"https:\/\/anoticiaonline.com.br\/site\/carga-saqueada-na-br-116\/#mainImage","width":774,"height":732},"primaryImageOfPage":{"@id":"https:\/\/anoticiaonline.com.br\/site\/carga-saqueada-na-br-116\/#mainImage"},"datePublished":"2019-02-15T17:30:09-03:00","dateModified":"2019-02-15T11:52:43-03:00"},{"@type":"WebSite","@id":"https:\/\/anoticiaonline.com.br\/site\/#website","url":"https:\/\/anoticiaonline.com.br\/site\/","name":"A Not\u00edcia Online","description":"Noticias de Muria\u00e9 e regi\u00e3o","inLanguage":"pt-BR","publisher":{"@id":"https:\/\/anoticiaonline.com.br\/site\/#organization"}}]},"og:locale":"pt_BR","og:site_name":"A Not\u00edcia Online - Noticias de Muria\u00e9 e regi\u00e3o","og:type":"article","og:title":"Carga saqueada na BR-116 - A Not\u00edcia Online","og:description":"PMs de Carangola e Divino recuperam parte de carga saqueada na BR-116 No final da \u00faltima semana, policiais militares de Carangola e Divino recuperaram partes de cargas que haviam sido saqueadas de caminh\u00f5es acidentados na BR-116. As a\u00e7\u00f5es aconteceram em Ponte Alta, distrito de Carangola, e C\u00f3rrego Vargem Grande, na zona rural de Divino. Numa","og:url":"https:\/\/anoticiaonline.com.br\/site\/carga-saqueada-na-br-116\/","og:image":"https:\/\/scontent-gig4-1.xx.fbcdn.net\/v\/t39.30808-1\/270437624_4564083193639691_6907940295614233970_n.jpg?stp=dst-jpg_s200x200_tt6&#038;_nc_cat=111&#038;ccb=1-7&#038;_nc_sid=f907e8&#038;_nc_ohc=SM1wRlP3lJwQ7kNvwEPuBYA&#038;_nc_oc=AdnqrjDN_BNjSSHWO-GbkIWH6fkGMLw4bqvL_NH6e2wMveX7G-rP2dAqsDSq1mJMOaY&#038;_nc_zt=24&#038;_nc_ht=scontent-gig4-1.xx&#038;_nc_gid=AoBFJeGrT1hVaew_6rchkQ&#038;oh=00_AfX7QmFGhQhG2jAllVgXCiM1ZrWgvtp80-Bfppyexh1QEg&#038;oe=689E923C","og:image:secure_url":"https:\/\/scontent-gig4-1.xx.fbcdn.net\/v\/t39.30808-1\/270437624_4564083193639691_6907940295614233970_n.jpg?stp=dst-jpg_s200x200_tt6&#038;_nc_cat=111&#038;ccb=1-7&#038;_nc_sid=f907e8&#038;_nc_ohc=SM1wRlP3lJwQ7kNvwEPuBYA&#038;_nc_oc=AdnqrjDN_BNjSSHWO-GbkIWH6fkGMLw4bqvL_NH6e2wMveX7G-rP2dAqsDSq1mJMOaY&#038;_nc_zt=24&#038;_nc_ht=scontent-gig4-1.xx&#038;_nc_gid=AoBFJeGrT1hVaew_6rchkQ&#038;oh=00_AfX7QmFGhQhG2jAllVgXCiM1ZrWgvtp80-Bfppyexh1QEg&#038;oe=689E923C","article:published_time":"2019-02-15T20:30:09+00:00","article:modified_time":"2019-02-15T14:52:43+00:00","twitter:card":"summary_large_image","twitter:title":"Carga saqueada na BR-116 - A Not\u00edcia Online","twitter:description":"PMs de Carangola e Divino recuperam parte de carga saqueada na BR-116 No final da \u00faltima semana, policiais militares de Carangola e Divino recuperaram partes de cargas que haviam sido saqueadas de caminh\u00f5es acidentados na BR-116. As a\u00e7\u00f5es aconteceram em Ponte Alta, distrito de Carangola, e C\u00f3rrego Vargem Grande, na zona rural de Divino. Numa","twitter:image":"https:\/\/scontent-gig4-1.xx.fbcdn.net\/v\/t39.30808-1\/270437624_4564083193639691_6907940295614233970_n.jpg?stp=dst-jpg_s200x200_tt6&_nc_cat=111&ccb=1-7&_nc_sid=f907e8&_nc_ohc=SM1wRlP3lJwQ7kNvwEPuBYA&_nc_oc=AdnqrjDN_BNjSSHWO-GbkIWH6fkGMLw4bqvL_NH6e2wMveX7G-rP2dAqsDSq1mJMOaY&_nc_zt=24&_nc_ht=scontent-gig4-1.xx&_nc_gid=AoBFJeGrT1hVaew_6rchkQ&oh=00_AfX7QmFGhQhG2jAllVgXCiM1ZrWgvtp80-Bfppyexh1QEg&oe=689E923C"},"aioseo_meta_data":{"post_id":"67270","title":null,"description":null,"keywords":null,"keyphrases":null,"primary_term":null,"canonical_url":null,"og_title":null,"og_description":null,"og_object_type":"default","og_image_type":"default","og_image_url":null,"og_image_width":null,"og_image_height":null,"og_image_custom_url":null,"og_image_custom_fields":null,"og_video":null,"og_custom_url":null,"og_article_section":null,"og_article_tags":null,"twitter_use_og":false,"twitter_card":"default","twitter_image_type":"default","twitter_image_url":null,"twitter_image_custom_url":null,"twitter_image_custom_fields":null,"twitter_title":null,"twitter_description":null,"schema":{"blockGraphs":[],"customGraphs":[],"default":{"data":{"Article":[],"Course":[],"Dataset":[],"FAQPage":[],"Movie":[],"Person":[],"Product":[],"ProductReview":[],"Car":[],"Recipe":[],"Service":[],"SoftwareApplication":[],"WebPage":[]},"graphName":"","isEnabled":true},"graphs":[]},"schema_type":"default","schema_type_options":null,"pillar_content":false,"robots_default":true,"robots_noindex":false,"robots_noarchive":false,"robots_nosnippet":false,"robots_nofollow":false,"robots_noimageindex":false,"robots_noodp":false,"robots_notranslate":false,"robots_max_snippet":null,"robots_max_videopreview":null,"robots_max_imagepreview":"large","priority":null,"frequency":null,"local_seo":null,"breadcrumb_settings":null,"limit_modified_date":false,"ai":null,"created":"2025-08-16 22:48:20","updated":"2025-08-16 22:48:20","focus_keyword":null,"additional_keywords":null,"truseo_locale":null,"seo_analyzer_scan_date":null},"aioseo_breadcrumb":"<div class=\"aioseo-breadcrumbs\"><span class=\"aioseo-breadcrumb\">\n\t\t\t<a href=\"https:\/\/anoticiaonline.com.br\/site\" title=\"Home\">Home<\/a>\n\t\t<\/span><span class=\"aioseo-breadcrumb-separator\">&raquo;<\/span><span class=\"aioseo-breadcrumb\">\n\t\t\t<a href=\"https:\/\/anoticiaonline.com.br\/site\/categoria\/regiao\/\" title=\"Regi\u00e3o\">Regi\u00e3o<\/a>\n\t\t<\/span><span class=\"aioseo-breadcrumb-separator\">&raquo;<\/span><span class=\"aioseo-breadcrumb\">\n\t\t\tCarga saqueada na BR-116\n\t\t<\/span><\/div>","aioseo_breadcrumb_json":[{"label":"Home","link":"https:\/\/anoticiaonline.com.br\/site"},{"label":"Regi\u00e3o","link":"https:\/\/anoticiaonline.com.br\/site\/categoria\/regiao\/"},{"label":"Carga saqueada na BR-116","link":"https:\/\/anoticiaonline.com.br\/site\/carga-saqueada-na-br-116\/"}],"views":156,"_links":{"self":[{"href":"https:\/\/anoticiaonline.com.br\/site\/wp-json\/wp\/v2\/posts\/67270","targetHints":{"allow":["GET"]}}],"collection":[{"href":"https:\/\/anoticiaonline.com.br\/site\/wp-json\/wp\/v2\/posts"}],"about":[{"href":"https:\/\/anoticiaonline.com.br\/site\/wp-json\/wp\/v2\/types\/post"}],"author":[{"embeddable":true,"href":"https:\/\/anoticiaonline.com.br\/site\/wp-json\/wp\/v2\/users\/2"}],"replies":[{"embeddable":true,"href":"https:\/\/anoticiaonline.com.br\/site\/wp-json\/wp\/v2\/comments?post=67270"}],"version-history":[{"count":0,"href":"https:\/\/anoticiaonline.com.br\/site\/wp-json\/wp\/v2\/posts\/67270\/revisions"}],"wp:featuredmedia":[{"embeddable":true,"href":"https:\/\/anoticiaonline.com.br\/site\/wp-json\/wp\/v2\/media\/67271"}],"wp:attachment":[{"href":"https:\/\/anoticiaonline.com.br\/site\/wp-json\/wp\/v2\/media?parent=67270"}],"wp:term":[{"taxonomy":"category","embeddable":true,"href":"https:\/\/anoticiaonline.com.br\/site\/wp-json\/wp\/v2\/categories?post=67270"},{"taxonomy":"post_tag","embeddable":true,"href":"https:\/\/anoticiaonline.com.br\/site\/wp-json\/wp\/v2\/tags?post=67270"}],"curies":[{"name":"wp","href":"https:\/\/api.w.org\/{rel}","templated":true}]}}