{"id":67219,"date":"2019-02-15T17:00:21","date_gmt":"2019-02-15T20:00:21","guid":{"rendered":"http:\/\/anoticiaonline.com.br\/site\/?p=67219"},"modified":"2019-02-15T10:58:42","modified_gmt":"2019-02-15T13:58:42","slug":"cdl-leva-premio-destaque-de-2018-por-sua-atuacao-no-fomento-do-comercio","status":"publish","type":"post","link":"https:\/\/anoticiaonline.com.br\/site\/cdl-leva-premio-destaque-de-2018-por-sua-atuacao-no-fomento-do-comercio\/","title":{"rendered":"CDL leva pr\u00eamio \u201cDestaque de 2018\u201d por sua atua\u00e7\u00e3o no fomento do com\u00e9rcio"},"content":{"rendered":"<p><a href=\"https:\/\/anoticiaonline.com.br\/site\/wp-content\/uploads\/2019\/02\/CDL-Destaque.jpg\"><img fetchpriority=\"high\" decoding=\"async\" class=\"aligncenter size-full wp-image-67220\" src=\"https:\/\/anoticiaonline.com.br\/site\/wp-content\/uploads\/2019\/02\/CDL-Destaque.jpg\" alt=\"\" width=\"800\" height=\"337\" srcset=\"https:\/\/anoticiaonline.com.br\/site\/wp-content\/uploads\/2019\/02\/CDL-Destaque.jpg 800w, https:\/\/anoticiaonline.com.br\/site\/wp-content\/uploads\/2019\/02\/CDL-Destaque-300x126.jpg 300w, https:\/\/anoticiaonline.com.br\/site\/wp-content\/uploads\/2019\/02\/CDL-Destaque-768x324.jpg 768w\" sizes=\"(max-width: 800px) 100vw, 800px\" \/><\/a><\/p>\n<p>A C\u00e2mara de Dirigentes Lojistas (CDL) de Muria\u00e9 foi escolhida um dos \u201cDestaques de 2018\u201d pelo Jornal A Not\u00edcia. Com atua\u00e7\u00e3o irrepar\u00e1vel em a\u00e7\u00f5es promocionais, palestras, cursos e capacita\u00e7\u00f5es, a entidade trabalha diariamente para fomentar o com\u00e9rcio muriaeense, auxiliando e atuando ao lado dos empres\u00e1rios da cidade para buscar sempre os melhores resultados.<!--more--><\/p>\n<p>Atuando em conjunto, a CDL e a Associa\u00e7\u00e3o Comercial e Empresarial (ACE) de Muria\u00e9 realizaram neste m\u00eas de fevereiro a primeira reuni\u00e3o da Diretoria Executiva da entidade. Foram lan\u00e7ados diversos produtos e servi\u00e7os para os associados como\u00a0CDL Educa\u00e7\u00e3o, CDL Sa\u00fade, CDL Emprego, NF-E, SPC Conciliador. Al\u00e9m disso, em fevereiro a entidade n\u00e3o est\u00e1 cobrando taxa de ades\u00e3o para novos filiados, numa oportunidade incr\u00edvel para todos os comerciantes da cidade, que t\u00eam a oportunidade de vincular sua empresa a uma instui\u00e7\u00e3o s\u00e9ria e de credibilidade.<\/p>\n<p>A C\u00e2mara dos Dirigentes Lojistas de Muria\u00e9 est\u00e1 localizada no Edif\u00edcio Top Center, \u00e0 Pra\u00e7a Jo\u00e3o Pinheiro, 15, no Centro. Telefone: 3729-9009.<\/p>\n","protected":false},"excerpt":{"rendered":"<p>A C\u00e2mara de Dirigentes Lojistas (CDL) de Muria\u00e9 foi escolhida um dos \u201cDestaques de 2018\u201d pelo Jornal A Not\u00edcia. Com atua\u00e7\u00e3o irrepar\u00e1vel em a\u00e7\u00f5es promocionais, palestras, cursos e capacita\u00e7\u00f5es, a entidade trabalha diariamente para fomentar o com\u00e9rcio muriaeense, auxiliando e atuando ao lado dos empres\u00e1rios da cidade para buscar sempre os melhores resultados.<\/p>\n","protected":false},"author":2,"featured_media":0,"comment_status":"open","ping_status":"open","sticky":false,"template":"","format":"standard","meta":{"_acf_changed":false,"_monsterinsights_skip_tracking":false,"footnotes":""},"categories":[30],"tags":[723,3668],"class_list":["post-67219","post","type-post","status-publish","format-standard","hentry","category-muriae","tag-cdl-muriae","tag-destaques-de-2018"],"acf":[],"aioseo_notices":[],"aioseo_head":"\n\t\t<!-- All in One SEO 5.0.0.1 - aioseo.com -->\n\t<meta name=\"description\" content=\"A C\u00e2mara de Dirigentes Lojistas (CDL) de Muria\u00e9 foi escolhida um dos \u201cDestaques de 2018\u201d pelo Jornal A Not\u00edcia. Com atua\u00e7\u00e3o irrepar\u00e1vel em a\u00e7\u00f5es promocionais, palestras, cursos e capacita\u00e7\u00f5es, a entidade trabalha diariamente para fomentar o com\u00e9rcio muriaeense, auxiliando e atuando ao lado dos empres\u00e1rios da cidade para buscar sempre os melhores resultados. Atuando em\" \/>\n\t<meta name=\"robots\" content=\"max-image-preview:large\" \/>\n\t<meta name=\"author\" content=\"Juliana Laviola\"\/>\n\t<link rel=\"canonical\" href=\"https:\/\/anoticiaonline.com.br\/site\/cdl-leva-premio-destaque-de-2018-por-sua-atuacao-no-fomento-do-comercio\/\" \/>\n\t<meta name=\"generator\" content=\"All in One SEO (AIOSEO) 5.0.0.1\" \/>\n\t\t<meta property=\"og:locale\" content=\"pt_BR\" \/>\n\t\t<meta property=\"og:site_name\" content=\"A Not\u00edcia Online - Noticias de Muria\u00e9 e regi\u00e3o\" \/>\n\t\t<meta property=\"og:type\" content=\"article\" \/>\n\t\t<meta property=\"og:title\" content=\"CDL leva pr\u00eamio \u201cDestaque de 2018\u201d por sua atua\u00e7\u00e3o no fomento do com\u00e9rcio - A Not\u00edcia Online\" \/>\n\t\t<meta property=\"og:description\" content=\"A C\u00e2mara de Dirigentes Lojistas (CDL) de Muria\u00e9 foi escolhida um dos \u201cDestaques de 2018\u201d pelo Jornal A Not\u00edcia. Com atua\u00e7\u00e3o irrepar\u00e1vel em a\u00e7\u00f5es promocionais, palestras, cursos e capacita\u00e7\u00f5es, a entidade trabalha diariamente para fomentar o com\u00e9rcio muriaeense, auxiliando e atuando ao lado dos empres\u00e1rios da cidade para buscar sempre os melhores resultados. Atuando em\" \/>\n\t\t<meta property=\"og:url\" content=\"https:\/\/anoticiaonline.com.br\/site\/cdl-leva-premio-destaque-de-2018-por-sua-atuacao-no-fomento-do-comercio\/\" \/>\n\t\t<meta property=\"og:image\" content=\"https:\/\/scontent-gig4-1.xx.fbcdn.net\/v\/t39.30808-1\/270437624_4564083193639691_6907940295614233970_n.jpg?stp=dst-jpg_s200x200_tt6&#038;_nc_cat=111&#038;ccb=1-7&#038;_nc_sid=f907e8&#038;_nc_ohc=SM1wRlP3lJwQ7kNvwEPuBYA&#038;_nc_oc=AdnqrjDN_BNjSSHWO-GbkIWH6fkGMLw4bqvL_NH6e2wMveX7G-rP2dAqsDSq1mJMOaY&#038;_nc_zt=24&#038;_nc_ht=scontent-gig4-1.xx&#038;_nc_gid=AoBFJeGrT1hVaew_6rchkQ&#038;oh=00_AfX7QmFGhQhG2jAllVgXCiM1ZrWgvtp80-Bfppyexh1QEg&#038;oe=689E923C\" \/>\n\t\t<meta property=\"og:image:secure_url\" content=\"https:\/\/scontent-gig4-1.xx.fbcdn.net\/v\/t39.30808-1\/270437624_4564083193639691_6907940295614233970_n.jpg?stp=dst-jpg_s200x200_tt6&#038;_nc_cat=111&#038;ccb=1-7&#038;_nc_sid=f907e8&#038;_nc_ohc=SM1wRlP3lJwQ7kNvwEPuBYA&#038;_nc_oc=AdnqrjDN_BNjSSHWO-GbkIWH6fkGMLw4bqvL_NH6e2wMveX7G-rP2dAqsDSq1mJMOaY&#038;_nc_zt=24&#038;_nc_ht=scontent-gig4-1.xx&#038;_nc_gid=AoBFJeGrT1hVaew_6rchkQ&#038;oh=00_AfX7QmFGhQhG2jAllVgXCiM1ZrWgvtp80-Bfppyexh1QEg&#038;oe=689E923C\" \/>\n\t\t<meta property=\"article:published_time\" content=\"2019-02-15T20:00:21+00:00\" \/>\n\t\t<meta property=\"article:modified_time\" content=\"2019-02-15T13:58:42+00:00\" \/>\n\t\t<meta name=\"twitter:card\" content=\"summary_large_image\" \/>\n\t\t<meta name=\"twitter:title\" content=\"CDL leva pr\u00eamio \u201cDestaque de 2018\u201d por sua atua\u00e7\u00e3o no fomento do com\u00e9rcio - A Not\u00edcia Online\" \/>\n\t\t<meta name=\"twitter:description\" content=\"A C\u00e2mara de Dirigentes Lojistas (CDL) de Muria\u00e9 foi escolhida um dos \u201cDestaques de 2018\u201d pelo Jornal A Not\u00edcia. Com atua\u00e7\u00e3o irrepar\u00e1vel em a\u00e7\u00f5es promocionais, palestras, cursos e capacita\u00e7\u00f5es, a entidade trabalha diariamente para fomentar o com\u00e9rcio muriaeense, auxiliando e atuando ao lado dos empres\u00e1rios da cidade para buscar sempre os melhores resultados. Atuando em\" \/>\n\t\t<meta name=\"twitter:image\" content=\"https:\/\/scontent-gig4-1.xx.fbcdn.net\/v\/t39.30808-1\/270437624_4564083193639691_6907940295614233970_n.jpg?stp=dst-jpg_s200x200_tt6&amp;_nc_cat=111&amp;ccb=1-7&amp;_nc_sid=f907e8&amp;_nc_ohc=SM1wRlP3lJwQ7kNvwEPuBYA&amp;_nc_oc=AdnqrjDN_BNjSSHWO-GbkIWH6fkGMLw4bqvL_NH6e2wMveX7G-rP2dAqsDSq1mJMOaY&amp;_nc_zt=24&amp;_nc_ht=scontent-gig4-1.xx&amp;_nc_gid=AoBFJeGrT1hVaew_6rchkQ&amp;oh=00_AfX7QmFGhQhG2jAllVgXCiM1ZrWgvtp80-Bfppyexh1QEg&amp;oe=689E923C\" \/>\n\t\t<script type=\"application\/ld+json\" class=\"aioseo-schema\">\n\t\t\t{\"@context\":\"https:\\\/\\\/schema.org\",\"@graph\":[{\"@type\":\"BlogPosting\",\"@id\":\"https:\\\/\\\/anoticiaonline.com.br\\\/site\\\/cdl-leva-premio-destaque-de-2018-por-sua-atuacao-no-fomento-do-comercio\\\/#blogposting\",\"name\":\"CDL leva pr\\u00eamio \\u201cDestaque de 2018\\u201d por sua atua\\u00e7\\u00e3o no fomento do com\\u00e9rcio - A Not\\u00edcia Online\",\"headline\":\"CDL leva pr\\u00eamio \\u201cDestaque de 2018\\u201d por sua atua\\u00e7\\u00e3o no fomento do com\\u00e9rcio\",\"author\":{\"@id\":\"https:\\\/\\\/anoticiaonline.com.br\\\/site\\\/author\\\/juliana\\\/#author\"},\"publisher\":{\"@id\":\"https:\\\/\\\/anoticiaonline.com.br\\\/site\\\/#organization\"},\"image\":{\"@type\":\"ImageObject\",\"url\":\"https:\\\/\\\/anoticiaonline.com.br\\\/site\\\/wp-content\\\/uploads\\\/2019\\\/02\\\/CDL-Destaque.jpg\",\"@id\":\"https:\\\/\\\/anoticiaonline.com.br\\\/site\\\/cdl-leva-premio-destaque-de-2018-por-sua-atuacao-no-fomento-do-comercio\\\/#articleImage\",\"width\":800,\"height\":337},\"datePublished\":\"2019-02-15T17:00:21-03:00\",\"dateModified\":\"2019-02-15T10:58:42-03:00\",\"inLanguage\":\"pt-BR\",\"mainEntityOfPage\":{\"@id\":\"https:\\\/\\\/anoticiaonline.com.br\\\/site\\\/cdl-leva-premio-destaque-de-2018-por-sua-atuacao-no-fomento-do-comercio\\\/#webpage\"},\"isPartOf\":{\"@id\":\"https:\\\/\\\/anoticiaonline.com.br\\\/site\\\/cdl-leva-premio-destaque-de-2018-por-sua-atuacao-no-fomento-do-comercio\\\/#webpage\"},\"articleSection\":\"Blog, CDL Muria\\u00e9, Destaques de 2018\"},{\"@type\":\"BreadcrumbList\",\"@id\":\"https:\\\/\\\/anoticiaonline.com.br\\\/site\\\/cdl-leva-premio-destaque-de-2018-por-sua-atuacao-no-fomento-do-comercio\\\/#breadcrumblist\",\"itemListElement\":[{\"@type\":\"ListItem\",\"@id\":\"https:\\\/\\\/anoticiaonline.com.br\\\/site#listItem\",\"position\":1,\"name\":\"Home\",\"item\":\"https:\\\/\\\/anoticiaonline.com.br\\\/site\",\"nextItem\":{\"@type\":\"ListItem\",\"@id\":\"https:\\\/\\\/anoticiaonline.com.br\\\/site\\\/categoria\\\/muriae\\\/#listItem\",\"name\":\"Blog\"}},{\"@type\":\"ListItem\",\"@id\":\"https:\\\/\\\/anoticiaonline.com.br\\\/site\\\/categoria\\\/muriae\\\/#listItem\",\"position\":2,\"name\":\"Blog\",\"item\":\"https:\\\/\\\/anoticiaonline.com.br\\\/site\\\/categoria\\\/muriae\\\/\",\"nextItem\":{\"@type\":\"ListItem\",\"@id\":\"https:\\\/\\\/anoticiaonline.com.br\\\/site\\\/cdl-leva-premio-destaque-de-2018-por-sua-atuacao-no-fomento-do-comercio\\\/#listItem\",\"name\":\"CDL leva pr\\u00eamio \\u201cDestaque de 2018\\u201d por sua atua\\u00e7\\u00e3o no fomento do com\\u00e9rcio\"},\"previousItem\":{\"@type\":\"ListItem\",\"@id\":\"https:\\\/\\\/anoticiaonline.com.br\\\/site#listItem\",\"name\":\"Home\"}},{\"@type\":\"ListItem\",\"@id\":\"https:\\\/\\\/anoticiaonline.com.br\\\/site\\\/cdl-leva-premio-destaque-de-2018-por-sua-atuacao-no-fomento-do-comercio\\\/#listItem\",\"position\":3,\"name\":\"CDL leva pr\\u00eamio \\u201cDestaque de 2018\\u201d por sua atua\\u00e7\\u00e3o no fomento do com\\u00e9rcio\",\"previousItem\":{\"@type\":\"ListItem\",\"@id\":\"https:\\\/\\\/anoticiaonline.com.br\\\/site\\\/categoria\\\/muriae\\\/#listItem\",\"name\":\"Blog\"}}]},{\"@type\":\"Organization\",\"@id\":\"https:\\\/\\\/anoticiaonline.com.br\\\/site\\\/#organization\",\"name\":\"A Not\\u00edcia Online\",\"description\":\"Noticias de Muria\\u00e9 e regi\\u00e3o\",\"url\":\"https:\\\/\\\/anoticiaonline.com.br\\\/site\\\/\",\"logo\":{\"@type\":\"ImageObject\",\"url\":\"https:\\\/\\\/scontent-gig4-1.xx.fbcdn.net\\\/v\\\/t39.30808-1\\\/270437624_4564083193639691_6907940295614233970_n.jpg?stp=dst-jpg_s200x200_tt6&_nc_cat=111&ccb=1-7&_nc_sid=f907e8&_nc_ohc=SM1wRlP3lJwQ7kNvwEPuBYA&_nc_oc=AdnqrjDN_BNjSSHWO-GbkIWH6fkGMLw4bqvL_NH6e2wMveX7G-rP2dAqsDSq1mJMOaY&_nc_zt=24&_nc_ht=scontent-gig4-1.xx&_nc_gid=AoBFJeGrT1hVaew_6rchkQ&oh=00_AfX7QmFGhQhG2jAllVgXCiM1ZrWgvtp80-Bfppyexh1QEg&oe=689E923C\",\"@id\":\"https:\\\/\\\/anoticiaonline.com.br\\\/site\\\/cdl-leva-premio-destaque-de-2018-por-sua-atuacao-no-fomento-do-comercio\\\/#organizationLogo\"},\"image\":{\"@id\":\"https:\\\/\\\/anoticiaonline.com.br\\\/site\\\/cdl-leva-premio-destaque-de-2018-por-sua-atuacao-no-fomento-do-comercio\\\/#organizationLogo\"}},{\"@type\":\"Person\",\"@id\":\"https:\\\/\\\/anoticiaonline.com.br\\\/site\\\/author\\\/juliana\\\/#author\",\"url\":\"https:\\\/\\\/anoticiaonline.com.br\\\/site\\\/author\\\/juliana\\\/\",\"name\":\"Juliana Laviola\",\"image\":{\"@type\":\"ImageObject\",\"@id\":\"https:\\\/\\\/anoticiaonline.com.br\\\/site\\\/cdl-leva-premio-destaque-de-2018-por-sua-atuacao-no-fomento-do-comercio\\\/#authorImage\",\"url\":\"https:\\\/\\\/secure.gravatar.com\\\/avatar\\\/b8d45f5c699b100dfaf0e543582f38f38bf94cb7ae3a5e9abf8d891a34773335?s=96&d=mm&r=g\",\"width\":96,\"height\":96,\"caption\":\"Juliana Laviola\"}},{\"@type\":\"WebPage\",\"@id\":\"https:\\\/\\\/anoticiaonline.com.br\\\/site\\\/cdl-leva-premio-destaque-de-2018-por-sua-atuacao-no-fomento-do-comercio\\\/#webpage\",\"url\":\"https:\\\/\\\/anoticiaonline.com.br\\\/site\\\/cdl-leva-premio-destaque-de-2018-por-sua-atuacao-no-fomento-do-comercio\\\/\",\"name\":\"CDL leva pr\\u00eamio \\u201cDestaque de 2018\\u201d por sua atua\\u00e7\\u00e3o no fomento do com\\u00e9rcio - A Not\\u00edcia Online\",\"description\":\"A C\\u00e2mara de Dirigentes Lojistas (CDL) de Muria\\u00e9 foi escolhida um dos \\u201cDestaques de 2018\\u201d pelo Jornal A Not\\u00edcia. Com atua\\u00e7\\u00e3o irrepar\\u00e1vel em a\\u00e7\\u00f5es promocionais, palestras, cursos e capacita\\u00e7\\u00f5es, a entidade trabalha diariamente para fomentar o com\\u00e9rcio muriaeense, auxiliando e atuando ao lado dos empres\\u00e1rios da cidade para buscar sempre os melhores resultados. Atuando em\",\"inLanguage\":\"pt-BR\",\"isPartOf\":{\"@id\":\"https:\\\/\\\/anoticiaonline.com.br\\\/site\\\/#website\"},\"breadcrumb\":{\"@id\":\"https:\\\/\\\/anoticiaonline.com.br\\\/site\\\/cdl-leva-premio-destaque-de-2018-por-sua-atuacao-no-fomento-do-comercio\\\/#breadcrumblist\"},\"author\":{\"@id\":\"https:\\\/\\\/anoticiaonline.com.br\\\/site\\\/author\\\/juliana\\\/#author\"},\"creator\":{\"@id\":\"https:\\\/\\\/anoticiaonline.com.br\\\/site\\\/author\\\/juliana\\\/#author\"},\"datePublished\":\"2019-02-15T17:00:21-03:00\",\"dateModified\":\"2019-02-15T10:58:42-03:00\"},{\"@type\":\"WebSite\",\"@id\":\"https:\\\/\\\/anoticiaonline.com.br\\\/site\\\/#website\",\"url\":\"https:\\\/\\\/anoticiaonline.com.br\\\/site\\\/\",\"name\":\"A Not\\u00edcia Online\",\"description\":\"Noticias de Muria\\u00e9 e regi\\u00e3o\",\"inLanguage\":\"pt-BR\",\"publisher\":{\"@id\":\"https:\\\/\\\/anoticiaonline.com.br\\\/site\\\/#organization\"}}]}\n\t\t<\/script>\n\t\t<!-- All in One SEO -->\n\n","aioseo_head_json":{"title":"CDL leva pr\u00eamio \u201cDestaque de 2018\u201d por sua atua\u00e7\u00e3o no fomento do com\u00e9rcio - A Not\u00edcia Online","description":"A C\u00e2mara de Dirigentes Lojistas (CDL) de Muria\u00e9 foi escolhida um dos \u201cDestaques de 2018\u201d pelo Jornal A Not\u00edcia. Com atua\u00e7\u00e3o irrepar\u00e1vel em a\u00e7\u00f5es promocionais, palestras, cursos e capacita\u00e7\u00f5es, a entidade trabalha diariamente para fomentar o com\u00e9rcio muriaeense, auxiliando e atuando ao lado dos empres\u00e1rios da cidade para buscar sempre os melhores resultados. Atuando em","canonical_url":"https:\/\/anoticiaonline.com.br\/site\/cdl-leva-premio-destaque-de-2018-por-sua-atuacao-no-fomento-do-comercio\/","robots":"max-image-preview:large","keywords":"","webmasterTools":{"miscellaneous":""},"schema":{"@context":"https:\/\/schema.org","@graph":[{"@type":"BlogPosting","@id":"https:\/\/anoticiaonline.com.br\/site\/cdl-leva-premio-destaque-de-2018-por-sua-atuacao-no-fomento-do-comercio\/#blogposting","name":"CDL leva pr\u00eamio \u201cDestaque de 2018\u201d por sua atua\u00e7\u00e3o no fomento do com\u00e9rcio - A Not\u00edcia Online","headline":"CDL leva pr\u00eamio \u201cDestaque de 2018\u201d por sua atua\u00e7\u00e3o no fomento do com\u00e9rcio","author":{"@id":"https:\/\/anoticiaonline.com.br\/site\/author\/juliana\/#author"},"publisher":{"@id":"https:\/\/anoticiaonline.com.br\/site\/#organization"},"image":{"@type":"ImageObject","url":"https:\/\/anoticiaonline.com.br\/site\/wp-content\/uploads\/2019\/02\/CDL-Destaque.jpg","@id":"https:\/\/anoticiaonline.com.br\/site\/cdl-leva-premio-destaque-de-2018-por-sua-atuacao-no-fomento-do-comercio\/#articleImage","width":800,"height":337},"datePublished":"2019-02-15T17:00:21-03:00","dateModified":"2019-02-15T10:58:42-03:00","inLanguage":"pt-BR","mainEntityOfPage":{"@id":"https:\/\/anoticiaonline.com.br\/site\/cdl-leva-premio-destaque-de-2018-por-sua-atuacao-no-fomento-do-comercio\/#webpage"},"isPartOf":{"@id":"https:\/\/anoticiaonline.com.br\/site\/cdl-leva-premio-destaque-de-2018-por-sua-atuacao-no-fomento-do-comercio\/#webpage"},"articleSection":"Blog, CDL Muria\u00e9, Destaques de 2018"},{"@type":"BreadcrumbList","@id":"https:\/\/anoticiaonline.com.br\/site\/cdl-leva-premio-destaque-de-2018-por-sua-atuacao-no-fomento-do-comercio\/#breadcrumblist","itemListElement":[{"@type":"ListItem","@id":"https:\/\/anoticiaonline.com.br\/site#listItem","position":1,"name":"Home","item":"https:\/\/anoticiaonline.com.br\/site","nextItem":{"@type":"ListItem","@id":"https:\/\/anoticiaonline.com.br\/site\/categoria\/muriae\/#listItem","name":"Blog"}},{"@type":"ListItem","@id":"https:\/\/anoticiaonline.com.br\/site\/categoria\/muriae\/#listItem","position":2,"name":"Blog","item":"https:\/\/anoticiaonline.com.br\/site\/categoria\/muriae\/","nextItem":{"@type":"ListItem","@id":"https:\/\/anoticiaonline.com.br\/site\/cdl-leva-premio-destaque-de-2018-por-sua-atuacao-no-fomento-do-comercio\/#listItem","name":"CDL leva pr\u00eamio \u201cDestaque de 2018\u201d por sua atua\u00e7\u00e3o no fomento do com\u00e9rcio"},"previousItem":{"@type":"ListItem","@id":"https:\/\/anoticiaonline.com.br\/site#listItem","name":"Home"}},{"@type":"ListItem","@id":"https:\/\/anoticiaonline.com.br\/site\/cdl-leva-premio-destaque-de-2018-por-sua-atuacao-no-fomento-do-comercio\/#listItem","position":3,"name":"CDL leva pr\u00eamio \u201cDestaque de 2018\u201d por sua atua\u00e7\u00e3o no fomento do com\u00e9rcio","previousItem":{"@type":"ListItem","@id":"https:\/\/anoticiaonline.com.br\/site\/categoria\/muriae\/#listItem","name":"Blog"}}]},{"@type":"Organization","@id":"https:\/\/anoticiaonline.com.br\/site\/#organization","name":"A Not\u00edcia Online","description":"Noticias de Muria\u00e9 e regi\u00e3o","url":"https:\/\/anoticiaonline.com.br\/site\/","logo":{"@type":"ImageObject","url":"https:\/\/scontent-gig4-1.xx.fbcdn.net\/v\/t39.30808-1\/270437624_4564083193639691_6907940295614233970_n.jpg?stp=dst-jpg_s200x200_tt6&_nc_cat=111&ccb=1-7&_nc_sid=f907e8&_nc_ohc=SM1wRlP3lJwQ7kNvwEPuBYA&_nc_oc=AdnqrjDN_BNjSSHWO-GbkIWH6fkGMLw4bqvL_NH6e2wMveX7G-rP2dAqsDSq1mJMOaY&_nc_zt=24&_nc_ht=scontent-gig4-1.xx&_nc_gid=AoBFJeGrT1hVaew_6rchkQ&oh=00_AfX7QmFGhQhG2jAllVgXCiM1ZrWgvtp80-Bfppyexh1QEg&oe=689E923C","@id":"https:\/\/anoticiaonline.com.br\/site\/cdl-leva-premio-destaque-de-2018-por-sua-atuacao-no-fomento-do-comercio\/#organizationLogo"},"image":{"@id":"https:\/\/anoticiaonline.com.br\/site\/cdl-leva-premio-destaque-de-2018-por-sua-atuacao-no-fomento-do-comercio\/#organizationLogo"}},{"@type":"Person","@id":"https:\/\/anoticiaonline.com.br\/site\/author\/juliana\/#author","url":"https:\/\/anoticiaonline.com.br\/site\/author\/juliana\/","name":"Juliana Laviola","image":{"@type":"ImageObject","@id":"https:\/\/anoticiaonline.com.br\/site\/cdl-leva-premio-destaque-de-2018-por-sua-atuacao-no-fomento-do-comercio\/#authorImage","url":"https:\/\/secure.gravatar.com\/avatar\/b8d45f5c699b100dfaf0e543582f38f38bf94cb7ae3a5e9abf8d891a34773335?s=96&d=mm&r=g","width":96,"height":96,"caption":"Juliana Laviola"}},{"@type":"WebPage","@id":"https:\/\/anoticiaonline.com.br\/site\/cdl-leva-premio-destaque-de-2018-por-sua-atuacao-no-fomento-do-comercio\/#webpage","url":"https:\/\/anoticiaonline.com.br\/site\/cdl-leva-premio-destaque-de-2018-por-sua-atuacao-no-fomento-do-comercio\/","name":"CDL leva pr\u00eamio \u201cDestaque de 2018\u201d por sua atua\u00e7\u00e3o no fomento do com\u00e9rcio - A Not\u00edcia Online","description":"A C\u00e2mara de Dirigentes Lojistas (CDL) de Muria\u00e9 foi escolhida um dos \u201cDestaques de 2018\u201d pelo Jornal A Not\u00edcia. Com atua\u00e7\u00e3o irrepar\u00e1vel em a\u00e7\u00f5es promocionais, palestras, cursos e capacita\u00e7\u00f5es, a entidade trabalha diariamente para fomentar o com\u00e9rcio muriaeense, auxiliando e atuando ao lado dos empres\u00e1rios da cidade para buscar sempre os melhores resultados. Atuando em","inLanguage":"pt-BR","isPartOf":{"@id":"https:\/\/anoticiaonline.com.br\/site\/#website"},"breadcrumb":{"@id":"https:\/\/anoticiaonline.com.br\/site\/cdl-leva-premio-destaque-de-2018-por-sua-atuacao-no-fomento-do-comercio\/#breadcrumblist"},"author":{"@id":"https:\/\/anoticiaonline.com.br\/site\/author\/juliana\/#author"},"creator":{"@id":"https:\/\/anoticiaonline.com.br\/site\/author\/juliana\/#author"},"datePublished":"2019-02-15T17:00:21-03:00","dateModified":"2019-02-15T10:58:42-03:00"},{"@type":"WebSite","@id":"https:\/\/anoticiaonline.com.br\/site\/#website","url":"https:\/\/anoticiaonline.com.br\/site\/","name":"A Not\u00edcia Online","description":"Noticias de Muria\u00e9 e regi\u00e3o","inLanguage":"pt-BR","publisher":{"@id":"https:\/\/anoticiaonline.com.br\/site\/#organization"}}]},"og:locale":"pt_BR","og:site_name":"A Not\u00edcia Online - Noticias de Muria\u00e9 e regi\u00e3o","og:type":"article","og:title":"CDL leva pr\u00eamio \u201cDestaque de 2018\u201d por sua atua\u00e7\u00e3o no fomento do com\u00e9rcio - A Not\u00edcia Online","og:description":"A C\u00e2mara de Dirigentes Lojistas (CDL) de Muria\u00e9 foi escolhida um dos \u201cDestaques de 2018\u201d pelo Jornal A Not\u00edcia. Com atua\u00e7\u00e3o irrepar\u00e1vel em a\u00e7\u00f5es promocionais, palestras, cursos e capacita\u00e7\u00f5es, a entidade trabalha diariamente para fomentar o com\u00e9rcio muriaeense, auxiliando e atuando ao lado dos empres\u00e1rios da cidade para buscar sempre os melhores resultados. Atuando em","og:url":"https:\/\/anoticiaonline.com.br\/site\/cdl-leva-premio-destaque-de-2018-por-sua-atuacao-no-fomento-do-comercio\/","og:image":"https:\/\/scontent-gig4-1.xx.fbcdn.net\/v\/t39.30808-1\/270437624_4564083193639691_6907940295614233970_n.jpg?stp=dst-jpg_s200x200_tt6&#038;_nc_cat=111&#038;ccb=1-7&#038;_nc_sid=f907e8&#038;_nc_ohc=SM1wRlP3lJwQ7kNvwEPuBYA&#038;_nc_oc=AdnqrjDN_BNjSSHWO-GbkIWH6fkGMLw4bqvL_NH6e2wMveX7G-rP2dAqsDSq1mJMOaY&#038;_nc_zt=24&#038;_nc_ht=scontent-gig4-1.xx&#038;_nc_gid=AoBFJeGrT1hVaew_6rchkQ&#038;oh=00_AfX7QmFGhQhG2jAllVgXCiM1ZrWgvtp80-Bfppyexh1QEg&#038;oe=689E923C","og:image:secure_url":"https:\/\/scontent-gig4-1.xx.fbcdn.net\/v\/t39.30808-1\/270437624_4564083193639691_6907940295614233970_n.jpg?stp=dst-jpg_s200x200_tt6&#038;_nc_cat=111&#038;ccb=1-7&#038;_nc_sid=f907e8&#038;_nc_ohc=SM1wRlP3lJwQ7kNvwEPuBYA&#038;_nc_oc=AdnqrjDN_BNjSSHWO-GbkIWH6fkGMLw4bqvL_NH6e2wMveX7G-rP2dAqsDSq1mJMOaY&#038;_nc_zt=24&#038;_nc_ht=scontent-gig4-1.xx&#038;_nc_gid=AoBFJeGrT1hVaew_6rchkQ&#038;oh=00_AfX7QmFGhQhG2jAllVgXCiM1ZrWgvtp80-Bfppyexh1QEg&#038;oe=689E923C","article:published_time":"2019-02-15T20:00:21+00:00","article:modified_time":"2019-02-15T13:58:42+00:00","twitter:card":"summary_large_image","twitter:title":"CDL leva pr\u00eamio \u201cDestaque de 2018\u201d por sua atua\u00e7\u00e3o no fomento do com\u00e9rcio - A Not\u00edcia Online","twitter:description":"A C\u00e2mara de Dirigentes Lojistas (CDL) de Muria\u00e9 foi escolhida um dos \u201cDestaques de 2018\u201d pelo Jornal A Not\u00edcia. Com atua\u00e7\u00e3o irrepar\u00e1vel em a\u00e7\u00f5es promocionais, palestras, cursos e capacita\u00e7\u00f5es, a entidade trabalha diariamente para fomentar o com\u00e9rcio muriaeense, auxiliando e atuando ao lado dos empres\u00e1rios da cidade para buscar sempre os melhores resultados. Atuando em","twitter:image":"https:\/\/scontent-gig4-1.xx.fbcdn.net\/v\/t39.30808-1\/270437624_4564083193639691_6907940295614233970_n.jpg?stp=dst-jpg_s200x200_tt6&_nc_cat=111&ccb=1-7&_nc_sid=f907e8&_nc_ohc=SM1wRlP3lJwQ7kNvwEPuBYA&_nc_oc=AdnqrjDN_BNjSSHWO-GbkIWH6fkGMLw4bqvL_NH6e2wMveX7G-rP2dAqsDSq1mJMOaY&_nc_zt=24&_nc_ht=scontent-gig4-1.xx&_nc_gid=AoBFJeGrT1hVaew_6rchkQ&oh=00_AfX7QmFGhQhG2jAllVgXCiM1ZrWgvtp80-Bfppyexh1QEg&oe=689E923C"},"aioseo_meta_data":{"post_id":"67219","title":null,"description":null,"keywords":null,"keyphrases":null,"primary_term":null,"canonical_url":null,"og_title":null,"og_description":null,"og_object_type":"default","og_image_type":"default","og_image_url":null,"og_image_width":null,"og_image_height":null,"og_image_custom_url":null,"og_image_custom_fields":null,"og_video":null,"og_custom_url":null,"og_article_section":null,"og_article_tags":null,"twitter_use_og":false,"twitter_card":"default","twitter_image_type":"default","twitter_image_url":null,"twitter_image_custom_url":null,"twitter_image_custom_fields":null,"twitter_title":null,"twitter_description":null,"schema":{"blockGraphs":[],"customGraphs":[],"default":{"data":{"Article":[],"Course":[],"Dataset":[],"FAQPage":[],"Movie":[],"Person":[],"Product":[],"ProductReview":[],"Car":[],"Recipe":[],"Service":[],"SoftwareApplication":[],"WebPage":[]},"graphName":"","isEnabled":true},"graphs":[]},"schema_type":"default","schema_type_options":null,"pillar_content":false,"robots_default":true,"robots_noindex":false,"robots_noarchive":false,"robots_nosnippet":false,"robots_nofollow":false,"robots_noimageindex":false,"robots_noodp":false,"robots_notranslate":false,"robots_max_snippet":null,"robots_max_videopreview":null,"robots_max_imagepreview":"large","priority":null,"frequency":null,"local_seo":null,"breadcrumb_settings":null,"limit_modified_date":false,"ai":null,"created":"2025-08-16 22:47:42","updated":"2025-08-16 22:47:42","focus_keyword":null,"additional_keywords":null,"truseo_locale":null,"seo_analyzer_scan_date":null},"aioseo_breadcrumb":"<div class=\"aioseo-breadcrumbs\"><span class=\"aioseo-breadcrumb\">\n\t\t\t<a href=\"https:\/\/anoticiaonline.com.br\/site\" title=\"Home\">Home<\/a>\n\t\t<\/span><span class=\"aioseo-breadcrumb-separator\">&raquo;<\/span><span class=\"aioseo-breadcrumb\">\n\t\t\t<a href=\"https:\/\/anoticiaonline.com.br\/site\/categoria\/muriae\/\" title=\"Blog\">Blog<\/a>\n\t\t<\/span><span class=\"aioseo-breadcrumb-separator\">&raquo;<\/span><span class=\"aioseo-breadcrumb\">\n\t\t\tCDL leva pr\u00eamio \u201cDestaque de 2018\u201d por sua atua\u00e7\u00e3o no fomento do com\u00e9rcio\n\t\t<\/span><\/div>","aioseo_breadcrumb_json":[{"label":"Home","link":"https:\/\/anoticiaonline.com.br\/site"},{"label":"Blog","link":"https:\/\/anoticiaonline.com.br\/site\/categoria\/muriae\/"},{"label":"CDL leva pr\u00eamio \u201cDestaque de 2018\u201d por sua atua\u00e7\u00e3o no fomento do com\u00e9rcio","link":"https:\/\/anoticiaonline.com.br\/site\/cdl-leva-premio-destaque-de-2018-por-sua-atuacao-no-fomento-do-comercio\/"}],"views":140,"_links":{"self":[{"href":"https:\/\/anoticiaonline.com.br\/site\/wp-json\/wp\/v2\/posts\/67219","targetHints":{"allow":["GET"]}}],"collection":[{"href":"https:\/\/anoticiaonline.com.br\/site\/wp-json\/wp\/v2\/posts"}],"about":[{"href":"https:\/\/anoticiaonline.com.br\/site\/wp-json\/wp\/v2\/types\/post"}],"author":[{"embeddable":true,"href":"https:\/\/anoticiaonline.com.br\/site\/wp-json\/wp\/v2\/users\/2"}],"replies":[{"embeddable":true,"href":"https:\/\/anoticiaonline.com.br\/site\/wp-json\/wp\/v2\/comments?post=67219"}],"version-history":[{"count":0,"href":"https:\/\/anoticiaonline.com.br\/site\/wp-json\/wp\/v2\/posts\/67219\/revisions"}],"wp:attachment":[{"href":"https:\/\/anoticiaonline.com.br\/site\/wp-json\/wp\/v2\/media?parent=67219"}],"wp:term":[{"taxonomy":"category","embeddable":true,"href":"https:\/\/anoticiaonline.com.br\/site\/wp-json\/wp\/v2\/categories?post=67219"},{"taxonomy":"post_tag","embeddable":true,"href":"https:\/\/anoticiaonline.com.br\/site\/wp-json\/wp\/v2\/tags?post=67219"}],"curies":[{"name":"wp","href":"https:\/\/api.w.org\/{rel}","templated":true}]}}