{"id":67213,"date":"2019-02-15T15:17:51","date_gmt":"2019-02-15T18:17:51","guid":{"rendered":"http:\/\/anoticiaonline.com.br\/site\/?p=67213"},"modified":"2019-02-14T19:18:12","modified_gmt":"2019-02-14T22:18:12","slug":"lavanderia-lava-leva-surpreende-no-conceito-e-vence-destaques-de-2018","status":"publish","type":"post","link":"https:\/\/anoticiaonline.com.br\/site\/lavanderia-lava-leva-surpreende-no-conceito-e-vence-destaques-de-2018\/","title":{"rendered":"Lavanderia Lava &#038; Leva surpreende no conceito e vence \u201cDestaques de 2018\u201d"},"content":{"rendered":"<p><a href=\"https:\/\/anoticiaonline.com.br\/site\/wp-content\/uploads\/2019\/02\/Lava-e-Leva-Destaque.jpg\"><img fetchpriority=\"high\" decoding=\"async\" class=\"aligncenter size-full wp-image-67214\" src=\"https:\/\/anoticiaonline.com.br\/site\/wp-content\/uploads\/2019\/02\/Lava-e-Leva-Destaque.jpg\" alt=\"\" width=\"706\" height=\"600\" srcset=\"https:\/\/anoticiaonline.com.br\/site\/wp-content\/uploads\/2019\/02\/Lava-e-Leva-Destaque.jpg 706w, https:\/\/anoticiaonline.com.br\/site\/wp-content\/uploads\/2019\/02\/Lava-e-Leva-Destaque-300x255.jpg 300w\" sizes=\"(max-width: 706px) 100vw, 706px\" \/><\/a><\/p>\n<p>Inaugurada h\u00e1 quase dois anos em Muria\u00e9, a Lavanderia Lava &amp; Leva mudou a forma como a cidade se relaciona com suas roupas sujas. Com conceitos absorvidos nos grandes centros, vem conquistando cada vez mais clientes e, por isso, foi eleita um dos \u201cDestaques de 2018\u201d pelo Jornal A Not\u00edcia.<\/p>\n<p>Com mais de 300 unidades espalhadas pelo pa\u00eds, a lavanderia Lava e Leva possui diversos planos, que encaixam nos or\u00e7amentos de fam\u00edlias com duas, tr\u00eas e quatro pessoas, sem esquecer aqueles que moram sozinhos. Al\u00e9m das roupas do dia-a-dia, atende tamb\u00e9m roupas de festa, cal\u00e7ados, mochilas e outros.<\/p>\n<p>Para quem deseja conhecer os servi\u00e7os da Lava e Leva, basta acessar o Facebook da empresa, entrar em contato pelos telefones: 37223218 ou 98846-0006 ou comparecer \u00e0 franquia, que funciona na Rua Eud\u00f3xia Canedo, 12.<\/p>\n","protected":false},"excerpt":{"rendered":"<p>Inaugurada h\u00e1 quase dois anos em Muria\u00e9, a Lavanderia Lava &amp; Leva mudou a forma como a cidade se relaciona com suas roupas sujas. Com conceitos absorvidos nos grandes centros, vem conquistando cada vez mais clientes e, por isso, foi eleita um dos \u201cDestaques de 2018\u201d pelo Jornal A Not\u00edcia. Com mais de 300 unidades &#8230; <a title=\"Lavanderia Lava &#038; Leva surpreende no conceito e vence \u201cDestaques de 2018\u201d\" class=\"read-more\" href=\"https:\/\/anoticiaonline.com.br\/site\/lavanderia-lava-leva-surpreende-no-conceito-e-vence-destaques-de-2018\/\" aria-label=\"Read more about Lavanderia Lava &#038; Leva surpreende no conceito e vence \u201cDestaques de 2018\u201d\">Ler mais<\/a><\/p>\n","protected":false},"author":2,"featured_media":67214,"comment_status":"open","ping_status":"open","sticky":false,"template":"","format":"standard","meta":{"_acf_changed":false,"_monsterinsights_skip_tracking":false,"footnotes":""},"categories":[30,2893],"tags":[1707,3670,3669],"class_list":["post-67213","post","type-post","status-publish","format-standard","has-post-thumbnail","hentry","category-muriae","category-cotidiano","tag-eudoxia-canedo","tag-lava-leva","tag-lavanderia-lava-leva"],"acf":[],"aioseo_notices":[],"aioseo_head":"\n\t\t<!-- All in One SEO 5.0.0.1 - aioseo.com -->\n\t<meta name=\"description\" content=\"Inaugurada h\u00e1 quase dois anos em Muria\u00e9, a Lavanderia Lava &amp; Leva mudou a forma como a cidade se relaciona com suas roupas sujas. Com conceitos absorvidos nos grandes centros, vem conquistando cada vez mais clientes e, por isso, foi eleita um dos \u201cDestaques de 2018\u201d pelo Jornal A Not\u00edcia. Com mais de 300 unidades\" \/>\n\t<meta name=\"robots\" content=\"max-image-preview:large\" \/>\n\t<meta name=\"author\" content=\"Juliana Laviola\"\/>\n\t<link rel=\"canonical\" href=\"https:\/\/anoticiaonline.com.br\/site\/lavanderia-lava-leva-surpreende-no-conceito-e-vence-destaques-de-2018\/\" \/>\n\t<meta name=\"generator\" content=\"All in One SEO (AIOSEO) 5.0.0.1\" \/>\n\t\t<meta property=\"og:locale\" content=\"pt_BR\" \/>\n\t\t<meta property=\"og:site_name\" content=\"A Not\u00edcia Online - Noticias de Muria\u00e9 e regi\u00e3o\" \/>\n\t\t<meta property=\"og:type\" content=\"article\" \/>\n\t\t<meta property=\"og:title\" content=\"Lavanderia Lava &amp; Leva surpreende no conceito e vence \u201cDestaques de 2018\u201d - A Not\u00edcia Online\" \/>\n\t\t<meta property=\"og:description\" content=\"Inaugurada h\u00e1 quase dois anos em Muria\u00e9, a Lavanderia Lava &amp; Leva mudou a forma como a cidade se relaciona com suas roupas sujas. Com conceitos absorvidos nos grandes centros, vem conquistando cada vez mais clientes e, por isso, foi eleita um dos \u201cDestaques de 2018\u201d pelo Jornal A Not\u00edcia. Com mais de 300 unidades\" \/>\n\t\t<meta property=\"og:url\" content=\"https:\/\/anoticiaonline.com.br\/site\/lavanderia-lava-leva-surpreende-no-conceito-e-vence-destaques-de-2018\/\" \/>\n\t\t<meta property=\"og:image\" content=\"https:\/\/scontent-gig4-1.xx.fbcdn.net\/v\/t39.30808-1\/270437624_4564083193639691_6907940295614233970_n.jpg?stp=dst-jpg_s200x200_tt6&#038;_nc_cat=111&#038;ccb=1-7&#038;_nc_sid=f907e8&#038;_nc_ohc=SM1wRlP3lJwQ7kNvwEPuBYA&#038;_nc_oc=AdnqrjDN_BNjSSHWO-GbkIWH6fkGMLw4bqvL_NH6e2wMveX7G-rP2dAqsDSq1mJMOaY&#038;_nc_zt=24&#038;_nc_ht=scontent-gig4-1.xx&#038;_nc_gid=AoBFJeGrT1hVaew_6rchkQ&#038;oh=00_AfX7QmFGhQhG2jAllVgXCiM1ZrWgvtp80-Bfppyexh1QEg&#038;oe=689E923C\" \/>\n\t\t<meta property=\"og:image:secure_url\" content=\"https:\/\/scontent-gig4-1.xx.fbcdn.net\/v\/t39.30808-1\/270437624_4564083193639691_6907940295614233970_n.jpg?stp=dst-jpg_s200x200_tt6&#038;_nc_cat=111&#038;ccb=1-7&#038;_nc_sid=f907e8&#038;_nc_ohc=SM1wRlP3lJwQ7kNvwEPuBYA&#038;_nc_oc=AdnqrjDN_BNjSSHWO-GbkIWH6fkGMLw4bqvL_NH6e2wMveX7G-rP2dAqsDSq1mJMOaY&#038;_nc_zt=24&#038;_nc_ht=scontent-gig4-1.xx&#038;_nc_gid=AoBFJeGrT1hVaew_6rchkQ&#038;oh=00_AfX7QmFGhQhG2jAllVgXCiM1ZrWgvtp80-Bfppyexh1QEg&#038;oe=689E923C\" \/>\n\t\t<meta property=\"article:published_time\" content=\"2019-02-15T18:17:51+00:00\" \/>\n\t\t<meta property=\"article:modified_time\" content=\"2019-02-14T22:18:12+00:00\" \/>\n\t\t<meta name=\"twitter:card\" content=\"summary_large_image\" \/>\n\t\t<meta name=\"twitter:title\" content=\"Lavanderia Lava &amp; Leva surpreende no conceito e vence \u201cDestaques de 2018\u201d - A Not\u00edcia Online\" \/>\n\t\t<meta name=\"twitter:description\" content=\"Inaugurada h\u00e1 quase dois anos em Muria\u00e9, a Lavanderia Lava &amp; Leva mudou a forma como a cidade se relaciona com suas roupas sujas. Com conceitos absorvidos nos grandes centros, vem conquistando cada vez mais clientes e, por isso, foi eleita um dos \u201cDestaques de 2018\u201d pelo Jornal A Not\u00edcia. Com mais de 300 unidades\" \/>\n\t\t<meta name=\"twitter:image\" content=\"https:\/\/scontent-gig4-1.xx.fbcdn.net\/v\/t39.30808-1\/270437624_4564083193639691_6907940295614233970_n.jpg?stp=dst-jpg_s200x200_tt6&amp;_nc_cat=111&amp;ccb=1-7&amp;_nc_sid=f907e8&amp;_nc_ohc=SM1wRlP3lJwQ7kNvwEPuBYA&amp;_nc_oc=AdnqrjDN_BNjSSHWO-GbkIWH6fkGMLw4bqvL_NH6e2wMveX7G-rP2dAqsDSq1mJMOaY&amp;_nc_zt=24&amp;_nc_ht=scontent-gig4-1.xx&amp;_nc_gid=AoBFJeGrT1hVaew_6rchkQ&amp;oh=00_AfX7QmFGhQhG2jAllVgXCiM1ZrWgvtp80-Bfppyexh1QEg&amp;oe=689E923C\" \/>\n\t\t<script type=\"application\/ld+json\" class=\"aioseo-schema\">\n\t\t\t{\"@context\":\"https:\\\/\\\/schema.org\",\"@graph\":[{\"@type\":\"BlogPosting\",\"@id\":\"https:\\\/\\\/anoticiaonline.com.br\\\/site\\\/lavanderia-lava-leva-surpreende-no-conceito-e-vence-destaques-de-2018\\\/#blogposting\",\"name\":\"Lavanderia Lava & Leva surpreende no conceito e vence \\u201cDestaques de 2018\\u201d - A Not\\u00edcia Online\",\"headline\":\"Lavanderia Lava &#038; Leva surpreende no conceito e vence \\u201cDestaques de 2018\\u201d\",\"author\":{\"@id\":\"https:\\\/\\\/anoticiaonline.com.br\\\/site\\\/author\\\/juliana\\\/#author\"},\"publisher\":{\"@id\":\"https:\\\/\\\/anoticiaonline.com.br\\\/site\\\/#organization\"},\"image\":{\"@type\":\"ImageObject\",\"url\":\"https:\\\/\\\/anoticiaonline.com.br\\\/site\\\/wp-content\\\/uploads\\\/2019\\\/02\\\/Lava-e-Leva-Destaque.jpg\",\"width\":706,\"height\":600},\"datePublished\":\"2019-02-15T15:17:51-03:00\",\"dateModified\":\"2019-02-14T19:18:12-03:00\",\"inLanguage\":\"pt-BR\",\"mainEntityOfPage\":{\"@id\":\"https:\\\/\\\/anoticiaonline.com.br\\\/site\\\/lavanderia-lava-leva-surpreende-no-conceito-e-vence-destaques-de-2018\\\/#webpage\"},\"isPartOf\":{\"@id\":\"https:\\\/\\\/anoticiaonline.com.br\\\/site\\\/lavanderia-lava-leva-surpreende-no-conceito-e-vence-destaques-de-2018\\\/#webpage\"},\"articleSection\":\"Blog, Cotidiano, Eud\\u00f3xia Can\\u00eado, Lava &amp; Leva, Lavanderia Lava &amp; Leva\"},{\"@type\":\"BreadcrumbList\",\"@id\":\"https:\\\/\\\/anoticiaonline.com.br\\\/site\\\/lavanderia-lava-leva-surpreende-no-conceito-e-vence-destaques-de-2018\\\/#breadcrumblist\",\"itemListElement\":[{\"@type\":\"ListItem\",\"@id\":\"https:\\\/\\\/anoticiaonline.com.br\\\/site#listItem\",\"position\":1,\"name\":\"Home\",\"item\":\"https:\\\/\\\/anoticiaonline.com.br\\\/site\",\"nextItem\":{\"@type\":\"ListItem\",\"@id\":\"https:\\\/\\\/anoticiaonline.com.br\\\/site\\\/categoria\\\/muriae\\\/#listItem\",\"name\":\"Blog\"}},{\"@type\":\"ListItem\",\"@id\":\"https:\\\/\\\/anoticiaonline.com.br\\\/site\\\/categoria\\\/muriae\\\/#listItem\",\"position\":2,\"name\":\"Blog\",\"item\":\"https:\\\/\\\/anoticiaonline.com.br\\\/site\\\/categoria\\\/muriae\\\/\",\"nextItem\":{\"@type\":\"ListItem\",\"@id\":\"https:\\\/\\\/anoticiaonline.com.br\\\/site\\\/categoria\\\/muriae\\\/cotidiano\\\/#listItem\",\"name\":\"Cotidiano\"},\"previousItem\":{\"@type\":\"ListItem\",\"@id\":\"https:\\\/\\\/anoticiaonline.com.br\\\/site#listItem\",\"name\":\"Home\"}},{\"@type\":\"ListItem\",\"@id\":\"https:\\\/\\\/anoticiaonline.com.br\\\/site\\\/categoria\\\/muriae\\\/cotidiano\\\/#listItem\",\"position\":3,\"name\":\"Cotidiano\",\"item\":\"https:\\\/\\\/anoticiaonline.com.br\\\/site\\\/categoria\\\/muriae\\\/cotidiano\\\/\",\"nextItem\":{\"@type\":\"ListItem\",\"@id\":\"https:\\\/\\\/anoticiaonline.com.br\\\/site\\\/lavanderia-lava-leva-surpreende-no-conceito-e-vence-destaques-de-2018\\\/#listItem\",\"name\":\"Lavanderia Lava &#038; Leva surpreende no conceito e vence \\u201cDestaques de 2018\\u201d\"},\"previousItem\":{\"@type\":\"ListItem\",\"@id\":\"https:\\\/\\\/anoticiaonline.com.br\\\/site\\\/categoria\\\/muriae\\\/#listItem\",\"name\":\"Blog\"}},{\"@type\":\"ListItem\",\"@id\":\"https:\\\/\\\/anoticiaonline.com.br\\\/site\\\/lavanderia-lava-leva-surpreende-no-conceito-e-vence-destaques-de-2018\\\/#listItem\",\"position\":4,\"name\":\"Lavanderia Lava &#038; Leva surpreende no conceito e vence \\u201cDestaques de 2018\\u201d\",\"previousItem\":{\"@type\":\"ListItem\",\"@id\":\"https:\\\/\\\/anoticiaonline.com.br\\\/site\\\/categoria\\\/muriae\\\/cotidiano\\\/#listItem\",\"name\":\"Cotidiano\"}}]},{\"@type\":\"Organization\",\"@id\":\"https:\\\/\\\/anoticiaonline.com.br\\\/site\\\/#organization\",\"name\":\"A Not\\u00edcia Online\",\"description\":\"Noticias de Muria\\u00e9 e regi\\u00e3o\",\"url\":\"https:\\\/\\\/anoticiaonline.com.br\\\/site\\\/\",\"logo\":{\"@type\":\"ImageObject\",\"url\":\"https:\\\/\\\/scontent-gig4-1.xx.fbcdn.net\\\/v\\\/t39.30808-1\\\/270437624_4564083193639691_6907940295614233970_n.jpg?stp=dst-jpg_s200x200_tt6&_nc_cat=111&ccb=1-7&_nc_sid=f907e8&_nc_ohc=SM1wRlP3lJwQ7kNvwEPuBYA&_nc_oc=AdnqrjDN_BNjSSHWO-GbkIWH6fkGMLw4bqvL_NH6e2wMveX7G-rP2dAqsDSq1mJMOaY&_nc_zt=24&_nc_ht=scontent-gig4-1.xx&_nc_gid=AoBFJeGrT1hVaew_6rchkQ&oh=00_AfX7QmFGhQhG2jAllVgXCiM1ZrWgvtp80-Bfppyexh1QEg&oe=689E923C\",\"@id\":\"https:\\\/\\\/anoticiaonline.com.br\\\/site\\\/lavanderia-lava-leva-surpreende-no-conceito-e-vence-destaques-de-2018\\\/#organizationLogo\"},\"image\":{\"@id\":\"https:\\\/\\\/anoticiaonline.com.br\\\/site\\\/lavanderia-lava-leva-surpreende-no-conceito-e-vence-destaques-de-2018\\\/#organizationLogo\"}},{\"@type\":\"Person\",\"@id\":\"https:\\\/\\\/anoticiaonline.com.br\\\/site\\\/author\\\/juliana\\\/#author\",\"url\":\"https:\\\/\\\/anoticiaonline.com.br\\\/site\\\/author\\\/juliana\\\/\",\"name\":\"Juliana Laviola\",\"image\":{\"@type\":\"ImageObject\",\"@id\":\"https:\\\/\\\/anoticiaonline.com.br\\\/site\\\/lavanderia-lava-leva-surpreende-no-conceito-e-vence-destaques-de-2018\\\/#authorImage\",\"url\":\"https:\\\/\\\/secure.gravatar.com\\\/avatar\\\/b8d45f5c699b100dfaf0e543582f38f38bf94cb7ae3a5e9abf8d891a34773335?s=96&d=mm&r=g\",\"width\":96,\"height\":96,\"caption\":\"Juliana Laviola\"}},{\"@type\":\"WebPage\",\"@id\":\"https:\\\/\\\/anoticiaonline.com.br\\\/site\\\/lavanderia-lava-leva-surpreende-no-conceito-e-vence-destaques-de-2018\\\/#webpage\",\"url\":\"https:\\\/\\\/anoticiaonline.com.br\\\/site\\\/lavanderia-lava-leva-surpreende-no-conceito-e-vence-destaques-de-2018\\\/\",\"name\":\"Lavanderia Lava & Leva surpreende no conceito e vence \\u201cDestaques de 2018\\u201d - A Not\\u00edcia Online\",\"description\":\"Inaugurada h\\u00e1 quase dois anos em Muria\\u00e9, a Lavanderia Lava & Leva mudou a forma como a cidade se relaciona com suas roupas sujas. Com conceitos absorvidos nos grandes centros, vem conquistando cada vez mais clientes e, por isso, foi eleita um dos \\u201cDestaques de 2018\\u201d pelo Jornal A Not\\u00edcia. Com mais de 300 unidades\",\"inLanguage\":\"pt-BR\",\"isPartOf\":{\"@id\":\"https:\\\/\\\/anoticiaonline.com.br\\\/site\\\/#website\"},\"breadcrumb\":{\"@id\":\"https:\\\/\\\/anoticiaonline.com.br\\\/site\\\/lavanderia-lava-leva-surpreende-no-conceito-e-vence-destaques-de-2018\\\/#breadcrumblist\"},\"author\":{\"@id\":\"https:\\\/\\\/anoticiaonline.com.br\\\/site\\\/author\\\/juliana\\\/#author\"},\"creator\":{\"@id\":\"https:\\\/\\\/anoticiaonline.com.br\\\/site\\\/author\\\/juliana\\\/#author\"},\"image\":{\"@type\":\"ImageObject\",\"url\":\"https:\\\/\\\/anoticiaonline.com.br\\\/site\\\/wp-content\\\/uploads\\\/2019\\\/02\\\/Lava-e-Leva-Destaque.jpg\",\"@id\":\"https:\\\/\\\/anoticiaonline.com.br\\\/site\\\/lavanderia-lava-leva-surpreende-no-conceito-e-vence-destaques-de-2018\\\/#mainImage\",\"width\":706,\"height\":600},\"primaryImageOfPage\":{\"@id\":\"https:\\\/\\\/anoticiaonline.com.br\\\/site\\\/lavanderia-lava-leva-surpreende-no-conceito-e-vence-destaques-de-2018\\\/#mainImage\"},\"datePublished\":\"2019-02-15T15:17:51-03:00\",\"dateModified\":\"2019-02-14T19:18:12-03:00\"},{\"@type\":\"WebSite\",\"@id\":\"https:\\\/\\\/anoticiaonline.com.br\\\/site\\\/#website\",\"url\":\"https:\\\/\\\/anoticiaonline.com.br\\\/site\\\/\",\"name\":\"A Not\\u00edcia Online\",\"description\":\"Noticias de Muria\\u00e9 e regi\\u00e3o\",\"inLanguage\":\"pt-BR\",\"publisher\":{\"@id\":\"https:\\\/\\\/anoticiaonline.com.br\\\/site\\\/#organization\"}}]}\n\t\t<\/script>\n\t\t<!-- All in One SEO -->\n\n","aioseo_head_json":{"title":"Lavanderia Lava & Leva surpreende no conceito e vence \u201cDestaques de 2018\u201d - A Not\u00edcia Online","description":"Inaugurada h\u00e1 quase dois anos em Muria\u00e9, a Lavanderia Lava & Leva mudou a forma como a cidade se relaciona com suas roupas sujas. Com conceitos absorvidos nos grandes centros, vem conquistando cada vez mais clientes e, por isso, foi eleita um dos \u201cDestaques de 2018\u201d pelo Jornal A Not\u00edcia. Com mais de 300 unidades","canonical_url":"https:\/\/anoticiaonline.com.br\/site\/lavanderia-lava-leva-surpreende-no-conceito-e-vence-destaques-de-2018\/","robots":"max-image-preview:large","keywords":"","webmasterTools":{"miscellaneous":""},"schema":{"@context":"https:\/\/schema.org","@graph":[{"@type":"BlogPosting","@id":"https:\/\/anoticiaonline.com.br\/site\/lavanderia-lava-leva-surpreende-no-conceito-e-vence-destaques-de-2018\/#blogposting","name":"Lavanderia Lava & Leva surpreende no conceito e vence \u201cDestaques de 2018\u201d - A Not\u00edcia Online","headline":"Lavanderia Lava &#038; Leva surpreende no conceito e vence \u201cDestaques de 2018\u201d","author":{"@id":"https:\/\/anoticiaonline.com.br\/site\/author\/juliana\/#author"},"publisher":{"@id":"https:\/\/anoticiaonline.com.br\/site\/#organization"},"image":{"@type":"ImageObject","url":"https:\/\/anoticiaonline.com.br\/site\/wp-content\/uploads\/2019\/02\/Lava-e-Leva-Destaque.jpg","width":706,"height":600},"datePublished":"2019-02-15T15:17:51-03:00","dateModified":"2019-02-14T19:18:12-03:00","inLanguage":"pt-BR","mainEntityOfPage":{"@id":"https:\/\/anoticiaonline.com.br\/site\/lavanderia-lava-leva-surpreende-no-conceito-e-vence-destaques-de-2018\/#webpage"},"isPartOf":{"@id":"https:\/\/anoticiaonline.com.br\/site\/lavanderia-lava-leva-surpreende-no-conceito-e-vence-destaques-de-2018\/#webpage"},"articleSection":"Blog, Cotidiano, Eud\u00f3xia Can\u00eado, Lava &amp; Leva, Lavanderia Lava &amp; Leva"},{"@type":"BreadcrumbList","@id":"https:\/\/anoticiaonline.com.br\/site\/lavanderia-lava-leva-surpreende-no-conceito-e-vence-destaques-de-2018\/#breadcrumblist","itemListElement":[{"@type":"ListItem","@id":"https:\/\/anoticiaonline.com.br\/site#listItem","position":1,"name":"Home","item":"https:\/\/anoticiaonline.com.br\/site","nextItem":{"@type":"ListItem","@id":"https:\/\/anoticiaonline.com.br\/site\/categoria\/muriae\/#listItem","name":"Blog"}},{"@type":"ListItem","@id":"https:\/\/anoticiaonline.com.br\/site\/categoria\/muriae\/#listItem","position":2,"name":"Blog","item":"https:\/\/anoticiaonline.com.br\/site\/categoria\/muriae\/","nextItem":{"@type":"ListItem","@id":"https:\/\/anoticiaonline.com.br\/site\/categoria\/muriae\/cotidiano\/#listItem","name":"Cotidiano"},"previousItem":{"@type":"ListItem","@id":"https:\/\/anoticiaonline.com.br\/site#listItem","name":"Home"}},{"@type":"ListItem","@id":"https:\/\/anoticiaonline.com.br\/site\/categoria\/muriae\/cotidiano\/#listItem","position":3,"name":"Cotidiano","item":"https:\/\/anoticiaonline.com.br\/site\/categoria\/muriae\/cotidiano\/","nextItem":{"@type":"ListItem","@id":"https:\/\/anoticiaonline.com.br\/site\/lavanderia-lava-leva-surpreende-no-conceito-e-vence-destaques-de-2018\/#listItem","name":"Lavanderia Lava &#038; Leva surpreende no conceito e vence \u201cDestaques de 2018\u201d"},"previousItem":{"@type":"ListItem","@id":"https:\/\/anoticiaonline.com.br\/site\/categoria\/muriae\/#listItem","name":"Blog"}},{"@type":"ListItem","@id":"https:\/\/anoticiaonline.com.br\/site\/lavanderia-lava-leva-surpreende-no-conceito-e-vence-destaques-de-2018\/#listItem","position":4,"name":"Lavanderia Lava &#038; Leva surpreende no conceito e vence \u201cDestaques de 2018\u201d","previousItem":{"@type":"ListItem","@id":"https:\/\/anoticiaonline.com.br\/site\/categoria\/muriae\/cotidiano\/#listItem","name":"Cotidiano"}}]},{"@type":"Organization","@id":"https:\/\/anoticiaonline.com.br\/site\/#organization","name":"A Not\u00edcia Online","description":"Noticias de Muria\u00e9 e regi\u00e3o","url":"https:\/\/anoticiaonline.com.br\/site\/","logo":{"@type":"ImageObject","url":"https:\/\/scontent-gig4-1.xx.fbcdn.net\/v\/t39.30808-1\/270437624_4564083193639691_6907940295614233970_n.jpg?stp=dst-jpg_s200x200_tt6&_nc_cat=111&ccb=1-7&_nc_sid=f907e8&_nc_ohc=SM1wRlP3lJwQ7kNvwEPuBYA&_nc_oc=AdnqrjDN_BNjSSHWO-GbkIWH6fkGMLw4bqvL_NH6e2wMveX7G-rP2dAqsDSq1mJMOaY&_nc_zt=24&_nc_ht=scontent-gig4-1.xx&_nc_gid=AoBFJeGrT1hVaew_6rchkQ&oh=00_AfX7QmFGhQhG2jAllVgXCiM1ZrWgvtp80-Bfppyexh1QEg&oe=689E923C","@id":"https:\/\/anoticiaonline.com.br\/site\/lavanderia-lava-leva-surpreende-no-conceito-e-vence-destaques-de-2018\/#organizationLogo"},"image":{"@id":"https:\/\/anoticiaonline.com.br\/site\/lavanderia-lava-leva-surpreende-no-conceito-e-vence-destaques-de-2018\/#organizationLogo"}},{"@type":"Person","@id":"https:\/\/anoticiaonline.com.br\/site\/author\/juliana\/#author","url":"https:\/\/anoticiaonline.com.br\/site\/author\/juliana\/","name":"Juliana Laviola","image":{"@type":"ImageObject","@id":"https:\/\/anoticiaonline.com.br\/site\/lavanderia-lava-leva-surpreende-no-conceito-e-vence-destaques-de-2018\/#authorImage","url":"https:\/\/secure.gravatar.com\/avatar\/b8d45f5c699b100dfaf0e543582f38f38bf94cb7ae3a5e9abf8d891a34773335?s=96&d=mm&r=g","width":96,"height":96,"caption":"Juliana Laviola"}},{"@type":"WebPage","@id":"https:\/\/anoticiaonline.com.br\/site\/lavanderia-lava-leva-surpreende-no-conceito-e-vence-destaques-de-2018\/#webpage","url":"https:\/\/anoticiaonline.com.br\/site\/lavanderia-lava-leva-surpreende-no-conceito-e-vence-destaques-de-2018\/","name":"Lavanderia Lava & Leva surpreende no conceito e vence \u201cDestaques de 2018\u201d - A Not\u00edcia Online","description":"Inaugurada h\u00e1 quase dois anos em Muria\u00e9, a Lavanderia Lava & Leva mudou a forma como a cidade se relaciona com suas roupas sujas. Com conceitos absorvidos nos grandes centros, vem conquistando cada vez mais clientes e, por isso, foi eleita um dos \u201cDestaques de 2018\u201d pelo Jornal A Not\u00edcia. Com mais de 300 unidades","inLanguage":"pt-BR","isPartOf":{"@id":"https:\/\/anoticiaonline.com.br\/site\/#website"},"breadcrumb":{"@id":"https:\/\/anoticiaonline.com.br\/site\/lavanderia-lava-leva-surpreende-no-conceito-e-vence-destaques-de-2018\/#breadcrumblist"},"author":{"@id":"https:\/\/anoticiaonline.com.br\/site\/author\/juliana\/#author"},"creator":{"@id":"https:\/\/anoticiaonline.com.br\/site\/author\/juliana\/#author"},"image":{"@type":"ImageObject","url":"https:\/\/anoticiaonline.com.br\/site\/wp-content\/uploads\/2019\/02\/Lava-e-Leva-Destaque.jpg","@id":"https:\/\/anoticiaonline.com.br\/site\/lavanderia-lava-leva-surpreende-no-conceito-e-vence-destaques-de-2018\/#mainImage","width":706,"height":600},"primaryImageOfPage":{"@id":"https:\/\/anoticiaonline.com.br\/site\/lavanderia-lava-leva-surpreende-no-conceito-e-vence-destaques-de-2018\/#mainImage"},"datePublished":"2019-02-15T15:17:51-03:00","dateModified":"2019-02-14T19:18:12-03:00"},{"@type":"WebSite","@id":"https:\/\/anoticiaonline.com.br\/site\/#website","url":"https:\/\/anoticiaonline.com.br\/site\/","name":"A Not\u00edcia Online","description":"Noticias de Muria\u00e9 e regi\u00e3o","inLanguage":"pt-BR","publisher":{"@id":"https:\/\/anoticiaonline.com.br\/site\/#organization"}}]},"og:locale":"pt_BR","og:site_name":"A Not\u00edcia Online - Noticias de Muria\u00e9 e regi\u00e3o","og:type":"article","og:title":"Lavanderia Lava &amp; Leva surpreende no conceito e vence \u201cDestaques de 2018\u201d - A Not\u00edcia Online","og:description":"Inaugurada h\u00e1 quase dois anos em Muria\u00e9, a Lavanderia Lava &amp; Leva mudou a forma como a cidade se relaciona com suas roupas sujas. Com conceitos absorvidos nos grandes centros, vem conquistando cada vez mais clientes e, por isso, foi eleita um dos \u201cDestaques de 2018\u201d pelo Jornal A Not\u00edcia. Com mais de 300 unidades","og:url":"https:\/\/anoticiaonline.com.br\/site\/lavanderia-lava-leva-surpreende-no-conceito-e-vence-destaques-de-2018\/","og:image":"https:\/\/scontent-gig4-1.xx.fbcdn.net\/v\/t39.30808-1\/270437624_4564083193639691_6907940295614233970_n.jpg?stp=dst-jpg_s200x200_tt6&#038;_nc_cat=111&#038;ccb=1-7&#038;_nc_sid=f907e8&#038;_nc_ohc=SM1wRlP3lJwQ7kNvwEPuBYA&#038;_nc_oc=AdnqrjDN_BNjSSHWO-GbkIWH6fkGMLw4bqvL_NH6e2wMveX7G-rP2dAqsDSq1mJMOaY&#038;_nc_zt=24&#038;_nc_ht=scontent-gig4-1.xx&#038;_nc_gid=AoBFJeGrT1hVaew_6rchkQ&#038;oh=00_AfX7QmFGhQhG2jAllVgXCiM1ZrWgvtp80-Bfppyexh1QEg&#038;oe=689E923C","og:image:secure_url":"https:\/\/scontent-gig4-1.xx.fbcdn.net\/v\/t39.30808-1\/270437624_4564083193639691_6907940295614233970_n.jpg?stp=dst-jpg_s200x200_tt6&#038;_nc_cat=111&#038;ccb=1-7&#038;_nc_sid=f907e8&#038;_nc_ohc=SM1wRlP3lJwQ7kNvwEPuBYA&#038;_nc_oc=AdnqrjDN_BNjSSHWO-GbkIWH6fkGMLw4bqvL_NH6e2wMveX7G-rP2dAqsDSq1mJMOaY&#038;_nc_zt=24&#038;_nc_ht=scontent-gig4-1.xx&#038;_nc_gid=AoBFJeGrT1hVaew_6rchkQ&#038;oh=00_AfX7QmFGhQhG2jAllVgXCiM1ZrWgvtp80-Bfppyexh1QEg&#038;oe=689E923C","article:published_time":"2019-02-15T18:17:51+00:00","article:modified_time":"2019-02-14T22:18:12+00:00","twitter:card":"summary_large_image","twitter:title":"Lavanderia Lava &amp; Leva surpreende no conceito e vence \u201cDestaques de 2018\u201d - A Not\u00edcia Online","twitter:description":"Inaugurada h\u00e1 quase dois anos em Muria\u00e9, a Lavanderia Lava &amp; Leva mudou a forma como a cidade se relaciona com suas roupas sujas. Com conceitos absorvidos nos grandes centros, vem conquistando cada vez mais clientes e, por isso, foi eleita um dos \u201cDestaques de 2018\u201d pelo Jornal A Not\u00edcia. Com mais de 300 unidades","twitter:image":"https:\/\/scontent-gig4-1.xx.fbcdn.net\/v\/t39.30808-1\/270437624_4564083193639691_6907940295614233970_n.jpg?stp=dst-jpg_s200x200_tt6&_nc_cat=111&ccb=1-7&_nc_sid=f907e8&_nc_ohc=SM1wRlP3lJwQ7kNvwEPuBYA&_nc_oc=AdnqrjDN_BNjSSHWO-GbkIWH6fkGMLw4bqvL_NH6e2wMveX7G-rP2dAqsDSq1mJMOaY&_nc_zt=24&_nc_ht=scontent-gig4-1.xx&_nc_gid=AoBFJeGrT1hVaew_6rchkQ&oh=00_AfX7QmFGhQhG2jAllVgXCiM1ZrWgvtp80-Bfppyexh1QEg&oe=689E923C"},"aioseo_meta_data":{"post_id":"67213","title":null,"description":null,"keywords":null,"keyphrases":null,"primary_term":null,"canonical_url":null,"og_title":null,"og_description":null,"og_object_type":"default","og_image_type":"default","og_image_url":null,"og_image_width":null,"og_image_height":null,"og_image_custom_url":null,"og_image_custom_fields":null,"og_video":null,"og_custom_url":null,"og_article_section":null,"og_article_tags":null,"twitter_use_og":false,"twitter_card":"default","twitter_image_type":"default","twitter_image_url":null,"twitter_image_custom_url":null,"twitter_image_custom_fields":null,"twitter_title":null,"twitter_description":null,"schema":{"blockGraphs":[],"customGraphs":[],"default":{"data":{"Article":[],"Course":[],"Dataset":[],"FAQPage":[],"Movie":[],"Person":[],"Product":[],"ProductReview":[],"Car":[],"Recipe":[],"Service":[],"SoftwareApplication":[],"WebPage":[]},"graphName":"","isEnabled":true},"graphs":[]},"schema_type":"default","schema_type_options":null,"pillar_content":false,"robots_default":true,"robots_noindex":false,"robots_noarchive":false,"robots_nosnippet":false,"robots_nofollow":false,"robots_noimageindex":false,"robots_noodp":false,"robots_notranslate":false,"robots_max_snippet":null,"robots_max_videopreview":null,"robots_max_imagepreview":"large","priority":null,"frequency":null,"local_seo":null,"breadcrumb_settings":null,"limit_modified_date":false,"ai":null,"created":"2025-08-16 22:46:22","updated":"2025-08-16 22:46:22","focus_keyword":null,"additional_keywords":null,"truseo_locale":null,"seo_analyzer_scan_date":null},"aioseo_breadcrumb":"<div class=\"aioseo-breadcrumbs\"><span class=\"aioseo-breadcrumb\">\n\t\t\t<a href=\"https:\/\/anoticiaonline.com.br\/site\" title=\"Home\">Home<\/a>\n\t\t<\/span><span class=\"aioseo-breadcrumb-separator\">&raquo;<\/span><span class=\"aioseo-breadcrumb\">\n\t\t\t<a href=\"https:\/\/anoticiaonline.com.br\/site\/categoria\/muriae\/\" title=\"Blog\">Blog<\/a>\n\t\t<\/span><span class=\"aioseo-breadcrumb-separator\">&raquo;<\/span><span class=\"aioseo-breadcrumb\">\n\t\t\t<a href=\"https:\/\/anoticiaonline.com.br\/site\/categoria\/muriae\/cotidiano\/\" title=\"Cotidiano\">Cotidiano<\/a>\n\t\t<\/span><span class=\"aioseo-breadcrumb-separator\">&raquo;<\/span><span class=\"aioseo-breadcrumb\">\n\t\t\tLavanderia Lava &amp; Leva surpreende no conceito e vence \u201cDestaques de 2018\u201d\n\t\t<\/span><\/div>","aioseo_breadcrumb_json":[{"label":"Home","link":"https:\/\/anoticiaonline.com.br\/site"},{"label":"Blog","link":"https:\/\/anoticiaonline.com.br\/site\/categoria\/muriae\/"},{"label":"Cotidiano","link":"https:\/\/anoticiaonline.com.br\/site\/categoria\/muriae\/cotidiano\/"},{"label":"Lavanderia Lava &#038; Leva surpreende no conceito e vence \u201cDestaques de 2018\u201d","link":"https:\/\/anoticiaonline.com.br\/site\/lavanderia-lava-leva-surpreende-no-conceito-e-vence-destaques-de-2018\/"}],"views":154,"_links":{"self":[{"href":"https:\/\/anoticiaonline.com.br\/site\/wp-json\/wp\/v2\/posts\/67213","targetHints":{"allow":["GET"]}}],"collection":[{"href":"https:\/\/anoticiaonline.com.br\/site\/wp-json\/wp\/v2\/posts"}],"about":[{"href":"https:\/\/anoticiaonline.com.br\/site\/wp-json\/wp\/v2\/types\/post"}],"author":[{"embeddable":true,"href":"https:\/\/anoticiaonline.com.br\/site\/wp-json\/wp\/v2\/users\/2"}],"replies":[{"embeddable":true,"href":"https:\/\/anoticiaonline.com.br\/site\/wp-json\/wp\/v2\/comments?post=67213"}],"version-history":[{"count":0,"href":"https:\/\/anoticiaonline.com.br\/site\/wp-json\/wp\/v2\/posts\/67213\/revisions"}],"wp:featuredmedia":[{"embeddable":true,"href":"https:\/\/anoticiaonline.com.br\/site\/wp-json\/wp\/v2\/media\/67214"}],"wp:attachment":[{"href":"https:\/\/anoticiaonline.com.br\/site\/wp-json\/wp\/v2\/media?parent=67213"}],"wp:term":[{"taxonomy":"category","embeddable":true,"href":"https:\/\/anoticiaonline.com.br\/site\/wp-json\/wp\/v2\/categories?post=67213"},{"taxonomy":"post_tag","embeddable":true,"href":"https:\/\/anoticiaonline.com.br\/site\/wp-json\/wp\/v2\/tags?post=67213"}],"curies":[{"name":"wp","href":"https:\/\/api.w.org\/{rel}","templated":true}]}}