{"id":67201,"date":"2019-02-14T19:00:18","date_gmt":"2019-02-14T22:00:18","guid":{"rendered":"http:\/\/anoticiaonline.com.br\/site\/?p=67201"},"modified":"2019-02-14T19:00:18","modified_gmt":"2019-02-14T22:00:18","slug":"recem-inaugurado-14-engenharia-e-design-de-interiores-e-eleito-destaque-de-2018","status":"publish","type":"post","link":"https:\/\/anoticiaonline.com.br\/site\/recem-inaugurado-14-engenharia-e-design-de-interiores-e-eleito-destaque-de-2018\/","title":{"rendered":"Rec\u00e9m-inaugurado, .14 Engenharia e Design de Interiores \u00e9 eleito \u201cDestaque de 2018\u201d"},"content":{"rendered":"<p><a href=\"https:\/\/anoticiaonline.com.br\/site\/wp-content\/uploads\/2019\/02\/Ponto-14-Destaque.jpg\"><img fetchpriority=\"high\" decoding=\"async\" class=\"aligncenter wp-image-67202 size-full\" src=\"https:\/\/anoticiaonline.com.br\/site\/wp-content\/uploads\/2019\/02\/Ponto-14-Destaque.jpg\" alt=\"\" width=\"705\" height=\"600\" srcset=\"https:\/\/anoticiaonline.com.br\/site\/wp-content\/uploads\/2019\/02\/Ponto-14-Destaque.jpg 705w, https:\/\/anoticiaonline.com.br\/site\/wp-content\/uploads\/2019\/02\/Ponto-14-Destaque-300x255.jpg 300w\" sizes=\"(max-width: 705px) 100vw, 705px\" \/><\/a>Inaugurada em outubro de 2018, o escrit\u00f3rio .14 Engenharia e Design de Interiores j\u00e1 nasceu como um grande sucesso em Muria\u00e9. Unificando toda a elabora\u00e7\u00e3o e execu\u00e7\u00e3o de projetos, desde a parte estrutural at\u00e9 a decora\u00e7\u00e3o de seu interior, o empreendimento vem transformando sonhos em realidade para seus clientes. Por isso, o .14 foi eleito um dos \u201cDestaques de 2018\u201d pelo Jornal A Not\u00edcia.<\/p>\n<p><!--more--><\/p>\n<p>Com uma equipe multiprofissional de extrema qualidade, contando com a design de interiores Monique Porto de Faria e seu marido Luiz Augusto de Almeida, propriet\u00e1rios do escrit\u00f3rio .14, a estudante do \u00faltimo ano de arquiteta Bianca, com grande experi\u00eancia no ramo de constru\u00e7\u00e3o civil, e a engenheira civil Ana Beatriz, o escrit\u00f3rio atende a todas as demandas de seus clientes com agilidade e prontid\u00e3o, gra\u00e7as \u00e0 experi\u00eancia desta equipe.<\/p>\n<p>Desta forma, o cliente n\u00e3o tem a necessidade de buscar v\u00e1rios profissionais para ver seu projeto sair do papel: o .14 acompanha e desenvolve cada uma das etapas, participando at\u00e9 da instala\u00e7\u00e3o de gesso, ilumina\u00e7\u00e3o e mobili\u00e1rio. O escrit\u00f3rio .14 Engenharia e Design de Interiores est\u00e1 localizado \u00e0 Rua S\u00e3o Pedro, n\u00famero 253, loja 4, no Centro da cidade. Hor\u00e1rio de funcionamento: de segunda \u00e0 sexta, das 8h \u00e0s 18h. Telefone: (32) 98864-0334.<\/p>\n","protected":false},"excerpt":{"rendered":"<p>Inaugurada em outubro de 2018, o escrit\u00f3rio .14 Engenharia e Design de Interiores j\u00e1 nasceu como um grande sucesso em Muria\u00e9. Unificando toda a elabora\u00e7\u00e3o e execu\u00e7\u00e3o de projetos, desde a parte estrutural at\u00e9 a decora\u00e7\u00e3o de seu interior, o empreendimento vem transformando sonhos em realidade para seus clientes. Por isso, o .14 foi eleito &#8230; <a title=\"Rec\u00e9m-inaugurado, .14 Engenharia e Design de Interiores \u00e9 eleito \u201cDestaque de 2018\u201d\" class=\"read-more\" href=\"https:\/\/anoticiaonline.com.br\/site\/recem-inaugurado-14-engenharia-e-design-de-interiores-e-eleito-destaque-de-2018\/\" aria-label=\"Read more about Rec\u00e9m-inaugurado, .14 Engenharia e Design de Interiores \u00e9 eleito \u201cDestaque de 2018\u201d\">Ler mais<\/a><\/p>\n","protected":false},"author":2,"featured_media":67202,"comment_status":"open","ping_status":"open","sticky":false,"template":"","format":"standard","meta":{"_acf_changed":false,"_monsterinsights_skip_tracking":false,"footnotes":""},"categories":[30,6],"tags":[3505,3336,3335],"class_list":["post-67201","post","type-post","status-publish","format-standard","has-post-thumbnail","hentry","category-muriae","category-regiao","tag-3505","tag-14-engenharia-e-design-de-interiores","tag-monique-porto-de-faria"],"acf":[],"aioseo_notices":[],"aioseo_head":"\n\t\t<!-- All in One SEO 5.0.0.1 - aioseo.com -->\n\t<meta name=\"description\" content=\"Inaugurada em outubro de 2018, o escrit\u00f3rio .14 Engenharia e Design de Interiores j\u00e1 nasceu como um grande sucesso em Muria\u00e9. Unificando toda a elabora\u00e7\u00e3o e execu\u00e7\u00e3o de projetos, desde a parte estrutural at\u00e9 a decora\u00e7\u00e3o de seu interior, o empreendimento vem transformando sonhos em realidade para seus clientes. Por isso, o .14 foi eleito\" \/>\n\t<meta name=\"robots\" content=\"max-image-preview:large\" \/>\n\t<meta name=\"author\" content=\"Juliana Laviola\"\/>\n\t<link rel=\"canonical\" href=\"https:\/\/anoticiaonline.com.br\/site\/recem-inaugurado-14-engenharia-e-design-de-interiores-e-eleito-destaque-de-2018\/\" \/>\n\t<meta name=\"generator\" content=\"All in One SEO (AIOSEO) 5.0.0.1\" \/>\n\t\t<meta property=\"og:locale\" content=\"pt_BR\" \/>\n\t\t<meta property=\"og:site_name\" content=\"A Not\u00edcia Online - Noticias de Muria\u00e9 e regi\u00e3o\" \/>\n\t\t<meta property=\"og:type\" content=\"article\" \/>\n\t\t<meta property=\"og:title\" content=\"Rec\u00e9m-inaugurado, .14 Engenharia e Design de Interiores \u00e9 eleito \u201cDestaque de 2018\u201d - A Not\u00edcia Online\" \/>\n\t\t<meta property=\"og:description\" content=\"Inaugurada em outubro de 2018, o escrit\u00f3rio .14 Engenharia e Design de Interiores j\u00e1 nasceu como um grande sucesso em Muria\u00e9. Unificando toda a elabora\u00e7\u00e3o e execu\u00e7\u00e3o de projetos, desde a parte estrutural at\u00e9 a decora\u00e7\u00e3o de seu interior, o empreendimento vem transformando sonhos em realidade para seus clientes. Por isso, o .14 foi eleito\" \/>\n\t\t<meta property=\"og:url\" content=\"https:\/\/anoticiaonline.com.br\/site\/recem-inaugurado-14-engenharia-e-design-de-interiores-e-eleito-destaque-de-2018\/\" \/>\n\t\t<meta property=\"og:image\" content=\"https:\/\/scontent-gig4-1.xx.fbcdn.net\/v\/t39.30808-1\/270437624_4564083193639691_6907940295614233970_n.jpg?stp=dst-jpg_s200x200_tt6&#038;_nc_cat=111&#038;ccb=1-7&#038;_nc_sid=f907e8&#038;_nc_ohc=SM1wRlP3lJwQ7kNvwEPuBYA&#038;_nc_oc=AdnqrjDN_BNjSSHWO-GbkIWH6fkGMLw4bqvL_NH6e2wMveX7G-rP2dAqsDSq1mJMOaY&#038;_nc_zt=24&#038;_nc_ht=scontent-gig4-1.xx&#038;_nc_gid=AoBFJeGrT1hVaew_6rchkQ&#038;oh=00_AfX7QmFGhQhG2jAllVgXCiM1ZrWgvtp80-Bfppyexh1QEg&#038;oe=689E923C\" \/>\n\t\t<meta property=\"og:image:secure_url\" content=\"https:\/\/scontent-gig4-1.xx.fbcdn.net\/v\/t39.30808-1\/270437624_4564083193639691_6907940295614233970_n.jpg?stp=dst-jpg_s200x200_tt6&#038;_nc_cat=111&#038;ccb=1-7&#038;_nc_sid=f907e8&#038;_nc_ohc=SM1wRlP3lJwQ7kNvwEPuBYA&#038;_nc_oc=AdnqrjDN_BNjSSHWO-GbkIWH6fkGMLw4bqvL_NH6e2wMveX7G-rP2dAqsDSq1mJMOaY&#038;_nc_zt=24&#038;_nc_ht=scontent-gig4-1.xx&#038;_nc_gid=AoBFJeGrT1hVaew_6rchkQ&#038;oh=00_AfX7QmFGhQhG2jAllVgXCiM1ZrWgvtp80-Bfppyexh1QEg&#038;oe=689E923C\" \/>\n\t\t<meta property=\"article:published_time\" content=\"2019-02-14T22:00:18+00:00\" \/>\n\t\t<meta property=\"article:modified_time\" content=\"2019-02-14T22:00:18+00:00\" \/>\n\t\t<meta name=\"twitter:card\" content=\"summary_large_image\" \/>\n\t\t<meta name=\"twitter:title\" content=\"Rec\u00e9m-inaugurado, .14 Engenharia e Design de Interiores \u00e9 eleito \u201cDestaque de 2018\u201d - A Not\u00edcia Online\" \/>\n\t\t<meta name=\"twitter:description\" content=\"Inaugurada em outubro de 2018, o escrit\u00f3rio .14 Engenharia e Design de Interiores j\u00e1 nasceu como um grande sucesso em Muria\u00e9. Unificando toda a elabora\u00e7\u00e3o e execu\u00e7\u00e3o de projetos, desde a parte estrutural at\u00e9 a decora\u00e7\u00e3o de seu interior, o empreendimento vem transformando sonhos em realidade para seus clientes. Por isso, o .14 foi eleito\" \/>\n\t\t<meta name=\"twitter:image\" content=\"https:\/\/scontent-gig4-1.xx.fbcdn.net\/v\/t39.30808-1\/270437624_4564083193639691_6907940295614233970_n.jpg?stp=dst-jpg_s200x200_tt6&amp;_nc_cat=111&amp;ccb=1-7&amp;_nc_sid=f907e8&amp;_nc_ohc=SM1wRlP3lJwQ7kNvwEPuBYA&amp;_nc_oc=AdnqrjDN_BNjSSHWO-GbkIWH6fkGMLw4bqvL_NH6e2wMveX7G-rP2dAqsDSq1mJMOaY&amp;_nc_zt=24&amp;_nc_ht=scontent-gig4-1.xx&amp;_nc_gid=AoBFJeGrT1hVaew_6rchkQ&amp;oh=00_AfX7QmFGhQhG2jAllVgXCiM1ZrWgvtp80-Bfppyexh1QEg&amp;oe=689E923C\" \/>\n\t\t<script type=\"application\/ld+json\" class=\"aioseo-schema\">\n\t\t\t{\"@context\":\"https:\\\/\\\/schema.org\",\"@graph\":[{\"@type\":\"BlogPosting\",\"@id\":\"https:\\\/\\\/anoticiaonline.com.br\\\/site\\\/recem-inaugurado-14-engenharia-e-design-de-interiores-e-eleito-destaque-de-2018\\\/#blogposting\",\"name\":\"Rec\\u00e9m-inaugurado, .14 Engenharia e Design de Interiores \\u00e9 eleito \\u201cDestaque de 2018\\u201d - A Not\\u00edcia Online\",\"headline\":\"Rec\\u00e9m-inaugurado, .14 Engenharia e Design de Interiores \\u00e9 eleito \\u201cDestaque de 2018\\u201d\",\"author\":{\"@id\":\"https:\\\/\\\/anoticiaonline.com.br\\\/site\\\/author\\\/juliana\\\/#author\"},\"publisher\":{\"@id\":\"https:\\\/\\\/anoticiaonline.com.br\\\/site\\\/#organization\"},\"image\":{\"@type\":\"ImageObject\",\"url\":\"https:\\\/\\\/anoticiaonline.com.br\\\/site\\\/wp-content\\\/uploads\\\/2019\\\/02\\\/Ponto-14-Destaque.jpg\",\"width\":705,\"height\":600},\"datePublished\":\"2019-02-14T19:00:18-03:00\",\"dateModified\":\"2019-02-14T19:00:18-03:00\",\"inLanguage\":\"pt-BR\",\"mainEntityOfPage\":{\"@id\":\"https:\\\/\\\/anoticiaonline.com.br\\\/site\\\/recem-inaugurado-14-engenharia-e-design-de-interiores-e-eleito-destaque-de-2018\\\/#webpage\"},\"isPartOf\":{\"@id\":\"https:\\\/\\\/anoticiaonline.com.br\\\/site\\\/recem-inaugurado-14-engenharia-e-design-de-interiores-e-eleito-destaque-de-2018\\\/#webpage\"},\"articleSection\":\"Blog, Regi\\u00e3o, .14, .14 Engenharia e Design de Interiores, Monique Porto de Faria\"},{\"@type\":\"BreadcrumbList\",\"@id\":\"https:\\\/\\\/anoticiaonline.com.br\\\/site\\\/recem-inaugurado-14-engenharia-e-design-de-interiores-e-eleito-destaque-de-2018\\\/#breadcrumblist\",\"itemListElement\":[{\"@type\":\"ListItem\",\"@id\":\"https:\\\/\\\/anoticiaonline.com.br\\\/site#listItem\",\"position\":1,\"name\":\"Home\",\"item\":\"https:\\\/\\\/anoticiaonline.com.br\\\/site\",\"nextItem\":{\"@type\":\"ListItem\",\"@id\":\"https:\\\/\\\/anoticiaonline.com.br\\\/site\\\/categoria\\\/regiao\\\/#listItem\",\"name\":\"Regi\\u00e3o\"}},{\"@type\":\"ListItem\",\"@id\":\"https:\\\/\\\/anoticiaonline.com.br\\\/site\\\/categoria\\\/regiao\\\/#listItem\",\"position\":2,\"name\":\"Regi\\u00e3o\",\"item\":\"https:\\\/\\\/anoticiaonline.com.br\\\/site\\\/categoria\\\/regiao\\\/\",\"nextItem\":{\"@type\":\"ListItem\",\"@id\":\"https:\\\/\\\/anoticiaonline.com.br\\\/site\\\/recem-inaugurado-14-engenharia-e-design-de-interiores-e-eleito-destaque-de-2018\\\/#listItem\",\"name\":\"Rec\\u00e9m-inaugurado, .14 Engenharia e Design de Interiores \\u00e9 eleito \\u201cDestaque de 2018\\u201d\"},\"previousItem\":{\"@type\":\"ListItem\",\"@id\":\"https:\\\/\\\/anoticiaonline.com.br\\\/site#listItem\",\"name\":\"Home\"}},{\"@type\":\"ListItem\",\"@id\":\"https:\\\/\\\/anoticiaonline.com.br\\\/site\\\/recem-inaugurado-14-engenharia-e-design-de-interiores-e-eleito-destaque-de-2018\\\/#listItem\",\"position\":3,\"name\":\"Rec\\u00e9m-inaugurado, .14 Engenharia e Design de Interiores \\u00e9 eleito \\u201cDestaque de 2018\\u201d\",\"previousItem\":{\"@type\":\"ListItem\",\"@id\":\"https:\\\/\\\/anoticiaonline.com.br\\\/site\\\/categoria\\\/regiao\\\/#listItem\",\"name\":\"Regi\\u00e3o\"}}]},{\"@type\":\"Organization\",\"@id\":\"https:\\\/\\\/anoticiaonline.com.br\\\/site\\\/#organization\",\"name\":\"A Not\\u00edcia Online\",\"description\":\"Noticias de Muria\\u00e9 e regi\\u00e3o\",\"url\":\"https:\\\/\\\/anoticiaonline.com.br\\\/site\\\/\",\"logo\":{\"@type\":\"ImageObject\",\"url\":\"https:\\\/\\\/scontent-gig4-1.xx.fbcdn.net\\\/v\\\/t39.30808-1\\\/270437624_4564083193639691_6907940295614233970_n.jpg?stp=dst-jpg_s200x200_tt6&_nc_cat=111&ccb=1-7&_nc_sid=f907e8&_nc_ohc=SM1wRlP3lJwQ7kNvwEPuBYA&_nc_oc=AdnqrjDN_BNjSSHWO-GbkIWH6fkGMLw4bqvL_NH6e2wMveX7G-rP2dAqsDSq1mJMOaY&_nc_zt=24&_nc_ht=scontent-gig4-1.xx&_nc_gid=AoBFJeGrT1hVaew_6rchkQ&oh=00_AfX7QmFGhQhG2jAllVgXCiM1ZrWgvtp80-Bfppyexh1QEg&oe=689E923C\",\"@id\":\"https:\\\/\\\/anoticiaonline.com.br\\\/site\\\/recem-inaugurado-14-engenharia-e-design-de-interiores-e-eleito-destaque-de-2018\\\/#organizationLogo\"},\"image\":{\"@id\":\"https:\\\/\\\/anoticiaonline.com.br\\\/site\\\/recem-inaugurado-14-engenharia-e-design-de-interiores-e-eleito-destaque-de-2018\\\/#organizationLogo\"}},{\"@type\":\"Person\",\"@id\":\"https:\\\/\\\/anoticiaonline.com.br\\\/site\\\/author\\\/juliana\\\/#author\",\"url\":\"https:\\\/\\\/anoticiaonline.com.br\\\/site\\\/author\\\/juliana\\\/\",\"name\":\"Juliana Laviola\",\"image\":{\"@type\":\"ImageObject\",\"@id\":\"https:\\\/\\\/anoticiaonline.com.br\\\/site\\\/recem-inaugurado-14-engenharia-e-design-de-interiores-e-eleito-destaque-de-2018\\\/#authorImage\",\"url\":\"https:\\\/\\\/secure.gravatar.com\\\/avatar\\\/b8d45f5c699b100dfaf0e543582f38f38bf94cb7ae3a5e9abf8d891a34773335?s=96&d=mm&r=g\",\"width\":96,\"height\":96,\"caption\":\"Juliana Laviola\"}},{\"@type\":\"WebPage\",\"@id\":\"https:\\\/\\\/anoticiaonline.com.br\\\/site\\\/recem-inaugurado-14-engenharia-e-design-de-interiores-e-eleito-destaque-de-2018\\\/#webpage\",\"url\":\"https:\\\/\\\/anoticiaonline.com.br\\\/site\\\/recem-inaugurado-14-engenharia-e-design-de-interiores-e-eleito-destaque-de-2018\\\/\",\"name\":\"Rec\\u00e9m-inaugurado, .14 Engenharia e Design de Interiores \\u00e9 eleito \\u201cDestaque de 2018\\u201d - A Not\\u00edcia Online\",\"description\":\"Inaugurada em outubro de 2018, o escrit\\u00f3rio .14 Engenharia e Design de Interiores j\\u00e1 nasceu como um grande sucesso em Muria\\u00e9. Unificando toda a elabora\\u00e7\\u00e3o e execu\\u00e7\\u00e3o de projetos, desde a parte estrutural at\\u00e9 a decora\\u00e7\\u00e3o de seu interior, o empreendimento vem transformando sonhos em realidade para seus clientes. Por isso, o .14 foi eleito\",\"inLanguage\":\"pt-BR\",\"isPartOf\":{\"@id\":\"https:\\\/\\\/anoticiaonline.com.br\\\/site\\\/#website\"},\"breadcrumb\":{\"@id\":\"https:\\\/\\\/anoticiaonline.com.br\\\/site\\\/recem-inaugurado-14-engenharia-e-design-de-interiores-e-eleito-destaque-de-2018\\\/#breadcrumblist\"},\"author\":{\"@id\":\"https:\\\/\\\/anoticiaonline.com.br\\\/site\\\/author\\\/juliana\\\/#author\"},\"creator\":{\"@id\":\"https:\\\/\\\/anoticiaonline.com.br\\\/site\\\/author\\\/juliana\\\/#author\"},\"image\":{\"@type\":\"ImageObject\",\"url\":\"https:\\\/\\\/anoticiaonline.com.br\\\/site\\\/wp-content\\\/uploads\\\/2019\\\/02\\\/Ponto-14-Destaque.jpg\",\"@id\":\"https:\\\/\\\/anoticiaonline.com.br\\\/site\\\/recem-inaugurado-14-engenharia-e-design-de-interiores-e-eleito-destaque-de-2018\\\/#mainImage\",\"width\":705,\"height\":600},\"primaryImageOfPage\":{\"@id\":\"https:\\\/\\\/anoticiaonline.com.br\\\/site\\\/recem-inaugurado-14-engenharia-e-design-de-interiores-e-eleito-destaque-de-2018\\\/#mainImage\"},\"datePublished\":\"2019-02-14T19:00:18-03:00\",\"dateModified\":\"2019-02-14T19:00:18-03:00\"},{\"@type\":\"WebSite\",\"@id\":\"https:\\\/\\\/anoticiaonline.com.br\\\/site\\\/#website\",\"url\":\"https:\\\/\\\/anoticiaonline.com.br\\\/site\\\/\",\"name\":\"A Not\\u00edcia Online\",\"description\":\"Noticias de Muria\\u00e9 e regi\\u00e3o\",\"inLanguage\":\"pt-BR\",\"publisher\":{\"@id\":\"https:\\\/\\\/anoticiaonline.com.br\\\/site\\\/#organization\"}}]}\n\t\t<\/script>\n\t\t<!-- All in One SEO -->\n\n","aioseo_head_json":{"title":"Rec\u00e9m-inaugurado, .14 Engenharia e Design de Interiores \u00e9 eleito \u201cDestaque de 2018\u201d - A Not\u00edcia Online","description":"Inaugurada em outubro de 2018, o escrit\u00f3rio .14 Engenharia e Design de Interiores j\u00e1 nasceu como um grande sucesso em Muria\u00e9. Unificando toda a elabora\u00e7\u00e3o e execu\u00e7\u00e3o de projetos, desde a parte estrutural at\u00e9 a decora\u00e7\u00e3o de seu interior, o empreendimento vem transformando sonhos em realidade para seus clientes. Por isso, o .14 foi eleito","canonical_url":"https:\/\/anoticiaonline.com.br\/site\/recem-inaugurado-14-engenharia-e-design-de-interiores-e-eleito-destaque-de-2018\/","robots":"max-image-preview:large","keywords":"","webmasterTools":{"miscellaneous":""},"schema":{"@context":"https:\/\/schema.org","@graph":[{"@type":"BlogPosting","@id":"https:\/\/anoticiaonline.com.br\/site\/recem-inaugurado-14-engenharia-e-design-de-interiores-e-eleito-destaque-de-2018\/#blogposting","name":"Rec\u00e9m-inaugurado, .14 Engenharia e Design de Interiores \u00e9 eleito \u201cDestaque de 2018\u201d - A Not\u00edcia Online","headline":"Rec\u00e9m-inaugurado, .14 Engenharia e Design de Interiores \u00e9 eleito \u201cDestaque de 2018\u201d","author":{"@id":"https:\/\/anoticiaonline.com.br\/site\/author\/juliana\/#author"},"publisher":{"@id":"https:\/\/anoticiaonline.com.br\/site\/#organization"},"image":{"@type":"ImageObject","url":"https:\/\/anoticiaonline.com.br\/site\/wp-content\/uploads\/2019\/02\/Ponto-14-Destaque.jpg","width":705,"height":600},"datePublished":"2019-02-14T19:00:18-03:00","dateModified":"2019-02-14T19:00:18-03:00","inLanguage":"pt-BR","mainEntityOfPage":{"@id":"https:\/\/anoticiaonline.com.br\/site\/recem-inaugurado-14-engenharia-e-design-de-interiores-e-eleito-destaque-de-2018\/#webpage"},"isPartOf":{"@id":"https:\/\/anoticiaonline.com.br\/site\/recem-inaugurado-14-engenharia-e-design-de-interiores-e-eleito-destaque-de-2018\/#webpage"},"articleSection":"Blog, Regi\u00e3o, .14, .14 Engenharia e Design de Interiores, Monique Porto de Faria"},{"@type":"BreadcrumbList","@id":"https:\/\/anoticiaonline.com.br\/site\/recem-inaugurado-14-engenharia-e-design-de-interiores-e-eleito-destaque-de-2018\/#breadcrumblist","itemListElement":[{"@type":"ListItem","@id":"https:\/\/anoticiaonline.com.br\/site#listItem","position":1,"name":"Home","item":"https:\/\/anoticiaonline.com.br\/site","nextItem":{"@type":"ListItem","@id":"https:\/\/anoticiaonline.com.br\/site\/categoria\/regiao\/#listItem","name":"Regi\u00e3o"}},{"@type":"ListItem","@id":"https:\/\/anoticiaonline.com.br\/site\/categoria\/regiao\/#listItem","position":2,"name":"Regi\u00e3o","item":"https:\/\/anoticiaonline.com.br\/site\/categoria\/regiao\/","nextItem":{"@type":"ListItem","@id":"https:\/\/anoticiaonline.com.br\/site\/recem-inaugurado-14-engenharia-e-design-de-interiores-e-eleito-destaque-de-2018\/#listItem","name":"Rec\u00e9m-inaugurado, .14 Engenharia e Design de Interiores \u00e9 eleito \u201cDestaque de 2018\u201d"},"previousItem":{"@type":"ListItem","@id":"https:\/\/anoticiaonline.com.br\/site#listItem","name":"Home"}},{"@type":"ListItem","@id":"https:\/\/anoticiaonline.com.br\/site\/recem-inaugurado-14-engenharia-e-design-de-interiores-e-eleito-destaque-de-2018\/#listItem","position":3,"name":"Rec\u00e9m-inaugurado, .14 Engenharia e Design de Interiores \u00e9 eleito \u201cDestaque de 2018\u201d","previousItem":{"@type":"ListItem","@id":"https:\/\/anoticiaonline.com.br\/site\/categoria\/regiao\/#listItem","name":"Regi\u00e3o"}}]},{"@type":"Organization","@id":"https:\/\/anoticiaonline.com.br\/site\/#organization","name":"A Not\u00edcia Online","description":"Noticias de Muria\u00e9 e regi\u00e3o","url":"https:\/\/anoticiaonline.com.br\/site\/","logo":{"@type":"ImageObject","url":"https:\/\/scontent-gig4-1.xx.fbcdn.net\/v\/t39.30808-1\/270437624_4564083193639691_6907940295614233970_n.jpg?stp=dst-jpg_s200x200_tt6&_nc_cat=111&ccb=1-7&_nc_sid=f907e8&_nc_ohc=SM1wRlP3lJwQ7kNvwEPuBYA&_nc_oc=AdnqrjDN_BNjSSHWO-GbkIWH6fkGMLw4bqvL_NH6e2wMveX7G-rP2dAqsDSq1mJMOaY&_nc_zt=24&_nc_ht=scontent-gig4-1.xx&_nc_gid=AoBFJeGrT1hVaew_6rchkQ&oh=00_AfX7QmFGhQhG2jAllVgXCiM1ZrWgvtp80-Bfppyexh1QEg&oe=689E923C","@id":"https:\/\/anoticiaonline.com.br\/site\/recem-inaugurado-14-engenharia-e-design-de-interiores-e-eleito-destaque-de-2018\/#organizationLogo"},"image":{"@id":"https:\/\/anoticiaonline.com.br\/site\/recem-inaugurado-14-engenharia-e-design-de-interiores-e-eleito-destaque-de-2018\/#organizationLogo"}},{"@type":"Person","@id":"https:\/\/anoticiaonline.com.br\/site\/author\/juliana\/#author","url":"https:\/\/anoticiaonline.com.br\/site\/author\/juliana\/","name":"Juliana Laviola","image":{"@type":"ImageObject","@id":"https:\/\/anoticiaonline.com.br\/site\/recem-inaugurado-14-engenharia-e-design-de-interiores-e-eleito-destaque-de-2018\/#authorImage","url":"https:\/\/secure.gravatar.com\/avatar\/b8d45f5c699b100dfaf0e543582f38f38bf94cb7ae3a5e9abf8d891a34773335?s=96&d=mm&r=g","width":96,"height":96,"caption":"Juliana Laviola"}},{"@type":"WebPage","@id":"https:\/\/anoticiaonline.com.br\/site\/recem-inaugurado-14-engenharia-e-design-de-interiores-e-eleito-destaque-de-2018\/#webpage","url":"https:\/\/anoticiaonline.com.br\/site\/recem-inaugurado-14-engenharia-e-design-de-interiores-e-eleito-destaque-de-2018\/","name":"Rec\u00e9m-inaugurado, .14 Engenharia e Design de Interiores \u00e9 eleito \u201cDestaque de 2018\u201d - A Not\u00edcia Online","description":"Inaugurada em outubro de 2018, o escrit\u00f3rio .14 Engenharia e Design de Interiores j\u00e1 nasceu como um grande sucesso em Muria\u00e9. Unificando toda a elabora\u00e7\u00e3o e execu\u00e7\u00e3o de projetos, desde a parte estrutural at\u00e9 a decora\u00e7\u00e3o de seu interior, o empreendimento vem transformando sonhos em realidade para seus clientes. Por isso, o .14 foi eleito","inLanguage":"pt-BR","isPartOf":{"@id":"https:\/\/anoticiaonline.com.br\/site\/#website"},"breadcrumb":{"@id":"https:\/\/anoticiaonline.com.br\/site\/recem-inaugurado-14-engenharia-e-design-de-interiores-e-eleito-destaque-de-2018\/#breadcrumblist"},"author":{"@id":"https:\/\/anoticiaonline.com.br\/site\/author\/juliana\/#author"},"creator":{"@id":"https:\/\/anoticiaonline.com.br\/site\/author\/juliana\/#author"},"image":{"@type":"ImageObject","url":"https:\/\/anoticiaonline.com.br\/site\/wp-content\/uploads\/2019\/02\/Ponto-14-Destaque.jpg","@id":"https:\/\/anoticiaonline.com.br\/site\/recem-inaugurado-14-engenharia-e-design-de-interiores-e-eleito-destaque-de-2018\/#mainImage","width":705,"height":600},"primaryImageOfPage":{"@id":"https:\/\/anoticiaonline.com.br\/site\/recem-inaugurado-14-engenharia-e-design-de-interiores-e-eleito-destaque-de-2018\/#mainImage"},"datePublished":"2019-02-14T19:00:18-03:00","dateModified":"2019-02-14T19:00:18-03:00"},{"@type":"WebSite","@id":"https:\/\/anoticiaonline.com.br\/site\/#website","url":"https:\/\/anoticiaonline.com.br\/site\/","name":"A Not\u00edcia Online","description":"Noticias de Muria\u00e9 e regi\u00e3o","inLanguage":"pt-BR","publisher":{"@id":"https:\/\/anoticiaonline.com.br\/site\/#organization"}}]},"og:locale":"pt_BR","og:site_name":"A Not\u00edcia Online - Noticias de Muria\u00e9 e regi\u00e3o","og:type":"article","og:title":"Rec\u00e9m-inaugurado, .14 Engenharia e Design de Interiores \u00e9 eleito \u201cDestaque de 2018\u201d - A Not\u00edcia Online","og:description":"Inaugurada em outubro de 2018, o escrit\u00f3rio .14 Engenharia e Design de Interiores j\u00e1 nasceu como um grande sucesso em Muria\u00e9. Unificando toda a elabora\u00e7\u00e3o e execu\u00e7\u00e3o de projetos, desde a parte estrutural at\u00e9 a decora\u00e7\u00e3o de seu interior, o empreendimento vem transformando sonhos em realidade para seus clientes. Por isso, o .14 foi eleito","og:url":"https:\/\/anoticiaonline.com.br\/site\/recem-inaugurado-14-engenharia-e-design-de-interiores-e-eleito-destaque-de-2018\/","og:image":"https:\/\/scontent-gig4-1.xx.fbcdn.net\/v\/t39.30808-1\/270437624_4564083193639691_6907940295614233970_n.jpg?stp=dst-jpg_s200x200_tt6&#038;_nc_cat=111&#038;ccb=1-7&#038;_nc_sid=f907e8&#038;_nc_ohc=SM1wRlP3lJwQ7kNvwEPuBYA&#038;_nc_oc=AdnqrjDN_BNjSSHWO-GbkIWH6fkGMLw4bqvL_NH6e2wMveX7G-rP2dAqsDSq1mJMOaY&#038;_nc_zt=24&#038;_nc_ht=scontent-gig4-1.xx&#038;_nc_gid=AoBFJeGrT1hVaew_6rchkQ&#038;oh=00_AfX7QmFGhQhG2jAllVgXCiM1ZrWgvtp80-Bfppyexh1QEg&#038;oe=689E923C","og:image:secure_url":"https:\/\/scontent-gig4-1.xx.fbcdn.net\/v\/t39.30808-1\/270437624_4564083193639691_6907940295614233970_n.jpg?stp=dst-jpg_s200x200_tt6&#038;_nc_cat=111&#038;ccb=1-7&#038;_nc_sid=f907e8&#038;_nc_ohc=SM1wRlP3lJwQ7kNvwEPuBYA&#038;_nc_oc=AdnqrjDN_BNjSSHWO-GbkIWH6fkGMLw4bqvL_NH6e2wMveX7G-rP2dAqsDSq1mJMOaY&#038;_nc_zt=24&#038;_nc_ht=scontent-gig4-1.xx&#038;_nc_gid=AoBFJeGrT1hVaew_6rchkQ&#038;oh=00_AfX7QmFGhQhG2jAllVgXCiM1ZrWgvtp80-Bfppyexh1QEg&#038;oe=689E923C","article:published_time":"2019-02-14T22:00:18+00:00","article:modified_time":"2019-02-14T22:00:18+00:00","twitter:card":"summary_large_image","twitter:title":"Rec\u00e9m-inaugurado, .14 Engenharia e Design de Interiores \u00e9 eleito \u201cDestaque de 2018\u201d - A Not\u00edcia Online","twitter:description":"Inaugurada em outubro de 2018, o escrit\u00f3rio .14 Engenharia e Design de Interiores j\u00e1 nasceu como um grande sucesso em Muria\u00e9. Unificando toda a elabora\u00e7\u00e3o e execu\u00e7\u00e3o de projetos, desde a parte estrutural at\u00e9 a decora\u00e7\u00e3o de seu interior, o empreendimento vem transformando sonhos em realidade para seus clientes. Por isso, o .14 foi eleito","twitter:image":"https:\/\/scontent-gig4-1.xx.fbcdn.net\/v\/t39.30808-1\/270437624_4564083193639691_6907940295614233970_n.jpg?stp=dst-jpg_s200x200_tt6&_nc_cat=111&ccb=1-7&_nc_sid=f907e8&_nc_ohc=SM1wRlP3lJwQ7kNvwEPuBYA&_nc_oc=AdnqrjDN_BNjSSHWO-GbkIWH6fkGMLw4bqvL_NH6e2wMveX7G-rP2dAqsDSq1mJMOaY&_nc_zt=24&_nc_ht=scontent-gig4-1.xx&_nc_gid=AoBFJeGrT1hVaew_6rchkQ&oh=00_AfX7QmFGhQhG2jAllVgXCiM1ZrWgvtp80-Bfppyexh1QEg&oe=689E923C"},"aioseo_meta_data":{"post_id":"67201","title":null,"description":null,"keywords":null,"keyphrases":null,"primary_term":null,"canonical_url":null,"og_title":null,"og_description":null,"og_object_type":"default","og_image_type":"default","og_image_url":null,"og_image_width":null,"og_image_height":null,"og_image_custom_url":null,"og_image_custom_fields":null,"og_video":null,"og_custom_url":null,"og_article_section":null,"og_article_tags":null,"twitter_use_og":false,"twitter_card":"default","twitter_image_type":"default","twitter_image_url":null,"twitter_image_custom_url":null,"twitter_image_custom_fields":null,"twitter_title":null,"twitter_description":null,"schema":{"blockGraphs":[],"customGraphs":[],"default":{"data":{"Article":[],"Course":[],"Dataset":[],"FAQPage":[],"Movie":[],"Person":[],"Product":[],"ProductReview":[],"Car":[],"Recipe":[],"Service":[],"SoftwareApplication":[],"WebPage":[]},"graphName":"","isEnabled":true},"graphs":[]},"schema_type":"default","schema_type_options":null,"pillar_content":false,"robots_default":true,"robots_noindex":false,"robots_noarchive":false,"robots_nosnippet":false,"robots_nofollow":false,"robots_noimageindex":false,"robots_noodp":false,"robots_notranslate":false,"robots_max_snippet":null,"robots_max_videopreview":null,"robots_max_imagepreview":"large","priority":null,"frequency":null,"local_seo":null,"breadcrumb_settings":null,"limit_modified_date":false,"ai":null,"created":"2025-08-16 22:46:22","updated":"2025-08-16 22:46:22","focus_keyword":null,"additional_keywords":null,"truseo_locale":null,"seo_analyzer_scan_date":null},"aioseo_breadcrumb":"<div class=\"aioseo-breadcrumbs\"><span class=\"aioseo-breadcrumb\">\n\t\t\t<a href=\"https:\/\/anoticiaonline.com.br\/site\" title=\"Home\">Home<\/a>\n\t\t<\/span><span class=\"aioseo-breadcrumb-separator\">&raquo;<\/span><span class=\"aioseo-breadcrumb\">\n\t\t\t<a href=\"https:\/\/anoticiaonline.com.br\/site\/categoria\/regiao\/\" title=\"Regi\u00e3o\">Regi\u00e3o<\/a>\n\t\t<\/span><span class=\"aioseo-breadcrumb-separator\">&raquo;<\/span><span class=\"aioseo-breadcrumb\">\n\t\t\tRec\u00e9m-inaugurado, .14 Engenharia e Design de Interiores \u00e9 eleito \u201cDestaque de 2018\u201d\n\t\t<\/span><\/div>","aioseo_breadcrumb_json":[{"label":"Home","link":"https:\/\/anoticiaonline.com.br\/site"},{"label":"Regi\u00e3o","link":"https:\/\/anoticiaonline.com.br\/site\/categoria\/regiao\/"},{"label":"Rec\u00e9m-inaugurado, .14 Engenharia e Design de Interiores \u00e9 eleito \u201cDestaque de 2018\u201d","link":"https:\/\/anoticiaonline.com.br\/site\/recem-inaugurado-14-engenharia-e-design-de-interiores-e-eleito-destaque-de-2018\/"}],"views":189,"_links":{"self":[{"href":"https:\/\/anoticiaonline.com.br\/site\/wp-json\/wp\/v2\/posts\/67201","targetHints":{"allow":["GET"]}}],"collection":[{"href":"https:\/\/anoticiaonline.com.br\/site\/wp-json\/wp\/v2\/posts"}],"about":[{"href":"https:\/\/anoticiaonline.com.br\/site\/wp-json\/wp\/v2\/types\/post"}],"author":[{"embeddable":true,"href":"https:\/\/anoticiaonline.com.br\/site\/wp-json\/wp\/v2\/users\/2"}],"replies":[{"embeddable":true,"href":"https:\/\/anoticiaonline.com.br\/site\/wp-json\/wp\/v2\/comments?post=67201"}],"version-history":[{"count":0,"href":"https:\/\/anoticiaonline.com.br\/site\/wp-json\/wp\/v2\/posts\/67201\/revisions"}],"wp:featuredmedia":[{"embeddable":true,"href":"https:\/\/anoticiaonline.com.br\/site\/wp-json\/wp\/v2\/media\/67202"}],"wp:attachment":[{"href":"https:\/\/anoticiaonline.com.br\/site\/wp-json\/wp\/v2\/media?parent=67201"}],"wp:term":[{"taxonomy":"category","embeddable":true,"href":"https:\/\/anoticiaonline.com.br\/site\/wp-json\/wp\/v2\/categories?post=67201"},{"taxonomy":"post_tag","embeddable":true,"href":"https:\/\/anoticiaonline.com.br\/site\/wp-json\/wp\/v2\/tags?post=67201"}],"curies":[{"name":"wp","href":"https:\/\/api.w.org\/{rel}","templated":true}]}}