{"id":67167,"date":"2019-02-13T10:55:38","date_gmt":"2019-02-13T13:55:38","guid":{"rendered":"http:\/\/anoticiaonline.com.br\/site\/?p=67167"},"modified":"2019-02-13T10:57:40","modified_gmt":"2019-02-13T13:57:40","slug":"caso-marcelo-familia-do-taxista-quer-pena-maxima-para-criminosos","status":"publish","type":"post","link":"https:\/\/anoticiaonline.com.br\/site\/caso-marcelo-familia-do-taxista-quer-pena-maxima-para-criminosos\/","title":{"rendered":"Caso Marcelo: fam\u00edlia do taxista quer pena m\u00e1xima para criminosos"},"content":{"rendered":"<figure id=\"attachment_67168\" aria-describedby=\"caption-attachment-67168\" style=\"width: 990px\" class=\"wp-caption aligncenter\"><a href=\"https:\/\/anoticiaonline.com.br\/site\/wp-content\/uploads\/2019\/02\/2.jpg\"><img fetchpriority=\"high\" decoding=\"async\" class=\"size-full wp-image-67168\" src=\"https:\/\/anoticiaonline.com.br\/site\/wp-content\/uploads\/2019\/02\/2.jpg\" alt=\"\" width=\"1000\" height=\"667\" srcset=\"https:\/\/anoticiaonline.com.br\/site\/wp-content\/uploads\/2019\/02\/2.jpg 1000w, https:\/\/anoticiaonline.com.br\/site\/wp-content\/uploads\/2019\/02\/2-300x200.jpg 300w, https:\/\/anoticiaonline.com.br\/site\/wp-content\/uploads\/2019\/02\/2-768x512.jpg 768w\" sizes=\"(max-width: 1000px) 100vw, 1000px\" \/><\/a><figcaption id=\"caption-attachment-67168\" class=\"wp-caption-text\">Corpo do taxista foi encontrado no dia 9 de novembro de 2018<\/figcaption><\/figure>\n<p>Aconteceu no in\u00edcio desta semana, em Muria\u00e9, a audi\u00eancia de instru\u00e7\u00e3o do crime que resultou na morte do taxista Marcelo Jos\u00e9 da Silva, de 32 anos, em novembro do ano passado. A audi\u00eancia aconteceu a portas fechadas no F\u00f3rum Tabeli\u00e3o Pacheco de Medeiros, com a presen\u00e7a apenas dos tr\u00eas acusados, advogados, Minist\u00e9rio P\u00fablico, testemunhas e da ju\u00edza titular da Vara Criminal da Comarca de Muria\u00e9, Michele Felipe Camarinha de Almeida.<!--more--><\/p>\n<p>Segundo o Tribunal de Justi\u00e7a de Minas Gerais (TJMG), a instru\u00e7\u00e3o \u00e9 a fase em que o Minist\u00e9rio P\u00fablico e a defesa do acusado apresentam provas para corroborar as vers\u00f5es deles. Agora, caber\u00e1 \u00e0 ju\u00edza proferir uma decis\u00e3o sobre o caso, que foi apontado no inqu\u00e9rito da Pol\u00edcia Civil como latroc\u00ednio (roubo seguido de morte). N\u00e3o h\u00e1 prazo para a decis\u00e3o.<\/p>\n<p><a href=\"https:\/\/anoticiaonline.com.br\/site\/wp-content\/uploads\/2019\/02\/DSC07087.jpg\"><img decoding=\"async\" class=\"aligncenter size-full wp-image-67170\" src=\"https:\/\/anoticiaonline.com.br\/site\/wp-content\/uploads\/2019\/02\/DSC07087.jpg\" alt=\"\" width=\"1000\" height=\"750\" srcset=\"https:\/\/anoticiaonline.com.br\/site\/wp-content\/uploads\/2019\/02\/DSC07087.jpg 1000w, https:\/\/anoticiaonline.com.br\/site\/wp-content\/uploads\/2019\/02\/DSC07087-300x225.jpg 300w, https:\/\/anoticiaonline.com.br\/site\/wp-content\/uploads\/2019\/02\/DSC07087-768x576.jpg 768w, https:\/\/anoticiaonline.com.br\/site\/wp-content\/uploads\/2019\/02\/DSC07087-105x80.jpg 105w\" sizes=\"(max-width: 1000px) 100vw, 1000px\" \/><\/a><\/p>\n<p><strong>Fam\u00edlia quer pena m\u00e1xima \u2013<\/strong> Familiares e amigos de Marcelo compareceram ao F\u00f3rum, mesmo sem poder acompanhar a audi\u00eancia. Eles estenderam uma faixa em frente ao local, pedindo justi\u00e7a. De acordo com M\u00e1rcio Jos\u00e9 da Silva, irm\u00e3o g\u00eameo de Marcelo e tamb\u00e9m taxista, qualquer outro profissional poderia ser a v\u00edtima deste crime. \u201cEles iam fazer essa maldade com qualquer um que atendesse \u00e0quele chamado. Meu irm\u00e3o teve essa falta de sorte de atender \u00e0 liga\u00e7\u00e3o\u201d, afirmou.<\/p>\n<p>Segundo M\u00e1rcio, a fam\u00edlia espera a aplica\u00e7\u00e3o da pena m\u00e1xima. \u201cQueremos justi\u00e7a, queremos que os autores recebam a pena m\u00e1xima, pra servir de exemplo e crimes como esse n\u00e3o voltem a acontecer\u201d, disse o irm\u00e3o. A reclus\u00e3o para o crime de latroc\u00ednio pode ir de 20 a 30 anos.<\/p>\n<p><strong>O crime \u2013<\/strong> Ap\u00f3s atender a um chamado para uma corrida, na noite de 8 de novembro, Marcelo e seu t\u00e1xi desapareceram. Seu ve\u00edculo foi encontrado na manh\u00e3 seguinte, dia 9, no distrito de Macuco. No mesmo dia, a Pol\u00edcia Civil de Muria\u00e9 capturou os tr\u00eas jovens suspeitos, que confessaram o assassinato. Apontado como mentor e executor do crime, um dos jovens levou os policiais ao local onde estava o corpo de Marcelo, em uma estrada rural pr\u00f3xima \u00e0 Cachoeira do Rio Preto.<\/p>\n<p>O ent\u00e3o delegado de Homic\u00eddios, Rangel Martino, revelou que a v\u00edtima foi encontrada com as m\u00e3os amarradas atr\u00e1s do corpo por um cabo USB. Ele relatou tamb\u00e9m que foram identificados sinais de viol\u00eancia, o que indica que o taxista sofreu viol\u00eancia f\u00edsica antes de morrer.<\/p>\n<p>\u201cLocalizamos o corpo com sinais de viol\u00eancia, de utiliza\u00e7\u00e3o por parte dos autores de instrumento perfuro-cortante, instrumento contundente. Percebemos que a v\u00edtima foi hostilizada com uma faca e uma pedra de tamanho consider\u00e1vel\u201d, informou.<\/p>\n<p>Os autores roubaram o carro e os objetos da v\u00edtima, por isso o crime foi registrado como latroc\u00ednio. Eles tiveram o flagrante ratificado e foram encaminhados para o Pres\u00eddio de Muria\u00e9, onde est\u00e3o presos aguardando a defini\u00e7\u00e3o da Justi\u00e7a.<\/p>\n<p><a href=\"https:\/\/anoticiaonline.com.br\/site\/wp-content\/uploads\/2019\/02\/montagem-3.jpg\"><img decoding=\"async\" class=\"aligncenter size-full wp-image-67171\" src=\"https:\/\/anoticiaonline.com.br\/site\/wp-content\/uploads\/2019\/02\/montagem-3.jpg\" alt=\"\" width=\"1000\" height=\"750\" srcset=\"https:\/\/anoticiaonline.com.br\/site\/wp-content\/uploads\/2019\/02\/montagem-3.jpg 1000w, https:\/\/anoticiaonline.com.br\/site\/wp-content\/uploads\/2019\/02\/montagem-3-300x225.jpg 300w, https:\/\/anoticiaonline.com.br\/site\/wp-content\/uploads\/2019\/02\/montagem-3-768x576.jpg 768w, https:\/\/anoticiaonline.com.br\/site\/wp-content\/uploads\/2019\/02\/montagem-3-105x80.jpg 105w\" sizes=\"(max-width: 1000px) 100vw, 1000px\" \/><\/a><\/p>\n","protected":false},"excerpt":{"rendered":"<p>Aconteceu no in\u00edcio desta semana, em Muria\u00e9, a audi\u00eancia de instru\u00e7\u00e3o do crime que resultou na morte do taxista Marcelo Jos\u00e9 da Silva, de 32 anos, em novembro do ano passado. A audi\u00eancia aconteceu a portas fechadas no F\u00f3rum Tabeli\u00e3o Pacheco de Medeiros, com a presen\u00e7a apenas dos tr\u00eas acusados, advogados, Minist\u00e9rio P\u00fablico, testemunhas e &#8230; <a title=\"Caso Marcelo: fam\u00edlia do taxista quer pena m\u00e1xima para criminosos\" class=\"read-more\" href=\"https:\/\/anoticiaonline.com.br\/site\/caso-marcelo-familia-do-taxista-quer-pena-maxima-para-criminosos\/\" aria-label=\"Read more about Caso Marcelo: fam\u00edlia do taxista quer pena m\u00e1xima para criminosos\">Ler mais<\/a><\/p>\n","protected":false},"author":2,"featured_media":67169,"comment_status":"open","ping_status":"open","sticky":false,"template":"","format":"standard","meta":{"_acf_changed":false,"_monsterinsights_skip_tracking":false,"footnotes":""},"categories":[30,2892],"tags":[415,3662,301,3663,3389],"class_list":["post-67167","post","type-post","status-publish","format-standard","has-post-thumbnail","hentry","category-muriae","category-policia","tag-assassinato","tag-caso-marcelo","tag-justica","tag-latrocinio","tag-taxista"],"acf":[],"aioseo_notices":[],"aioseo_head":"\n\t\t<!-- All in One SEO 5.0.0.1 - aioseo.com -->\n\t<meta name=\"description\" content=\"Aconteceu no in\u00edcio desta semana, em Muria\u00e9, a audi\u00eancia de instru\u00e7\u00e3o do crime que resultou na morte do taxista Marcelo Jos\u00e9 da Silva, de 32 anos, em novembro do ano passado. A audi\u00eancia aconteceu a portas fechadas no F\u00f3rum Tabeli\u00e3o Pacheco de Medeiros, com a presen\u00e7a apenas dos tr\u00eas acusados, advogados, Minist\u00e9rio P\u00fablico, testemunhas e\" \/>\n\t<meta name=\"robots\" content=\"max-image-preview:large\" \/>\n\t<meta name=\"author\" content=\"Juliana Laviola\"\/>\n\t<link rel=\"canonical\" href=\"https:\/\/anoticiaonline.com.br\/site\/caso-marcelo-familia-do-taxista-quer-pena-maxima-para-criminosos\/\" \/>\n\t<meta name=\"generator\" content=\"All in One SEO (AIOSEO) 5.0.0.1\" \/>\n\t\t<meta property=\"og:locale\" content=\"pt_BR\" \/>\n\t\t<meta property=\"og:site_name\" content=\"A Not\u00edcia Online - Noticias de Muria\u00e9 e regi\u00e3o\" \/>\n\t\t<meta property=\"og:type\" content=\"article\" \/>\n\t\t<meta property=\"og:title\" content=\"Caso Marcelo: fam\u00edlia do taxista quer pena m\u00e1xima para criminosos - A Not\u00edcia Online\" \/>\n\t\t<meta property=\"og:description\" content=\"Aconteceu no in\u00edcio desta semana, em Muria\u00e9, a audi\u00eancia de instru\u00e7\u00e3o do crime que resultou na morte do taxista Marcelo Jos\u00e9 da Silva, de 32 anos, em novembro do ano passado. A audi\u00eancia aconteceu a portas fechadas no F\u00f3rum Tabeli\u00e3o Pacheco de Medeiros, com a presen\u00e7a apenas dos tr\u00eas acusados, advogados, Minist\u00e9rio P\u00fablico, testemunhas e\" \/>\n\t\t<meta property=\"og:url\" content=\"https:\/\/anoticiaonline.com.br\/site\/caso-marcelo-familia-do-taxista-quer-pena-maxima-para-criminosos\/\" \/>\n\t\t<meta property=\"og:image\" content=\"https:\/\/scontent-gig4-1.xx.fbcdn.net\/v\/t39.30808-1\/270437624_4564083193639691_6907940295614233970_n.jpg?stp=dst-jpg_s200x200_tt6&#038;_nc_cat=111&#038;ccb=1-7&#038;_nc_sid=f907e8&#038;_nc_ohc=SM1wRlP3lJwQ7kNvwEPuBYA&#038;_nc_oc=AdnqrjDN_BNjSSHWO-GbkIWH6fkGMLw4bqvL_NH6e2wMveX7G-rP2dAqsDSq1mJMOaY&#038;_nc_zt=24&#038;_nc_ht=scontent-gig4-1.xx&#038;_nc_gid=AoBFJeGrT1hVaew_6rchkQ&#038;oh=00_AfX7QmFGhQhG2jAllVgXCiM1ZrWgvtp80-Bfppyexh1QEg&#038;oe=689E923C\" \/>\n\t\t<meta property=\"og:image:secure_url\" content=\"https:\/\/scontent-gig4-1.xx.fbcdn.net\/v\/t39.30808-1\/270437624_4564083193639691_6907940295614233970_n.jpg?stp=dst-jpg_s200x200_tt6&#038;_nc_cat=111&#038;ccb=1-7&#038;_nc_sid=f907e8&#038;_nc_ohc=SM1wRlP3lJwQ7kNvwEPuBYA&#038;_nc_oc=AdnqrjDN_BNjSSHWO-GbkIWH6fkGMLw4bqvL_NH6e2wMveX7G-rP2dAqsDSq1mJMOaY&#038;_nc_zt=24&#038;_nc_ht=scontent-gig4-1.xx&#038;_nc_gid=AoBFJeGrT1hVaew_6rchkQ&#038;oh=00_AfX7QmFGhQhG2jAllVgXCiM1ZrWgvtp80-Bfppyexh1QEg&#038;oe=689E923C\" \/>\n\t\t<meta property=\"article:published_time\" content=\"2019-02-13T13:55:38+00:00\" \/>\n\t\t<meta property=\"article:modified_time\" content=\"2019-02-13T13:57:40+00:00\" \/>\n\t\t<meta name=\"twitter:card\" content=\"summary_large_image\" \/>\n\t\t<meta name=\"twitter:title\" content=\"Caso Marcelo: fam\u00edlia do taxista quer pena m\u00e1xima para criminosos - A Not\u00edcia Online\" \/>\n\t\t<meta name=\"twitter:description\" content=\"Aconteceu no in\u00edcio desta semana, em Muria\u00e9, a audi\u00eancia de instru\u00e7\u00e3o do crime que resultou na morte do taxista Marcelo Jos\u00e9 da Silva, de 32 anos, em novembro do ano passado. A audi\u00eancia aconteceu a portas fechadas no F\u00f3rum Tabeli\u00e3o Pacheco de Medeiros, com a presen\u00e7a apenas dos tr\u00eas acusados, advogados, Minist\u00e9rio P\u00fablico, testemunhas e\" \/>\n\t\t<meta name=\"twitter:image\" content=\"https:\/\/scontent-gig4-1.xx.fbcdn.net\/v\/t39.30808-1\/270437624_4564083193639691_6907940295614233970_n.jpg?stp=dst-jpg_s200x200_tt6&amp;_nc_cat=111&amp;ccb=1-7&amp;_nc_sid=f907e8&amp;_nc_ohc=SM1wRlP3lJwQ7kNvwEPuBYA&amp;_nc_oc=AdnqrjDN_BNjSSHWO-GbkIWH6fkGMLw4bqvL_NH6e2wMveX7G-rP2dAqsDSq1mJMOaY&amp;_nc_zt=24&amp;_nc_ht=scontent-gig4-1.xx&amp;_nc_gid=AoBFJeGrT1hVaew_6rchkQ&amp;oh=00_AfX7QmFGhQhG2jAllVgXCiM1ZrWgvtp80-Bfppyexh1QEg&amp;oe=689E923C\" \/>\n\t\t<script type=\"application\/ld+json\" class=\"aioseo-schema\">\n\t\t\t{\"@context\":\"https:\\\/\\\/schema.org\",\"@graph\":[{\"@type\":\"BlogPosting\",\"@id\":\"https:\\\/\\\/anoticiaonline.com.br\\\/site\\\/caso-marcelo-familia-do-taxista-quer-pena-maxima-para-criminosos\\\/#blogposting\",\"name\":\"Caso Marcelo: fam\\u00edlia do taxista quer pena m\\u00e1xima para criminosos - A Not\\u00edcia Online\",\"headline\":\"Caso Marcelo: fam\\u00edlia do taxista quer pena m\\u00e1xima para criminosos\",\"author\":{\"@id\":\"https:\\\/\\\/anoticiaonline.com.br\\\/site\\\/author\\\/juliana\\\/#author\"},\"publisher\":{\"@id\":\"https:\\\/\\\/anoticiaonline.com.br\\\/site\\\/#organization\"},\"image\":{\"@type\":\"ImageObject\",\"url\":\"https:\\\/\\\/anoticiaonline.com.br\\\/site\\\/wp-content\\\/uploads\\\/2019\\\/02\\\/capa-3.jpg\",\"width\":1000,\"height\":350},\"datePublished\":\"2019-02-13T10:55:38-03:00\",\"dateModified\":\"2019-02-13T10:57:40-03:00\",\"inLanguage\":\"pt-BR\",\"mainEntityOfPage\":{\"@id\":\"https:\\\/\\\/anoticiaonline.com.br\\\/site\\\/caso-marcelo-familia-do-taxista-quer-pena-maxima-para-criminosos\\\/#webpage\"},\"isPartOf\":{\"@id\":\"https:\\\/\\\/anoticiaonline.com.br\\\/site\\\/caso-marcelo-familia-do-taxista-quer-pena-maxima-para-criminosos\\\/#webpage\"},\"articleSection\":\"Blog, Pol\\u00edcia, assassinato, caso marcelo, justi\\u00e7a, latroc\\u00ednio, taxista\"},{\"@type\":\"BreadcrumbList\",\"@id\":\"https:\\\/\\\/anoticiaonline.com.br\\\/site\\\/caso-marcelo-familia-do-taxista-quer-pena-maxima-para-criminosos\\\/#breadcrumblist\",\"itemListElement\":[{\"@type\":\"ListItem\",\"@id\":\"https:\\\/\\\/anoticiaonline.com.br\\\/site#listItem\",\"position\":1,\"name\":\"Home\",\"item\":\"https:\\\/\\\/anoticiaonline.com.br\\\/site\",\"nextItem\":{\"@type\":\"ListItem\",\"@id\":\"https:\\\/\\\/anoticiaonline.com.br\\\/site\\\/categoria\\\/muriae\\\/#listItem\",\"name\":\"Blog\"}},{\"@type\":\"ListItem\",\"@id\":\"https:\\\/\\\/anoticiaonline.com.br\\\/site\\\/categoria\\\/muriae\\\/#listItem\",\"position\":2,\"name\":\"Blog\",\"item\":\"https:\\\/\\\/anoticiaonline.com.br\\\/site\\\/categoria\\\/muriae\\\/\",\"nextItem\":{\"@type\":\"ListItem\",\"@id\":\"https:\\\/\\\/anoticiaonline.com.br\\\/site\\\/categoria\\\/muriae\\\/policia\\\/#listItem\",\"name\":\"Pol\\u00edcia\"},\"previousItem\":{\"@type\":\"ListItem\",\"@id\":\"https:\\\/\\\/anoticiaonline.com.br\\\/site#listItem\",\"name\":\"Home\"}},{\"@type\":\"ListItem\",\"@id\":\"https:\\\/\\\/anoticiaonline.com.br\\\/site\\\/categoria\\\/muriae\\\/policia\\\/#listItem\",\"position\":3,\"name\":\"Pol\\u00edcia\",\"item\":\"https:\\\/\\\/anoticiaonline.com.br\\\/site\\\/categoria\\\/muriae\\\/policia\\\/\",\"nextItem\":{\"@type\":\"ListItem\",\"@id\":\"https:\\\/\\\/anoticiaonline.com.br\\\/site\\\/caso-marcelo-familia-do-taxista-quer-pena-maxima-para-criminosos\\\/#listItem\",\"name\":\"Caso Marcelo: fam\\u00edlia do taxista quer pena m\\u00e1xima para criminosos\"},\"previousItem\":{\"@type\":\"ListItem\",\"@id\":\"https:\\\/\\\/anoticiaonline.com.br\\\/site\\\/categoria\\\/muriae\\\/#listItem\",\"name\":\"Blog\"}},{\"@type\":\"ListItem\",\"@id\":\"https:\\\/\\\/anoticiaonline.com.br\\\/site\\\/caso-marcelo-familia-do-taxista-quer-pena-maxima-para-criminosos\\\/#listItem\",\"position\":4,\"name\":\"Caso Marcelo: fam\\u00edlia do taxista quer pena m\\u00e1xima para criminosos\",\"previousItem\":{\"@type\":\"ListItem\",\"@id\":\"https:\\\/\\\/anoticiaonline.com.br\\\/site\\\/categoria\\\/muriae\\\/policia\\\/#listItem\",\"name\":\"Pol\\u00edcia\"}}]},{\"@type\":\"Organization\",\"@id\":\"https:\\\/\\\/anoticiaonline.com.br\\\/site\\\/#organization\",\"name\":\"A Not\\u00edcia Online\",\"description\":\"Noticias de Muria\\u00e9 e regi\\u00e3o\",\"url\":\"https:\\\/\\\/anoticiaonline.com.br\\\/site\\\/\",\"logo\":{\"@type\":\"ImageObject\",\"url\":\"https:\\\/\\\/scontent-gig4-1.xx.fbcdn.net\\\/v\\\/t39.30808-1\\\/270437624_4564083193639691_6907940295614233970_n.jpg?stp=dst-jpg_s200x200_tt6&_nc_cat=111&ccb=1-7&_nc_sid=f907e8&_nc_ohc=SM1wRlP3lJwQ7kNvwEPuBYA&_nc_oc=AdnqrjDN_BNjSSHWO-GbkIWH6fkGMLw4bqvL_NH6e2wMveX7G-rP2dAqsDSq1mJMOaY&_nc_zt=24&_nc_ht=scontent-gig4-1.xx&_nc_gid=AoBFJeGrT1hVaew_6rchkQ&oh=00_AfX7QmFGhQhG2jAllVgXCiM1ZrWgvtp80-Bfppyexh1QEg&oe=689E923C\",\"@id\":\"https:\\\/\\\/anoticiaonline.com.br\\\/site\\\/caso-marcelo-familia-do-taxista-quer-pena-maxima-para-criminosos\\\/#organizationLogo\"},\"image\":{\"@id\":\"https:\\\/\\\/anoticiaonline.com.br\\\/site\\\/caso-marcelo-familia-do-taxista-quer-pena-maxima-para-criminosos\\\/#organizationLogo\"}},{\"@type\":\"Person\",\"@id\":\"https:\\\/\\\/anoticiaonline.com.br\\\/site\\\/author\\\/juliana\\\/#author\",\"url\":\"https:\\\/\\\/anoticiaonline.com.br\\\/site\\\/author\\\/juliana\\\/\",\"name\":\"Juliana Laviola\",\"image\":{\"@type\":\"ImageObject\",\"@id\":\"https:\\\/\\\/anoticiaonline.com.br\\\/site\\\/caso-marcelo-familia-do-taxista-quer-pena-maxima-para-criminosos\\\/#authorImage\",\"url\":\"https:\\\/\\\/secure.gravatar.com\\\/avatar\\\/b8d45f5c699b100dfaf0e543582f38f38bf94cb7ae3a5e9abf8d891a34773335?s=96&d=mm&r=g\",\"width\":96,\"height\":96,\"caption\":\"Juliana Laviola\"}},{\"@type\":\"WebPage\",\"@id\":\"https:\\\/\\\/anoticiaonline.com.br\\\/site\\\/caso-marcelo-familia-do-taxista-quer-pena-maxima-para-criminosos\\\/#webpage\",\"url\":\"https:\\\/\\\/anoticiaonline.com.br\\\/site\\\/caso-marcelo-familia-do-taxista-quer-pena-maxima-para-criminosos\\\/\",\"name\":\"Caso Marcelo: fam\\u00edlia do taxista quer pena m\\u00e1xima para criminosos - A Not\\u00edcia Online\",\"description\":\"Aconteceu no in\\u00edcio desta semana, em Muria\\u00e9, a audi\\u00eancia de instru\\u00e7\\u00e3o do crime que resultou na morte do taxista Marcelo Jos\\u00e9 da Silva, de 32 anos, em novembro do ano passado. A audi\\u00eancia aconteceu a portas fechadas no F\\u00f3rum Tabeli\\u00e3o Pacheco de Medeiros, com a presen\\u00e7a apenas dos tr\\u00eas acusados, advogados, Minist\\u00e9rio P\\u00fablico, testemunhas e\",\"inLanguage\":\"pt-BR\",\"isPartOf\":{\"@id\":\"https:\\\/\\\/anoticiaonline.com.br\\\/site\\\/#website\"},\"breadcrumb\":{\"@id\":\"https:\\\/\\\/anoticiaonline.com.br\\\/site\\\/caso-marcelo-familia-do-taxista-quer-pena-maxima-para-criminosos\\\/#breadcrumblist\"},\"author\":{\"@id\":\"https:\\\/\\\/anoticiaonline.com.br\\\/site\\\/author\\\/juliana\\\/#author\"},\"creator\":{\"@id\":\"https:\\\/\\\/anoticiaonline.com.br\\\/site\\\/author\\\/juliana\\\/#author\"},\"image\":{\"@type\":\"ImageObject\",\"url\":\"https:\\\/\\\/anoticiaonline.com.br\\\/site\\\/wp-content\\\/uploads\\\/2019\\\/02\\\/capa-3.jpg\",\"@id\":\"https:\\\/\\\/anoticiaonline.com.br\\\/site\\\/caso-marcelo-familia-do-taxista-quer-pena-maxima-para-criminosos\\\/#mainImage\",\"width\":1000,\"height\":350},\"primaryImageOfPage\":{\"@id\":\"https:\\\/\\\/anoticiaonline.com.br\\\/site\\\/caso-marcelo-familia-do-taxista-quer-pena-maxima-para-criminosos\\\/#mainImage\"},\"datePublished\":\"2019-02-13T10:55:38-03:00\",\"dateModified\":\"2019-02-13T10:57:40-03:00\"},{\"@type\":\"WebSite\",\"@id\":\"https:\\\/\\\/anoticiaonline.com.br\\\/site\\\/#website\",\"url\":\"https:\\\/\\\/anoticiaonline.com.br\\\/site\\\/\",\"name\":\"A Not\\u00edcia Online\",\"description\":\"Noticias de Muria\\u00e9 e regi\\u00e3o\",\"inLanguage\":\"pt-BR\",\"publisher\":{\"@id\":\"https:\\\/\\\/anoticiaonline.com.br\\\/site\\\/#organization\"}}]}\n\t\t<\/script>\n\t\t<!-- All in One SEO -->\n\n","aioseo_head_json":{"title":"Caso Marcelo: fam\u00edlia do taxista quer pena m\u00e1xima para criminosos - A Not\u00edcia Online","description":"Aconteceu no in\u00edcio desta semana, em Muria\u00e9, a audi\u00eancia de instru\u00e7\u00e3o do crime que resultou na morte do taxista Marcelo Jos\u00e9 da Silva, de 32 anos, em novembro do ano passado. A audi\u00eancia aconteceu a portas fechadas no F\u00f3rum Tabeli\u00e3o Pacheco de Medeiros, com a presen\u00e7a apenas dos tr\u00eas acusados, advogados, Minist\u00e9rio P\u00fablico, testemunhas e","canonical_url":"https:\/\/anoticiaonline.com.br\/site\/caso-marcelo-familia-do-taxista-quer-pena-maxima-para-criminosos\/","robots":"max-image-preview:large","keywords":"","webmasterTools":{"miscellaneous":""},"schema":{"@context":"https:\/\/schema.org","@graph":[{"@type":"BlogPosting","@id":"https:\/\/anoticiaonline.com.br\/site\/caso-marcelo-familia-do-taxista-quer-pena-maxima-para-criminosos\/#blogposting","name":"Caso Marcelo: fam\u00edlia do taxista quer pena m\u00e1xima para criminosos - A Not\u00edcia Online","headline":"Caso Marcelo: fam\u00edlia do taxista quer pena m\u00e1xima para criminosos","author":{"@id":"https:\/\/anoticiaonline.com.br\/site\/author\/juliana\/#author"},"publisher":{"@id":"https:\/\/anoticiaonline.com.br\/site\/#organization"},"image":{"@type":"ImageObject","url":"https:\/\/anoticiaonline.com.br\/site\/wp-content\/uploads\/2019\/02\/capa-3.jpg","width":1000,"height":350},"datePublished":"2019-02-13T10:55:38-03:00","dateModified":"2019-02-13T10:57:40-03:00","inLanguage":"pt-BR","mainEntityOfPage":{"@id":"https:\/\/anoticiaonline.com.br\/site\/caso-marcelo-familia-do-taxista-quer-pena-maxima-para-criminosos\/#webpage"},"isPartOf":{"@id":"https:\/\/anoticiaonline.com.br\/site\/caso-marcelo-familia-do-taxista-quer-pena-maxima-para-criminosos\/#webpage"},"articleSection":"Blog, Pol\u00edcia, assassinato, caso marcelo, justi\u00e7a, latroc\u00ednio, taxista"},{"@type":"BreadcrumbList","@id":"https:\/\/anoticiaonline.com.br\/site\/caso-marcelo-familia-do-taxista-quer-pena-maxima-para-criminosos\/#breadcrumblist","itemListElement":[{"@type":"ListItem","@id":"https:\/\/anoticiaonline.com.br\/site#listItem","position":1,"name":"Home","item":"https:\/\/anoticiaonline.com.br\/site","nextItem":{"@type":"ListItem","@id":"https:\/\/anoticiaonline.com.br\/site\/categoria\/muriae\/#listItem","name":"Blog"}},{"@type":"ListItem","@id":"https:\/\/anoticiaonline.com.br\/site\/categoria\/muriae\/#listItem","position":2,"name":"Blog","item":"https:\/\/anoticiaonline.com.br\/site\/categoria\/muriae\/","nextItem":{"@type":"ListItem","@id":"https:\/\/anoticiaonline.com.br\/site\/categoria\/muriae\/policia\/#listItem","name":"Pol\u00edcia"},"previousItem":{"@type":"ListItem","@id":"https:\/\/anoticiaonline.com.br\/site#listItem","name":"Home"}},{"@type":"ListItem","@id":"https:\/\/anoticiaonline.com.br\/site\/categoria\/muriae\/policia\/#listItem","position":3,"name":"Pol\u00edcia","item":"https:\/\/anoticiaonline.com.br\/site\/categoria\/muriae\/policia\/","nextItem":{"@type":"ListItem","@id":"https:\/\/anoticiaonline.com.br\/site\/caso-marcelo-familia-do-taxista-quer-pena-maxima-para-criminosos\/#listItem","name":"Caso Marcelo: fam\u00edlia do taxista quer pena m\u00e1xima para criminosos"},"previousItem":{"@type":"ListItem","@id":"https:\/\/anoticiaonline.com.br\/site\/categoria\/muriae\/#listItem","name":"Blog"}},{"@type":"ListItem","@id":"https:\/\/anoticiaonline.com.br\/site\/caso-marcelo-familia-do-taxista-quer-pena-maxima-para-criminosos\/#listItem","position":4,"name":"Caso Marcelo: fam\u00edlia do taxista quer pena m\u00e1xima para criminosos","previousItem":{"@type":"ListItem","@id":"https:\/\/anoticiaonline.com.br\/site\/categoria\/muriae\/policia\/#listItem","name":"Pol\u00edcia"}}]},{"@type":"Organization","@id":"https:\/\/anoticiaonline.com.br\/site\/#organization","name":"A Not\u00edcia Online","description":"Noticias de Muria\u00e9 e regi\u00e3o","url":"https:\/\/anoticiaonline.com.br\/site\/","logo":{"@type":"ImageObject","url":"https:\/\/scontent-gig4-1.xx.fbcdn.net\/v\/t39.30808-1\/270437624_4564083193639691_6907940295614233970_n.jpg?stp=dst-jpg_s200x200_tt6&_nc_cat=111&ccb=1-7&_nc_sid=f907e8&_nc_ohc=SM1wRlP3lJwQ7kNvwEPuBYA&_nc_oc=AdnqrjDN_BNjSSHWO-GbkIWH6fkGMLw4bqvL_NH6e2wMveX7G-rP2dAqsDSq1mJMOaY&_nc_zt=24&_nc_ht=scontent-gig4-1.xx&_nc_gid=AoBFJeGrT1hVaew_6rchkQ&oh=00_AfX7QmFGhQhG2jAllVgXCiM1ZrWgvtp80-Bfppyexh1QEg&oe=689E923C","@id":"https:\/\/anoticiaonline.com.br\/site\/caso-marcelo-familia-do-taxista-quer-pena-maxima-para-criminosos\/#organizationLogo"},"image":{"@id":"https:\/\/anoticiaonline.com.br\/site\/caso-marcelo-familia-do-taxista-quer-pena-maxima-para-criminosos\/#organizationLogo"}},{"@type":"Person","@id":"https:\/\/anoticiaonline.com.br\/site\/author\/juliana\/#author","url":"https:\/\/anoticiaonline.com.br\/site\/author\/juliana\/","name":"Juliana Laviola","image":{"@type":"ImageObject","@id":"https:\/\/anoticiaonline.com.br\/site\/caso-marcelo-familia-do-taxista-quer-pena-maxima-para-criminosos\/#authorImage","url":"https:\/\/secure.gravatar.com\/avatar\/b8d45f5c699b100dfaf0e543582f38f38bf94cb7ae3a5e9abf8d891a34773335?s=96&d=mm&r=g","width":96,"height":96,"caption":"Juliana Laviola"}},{"@type":"WebPage","@id":"https:\/\/anoticiaonline.com.br\/site\/caso-marcelo-familia-do-taxista-quer-pena-maxima-para-criminosos\/#webpage","url":"https:\/\/anoticiaonline.com.br\/site\/caso-marcelo-familia-do-taxista-quer-pena-maxima-para-criminosos\/","name":"Caso Marcelo: fam\u00edlia do taxista quer pena m\u00e1xima para criminosos - A Not\u00edcia Online","description":"Aconteceu no in\u00edcio desta semana, em Muria\u00e9, a audi\u00eancia de instru\u00e7\u00e3o do crime que resultou na morte do taxista Marcelo Jos\u00e9 da Silva, de 32 anos, em novembro do ano passado. A audi\u00eancia aconteceu a portas fechadas no F\u00f3rum Tabeli\u00e3o Pacheco de Medeiros, com a presen\u00e7a apenas dos tr\u00eas acusados, advogados, Minist\u00e9rio P\u00fablico, testemunhas e","inLanguage":"pt-BR","isPartOf":{"@id":"https:\/\/anoticiaonline.com.br\/site\/#website"},"breadcrumb":{"@id":"https:\/\/anoticiaonline.com.br\/site\/caso-marcelo-familia-do-taxista-quer-pena-maxima-para-criminosos\/#breadcrumblist"},"author":{"@id":"https:\/\/anoticiaonline.com.br\/site\/author\/juliana\/#author"},"creator":{"@id":"https:\/\/anoticiaonline.com.br\/site\/author\/juliana\/#author"},"image":{"@type":"ImageObject","url":"https:\/\/anoticiaonline.com.br\/site\/wp-content\/uploads\/2019\/02\/capa-3.jpg","@id":"https:\/\/anoticiaonline.com.br\/site\/caso-marcelo-familia-do-taxista-quer-pena-maxima-para-criminosos\/#mainImage","width":1000,"height":350},"primaryImageOfPage":{"@id":"https:\/\/anoticiaonline.com.br\/site\/caso-marcelo-familia-do-taxista-quer-pena-maxima-para-criminosos\/#mainImage"},"datePublished":"2019-02-13T10:55:38-03:00","dateModified":"2019-02-13T10:57:40-03:00"},{"@type":"WebSite","@id":"https:\/\/anoticiaonline.com.br\/site\/#website","url":"https:\/\/anoticiaonline.com.br\/site\/","name":"A Not\u00edcia Online","description":"Noticias de Muria\u00e9 e regi\u00e3o","inLanguage":"pt-BR","publisher":{"@id":"https:\/\/anoticiaonline.com.br\/site\/#organization"}}]},"og:locale":"pt_BR","og:site_name":"A Not\u00edcia Online - Noticias de Muria\u00e9 e regi\u00e3o","og:type":"article","og:title":"Caso Marcelo: fam\u00edlia do taxista quer pena m\u00e1xima para criminosos - A Not\u00edcia Online","og:description":"Aconteceu no in\u00edcio desta semana, em Muria\u00e9, a audi\u00eancia de instru\u00e7\u00e3o do crime que resultou na morte do taxista Marcelo Jos\u00e9 da Silva, de 32 anos, em novembro do ano passado. A audi\u00eancia aconteceu a portas fechadas no F\u00f3rum Tabeli\u00e3o Pacheco de Medeiros, com a presen\u00e7a apenas dos tr\u00eas acusados, advogados, Minist\u00e9rio P\u00fablico, testemunhas e","og:url":"https:\/\/anoticiaonline.com.br\/site\/caso-marcelo-familia-do-taxista-quer-pena-maxima-para-criminosos\/","og:image":"https:\/\/scontent-gig4-1.xx.fbcdn.net\/v\/t39.30808-1\/270437624_4564083193639691_6907940295614233970_n.jpg?stp=dst-jpg_s200x200_tt6&#038;_nc_cat=111&#038;ccb=1-7&#038;_nc_sid=f907e8&#038;_nc_ohc=SM1wRlP3lJwQ7kNvwEPuBYA&#038;_nc_oc=AdnqrjDN_BNjSSHWO-GbkIWH6fkGMLw4bqvL_NH6e2wMveX7G-rP2dAqsDSq1mJMOaY&#038;_nc_zt=24&#038;_nc_ht=scontent-gig4-1.xx&#038;_nc_gid=AoBFJeGrT1hVaew_6rchkQ&#038;oh=00_AfX7QmFGhQhG2jAllVgXCiM1ZrWgvtp80-Bfppyexh1QEg&#038;oe=689E923C","og:image:secure_url":"https:\/\/scontent-gig4-1.xx.fbcdn.net\/v\/t39.30808-1\/270437624_4564083193639691_6907940295614233970_n.jpg?stp=dst-jpg_s200x200_tt6&#038;_nc_cat=111&#038;ccb=1-7&#038;_nc_sid=f907e8&#038;_nc_ohc=SM1wRlP3lJwQ7kNvwEPuBYA&#038;_nc_oc=AdnqrjDN_BNjSSHWO-GbkIWH6fkGMLw4bqvL_NH6e2wMveX7G-rP2dAqsDSq1mJMOaY&#038;_nc_zt=24&#038;_nc_ht=scontent-gig4-1.xx&#038;_nc_gid=AoBFJeGrT1hVaew_6rchkQ&#038;oh=00_AfX7QmFGhQhG2jAllVgXCiM1ZrWgvtp80-Bfppyexh1QEg&#038;oe=689E923C","article:published_time":"2019-02-13T13:55:38+00:00","article:modified_time":"2019-02-13T13:57:40+00:00","twitter:card":"summary_large_image","twitter:title":"Caso Marcelo: fam\u00edlia do taxista quer pena m\u00e1xima para criminosos - A Not\u00edcia Online","twitter:description":"Aconteceu no in\u00edcio desta semana, em Muria\u00e9, a audi\u00eancia de instru\u00e7\u00e3o do crime que resultou na morte do taxista Marcelo Jos\u00e9 da Silva, de 32 anos, em novembro do ano passado. A audi\u00eancia aconteceu a portas fechadas no F\u00f3rum Tabeli\u00e3o Pacheco de Medeiros, com a presen\u00e7a apenas dos tr\u00eas acusados, advogados, Minist\u00e9rio P\u00fablico, testemunhas e","twitter:image":"https:\/\/scontent-gig4-1.xx.fbcdn.net\/v\/t39.30808-1\/270437624_4564083193639691_6907940295614233970_n.jpg?stp=dst-jpg_s200x200_tt6&_nc_cat=111&ccb=1-7&_nc_sid=f907e8&_nc_ohc=SM1wRlP3lJwQ7kNvwEPuBYA&_nc_oc=AdnqrjDN_BNjSSHWO-GbkIWH6fkGMLw4bqvL_NH6e2wMveX7G-rP2dAqsDSq1mJMOaY&_nc_zt=24&_nc_ht=scontent-gig4-1.xx&_nc_gid=AoBFJeGrT1hVaew_6rchkQ&oh=00_AfX7QmFGhQhG2jAllVgXCiM1ZrWgvtp80-Bfppyexh1QEg&oe=689E923C"},"aioseo_meta_data":{"post_id":"67167","title":null,"description":null,"keywords":null,"keyphrases":null,"primary_term":null,"canonical_url":null,"og_title":null,"og_description":null,"og_object_type":"default","og_image_type":"default","og_image_url":null,"og_image_width":null,"og_image_height":null,"og_image_custom_url":null,"og_image_custom_fields":null,"og_video":null,"og_custom_url":null,"og_article_section":null,"og_article_tags":null,"twitter_use_og":false,"twitter_card":"default","twitter_image_type":"default","twitter_image_url":null,"twitter_image_custom_url":null,"twitter_image_custom_fields":null,"twitter_title":null,"twitter_description":null,"schema":{"blockGraphs":[],"customGraphs":[],"default":{"data":{"Article":[],"Course":[],"Dataset":[],"FAQPage":[],"Movie":[],"Person":[],"Product":[],"ProductReview":[],"Car":[],"Recipe":[],"Service":[],"SoftwareApplication":[],"WebPage":[]},"graphName":"","isEnabled":true},"graphs":[]},"schema_type":"default","schema_type_options":null,"pillar_content":false,"robots_default":true,"robots_noindex":false,"robots_noarchive":false,"robots_nosnippet":false,"robots_nofollow":false,"robots_noimageindex":false,"robots_noodp":false,"robots_notranslate":false,"robots_max_snippet":null,"robots_max_videopreview":null,"robots_max_imagepreview":"large","priority":null,"frequency":null,"local_seo":null,"breadcrumb_settings":null,"limit_modified_date":false,"ai":null,"created":"2025-08-16 22:45:19","updated":"2025-08-16 22:45:19","focus_keyword":null,"additional_keywords":null,"truseo_locale":null,"seo_analyzer_scan_date":null},"aioseo_breadcrumb":"<div class=\"aioseo-breadcrumbs\"><span class=\"aioseo-breadcrumb\">\n\t\t\t<a href=\"https:\/\/anoticiaonline.com.br\/site\" title=\"Home\">Home<\/a>\n\t\t<\/span><span class=\"aioseo-breadcrumb-separator\">&raquo;<\/span><span class=\"aioseo-breadcrumb\">\n\t\t\t<a href=\"https:\/\/anoticiaonline.com.br\/site\/categoria\/muriae\/\" title=\"Blog\">Blog<\/a>\n\t\t<\/span><span class=\"aioseo-breadcrumb-separator\">&raquo;<\/span><span class=\"aioseo-breadcrumb\">\n\t\t\t<a href=\"https:\/\/anoticiaonline.com.br\/site\/categoria\/muriae\/policia\/\" title=\"Pol\u00edcia\">Pol\u00edcia<\/a>\n\t\t<\/span><span class=\"aioseo-breadcrumb-separator\">&raquo;<\/span><span class=\"aioseo-breadcrumb\">\n\t\t\tCaso Marcelo: fam\u00edlia do taxista quer pena m\u00e1xima para criminosos\n\t\t<\/span><\/div>","aioseo_breadcrumb_json":[{"label":"Home","link":"https:\/\/anoticiaonline.com.br\/site"},{"label":"Blog","link":"https:\/\/anoticiaonline.com.br\/site\/categoria\/muriae\/"},{"label":"Pol\u00edcia","link":"https:\/\/anoticiaonline.com.br\/site\/categoria\/muriae\/policia\/"},{"label":"Caso Marcelo: fam\u00edlia do taxista quer pena m\u00e1xima para criminosos","link":"https:\/\/anoticiaonline.com.br\/site\/caso-marcelo-familia-do-taxista-quer-pena-maxima-para-criminosos\/"}],"views":183,"_links":{"self":[{"href":"https:\/\/anoticiaonline.com.br\/site\/wp-json\/wp\/v2\/posts\/67167","targetHints":{"allow":["GET"]}}],"collection":[{"href":"https:\/\/anoticiaonline.com.br\/site\/wp-json\/wp\/v2\/posts"}],"about":[{"href":"https:\/\/anoticiaonline.com.br\/site\/wp-json\/wp\/v2\/types\/post"}],"author":[{"embeddable":true,"href":"https:\/\/anoticiaonline.com.br\/site\/wp-json\/wp\/v2\/users\/2"}],"replies":[{"embeddable":true,"href":"https:\/\/anoticiaonline.com.br\/site\/wp-json\/wp\/v2\/comments?post=67167"}],"version-history":[{"count":0,"href":"https:\/\/anoticiaonline.com.br\/site\/wp-json\/wp\/v2\/posts\/67167\/revisions"}],"wp:featuredmedia":[{"embeddable":true,"href":"https:\/\/anoticiaonline.com.br\/site\/wp-json\/wp\/v2\/media\/67169"}],"wp:attachment":[{"href":"https:\/\/anoticiaonline.com.br\/site\/wp-json\/wp\/v2\/media?parent=67167"}],"wp:term":[{"taxonomy":"category","embeddable":true,"href":"https:\/\/anoticiaonline.com.br\/site\/wp-json\/wp\/v2\/categories?post=67167"},{"taxonomy":"post_tag","embeddable":true,"href":"https:\/\/anoticiaonline.com.br\/site\/wp-json\/wp\/v2\/tags?post=67167"}],"curies":[{"name":"wp","href":"https:\/\/api.w.org\/{rel}","templated":true}]}}