{"id":67162,"date":"2019-02-12T10:46:38","date_gmt":"2019-02-12T13:46:38","guid":{"rendered":"http:\/\/anoticiaonline.com.br\/site\/?p=67162"},"modified":"2019-02-12T10:59:29","modified_gmt":"2019-02-12T13:59:29","slug":"fiscalizacao-intensificada","status":"publish","type":"post","link":"https:\/\/anoticiaonline.com.br\/site\/fiscalizacao-intensificada\/","title":{"rendered":"Tr\u00e2nsito fiscalizado"},"content":{"rendered":"<h2>PM e Demuttran intensificam fiscaliza\u00e7\u00e3o do tr\u00e2nsito em \u00e1reas escolares<\/h2>\n<figure id=\"attachment_67163\" aria-describedby=\"caption-attachment-67163\" style=\"width: 990px\" class=\"wp-caption aligncenter\"><a href=\"https:\/\/anoticiaonline.com.br\/site\/wp-content\/uploads\/2019\/02\/Fiscaliza\u00e7\u00e3o-gerou-retirada-de-ve\u00edculos-que-ocupavam-vagas-destinadas-a-embarque-e-desembarque-escolar.jpg\"><img fetchpriority=\"high\" decoding=\"async\" class=\"size-full wp-image-67163\" src=\"https:\/\/anoticiaonline.com.br\/site\/wp-content\/uploads\/2019\/02\/Fiscaliza\u00e7\u00e3o-gerou-retirada-de-ve\u00edculos-que-ocupavam-vagas-destinadas-a-embarque-e-desembarque-escolar.jpg\" alt=\"\" width=\"1000\" height=\"667\" srcset=\"https:\/\/anoticiaonline.com.br\/site\/wp-content\/uploads\/2019\/02\/Fiscaliza\u00e7\u00e3o-gerou-retirada-de-ve\u00edculos-que-ocupavam-vagas-destinadas-a-embarque-e-desembarque-escolar.jpg 1000w, https:\/\/anoticiaonline.com.br\/site\/wp-content\/uploads\/2019\/02\/Fiscaliza\u00e7\u00e3o-gerou-retirada-de-ve\u00edculos-que-ocupavam-vagas-destinadas-a-embarque-e-desembarque-escolar-300x200.jpg 300w, https:\/\/anoticiaonline.com.br\/site\/wp-content\/uploads\/2019\/02\/Fiscaliza\u00e7\u00e3o-gerou-retirada-de-ve\u00edculos-que-ocupavam-vagas-destinadas-a-embarque-e-desembarque-escolar-768x512.jpg 768w\" sizes=\"(max-width: 1000px) 100vw, 1000px\" \/><\/a><figcaption id=\"caption-attachment-67163\" class=\"wp-caption-text\">Fiscaliza\u00e7\u00e3o gerou retirada de ve\u00edculos que ocupavam vagas destinadas a embarque e desembarque escolar<\/figcaption><\/figure>\n<p>Com o retorno das aulas nas redes p\u00fablica e particular de Muria\u00e9, os j\u00e1 conhecidos problemas de tr\u00e1fego pelas ruas da cidade voltam a se tornar um pesadelo para muitos motoristas. Buscando diminuir ao m\u00e1ximo esses transtornos, a Pol\u00edcia Militar e o Departamento Municipal de Transportes e Tr\u00e2nsito (DEMUTTRAN) v\u00eam realizando interven\u00e7\u00f5es, principalmente em frente \u00e0s escolas da \u00e1rea central da cidade.<!--more--><\/p>\n<p>Desde 2017, existem \u00e1reas de embarque e desembarque de estudantes em frente a todos os col\u00e9gios do Centro (al\u00e9m da Escola Estadual Desembargador Can\u00eado, na Barra), a fim de reduzir os congestionamentos. No in\u00edcio e no fim de cada trecho, placas informam os hor\u00e1rios (vari\u00e1veis de acordo com cada escola) nos quais fica proibido permanecer por tempo superior ao necess\u00e1rio para a movimenta\u00e7\u00e3o dos estudantes. Al\u00e9m disso, todos os pontos s\u00e3o demarcados no piso com faixa de cor azul, que se estende pelas vagas reservadas para a finalidade escolar nos per\u00edodos estabelecidos.<\/p>\n<p>Mesmo com toda a sinaliza\u00e7\u00e3o, as irregularidades verificadas nas proximidades das escolas ainda s\u00e3o comuns. \u201cFrequentemente, flagramos carros estacionados sobre as faixas azuis mesmo nos hor\u00e1rios em que essas vagas s\u00e3o exclusivas para embarque e desembarque de alunos\u201d, informa o diretor do Departamento Municipal de Transportes e Tr\u00e2nsito, Ivanin Pimentel. \u201cAs chamadas filas duplas tamb\u00e9m s\u00e3o muito frequentes, deixando a circula\u00e7\u00e3o de ve\u00edculos bastante lenta naqueles locais\u201d, completa.<\/p>\n<p><a href=\"https:\/\/anoticiaonline.com.br\/site\/wp-content\/uploads\/2019\/02\/Trabalho-teve-objetivo-de-evitar-que-estacionamento-sobre-cal\u00e7ad\u00e3o-volte-a-ocorrer-Imagem-de-arquivo.jpg\"><img decoding=\"async\" class=\"aligncenter size-full wp-image-67164\" src=\"https:\/\/anoticiaonline.com.br\/site\/wp-content\/uploads\/2019\/02\/Trabalho-teve-objetivo-de-evitar-que-estacionamento-sobre-cal\u00e7ad\u00e3o-volte-a-ocorrer-Imagem-de-arquivo.jpg\" alt=\"\" width=\"1000\" height=\"667\" srcset=\"https:\/\/anoticiaonline.com.br\/site\/wp-content\/uploads\/2019\/02\/Trabalho-teve-objetivo-de-evitar-que-estacionamento-sobre-cal\u00e7ad\u00e3o-volte-a-ocorrer-Imagem-de-arquivo.jpg 1000w, https:\/\/anoticiaonline.com.br\/site\/wp-content\/uploads\/2019\/02\/Trabalho-teve-objetivo-de-evitar-que-estacionamento-sobre-cal\u00e7ad\u00e3o-volte-a-ocorrer-Imagem-de-arquivo-300x200.jpg 300w, https:\/\/anoticiaonline.com.br\/site\/wp-content\/uploads\/2019\/02\/Trabalho-teve-objetivo-de-evitar-que-estacionamento-sobre-cal\u00e7ad\u00e3o-volte-a-ocorrer-Imagem-de-arquivo-768x512.jpg 768w\" sizes=\"(max-width: 1000px) 100vw, 1000px\" \/><\/a><\/p>\n<p>Para evitar abusos, a Pol\u00edcia Militar intensificou a fiscaliza\u00e7\u00e3o em frente \u00e0s escolas do Centro na \u00faltima semana. A a\u00e7\u00e3o teve o objetivo de orientar os motoristas quanto \u00e0 utiliza\u00e7\u00e3o dos espa\u00e7os destinados \u00e0 sa\u00edda e chegada de estudantes, coibindo a forma\u00e7\u00e3o das filas duplas e o estacionamento sobre o cal\u00e7ad\u00e3o existente nas proximidades de dois col\u00e9gios. Apesar do car\u00e1ter educativo da iniciativa, a equipe da Patrulha de Tr\u00e2nsito precisou multar e at\u00e9 remover ve\u00edculos que estavam estacionados nas \u00e1reas de embarque e desembarque durante os hor\u00e1rios de restri\u00e7\u00e3o.<\/p>\n<p><em>Com informa\u00e7\u00f5es da Prefeitura e 47\u00ba BPM<\/em><\/p>\n","protected":false},"excerpt":{"rendered":"<p>PM e Demuttran intensificam fiscaliza\u00e7\u00e3o do tr\u00e2nsito em \u00e1reas escolares Com o retorno das aulas nas redes p\u00fablica e particular de Muria\u00e9, os j\u00e1 conhecidos problemas de tr\u00e1fego pelas ruas da cidade voltam a se tornar um pesadelo para muitos motoristas. Buscando diminuir ao m\u00e1ximo esses transtornos, a Pol\u00edcia Militar e o Departamento Municipal de &#8230; <a title=\"Tr\u00e2nsito fiscalizado\" class=\"read-more\" href=\"https:\/\/anoticiaonline.com.br\/site\/fiscalizacao-intensificada\/\" aria-label=\"Read more about Tr\u00e2nsito fiscalizado\">Ler mais<\/a><\/p>\n","protected":false},"author":2,"featured_media":67163,"comment_status":"open","ping_status":"open","sticky":false,"template":"","format":"standard","meta":{"_acf_changed":false,"_monsterinsights_skip_tracking":false,"footnotes":""},"categories":[30,45],"tags":[1981,74,230,414,1837],"class_list":["post-67162","post","type-post","status-publish","format-standard","has-post-thumbnail","hentry","category-muriae","category-transito","tag-fiscalizacao","tag-muriae","tag-pm","tag-transito","tag-volta-as-aulas"],"acf":[],"aioseo_notices":[],"aioseo_head":"\n\t\t<!-- All in One SEO 5.0.0.1 - aioseo.com -->\n\t<meta name=\"description\" content=\"PM e Demuttran intensificam fiscaliza\u00e7\u00e3o do tr\u00e2nsito em \u00e1reas escolares Com o retorno das aulas nas redes p\u00fablica e particular de Muria\u00e9, os j\u00e1 conhecidos problemas de tr\u00e1fego pelas ruas da cidade voltam a se tornar um pesadelo para muitos motoristas. Buscando diminuir ao m\u00e1ximo esses transtornos, a Pol\u00edcia Militar e o Departamento Municipal de\" \/>\n\t<meta name=\"robots\" content=\"max-image-preview:large\" \/>\n\t<meta name=\"author\" content=\"Juliana Laviola\"\/>\n\t<link rel=\"canonical\" href=\"https:\/\/anoticiaonline.com.br\/site\/fiscalizacao-intensificada\/\" \/>\n\t<meta name=\"generator\" content=\"All in One SEO (AIOSEO) 5.0.0.1\" \/>\n\t\t<meta property=\"og:locale\" content=\"pt_BR\" \/>\n\t\t<meta property=\"og:site_name\" content=\"A Not\u00edcia Online - Noticias de Muria\u00e9 e regi\u00e3o\" \/>\n\t\t<meta property=\"og:type\" content=\"article\" \/>\n\t\t<meta property=\"og:title\" content=\"Tr\u00e2nsito fiscalizado - A Not\u00edcia Online\" \/>\n\t\t<meta property=\"og:description\" content=\"PM e Demuttran intensificam fiscaliza\u00e7\u00e3o do tr\u00e2nsito em \u00e1reas escolares Com o retorno das aulas nas redes p\u00fablica e particular de Muria\u00e9, os j\u00e1 conhecidos problemas de tr\u00e1fego pelas ruas da cidade voltam a se tornar um pesadelo para muitos motoristas. Buscando diminuir ao m\u00e1ximo esses transtornos, a Pol\u00edcia Militar e o Departamento Municipal de\" \/>\n\t\t<meta property=\"og:url\" content=\"https:\/\/anoticiaonline.com.br\/site\/fiscalizacao-intensificada\/\" \/>\n\t\t<meta property=\"og:image\" content=\"https:\/\/scontent-gig4-1.xx.fbcdn.net\/v\/t39.30808-1\/270437624_4564083193639691_6907940295614233970_n.jpg?stp=dst-jpg_s200x200_tt6&#038;_nc_cat=111&#038;ccb=1-7&#038;_nc_sid=f907e8&#038;_nc_ohc=SM1wRlP3lJwQ7kNvwEPuBYA&#038;_nc_oc=AdnqrjDN_BNjSSHWO-GbkIWH6fkGMLw4bqvL_NH6e2wMveX7G-rP2dAqsDSq1mJMOaY&#038;_nc_zt=24&#038;_nc_ht=scontent-gig4-1.xx&#038;_nc_gid=AoBFJeGrT1hVaew_6rchkQ&#038;oh=00_AfX7QmFGhQhG2jAllVgXCiM1ZrWgvtp80-Bfppyexh1QEg&#038;oe=689E923C\" \/>\n\t\t<meta property=\"og:image:secure_url\" content=\"https:\/\/scontent-gig4-1.xx.fbcdn.net\/v\/t39.30808-1\/270437624_4564083193639691_6907940295614233970_n.jpg?stp=dst-jpg_s200x200_tt6&#038;_nc_cat=111&#038;ccb=1-7&#038;_nc_sid=f907e8&#038;_nc_ohc=SM1wRlP3lJwQ7kNvwEPuBYA&#038;_nc_oc=AdnqrjDN_BNjSSHWO-GbkIWH6fkGMLw4bqvL_NH6e2wMveX7G-rP2dAqsDSq1mJMOaY&#038;_nc_zt=24&#038;_nc_ht=scontent-gig4-1.xx&#038;_nc_gid=AoBFJeGrT1hVaew_6rchkQ&#038;oh=00_AfX7QmFGhQhG2jAllVgXCiM1ZrWgvtp80-Bfppyexh1QEg&#038;oe=689E923C\" \/>\n\t\t<meta property=\"article:published_time\" content=\"2019-02-12T13:46:38+00:00\" \/>\n\t\t<meta property=\"article:modified_time\" content=\"2019-02-12T13:59:29+00:00\" \/>\n\t\t<meta name=\"twitter:card\" content=\"summary_large_image\" \/>\n\t\t<meta name=\"twitter:title\" content=\"Tr\u00e2nsito fiscalizado - A Not\u00edcia Online\" \/>\n\t\t<meta name=\"twitter:description\" content=\"PM e Demuttran intensificam fiscaliza\u00e7\u00e3o do tr\u00e2nsito em \u00e1reas escolares Com o retorno das aulas nas redes p\u00fablica e particular de Muria\u00e9, os j\u00e1 conhecidos problemas de tr\u00e1fego pelas ruas da cidade voltam a se tornar um pesadelo para muitos motoristas. Buscando diminuir ao m\u00e1ximo esses transtornos, a Pol\u00edcia Militar e o Departamento Municipal de\" \/>\n\t\t<meta name=\"twitter:image\" content=\"https:\/\/scontent-gig4-1.xx.fbcdn.net\/v\/t39.30808-1\/270437624_4564083193639691_6907940295614233970_n.jpg?stp=dst-jpg_s200x200_tt6&amp;_nc_cat=111&amp;ccb=1-7&amp;_nc_sid=f907e8&amp;_nc_ohc=SM1wRlP3lJwQ7kNvwEPuBYA&amp;_nc_oc=AdnqrjDN_BNjSSHWO-GbkIWH6fkGMLw4bqvL_NH6e2wMveX7G-rP2dAqsDSq1mJMOaY&amp;_nc_zt=24&amp;_nc_ht=scontent-gig4-1.xx&amp;_nc_gid=AoBFJeGrT1hVaew_6rchkQ&amp;oh=00_AfX7QmFGhQhG2jAllVgXCiM1ZrWgvtp80-Bfppyexh1QEg&amp;oe=689E923C\" \/>\n\t\t<script type=\"application\/ld+json\" class=\"aioseo-schema\">\n\t\t\t{\"@context\":\"https:\\\/\\\/schema.org\",\"@graph\":[{\"@type\":\"BlogPosting\",\"@id\":\"https:\\\/\\\/anoticiaonline.com.br\\\/site\\\/fiscalizacao-intensificada\\\/#blogposting\",\"name\":\"Tr\\u00e2nsito fiscalizado - A Not\\u00edcia Online\",\"headline\":\"Tr\\u00e2nsito fiscalizado\",\"author\":{\"@id\":\"https:\\\/\\\/anoticiaonline.com.br\\\/site\\\/author\\\/juliana\\\/#author\"},\"publisher\":{\"@id\":\"https:\\\/\\\/anoticiaonline.com.br\\\/site\\\/#organization\"},\"image\":{\"@type\":\"ImageObject\",\"url\":\"https:\\\/\\\/anoticiaonline.com.br\\\/site\\\/wp-content\\\/uploads\\\/2019\\\/02\\\/Fiscaliza\\u00e7\\u00e3o-gerou-retirada-de-ve\\u00edculos-que-ocupavam-vagas-destinadas-a-embarque-e-desembarque-escolar.jpg\",\"width\":1000,\"height\":667,\"caption\":\"Fiscaliza\\u00e7\\u00e3o gerou retirada de ve\\u00edculos que ocupavam vagas destinadas a embarque e desembarque escolar\"},\"datePublished\":\"2019-02-12T10:46:38-03:00\",\"dateModified\":\"2019-02-12T10:59:29-03:00\",\"inLanguage\":\"pt-BR\",\"mainEntityOfPage\":{\"@id\":\"https:\\\/\\\/anoticiaonline.com.br\\\/site\\\/fiscalizacao-intensificada\\\/#webpage\"},\"isPartOf\":{\"@id\":\"https:\\\/\\\/anoticiaonline.com.br\\\/site\\\/fiscalizacao-intensificada\\\/#webpage\"},\"articleSection\":\"Blog, Tr\\u00e2nsito, fiscaliza\\u00e7\\u00e3o, Muria\\u00e9, pm, tr\\u00e2nsito, volta as aulas\"},{\"@type\":\"BreadcrumbList\",\"@id\":\"https:\\\/\\\/anoticiaonline.com.br\\\/site\\\/fiscalizacao-intensificada\\\/#breadcrumblist\",\"itemListElement\":[{\"@type\":\"ListItem\",\"@id\":\"https:\\\/\\\/anoticiaonline.com.br\\\/site#listItem\",\"position\":1,\"name\":\"Home\",\"item\":\"https:\\\/\\\/anoticiaonline.com.br\\\/site\",\"nextItem\":{\"@type\":\"ListItem\",\"@id\":\"https:\\\/\\\/anoticiaonline.com.br\\\/site\\\/categoria\\\/muriae\\\/#listItem\",\"name\":\"Blog\"}},{\"@type\":\"ListItem\",\"@id\":\"https:\\\/\\\/anoticiaonline.com.br\\\/site\\\/categoria\\\/muriae\\\/#listItem\",\"position\":2,\"name\":\"Blog\",\"item\":\"https:\\\/\\\/anoticiaonline.com.br\\\/site\\\/categoria\\\/muriae\\\/\",\"nextItem\":{\"@type\":\"ListItem\",\"@id\":\"https:\\\/\\\/anoticiaonline.com.br\\\/site\\\/categoria\\\/muriae\\\/transito\\\/#listItem\",\"name\":\"Tr\\u00e2nsito\"},\"previousItem\":{\"@type\":\"ListItem\",\"@id\":\"https:\\\/\\\/anoticiaonline.com.br\\\/site#listItem\",\"name\":\"Home\"}},{\"@type\":\"ListItem\",\"@id\":\"https:\\\/\\\/anoticiaonline.com.br\\\/site\\\/categoria\\\/muriae\\\/transito\\\/#listItem\",\"position\":3,\"name\":\"Tr\\u00e2nsito\",\"item\":\"https:\\\/\\\/anoticiaonline.com.br\\\/site\\\/categoria\\\/muriae\\\/transito\\\/\",\"nextItem\":{\"@type\":\"ListItem\",\"@id\":\"https:\\\/\\\/anoticiaonline.com.br\\\/site\\\/fiscalizacao-intensificada\\\/#listItem\",\"name\":\"Tr\\u00e2nsito fiscalizado\"},\"previousItem\":{\"@type\":\"ListItem\",\"@id\":\"https:\\\/\\\/anoticiaonline.com.br\\\/site\\\/categoria\\\/muriae\\\/#listItem\",\"name\":\"Blog\"}},{\"@type\":\"ListItem\",\"@id\":\"https:\\\/\\\/anoticiaonline.com.br\\\/site\\\/fiscalizacao-intensificada\\\/#listItem\",\"position\":4,\"name\":\"Tr\\u00e2nsito fiscalizado\",\"previousItem\":{\"@type\":\"ListItem\",\"@id\":\"https:\\\/\\\/anoticiaonline.com.br\\\/site\\\/categoria\\\/muriae\\\/transito\\\/#listItem\",\"name\":\"Tr\\u00e2nsito\"}}]},{\"@type\":\"Organization\",\"@id\":\"https:\\\/\\\/anoticiaonline.com.br\\\/site\\\/#organization\",\"name\":\"A Not\\u00edcia Online\",\"description\":\"Noticias de Muria\\u00e9 e regi\\u00e3o\",\"url\":\"https:\\\/\\\/anoticiaonline.com.br\\\/site\\\/\",\"logo\":{\"@type\":\"ImageObject\",\"url\":\"https:\\\/\\\/scontent-gig4-1.xx.fbcdn.net\\\/v\\\/t39.30808-1\\\/270437624_4564083193639691_6907940295614233970_n.jpg?stp=dst-jpg_s200x200_tt6&_nc_cat=111&ccb=1-7&_nc_sid=f907e8&_nc_ohc=SM1wRlP3lJwQ7kNvwEPuBYA&_nc_oc=AdnqrjDN_BNjSSHWO-GbkIWH6fkGMLw4bqvL_NH6e2wMveX7G-rP2dAqsDSq1mJMOaY&_nc_zt=24&_nc_ht=scontent-gig4-1.xx&_nc_gid=AoBFJeGrT1hVaew_6rchkQ&oh=00_AfX7QmFGhQhG2jAllVgXCiM1ZrWgvtp80-Bfppyexh1QEg&oe=689E923C\",\"@id\":\"https:\\\/\\\/anoticiaonline.com.br\\\/site\\\/fiscalizacao-intensificada\\\/#organizationLogo\"},\"image\":{\"@id\":\"https:\\\/\\\/anoticiaonline.com.br\\\/site\\\/fiscalizacao-intensificada\\\/#organizationLogo\"}},{\"@type\":\"Person\",\"@id\":\"https:\\\/\\\/anoticiaonline.com.br\\\/site\\\/author\\\/juliana\\\/#author\",\"url\":\"https:\\\/\\\/anoticiaonline.com.br\\\/site\\\/author\\\/juliana\\\/\",\"name\":\"Juliana Laviola\",\"image\":{\"@type\":\"ImageObject\",\"@id\":\"https:\\\/\\\/anoticiaonline.com.br\\\/site\\\/fiscalizacao-intensificada\\\/#authorImage\",\"url\":\"https:\\\/\\\/secure.gravatar.com\\\/avatar\\\/b8d45f5c699b100dfaf0e543582f38f38bf94cb7ae3a5e9abf8d891a34773335?s=96&d=mm&r=g\",\"width\":96,\"height\":96,\"caption\":\"Juliana Laviola\"}},{\"@type\":\"WebPage\",\"@id\":\"https:\\\/\\\/anoticiaonline.com.br\\\/site\\\/fiscalizacao-intensificada\\\/#webpage\",\"url\":\"https:\\\/\\\/anoticiaonline.com.br\\\/site\\\/fiscalizacao-intensificada\\\/\",\"name\":\"Tr\\u00e2nsito fiscalizado - A Not\\u00edcia Online\",\"description\":\"PM e Demuttran intensificam fiscaliza\\u00e7\\u00e3o do tr\\u00e2nsito em \\u00e1reas escolares Com o retorno das aulas nas redes p\\u00fablica e particular de Muria\\u00e9, os j\\u00e1 conhecidos problemas de tr\\u00e1fego pelas ruas da cidade voltam a se tornar um pesadelo para muitos motoristas. Buscando diminuir ao m\\u00e1ximo esses transtornos, a Pol\\u00edcia Militar e o Departamento Municipal de\",\"inLanguage\":\"pt-BR\",\"isPartOf\":{\"@id\":\"https:\\\/\\\/anoticiaonline.com.br\\\/site\\\/#website\"},\"breadcrumb\":{\"@id\":\"https:\\\/\\\/anoticiaonline.com.br\\\/site\\\/fiscalizacao-intensificada\\\/#breadcrumblist\"},\"author\":{\"@id\":\"https:\\\/\\\/anoticiaonline.com.br\\\/site\\\/author\\\/juliana\\\/#author\"},\"creator\":{\"@id\":\"https:\\\/\\\/anoticiaonline.com.br\\\/site\\\/author\\\/juliana\\\/#author\"},\"image\":{\"@type\":\"ImageObject\",\"url\":\"https:\\\/\\\/anoticiaonline.com.br\\\/site\\\/wp-content\\\/uploads\\\/2019\\\/02\\\/Fiscaliza\\u00e7\\u00e3o-gerou-retirada-de-ve\\u00edculos-que-ocupavam-vagas-destinadas-a-embarque-e-desembarque-escolar.jpg\",\"@id\":\"https:\\\/\\\/anoticiaonline.com.br\\\/site\\\/fiscalizacao-intensificada\\\/#mainImage\",\"width\":1000,\"height\":667,\"caption\":\"Fiscaliza\\u00e7\\u00e3o gerou retirada de ve\\u00edculos que ocupavam vagas destinadas a embarque e desembarque escolar\"},\"primaryImageOfPage\":{\"@id\":\"https:\\\/\\\/anoticiaonline.com.br\\\/site\\\/fiscalizacao-intensificada\\\/#mainImage\"},\"datePublished\":\"2019-02-12T10:46:38-03:00\",\"dateModified\":\"2019-02-12T10:59:29-03:00\"},{\"@type\":\"WebSite\",\"@id\":\"https:\\\/\\\/anoticiaonline.com.br\\\/site\\\/#website\",\"url\":\"https:\\\/\\\/anoticiaonline.com.br\\\/site\\\/\",\"name\":\"A Not\\u00edcia Online\",\"description\":\"Noticias de Muria\\u00e9 e regi\\u00e3o\",\"inLanguage\":\"pt-BR\",\"publisher\":{\"@id\":\"https:\\\/\\\/anoticiaonline.com.br\\\/site\\\/#organization\"}}]}\n\t\t<\/script>\n\t\t<!-- All in One SEO -->\n\n","aioseo_head_json":{"title":"Tr\u00e2nsito fiscalizado - A Not\u00edcia Online","description":"PM e Demuttran intensificam fiscaliza\u00e7\u00e3o do tr\u00e2nsito em \u00e1reas escolares Com o retorno das aulas nas redes p\u00fablica e particular de Muria\u00e9, os j\u00e1 conhecidos problemas de tr\u00e1fego pelas ruas da cidade voltam a se tornar um pesadelo para muitos motoristas. Buscando diminuir ao m\u00e1ximo esses transtornos, a Pol\u00edcia Militar e o Departamento Municipal de","canonical_url":"https:\/\/anoticiaonline.com.br\/site\/fiscalizacao-intensificada\/","robots":"max-image-preview:large","keywords":"","webmasterTools":{"miscellaneous":""},"schema":{"@context":"https:\/\/schema.org","@graph":[{"@type":"BlogPosting","@id":"https:\/\/anoticiaonline.com.br\/site\/fiscalizacao-intensificada\/#blogposting","name":"Tr\u00e2nsito fiscalizado - A Not\u00edcia Online","headline":"Tr\u00e2nsito fiscalizado","author":{"@id":"https:\/\/anoticiaonline.com.br\/site\/author\/juliana\/#author"},"publisher":{"@id":"https:\/\/anoticiaonline.com.br\/site\/#organization"},"image":{"@type":"ImageObject","url":"https:\/\/anoticiaonline.com.br\/site\/wp-content\/uploads\/2019\/02\/Fiscaliza\u00e7\u00e3o-gerou-retirada-de-ve\u00edculos-que-ocupavam-vagas-destinadas-a-embarque-e-desembarque-escolar.jpg","width":1000,"height":667,"caption":"Fiscaliza\u00e7\u00e3o gerou retirada de ve\u00edculos que ocupavam vagas destinadas a embarque e desembarque escolar"},"datePublished":"2019-02-12T10:46:38-03:00","dateModified":"2019-02-12T10:59:29-03:00","inLanguage":"pt-BR","mainEntityOfPage":{"@id":"https:\/\/anoticiaonline.com.br\/site\/fiscalizacao-intensificada\/#webpage"},"isPartOf":{"@id":"https:\/\/anoticiaonline.com.br\/site\/fiscalizacao-intensificada\/#webpage"},"articleSection":"Blog, Tr\u00e2nsito, fiscaliza\u00e7\u00e3o, Muria\u00e9, pm, tr\u00e2nsito, volta as aulas"},{"@type":"BreadcrumbList","@id":"https:\/\/anoticiaonline.com.br\/site\/fiscalizacao-intensificada\/#breadcrumblist","itemListElement":[{"@type":"ListItem","@id":"https:\/\/anoticiaonline.com.br\/site#listItem","position":1,"name":"Home","item":"https:\/\/anoticiaonline.com.br\/site","nextItem":{"@type":"ListItem","@id":"https:\/\/anoticiaonline.com.br\/site\/categoria\/muriae\/#listItem","name":"Blog"}},{"@type":"ListItem","@id":"https:\/\/anoticiaonline.com.br\/site\/categoria\/muriae\/#listItem","position":2,"name":"Blog","item":"https:\/\/anoticiaonline.com.br\/site\/categoria\/muriae\/","nextItem":{"@type":"ListItem","@id":"https:\/\/anoticiaonline.com.br\/site\/categoria\/muriae\/transito\/#listItem","name":"Tr\u00e2nsito"},"previousItem":{"@type":"ListItem","@id":"https:\/\/anoticiaonline.com.br\/site#listItem","name":"Home"}},{"@type":"ListItem","@id":"https:\/\/anoticiaonline.com.br\/site\/categoria\/muriae\/transito\/#listItem","position":3,"name":"Tr\u00e2nsito","item":"https:\/\/anoticiaonline.com.br\/site\/categoria\/muriae\/transito\/","nextItem":{"@type":"ListItem","@id":"https:\/\/anoticiaonline.com.br\/site\/fiscalizacao-intensificada\/#listItem","name":"Tr\u00e2nsito fiscalizado"},"previousItem":{"@type":"ListItem","@id":"https:\/\/anoticiaonline.com.br\/site\/categoria\/muriae\/#listItem","name":"Blog"}},{"@type":"ListItem","@id":"https:\/\/anoticiaonline.com.br\/site\/fiscalizacao-intensificada\/#listItem","position":4,"name":"Tr\u00e2nsito fiscalizado","previousItem":{"@type":"ListItem","@id":"https:\/\/anoticiaonline.com.br\/site\/categoria\/muriae\/transito\/#listItem","name":"Tr\u00e2nsito"}}]},{"@type":"Organization","@id":"https:\/\/anoticiaonline.com.br\/site\/#organization","name":"A Not\u00edcia Online","description":"Noticias de Muria\u00e9 e regi\u00e3o","url":"https:\/\/anoticiaonline.com.br\/site\/","logo":{"@type":"ImageObject","url":"https:\/\/scontent-gig4-1.xx.fbcdn.net\/v\/t39.30808-1\/270437624_4564083193639691_6907940295614233970_n.jpg?stp=dst-jpg_s200x200_tt6&_nc_cat=111&ccb=1-7&_nc_sid=f907e8&_nc_ohc=SM1wRlP3lJwQ7kNvwEPuBYA&_nc_oc=AdnqrjDN_BNjSSHWO-GbkIWH6fkGMLw4bqvL_NH6e2wMveX7G-rP2dAqsDSq1mJMOaY&_nc_zt=24&_nc_ht=scontent-gig4-1.xx&_nc_gid=AoBFJeGrT1hVaew_6rchkQ&oh=00_AfX7QmFGhQhG2jAllVgXCiM1ZrWgvtp80-Bfppyexh1QEg&oe=689E923C","@id":"https:\/\/anoticiaonline.com.br\/site\/fiscalizacao-intensificada\/#organizationLogo"},"image":{"@id":"https:\/\/anoticiaonline.com.br\/site\/fiscalizacao-intensificada\/#organizationLogo"}},{"@type":"Person","@id":"https:\/\/anoticiaonline.com.br\/site\/author\/juliana\/#author","url":"https:\/\/anoticiaonline.com.br\/site\/author\/juliana\/","name":"Juliana Laviola","image":{"@type":"ImageObject","@id":"https:\/\/anoticiaonline.com.br\/site\/fiscalizacao-intensificada\/#authorImage","url":"https:\/\/secure.gravatar.com\/avatar\/b8d45f5c699b100dfaf0e543582f38f38bf94cb7ae3a5e9abf8d891a34773335?s=96&d=mm&r=g","width":96,"height":96,"caption":"Juliana Laviola"}},{"@type":"WebPage","@id":"https:\/\/anoticiaonline.com.br\/site\/fiscalizacao-intensificada\/#webpage","url":"https:\/\/anoticiaonline.com.br\/site\/fiscalizacao-intensificada\/","name":"Tr\u00e2nsito fiscalizado - A Not\u00edcia Online","description":"PM e Demuttran intensificam fiscaliza\u00e7\u00e3o do tr\u00e2nsito em \u00e1reas escolares Com o retorno das aulas nas redes p\u00fablica e particular de Muria\u00e9, os j\u00e1 conhecidos problemas de tr\u00e1fego pelas ruas da cidade voltam a se tornar um pesadelo para muitos motoristas. Buscando diminuir ao m\u00e1ximo esses transtornos, a Pol\u00edcia Militar e o Departamento Municipal de","inLanguage":"pt-BR","isPartOf":{"@id":"https:\/\/anoticiaonline.com.br\/site\/#website"},"breadcrumb":{"@id":"https:\/\/anoticiaonline.com.br\/site\/fiscalizacao-intensificada\/#breadcrumblist"},"author":{"@id":"https:\/\/anoticiaonline.com.br\/site\/author\/juliana\/#author"},"creator":{"@id":"https:\/\/anoticiaonline.com.br\/site\/author\/juliana\/#author"},"image":{"@type":"ImageObject","url":"https:\/\/anoticiaonline.com.br\/site\/wp-content\/uploads\/2019\/02\/Fiscaliza\u00e7\u00e3o-gerou-retirada-de-ve\u00edculos-que-ocupavam-vagas-destinadas-a-embarque-e-desembarque-escolar.jpg","@id":"https:\/\/anoticiaonline.com.br\/site\/fiscalizacao-intensificada\/#mainImage","width":1000,"height":667,"caption":"Fiscaliza\u00e7\u00e3o gerou retirada de ve\u00edculos que ocupavam vagas destinadas a embarque e desembarque escolar"},"primaryImageOfPage":{"@id":"https:\/\/anoticiaonline.com.br\/site\/fiscalizacao-intensificada\/#mainImage"},"datePublished":"2019-02-12T10:46:38-03:00","dateModified":"2019-02-12T10:59:29-03:00"},{"@type":"WebSite","@id":"https:\/\/anoticiaonline.com.br\/site\/#website","url":"https:\/\/anoticiaonline.com.br\/site\/","name":"A Not\u00edcia Online","description":"Noticias de Muria\u00e9 e regi\u00e3o","inLanguage":"pt-BR","publisher":{"@id":"https:\/\/anoticiaonline.com.br\/site\/#organization"}}]},"og:locale":"pt_BR","og:site_name":"A Not\u00edcia Online - Noticias de Muria\u00e9 e regi\u00e3o","og:type":"article","og:title":"Tr\u00e2nsito fiscalizado - A Not\u00edcia Online","og:description":"PM e Demuttran intensificam fiscaliza\u00e7\u00e3o do tr\u00e2nsito em \u00e1reas escolares Com o retorno das aulas nas redes p\u00fablica e particular de Muria\u00e9, os j\u00e1 conhecidos problemas de tr\u00e1fego pelas ruas da cidade voltam a se tornar um pesadelo para muitos motoristas. Buscando diminuir ao m\u00e1ximo esses transtornos, a Pol\u00edcia Militar e o Departamento Municipal de","og:url":"https:\/\/anoticiaonline.com.br\/site\/fiscalizacao-intensificada\/","og:image":"https:\/\/scontent-gig4-1.xx.fbcdn.net\/v\/t39.30808-1\/270437624_4564083193639691_6907940295614233970_n.jpg?stp=dst-jpg_s200x200_tt6&#038;_nc_cat=111&#038;ccb=1-7&#038;_nc_sid=f907e8&#038;_nc_ohc=SM1wRlP3lJwQ7kNvwEPuBYA&#038;_nc_oc=AdnqrjDN_BNjSSHWO-GbkIWH6fkGMLw4bqvL_NH6e2wMveX7G-rP2dAqsDSq1mJMOaY&#038;_nc_zt=24&#038;_nc_ht=scontent-gig4-1.xx&#038;_nc_gid=AoBFJeGrT1hVaew_6rchkQ&#038;oh=00_AfX7QmFGhQhG2jAllVgXCiM1ZrWgvtp80-Bfppyexh1QEg&#038;oe=689E923C","og:image:secure_url":"https:\/\/scontent-gig4-1.xx.fbcdn.net\/v\/t39.30808-1\/270437624_4564083193639691_6907940295614233970_n.jpg?stp=dst-jpg_s200x200_tt6&#038;_nc_cat=111&#038;ccb=1-7&#038;_nc_sid=f907e8&#038;_nc_ohc=SM1wRlP3lJwQ7kNvwEPuBYA&#038;_nc_oc=AdnqrjDN_BNjSSHWO-GbkIWH6fkGMLw4bqvL_NH6e2wMveX7G-rP2dAqsDSq1mJMOaY&#038;_nc_zt=24&#038;_nc_ht=scontent-gig4-1.xx&#038;_nc_gid=AoBFJeGrT1hVaew_6rchkQ&#038;oh=00_AfX7QmFGhQhG2jAllVgXCiM1ZrWgvtp80-Bfppyexh1QEg&#038;oe=689E923C","article:published_time":"2019-02-12T13:46:38+00:00","article:modified_time":"2019-02-12T13:59:29+00:00","twitter:card":"summary_large_image","twitter:title":"Tr\u00e2nsito fiscalizado - A Not\u00edcia Online","twitter:description":"PM e Demuttran intensificam fiscaliza\u00e7\u00e3o do tr\u00e2nsito em \u00e1reas escolares Com o retorno das aulas nas redes p\u00fablica e particular de Muria\u00e9, os j\u00e1 conhecidos problemas de tr\u00e1fego pelas ruas da cidade voltam a se tornar um pesadelo para muitos motoristas. Buscando diminuir ao m\u00e1ximo esses transtornos, a Pol\u00edcia Militar e o Departamento Municipal de","twitter:image":"https:\/\/scontent-gig4-1.xx.fbcdn.net\/v\/t39.30808-1\/270437624_4564083193639691_6907940295614233970_n.jpg?stp=dst-jpg_s200x200_tt6&_nc_cat=111&ccb=1-7&_nc_sid=f907e8&_nc_ohc=SM1wRlP3lJwQ7kNvwEPuBYA&_nc_oc=AdnqrjDN_BNjSSHWO-GbkIWH6fkGMLw4bqvL_NH6e2wMveX7G-rP2dAqsDSq1mJMOaY&_nc_zt=24&_nc_ht=scontent-gig4-1.xx&_nc_gid=AoBFJeGrT1hVaew_6rchkQ&oh=00_AfX7QmFGhQhG2jAllVgXCiM1ZrWgvtp80-Bfppyexh1QEg&oe=689E923C"},"aioseo_meta_data":{"post_id":"67162","title":null,"description":null,"keywords":null,"keyphrases":null,"primary_term":null,"canonical_url":null,"og_title":null,"og_description":null,"og_object_type":"default","og_image_type":"default","og_image_url":null,"og_image_width":null,"og_image_height":null,"og_image_custom_url":null,"og_image_custom_fields":null,"og_video":null,"og_custom_url":null,"og_article_section":null,"og_article_tags":null,"twitter_use_og":false,"twitter_card":"default","twitter_image_type":"default","twitter_image_url":null,"twitter_image_custom_url":null,"twitter_image_custom_fields":null,"twitter_title":null,"twitter_description":null,"schema":{"blockGraphs":[],"customGraphs":[],"default":{"data":{"Article":[],"Course":[],"Dataset":[],"FAQPage":[],"Movie":[],"Person":[],"Product":[],"ProductReview":[],"Car":[],"Recipe":[],"Service":[],"SoftwareApplication":[],"WebPage":[]},"graphName":"","isEnabled":true},"graphs":[]},"schema_type":"default","schema_type_options":null,"pillar_content":false,"robots_default":true,"robots_noindex":false,"robots_noarchive":false,"robots_nosnippet":false,"robots_nofollow":false,"robots_noimageindex":false,"robots_noodp":false,"robots_notranslate":false,"robots_max_snippet":null,"robots_max_videopreview":null,"robots_max_imagepreview":"large","priority":null,"frequency":null,"local_seo":null,"breadcrumb_settings":null,"limit_modified_date":false,"ai":null,"created":"2025-08-16 22:45:19","updated":"2025-08-16 22:45:19","focus_keyword":null,"additional_keywords":null,"truseo_locale":null,"seo_analyzer_scan_date":null},"aioseo_breadcrumb":"<div class=\"aioseo-breadcrumbs\"><span class=\"aioseo-breadcrumb\">\n\t\t\t<a href=\"https:\/\/anoticiaonline.com.br\/site\" title=\"Home\">Home<\/a>\n\t\t<\/span><span class=\"aioseo-breadcrumb-separator\">&raquo;<\/span><span class=\"aioseo-breadcrumb\">\n\t\t\t<a href=\"https:\/\/anoticiaonline.com.br\/site\/categoria\/muriae\/\" title=\"Blog\">Blog<\/a>\n\t\t<\/span><span class=\"aioseo-breadcrumb-separator\">&raquo;<\/span><span class=\"aioseo-breadcrumb\">\n\t\t\t<a href=\"https:\/\/anoticiaonline.com.br\/site\/categoria\/muriae\/transito\/\" title=\"Tr\u00e2nsito\">Tr\u00e2nsito<\/a>\n\t\t<\/span><span class=\"aioseo-breadcrumb-separator\">&raquo;<\/span><span class=\"aioseo-breadcrumb\">\n\t\t\tTr\u00e2nsito fiscalizado\n\t\t<\/span><\/div>","aioseo_breadcrumb_json":[{"label":"Home","link":"https:\/\/anoticiaonline.com.br\/site"},{"label":"Blog","link":"https:\/\/anoticiaonline.com.br\/site\/categoria\/muriae\/"},{"label":"Tr\u00e2nsito","link":"https:\/\/anoticiaonline.com.br\/site\/categoria\/muriae\/transito\/"},{"label":"Tr\u00e2nsito fiscalizado","link":"https:\/\/anoticiaonline.com.br\/site\/fiscalizacao-intensificada\/"}],"views":173,"_links":{"self":[{"href":"https:\/\/anoticiaonline.com.br\/site\/wp-json\/wp\/v2\/posts\/67162","targetHints":{"allow":["GET"]}}],"collection":[{"href":"https:\/\/anoticiaonline.com.br\/site\/wp-json\/wp\/v2\/posts"}],"about":[{"href":"https:\/\/anoticiaonline.com.br\/site\/wp-json\/wp\/v2\/types\/post"}],"author":[{"embeddable":true,"href":"https:\/\/anoticiaonline.com.br\/site\/wp-json\/wp\/v2\/users\/2"}],"replies":[{"embeddable":true,"href":"https:\/\/anoticiaonline.com.br\/site\/wp-json\/wp\/v2\/comments?post=67162"}],"version-history":[{"count":0,"href":"https:\/\/anoticiaonline.com.br\/site\/wp-json\/wp\/v2\/posts\/67162\/revisions"}],"wp:featuredmedia":[{"embeddable":true,"href":"https:\/\/anoticiaonline.com.br\/site\/wp-json\/wp\/v2\/media\/67163"}],"wp:attachment":[{"href":"https:\/\/anoticiaonline.com.br\/site\/wp-json\/wp\/v2\/media?parent=67162"}],"wp:term":[{"taxonomy":"category","embeddable":true,"href":"https:\/\/anoticiaonline.com.br\/site\/wp-json\/wp\/v2\/categories?post=67162"},{"taxonomy":"post_tag","embeddable":true,"href":"https:\/\/anoticiaonline.com.br\/site\/wp-json\/wp\/v2\/tags?post=67162"}],"curies":[{"name":"wp","href":"https:\/\/api.w.org\/{rel}","templated":true}]}}