{"id":67135,"date":"2019-02-09T18:09:22","date_gmt":"2019-02-09T21:09:22","guid":{"rendered":"http:\/\/anoticiaonline.com.br\/site\/?p=67135"},"modified":"2019-02-08T15:56:14","modified_gmt":"2019-02-08T18:56:14","slug":"mantendo-sua-tradicao-centenaria-escola-sao-paulo-e-eleita-destaque-2018-na-educacao","status":"publish","type":"post","link":"https:\/\/anoticiaonline.com.br\/site\/mantendo-sua-tradicao-centenaria-escola-sao-paulo-e-eleita-destaque-2018-na-educacao\/","title":{"rendered":"Mantendo sua tradi\u00e7\u00e3o centen\u00e1ria, Escola S\u00e3o Paulo \u00e9 eleita Destaque 2018 na Educa\u00e7\u00e3o"},"content":{"rendered":"<p><a href=\"https:\/\/anoticiaonline.com.br\/site\/wp-content\/uploads\/2019\/02\/ESP.jpg\"><img fetchpriority=\"high\" decoding=\"async\" class=\"aligncenter size-full wp-image-67133\" src=\"https:\/\/anoticiaonline.com.br\/site\/wp-content\/uploads\/2019\/02\/ESP.jpg\" alt=\"\" width=\"865\" height=\"743\" srcset=\"https:\/\/anoticiaonline.com.br\/site\/wp-content\/uploads\/2019\/02\/ESP.jpg 865w, https:\/\/anoticiaonline.com.br\/site\/wp-content\/uploads\/2019\/02\/ESP-300x258.jpg 300w, https:\/\/anoticiaonline.com.br\/site\/wp-content\/uploads\/2019\/02\/ESP-768x660.jpg 768w\" sizes=\"(max-width: 865px) 100vw, 865px\" \/><\/a><\/p>\n<p>Trazendo consigo a tradi\u00e7\u00e3o de mais de 100 anos de dedica\u00e7\u00e3o \u00e0 educa\u00e7\u00e3o e \u00e0 forma\u00e7\u00e3o de pessoas, por mais um ano a Escola S\u00e3o Paulo foi eleita Destaque pelo Jornal A Not\u00edcia, na categoria Educa\u00e7\u00e3o.<\/p>\n<p>Fundada em 1913 pelo Dr. M\u00e1rio de Ururahy Macedo, com o nome de Atheneu S\u00e3o Paulo, a institui\u00e7\u00e3o passou, em 1944, \u00e0s m\u00e3os do Sr. Raphael Jos\u00e9 de Oliveira Barreto, que a doou a Diocese de Leopoldina para impedir o fim das atividades. Durante quase 30 anos, at\u00e9 1972, a Diocese cuidou da manuten\u00e7\u00e3o da institui\u00e7\u00e3o, retornando-a, ao fim do per\u00edodo, \u00e0 fam\u00edlia Barreto. Em 1982, \u00e9 criado o Instituto Raphael Barreto, entidade sem fins lucrativos, que passa a ser o mantenedor da Escola S\u00e3o Paulo.<\/p>\n<p>Durante todos estes 106 anos de atividades, a Escola S\u00e3o Paulo sempre despontou como refer\u00eancia na Educa\u00e7\u00e3o e participou ativamente da vida de diversas gera\u00e7\u00f5es familiares em Muria\u00e9 e toda a regi\u00e3o. Entre seus mais c\u00e9lebres ex-alunos, est\u00e1 o nome de Jos\u00e9 Alencar, ex-vice-Presidente da Rep\u00fablica.<\/p>\n<p>Toda essa hist\u00f3ria de vit\u00f3rias e conquistas n\u00e3o impediu que a Escola S\u00e3o Paulo tamb\u00e9m se modernizasse. Atualmente, sob a dire\u00e7\u00e3o de Jos\u00e9 Nicodemos Couto, a ESP conta com uma das melhores estruturas f\u00edsicas de todo o estado, oferecendo educa\u00e7\u00e3o de qualidade e li\u00e7\u00f5es que v\u00e3o al\u00e9m da sala de aula, auxiliando a forma\u00e7\u00e3o de uma sociedade mais justa e preparada para todos os desafios.<\/p>\n","protected":false},"excerpt":{"rendered":"<p>Trazendo consigo a tradi\u00e7\u00e3o de mais de 100 anos de dedica\u00e7\u00e3o \u00e0 educa\u00e7\u00e3o e \u00e0 forma\u00e7\u00e3o de pessoas, por mais um ano a Escola S\u00e3o Paulo foi eleita Destaque pelo Jornal A Not\u00edcia, na categoria Educa\u00e7\u00e3o. Fundada em 1913 pelo Dr. M\u00e1rio de Ururahy Macedo, com o nome de Atheneu S\u00e3o Paulo, a institui\u00e7\u00e3o passou, &#8230; <a title=\"Mantendo sua tradi\u00e7\u00e3o centen\u00e1ria, Escola S\u00e3o Paulo \u00e9 eleita Destaque 2018 na Educa\u00e7\u00e3o\" class=\"read-more\" href=\"https:\/\/anoticiaonline.com.br\/site\/mantendo-sua-tradicao-centenaria-escola-sao-paulo-e-eleita-destaque-2018-na-educacao\/\" aria-label=\"Read more about Mantendo sua tradi\u00e7\u00e3o centen\u00e1ria, Escola S\u00e3o Paulo \u00e9 eleita Destaque 2018 na Educa\u00e7\u00e3o\">Ler mais<\/a><\/p>\n","protected":false},"author":2,"featured_media":0,"comment_status":"open","ping_status":"open","sticky":false,"template":"","format":"standard","meta":{"_acf_changed":false,"_monsterinsights_skip_tracking":false,"footnotes":""},"categories":[30],"tags":[],"class_list":["post-67135","post","type-post","status-publish","format-standard","hentry","category-muriae"],"acf":[],"aioseo_notices":[],"aioseo_head":"\n\t\t<!-- All in One SEO 5.0.0.1 - aioseo.com -->\n\t<meta name=\"description\" content=\"Trazendo consigo a tradi\u00e7\u00e3o de mais de 100 anos de dedica\u00e7\u00e3o \u00e0 educa\u00e7\u00e3o e \u00e0 forma\u00e7\u00e3o de pessoas, por mais um ano a Escola S\u00e3o Paulo foi eleita Destaque pelo Jornal A Not\u00edcia, na categoria Educa\u00e7\u00e3o. Fundada em 1913 pelo Dr. M\u00e1rio de Ururahy Macedo, com o nome de Atheneu S\u00e3o Paulo, a institui\u00e7\u00e3o passou,\" \/>\n\t<meta name=\"robots\" content=\"max-image-preview:large\" \/>\n\t<meta name=\"author\" content=\"Juliana Laviola\"\/>\n\t<link rel=\"canonical\" href=\"https:\/\/anoticiaonline.com.br\/site\/mantendo-sua-tradicao-centenaria-escola-sao-paulo-e-eleita-destaque-2018-na-educacao\/\" \/>\n\t<meta name=\"generator\" content=\"All in One SEO (AIOSEO) 5.0.0.1\" \/>\n\t\t<meta property=\"og:locale\" content=\"pt_BR\" \/>\n\t\t<meta property=\"og:site_name\" content=\"A Not\u00edcia Online - Noticias de Muria\u00e9 e regi\u00e3o\" \/>\n\t\t<meta property=\"og:type\" content=\"article\" \/>\n\t\t<meta property=\"og:title\" content=\"Mantendo sua tradi\u00e7\u00e3o centen\u00e1ria, Escola S\u00e3o Paulo \u00e9 eleita Destaque 2018 na Educa\u00e7\u00e3o - A Not\u00edcia Online\" \/>\n\t\t<meta property=\"og:description\" content=\"Trazendo consigo a tradi\u00e7\u00e3o de mais de 100 anos de dedica\u00e7\u00e3o \u00e0 educa\u00e7\u00e3o e \u00e0 forma\u00e7\u00e3o de pessoas, por mais um ano a Escola S\u00e3o Paulo foi eleita Destaque pelo Jornal A Not\u00edcia, na categoria Educa\u00e7\u00e3o. Fundada em 1913 pelo Dr. M\u00e1rio de Ururahy Macedo, com o nome de Atheneu S\u00e3o Paulo, a institui\u00e7\u00e3o passou,\" \/>\n\t\t<meta property=\"og:url\" content=\"https:\/\/anoticiaonline.com.br\/site\/mantendo-sua-tradicao-centenaria-escola-sao-paulo-e-eleita-destaque-2018-na-educacao\/\" \/>\n\t\t<meta property=\"og:image\" content=\"https:\/\/scontent-gig4-1.xx.fbcdn.net\/v\/t39.30808-1\/270437624_4564083193639691_6907940295614233970_n.jpg?stp=dst-jpg_s200x200_tt6&#038;_nc_cat=111&#038;ccb=1-7&#038;_nc_sid=f907e8&#038;_nc_ohc=SM1wRlP3lJwQ7kNvwEPuBYA&#038;_nc_oc=AdnqrjDN_BNjSSHWO-GbkIWH6fkGMLw4bqvL_NH6e2wMveX7G-rP2dAqsDSq1mJMOaY&#038;_nc_zt=24&#038;_nc_ht=scontent-gig4-1.xx&#038;_nc_gid=AoBFJeGrT1hVaew_6rchkQ&#038;oh=00_AfX7QmFGhQhG2jAllVgXCiM1ZrWgvtp80-Bfppyexh1QEg&#038;oe=689E923C\" \/>\n\t\t<meta property=\"og:image:secure_url\" content=\"https:\/\/scontent-gig4-1.xx.fbcdn.net\/v\/t39.30808-1\/270437624_4564083193639691_6907940295614233970_n.jpg?stp=dst-jpg_s200x200_tt6&#038;_nc_cat=111&#038;ccb=1-7&#038;_nc_sid=f907e8&#038;_nc_ohc=SM1wRlP3lJwQ7kNvwEPuBYA&#038;_nc_oc=AdnqrjDN_BNjSSHWO-GbkIWH6fkGMLw4bqvL_NH6e2wMveX7G-rP2dAqsDSq1mJMOaY&#038;_nc_zt=24&#038;_nc_ht=scontent-gig4-1.xx&#038;_nc_gid=AoBFJeGrT1hVaew_6rchkQ&#038;oh=00_AfX7QmFGhQhG2jAllVgXCiM1ZrWgvtp80-Bfppyexh1QEg&#038;oe=689E923C\" \/>\n\t\t<meta property=\"article:published_time\" content=\"2019-02-09T21:09:22+00:00\" \/>\n\t\t<meta property=\"article:modified_time\" content=\"2019-02-08T18:56:14+00:00\" \/>\n\t\t<meta name=\"twitter:card\" content=\"summary_large_image\" \/>\n\t\t<meta name=\"twitter:title\" content=\"Mantendo sua tradi\u00e7\u00e3o centen\u00e1ria, Escola S\u00e3o Paulo \u00e9 eleita Destaque 2018 na Educa\u00e7\u00e3o - A Not\u00edcia Online\" \/>\n\t\t<meta name=\"twitter:description\" content=\"Trazendo consigo a tradi\u00e7\u00e3o de mais de 100 anos de dedica\u00e7\u00e3o \u00e0 educa\u00e7\u00e3o e \u00e0 forma\u00e7\u00e3o de pessoas, por mais um ano a Escola S\u00e3o Paulo foi eleita Destaque pelo Jornal A Not\u00edcia, na categoria Educa\u00e7\u00e3o. Fundada em 1913 pelo Dr. M\u00e1rio de Ururahy Macedo, com o nome de Atheneu S\u00e3o Paulo, a institui\u00e7\u00e3o passou,\" \/>\n\t\t<meta name=\"twitter:image\" content=\"https:\/\/scontent-gig4-1.xx.fbcdn.net\/v\/t39.30808-1\/270437624_4564083193639691_6907940295614233970_n.jpg?stp=dst-jpg_s200x200_tt6&amp;_nc_cat=111&amp;ccb=1-7&amp;_nc_sid=f907e8&amp;_nc_ohc=SM1wRlP3lJwQ7kNvwEPuBYA&amp;_nc_oc=AdnqrjDN_BNjSSHWO-GbkIWH6fkGMLw4bqvL_NH6e2wMveX7G-rP2dAqsDSq1mJMOaY&amp;_nc_zt=24&amp;_nc_ht=scontent-gig4-1.xx&amp;_nc_gid=AoBFJeGrT1hVaew_6rchkQ&amp;oh=00_AfX7QmFGhQhG2jAllVgXCiM1ZrWgvtp80-Bfppyexh1QEg&amp;oe=689E923C\" \/>\n\t\t<script type=\"application\/ld+json\" class=\"aioseo-schema\">\n\t\t\t{\"@context\":\"https:\\\/\\\/schema.org\",\"@graph\":[{\"@type\":\"BlogPosting\",\"@id\":\"https:\\\/\\\/anoticiaonline.com.br\\\/site\\\/mantendo-sua-tradicao-centenaria-escola-sao-paulo-e-eleita-destaque-2018-na-educacao\\\/#blogposting\",\"name\":\"Mantendo sua tradi\\u00e7\\u00e3o centen\\u00e1ria, Escola S\\u00e3o Paulo \\u00e9 eleita Destaque 2018 na Educa\\u00e7\\u00e3o - A Not\\u00edcia Online\",\"headline\":\"Mantendo sua tradi\\u00e7\\u00e3o centen\\u00e1ria, Escola S\\u00e3o Paulo \\u00e9 eleita Destaque 2018 na Educa\\u00e7\\u00e3o\",\"author\":{\"@id\":\"https:\\\/\\\/anoticiaonline.com.br\\\/site\\\/author\\\/juliana\\\/#author\"},\"publisher\":{\"@id\":\"https:\\\/\\\/anoticiaonline.com.br\\\/site\\\/#organization\"},\"image\":{\"@type\":\"ImageObject\",\"url\":\"https:\\\/\\\/anoticiaonline.com.br\\\/site\\\/wp-content\\\/uploads\\\/2019\\\/02\\\/ESP.jpg\",\"@id\":\"https:\\\/\\\/anoticiaonline.com.br\\\/site\\\/mantendo-sua-tradicao-centenaria-escola-sao-paulo-e-eleita-destaque-2018-na-educacao\\\/#articleImage\",\"width\":865,\"height\":743},\"datePublished\":\"2019-02-09T18:09:22-03:00\",\"dateModified\":\"2019-02-08T15:56:14-03:00\",\"inLanguage\":\"pt-BR\",\"mainEntityOfPage\":{\"@id\":\"https:\\\/\\\/anoticiaonline.com.br\\\/site\\\/mantendo-sua-tradicao-centenaria-escola-sao-paulo-e-eleita-destaque-2018-na-educacao\\\/#webpage\"},\"isPartOf\":{\"@id\":\"https:\\\/\\\/anoticiaonline.com.br\\\/site\\\/mantendo-sua-tradicao-centenaria-escola-sao-paulo-e-eleita-destaque-2018-na-educacao\\\/#webpage\"},\"articleSection\":\"Blog\"},{\"@type\":\"BreadcrumbList\",\"@id\":\"https:\\\/\\\/anoticiaonline.com.br\\\/site\\\/mantendo-sua-tradicao-centenaria-escola-sao-paulo-e-eleita-destaque-2018-na-educacao\\\/#breadcrumblist\",\"itemListElement\":[{\"@type\":\"ListItem\",\"@id\":\"https:\\\/\\\/anoticiaonline.com.br\\\/site#listItem\",\"position\":1,\"name\":\"Home\",\"item\":\"https:\\\/\\\/anoticiaonline.com.br\\\/site\",\"nextItem\":{\"@type\":\"ListItem\",\"@id\":\"https:\\\/\\\/anoticiaonline.com.br\\\/site\\\/categoria\\\/muriae\\\/#listItem\",\"name\":\"Blog\"}},{\"@type\":\"ListItem\",\"@id\":\"https:\\\/\\\/anoticiaonline.com.br\\\/site\\\/categoria\\\/muriae\\\/#listItem\",\"position\":2,\"name\":\"Blog\",\"item\":\"https:\\\/\\\/anoticiaonline.com.br\\\/site\\\/categoria\\\/muriae\\\/\",\"nextItem\":{\"@type\":\"ListItem\",\"@id\":\"https:\\\/\\\/anoticiaonline.com.br\\\/site\\\/mantendo-sua-tradicao-centenaria-escola-sao-paulo-e-eleita-destaque-2018-na-educacao\\\/#listItem\",\"name\":\"Mantendo sua tradi\\u00e7\\u00e3o centen\\u00e1ria, Escola S\\u00e3o Paulo \\u00e9 eleita Destaque 2018 na Educa\\u00e7\\u00e3o\"},\"previousItem\":{\"@type\":\"ListItem\",\"@id\":\"https:\\\/\\\/anoticiaonline.com.br\\\/site#listItem\",\"name\":\"Home\"}},{\"@type\":\"ListItem\",\"@id\":\"https:\\\/\\\/anoticiaonline.com.br\\\/site\\\/mantendo-sua-tradicao-centenaria-escola-sao-paulo-e-eleita-destaque-2018-na-educacao\\\/#listItem\",\"position\":3,\"name\":\"Mantendo sua tradi\\u00e7\\u00e3o centen\\u00e1ria, Escola S\\u00e3o Paulo \\u00e9 eleita Destaque 2018 na Educa\\u00e7\\u00e3o\",\"previousItem\":{\"@type\":\"ListItem\",\"@id\":\"https:\\\/\\\/anoticiaonline.com.br\\\/site\\\/categoria\\\/muriae\\\/#listItem\",\"name\":\"Blog\"}}]},{\"@type\":\"Organization\",\"@id\":\"https:\\\/\\\/anoticiaonline.com.br\\\/site\\\/#organization\",\"name\":\"A Not\\u00edcia Online\",\"description\":\"Noticias de Muria\\u00e9 e regi\\u00e3o\",\"url\":\"https:\\\/\\\/anoticiaonline.com.br\\\/site\\\/\",\"logo\":{\"@type\":\"ImageObject\",\"url\":\"https:\\\/\\\/scontent-gig4-1.xx.fbcdn.net\\\/v\\\/t39.30808-1\\\/270437624_4564083193639691_6907940295614233970_n.jpg?stp=dst-jpg_s200x200_tt6&_nc_cat=111&ccb=1-7&_nc_sid=f907e8&_nc_ohc=SM1wRlP3lJwQ7kNvwEPuBYA&_nc_oc=AdnqrjDN_BNjSSHWO-GbkIWH6fkGMLw4bqvL_NH6e2wMveX7G-rP2dAqsDSq1mJMOaY&_nc_zt=24&_nc_ht=scontent-gig4-1.xx&_nc_gid=AoBFJeGrT1hVaew_6rchkQ&oh=00_AfX7QmFGhQhG2jAllVgXCiM1ZrWgvtp80-Bfppyexh1QEg&oe=689E923C\",\"@id\":\"https:\\\/\\\/anoticiaonline.com.br\\\/site\\\/mantendo-sua-tradicao-centenaria-escola-sao-paulo-e-eleita-destaque-2018-na-educacao\\\/#organizationLogo\"},\"image\":{\"@id\":\"https:\\\/\\\/anoticiaonline.com.br\\\/site\\\/mantendo-sua-tradicao-centenaria-escola-sao-paulo-e-eleita-destaque-2018-na-educacao\\\/#organizationLogo\"}},{\"@type\":\"Person\",\"@id\":\"https:\\\/\\\/anoticiaonline.com.br\\\/site\\\/author\\\/juliana\\\/#author\",\"url\":\"https:\\\/\\\/anoticiaonline.com.br\\\/site\\\/author\\\/juliana\\\/\",\"name\":\"Juliana Laviola\",\"image\":{\"@type\":\"ImageObject\",\"@id\":\"https:\\\/\\\/anoticiaonline.com.br\\\/site\\\/mantendo-sua-tradicao-centenaria-escola-sao-paulo-e-eleita-destaque-2018-na-educacao\\\/#authorImage\",\"url\":\"https:\\\/\\\/secure.gravatar.com\\\/avatar\\\/b8d45f5c699b100dfaf0e543582f38f38bf94cb7ae3a5e9abf8d891a34773335?s=96&d=mm&r=g\",\"width\":96,\"height\":96,\"caption\":\"Juliana Laviola\"}},{\"@type\":\"WebPage\",\"@id\":\"https:\\\/\\\/anoticiaonline.com.br\\\/site\\\/mantendo-sua-tradicao-centenaria-escola-sao-paulo-e-eleita-destaque-2018-na-educacao\\\/#webpage\",\"url\":\"https:\\\/\\\/anoticiaonline.com.br\\\/site\\\/mantendo-sua-tradicao-centenaria-escola-sao-paulo-e-eleita-destaque-2018-na-educacao\\\/\",\"name\":\"Mantendo sua tradi\\u00e7\\u00e3o centen\\u00e1ria, Escola S\\u00e3o Paulo \\u00e9 eleita Destaque 2018 na Educa\\u00e7\\u00e3o - A Not\\u00edcia Online\",\"description\":\"Trazendo consigo a tradi\\u00e7\\u00e3o de mais de 100 anos de dedica\\u00e7\\u00e3o \\u00e0 educa\\u00e7\\u00e3o e \\u00e0 forma\\u00e7\\u00e3o de pessoas, por mais um ano a Escola S\\u00e3o Paulo foi eleita Destaque pelo Jornal A Not\\u00edcia, na categoria Educa\\u00e7\\u00e3o. Fundada em 1913 pelo Dr. M\\u00e1rio de Ururahy Macedo, com o nome de Atheneu S\\u00e3o Paulo, a institui\\u00e7\\u00e3o passou,\",\"inLanguage\":\"pt-BR\",\"isPartOf\":{\"@id\":\"https:\\\/\\\/anoticiaonline.com.br\\\/site\\\/#website\"},\"breadcrumb\":{\"@id\":\"https:\\\/\\\/anoticiaonline.com.br\\\/site\\\/mantendo-sua-tradicao-centenaria-escola-sao-paulo-e-eleita-destaque-2018-na-educacao\\\/#breadcrumblist\"},\"author\":{\"@id\":\"https:\\\/\\\/anoticiaonline.com.br\\\/site\\\/author\\\/juliana\\\/#author\"},\"creator\":{\"@id\":\"https:\\\/\\\/anoticiaonline.com.br\\\/site\\\/author\\\/juliana\\\/#author\"},\"datePublished\":\"2019-02-09T18:09:22-03:00\",\"dateModified\":\"2019-02-08T15:56:14-03:00\"},{\"@type\":\"WebSite\",\"@id\":\"https:\\\/\\\/anoticiaonline.com.br\\\/site\\\/#website\",\"url\":\"https:\\\/\\\/anoticiaonline.com.br\\\/site\\\/\",\"name\":\"A Not\\u00edcia Online\",\"description\":\"Noticias de Muria\\u00e9 e regi\\u00e3o\",\"inLanguage\":\"pt-BR\",\"publisher\":{\"@id\":\"https:\\\/\\\/anoticiaonline.com.br\\\/site\\\/#organization\"}}]}\n\t\t<\/script>\n\t\t<!-- All in One SEO -->\n\n","aioseo_head_json":{"title":"Mantendo sua tradi\u00e7\u00e3o centen\u00e1ria, Escola S\u00e3o Paulo \u00e9 eleita Destaque 2018 na Educa\u00e7\u00e3o - A Not\u00edcia Online","description":"Trazendo consigo a tradi\u00e7\u00e3o de mais de 100 anos de dedica\u00e7\u00e3o \u00e0 educa\u00e7\u00e3o e \u00e0 forma\u00e7\u00e3o de pessoas, por mais um ano a Escola S\u00e3o Paulo foi eleita Destaque pelo Jornal A Not\u00edcia, na categoria Educa\u00e7\u00e3o. Fundada em 1913 pelo Dr. M\u00e1rio de Ururahy Macedo, com o nome de Atheneu S\u00e3o Paulo, a institui\u00e7\u00e3o passou,","canonical_url":"https:\/\/anoticiaonline.com.br\/site\/mantendo-sua-tradicao-centenaria-escola-sao-paulo-e-eleita-destaque-2018-na-educacao\/","robots":"max-image-preview:large","keywords":"","webmasterTools":{"miscellaneous":""},"schema":{"@context":"https:\/\/schema.org","@graph":[{"@type":"BlogPosting","@id":"https:\/\/anoticiaonline.com.br\/site\/mantendo-sua-tradicao-centenaria-escola-sao-paulo-e-eleita-destaque-2018-na-educacao\/#blogposting","name":"Mantendo sua tradi\u00e7\u00e3o centen\u00e1ria, Escola S\u00e3o Paulo \u00e9 eleita Destaque 2018 na Educa\u00e7\u00e3o - A Not\u00edcia Online","headline":"Mantendo sua tradi\u00e7\u00e3o centen\u00e1ria, Escola S\u00e3o Paulo \u00e9 eleita Destaque 2018 na Educa\u00e7\u00e3o","author":{"@id":"https:\/\/anoticiaonline.com.br\/site\/author\/juliana\/#author"},"publisher":{"@id":"https:\/\/anoticiaonline.com.br\/site\/#organization"},"image":{"@type":"ImageObject","url":"https:\/\/anoticiaonline.com.br\/site\/wp-content\/uploads\/2019\/02\/ESP.jpg","@id":"https:\/\/anoticiaonline.com.br\/site\/mantendo-sua-tradicao-centenaria-escola-sao-paulo-e-eleita-destaque-2018-na-educacao\/#articleImage","width":865,"height":743},"datePublished":"2019-02-09T18:09:22-03:00","dateModified":"2019-02-08T15:56:14-03:00","inLanguage":"pt-BR","mainEntityOfPage":{"@id":"https:\/\/anoticiaonline.com.br\/site\/mantendo-sua-tradicao-centenaria-escola-sao-paulo-e-eleita-destaque-2018-na-educacao\/#webpage"},"isPartOf":{"@id":"https:\/\/anoticiaonline.com.br\/site\/mantendo-sua-tradicao-centenaria-escola-sao-paulo-e-eleita-destaque-2018-na-educacao\/#webpage"},"articleSection":"Blog"},{"@type":"BreadcrumbList","@id":"https:\/\/anoticiaonline.com.br\/site\/mantendo-sua-tradicao-centenaria-escola-sao-paulo-e-eleita-destaque-2018-na-educacao\/#breadcrumblist","itemListElement":[{"@type":"ListItem","@id":"https:\/\/anoticiaonline.com.br\/site#listItem","position":1,"name":"Home","item":"https:\/\/anoticiaonline.com.br\/site","nextItem":{"@type":"ListItem","@id":"https:\/\/anoticiaonline.com.br\/site\/categoria\/muriae\/#listItem","name":"Blog"}},{"@type":"ListItem","@id":"https:\/\/anoticiaonline.com.br\/site\/categoria\/muriae\/#listItem","position":2,"name":"Blog","item":"https:\/\/anoticiaonline.com.br\/site\/categoria\/muriae\/","nextItem":{"@type":"ListItem","@id":"https:\/\/anoticiaonline.com.br\/site\/mantendo-sua-tradicao-centenaria-escola-sao-paulo-e-eleita-destaque-2018-na-educacao\/#listItem","name":"Mantendo sua tradi\u00e7\u00e3o centen\u00e1ria, Escola S\u00e3o Paulo \u00e9 eleita Destaque 2018 na Educa\u00e7\u00e3o"},"previousItem":{"@type":"ListItem","@id":"https:\/\/anoticiaonline.com.br\/site#listItem","name":"Home"}},{"@type":"ListItem","@id":"https:\/\/anoticiaonline.com.br\/site\/mantendo-sua-tradicao-centenaria-escola-sao-paulo-e-eleita-destaque-2018-na-educacao\/#listItem","position":3,"name":"Mantendo sua tradi\u00e7\u00e3o centen\u00e1ria, Escola S\u00e3o Paulo \u00e9 eleita Destaque 2018 na Educa\u00e7\u00e3o","previousItem":{"@type":"ListItem","@id":"https:\/\/anoticiaonline.com.br\/site\/categoria\/muriae\/#listItem","name":"Blog"}}]},{"@type":"Organization","@id":"https:\/\/anoticiaonline.com.br\/site\/#organization","name":"A Not\u00edcia Online","description":"Noticias de Muria\u00e9 e regi\u00e3o","url":"https:\/\/anoticiaonline.com.br\/site\/","logo":{"@type":"ImageObject","url":"https:\/\/scontent-gig4-1.xx.fbcdn.net\/v\/t39.30808-1\/270437624_4564083193639691_6907940295614233970_n.jpg?stp=dst-jpg_s200x200_tt6&_nc_cat=111&ccb=1-7&_nc_sid=f907e8&_nc_ohc=SM1wRlP3lJwQ7kNvwEPuBYA&_nc_oc=AdnqrjDN_BNjSSHWO-GbkIWH6fkGMLw4bqvL_NH6e2wMveX7G-rP2dAqsDSq1mJMOaY&_nc_zt=24&_nc_ht=scontent-gig4-1.xx&_nc_gid=AoBFJeGrT1hVaew_6rchkQ&oh=00_AfX7QmFGhQhG2jAllVgXCiM1ZrWgvtp80-Bfppyexh1QEg&oe=689E923C","@id":"https:\/\/anoticiaonline.com.br\/site\/mantendo-sua-tradicao-centenaria-escola-sao-paulo-e-eleita-destaque-2018-na-educacao\/#organizationLogo"},"image":{"@id":"https:\/\/anoticiaonline.com.br\/site\/mantendo-sua-tradicao-centenaria-escola-sao-paulo-e-eleita-destaque-2018-na-educacao\/#organizationLogo"}},{"@type":"Person","@id":"https:\/\/anoticiaonline.com.br\/site\/author\/juliana\/#author","url":"https:\/\/anoticiaonline.com.br\/site\/author\/juliana\/","name":"Juliana Laviola","image":{"@type":"ImageObject","@id":"https:\/\/anoticiaonline.com.br\/site\/mantendo-sua-tradicao-centenaria-escola-sao-paulo-e-eleita-destaque-2018-na-educacao\/#authorImage","url":"https:\/\/secure.gravatar.com\/avatar\/b8d45f5c699b100dfaf0e543582f38f38bf94cb7ae3a5e9abf8d891a34773335?s=96&d=mm&r=g","width":96,"height":96,"caption":"Juliana Laviola"}},{"@type":"WebPage","@id":"https:\/\/anoticiaonline.com.br\/site\/mantendo-sua-tradicao-centenaria-escola-sao-paulo-e-eleita-destaque-2018-na-educacao\/#webpage","url":"https:\/\/anoticiaonline.com.br\/site\/mantendo-sua-tradicao-centenaria-escola-sao-paulo-e-eleita-destaque-2018-na-educacao\/","name":"Mantendo sua tradi\u00e7\u00e3o centen\u00e1ria, Escola S\u00e3o Paulo \u00e9 eleita Destaque 2018 na Educa\u00e7\u00e3o - A Not\u00edcia Online","description":"Trazendo consigo a tradi\u00e7\u00e3o de mais de 100 anos de dedica\u00e7\u00e3o \u00e0 educa\u00e7\u00e3o e \u00e0 forma\u00e7\u00e3o de pessoas, por mais um ano a Escola S\u00e3o Paulo foi eleita Destaque pelo Jornal A Not\u00edcia, na categoria Educa\u00e7\u00e3o. Fundada em 1913 pelo Dr. M\u00e1rio de Ururahy Macedo, com o nome de Atheneu S\u00e3o Paulo, a institui\u00e7\u00e3o passou,","inLanguage":"pt-BR","isPartOf":{"@id":"https:\/\/anoticiaonline.com.br\/site\/#website"},"breadcrumb":{"@id":"https:\/\/anoticiaonline.com.br\/site\/mantendo-sua-tradicao-centenaria-escola-sao-paulo-e-eleita-destaque-2018-na-educacao\/#breadcrumblist"},"author":{"@id":"https:\/\/anoticiaonline.com.br\/site\/author\/juliana\/#author"},"creator":{"@id":"https:\/\/anoticiaonline.com.br\/site\/author\/juliana\/#author"},"datePublished":"2019-02-09T18:09:22-03:00","dateModified":"2019-02-08T15:56:14-03:00"},{"@type":"WebSite","@id":"https:\/\/anoticiaonline.com.br\/site\/#website","url":"https:\/\/anoticiaonline.com.br\/site\/","name":"A Not\u00edcia Online","description":"Noticias de Muria\u00e9 e regi\u00e3o","inLanguage":"pt-BR","publisher":{"@id":"https:\/\/anoticiaonline.com.br\/site\/#organization"}}]},"og:locale":"pt_BR","og:site_name":"A Not\u00edcia Online - Noticias de Muria\u00e9 e regi\u00e3o","og:type":"article","og:title":"Mantendo sua tradi\u00e7\u00e3o centen\u00e1ria, Escola S\u00e3o Paulo \u00e9 eleita Destaque 2018 na Educa\u00e7\u00e3o - A Not\u00edcia Online","og:description":"Trazendo consigo a tradi\u00e7\u00e3o de mais de 100 anos de dedica\u00e7\u00e3o \u00e0 educa\u00e7\u00e3o e \u00e0 forma\u00e7\u00e3o de pessoas, por mais um ano a Escola S\u00e3o Paulo foi eleita Destaque pelo Jornal A Not\u00edcia, na categoria Educa\u00e7\u00e3o. Fundada em 1913 pelo Dr. M\u00e1rio de Ururahy Macedo, com o nome de Atheneu S\u00e3o Paulo, a institui\u00e7\u00e3o passou,","og:url":"https:\/\/anoticiaonline.com.br\/site\/mantendo-sua-tradicao-centenaria-escola-sao-paulo-e-eleita-destaque-2018-na-educacao\/","og:image":"https:\/\/scontent-gig4-1.xx.fbcdn.net\/v\/t39.30808-1\/270437624_4564083193639691_6907940295614233970_n.jpg?stp=dst-jpg_s200x200_tt6&#038;_nc_cat=111&#038;ccb=1-7&#038;_nc_sid=f907e8&#038;_nc_ohc=SM1wRlP3lJwQ7kNvwEPuBYA&#038;_nc_oc=AdnqrjDN_BNjSSHWO-GbkIWH6fkGMLw4bqvL_NH6e2wMveX7G-rP2dAqsDSq1mJMOaY&#038;_nc_zt=24&#038;_nc_ht=scontent-gig4-1.xx&#038;_nc_gid=AoBFJeGrT1hVaew_6rchkQ&#038;oh=00_AfX7QmFGhQhG2jAllVgXCiM1ZrWgvtp80-Bfppyexh1QEg&#038;oe=689E923C","og:image:secure_url":"https:\/\/scontent-gig4-1.xx.fbcdn.net\/v\/t39.30808-1\/270437624_4564083193639691_6907940295614233970_n.jpg?stp=dst-jpg_s200x200_tt6&#038;_nc_cat=111&#038;ccb=1-7&#038;_nc_sid=f907e8&#038;_nc_ohc=SM1wRlP3lJwQ7kNvwEPuBYA&#038;_nc_oc=AdnqrjDN_BNjSSHWO-GbkIWH6fkGMLw4bqvL_NH6e2wMveX7G-rP2dAqsDSq1mJMOaY&#038;_nc_zt=24&#038;_nc_ht=scontent-gig4-1.xx&#038;_nc_gid=AoBFJeGrT1hVaew_6rchkQ&#038;oh=00_AfX7QmFGhQhG2jAllVgXCiM1ZrWgvtp80-Bfppyexh1QEg&#038;oe=689E923C","article:published_time":"2019-02-09T21:09:22+00:00","article:modified_time":"2019-02-08T18:56:14+00:00","twitter:card":"summary_large_image","twitter:title":"Mantendo sua tradi\u00e7\u00e3o centen\u00e1ria, Escola S\u00e3o Paulo \u00e9 eleita Destaque 2018 na Educa\u00e7\u00e3o - A Not\u00edcia Online","twitter:description":"Trazendo consigo a tradi\u00e7\u00e3o de mais de 100 anos de dedica\u00e7\u00e3o \u00e0 educa\u00e7\u00e3o e \u00e0 forma\u00e7\u00e3o de pessoas, por mais um ano a Escola S\u00e3o Paulo foi eleita Destaque pelo Jornal A Not\u00edcia, na categoria Educa\u00e7\u00e3o. Fundada em 1913 pelo Dr. M\u00e1rio de Ururahy Macedo, com o nome de Atheneu S\u00e3o Paulo, a institui\u00e7\u00e3o passou,","twitter:image":"https:\/\/scontent-gig4-1.xx.fbcdn.net\/v\/t39.30808-1\/270437624_4564083193639691_6907940295614233970_n.jpg?stp=dst-jpg_s200x200_tt6&_nc_cat=111&ccb=1-7&_nc_sid=f907e8&_nc_ohc=SM1wRlP3lJwQ7kNvwEPuBYA&_nc_oc=AdnqrjDN_BNjSSHWO-GbkIWH6fkGMLw4bqvL_NH6e2wMveX7G-rP2dAqsDSq1mJMOaY&_nc_zt=24&_nc_ht=scontent-gig4-1.xx&_nc_gid=AoBFJeGrT1hVaew_6rchkQ&oh=00_AfX7QmFGhQhG2jAllVgXCiM1ZrWgvtp80-Bfppyexh1QEg&oe=689E923C"},"aioseo_meta_data":{"post_id":"67135","title":null,"description":null,"keywords":null,"keyphrases":null,"primary_term":null,"canonical_url":null,"og_title":null,"og_description":null,"og_object_type":"default","og_image_type":"default","og_image_url":null,"og_image_width":null,"og_image_height":null,"og_image_custom_url":null,"og_image_custom_fields":null,"og_video":null,"og_custom_url":null,"og_article_section":null,"og_article_tags":null,"twitter_use_og":false,"twitter_card":"default","twitter_image_type":"default","twitter_image_url":null,"twitter_image_custom_url":null,"twitter_image_custom_fields":null,"twitter_title":null,"twitter_description":null,"schema":{"blockGraphs":[],"customGraphs":[],"default":{"data":{"Article":[],"Course":[],"Dataset":[],"FAQPage":[],"Movie":[],"Person":[],"Product":[],"ProductReview":[],"Car":[],"Recipe":[],"Service":[],"SoftwareApplication":[],"WebPage":[]},"graphName":"","isEnabled":true},"graphs":[]},"schema_type":"default","schema_type_options":null,"pillar_content":false,"robots_default":true,"robots_noindex":false,"robots_noarchive":false,"robots_nosnippet":false,"robots_nofollow":false,"robots_noimageindex":false,"robots_noodp":false,"robots_notranslate":false,"robots_max_snippet":null,"robots_max_videopreview":null,"robots_max_imagepreview":"large","priority":null,"frequency":null,"local_seo":null,"breadcrumb_settings":null,"limit_modified_date":false,"ai":null,"created":"2025-08-16 22:45:19","updated":"2025-08-16 22:45:19","focus_keyword":null,"additional_keywords":null,"truseo_locale":null,"seo_analyzer_scan_date":null},"aioseo_breadcrumb":"<div class=\"aioseo-breadcrumbs\"><span class=\"aioseo-breadcrumb\">\n\t\t\t<a href=\"https:\/\/anoticiaonline.com.br\/site\" title=\"Home\">Home<\/a>\n\t\t<\/span><span class=\"aioseo-breadcrumb-separator\">&raquo;<\/span><span class=\"aioseo-breadcrumb\">\n\t\t\t<a href=\"https:\/\/anoticiaonline.com.br\/site\/categoria\/muriae\/\" title=\"Blog\">Blog<\/a>\n\t\t<\/span><span class=\"aioseo-breadcrumb-separator\">&raquo;<\/span><span class=\"aioseo-breadcrumb\">\n\t\t\tMantendo sua tradi\u00e7\u00e3o centen\u00e1ria, Escola S\u00e3o Paulo \u00e9 eleita Destaque 2018 na Educa\u00e7\u00e3o\n\t\t<\/span><\/div>","aioseo_breadcrumb_json":[{"label":"Home","link":"https:\/\/anoticiaonline.com.br\/site"},{"label":"Blog","link":"https:\/\/anoticiaonline.com.br\/site\/categoria\/muriae\/"},{"label":"Mantendo sua tradi\u00e7\u00e3o centen\u00e1ria, Escola S\u00e3o Paulo \u00e9 eleita Destaque 2018 na Educa\u00e7\u00e3o","link":"https:\/\/anoticiaonline.com.br\/site\/mantendo-sua-tradicao-centenaria-escola-sao-paulo-e-eleita-destaque-2018-na-educacao\/"}],"views":120,"_links":{"self":[{"href":"https:\/\/anoticiaonline.com.br\/site\/wp-json\/wp\/v2\/posts\/67135","targetHints":{"allow":["GET"]}}],"collection":[{"href":"https:\/\/anoticiaonline.com.br\/site\/wp-json\/wp\/v2\/posts"}],"about":[{"href":"https:\/\/anoticiaonline.com.br\/site\/wp-json\/wp\/v2\/types\/post"}],"author":[{"embeddable":true,"href":"https:\/\/anoticiaonline.com.br\/site\/wp-json\/wp\/v2\/users\/2"}],"replies":[{"embeddable":true,"href":"https:\/\/anoticiaonline.com.br\/site\/wp-json\/wp\/v2\/comments?post=67135"}],"version-history":[{"count":0,"href":"https:\/\/anoticiaonline.com.br\/site\/wp-json\/wp\/v2\/posts\/67135\/revisions"}],"wp:attachment":[{"href":"https:\/\/anoticiaonline.com.br\/site\/wp-json\/wp\/v2\/media?parent=67135"}],"wp:term":[{"taxonomy":"category","embeddable":true,"href":"https:\/\/anoticiaonline.com.br\/site\/wp-json\/wp\/v2\/categories?post=67135"},{"taxonomy":"post_tag","embeddable":true,"href":"https:\/\/anoticiaonline.com.br\/site\/wp-json\/wp\/v2\/tags?post=67135"}],"curies":[{"name":"wp","href":"https:\/\/api.w.org\/{rel}","templated":true}]}}