{"id":67065,"date":"2019-02-09T11:00:57","date_gmt":"2019-02-09T14:00:57","guid":{"rendered":"http:\/\/anoticiaonline.com.br\/site\/?p=67065"},"modified":"2019-02-07T19:47:45","modified_gmt":"2019-02-07T22:47:45","slug":"prazo-para-matriculas-do-proeja-fic-prossegue-ate-dia-15","status":"publish","type":"post","link":"https:\/\/anoticiaonline.com.br\/site\/prazo-para-matriculas-do-proeja-fic-prossegue-ate-dia-15\/","title":{"rendered":"Prazo para matr\u00edculas do Proeja FIC prossegue at\u00e9 dia 15"},"content":{"rendered":"<p class=\"m-4826148049104491609gmail-msonospacing\" style=\"margin: 0cm; margin-bottom: .0001pt; text-align: justify; background: white;\"><a href=\"https:\/\/anoticiaonline.com.br\/site\/wp-content\/uploads\/2019\/02\/Prazo-para-matr\u00edculas-do-Proeja-FIC-prossegue-at\u00e9-dia-15.jpg\"><img fetchpriority=\"high\" decoding=\"async\" class=\"aligncenter size-full wp-image-67066\" src=\"https:\/\/anoticiaonline.com.br\/site\/wp-content\/uploads\/2019\/02\/Prazo-para-matr\u00edculas-do-Proeja-FIC-prossegue-at\u00e9-dia-15.jpg\" alt=\"\" width=\"1000\" height=\"581\" srcset=\"https:\/\/anoticiaonline.com.br\/site\/wp-content\/uploads\/2019\/02\/Prazo-para-matr\u00edculas-do-Proeja-FIC-prossegue-at\u00e9-dia-15.jpg 1000w, https:\/\/anoticiaonline.com.br\/site\/wp-content\/uploads\/2019\/02\/Prazo-para-matr\u00edculas-do-Proeja-FIC-prossegue-at\u00e9-dia-15-300x174.jpg 300w, https:\/\/anoticiaonline.com.br\/site\/wp-content\/uploads\/2019\/02\/Prazo-para-matr\u00edculas-do-Proeja-FIC-prossegue-at\u00e9-dia-15-768x446.jpg 768w\" sizes=\"(max-width: 1000px) 100vw, 1000px\" \/><\/a><\/p>\n<p class=\"m-4826148049104491609gmail-msonospacing\" style=\"margin: 0cm; margin-bottom: .0001pt; text-align: justify; background: white;\"><i><span style=\"color: #222222;\">\u00a0<\/span><\/i><\/p>\n<p class=\"m-4826148049104491609gmail-msonospacing\" style=\"margin: 0cm; margin-bottom: .0001pt; text-align: justify; background: white;\"><i><span style=\"color: #222222;\">Inscri\u00e7\u00f5es est\u00e3o sendo feitas na Secretaria de Educa\u00e7\u00e3o e Escola Municipal Professora Odal\u00e9ia Azevedo<\/span><\/i><\/p>\n<p class=\"m-4826148049104491609gmail-msonospacing\" style=\"margin: 0cm; margin-bottom: .0001pt; text-align: justify; background: white;\"><span style=\"color: #222222;\">\u00a0<\/span><\/p>\n<p class=\"m-4826148049104491609gmail-msonospacing\" style=\"margin: 0cm; margin-bottom: .0001pt; text-align: justify; background: white;\"><span style=\"color: #222222;\">A Prefeitura de Muria\u00e9, atrav\u00e9s da Secretaria Municipal de Educa\u00e7\u00e3o, est\u00e1 com matr\u00edculas abertas para o Proeja FIC. Est\u00e3o sendo oferecidas diversas vagas para os anos finais do Ensino Fundamental do 6\u00ba ao 9\u00ba ano. O programa oferece oportunidade de conclus\u00e3o da educa\u00e7\u00e3o b\u00e1sica e forma\u00e7\u00e3o profissional para jovens e adultos que n\u00e3o tiveram acesso ao ensino na idade regular.<\/span><!--more--><\/p>\n<p class=\"m-4826148049104491609gmail-msonospacing\" style=\"margin: 0cm; margin-bottom: .0001pt; text-align: justify; background: white;\"><span style=\"color: #222222;\">\u00a0<\/span><\/p>\n<p class=\"m-4826148049104491609gmail-msonospacing\" style=\"margin: 0cm; margin-bottom: .0001pt; text-align: justify; background: white;\"><span style=\"color: #222222;\">Os interessados podem ser inscrever at\u00e9 dia 15 de fevereiro na Secretaria Municipal de Educa\u00e7\u00e3o, que est\u00e1 localizada no primeiro andar do Centro Administrativo, de segunda a sexta-feira, das 7h30min \u00e0s 11h; ou na Escola Municipal Professora Odal\u00e9ia Oliveira Morais de Azevedo (onde as aulas s\u00e3o ministradas), na Barra, de segunda a sexta-feira, das 18h30min \u00e0s 22h. Para se cadastrar, \u00e9 necess\u00e1rio apresentar documento de identidade e CPF.<\/span><\/p>\n<p class=\"m-4826148049104491609gmail-msonospacing\" style=\"margin: 0cm; margin-bottom: .0001pt; text-align: justify; background: white;\"><span style=\"color: #222222;\">\u00a0<\/span><\/p>\n<p class=\"m-4826148049104491609gmail-msonospacing\" style=\"margin: 0cm; margin-bottom: .0001pt; text-align: justify; background: white;\"><span style=\"color: #222222;\">As aulas tiveram in\u00edcio na ter\u00e7a-feira (5). A Secretaria de Educa\u00e7\u00e3o afirma que, apesar do ano letivo j\u00e1 ter come\u00e7ado, os alunos que v\u00e3o iniciar o curso posteriormente n\u00e3o ter\u00e3o o desempenho comprometido.<\/span><\/p>\n<p class=\"m-4826148049104491609gmail-msonospacing\" style=\"margin: 0cm; margin-bottom: .0001pt; text-align: justify; background: white;\"><span style=\"color: #222222;\">\u00a0<\/span><\/p>\n<p class=\"m-4826148049104491609gmail-msonospacing\" style=\"margin: 0cm; margin-bottom: .0001pt; text-align: justify; background: white;\"><span style=\"color: #222222;\">O curso, que \u00e9 destinado para as pessoas que j\u00e1 conclu\u00edram o 5\u00ba ano do Ensino Fundamental, tem dura\u00e7\u00e3o de dois anos, em regime semestral e presencial, com aulas de segunda a sexta-feira, das 18h20min \u00e0s 22h20min. Em Muria\u00e9, o Proeja FIC conta com o apoio da Prefeitura e IF Sudeste, o qual oferece aos alunos o Curso de Secretariado.<\/span><\/p>\n","protected":false},"excerpt":{"rendered":"<p>\u00a0 Inscri\u00e7\u00f5es est\u00e3o sendo feitas na Secretaria de Educa\u00e7\u00e3o e Escola Municipal Professora Odal\u00e9ia Azevedo \u00a0 A Prefeitura de Muria\u00e9, atrav\u00e9s da Secretaria Municipal de Educa\u00e7\u00e3o, est\u00e1 com matr\u00edculas abertas para o Proeja FIC. Est\u00e3o sendo oferecidas diversas vagas para os anos finais do Ensino Fundamental do 6\u00ba ao 9\u00ba ano. O programa oferece oportunidade &#8230; <a title=\"Prazo para matr\u00edculas do Proeja FIC prossegue at\u00e9 dia 15\" class=\"read-more\" href=\"https:\/\/anoticiaonline.com.br\/site\/prazo-para-matriculas-do-proeja-fic-prossegue-ate-dia-15\/\" aria-label=\"Read more about Prazo para matr\u00edculas do Proeja FIC prossegue at\u00e9 dia 15\">Ler mais<\/a><\/p>\n","protected":false},"author":2,"featured_media":0,"comment_status":"open","ping_status":"open","sticky":false,"template":"","format":"standard","meta":{"_acf_changed":false,"_monsterinsights_skip_tracking":false,"footnotes":""},"categories":[30],"tags":[],"class_list":["post-67065","post","type-post","status-publish","format-standard","hentry","category-muriae"],"acf":[],"aioseo_notices":[],"aioseo_head":"\n\t\t<!-- All in One SEO 5.0.0.1 - aioseo.com -->\n\t<meta name=\"description\" content=\"Inscri\u00e7\u00f5es est\u00e3o sendo feitas na Secretaria de Educa\u00e7\u00e3o e Escola Municipal Professora Odal\u00e9ia Azevedo A Prefeitura de Muria\u00e9, atrav\u00e9s da Secretaria Municipal de Educa\u00e7\u00e3o, est\u00e1 com matr\u00edculas abertas para o Proeja FIC. Est\u00e3o sendo oferecidas diversas vagas para os anos finais do Ensino Fundamental do 6\u00ba ao 9\u00ba ano. O programa oferece oportunidade\" \/>\n\t<meta name=\"robots\" content=\"max-image-preview:large\" \/>\n\t<meta name=\"author\" content=\"Juliana Laviola\"\/>\n\t<link rel=\"canonical\" href=\"https:\/\/anoticiaonline.com.br\/site\/prazo-para-matriculas-do-proeja-fic-prossegue-ate-dia-15\/\" \/>\n\t<meta name=\"generator\" content=\"All in One SEO (AIOSEO) 5.0.0.1\" \/>\n\t\t<meta property=\"og:locale\" content=\"pt_BR\" \/>\n\t\t<meta property=\"og:site_name\" content=\"A Not\u00edcia Online - Noticias de Muria\u00e9 e regi\u00e3o\" \/>\n\t\t<meta property=\"og:type\" content=\"article\" \/>\n\t\t<meta property=\"og:title\" content=\"Prazo para matr\u00edculas do Proeja FIC prossegue at\u00e9 dia 15 - A Not\u00edcia Online\" \/>\n\t\t<meta property=\"og:description\" content=\"Inscri\u00e7\u00f5es est\u00e3o sendo feitas na Secretaria de Educa\u00e7\u00e3o e Escola Municipal Professora Odal\u00e9ia Azevedo A Prefeitura de Muria\u00e9, atrav\u00e9s da Secretaria Municipal de Educa\u00e7\u00e3o, est\u00e1 com matr\u00edculas abertas para o Proeja FIC. Est\u00e3o sendo oferecidas diversas vagas para os anos finais do Ensino Fundamental do 6\u00ba ao 9\u00ba ano. O programa oferece oportunidade\" \/>\n\t\t<meta property=\"og:url\" content=\"https:\/\/anoticiaonline.com.br\/site\/prazo-para-matriculas-do-proeja-fic-prossegue-ate-dia-15\/\" \/>\n\t\t<meta property=\"og:image\" content=\"https:\/\/scontent-gig4-1.xx.fbcdn.net\/v\/t39.30808-1\/270437624_4564083193639691_6907940295614233970_n.jpg?stp=dst-jpg_s200x200_tt6&#038;_nc_cat=111&#038;ccb=1-7&#038;_nc_sid=f907e8&#038;_nc_ohc=SM1wRlP3lJwQ7kNvwEPuBYA&#038;_nc_oc=AdnqrjDN_BNjSSHWO-GbkIWH6fkGMLw4bqvL_NH6e2wMveX7G-rP2dAqsDSq1mJMOaY&#038;_nc_zt=24&#038;_nc_ht=scontent-gig4-1.xx&#038;_nc_gid=AoBFJeGrT1hVaew_6rchkQ&#038;oh=00_AfX7QmFGhQhG2jAllVgXCiM1ZrWgvtp80-Bfppyexh1QEg&#038;oe=689E923C\" \/>\n\t\t<meta property=\"og:image:secure_url\" content=\"https:\/\/scontent-gig4-1.xx.fbcdn.net\/v\/t39.30808-1\/270437624_4564083193639691_6907940295614233970_n.jpg?stp=dst-jpg_s200x200_tt6&#038;_nc_cat=111&#038;ccb=1-7&#038;_nc_sid=f907e8&#038;_nc_ohc=SM1wRlP3lJwQ7kNvwEPuBYA&#038;_nc_oc=AdnqrjDN_BNjSSHWO-GbkIWH6fkGMLw4bqvL_NH6e2wMveX7G-rP2dAqsDSq1mJMOaY&#038;_nc_zt=24&#038;_nc_ht=scontent-gig4-1.xx&#038;_nc_gid=AoBFJeGrT1hVaew_6rchkQ&#038;oh=00_AfX7QmFGhQhG2jAllVgXCiM1ZrWgvtp80-Bfppyexh1QEg&#038;oe=689E923C\" \/>\n\t\t<meta property=\"article:published_time\" content=\"2019-02-09T14:00:57+00:00\" \/>\n\t\t<meta property=\"article:modified_time\" content=\"2019-02-07T22:47:45+00:00\" \/>\n\t\t<meta name=\"twitter:card\" content=\"summary_large_image\" \/>\n\t\t<meta name=\"twitter:title\" content=\"Prazo para matr\u00edculas do Proeja FIC prossegue at\u00e9 dia 15 - A Not\u00edcia Online\" \/>\n\t\t<meta name=\"twitter:description\" content=\"Inscri\u00e7\u00f5es est\u00e3o sendo feitas na Secretaria de Educa\u00e7\u00e3o e Escola Municipal Professora Odal\u00e9ia Azevedo A Prefeitura de Muria\u00e9, atrav\u00e9s da Secretaria Municipal de Educa\u00e7\u00e3o, est\u00e1 com matr\u00edculas abertas para o Proeja FIC. Est\u00e3o sendo oferecidas diversas vagas para os anos finais do Ensino Fundamental do 6\u00ba ao 9\u00ba ano. O programa oferece oportunidade\" \/>\n\t\t<meta name=\"twitter:image\" content=\"https:\/\/scontent-gig4-1.xx.fbcdn.net\/v\/t39.30808-1\/270437624_4564083193639691_6907940295614233970_n.jpg?stp=dst-jpg_s200x200_tt6&amp;_nc_cat=111&amp;ccb=1-7&amp;_nc_sid=f907e8&amp;_nc_ohc=SM1wRlP3lJwQ7kNvwEPuBYA&amp;_nc_oc=AdnqrjDN_BNjSSHWO-GbkIWH6fkGMLw4bqvL_NH6e2wMveX7G-rP2dAqsDSq1mJMOaY&amp;_nc_zt=24&amp;_nc_ht=scontent-gig4-1.xx&amp;_nc_gid=AoBFJeGrT1hVaew_6rchkQ&amp;oh=00_AfX7QmFGhQhG2jAllVgXCiM1ZrWgvtp80-Bfppyexh1QEg&amp;oe=689E923C\" \/>\n\t\t<script type=\"application\/ld+json\" class=\"aioseo-schema\">\n\t\t\t{\"@context\":\"https:\\\/\\\/schema.org\",\"@graph\":[{\"@type\":\"BlogPosting\",\"@id\":\"https:\\\/\\\/anoticiaonline.com.br\\\/site\\\/prazo-para-matriculas-do-proeja-fic-prossegue-ate-dia-15\\\/#blogposting\",\"name\":\"Prazo para matr\\u00edculas do Proeja FIC prossegue at\\u00e9 dia 15 - A Not\\u00edcia Online\",\"headline\":\"Prazo para matr\\u00edculas do Proeja FIC prossegue at\\u00e9 dia 15\",\"author\":{\"@id\":\"https:\\\/\\\/anoticiaonline.com.br\\\/site\\\/author\\\/juliana\\\/#author\"},\"publisher\":{\"@id\":\"https:\\\/\\\/anoticiaonline.com.br\\\/site\\\/#organization\"},\"image\":{\"@type\":\"ImageObject\",\"url\":\"https:\\\/\\\/anoticiaonline.com.br\\\/site\\\/wp-content\\\/uploads\\\/2019\\\/02\\\/Prazo-para-matr\\u00edculas-do-Proeja-FIC-prossegue-at\\u00e9-dia-15.jpg\",\"@id\":\"https:\\\/\\\/anoticiaonline.com.br\\\/site\\\/prazo-para-matriculas-do-proeja-fic-prossegue-ate-dia-15\\\/#articleImage\",\"width\":1000,\"height\":581},\"datePublished\":\"2019-02-09T11:00:57-03:00\",\"dateModified\":\"2019-02-07T19:47:45-03:00\",\"inLanguage\":\"pt-BR\",\"mainEntityOfPage\":{\"@id\":\"https:\\\/\\\/anoticiaonline.com.br\\\/site\\\/prazo-para-matriculas-do-proeja-fic-prossegue-ate-dia-15\\\/#webpage\"},\"isPartOf\":{\"@id\":\"https:\\\/\\\/anoticiaonline.com.br\\\/site\\\/prazo-para-matriculas-do-proeja-fic-prossegue-ate-dia-15\\\/#webpage\"},\"articleSection\":\"Blog\"},{\"@type\":\"BreadcrumbList\",\"@id\":\"https:\\\/\\\/anoticiaonline.com.br\\\/site\\\/prazo-para-matriculas-do-proeja-fic-prossegue-ate-dia-15\\\/#breadcrumblist\",\"itemListElement\":[{\"@type\":\"ListItem\",\"@id\":\"https:\\\/\\\/anoticiaonline.com.br\\\/site#listItem\",\"position\":1,\"name\":\"Home\",\"item\":\"https:\\\/\\\/anoticiaonline.com.br\\\/site\",\"nextItem\":{\"@type\":\"ListItem\",\"@id\":\"https:\\\/\\\/anoticiaonline.com.br\\\/site\\\/categoria\\\/muriae\\\/#listItem\",\"name\":\"Blog\"}},{\"@type\":\"ListItem\",\"@id\":\"https:\\\/\\\/anoticiaonline.com.br\\\/site\\\/categoria\\\/muriae\\\/#listItem\",\"position\":2,\"name\":\"Blog\",\"item\":\"https:\\\/\\\/anoticiaonline.com.br\\\/site\\\/categoria\\\/muriae\\\/\",\"nextItem\":{\"@type\":\"ListItem\",\"@id\":\"https:\\\/\\\/anoticiaonline.com.br\\\/site\\\/prazo-para-matriculas-do-proeja-fic-prossegue-ate-dia-15\\\/#listItem\",\"name\":\"Prazo para matr\\u00edculas do Proeja FIC prossegue at\\u00e9 dia 15\"},\"previousItem\":{\"@type\":\"ListItem\",\"@id\":\"https:\\\/\\\/anoticiaonline.com.br\\\/site#listItem\",\"name\":\"Home\"}},{\"@type\":\"ListItem\",\"@id\":\"https:\\\/\\\/anoticiaonline.com.br\\\/site\\\/prazo-para-matriculas-do-proeja-fic-prossegue-ate-dia-15\\\/#listItem\",\"position\":3,\"name\":\"Prazo para matr\\u00edculas do Proeja FIC prossegue at\\u00e9 dia 15\",\"previousItem\":{\"@type\":\"ListItem\",\"@id\":\"https:\\\/\\\/anoticiaonline.com.br\\\/site\\\/categoria\\\/muriae\\\/#listItem\",\"name\":\"Blog\"}}]},{\"@type\":\"Organization\",\"@id\":\"https:\\\/\\\/anoticiaonline.com.br\\\/site\\\/#organization\",\"name\":\"A Not\\u00edcia Online\",\"description\":\"Noticias de Muria\\u00e9 e regi\\u00e3o\",\"url\":\"https:\\\/\\\/anoticiaonline.com.br\\\/site\\\/\",\"logo\":{\"@type\":\"ImageObject\",\"url\":\"https:\\\/\\\/scontent-gig4-1.xx.fbcdn.net\\\/v\\\/t39.30808-1\\\/270437624_4564083193639691_6907940295614233970_n.jpg?stp=dst-jpg_s200x200_tt6&_nc_cat=111&ccb=1-7&_nc_sid=f907e8&_nc_ohc=SM1wRlP3lJwQ7kNvwEPuBYA&_nc_oc=AdnqrjDN_BNjSSHWO-GbkIWH6fkGMLw4bqvL_NH6e2wMveX7G-rP2dAqsDSq1mJMOaY&_nc_zt=24&_nc_ht=scontent-gig4-1.xx&_nc_gid=AoBFJeGrT1hVaew_6rchkQ&oh=00_AfX7QmFGhQhG2jAllVgXCiM1ZrWgvtp80-Bfppyexh1QEg&oe=689E923C\",\"@id\":\"https:\\\/\\\/anoticiaonline.com.br\\\/site\\\/prazo-para-matriculas-do-proeja-fic-prossegue-ate-dia-15\\\/#organizationLogo\"},\"image\":{\"@id\":\"https:\\\/\\\/anoticiaonline.com.br\\\/site\\\/prazo-para-matriculas-do-proeja-fic-prossegue-ate-dia-15\\\/#organizationLogo\"}},{\"@type\":\"Person\",\"@id\":\"https:\\\/\\\/anoticiaonline.com.br\\\/site\\\/author\\\/juliana\\\/#author\",\"url\":\"https:\\\/\\\/anoticiaonline.com.br\\\/site\\\/author\\\/juliana\\\/\",\"name\":\"Juliana Laviola\",\"image\":{\"@type\":\"ImageObject\",\"@id\":\"https:\\\/\\\/anoticiaonline.com.br\\\/site\\\/prazo-para-matriculas-do-proeja-fic-prossegue-ate-dia-15\\\/#authorImage\",\"url\":\"https:\\\/\\\/secure.gravatar.com\\\/avatar\\\/b8d45f5c699b100dfaf0e543582f38f38bf94cb7ae3a5e9abf8d891a34773335?s=96&d=mm&r=g\",\"width\":96,\"height\":96,\"caption\":\"Juliana Laviola\"}},{\"@type\":\"WebPage\",\"@id\":\"https:\\\/\\\/anoticiaonline.com.br\\\/site\\\/prazo-para-matriculas-do-proeja-fic-prossegue-ate-dia-15\\\/#webpage\",\"url\":\"https:\\\/\\\/anoticiaonline.com.br\\\/site\\\/prazo-para-matriculas-do-proeja-fic-prossegue-ate-dia-15\\\/\",\"name\":\"Prazo para matr\\u00edculas do Proeja FIC prossegue at\\u00e9 dia 15 - A Not\\u00edcia Online\",\"description\":\"Inscri\\u00e7\\u00f5es est\\u00e3o sendo feitas na Secretaria de Educa\\u00e7\\u00e3o e Escola Municipal Professora Odal\\u00e9ia Azevedo A Prefeitura de Muria\\u00e9, atrav\\u00e9s da Secretaria Municipal de Educa\\u00e7\\u00e3o, est\\u00e1 com matr\\u00edculas abertas para o Proeja FIC. Est\\u00e3o sendo oferecidas diversas vagas para os anos finais do Ensino Fundamental do 6\\u00ba ao 9\\u00ba ano. O programa oferece oportunidade\",\"inLanguage\":\"pt-BR\",\"isPartOf\":{\"@id\":\"https:\\\/\\\/anoticiaonline.com.br\\\/site\\\/#website\"},\"breadcrumb\":{\"@id\":\"https:\\\/\\\/anoticiaonline.com.br\\\/site\\\/prazo-para-matriculas-do-proeja-fic-prossegue-ate-dia-15\\\/#breadcrumblist\"},\"author\":{\"@id\":\"https:\\\/\\\/anoticiaonline.com.br\\\/site\\\/author\\\/juliana\\\/#author\"},\"creator\":{\"@id\":\"https:\\\/\\\/anoticiaonline.com.br\\\/site\\\/author\\\/juliana\\\/#author\"},\"datePublished\":\"2019-02-09T11:00:57-03:00\",\"dateModified\":\"2019-02-07T19:47:45-03:00\"},{\"@type\":\"WebSite\",\"@id\":\"https:\\\/\\\/anoticiaonline.com.br\\\/site\\\/#website\",\"url\":\"https:\\\/\\\/anoticiaonline.com.br\\\/site\\\/\",\"name\":\"A Not\\u00edcia Online\",\"description\":\"Noticias de Muria\\u00e9 e regi\\u00e3o\",\"inLanguage\":\"pt-BR\",\"publisher\":{\"@id\":\"https:\\\/\\\/anoticiaonline.com.br\\\/site\\\/#organization\"}}]}\n\t\t<\/script>\n\t\t<!-- All in One SEO -->\n\n","aioseo_head_json":{"title":"Prazo para matr\u00edculas do Proeja FIC prossegue at\u00e9 dia 15 - A Not\u00edcia Online","description":"Inscri\u00e7\u00f5es est\u00e3o sendo feitas na Secretaria de Educa\u00e7\u00e3o e Escola Municipal Professora Odal\u00e9ia Azevedo A Prefeitura de Muria\u00e9, atrav\u00e9s da Secretaria Municipal de Educa\u00e7\u00e3o, est\u00e1 com matr\u00edculas abertas para o Proeja FIC. Est\u00e3o sendo oferecidas diversas vagas para os anos finais do Ensino Fundamental do 6\u00ba ao 9\u00ba ano. O programa oferece oportunidade","canonical_url":"https:\/\/anoticiaonline.com.br\/site\/prazo-para-matriculas-do-proeja-fic-prossegue-ate-dia-15\/","robots":"max-image-preview:large","keywords":"","webmasterTools":{"miscellaneous":""},"schema":{"@context":"https:\/\/schema.org","@graph":[{"@type":"BlogPosting","@id":"https:\/\/anoticiaonline.com.br\/site\/prazo-para-matriculas-do-proeja-fic-prossegue-ate-dia-15\/#blogposting","name":"Prazo para matr\u00edculas do Proeja FIC prossegue at\u00e9 dia 15 - A Not\u00edcia Online","headline":"Prazo para matr\u00edculas do Proeja FIC prossegue at\u00e9 dia 15","author":{"@id":"https:\/\/anoticiaonline.com.br\/site\/author\/juliana\/#author"},"publisher":{"@id":"https:\/\/anoticiaonline.com.br\/site\/#organization"},"image":{"@type":"ImageObject","url":"https:\/\/anoticiaonline.com.br\/site\/wp-content\/uploads\/2019\/02\/Prazo-para-matr\u00edculas-do-Proeja-FIC-prossegue-at\u00e9-dia-15.jpg","@id":"https:\/\/anoticiaonline.com.br\/site\/prazo-para-matriculas-do-proeja-fic-prossegue-ate-dia-15\/#articleImage","width":1000,"height":581},"datePublished":"2019-02-09T11:00:57-03:00","dateModified":"2019-02-07T19:47:45-03:00","inLanguage":"pt-BR","mainEntityOfPage":{"@id":"https:\/\/anoticiaonline.com.br\/site\/prazo-para-matriculas-do-proeja-fic-prossegue-ate-dia-15\/#webpage"},"isPartOf":{"@id":"https:\/\/anoticiaonline.com.br\/site\/prazo-para-matriculas-do-proeja-fic-prossegue-ate-dia-15\/#webpage"},"articleSection":"Blog"},{"@type":"BreadcrumbList","@id":"https:\/\/anoticiaonline.com.br\/site\/prazo-para-matriculas-do-proeja-fic-prossegue-ate-dia-15\/#breadcrumblist","itemListElement":[{"@type":"ListItem","@id":"https:\/\/anoticiaonline.com.br\/site#listItem","position":1,"name":"Home","item":"https:\/\/anoticiaonline.com.br\/site","nextItem":{"@type":"ListItem","@id":"https:\/\/anoticiaonline.com.br\/site\/categoria\/muriae\/#listItem","name":"Blog"}},{"@type":"ListItem","@id":"https:\/\/anoticiaonline.com.br\/site\/categoria\/muriae\/#listItem","position":2,"name":"Blog","item":"https:\/\/anoticiaonline.com.br\/site\/categoria\/muriae\/","nextItem":{"@type":"ListItem","@id":"https:\/\/anoticiaonline.com.br\/site\/prazo-para-matriculas-do-proeja-fic-prossegue-ate-dia-15\/#listItem","name":"Prazo para matr\u00edculas do Proeja FIC prossegue at\u00e9 dia 15"},"previousItem":{"@type":"ListItem","@id":"https:\/\/anoticiaonline.com.br\/site#listItem","name":"Home"}},{"@type":"ListItem","@id":"https:\/\/anoticiaonline.com.br\/site\/prazo-para-matriculas-do-proeja-fic-prossegue-ate-dia-15\/#listItem","position":3,"name":"Prazo para matr\u00edculas do Proeja FIC prossegue at\u00e9 dia 15","previousItem":{"@type":"ListItem","@id":"https:\/\/anoticiaonline.com.br\/site\/categoria\/muriae\/#listItem","name":"Blog"}}]},{"@type":"Organization","@id":"https:\/\/anoticiaonline.com.br\/site\/#organization","name":"A Not\u00edcia Online","description":"Noticias de Muria\u00e9 e regi\u00e3o","url":"https:\/\/anoticiaonline.com.br\/site\/","logo":{"@type":"ImageObject","url":"https:\/\/scontent-gig4-1.xx.fbcdn.net\/v\/t39.30808-1\/270437624_4564083193639691_6907940295614233970_n.jpg?stp=dst-jpg_s200x200_tt6&_nc_cat=111&ccb=1-7&_nc_sid=f907e8&_nc_ohc=SM1wRlP3lJwQ7kNvwEPuBYA&_nc_oc=AdnqrjDN_BNjSSHWO-GbkIWH6fkGMLw4bqvL_NH6e2wMveX7G-rP2dAqsDSq1mJMOaY&_nc_zt=24&_nc_ht=scontent-gig4-1.xx&_nc_gid=AoBFJeGrT1hVaew_6rchkQ&oh=00_AfX7QmFGhQhG2jAllVgXCiM1ZrWgvtp80-Bfppyexh1QEg&oe=689E923C","@id":"https:\/\/anoticiaonline.com.br\/site\/prazo-para-matriculas-do-proeja-fic-prossegue-ate-dia-15\/#organizationLogo"},"image":{"@id":"https:\/\/anoticiaonline.com.br\/site\/prazo-para-matriculas-do-proeja-fic-prossegue-ate-dia-15\/#organizationLogo"}},{"@type":"Person","@id":"https:\/\/anoticiaonline.com.br\/site\/author\/juliana\/#author","url":"https:\/\/anoticiaonline.com.br\/site\/author\/juliana\/","name":"Juliana Laviola","image":{"@type":"ImageObject","@id":"https:\/\/anoticiaonline.com.br\/site\/prazo-para-matriculas-do-proeja-fic-prossegue-ate-dia-15\/#authorImage","url":"https:\/\/secure.gravatar.com\/avatar\/b8d45f5c699b100dfaf0e543582f38f38bf94cb7ae3a5e9abf8d891a34773335?s=96&d=mm&r=g","width":96,"height":96,"caption":"Juliana Laviola"}},{"@type":"WebPage","@id":"https:\/\/anoticiaonline.com.br\/site\/prazo-para-matriculas-do-proeja-fic-prossegue-ate-dia-15\/#webpage","url":"https:\/\/anoticiaonline.com.br\/site\/prazo-para-matriculas-do-proeja-fic-prossegue-ate-dia-15\/","name":"Prazo para matr\u00edculas do Proeja FIC prossegue at\u00e9 dia 15 - A Not\u00edcia Online","description":"Inscri\u00e7\u00f5es est\u00e3o sendo feitas na Secretaria de Educa\u00e7\u00e3o e Escola Municipal Professora Odal\u00e9ia Azevedo A Prefeitura de Muria\u00e9, atrav\u00e9s da Secretaria Municipal de Educa\u00e7\u00e3o, est\u00e1 com matr\u00edculas abertas para o Proeja FIC. Est\u00e3o sendo oferecidas diversas vagas para os anos finais do Ensino Fundamental do 6\u00ba ao 9\u00ba ano. O programa oferece oportunidade","inLanguage":"pt-BR","isPartOf":{"@id":"https:\/\/anoticiaonline.com.br\/site\/#website"},"breadcrumb":{"@id":"https:\/\/anoticiaonline.com.br\/site\/prazo-para-matriculas-do-proeja-fic-prossegue-ate-dia-15\/#breadcrumblist"},"author":{"@id":"https:\/\/anoticiaonline.com.br\/site\/author\/juliana\/#author"},"creator":{"@id":"https:\/\/anoticiaonline.com.br\/site\/author\/juliana\/#author"},"datePublished":"2019-02-09T11:00:57-03:00","dateModified":"2019-02-07T19:47:45-03:00"},{"@type":"WebSite","@id":"https:\/\/anoticiaonline.com.br\/site\/#website","url":"https:\/\/anoticiaonline.com.br\/site\/","name":"A Not\u00edcia Online","description":"Noticias de Muria\u00e9 e regi\u00e3o","inLanguage":"pt-BR","publisher":{"@id":"https:\/\/anoticiaonline.com.br\/site\/#organization"}}]},"og:locale":"pt_BR","og:site_name":"A Not\u00edcia Online - Noticias de Muria\u00e9 e regi\u00e3o","og:type":"article","og:title":"Prazo para matr\u00edculas do Proeja FIC prossegue at\u00e9 dia 15 - A Not\u00edcia Online","og:description":"Inscri\u00e7\u00f5es est\u00e3o sendo feitas na Secretaria de Educa\u00e7\u00e3o e Escola Municipal Professora Odal\u00e9ia Azevedo A Prefeitura de Muria\u00e9, atrav\u00e9s da Secretaria Municipal de Educa\u00e7\u00e3o, est\u00e1 com matr\u00edculas abertas para o Proeja FIC. Est\u00e3o sendo oferecidas diversas vagas para os anos finais do Ensino Fundamental do 6\u00ba ao 9\u00ba ano. O programa oferece oportunidade","og:url":"https:\/\/anoticiaonline.com.br\/site\/prazo-para-matriculas-do-proeja-fic-prossegue-ate-dia-15\/","og:image":"https:\/\/scontent-gig4-1.xx.fbcdn.net\/v\/t39.30808-1\/270437624_4564083193639691_6907940295614233970_n.jpg?stp=dst-jpg_s200x200_tt6&#038;_nc_cat=111&#038;ccb=1-7&#038;_nc_sid=f907e8&#038;_nc_ohc=SM1wRlP3lJwQ7kNvwEPuBYA&#038;_nc_oc=AdnqrjDN_BNjSSHWO-GbkIWH6fkGMLw4bqvL_NH6e2wMveX7G-rP2dAqsDSq1mJMOaY&#038;_nc_zt=24&#038;_nc_ht=scontent-gig4-1.xx&#038;_nc_gid=AoBFJeGrT1hVaew_6rchkQ&#038;oh=00_AfX7QmFGhQhG2jAllVgXCiM1ZrWgvtp80-Bfppyexh1QEg&#038;oe=689E923C","og:image:secure_url":"https:\/\/scontent-gig4-1.xx.fbcdn.net\/v\/t39.30808-1\/270437624_4564083193639691_6907940295614233970_n.jpg?stp=dst-jpg_s200x200_tt6&#038;_nc_cat=111&#038;ccb=1-7&#038;_nc_sid=f907e8&#038;_nc_ohc=SM1wRlP3lJwQ7kNvwEPuBYA&#038;_nc_oc=AdnqrjDN_BNjSSHWO-GbkIWH6fkGMLw4bqvL_NH6e2wMveX7G-rP2dAqsDSq1mJMOaY&#038;_nc_zt=24&#038;_nc_ht=scontent-gig4-1.xx&#038;_nc_gid=AoBFJeGrT1hVaew_6rchkQ&#038;oh=00_AfX7QmFGhQhG2jAllVgXCiM1ZrWgvtp80-Bfppyexh1QEg&#038;oe=689E923C","article:published_time":"2019-02-09T14:00:57+00:00","article:modified_time":"2019-02-07T22:47:45+00:00","twitter:card":"summary_large_image","twitter:title":"Prazo para matr\u00edculas do Proeja FIC prossegue at\u00e9 dia 15 - A Not\u00edcia Online","twitter:description":"Inscri\u00e7\u00f5es est\u00e3o sendo feitas na Secretaria de Educa\u00e7\u00e3o e Escola Municipal Professora Odal\u00e9ia Azevedo A Prefeitura de Muria\u00e9, atrav\u00e9s da Secretaria Municipal de Educa\u00e7\u00e3o, est\u00e1 com matr\u00edculas abertas para o Proeja FIC. Est\u00e3o sendo oferecidas diversas vagas para os anos finais do Ensino Fundamental do 6\u00ba ao 9\u00ba ano. O programa oferece oportunidade","twitter:image":"https:\/\/scontent-gig4-1.xx.fbcdn.net\/v\/t39.30808-1\/270437624_4564083193639691_6907940295614233970_n.jpg?stp=dst-jpg_s200x200_tt6&_nc_cat=111&ccb=1-7&_nc_sid=f907e8&_nc_ohc=SM1wRlP3lJwQ7kNvwEPuBYA&_nc_oc=AdnqrjDN_BNjSSHWO-GbkIWH6fkGMLw4bqvL_NH6e2wMveX7G-rP2dAqsDSq1mJMOaY&_nc_zt=24&_nc_ht=scontent-gig4-1.xx&_nc_gid=AoBFJeGrT1hVaew_6rchkQ&oh=00_AfX7QmFGhQhG2jAllVgXCiM1ZrWgvtp80-Bfppyexh1QEg&oe=689E923C"},"aioseo_meta_data":{"post_id":"67065","title":null,"description":null,"keywords":null,"keyphrases":null,"primary_term":null,"canonical_url":null,"og_title":null,"og_description":null,"og_object_type":"default","og_image_type":"default","og_image_url":null,"og_image_width":null,"og_image_height":null,"og_image_custom_url":null,"og_image_custom_fields":null,"og_video":null,"og_custom_url":null,"og_article_section":null,"og_article_tags":null,"twitter_use_og":false,"twitter_card":"default","twitter_image_type":"default","twitter_image_url":null,"twitter_image_custom_url":null,"twitter_image_custom_fields":null,"twitter_title":null,"twitter_description":null,"schema":{"blockGraphs":[],"customGraphs":[],"default":{"data":{"Article":[],"Course":[],"Dataset":[],"FAQPage":[],"Movie":[],"Person":[],"Product":[],"ProductReview":[],"Car":[],"Recipe":[],"Service":[],"SoftwareApplication":[],"WebPage":[]},"graphName":"","isEnabled":true},"graphs":[]},"schema_type":"default","schema_type_options":null,"pillar_content":false,"robots_default":true,"robots_noindex":false,"robots_noarchive":false,"robots_nosnippet":false,"robots_nofollow":false,"robots_noimageindex":false,"robots_noodp":false,"robots_notranslate":false,"robots_max_snippet":null,"robots_max_videopreview":null,"robots_max_imagepreview":"large","priority":null,"frequency":null,"local_seo":null,"breadcrumb_settings":null,"limit_modified_date":false,"ai":null,"created":"2025-08-16 22:43:29","updated":"2025-08-16 22:43:29","focus_keyword":null,"additional_keywords":null,"truseo_locale":null,"seo_analyzer_scan_date":null},"aioseo_breadcrumb":"<div class=\"aioseo-breadcrumbs\"><span class=\"aioseo-breadcrumb\">\n\t\t\t<a href=\"https:\/\/anoticiaonline.com.br\/site\" title=\"Home\">Home<\/a>\n\t\t<\/span><span class=\"aioseo-breadcrumb-separator\">&raquo;<\/span><span class=\"aioseo-breadcrumb\">\n\t\t\t<a href=\"https:\/\/anoticiaonline.com.br\/site\/categoria\/muriae\/\" title=\"Blog\">Blog<\/a>\n\t\t<\/span><span class=\"aioseo-breadcrumb-separator\">&raquo;<\/span><span class=\"aioseo-breadcrumb\">\n\t\t\tPrazo para matr\u00edculas do Proeja FIC prossegue at\u00e9 dia 15\n\t\t<\/span><\/div>","aioseo_breadcrumb_json":[{"label":"Home","link":"https:\/\/anoticiaonline.com.br\/site"},{"label":"Blog","link":"https:\/\/anoticiaonline.com.br\/site\/categoria\/muriae\/"},{"label":"Prazo para matr\u00edculas do Proeja FIC prossegue at\u00e9 dia 15","link":"https:\/\/anoticiaonline.com.br\/site\/prazo-para-matriculas-do-proeja-fic-prossegue-ate-dia-15\/"}],"views":138,"_links":{"self":[{"href":"https:\/\/anoticiaonline.com.br\/site\/wp-json\/wp\/v2\/posts\/67065","targetHints":{"allow":["GET"]}}],"collection":[{"href":"https:\/\/anoticiaonline.com.br\/site\/wp-json\/wp\/v2\/posts"}],"about":[{"href":"https:\/\/anoticiaonline.com.br\/site\/wp-json\/wp\/v2\/types\/post"}],"author":[{"embeddable":true,"href":"https:\/\/anoticiaonline.com.br\/site\/wp-json\/wp\/v2\/users\/2"}],"replies":[{"embeddable":true,"href":"https:\/\/anoticiaonline.com.br\/site\/wp-json\/wp\/v2\/comments?post=67065"}],"version-history":[{"count":0,"href":"https:\/\/anoticiaonline.com.br\/site\/wp-json\/wp\/v2\/posts\/67065\/revisions"}],"wp:attachment":[{"href":"https:\/\/anoticiaonline.com.br\/site\/wp-json\/wp\/v2\/media?parent=67065"}],"wp:term":[{"taxonomy":"category","embeddable":true,"href":"https:\/\/anoticiaonline.com.br\/site\/wp-json\/wp\/v2\/categories?post=67065"},{"taxonomy":"post_tag","embeddable":true,"href":"https:\/\/anoticiaonline.com.br\/site\/wp-json\/wp\/v2\/tags?post=67065"}],"curies":[{"name":"wp","href":"https:\/\/api.w.org\/{rel}","templated":true}]}}