{"id":66994,"date":"2019-02-07T16:56:49","date_gmt":"2019-02-07T19:56:49","guid":{"rendered":"http:\/\/anoticiaonline.com.br\/site\/?p=66994"},"modified":"2019-02-11T11:17:40","modified_gmt":"2019-02-11T14:17:40","slug":"entrevistado-pelo-momento-familia-leandro-latini-fala-sobre-relacao-com-a-sicoob-credisudeste","status":"publish","type":"post","link":"https:\/\/anoticiaonline.com.br\/site\/entrevistado-pelo-momento-familia-leandro-latini-fala-sobre-relacao-com-a-sicoob-credisudeste\/","title":{"rendered":"\u201cMomento Fam\u00edlia\u201d"},"content":{"rendered":"<h2>Entrevistado pelo \u201cMomento Fam\u00edlia\u201d, Leandro Latini fala sobre rela\u00e7\u00e3o com o Sicoob Credisudeste<\/h2>\n<figure id=\"attachment_66997\" aria-describedby=\"caption-attachment-66997\" style=\"width: 630px\" class=\"wp-caption aligncenter\"><a href=\"https:\/\/anoticiaonline.com.br\/site\/wp-content\/uploads\/2019\/02\/Leandro-Latini-\u00e9-cliente-Sicoob-Credisudeste-desde-2015.jpg\"><img fetchpriority=\"high\" decoding=\"async\" class=\"size-full wp-image-66997\" src=\"https:\/\/anoticiaonline.com.br\/site\/wp-content\/uploads\/2019\/02\/Leandro-Latini-\u00e9-cliente-Sicoob-Credisudeste-desde-2015.jpg\" alt=\"\" width=\"640\" height=\"480\" srcset=\"https:\/\/anoticiaonline.com.br\/site\/wp-content\/uploads\/2019\/02\/Leandro-Latini-\u00e9-cliente-Sicoob-Credisudeste-desde-2015.jpg 640w, https:\/\/anoticiaonline.com.br\/site\/wp-content\/uploads\/2019\/02\/Leandro-Latini-\u00e9-cliente-Sicoob-Credisudeste-desde-2015-300x225.jpg 300w, https:\/\/anoticiaonline.com.br\/site\/wp-content\/uploads\/2019\/02\/Leandro-Latini-\u00e9-cliente-Sicoob-Credisudeste-desde-2015-105x80.jpg 105w\" sizes=\"(max-width: 640px) 100vw, 640px\" \/><\/a><figcaption id=\"caption-attachment-66997\" class=\"wp-caption-text\">Leandro Latini \u00e9 cliente Sicoob Credisudeste desde 2015<\/figcaption><\/figure>\n<p>Dando sequ\u00eancia ao seu projeto \u201cMomento Fam\u00edlia\u201d, em que os associados falam, em v\u00eddeos, sobre sua rela\u00e7\u00e3o com a cooperativa, o Sicoob Credisudeste entrevistou o empres\u00e1rio Leandro Latini Veiga, propriet\u00e1rio da Revele Photo e atual vice-presidente da C\u00e2mara dos Dirigentes Lojistas (CDL) de Muria\u00e9.<!--more--><\/p>\n<p>Cliente da cooperativa desde 2015, Leandro considerou a iniciativa muito v\u00e1lida, principalmente para atrair novos clientes em potencial. \u201c\u00c9 importante mostrar pessoas comuns que est\u00e3o satisfeitas com o servi\u00e7o do Sicoob Credisudeste. Sabemos que muitos ainda pensam que se trata de uma cooperativa rural, mas hoje n\u00e3o \u00e9. Eles t\u00eam carteiras muito bacanas tanto para com\u00e9rcio quanto para contas de pessoas f\u00edsicas\u201d, avaliou Leandro.<\/p>\n<p>Satisfeito e surpreso em ser escolhido para o depoimento, Leandro exaltou a facilidade de contato e a proximidade com os colaboradores da cooperativa como um grande ponto positivo. \u201c\u00c9 uma rela\u00e7\u00e3o muito transparente e tranquila. O acesso \u00e0s pessoas \u00e9 facilitado e essa \u00e9 a grande vantagem em rela\u00e7\u00e3o aos bancos. O Sicoob Credisudeste afasta a burocracia, aproximando os clientes, e relacionamento \u00e9 tudo quando se trata deste tipo de servi\u00e7o\u201d, disse o empres\u00e1rio, deixando ainda sua avalia\u00e7\u00e3o geral sobre a cooperativa. \u201cA avalia\u00e7\u00e3o \u00e9 \u00f3tima. Vou dar uma nota 8, pois sempre h\u00e1 algo que possa melhorar\u201d encerrou Leandro.<\/p>\n<p>Confira a entrevista de Leandro no Canal do Sicoob Credisudeste:\u00a0<a href=\"http:\/\/www.youtube.com\/watch?v=DXJ__eohuss\">http:\/\/www.youtube.com\/watch?v=DXJ__eohuss<\/a><\/p>\n<p>&nbsp;<\/p>\n<p><a href=\"https:\/\/anoticiaonline.com.br\/site\/wp-content\/uploads\/2019\/02\/374fcd69-28c3-4f59-915f-cc94dcaeefe6.jpg\"><img decoding=\"async\" class=\"aligncenter size-full wp-image-66998\" src=\"https:\/\/anoticiaonline.com.br\/site\/wp-content\/uploads\/2019\/02\/374fcd69-28c3-4f59-915f-cc94dcaeefe6.jpg\" alt=\"\" width=\"1000\" height=\"563\" srcset=\"https:\/\/anoticiaonline.com.br\/site\/wp-content\/uploads\/2019\/02\/374fcd69-28c3-4f59-915f-cc94dcaeefe6.jpg 1000w, https:\/\/anoticiaonline.com.br\/site\/wp-content\/uploads\/2019\/02\/374fcd69-28c3-4f59-915f-cc94dcaeefe6-300x169.jpg 300w, https:\/\/anoticiaonline.com.br\/site\/wp-content\/uploads\/2019\/02\/374fcd69-28c3-4f59-915f-cc94dcaeefe6-768x432.jpg 768w\" sizes=\"(max-width: 1000px) 100vw, 1000px\" \/><\/a><\/p>\n<p><a href=\"https:\/\/anoticiaonline.com.br\/site\/wp-content\/uploads\/2019\/02\/4874832f-7389-4e28-8694-851589da84eb.jpg\"><img decoding=\"async\" class=\"aligncenter size-full wp-image-66999\" src=\"https:\/\/anoticiaonline.com.br\/site\/wp-content\/uploads\/2019\/02\/4874832f-7389-4e28-8694-851589da84eb.jpg\" alt=\"\" width=\"1000\" height=\"563\" srcset=\"https:\/\/anoticiaonline.com.br\/site\/wp-content\/uploads\/2019\/02\/4874832f-7389-4e28-8694-851589da84eb.jpg 1000w, https:\/\/anoticiaonline.com.br\/site\/wp-content\/uploads\/2019\/02\/4874832f-7389-4e28-8694-851589da84eb-300x169.jpg 300w, https:\/\/anoticiaonline.com.br\/site\/wp-content\/uploads\/2019\/02\/4874832f-7389-4e28-8694-851589da84eb-768x432.jpg 768w\" sizes=\"(max-width: 1000px) 100vw, 1000px\" \/><\/a><\/p>\n<p><a href=\"https:\/\/anoticiaonline.com.br\/site\/wp-content\/uploads\/2019\/02\/Ag\u00eancia-da-Sicoob-Credisudeste-no-Centro.jpg\"><img loading=\"lazy\" decoding=\"async\" class=\"aligncenter size-full wp-image-67000\" src=\"https:\/\/anoticiaonline.com.br\/site\/wp-content\/uploads\/2019\/02\/Ag\u00eancia-da-Sicoob-Credisudeste-no-Centro.jpg\" alt=\"\" width=\"1000\" height=\"646\" srcset=\"https:\/\/anoticiaonline.com.br\/site\/wp-content\/uploads\/2019\/02\/Ag\u00eancia-da-Sicoob-Credisudeste-no-Centro.jpg 1000w, https:\/\/anoticiaonline.com.br\/site\/wp-content\/uploads\/2019\/02\/Ag\u00eancia-da-Sicoob-Credisudeste-no-Centro-300x194.jpg 300w, https:\/\/anoticiaonline.com.br\/site\/wp-content\/uploads\/2019\/02\/Ag\u00eancia-da-Sicoob-Credisudeste-no-Centro-768x496.jpg 768w\" sizes=\"(max-width: 1000px) 100vw, 1000px\" \/><\/a><\/p>\n","protected":false},"excerpt":{"rendered":"<p>Entrevistado pelo \u201cMomento Fam\u00edlia\u201d, Leandro Latini fala sobre rela\u00e7\u00e3o com o Sicoob Credisudeste Dando sequ\u00eancia ao seu projeto \u201cMomento Fam\u00edlia\u201d, em que os associados falam, em v\u00eddeos, sobre sua rela\u00e7\u00e3o com a cooperativa, o Sicoob Credisudeste entrevistou o empres\u00e1rio Leandro Latini Veiga, propriet\u00e1rio da Revele Photo e atual vice-presidente da C\u00e2mara dos Dirigentes Lojistas (CDL) &#8230; <a title=\"\u201cMomento Fam\u00edlia\u201d\" class=\"read-more\" href=\"https:\/\/anoticiaonline.com.br\/site\/entrevistado-pelo-momento-familia-leandro-latini-fala-sobre-relacao-com-a-sicoob-credisudeste\/\" aria-label=\"Read more about \u201cMomento Fam\u00edlia\u201d\">Ler mais<\/a><\/p>\n","protected":false},"author":2,"featured_media":66997,"comment_status":"open","ping_status":"open","sticky":false,"template":"","format":"standard","meta":{"_acf_changed":false,"_monsterinsights_skip_tracking":false,"footnotes":""},"categories":[30],"tags":[531,596],"class_list":["post-66994","post","type-post","status-publish","format-standard","has-post-thumbnail","hentry","category-muriae","tag-leandro-latini","tag-sicoob-credisudeste"],"acf":[],"aioseo_notices":[],"aioseo_head":"\n\t\t<!-- All in One SEO 5.0.0.1 - aioseo.com -->\n\t<meta name=\"description\" content=\"Entrevistado pelo \u201cMomento Fam\u00edlia\u201d, Leandro Latini fala sobre rela\u00e7\u00e3o com o Sicoob Credisudeste Dando sequ\u00eancia ao seu projeto \u201cMomento Fam\u00edlia\u201d, em que os associados falam, em v\u00eddeos, sobre sua rela\u00e7\u00e3o com a cooperativa, o Sicoob Credisudeste entrevistou o empres\u00e1rio Leandro Latini Veiga, propriet\u00e1rio da Revele Photo e atual vice-presidente da C\u00e2mara dos Dirigentes Lojistas (CDL)\" \/>\n\t<meta name=\"robots\" content=\"max-image-preview:large\" \/>\n\t<meta name=\"author\" content=\"Juliana Laviola\"\/>\n\t<link rel=\"canonical\" href=\"https:\/\/anoticiaonline.com.br\/site\/entrevistado-pelo-momento-familia-leandro-latini-fala-sobre-relacao-com-a-sicoob-credisudeste\/\" \/>\n\t<meta name=\"generator\" content=\"All in One SEO (AIOSEO) 5.0.0.1\" \/>\n\t\t<meta property=\"og:locale\" content=\"pt_BR\" \/>\n\t\t<meta property=\"og:site_name\" content=\"A Not\u00edcia Online - Noticias de Muria\u00e9 e regi\u00e3o\" \/>\n\t\t<meta property=\"og:type\" content=\"article\" \/>\n\t\t<meta property=\"og:title\" content=\"\u201cMomento Fam\u00edlia\u201d - A Not\u00edcia Online\" \/>\n\t\t<meta property=\"og:description\" content=\"Entrevistado pelo \u201cMomento Fam\u00edlia\u201d, Leandro Latini fala sobre rela\u00e7\u00e3o com o Sicoob Credisudeste Dando sequ\u00eancia ao seu projeto \u201cMomento Fam\u00edlia\u201d, em que os associados falam, em v\u00eddeos, sobre sua rela\u00e7\u00e3o com a cooperativa, o Sicoob Credisudeste entrevistou o empres\u00e1rio Leandro Latini Veiga, propriet\u00e1rio da Revele Photo e atual vice-presidente da C\u00e2mara dos Dirigentes Lojistas (CDL)\" \/>\n\t\t<meta property=\"og:url\" content=\"https:\/\/anoticiaonline.com.br\/site\/entrevistado-pelo-momento-familia-leandro-latini-fala-sobre-relacao-com-a-sicoob-credisudeste\/\" \/>\n\t\t<meta property=\"og:image\" content=\"https:\/\/scontent-gig4-1.xx.fbcdn.net\/v\/t39.30808-1\/270437624_4564083193639691_6907940295614233970_n.jpg?stp=dst-jpg_s200x200_tt6&#038;_nc_cat=111&#038;ccb=1-7&#038;_nc_sid=f907e8&#038;_nc_ohc=SM1wRlP3lJwQ7kNvwEPuBYA&#038;_nc_oc=AdnqrjDN_BNjSSHWO-GbkIWH6fkGMLw4bqvL_NH6e2wMveX7G-rP2dAqsDSq1mJMOaY&#038;_nc_zt=24&#038;_nc_ht=scontent-gig4-1.xx&#038;_nc_gid=AoBFJeGrT1hVaew_6rchkQ&#038;oh=00_AfX7QmFGhQhG2jAllVgXCiM1ZrWgvtp80-Bfppyexh1QEg&#038;oe=689E923C\" \/>\n\t\t<meta property=\"og:image:secure_url\" content=\"https:\/\/scontent-gig4-1.xx.fbcdn.net\/v\/t39.30808-1\/270437624_4564083193639691_6907940295614233970_n.jpg?stp=dst-jpg_s200x200_tt6&#038;_nc_cat=111&#038;ccb=1-7&#038;_nc_sid=f907e8&#038;_nc_ohc=SM1wRlP3lJwQ7kNvwEPuBYA&#038;_nc_oc=AdnqrjDN_BNjSSHWO-GbkIWH6fkGMLw4bqvL_NH6e2wMveX7G-rP2dAqsDSq1mJMOaY&#038;_nc_zt=24&#038;_nc_ht=scontent-gig4-1.xx&#038;_nc_gid=AoBFJeGrT1hVaew_6rchkQ&#038;oh=00_AfX7QmFGhQhG2jAllVgXCiM1ZrWgvtp80-Bfppyexh1QEg&#038;oe=689E923C\" \/>\n\t\t<meta property=\"article:published_time\" content=\"2019-02-07T19:56:49+00:00\" \/>\n\t\t<meta property=\"article:modified_time\" content=\"2019-02-11T14:17:40+00:00\" \/>\n\t\t<meta name=\"twitter:card\" content=\"summary_large_image\" \/>\n\t\t<meta name=\"twitter:title\" content=\"\u201cMomento Fam\u00edlia\u201d - A Not\u00edcia Online\" \/>\n\t\t<meta name=\"twitter:description\" content=\"Entrevistado pelo \u201cMomento Fam\u00edlia\u201d, Leandro Latini fala sobre rela\u00e7\u00e3o com o Sicoob Credisudeste Dando sequ\u00eancia ao seu projeto \u201cMomento Fam\u00edlia\u201d, em que os associados falam, em v\u00eddeos, sobre sua rela\u00e7\u00e3o com a cooperativa, o Sicoob Credisudeste entrevistou o empres\u00e1rio Leandro Latini Veiga, propriet\u00e1rio da Revele Photo e atual vice-presidente da C\u00e2mara dos Dirigentes Lojistas (CDL)\" \/>\n\t\t<meta name=\"twitter:image\" content=\"https:\/\/scontent-gig4-1.xx.fbcdn.net\/v\/t39.30808-1\/270437624_4564083193639691_6907940295614233970_n.jpg?stp=dst-jpg_s200x200_tt6&amp;_nc_cat=111&amp;ccb=1-7&amp;_nc_sid=f907e8&amp;_nc_ohc=SM1wRlP3lJwQ7kNvwEPuBYA&amp;_nc_oc=AdnqrjDN_BNjSSHWO-GbkIWH6fkGMLw4bqvL_NH6e2wMveX7G-rP2dAqsDSq1mJMOaY&amp;_nc_zt=24&amp;_nc_ht=scontent-gig4-1.xx&amp;_nc_gid=AoBFJeGrT1hVaew_6rchkQ&amp;oh=00_AfX7QmFGhQhG2jAllVgXCiM1ZrWgvtp80-Bfppyexh1QEg&amp;oe=689E923C\" \/>\n\t\t<script type=\"application\/ld+json\" class=\"aioseo-schema\">\n\t\t\t{\"@context\":\"https:\\\/\\\/schema.org\",\"@graph\":[{\"@type\":\"BlogPosting\",\"@id\":\"https:\\\/\\\/anoticiaonline.com.br\\\/site\\\/entrevistado-pelo-momento-familia-leandro-latini-fala-sobre-relacao-com-a-sicoob-credisudeste\\\/#blogposting\",\"name\":\"\\u201cMomento Fam\\u00edlia\\u201d - A Not\\u00edcia Online\",\"headline\":\"\\u201cMomento Fam\\u00edlia\\u201d\",\"author\":{\"@id\":\"https:\\\/\\\/anoticiaonline.com.br\\\/site\\\/author\\\/juliana\\\/#author\"},\"publisher\":{\"@id\":\"https:\\\/\\\/anoticiaonline.com.br\\\/site\\\/#organization\"},\"image\":{\"@type\":\"ImageObject\",\"url\":\"https:\\\/\\\/anoticiaonline.com.br\\\/site\\\/wp-content\\\/uploads\\\/2019\\\/02\\\/Leandro-Latini-\\u00e9-cliente-Sicoob-Credisudeste-desde-2015.jpg\",\"width\":640,\"height\":480,\"caption\":\"Leandro Latini \\u00e9 cliente Sicoob Credisudeste desde 2015\"},\"datePublished\":\"2019-02-07T16:56:49-03:00\",\"dateModified\":\"2019-02-11T11:17:40-03:00\",\"inLanguage\":\"pt-BR\",\"mainEntityOfPage\":{\"@id\":\"https:\\\/\\\/anoticiaonline.com.br\\\/site\\\/entrevistado-pelo-momento-familia-leandro-latini-fala-sobre-relacao-com-a-sicoob-credisudeste\\\/#webpage\"},\"isPartOf\":{\"@id\":\"https:\\\/\\\/anoticiaonline.com.br\\\/site\\\/entrevistado-pelo-momento-familia-leandro-latini-fala-sobre-relacao-com-a-sicoob-credisudeste\\\/#webpage\"},\"articleSection\":\"Blog, Leandro Latini, SICOOB\\u00a0 CREDISUDESTE\"},{\"@type\":\"BreadcrumbList\",\"@id\":\"https:\\\/\\\/anoticiaonline.com.br\\\/site\\\/entrevistado-pelo-momento-familia-leandro-latini-fala-sobre-relacao-com-a-sicoob-credisudeste\\\/#breadcrumblist\",\"itemListElement\":[{\"@type\":\"ListItem\",\"@id\":\"https:\\\/\\\/anoticiaonline.com.br\\\/site#listItem\",\"position\":1,\"name\":\"Home\",\"item\":\"https:\\\/\\\/anoticiaonline.com.br\\\/site\",\"nextItem\":{\"@type\":\"ListItem\",\"@id\":\"https:\\\/\\\/anoticiaonline.com.br\\\/site\\\/categoria\\\/muriae\\\/#listItem\",\"name\":\"Blog\"}},{\"@type\":\"ListItem\",\"@id\":\"https:\\\/\\\/anoticiaonline.com.br\\\/site\\\/categoria\\\/muriae\\\/#listItem\",\"position\":2,\"name\":\"Blog\",\"item\":\"https:\\\/\\\/anoticiaonline.com.br\\\/site\\\/categoria\\\/muriae\\\/\",\"nextItem\":{\"@type\":\"ListItem\",\"@id\":\"https:\\\/\\\/anoticiaonline.com.br\\\/site\\\/entrevistado-pelo-momento-familia-leandro-latini-fala-sobre-relacao-com-a-sicoob-credisudeste\\\/#listItem\",\"name\":\"\\u201cMomento Fam\\u00edlia\\u201d\"},\"previousItem\":{\"@type\":\"ListItem\",\"@id\":\"https:\\\/\\\/anoticiaonline.com.br\\\/site#listItem\",\"name\":\"Home\"}},{\"@type\":\"ListItem\",\"@id\":\"https:\\\/\\\/anoticiaonline.com.br\\\/site\\\/entrevistado-pelo-momento-familia-leandro-latini-fala-sobre-relacao-com-a-sicoob-credisudeste\\\/#listItem\",\"position\":3,\"name\":\"\\u201cMomento Fam\\u00edlia\\u201d\",\"previousItem\":{\"@type\":\"ListItem\",\"@id\":\"https:\\\/\\\/anoticiaonline.com.br\\\/site\\\/categoria\\\/muriae\\\/#listItem\",\"name\":\"Blog\"}}]},{\"@type\":\"Organization\",\"@id\":\"https:\\\/\\\/anoticiaonline.com.br\\\/site\\\/#organization\",\"name\":\"A Not\\u00edcia Online\",\"description\":\"Noticias de Muria\\u00e9 e regi\\u00e3o\",\"url\":\"https:\\\/\\\/anoticiaonline.com.br\\\/site\\\/\",\"logo\":{\"@type\":\"ImageObject\",\"url\":\"https:\\\/\\\/scontent-gig4-1.xx.fbcdn.net\\\/v\\\/t39.30808-1\\\/270437624_4564083193639691_6907940295614233970_n.jpg?stp=dst-jpg_s200x200_tt6&_nc_cat=111&ccb=1-7&_nc_sid=f907e8&_nc_ohc=SM1wRlP3lJwQ7kNvwEPuBYA&_nc_oc=AdnqrjDN_BNjSSHWO-GbkIWH6fkGMLw4bqvL_NH6e2wMveX7G-rP2dAqsDSq1mJMOaY&_nc_zt=24&_nc_ht=scontent-gig4-1.xx&_nc_gid=AoBFJeGrT1hVaew_6rchkQ&oh=00_AfX7QmFGhQhG2jAllVgXCiM1ZrWgvtp80-Bfppyexh1QEg&oe=689E923C\",\"@id\":\"https:\\\/\\\/anoticiaonline.com.br\\\/site\\\/entrevistado-pelo-momento-familia-leandro-latini-fala-sobre-relacao-com-a-sicoob-credisudeste\\\/#organizationLogo\"},\"image\":{\"@id\":\"https:\\\/\\\/anoticiaonline.com.br\\\/site\\\/entrevistado-pelo-momento-familia-leandro-latini-fala-sobre-relacao-com-a-sicoob-credisudeste\\\/#organizationLogo\"}},{\"@type\":\"Person\",\"@id\":\"https:\\\/\\\/anoticiaonline.com.br\\\/site\\\/author\\\/juliana\\\/#author\",\"url\":\"https:\\\/\\\/anoticiaonline.com.br\\\/site\\\/author\\\/juliana\\\/\",\"name\":\"Juliana Laviola\",\"image\":{\"@type\":\"ImageObject\",\"@id\":\"https:\\\/\\\/anoticiaonline.com.br\\\/site\\\/entrevistado-pelo-momento-familia-leandro-latini-fala-sobre-relacao-com-a-sicoob-credisudeste\\\/#authorImage\",\"url\":\"https:\\\/\\\/secure.gravatar.com\\\/avatar\\\/b8d45f5c699b100dfaf0e543582f38f38bf94cb7ae3a5e9abf8d891a34773335?s=96&d=mm&r=g\",\"width\":96,\"height\":96,\"caption\":\"Juliana Laviola\"}},{\"@type\":\"WebPage\",\"@id\":\"https:\\\/\\\/anoticiaonline.com.br\\\/site\\\/entrevistado-pelo-momento-familia-leandro-latini-fala-sobre-relacao-com-a-sicoob-credisudeste\\\/#webpage\",\"url\":\"https:\\\/\\\/anoticiaonline.com.br\\\/site\\\/entrevistado-pelo-momento-familia-leandro-latini-fala-sobre-relacao-com-a-sicoob-credisudeste\\\/\",\"name\":\"\\u201cMomento Fam\\u00edlia\\u201d - A Not\\u00edcia Online\",\"description\":\"Entrevistado pelo \\u201cMomento Fam\\u00edlia\\u201d, Leandro Latini fala sobre rela\\u00e7\\u00e3o com o Sicoob Credisudeste Dando sequ\\u00eancia ao seu projeto \\u201cMomento Fam\\u00edlia\\u201d, em que os associados falam, em v\\u00eddeos, sobre sua rela\\u00e7\\u00e3o com a cooperativa, o Sicoob Credisudeste entrevistou o empres\\u00e1rio Leandro Latini Veiga, propriet\\u00e1rio da Revele Photo e atual vice-presidente da C\\u00e2mara dos Dirigentes Lojistas (CDL)\",\"inLanguage\":\"pt-BR\",\"isPartOf\":{\"@id\":\"https:\\\/\\\/anoticiaonline.com.br\\\/site\\\/#website\"},\"breadcrumb\":{\"@id\":\"https:\\\/\\\/anoticiaonline.com.br\\\/site\\\/entrevistado-pelo-momento-familia-leandro-latini-fala-sobre-relacao-com-a-sicoob-credisudeste\\\/#breadcrumblist\"},\"author\":{\"@id\":\"https:\\\/\\\/anoticiaonline.com.br\\\/site\\\/author\\\/juliana\\\/#author\"},\"creator\":{\"@id\":\"https:\\\/\\\/anoticiaonline.com.br\\\/site\\\/author\\\/juliana\\\/#author\"},\"image\":{\"@type\":\"ImageObject\",\"url\":\"https:\\\/\\\/anoticiaonline.com.br\\\/site\\\/wp-content\\\/uploads\\\/2019\\\/02\\\/Leandro-Latini-\\u00e9-cliente-Sicoob-Credisudeste-desde-2015.jpg\",\"@id\":\"https:\\\/\\\/anoticiaonline.com.br\\\/site\\\/entrevistado-pelo-momento-familia-leandro-latini-fala-sobre-relacao-com-a-sicoob-credisudeste\\\/#mainImage\",\"width\":640,\"height\":480,\"caption\":\"Leandro Latini \\u00e9 cliente Sicoob Credisudeste desde 2015\"},\"primaryImageOfPage\":{\"@id\":\"https:\\\/\\\/anoticiaonline.com.br\\\/site\\\/entrevistado-pelo-momento-familia-leandro-latini-fala-sobre-relacao-com-a-sicoob-credisudeste\\\/#mainImage\"},\"datePublished\":\"2019-02-07T16:56:49-03:00\",\"dateModified\":\"2019-02-11T11:17:40-03:00\"},{\"@type\":\"WebSite\",\"@id\":\"https:\\\/\\\/anoticiaonline.com.br\\\/site\\\/#website\",\"url\":\"https:\\\/\\\/anoticiaonline.com.br\\\/site\\\/\",\"name\":\"A Not\\u00edcia Online\",\"description\":\"Noticias de Muria\\u00e9 e regi\\u00e3o\",\"inLanguage\":\"pt-BR\",\"publisher\":{\"@id\":\"https:\\\/\\\/anoticiaonline.com.br\\\/site\\\/#organization\"}}]}\n\t\t<\/script>\n\t\t<!-- All in One SEO -->\n\n","aioseo_head_json":{"title":"\u201cMomento Fam\u00edlia\u201d - A Not\u00edcia Online","description":"Entrevistado pelo \u201cMomento Fam\u00edlia\u201d, Leandro Latini fala sobre rela\u00e7\u00e3o com o Sicoob Credisudeste Dando sequ\u00eancia ao seu projeto \u201cMomento Fam\u00edlia\u201d, em que os associados falam, em v\u00eddeos, sobre sua rela\u00e7\u00e3o com a cooperativa, o Sicoob Credisudeste entrevistou o empres\u00e1rio Leandro Latini Veiga, propriet\u00e1rio da Revele Photo e atual vice-presidente da C\u00e2mara dos Dirigentes Lojistas (CDL)","canonical_url":"https:\/\/anoticiaonline.com.br\/site\/entrevistado-pelo-momento-familia-leandro-latini-fala-sobre-relacao-com-a-sicoob-credisudeste\/","robots":"max-image-preview:large","keywords":"","webmasterTools":{"miscellaneous":""},"schema":{"@context":"https:\/\/schema.org","@graph":[{"@type":"BlogPosting","@id":"https:\/\/anoticiaonline.com.br\/site\/entrevistado-pelo-momento-familia-leandro-latini-fala-sobre-relacao-com-a-sicoob-credisudeste\/#blogposting","name":"\u201cMomento Fam\u00edlia\u201d - A Not\u00edcia Online","headline":"\u201cMomento Fam\u00edlia\u201d","author":{"@id":"https:\/\/anoticiaonline.com.br\/site\/author\/juliana\/#author"},"publisher":{"@id":"https:\/\/anoticiaonline.com.br\/site\/#organization"},"image":{"@type":"ImageObject","url":"https:\/\/anoticiaonline.com.br\/site\/wp-content\/uploads\/2019\/02\/Leandro-Latini-\u00e9-cliente-Sicoob-Credisudeste-desde-2015.jpg","width":640,"height":480,"caption":"Leandro Latini \u00e9 cliente Sicoob Credisudeste desde 2015"},"datePublished":"2019-02-07T16:56:49-03:00","dateModified":"2019-02-11T11:17:40-03:00","inLanguage":"pt-BR","mainEntityOfPage":{"@id":"https:\/\/anoticiaonline.com.br\/site\/entrevistado-pelo-momento-familia-leandro-latini-fala-sobre-relacao-com-a-sicoob-credisudeste\/#webpage"},"isPartOf":{"@id":"https:\/\/anoticiaonline.com.br\/site\/entrevistado-pelo-momento-familia-leandro-latini-fala-sobre-relacao-com-a-sicoob-credisudeste\/#webpage"},"articleSection":"Blog, Leandro Latini, SICOOB\u00a0 CREDISUDESTE"},{"@type":"BreadcrumbList","@id":"https:\/\/anoticiaonline.com.br\/site\/entrevistado-pelo-momento-familia-leandro-latini-fala-sobre-relacao-com-a-sicoob-credisudeste\/#breadcrumblist","itemListElement":[{"@type":"ListItem","@id":"https:\/\/anoticiaonline.com.br\/site#listItem","position":1,"name":"Home","item":"https:\/\/anoticiaonline.com.br\/site","nextItem":{"@type":"ListItem","@id":"https:\/\/anoticiaonline.com.br\/site\/categoria\/muriae\/#listItem","name":"Blog"}},{"@type":"ListItem","@id":"https:\/\/anoticiaonline.com.br\/site\/categoria\/muriae\/#listItem","position":2,"name":"Blog","item":"https:\/\/anoticiaonline.com.br\/site\/categoria\/muriae\/","nextItem":{"@type":"ListItem","@id":"https:\/\/anoticiaonline.com.br\/site\/entrevistado-pelo-momento-familia-leandro-latini-fala-sobre-relacao-com-a-sicoob-credisudeste\/#listItem","name":"\u201cMomento Fam\u00edlia\u201d"},"previousItem":{"@type":"ListItem","@id":"https:\/\/anoticiaonline.com.br\/site#listItem","name":"Home"}},{"@type":"ListItem","@id":"https:\/\/anoticiaonline.com.br\/site\/entrevistado-pelo-momento-familia-leandro-latini-fala-sobre-relacao-com-a-sicoob-credisudeste\/#listItem","position":3,"name":"\u201cMomento Fam\u00edlia\u201d","previousItem":{"@type":"ListItem","@id":"https:\/\/anoticiaonline.com.br\/site\/categoria\/muriae\/#listItem","name":"Blog"}}]},{"@type":"Organization","@id":"https:\/\/anoticiaonline.com.br\/site\/#organization","name":"A Not\u00edcia Online","description":"Noticias de Muria\u00e9 e regi\u00e3o","url":"https:\/\/anoticiaonline.com.br\/site\/","logo":{"@type":"ImageObject","url":"https:\/\/scontent-gig4-1.xx.fbcdn.net\/v\/t39.30808-1\/270437624_4564083193639691_6907940295614233970_n.jpg?stp=dst-jpg_s200x200_tt6&_nc_cat=111&ccb=1-7&_nc_sid=f907e8&_nc_ohc=SM1wRlP3lJwQ7kNvwEPuBYA&_nc_oc=AdnqrjDN_BNjSSHWO-GbkIWH6fkGMLw4bqvL_NH6e2wMveX7G-rP2dAqsDSq1mJMOaY&_nc_zt=24&_nc_ht=scontent-gig4-1.xx&_nc_gid=AoBFJeGrT1hVaew_6rchkQ&oh=00_AfX7QmFGhQhG2jAllVgXCiM1ZrWgvtp80-Bfppyexh1QEg&oe=689E923C","@id":"https:\/\/anoticiaonline.com.br\/site\/entrevistado-pelo-momento-familia-leandro-latini-fala-sobre-relacao-com-a-sicoob-credisudeste\/#organizationLogo"},"image":{"@id":"https:\/\/anoticiaonline.com.br\/site\/entrevistado-pelo-momento-familia-leandro-latini-fala-sobre-relacao-com-a-sicoob-credisudeste\/#organizationLogo"}},{"@type":"Person","@id":"https:\/\/anoticiaonline.com.br\/site\/author\/juliana\/#author","url":"https:\/\/anoticiaonline.com.br\/site\/author\/juliana\/","name":"Juliana Laviola","image":{"@type":"ImageObject","@id":"https:\/\/anoticiaonline.com.br\/site\/entrevistado-pelo-momento-familia-leandro-latini-fala-sobre-relacao-com-a-sicoob-credisudeste\/#authorImage","url":"https:\/\/secure.gravatar.com\/avatar\/b8d45f5c699b100dfaf0e543582f38f38bf94cb7ae3a5e9abf8d891a34773335?s=96&d=mm&r=g","width":96,"height":96,"caption":"Juliana Laviola"}},{"@type":"WebPage","@id":"https:\/\/anoticiaonline.com.br\/site\/entrevistado-pelo-momento-familia-leandro-latini-fala-sobre-relacao-com-a-sicoob-credisudeste\/#webpage","url":"https:\/\/anoticiaonline.com.br\/site\/entrevistado-pelo-momento-familia-leandro-latini-fala-sobre-relacao-com-a-sicoob-credisudeste\/","name":"\u201cMomento Fam\u00edlia\u201d - A Not\u00edcia Online","description":"Entrevistado pelo \u201cMomento Fam\u00edlia\u201d, Leandro Latini fala sobre rela\u00e7\u00e3o com o Sicoob Credisudeste Dando sequ\u00eancia ao seu projeto \u201cMomento Fam\u00edlia\u201d, em que os associados falam, em v\u00eddeos, sobre sua rela\u00e7\u00e3o com a cooperativa, o Sicoob Credisudeste entrevistou o empres\u00e1rio Leandro Latini Veiga, propriet\u00e1rio da Revele Photo e atual vice-presidente da C\u00e2mara dos Dirigentes Lojistas (CDL)","inLanguage":"pt-BR","isPartOf":{"@id":"https:\/\/anoticiaonline.com.br\/site\/#website"},"breadcrumb":{"@id":"https:\/\/anoticiaonline.com.br\/site\/entrevistado-pelo-momento-familia-leandro-latini-fala-sobre-relacao-com-a-sicoob-credisudeste\/#breadcrumblist"},"author":{"@id":"https:\/\/anoticiaonline.com.br\/site\/author\/juliana\/#author"},"creator":{"@id":"https:\/\/anoticiaonline.com.br\/site\/author\/juliana\/#author"},"image":{"@type":"ImageObject","url":"https:\/\/anoticiaonline.com.br\/site\/wp-content\/uploads\/2019\/02\/Leandro-Latini-\u00e9-cliente-Sicoob-Credisudeste-desde-2015.jpg","@id":"https:\/\/anoticiaonline.com.br\/site\/entrevistado-pelo-momento-familia-leandro-latini-fala-sobre-relacao-com-a-sicoob-credisudeste\/#mainImage","width":640,"height":480,"caption":"Leandro Latini \u00e9 cliente Sicoob Credisudeste desde 2015"},"primaryImageOfPage":{"@id":"https:\/\/anoticiaonline.com.br\/site\/entrevistado-pelo-momento-familia-leandro-latini-fala-sobre-relacao-com-a-sicoob-credisudeste\/#mainImage"},"datePublished":"2019-02-07T16:56:49-03:00","dateModified":"2019-02-11T11:17:40-03:00"},{"@type":"WebSite","@id":"https:\/\/anoticiaonline.com.br\/site\/#website","url":"https:\/\/anoticiaonline.com.br\/site\/","name":"A Not\u00edcia Online","description":"Noticias de Muria\u00e9 e regi\u00e3o","inLanguage":"pt-BR","publisher":{"@id":"https:\/\/anoticiaonline.com.br\/site\/#organization"}}]},"og:locale":"pt_BR","og:site_name":"A Not\u00edcia Online - Noticias de Muria\u00e9 e regi\u00e3o","og:type":"article","og:title":"\u201cMomento Fam\u00edlia\u201d - A Not\u00edcia Online","og:description":"Entrevistado pelo \u201cMomento Fam\u00edlia\u201d, Leandro Latini fala sobre rela\u00e7\u00e3o com o Sicoob Credisudeste Dando sequ\u00eancia ao seu projeto \u201cMomento Fam\u00edlia\u201d, em que os associados falam, em v\u00eddeos, sobre sua rela\u00e7\u00e3o com a cooperativa, o Sicoob Credisudeste entrevistou o empres\u00e1rio Leandro Latini Veiga, propriet\u00e1rio da Revele Photo e atual vice-presidente da C\u00e2mara dos Dirigentes Lojistas (CDL)","og:url":"https:\/\/anoticiaonline.com.br\/site\/entrevistado-pelo-momento-familia-leandro-latini-fala-sobre-relacao-com-a-sicoob-credisudeste\/","og:image":"https:\/\/scontent-gig4-1.xx.fbcdn.net\/v\/t39.30808-1\/270437624_4564083193639691_6907940295614233970_n.jpg?stp=dst-jpg_s200x200_tt6&#038;_nc_cat=111&#038;ccb=1-7&#038;_nc_sid=f907e8&#038;_nc_ohc=SM1wRlP3lJwQ7kNvwEPuBYA&#038;_nc_oc=AdnqrjDN_BNjSSHWO-GbkIWH6fkGMLw4bqvL_NH6e2wMveX7G-rP2dAqsDSq1mJMOaY&#038;_nc_zt=24&#038;_nc_ht=scontent-gig4-1.xx&#038;_nc_gid=AoBFJeGrT1hVaew_6rchkQ&#038;oh=00_AfX7QmFGhQhG2jAllVgXCiM1ZrWgvtp80-Bfppyexh1QEg&#038;oe=689E923C","og:image:secure_url":"https:\/\/scontent-gig4-1.xx.fbcdn.net\/v\/t39.30808-1\/270437624_4564083193639691_6907940295614233970_n.jpg?stp=dst-jpg_s200x200_tt6&#038;_nc_cat=111&#038;ccb=1-7&#038;_nc_sid=f907e8&#038;_nc_ohc=SM1wRlP3lJwQ7kNvwEPuBYA&#038;_nc_oc=AdnqrjDN_BNjSSHWO-GbkIWH6fkGMLw4bqvL_NH6e2wMveX7G-rP2dAqsDSq1mJMOaY&#038;_nc_zt=24&#038;_nc_ht=scontent-gig4-1.xx&#038;_nc_gid=AoBFJeGrT1hVaew_6rchkQ&#038;oh=00_AfX7QmFGhQhG2jAllVgXCiM1ZrWgvtp80-Bfppyexh1QEg&#038;oe=689E923C","article:published_time":"2019-02-07T19:56:49+00:00","article:modified_time":"2019-02-11T14:17:40+00:00","twitter:card":"summary_large_image","twitter:title":"\u201cMomento Fam\u00edlia\u201d - A Not\u00edcia Online","twitter:description":"Entrevistado pelo \u201cMomento Fam\u00edlia\u201d, Leandro Latini fala sobre rela\u00e7\u00e3o com o Sicoob Credisudeste Dando sequ\u00eancia ao seu projeto \u201cMomento Fam\u00edlia\u201d, em que os associados falam, em v\u00eddeos, sobre sua rela\u00e7\u00e3o com a cooperativa, o Sicoob Credisudeste entrevistou o empres\u00e1rio Leandro Latini Veiga, propriet\u00e1rio da Revele Photo e atual vice-presidente da C\u00e2mara dos Dirigentes Lojistas (CDL)","twitter:image":"https:\/\/scontent-gig4-1.xx.fbcdn.net\/v\/t39.30808-1\/270437624_4564083193639691_6907940295614233970_n.jpg?stp=dst-jpg_s200x200_tt6&_nc_cat=111&ccb=1-7&_nc_sid=f907e8&_nc_ohc=SM1wRlP3lJwQ7kNvwEPuBYA&_nc_oc=AdnqrjDN_BNjSSHWO-GbkIWH6fkGMLw4bqvL_NH6e2wMveX7G-rP2dAqsDSq1mJMOaY&_nc_zt=24&_nc_ht=scontent-gig4-1.xx&_nc_gid=AoBFJeGrT1hVaew_6rchkQ&oh=00_AfX7QmFGhQhG2jAllVgXCiM1ZrWgvtp80-Bfppyexh1QEg&oe=689E923C"},"aioseo_meta_data":{"post_id":"66994","title":null,"description":null,"keywords":null,"keyphrases":null,"primary_term":null,"canonical_url":null,"og_title":null,"og_description":null,"og_object_type":"default","og_image_type":"default","og_image_url":null,"og_image_width":null,"og_image_height":null,"og_image_custom_url":null,"og_image_custom_fields":null,"og_video":null,"og_custom_url":null,"og_article_section":null,"og_article_tags":null,"twitter_use_og":false,"twitter_card":"default","twitter_image_type":"default","twitter_image_url":null,"twitter_image_custom_url":null,"twitter_image_custom_fields":null,"twitter_title":null,"twitter_description":null,"schema":{"blockGraphs":[],"customGraphs":[],"default":{"data":{"Article":[],"Course":[],"Dataset":[],"FAQPage":[],"Movie":[],"Person":[],"Product":[],"ProductReview":[],"Car":[],"Recipe":[],"Service":[],"SoftwareApplication":[],"WebPage":[]},"graphName":"","isEnabled":true},"graphs":[]},"schema_type":"default","schema_type_options":null,"pillar_content":false,"robots_default":true,"robots_noindex":false,"robots_noarchive":false,"robots_nosnippet":false,"robots_nofollow":false,"robots_noimageindex":false,"robots_noodp":false,"robots_notranslate":false,"robots_max_snippet":null,"robots_max_videopreview":null,"robots_max_imagepreview":"large","priority":null,"frequency":null,"local_seo":null,"breadcrumb_settings":null,"limit_modified_date":false,"ai":null,"created":"2025-08-16 22:43:28","updated":"2025-08-16 22:43:28","focus_keyword":null,"additional_keywords":null,"truseo_locale":null,"seo_analyzer_scan_date":null},"aioseo_breadcrumb":"<div class=\"aioseo-breadcrumbs\"><span class=\"aioseo-breadcrumb\">\n\t\t\t<a href=\"https:\/\/anoticiaonline.com.br\/site\" title=\"Home\">Home<\/a>\n\t\t<\/span><span class=\"aioseo-breadcrumb-separator\">&raquo;<\/span><span class=\"aioseo-breadcrumb\">\n\t\t\t<a href=\"https:\/\/anoticiaonline.com.br\/site\/categoria\/muriae\/\" title=\"Blog\">Blog<\/a>\n\t\t<\/span><span class=\"aioseo-breadcrumb-separator\">&raquo;<\/span><span class=\"aioseo-breadcrumb\">\n\t\t\t\u201cMomento Fam\u00edlia\u201d\n\t\t<\/span><\/div>","aioseo_breadcrumb_json":[{"label":"Home","link":"https:\/\/anoticiaonline.com.br\/site"},{"label":"Blog","link":"https:\/\/anoticiaonline.com.br\/site\/categoria\/muriae\/"},{"label":"\u201cMomento Fam\u00edlia\u201d","link":"https:\/\/anoticiaonline.com.br\/site\/entrevistado-pelo-momento-familia-leandro-latini-fala-sobre-relacao-com-a-sicoob-credisudeste\/"}],"views":160,"_links":{"self":[{"href":"https:\/\/anoticiaonline.com.br\/site\/wp-json\/wp\/v2\/posts\/66994","targetHints":{"allow":["GET"]}}],"collection":[{"href":"https:\/\/anoticiaonline.com.br\/site\/wp-json\/wp\/v2\/posts"}],"about":[{"href":"https:\/\/anoticiaonline.com.br\/site\/wp-json\/wp\/v2\/types\/post"}],"author":[{"embeddable":true,"href":"https:\/\/anoticiaonline.com.br\/site\/wp-json\/wp\/v2\/users\/2"}],"replies":[{"embeddable":true,"href":"https:\/\/anoticiaonline.com.br\/site\/wp-json\/wp\/v2\/comments?post=66994"}],"version-history":[{"count":0,"href":"https:\/\/anoticiaonline.com.br\/site\/wp-json\/wp\/v2\/posts\/66994\/revisions"}],"wp:featuredmedia":[{"embeddable":true,"href":"https:\/\/anoticiaonline.com.br\/site\/wp-json\/wp\/v2\/media\/66997"}],"wp:attachment":[{"href":"https:\/\/anoticiaonline.com.br\/site\/wp-json\/wp\/v2\/media?parent=66994"}],"wp:term":[{"taxonomy":"category","embeddable":true,"href":"https:\/\/anoticiaonline.com.br\/site\/wp-json\/wp\/v2\/categories?post=66994"},{"taxonomy":"post_tag","embeddable":true,"href":"https:\/\/anoticiaonline.com.br\/site\/wp-json\/wp\/v2\/tags?post=66994"}],"curies":[{"name":"wp","href":"https:\/\/api.w.org\/{rel}","templated":true}]}}