{"id":66991,"date":"2019-02-07T15:17:05","date_gmt":"2019-02-07T18:17:05","guid":{"rendered":"http:\/\/anoticiaonline.com.br\/site\/?p=66991"},"modified":"2019-02-07T15:17:05","modified_gmt":"2019-02-07T18:17:05","slug":"dia-do-dermatologista-profissional-fala-sobre-desafios-e-conquistas-da-profissao","status":"publish","type":"post","link":"https:\/\/anoticiaonline.com.br\/site\/dia-do-dermatologista-profissional-fala-sobre-desafios-e-conquistas-da-profissao\/","title":{"rendered":"Dia do Dermatologista: profissional fala sobre desafios e conquistas da profiss\u00e3o"},"content":{"rendered":"<p><a href=\"https:\/\/anoticiaonline.com.br\/site\/wp-content\/uploads\/2019\/02\/DSC_0366.jpg\"><img fetchpriority=\"high\" decoding=\"async\" class=\"aligncenter size-full wp-image-66992\" src=\"https:\/\/anoticiaonline.com.br\/site\/wp-content\/uploads\/2019\/02\/DSC_0366.jpg\" alt=\"\" width=\"1000\" height=\"597\" srcset=\"https:\/\/anoticiaonline.com.br\/site\/wp-content\/uploads\/2019\/02\/DSC_0366.jpg 1000w, https:\/\/anoticiaonline.com.br\/site\/wp-content\/uploads\/2019\/02\/DSC_0366-300x179.jpg 300w, https:\/\/anoticiaonline.com.br\/site\/wp-content\/uploads\/2019\/02\/DSC_0366-768x458.jpg 768w\" sizes=\"(max-width: 1000px) 100vw, 1000px\" \/><\/a><\/p>\n<p>Foi comemorado no \u00faltimo dia 5 de fevereiro o Dia do Dermatologista. Em comemora\u00e7\u00e3o a esta importante data, que valoriza as conquistas da medicina dermatol\u00f3gica e de seus profissionais, o Jornal A Not\u00edcia entrevistou a dermatologista muriaeense Dra. Karina Agostini Fraga.<!--more--><\/p>\n<p>Dra. Karina inicia explicando que o m\u00e9dico dermatologista \u00e9 o respons\u00e1vel pela sa\u00fade da pele \u2013 maior \u00f3rg\u00e3o do corpo humano \u2013 mas tamb\u00e9m das unhas e cabelos, sempre visando a sa\u00fade, bem estar e autoestima dos pacientes. \u201cA Dermatologia abrange a parte cl\u00ednica, no tratamento de doen\u00e7as e patologias; cir\u00fargica, com a realiza\u00e7\u00e3o de procedimentos como a retirada de cistos e pintas; e a medicina est\u00e9tica, onde possivelmente houve o maior avan\u00e7o tecnol\u00f3gico, com o advento dos tratamentos a laser, preenchimentos, a populariza\u00e7\u00e3o da toxina botul\u00ednica (Botox). S\u00e3o avan\u00e7os que v\u00e3o sendo inseridos para a melhoria de nossa categoria\u201d, revelou a m\u00e9dica.<\/p>\n<p>Segundo Dra. Karina, em uma cidade quente como Muria\u00e9, os cuidados com a pele tornam-se ainda mais fundamentais. \u201cMoramos numa cidade e num pa\u00eds que recebe grande incid\u00eancia de raios UV diariamente. Por isso, o uso de filtro solar \u00e9 fundamental todos os dias, devendo fazer parte da nossa rotina\u201d, recomenda. \u201c\u00c9 importante lembrar-se de us\u00e1-lo logo ao acordar, pois ele demora cerca de 30 minutos para fazer efeito. Desta forma, ao sair de casa, voc\u00ea j\u00e1 estar\u00e1 protegido\u201d, completa.<\/p>\n<p>Mas os cuidados com os raios solares n\u00e3o se resumem ao uso do filtro solar. \u201c\u00c9 sempre importante evitar ao m\u00e1ximo a exposi\u00e7\u00e3o direta ao Sol, dando prefer\u00eancia \u00e0s sombras e buscando ir para o Sol somente em hor\u00e1rios com menor exposi\u00e7\u00e3o de raios UV, antes das 10h da manh\u00e3 e ap\u00f3s as 16h. Al\u00e9m disso, o uso de chap\u00e9us, \u00f3culos escuros e roupas especiais com prote\u00e7\u00e3o UV tamb\u00e9m auxiliam nos cuidados com a pele\u201d, explica a dermatologista.<\/p>\n<p><strong>Dia da Mulher M\u00e9dica<\/strong> \u2013 Tamb\u00e9m em 5 de fevereiro, \u00e9 comemorado o Dia da Mulher M\u00e9dica. Segundo Dra. Karina, a data \u00e9 uma homenagem \u00e0 americana Elizabeth Blackwell (1821-1910), primeira mulher m\u00e9dica do mundo. Com papel ativo no movimento abolicionista americano, Elizabeth teve seu pedido rejeitado em dez universidades antes de ser admitida no Geneva Medical College, em Nova Iorque. Em janeiro de 1849, tornou-se a primeira mulher a receber o t\u00edtulo de m\u00e9dica, abrindo as portas para todas as demais profissionais desta importante carreira.<\/p>\n","protected":false},"excerpt":{"rendered":"<p>Foi comemorado no \u00faltimo dia 5 de fevereiro o Dia do Dermatologista. Em comemora\u00e7\u00e3o a esta importante data, que valoriza as conquistas da medicina dermatol\u00f3gica e de seus profissionais, o Jornal A Not\u00edcia entrevistou a dermatologista muriaeense Dra. Karina Agostini Fraga.<\/p>\n","protected":false},"author":2,"featured_media":0,"comment_status":"open","ping_status":"open","sticky":false,"template":"","format":"standard","meta":{"_acf_changed":false,"_monsterinsights_skip_tracking":false,"footnotes":""},"categories":[30],"tags":[3655],"class_list":["post-66991","post","type-post","status-publish","format-standard","hentry","category-muriae","tag-dia-do-dermatologista"],"acf":[],"aioseo_notices":[],"aioseo_head":"\n\t\t<!-- All in One SEO 5.0.0.1 - aioseo.com -->\n\t<meta name=\"description\" content=\"Foi comemorado no \u00faltimo dia 5 de fevereiro o Dia do Dermatologista. Em comemora\u00e7\u00e3o a esta importante data, que valoriza as conquistas da medicina dermatol\u00f3gica e de seus profissionais, o Jornal A Not\u00edcia entrevistou a dermatologista muriaeense Dra. Karina Agostini Fraga. Dra. Karina inicia explicando que o m\u00e9dico dermatologista \u00e9 o respons\u00e1vel pela sa\u00fade da\" \/>\n\t<meta name=\"robots\" content=\"max-image-preview:large\" \/>\n\t<meta name=\"author\" content=\"Juliana Laviola\"\/>\n\t<link rel=\"canonical\" href=\"https:\/\/anoticiaonline.com.br\/site\/dia-do-dermatologista-profissional-fala-sobre-desafios-e-conquistas-da-profissao\/\" \/>\n\t<meta name=\"generator\" content=\"All in One SEO (AIOSEO) 5.0.0.1\" \/>\n\t\t<meta property=\"og:locale\" content=\"pt_BR\" \/>\n\t\t<meta property=\"og:site_name\" content=\"A Not\u00edcia Online - Noticias de Muria\u00e9 e regi\u00e3o\" \/>\n\t\t<meta property=\"og:type\" content=\"article\" \/>\n\t\t<meta property=\"og:title\" content=\"Dia do Dermatologista: profissional fala sobre desafios e conquistas da profiss\u00e3o - A Not\u00edcia Online\" \/>\n\t\t<meta property=\"og:description\" content=\"Foi comemorado no \u00faltimo dia 5 de fevereiro o Dia do Dermatologista. Em comemora\u00e7\u00e3o a esta importante data, que valoriza as conquistas da medicina dermatol\u00f3gica e de seus profissionais, o Jornal A Not\u00edcia entrevistou a dermatologista muriaeense Dra. Karina Agostini Fraga. Dra. Karina inicia explicando que o m\u00e9dico dermatologista \u00e9 o respons\u00e1vel pela sa\u00fade da\" \/>\n\t\t<meta property=\"og:url\" content=\"https:\/\/anoticiaonline.com.br\/site\/dia-do-dermatologista-profissional-fala-sobre-desafios-e-conquistas-da-profissao\/\" \/>\n\t\t<meta property=\"og:image\" content=\"https:\/\/scontent-gig4-1.xx.fbcdn.net\/v\/t39.30808-1\/270437624_4564083193639691_6907940295614233970_n.jpg?stp=dst-jpg_s200x200_tt6&#038;_nc_cat=111&#038;ccb=1-7&#038;_nc_sid=f907e8&#038;_nc_ohc=SM1wRlP3lJwQ7kNvwEPuBYA&#038;_nc_oc=AdnqrjDN_BNjSSHWO-GbkIWH6fkGMLw4bqvL_NH6e2wMveX7G-rP2dAqsDSq1mJMOaY&#038;_nc_zt=24&#038;_nc_ht=scontent-gig4-1.xx&#038;_nc_gid=AoBFJeGrT1hVaew_6rchkQ&#038;oh=00_AfX7QmFGhQhG2jAllVgXCiM1ZrWgvtp80-Bfppyexh1QEg&#038;oe=689E923C\" \/>\n\t\t<meta property=\"og:image:secure_url\" content=\"https:\/\/scontent-gig4-1.xx.fbcdn.net\/v\/t39.30808-1\/270437624_4564083193639691_6907940295614233970_n.jpg?stp=dst-jpg_s200x200_tt6&#038;_nc_cat=111&#038;ccb=1-7&#038;_nc_sid=f907e8&#038;_nc_ohc=SM1wRlP3lJwQ7kNvwEPuBYA&#038;_nc_oc=AdnqrjDN_BNjSSHWO-GbkIWH6fkGMLw4bqvL_NH6e2wMveX7G-rP2dAqsDSq1mJMOaY&#038;_nc_zt=24&#038;_nc_ht=scontent-gig4-1.xx&#038;_nc_gid=AoBFJeGrT1hVaew_6rchkQ&#038;oh=00_AfX7QmFGhQhG2jAllVgXCiM1ZrWgvtp80-Bfppyexh1QEg&#038;oe=689E923C\" \/>\n\t\t<meta property=\"article:published_time\" content=\"2019-02-07T18:17:05+00:00\" \/>\n\t\t<meta property=\"article:modified_time\" content=\"2019-02-07T18:17:05+00:00\" \/>\n\t\t<meta name=\"twitter:card\" content=\"summary_large_image\" \/>\n\t\t<meta name=\"twitter:title\" content=\"Dia do Dermatologista: profissional fala sobre desafios e conquistas da profiss\u00e3o - A Not\u00edcia Online\" \/>\n\t\t<meta name=\"twitter:description\" content=\"Foi comemorado no \u00faltimo dia 5 de fevereiro o Dia do Dermatologista. Em comemora\u00e7\u00e3o a esta importante data, que valoriza as conquistas da medicina dermatol\u00f3gica e de seus profissionais, o Jornal A Not\u00edcia entrevistou a dermatologista muriaeense Dra. Karina Agostini Fraga. Dra. Karina inicia explicando que o m\u00e9dico dermatologista \u00e9 o respons\u00e1vel pela sa\u00fade da\" \/>\n\t\t<meta name=\"twitter:image\" content=\"https:\/\/scontent-gig4-1.xx.fbcdn.net\/v\/t39.30808-1\/270437624_4564083193639691_6907940295614233970_n.jpg?stp=dst-jpg_s200x200_tt6&amp;_nc_cat=111&amp;ccb=1-7&amp;_nc_sid=f907e8&amp;_nc_ohc=SM1wRlP3lJwQ7kNvwEPuBYA&amp;_nc_oc=AdnqrjDN_BNjSSHWO-GbkIWH6fkGMLw4bqvL_NH6e2wMveX7G-rP2dAqsDSq1mJMOaY&amp;_nc_zt=24&amp;_nc_ht=scontent-gig4-1.xx&amp;_nc_gid=AoBFJeGrT1hVaew_6rchkQ&amp;oh=00_AfX7QmFGhQhG2jAllVgXCiM1ZrWgvtp80-Bfppyexh1QEg&amp;oe=689E923C\" \/>\n\t\t<script type=\"application\/ld+json\" class=\"aioseo-schema\">\n\t\t\t{\"@context\":\"https:\\\/\\\/schema.org\",\"@graph\":[{\"@type\":\"BlogPosting\",\"@id\":\"https:\\\/\\\/anoticiaonline.com.br\\\/site\\\/dia-do-dermatologista-profissional-fala-sobre-desafios-e-conquistas-da-profissao\\\/#blogposting\",\"name\":\"Dia do Dermatologista: profissional fala sobre desafios e conquistas da profiss\\u00e3o - A Not\\u00edcia Online\",\"headline\":\"Dia do Dermatologista: profissional fala sobre desafios e conquistas da profiss\\u00e3o\",\"author\":{\"@id\":\"https:\\\/\\\/anoticiaonline.com.br\\\/site\\\/author\\\/juliana\\\/#author\"},\"publisher\":{\"@id\":\"https:\\\/\\\/anoticiaonline.com.br\\\/site\\\/#organization\"},\"image\":{\"@type\":\"ImageObject\",\"url\":\"https:\\\/\\\/anoticiaonline.com.br\\\/site\\\/wp-content\\\/uploads\\\/2019\\\/02\\\/DSC_0366.jpg\",\"@id\":\"https:\\\/\\\/anoticiaonline.com.br\\\/site\\\/dia-do-dermatologista-profissional-fala-sobre-desafios-e-conquistas-da-profissao\\\/#articleImage\",\"width\":1000,\"height\":597},\"datePublished\":\"2019-02-07T15:17:05-03:00\",\"dateModified\":\"2019-02-07T15:17:05-03:00\",\"inLanguage\":\"pt-BR\",\"mainEntityOfPage\":{\"@id\":\"https:\\\/\\\/anoticiaonline.com.br\\\/site\\\/dia-do-dermatologista-profissional-fala-sobre-desafios-e-conquistas-da-profissao\\\/#webpage\"},\"isPartOf\":{\"@id\":\"https:\\\/\\\/anoticiaonline.com.br\\\/site\\\/dia-do-dermatologista-profissional-fala-sobre-desafios-e-conquistas-da-profissao\\\/#webpage\"},\"articleSection\":\"Blog, dia do dermatologista\"},{\"@type\":\"BreadcrumbList\",\"@id\":\"https:\\\/\\\/anoticiaonline.com.br\\\/site\\\/dia-do-dermatologista-profissional-fala-sobre-desafios-e-conquistas-da-profissao\\\/#breadcrumblist\",\"itemListElement\":[{\"@type\":\"ListItem\",\"@id\":\"https:\\\/\\\/anoticiaonline.com.br\\\/site#listItem\",\"position\":1,\"name\":\"Home\",\"item\":\"https:\\\/\\\/anoticiaonline.com.br\\\/site\",\"nextItem\":{\"@type\":\"ListItem\",\"@id\":\"https:\\\/\\\/anoticiaonline.com.br\\\/site\\\/categoria\\\/muriae\\\/#listItem\",\"name\":\"Blog\"}},{\"@type\":\"ListItem\",\"@id\":\"https:\\\/\\\/anoticiaonline.com.br\\\/site\\\/categoria\\\/muriae\\\/#listItem\",\"position\":2,\"name\":\"Blog\",\"item\":\"https:\\\/\\\/anoticiaonline.com.br\\\/site\\\/categoria\\\/muriae\\\/\",\"nextItem\":{\"@type\":\"ListItem\",\"@id\":\"https:\\\/\\\/anoticiaonline.com.br\\\/site\\\/dia-do-dermatologista-profissional-fala-sobre-desafios-e-conquistas-da-profissao\\\/#listItem\",\"name\":\"Dia do Dermatologista: profissional fala sobre desafios e conquistas da profiss\\u00e3o\"},\"previousItem\":{\"@type\":\"ListItem\",\"@id\":\"https:\\\/\\\/anoticiaonline.com.br\\\/site#listItem\",\"name\":\"Home\"}},{\"@type\":\"ListItem\",\"@id\":\"https:\\\/\\\/anoticiaonline.com.br\\\/site\\\/dia-do-dermatologista-profissional-fala-sobre-desafios-e-conquistas-da-profissao\\\/#listItem\",\"position\":3,\"name\":\"Dia do Dermatologista: profissional fala sobre desafios e conquistas da profiss\\u00e3o\",\"previousItem\":{\"@type\":\"ListItem\",\"@id\":\"https:\\\/\\\/anoticiaonline.com.br\\\/site\\\/categoria\\\/muriae\\\/#listItem\",\"name\":\"Blog\"}}]},{\"@type\":\"Organization\",\"@id\":\"https:\\\/\\\/anoticiaonline.com.br\\\/site\\\/#organization\",\"name\":\"A Not\\u00edcia Online\",\"description\":\"Noticias de Muria\\u00e9 e regi\\u00e3o\",\"url\":\"https:\\\/\\\/anoticiaonline.com.br\\\/site\\\/\",\"logo\":{\"@type\":\"ImageObject\",\"url\":\"https:\\\/\\\/scontent-gig4-1.xx.fbcdn.net\\\/v\\\/t39.30808-1\\\/270437624_4564083193639691_6907940295614233970_n.jpg?stp=dst-jpg_s200x200_tt6&_nc_cat=111&ccb=1-7&_nc_sid=f907e8&_nc_ohc=SM1wRlP3lJwQ7kNvwEPuBYA&_nc_oc=AdnqrjDN_BNjSSHWO-GbkIWH6fkGMLw4bqvL_NH6e2wMveX7G-rP2dAqsDSq1mJMOaY&_nc_zt=24&_nc_ht=scontent-gig4-1.xx&_nc_gid=AoBFJeGrT1hVaew_6rchkQ&oh=00_AfX7QmFGhQhG2jAllVgXCiM1ZrWgvtp80-Bfppyexh1QEg&oe=689E923C\",\"@id\":\"https:\\\/\\\/anoticiaonline.com.br\\\/site\\\/dia-do-dermatologista-profissional-fala-sobre-desafios-e-conquistas-da-profissao\\\/#organizationLogo\"},\"image\":{\"@id\":\"https:\\\/\\\/anoticiaonline.com.br\\\/site\\\/dia-do-dermatologista-profissional-fala-sobre-desafios-e-conquistas-da-profissao\\\/#organizationLogo\"}},{\"@type\":\"Person\",\"@id\":\"https:\\\/\\\/anoticiaonline.com.br\\\/site\\\/author\\\/juliana\\\/#author\",\"url\":\"https:\\\/\\\/anoticiaonline.com.br\\\/site\\\/author\\\/juliana\\\/\",\"name\":\"Juliana Laviola\",\"image\":{\"@type\":\"ImageObject\",\"@id\":\"https:\\\/\\\/anoticiaonline.com.br\\\/site\\\/dia-do-dermatologista-profissional-fala-sobre-desafios-e-conquistas-da-profissao\\\/#authorImage\",\"url\":\"https:\\\/\\\/secure.gravatar.com\\\/avatar\\\/b8d45f5c699b100dfaf0e543582f38f38bf94cb7ae3a5e9abf8d891a34773335?s=96&d=mm&r=g\",\"width\":96,\"height\":96,\"caption\":\"Juliana Laviola\"}},{\"@type\":\"WebPage\",\"@id\":\"https:\\\/\\\/anoticiaonline.com.br\\\/site\\\/dia-do-dermatologista-profissional-fala-sobre-desafios-e-conquistas-da-profissao\\\/#webpage\",\"url\":\"https:\\\/\\\/anoticiaonline.com.br\\\/site\\\/dia-do-dermatologista-profissional-fala-sobre-desafios-e-conquistas-da-profissao\\\/\",\"name\":\"Dia do Dermatologista: profissional fala sobre desafios e conquistas da profiss\\u00e3o - A Not\\u00edcia Online\",\"description\":\"Foi comemorado no \\u00faltimo dia 5 de fevereiro o Dia do Dermatologista. Em comemora\\u00e7\\u00e3o a esta importante data, que valoriza as conquistas da medicina dermatol\\u00f3gica e de seus profissionais, o Jornal A Not\\u00edcia entrevistou a dermatologista muriaeense Dra. Karina Agostini Fraga. Dra. Karina inicia explicando que o m\\u00e9dico dermatologista \\u00e9 o respons\\u00e1vel pela sa\\u00fade da\",\"inLanguage\":\"pt-BR\",\"isPartOf\":{\"@id\":\"https:\\\/\\\/anoticiaonline.com.br\\\/site\\\/#website\"},\"breadcrumb\":{\"@id\":\"https:\\\/\\\/anoticiaonline.com.br\\\/site\\\/dia-do-dermatologista-profissional-fala-sobre-desafios-e-conquistas-da-profissao\\\/#breadcrumblist\"},\"author\":{\"@id\":\"https:\\\/\\\/anoticiaonline.com.br\\\/site\\\/author\\\/juliana\\\/#author\"},\"creator\":{\"@id\":\"https:\\\/\\\/anoticiaonline.com.br\\\/site\\\/author\\\/juliana\\\/#author\"},\"datePublished\":\"2019-02-07T15:17:05-03:00\",\"dateModified\":\"2019-02-07T15:17:05-03:00\"},{\"@type\":\"WebSite\",\"@id\":\"https:\\\/\\\/anoticiaonline.com.br\\\/site\\\/#website\",\"url\":\"https:\\\/\\\/anoticiaonline.com.br\\\/site\\\/\",\"name\":\"A Not\\u00edcia Online\",\"description\":\"Noticias de Muria\\u00e9 e regi\\u00e3o\",\"inLanguage\":\"pt-BR\",\"publisher\":{\"@id\":\"https:\\\/\\\/anoticiaonline.com.br\\\/site\\\/#organization\"}}]}\n\t\t<\/script>\n\t\t<!-- All in One SEO -->\n\n","aioseo_head_json":{"title":"Dia do Dermatologista: profissional fala sobre desafios e conquistas da profiss\u00e3o - A Not\u00edcia Online","description":"Foi comemorado no \u00faltimo dia 5 de fevereiro o Dia do Dermatologista. Em comemora\u00e7\u00e3o a esta importante data, que valoriza as conquistas da medicina dermatol\u00f3gica e de seus profissionais, o Jornal A Not\u00edcia entrevistou a dermatologista muriaeense Dra. Karina Agostini Fraga. Dra. Karina inicia explicando que o m\u00e9dico dermatologista \u00e9 o respons\u00e1vel pela sa\u00fade da","canonical_url":"https:\/\/anoticiaonline.com.br\/site\/dia-do-dermatologista-profissional-fala-sobre-desafios-e-conquistas-da-profissao\/","robots":"max-image-preview:large","keywords":"","webmasterTools":{"miscellaneous":""},"schema":{"@context":"https:\/\/schema.org","@graph":[{"@type":"BlogPosting","@id":"https:\/\/anoticiaonline.com.br\/site\/dia-do-dermatologista-profissional-fala-sobre-desafios-e-conquistas-da-profissao\/#blogposting","name":"Dia do Dermatologista: profissional fala sobre desafios e conquistas da profiss\u00e3o - A Not\u00edcia Online","headline":"Dia do Dermatologista: profissional fala sobre desafios e conquistas da profiss\u00e3o","author":{"@id":"https:\/\/anoticiaonline.com.br\/site\/author\/juliana\/#author"},"publisher":{"@id":"https:\/\/anoticiaonline.com.br\/site\/#organization"},"image":{"@type":"ImageObject","url":"https:\/\/anoticiaonline.com.br\/site\/wp-content\/uploads\/2019\/02\/DSC_0366.jpg","@id":"https:\/\/anoticiaonline.com.br\/site\/dia-do-dermatologista-profissional-fala-sobre-desafios-e-conquistas-da-profissao\/#articleImage","width":1000,"height":597},"datePublished":"2019-02-07T15:17:05-03:00","dateModified":"2019-02-07T15:17:05-03:00","inLanguage":"pt-BR","mainEntityOfPage":{"@id":"https:\/\/anoticiaonline.com.br\/site\/dia-do-dermatologista-profissional-fala-sobre-desafios-e-conquistas-da-profissao\/#webpage"},"isPartOf":{"@id":"https:\/\/anoticiaonline.com.br\/site\/dia-do-dermatologista-profissional-fala-sobre-desafios-e-conquistas-da-profissao\/#webpage"},"articleSection":"Blog, dia do dermatologista"},{"@type":"BreadcrumbList","@id":"https:\/\/anoticiaonline.com.br\/site\/dia-do-dermatologista-profissional-fala-sobre-desafios-e-conquistas-da-profissao\/#breadcrumblist","itemListElement":[{"@type":"ListItem","@id":"https:\/\/anoticiaonline.com.br\/site#listItem","position":1,"name":"Home","item":"https:\/\/anoticiaonline.com.br\/site","nextItem":{"@type":"ListItem","@id":"https:\/\/anoticiaonline.com.br\/site\/categoria\/muriae\/#listItem","name":"Blog"}},{"@type":"ListItem","@id":"https:\/\/anoticiaonline.com.br\/site\/categoria\/muriae\/#listItem","position":2,"name":"Blog","item":"https:\/\/anoticiaonline.com.br\/site\/categoria\/muriae\/","nextItem":{"@type":"ListItem","@id":"https:\/\/anoticiaonline.com.br\/site\/dia-do-dermatologista-profissional-fala-sobre-desafios-e-conquistas-da-profissao\/#listItem","name":"Dia do Dermatologista: profissional fala sobre desafios e conquistas da profiss\u00e3o"},"previousItem":{"@type":"ListItem","@id":"https:\/\/anoticiaonline.com.br\/site#listItem","name":"Home"}},{"@type":"ListItem","@id":"https:\/\/anoticiaonline.com.br\/site\/dia-do-dermatologista-profissional-fala-sobre-desafios-e-conquistas-da-profissao\/#listItem","position":3,"name":"Dia do Dermatologista: profissional fala sobre desafios e conquistas da profiss\u00e3o","previousItem":{"@type":"ListItem","@id":"https:\/\/anoticiaonline.com.br\/site\/categoria\/muriae\/#listItem","name":"Blog"}}]},{"@type":"Organization","@id":"https:\/\/anoticiaonline.com.br\/site\/#organization","name":"A Not\u00edcia Online","description":"Noticias de Muria\u00e9 e regi\u00e3o","url":"https:\/\/anoticiaonline.com.br\/site\/","logo":{"@type":"ImageObject","url":"https:\/\/scontent-gig4-1.xx.fbcdn.net\/v\/t39.30808-1\/270437624_4564083193639691_6907940295614233970_n.jpg?stp=dst-jpg_s200x200_tt6&_nc_cat=111&ccb=1-7&_nc_sid=f907e8&_nc_ohc=SM1wRlP3lJwQ7kNvwEPuBYA&_nc_oc=AdnqrjDN_BNjSSHWO-GbkIWH6fkGMLw4bqvL_NH6e2wMveX7G-rP2dAqsDSq1mJMOaY&_nc_zt=24&_nc_ht=scontent-gig4-1.xx&_nc_gid=AoBFJeGrT1hVaew_6rchkQ&oh=00_AfX7QmFGhQhG2jAllVgXCiM1ZrWgvtp80-Bfppyexh1QEg&oe=689E923C","@id":"https:\/\/anoticiaonline.com.br\/site\/dia-do-dermatologista-profissional-fala-sobre-desafios-e-conquistas-da-profissao\/#organizationLogo"},"image":{"@id":"https:\/\/anoticiaonline.com.br\/site\/dia-do-dermatologista-profissional-fala-sobre-desafios-e-conquistas-da-profissao\/#organizationLogo"}},{"@type":"Person","@id":"https:\/\/anoticiaonline.com.br\/site\/author\/juliana\/#author","url":"https:\/\/anoticiaonline.com.br\/site\/author\/juliana\/","name":"Juliana Laviola","image":{"@type":"ImageObject","@id":"https:\/\/anoticiaonline.com.br\/site\/dia-do-dermatologista-profissional-fala-sobre-desafios-e-conquistas-da-profissao\/#authorImage","url":"https:\/\/secure.gravatar.com\/avatar\/b8d45f5c699b100dfaf0e543582f38f38bf94cb7ae3a5e9abf8d891a34773335?s=96&d=mm&r=g","width":96,"height":96,"caption":"Juliana Laviola"}},{"@type":"WebPage","@id":"https:\/\/anoticiaonline.com.br\/site\/dia-do-dermatologista-profissional-fala-sobre-desafios-e-conquistas-da-profissao\/#webpage","url":"https:\/\/anoticiaonline.com.br\/site\/dia-do-dermatologista-profissional-fala-sobre-desafios-e-conquistas-da-profissao\/","name":"Dia do Dermatologista: profissional fala sobre desafios e conquistas da profiss\u00e3o - A Not\u00edcia Online","description":"Foi comemorado no \u00faltimo dia 5 de fevereiro o Dia do Dermatologista. Em comemora\u00e7\u00e3o a esta importante data, que valoriza as conquistas da medicina dermatol\u00f3gica e de seus profissionais, o Jornal A Not\u00edcia entrevistou a dermatologista muriaeense Dra. Karina Agostini Fraga. Dra. Karina inicia explicando que o m\u00e9dico dermatologista \u00e9 o respons\u00e1vel pela sa\u00fade da","inLanguage":"pt-BR","isPartOf":{"@id":"https:\/\/anoticiaonline.com.br\/site\/#website"},"breadcrumb":{"@id":"https:\/\/anoticiaonline.com.br\/site\/dia-do-dermatologista-profissional-fala-sobre-desafios-e-conquistas-da-profissao\/#breadcrumblist"},"author":{"@id":"https:\/\/anoticiaonline.com.br\/site\/author\/juliana\/#author"},"creator":{"@id":"https:\/\/anoticiaonline.com.br\/site\/author\/juliana\/#author"},"datePublished":"2019-02-07T15:17:05-03:00","dateModified":"2019-02-07T15:17:05-03:00"},{"@type":"WebSite","@id":"https:\/\/anoticiaonline.com.br\/site\/#website","url":"https:\/\/anoticiaonline.com.br\/site\/","name":"A Not\u00edcia Online","description":"Noticias de Muria\u00e9 e regi\u00e3o","inLanguage":"pt-BR","publisher":{"@id":"https:\/\/anoticiaonline.com.br\/site\/#organization"}}]},"og:locale":"pt_BR","og:site_name":"A Not\u00edcia Online - Noticias de Muria\u00e9 e regi\u00e3o","og:type":"article","og:title":"Dia do Dermatologista: profissional fala sobre desafios e conquistas da profiss\u00e3o - A Not\u00edcia Online","og:description":"Foi comemorado no \u00faltimo dia 5 de fevereiro o Dia do Dermatologista. Em comemora\u00e7\u00e3o a esta importante data, que valoriza as conquistas da medicina dermatol\u00f3gica e de seus profissionais, o Jornal A Not\u00edcia entrevistou a dermatologista muriaeense Dra. Karina Agostini Fraga. Dra. Karina inicia explicando que o m\u00e9dico dermatologista \u00e9 o respons\u00e1vel pela sa\u00fade da","og:url":"https:\/\/anoticiaonline.com.br\/site\/dia-do-dermatologista-profissional-fala-sobre-desafios-e-conquistas-da-profissao\/","og:image":"https:\/\/scontent-gig4-1.xx.fbcdn.net\/v\/t39.30808-1\/270437624_4564083193639691_6907940295614233970_n.jpg?stp=dst-jpg_s200x200_tt6&#038;_nc_cat=111&#038;ccb=1-7&#038;_nc_sid=f907e8&#038;_nc_ohc=SM1wRlP3lJwQ7kNvwEPuBYA&#038;_nc_oc=AdnqrjDN_BNjSSHWO-GbkIWH6fkGMLw4bqvL_NH6e2wMveX7G-rP2dAqsDSq1mJMOaY&#038;_nc_zt=24&#038;_nc_ht=scontent-gig4-1.xx&#038;_nc_gid=AoBFJeGrT1hVaew_6rchkQ&#038;oh=00_AfX7QmFGhQhG2jAllVgXCiM1ZrWgvtp80-Bfppyexh1QEg&#038;oe=689E923C","og:image:secure_url":"https:\/\/scontent-gig4-1.xx.fbcdn.net\/v\/t39.30808-1\/270437624_4564083193639691_6907940295614233970_n.jpg?stp=dst-jpg_s200x200_tt6&#038;_nc_cat=111&#038;ccb=1-7&#038;_nc_sid=f907e8&#038;_nc_ohc=SM1wRlP3lJwQ7kNvwEPuBYA&#038;_nc_oc=AdnqrjDN_BNjSSHWO-GbkIWH6fkGMLw4bqvL_NH6e2wMveX7G-rP2dAqsDSq1mJMOaY&#038;_nc_zt=24&#038;_nc_ht=scontent-gig4-1.xx&#038;_nc_gid=AoBFJeGrT1hVaew_6rchkQ&#038;oh=00_AfX7QmFGhQhG2jAllVgXCiM1ZrWgvtp80-Bfppyexh1QEg&#038;oe=689E923C","article:published_time":"2019-02-07T18:17:05+00:00","article:modified_time":"2019-02-07T18:17:05+00:00","twitter:card":"summary_large_image","twitter:title":"Dia do Dermatologista: profissional fala sobre desafios e conquistas da profiss\u00e3o - A Not\u00edcia Online","twitter:description":"Foi comemorado no \u00faltimo dia 5 de fevereiro o Dia do Dermatologista. Em comemora\u00e7\u00e3o a esta importante data, que valoriza as conquistas da medicina dermatol\u00f3gica e de seus profissionais, o Jornal A Not\u00edcia entrevistou a dermatologista muriaeense Dra. Karina Agostini Fraga. Dra. Karina inicia explicando que o m\u00e9dico dermatologista \u00e9 o respons\u00e1vel pela sa\u00fade da","twitter:image":"https:\/\/scontent-gig4-1.xx.fbcdn.net\/v\/t39.30808-1\/270437624_4564083193639691_6907940295614233970_n.jpg?stp=dst-jpg_s200x200_tt6&_nc_cat=111&ccb=1-7&_nc_sid=f907e8&_nc_ohc=SM1wRlP3lJwQ7kNvwEPuBYA&_nc_oc=AdnqrjDN_BNjSSHWO-GbkIWH6fkGMLw4bqvL_NH6e2wMveX7G-rP2dAqsDSq1mJMOaY&_nc_zt=24&_nc_ht=scontent-gig4-1.xx&_nc_gid=AoBFJeGrT1hVaew_6rchkQ&oh=00_AfX7QmFGhQhG2jAllVgXCiM1ZrWgvtp80-Bfppyexh1QEg&oe=689E923C"},"aioseo_meta_data":{"post_id":"66991","title":null,"description":null,"keywords":null,"keyphrases":null,"primary_term":null,"canonical_url":null,"og_title":null,"og_description":null,"og_object_type":"default","og_image_type":"default","og_image_url":null,"og_image_width":null,"og_image_height":null,"og_image_custom_url":null,"og_image_custom_fields":null,"og_video":null,"og_custom_url":null,"og_article_section":null,"og_article_tags":null,"twitter_use_og":false,"twitter_card":"default","twitter_image_type":"default","twitter_image_url":null,"twitter_image_custom_url":null,"twitter_image_custom_fields":null,"twitter_title":null,"twitter_description":null,"schema":{"blockGraphs":[],"customGraphs":[],"default":{"data":{"Article":[],"Course":[],"Dataset":[],"FAQPage":[],"Movie":[],"Person":[],"Product":[],"ProductReview":[],"Car":[],"Recipe":[],"Service":[],"SoftwareApplication":[],"WebPage":[]},"graphName":"","isEnabled":true},"graphs":[]},"schema_type":"default","schema_type_options":null,"pillar_content":false,"robots_default":true,"robots_noindex":false,"robots_noarchive":false,"robots_nosnippet":false,"robots_nofollow":false,"robots_noimageindex":false,"robots_noodp":false,"robots_notranslate":false,"robots_max_snippet":null,"robots_max_videopreview":null,"robots_max_imagepreview":"large","priority":null,"frequency":null,"local_seo":null,"breadcrumb_settings":null,"limit_modified_date":false,"ai":null,"created":"2025-08-16 22:42:18","updated":"2025-08-16 22:42:18","focus_keyword":null,"additional_keywords":null,"truseo_locale":null,"seo_analyzer_scan_date":null},"aioseo_breadcrumb":"<div class=\"aioseo-breadcrumbs\"><span class=\"aioseo-breadcrumb\">\n\t\t\t<a href=\"https:\/\/anoticiaonline.com.br\/site\" title=\"Home\">Home<\/a>\n\t\t<\/span><span class=\"aioseo-breadcrumb-separator\">&raquo;<\/span><span class=\"aioseo-breadcrumb\">\n\t\t\t<a href=\"https:\/\/anoticiaonline.com.br\/site\/categoria\/muriae\/\" title=\"Blog\">Blog<\/a>\n\t\t<\/span><span class=\"aioseo-breadcrumb-separator\">&raquo;<\/span><span class=\"aioseo-breadcrumb\">\n\t\t\tDia do Dermatologista: profissional fala sobre desafios e conquistas da profiss\u00e3o\n\t\t<\/span><\/div>","aioseo_breadcrumb_json":[{"label":"Home","link":"https:\/\/anoticiaonline.com.br\/site"},{"label":"Blog","link":"https:\/\/anoticiaonline.com.br\/site\/categoria\/muriae\/"},{"label":"Dia do Dermatologista: profissional fala sobre desafios e conquistas da profiss\u00e3o","link":"https:\/\/anoticiaonline.com.br\/site\/dia-do-dermatologista-profissional-fala-sobre-desafios-e-conquistas-da-profissao\/"}],"views":177,"_links":{"self":[{"href":"https:\/\/anoticiaonline.com.br\/site\/wp-json\/wp\/v2\/posts\/66991","targetHints":{"allow":["GET"]}}],"collection":[{"href":"https:\/\/anoticiaonline.com.br\/site\/wp-json\/wp\/v2\/posts"}],"about":[{"href":"https:\/\/anoticiaonline.com.br\/site\/wp-json\/wp\/v2\/types\/post"}],"author":[{"embeddable":true,"href":"https:\/\/anoticiaonline.com.br\/site\/wp-json\/wp\/v2\/users\/2"}],"replies":[{"embeddable":true,"href":"https:\/\/anoticiaonline.com.br\/site\/wp-json\/wp\/v2\/comments?post=66991"}],"version-history":[{"count":0,"href":"https:\/\/anoticiaonline.com.br\/site\/wp-json\/wp\/v2\/posts\/66991\/revisions"}],"wp:attachment":[{"href":"https:\/\/anoticiaonline.com.br\/site\/wp-json\/wp\/v2\/media?parent=66991"}],"wp:term":[{"taxonomy":"category","embeddable":true,"href":"https:\/\/anoticiaonline.com.br\/site\/wp-json\/wp\/v2\/categories?post=66991"},{"taxonomy":"post_tag","embeddable":true,"href":"https:\/\/anoticiaonline.com.br\/site\/wp-json\/wp\/v2\/tags?post=66991"}],"curies":[{"name":"wp","href":"https:\/\/api.w.org\/{rel}","templated":true}]}}