{"id":66960,"date":"2019-02-02T13:00:26","date_gmt":"2019-02-02T16:00:26","guid":{"rendered":"http:\/\/anoticiaonline.com.br\/site\/?p=66960"},"modified":"2019-02-04T14:13:58","modified_gmt":"2019-02-04T17:13:58","slug":"apos-tragedia-em-brumadinho-cba-garante-integridade-de-suas-barragens-na-regiao","status":"publish","type":"post","link":"https:\/\/anoticiaonline.com.br\/site\/apos-tragedia-em-brumadinho-cba-garante-integridade-de-suas-barragens-na-regiao\/","title":{"rendered":"Ap\u00f3s trag\u00e9dia em Brumadinho, CBA garante integridade de suas barragens na regi\u00e3o"},"content":{"rendered":"<figure id=\"attachment_66961\" aria-describedby=\"caption-attachment-66961\" style=\"width: 580px\" class=\"wp-caption aligncenter\"><a href=\"https:\/\/anoticiaonline.com.br\/site\/wp-content\/uploads\/2019\/02\/LEGENDA-Em-2007-Mira\u00ed-sofreu-com-rompimento-de-barragem-da-BauminasFoto-Blog-do-Rodin.jpg\"><img fetchpriority=\"high\" decoding=\"async\" class=\"wp-image-66961 size-full\" src=\"https:\/\/anoticiaonline.com.br\/site\/wp-content\/uploads\/2019\/02\/LEGENDA-Em-2007-Mira\u00ed-sofreu-com-rompimento-de-barragem-da-BauminasFoto-Blog-do-Rodin.jpg\" alt=\"\" width=\"590\" height=\"320\" srcset=\"https:\/\/anoticiaonline.com.br\/site\/wp-content\/uploads\/2019\/02\/LEGENDA-Em-2007-Mira\u00ed-sofreu-com-rompimento-de-barragem-da-BauminasFoto-Blog-do-Rodin.jpg 590w, https:\/\/anoticiaonline.com.br\/site\/wp-content\/uploads\/2019\/02\/LEGENDA-Em-2007-Mira\u00ed-sofreu-com-rompimento-de-barragem-da-BauminasFoto-Blog-do-Rodin-300x163.jpg 300w\" sizes=\"(max-width: 590px) 100vw, 590px\" \/><\/a><figcaption id=\"caption-attachment-66961\" class=\"wp-caption-text\">Em 2007, Mira\u00ed sofreu com rompimento de barragem da Bauminas (Foto: Blog do Rodin)<\/figcaption><\/figure>\n<p>O tr\u00e1gico rompimento da barragem da mina do C\u00f3rrego do Feij\u00e3o, em Brumadinho, na regi\u00e3o central do estado, causou como\u00e7\u00e3o por todo o pa\u00eds. At\u00e9 o fechamento desta edi\u00e7\u00e3o, eram mais de 85 mortes confirmadas e quase 300 ainda desaparecidos.<\/p>\n<p>O fato reavivou lembran\u00e7as ruins tamb\u00e9m em nossa regi\u00e3o, que viveu em 2007 o drama do rompimento da barragem S\u00e3o Francisco, de responsabilidade da Bauminas, em Mira\u00ed. Quando o acidente ocorreu, foram lan\u00e7ados dois bilh\u00f5es de litros de rejeitos no Ribeir\u00e3o Fub\u00e1, que corta a cidade. A inunda\u00e7\u00e3o chegou a atingir aproximadamente 400 casas e com\u00e9rcios e deixou cerca de duas mil pessoas desalojadas e desabrigadas, causando preju\u00edzos morais e materiais.<\/p>\n<p><!--more--><\/p>\n<p>Procurada pela reportagem para falar sobre a situa\u00e7\u00e3o atual de suas duas barragens em nossa regi\u00e3o \u2013 localizadas em Mira\u00ed e Itamarati de Minas, a Companhia Brasileira de Alum\u00ednio garantiu a integridade f\u00edsica das mesmas. Segundo a empresa, h\u00e1 um \u201csistema robusto de gest\u00e3o de seguran\u00e7a\u201d. Confira abaixo a nota da empresa:<\/p>\n<p>\u201c<em>A CBA (Companhia Brasileira de Alum\u00ednio) esclarece que possui um sistema robusto de gest\u00e3o de seguran\u00e7a que garante a integridade f\u00edsica de suas barragens. Esse sistema contempla monitoramentos di\u00e1rios, semanais e mensais, que s\u00e3o enviados aos \u00f3rg\u00e3os fiscalizadores de acordo com a legisla\u00e7\u00e3o. Al\u00e9m do monitoramento interno, as barragens s\u00e3o auditadas mensalmente por uma empresa independente especializada e de compet\u00eancia reconhecida internacionalmente.<\/em><em>\u00a0<\/em><\/p>\n<p><em>Em termos de engenharia, a estrutura das barragens de Mira\u00ed e Itamarati de Minas n\u00e3o guardam similaridade com barragens que utilizam o pr\u00f3prio rejeito na sua constru\u00e7\u00e3o.<\/em><em>\u00a0<\/em><\/p>\n<p><em>A CBA lamenta, ainda, profundamente o ocorrido no \u00faltimo dia 25, em virtude do rompimento da barragem em Brumadinho (MG) e se solidariza, com extremo pesar, com todos aqueles que tiveram suas vidas de alguma forma impactada com o fato.\u201d<\/em><\/p>\n","protected":false},"excerpt":{"rendered":"<p>O tr\u00e1gico rompimento da barragem da mina do C\u00f3rrego do Feij\u00e3o, em Brumadinho, na regi\u00e3o central do estado, causou como\u00e7\u00e3o por todo o pa\u00eds. At\u00e9 o fechamento desta edi\u00e7\u00e3o, eram mais de 85 mortes confirmadas e quase 300 ainda desaparecidos. O fato reavivou lembran\u00e7as ruins tamb\u00e9m em nossa regi\u00e3o, que viveu em 2007 o drama &#8230; <a title=\"Ap\u00f3s trag\u00e9dia em Brumadinho, CBA garante integridade de suas barragens na regi\u00e3o\" class=\"read-more\" href=\"https:\/\/anoticiaonline.com.br\/site\/apos-tragedia-em-brumadinho-cba-garante-integridade-de-suas-barragens-na-regiao\/\" aria-label=\"Read more about Ap\u00f3s trag\u00e9dia em Brumadinho, CBA garante integridade de suas barragens na regi\u00e3o\">Ler mais<\/a><\/p>\n","protected":false},"author":2,"featured_media":0,"comment_status":"open","ping_status":"open","sticky":false,"template":"","format":"standard","meta":{"_acf_changed":false,"_monsterinsights_skip_tracking":false,"footnotes":""},"categories":[30,6],"tags":[3651,419,3652],"class_list":["post-66960","post","type-post","status-publish","format-standard","hentry","category-muriae","category-regiao","tag-barragem","tag-minas-gerais","tag-minerio"],"acf":[],"aioseo_notices":[],"aioseo_head":"\n\t\t<!-- All in One SEO 5.0.0.1 - aioseo.com -->\n\t<meta name=\"description\" content=\"O tr\u00e1gico rompimento da barragem da mina do C\u00f3rrego do Feij\u00e3o, em Brumadinho, na regi\u00e3o central do estado, causou como\u00e7\u00e3o por todo o pa\u00eds. At\u00e9 o fechamento desta edi\u00e7\u00e3o, eram mais de 85 mortes confirmadas e quase 300 ainda desaparecidos. O fato reavivou lembran\u00e7as ruins tamb\u00e9m em nossa regi\u00e3o, que viveu em 2007 o drama\" \/>\n\t<meta name=\"robots\" content=\"max-image-preview:large\" \/>\n\t<meta name=\"author\" content=\"Juliana Laviola\"\/>\n\t<link rel=\"canonical\" href=\"https:\/\/anoticiaonline.com.br\/site\/apos-tragedia-em-brumadinho-cba-garante-integridade-de-suas-barragens-na-regiao\/\" \/>\n\t<meta name=\"generator\" content=\"All in One SEO (AIOSEO) 5.0.0.1\" \/>\n\t\t<meta property=\"og:locale\" content=\"pt_BR\" \/>\n\t\t<meta property=\"og:site_name\" content=\"A Not\u00edcia Online - Noticias de Muria\u00e9 e regi\u00e3o\" \/>\n\t\t<meta property=\"og:type\" content=\"article\" \/>\n\t\t<meta property=\"og:title\" content=\"Ap\u00f3s trag\u00e9dia em Brumadinho, CBA garante integridade de suas barragens na regi\u00e3o - A Not\u00edcia Online\" \/>\n\t\t<meta property=\"og:description\" content=\"O tr\u00e1gico rompimento da barragem da mina do C\u00f3rrego do Feij\u00e3o, em Brumadinho, na regi\u00e3o central do estado, causou como\u00e7\u00e3o por todo o pa\u00eds. At\u00e9 o fechamento desta edi\u00e7\u00e3o, eram mais de 85 mortes confirmadas e quase 300 ainda desaparecidos. O fato reavivou lembran\u00e7as ruins tamb\u00e9m em nossa regi\u00e3o, que viveu em 2007 o drama\" \/>\n\t\t<meta property=\"og:url\" content=\"https:\/\/anoticiaonline.com.br\/site\/apos-tragedia-em-brumadinho-cba-garante-integridade-de-suas-barragens-na-regiao\/\" \/>\n\t\t<meta property=\"og:image\" content=\"https:\/\/scontent-gig4-1.xx.fbcdn.net\/v\/t39.30808-1\/270437624_4564083193639691_6907940295614233970_n.jpg?stp=dst-jpg_s200x200_tt6&#038;_nc_cat=111&#038;ccb=1-7&#038;_nc_sid=f907e8&#038;_nc_ohc=SM1wRlP3lJwQ7kNvwEPuBYA&#038;_nc_oc=AdnqrjDN_BNjSSHWO-GbkIWH6fkGMLw4bqvL_NH6e2wMveX7G-rP2dAqsDSq1mJMOaY&#038;_nc_zt=24&#038;_nc_ht=scontent-gig4-1.xx&#038;_nc_gid=AoBFJeGrT1hVaew_6rchkQ&#038;oh=00_AfX7QmFGhQhG2jAllVgXCiM1ZrWgvtp80-Bfppyexh1QEg&#038;oe=689E923C\" \/>\n\t\t<meta property=\"og:image:secure_url\" content=\"https:\/\/scontent-gig4-1.xx.fbcdn.net\/v\/t39.30808-1\/270437624_4564083193639691_6907940295614233970_n.jpg?stp=dst-jpg_s200x200_tt6&#038;_nc_cat=111&#038;ccb=1-7&#038;_nc_sid=f907e8&#038;_nc_ohc=SM1wRlP3lJwQ7kNvwEPuBYA&#038;_nc_oc=AdnqrjDN_BNjSSHWO-GbkIWH6fkGMLw4bqvL_NH6e2wMveX7G-rP2dAqsDSq1mJMOaY&#038;_nc_zt=24&#038;_nc_ht=scontent-gig4-1.xx&#038;_nc_gid=AoBFJeGrT1hVaew_6rchkQ&#038;oh=00_AfX7QmFGhQhG2jAllVgXCiM1ZrWgvtp80-Bfppyexh1QEg&#038;oe=689E923C\" \/>\n\t\t<meta property=\"article:published_time\" content=\"2019-02-02T16:00:26+00:00\" \/>\n\t\t<meta property=\"article:modified_time\" content=\"2019-02-04T17:13:58+00:00\" \/>\n\t\t<meta name=\"twitter:card\" content=\"summary_large_image\" \/>\n\t\t<meta name=\"twitter:title\" content=\"Ap\u00f3s trag\u00e9dia em Brumadinho, CBA garante integridade de suas barragens na regi\u00e3o - A Not\u00edcia Online\" \/>\n\t\t<meta name=\"twitter:description\" content=\"O tr\u00e1gico rompimento da barragem da mina do C\u00f3rrego do Feij\u00e3o, em Brumadinho, na regi\u00e3o central do estado, causou como\u00e7\u00e3o por todo o pa\u00eds. At\u00e9 o fechamento desta edi\u00e7\u00e3o, eram mais de 85 mortes confirmadas e quase 300 ainda desaparecidos. O fato reavivou lembran\u00e7as ruins tamb\u00e9m em nossa regi\u00e3o, que viveu em 2007 o drama\" \/>\n\t\t<meta name=\"twitter:image\" content=\"https:\/\/scontent-gig4-1.xx.fbcdn.net\/v\/t39.30808-1\/270437624_4564083193639691_6907940295614233970_n.jpg?stp=dst-jpg_s200x200_tt6&amp;_nc_cat=111&amp;ccb=1-7&amp;_nc_sid=f907e8&amp;_nc_ohc=SM1wRlP3lJwQ7kNvwEPuBYA&amp;_nc_oc=AdnqrjDN_BNjSSHWO-GbkIWH6fkGMLw4bqvL_NH6e2wMveX7G-rP2dAqsDSq1mJMOaY&amp;_nc_zt=24&amp;_nc_ht=scontent-gig4-1.xx&amp;_nc_gid=AoBFJeGrT1hVaew_6rchkQ&amp;oh=00_AfX7QmFGhQhG2jAllVgXCiM1ZrWgvtp80-Bfppyexh1QEg&amp;oe=689E923C\" \/>\n\t\t<script type=\"application\/ld+json\" class=\"aioseo-schema\">\n\t\t\t{\"@context\":\"https:\\\/\\\/schema.org\",\"@graph\":[{\"@type\":\"BlogPosting\",\"@id\":\"https:\\\/\\\/anoticiaonline.com.br\\\/site\\\/apos-tragedia-em-brumadinho-cba-garante-integridade-de-suas-barragens-na-regiao\\\/#blogposting\",\"name\":\"Ap\\u00f3s trag\\u00e9dia em Brumadinho, CBA garante integridade de suas barragens na regi\\u00e3o - A Not\\u00edcia Online\",\"headline\":\"Ap\\u00f3s trag\\u00e9dia em Brumadinho, CBA garante integridade de suas barragens na regi\\u00e3o\",\"author\":{\"@id\":\"https:\\\/\\\/anoticiaonline.com.br\\\/site\\\/author\\\/juliana\\\/#author\"},\"publisher\":{\"@id\":\"https:\\\/\\\/anoticiaonline.com.br\\\/site\\\/#organization\"},\"image\":{\"@type\":\"ImageObject\",\"url\":\"https:\\\/\\\/anoticiaonline.com.br\\\/site\\\/wp-content\\\/uploads\\\/2019\\\/02\\\/LEGENDA-Em-2007-Mira\\u00ed-sofreu-com-rompimento-de-barragem-da-BauminasFoto-Blog-do-Rodin.jpg\",\"@id\":\"https:\\\/\\\/anoticiaonline.com.br\\\/site\\\/apos-tragedia-em-brumadinho-cba-garante-integridade-de-suas-barragens-na-regiao\\\/#articleImage\",\"width\":590,\"height\":320,\"caption\":\"Em 2007, Mira\\u00ed sofreu com rompimento de barragem da Bauminas (Foto: Blog do Rodin)\"},\"datePublished\":\"2019-02-02T13:00:26-03:00\",\"dateModified\":\"2019-02-04T14:13:58-03:00\",\"inLanguage\":\"pt-BR\",\"mainEntityOfPage\":{\"@id\":\"https:\\\/\\\/anoticiaonline.com.br\\\/site\\\/apos-tragedia-em-brumadinho-cba-garante-integridade-de-suas-barragens-na-regiao\\\/#webpage\"},\"isPartOf\":{\"@id\":\"https:\\\/\\\/anoticiaonline.com.br\\\/site\\\/apos-tragedia-em-brumadinho-cba-garante-integridade-de-suas-barragens-na-regiao\\\/#webpage\"},\"articleSection\":\"Blog, Regi\\u00e3o, barragem, minas gerais, min\\u00e9rio\"},{\"@type\":\"BreadcrumbList\",\"@id\":\"https:\\\/\\\/anoticiaonline.com.br\\\/site\\\/apos-tragedia-em-brumadinho-cba-garante-integridade-de-suas-barragens-na-regiao\\\/#breadcrumblist\",\"itemListElement\":[{\"@type\":\"ListItem\",\"@id\":\"https:\\\/\\\/anoticiaonline.com.br\\\/site#listItem\",\"position\":1,\"name\":\"Home\",\"item\":\"https:\\\/\\\/anoticiaonline.com.br\\\/site\",\"nextItem\":{\"@type\":\"ListItem\",\"@id\":\"https:\\\/\\\/anoticiaonline.com.br\\\/site\\\/categoria\\\/regiao\\\/#listItem\",\"name\":\"Regi\\u00e3o\"}},{\"@type\":\"ListItem\",\"@id\":\"https:\\\/\\\/anoticiaonline.com.br\\\/site\\\/categoria\\\/regiao\\\/#listItem\",\"position\":2,\"name\":\"Regi\\u00e3o\",\"item\":\"https:\\\/\\\/anoticiaonline.com.br\\\/site\\\/categoria\\\/regiao\\\/\",\"nextItem\":{\"@type\":\"ListItem\",\"@id\":\"https:\\\/\\\/anoticiaonline.com.br\\\/site\\\/apos-tragedia-em-brumadinho-cba-garante-integridade-de-suas-barragens-na-regiao\\\/#listItem\",\"name\":\"Ap\\u00f3s trag\\u00e9dia em Brumadinho, CBA garante integridade de suas barragens na regi\\u00e3o\"},\"previousItem\":{\"@type\":\"ListItem\",\"@id\":\"https:\\\/\\\/anoticiaonline.com.br\\\/site#listItem\",\"name\":\"Home\"}},{\"@type\":\"ListItem\",\"@id\":\"https:\\\/\\\/anoticiaonline.com.br\\\/site\\\/apos-tragedia-em-brumadinho-cba-garante-integridade-de-suas-barragens-na-regiao\\\/#listItem\",\"position\":3,\"name\":\"Ap\\u00f3s trag\\u00e9dia em Brumadinho, CBA garante integridade de suas barragens na regi\\u00e3o\",\"previousItem\":{\"@type\":\"ListItem\",\"@id\":\"https:\\\/\\\/anoticiaonline.com.br\\\/site\\\/categoria\\\/regiao\\\/#listItem\",\"name\":\"Regi\\u00e3o\"}}]},{\"@type\":\"Organization\",\"@id\":\"https:\\\/\\\/anoticiaonline.com.br\\\/site\\\/#organization\",\"name\":\"A Not\\u00edcia Online\",\"description\":\"Noticias de Muria\\u00e9 e regi\\u00e3o\",\"url\":\"https:\\\/\\\/anoticiaonline.com.br\\\/site\\\/\",\"logo\":{\"@type\":\"ImageObject\",\"url\":\"https:\\\/\\\/scontent-gig4-1.xx.fbcdn.net\\\/v\\\/t39.30808-1\\\/270437624_4564083193639691_6907940295614233970_n.jpg?stp=dst-jpg_s200x200_tt6&_nc_cat=111&ccb=1-7&_nc_sid=f907e8&_nc_ohc=SM1wRlP3lJwQ7kNvwEPuBYA&_nc_oc=AdnqrjDN_BNjSSHWO-GbkIWH6fkGMLw4bqvL_NH6e2wMveX7G-rP2dAqsDSq1mJMOaY&_nc_zt=24&_nc_ht=scontent-gig4-1.xx&_nc_gid=AoBFJeGrT1hVaew_6rchkQ&oh=00_AfX7QmFGhQhG2jAllVgXCiM1ZrWgvtp80-Bfppyexh1QEg&oe=689E923C\",\"@id\":\"https:\\\/\\\/anoticiaonline.com.br\\\/site\\\/apos-tragedia-em-brumadinho-cba-garante-integridade-de-suas-barragens-na-regiao\\\/#organizationLogo\"},\"image\":{\"@id\":\"https:\\\/\\\/anoticiaonline.com.br\\\/site\\\/apos-tragedia-em-brumadinho-cba-garante-integridade-de-suas-barragens-na-regiao\\\/#organizationLogo\"}},{\"@type\":\"Person\",\"@id\":\"https:\\\/\\\/anoticiaonline.com.br\\\/site\\\/author\\\/juliana\\\/#author\",\"url\":\"https:\\\/\\\/anoticiaonline.com.br\\\/site\\\/author\\\/juliana\\\/\",\"name\":\"Juliana Laviola\",\"image\":{\"@type\":\"ImageObject\",\"@id\":\"https:\\\/\\\/anoticiaonline.com.br\\\/site\\\/apos-tragedia-em-brumadinho-cba-garante-integridade-de-suas-barragens-na-regiao\\\/#authorImage\",\"url\":\"https:\\\/\\\/secure.gravatar.com\\\/avatar\\\/b8d45f5c699b100dfaf0e543582f38f38bf94cb7ae3a5e9abf8d891a34773335?s=96&d=mm&r=g\",\"width\":96,\"height\":96,\"caption\":\"Juliana Laviola\"}},{\"@type\":\"WebPage\",\"@id\":\"https:\\\/\\\/anoticiaonline.com.br\\\/site\\\/apos-tragedia-em-brumadinho-cba-garante-integridade-de-suas-barragens-na-regiao\\\/#webpage\",\"url\":\"https:\\\/\\\/anoticiaonline.com.br\\\/site\\\/apos-tragedia-em-brumadinho-cba-garante-integridade-de-suas-barragens-na-regiao\\\/\",\"name\":\"Ap\\u00f3s trag\\u00e9dia em Brumadinho, CBA garante integridade de suas barragens na regi\\u00e3o - A Not\\u00edcia Online\",\"description\":\"O tr\\u00e1gico rompimento da barragem da mina do C\\u00f3rrego do Feij\\u00e3o, em Brumadinho, na regi\\u00e3o central do estado, causou como\\u00e7\\u00e3o por todo o pa\\u00eds. At\\u00e9 o fechamento desta edi\\u00e7\\u00e3o, eram mais de 85 mortes confirmadas e quase 300 ainda desaparecidos. O fato reavivou lembran\\u00e7as ruins tamb\\u00e9m em nossa regi\\u00e3o, que viveu em 2007 o drama\",\"inLanguage\":\"pt-BR\",\"isPartOf\":{\"@id\":\"https:\\\/\\\/anoticiaonline.com.br\\\/site\\\/#website\"},\"breadcrumb\":{\"@id\":\"https:\\\/\\\/anoticiaonline.com.br\\\/site\\\/apos-tragedia-em-brumadinho-cba-garante-integridade-de-suas-barragens-na-regiao\\\/#breadcrumblist\"},\"author\":{\"@id\":\"https:\\\/\\\/anoticiaonline.com.br\\\/site\\\/author\\\/juliana\\\/#author\"},\"creator\":{\"@id\":\"https:\\\/\\\/anoticiaonline.com.br\\\/site\\\/author\\\/juliana\\\/#author\"},\"datePublished\":\"2019-02-02T13:00:26-03:00\",\"dateModified\":\"2019-02-04T14:13:58-03:00\"},{\"@type\":\"WebSite\",\"@id\":\"https:\\\/\\\/anoticiaonline.com.br\\\/site\\\/#website\",\"url\":\"https:\\\/\\\/anoticiaonline.com.br\\\/site\\\/\",\"name\":\"A Not\\u00edcia Online\",\"description\":\"Noticias de Muria\\u00e9 e regi\\u00e3o\",\"inLanguage\":\"pt-BR\",\"publisher\":{\"@id\":\"https:\\\/\\\/anoticiaonline.com.br\\\/site\\\/#organization\"}}]}\n\t\t<\/script>\n\t\t<!-- All in One SEO -->\n\n","aioseo_head_json":{"title":"Ap\u00f3s trag\u00e9dia em Brumadinho, CBA garante integridade de suas barragens na regi\u00e3o - A Not\u00edcia Online","description":"O tr\u00e1gico rompimento da barragem da mina do C\u00f3rrego do Feij\u00e3o, em Brumadinho, na regi\u00e3o central do estado, causou como\u00e7\u00e3o por todo o pa\u00eds. At\u00e9 o fechamento desta edi\u00e7\u00e3o, eram mais de 85 mortes confirmadas e quase 300 ainda desaparecidos. O fato reavivou lembran\u00e7as ruins tamb\u00e9m em nossa regi\u00e3o, que viveu em 2007 o drama","canonical_url":"https:\/\/anoticiaonline.com.br\/site\/apos-tragedia-em-brumadinho-cba-garante-integridade-de-suas-barragens-na-regiao\/","robots":"max-image-preview:large","keywords":"","webmasterTools":{"miscellaneous":""},"schema":{"@context":"https:\/\/schema.org","@graph":[{"@type":"BlogPosting","@id":"https:\/\/anoticiaonline.com.br\/site\/apos-tragedia-em-brumadinho-cba-garante-integridade-de-suas-barragens-na-regiao\/#blogposting","name":"Ap\u00f3s trag\u00e9dia em Brumadinho, CBA garante integridade de suas barragens na regi\u00e3o - A Not\u00edcia Online","headline":"Ap\u00f3s trag\u00e9dia em Brumadinho, CBA garante integridade de suas barragens na regi\u00e3o","author":{"@id":"https:\/\/anoticiaonline.com.br\/site\/author\/juliana\/#author"},"publisher":{"@id":"https:\/\/anoticiaonline.com.br\/site\/#organization"},"image":{"@type":"ImageObject","url":"https:\/\/anoticiaonline.com.br\/site\/wp-content\/uploads\/2019\/02\/LEGENDA-Em-2007-Mira\u00ed-sofreu-com-rompimento-de-barragem-da-BauminasFoto-Blog-do-Rodin.jpg","@id":"https:\/\/anoticiaonline.com.br\/site\/apos-tragedia-em-brumadinho-cba-garante-integridade-de-suas-barragens-na-regiao\/#articleImage","width":590,"height":320,"caption":"Em 2007, Mira\u00ed sofreu com rompimento de barragem da Bauminas (Foto: Blog do Rodin)"},"datePublished":"2019-02-02T13:00:26-03:00","dateModified":"2019-02-04T14:13:58-03:00","inLanguage":"pt-BR","mainEntityOfPage":{"@id":"https:\/\/anoticiaonline.com.br\/site\/apos-tragedia-em-brumadinho-cba-garante-integridade-de-suas-barragens-na-regiao\/#webpage"},"isPartOf":{"@id":"https:\/\/anoticiaonline.com.br\/site\/apos-tragedia-em-brumadinho-cba-garante-integridade-de-suas-barragens-na-regiao\/#webpage"},"articleSection":"Blog, Regi\u00e3o, barragem, minas gerais, min\u00e9rio"},{"@type":"BreadcrumbList","@id":"https:\/\/anoticiaonline.com.br\/site\/apos-tragedia-em-brumadinho-cba-garante-integridade-de-suas-barragens-na-regiao\/#breadcrumblist","itemListElement":[{"@type":"ListItem","@id":"https:\/\/anoticiaonline.com.br\/site#listItem","position":1,"name":"Home","item":"https:\/\/anoticiaonline.com.br\/site","nextItem":{"@type":"ListItem","@id":"https:\/\/anoticiaonline.com.br\/site\/categoria\/regiao\/#listItem","name":"Regi\u00e3o"}},{"@type":"ListItem","@id":"https:\/\/anoticiaonline.com.br\/site\/categoria\/regiao\/#listItem","position":2,"name":"Regi\u00e3o","item":"https:\/\/anoticiaonline.com.br\/site\/categoria\/regiao\/","nextItem":{"@type":"ListItem","@id":"https:\/\/anoticiaonline.com.br\/site\/apos-tragedia-em-brumadinho-cba-garante-integridade-de-suas-barragens-na-regiao\/#listItem","name":"Ap\u00f3s trag\u00e9dia em Brumadinho, CBA garante integridade de suas barragens na regi\u00e3o"},"previousItem":{"@type":"ListItem","@id":"https:\/\/anoticiaonline.com.br\/site#listItem","name":"Home"}},{"@type":"ListItem","@id":"https:\/\/anoticiaonline.com.br\/site\/apos-tragedia-em-brumadinho-cba-garante-integridade-de-suas-barragens-na-regiao\/#listItem","position":3,"name":"Ap\u00f3s trag\u00e9dia em Brumadinho, CBA garante integridade de suas barragens na regi\u00e3o","previousItem":{"@type":"ListItem","@id":"https:\/\/anoticiaonline.com.br\/site\/categoria\/regiao\/#listItem","name":"Regi\u00e3o"}}]},{"@type":"Organization","@id":"https:\/\/anoticiaonline.com.br\/site\/#organization","name":"A Not\u00edcia Online","description":"Noticias de Muria\u00e9 e regi\u00e3o","url":"https:\/\/anoticiaonline.com.br\/site\/","logo":{"@type":"ImageObject","url":"https:\/\/scontent-gig4-1.xx.fbcdn.net\/v\/t39.30808-1\/270437624_4564083193639691_6907940295614233970_n.jpg?stp=dst-jpg_s200x200_tt6&_nc_cat=111&ccb=1-7&_nc_sid=f907e8&_nc_ohc=SM1wRlP3lJwQ7kNvwEPuBYA&_nc_oc=AdnqrjDN_BNjSSHWO-GbkIWH6fkGMLw4bqvL_NH6e2wMveX7G-rP2dAqsDSq1mJMOaY&_nc_zt=24&_nc_ht=scontent-gig4-1.xx&_nc_gid=AoBFJeGrT1hVaew_6rchkQ&oh=00_AfX7QmFGhQhG2jAllVgXCiM1ZrWgvtp80-Bfppyexh1QEg&oe=689E923C","@id":"https:\/\/anoticiaonline.com.br\/site\/apos-tragedia-em-brumadinho-cba-garante-integridade-de-suas-barragens-na-regiao\/#organizationLogo"},"image":{"@id":"https:\/\/anoticiaonline.com.br\/site\/apos-tragedia-em-brumadinho-cba-garante-integridade-de-suas-barragens-na-regiao\/#organizationLogo"}},{"@type":"Person","@id":"https:\/\/anoticiaonline.com.br\/site\/author\/juliana\/#author","url":"https:\/\/anoticiaonline.com.br\/site\/author\/juliana\/","name":"Juliana Laviola","image":{"@type":"ImageObject","@id":"https:\/\/anoticiaonline.com.br\/site\/apos-tragedia-em-brumadinho-cba-garante-integridade-de-suas-barragens-na-regiao\/#authorImage","url":"https:\/\/secure.gravatar.com\/avatar\/b8d45f5c699b100dfaf0e543582f38f38bf94cb7ae3a5e9abf8d891a34773335?s=96&d=mm&r=g","width":96,"height":96,"caption":"Juliana Laviola"}},{"@type":"WebPage","@id":"https:\/\/anoticiaonline.com.br\/site\/apos-tragedia-em-brumadinho-cba-garante-integridade-de-suas-barragens-na-regiao\/#webpage","url":"https:\/\/anoticiaonline.com.br\/site\/apos-tragedia-em-brumadinho-cba-garante-integridade-de-suas-barragens-na-regiao\/","name":"Ap\u00f3s trag\u00e9dia em Brumadinho, CBA garante integridade de suas barragens na regi\u00e3o - A Not\u00edcia Online","description":"O tr\u00e1gico rompimento da barragem da mina do C\u00f3rrego do Feij\u00e3o, em Brumadinho, na regi\u00e3o central do estado, causou como\u00e7\u00e3o por todo o pa\u00eds. At\u00e9 o fechamento desta edi\u00e7\u00e3o, eram mais de 85 mortes confirmadas e quase 300 ainda desaparecidos. O fato reavivou lembran\u00e7as ruins tamb\u00e9m em nossa regi\u00e3o, que viveu em 2007 o drama","inLanguage":"pt-BR","isPartOf":{"@id":"https:\/\/anoticiaonline.com.br\/site\/#website"},"breadcrumb":{"@id":"https:\/\/anoticiaonline.com.br\/site\/apos-tragedia-em-brumadinho-cba-garante-integridade-de-suas-barragens-na-regiao\/#breadcrumblist"},"author":{"@id":"https:\/\/anoticiaonline.com.br\/site\/author\/juliana\/#author"},"creator":{"@id":"https:\/\/anoticiaonline.com.br\/site\/author\/juliana\/#author"},"datePublished":"2019-02-02T13:00:26-03:00","dateModified":"2019-02-04T14:13:58-03:00"},{"@type":"WebSite","@id":"https:\/\/anoticiaonline.com.br\/site\/#website","url":"https:\/\/anoticiaonline.com.br\/site\/","name":"A Not\u00edcia Online","description":"Noticias de Muria\u00e9 e regi\u00e3o","inLanguage":"pt-BR","publisher":{"@id":"https:\/\/anoticiaonline.com.br\/site\/#organization"}}]},"og:locale":"pt_BR","og:site_name":"A Not\u00edcia Online - Noticias de Muria\u00e9 e regi\u00e3o","og:type":"article","og:title":"Ap\u00f3s trag\u00e9dia em Brumadinho, CBA garante integridade de suas barragens na regi\u00e3o - A Not\u00edcia Online","og:description":"O tr\u00e1gico rompimento da barragem da mina do C\u00f3rrego do Feij\u00e3o, em Brumadinho, na regi\u00e3o central do estado, causou como\u00e7\u00e3o por todo o pa\u00eds. At\u00e9 o fechamento desta edi\u00e7\u00e3o, eram mais de 85 mortes confirmadas e quase 300 ainda desaparecidos. O fato reavivou lembran\u00e7as ruins tamb\u00e9m em nossa regi\u00e3o, que viveu em 2007 o drama","og:url":"https:\/\/anoticiaonline.com.br\/site\/apos-tragedia-em-brumadinho-cba-garante-integridade-de-suas-barragens-na-regiao\/","og:image":"https:\/\/scontent-gig4-1.xx.fbcdn.net\/v\/t39.30808-1\/270437624_4564083193639691_6907940295614233970_n.jpg?stp=dst-jpg_s200x200_tt6&#038;_nc_cat=111&#038;ccb=1-7&#038;_nc_sid=f907e8&#038;_nc_ohc=SM1wRlP3lJwQ7kNvwEPuBYA&#038;_nc_oc=AdnqrjDN_BNjSSHWO-GbkIWH6fkGMLw4bqvL_NH6e2wMveX7G-rP2dAqsDSq1mJMOaY&#038;_nc_zt=24&#038;_nc_ht=scontent-gig4-1.xx&#038;_nc_gid=AoBFJeGrT1hVaew_6rchkQ&#038;oh=00_AfX7QmFGhQhG2jAllVgXCiM1ZrWgvtp80-Bfppyexh1QEg&#038;oe=689E923C","og:image:secure_url":"https:\/\/scontent-gig4-1.xx.fbcdn.net\/v\/t39.30808-1\/270437624_4564083193639691_6907940295614233970_n.jpg?stp=dst-jpg_s200x200_tt6&#038;_nc_cat=111&#038;ccb=1-7&#038;_nc_sid=f907e8&#038;_nc_ohc=SM1wRlP3lJwQ7kNvwEPuBYA&#038;_nc_oc=AdnqrjDN_BNjSSHWO-GbkIWH6fkGMLw4bqvL_NH6e2wMveX7G-rP2dAqsDSq1mJMOaY&#038;_nc_zt=24&#038;_nc_ht=scontent-gig4-1.xx&#038;_nc_gid=AoBFJeGrT1hVaew_6rchkQ&#038;oh=00_AfX7QmFGhQhG2jAllVgXCiM1ZrWgvtp80-Bfppyexh1QEg&#038;oe=689E923C","article:published_time":"2019-02-02T16:00:26+00:00","article:modified_time":"2019-02-04T17:13:58+00:00","twitter:card":"summary_large_image","twitter:title":"Ap\u00f3s trag\u00e9dia em Brumadinho, CBA garante integridade de suas barragens na regi\u00e3o - A Not\u00edcia Online","twitter:description":"O tr\u00e1gico rompimento da barragem da mina do C\u00f3rrego do Feij\u00e3o, em Brumadinho, na regi\u00e3o central do estado, causou como\u00e7\u00e3o por todo o pa\u00eds. At\u00e9 o fechamento desta edi\u00e7\u00e3o, eram mais de 85 mortes confirmadas e quase 300 ainda desaparecidos. O fato reavivou lembran\u00e7as ruins tamb\u00e9m em nossa regi\u00e3o, que viveu em 2007 o drama","twitter:image":"https:\/\/scontent-gig4-1.xx.fbcdn.net\/v\/t39.30808-1\/270437624_4564083193639691_6907940295614233970_n.jpg?stp=dst-jpg_s200x200_tt6&_nc_cat=111&ccb=1-7&_nc_sid=f907e8&_nc_ohc=SM1wRlP3lJwQ7kNvwEPuBYA&_nc_oc=AdnqrjDN_BNjSSHWO-GbkIWH6fkGMLw4bqvL_NH6e2wMveX7G-rP2dAqsDSq1mJMOaY&_nc_zt=24&_nc_ht=scontent-gig4-1.xx&_nc_gid=AoBFJeGrT1hVaew_6rchkQ&oh=00_AfX7QmFGhQhG2jAllVgXCiM1ZrWgvtp80-Bfppyexh1QEg&oe=689E923C"},"aioseo_meta_data":{"post_id":"66960","title":null,"description":null,"keywords":null,"keyphrases":null,"primary_term":null,"canonical_url":null,"og_title":null,"og_description":null,"og_object_type":"default","og_image_type":"default","og_image_url":null,"og_image_width":null,"og_image_height":null,"og_image_custom_url":null,"og_image_custom_fields":null,"og_video":null,"og_custom_url":null,"og_article_section":null,"og_article_tags":null,"twitter_use_og":false,"twitter_card":"default","twitter_image_type":"default","twitter_image_url":null,"twitter_image_custom_url":null,"twitter_image_custom_fields":null,"twitter_title":null,"twitter_description":null,"schema":{"blockGraphs":[],"customGraphs":[],"default":{"data":{"Article":[],"Course":[],"Dataset":[],"FAQPage":[],"Movie":[],"Person":[],"Product":[],"ProductReview":[],"Car":[],"Recipe":[],"Service":[],"SoftwareApplication":[],"WebPage":[]},"graphName":"","isEnabled":true},"graphs":[]},"schema_type":"default","schema_type_options":null,"pillar_content":false,"robots_default":true,"robots_noindex":false,"robots_noarchive":false,"robots_nosnippet":false,"robots_nofollow":false,"robots_noimageindex":false,"robots_noodp":false,"robots_notranslate":false,"robots_max_snippet":null,"robots_max_videopreview":null,"robots_max_imagepreview":"large","priority":null,"frequency":null,"local_seo":null,"breadcrumb_settings":null,"limit_modified_date":false,"ai":null,"created":"2025-08-16 22:42:18","updated":"2025-08-16 22:42:18","focus_keyword":null,"additional_keywords":null,"truseo_locale":null,"seo_analyzer_scan_date":null},"aioseo_breadcrumb":"<div class=\"aioseo-breadcrumbs\"><span class=\"aioseo-breadcrumb\">\n\t\t\t<a href=\"https:\/\/anoticiaonline.com.br\/site\" title=\"Home\">Home<\/a>\n\t\t<\/span><span class=\"aioseo-breadcrumb-separator\">&raquo;<\/span><span class=\"aioseo-breadcrumb\">\n\t\t\t<a href=\"https:\/\/anoticiaonline.com.br\/site\/categoria\/regiao\/\" title=\"Regi\u00e3o\">Regi\u00e3o<\/a>\n\t\t<\/span><span class=\"aioseo-breadcrumb-separator\">&raquo;<\/span><span class=\"aioseo-breadcrumb\">\n\t\t\tAp\u00f3s trag\u00e9dia em Brumadinho, CBA garante integridade de suas barragens na regi\u00e3o\n\t\t<\/span><\/div>","aioseo_breadcrumb_json":[{"label":"Home","link":"https:\/\/anoticiaonline.com.br\/site"},{"label":"Regi\u00e3o","link":"https:\/\/anoticiaonline.com.br\/site\/categoria\/regiao\/"},{"label":"Ap\u00f3s trag\u00e9dia em Brumadinho, CBA garante integridade de suas barragens na regi\u00e3o","link":"https:\/\/anoticiaonline.com.br\/site\/apos-tragedia-em-brumadinho-cba-garante-integridade-de-suas-barragens-na-regiao\/"}],"views":158,"_links":{"self":[{"href":"https:\/\/anoticiaonline.com.br\/site\/wp-json\/wp\/v2\/posts\/66960","targetHints":{"allow":["GET"]}}],"collection":[{"href":"https:\/\/anoticiaonline.com.br\/site\/wp-json\/wp\/v2\/posts"}],"about":[{"href":"https:\/\/anoticiaonline.com.br\/site\/wp-json\/wp\/v2\/types\/post"}],"author":[{"embeddable":true,"href":"https:\/\/anoticiaonline.com.br\/site\/wp-json\/wp\/v2\/users\/2"}],"replies":[{"embeddable":true,"href":"https:\/\/anoticiaonline.com.br\/site\/wp-json\/wp\/v2\/comments?post=66960"}],"version-history":[{"count":0,"href":"https:\/\/anoticiaonline.com.br\/site\/wp-json\/wp\/v2\/posts\/66960\/revisions"}],"wp:attachment":[{"href":"https:\/\/anoticiaonline.com.br\/site\/wp-json\/wp\/v2\/media?parent=66960"}],"wp:term":[{"taxonomy":"category","embeddable":true,"href":"https:\/\/anoticiaonline.com.br\/site\/wp-json\/wp\/v2\/categories?post=66960"},{"taxonomy":"post_tag","embeddable":true,"href":"https:\/\/anoticiaonline.com.br\/site\/wp-json\/wp\/v2\/tags?post=66960"}],"curies":[{"name":"wp","href":"https:\/\/api.w.org\/{rel}","templated":true}]}}