{"id":66955,"date":"2019-02-02T08:00:51","date_gmt":"2019-02-02T11:00:51","guid":{"rendered":"http:\/\/anoticiaonline.com.br\/site\/?p=66955"},"modified":"2019-02-04T08:50:13","modified_gmt":"2019-02-04T11:50:13","slug":"sicoob-credisudeste-se-prepara-para-a-2a-edicao-da-feagro","status":"publish","type":"post","link":"https:\/\/anoticiaonline.com.br\/site\/sicoob-credisudeste-se-prepara-para-a-2a-edicao-da-feagro\/","title":{"rendered":"Sicoob Credisudeste se prepara para a 2\u00aa edi\u00e7\u00e3o da FEAGRO"},"content":{"rendered":"<figure id=\"attachment_66956\" aria-describedby=\"caption-attachment-66956\" style=\"width: 630px\" class=\"wp-caption aligncenter\"><a href=\"https:\/\/anoticiaonline.com.br\/site\/wp-content\/uploads\/2019\/02\/LEGENDA-Primeira-edi\u00e7\u00e3o-do-evento-em-2018-fez-sucesso.jpg\"><img fetchpriority=\"high\" decoding=\"async\" class=\"size-full wp-image-66956\" src=\"https:\/\/anoticiaonline.com.br\/site\/wp-content\/uploads\/2019\/02\/LEGENDA-Primeira-edi\u00e7\u00e3o-do-evento-em-2018-fez-sucesso.jpg\" alt=\"\" width=\"640\" height=\"427\" srcset=\"https:\/\/anoticiaonline.com.br\/site\/wp-content\/uploads\/2019\/02\/LEGENDA-Primeira-edi\u00e7\u00e3o-do-evento-em-2018-fez-sucesso.jpg 640w, https:\/\/anoticiaonline.com.br\/site\/wp-content\/uploads\/2019\/02\/LEGENDA-Primeira-edi\u00e7\u00e3o-do-evento-em-2018-fez-sucesso-300x200.jpg 300w\" sizes=\"(max-width: 640px) 100vw, 640px\" \/><\/a><figcaption id=\"caption-attachment-66956\" class=\"wp-caption-text\">Primeira edi\u00e7\u00e3o do evento, em 2018, fez sucesso<\/figcaption><\/figure>\n<p>Realizada com grande sucesso pela primeira vez em mar\u00e7o de 2018, a FEAGRO \u2013 Feira Agropecu\u00e1ria ter\u00e1 uma nova e ampliada edi\u00e7\u00e3o neste ano de 2019. Promovida pelo Sicoob Credisudeste, a Feira \u00e9 uma excelente oportunidade para bons neg\u00f3cios, pois s\u00e3o oferecidas condi\u00e7\u00f5es especiais, com juros reduzidos.<\/p>\n<p>Neste ano, a FEAGRO acontecer\u00e1 nos dias 4 a 6 de abril, novamente no Parque de Exposi\u00e7\u00f5es Lael Varella, com o apoio de diversas empresas parceiras. Al\u00e9m de maquin\u00e1rios e insumos agr\u00edcolas, haver\u00e1 linhas de cr\u00e9dito especiais tamb\u00e9m para outros produtos, como ve\u00edculos.<\/p>\n<p><!--more--><\/p>\n<figure id=\"attachment_66957\" aria-describedby=\"caption-attachment-66957\" style=\"width: 344px\" class=\"wp-caption alignleft\"><a href=\"https:\/\/anoticiaonline.com.br\/site\/wp-content\/uploads\/2019\/02\/LEGENDA-Allan-Hot-diretor-de-neg\u00f3cios-do-Sicoob-Credisudeste.jpg\"><img decoding=\"async\" class=\"size-full wp-image-66957\" src=\"https:\/\/anoticiaonline.com.br\/site\/wp-content\/uploads\/2019\/02\/LEGENDA-Allan-Hot-diretor-de-neg\u00f3cios-do-Sicoob-Credisudeste.jpg\" alt=\"\" width=\"354\" height=\"472\" srcset=\"https:\/\/anoticiaonline.com.br\/site\/wp-content\/uploads\/2019\/02\/LEGENDA-Allan-Hot-diretor-de-neg\u00f3cios-do-Sicoob-Credisudeste.jpg 354w, https:\/\/anoticiaonline.com.br\/site\/wp-content\/uploads\/2019\/02\/LEGENDA-Allan-Hot-diretor-de-neg\u00f3cios-do-Sicoob-Credisudeste-225x300.jpg 225w\" sizes=\"(max-width: 354px) 100vw, 354px\" \/><\/a><figcaption id=\"caption-attachment-66957\" class=\"wp-caption-text\">Allan Hot, diretor de neg\u00f3cios do Sicoob Credisudeste<\/figcaption><\/figure>\n<p>Para falar sobre a nova edi\u00e7\u00e3o do evento, A Not\u00edcia entrevistou o Diretor de Neg\u00f3cios do Sicoob Credisudeste, Allan Dutra Hot. Confira:<\/p>\n<p><strong>A Not\u00edcia &#8211; Como ser\u00e1 a estrutura da FEAGRO nesta edi\u00e7\u00e3o?<\/strong><\/p>\n<p><strong>Allan &#8211;<\/strong> Ser\u00e1 de primeiro mundo. Estamos preparando uma grande estrutura com aquilo que h\u00e1 de melhor neste seguimento visando a qualidade e o conforto dos cooperados, expositores e visitantes. Nossa estimativa \u00e9 de que tenhamos mais de 30 empresas participando atrav\u00e9s dos seus stands.<\/p>\n<p><strong>A Not\u00edcia &#8211; Quais produtos e servi\u00e7os ser\u00e3o oferecidos na Feira?<\/strong><\/p>\n<p><strong>Allan &#8211;<\/strong> Estaremos com todo o nosso portfolio de produtos e linhas de cr\u00e9dito dispon\u00edveis na feira. Teremos um setor especializado em abertura de contas correntes para quem decidir se tornar um cooperado do Sicoob Credisudeste. Teremos produtos como cons\u00f3rcios, previd\u00eancia privada e seguros de ve\u00edculos, bens e vida com taxas promocionais para a feira, al\u00e9m de contarmos com as melhores taxas de juros e condi\u00e7\u00f5es de pagamento para os financiamentos dos produtos vendidos na Feagro. Teremos taxas reduzidas apenas nos tr\u00eas dias de feira e condi\u00e7\u00f5es de pagamentos com prazos de at\u00e9 5 anos.<\/p>\n<p><strong>A Not\u00edcia &#8211; Qual a expectativa do Sicoob Credisudeste com o evento deste ano?<\/strong><\/p>\n<p><strong>Allan &#8211;<\/strong> Estamos com uma grande expectativa de p\u00fablico e venda para o evento, haja vista que a primeira edi\u00e7\u00e3o da Feagro, realizada em Mar\u00e7o de 2018, j\u00e1 foi um sucesso e esperamos superar o volume de neg\u00f3cios realizados nesta segunda edi\u00e7\u00e3o.<\/p>\n<p><strong>A Not\u00edcia &#8211; H\u00e1 condi\u00e7\u00f5es especiais tamb\u00e9m para quem n\u00e3o \u00e9 produtor rural?<\/strong><\/p>\n<p><strong>Allan &#8211;<\/strong> Sim. Todos os produtos e linhas de cr\u00e9dito promocionais disponibilizados na Feagro poder\u00e3o atender aos Cooperados pessoa f\u00edsica e jur\u00eddica.<\/p>\n<p><strong>A Not\u00edcia &#8211; Deixe um convite para os leitores.<\/strong><\/p>\n<p><strong>Allan &#8211;<\/strong> Gostaria de aproveitar a oportunidade e convidar a toda a popula\u00e7\u00e3o de Muria\u00e9 e cidades vizinhas para conhecer a Feagro. Teremos o maior prazer em receb\u00ea-los, por isso preparamos um ambiente agrad\u00e1vel para que voc\u00ea possa fazer um grande neg\u00f3cio.<\/p>\n<p>Al\u00e9m das grandes oportunidades comerciais que teremos na Feagro, contaremos tamb\u00e9m com o espa\u00e7o Kids voltado para crian\u00e7as, o espa\u00e7o mulher, voltado para o cuidado da beleza feminina e um restaurante com \u00f3tima estrutura para que voc\u00ea e sua fam\u00edlia possam ter \u00f3timos momentos proporcionados pelo Sicoob Credisudeste.<\/p>\n","protected":false},"excerpt":{"rendered":"<p>Realizada com grande sucesso pela primeira vez em mar\u00e7o de 2018, a FEAGRO \u2013 Feira Agropecu\u00e1ria ter\u00e1 uma nova e ampliada edi\u00e7\u00e3o neste ano de 2019. Promovida pelo Sicoob Credisudeste, a Feira \u00e9 uma excelente oportunidade para bons neg\u00f3cios, pois s\u00e3o oferecidas condi\u00e7\u00f5es especiais, com juros reduzidos. Neste ano, a FEAGRO acontecer\u00e1 nos dias 4 &#8230; <a title=\"Sicoob Credisudeste se prepara para a 2\u00aa edi\u00e7\u00e3o da FEAGRO\" class=\"read-more\" href=\"https:\/\/anoticiaonline.com.br\/site\/sicoob-credisudeste-se-prepara-para-a-2a-edicao-da-feagro\/\" aria-label=\"Read more about Sicoob Credisudeste se prepara para a 2\u00aa edi\u00e7\u00e3o da FEAGRO\">Ler mais<\/a><\/p>\n","protected":false},"author":2,"featured_media":0,"comment_status":"open","ping_status":"open","sticky":false,"template":"","format":"standard","meta":{"_acf_changed":false,"_monsterinsights_skip_tracking":false,"footnotes":""},"categories":[30,24],"tags":[1923,1924,2533],"class_list":["post-66955","post","type-post","status-publish","format-standard","hentry","category-muriae","category-eventos","tag-credisudeste","tag-feagro","tag-sicoob"],"acf":[],"aioseo_notices":[],"aioseo_head":"\n\t\t<!-- All in One SEO 5.0.0.1 - aioseo.com -->\n\t<meta name=\"description\" content=\"Realizada com grande sucesso pela primeira vez em mar\u00e7o de 2018, a FEAGRO \u2013 Feira Agropecu\u00e1ria ter\u00e1 uma nova e ampliada edi\u00e7\u00e3o neste ano de 2019. Promovida pelo Sicoob Credisudeste, a Feira \u00e9 uma excelente oportunidade para bons neg\u00f3cios, pois s\u00e3o oferecidas condi\u00e7\u00f5es especiais, com juros reduzidos. Neste ano, a FEAGRO acontecer\u00e1 nos dias 4\" \/>\n\t<meta name=\"robots\" content=\"max-image-preview:large\" \/>\n\t<meta name=\"author\" content=\"Juliana Laviola\"\/>\n\t<link rel=\"canonical\" href=\"https:\/\/anoticiaonline.com.br\/site\/sicoob-credisudeste-se-prepara-para-a-2a-edicao-da-feagro\/\" \/>\n\t<meta name=\"generator\" content=\"All in One SEO (AIOSEO) 5.0.0.1\" \/>\n\t\t<meta property=\"og:locale\" content=\"pt_BR\" \/>\n\t\t<meta property=\"og:site_name\" content=\"A Not\u00edcia Online - Noticias de Muria\u00e9 e regi\u00e3o\" \/>\n\t\t<meta property=\"og:type\" content=\"article\" \/>\n\t\t<meta property=\"og:title\" content=\"Sicoob Credisudeste se prepara para a 2\u00aa edi\u00e7\u00e3o da FEAGRO - A Not\u00edcia Online\" \/>\n\t\t<meta property=\"og:description\" content=\"Realizada com grande sucesso pela primeira vez em mar\u00e7o de 2018, a FEAGRO \u2013 Feira Agropecu\u00e1ria ter\u00e1 uma nova e ampliada edi\u00e7\u00e3o neste ano de 2019. Promovida pelo Sicoob Credisudeste, a Feira \u00e9 uma excelente oportunidade para bons neg\u00f3cios, pois s\u00e3o oferecidas condi\u00e7\u00f5es especiais, com juros reduzidos. Neste ano, a FEAGRO acontecer\u00e1 nos dias 4\" \/>\n\t\t<meta property=\"og:url\" content=\"https:\/\/anoticiaonline.com.br\/site\/sicoob-credisudeste-se-prepara-para-a-2a-edicao-da-feagro\/\" \/>\n\t\t<meta property=\"og:image\" content=\"https:\/\/scontent-gig4-1.xx.fbcdn.net\/v\/t39.30808-1\/270437624_4564083193639691_6907940295614233970_n.jpg?stp=dst-jpg_s200x200_tt6&#038;_nc_cat=111&#038;ccb=1-7&#038;_nc_sid=f907e8&#038;_nc_ohc=SM1wRlP3lJwQ7kNvwEPuBYA&#038;_nc_oc=AdnqrjDN_BNjSSHWO-GbkIWH6fkGMLw4bqvL_NH6e2wMveX7G-rP2dAqsDSq1mJMOaY&#038;_nc_zt=24&#038;_nc_ht=scontent-gig4-1.xx&#038;_nc_gid=AoBFJeGrT1hVaew_6rchkQ&#038;oh=00_AfX7QmFGhQhG2jAllVgXCiM1ZrWgvtp80-Bfppyexh1QEg&#038;oe=689E923C\" \/>\n\t\t<meta property=\"og:image:secure_url\" content=\"https:\/\/scontent-gig4-1.xx.fbcdn.net\/v\/t39.30808-1\/270437624_4564083193639691_6907940295614233970_n.jpg?stp=dst-jpg_s200x200_tt6&#038;_nc_cat=111&#038;ccb=1-7&#038;_nc_sid=f907e8&#038;_nc_ohc=SM1wRlP3lJwQ7kNvwEPuBYA&#038;_nc_oc=AdnqrjDN_BNjSSHWO-GbkIWH6fkGMLw4bqvL_NH6e2wMveX7G-rP2dAqsDSq1mJMOaY&#038;_nc_zt=24&#038;_nc_ht=scontent-gig4-1.xx&#038;_nc_gid=AoBFJeGrT1hVaew_6rchkQ&#038;oh=00_AfX7QmFGhQhG2jAllVgXCiM1ZrWgvtp80-Bfppyexh1QEg&#038;oe=689E923C\" \/>\n\t\t<meta property=\"article:published_time\" content=\"2019-02-02T11:00:51+00:00\" \/>\n\t\t<meta property=\"article:modified_time\" content=\"2019-02-04T11:50:13+00:00\" \/>\n\t\t<meta name=\"twitter:card\" content=\"summary_large_image\" \/>\n\t\t<meta name=\"twitter:title\" content=\"Sicoob Credisudeste se prepara para a 2\u00aa edi\u00e7\u00e3o da FEAGRO - A Not\u00edcia Online\" \/>\n\t\t<meta name=\"twitter:description\" content=\"Realizada com grande sucesso pela primeira vez em mar\u00e7o de 2018, a FEAGRO \u2013 Feira Agropecu\u00e1ria ter\u00e1 uma nova e ampliada edi\u00e7\u00e3o neste ano de 2019. Promovida pelo Sicoob Credisudeste, a Feira \u00e9 uma excelente oportunidade para bons neg\u00f3cios, pois s\u00e3o oferecidas condi\u00e7\u00f5es especiais, com juros reduzidos. Neste ano, a FEAGRO acontecer\u00e1 nos dias 4\" \/>\n\t\t<meta name=\"twitter:image\" content=\"https:\/\/scontent-gig4-1.xx.fbcdn.net\/v\/t39.30808-1\/270437624_4564083193639691_6907940295614233970_n.jpg?stp=dst-jpg_s200x200_tt6&amp;_nc_cat=111&amp;ccb=1-7&amp;_nc_sid=f907e8&amp;_nc_ohc=SM1wRlP3lJwQ7kNvwEPuBYA&amp;_nc_oc=AdnqrjDN_BNjSSHWO-GbkIWH6fkGMLw4bqvL_NH6e2wMveX7G-rP2dAqsDSq1mJMOaY&amp;_nc_zt=24&amp;_nc_ht=scontent-gig4-1.xx&amp;_nc_gid=AoBFJeGrT1hVaew_6rchkQ&amp;oh=00_AfX7QmFGhQhG2jAllVgXCiM1ZrWgvtp80-Bfppyexh1QEg&amp;oe=689E923C\" \/>\n\t\t<script type=\"application\/ld+json\" class=\"aioseo-schema\">\n\t\t\t{\"@context\":\"https:\\\/\\\/schema.org\",\"@graph\":[{\"@type\":\"BlogPosting\",\"@id\":\"https:\\\/\\\/anoticiaonline.com.br\\\/site\\\/sicoob-credisudeste-se-prepara-para-a-2a-edicao-da-feagro\\\/#blogposting\",\"name\":\"Sicoob Credisudeste se prepara para a 2\\u00aa edi\\u00e7\\u00e3o da FEAGRO - A Not\\u00edcia Online\",\"headline\":\"Sicoob Credisudeste se prepara para a 2\\u00aa edi\\u00e7\\u00e3o da FEAGRO\",\"author\":{\"@id\":\"https:\\\/\\\/anoticiaonline.com.br\\\/site\\\/author\\\/juliana\\\/#author\"},\"publisher\":{\"@id\":\"https:\\\/\\\/anoticiaonline.com.br\\\/site\\\/#organization\"},\"image\":{\"@type\":\"ImageObject\",\"url\":\"https:\\\/\\\/anoticiaonline.com.br\\\/site\\\/wp-content\\\/uploads\\\/2019\\\/02\\\/LEGENDA-Primeira-edi\\u00e7\\u00e3o-do-evento-em-2018-fez-sucesso.jpg\",\"@id\":\"https:\\\/\\\/anoticiaonline.com.br\\\/site\\\/sicoob-credisudeste-se-prepara-para-a-2a-edicao-da-feagro\\\/#articleImage\",\"width\":640,\"height\":427,\"caption\":\"Primeira edi\\u00e7\\u00e3o do evento, em 2018, fez sucesso\"},\"datePublished\":\"2019-02-02T08:00:51-03:00\",\"dateModified\":\"2019-02-04T08:50:13-03:00\",\"inLanguage\":\"pt-BR\",\"mainEntityOfPage\":{\"@id\":\"https:\\\/\\\/anoticiaonline.com.br\\\/site\\\/sicoob-credisudeste-se-prepara-para-a-2a-edicao-da-feagro\\\/#webpage\"},\"isPartOf\":{\"@id\":\"https:\\\/\\\/anoticiaonline.com.br\\\/site\\\/sicoob-credisudeste-se-prepara-para-a-2a-edicao-da-feagro\\\/#webpage\"},\"articleSection\":\"Blog, Eventos, credisudeste, feagro, sicoob\"},{\"@type\":\"BreadcrumbList\",\"@id\":\"https:\\\/\\\/anoticiaonline.com.br\\\/site\\\/sicoob-credisudeste-se-prepara-para-a-2a-edicao-da-feagro\\\/#breadcrumblist\",\"itemListElement\":[{\"@type\":\"ListItem\",\"@id\":\"https:\\\/\\\/anoticiaonline.com.br\\\/site#listItem\",\"position\":1,\"name\":\"Home\",\"item\":\"https:\\\/\\\/anoticiaonline.com.br\\\/site\",\"nextItem\":{\"@type\":\"ListItem\",\"@id\":\"https:\\\/\\\/anoticiaonline.com.br\\\/site\\\/categoria\\\/eventos\\\/#listItem\",\"name\":\"Eventos\"}},{\"@type\":\"ListItem\",\"@id\":\"https:\\\/\\\/anoticiaonline.com.br\\\/site\\\/categoria\\\/eventos\\\/#listItem\",\"position\":2,\"name\":\"Eventos\",\"item\":\"https:\\\/\\\/anoticiaonline.com.br\\\/site\\\/categoria\\\/eventos\\\/\",\"nextItem\":{\"@type\":\"ListItem\",\"@id\":\"https:\\\/\\\/anoticiaonline.com.br\\\/site\\\/sicoob-credisudeste-se-prepara-para-a-2a-edicao-da-feagro\\\/#listItem\",\"name\":\"Sicoob Credisudeste se prepara para a 2\\u00aa edi\\u00e7\\u00e3o da FEAGRO\"},\"previousItem\":{\"@type\":\"ListItem\",\"@id\":\"https:\\\/\\\/anoticiaonline.com.br\\\/site#listItem\",\"name\":\"Home\"}},{\"@type\":\"ListItem\",\"@id\":\"https:\\\/\\\/anoticiaonline.com.br\\\/site\\\/sicoob-credisudeste-se-prepara-para-a-2a-edicao-da-feagro\\\/#listItem\",\"position\":3,\"name\":\"Sicoob Credisudeste se prepara para a 2\\u00aa edi\\u00e7\\u00e3o da FEAGRO\",\"previousItem\":{\"@type\":\"ListItem\",\"@id\":\"https:\\\/\\\/anoticiaonline.com.br\\\/site\\\/categoria\\\/eventos\\\/#listItem\",\"name\":\"Eventos\"}}]},{\"@type\":\"Organization\",\"@id\":\"https:\\\/\\\/anoticiaonline.com.br\\\/site\\\/#organization\",\"name\":\"A Not\\u00edcia Online\",\"description\":\"Noticias de Muria\\u00e9 e regi\\u00e3o\",\"url\":\"https:\\\/\\\/anoticiaonline.com.br\\\/site\\\/\",\"logo\":{\"@type\":\"ImageObject\",\"url\":\"https:\\\/\\\/scontent-gig4-1.xx.fbcdn.net\\\/v\\\/t39.30808-1\\\/270437624_4564083193639691_6907940295614233970_n.jpg?stp=dst-jpg_s200x200_tt6&_nc_cat=111&ccb=1-7&_nc_sid=f907e8&_nc_ohc=SM1wRlP3lJwQ7kNvwEPuBYA&_nc_oc=AdnqrjDN_BNjSSHWO-GbkIWH6fkGMLw4bqvL_NH6e2wMveX7G-rP2dAqsDSq1mJMOaY&_nc_zt=24&_nc_ht=scontent-gig4-1.xx&_nc_gid=AoBFJeGrT1hVaew_6rchkQ&oh=00_AfX7QmFGhQhG2jAllVgXCiM1ZrWgvtp80-Bfppyexh1QEg&oe=689E923C\",\"@id\":\"https:\\\/\\\/anoticiaonline.com.br\\\/site\\\/sicoob-credisudeste-se-prepara-para-a-2a-edicao-da-feagro\\\/#organizationLogo\"},\"image\":{\"@id\":\"https:\\\/\\\/anoticiaonline.com.br\\\/site\\\/sicoob-credisudeste-se-prepara-para-a-2a-edicao-da-feagro\\\/#organizationLogo\"}},{\"@type\":\"Person\",\"@id\":\"https:\\\/\\\/anoticiaonline.com.br\\\/site\\\/author\\\/juliana\\\/#author\",\"url\":\"https:\\\/\\\/anoticiaonline.com.br\\\/site\\\/author\\\/juliana\\\/\",\"name\":\"Juliana Laviola\",\"image\":{\"@type\":\"ImageObject\",\"@id\":\"https:\\\/\\\/anoticiaonline.com.br\\\/site\\\/sicoob-credisudeste-se-prepara-para-a-2a-edicao-da-feagro\\\/#authorImage\",\"url\":\"https:\\\/\\\/secure.gravatar.com\\\/avatar\\\/b8d45f5c699b100dfaf0e543582f38f38bf94cb7ae3a5e9abf8d891a34773335?s=96&d=mm&r=g\",\"width\":96,\"height\":96,\"caption\":\"Juliana Laviola\"}},{\"@type\":\"WebPage\",\"@id\":\"https:\\\/\\\/anoticiaonline.com.br\\\/site\\\/sicoob-credisudeste-se-prepara-para-a-2a-edicao-da-feagro\\\/#webpage\",\"url\":\"https:\\\/\\\/anoticiaonline.com.br\\\/site\\\/sicoob-credisudeste-se-prepara-para-a-2a-edicao-da-feagro\\\/\",\"name\":\"Sicoob Credisudeste se prepara para a 2\\u00aa edi\\u00e7\\u00e3o da FEAGRO - A Not\\u00edcia Online\",\"description\":\"Realizada com grande sucesso pela primeira vez em mar\\u00e7o de 2018, a FEAGRO \\u2013 Feira Agropecu\\u00e1ria ter\\u00e1 uma nova e ampliada edi\\u00e7\\u00e3o neste ano de 2019. Promovida pelo Sicoob Credisudeste, a Feira \\u00e9 uma excelente oportunidade para bons neg\\u00f3cios, pois s\\u00e3o oferecidas condi\\u00e7\\u00f5es especiais, com juros reduzidos. Neste ano, a FEAGRO acontecer\\u00e1 nos dias 4\",\"inLanguage\":\"pt-BR\",\"isPartOf\":{\"@id\":\"https:\\\/\\\/anoticiaonline.com.br\\\/site\\\/#website\"},\"breadcrumb\":{\"@id\":\"https:\\\/\\\/anoticiaonline.com.br\\\/site\\\/sicoob-credisudeste-se-prepara-para-a-2a-edicao-da-feagro\\\/#breadcrumblist\"},\"author\":{\"@id\":\"https:\\\/\\\/anoticiaonline.com.br\\\/site\\\/author\\\/juliana\\\/#author\"},\"creator\":{\"@id\":\"https:\\\/\\\/anoticiaonline.com.br\\\/site\\\/author\\\/juliana\\\/#author\"},\"datePublished\":\"2019-02-02T08:00:51-03:00\",\"dateModified\":\"2019-02-04T08:50:13-03:00\"},{\"@type\":\"WebSite\",\"@id\":\"https:\\\/\\\/anoticiaonline.com.br\\\/site\\\/#website\",\"url\":\"https:\\\/\\\/anoticiaonline.com.br\\\/site\\\/\",\"name\":\"A Not\\u00edcia Online\",\"description\":\"Noticias de Muria\\u00e9 e regi\\u00e3o\",\"inLanguage\":\"pt-BR\",\"publisher\":{\"@id\":\"https:\\\/\\\/anoticiaonline.com.br\\\/site\\\/#organization\"}}]}\n\t\t<\/script>\n\t\t<!-- All in One SEO -->\n\n","aioseo_head_json":{"title":"Sicoob Credisudeste se prepara para a 2\u00aa edi\u00e7\u00e3o da FEAGRO - A Not\u00edcia Online","description":"Realizada com grande sucesso pela primeira vez em mar\u00e7o de 2018, a FEAGRO \u2013 Feira Agropecu\u00e1ria ter\u00e1 uma nova e ampliada edi\u00e7\u00e3o neste ano de 2019. Promovida pelo Sicoob Credisudeste, a Feira \u00e9 uma excelente oportunidade para bons neg\u00f3cios, pois s\u00e3o oferecidas condi\u00e7\u00f5es especiais, com juros reduzidos. Neste ano, a FEAGRO acontecer\u00e1 nos dias 4","canonical_url":"https:\/\/anoticiaonline.com.br\/site\/sicoob-credisudeste-se-prepara-para-a-2a-edicao-da-feagro\/","robots":"max-image-preview:large","keywords":"","webmasterTools":{"miscellaneous":""},"schema":{"@context":"https:\/\/schema.org","@graph":[{"@type":"BlogPosting","@id":"https:\/\/anoticiaonline.com.br\/site\/sicoob-credisudeste-se-prepara-para-a-2a-edicao-da-feagro\/#blogposting","name":"Sicoob Credisudeste se prepara para a 2\u00aa edi\u00e7\u00e3o da FEAGRO - A Not\u00edcia Online","headline":"Sicoob Credisudeste se prepara para a 2\u00aa edi\u00e7\u00e3o da FEAGRO","author":{"@id":"https:\/\/anoticiaonline.com.br\/site\/author\/juliana\/#author"},"publisher":{"@id":"https:\/\/anoticiaonline.com.br\/site\/#organization"},"image":{"@type":"ImageObject","url":"https:\/\/anoticiaonline.com.br\/site\/wp-content\/uploads\/2019\/02\/LEGENDA-Primeira-edi\u00e7\u00e3o-do-evento-em-2018-fez-sucesso.jpg","@id":"https:\/\/anoticiaonline.com.br\/site\/sicoob-credisudeste-se-prepara-para-a-2a-edicao-da-feagro\/#articleImage","width":640,"height":427,"caption":"Primeira edi\u00e7\u00e3o do evento, em 2018, fez sucesso"},"datePublished":"2019-02-02T08:00:51-03:00","dateModified":"2019-02-04T08:50:13-03:00","inLanguage":"pt-BR","mainEntityOfPage":{"@id":"https:\/\/anoticiaonline.com.br\/site\/sicoob-credisudeste-se-prepara-para-a-2a-edicao-da-feagro\/#webpage"},"isPartOf":{"@id":"https:\/\/anoticiaonline.com.br\/site\/sicoob-credisudeste-se-prepara-para-a-2a-edicao-da-feagro\/#webpage"},"articleSection":"Blog, Eventos, credisudeste, feagro, sicoob"},{"@type":"BreadcrumbList","@id":"https:\/\/anoticiaonline.com.br\/site\/sicoob-credisudeste-se-prepara-para-a-2a-edicao-da-feagro\/#breadcrumblist","itemListElement":[{"@type":"ListItem","@id":"https:\/\/anoticiaonline.com.br\/site#listItem","position":1,"name":"Home","item":"https:\/\/anoticiaonline.com.br\/site","nextItem":{"@type":"ListItem","@id":"https:\/\/anoticiaonline.com.br\/site\/categoria\/eventos\/#listItem","name":"Eventos"}},{"@type":"ListItem","@id":"https:\/\/anoticiaonline.com.br\/site\/categoria\/eventos\/#listItem","position":2,"name":"Eventos","item":"https:\/\/anoticiaonline.com.br\/site\/categoria\/eventos\/","nextItem":{"@type":"ListItem","@id":"https:\/\/anoticiaonline.com.br\/site\/sicoob-credisudeste-se-prepara-para-a-2a-edicao-da-feagro\/#listItem","name":"Sicoob Credisudeste se prepara para a 2\u00aa edi\u00e7\u00e3o da FEAGRO"},"previousItem":{"@type":"ListItem","@id":"https:\/\/anoticiaonline.com.br\/site#listItem","name":"Home"}},{"@type":"ListItem","@id":"https:\/\/anoticiaonline.com.br\/site\/sicoob-credisudeste-se-prepara-para-a-2a-edicao-da-feagro\/#listItem","position":3,"name":"Sicoob Credisudeste se prepara para a 2\u00aa edi\u00e7\u00e3o da FEAGRO","previousItem":{"@type":"ListItem","@id":"https:\/\/anoticiaonline.com.br\/site\/categoria\/eventos\/#listItem","name":"Eventos"}}]},{"@type":"Organization","@id":"https:\/\/anoticiaonline.com.br\/site\/#organization","name":"A Not\u00edcia Online","description":"Noticias de Muria\u00e9 e regi\u00e3o","url":"https:\/\/anoticiaonline.com.br\/site\/","logo":{"@type":"ImageObject","url":"https:\/\/scontent-gig4-1.xx.fbcdn.net\/v\/t39.30808-1\/270437624_4564083193639691_6907940295614233970_n.jpg?stp=dst-jpg_s200x200_tt6&_nc_cat=111&ccb=1-7&_nc_sid=f907e8&_nc_ohc=SM1wRlP3lJwQ7kNvwEPuBYA&_nc_oc=AdnqrjDN_BNjSSHWO-GbkIWH6fkGMLw4bqvL_NH6e2wMveX7G-rP2dAqsDSq1mJMOaY&_nc_zt=24&_nc_ht=scontent-gig4-1.xx&_nc_gid=AoBFJeGrT1hVaew_6rchkQ&oh=00_AfX7QmFGhQhG2jAllVgXCiM1ZrWgvtp80-Bfppyexh1QEg&oe=689E923C","@id":"https:\/\/anoticiaonline.com.br\/site\/sicoob-credisudeste-se-prepara-para-a-2a-edicao-da-feagro\/#organizationLogo"},"image":{"@id":"https:\/\/anoticiaonline.com.br\/site\/sicoob-credisudeste-se-prepara-para-a-2a-edicao-da-feagro\/#organizationLogo"}},{"@type":"Person","@id":"https:\/\/anoticiaonline.com.br\/site\/author\/juliana\/#author","url":"https:\/\/anoticiaonline.com.br\/site\/author\/juliana\/","name":"Juliana Laviola","image":{"@type":"ImageObject","@id":"https:\/\/anoticiaonline.com.br\/site\/sicoob-credisudeste-se-prepara-para-a-2a-edicao-da-feagro\/#authorImage","url":"https:\/\/secure.gravatar.com\/avatar\/b8d45f5c699b100dfaf0e543582f38f38bf94cb7ae3a5e9abf8d891a34773335?s=96&d=mm&r=g","width":96,"height":96,"caption":"Juliana Laviola"}},{"@type":"WebPage","@id":"https:\/\/anoticiaonline.com.br\/site\/sicoob-credisudeste-se-prepara-para-a-2a-edicao-da-feagro\/#webpage","url":"https:\/\/anoticiaonline.com.br\/site\/sicoob-credisudeste-se-prepara-para-a-2a-edicao-da-feagro\/","name":"Sicoob Credisudeste se prepara para a 2\u00aa edi\u00e7\u00e3o da FEAGRO - A Not\u00edcia Online","description":"Realizada com grande sucesso pela primeira vez em mar\u00e7o de 2018, a FEAGRO \u2013 Feira Agropecu\u00e1ria ter\u00e1 uma nova e ampliada edi\u00e7\u00e3o neste ano de 2019. Promovida pelo Sicoob Credisudeste, a Feira \u00e9 uma excelente oportunidade para bons neg\u00f3cios, pois s\u00e3o oferecidas condi\u00e7\u00f5es especiais, com juros reduzidos. Neste ano, a FEAGRO acontecer\u00e1 nos dias 4","inLanguage":"pt-BR","isPartOf":{"@id":"https:\/\/anoticiaonline.com.br\/site\/#website"},"breadcrumb":{"@id":"https:\/\/anoticiaonline.com.br\/site\/sicoob-credisudeste-se-prepara-para-a-2a-edicao-da-feagro\/#breadcrumblist"},"author":{"@id":"https:\/\/anoticiaonline.com.br\/site\/author\/juliana\/#author"},"creator":{"@id":"https:\/\/anoticiaonline.com.br\/site\/author\/juliana\/#author"},"datePublished":"2019-02-02T08:00:51-03:00","dateModified":"2019-02-04T08:50:13-03:00"},{"@type":"WebSite","@id":"https:\/\/anoticiaonline.com.br\/site\/#website","url":"https:\/\/anoticiaonline.com.br\/site\/","name":"A Not\u00edcia Online","description":"Noticias de Muria\u00e9 e regi\u00e3o","inLanguage":"pt-BR","publisher":{"@id":"https:\/\/anoticiaonline.com.br\/site\/#organization"}}]},"og:locale":"pt_BR","og:site_name":"A Not\u00edcia Online - Noticias de Muria\u00e9 e regi\u00e3o","og:type":"article","og:title":"Sicoob Credisudeste se prepara para a 2\u00aa edi\u00e7\u00e3o da FEAGRO - A Not\u00edcia Online","og:description":"Realizada com grande sucesso pela primeira vez em mar\u00e7o de 2018, a FEAGRO \u2013 Feira Agropecu\u00e1ria ter\u00e1 uma nova e ampliada edi\u00e7\u00e3o neste ano de 2019. Promovida pelo Sicoob Credisudeste, a Feira \u00e9 uma excelente oportunidade para bons neg\u00f3cios, pois s\u00e3o oferecidas condi\u00e7\u00f5es especiais, com juros reduzidos. Neste ano, a FEAGRO acontecer\u00e1 nos dias 4","og:url":"https:\/\/anoticiaonline.com.br\/site\/sicoob-credisudeste-se-prepara-para-a-2a-edicao-da-feagro\/","og:image":"https:\/\/scontent-gig4-1.xx.fbcdn.net\/v\/t39.30808-1\/270437624_4564083193639691_6907940295614233970_n.jpg?stp=dst-jpg_s200x200_tt6&#038;_nc_cat=111&#038;ccb=1-7&#038;_nc_sid=f907e8&#038;_nc_ohc=SM1wRlP3lJwQ7kNvwEPuBYA&#038;_nc_oc=AdnqrjDN_BNjSSHWO-GbkIWH6fkGMLw4bqvL_NH6e2wMveX7G-rP2dAqsDSq1mJMOaY&#038;_nc_zt=24&#038;_nc_ht=scontent-gig4-1.xx&#038;_nc_gid=AoBFJeGrT1hVaew_6rchkQ&#038;oh=00_AfX7QmFGhQhG2jAllVgXCiM1ZrWgvtp80-Bfppyexh1QEg&#038;oe=689E923C","og:image:secure_url":"https:\/\/scontent-gig4-1.xx.fbcdn.net\/v\/t39.30808-1\/270437624_4564083193639691_6907940295614233970_n.jpg?stp=dst-jpg_s200x200_tt6&#038;_nc_cat=111&#038;ccb=1-7&#038;_nc_sid=f907e8&#038;_nc_ohc=SM1wRlP3lJwQ7kNvwEPuBYA&#038;_nc_oc=AdnqrjDN_BNjSSHWO-GbkIWH6fkGMLw4bqvL_NH6e2wMveX7G-rP2dAqsDSq1mJMOaY&#038;_nc_zt=24&#038;_nc_ht=scontent-gig4-1.xx&#038;_nc_gid=AoBFJeGrT1hVaew_6rchkQ&#038;oh=00_AfX7QmFGhQhG2jAllVgXCiM1ZrWgvtp80-Bfppyexh1QEg&#038;oe=689E923C","article:published_time":"2019-02-02T11:00:51+00:00","article:modified_time":"2019-02-04T11:50:13+00:00","twitter:card":"summary_large_image","twitter:title":"Sicoob Credisudeste se prepara para a 2\u00aa edi\u00e7\u00e3o da FEAGRO - A Not\u00edcia Online","twitter:description":"Realizada com grande sucesso pela primeira vez em mar\u00e7o de 2018, a FEAGRO \u2013 Feira Agropecu\u00e1ria ter\u00e1 uma nova e ampliada edi\u00e7\u00e3o neste ano de 2019. Promovida pelo Sicoob Credisudeste, a Feira \u00e9 uma excelente oportunidade para bons neg\u00f3cios, pois s\u00e3o oferecidas condi\u00e7\u00f5es especiais, com juros reduzidos. Neste ano, a FEAGRO acontecer\u00e1 nos dias 4","twitter:image":"https:\/\/scontent-gig4-1.xx.fbcdn.net\/v\/t39.30808-1\/270437624_4564083193639691_6907940295614233970_n.jpg?stp=dst-jpg_s200x200_tt6&_nc_cat=111&ccb=1-7&_nc_sid=f907e8&_nc_ohc=SM1wRlP3lJwQ7kNvwEPuBYA&_nc_oc=AdnqrjDN_BNjSSHWO-GbkIWH6fkGMLw4bqvL_NH6e2wMveX7G-rP2dAqsDSq1mJMOaY&_nc_zt=24&_nc_ht=scontent-gig4-1.xx&_nc_gid=AoBFJeGrT1hVaew_6rchkQ&oh=00_AfX7QmFGhQhG2jAllVgXCiM1ZrWgvtp80-Bfppyexh1QEg&oe=689E923C"},"aioseo_meta_data":{"post_id":"66955","title":null,"description":null,"keywords":null,"keyphrases":null,"primary_term":null,"canonical_url":null,"og_title":null,"og_description":null,"og_object_type":"default","og_image_type":"default","og_image_url":null,"og_image_width":null,"og_image_height":null,"og_image_custom_url":null,"og_image_custom_fields":null,"og_video":null,"og_custom_url":null,"og_article_section":null,"og_article_tags":null,"twitter_use_og":false,"twitter_card":"default","twitter_image_type":"default","twitter_image_url":null,"twitter_image_custom_url":null,"twitter_image_custom_fields":null,"twitter_title":null,"twitter_description":null,"schema":{"blockGraphs":[],"customGraphs":[],"default":{"data":{"Article":[],"Course":[],"Dataset":[],"FAQPage":[],"Movie":[],"Person":[],"Product":[],"ProductReview":[],"Car":[],"Recipe":[],"Service":[],"SoftwareApplication":[],"WebPage":[]},"graphName":"","isEnabled":true},"graphs":[]},"schema_type":"default","schema_type_options":null,"pillar_content":false,"robots_default":true,"robots_noindex":false,"robots_noarchive":false,"robots_nosnippet":false,"robots_nofollow":false,"robots_noimageindex":false,"robots_noodp":false,"robots_notranslate":false,"robots_max_snippet":null,"robots_max_videopreview":null,"robots_max_imagepreview":"large","priority":null,"frequency":null,"local_seo":null,"breadcrumb_settings":null,"limit_modified_date":false,"ai":null,"created":"2025-08-16 22:42:18","updated":"2025-08-16 22:42:18","focus_keyword":null,"additional_keywords":null,"truseo_locale":null,"seo_analyzer_scan_date":null},"aioseo_breadcrumb":"<div class=\"aioseo-breadcrumbs\"><span class=\"aioseo-breadcrumb\">\n\t\t\t<a href=\"https:\/\/anoticiaonline.com.br\/site\" title=\"Home\">Home<\/a>\n\t\t<\/span><span class=\"aioseo-breadcrumb-separator\">&raquo;<\/span><span class=\"aioseo-breadcrumb\">\n\t\t\t<a href=\"https:\/\/anoticiaonline.com.br\/site\/categoria\/eventos\/\" title=\"Eventos\">Eventos<\/a>\n\t\t<\/span><span class=\"aioseo-breadcrumb-separator\">&raquo;<\/span><span class=\"aioseo-breadcrumb\">\n\t\t\tSicoob Credisudeste se prepara para a 2\u00aa edi\u00e7\u00e3o da FEAGRO\n\t\t<\/span><\/div>","aioseo_breadcrumb_json":[{"label":"Home","link":"https:\/\/anoticiaonline.com.br\/site"},{"label":"Eventos","link":"https:\/\/anoticiaonline.com.br\/site\/categoria\/eventos\/"},{"label":"Sicoob Credisudeste se prepara para a 2\u00aa edi\u00e7\u00e3o da FEAGRO","link":"https:\/\/anoticiaonline.com.br\/site\/sicoob-credisudeste-se-prepara-para-a-2a-edicao-da-feagro\/"}],"views":153,"_links":{"self":[{"href":"https:\/\/anoticiaonline.com.br\/site\/wp-json\/wp\/v2\/posts\/66955","targetHints":{"allow":["GET"]}}],"collection":[{"href":"https:\/\/anoticiaonline.com.br\/site\/wp-json\/wp\/v2\/posts"}],"about":[{"href":"https:\/\/anoticiaonline.com.br\/site\/wp-json\/wp\/v2\/types\/post"}],"author":[{"embeddable":true,"href":"https:\/\/anoticiaonline.com.br\/site\/wp-json\/wp\/v2\/users\/2"}],"replies":[{"embeddable":true,"href":"https:\/\/anoticiaonline.com.br\/site\/wp-json\/wp\/v2\/comments?post=66955"}],"version-history":[{"count":0,"href":"https:\/\/anoticiaonline.com.br\/site\/wp-json\/wp\/v2\/posts\/66955\/revisions"}],"wp:attachment":[{"href":"https:\/\/anoticiaonline.com.br\/site\/wp-json\/wp\/v2\/media?parent=66955"}],"wp:term":[{"taxonomy":"category","embeddable":true,"href":"https:\/\/anoticiaonline.com.br\/site\/wp-json\/wp\/v2\/categories?post=66955"},{"taxonomy":"post_tag","embeddable":true,"href":"https:\/\/anoticiaonline.com.br\/site\/wp-json\/wp\/v2\/tags?post=66955"}],"curies":[{"name":"wp","href":"https:\/\/api.w.org\/{rel}","templated":true}]}}