{"id":66946,"date":"2019-02-01T10:46:06","date_gmt":"2019-02-01T13:46:06","guid":{"rendered":"http:\/\/anoticiaonline.com.br\/site\/?p=66946"},"modified":"2019-02-04T14:09:35","modified_gmt":"2019-02-04T17:09:35","slug":"sociarte-01-02-2019","status":"publish","type":"post","link":"https:\/\/anoticiaonline.com.br\/site\/sociarte-01-02-2019\/","title":{"rendered":"Sociarte 01\/02\/2019"},"content":{"rendered":"<p><strong>Uni\u00e3o de Thiago e Caroline<\/strong><\/p>\n<p><a href=\"https:\/\/anoticiaonline.com.br\/site\/wp-content\/uploads\/2019\/02\/d2cf15f1-c2a7-481e-996d-626c112efefd.jpg\"><img fetchpriority=\"high\" decoding=\"async\" class=\"aligncenter size-full wp-image-66948\" src=\"https:\/\/anoticiaonline.com.br\/site\/wp-content\/uploads\/2019\/02\/d2cf15f1-c2a7-481e-996d-626c112efefd.jpg\" alt=\"\" width=\"1000\" height=\"667\" srcset=\"https:\/\/anoticiaonline.com.br\/site\/wp-content\/uploads\/2019\/02\/d2cf15f1-c2a7-481e-996d-626c112efefd.jpg 1000w, https:\/\/anoticiaonline.com.br\/site\/wp-content\/uploads\/2019\/02\/d2cf15f1-c2a7-481e-996d-626c112efefd-300x200.jpg 300w, https:\/\/anoticiaonline.com.br\/site\/wp-content\/uploads\/2019\/02\/d2cf15f1-c2a7-481e-996d-626c112efefd-768x512.jpg 768w\" sizes=\"(max-width: 1000px) 100vw, 1000px\" \/><\/a><\/p>\n<p>O bonito casal Thiago Vital de Sousa Guedes e Caroline Franklin Gon\u00e7alves Guedes se uniu em matrim\u00f4nio em uma bel\u00edssima cerim\u00f4nia ocorrida no s\u00e1bado (19), na Fazenda Divis\u00f3rio. Ela \u00e9 filha do casal Cl\u00e1udia Franklin Gon\u00e7alves e Emanuel de Assis Gon\u00e7alves, e ele \u00e9 filho de Onofre de Sousa Guedes e Cor Maria Vital de Sousa Guedes. Os noivos aproveitaram o brilho da comemora\u00e7\u00e3o para descobrirem e revelar aos convidados o sexo do beb\u00ea que esperam: e veio a not\u00edcia que Maria chegar\u00e1 em breve para alegrar a vida de todos os familiares. Para o grande dia foi escolhida a decora\u00e7\u00e3o de W\u00e2nia Muhad, o buffet do Deck Salada Grill, o cerimonial de Luana Cruz, as fotos de Jr. Oliveira Photography, a maquiagem e penteado da noiva de Vitor Osaka, e a anima\u00e7\u00e3o da festa ficou por conta da Banda ZEM, do Grupo de Pagode &#8220;Esse \u00e9 Meu Segredo&#8221; e o DJ Lucas Marge.<\/p>\n<p><strong>Casamento de Jos\u00e9lia e Nilton<\/strong><\/p>\n<p><a href=\"https:\/\/anoticiaonline.com.br\/site\/wp-content\/uploads\/2019\/02\/Casamento-de-Jos\u00e9lia-e-Nilton.jpg\"><img decoding=\"async\" class=\"aligncenter size-full wp-image-66947\" src=\"https:\/\/anoticiaonline.com.br\/site\/wp-content\/uploads\/2019\/02\/Casamento-de-Jos\u00e9lia-e-Nilton.jpg\" alt=\"\" width=\"1000\" height=\"666\" srcset=\"https:\/\/anoticiaonline.com.br\/site\/wp-content\/uploads\/2019\/02\/Casamento-de-Jos\u00e9lia-e-Nilton.jpg 1000w, https:\/\/anoticiaonline.com.br\/site\/wp-content\/uploads\/2019\/02\/Casamento-de-Jos\u00e9lia-e-Nilton-300x200.jpg 300w, https:\/\/anoticiaonline.com.br\/site\/wp-content\/uploads\/2019\/02\/Casamento-de-Jos\u00e9lia-e-Nilton-768x511.jpg 768w\" sizes=\"(max-width: 1000px) 100vw, 1000px\" \/><\/a><\/p>\n<p>O jovem casal Jos\u00e9lia e Nilton receberam amigos e familiares para juntos celebrarem a sua uni\u00e3o. O casamento aconteceu no s\u00e1bado (26), na Igreja Assembleia de Deus, no bairro Napole\u00e3o e a recep\u00e7\u00e3o aconteceu nos sal\u00f5es do Espa\u00e7o Nobre. A noiva \u00e9 filha de Jos\u00e9 Cl\u00f3vis Ambr\u00f3sio e Creusa Maria de Assis Ambr\u00f3sio, ele \u00e9 filho de Walter de Souza e Maria Aparecida R. de Souza (in memorian). A eles desejamos uma vida repleta de muito amor e paz.<\/p>\n<p><strong>Parab\u00e9ns Sr. Kal\u00e9<\/strong><\/p>\n<p><a href=\"https:\/\/anoticiaonline.com.br\/site\/wp-content\/uploads\/2019\/02\/Kal\u00e9.jpg\"><img decoding=\"async\" class=\"aligncenter size-full wp-image-66951\" src=\"https:\/\/anoticiaonline.com.br\/site\/wp-content\/uploads\/2019\/02\/Kal\u00e9.jpg\" alt=\"\" width=\"540\" height=\"540\" srcset=\"https:\/\/anoticiaonline.com.br\/site\/wp-content\/uploads\/2019\/02\/Kal\u00e9.jpg 540w, https:\/\/anoticiaonline.com.br\/site\/wp-content\/uploads\/2019\/02\/Kal\u00e9-150x150.jpg 150w, https:\/\/anoticiaonline.com.br\/site\/wp-content\/uploads\/2019\/02\/Kal\u00e9-300x300.jpg 300w\" sizes=\"(max-width: 540px) 100vw, 540px\" \/><\/a><\/p>\n<p>Da reda\u00e7\u00e3o os nossos mais sinceros parab\u00e9ns para uma figura emblem\u00e1tica da cidade vizinha de Laranjal: Sebasti\u00e3o Francisco da Silva, carinhosamente chamado de Sr. Kal\u00e9, que completou idade nova na sexta-feira (25). Figura simples e muita carism\u00e1tica ele sempre arranca sorrisos por onde passa. Ele \u00e9 casado com a querida Ana Morais da Silva, e pai dos simp\u00e1ticos K\u00e1tia, Kildare e Katyane. Parab\u00e9ns, Sr. Kal\u00e9! Que Deus conserve sempre a sua alegria e seu cora\u00e7\u00e3o generoso!<\/p>\n<p><strong>Formatura de Jo\u00e3o Victor<\/strong><\/p>\n<p><a href=\"https:\/\/anoticiaonline.com.br\/site\/wp-content\/uploads\/2019\/02\/Formatura-de-J\u00e3o-Victor-Lira.jpg\"><img loading=\"lazy\" decoding=\"async\" class=\"aligncenter size-full wp-image-66949\" src=\"https:\/\/anoticiaonline.com.br\/site\/wp-content\/uploads\/2019\/02\/Formatura-de-J\u00e3o-Victor-Lira.jpg\" alt=\"\" width=\"600\" height=\"800\" srcset=\"https:\/\/anoticiaonline.com.br\/site\/wp-content\/uploads\/2019\/02\/Formatura-de-J\u00e3o-Victor-Lira.jpg 600w, https:\/\/anoticiaonline.com.br\/site\/wp-content\/uploads\/2019\/02\/Formatura-de-J\u00e3o-Victor-Lira-225x300.jpg 225w\" sizes=\"(max-width: 600px) 100vw, 600px\" \/><\/a><\/p>\n<p>A quinta-feira (17) foi de grande comemora\u00e7\u00e3o para os papais Jo\u00e3o Lira Neto (4 Esta\u00e7\u00f5es) e Edl\u00e9ia. Foi nesse dia, durante uma linda cerim\u00f4nia no Centro Universit\u00e1rio UNIFAMINAS, que o jovem Jo\u00e3o Victor Lira recebeu o canudo com o t\u00edtulo de Bacharel em Direito. Como n\u00e3o poderia deixar de ser, os pais ficaram muito emocionados e orgulhosos do filhote. Parab\u00e9ns, Jo\u00e3o Victor!<\/p>\n<p><strong>Formatura de K\u00edvia<\/strong><\/p>\n<p><a href=\"https:\/\/anoticiaonline.com.br\/site\/wp-content\/uploads\/2019\/02\/Formatura-de-K\u00edvia.jpg\"><img loading=\"lazy\" decoding=\"async\" class=\"aligncenter size-full wp-image-66950\" src=\"https:\/\/anoticiaonline.com.br\/site\/wp-content\/uploads\/2019\/02\/Formatura-de-K\u00edvia.jpg\" alt=\"\" width=\"600\" height=\"800\" srcset=\"https:\/\/anoticiaonline.com.br\/site\/wp-content\/uploads\/2019\/02\/Formatura-de-K\u00edvia.jpg 600w, https:\/\/anoticiaonline.com.br\/site\/wp-content\/uploads\/2019\/02\/Formatura-de-K\u00edvia-225x300.jpg 225w\" sizes=\"(max-width: 600px) 100vw, 600px\" \/><\/a><\/p>\n<p>A jovem K\u00edvia colou grau em Direito pelo Centro Universit\u00e1rio UNIFAMINAS, na quinta-feira (17). A linda formatura foi acompanhada pelos familiares de K\u00edvia, que muito festejaram essa conquista. Por l\u00e1 estiveram os pais Sgt Marcos e Macilene Souza, os irm\u00e3os Ellen Souza e Breno Souza, e ainda a sobrinha Giovana. Parab\u00e9ns, K\u00edvia! Que sua caminhada seja sempre repleta de muitas conquistas!<\/p>\n<p><strong>Parab\u00e9ns, B\u00e1rbara<\/strong><\/p>\n<p><a href=\"https:\/\/anoticiaonline.com.br\/site\/wp-content\/uploads\/2019\/02\/Parab\u00e9ns-B\u00e1rbara.jpg\"><img loading=\"lazy\" decoding=\"async\" class=\"aligncenter size-full wp-image-66952\" src=\"https:\/\/anoticiaonline.com.br\/site\/wp-content\/uploads\/2019\/02\/Parab\u00e9ns-B\u00e1rbara.jpg\" alt=\"\" width=\"800\" height=\"800\" srcset=\"https:\/\/anoticiaonline.com.br\/site\/wp-content\/uploads\/2019\/02\/Parab\u00e9ns-B\u00e1rbara.jpg 800w, https:\/\/anoticiaonline.com.br\/site\/wp-content\/uploads\/2019\/02\/Parab\u00e9ns-B\u00e1rbara-150x150.jpg 150w, https:\/\/anoticiaonline.com.br\/site\/wp-content\/uploads\/2019\/02\/Parab\u00e9ns-B\u00e1rbara-300x300.jpg 300w, https:\/\/anoticiaonline.com.br\/site\/wp-content\/uploads\/2019\/02\/Parab\u00e9ns-B\u00e1rbara-768x768.jpg 768w\" sizes=\"(max-width: 800px) 100vw, 800px\" \/><\/a><\/p>\n<p>Os papais Talita Rabelo e Raphael Agostini prepararam com todo amor e carinho uma linda festa para comemorar a chegada do 1\u00ba aninho da pequena B\u00e1rbara. A linda festa, com o tema Barbie, aconteceu na Four Disco no s\u00e1bado (26) reunindo amigos e familiares. Por l\u00e1 tamb\u00e9m estiveram os av\u00f3s Gra\u00e7a e Crist\u00f3v\u00e3o Rabelo, e Jos\u00e9 Carlos e L\u00facia Helena. Parab\u00e9ns B\u00e1rbara! Que Deus te d\u00ea muitos anos de vida, sa\u00fade e muitas vit\u00f3rias.<\/p>\n","protected":false},"excerpt":{"rendered":"<p>Uni\u00e3o de Thiago e Caroline O bonito casal Thiago Vital de Sousa Guedes e Caroline Franklin Gon\u00e7alves Guedes se uniu em matrim\u00f4nio em uma bel\u00edssima cerim\u00f4nia ocorrida no s\u00e1bado (19), na Fazenda Divis\u00f3rio. Ela \u00e9 filha do casal Cl\u00e1udia Franklin Gon\u00e7alves e Emanuel de Assis Gon\u00e7alves, e ele \u00e9 filho de Onofre de Sousa Guedes &#8230; <a title=\"Sociarte 01\/02\/2019\" class=\"read-more\" href=\"https:\/\/anoticiaonline.com.br\/site\/sociarte-01-02-2019\/\" aria-label=\"Read more about Sociarte 01\/02\/2019\">Ler mais<\/a><\/p>\n","protected":false},"author":2,"featured_media":66952,"comment_status":"open","ping_status":"open","sticky":false,"template":"","format":"standard","meta":{"_acf_changed":false,"_monsterinsights_skip_tracking":false,"footnotes":""},"categories":[31,38],"tags":[],"class_list":["post-66946","post","type-post","status-publish","format-standard","has-post-thumbnail","hentry","category-colunistas","category-sociarte"],"acf":[],"aioseo_notices":[],"aioseo_head":"\n\t\t<!-- All in One SEO 5.0.0.1 - aioseo.com -->\n\t<meta name=\"description\" content=\"Uni\u00e3o de Thiago e Caroline O bonito casal Thiago Vital de Sousa Guedes e Caroline Franklin Gon\u00e7alves Guedes se uniu em matrim\u00f4nio em uma bel\u00edssima cerim\u00f4nia ocorrida no s\u00e1bado (19), na Fazenda Divis\u00f3rio. Ela \u00e9 filha do casal Cl\u00e1udia Franklin Gon\u00e7alves e Emanuel de Assis Gon\u00e7alves, e ele \u00e9 filho de Onofre de Sousa Guedes\" \/>\n\t<meta name=\"robots\" content=\"max-image-preview:large\" \/>\n\t<meta name=\"author\" content=\"Juliana Laviola\"\/>\n\t<link rel=\"canonical\" href=\"https:\/\/anoticiaonline.com.br\/site\/sociarte-01-02-2019\/\" \/>\n\t<meta name=\"generator\" content=\"All in One SEO (AIOSEO) 5.0.0.1\" \/>\n\t\t<meta property=\"og:locale\" content=\"pt_BR\" \/>\n\t\t<meta property=\"og:site_name\" content=\"A Not\u00edcia Online - Noticias de Muria\u00e9 e regi\u00e3o\" \/>\n\t\t<meta property=\"og:type\" content=\"article\" \/>\n\t\t<meta property=\"og:title\" content=\"Sociarte 01\/02\/2019 - A Not\u00edcia Online\" \/>\n\t\t<meta property=\"og:description\" content=\"Uni\u00e3o de Thiago e Caroline O bonito casal Thiago Vital de Sousa Guedes e Caroline Franklin Gon\u00e7alves Guedes se uniu em matrim\u00f4nio em uma bel\u00edssima cerim\u00f4nia ocorrida no s\u00e1bado (19), na Fazenda Divis\u00f3rio. Ela \u00e9 filha do casal Cl\u00e1udia Franklin Gon\u00e7alves e Emanuel de Assis Gon\u00e7alves, e ele \u00e9 filho de Onofre de Sousa Guedes\" \/>\n\t\t<meta property=\"og:url\" content=\"https:\/\/anoticiaonline.com.br\/site\/sociarte-01-02-2019\/\" \/>\n\t\t<meta property=\"og:image\" content=\"https:\/\/scontent-gig4-1.xx.fbcdn.net\/v\/t39.30808-1\/270437624_4564083193639691_6907940295614233970_n.jpg?stp=dst-jpg_s200x200_tt6&#038;_nc_cat=111&#038;ccb=1-7&#038;_nc_sid=f907e8&#038;_nc_ohc=SM1wRlP3lJwQ7kNvwEPuBYA&#038;_nc_oc=AdnqrjDN_BNjSSHWO-GbkIWH6fkGMLw4bqvL_NH6e2wMveX7G-rP2dAqsDSq1mJMOaY&#038;_nc_zt=24&#038;_nc_ht=scontent-gig4-1.xx&#038;_nc_gid=AoBFJeGrT1hVaew_6rchkQ&#038;oh=00_AfX7QmFGhQhG2jAllVgXCiM1ZrWgvtp80-Bfppyexh1QEg&#038;oe=689E923C\" \/>\n\t\t<meta property=\"og:image:secure_url\" content=\"https:\/\/scontent-gig4-1.xx.fbcdn.net\/v\/t39.30808-1\/270437624_4564083193639691_6907940295614233970_n.jpg?stp=dst-jpg_s200x200_tt6&#038;_nc_cat=111&#038;ccb=1-7&#038;_nc_sid=f907e8&#038;_nc_ohc=SM1wRlP3lJwQ7kNvwEPuBYA&#038;_nc_oc=AdnqrjDN_BNjSSHWO-GbkIWH6fkGMLw4bqvL_NH6e2wMveX7G-rP2dAqsDSq1mJMOaY&#038;_nc_zt=24&#038;_nc_ht=scontent-gig4-1.xx&#038;_nc_gid=AoBFJeGrT1hVaew_6rchkQ&#038;oh=00_AfX7QmFGhQhG2jAllVgXCiM1ZrWgvtp80-Bfppyexh1QEg&#038;oe=689E923C\" \/>\n\t\t<meta property=\"article:published_time\" content=\"2019-02-01T13:46:06+00:00\" \/>\n\t\t<meta property=\"article:modified_time\" content=\"2019-02-04T17:09:35+00:00\" \/>\n\t\t<meta name=\"twitter:card\" content=\"summary_large_image\" \/>\n\t\t<meta name=\"twitter:title\" content=\"Sociarte 01\/02\/2019 - A Not\u00edcia Online\" \/>\n\t\t<meta name=\"twitter:description\" content=\"Uni\u00e3o de Thiago e Caroline O bonito casal Thiago Vital de Sousa Guedes e Caroline Franklin Gon\u00e7alves Guedes se uniu em matrim\u00f4nio em uma bel\u00edssima cerim\u00f4nia ocorrida no s\u00e1bado (19), na Fazenda Divis\u00f3rio. Ela \u00e9 filha do casal Cl\u00e1udia Franklin Gon\u00e7alves e Emanuel de Assis Gon\u00e7alves, e ele \u00e9 filho de Onofre de Sousa Guedes\" \/>\n\t\t<meta name=\"twitter:image\" content=\"https:\/\/scontent-gig4-1.xx.fbcdn.net\/v\/t39.30808-1\/270437624_4564083193639691_6907940295614233970_n.jpg?stp=dst-jpg_s200x200_tt6&amp;_nc_cat=111&amp;ccb=1-7&amp;_nc_sid=f907e8&amp;_nc_ohc=SM1wRlP3lJwQ7kNvwEPuBYA&amp;_nc_oc=AdnqrjDN_BNjSSHWO-GbkIWH6fkGMLw4bqvL_NH6e2wMveX7G-rP2dAqsDSq1mJMOaY&amp;_nc_zt=24&amp;_nc_ht=scontent-gig4-1.xx&amp;_nc_gid=AoBFJeGrT1hVaew_6rchkQ&amp;oh=00_AfX7QmFGhQhG2jAllVgXCiM1ZrWgvtp80-Bfppyexh1QEg&amp;oe=689E923C\" \/>\n\t\t<script type=\"application\/ld+json\" class=\"aioseo-schema\">\n\t\t\t{\"@context\":\"https:\\\/\\\/schema.org\",\"@graph\":[{\"@type\":\"BlogPosting\",\"@id\":\"https:\\\/\\\/anoticiaonline.com.br\\\/site\\\/sociarte-01-02-2019\\\/#blogposting\",\"name\":\"Sociarte 01\\\/02\\\/2019 - A Not\\u00edcia Online\",\"headline\":\"Sociarte 01\\\/02\\\/2019\",\"author\":{\"@id\":\"https:\\\/\\\/anoticiaonline.com.br\\\/site\\\/author\\\/juliana\\\/#author\"},\"publisher\":{\"@id\":\"https:\\\/\\\/anoticiaonline.com.br\\\/site\\\/#organization\"},\"image\":{\"@type\":\"ImageObject\",\"url\":\"https:\\\/\\\/anoticiaonline.com.br\\\/site\\\/wp-content\\\/uploads\\\/2019\\\/02\\\/Parab\\u00e9ns-B\\u00e1rbara.jpg\",\"width\":800,\"height\":800},\"datePublished\":\"2019-02-01T10:46:06-03:00\",\"dateModified\":\"2019-02-04T14:09:35-03:00\",\"inLanguage\":\"pt-BR\",\"mainEntityOfPage\":{\"@id\":\"https:\\\/\\\/anoticiaonline.com.br\\\/site\\\/sociarte-01-02-2019\\\/#webpage\"},\"isPartOf\":{\"@id\":\"https:\\\/\\\/anoticiaonline.com.br\\\/site\\\/sociarte-01-02-2019\\\/#webpage\"},\"articleSection\":\"Colunistas, Sociarte\"},{\"@type\":\"BreadcrumbList\",\"@id\":\"https:\\\/\\\/anoticiaonline.com.br\\\/site\\\/sociarte-01-02-2019\\\/#breadcrumblist\",\"itemListElement\":[{\"@type\":\"ListItem\",\"@id\":\"https:\\\/\\\/anoticiaonline.com.br\\\/site#listItem\",\"position\":1,\"name\":\"Home\",\"item\":\"https:\\\/\\\/anoticiaonline.com.br\\\/site\",\"nextItem\":{\"@type\":\"ListItem\",\"@id\":\"https:\\\/\\\/anoticiaonline.com.br\\\/site\\\/categoria\\\/colunistas\\\/#listItem\",\"name\":\"Colunistas\"}},{\"@type\":\"ListItem\",\"@id\":\"https:\\\/\\\/anoticiaonline.com.br\\\/site\\\/categoria\\\/colunistas\\\/#listItem\",\"position\":2,\"name\":\"Colunistas\",\"item\":\"https:\\\/\\\/anoticiaonline.com.br\\\/site\\\/categoria\\\/colunistas\\\/\",\"nextItem\":{\"@type\":\"ListItem\",\"@id\":\"https:\\\/\\\/anoticiaonline.com.br\\\/site\\\/categoria\\\/colunistas\\\/sociarte\\\/#listItem\",\"name\":\"Sociarte\"},\"previousItem\":{\"@type\":\"ListItem\",\"@id\":\"https:\\\/\\\/anoticiaonline.com.br\\\/site#listItem\",\"name\":\"Home\"}},{\"@type\":\"ListItem\",\"@id\":\"https:\\\/\\\/anoticiaonline.com.br\\\/site\\\/categoria\\\/colunistas\\\/sociarte\\\/#listItem\",\"position\":3,\"name\":\"Sociarte\",\"item\":\"https:\\\/\\\/anoticiaonline.com.br\\\/site\\\/categoria\\\/colunistas\\\/sociarte\\\/\",\"nextItem\":{\"@type\":\"ListItem\",\"@id\":\"https:\\\/\\\/anoticiaonline.com.br\\\/site\\\/sociarte-01-02-2019\\\/#listItem\",\"name\":\"Sociarte 01\\\/02\\\/2019\"},\"previousItem\":{\"@type\":\"ListItem\",\"@id\":\"https:\\\/\\\/anoticiaonline.com.br\\\/site\\\/categoria\\\/colunistas\\\/#listItem\",\"name\":\"Colunistas\"}},{\"@type\":\"ListItem\",\"@id\":\"https:\\\/\\\/anoticiaonline.com.br\\\/site\\\/sociarte-01-02-2019\\\/#listItem\",\"position\":4,\"name\":\"Sociarte 01\\\/02\\\/2019\",\"previousItem\":{\"@type\":\"ListItem\",\"@id\":\"https:\\\/\\\/anoticiaonline.com.br\\\/site\\\/categoria\\\/colunistas\\\/sociarte\\\/#listItem\",\"name\":\"Sociarte\"}}]},{\"@type\":\"Organization\",\"@id\":\"https:\\\/\\\/anoticiaonline.com.br\\\/site\\\/#organization\",\"name\":\"A Not\\u00edcia Online\",\"description\":\"Noticias de Muria\\u00e9 e regi\\u00e3o\",\"url\":\"https:\\\/\\\/anoticiaonline.com.br\\\/site\\\/\",\"logo\":{\"@type\":\"ImageObject\",\"url\":\"https:\\\/\\\/scontent-gig4-1.xx.fbcdn.net\\\/v\\\/t39.30808-1\\\/270437624_4564083193639691_6907940295614233970_n.jpg?stp=dst-jpg_s200x200_tt6&_nc_cat=111&ccb=1-7&_nc_sid=f907e8&_nc_ohc=SM1wRlP3lJwQ7kNvwEPuBYA&_nc_oc=AdnqrjDN_BNjSSHWO-GbkIWH6fkGMLw4bqvL_NH6e2wMveX7G-rP2dAqsDSq1mJMOaY&_nc_zt=24&_nc_ht=scontent-gig4-1.xx&_nc_gid=AoBFJeGrT1hVaew_6rchkQ&oh=00_AfX7QmFGhQhG2jAllVgXCiM1ZrWgvtp80-Bfppyexh1QEg&oe=689E923C\",\"@id\":\"https:\\\/\\\/anoticiaonline.com.br\\\/site\\\/sociarte-01-02-2019\\\/#organizationLogo\"},\"image\":{\"@id\":\"https:\\\/\\\/anoticiaonline.com.br\\\/site\\\/sociarte-01-02-2019\\\/#organizationLogo\"}},{\"@type\":\"Person\",\"@id\":\"https:\\\/\\\/anoticiaonline.com.br\\\/site\\\/author\\\/juliana\\\/#author\",\"url\":\"https:\\\/\\\/anoticiaonline.com.br\\\/site\\\/author\\\/juliana\\\/\",\"name\":\"Juliana Laviola\",\"image\":{\"@type\":\"ImageObject\",\"@id\":\"https:\\\/\\\/anoticiaonline.com.br\\\/site\\\/sociarte-01-02-2019\\\/#authorImage\",\"url\":\"https:\\\/\\\/secure.gravatar.com\\\/avatar\\\/b8d45f5c699b100dfaf0e543582f38f38bf94cb7ae3a5e9abf8d891a34773335?s=96&d=mm&r=g\",\"width\":96,\"height\":96,\"caption\":\"Juliana Laviola\"}},{\"@type\":\"WebPage\",\"@id\":\"https:\\\/\\\/anoticiaonline.com.br\\\/site\\\/sociarte-01-02-2019\\\/#webpage\",\"url\":\"https:\\\/\\\/anoticiaonline.com.br\\\/site\\\/sociarte-01-02-2019\\\/\",\"name\":\"Sociarte 01\\\/02\\\/2019 - A Not\\u00edcia Online\",\"description\":\"Uni\\u00e3o de Thiago e Caroline O bonito casal Thiago Vital de Sousa Guedes e Caroline Franklin Gon\\u00e7alves Guedes se uniu em matrim\\u00f4nio em uma bel\\u00edssima cerim\\u00f4nia ocorrida no s\\u00e1bado (19), na Fazenda Divis\\u00f3rio. Ela \\u00e9 filha do casal Cl\\u00e1udia Franklin Gon\\u00e7alves e Emanuel de Assis Gon\\u00e7alves, e ele \\u00e9 filho de Onofre de Sousa Guedes\",\"inLanguage\":\"pt-BR\",\"isPartOf\":{\"@id\":\"https:\\\/\\\/anoticiaonline.com.br\\\/site\\\/#website\"},\"breadcrumb\":{\"@id\":\"https:\\\/\\\/anoticiaonline.com.br\\\/site\\\/sociarte-01-02-2019\\\/#breadcrumblist\"},\"author\":{\"@id\":\"https:\\\/\\\/anoticiaonline.com.br\\\/site\\\/author\\\/juliana\\\/#author\"},\"creator\":{\"@id\":\"https:\\\/\\\/anoticiaonline.com.br\\\/site\\\/author\\\/juliana\\\/#author\"},\"image\":{\"@type\":\"ImageObject\",\"url\":\"https:\\\/\\\/anoticiaonline.com.br\\\/site\\\/wp-content\\\/uploads\\\/2019\\\/02\\\/Parab\\u00e9ns-B\\u00e1rbara.jpg\",\"@id\":\"https:\\\/\\\/anoticiaonline.com.br\\\/site\\\/sociarte-01-02-2019\\\/#mainImage\",\"width\":800,\"height\":800},\"primaryImageOfPage\":{\"@id\":\"https:\\\/\\\/anoticiaonline.com.br\\\/site\\\/sociarte-01-02-2019\\\/#mainImage\"},\"datePublished\":\"2019-02-01T10:46:06-03:00\",\"dateModified\":\"2019-02-04T14:09:35-03:00\"},{\"@type\":\"WebSite\",\"@id\":\"https:\\\/\\\/anoticiaonline.com.br\\\/site\\\/#website\",\"url\":\"https:\\\/\\\/anoticiaonline.com.br\\\/site\\\/\",\"name\":\"A Not\\u00edcia Online\",\"description\":\"Noticias de Muria\\u00e9 e regi\\u00e3o\",\"inLanguage\":\"pt-BR\",\"publisher\":{\"@id\":\"https:\\\/\\\/anoticiaonline.com.br\\\/site\\\/#organization\"}}]}\n\t\t<\/script>\n\t\t<!-- All in One SEO -->\n\n","aioseo_head_json":{"title":"Sociarte 01\/02\/2019 - A Not\u00edcia Online","description":"Uni\u00e3o de Thiago e Caroline O bonito casal Thiago Vital de Sousa Guedes e Caroline Franklin Gon\u00e7alves Guedes se uniu em matrim\u00f4nio em uma bel\u00edssima cerim\u00f4nia ocorrida no s\u00e1bado (19), na Fazenda Divis\u00f3rio. Ela \u00e9 filha do casal Cl\u00e1udia Franklin Gon\u00e7alves e Emanuel de Assis Gon\u00e7alves, e ele \u00e9 filho de Onofre de Sousa Guedes","canonical_url":"https:\/\/anoticiaonline.com.br\/site\/sociarte-01-02-2019\/","robots":"max-image-preview:large","keywords":"","webmasterTools":{"miscellaneous":""},"schema":{"@context":"https:\/\/schema.org","@graph":[{"@type":"BlogPosting","@id":"https:\/\/anoticiaonline.com.br\/site\/sociarte-01-02-2019\/#blogposting","name":"Sociarte 01\/02\/2019 - A Not\u00edcia Online","headline":"Sociarte 01\/02\/2019","author":{"@id":"https:\/\/anoticiaonline.com.br\/site\/author\/juliana\/#author"},"publisher":{"@id":"https:\/\/anoticiaonline.com.br\/site\/#organization"},"image":{"@type":"ImageObject","url":"https:\/\/anoticiaonline.com.br\/site\/wp-content\/uploads\/2019\/02\/Parab\u00e9ns-B\u00e1rbara.jpg","width":800,"height":800},"datePublished":"2019-02-01T10:46:06-03:00","dateModified":"2019-02-04T14:09:35-03:00","inLanguage":"pt-BR","mainEntityOfPage":{"@id":"https:\/\/anoticiaonline.com.br\/site\/sociarte-01-02-2019\/#webpage"},"isPartOf":{"@id":"https:\/\/anoticiaonline.com.br\/site\/sociarte-01-02-2019\/#webpage"},"articleSection":"Colunistas, Sociarte"},{"@type":"BreadcrumbList","@id":"https:\/\/anoticiaonline.com.br\/site\/sociarte-01-02-2019\/#breadcrumblist","itemListElement":[{"@type":"ListItem","@id":"https:\/\/anoticiaonline.com.br\/site#listItem","position":1,"name":"Home","item":"https:\/\/anoticiaonline.com.br\/site","nextItem":{"@type":"ListItem","@id":"https:\/\/anoticiaonline.com.br\/site\/categoria\/colunistas\/#listItem","name":"Colunistas"}},{"@type":"ListItem","@id":"https:\/\/anoticiaonline.com.br\/site\/categoria\/colunistas\/#listItem","position":2,"name":"Colunistas","item":"https:\/\/anoticiaonline.com.br\/site\/categoria\/colunistas\/","nextItem":{"@type":"ListItem","@id":"https:\/\/anoticiaonline.com.br\/site\/categoria\/colunistas\/sociarte\/#listItem","name":"Sociarte"},"previousItem":{"@type":"ListItem","@id":"https:\/\/anoticiaonline.com.br\/site#listItem","name":"Home"}},{"@type":"ListItem","@id":"https:\/\/anoticiaonline.com.br\/site\/categoria\/colunistas\/sociarte\/#listItem","position":3,"name":"Sociarte","item":"https:\/\/anoticiaonline.com.br\/site\/categoria\/colunistas\/sociarte\/","nextItem":{"@type":"ListItem","@id":"https:\/\/anoticiaonline.com.br\/site\/sociarte-01-02-2019\/#listItem","name":"Sociarte 01\/02\/2019"},"previousItem":{"@type":"ListItem","@id":"https:\/\/anoticiaonline.com.br\/site\/categoria\/colunistas\/#listItem","name":"Colunistas"}},{"@type":"ListItem","@id":"https:\/\/anoticiaonline.com.br\/site\/sociarte-01-02-2019\/#listItem","position":4,"name":"Sociarte 01\/02\/2019","previousItem":{"@type":"ListItem","@id":"https:\/\/anoticiaonline.com.br\/site\/categoria\/colunistas\/sociarte\/#listItem","name":"Sociarte"}}]},{"@type":"Organization","@id":"https:\/\/anoticiaonline.com.br\/site\/#organization","name":"A Not\u00edcia Online","description":"Noticias de Muria\u00e9 e regi\u00e3o","url":"https:\/\/anoticiaonline.com.br\/site\/","logo":{"@type":"ImageObject","url":"https:\/\/scontent-gig4-1.xx.fbcdn.net\/v\/t39.30808-1\/270437624_4564083193639691_6907940295614233970_n.jpg?stp=dst-jpg_s200x200_tt6&_nc_cat=111&ccb=1-7&_nc_sid=f907e8&_nc_ohc=SM1wRlP3lJwQ7kNvwEPuBYA&_nc_oc=AdnqrjDN_BNjSSHWO-GbkIWH6fkGMLw4bqvL_NH6e2wMveX7G-rP2dAqsDSq1mJMOaY&_nc_zt=24&_nc_ht=scontent-gig4-1.xx&_nc_gid=AoBFJeGrT1hVaew_6rchkQ&oh=00_AfX7QmFGhQhG2jAllVgXCiM1ZrWgvtp80-Bfppyexh1QEg&oe=689E923C","@id":"https:\/\/anoticiaonline.com.br\/site\/sociarte-01-02-2019\/#organizationLogo"},"image":{"@id":"https:\/\/anoticiaonline.com.br\/site\/sociarte-01-02-2019\/#organizationLogo"}},{"@type":"Person","@id":"https:\/\/anoticiaonline.com.br\/site\/author\/juliana\/#author","url":"https:\/\/anoticiaonline.com.br\/site\/author\/juliana\/","name":"Juliana Laviola","image":{"@type":"ImageObject","@id":"https:\/\/anoticiaonline.com.br\/site\/sociarte-01-02-2019\/#authorImage","url":"https:\/\/secure.gravatar.com\/avatar\/b8d45f5c699b100dfaf0e543582f38f38bf94cb7ae3a5e9abf8d891a34773335?s=96&d=mm&r=g","width":96,"height":96,"caption":"Juliana Laviola"}},{"@type":"WebPage","@id":"https:\/\/anoticiaonline.com.br\/site\/sociarte-01-02-2019\/#webpage","url":"https:\/\/anoticiaonline.com.br\/site\/sociarte-01-02-2019\/","name":"Sociarte 01\/02\/2019 - A Not\u00edcia Online","description":"Uni\u00e3o de Thiago e Caroline O bonito casal Thiago Vital de Sousa Guedes e Caroline Franklin Gon\u00e7alves Guedes se uniu em matrim\u00f4nio em uma bel\u00edssima cerim\u00f4nia ocorrida no s\u00e1bado (19), na Fazenda Divis\u00f3rio. Ela \u00e9 filha do casal Cl\u00e1udia Franklin Gon\u00e7alves e Emanuel de Assis Gon\u00e7alves, e ele \u00e9 filho de Onofre de Sousa Guedes","inLanguage":"pt-BR","isPartOf":{"@id":"https:\/\/anoticiaonline.com.br\/site\/#website"},"breadcrumb":{"@id":"https:\/\/anoticiaonline.com.br\/site\/sociarte-01-02-2019\/#breadcrumblist"},"author":{"@id":"https:\/\/anoticiaonline.com.br\/site\/author\/juliana\/#author"},"creator":{"@id":"https:\/\/anoticiaonline.com.br\/site\/author\/juliana\/#author"},"image":{"@type":"ImageObject","url":"https:\/\/anoticiaonline.com.br\/site\/wp-content\/uploads\/2019\/02\/Parab\u00e9ns-B\u00e1rbara.jpg","@id":"https:\/\/anoticiaonline.com.br\/site\/sociarte-01-02-2019\/#mainImage","width":800,"height":800},"primaryImageOfPage":{"@id":"https:\/\/anoticiaonline.com.br\/site\/sociarte-01-02-2019\/#mainImage"},"datePublished":"2019-02-01T10:46:06-03:00","dateModified":"2019-02-04T14:09:35-03:00"},{"@type":"WebSite","@id":"https:\/\/anoticiaonline.com.br\/site\/#website","url":"https:\/\/anoticiaonline.com.br\/site\/","name":"A Not\u00edcia Online","description":"Noticias de Muria\u00e9 e regi\u00e3o","inLanguage":"pt-BR","publisher":{"@id":"https:\/\/anoticiaonline.com.br\/site\/#organization"}}]},"og:locale":"pt_BR","og:site_name":"A Not\u00edcia Online - Noticias de Muria\u00e9 e regi\u00e3o","og:type":"article","og:title":"Sociarte 01\/02\/2019 - A Not\u00edcia Online","og:description":"Uni\u00e3o de Thiago e Caroline O bonito casal Thiago Vital de Sousa Guedes e Caroline Franklin Gon\u00e7alves Guedes se uniu em matrim\u00f4nio em uma bel\u00edssima cerim\u00f4nia ocorrida no s\u00e1bado (19), na Fazenda Divis\u00f3rio. Ela \u00e9 filha do casal Cl\u00e1udia Franklin Gon\u00e7alves e Emanuel de Assis Gon\u00e7alves, e ele \u00e9 filho de Onofre de Sousa Guedes","og:url":"https:\/\/anoticiaonline.com.br\/site\/sociarte-01-02-2019\/","og:image":"https:\/\/scontent-gig4-1.xx.fbcdn.net\/v\/t39.30808-1\/270437624_4564083193639691_6907940295614233970_n.jpg?stp=dst-jpg_s200x200_tt6&#038;_nc_cat=111&#038;ccb=1-7&#038;_nc_sid=f907e8&#038;_nc_ohc=SM1wRlP3lJwQ7kNvwEPuBYA&#038;_nc_oc=AdnqrjDN_BNjSSHWO-GbkIWH6fkGMLw4bqvL_NH6e2wMveX7G-rP2dAqsDSq1mJMOaY&#038;_nc_zt=24&#038;_nc_ht=scontent-gig4-1.xx&#038;_nc_gid=AoBFJeGrT1hVaew_6rchkQ&#038;oh=00_AfX7QmFGhQhG2jAllVgXCiM1ZrWgvtp80-Bfppyexh1QEg&#038;oe=689E923C","og:image:secure_url":"https:\/\/scontent-gig4-1.xx.fbcdn.net\/v\/t39.30808-1\/270437624_4564083193639691_6907940295614233970_n.jpg?stp=dst-jpg_s200x200_tt6&#038;_nc_cat=111&#038;ccb=1-7&#038;_nc_sid=f907e8&#038;_nc_ohc=SM1wRlP3lJwQ7kNvwEPuBYA&#038;_nc_oc=AdnqrjDN_BNjSSHWO-GbkIWH6fkGMLw4bqvL_NH6e2wMveX7G-rP2dAqsDSq1mJMOaY&#038;_nc_zt=24&#038;_nc_ht=scontent-gig4-1.xx&#038;_nc_gid=AoBFJeGrT1hVaew_6rchkQ&#038;oh=00_AfX7QmFGhQhG2jAllVgXCiM1ZrWgvtp80-Bfppyexh1QEg&#038;oe=689E923C","article:published_time":"2019-02-01T13:46:06+00:00","article:modified_time":"2019-02-04T17:09:35+00:00","twitter:card":"summary_large_image","twitter:title":"Sociarte 01\/02\/2019 - A Not\u00edcia Online","twitter:description":"Uni\u00e3o de Thiago e Caroline O bonito casal Thiago Vital de Sousa Guedes e Caroline Franklin Gon\u00e7alves Guedes se uniu em matrim\u00f4nio em uma bel\u00edssima cerim\u00f4nia ocorrida no s\u00e1bado (19), na Fazenda Divis\u00f3rio. Ela \u00e9 filha do casal Cl\u00e1udia Franklin Gon\u00e7alves e Emanuel de Assis Gon\u00e7alves, e ele \u00e9 filho de Onofre de Sousa Guedes","twitter:image":"https:\/\/scontent-gig4-1.xx.fbcdn.net\/v\/t39.30808-1\/270437624_4564083193639691_6907940295614233970_n.jpg?stp=dst-jpg_s200x200_tt6&_nc_cat=111&ccb=1-7&_nc_sid=f907e8&_nc_ohc=SM1wRlP3lJwQ7kNvwEPuBYA&_nc_oc=AdnqrjDN_BNjSSHWO-GbkIWH6fkGMLw4bqvL_NH6e2wMveX7G-rP2dAqsDSq1mJMOaY&_nc_zt=24&_nc_ht=scontent-gig4-1.xx&_nc_gid=AoBFJeGrT1hVaew_6rchkQ&oh=00_AfX7QmFGhQhG2jAllVgXCiM1ZrWgvtp80-Bfppyexh1QEg&oe=689E923C"},"aioseo_meta_data":{"post_id":"66946","title":null,"description":null,"keywords":null,"keyphrases":null,"primary_term":null,"canonical_url":null,"og_title":null,"og_description":null,"og_object_type":"default","og_image_type":"default","og_image_url":null,"og_image_width":null,"og_image_height":null,"og_image_custom_url":null,"og_image_custom_fields":null,"og_video":null,"og_custom_url":null,"og_article_section":null,"og_article_tags":null,"twitter_use_og":false,"twitter_card":"default","twitter_image_type":"default","twitter_image_url":null,"twitter_image_custom_url":null,"twitter_image_custom_fields":null,"twitter_title":null,"twitter_description":null,"schema":{"blockGraphs":[],"customGraphs":[],"default":{"data":{"Article":[],"Course":[],"Dataset":[],"FAQPage":[],"Movie":[],"Person":[],"Product":[],"ProductReview":[],"Car":[],"Recipe":[],"Service":[],"SoftwareApplication":[],"WebPage":[]},"graphName":"","isEnabled":true},"graphs":[]},"schema_type":"default","schema_type_options":null,"pillar_content":false,"robots_default":true,"robots_noindex":false,"robots_noarchive":false,"robots_nosnippet":false,"robots_nofollow":false,"robots_noimageindex":false,"robots_noodp":false,"robots_notranslate":false,"robots_max_snippet":null,"robots_max_videopreview":null,"robots_max_imagepreview":"large","priority":null,"frequency":null,"local_seo":null,"breadcrumb_settings":null,"limit_modified_date":false,"ai":null,"created":"2025-08-16 22:42:18","updated":"2025-08-16 22:42:18","focus_keyword":null,"additional_keywords":null,"truseo_locale":null,"seo_analyzer_scan_date":null},"aioseo_breadcrumb":"<div class=\"aioseo-breadcrumbs\"><span class=\"aioseo-breadcrumb\">\n\t\t\t<a href=\"https:\/\/anoticiaonline.com.br\/site\" title=\"Home\">Home<\/a>\n\t\t<\/span><span class=\"aioseo-breadcrumb-separator\">&raquo;<\/span><span class=\"aioseo-breadcrumb\">\n\t\t\t<a href=\"https:\/\/anoticiaonline.com.br\/site\/categoria\/colunistas\/\" title=\"Colunistas\">Colunistas<\/a>\n\t\t<\/span><span class=\"aioseo-breadcrumb-separator\">&raquo;<\/span><span class=\"aioseo-breadcrumb\">\n\t\t\t<a href=\"https:\/\/anoticiaonline.com.br\/site\/categoria\/colunistas\/sociarte\/\" title=\"Sociarte\">Sociarte<\/a>\n\t\t<\/span><span class=\"aioseo-breadcrumb-separator\">&raquo;<\/span><span class=\"aioseo-breadcrumb\">\n\t\t\tSociarte 01\/02\/2019\n\t\t<\/span><\/div>","aioseo_breadcrumb_json":[{"label":"Home","link":"https:\/\/anoticiaonline.com.br\/site"},{"label":"Colunistas","link":"https:\/\/anoticiaonline.com.br\/site\/categoria\/colunistas\/"},{"label":"Sociarte","link":"https:\/\/anoticiaonline.com.br\/site\/categoria\/colunistas\/sociarte\/"},{"label":"Sociarte 01\/02\/2019","link":"https:\/\/anoticiaonline.com.br\/site\/sociarte-01-02-2019\/"}],"views":132,"_links":{"self":[{"href":"https:\/\/anoticiaonline.com.br\/site\/wp-json\/wp\/v2\/posts\/66946","targetHints":{"allow":["GET"]}}],"collection":[{"href":"https:\/\/anoticiaonline.com.br\/site\/wp-json\/wp\/v2\/posts"}],"about":[{"href":"https:\/\/anoticiaonline.com.br\/site\/wp-json\/wp\/v2\/types\/post"}],"author":[{"embeddable":true,"href":"https:\/\/anoticiaonline.com.br\/site\/wp-json\/wp\/v2\/users\/2"}],"replies":[{"embeddable":true,"href":"https:\/\/anoticiaonline.com.br\/site\/wp-json\/wp\/v2\/comments?post=66946"}],"version-history":[{"count":0,"href":"https:\/\/anoticiaonline.com.br\/site\/wp-json\/wp\/v2\/posts\/66946\/revisions"}],"wp:featuredmedia":[{"embeddable":true,"href":"https:\/\/anoticiaonline.com.br\/site\/wp-json\/wp\/v2\/media\/66952"}],"wp:attachment":[{"href":"https:\/\/anoticiaonline.com.br\/site\/wp-json\/wp\/v2\/media?parent=66946"}],"wp:term":[{"taxonomy":"category","embeddable":true,"href":"https:\/\/anoticiaonline.com.br\/site\/wp-json\/wp\/v2\/categories?post=66946"},{"taxonomy":"post_tag","embeddable":true,"href":"https:\/\/anoticiaonline.com.br\/site\/wp-json\/wp\/v2\/tags?post=66946"}],"curies":[{"name":"wp","href":"https:\/\/api.w.org\/{rel}","templated":true}]}}