{"id":6689,"date":"2015-11-24T14:57:33","date_gmt":"2015-11-24T17:57:33","guid":{"rendered":"http:\/\/anoticiaonline.com.br\/site\/?p=6689"},"modified":"2015-11-24T14:57:33","modified_gmt":"2015-11-24T17:57:33","slug":"acesa-a-10a-arvore-de-natal-do-grupo-lider","status":"publish","type":"post","link":"https:\/\/anoticiaonline.com.br\/site\/acesa-a-10a-arvore-de-natal-do-grupo-lider\/","title":{"rendered":"Acesa a 10\u00aa \u00c1rvore de Natal do Grupo L\u00edder"},"content":{"rendered":"<p><a href=\"https:\/\/anoticiaonline.com.br\/site\/wp-content\/uploads\/2015\/11\/IMG_7198.jpg\"><img fetchpriority=\"high\" decoding=\"async\" class=\" size-medium wp-image-6690 alignleft\" src=\"https:\/\/anoticiaonline.com.br\/site\/wp-content\/uploads\/2015\/11\/IMG_7198-300x200.jpg\" alt=\"IMG_7198\" width=\"300\" height=\"200\" srcset=\"https:\/\/anoticiaonline.com.br\/site\/wp-content\/uploads\/2015\/11\/IMG_7198-300x200.jpg 300w, https:\/\/anoticiaonline.com.br\/site\/wp-content\/uploads\/2015\/11\/IMG_7198.jpg 640w\" sizes=\"(max-width: 300px) 100vw, 300px\" \/><\/a>H\u00e1 dez anos consecutivos, o Grupo L\u00edder presenteia a popula\u00e7\u00e3o com a maior \u00e1rvore de Natal de Muria\u00e9 e regi\u00e3o. A solenidade do acender das luzes foi realizada noite de segunda-feira (23\/11) e atraiu um grande p\u00fablico para celebrar junto \u00e0 fam\u00edlia Braz o findar de mais um ano.<\/p>\n<p>Com 21 metros de altura e nove de di\u00e2metro, a \u00e1rvore j\u00e1 faz parte das comemora\u00e7\u00f5es natalinas do munic\u00edpio e a cada ano \u00e9 apresentada uma nova decora\u00e7\u00e3o. A ilumina\u00e7\u00e3o, de origem chinesa, \u00e9 composta por 100 mil micro l\u00e2mpadas de LED com software, que permitem uma programa\u00e7\u00e3o renovada, com diversas mudan\u00e7as de imagens e cores.<\/p>\n<p>Ap\u00f3s os pronunciamentos, a popula\u00e7\u00e3o assistiu a exibi\u00e7\u00e3o de um v\u00eddeo com uma breve retrospectiva sobre todas as edi\u00e7\u00f5es das \u00e1rvores de Natal que j\u00e1 foram inauguradas. Em seguida, Jos\u00e9 Braz, acompanhado por seus bisnetos, acenderam as luzes da 10\u00aa \u00e1rvore e teve in\u00edcio um espet\u00e1culo de show pirot\u00e9cnico que coloriu o c\u00e9u por seis minutos.<\/p>\n<p>Foram oferecidos pelo Grupo pipoca salgada, algod\u00e3o-doce, picol\u00e9, refrigerante, salgado e cama el\u00e1stica para as crian\u00e7as. Tamb\u00e9m esteve presente o Papai Noel, que distribuiu pipoca doce, balas e tirou muitas fotos.<\/p>\n<p><img decoding=\"async\" class=\"ngg_displayed_gallery mceItem\" src=\"https:\/\/anoticiaonline.com.br\/site\/nextgen-attach_to_post\/preview\/id--6719\" alt=\"\" \/><\/p>\n","protected":false},"excerpt":{"rendered":"<p>H\u00e1 dez anos consecutivos, o Grupo L\u00edder presenteia a popula\u00e7\u00e3o com a maior \u00e1rvore de Natal de Muria\u00e9 e regi\u00e3o. A solenidade do acender das luzes foi realizada noite de segunda-feira (23\/11) e atraiu um grande p\u00fablico para celebrar junto \u00e0 fam\u00edlia Braz o findar de mais um ano. Com 21 metros de altura e &#8230; <a title=\"Acesa a 10\u00aa \u00c1rvore de Natal do Grupo L\u00edder\" class=\"read-more\" href=\"https:\/\/anoticiaonline.com.br\/site\/acesa-a-10a-arvore-de-natal-do-grupo-lider\/\" aria-label=\"Read more about Acesa a 10\u00aa \u00c1rvore de Natal do Grupo L\u00edder\">Ler mais<\/a><\/p>\n","protected":false},"author":2,"featured_media":6690,"comment_status":"open","ping_status":"open","sticky":false,"template":"","format":"standard","meta":{"_acf_changed":false,"_monsterinsights_skip_tracking":false,"footnotes":""},"categories":[30],"tags":[3],"class_list":["post-6689","post","type-post","status-publish","format-standard","has-post-thumbnail","hentry","category-muriae","tag-slide"],"acf":[],"aioseo_notices":[],"aioseo_head":"\n\t\t<!-- All in One SEO 5.0.0.1 - aioseo.com -->\n\t<meta name=\"description\" content=\"H\u00e1 dez anos consecutivos, o Grupo L\u00edder presenteia a popula\u00e7\u00e3o com a maior \u00e1rvore de Natal de Muria\u00e9 e regi\u00e3o. A solenidade do acender das luzes foi realizada noite de segunda-feira (23\/11) e atraiu um grande p\u00fablico para celebrar junto \u00e0 fam\u00edlia Braz o findar de mais um ano. Com 21 metros de altura e\" \/>\n\t<meta name=\"robots\" content=\"max-image-preview:large\" \/>\n\t<meta name=\"author\" content=\"Juliana Laviola\"\/>\n\t<link rel=\"canonical\" href=\"https:\/\/anoticiaonline.com.br\/site\/acesa-a-10a-arvore-de-natal-do-grupo-lider\/\" \/>\n\t<meta name=\"generator\" content=\"All in One SEO (AIOSEO) 5.0.0.1\" \/>\n\t\t<meta property=\"og:locale\" content=\"pt_BR\" \/>\n\t\t<meta property=\"og:site_name\" content=\"A Not\u00edcia Online - Noticias de Muria\u00e9 e regi\u00e3o\" \/>\n\t\t<meta property=\"og:type\" content=\"article\" \/>\n\t\t<meta property=\"og:title\" content=\"Acesa a 10\u00aa \u00c1rvore de Natal do Grupo L\u00edder - A Not\u00edcia Online\" \/>\n\t\t<meta property=\"og:description\" content=\"H\u00e1 dez anos consecutivos, o Grupo L\u00edder presenteia a popula\u00e7\u00e3o com a maior \u00e1rvore de Natal de Muria\u00e9 e regi\u00e3o. A solenidade do acender das luzes foi realizada noite de segunda-feira (23\/11) e atraiu um grande p\u00fablico para celebrar junto \u00e0 fam\u00edlia Braz o findar de mais um ano. Com 21 metros de altura e\" \/>\n\t\t<meta property=\"og:url\" content=\"https:\/\/anoticiaonline.com.br\/site\/acesa-a-10a-arvore-de-natal-do-grupo-lider\/\" \/>\n\t\t<meta property=\"og:image\" content=\"https:\/\/scontent-gig4-1.xx.fbcdn.net\/v\/t39.30808-1\/270437624_4564083193639691_6907940295614233970_n.jpg?stp=dst-jpg_s200x200_tt6&#038;_nc_cat=111&#038;ccb=1-7&#038;_nc_sid=f907e8&#038;_nc_ohc=SM1wRlP3lJwQ7kNvwEPuBYA&#038;_nc_oc=AdnqrjDN_BNjSSHWO-GbkIWH6fkGMLw4bqvL_NH6e2wMveX7G-rP2dAqsDSq1mJMOaY&#038;_nc_zt=24&#038;_nc_ht=scontent-gig4-1.xx&#038;_nc_gid=AoBFJeGrT1hVaew_6rchkQ&#038;oh=00_AfX7QmFGhQhG2jAllVgXCiM1ZrWgvtp80-Bfppyexh1QEg&#038;oe=689E923C\" \/>\n\t\t<meta property=\"og:image:secure_url\" content=\"https:\/\/scontent-gig4-1.xx.fbcdn.net\/v\/t39.30808-1\/270437624_4564083193639691_6907940295614233970_n.jpg?stp=dst-jpg_s200x200_tt6&#038;_nc_cat=111&#038;ccb=1-7&#038;_nc_sid=f907e8&#038;_nc_ohc=SM1wRlP3lJwQ7kNvwEPuBYA&#038;_nc_oc=AdnqrjDN_BNjSSHWO-GbkIWH6fkGMLw4bqvL_NH6e2wMveX7G-rP2dAqsDSq1mJMOaY&#038;_nc_zt=24&#038;_nc_ht=scontent-gig4-1.xx&#038;_nc_gid=AoBFJeGrT1hVaew_6rchkQ&#038;oh=00_AfX7QmFGhQhG2jAllVgXCiM1ZrWgvtp80-Bfppyexh1QEg&#038;oe=689E923C\" \/>\n\t\t<meta property=\"article:published_time\" content=\"2015-11-24T17:57:33+00:00\" \/>\n\t\t<meta property=\"article:modified_time\" content=\"2015-11-24T17:57:33+00:00\" \/>\n\t\t<meta name=\"twitter:card\" content=\"summary_large_image\" \/>\n\t\t<meta name=\"twitter:title\" content=\"Acesa a 10\u00aa \u00c1rvore de Natal do Grupo L\u00edder - A Not\u00edcia Online\" \/>\n\t\t<meta name=\"twitter:description\" content=\"H\u00e1 dez anos consecutivos, o Grupo L\u00edder presenteia a popula\u00e7\u00e3o com a maior \u00e1rvore de Natal de Muria\u00e9 e regi\u00e3o. A solenidade do acender das luzes foi realizada noite de segunda-feira (23\/11) e atraiu um grande p\u00fablico para celebrar junto \u00e0 fam\u00edlia Braz o findar de mais um ano. Com 21 metros de altura e\" \/>\n\t\t<meta name=\"twitter:image\" content=\"https:\/\/scontent-gig4-1.xx.fbcdn.net\/v\/t39.30808-1\/270437624_4564083193639691_6907940295614233970_n.jpg?stp=dst-jpg_s200x200_tt6&amp;_nc_cat=111&amp;ccb=1-7&amp;_nc_sid=f907e8&amp;_nc_ohc=SM1wRlP3lJwQ7kNvwEPuBYA&amp;_nc_oc=AdnqrjDN_BNjSSHWO-GbkIWH6fkGMLw4bqvL_NH6e2wMveX7G-rP2dAqsDSq1mJMOaY&amp;_nc_zt=24&amp;_nc_ht=scontent-gig4-1.xx&amp;_nc_gid=AoBFJeGrT1hVaew_6rchkQ&amp;oh=00_AfX7QmFGhQhG2jAllVgXCiM1ZrWgvtp80-Bfppyexh1QEg&amp;oe=689E923C\" \/>\n\t\t<script type=\"application\/ld+json\" class=\"aioseo-schema\">\n\t\t\t{\"@context\":\"https:\\\/\\\/schema.org\",\"@graph\":[{\"@type\":\"BlogPosting\",\"@id\":\"https:\\\/\\\/anoticiaonline.com.br\\\/site\\\/acesa-a-10a-arvore-de-natal-do-grupo-lider\\\/#blogposting\",\"name\":\"Acesa a 10\\u00aa \\u00c1rvore de Natal do Grupo L\\u00edder - A Not\\u00edcia Online\",\"headline\":\"Acesa a 10\\u00aa \\u00c1rvore de Natal do Grupo L\\u00edder\",\"author\":{\"@id\":\"https:\\\/\\\/anoticiaonline.com.br\\\/site\\\/author\\\/juliana\\\/#author\"},\"publisher\":{\"@id\":\"https:\\\/\\\/anoticiaonline.com.br\\\/site\\\/#organization\"},\"image\":{\"@type\":\"ImageObject\",\"url\":\"https:\\\/\\\/anoticiaonline.com.br\\\/site\\\/wp-content\\\/uploads\\\/2015\\\/11\\\/IMG_7198.jpg\",\"width\":640,\"height\":426},\"datePublished\":\"2015-11-24T14:57:33-03:00\",\"dateModified\":\"2015-11-24T14:57:33-03:00\",\"inLanguage\":\"pt-BR\",\"mainEntityOfPage\":{\"@id\":\"https:\\\/\\\/anoticiaonline.com.br\\\/site\\\/acesa-a-10a-arvore-de-natal-do-grupo-lider\\\/#webpage\"},\"isPartOf\":{\"@id\":\"https:\\\/\\\/anoticiaonline.com.br\\\/site\\\/acesa-a-10a-arvore-de-natal-do-grupo-lider\\\/#webpage\"},\"articleSection\":\"Blog, slide\"},{\"@type\":\"BreadcrumbList\",\"@id\":\"https:\\\/\\\/anoticiaonline.com.br\\\/site\\\/acesa-a-10a-arvore-de-natal-do-grupo-lider\\\/#breadcrumblist\",\"itemListElement\":[{\"@type\":\"ListItem\",\"@id\":\"https:\\\/\\\/anoticiaonline.com.br\\\/site#listItem\",\"position\":1,\"name\":\"Home\",\"item\":\"https:\\\/\\\/anoticiaonline.com.br\\\/site\",\"nextItem\":{\"@type\":\"ListItem\",\"@id\":\"https:\\\/\\\/anoticiaonline.com.br\\\/site\\\/categoria\\\/muriae\\\/#listItem\",\"name\":\"Blog\"}},{\"@type\":\"ListItem\",\"@id\":\"https:\\\/\\\/anoticiaonline.com.br\\\/site\\\/categoria\\\/muriae\\\/#listItem\",\"position\":2,\"name\":\"Blog\",\"item\":\"https:\\\/\\\/anoticiaonline.com.br\\\/site\\\/categoria\\\/muriae\\\/\",\"nextItem\":{\"@type\":\"ListItem\",\"@id\":\"https:\\\/\\\/anoticiaonline.com.br\\\/site\\\/acesa-a-10a-arvore-de-natal-do-grupo-lider\\\/#listItem\",\"name\":\"Acesa a 10\\u00aa \\u00c1rvore de Natal do Grupo L\\u00edder\"},\"previousItem\":{\"@type\":\"ListItem\",\"@id\":\"https:\\\/\\\/anoticiaonline.com.br\\\/site#listItem\",\"name\":\"Home\"}},{\"@type\":\"ListItem\",\"@id\":\"https:\\\/\\\/anoticiaonline.com.br\\\/site\\\/acesa-a-10a-arvore-de-natal-do-grupo-lider\\\/#listItem\",\"position\":3,\"name\":\"Acesa a 10\\u00aa \\u00c1rvore de Natal do Grupo L\\u00edder\",\"previousItem\":{\"@type\":\"ListItem\",\"@id\":\"https:\\\/\\\/anoticiaonline.com.br\\\/site\\\/categoria\\\/muriae\\\/#listItem\",\"name\":\"Blog\"}}]},{\"@type\":\"Organization\",\"@id\":\"https:\\\/\\\/anoticiaonline.com.br\\\/site\\\/#organization\",\"name\":\"A Not\\u00edcia Online\",\"description\":\"Noticias de Muria\\u00e9 e regi\\u00e3o\",\"url\":\"https:\\\/\\\/anoticiaonline.com.br\\\/site\\\/\",\"logo\":{\"@type\":\"ImageObject\",\"url\":\"https:\\\/\\\/scontent-gig4-1.xx.fbcdn.net\\\/v\\\/t39.30808-1\\\/270437624_4564083193639691_6907940295614233970_n.jpg?stp=dst-jpg_s200x200_tt6&_nc_cat=111&ccb=1-7&_nc_sid=f907e8&_nc_ohc=SM1wRlP3lJwQ7kNvwEPuBYA&_nc_oc=AdnqrjDN_BNjSSHWO-GbkIWH6fkGMLw4bqvL_NH6e2wMveX7G-rP2dAqsDSq1mJMOaY&_nc_zt=24&_nc_ht=scontent-gig4-1.xx&_nc_gid=AoBFJeGrT1hVaew_6rchkQ&oh=00_AfX7QmFGhQhG2jAllVgXCiM1ZrWgvtp80-Bfppyexh1QEg&oe=689E923C\",\"@id\":\"https:\\\/\\\/anoticiaonline.com.br\\\/site\\\/acesa-a-10a-arvore-de-natal-do-grupo-lider\\\/#organizationLogo\"},\"image\":{\"@id\":\"https:\\\/\\\/anoticiaonline.com.br\\\/site\\\/acesa-a-10a-arvore-de-natal-do-grupo-lider\\\/#organizationLogo\"}},{\"@type\":\"Person\",\"@id\":\"https:\\\/\\\/anoticiaonline.com.br\\\/site\\\/author\\\/juliana\\\/#author\",\"url\":\"https:\\\/\\\/anoticiaonline.com.br\\\/site\\\/author\\\/juliana\\\/\",\"name\":\"Juliana Laviola\",\"image\":{\"@type\":\"ImageObject\",\"@id\":\"https:\\\/\\\/anoticiaonline.com.br\\\/site\\\/acesa-a-10a-arvore-de-natal-do-grupo-lider\\\/#authorImage\",\"url\":\"https:\\\/\\\/secure.gravatar.com\\\/avatar\\\/b8d45f5c699b100dfaf0e543582f38f38bf94cb7ae3a5e9abf8d891a34773335?s=96&d=mm&r=g\",\"width\":96,\"height\":96,\"caption\":\"Juliana Laviola\"}},{\"@type\":\"WebPage\",\"@id\":\"https:\\\/\\\/anoticiaonline.com.br\\\/site\\\/acesa-a-10a-arvore-de-natal-do-grupo-lider\\\/#webpage\",\"url\":\"https:\\\/\\\/anoticiaonline.com.br\\\/site\\\/acesa-a-10a-arvore-de-natal-do-grupo-lider\\\/\",\"name\":\"Acesa a 10\\u00aa \\u00c1rvore de Natal do Grupo L\\u00edder - A Not\\u00edcia Online\",\"description\":\"H\\u00e1 dez anos consecutivos, o Grupo L\\u00edder presenteia a popula\\u00e7\\u00e3o com a maior \\u00e1rvore de Natal de Muria\\u00e9 e regi\\u00e3o. A solenidade do acender das luzes foi realizada noite de segunda-feira (23\\\/11) e atraiu um grande p\\u00fablico para celebrar junto \\u00e0 fam\\u00edlia Braz o findar de mais um ano. Com 21 metros de altura e\",\"inLanguage\":\"pt-BR\",\"isPartOf\":{\"@id\":\"https:\\\/\\\/anoticiaonline.com.br\\\/site\\\/#website\"},\"breadcrumb\":{\"@id\":\"https:\\\/\\\/anoticiaonline.com.br\\\/site\\\/acesa-a-10a-arvore-de-natal-do-grupo-lider\\\/#breadcrumblist\"},\"author\":{\"@id\":\"https:\\\/\\\/anoticiaonline.com.br\\\/site\\\/author\\\/juliana\\\/#author\"},\"creator\":{\"@id\":\"https:\\\/\\\/anoticiaonline.com.br\\\/site\\\/author\\\/juliana\\\/#author\"},\"image\":{\"@type\":\"ImageObject\",\"url\":\"https:\\\/\\\/anoticiaonline.com.br\\\/site\\\/wp-content\\\/uploads\\\/2015\\\/11\\\/IMG_7198.jpg\",\"@id\":\"https:\\\/\\\/anoticiaonline.com.br\\\/site\\\/acesa-a-10a-arvore-de-natal-do-grupo-lider\\\/#mainImage\",\"width\":640,\"height\":426},\"primaryImageOfPage\":{\"@id\":\"https:\\\/\\\/anoticiaonline.com.br\\\/site\\\/acesa-a-10a-arvore-de-natal-do-grupo-lider\\\/#mainImage\"},\"datePublished\":\"2015-11-24T14:57:33-03:00\",\"dateModified\":\"2015-11-24T14:57:33-03:00\"},{\"@type\":\"WebSite\",\"@id\":\"https:\\\/\\\/anoticiaonline.com.br\\\/site\\\/#website\",\"url\":\"https:\\\/\\\/anoticiaonline.com.br\\\/site\\\/\",\"name\":\"A Not\\u00edcia Online\",\"description\":\"Noticias de Muria\\u00e9 e regi\\u00e3o\",\"inLanguage\":\"pt-BR\",\"publisher\":{\"@id\":\"https:\\\/\\\/anoticiaonline.com.br\\\/site\\\/#organization\"}}]}\n\t\t<\/script>\n\t\t<!-- All in One SEO -->\n\n","aioseo_head_json":{"title":"Acesa a 10\u00aa \u00c1rvore de Natal do Grupo L\u00edder - A Not\u00edcia Online","description":"H\u00e1 dez anos consecutivos, o Grupo L\u00edder presenteia a popula\u00e7\u00e3o com a maior \u00e1rvore de Natal de Muria\u00e9 e regi\u00e3o. A solenidade do acender das luzes foi realizada noite de segunda-feira (23\/11) e atraiu um grande p\u00fablico para celebrar junto \u00e0 fam\u00edlia Braz o findar de mais um ano. Com 21 metros de altura e","canonical_url":"https:\/\/anoticiaonline.com.br\/site\/acesa-a-10a-arvore-de-natal-do-grupo-lider\/","robots":"max-image-preview:large","keywords":"","webmasterTools":{"miscellaneous":""},"schema":{"@context":"https:\/\/schema.org","@graph":[{"@type":"BlogPosting","@id":"https:\/\/anoticiaonline.com.br\/site\/acesa-a-10a-arvore-de-natal-do-grupo-lider\/#blogposting","name":"Acesa a 10\u00aa \u00c1rvore de Natal do Grupo L\u00edder - A Not\u00edcia Online","headline":"Acesa a 10\u00aa \u00c1rvore de Natal do Grupo L\u00edder","author":{"@id":"https:\/\/anoticiaonline.com.br\/site\/author\/juliana\/#author"},"publisher":{"@id":"https:\/\/anoticiaonline.com.br\/site\/#organization"},"image":{"@type":"ImageObject","url":"https:\/\/anoticiaonline.com.br\/site\/wp-content\/uploads\/2015\/11\/IMG_7198.jpg","width":640,"height":426},"datePublished":"2015-11-24T14:57:33-03:00","dateModified":"2015-11-24T14:57:33-03:00","inLanguage":"pt-BR","mainEntityOfPage":{"@id":"https:\/\/anoticiaonline.com.br\/site\/acesa-a-10a-arvore-de-natal-do-grupo-lider\/#webpage"},"isPartOf":{"@id":"https:\/\/anoticiaonline.com.br\/site\/acesa-a-10a-arvore-de-natal-do-grupo-lider\/#webpage"},"articleSection":"Blog, slide"},{"@type":"BreadcrumbList","@id":"https:\/\/anoticiaonline.com.br\/site\/acesa-a-10a-arvore-de-natal-do-grupo-lider\/#breadcrumblist","itemListElement":[{"@type":"ListItem","@id":"https:\/\/anoticiaonline.com.br\/site#listItem","position":1,"name":"Home","item":"https:\/\/anoticiaonline.com.br\/site","nextItem":{"@type":"ListItem","@id":"https:\/\/anoticiaonline.com.br\/site\/categoria\/muriae\/#listItem","name":"Blog"}},{"@type":"ListItem","@id":"https:\/\/anoticiaonline.com.br\/site\/categoria\/muriae\/#listItem","position":2,"name":"Blog","item":"https:\/\/anoticiaonline.com.br\/site\/categoria\/muriae\/","nextItem":{"@type":"ListItem","@id":"https:\/\/anoticiaonline.com.br\/site\/acesa-a-10a-arvore-de-natal-do-grupo-lider\/#listItem","name":"Acesa a 10\u00aa \u00c1rvore de Natal do Grupo L\u00edder"},"previousItem":{"@type":"ListItem","@id":"https:\/\/anoticiaonline.com.br\/site#listItem","name":"Home"}},{"@type":"ListItem","@id":"https:\/\/anoticiaonline.com.br\/site\/acesa-a-10a-arvore-de-natal-do-grupo-lider\/#listItem","position":3,"name":"Acesa a 10\u00aa \u00c1rvore de Natal do Grupo L\u00edder","previousItem":{"@type":"ListItem","@id":"https:\/\/anoticiaonline.com.br\/site\/categoria\/muriae\/#listItem","name":"Blog"}}]},{"@type":"Organization","@id":"https:\/\/anoticiaonline.com.br\/site\/#organization","name":"A Not\u00edcia Online","description":"Noticias de Muria\u00e9 e regi\u00e3o","url":"https:\/\/anoticiaonline.com.br\/site\/","logo":{"@type":"ImageObject","url":"https:\/\/scontent-gig4-1.xx.fbcdn.net\/v\/t39.30808-1\/270437624_4564083193639691_6907940295614233970_n.jpg?stp=dst-jpg_s200x200_tt6&_nc_cat=111&ccb=1-7&_nc_sid=f907e8&_nc_ohc=SM1wRlP3lJwQ7kNvwEPuBYA&_nc_oc=AdnqrjDN_BNjSSHWO-GbkIWH6fkGMLw4bqvL_NH6e2wMveX7G-rP2dAqsDSq1mJMOaY&_nc_zt=24&_nc_ht=scontent-gig4-1.xx&_nc_gid=AoBFJeGrT1hVaew_6rchkQ&oh=00_AfX7QmFGhQhG2jAllVgXCiM1ZrWgvtp80-Bfppyexh1QEg&oe=689E923C","@id":"https:\/\/anoticiaonline.com.br\/site\/acesa-a-10a-arvore-de-natal-do-grupo-lider\/#organizationLogo"},"image":{"@id":"https:\/\/anoticiaonline.com.br\/site\/acesa-a-10a-arvore-de-natal-do-grupo-lider\/#organizationLogo"}},{"@type":"Person","@id":"https:\/\/anoticiaonline.com.br\/site\/author\/juliana\/#author","url":"https:\/\/anoticiaonline.com.br\/site\/author\/juliana\/","name":"Juliana Laviola","image":{"@type":"ImageObject","@id":"https:\/\/anoticiaonline.com.br\/site\/acesa-a-10a-arvore-de-natal-do-grupo-lider\/#authorImage","url":"https:\/\/secure.gravatar.com\/avatar\/b8d45f5c699b100dfaf0e543582f38f38bf94cb7ae3a5e9abf8d891a34773335?s=96&d=mm&r=g","width":96,"height":96,"caption":"Juliana Laviola"}},{"@type":"WebPage","@id":"https:\/\/anoticiaonline.com.br\/site\/acesa-a-10a-arvore-de-natal-do-grupo-lider\/#webpage","url":"https:\/\/anoticiaonline.com.br\/site\/acesa-a-10a-arvore-de-natal-do-grupo-lider\/","name":"Acesa a 10\u00aa \u00c1rvore de Natal do Grupo L\u00edder - A Not\u00edcia Online","description":"H\u00e1 dez anos consecutivos, o Grupo L\u00edder presenteia a popula\u00e7\u00e3o com a maior \u00e1rvore de Natal de Muria\u00e9 e regi\u00e3o. A solenidade do acender das luzes foi realizada noite de segunda-feira (23\/11) e atraiu um grande p\u00fablico para celebrar junto \u00e0 fam\u00edlia Braz o findar de mais um ano. Com 21 metros de altura e","inLanguage":"pt-BR","isPartOf":{"@id":"https:\/\/anoticiaonline.com.br\/site\/#website"},"breadcrumb":{"@id":"https:\/\/anoticiaonline.com.br\/site\/acesa-a-10a-arvore-de-natal-do-grupo-lider\/#breadcrumblist"},"author":{"@id":"https:\/\/anoticiaonline.com.br\/site\/author\/juliana\/#author"},"creator":{"@id":"https:\/\/anoticiaonline.com.br\/site\/author\/juliana\/#author"},"image":{"@type":"ImageObject","url":"https:\/\/anoticiaonline.com.br\/site\/wp-content\/uploads\/2015\/11\/IMG_7198.jpg","@id":"https:\/\/anoticiaonline.com.br\/site\/acesa-a-10a-arvore-de-natal-do-grupo-lider\/#mainImage","width":640,"height":426},"primaryImageOfPage":{"@id":"https:\/\/anoticiaonline.com.br\/site\/acesa-a-10a-arvore-de-natal-do-grupo-lider\/#mainImage"},"datePublished":"2015-11-24T14:57:33-03:00","dateModified":"2015-11-24T14:57:33-03:00"},{"@type":"WebSite","@id":"https:\/\/anoticiaonline.com.br\/site\/#website","url":"https:\/\/anoticiaonline.com.br\/site\/","name":"A Not\u00edcia Online","description":"Noticias de Muria\u00e9 e regi\u00e3o","inLanguage":"pt-BR","publisher":{"@id":"https:\/\/anoticiaonline.com.br\/site\/#organization"}}]},"og:locale":"pt_BR","og:site_name":"A Not\u00edcia Online - Noticias de Muria\u00e9 e regi\u00e3o","og:type":"article","og:title":"Acesa a 10\u00aa \u00c1rvore de Natal do Grupo L\u00edder - A Not\u00edcia Online","og:description":"H\u00e1 dez anos consecutivos, o Grupo L\u00edder presenteia a popula\u00e7\u00e3o com a maior \u00e1rvore de Natal de Muria\u00e9 e regi\u00e3o. A solenidade do acender das luzes foi realizada noite de segunda-feira (23\/11) e atraiu um grande p\u00fablico para celebrar junto \u00e0 fam\u00edlia Braz o findar de mais um ano. Com 21 metros de altura e","og:url":"https:\/\/anoticiaonline.com.br\/site\/acesa-a-10a-arvore-de-natal-do-grupo-lider\/","og:image":"https:\/\/scontent-gig4-1.xx.fbcdn.net\/v\/t39.30808-1\/270437624_4564083193639691_6907940295614233970_n.jpg?stp=dst-jpg_s200x200_tt6&#038;_nc_cat=111&#038;ccb=1-7&#038;_nc_sid=f907e8&#038;_nc_ohc=SM1wRlP3lJwQ7kNvwEPuBYA&#038;_nc_oc=AdnqrjDN_BNjSSHWO-GbkIWH6fkGMLw4bqvL_NH6e2wMveX7G-rP2dAqsDSq1mJMOaY&#038;_nc_zt=24&#038;_nc_ht=scontent-gig4-1.xx&#038;_nc_gid=AoBFJeGrT1hVaew_6rchkQ&#038;oh=00_AfX7QmFGhQhG2jAllVgXCiM1ZrWgvtp80-Bfppyexh1QEg&#038;oe=689E923C","og:image:secure_url":"https:\/\/scontent-gig4-1.xx.fbcdn.net\/v\/t39.30808-1\/270437624_4564083193639691_6907940295614233970_n.jpg?stp=dst-jpg_s200x200_tt6&#038;_nc_cat=111&#038;ccb=1-7&#038;_nc_sid=f907e8&#038;_nc_ohc=SM1wRlP3lJwQ7kNvwEPuBYA&#038;_nc_oc=AdnqrjDN_BNjSSHWO-GbkIWH6fkGMLw4bqvL_NH6e2wMveX7G-rP2dAqsDSq1mJMOaY&#038;_nc_zt=24&#038;_nc_ht=scontent-gig4-1.xx&#038;_nc_gid=AoBFJeGrT1hVaew_6rchkQ&#038;oh=00_AfX7QmFGhQhG2jAllVgXCiM1ZrWgvtp80-Bfppyexh1QEg&#038;oe=689E923C","article:published_time":"2015-11-24T17:57:33+00:00","article:modified_time":"2015-11-24T17:57:33+00:00","twitter:card":"summary_large_image","twitter:title":"Acesa a 10\u00aa \u00c1rvore de Natal do Grupo L\u00edder - A Not\u00edcia Online","twitter:description":"H\u00e1 dez anos consecutivos, o Grupo L\u00edder presenteia a popula\u00e7\u00e3o com a maior \u00e1rvore de Natal de Muria\u00e9 e regi\u00e3o. A solenidade do acender das luzes foi realizada noite de segunda-feira (23\/11) e atraiu um grande p\u00fablico para celebrar junto \u00e0 fam\u00edlia Braz o findar de mais um ano. Com 21 metros de altura e","twitter:image":"https:\/\/scontent-gig4-1.xx.fbcdn.net\/v\/t39.30808-1\/270437624_4564083193639691_6907940295614233970_n.jpg?stp=dst-jpg_s200x200_tt6&_nc_cat=111&ccb=1-7&_nc_sid=f907e8&_nc_ohc=SM1wRlP3lJwQ7kNvwEPuBYA&_nc_oc=AdnqrjDN_BNjSSHWO-GbkIWH6fkGMLw4bqvL_NH6e2wMveX7G-rP2dAqsDSq1mJMOaY&_nc_zt=24&_nc_ht=scontent-gig4-1.xx&_nc_gid=AoBFJeGrT1hVaew_6rchkQ&oh=00_AfX7QmFGhQhG2jAllVgXCiM1ZrWgvtp80-Bfppyexh1QEg&oe=689E923C"},"aioseo_meta_data":{"post_id":"6689","title":null,"description":null,"keywords":null,"keyphrases":null,"primary_term":null,"canonical_url":null,"og_title":null,"og_description":null,"og_object_type":"default","og_image_type":"default","og_image_url":null,"og_image_width":null,"og_image_height":null,"og_image_custom_url":null,"og_image_custom_fields":null,"og_video":null,"og_custom_url":null,"og_article_section":null,"og_article_tags":null,"twitter_use_og":false,"twitter_card":"default","twitter_image_type":"default","twitter_image_url":null,"twitter_image_custom_url":null,"twitter_image_custom_fields":null,"twitter_title":null,"twitter_description":null,"schema":{"blockGraphs":[],"customGraphs":[],"default":{"data":{"Article":[],"Course":[],"Dataset":[],"FAQPage":[],"Movie":[],"Person":[],"Product":[],"ProductReview":[],"Car":[],"Recipe":[],"Service":[],"SoftwareApplication":[],"WebPage":[]},"graphName":"","isEnabled":true},"graphs":[]},"schema_type":"default","schema_type_options":null,"pillar_content":false,"robots_default":true,"robots_noindex":false,"robots_noarchive":false,"robots_nosnippet":false,"robots_nofollow":false,"robots_noimageindex":false,"robots_noodp":false,"robots_notranslate":false,"robots_max_snippet":null,"robots_max_videopreview":null,"robots_max_imagepreview":"large","priority":null,"frequency":null,"local_seo":null,"breadcrumb_settings":null,"limit_modified_date":false,"ai":null,"created":"2025-08-16 14:13:23","updated":"2025-08-16 14:13:23","focus_keyword":null,"additional_keywords":null,"truseo_locale":null,"seo_analyzer_scan_date":null},"aioseo_breadcrumb":"<div class=\"aioseo-breadcrumbs\"><span class=\"aioseo-breadcrumb\">\n\t\t\t<a href=\"https:\/\/anoticiaonline.com.br\/site\" title=\"Home\">Home<\/a>\n\t\t<\/span><span class=\"aioseo-breadcrumb-separator\">&raquo;<\/span><span class=\"aioseo-breadcrumb\">\n\t\t\t<a href=\"https:\/\/anoticiaonline.com.br\/site\/categoria\/muriae\/\" title=\"Blog\">Blog<\/a>\n\t\t<\/span><span class=\"aioseo-breadcrumb-separator\">&raquo;<\/span><span class=\"aioseo-breadcrumb\">\n\t\t\tAcesa a 10\u00aa \u00c1rvore de Natal do Grupo L\u00edder\n\t\t<\/span><\/div>","aioseo_breadcrumb_json":[{"label":"Home","link":"https:\/\/anoticiaonline.com.br\/site"},{"label":"Blog","link":"https:\/\/anoticiaonline.com.br\/site\/categoria\/muriae\/"},{"label":"Acesa a 10\u00aa \u00c1rvore de Natal do Grupo L\u00edder","link":"https:\/\/anoticiaonline.com.br\/site\/acesa-a-10a-arvore-de-natal-do-grupo-lider\/"}],"views":165,"_links":{"self":[{"href":"https:\/\/anoticiaonline.com.br\/site\/wp-json\/wp\/v2\/posts\/6689","targetHints":{"allow":["GET"]}}],"collection":[{"href":"https:\/\/anoticiaonline.com.br\/site\/wp-json\/wp\/v2\/posts"}],"about":[{"href":"https:\/\/anoticiaonline.com.br\/site\/wp-json\/wp\/v2\/types\/post"}],"author":[{"embeddable":true,"href":"https:\/\/anoticiaonline.com.br\/site\/wp-json\/wp\/v2\/users\/2"}],"replies":[{"embeddable":true,"href":"https:\/\/anoticiaonline.com.br\/site\/wp-json\/wp\/v2\/comments?post=6689"}],"version-history":[{"count":0,"href":"https:\/\/anoticiaonline.com.br\/site\/wp-json\/wp\/v2\/posts\/6689\/revisions"}],"wp:featuredmedia":[{"embeddable":true,"href":"https:\/\/anoticiaonline.com.br\/site\/wp-json\/wp\/v2\/media\/6690"}],"wp:attachment":[{"href":"https:\/\/anoticiaonline.com.br\/site\/wp-json\/wp\/v2\/media?parent=6689"}],"wp:term":[{"taxonomy":"category","embeddable":true,"href":"https:\/\/anoticiaonline.com.br\/site\/wp-json\/wp\/v2\/categories?post=6689"},{"taxonomy":"post_tag","embeddable":true,"href":"https:\/\/anoticiaonline.com.br\/site\/wp-json\/wp\/v2\/tags?post=6689"}],"curies":[{"name":"wp","href":"https:\/\/api.w.org\/{rel}","templated":true}]}}