{"id":6686,"date":"2015-11-24T10:20:08","date_gmt":"2015-11-24T13:20:08","guid":{"rendered":"http:\/\/anoticiaonline.com.br\/site\/?p=6686"},"modified":"2015-11-24T10:20:08","modified_gmt":"2015-11-24T13:20:08","slug":"carangola-homem-e-condenado-a-81-anos-de-prisao-por-matar-mulher-e-enteados","status":"publish","type":"post","link":"https:\/\/anoticiaonline.com.br\/site\/carangola-homem-e-condenado-a-81-anos-de-prisao-por-matar-mulher-e-enteados\/","title":{"rendered":"Carangola: homem \u00e9 condenado a 81 anos de pris\u00e3o por matar mulher e enteados"},"content":{"rendered":"<figure id=\"attachment_6687\" aria-describedby=\"caption-attachment-6687\" style=\"width: 290px\" class=\"wp-caption alignleft\"><a href=\"https:\/\/anoticiaonline.com.br\/site\/wp-content\/uploads\/2015\/11\/foto-capa.jpg\"><img fetchpriority=\"high\" decoding=\"async\" class=\"size-medium wp-image-6687\" src=\"https:\/\/anoticiaonline.com.br\/site\/wp-content\/uploads\/2015\/11\/foto-capa-300x200.jpg\" alt=\"Crime aconteceu nesta casa, em 23\/11\/2014 (Foto: Site \u00c9 o Combatente) \" width=\"300\" height=\"200\" srcset=\"https:\/\/anoticiaonline.com.br\/site\/wp-content\/uploads\/2015\/11\/foto-capa-300x200.jpg 300w, https:\/\/anoticiaonline.com.br\/site\/wp-content\/uploads\/2015\/11\/foto-capa.jpg 640w\" sizes=\"(max-width: 300px) 100vw, 300px\" \/><\/a><figcaption id=\"caption-attachment-6687\" class=\"wp-caption-text\">Crime aconteceu nesta casa, em 23\/11\/2014 (Foto: Site \u00c9 o Combatente)<\/figcaption><\/figure>\n<p>Um homem, principal suspeito de ser o autor de um crime b\u00e1rbaro que chocou a cidade de Carangola em novembro do ano passado, foi condenado pelo Tribunal do J\u00fari da Comarca daquele munic\u00edpio a 81 anos e 3 meses, em regime inicialmente fechado, por ter matado sua mulher e seus dois enteados. Ap\u00f3s a decis\u00e3o dos jurados pela condena\u00e7\u00e3o, a senten\u00e7a foi lida pelo juiz Geraldo Magela Reis Alves, que presidiu a sess\u00e3o.<\/p>\n<p>Segundo a den\u00fancia do Minist\u00e9rio P\u00fablico, na madrugada do dia 23 de novembro de 2014, por volta das 2 horas da manh\u00e3, o r\u00e9u assassinou, com diversos golpes de enxadinha, sua mulher, Maria da Penha Amorim Mendes, de 43 anos, e seus dois enteados, filhos dela &#8211; Ana Cl\u00e1udia Amorim Mendes, de 22 anos de idade, com problemas f\u00edsicos e mentais, e Claudimar Amorim Mendes, de 18 anos. As v\u00edtimas estavam dormindo no momento do crime, o que dificultou a defesa.<\/p>\n<p>Ap\u00f3s constatar a morte das v\u00edtimas, o r\u00e9u tomou banho, trocou de roupa e fugiu em um ve\u00edculo de propriedade de sua mulher, segundo o TJMG. Ele foi preso h\u00e1 sete meses em Te\u00f3filo Otoni.<\/p>\n<p>A promotora de Justi\u00e7a, Cristiane Campos de Amorim Barony, sustentou nos debates que existe um conjunto probat\u00f3rio forte o suficiente para a condena\u00e7\u00e3o. V\u00e1rios ind\u00edcios indicaram a autoria, entre eles, o fato de o acusado ter abandonado a resid\u00eancia na noite do crime, permanecendo em local ignorado at\u00e9 sua pris\u00e3o. Segundo a per\u00edcia, n\u00e3o houve sinais de arrombamento na resid\u00eancia \u2013 que tinha as portas e janelas trancadas \u2013, n\u00e3o havendo ind\u00edcios de que ali tenham ingressado terceiros estranhos ao n\u00facleo familiar. Al\u00e9m disso, segundo a per\u00edcia, n\u00e3o h\u00e1 sinais de que as v\u00edtimas teriam entrado em luta corporal com o autor do crime.<\/p>\n<p>A defesa, por sua vez, alegou n\u00e3o haver provas irrefut\u00e1veis de autoria, como a constata\u00e7\u00e3o das impress\u00f5es digitais na arma do crime. Segundo o advogado Jo\u00e3o Pereira Neto, a per\u00edcia tamb\u00e9m n\u00e3o soube afirmar a ordem na qual as v\u00edtimas foram mortas. Para ele, h\u00e1 apenas ind\u00edcios e a condena\u00e7\u00e3o s\u00f3 pode se dar quando se tem a certeza. Ele defendeu ainda que o julgamento n\u00e3o pode levar em considera\u00e7\u00e3o o clamor p\u00fablico provocado pela barbaridade do crime.<\/p>\n<p>Os jurados, contudo, votaram pela condena\u00e7\u00e3o. Ao proferir a senten\u00e7a, o juiz Geraldo Magela Reis Alves observou que foi reconhecido que \u201cos crimes foram praticados mediante o emprego de meio cruel, consistente em reiterados golpes que causaram sofrimento intenso a cada uma das v\u00edtimas, bem como houve o emprego de recurso que dificultou ou impossibilitou a defesa das v\u00edtimas, pois foram surpreendidas quando j\u00e1 estavam dormindo\u201d.<\/p>\n<p>O r\u00e9u foi condenado por homic\u00eddio qualificado, considerando o emprego de meio cruel. O juiz considerou como agravante o emprego de recurso que dificultou ou impossibilitou a defesa das tr\u00eas v\u00edtimas. No caso da esposa, houve ainda o agravante pelo fato de ser c\u00f4njuge. No caso dos enteados, o fato de morarem com o r\u00e9u e, especificamente no caso da jovem, o fato de ela ter defici\u00eancia f\u00edsica e mental.<\/p>\n<p>A pena total, de 81 anos e 3 meses, dever\u00e1 ser cumprida inicialmente em regime fechado, sendo que o r\u00e9u aguardar\u00e1 o recurso preso. A audi\u00eancia foi realizada no dia 18 deste m\u00eas.<\/p>\n","protected":false},"excerpt":{"rendered":"<p>Um homem, principal suspeito de ser o autor de um crime b\u00e1rbaro que chocou a cidade de Carangola em novembro do ano passado, foi condenado pelo Tribunal do J\u00fari da Comarca daquele munic\u00edpio a 81 anos e 3 meses, em regime inicialmente fechado, por ter matado sua mulher e seus dois enteados. Ap\u00f3s a decis\u00e3o &#8230; <a title=\"Carangola: homem \u00e9 condenado a 81 anos de pris\u00e3o por matar mulher e enteados\" class=\"read-more\" href=\"https:\/\/anoticiaonline.com.br\/site\/carangola-homem-e-condenado-a-81-anos-de-prisao-por-matar-mulher-e-enteados\/\" aria-label=\"Read more about Carangola: homem \u00e9 condenado a 81 anos de pris\u00e3o por matar mulher e enteados\">Ler mais<\/a><\/p>\n","protected":false},"author":2,"featured_media":6687,"comment_status":"open","ping_status":"open","sticky":false,"template":"","format":"standard","meta":{"_acf_changed":false,"_monsterinsights_skip_tracking":false,"footnotes":""},"categories":[6],"tags":[3],"class_list":["post-6686","post","type-post","status-publish","format-standard","has-post-thumbnail","hentry","category-regiao","tag-slide"],"acf":[],"aioseo_notices":[],"aioseo_head":"\n\t\t<!-- All in One SEO 5.0.0.1 - aioseo.com -->\n\t<meta name=\"description\" content=\"Um homem, principal suspeito de ser o autor de um crime b\u00e1rbaro que chocou a cidade de Carangola em novembro do ano passado, foi condenado pelo Tribunal do J\u00fari da Comarca daquele munic\u00edpio a 81 anos e 3 meses, em regime inicialmente fechado, por ter matado sua mulher e seus dois enteados. Ap\u00f3s a decis\u00e3o\" \/>\n\t<meta name=\"robots\" content=\"max-image-preview:large\" \/>\n\t<meta name=\"author\" content=\"Juliana Laviola\"\/>\n\t<link rel=\"canonical\" href=\"https:\/\/anoticiaonline.com.br\/site\/carangola-homem-e-condenado-a-81-anos-de-prisao-por-matar-mulher-e-enteados\/\" \/>\n\t<meta name=\"generator\" content=\"All in One SEO (AIOSEO) 5.0.0.1\" \/>\n\t\t<meta property=\"og:locale\" content=\"pt_BR\" \/>\n\t\t<meta property=\"og:site_name\" content=\"A Not\u00edcia Online - Noticias de Muria\u00e9 e regi\u00e3o\" \/>\n\t\t<meta property=\"og:type\" content=\"article\" \/>\n\t\t<meta property=\"og:title\" content=\"Carangola: homem \u00e9 condenado a 81 anos de pris\u00e3o por matar mulher e enteados - A Not\u00edcia Online\" \/>\n\t\t<meta property=\"og:description\" content=\"Um homem, principal suspeito de ser o autor de um crime b\u00e1rbaro que chocou a cidade de Carangola em novembro do ano passado, foi condenado pelo Tribunal do J\u00fari da Comarca daquele munic\u00edpio a 81 anos e 3 meses, em regime inicialmente fechado, por ter matado sua mulher e seus dois enteados. Ap\u00f3s a decis\u00e3o\" \/>\n\t\t<meta property=\"og:url\" content=\"https:\/\/anoticiaonline.com.br\/site\/carangola-homem-e-condenado-a-81-anos-de-prisao-por-matar-mulher-e-enteados\/\" \/>\n\t\t<meta property=\"og:image\" content=\"https:\/\/scontent-gig4-1.xx.fbcdn.net\/v\/t39.30808-1\/270437624_4564083193639691_6907940295614233970_n.jpg?stp=dst-jpg_s200x200_tt6&#038;_nc_cat=111&#038;ccb=1-7&#038;_nc_sid=f907e8&#038;_nc_ohc=SM1wRlP3lJwQ7kNvwEPuBYA&#038;_nc_oc=AdnqrjDN_BNjSSHWO-GbkIWH6fkGMLw4bqvL_NH6e2wMveX7G-rP2dAqsDSq1mJMOaY&#038;_nc_zt=24&#038;_nc_ht=scontent-gig4-1.xx&#038;_nc_gid=AoBFJeGrT1hVaew_6rchkQ&#038;oh=00_AfX7QmFGhQhG2jAllVgXCiM1ZrWgvtp80-Bfppyexh1QEg&#038;oe=689E923C\" \/>\n\t\t<meta property=\"og:image:secure_url\" content=\"https:\/\/scontent-gig4-1.xx.fbcdn.net\/v\/t39.30808-1\/270437624_4564083193639691_6907940295614233970_n.jpg?stp=dst-jpg_s200x200_tt6&#038;_nc_cat=111&#038;ccb=1-7&#038;_nc_sid=f907e8&#038;_nc_ohc=SM1wRlP3lJwQ7kNvwEPuBYA&#038;_nc_oc=AdnqrjDN_BNjSSHWO-GbkIWH6fkGMLw4bqvL_NH6e2wMveX7G-rP2dAqsDSq1mJMOaY&#038;_nc_zt=24&#038;_nc_ht=scontent-gig4-1.xx&#038;_nc_gid=AoBFJeGrT1hVaew_6rchkQ&#038;oh=00_AfX7QmFGhQhG2jAllVgXCiM1ZrWgvtp80-Bfppyexh1QEg&#038;oe=689E923C\" \/>\n\t\t<meta property=\"article:published_time\" content=\"2015-11-24T13:20:08+00:00\" \/>\n\t\t<meta property=\"article:modified_time\" content=\"2015-11-24T13:20:08+00:00\" \/>\n\t\t<meta name=\"twitter:card\" content=\"summary_large_image\" \/>\n\t\t<meta name=\"twitter:title\" content=\"Carangola: homem \u00e9 condenado a 81 anos de pris\u00e3o por matar mulher e enteados - A Not\u00edcia Online\" \/>\n\t\t<meta name=\"twitter:description\" content=\"Um homem, principal suspeito de ser o autor de um crime b\u00e1rbaro que chocou a cidade de Carangola em novembro do ano passado, foi condenado pelo Tribunal do J\u00fari da Comarca daquele munic\u00edpio a 81 anos e 3 meses, em regime inicialmente fechado, por ter matado sua mulher e seus dois enteados. Ap\u00f3s a decis\u00e3o\" \/>\n\t\t<meta name=\"twitter:image\" content=\"https:\/\/scontent-gig4-1.xx.fbcdn.net\/v\/t39.30808-1\/270437624_4564083193639691_6907940295614233970_n.jpg?stp=dst-jpg_s200x200_tt6&amp;_nc_cat=111&amp;ccb=1-7&amp;_nc_sid=f907e8&amp;_nc_ohc=SM1wRlP3lJwQ7kNvwEPuBYA&amp;_nc_oc=AdnqrjDN_BNjSSHWO-GbkIWH6fkGMLw4bqvL_NH6e2wMveX7G-rP2dAqsDSq1mJMOaY&amp;_nc_zt=24&amp;_nc_ht=scontent-gig4-1.xx&amp;_nc_gid=AoBFJeGrT1hVaew_6rchkQ&amp;oh=00_AfX7QmFGhQhG2jAllVgXCiM1ZrWgvtp80-Bfppyexh1QEg&amp;oe=689E923C\" \/>\n\t\t<script type=\"application\/ld+json\" class=\"aioseo-schema\">\n\t\t\t{\"@context\":\"https:\\\/\\\/schema.org\",\"@graph\":[{\"@type\":\"BlogPosting\",\"@id\":\"https:\\\/\\\/anoticiaonline.com.br\\\/site\\\/carangola-homem-e-condenado-a-81-anos-de-prisao-por-matar-mulher-e-enteados\\\/#blogposting\",\"name\":\"Carangola: homem \\u00e9 condenado a 81 anos de pris\\u00e3o por matar mulher e enteados - A Not\\u00edcia Online\",\"headline\":\"Carangola: homem \\u00e9 condenado a 81 anos de pris\\u00e3o por matar mulher e enteados\",\"author\":{\"@id\":\"https:\\\/\\\/anoticiaonline.com.br\\\/site\\\/author\\\/juliana\\\/#author\"},\"publisher\":{\"@id\":\"https:\\\/\\\/anoticiaonline.com.br\\\/site\\\/#organization\"},\"image\":{\"@type\":\"ImageObject\",\"url\":\"https:\\\/\\\/anoticiaonline.com.br\\\/site\\\/wp-content\\\/uploads\\\/2015\\\/11\\\/foto-capa.jpg\",\"width\":640,\"height\":427,\"caption\":\"Crime aconteceu nesta casa, em 23\\\/11\\\/2014 (Foto: Site \\u00c9 o Combatente)\"},\"datePublished\":\"2015-11-24T10:20:08-03:00\",\"dateModified\":\"2015-11-24T10:20:08-03:00\",\"inLanguage\":\"pt-BR\",\"mainEntityOfPage\":{\"@id\":\"https:\\\/\\\/anoticiaonline.com.br\\\/site\\\/carangola-homem-e-condenado-a-81-anos-de-prisao-por-matar-mulher-e-enteados\\\/#webpage\"},\"isPartOf\":{\"@id\":\"https:\\\/\\\/anoticiaonline.com.br\\\/site\\\/carangola-homem-e-condenado-a-81-anos-de-prisao-por-matar-mulher-e-enteados\\\/#webpage\"},\"articleSection\":\"Regi\\u00e3o, slide\"},{\"@type\":\"BreadcrumbList\",\"@id\":\"https:\\\/\\\/anoticiaonline.com.br\\\/site\\\/carangola-homem-e-condenado-a-81-anos-de-prisao-por-matar-mulher-e-enteados\\\/#breadcrumblist\",\"itemListElement\":[{\"@type\":\"ListItem\",\"@id\":\"https:\\\/\\\/anoticiaonline.com.br\\\/site#listItem\",\"position\":1,\"name\":\"Home\",\"item\":\"https:\\\/\\\/anoticiaonline.com.br\\\/site\",\"nextItem\":{\"@type\":\"ListItem\",\"@id\":\"https:\\\/\\\/anoticiaonline.com.br\\\/site\\\/categoria\\\/regiao\\\/#listItem\",\"name\":\"Regi\\u00e3o\"}},{\"@type\":\"ListItem\",\"@id\":\"https:\\\/\\\/anoticiaonline.com.br\\\/site\\\/categoria\\\/regiao\\\/#listItem\",\"position\":2,\"name\":\"Regi\\u00e3o\",\"item\":\"https:\\\/\\\/anoticiaonline.com.br\\\/site\\\/categoria\\\/regiao\\\/\",\"nextItem\":{\"@type\":\"ListItem\",\"@id\":\"https:\\\/\\\/anoticiaonline.com.br\\\/site\\\/carangola-homem-e-condenado-a-81-anos-de-prisao-por-matar-mulher-e-enteados\\\/#listItem\",\"name\":\"Carangola: homem \\u00e9 condenado a 81 anos de pris\\u00e3o por matar mulher e enteados\"},\"previousItem\":{\"@type\":\"ListItem\",\"@id\":\"https:\\\/\\\/anoticiaonline.com.br\\\/site#listItem\",\"name\":\"Home\"}},{\"@type\":\"ListItem\",\"@id\":\"https:\\\/\\\/anoticiaonline.com.br\\\/site\\\/carangola-homem-e-condenado-a-81-anos-de-prisao-por-matar-mulher-e-enteados\\\/#listItem\",\"position\":3,\"name\":\"Carangola: homem \\u00e9 condenado a 81 anos de pris\\u00e3o por matar mulher e enteados\",\"previousItem\":{\"@type\":\"ListItem\",\"@id\":\"https:\\\/\\\/anoticiaonline.com.br\\\/site\\\/categoria\\\/regiao\\\/#listItem\",\"name\":\"Regi\\u00e3o\"}}]},{\"@type\":\"Organization\",\"@id\":\"https:\\\/\\\/anoticiaonline.com.br\\\/site\\\/#organization\",\"name\":\"A Not\\u00edcia Online\",\"description\":\"Noticias de Muria\\u00e9 e regi\\u00e3o\",\"url\":\"https:\\\/\\\/anoticiaonline.com.br\\\/site\\\/\",\"logo\":{\"@type\":\"ImageObject\",\"url\":\"https:\\\/\\\/scontent-gig4-1.xx.fbcdn.net\\\/v\\\/t39.30808-1\\\/270437624_4564083193639691_6907940295614233970_n.jpg?stp=dst-jpg_s200x200_tt6&_nc_cat=111&ccb=1-7&_nc_sid=f907e8&_nc_ohc=SM1wRlP3lJwQ7kNvwEPuBYA&_nc_oc=AdnqrjDN_BNjSSHWO-GbkIWH6fkGMLw4bqvL_NH6e2wMveX7G-rP2dAqsDSq1mJMOaY&_nc_zt=24&_nc_ht=scontent-gig4-1.xx&_nc_gid=AoBFJeGrT1hVaew_6rchkQ&oh=00_AfX7QmFGhQhG2jAllVgXCiM1ZrWgvtp80-Bfppyexh1QEg&oe=689E923C\",\"@id\":\"https:\\\/\\\/anoticiaonline.com.br\\\/site\\\/carangola-homem-e-condenado-a-81-anos-de-prisao-por-matar-mulher-e-enteados\\\/#organizationLogo\"},\"image\":{\"@id\":\"https:\\\/\\\/anoticiaonline.com.br\\\/site\\\/carangola-homem-e-condenado-a-81-anos-de-prisao-por-matar-mulher-e-enteados\\\/#organizationLogo\"}},{\"@type\":\"Person\",\"@id\":\"https:\\\/\\\/anoticiaonline.com.br\\\/site\\\/author\\\/juliana\\\/#author\",\"url\":\"https:\\\/\\\/anoticiaonline.com.br\\\/site\\\/author\\\/juliana\\\/\",\"name\":\"Juliana Laviola\",\"image\":{\"@type\":\"ImageObject\",\"@id\":\"https:\\\/\\\/anoticiaonline.com.br\\\/site\\\/carangola-homem-e-condenado-a-81-anos-de-prisao-por-matar-mulher-e-enteados\\\/#authorImage\",\"url\":\"https:\\\/\\\/secure.gravatar.com\\\/avatar\\\/b8d45f5c699b100dfaf0e543582f38f38bf94cb7ae3a5e9abf8d891a34773335?s=96&d=mm&r=g\",\"width\":96,\"height\":96,\"caption\":\"Juliana Laviola\"}},{\"@type\":\"WebPage\",\"@id\":\"https:\\\/\\\/anoticiaonline.com.br\\\/site\\\/carangola-homem-e-condenado-a-81-anos-de-prisao-por-matar-mulher-e-enteados\\\/#webpage\",\"url\":\"https:\\\/\\\/anoticiaonline.com.br\\\/site\\\/carangola-homem-e-condenado-a-81-anos-de-prisao-por-matar-mulher-e-enteados\\\/\",\"name\":\"Carangola: homem \\u00e9 condenado a 81 anos de pris\\u00e3o por matar mulher e enteados - A Not\\u00edcia Online\",\"description\":\"Um homem, principal suspeito de ser o autor de um crime b\\u00e1rbaro que chocou a cidade de Carangola em novembro do ano passado, foi condenado pelo Tribunal do J\\u00fari da Comarca daquele munic\\u00edpio a 81 anos e 3 meses, em regime inicialmente fechado, por ter matado sua mulher e seus dois enteados. Ap\\u00f3s a decis\\u00e3o\",\"inLanguage\":\"pt-BR\",\"isPartOf\":{\"@id\":\"https:\\\/\\\/anoticiaonline.com.br\\\/site\\\/#website\"},\"breadcrumb\":{\"@id\":\"https:\\\/\\\/anoticiaonline.com.br\\\/site\\\/carangola-homem-e-condenado-a-81-anos-de-prisao-por-matar-mulher-e-enteados\\\/#breadcrumblist\"},\"author\":{\"@id\":\"https:\\\/\\\/anoticiaonline.com.br\\\/site\\\/author\\\/juliana\\\/#author\"},\"creator\":{\"@id\":\"https:\\\/\\\/anoticiaonline.com.br\\\/site\\\/author\\\/juliana\\\/#author\"},\"image\":{\"@type\":\"ImageObject\",\"url\":\"https:\\\/\\\/anoticiaonline.com.br\\\/site\\\/wp-content\\\/uploads\\\/2015\\\/11\\\/foto-capa.jpg\",\"@id\":\"https:\\\/\\\/anoticiaonline.com.br\\\/site\\\/carangola-homem-e-condenado-a-81-anos-de-prisao-por-matar-mulher-e-enteados\\\/#mainImage\",\"width\":640,\"height\":427,\"caption\":\"Crime aconteceu nesta casa, em 23\\\/11\\\/2014 (Foto: Site \\u00c9 o Combatente)\"},\"primaryImageOfPage\":{\"@id\":\"https:\\\/\\\/anoticiaonline.com.br\\\/site\\\/carangola-homem-e-condenado-a-81-anos-de-prisao-por-matar-mulher-e-enteados\\\/#mainImage\"},\"datePublished\":\"2015-11-24T10:20:08-03:00\",\"dateModified\":\"2015-11-24T10:20:08-03:00\"},{\"@type\":\"WebSite\",\"@id\":\"https:\\\/\\\/anoticiaonline.com.br\\\/site\\\/#website\",\"url\":\"https:\\\/\\\/anoticiaonline.com.br\\\/site\\\/\",\"name\":\"A Not\\u00edcia Online\",\"description\":\"Noticias de Muria\\u00e9 e regi\\u00e3o\",\"inLanguage\":\"pt-BR\",\"publisher\":{\"@id\":\"https:\\\/\\\/anoticiaonline.com.br\\\/site\\\/#organization\"}}]}\n\t\t<\/script>\n\t\t<!-- All in One SEO -->\n\n","aioseo_head_json":{"title":"Carangola: homem \u00e9 condenado a 81 anos de pris\u00e3o por matar mulher e enteados - A Not\u00edcia Online","description":"Um homem, principal suspeito de ser o autor de um crime b\u00e1rbaro que chocou a cidade de Carangola em novembro do ano passado, foi condenado pelo Tribunal do J\u00fari da Comarca daquele munic\u00edpio a 81 anos e 3 meses, em regime inicialmente fechado, por ter matado sua mulher e seus dois enteados. Ap\u00f3s a decis\u00e3o","canonical_url":"https:\/\/anoticiaonline.com.br\/site\/carangola-homem-e-condenado-a-81-anos-de-prisao-por-matar-mulher-e-enteados\/","robots":"max-image-preview:large","keywords":"","webmasterTools":{"miscellaneous":""},"schema":{"@context":"https:\/\/schema.org","@graph":[{"@type":"BlogPosting","@id":"https:\/\/anoticiaonline.com.br\/site\/carangola-homem-e-condenado-a-81-anos-de-prisao-por-matar-mulher-e-enteados\/#blogposting","name":"Carangola: homem \u00e9 condenado a 81 anos de pris\u00e3o por matar mulher e enteados - A Not\u00edcia Online","headline":"Carangola: homem \u00e9 condenado a 81 anos de pris\u00e3o por matar mulher e enteados","author":{"@id":"https:\/\/anoticiaonline.com.br\/site\/author\/juliana\/#author"},"publisher":{"@id":"https:\/\/anoticiaonline.com.br\/site\/#organization"},"image":{"@type":"ImageObject","url":"https:\/\/anoticiaonline.com.br\/site\/wp-content\/uploads\/2015\/11\/foto-capa.jpg","width":640,"height":427,"caption":"Crime aconteceu nesta casa, em 23\/11\/2014 (Foto: Site \u00c9 o Combatente)"},"datePublished":"2015-11-24T10:20:08-03:00","dateModified":"2015-11-24T10:20:08-03:00","inLanguage":"pt-BR","mainEntityOfPage":{"@id":"https:\/\/anoticiaonline.com.br\/site\/carangola-homem-e-condenado-a-81-anos-de-prisao-por-matar-mulher-e-enteados\/#webpage"},"isPartOf":{"@id":"https:\/\/anoticiaonline.com.br\/site\/carangola-homem-e-condenado-a-81-anos-de-prisao-por-matar-mulher-e-enteados\/#webpage"},"articleSection":"Regi\u00e3o, slide"},{"@type":"BreadcrumbList","@id":"https:\/\/anoticiaonline.com.br\/site\/carangola-homem-e-condenado-a-81-anos-de-prisao-por-matar-mulher-e-enteados\/#breadcrumblist","itemListElement":[{"@type":"ListItem","@id":"https:\/\/anoticiaonline.com.br\/site#listItem","position":1,"name":"Home","item":"https:\/\/anoticiaonline.com.br\/site","nextItem":{"@type":"ListItem","@id":"https:\/\/anoticiaonline.com.br\/site\/categoria\/regiao\/#listItem","name":"Regi\u00e3o"}},{"@type":"ListItem","@id":"https:\/\/anoticiaonline.com.br\/site\/categoria\/regiao\/#listItem","position":2,"name":"Regi\u00e3o","item":"https:\/\/anoticiaonline.com.br\/site\/categoria\/regiao\/","nextItem":{"@type":"ListItem","@id":"https:\/\/anoticiaonline.com.br\/site\/carangola-homem-e-condenado-a-81-anos-de-prisao-por-matar-mulher-e-enteados\/#listItem","name":"Carangola: homem \u00e9 condenado a 81 anos de pris\u00e3o por matar mulher e enteados"},"previousItem":{"@type":"ListItem","@id":"https:\/\/anoticiaonline.com.br\/site#listItem","name":"Home"}},{"@type":"ListItem","@id":"https:\/\/anoticiaonline.com.br\/site\/carangola-homem-e-condenado-a-81-anos-de-prisao-por-matar-mulher-e-enteados\/#listItem","position":3,"name":"Carangola: homem \u00e9 condenado a 81 anos de pris\u00e3o por matar mulher e enteados","previousItem":{"@type":"ListItem","@id":"https:\/\/anoticiaonline.com.br\/site\/categoria\/regiao\/#listItem","name":"Regi\u00e3o"}}]},{"@type":"Organization","@id":"https:\/\/anoticiaonline.com.br\/site\/#organization","name":"A Not\u00edcia Online","description":"Noticias de Muria\u00e9 e regi\u00e3o","url":"https:\/\/anoticiaonline.com.br\/site\/","logo":{"@type":"ImageObject","url":"https:\/\/scontent-gig4-1.xx.fbcdn.net\/v\/t39.30808-1\/270437624_4564083193639691_6907940295614233970_n.jpg?stp=dst-jpg_s200x200_tt6&_nc_cat=111&ccb=1-7&_nc_sid=f907e8&_nc_ohc=SM1wRlP3lJwQ7kNvwEPuBYA&_nc_oc=AdnqrjDN_BNjSSHWO-GbkIWH6fkGMLw4bqvL_NH6e2wMveX7G-rP2dAqsDSq1mJMOaY&_nc_zt=24&_nc_ht=scontent-gig4-1.xx&_nc_gid=AoBFJeGrT1hVaew_6rchkQ&oh=00_AfX7QmFGhQhG2jAllVgXCiM1ZrWgvtp80-Bfppyexh1QEg&oe=689E923C","@id":"https:\/\/anoticiaonline.com.br\/site\/carangola-homem-e-condenado-a-81-anos-de-prisao-por-matar-mulher-e-enteados\/#organizationLogo"},"image":{"@id":"https:\/\/anoticiaonline.com.br\/site\/carangola-homem-e-condenado-a-81-anos-de-prisao-por-matar-mulher-e-enteados\/#organizationLogo"}},{"@type":"Person","@id":"https:\/\/anoticiaonline.com.br\/site\/author\/juliana\/#author","url":"https:\/\/anoticiaonline.com.br\/site\/author\/juliana\/","name":"Juliana Laviola","image":{"@type":"ImageObject","@id":"https:\/\/anoticiaonline.com.br\/site\/carangola-homem-e-condenado-a-81-anos-de-prisao-por-matar-mulher-e-enteados\/#authorImage","url":"https:\/\/secure.gravatar.com\/avatar\/b8d45f5c699b100dfaf0e543582f38f38bf94cb7ae3a5e9abf8d891a34773335?s=96&d=mm&r=g","width":96,"height":96,"caption":"Juliana Laviola"}},{"@type":"WebPage","@id":"https:\/\/anoticiaonline.com.br\/site\/carangola-homem-e-condenado-a-81-anos-de-prisao-por-matar-mulher-e-enteados\/#webpage","url":"https:\/\/anoticiaonline.com.br\/site\/carangola-homem-e-condenado-a-81-anos-de-prisao-por-matar-mulher-e-enteados\/","name":"Carangola: homem \u00e9 condenado a 81 anos de pris\u00e3o por matar mulher e enteados - A Not\u00edcia Online","description":"Um homem, principal suspeito de ser o autor de um crime b\u00e1rbaro que chocou a cidade de Carangola em novembro do ano passado, foi condenado pelo Tribunal do J\u00fari da Comarca daquele munic\u00edpio a 81 anos e 3 meses, em regime inicialmente fechado, por ter matado sua mulher e seus dois enteados. Ap\u00f3s a decis\u00e3o","inLanguage":"pt-BR","isPartOf":{"@id":"https:\/\/anoticiaonline.com.br\/site\/#website"},"breadcrumb":{"@id":"https:\/\/anoticiaonline.com.br\/site\/carangola-homem-e-condenado-a-81-anos-de-prisao-por-matar-mulher-e-enteados\/#breadcrumblist"},"author":{"@id":"https:\/\/anoticiaonline.com.br\/site\/author\/juliana\/#author"},"creator":{"@id":"https:\/\/anoticiaonline.com.br\/site\/author\/juliana\/#author"},"image":{"@type":"ImageObject","url":"https:\/\/anoticiaonline.com.br\/site\/wp-content\/uploads\/2015\/11\/foto-capa.jpg","@id":"https:\/\/anoticiaonline.com.br\/site\/carangola-homem-e-condenado-a-81-anos-de-prisao-por-matar-mulher-e-enteados\/#mainImage","width":640,"height":427,"caption":"Crime aconteceu nesta casa, em 23\/11\/2014 (Foto: Site \u00c9 o Combatente)"},"primaryImageOfPage":{"@id":"https:\/\/anoticiaonline.com.br\/site\/carangola-homem-e-condenado-a-81-anos-de-prisao-por-matar-mulher-e-enteados\/#mainImage"},"datePublished":"2015-11-24T10:20:08-03:00","dateModified":"2015-11-24T10:20:08-03:00"},{"@type":"WebSite","@id":"https:\/\/anoticiaonline.com.br\/site\/#website","url":"https:\/\/anoticiaonline.com.br\/site\/","name":"A Not\u00edcia Online","description":"Noticias de Muria\u00e9 e regi\u00e3o","inLanguage":"pt-BR","publisher":{"@id":"https:\/\/anoticiaonline.com.br\/site\/#organization"}}]},"og:locale":"pt_BR","og:site_name":"A Not\u00edcia Online - Noticias de Muria\u00e9 e regi\u00e3o","og:type":"article","og:title":"Carangola: homem \u00e9 condenado a 81 anos de pris\u00e3o por matar mulher e enteados - A Not\u00edcia Online","og:description":"Um homem, principal suspeito de ser o autor de um crime b\u00e1rbaro que chocou a cidade de Carangola em novembro do ano passado, foi condenado pelo Tribunal do J\u00fari da Comarca daquele munic\u00edpio a 81 anos e 3 meses, em regime inicialmente fechado, por ter matado sua mulher e seus dois enteados. Ap\u00f3s a decis\u00e3o","og:url":"https:\/\/anoticiaonline.com.br\/site\/carangola-homem-e-condenado-a-81-anos-de-prisao-por-matar-mulher-e-enteados\/","og:image":"https:\/\/scontent-gig4-1.xx.fbcdn.net\/v\/t39.30808-1\/270437624_4564083193639691_6907940295614233970_n.jpg?stp=dst-jpg_s200x200_tt6&#038;_nc_cat=111&#038;ccb=1-7&#038;_nc_sid=f907e8&#038;_nc_ohc=SM1wRlP3lJwQ7kNvwEPuBYA&#038;_nc_oc=AdnqrjDN_BNjSSHWO-GbkIWH6fkGMLw4bqvL_NH6e2wMveX7G-rP2dAqsDSq1mJMOaY&#038;_nc_zt=24&#038;_nc_ht=scontent-gig4-1.xx&#038;_nc_gid=AoBFJeGrT1hVaew_6rchkQ&#038;oh=00_AfX7QmFGhQhG2jAllVgXCiM1ZrWgvtp80-Bfppyexh1QEg&#038;oe=689E923C","og:image:secure_url":"https:\/\/scontent-gig4-1.xx.fbcdn.net\/v\/t39.30808-1\/270437624_4564083193639691_6907940295614233970_n.jpg?stp=dst-jpg_s200x200_tt6&#038;_nc_cat=111&#038;ccb=1-7&#038;_nc_sid=f907e8&#038;_nc_ohc=SM1wRlP3lJwQ7kNvwEPuBYA&#038;_nc_oc=AdnqrjDN_BNjSSHWO-GbkIWH6fkGMLw4bqvL_NH6e2wMveX7G-rP2dAqsDSq1mJMOaY&#038;_nc_zt=24&#038;_nc_ht=scontent-gig4-1.xx&#038;_nc_gid=AoBFJeGrT1hVaew_6rchkQ&#038;oh=00_AfX7QmFGhQhG2jAllVgXCiM1ZrWgvtp80-Bfppyexh1QEg&#038;oe=689E923C","article:published_time":"2015-11-24T13:20:08+00:00","article:modified_time":"2015-11-24T13:20:08+00:00","twitter:card":"summary_large_image","twitter:title":"Carangola: homem \u00e9 condenado a 81 anos de pris\u00e3o por matar mulher e enteados - A Not\u00edcia Online","twitter:description":"Um homem, principal suspeito de ser o autor de um crime b\u00e1rbaro que chocou a cidade de Carangola em novembro do ano passado, foi condenado pelo Tribunal do J\u00fari da Comarca daquele munic\u00edpio a 81 anos e 3 meses, em regime inicialmente fechado, por ter matado sua mulher e seus dois enteados. Ap\u00f3s a decis\u00e3o","twitter:image":"https:\/\/scontent-gig4-1.xx.fbcdn.net\/v\/t39.30808-1\/270437624_4564083193639691_6907940295614233970_n.jpg?stp=dst-jpg_s200x200_tt6&_nc_cat=111&ccb=1-7&_nc_sid=f907e8&_nc_ohc=SM1wRlP3lJwQ7kNvwEPuBYA&_nc_oc=AdnqrjDN_BNjSSHWO-GbkIWH6fkGMLw4bqvL_NH6e2wMveX7G-rP2dAqsDSq1mJMOaY&_nc_zt=24&_nc_ht=scontent-gig4-1.xx&_nc_gid=AoBFJeGrT1hVaew_6rchkQ&oh=00_AfX7QmFGhQhG2jAllVgXCiM1ZrWgvtp80-Bfppyexh1QEg&oe=689E923C"},"aioseo_meta_data":{"post_id":"6686","title":null,"description":null,"keywords":null,"keyphrases":null,"primary_term":null,"canonical_url":null,"og_title":null,"og_description":null,"og_object_type":"default","og_image_type":"default","og_image_url":null,"og_image_width":null,"og_image_height":null,"og_image_custom_url":null,"og_image_custom_fields":null,"og_video":null,"og_custom_url":null,"og_article_section":null,"og_article_tags":null,"twitter_use_og":false,"twitter_card":"default","twitter_image_type":"default","twitter_image_url":null,"twitter_image_custom_url":null,"twitter_image_custom_fields":null,"twitter_title":null,"twitter_description":null,"schema":{"blockGraphs":[],"customGraphs":[],"default":{"data":{"Article":[],"Course":[],"Dataset":[],"FAQPage":[],"Movie":[],"Person":[],"Product":[],"ProductReview":[],"Car":[],"Recipe":[],"Service":[],"SoftwareApplication":[],"WebPage":[]},"graphName":"","isEnabled":true},"graphs":[]},"schema_type":"default","schema_type_options":null,"pillar_content":false,"robots_default":true,"robots_noindex":false,"robots_noarchive":false,"robots_nosnippet":false,"robots_nofollow":false,"robots_noimageindex":false,"robots_noodp":false,"robots_notranslate":false,"robots_max_snippet":null,"robots_max_videopreview":null,"robots_max_imagepreview":"large","priority":null,"frequency":null,"local_seo":null,"breadcrumb_settings":null,"limit_modified_date":false,"ai":null,"created":"2025-08-16 14:13:23","updated":"2025-08-16 14:13:23","focus_keyword":null,"additional_keywords":null,"truseo_locale":null,"seo_analyzer_scan_date":null},"aioseo_breadcrumb":"<div class=\"aioseo-breadcrumbs\"><span class=\"aioseo-breadcrumb\">\n\t\t\t<a href=\"https:\/\/anoticiaonline.com.br\/site\" title=\"Home\">Home<\/a>\n\t\t<\/span><span class=\"aioseo-breadcrumb-separator\">&raquo;<\/span><span class=\"aioseo-breadcrumb\">\n\t\t\t<a href=\"https:\/\/anoticiaonline.com.br\/site\/categoria\/regiao\/\" title=\"Regi\u00e3o\">Regi\u00e3o<\/a>\n\t\t<\/span><span class=\"aioseo-breadcrumb-separator\">&raquo;<\/span><span class=\"aioseo-breadcrumb\">\n\t\t\tCarangola: homem \u00e9 condenado a 81 anos de pris\u00e3o por matar mulher e enteados\n\t\t<\/span><\/div>","aioseo_breadcrumb_json":[{"label":"Home","link":"https:\/\/anoticiaonline.com.br\/site"},{"label":"Regi\u00e3o","link":"https:\/\/anoticiaonline.com.br\/site\/categoria\/regiao\/"},{"label":"Carangola: homem \u00e9 condenado a 81 anos de pris\u00e3o por matar mulher e enteados","link":"https:\/\/anoticiaonline.com.br\/site\/carangola-homem-e-condenado-a-81-anos-de-prisao-por-matar-mulher-e-enteados\/"}],"views":187,"_links":{"self":[{"href":"https:\/\/anoticiaonline.com.br\/site\/wp-json\/wp\/v2\/posts\/6686","targetHints":{"allow":["GET"]}}],"collection":[{"href":"https:\/\/anoticiaonline.com.br\/site\/wp-json\/wp\/v2\/posts"}],"about":[{"href":"https:\/\/anoticiaonline.com.br\/site\/wp-json\/wp\/v2\/types\/post"}],"author":[{"embeddable":true,"href":"https:\/\/anoticiaonline.com.br\/site\/wp-json\/wp\/v2\/users\/2"}],"replies":[{"embeddable":true,"href":"https:\/\/anoticiaonline.com.br\/site\/wp-json\/wp\/v2\/comments?post=6686"}],"version-history":[{"count":0,"href":"https:\/\/anoticiaonline.com.br\/site\/wp-json\/wp\/v2\/posts\/6686\/revisions"}],"wp:featuredmedia":[{"embeddable":true,"href":"https:\/\/anoticiaonline.com.br\/site\/wp-json\/wp\/v2\/media\/6687"}],"wp:attachment":[{"href":"https:\/\/anoticiaonline.com.br\/site\/wp-json\/wp\/v2\/media?parent=6686"}],"wp:term":[{"taxonomy":"category","embeddable":true,"href":"https:\/\/anoticiaonline.com.br\/site\/wp-json\/wp\/v2\/categories?post=6686"},{"taxonomy":"post_tag","embeddable":true,"href":"https:\/\/anoticiaonline.com.br\/site\/wp-json\/wp\/v2\/tags?post=6686"}],"curies":[{"name":"wp","href":"https:\/\/api.w.org\/{rel}","templated":true}]}}