{"id":66853,"date":"2019-01-31T14:18:04","date_gmt":"2019-01-31T17:18:04","guid":{"rendered":"http:\/\/anoticiaonline.com.br\/site\/?p=66853"},"modified":"2019-01-31T14:18:04","modified_gmt":"2019-01-31T17:18:04","slug":"prefeitura-e-sesc","status":"publish","type":"post","link":"https:\/\/anoticiaonline.com.br\/site\/prefeitura-e-sesc\/","title":{"rendered":"Prefeitura e Sesc"},"content":{"rendered":"<p>A <em>partir desta quinta, funcion\u00e1rios municipais n\u00e3o efetivos tamb\u00e9m podem come\u00e7ar a usufruir de piscinas, quadras e outras depend\u00eancias de lazer do Sesc Muria\u00e9<\/em><\/p>\n<p><a href=\"https:\/\/anoticiaonline.com.br\/site\/wp-content\/uploads\/2019\/01\/sesc02.jpg\"><img fetchpriority=\"high\" decoding=\"async\" class=\"aligncenter size-full wp-image-66855\" src=\"https:\/\/anoticiaonline.com.br\/site\/wp-content\/uploads\/2019\/01\/sesc02.jpg\" alt=\"\" width=\"1000\" height=\"666\" srcset=\"https:\/\/anoticiaonline.com.br\/site\/wp-content\/uploads\/2019\/01\/sesc02.jpg 1000w, https:\/\/anoticiaonline.com.br\/site\/wp-content\/uploads\/2019\/01\/sesc02-300x200.jpg 300w, https:\/\/anoticiaonline.com.br\/site\/wp-content\/uploads\/2019\/01\/sesc02-768x511.jpg 768w\" sizes=\"(max-width: 1000px) 100vw, 1000px\" \/><\/a> <a href=\"https:\/\/anoticiaonline.com.br\/site\/wp-content\/uploads\/2019\/01\/sesc01.jpg\"><img decoding=\"async\" class=\"aligncenter size-full wp-image-66854\" src=\"https:\/\/anoticiaonline.com.br\/site\/wp-content\/uploads\/2019\/01\/sesc01.jpg\" alt=\"\" width=\"1000\" height=\"666\" srcset=\"https:\/\/anoticiaonline.com.br\/site\/wp-content\/uploads\/2019\/01\/sesc01.jpg 1000w, https:\/\/anoticiaonline.com.br\/site\/wp-content\/uploads\/2019\/01\/sesc01-300x200.jpg 300w, https:\/\/anoticiaonline.com.br\/site\/wp-content\/uploads\/2019\/01\/sesc01-768x511.jpg 768w\" sizes=\"(max-width: 1000px) 100vw, 1000px\" \/><\/a><\/p>\n<p>A partir desta quinta-feira (31), o conv\u00eanio que permite aos servidores p\u00fablicos da Prefeitura de Muria\u00e9 se associarem ao Sesc passa a valer tamb\u00e9m para funcion\u00e1rios n\u00e3o efetivos. Assim, todos os colaboradores (inclusive os da Fundarte e do Demsur) que ocupam cargos em comiss\u00e3o ou de contrato ganham o direito de usufruir das piscinas e quadras da unidade, al\u00e9m de poderem tamb\u00e9m se hospedar com desconto em qualquer pousada Sesc do pa\u00eds.<\/p>\n<p><!--more--><\/p>\n<p>Os interessados devem procurar a secretaria do Sesc Muria\u00e9, apresentando contracheque da Prefeitura, documento de identidade, comprovante de endere\u00e7o e uma foto 3\u00d74 recente. O valor da taxa, que \u00e9 anual, \u00e9 de R$168 por pessoa a se associar. O pagamento pode ser feito em at\u00e9 12 vezes sem juros no cart\u00e3o de cr\u00e9dito, desde que as parcelas tenham valor m\u00ednimo de R$40. Mais informa\u00e7\u00f5es podem ser obtidas pelo telefone (32) 3511-7100.<\/p>\n<p>O conv\u00eanio entre a Prefeitura de Muria\u00e9 e o Sesc foi assinado em pelo prefeito Grego ainda em 2018, em reuni\u00e3o realizada no Centro Administrativo em 4 de dezembro. O contrato seguiu ent\u00e3o para Belo Horizonte, a fim de ser validado pela diretoria estadual da institui\u00e7\u00e3o. A homologa\u00e7\u00e3o foi feita em 7 de janeiro, por\u00e9m valendo apenas para os servidores efetivos &#8211; quest\u00e3o que foi modificada agora, com a extens\u00e3o da parceria tamb\u00e9m para os contratados.<\/p>\n<p>O Sesc Muria\u00e9 conta com duas piscinas, seis quadras poliesportivas, gin\u00e1sio coberto, biblioteca, \u00e1rea de lazer para crian\u00e7as, audit\u00f3rio para eventos e estacionamento com 54 vagas. Al\u00e9m disso, tamb\u00e9m possui chal\u00e9s com direito a caf\u00e9 da manh\u00e3 para os h\u00f3spedes.<\/p>\n<p><a href=\"https:\/\/anoticiaonline.com.br\/site\/wp-content\/uploads\/2019\/01\/sesc07.jpg\"><img decoding=\"async\" class=\"aligncenter size-full wp-image-66860\" src=\"https:\/\/anoticiaonline.com.br\/site\/wp-content\/uploads\/2019\/01\/sesc07.jpg\" alt=\"\" width=\"1000\" height=\"666\" srcset=\"https:\/\/anoticiaonline.com.br\/site\/wp-content\/uploads\/2019\/01\/sesc07.jpg 1000w, https:\/\/anoticiaonline.com.br\/site\/wp-content\/uploads\/2019\/01\/sesc07-300x200.jpg 300w, https:\/\/anoticiaonline.com.br\/site\/wp-content\/uploads\/2019\/01\/sesc07-768x511.jpg 768w\" sizes=\"(max-width: 1000px) 100vw, 1000px\" \/><\/a><\/p>\n<p><a href=\"https:\/\/anoticiaonline.com.br\/site\/wp-content\/uploads\/2019\/01\/sesc06.jpg\"><img loading=\"lazy\" decoding=\"async\" class=\"aligncenter size-full wp-image-66859\" src=\"https:\/\/anoticiaonline.com.br\/site\/wp-content\/uploads\/2019\/01\/sesc06.jpg\" alt=\"\" width=\"1000\" height=\"666\" srcset=\"https:\/\/anoticiaonline.com.br\/site\/wp-content\/uploads\/2019\/01\/sesc06.jpg 1000w, https:\/\/anoticiaonline.com.br\/site\/wp-content\/uploads\/2019\/01\/sesc06-300x200.jpg 300w, https:\/\/anoticiaonline.com.br\/site\/wp-content\/uploads\/2019\/01\/sesc06-768x511.jpg 768w\" sizes=\"(max-width: 1000px) 100vw, 1000px\" \/><\/a><\/p>\n<p><a href=\"https:\/\/anoticiaonline.com.br\/site\/wp-content\/uploads\/2019\/01\/sesc08.jpg\"><img loading=\"lazy\" decoding=\"async\" class=\"aligncenter size-full wp-image-66861\" src=\"https:\/\/anoticiaonline.com.br\/site\/wp-content\/uploads\/2019\/01\/sesc08.jpg\" alt=\"\" width=\"1000\" height=\"666\" srcset=\"https:\/\/anoticiaonline.com.br\/site\/wp-content\/uploads\/2019\/01\/sesc08.jpg 1000w, https:\/\/anoticiaonline.com.br\/site\/wp-content\/uploads\/2019\/01\/sesc08-300x200.jpg 300w, https:\/\/anoticiaonline.com.br\/site\/wp-content\/uploads\/2019\/01\/sesc08-768x511.jpg 768w\" sizes=\"(max-width: 1000px) 100vw, 1000px\" \/><\/a><\/p>\n<p><a href=\"https:\/\/anoticiaonline.com.br\/site\/wp-content\/uploads\/2019\/01\/sesc05.jpg\"><img loading=\"lazy\" decoding=\"async\" class=\"aligncenter size-full wp-image-66858\" src=\"https:\/\/anoticiaonline.com.br\/site\/wp-content\/uploads\/2019\/01\/sesc05.jpg\" alt=\"\" width=\"1000\" height=\"666\" srcset=\"https:\/\/anoticiaonline.com.br\/site\/wp-content\/uploads\/2019\/01\/sesc05.jpg 1000w, https:\/\/anoticiaonline.com.br\/site\/wp-content\/uploads\/2019\/01\/sesc05-300x200.jpg 300w, https:\/\/anoticiaonline.com.br\/site\/wp-content\/uploads\/2019\/01\/sesc05-768x511.jpg 768w\" sizes=\"(max-width: 1000px) 100vw, 1000px\" \/><\/a><\/p>\n<p><a href=\"https:\/\/anoticiaonline.com.br\/site\/wp-content\/uploads\/2019\/01\/sesc04.jpg\"><img loading=\"lazy\" decoding=\"async\" class=\"aligncenter size-full wp-image-66857\" src=\"https:\/\/anoticiaonline.com.br\/site\/wp-content\/uploads\/2019\/01\/sesc04.jpg\" alt=\"\" width=\"1000\" height=\"666\" srcset=\"https:\/\/anoticiaonline.com.br\/site\/wp-content\/uploads\/2019\/01\/sesc04.jpg 1000w, https:\/\/anoticiaonline.com.br\/site\/wp-content\/uploads\/2019\/01\/sesc04-300x200.jpg 300w, https:\/\/anoticiaonline.com.br\/site\/wp-content\/uploads\/2019\/01\/sesc04-768x511.jpg 768w\" sizes=\"(max-width: 1000px) 100vw, 1000px\" \/><\/a><\/p>\n<p><a href=\"https:\/\/anoticiaonline.com.br\/site\/wp-content\/uploads\/2019\/01\/sesc03.jpg\"><img loading=\"lazy\" decoding=\"async\" class=\"aligncenter size-full wp-image-66856\" src=\"https:\/\/anoticiaonline.com.br\/site\/wp-content\/uploads\/2019\/01\/sesc03.jpg\" alt=\"\" width=\"1000\" height=\"666\" srcset=\"https:\/\/anoticiaonline.com.br\/site\/wp-content\/uploads\/2019\/01\/sesc03.jpg 1000w, https:\/\/anoticiaonline.com.br\/site\/wp-content\/uploads\/2019\/01\/sesc03-300x200.jpg 300w, https:\/\/anoticiaonline.com.br\/site\/wp-content\/uploads\/2019\/01\/sesc03-768x511.jpg 768w\" sizes=\"(max-width: 1000px) 100vw, 1000px\" \/><\/a><\/p>\n<p><a href=\"https:\/\/anoticiaonline.com.br\/site\/wp-content\/uploads\/2019\/01\/sesc09.jpg\"><img loading=\"lazy\" decoding=\"async\" class=\"aligncenter size-full wp-image-66862\" src=\"https:\/\/anoticiaonline.com.br\/site\/wp-content\/uploads\/2019\/01\/sesc09.jpg\" alt=\"\" width=\"1000\" height=\"666\" srcset=\"https:\/\/anoticiaonline.com.br\/site\/wp-content\/uploads\/2019\/01\/sesc09.jpg 1000w, https:\/\/anoticiaonline.com.br\/site\/wp-content\/uploads\/2019\/01\/sesc09-300x200.jpg 300w, https:\/\/anoticiaonline.com.br\/site\/wp-content\/uploads\/2019\/01\/sesc09-768x511.jpg 768w\" sizes=\"(max-width: 1000px) 100vw, 1000px\" \/><\/a><\/p>\n","protected":false},"excerpt":{"rendered":"<p>A partir desta quinta, funcion\u00e1rios municipais n\u00e3o efetivos tamb\u00e9m podem come\u00e7ar a usufruir de piscinas, quadras e outras depend\u00eancias de lazer do Sesc Muria\u00e9 A partir desta quinta-feira (31), o conv\u00eanio que permite aos servidores p\u00fablicos da Prefeitura de Muria\u00e9 se associarem ao Sesc passa a valer tamb\u00e9m para funcion\u00e1rios n\u00e3o efetivos. Assim, todos os &#8230; <a title=\"Prefeitura e Sesc\" class=\"read-more\" href=\"https:\/\/anoticiaonline.com.br\/site\/prefeitura-e-sesc\/\" aria-label=\"Read more about Prefeitura e Sesc\">Ler mais<\/a><\/p>\n","protected":false},"author":2,"featured_media":66855,"comment_status":"open","ping_status":"open","sticky":false,"template":"","format":"standard","meta":{"_acf_changed":false,"_monsterinsights_skip_tracking":false,"footnotes":""},"categories":[30,1],"tags":[3639,2337,99,559],"class_list":["post-66853","post","type-post","status-publish","format-standard","has-post-thumbnail","hentry","category-muriae","category-gerais","tag-funcionarios-municipais-nao-efetivos","tag-parceria","tag-prefeitura-de-muriae","tag-sesc"],"acf":[],"aioseo_notices":[],"aioseo_head":"\n\t\t<!-- All in One SEO 5.0.0.1 - aioseo.com -->\n\t<meta name=\"description\" content=\"A partir desta quinta, funcion\u00e1rios municipais n\u00e3o efetivos tamb\u00e9m podem come\u00e7ar a usufruir de piscinas, quadras e outras depend\u00eancias de lazer do Sesc Muria\u00e9 A partir desta quinta-feira (31), o conv\u00eanio que permite aos servidores p\u00fablicos da Prefeitura de Muria\u00e9 se associarem ao Sesc passa a valer tamb\u00e9m para funcion\u00e1rios n\u00e3o efetivos. Assim, todos os\" \/>\n\t<meta name=\"robots\" content=\"max-image-preview:large\" \/>\n\t<meta name=\"author\" content=\"Juliana Laviola\"\/>\n\t<link rel=\"canonical\" href=\"https:\/\/anoticiaonline.com.br\/site\/prefeitura-e-sesc\/\" \/>\n\t<meta name=\"generator\" content=\"All in One SEO (AIOSEO) 5.0.0.1\" \/>\n\t\t<meta property=\"og:locale\" content=\"pt_BR\" \/>\n\t\t<meta property=\"og:site_name\" content=\"A Not\u00edcia Online - Noticias de Muria\u00e9 e regi\u00e3o\" \/>\n\t\t<meta property=\"og:type\" content=\"article\" \/>\n\t\t<meta property=\"og:title\" content=\"Prefeitura e Sesc - A Not\u00edcia Online\" \/>\n\t\t<meta property=\"og:description\" content=\"A partir desta quinta, funcion\u00e1rios municipais n\u00e3o efetivos tamb\u00e9m podem come\u00e7ar a usufruir de piscinas, quadras e outras depend\u00eancias de lazer do Sesc Muria\u00e9 A partir desta quinta-feira (31), o conv\u00eanio que permite aos servidores p\u00fablicos da Prefeitura de Muria\u00e9 se associarem ao Sesc passa a valer tamb\u00e9m para funcion\u00e1rios n\u00e3o efetivos. Assim, todos os\" \/>\n\t\t<meta property=\"og:url\" content=\"https:\/\/anoticiaonline.com.br\/site\/prefeitura-e-sesc\/\" \/>\n\t\t<meta property=\"og:image\" content=\"https:\/\/scontent-gig4-1.xx.fbcdn.net\/v\/t39.30808-1\/270437624_4564083193639691_6907940295614233970_n.jpg?stp=dst-jpg_s200x200_tt6&#038;_nc_cat=111&#038;ccb=1-7&#038;_nc_sid=f907e8&#038;_nc_ohc=SM1wRlP3lJwQ7kNvwEPuBYA&#038;_nc_oc=AdnqrjDN_BNjSSHWO-GbkIWH6fkGMLw4bqvL_NH6e2wMveX7G-rP2dAqsDSq1mJMOaY&#038;_nc_zt=24&#038;_nc_ht=scontent-gig4-1.xx&#038;_nc_gid=AoBFJeGrT1hVaew_6rchkQ&#038;oh=00_AfX7QmFGhQhG2jAllVgXCiM1ZrWgvtp80-Bfppyexh1QEg&#038;oe=689E923C\" \/>\n\t\t<meta property=\"og:image:secure_url\" content=\"https:\/\/scontent-gig4-1.xx.fbcdn.net\/v\/t39.30808-1\/270437624_4564083193639691_6907940295614233970_n.jpg?stp=dst-jpg_s200x200_tt6&#038;_nc_cat=111&#038;ccb=1-7&#038;_nc_sid=f907e8&#038;_nc_ohc=SM1wRlP3lJwQ7kNvwEPuBYA&#038;_nc_oc=AdnqrjDN_BNjSSHWO-GbkIWH6fkGMLw4bqvL_NH6e2wMveX7G-rP2dAqsDSq1mJMOaY&#038;_nc_zt=24&#038;_nc_ht=scontent-gig4-1.xx&#038;_nc_gid=AoBFJeGrT1hVaew_6rchkQ&#038;oh=00_AfX7QmFGhQhG2jAllVgXCiM1ZrWgvtp80-Bfppyexh1QEg&#038;oe=689E923C\" \/>\n\t\t<meta property=\"article:published_time\" content=\"2019-01-31T17:18:04+00:00\" \/>\n\t\t<meta property=\"article:modified_time\" content=\"2019-01-31T17:18:04+00:00\" \/>\n\t\t<meta name=\"twitter:card\" content=\"summary_large_image\" \/>\n\t\t<meta name=\"twitter:title\" content=\"Prefeitura e Sesc - A Not\u00edcia Online\" \/>\n\t\t<meta name=\"twitter:description\" content=\"A partir desta quinta, funcion\u00e1rios municipais n\u00e3o efetivos tamb\u00e9m podem come\u00e7ar a usufruir de piscinas, quadras e outras depend\u00eancias de lazer do Sesc Muria\u00e9 A partir desta quinta-feira (31), o conv\u00eanio que permite aos servidores p\u00fablicos da Prefeitura de Muria\u00e9 se associarem ao Sesc passa a valer tamb\u00e9m para funcion\u00e1rios n\u00e3o efetivos. Assim, todos os\" \/>\n\t\t<meta name=\"twitter:image\" content=\"https:\/\/scontent-gig4-1.xx.fbcdn.net\/v\/t39.30808-1\/270437624_4564083193639691_6907940295614233970_n.jpg?stp=dst-jpg_s200x200_tt6&amp;_nc_cat=111&amp;ccb=1-7&amp;_nc_sid=f907e8&amp;_nc_ohc=SM1wRlP3lJwQ7kNvwEPuBYA&amp;_nc_oc=AdnqrjDN_BNjSSHWO-GbkIWH6fkGMLw4bqvL_NH6e2wMveX7G-rP2dAqsDSq1mJMOaY&amp;_nc_zt=24&amp;_nc_ht=scontent-gig4-1.xx&amp;_nc_gid=AoBFJeGrT1hVaew_6rchkQ&amp;oh=00_AfX7QmFGhQhG2jAllVgXCiM1ZrWgvtp80-Bfppyexh1QEg&amp;oe=689E923C\" \/>\n\t\t<script type=\"application\/ld+json\" class=\"aioseo-schema\">\n\t\t\t{\"@context\":\"https:\\\/\\\/schema.org\",\"@graph\":[{\"@type\":\"BlogPosting\",\"@id\":\"https:\\\/\\\/anoticiaonline.com.br\\\/site\\\/prefeitura-e-sesc\\\/#blogposting\",\"name\":\"Prefeitura e Sesc - A Not\\u00edcia Online\",\"headline\":\"Prefeitura e Sesc\",\"author\":{\"@id\":\"https:\\\/\\\/anoticiaonline.com.br\\\/site\\\/author\\\/juliana\\\/#author\"},\"publisher\":{\"@id\":\"https:\\\/\\\/anoticiaonline.com.br\\\/site\\\/#organization\"},\"image\":{\"@type\":\"ImageObject\",\"url\":\"https:\\\/\\\/anoticiaonline.com.br\\\/site\\\/wp-content\\\/uploads\\\/2019\\\/01\\\/sesc02.jpg\",\"width\":1000,\"height\":666},\"datePublished\":\"2019-01-31T14:18:04-03:00\",\"dateModified\":\"2019-01-31T14:18:04-03:00\",\"inLanguage\":\"pt-BR\",\"mainEntityOfPage\":{\"@id\":\"https:\\\/\\\/anoticiaonline.com.br\\\/site\\\/prefeitura-e-sesc\\\/#webpage\"},\"isPartOf\":{\"@id\":\"https:\\\/\\\/anoticiaonline.com.br\\\/site\\\/prefeitura-e-sesc\\\/#webpage\"},\"articleSection\":\"Blog, Gerais, funcion\\u00e1rios municipais n\\u00e3o efetivos, parceria, prefeitura de muria\\u00e9, Sesc\"},{\"@type\":\"BreadcrumbList\",\"@id\":\"https:\\\/\\\/anoticiaonline.com.br\\\/site\\\/prefeitura-e-sesc\\\/#breadcrumblist\",\"itemListElement\":[{\"@type\":\"ListItem\",\"@id\":\"https:\\\/\\\/anoticiaonline.com.br\\\/site#listItem\",\"position\":1,\"name\":\"Home\",\"item\":\"https:\\\/\\\/anoticiaonline.com.br\\\/site\",\"nextItem\":{\"@type\":\"ListItem\",\"@id\":\"https:\\\/\\\/anoticiaonline.com.br\\\/site\\\/categoria\\\/gerais\\\/#listItem\",\"name\":\"Gerais\"}},{\"@type\":\"ListItem\",\"@id\":\"https:\\\/\\\/anoticiaonline.com.br\\\/site\\\/categoria\\\/gerais\\\/#listItem\",\"position\":2,\"name\":\"Gerais\",\"item\":\"https:\\\/\\\/anoticiaonline.com.br\\\/site\\\/categoria\\\/gerais\\\/\",\"nextItem\":{\"@type\":\"ListItem\",\"@id\":\"https:\\\/\\\/anoticiaonline.com.br\\\/site\\\/prefeitura-e-sesc\\\/#listItem\",\"name\":\"Prefeitura e Sesc\"},\"previousItem\":{\"@type\":\"ListItem\",\"@id\":\"https:\\\/\\\/anoticiaonline.com.br\\\/site#listItem\",\"name\":\"Home\"}},{\"@type\":\"ListItem\",\"@id\":\"https:\\\/\\\/anoticiaonline.com.br\\\/site\\\/prefeitura-e-sesc\\\/#listItem\",\"position\":3,\"name\":\"Prefeitura e Sesc\",\"previousItem\":{\"@type\":\"ListItem\",\"@id\":\"https:\\\/\\\/anoticiaonline.com.br\\\/site\\\/categoria\\\/gerais\\\/#listItem\",\"name\":\"Gerais\"}}]},{\"@type\":\"Organization\",\"@id\":\"https:\\\/\\\/anoticiaonline.com.br\\\/site\\\/#organization\",\"name\":\"A Not\\u00edcia Online\",\"description\":\"Noticias de Muria\\u00e9 e regi\\u00e3o\",\"url\":\"https:\\\/\\\/anoticiaonline.com.br\\\/site\\\/\",\"logo\":{\"@type\":\"ImageObject\",\"url\":\"https:\\\/\\\/scontent-gig4-1.xx.fbcdn.net\\\/v\\\/t39.30808-1\\\/270437624_4564083193639691_6907940295614233970_n.jpg?stp=dst-jpg_s200x200_tt6&_nc_cat=111&ccb=1-7&_nc_sid=f907e8&_nc_ohc=SM1wRlP3lJwQ7kNvwEPuBYA&_nc_oc=AdnqrjDN_BNjSSHWO-GbkIWH6fkGMLw4bqvL_NH6e2wMveX7G-rP2dAqsDSq1mJMOaY&_nc_zt=24&_nc_ht=scontent-gig4-1.xx&_nc_gid=AoBFJeGrT1hVaew_6rchkQ&oh=00_AfX7QmFGhQhG2jAllVgXCiM1ZrWgvtp80-Bfppyexh1QEg&oe=689E923C\",\"@id\":\"https:\\\/\\\/anoticiaonline.com.br\\\/site\\\/prefeitura-e-sesc\\\/#organizationLogo\"},\"image\":{\"@id\":\"https:\\\/\\\/anoticiaonline.com.br\\\/site\\\/prefeitura-e-sesc\\\/#organizationLogo\"}},{\"@type\":\"Person\",\"@id\":\"https:\\\/\\\/anoticiaonline.com.br\\\/site\\\/author\\\/juliana\\\/#author\",\"url\":\"https:\\\/\\\/anoticiaonline.com.br\\\/site\\\/author\\\/juliana\\\/\",\"name\":\"Juliana Laviola\",\"image\":{\"@type\":\"ImageObject\",\"@id\":\"https:\\\/\\\/anoticiaonline.com.br\\\/site\\\/prefeitura-e-sesc\\\/#authorImage\",\"url\":\"https:\\\/\\\/secure.gravatar.com\\\/avatar\\\/b8d45f5c699b100dfaf0e543582f38f38bf94cb7ae3a5e9abf8d891a34773335?s=96&d=mm&r=g\",\"width\":96,\"height\":96,\"caption\":\"Juliana Laviola\"}},{\"@type\":\"WebPage\",\"@id\":\"https:\\\/\\\/anoticiaonline.com.br\\\/site\\\/prefeitura-e-sesc\\\/#webpage\",\"url\":\"https:\\\/\\\/anoticiaonline.com.br\\\/site\\\/prefeitura-e-sesc\\\/\",\"name\":\"Prefeitura e Sesc - A Not\\u00edcia Online\",\"description\":\"A partir desta quinta, funcion\\u00e1rios municipais n\\u00e3o efetivos tamb\\u00e9m podem come\\u00e7ar a usufruir de piscinas, quadras e outras depend\\u00eancias de lazer do Sesc Muria\\u00e9 A partir desta quinta-feira (31), o conv\\u00eanio que permite aos servidores p\\u00fablicos da Prefeitura de Muria\\u00e9 se associarem ao Sesc passa a valer tamb\\u00e9m para funcion\\u00e1rios n\\u00e3o efetivos. Assim, todos os\",\"inLanguage\":\"pt-BR\",\"isPartOf\":{\"@id\":\"https:\\\/\\\/anoticiaonline.com.br\\\/site\\\/#website\"},\"breadcrumb\":{\"@id\":\"https:\\\/\\\/anoticiaonline.com.br\\\/site\\\/prefeitura-e-sesc\\\/#breadcrumblist\"},\"author\":{\"@id\":\"https:\\\/\\\/anoticiaonline.com.br\\\/site\\\/author\\\/juliana\\\/#author\"},\"creator\":{\"@id\":\"https:\\\/\\\/anoticiaonline.com.br\\\/site\\\/author\\\/juliana\\\/#author\"},\"image\":{\"@type\":\"ImageObject\",\"url\":\"https:\\\/\\\/anoticiaonline.com.br\\\/site\\\/wp-content\\\/uploads\\\/2019\\\/01\\\/sesc02.jpg\",\"@id\":\"https:\\\/\\\/anoticiaonline.com.br\\\/site\\\/prefeitura-e-sesc\\\/#mainImage\",\"width\":1000,\"height\":666},\"primaryImageOfPage\":{\"@id\":\"https:\\\/\\\/anoticiaonline.com.br\\\/site\\\/prefeitura-e-sesc\\\/#mainImage\"},\"datePublished\":\"2019-01-31T14:18:04-03:00\",\"dateModified\":\"2019-01-31T14:18:04-03:00\"},{\"@type\":\"WebSite\",\"@id\":\"https:\\\/\\\/anoticiaonline.com.br\\\/site\\\/#website\",\"url\":\"https:\\\/\\\/anoticiaonline.com.br\\\/site\\\/\",\"name\":\"A Not\\u00edcia Online\",\"description\":\"Noticias de Muria\\u00e9 e regi\\u00e3o\",\"inLanguage\":\"pt-BR\",\"publisher\":{\"@id\":\"https:\\\/\\\/anoticiaonline.com.br\\\/site\\\/#organization\"}}]}\n\t\t<\/script>\n\t\t<!-- All in One SEO -->\n\n","aioseo_head_json":{"title":"Prefeitura e Sesc - A Not\u00edcia Online","description":"A partir desta quinta, funcion\u00e1rios municipais n\u00e3o efetivos tamb\u00e9m podem come\u00e7ar a usufruir de piscinas, quadras e outras depend\u00eancias de lazer do Sesc Muria\u00e9 A partir desta quinta-feira (31), o conv\u00eanio que permite aos servidores p\u00fablicos da Prefeitura de Muria\u00e9 se associarem ao Sesc passa a valer tamb\u00e9m para funcion\u00e1rios n\u00e3o efetivos. Assim, todos os","canonical_url":"https:\/\/anoticiaonline.com.br\/site\/prefeitura-e-sesc\/","robots":"max-image-preview:large","keywords":"","webmasterTools":{"miscellaneous":""},"schema":{"@context":"https:\/\/schema.org","@graph":[{"@type":"BlogPosting","@id":"https:\/\/anoticiaonline.com.br\/site\/prefeitura-e-sesc\/#blogposting","name":"Prefeitura e Sesc - A Not\u00edcia Online","headline":"Prefeitura e Sesc","author":{"@id":"https:\/\/anoticiaonline.com.br\/site\/author\/juliana\/#author"},"publisher":{"@id":"https:\/\/anoticiaonline.com.br\/site\/#organization"},"image":{"@type":"ImageObject","url":"https:\/\/anoticiaonline.com.br\/site\/wp-content\/uploads\/2019\/01\/sesc02.jpg","width":1000,"height":666},"datePublished":"2019-01-31T14:18:04-03:00","dateModified":"2019-01-31T14:18:04-03:00","inLanguage":"pt-BR","mainEntityOfPage":{"@id":"https:\/\/anoticiaonline.com.br\/site\/prefeitura-e-sesc\/#webpage"},"isPartOf":{"@id":"https:\/\/anoticiaonline.com.br\/site\/prefeitura-e-sesc\/#webpage"},"articleSection":"Blog, Gerais, funcion\u00e1rios municipais n\u00e3o efetivos, parceria, prefeitura de muria\u00e9, Sesc"},{"@type":"BreadcrumbList","@id":"https:\/\/anoticiaonline.com.br\/site\/prefeitura-e-sesc\/#breadcrumblist","itemListElement":[{"@type":"ListItem","@id":"https:\/\/anoticiaonline.com.br\/site#listItem","position":1,"name":"Home","item":"https:\/\/anoticiaonline.com.br\/site","nextItem":{"@type":"ListItem","@id":"https:\/\/anoticiaonline.com.br\/site\/categoria\/gerais\/#listItem","name":"Gerais"}},{"@type":"ListItem","@id":"https:\/\/anoticiaonline.com.br\/site\/categoria\/gerais\/#listItem","position":2,"name":"Gerais","item":"https:\/\/anoticiaonline.com.br\/site\/categoria\/gerais\/","nextItem":{"@type":"ListItem","@id":"https:\/\/anoticiaonline.com.br\/site\/prefeitura-e-sesc\/#listItem","name":"Prefeitura e Sesc"},"previousItem":{"@type":"ListItem","@id":"https:\/\/anoticiaonline.com.br\/site#listItem","name":"Home"}},{"@type":"ListItem","@id":"https:\/\/anoticiaonline.com.br\/site\/prefeitura-e-sesc\/#listItem","position":3,"name":"Prefeitura e Sesc","previousItem":{"@type":"ListItem","@id":"https:\/\/anoticiaonline.com.br\/site\/categoria\/gerais\/#listItem","name":"Gerais"}}]},{"@type":"Organization","@id":"https:\/\/anoticiaonline.com.br\/site\/#organization","name":"A Not\u00edcia Online","description":"Noticias de Muria\u00e9 e regi\u00e3o","url":"https:\/\/anoticiaonline.com.br\/site\/","logo":{"@type":"ImageObject","url":"https:\/\/scontent-gig4-1.xx.fbcdn.net\/v\/t39.30808-1\/270437624_4564083193639691_6907940295614233970_n.jpg?stp=dst-jpg_s200x200_tt6&_nc_cat=111&ccb=1-7&_nc_sid=f907e8&_nc_ohc=SM1wRlP3lJwQ7kNvwEPuBYA&_nc_oc=AdnqrjDN_BNjSSHWO-GbkIWH6fkGMLw4bqvL_NH6e2wMveX7G-rP2dAqsDSq1mJMOaY&_nc_zt=24&_nc_ht=scontent-gig4-1.xx&_nc_gid=AoBFJeGrT1hVaew_6rchkQ&oh=00_AfX7QmFGhQhG2jAllVgXCiM1ZrWgvtp80-Bfppyexh1QEg&oe=689E923C","@id":"https:\/\/anoticiaonline.com.br\/site\/prefeitura-e-sesc\/#organizationLogo"},"image":{"@id":"https:\/\/anoticiaonline.com.br\/site\/prefeitura-e-sesc\/#organizationLogo"}},{"@type":"Person","@id":"https:\/\/anoticiaonline.com.br\/site\/author\/juliana\/#author","url":"https:\/\/anoticiaonline.com.br\/site\/author\/juliana\/","name":"Juliana Laviola","image":{"@type":"ImageObject","@id":"https:\/\/anoticiaonline.com.br\/site\/prefeitura-e-sesc\/#authorImage","url":"https:\/\/secure.gravatar.com\/avatar\/b8d45f5c699b100dfaf0e543582f38f38bf94cb7ae3a5e9abf8d891a34773335?s=96&d=mm&r=g","width":96,"height":96,"caption":"Juliana Laviola"}},{"@type":"WebPage","@id":"https:\/\/anoticiaonline.com.br\/site\/prefeitura-e-sesc\/#webpage","url":"https:\/\/anoticiaonline.com.br\/site\/prefeitura-e-sesc\/","name":"Prefeitura e Sesc - A Not\u00edcia Online","description":"A partir desta quinta, funcion\u00e1rios municipais n\u00e3o efetivos tamb\u00e9m podem come\u00e7ar a usufruir de piscinas, quadras e outras depend\u00eancias de lazer do Sesc Muria\u00e9 A partir desta quinta-feira (31), o conv\u00eanio que permite aos servidores p\u00fablicos da Prefeitura de Muria\u00e9 se associarem ao Sesc passa a valer tamb\u00e9m para funcion\u00e1rios n\u00e3o efetivos. Assim, todos os","inLanguage":"pt-BR","isPartOf":{"@id":"https:\/\/anoticiaonline.com.br\/site\/#website"},"breadcrumb":{"@id":"https:\/\/anoticiaonline.com.br\/site\/prefeitura-e-sesc\/#breadcrumblist"},"author":{"@id":"https:\/\/anoticiaonline.com.br\/site\/author\/juliana\/#author"},"creator":{"@id":"https:\/\/anoticiaonline.com.br\/site\/author\/juliana\/#author"},"image":{"@type":"ImageObject","url":"https:\/\/anoticiaonline.com.br\/site\/wp-content\/uploads\/2019\/01\/sesc02.jpg","@id":"https:\/\/anoticiaonline.com.br\/site\/prefeitura-e-sesc\/#mainImage","width":1000,"height":666},"primaryImageOfPage":{"@id":"https:\/\/anoticiaonline.com.br\/site\/prefeitura-e-sesc\/#mainImage"},"datePublished":"2019-01-31T14:18:04-03:00","dateModified":"2019-01-31T14:18:04-03:00"},{"@type":"WebSite","@id":"https:\/\/anoticiaonline.com.br\/site\/#website","url":"https:\/\/anoticiaonline.com.br\/site\/","name":"A Not\u00edcia Online","description":"Noticias de Muria\u00e9 e regi\u00e3o","inLanguage":"pt-BR","publisher":{"@id":"https:\/\/anoticiaonline.com.br\/site\/#organization"}}]},"og:locale":"pt_BR","og:site_name":"A Not\u00edcia Online - Noticias de Muria\u00e9 e regi\u00e3o","og:type":"article","og:title":"Prefeitura e Sesc - A Not\u00edcia Online","og:description":"A partir desta quinta, funcion\u00e1rios municipais n\u00e3o efetivos tamb\u00e9m podem come\u00e7ar a usufruir de piscinas, quadras e outras depend\u00eancias de lazer do Sesc Muria\u00e9 A partir desta quinta-feira (31), o conv\u00eanio que permite aos servidores p\u00fablicos da Prefeitura de Muria\u00e9 se associarem ao Sesc passa a valer tamb\u00e9m para funcion\u00e1rios n\u00e3o efetivos. Assim, todos os","og:url":"https:\/\/anoticiaonline.com.br\/site\/prefeitura-e-sesc\/","og:image":"https:\/\/scontent-gig4-1.xx.fbcdn.net\/v\/t39.30808-1\/270437624_4564083193639691_6907940295614233970_n.jpg?stp=dst-jpg_s200x200_tt6&#038;_nc_cat=111&#038;ccb=1-7&#038;_nc_sid=f907e8&#038;_nc_ohc=SM1wRlP3lJwQ7kNvwEPuBYA&#038;_nc_oc=AdnqrjDN_BNjSSHWO-GbkIWH6fkGMLw4bqvL_NH6e2wMveX7G-rP2dAqsDSq1mJMOaY&#038;_nc_zt=24&#038;_nc_ht=scontent-gig4-1.xx&#038;_nc_gid=AoBFJeGrT1hVaew_6rchkQ&#038;oh=00_AfX7QmFGhQhG2jAllVgXCiM1ZrWgvtp80-Bfppyexh1QEg&#038;oe=689E923C","og:image:secure_url":"https:\/\/scontent-gig4-1.xx.fbcdn.net\/v\/t39.30808-1\/270437624_4564083193639691_6907940295614233970_n.jpg?stp=dst-jpg_s200x200_tt6&#038;_nc_cat=111&#038;ccb=1-7&#038;_nc_sid=f907e8&#038;_nc_ohc=SM1wRlP3lJwQ7kNvwEPuBYA&#038;_nc_oc=AdnqrjDN_BNjSSHWO-GbkIWH6fkGMLw4bqvL_NH6e2wMveX7G-rP2dAqsDSq1mJMOaY&#038;_nc_zt=24&#038;_nc_ht=scontent-gig4-1.xx&#038;_nc_gid=AoBFJeGrT1hVaew_6rchkQ&#038;oh=00_AfX7QmFGhQhG2jAllVgXCiM1ZrWgvtp80-Bfppyexh1QEg&#038;oe=689E923C","article:published_time":"2019-01-31T17:18:04+00:00","article:modified_time":"2019-01-31T17:18:04+00:00","twitter:card":"summary_large_image","twitter:title":"Prefeitura e Sesc - A Not\u00edcia Online","twitter:description":"A partir desta quinta, funcion\u00e1rios municipais n\u00e3o efetivos tamb\u00e9m podem come\u00e7ar a usufruir de piscinas, quadras e outras depend\u00eancias de lazer do Sesc Muria\u00e9 A partir desta quinta-feira (31), o conv\u00eanio que permite aos servidores p\u00fablicos da Prefeitura de Muria\u00e9 se associarem ao Sesc passa a valer tamb\u00e9m para funcion\u00e1rios n\u00e3o efetivos. Assim, todos os","twitter:image":"https:\/\/scontent-gig4-1.xx.fbcdn.net\/v\/t39.30808-1\/270437624_4564083193639691_6907940295614233970_n.jpg?stp=dst-jpg_s200x200_tt6&_nc_cat=111&ccb=1-7&_nc_sid=f907e8&_nc_ohc=SM1wRlP3lJwQ7kNvwEPuBYA&_nc_oc=AdnqrjDN_BNjSSHWO-GbkIWH6fkGMLw4bqvL_NH6e2wMveX7G-rP2dAqsDSq1mJMOaY&_nc_zt=24&_nc_ht=scontent-gig4-1.xx&_nc_gid=AoBFJeGrT1hVaew_6rchkQ&oh=00_AfX7QmFGhQhG2jAllVgXCiM1ZrWgvtp80-Bfppyexh1QEg&oe=689E923C"},"aioseo_meta_data":{"post_id":"66853","title":null,"description":null,"keywords":null,"keyphrases":null,"primary_term":null,"canonical_url":null,"og_title":null,"og_description":null,"og_object_type":"default","og_image_type":"default","og_image_url":null,"og_image_width":null,"og_image_height":null,"og_image_custom_url":null,"og_image_custom_fields":null,"og_video":null,"og_custom_url":null,"og_article_section":null,"og_article_tags":null,"twitter_use_og":false,"twitter_card":"default","twitter_image_type":"default","twitter_image_url":null,"twitter_image_custom_url":null,"twitter_image_custom_fields":null,"twitter_title":null,"twitter_description":null,"schema":{"blockGraphs":[],"customGraphs":[],"default":{"data":{"Article":[],"Course":[],"Dataset":[],"FAQPage":[],"Movie":[],"Person":[],"Product":[],"ProductReview":[],"Car":[],"Recipe":[],"Service":[],"SoftwareApplication":[],"WebPage":[]},"graphName":"","isEnabled":true},"graphs":[]},"schema_type":"default","schema_type_options":null,"pillar_content":false,"robots_default":true,"robots_noindex":false,"robots_noarchive":false,"robots_nosnippet":false,"robots_nofollow":false,"robots_noimageindex":false,"robots_noodp":false,"robots_notranslate":false,"robots_max_snippet":null,"robots_max_videopreview":null,"robots_max_imagepreview":"large","priority":null,"frequency":null,"local_seo":null,"breadcrumb_settings":null,"limit_modified_date":false,"ai":null,"created":"2025-08-16 22:41:39","updated":"2025-08-16 22:41:39","focus_keyword":null,"additional_keywords":null,"truseo_locale":null,"seo_analyzer_scan_date":null},"aioseo_breadcrumb":"<div class=\"aioseo-breadcrumbs\"><span class=\"aioseo-breadcrumb\">\n\t\t\t<a href=\"https:\/\/anoticiaonline.com.br\/site\" title=\"Home\">Home<\/a>\n\t\t<\/span><span class=\"aioseo-breadcrumb-separator\">&raquo;<\/span><span class=\"aioseo-breadcrumb\">\n\t\t\t<a href=\"https:\/\/anoticiaonline.com.br\/site\/categoria\/gerais\/\" title=\"Gerais\">Gerais<\/a>\n\t\t<\/span><span class=\"aioseo-breadcrumb-separator\">&raquo;<\/span><span class=\"aioseo-breadcrumb\">\n\t\t\tPrefeitura e Sesc\n\t\t<\/span><\/div>","aioseo_breadcrumb_json":[{"label":"Home","link":"https:\/\/anoticiaonline.com.br\/site"},{"label":"Gerais","link":"https:\/\/anoticiaonline.com.br\/site\/categoria\/gerais\/"},{"label":"Prefeitura e Sesc","link":"https:\/\/anoticiaonline.com.br\/site\/prefeitura-e-sesc\/"}],"views":185,"_links":{"self":[{"href":"https:\/\/anoticiaonline.com.br\/site\/wp-json\/wp\/v2\/posts\/66853","targetHints":{"allow":["GET"]}}],"collection":[{"href":"https:\/\/anoticiaonline.com.br\/site\/wp-json\/wp\/v2\/posts"}],"about":[{"href":"https:\/\/anoticiaonline.com.br\/site\/wp-json\/wp\/v2\/types\/post"}],"author":[{"embeddable":true,"href":"https:\/\/anoticiaonline.com.br\/site\/wp-json\/wp\/v2\/users\/2"}],"replies":[{"embeddable":true,"href":"https:\/\/anoticiaonline.com.br\/site\/wp-json\/wp\/v2\/comments?post=66853"}],"version-history":[{"count":0,"href":"https:\/\/anoticiaonline.com.br\/site\/wp-json\/wp\/v2\/posts\/66853\/revisions"}],"wp:featuredmedia":[{"embeddable":true,"href":"https:\/\/anoticiaonline.com.br\/site\/wp-json\/wp\/v2\/media\/66855"}],"wp:attachment":[{"href":"https:\/\/anoticiaonline.com.br\/site\/wp-json\/wp\/v2\/media?parent=66853"}],"wp:term":[{"taxonomy":"category","embeddable":true,"href":"https:\/\/anoticiaonline.com.br\/site\/wp-json\/wp\/v2\/categories?post=66853"},{"taxonomy":"post_tag","embeddable":true,"href":"https:\/\/anoticiaonline.com.br\/site\/wp-json\/wp\/v2\/tags?post=66853"}],"curies":[{"name":"wp","href":"https:\/\/api.w.org\/{rel}","templated":true}]}}