{"id":66749,"date":"2019-01-29T14:39:20","date_gmt":"2019-01-29T17:39:20","guid":{"rendered":"http:\/\/anoticiaonline.com.br\/site\/?p=66749"},"modified":"2019-01-29T15:13:13","modified_gmt":"2019-01-29T18:13:13","slug":"numero-de-desaparecidos-na-tragedia-de-brumadinho-e-de-288-pessoas","status":"publish","type":"post","link":"https:\/\/anoticiaonline.com.br\/site\/numero-de-desaparecidos-na-tragedia-de-brumadinho-e-de-288-pessoas\/","title":{"rendered":"N\u00famero de desaparecidos na trag\u00e9dia de Brumadinho \u00e9 de 288 pessoas"},"content":{"rendered":"<figure id=\"attachment_66750\" aria-describedby=\"caption-attachment-66750\" style=\"width: 990px\" class=\"wp-caption aligncenter\"><a href=\"https:\/\/anoticiaonline.com.br\/site\/wp-content\/uploads\/2019\/01\/Edesio-Ferreira-EM-D.A-Press.jpg\"><img fetchpriority=\"high\" decoding=\"async\" class=\"wp-image-66750 size-full\" src=\"https:\/\/anoticiaonline.com.br\/site\/wp-content\/uploads\/2019\/01\/Edesio-Ferreira-EM-D.A-Press.jpg\" alt=\"\" width=\"1000\" height=\"600\" srcset=\"https:\/\/anoticiaonline.com.br\/site\/wp-content\/uploads\/2019\/01\/Edesio-Ferreira-EM-D.A-Press.jpg 1000w, https:\/\/anoticiaonline.com.br\/site\/wp-content\/uploads\/2019\/01\/Edesio-Ferreira-EM-D.A-Press-300x180.jpg 300w, https:\/\/anoticiaonline.com.br\/site\/wp-content\/uploads\/2019\/01\/Edesio-Ferreira-EM-D.A-Press-768x461.jpg 768w\" sizes=\"(max-width: 1000px) 100vw, 1000px\" \/><\/a><figcaption id=\"caption-attachment-66750\" class=\"wp-caption-text\">Foto: Edesio Ferreira\/EM\/D.A Press<\/figcaption><\/figure>\n<p>O novo balan\u00e7o das autoridades de seguran\u00e7a respons\u00e1veis pelo resgate das v\u00edtimas da trag\u00e9dia de Brumadinho, na Regi\u00e3o Metropolitana de Belo Horizonte, mostra que ainda h\u00e1 288 pessoas desaparecidas, sendo 114 funcion\u00e1rios da Vale e 174 terceirizados e moradores. Mesmo com resgate de corpos nesta ter\u00e7a-feira, o n\u00famero de mortes n\u00e3o foi atualizado. Os \u00f3bitos continuam em 65.<!--more--><\/p>\n<p>As opera\u00e7\u00f5es de buscas entraram no quinto dia. Desde 4h da manh\u00e3 desta ter\u00e7a-feira, militares do Corpo de Bombeiros seguem os trabalhos. Dois pontos seguem sendo priorizados: no segundo \u00f4nibus encontrado pr\u00f3xima a \u00e1rea administrativa da Vale e no local do refeit\u00f3rio, onde funcion\u00e1rios almo\u00e7avam no momento em que o mar de lama desceu. Neste ponto, a miss\u00e3o israelense tamb\u00e9m trabalha em conjunto com o Corpo de Bombeiros.<\/p>\n<p>Ao todo, 290 militares est\u00e3o empenhados nas a\u00e7\u00f5es. Destes, 120 s\u00e3o de Belo Horizonte. O restante dos bombeiros s\u00e3o de S\u00e3o Paulo, Rio de Janeiro, Esp\u00edrito Santo, Goi\u00e1s, e Alagoas.<\/p>\n<p>No Instituto M\u00e9dico Legal (IML) de Belo Horizonte uma for\u00e7a-tarefa foi montada para agilizar na identifica\u00e7\u00e3o dos corpos. Ao todo, 31 pessoas j\u00e1 foram identificadas. Nesta ter\u00e7a-feira, quatro peritos de Bras\u00edlia chegaram a capital mineira para auxiliar os 88 profissionais que j\u00e1 trabalham no local.<\/p>\n<h3>Pris\u00f5es<\/h3>\n<p>Mandados foram cumpridos em uma opera\u00e7\u00e3o conjunta entre a Pol\u00edcia Federal (PF) os Minist\u00e9rios P\u00fablicos de Minas Gerais e S\u00e3o Paulo, e as Pol\u00edcias Civis dos dois estados,\u00a0 na manh\u00e3 desta ter\u00e7a-feira. Segundo as investiga\u00e7\u00f5es, os funcion\u00e1rios atestaram o laudo da barragem que se rompeu. Eles deram parecer dizendo que a estrutura n\u00e3o apresentava risco de rompimento. Al\u00e9m disso, foram presos funcion\u00e1rios da Vale.<\/p>\n<p>Foram presos, durante a opera\u00e7\u00e3o em Minas Gerais, C\u00e9sar Augusto Paulino Grandshamp, Ricardo Oliveira, e Rodrigo Arthur Gomes de Melo, que seriam funcion\u00e1rios da Vale. Em S\u00e3o Paulo, foram presos dois engenheiros: Andr\u00e9 Jumyassuda e Makoto Mamba. Documentos, computadores e celulares foram apreendidos nos im\u00f3veis.<\/p>\n<p>De acordo com o Minist\u00e9rio P\u00fablico, Andr\u00e9, Cesar e Makoto, informaram em documentos recentes que as estruturas das barragens se encontravam em conson\u00e2ncia com as normas de seguran\u00e7a.<br \/>\nPor sua vez, Ricardo e Rodrigo, respectivamente, gerente de meio ambiente, sa\u00fade e seguran\u00e7a e gerente-executivo operacional respons\u00e1vel pelo complexo miner\u00e1rio, eram diretamente respons\u00e1veis pelo regular licenciamento e funcionamento das estruturas das barragens.<\/p>\n<p><em>Fonte: Estado de Minas<\/em><\/p>\n","protected":false},"excerpt":{"rendered":"<p>O novo balan\u00e7o das autoridades de seguran\u00e7a respons\u00e1veis pelo resgate das v\u00edtimas da trag\u00e9dia de Brumadinho, na Regi\u00e3o Metropolitana de Belo Horizonte, mostra que ainda h\u00e1 288 pessoas desaparecidas, sendo 114 funcion\u00e1rios da Vale e 174 terceirizados e moradores. Mesmo com resgate de corpos nesta ter\u00e7a-feira, o n\u00famero de mortes n\u00e3o foi atualizado. Os \u00f3bitos &#8230; <a title=\"N\u00famero de desaparecidos na trag\u00e9dia de Brumadinho \u00e9 de 288 pessoas\" class=\"read-more\" href=\"https:\/\/anoticiaonline.com.br\/site\/numero-de-desaparecidos-na-tragedia-de-brumadinho-e-de-288-pessoas\/\" aria-label=\"Read more about N\u00famero de desaparecidos na trag\u00e9dia de Brumadinho \u00e9 de 288 pessoas\">Ler mais<\/a><\/p>\n","protected":false},"author":2,"featured_media":0,"comment_status":"open","ping_status":"open","sticky":false,"template":"","format":"standard","meta":{"_acf_changed":false,"_monsterinsights_skip_tracking":false,"footnotes":""},"categories":[30],"tags":[3631,3629,1870,3630],"class_list":["post-66749","post","type-post","status-publish","format-standard","hentry","category-muriae","tag-ambiental","tag-brumadinho","tag-tragedia","tag-vale"],"acf":[],"aioseo_notices":[],"aioseo_head":"\n\t\t<!-- All in One SEO 5.0.0.1 - aioseo.com -->\n\t<meta name=\"description\" content=\"O novo balan\u00e7o das autoridades de seguran\u00e7a respons\u00e1veis pelo resgate das v\u00edtimas da trag\u00e9dia de Brumadinho, na Regi\u00e3o Metropolitana de Belo Horizonte, mostra que ainda h\u00e1 288 pessoas desaparecidas, sendo 114 funcion\u00e1rios da Vale e 174 terceirizados e moradores. Mesmo com resgate de corpos nesta ter\u00e7a-feira, o n\u00famero de mortes n\u00e3o foi atualizado. Os \u00f3bitos\" \/>\n\t<meta name=\"robots\" content=\"max-image-preview:large\" \/>\n\t<meta name=\"author\" content=\"Juliana Laviola\"\/>\n\t<link rel=\"canonical\" href=\"https:\/\/anoticiaonline.com.br\/site\/numero-de-desaparecidos-na-tragedia-de-brumadinho-e-de-288-pessoas\/\" \/>\n\t<meta name=\"generator\" content=\"All in One SEO (AIOSEO) 5.0.0.1\" \/>\n\t\t<meta property=\"og:locale\" content=\"pt_BR\" \/>\n\t\t<meta property=\"og:site_name\" content=\"A Not\u00edcia Online - Noticias de Muria\u00e9 e regi\u00e3o\" \/>\n\t\t<meta property=\"og:type\" content=\"article\" \/>\n\t\t<meta property=\"og:title\" content=\"N\u00famero de desaparecidos na trag\u00e9dia de Brumadinho \u00e9 de 288 pessoas - A Not\u00edcia Online\" \/>\n\t\t<meta property=\"og:description\" content=\"O novo balan\u00e7o das autoridades de seguran\u00e7a respons\u00e1veis pelo resgate das v\u00edtimas da trag\u00e9dia de Brumadinho, na Regi\u00e3o Metropolitana de Belo Horizonte, mostra que ainda h\u00e1 288 pessoas desaparecidas, sendo 114 funcion\u00e1rios da Vale e 174 terceirizados e moradores. Mesmo com resgate de corpos nesta ter\u00e7a-feira, o n\u00famero de mortes n\u00e3o foi atualizado. Os \u00f3bitos\" \/>\n\t\t<meta property=\"og:url\" content=\"https:\/\/anoticiaonline.com.br\/site\/numero-de-desaparecidos-na-tragedia-de-brumadinho-e-de-288-pessoas\/\" \/>\n\t\t<meta property=\"og:image\" content=\"https:\/\/scontent-gig4-1.xx.fbcdn.net\/v\/t39.30808-1\/270437624_4564083193639691_6907940295614233970_n.jpg?stp=dst-jpg_s200x200_tt6&#038;_nc_cat=111&#038;ccb=1-7&#038;_nc_sid=f907e8&#038;_nc_ohc=SM1wRlP3lJwQ7kNvwEPuBYA&#038;_nc_oc=AdnqrjDN_BNjSSHWO-GbkIWH6fkGMLw4bqvL_NH6e2wMveX7G-rP2dAqsDSq1mJMOaY&#038;_nc_zt=24&#038;_nc_ht=scontent-gig4-1.xx&#038;_nc_gid=AoBFJeGrT1hVaew_6rchkQ&#038;oh=00_AfX7QmFGhQhG2jAllVgXCiM1ZrWgvtp80-Bfppyexh1QEg&#038;oe=689E923C\" \/>\n\t\t<meta property=\"og:image:secure_url\" content=\"https:\/\/scontent-gig4-1.xx.fbcdn.net\/v\/t39.30808-1\/270437624_4564083193639691_6907940295614233970_n.jpg?stp=dst-jpg_s200x200_tt6&#038;_nc_cat=111&#038;ccb=1-7&#038;_nc_sid=f907e8&#038;_nc_ohc=SM1wRlP3lJwQ7kNvwEPuBYA&#038;_nc_oc=AdnqrjDN_BNjSSHWO-GbkIWH6fkGMLw4bqvL_NH6e2wMveX7G-rP2dAqsDSq1mJMOaY&#038;_nc_zt=24&#038;_nc_ht=scontent-gig4-1.xx&#038;_nc_gid=AoBFJeGrT1hVaew_6rchkQ&#038;oh=00_AfX7QmFGhQhG2jAllVgXCiM1ZrWgvtp80-Bfppyexh1QEg&#038;oe=689E923C\" \/>\n\t\t<meta property=\"article:published_time\" content=\"2019-01-29T17:39:20+00:00\" \/>\n\t\t<meta property=\"article:modified_time\" content=\"2019-01-29T18:13:13+00:00\" \/>\n\t\t<meta name=\"twitter:card\" content=\"summary_large_image\" \/>\n\t\t<meta name=\"twitter:title\" content=\"N\u00famero de desaparecidos na trag\u00e9dia de Brumadinho \u00e9 de 288 pessoas - A Not\u00edcia Online\" \/>\n\t\t<meta name=\"twitter:description\" content=\"O novo balan\u00e7o das autoridades de seguran\u00e7a respons\u00e1veis pelo resgate das v\u00edtimas da trag\u00e9dia de Brumadinho, na Regi\u00e3o Metropolitana de Belo Horizonte, mostra que ainda h\u00e1 288 pessoas desaparecidas, sendo 114 funcion\u00e1rios da Vale e 174 terceirizados e moradores. Mesmo com resgate de corpos nesta ter\u00e7a-feira, o n\u00famero de mortes n\u00e3o foi atualizado. Os \u00f3bitos\" \/>\n\t\t<meta name=\"twitter:image\" content=\"https:\/\/scontent-gig4-1.xx.fbcdn.net\/v\/t39.30808-1\/270437624_4564083193639691_6907940295614233970_n.jpg?stp=dst-jpg_s200x200_tt6&amp;_nc_cat=111&amp;ccb=1-7&amp;_nc_sid=f907e8&amp;_nc_ohc=SM1wRlP3lJwQ7kNvwEPuBYA&amp;_nc_oc=AdnqrjDN_BNjSSHWO-GbkIWH6fkGMLw4bqvL_NH6e2wMveX7G-rP2dAqsDSq1mJMOaY&amp;_nc_zt=24&amp;_nc_ht=scontent-gig4-1.xx&amp;_nc_gid=AoBFJeGrT1hVaew_6rchkQ&amp;oh=00_AfX7QmFGhQhG2jAllVgXCiM1ZrWgvtp80-Bfppyexh1QEg&amp;oe=689E923C\" \/>\n\t\t<script type=\"application\/ld+json\" class=\"aioseo-schema\">\n\t\t\t{\"@context\":\"https:\\\/\\\/schema.org\",\"@graph\":[{\"@type\":\"BlogPosting\",\"@id\":\"https:\\\/\\\/anoticiaonline.com.br\\\/site\\\/numero-de-desaparecidos-na-tragedia-de-brumadinho-e-de-288-pessoas\\\/#blogposting\",\"name\":\"N\\u00famero de desaparecidos na trag\\u00e9dia de Brumadinho \\u00e9 de 288 pessoas - A Not\\u00edcia Online\",\"headline\":\"N\\u00famero de desaparecidos na trag\\u00e9dia de Brumadinho \\u00e9 de 288 pessoas\",\"author\":{\"@id\":\"https:\\\/\\\/anoticiaonline.com.br\\\/site\\\/author\\\/juliana\\\/#author\"},\"publisher\":{\"@id\":\"https:\\\/\\\/anoticiaonline.com.br\\\/site\\\/#organization\"},\"image\":{\"@type\":\"ImageObject\",\"url\":\"https:\\\/\\\/anoticiaonline.com.br\\\/site\\\/wp-content\\\/uploads\\\/2019\\\/01\\\/Edesio-Ferreira-EM-D.A-Press.jpg\",\"@id\":\"https:\\\/\\\/anoticiaonline.com.br\\\/site\\\/numero-de-desaparecidos-na-tragedia-de-brumadinho-e-de-288-pessoas\\\/#articleImage\",\"width\":1000,\"height\":600},\"datePublished\":\"2019-01-29T14:39:20-03:00\",\"dateModified\":\"2019-01-29T15:13:13-03:00\",\"inLanguage\":\"pt-BR\",\"mainEntityOfPage\":{\"@id\":\"https:\\\/\\\/anoticiaonline.com.br\\\/site\\\/numero-de-desaparecidos-na-tragedia-de-brumadinho-e-de-288-pessoas\\\/#webpage\"},\"isPartOf\":{\"@id\":\"https:\\\/\\\/anoticiaonline.com.br\\\/site\\\/numero-de-desaparecidos-na-tragedia-de-brumadinho-e-de-288-pessoas\\\/#webpage\"},\"articleSection\":\"Blog, ambiental, brumadinho, trag\\u00e9dia, vale\"},{\"@type\":\"BreadcrumbList\",\"@id\":\"https:\\\/\\\/anoticiaonline.com.br\\\/site\\\/numero-de-desaparecidos-na-tragedia-de-brumadinho-e-de-288-pessoas\\\/#breadcrumblist\",\"itemListElement\":[{\"@type\":\"ListItem\",\"@id\":\"https:\\\/\\\/anoticiaonline.com.br\\\/site#listItem\",\"position\":1,\"name\":\"Home\",\"item\":\"https:\\\/\\\/anoticiaonline.com.br\\\/site\",\"nextItem\":{\"@type\":\"ListItem\",\"@id\":\"https:\\\/\\\/anoticiaonline.com.br\\\/site\\\/categoria\\\/muriae\\\/#listItem\",\"name\":\"Blog\"}},{\"@type\":\"ListItem\",\"@id\":\"https:\\\/\\\/anoticiaonline.com.br\\\/site\\\/categoria\\\/muriae\\\/#listItem\",\"position\":2,\"name\":\"Blog\",\"item\":\"https:\\\/\\\/anoticiaonline.com.br\\\/site\\\/categoria\\\/muriae\\\/\",\"nextItem\":{\"@type\":\"ListItem\",\"@id\":\"https:\\\/\\\/anoticiaonline.com.br\\\/site\\\/numero-de-desaparecidos-na-tragedia-de-brumadinho-e-de-288-pessoas\\\/#listItem\",\"name\":\"N\\u00famero de desaparecidos na trag\\u00e9dia de Brumadinho \\u00e9 de 288 pessoas\"},\"previousItem\":{\"@type\":\"ListItem\",\"@id\":\"https:\\\/\\\/anoticiaonline.com.br\\\/site#listItem\",\"name\":\"Home\"}},{\"@type\":\"ListItem\",\"@id\":\"https:\\\/\\\/anoticiaonline.com.br\\\/site\\\/numero-de-desaparecidos-na-tragedia-de-brumadinho-e-de-288-pessoas\\\/#listItem\",\"position\":3,\"name\":\"N\\u00famero de desaparecidos na trag\\u00e9dia de Brumadinho \\u00e9 de 288 pessoas\",\"previousItem\":{\"@type\":\"ListItem\",\"@id\":\"https:\\\/\\\/anoticiaonline.com.br\\\/site\\\/categoria\\\/muriae\\\/#listItem\",\"name\":\"Blog\"}}]},{\"@type\":\"Organization\",\"@id\":\"https:\\\/\\\/anoticiaonline.com.br\\\/site\\\/#organization\",\"name\":\"A Not\\u00edcia Online\",\"description\":\"Noticias de Muria\\u00e9 e regi\\u00e3o\",\"url\":\"https:\\\/\\\/anoticiaonline.com.br\\\/site\\\/\",\"logo\":{\"@type\":\"ImageObject\",\"url\":\"https:\\\/\\\/scontent-gig4-1.xx.fbcdn.net\\\/v\\\/t39.30808-1\\\/270437624_4564083193639691_6907940295614233970_n.jpg?stp=dst-jpg_s200x200_tt6&_nc_cat=111&ccb=1-7&_nc_sid=f907e8&_nc_ohc=SM1wRlP3lJwQ7kNvwEPuBYA&_nc_oc=AdnqrjDN_BNjSSHWO-GbkIWH6fkGMLw4bqvL_NH6e2wMveX7G-rP2dAqsDSq1mJMOaY&_nc_zt=24&_nc_ht=scontent-gig4-1.xx&_nc_gid=AoBFJeGrT1hVaew_6rchkQ&oh=00_AfX7QmFGhQhG2jAllVgXCiM1ZrWgvtp80-Bfppyexh1QEg&oe=689E923C\",\"@id\":\"https:\\\/\\\/anoticiaonline.com.br\\\/site\\\/numero-de-desaparecidos-na-tragedia-de-brumadinho-e-de-288-pessoas\\\/#organizationLogo\"},\"image\":{\"@id\":\"https:\\\/\\\/anoticiaonline.com.br\\\/site\\\/numero-de-desaparecidos-na-tragedia-de-brumadinho-e-de-288-pessoas\\\/#organizationLogo\"}},{\"@type\":\"Person\",\"@id\":\"https:\\\/\\\/anoticiaonline.com.br\\\/site\\\/author\\\/juliana\\\/#author\",\"url\":\"https:\\\/\\\/anoticiaonline.com.br\\\/site\\\/author\\\/juliana\\\/\",\"name\":\"Juliana Laviola\",\"image\":{\"@type\":\"ImageObject\",\"@id\":\"https:\\\/\\\/anoticiaonline.com.br\\\/site\\\/numero-de-desaparecidos-na-tragedia-de-brumadinho-e-de-288-pessoas\\\/#authorImage\",\"url\":\"https:\\\/\\\/secure.gravatar.com\\\/avatar\\\/b8d45f5c699b100dfaf0e543582f38f38bf94cb7ae3a5e9abf8d891a34773335?s=96&d=mm&r=g\",\"width\":96,\"height\":96,\"caption\":\"Juliana Laviola\"}},{\"@type\":\"WebPage\",\"@id\":\"https:\\\/\\\/anoticiaonline.com.br\\\/site\\\/numero-de-desaparecidos-na-tragedia-de-brumadinho-e-de-288-pessoas\\\/#webpage\",\"url\":\"https:\\\/\\\/anoticiaonline.com.br\\\/site\\\/numero-de-desaparecidos-na-tragedia-de-brumadinho-e-de-288-pessoas\\\/\",\"name\":\"N\\u00famero de desaparecidos na trag\\u00e9dia de Brumadinho \\u00e9 de 288 pessoas - A Not\\u00edcia Online\",\"description\":\"O novo balan\\u00e7o das autoridades de seguran\\u00e7a respons\\u00e1veis pelo resgate das v\\u00edtimas da trag\\u00e9dia de Brumadinho, na Regi\\u00e3o Metropolitana de Belo Horizonte, mostra que ainda h\\u00e1 288 pessoas desaparecidas, sendo 114 funcion\\u00e1rios da Vale e 174 terceirizados e moradores. Mesmo com resgate de corpos nesta ter\\u00e7a-feira, o n\\u00famero de mortes n\\u00e3o foi atualizado. Os \\u00f3bitos\",\"inLanguage\":\"pt-BR\",\"isPartOf\":{\"@id\":\"https:\\\/\\\/anoticiaonline.com.br\\\/site\\\/#website\"},\"breadcrumb\":{\"@id\":\"https:\\\/\\\/anoticiaonline.com.br\\\/site\\\/numero-de-desaparecidos-na-tragedia-de-brumadinho-e-de-288-pessoas\\\/#breadcrumblist\"},\"author\":{\"@id\":\"https:\\\/\\\/anoticiaonline.com.br\\\/site\\\/author\\\/juliana\\\/#author\"},\"creator\":{\"@id\":\"https:\\\/\\\/anoticiaonline.com.br\\\/site\\\/author\\\/juliana\\\/#author\"},\"datePublished\":\"2019-01-29T14:39:20-03:00\",\"dateModified\":\"2019-01-29T15:13:13-03:00\"},{\"@type\":\"WebSite\",\"@id\":\"https:\\\/\\\/anoticiaonline.com.br\\\/site\\\/#website\",\"url\":\"https:\\\/\\\/anoticiaonline.com.br\\\/site\\\/\",\"name\":\"A Not\\u00edcia Online\",\"description\":\"Noticias de Muria\\u00e9 e regi\\u00e3o\",\"inLanguage\":\"pt-BR\",\"publisher\":{\"@id\":\"https:\\\/\\\/anoticiaonline.com.br\\\/site\\\/#organization\"}}]}\n\t\t<\/script>\n\t\t<!-- All in One SEO -->\n\n","aioseo_head_json":{"title":"N\u00famero de desaparecidos na trag\u00e9dia de Brumadinho \u00e9 de 288 pessoas - A Not\u00edcia Online","description":"O novo balan\u00e7o das autoridades de seguran\u00e7a respons\u00e1veis pelo resgate das v\u00edtimas da trag\u00e9dia de Brumadinho, na Regi\u00e3o Metropolitana de Belo Horizonte, mostra que ainda h\u00e1 288 pessoas desaparecidas, sendo 114 funcion\u00e1rios da Vale e 174 terceirizados e moradores. Mesmo com resgate de corpos nesta ter\u00e7a-feira, o n\u00famero de mortes n\u00e3o foi atualizado. Os \u00f3bitos","canonical_url":"https:\/\/anoticiaonline.com.br\/site\/numero-de-desaparecidos-na-tragedia-de-brumadinho-e-de-288-pessoas\/","robots":"max-image-preview:large","keywords":"","webmasterTools":{"miscellaneous":""},"schema":{"@context":"https:\/\/schema.org","@graph":[{"@type":"BlogPosting","@id":"https:\/\/anoticiaonline.com.br\/site\/numero-de-desaparecidos-na-tragedia-de-brumadinho-e-de-288-pessoas\/#blogposting","name":"N\u00famero de desaparecidos na trag\u00e9dia de Brumadinho \u00e9 de 288 pessoas - A Not\u00edcia Online","headline":"N\u00famero de desaparecidos na trag\u00e9dia de Brumadinho \u00e9 de 288 pessoas","author":{"@id":"https:\/\/anoticiaonline.com.br\/site\/author\/juliana\/#author"},"publisher":{"@id":"https:\/\/anoticiaonline.com.br\/site\/#organization"},"image":{"@type":"ImageObject","url":"https:\/\/anoticiaonline.com.br\/site\/wp-content\/uploads\/2019\/01\/Edesio-Ferreira-EM-D.A-Press.jpg","@id":"https:\/\/anoticiaonline.com.br\/site\/numero-de-desaparecidos-na-tragedia-de-brumadinho-e-de-288-pessoas\/#articleImage","width":1000,"height":600},"datePublished":"2019-01-29T14:39:20-03:00","dateModified":"2019-01-29T15:13:13-03:00","inLanguage":"pt-BR","mainEntityOfPage":{"@id":"https:\/\/anoticiaonline.com.br\/site\/numero-de-desaparecidos-na-tragedia-de-brumadinho-e-de-288-pessoas\/#webpage"},"isPartOf":{"@id":"https:\/\/anoticiaonline.com.br\/site\/numero-de-desaparecidos-na-tragedia-de-brumadinho-e-de-288-pessoas\/#webpage"},"articleSection":"Blog, ambiental, brumadinho, trag\u00e9dia, vale"},{"@type":"BreadcrumbList","@id":"https:\/\/anoticiaonline.com.br\/site\/numero-de-desaparecidos-na-tragedia-de-brumadinho-e-de-288-pessoas\/#breadcrumblist","itemListElement":[{"@type":"ListItem","@id":"https:\/\/anoticiaonline.com.br\/site#listItem","position":1,"name":"Home","item":"https:\/\/anoticiaonline.com.br\/site","nextItem":{"@type":"ListItem","@id":"https:\/\/anoticiaonline.com.br\/site\/categoria\/muriae\/#listItem","name":"Blog"}},{"@type":"ListItem","@id":"https:\/\/anoticiaonline.com.br\/site\/categoria\/muriae\/#listItem","position":2,"name":"Blog","item":"https:\/\/anoticiaonline.com.br\/site\/categoria\/muriae\/","nextItem":{"@type":"ListItem","@id":"https:\/\/anoticiaonline.com.br\/site\/numero-de-desaparecidos-na-tragedia-de-brumadinho-e-de-288-pessoas\/#listItem","name":"N\u00famero de desaparecidos na trag\u00e9dia de Brumadinho \u00e9 de 288 pessoas"},"previousItem":{"@type":"ListItem","@id":"https:\/\/anoticiaonline.com.br\/site#listItem","name":"Home"}},{"@type":"ListItem","@id":"https:\/\/anoticiaonline.com.br\/site\/numero-de-desaparecidos-na-tragedia-de-brumadinho-e-de-288-pessoas\/#listItem","position":3,"name":"N\u00famero de desaparecidos na trag\u00e9dia de Brumadinho \u00e9 de 288 pessoas","previousItem":{"@type":"ListItem","@id":"https:\/\/anoticiaonline.com.br\/site\/categoria\/muriae\/#listItem","name":"Blog"}}]},{"@type":"Organization","@id":"https:\/\/anoticiaonline.com.br\/site\/#organization","name":"A Not\u00edcia Online","description":"Noticias de Muria\u00e9 e regi\u00e3o","url":"https:\/\/anoticiaonline.com.br\/site\/","logo":{"@type":"ImageObject","url":"https:\/\/scontent-gig4-1.xx.fbcdn.net\/v\/t39.30808-1\/270437624_4564083193639691_6907940295614233970_n.jpg?stp=dst-jpg_s200x200_tt6&_nc_cat=111&ccb=1-7&_nc_sid=f907e8&_nc_ohc=SM1wRlP3lJwQ7kNvwEPuBYA&_nc_oc=AdnqrjDN_BNjSSHWO-GbkIWH6fkGMLw4bqvL_NH6e2wMveX7G-rP2dAqsDSq1mJMOaY&_nc_zt=24&_nc_ht=scontent-gig4-1.xx&_nc_gid=AoBFJeGrT1hVaew_6rchkQ&oh=00_AfX7QmFGhQhG2jAllVgXCiM1ZrWgvtp80-Bfppyexh1QEg&oe=689E923C","@id":"https:\/\/anoticiaonline.com.br\/site\/numero-de-desaparecidos-na-tragedia-de-brumadinho-e-de-288-pessoas\/#organizationLogo"},"image":{"@id":"https:\/\/anoticiaonline.com.br\/site\/numero-de-desaparecidos-na-tragedia-de-brumadinho-e-de-288-pessoas\/#organizationLogo"}},{"@type":"Person","@id":"https:\/\/anoticiaonline.com.br\/site\/author\/juliana\/#author","url":"https:\/\/anoticiaonline.com.br\/site\/author\/juliana\/","name":"Juliana Laviola","image":{"@type":"ImageObject","@id":"https:\/\/anoticiaonline.com.br\/site\/numero-de-desaparecidos-na-tragedia-de-brumadinho-e-de-288-pessoas\/#authorImage","url":"https:\/\/secure.gravatar.com\/avatar\/b8d45f5c699b100dfaf0e543582f38f38bf94cb7ae3a5e9abf8d891a34773335?s=96&d=mm&r=g","width":96,"height":96,"caption":"Juliana Laviola"}},{"@type":"WebPage","@id":"https:\/\/anoticiaonline.com.br\/site\/numero-de-desaparecidos-na-tragedia-de-brumadinho-e-de-288-pessoas\/#webpage","url":"https:\/\/anoticiaonline.com.br\/site\/numero-de-desaparecidos-na-tragedia-de-brumadinho-e-de-288-pessoas\/","name":"N\u00famero de desaparecidos na trag\u00e9dia de Brumadinho \u00e9 de 288 pessoas - A Not\u00edcia Online","description":"O novo balan\u00e7o das autoridades de seguran\u00e7a respons\u00e1veis pelo resgate das v\u00edtimas da trag\u00e9dia de Brumadinho, na Regi\u00e3o Metropolitana de Belo Horizonte, mostra que ainda h\u00e1 288 pessoas desaparecidas, sendo 114 funcion\u00e1rios da Vale e 174 terceirizados e moradores. Mesmo com resgate de corpos nesta ter\u00e7a-feira, o n\u00famero de mortes n\u00e3o foi atualizado. Os \u00f3bitos","inLanguage":"pt-BR","isPartOf":{"@id":"https:\/\/anoticiaonline.com.br\/site\/#website"},"breadcrumb":{"@id":"https:\/\/anoticiaonline.com.br\/site\/numero-de-desaparecidos-na-tragedia-de-brumadinho-e-de-288-pessoas\/#breadcrumblist"},"author":{"@id":"https:\/\/anoticiaonline.com.br\/site\/author\/juliana\/#author"},"creator":{"@id":"https:\/\/anoticiaonline.com.br\/site\/author\/juliana\/#author"},"datePublished":"2019-01-29T14:39:20-03:00","dateModified":"2019-01-29T15:13:13-03:00"},{"@type":"WebSite","@id":"https:\/\/anoticiaonline.com.br\/site\/#website","url":"https:\/\/anoticiaonline.com.br\/site\/","name":"A Not\u00edcia Online","description":"Noticias de Muria\u00e9 e regi\u00e3o","inLanguage":"pt-BR","publisher":{"@id":"https:\/\/anoticiaonline.com.br\/site\/#organization"}}]},"og:locale":"pt_BR","og:site_name":"A Not\u00edcia Online - Noticias de Muria\u00e9 e regi\u00e3o","og:type":"article","og:title":"N\u00famero de desaparecidos na trag\u00e9dia de Brumadinho \u00e9 de 288 pessoas - A Not\u00edcia Online","og:description":"O novo balan\u00e7o das autoridades de seguran\u00e7a respons\u00e1veis pelo resgate das v\u00edtimas da trag\u00e9dia de Brumadinho, na Regi\u00e3o Metropolitana de Belo Horizonte, mostra que ainda h\u00e1 288 pessoas desaparecidas, sendo 114 funcion\u00e1rios da Vale e 174 terceirizados e moradores. Mesmo com resgate de corpos nesta ter\u00e7a-feira, o n\u00famero de mortes n\u00e3o foi atualizado. Os \u00f3bitos","og:url":"https:\/\/anoticiaonline.com.br\/site\/numero-de-desaparecidos-na-tragedia-de-brumadinho-e-de-288-pessoas\/","og:image":"https:\/\/scontent-gig4-1.xx.fbcdn.net\/v\/t39.30808-1\/270437624_4564083193639691_6907940295614233970_n.jpg?stp=dst-jpg_s200x200_tt6&#038;_nc_cat=111&#038;ccb=1-7&#038;_nc_sid=f907e8&#038;_nc_ohc=SM1wRlP3lJwQ7kNvwEPuBYA&#038;_nc_oc=AdnqrjDN_BNjSSHWO-GbkIWH6fkGMLw4bqvL_NH6e2wMveX7G-rP2dAqsDSq1mJMOaY&#038;_nc_zt=24&#038;_nc_ht=scontent-gig4-1.xx&#038;_nc_gid=AoBFJeGrT1hVaew_6rchkQ&#038;oh=00_AfX7QmFGhQhG2jAllVgXCiM1ZrWgvtp80-Bfppyexh1QEg&#038;oe=689E923C","og:image:secure_url":"https:\/\/scontent-gig4-1.xx.fbcdn.net\/v\/t39.30808-1\/270437624_4564083193639691_6907940295614233970_n.jpg?stp=dst-jpg_s200x200_tt6&#038;_nc_cat=111&#038;ccb=1-7&#038;_nc_sid=f907e8&#038;_nc_ohc=SM1wRlP3lJwQ7kNvwEPuBYA&#038;_nc_oc=AdnqrjDN_BNjSSHWO-GbkIWH6fkGMLw4bqvL_NH6e2wMveX7G-rP2dAqsDSq1mJMOaY&#038;_nc_zt=24&#038;_nc_ht=scontent-gig4-1.xx&#038;_nc_gid=AoBFJeGrT1hVaew_6rchkQ&#038;oh=00_AfX7QmFGhQhG2jAllVgXCiM1ZrWgvtp80-Bfppyexh1QEg&#038;oe=689E923C","article:published_time":"2019-01-29T17:39:20+00:00","article:modified_time":"2019-01-29T18:13:13+00:00","twitter:card":"summary_large_image","twitter:title":"N\u00famero de desaparecidos na trag\u00e9dia de Brumadinho \u00e9 de 288 pessoas - A Not\u00edcia Online","twitter:description":"O novo balan\u00e7o das autoridades de seguran\u00e7a respons\u00e1veis pelo resgate das v\u00edtimas da trag\u00e9dia de Brumadinho, na Regi\u00e3o Metropolitana de Belo Horizonte, mostra que ainda h\u00e1 288 pessoas desaparecidas, sendo 114 funcion\u00e1rios da Vale e 174 terceirizados e moradores. Mesmo com resgate de corpos nesta ter\u00e7a-feira, o n\u00famero de mortes n\u00e3o foi atualizado. Os \u00f3bitos","twitter:image":"https:\/\/scontent-gig4-1.xx.fbcdn.net\/v\/t39.30808-1\/270437624_4564083193639691_6907940295614233970_n.jpg?stp=dst-jpg_s200x200_tt6&_nc_cat=111&ccb=1-7&_nc_sid=f907e8&_nc_ohc=SM1wRlP3lJwQ7kNvwEPuBYA&_nc_oc=AdnqrjDN_BNjSSHWO-GbkIWH6fkGMLw4bqvL_NH6e2wMveX7G-rP2dAqsDSq1mJMOaY&_nc_zt=24&_nc_ht=scontent-gig4-1.xx&_nc_gid=AoBFJeGrT1hVaew_6rchkQ&oh=00_AfX7QmFGhQhG2jAllVgXCiM1ZrWgvtp80-Bfppyexh1QEg&oe=689E923C"},"aioseo_meta_data":{"post_id":"66749","title":null,"description":null,"keywords":null,"keyphrases":null,"primary_term":null,"canonical_url":null,"og_title":null,"og_description":null,"og_object_type":"default","og_image_type":"default","og_image_url":null,"og_image_width":null,"og_image_height":null,"og_image_custom_url":null,"og_image_custom_fields":null,"og_video":null,"og_custom_url":null,"og_article_section":null,"og_article_tags":null,"twitter_use_og":false,"twitter_card":"default","twitter_image_type":"default","twitter_image_url":null,"twitter_image_custom_url":null,"twitter_image_custom_fields":null,"twitter_title":null,"twitter_description":null,"schema":{"blockGraphs":[],"customGraphs":[],"default":{"data":{"Article":[],"Course":[],"Dataset":[],"FAQPage":[],"Movie":[],"Person":[],"Product":[],"ProductReview":[],"Car":[],"Recipe":[],"Service":[],"SoftwareApplication":[],"WebPage":[]},"graphName":"","isEnabled":true},"graphs":[]},"schema_type":"default","schema_type_options":null,"pillar_content":false,"robots_default":true,"robots_noindex":false,"robots_noarchive":false,"robots_nosnippet":false,"robots_nofollow":false,"robots_noimageindex":false,"robots_noodp":false,"robots_notranslate":false,"robots_max_snippet":null,"robots_max_videopreview":null,"robots_max_imagepreview":"large","priority":null,"frequency":null,"local_seo":null,"breadcrumb_settings":null,"limit_modified_date":false,"ai":null,"created":"2025-08-16 22:40:56","updated":"2025-08-16 22:40:56","focus_keyword":null,"additional_keywords":null,"truseo_locale":null,"seo_analyzer_scan_date":null},"aioseo_breadcrumb":"<div class=\"aioseo-breadcrumbs\"><span class=\"aioseo-breadcrumb\">\n\t\t\t<a href=\"https:\/\/anoticiaonline.com.br\/site\" title=\"Home\">Home<\/a>\n\t\t<\/span><span class=\"aioseo-breadcrumb-separator\">&raquo;<\/span><span class=\"aioseo-breadcrumb\">\n\t\t\t<a href=\"https:\/\/anoticiaonline.com.br\/site\/categoria\/muriae\/\" title=\"Blog\">Blog<\/a>\n\t\t<\/span><span class=\"aioseo-breadcrumb-separator\">&raquo;<\/span><span class=\"aioseo-breadcrumb\">\n\t\t\tN\u00famero de desaparecidos na trag\u00e9dia de Brumadinho \u00e9 de 288 pessoas\n\t\t<\/span><\/div>","aioseo_breadcrumb_json":[{"label":"Home","link":"https:\/\/anoticiaonline.com.br\/site"},{"label":"Blog","link":"https:\/\/anoticiaonline.com.br\/site\/categoria\/muriae\/"},{"label":"N\u00famero de desaparecidos na trag\u00e9dia de Brumadinho \u00e9 de 288 pessoas","link":"https:\/\/anoticiaonline.com.br\/site\/numero-de-desaparecidos-na-tragedia-de-brumadinho-e-de-288-pessoas\/"}],"views":179,"_links":{"self":[{"href":"https:\/\/anoticiaonline.com.br\/site\/wp-json\/wp\/v2\/posts\/66749","targetHints":{"allow":["GET"]}}],"collection":[{"href":"https:\/\/anoticiaonline.com.br\/site\/wp-json\/wp\/v2\/posts"}],"about":[{"href":"https:\/\/anoticiaonline.com.br\/site\/wp-json\/wp\/v2\/types\/post"}],"author":[{"embeddable":true,"href":"https:\/\/anoticiaonline.com.br\/site\/wp-json\/wp\/v2\/users\/2"}],"replies":[{"embeddable":true,"href":"https:\/\/anoticiaonline.com.br\/site\/wp-json\/wp\/v2\/comments?post=66749"}],"version-history":[{"count":0,"href":"https:\/\/anoticiaonline.com.br\/site\/wp-json\/wp\/v2\/posts\/66749\/revisions"}],"wp:attachment":[{"href":"https:\/\/anoticiaonline.com.br\/site\/wp-json\/wp\/v2\/media?parent=66749"}],"wp:term":[{"taxonomy":"category","embeddable":true,"href":"https:\/\/anoticiaonline.com.br\/site\/wp-json\/wp\/v2\/categories?post=66749"},{"taxonomy":"post_tag","embeddable":true,"href":"https:\/\/anoticiaonline.com.br\/site\/wp-json\/wp\/v2\/tags?post=66749"}],"curies":[{"name":"wp","href":"https:\/\/api.w.org\/{rel}","templated":true}]}}