{"id":66746,"date":"2019-01-29T14:07:40","date_gmt":"2019-01-29T17:07:40","guid":{"rendered":"http:\/\/anoticiaonline.com.br\/site\/?p=66746"},"modified":"2019-01-29T15:35:02","modified_gmt":"2019-01-29T18:35:02","slug":"muriae-registra-reducao-do-indice-de-infestacao-do-aedes-aegypti","status":"publish","type":"post","link":"https:\/\/anoticiaonline.com.br\/site\/muriae-registra-reducao-do-indice-de-infestacao-do-aedes-aegypti\/","title":{"rendered":"Muria\u00e9 registra redu\u00e7\u00e3o do \u00edndice de infesta\u00e7\u00e3o do Aedes aegypti"},"content":{"rendered":"<p><a href=\"https:\/\/anoticiaonline.com.br\/site\/wp-content\/uploads\/2019\/01\/Muria\u00e9-registra-redu\u00e7\u00e3o-do-\u00edndice-de-infesta\u00e7\u00e3o-do-Aedes-aegypti.jpg\"><img fetchpriority=\"high\" decoding=\"async\" class=\"aligncenter size-full wp-image-66747\" src=\"https:\/\/anoticiaonline.com.br\/site\/wp-content\/uploads\/2019\/01\/Muria\u00e9-registra-redu\u00e7\u00e3o-do-\u00edndice-de-infesta\u00e7\u00e3o-do-Aedes-aegypti.jpg\" alt=\"\" width=\"1000\" height=\"661\" srcset=\"https:\/\/anoticiaonline.com.br\/site\/wp-content\/uploads\/2019\/01\/Muria\u00e9-registra-redu\u00e7\u00e3o-do-\u00edndice-de-infesta\u00e7\u00e3o-do-Aedes-aegypti.jpg 1000w, https:\/\/anoticiaonline.com.br\/site\/wp-content\/uploads\/2019\/01\/Muria\u00e9-registra-redu\u00e7\u00e3o-do-\u00edndice-de-infesta\u00e7\u00e3o-do-Aedes-aegypti-300x198.jpg 300w, https:\/\/anoticiaonline.com.br\/site\/wp-content\/uploads\/2019\/01\/Muria\u00e9-registra-redu\u00e7\u00e3o-do-\u00edndice-de-infesta\u00e7\u00e3o-do-Aedes-aegypti-768x508.jpg 768w, https:\/\/anoticiaonline.com.br\/site\/wp-content\/uploads\/2019\/01\/Muria\u00e9-registra-redu\u00e7\u00e3o-do-\u00edndice-de-infesta\u00e7\u00e3o-do-Aedes-aegypti-687x455.jpg 687w\" sizes=\"(max-width: 1000px) 100vw, 1000px\" \/><\/a><\/p>\n<p>O primeiro Levantamento R\u00e1pido do \u00cdndice de Infesta\u00e7\u00e3o por Aedes aegypti (LIRAa) do ano aponta uma redu\u00e7\u00e3o na quantidade de \u00e1reas em situa\u00e7\u00e3o de risco em compara\u00e7\u00e3o com o \u00faltimo levantamento de outubro do ano passado. O \u00edndice caiu de 1,8% para 1,2% em janeiro, o que representa a diminui\u00e7\u00e3o da possibilidade de epidemia causada pelo mosquito.<!--more--><\/p>\n<p>O LIRAa foi realizado entre 21 a 25 de janeiro e divulgado pela Prefeitura, atrav\u00e9s da Vigil\u00e2ncia Ambiental da Secretaria Municipal de Sa\u00fade. Este \u00edndice de 1,2% est\u00e1 bem pr\u00f3ximo ao \u00edndice 1%, que \u00e9 considerado de \u201cbaixo risco\u201d pelo Minist\u00e9rio da Sa\u00fade, por\u00e9m ainda mant\u00e9m o munic\u00edpio em estado de alerta. O percentual \u00e9 menor do que o registrado em cidades da regi\u00e3o como Ub\u00e1 (7,4%) e Juiz de Fora (3,7%), por exemplo.<\/p>\n<p>Apesar da redu\u00e7\u00e3o, a Prefeitura orienta que os muriaeenses continuem atentos para o combate de focos do mosquito em suas resid\u00eancias, como ralos, vasos sanit\u00e1rios e vasos de flores, e tenham uma aten\u00e7\u00e3o especial para a disposi\u00e7\u00e3o correta de seu lixo &#8211; a maioria dos focos foi encontrada em lixo, entulhos ou materiais que poderiam ter sido reciclados. Em Muria\u00e9, os bairros que apresentaram maior n\u00famero de focos foram o Centro e o Santo Ant\u00f4nio.<\/p>\n<p><strong>Recicla Mania &#8211;<\/strong>\u00a0Tendo em vista que 32% dos focos encontrados em Muria\u00e9 em 2018 durante o trabalho dos agentes foram em lixos dispostos incorretamente, a Prefeitura est\u00e1 lan\u00e7ando o Projeto Recicla Mania, que ser\u00e1 implementado em 45 escolas do munic\u00edpio entre abril e outubro.<\/p>\n<p>O objetivo \u00e9 conscientizar as crian\u00e7as &#8211; consideradas importantes multiplicadoras do conhecimento &#8211; sobre a import\u00e2ncia da correta disposi\u00e7\u00e3o do lixo para prevenir doen\u00e7as transmitidas pelo Aedes aegypti. Al\u00e9m disso, a iniciativa visa incentivar a coleta seletiva, que contribui para diminuir os focos do mosquito.<\/p>\n<p>\u201cAcreditamos que a queda do LIRAa esteja ligada \u00e0 maior conscientiza\u00e7\u00e3o dos muriaeenses obtida atrav\u00e9s de mobiliza\u00e7\u00f5es e projetos de educa\u00e7\u00e3o ambiental, como o \u2018Conhecer para Combater\u2019, al\u00e9m do aumento no n\u00famero, em 2018, da equipe de agentes de controle de endemias,\u00a0amplia\u00e7\u00e3o das visitas domiciliares e capacita\u00e7\u00e3o, valoriza\u00e7\u00e3o e atualiza\u00e7\u00e3o dos agentes\u201d, afirma a diretora da Sa\u00fade Ambiental da Prefeitura de Muria\u00e9, Carla Morcerf.<\/p>\n<p><strong>O que fazer em caso de suspeita &#8211;\u00a0<\/strong>Em caso de suspeita de doen\u00e7as transmitidas pelo Aedes, a orienta\u00e7\u00e3o \u00e9 procurar imediatamente uma Unidade B\u00e1sica de Sa\u00fade (UBS) mais pr\u00f3xima da resid\u00eancia, para que seja feito o bloqueio.<\/p>\n<p>J\u00e1 quem for \u00e0 rede particular deve pedir ao m\u00e9dico para que fa\u00e7a uma notifica\u00e7\u00e3o de suspeita de dengue e envie \u00e0 Secretaria Municipal de Sa\u00fade o formul\u00e1rio que est\u00e1 dispon\u00edvel no site do Minist\u00e9rio da Sa\u00fade. Com a notifica\u00e7\u00e3o, o cidad\u00e3o tamb\u00e9m ter\u00e1 atendimento priorit\u00e1rio, al\u00e9m de poder fazer exames de forma gratuita.<\/p>\n<p>Den\u00fancias e orienta\u00e7\u00f5es podem ser feitas e solicitadas pelo telefone 3729-1301.<\/p>\n<p><em>Fonte: ASCOM PMM<\/em><\/p>\n","protected":false},"excerpt":{"rendered":"<p>O primeiro Levantamento R\u00e1pido do \u00cdndice de Infesta\u00e7\u00e3o por Aedes aegypti (LIRAa) do ano aponta uma redu\u00e7\u00e3o na quantidade de \u00e1reas em situa\u00e7\u00e3o de risco em compara\u00e7\u00e3o com o \u00faltimo levantamento de outubro do ano passado. O \u00edndice caiu de 1,8% para 1,2% em janeiro, o que representa a diminui\u00e7\u00e3o da possibilidade de epidemia causada &#8230; <a title=\"Muria\u00e9 registra redu\u00e7\u00e3o do \u00edndice de infesta\u00e7\u00e3o do Aedes aegypti\" class=\"read-more\" href=\"https:\/\/anoticiaonline.com.br\/site\/muriae-registra-reducao-do-indice-de-infestacao-do-aedes-aegypti\/\" aria-label=\"Read more about Muria\u00e9 registra redu\u00e7\u00e3o do \u00edndice de infesta\u00e7\u00e3o do Aedes aegypti\">Ler mais<\/a><\/p>\n","protected":false},"author":2,"featured_media":0,"comment_status":"open","ping_status":"open","sticky":false,"template":"","format":"standard","meta":{"_acf_changed":false,"_monsterinsights_skip_tracking":false,"footnotes":""},"categories":[30],"tags":[],"class_list":["post-66746","post","type-post","status-publish","format-standard","hentry","category-muriae"],"acf":[],"aioseo_notices":[],"aioseo_head":"\n\t\t<!-- All in One SEO 5.0.0.1 - aioseo.com -->\n\t<meta name=\"description\" content=\"O primeiro Levantamento R\u00e1pido do \u00cdndice de Infesta\u00e7\u00e3o por Aedes aegypti (LIRAa) do ano aponta uma redu\u00e7\u00e3o na quantidade de \u00e1reas em situa\u00e7\u00e3o de risco em compara\u00e7\u00e3o com o \u00faltimo levantamento de outubro do ano passado. O \u00edndice caiu de 1,8% para 1,2% em janeiro, o que representa a diminui\u00e7\u00e3o da possibilidade de epidemia causada\" \/>\n\t<meta name=\"robots\" content=\"max-image-preview:large\" \/>\n\t<meta name=\"author\" content=\"Juliana Laviola\"\/>\n\t<link rel=\"canonical\" href=\"https:\/\/anoticiaonline.com.br\/site\/muriae-registra-reducao-do-indice-de-infestacao-do-aedes-aegypti\/\" \/>\n\t<meta name=\"generator\" content=\"All in One SEO (AIOSEO) 5.0.0.1\" \/>\n\t\t<meta property=\"og:locale\" content=\"pt_BR\" \/>\n\t\t<meta property=\"og:site_name\" content=\"A Not\u00edcia Online - Noticias de Muria\u00e9 e regi\u00e3o\" \/>\n\t\t<meta property=\"og:type\" content=\"article\" \/>\n\t\t<meta property=\"og:title\" content=\"Muria\u00e9 registra redu\u00e7\u00e3o do \u00edndice de infesta\u00e7\u00e3o do Aedes aegypti - A Not\u00edcia Online\" \/>\n\t\t<meta property=\"og:description\" content=\"O primeiro Levantamento R\u00e1pido do \u00cdndice de Infesta\u00e7\u00e3o por Aedes aegypti (LIRAa) do ano aponta uma redu\u00e7\u00e3o na quantidade de \u00e1reas em situa\u00e7\u00e3o de risco em compara\u00e7\u00e3o com o \u00faltimo levantamento de outubro do ano passado. O \u00edndice caiu de 1,8% para 1,2% em janeiro, o que representa a diminui\u00e7\u00e3o da possibilidade de epidemia causada\" \/>\n\t\t<meta property=\"og:url\" content=\"https:\/\/anoticiaonline.com.br\/site\/muriae-registra-reducao-do-indice-de-infestacao-do-aedes-aegypti\/\" \/>\n\t\t<meta property=\"og:image\" content=\"https:\/\/scontent-gig4-1.xx.fbcdn.net\/v\/t39.30808-1\/270437624_4564083193639691_6907940295614233970_n.jpg?stp=dst-jpg_s200x200_tt6&#038;_nc_cat=111&#038;ccb=1-7&#038;_nc_sid=f907e8&#038;_nc_ohc=SM1wRlP3lJwQ7kNvwEPuBYA&#038;_nc_oc=AdnqrjDN_BNjSSHWO-GbkIWH6fkGMLw4bqvL_NH6e2wMveX7G-rP2dAqsDSq1mJMOaY&#038;_nc_zt=24&#038;_nc_ht=scontent-gig4-1.xx&#038;_nc_gid=AoBFJeGrT1hVaew_6rchkQ&#038;oh=00_AfX7QmFGhQhG2jAllVgXCiM1ZrWgvtp80-Bfppyexh1QEg&#038;oe=689E923C\" \/>\n\t\t<meta property=\"og:image:secure_url\" content=\"https:\/\/scontent-gig4-1.xx.fbcdn.net\/v\/t39.30808-1\/270437624_4564083193639691_6907940295614233970_n.jpg?stp=dst-jpg_s200x200_tt6&#038;_nc_cat=111&#038;ccb=1-7&#038;_nc_sid=f907e8&#038;_nc_ohc=SM1wRlP3lJwQ7kNvwEPuBYA&#038;_nc_oc=AdnqrjDN_BNjSSHWO-GbkIWH6fkGMLw4bqvL_NH6e2wMveX7G-rP2dAqsDSq1mJMOaY&#038;_nc_zt=24&#038;_nc_ht=scontent-gig4-1.xx&#038;_nc_gid=AoBFJeGrT1hVaew_6rchkQ&#038;oh=00_AfX7QmFGhQhG2jAllVgXCiM1ZrWgvtp80-Bfppyexh1QEg&#038;oe=689E923C\" \/>\n\t\t<meta property=\"article:published_time\" content=\"2019-01-29T17:07:40+00:00\" \/>\n\t\t<meta property=\"article:modified_time\" content=\"2019-01-29T18:35:02+00:00\" \/>\n\t\t<meta name=\"twitter:card\" content=\"summary_large_image\" \/>\n\t\t<meta name=\"twitter:title\" content=\"Muria\u00e9 registra redu\u00e7\u00e3o do \u00edndice de infesta\u00e7\u00e3o do Aedes aegypti - A Not\u00edcia Online\" \/>\n\t\t<meta name=\"twitter:description\" content=\"O primeiro Levantamento R\u00e1pido do \u00cdndice de Infesta\u00e7\u00e3o por Aedes aegypti (LIRAa) do ano aponta uma redu\u00e7\u00e3o na quantidade de \u00e1reas em situa\u00e7\u00e3o de risco em compara\u00e7\u00e3o com o \u00faltimo levantamento de outubro do ano passado. O \u00edndice caiu de 1,8% para 1,2% em janeiro, o que representa a diminui\u00e7\u00e3o da possibilidade de epidemia causada\" \/>\n\t\t<meta name=\"twitter:image\" content=\"https:\/\/scontent-gig4-1.xx.fbcdn.net\/v\/t39.30808-1\/270437624_4564083193639691_6907940295614233970_n.jpg?stp=dst-jpg_s200x200_tt6&amp;_nc_cat=111&amp;ccb=1-7&amp;_nc_sid=f907e8&amp;_nc_ohc=SM1wRlP3lJwQ7kNvwEPuBYA&amp;_nc_oc=AdnqrjDN_BNjSSHWO-GbkIWH6fkGMLw4bqvL_NH6e2wMveX7G-rP2dAqsDSq1mJMOaY&amp;_nc_zt=24&amp;_nc_ht=scontent-gig4-1.xx&amp;_nc_gid=AoBFJeGrT1hVaew_6rchkQ&amp;oh=00_AfX7QmFGhQhG2jAllVgXCiM1ZrWgvtp80-Bfppyexh1QEg&amp;oe=689E923C\" \/>\n\t\t<script type=\"application\/ld+json\" class=\"aioseo-schema\">\n\t\t\t{\"@context\":\"https:\\\/\\\/schema.org\",\"@graph\":[{\"@type\":\"BlogPosting\",\"@id\":\"https:\\\/\\\/anoticiaonline.com.br\\\/site\\\/muriae-registra-reducao-do-indice-de-infestacao-do-aedes-aegypti\\\/#blogposting\",\"name\":\"Muria\\u00e9 registra redu\\u00e7\\u00e3o do \\u00edndice de infesta\\u00e7\\u00e3o do Aedes aegypti - A Not\\u00edcia Online\",\"headline\":\"Muria\\u00e9 registra redu\\u00e7\\u00e3o do \\u00edndice de infesta\\u00e7\\u00e3o do Aedes aegypti\",\"author\":{\"@id\":\"https:\\\/\\\/anoticiaonline.com.br\\\/site\\\/author\\\/juliana\\\/#author\"},\"publisher\":{\"@id\":\"https:\\\/\\\/anoticiaonline.com.br\\\/site\\\/#organization\"},\"image\":{\"@type\":\"ImageObject\",\"url\":\"https:\\\/\\\/anoticiaonline.com.br\\\/site\\\/wp-content\\\/uploads\\\/2019\\\/01\\\/Muria\\u00e9-registra-redu\\u00e7\\u00e3o-do-\\u00edndice-de-infesta\\u00e7\\u00e3o-do-Aedes-aegypti.jpg\",\"@id\":\"https:\\\/\\\/anoticiaonline.com.br\\\/site\\\/muriae-registra-reducao-do-indice-de-infestacao-do-aedes-aegypti\\\/#articleImage\",\"width\":1000,\"height\":661},\"datePublished\":\"2019-01-29T14:07:40-03:00\",\"dateModified\":\"2019-01-29T15:35:02-03:00\",\"inLanguage\":\"pt-BR\",\"mainEntityOfPage\":{\"@id\":\"https:\\\/\\\/anoticiaonline.com.br\\\/site\\\/muriae-registra-reducao-do-indice-de-infestacao-do-aedes-aegypti\\\/#webpage\"},\"isPartOf\":{\"@id\":\"https:\\\/\\\/anoticiaonline.com.br\\\/site\\\/muriae-registra-reducao-do-indice-de-infestacao-do-aedes-aegypti\\\/#webpage\"},\"articleSection\":\"Blog\"},{\"@type\":\"BreadcrumbList\",\"@id\":\"https:\\\/\\\/anoticiaonline.com.br\\\/site\\\/muriae-registra-reducao-do-indice-de-infestacao-do-aedes-aegypti\\\/#breadcrumblist\",\"itemListElement\":[{\"@type\":\"ListItem\",\"@id\":\"https:\\\/\\\/anoticiaonline.com.br\\\/site#listItem\",\"position\":1,\"name\":\"Home\",\"item\":\"https:\\\/\\\/anoticiaonline.com.br\\\/site\",\"nextItem\":{\"@type\":\"ListItem\",\"@id\":\"https:\\\/\\\/anoticiaonline.com.br\\\/site\\\/categoria\\\/muriae\\\/#listItem\",\"name\":\"Blog\"}},{\"@type\":\"ListItem\",\"@id\":\"https:\\\/\\\/anoticiaonline.com.br\\\/site\\\/categoria\\\/muriae\\\/#listItem\",\"position\":2,\"name\":\"Blog\",\"item\":\"https:\\\/\\\/anoticiaonline.com.br\\\/site\\\/categoria\\\/muriae\\\/\",\"nextItem\":{\"@type\":\"ListItem\",\"@id\":\"https:\\\/\\\/anoticiaonline.com.br\\\/site\\\/muriae-registra-reducao-do-indice-de-infestacao-do-aedes-aegypti\\\/#listItem\",\"name\":\"Muria\\u00e9 registra redu\\u00e7\\u00e3o do \\u00edndice de infesta\\u00e7\\u00e3o do Aedes aegypti\"},\"previousItem\":{\"@type\":\"ListItem\",\"@id\":\"https:\\\/\\\/anoticiaonline.com.br\\\/site#listItem\",\"name\":\"Home\"}},{\"@type\":\"ListItem\",\"@id\":\"https:\\\/\\\/anoticiaonline.com.br\\\/site\\\/muriae-registra-reducao-do-indice-de-infestacao-do-aedes-aegypti\\\/#listItem\",\"position\":3,\"name\":\"Muria\\u00e9 registra redu\\u00e7\\u00e3o do \\u00edndice de infesta\\u00e7\\u00e3o do Aedes aegypti\",\"previousItem\":{\"@type\":\"ListItem\",\"@id\":\"https:\\\/\\\/anoticiaonline.com.br\\\/site\\\/categoria\\\/muriae\\\/#listItem\",\"name\":\"Blog\"}}]},{\"@type\":\"Organization\",\"@id\":\"https:\\\/\\\/anoticiaonline.com.br\\\/site\\\/#organization\",\"name\":\"A Not\\u00edcia Online\",\"description\":\"Noticias de Muria\\u00e9 e regi\\u00e3o\",\"url\":\"https:\\\/\\\/anoticiaonline.com.br\\\/site\\\/\",\"logo\":{\"@type\":\"ImageObject\",\"url\":\"https:\\\/\\\/scontent-gig4-1.xx.fbcdn.net\\\/v\\\/t39.30808-1\\\/270437624_4564083193639691_6907940295614233970_n.jpg?stp=dst-jpg_s200x200_tt6&_nc_cat=111&ccb=1-7&_nc_sid=f907e8&_nc_ohc=SM1wRlP3lJwQ7kNvwEPuBYA&_nc_oc=AdnqrjDN_BNjSSHWO-GbkIWH6fkGMLw4bqvL_NH6e2wMveX7G-rP2dAqsDSq1mJMOaY&_nc_zt=24&_nc_ht=scontent-gig4-1.xx&_nc_gid=AoBFJeGrT1hVaew_6rchkQ&oh=00_AfX7QmFGhQhG2jAllVgXCiM1ZrWgvtp80-Bfppyexh1QEg&oe=689E923C\",\"@id\":\"https:\\\/\\\/anoticiaonline.com.br\\\/site\\\/muriae-registra-reducao-do-indice-de-infestacao-do-aedes-aegypti\\\/#organizationLogo\"},\"image\":{\"@id\":\"https:\\\/\\\/anoticiaonline.com.br\\\/site\\\/muriae-registra-reducao-do-indice-de-infestacao-do-aedes-aegypti\\\/#organizationLogo\"}},{\"@type\":\"Person\",\"@id\":\"https:\\\/\\\/anoticiaonline.com.br\\\/site\\\/author\\\/juliana\\\/#author\",\"url\":\"https:\\\/\\\/anoticiaonline.com.br\\\/site\\\/author\\\/juliana\\\/\",\"name\":\"Juliana Laviola\",\"image\":{\"@type\":\"ImageObject\",\"@id\":\"https:\\\/\\\/anoticiaonline.com.br\\\/site\\\/muriae-registra-reducao-do-indice-de-infestacao-do-aedes-aegypti\\\/#authorImage\",\"url\":\"https:\\\/\\\/secure.gravatar.com\\\/avatar\\\/b8d45f5c699b100dfaf0e543582f38f38bf94cb7ae3a5e9abf8d891a34773335?s=96&d=mm&r=g\",\"width\":96,\"height\":96,\"caption\":\"Juliana Laviola\"}},{\"@type\":\"WebPage\",\"@id\":\"https:\\\/\\\/anoticiaonline.com.br\\\/site\\\/muriae-registra-reducao-do-indice-de-infestacao-do-aedes-aegypti\\\/#webpage\",\"url\":\"https:\\\/\\\/anoticiaonline.com.br\\\/site\\\/muriae-registra-reducao-do-indice-de-infestacao-do-aedes-aegypti\\\/\",\"name\":\"Muria\\u00e9 registra redu\\u00e7\\u00e3o do \\u00edndice de infesta\\u00e7\\u00e3o do Aedes aegypti - A Not\\u00edcia Online\",\"description\":\"O primeiro Levantamento R\\u00e1pido do \\u00cdndice de Infesta\\u00e7\\u00e3o por Aedes aegypti (LIRAa) do ano aponta uma redu\\u00e7\\u00e3o na quantidade de \\u00e1reas em situa\\u00e7\\u00e3o de risco em compara\\u00e7\\u00e3o com o \\u00faltimo levantamento de outubro do ano passado. O \\u00edndice caiu de 1,8% para 1,2% em janeiro, o que representa a diminui\\u00e7\\u00e3o da possibilidade de epidemia causada\",\"inLanguage\":\"pt-BR\",\"isPartOf\":{\"@id\":\"https:\\\/\\\/anoticiaonline.com.br\\\/site\\\/#website\"},\"breadcrumb\":{\"@id\":\"https:\\\/\\\/anoticiaonline.com.br\\\/site\\\/muriae-registra-reducao-do-indice-de-infestacao-do-aedes-aegypti\\\/#breadcrumblist\"},\"author\":{\"@id\":\"https:\\\/\\\/anoticiaonline.com.br\\\/site\\\/author\\\/juliana\\\/#author\"},\"creator\":{\"@id\":\"https:\\\/\\\/anoticiaonline.com.br\\\/site\\\/author\\\/juliana\\\/#author\"},\"datePublished\":\"2019-01-29T14:07:40-03:00\",\"dateModified\":\"2019-01-29T15:35:02-03:00\"},{\"@type\":\"WebSite\",\"@id\":\"https:\\\/\\\/anoticiaonline.com.br\\\/site\\\/#website\",\"url\":\"https:\\\/\\\/anoticiaonline.com.br\\\/site\\\/\",\"name\":\"A Not\\u00edcia Online\",\"description\":\"Noticias de Muria\\u00e9 e regi\\u00e3o\",\"inLanguage\":\"pt-BR\",\"publisher\":{\"@id\":\"https:\\\/\\\/anoticiaonline.com.br\\\/site\\\/#organization\"}}]}\n\t\t<\/script>\n\t\t<!-- All in One SEO -->\n\n","aioseo_head_json":{"title":"Muria\u00e9 registra redu\u00e7\u00e3o do \u00edndice de infesta\u00e7\u00e3o do Aedes aegypti - A Not\u00edcia Online","description":"O primeiro Levantamento R\u00e1pido do \u00cdndice de Infesta\u00e7\u00e3o por Aedes aegypti (LIRAa) do ano aponta uma redu\u00e7\u00e3o na quantidade de \u00e1reas em situa\u00e7\u00e3o de risco em compara\u00e7\u00e3o com o \u00faltimo levantamento de outubro do ano passado. O \u00edndice caiu de 1,8% para 1,2% em janeiro, o que representa a diminui\u00e7\u00e3o da possibilidade de epidemia causada","canonical_url":"https:\/\/anoticiaonline.com.br\/site\/muriae-registra-reducao-do-indice-de-infestacao-do-aedes-aegypti\/","robots":"max-image-preview:large","keywords":"","webmasterTools":{"miscellaneous":""},"schema":{"@context":"https:\/\/schema.org","@graph":[{"@type":"BlogPosting","@id":"https:\/\/anoticiaonline.com.br\/site\/muriae-registra-reducao-do-indice-de-infestacao-do-aedes-aegypti\/#blogposting","name":"Muria\u00e9 registra redu\u00e7\u00e3o do \u00edndice de infesta\u00e7\u00e3o do Aedes aegypti - A Not\u00edcia Online","headline":"Muria\u00e9 registra redu\u00e7\u00e3o do \u00edndice de infesta\u00e7\u00e3o do Aedes aegypti","author":{"@id":"https:\/\/anoticiaonline.com.br\/site\/author\/juliana\/#author"},"publisher":{"@id":"https:\/\/anoticiaonline.com.br\/site\/#organization"},"image":{"@type":"ImageObject","url":"https:\/\/anoticiaonline.com.br\/site\/wp-content\/uploads\/2019\/01\/Muria\u00e9-registra-redu\u00e7\u00e3o-do-\u00edndice-de-infesta\u00e7\u00e3o-do-Aedes-aegypti.jpg","@id":"https:\/\/anoticiaonline.com.br\/site\/muriae-registra-reducao-do-indice-de-infestacao-do-aedes-aegypti\/#articleImage","width":1000,"height":661},"datePublished":"2019-01-29T14:07:40-03:00","dateModified":"2019-01-29T15:35:02-03:00","inLanguage":"pt-BR","mainEntityOfPage":{"@id":"https:\/\/anoticiaonline.com.br\/site\/muriae-registra-reducao-do-indice-de-infestacao-do-aedes-aegypti\/#webpage"},"isPartOf":{"@id":"https:\/\/anoticiaonline.com.br\/site\/muriae-registra-reducao-do-indice-de-infestacao-do-aedes-aegypti\/#webpage"},"articleSection":"Blog"},{"@type":"BreadcrumbList","@id":"https:\/\/anoticiaonline.com.br\/site\/muriae-registra-reducao-do-indice-de-infestacao-do-aedes-aegypti\/#breadcrumblist","itemListElement":[{"@type":"ListItem","@id":"https:\/\/anoticiaonline.com.br\/site#listItem","position":1,"name":"Home","item":"https:\/\/anoticiaonline.com.br\/site","nextItem":{"@type":"ListItem","@id":"https:\/\/anoticiaonline.com.br\/site\/categoria\/muriae\/#listItem","name":"Blog"}},{"@type":"ListItem","@id":"https:\/\/anoticiaonline.com.br\/site\/categoria\/muriae\/#listItem","position":2,"name":"Blog","item":"https:\/\/anoticiaonline.com.br\/site\/categoria\/muriae\/","nextItem":{"@type":"ListItem","@id":"https:\/\/anoticiaonline.com.br\/site\/muriae-registra-reducao-do-indice-de-infestacao-do-aedes-aegypti\/#listItem","name":"Muria\u00e9 registra redu\u00e7\u00e3o do \u00edndice de infesta\u00e7\u00e3o do Aedes aegypti"},"previousItem":{"@type":"ListItem","@id":"https:\/\/anoticiaonline.com.br\/site#listItem","name":"Home"}},{"@type":"ListItem","@id":"https:\/\/anoticiaonline.com.br\/site\/muriae-registra-reducao-do-indice-de-infestacao-do-aedes-aegypti\/#listItem","position":3,"name":"Muria\u00e9 registra redu\u00e7\u00e3o do \u00edndice de infesta\u00e7\u00e3o do Aedes aegypti","previousItem":{"@type":"ListItem","@id":"https:\/\/anoticiaonline.com.br\/site\/categoria\/muriae\/#listItem","name":"Blog"}}]},{"@type":"Organization","@id":"https:\/\/anoticiaonline.com.br\/site\/#organization","name":"A Not\u00edcia Online","description":"Noticias de Muria\u00e9 e regi\u00e3o","url":"https:\/\/anoticiaonline.com.br\/site\/","logo":{"@type":"ImageObject","url":"https:\/\/scontent-gig4-1.xx.fbcdn.net\/v\/t39.30808-1\/270437624_4564083193639691_6907940295614233970_n.jpg?stp=dst-jpg_s200x200_tt6&_nc_cat=111&ccb=1-7&_nc_sid=f907e8&_nc_ohc=SM1wRlP3lJwQ7kNvwEPuBYA&_nc_oc=AdnqrjDN_BNjSSHWO-GbkIWH6fkGMLw4bqvL_NH6e2wMveX7G-rP2dAqsDSq1mJMOaY&_nc_zt=24&_nc_ht=scontent-gig4-1.xx&_nc_gid=AoBFJeGrT1hVaew_6rchkQ&oh=00_AfX7QmFGhQhG2jAllVgXCiM1ZrWgvtp80-Bfppyexh1QEg&oe=689E923C","@id":"https:\/\/anoticiaonline.com.br\/site\/muriae-registra-reducao-do-indice-de-infestacao-do-aedes-aegypti\/#organizationLogo"},"image":{"@id":"https:\/\/anoticiaonline.com.br\/site\/muriae-registra-reducao-do-indice-de-infestacao-do-aedes-aegypti\/#organizationLogo"}},{"@type":"Person","@id":"https:\/\/anoticiaonline.com.br\/site\/author\/juliana\/#author","url":"https:\/\/anoticiaonline.com.br\/site\/author\/juliana\/","name":"Juliana Laviola","image":{"@type":"ImageObject","@id":"https:\/\/anoticiaonline.com.br\/site\/muriae-registra-reducao-do-indice-de-infestacao-do-aedes-aegypti\/#authorImage","url":"https:\/\/secure.gravatar.com\/avatar\/b8d45f5c699b100dfaf0e543582f38f38bf94cb7ae3a5e9abf8d891a34773335?s=96&d=mm&r=g","width":96,"height":96,"caption":"Juliana Laviola"}},{"@type":"WebPage","@id":"https:\/\/anoticiaonline.com.br\/site\/muriae-registra-reducao-do-indice-de-infestacao-do-aedes-aegypti\/#webpage","url":"https:\/\/anoticiaonline.com.br\/site\/muriae-registra-reducao-do-indice-de-infestacao-do-aedes-aegypti\/","name":"Muria\u00e9 registra redu\u00e7\u00e3o do \u00edndice de infesta\u00e7\u00e3o do Aedes aegypti - A Not\u00edcia Online","description":"O primeiro Levantamento R\u00e1pido do \u00cdndice de Infesta\u00e7\u00e3o por Aedes aegypti (LIRAa) do ano aponta uma redu\u00e7\u00e3o na quantidade de \u00e1reas em situa\u00e7\u00e3o de risco em compara\u00e7\u00e3o com o \u00faltimo levantamento de outubro do ano passado. O \u00edndice caiu de 1,8% para 1,2% em janeiro, o que representa a diminui\u00e7\u00e3o da possibilidade de epidemia causada","inLanguage":"pt-BR","isPartOf":{"@id":"https:\/\/anoticiaonline.com.br\/site\/#website"},"breadcrumb":{"@id":"https:\/\/anoticiaonline.com.br\/site\/muriae-registra-reducao-do-indice-de-infestacao-do-aedes-aegypti\/#breadcrumblist"},"author":{"@id":"https:\/\/anoticiaonline.com.br\/site\/author\/juliana\/#author"},"creator":{"@id":"https:\/\/anoticiaonline.com.br\/site\/author\/juliana\/#author"},"datePublished":"2019-01-29T14:07:40-03:00","dateModified":"2019-01-29T15:35:02-03:00"},{"@type":"WebSite","@id":"https:\/\/anoticiaonline.com.br\/site\/#website","url":"https:\/\/anoticiaonline.com.br\/site\/","name":"A Not\u00edcia Online","description":"Noticias de Muria\u00e9 e regi\u00e3o","inLanguage":"pt-BR","publisher":{"@id":"https:\/\/anoticiaonline.com.br\/site\/#organization"}}]},"og:locale":"pt_BR","og:site_name":"A Not\u00edcia Online - Noticias de Muria\u00e9 e regi\u00e3o","og:type":"article","og:title":"Muria\u00e9 registra redu\u00e7\u00e3o do \u00edndice de infesta\u00e7\u00e3o do Aedes aegypti - A Not\u00edcia Online","og:description":"O primeiro Levantamento R\u00e1pido do \u00cdndice de Infesta\u00e7\u00e3o por Aedes aegypti (LIRAa) do ano aponta uma redu\u00e7\u00e3o na quantidade de \u00e1reas em situa\u00e7\u00e3o de risco em compara\u00e7\u00e3o com o \u00faltimo levantamento de outubro do ano passado. O \u00edndice caiu de 1,8% para 1,2% em janeiro, o que representa a diminui\u00e7\u00e3o da possibilidade de epidemia causada","og:url":"https:\/\/anoticiaonline.com.br\/site\/muriae-registra-reducao-do-indice-de-infestacao-do-aedes-aegypti\/","og:image":"https:\/\/scontent-gig4-1.xx.fbcdn.net\/v\/t39.30808-1\/270437624_4564083193639691_6907940295614233970_n.jpg?stp=dst-jpg_s200x200_tt6&#038;_nc_cat=111&#038;ccb=1-7&#038;_nc_sid=f907e8&#038;_nc_ohc=SM1wRlP3lJwQ7kNvwEPuBYA&#038;_nc_oc=AdnqrjDN_BNjSSHWO-GbkIWH6fkGMLw4bqvL_NH6e2wMveX7G-rP2dAqsDSq1mJMOaY&#038;_nc_zt=24&#038;_nc_ht=scontent-gig4-1.xx&#038;_nc_gid=AoBFJeGrT1hVaew_6rchkQ&#038;oh=00_AfX7QmFGhQhG2jAllVgXCiM1ZrWgvtp80-Bfppyexh1QEg&#038;oe=689E923C","og:image:secure_url":"https:\/\/scontent-gig4-1.xx.fbcdn.net\/v\/t39.30808-1\/270437624_4564083193639691_6907940295614233970_n.jpg?stp=dst-jpg_s200x200_tt6&#038;_nc_cat=111&#038;ccb=1-7&#038;_nc_sid=f907e8&#038;_nc_ohc=SM1wRlP3lJwQ7kNvwEPuBYA&#038;_nc_oc=AdnqrjDN_BNjSSHWO-GbkIWH6fkGMLw4bqvL_NH6e2wMveX7G-rP2dAqsDSq1mJMOaY&#038;_nc_zt=24&#038;_nc_ht=scontent-gig4-1.xx&#038;_nc_gid=AoBFJeGrT1hVaew_6rchkQ&#038;oh=00_AfX7QmFGhQhG2jAllVgXCiM1ZrWgvtp80-Bfppyexh1QEg&#038;oe=689E923C","article:published_time":"2019-01-29T17:07:40+00:00","article:modified_time":"2019-01-29T18:35:02+00:00","twitter:card":"summary_large_image","twitter:title":"Muria\u00e9 registra redu\u00e7\u00e3o do \u00edndice de infesta\u00e7\u00e3o do Aedes aegypti - A Not\u00edcia Online","twitter:description":"O primeiro Levantamento R\u00e1pido do \u00cdndice de Infesta\u00e7\u00e3o por Aedes aegypti (LIRAa) do ano aponta uma redu\u00e7\u00e3o na quantidade de \u00e1reas em situa\u00e7\u00e3o de risco em compara\u00e7\u00e3o com o \u00faltimo levantamento de outubro do ano passado. O \u00edndice caiu de 1,8% para 1,2% em janeiro, o que representa a diminui\u00e7\u00e3o da possibilidade de epidemia causada","twitter:image":"https:\/\/scontent-gig4-1.xx.fbcdn.net\/v\/t39.30808-1\/270437624_4564083193639691_6907940295614233970_n.jpg?stp=dst-jpg_s200x200_tt6&_nc_cat=111&ccb=1-7&_nc_sid=f907e8&_nc_ohc=SM1wRlP3lJwQ7kNvwEPuBYA&_nc_oc=AdnqrjDN_BNjSSHWO-GbkIWH6fkGMLw4bqvL_NH6e2wMveX7G-rP2dAqsDSq1mJMOaY&_nc_zt=24&_nc_ht=scontent-gig4-1.xx&_nc_gid=AoBFJeGrT1hVaew_6rchkQ&oh=00_AfX7QmFGhQhG2jAllVgXCiM1ZrWgvtp80-Bfppyexh1QEg&oe=689E923C"},"aioseo_meta_data":{"post_id":"66746","title":null,"description":null,"keywords":null,"keyphrases":null,"primary_term":null,"canonical_url":null,"og_title":null,"og_description":null,"og_object_type":"default","og_image_type":"default","og_image_url":null,"og_image_width":null,"og_image_height":null,"og_image_custom_url":null,"og_image_custom_fields":null,"og_video":null,"og_custom_url":null,"og_article_section":null,"og_article_tags":null,"twitter_use_og":false,"twitter_card":"default","twitter_image_type":"default","twitter_image_url":null,"twitter_image_custom_url":null,"twitter_image_custom_fields":null,"twitter_title":null,"twitter_description":null,"schema":{"blockGraphs":[],"customGraphs":[],"default":{"data":{"Article":[],"Course":[],"Dataset":[],"FAQPage":[],"Movie":[],"Person":[],"Product":[],"ProductReview":[],"Car":[],"Recipe":[],"Service":[],"SoftwareApplication":[],"WebPage":[]},"graphName":"","isEnabled":true},"graphs":[]},"schema_type":"default","schema_type_options":null,"pillar_content":false,"robots_default":true,"robots_noindex":false,"robots_noarchive":false,"robots_nosnippet":false,"robots_nofollow":false,"robots_noimageindex":false,"robots_noodp":false,"robots_notranslate":false,"robots_max_snippet":null,"robots_max_videopreview":null,"robots_max_imagepreview":"large","priority":null,"frequency":null,"local_seo":null,"breadcrumb_settings":null,"limit_modified_date":false,"ai":null,"created":"2025-08-16 22:40:56","updated":"2025-08-16 22:40:56","focus_keyword":null,"additional_keywords":null,"truseo_locale":null,"seo_analyzer_scan_date":null},"aioseo_breadcrumb":"<div class=\"aioseo-breadcrumbs\"><span class=\"aioseo-breadcrumb\">\n\t\t\t<a href=\"https:\/\/anoticiaonline.com.br\/site\" title=\"Home\">Home<\/a>\n\t\t<\/span><span class=\"aioseo-breadcrumb-separator\">&raquo;<\/span><span class=\"aioseo-breadcrumb\">\n\t\t\t<a href=\"https:\/\/anoticiaonline.com.br\/site\/categoria\/muriae\/\" title=\"Blog\">Blog<\/a>\n\t\t<\/span><span class=\"aioseo-breadcrumb-separator\">&raquo;<\/span><span class=\"aioseo-breadcrumb\">\n\t\t\tMuria\u00e9 registra redu\u00e7\u00e3o do \u00edndice de infesta\u00e7\u00e3o do Aedes aegypti\n\t\t<\/span><\/div>","aioseo_breadcrumb_json":[{"label":"Home","link":"https:\/\/anoticiaonline.com.br\/site"},{"label":"Blog","link":"https:\/\/anoticiaonline.com.br\/site\/categoria\/muriae\/"},{"label":"Muria\u00e9 registra redu\u00e7\u00e3o do \u00edndice de infesta\u00e7\u00e3o do Aedes aegypti","link":"https:\/\/anoticiaonline.com.br\/site\/muriae-registra-reducao-do-indice-de-infestacao-do-aedes-aegypti\/"}],"views":130,"_links":{"self":[{"href":"https:\/\/anoticiaonline.com.br\/site\/wp-json\/wp\/v2\/posts\/66746","targetHints":{"allow":["GET"]}}],"collection":[{"href":"https:\/\/anoticiaonline.com.br\/site\/wp-json\/wp\/v2\/posts"}],"about":[{"href":"https:\/\/anoticiaonline.com.br\/site\/wp-json\/wp\/v2\/types\/post"}],"author":[{"embeddable":true,"href":"https:\/\/anoticiaonline.com.br\/site\/wp-json\/wp\/v2\/users\/2"}],"replies":[{"embeddable":true,"href":"https:\/\/anoticiaonline.com.br\/site\/wp-json\/wp\/v2\/comments?post=66746"}],"version-history":[{"count":0,"href":"https:\/\/anoticiaonline.com.br\/site\/wp-json\/wp\/v2\/posts\/66746\/revisions"}],"wp:attachment":[{"href":"https:\/\/anoticiaonline.com.br\/site\/wp-json\/wp\/v2\/media?parent=66746"}],"wp:term":[{"taxonomy":"category","embeddable":true,"href":"https:\/\/anoticiaonline.com.br\/site\/wp-json\/wp\/v2\/categories?post=66746"},{"taxonomy":"post_tag","embeddable":true,"href":"https:\/\/anoticiaonline.com.br\/site\/wp-json\/wp\/v2\/tags?post=66746"}],"curies":[{"name":"wp","href":"https:\/\/api.w.org\/{rel}","templated":true}]}}