{"id":6672,"date":"2015-11-24T07:00:27","date_gmt":"2015-11-24T10:00:27","guid":{"rendered":"http:\/\/anoticiaonline.com.br\/site\/?p=6672"},"modified":"2015-11-26T12:49:27","modified_gmt":"2015-11-26T15:49:27","slug":"36a-subsecao-da-oab-elege-nova-diretoria","status":"publish","type":"post","link":"https:\/\/anoticiaonline.com.br\/site\/36a-subsecao-da-oab-elege-nova-diretoria\/","title":{"rendered":"36\u00aa Subse\u00e7\u00e3o da OAB elege nova diretoria"},"content":{"rendered":"<figure id=\"attachment_6673\" aria-describedby=\"caption-attachment-6673\" style=\"width: 290px\" class=\"wp-caption alignleft\"><a href=\"https:\/\/anoticiaonline.com.br\/site\/wp-content\/uploads\/2015\/11\/DSC_0045.jpg\"><img fetchpriority=\"high\" decoding=\"async\" class=\"size-medium wp-image-6673\" src=\"https:\/\/anoticiaonline.com.br\/site\/wp-content\/uploads\/2015\/11\/DSC_0045-300x246.jpg\" alt=\"Jos\u00e9 M\u00e1rcio (vice-presidente eleito) e Paulo S\u00e9rgio (presidente eleito)\" width=\"300\" height=\"246\" srcset=\"https:\/\/anoticiaonline.com.br\/site\/wp-content\/uploads\/2015\/11\/DSC_0045-300x246.jpg 300w, https:\/\/anoticiaonline.com.br\/site\/wp-content\/uploads\/2015\/11\/DSC_0045.jpg 640w\" sizes=\"(max-width: 300px) 100vw, 300px\" \/><\/a><figcaption id=\"caption-attachment-6673\" class=\"wp-caption-text\">Jos\u00e9 M\u00e1rcio (vice-presidente eleito) e Paulo S\u00e9rgio (presidente eleito)<\/figcaption><\/figure>\n<p>A partir de janeiro de 2016, o Dr. Paulo S\u00e9rgio Pires do Amaral assume a presid\u00eancia da 36\u00aa Subse\u00e7\u00e3o da Ordem dos Advogados do Brasil. Ele substitui a Dr\u00aa Ana Paola Medeiros de Oliveira Carneiro, que permaneceu no cargo por tr\u00eas mandados consecutivos \u2013 um total de nove anos.<\/p>\n<p>Dr. Paulo S\u00e9rgio e sua diretoria foram eleitos com 98% de aprova\u00e7\u00e3o. A elei\u00e7\u00e3o para o tri\u00eanio 2016\/2017\/ 2018 aconteceu no s\u00e1bado (21), no Sal\u00e3o do J\u00fari do F\u00f3rum Tabeli\u00e3o Pacheco de Medeiros.<\/p>\n<p>Este ano, a elei\u00e7\u00e3o contou com chapa \u00fanica, denominada &#8220;Todos Pela Ordem&#8221;. Ao todo, foram registrados 271 votos, com 266 votos de aprova\u00e7\u00e3o para a chapa campe\u00e3, 2 em branco e 3 votos nulos. Sendo assim, a chapa vencedora obteve 98,15% dos votos.<\/p>\n<p><strong><a href=\"https:\/\/anoticiaonline.com.br\/site\/wp-content\/uploads\/2015\/11\/DSC_0163.jpg\"><img decoding=\"async\" class=\" size-medium wp-image-6674 alignleft\" src=\"https:\/\/anoticiaonline.com.br\/site\/wp-content\/uploads\/2015\/11\/DSC_0163-300x199.jpg\" alt=\"DSC_0163\" width=\"300\" height=\"199\" srcset=\"https:\/\/anoticiaonline.com.br\/site\/wp-content\/uploads\/2015\/11\/DSC_0163-300x199.jpg 300w, https:\/\/anoticiaonline.com.br\/site\/wp-content\/uploads\/2015\/11\/DSC_0163.jpg 640w\" sizes=\"(max-width: 300px) 100vw, 300px\" \/><\/a>DIRETORIA ELEITA:<\/strong><\/p>\n<p><strong>Presidente:<\/strong> Paulo S\u00e9rgio Pires do Amaral<br \/>\n<strong>Vice-presidente:<\/strong> Jos\u00e9 M\u00e1rcio de Oliveira Barros<br \/>\n<strong>Secret\u00e1ria geral:<\/strong> Simone Martins Gomes Muniz<br \/>\n<strong>Secret\u00e1rio adjunto:<\/strong> C\u00e2ndido Jos\u00e9 Monteiro de Castro Neto<br \/>\n<strong>Tesoureiro:<\/strong> T\u00falio\u00a0 SantosSygili\u00e3o Ribeiro<br \/>\n<strong>Conselheiros da Subseccional:<\/strong> Ana Paola Medeiros de Oliveira Carneiro, Cristiano de Assis, L\u00edvia Pacheco de Freitas Juliasz, Olney Cerqueira de Castro e Rafael Ricardo do Carmo.<br \/>\n<em>*Mat\u00e9ria atualizada \u00e0s 13h45min de 26 de novembro de 2015<\/em><\/p>\n<p><img decoding=\"async\" class=\"ngg_displayed_gallery mceItem\" src=\"https:\/\/anoticiaonline.com.br\/site\/nextgen-attach_to_post\/preview\/id--6926\" alt=\"\" \/><\/p>\n<p>&nbsp;<\/p>\n","protected":false},"excerpt":{"rendered":"<p>A partir de janeiro de 2016, o Dr. Paulo S\u00e9rgio Pires do Amaral assume a presid\u00eancia da 36\u00aa Subse\u00e7\u00e3o da Ordem dos Advogados do Brasil. Ele substitui a Dr\u00aa Ana Paola Medeiros de Oliveira Carneiro, que permaneceu no cargo por tr\u00eas mandados consecutivos \u2013 um total de nove anos. Dr. Paulo S\u00e9rgio e sua diretoria &#8230; <a title=\"36\u00aa Subse\u00e7\u00e3o da OAB elege nova diretoria\" class=\"read-more\" href=\"https:\/\/anoticiaonline.com.br\/site\/36a-subsecao-da-oab-elege-nova-diretoria\/\" aria-label=\"Read more about 36\u00aa Subse\u00e7\u00e3o da OAB elege nova diretoria\">Ler mais<\/a><\/p>\n","protected":false},"author":2,"featured_media":6673,"comment_status":"open","ping_status":"open","sticky":false,"template":"","format":"standard","meta":{"_acf_changed":false,"_monsterinsights_skip_tracking":false,"footnotes":""},"categories":[30],"tags":[3],"class_list":["post-6672","post","type-post","status-publish","format-standard","has-post-thumbnail","hentry","category-muriae","tag-slide"],"acf":[],"aioseo_notices":[],"aioseo_head":"\n\t\t<!-- All in One SEO 5.0.0.1 - aioseo.com -->\n\t<meta name=\"description\" content=\"A partir de janeiro de 2016, o Dr. Paulo S\u00e9rgio Pires do Amaral assume a presid\u00eancia da 36\u00aa Subse\u00e7\u00e3o da Ordem dos Advogados do Brasil. Ele substitui a Dr\u00aa Ana Paola Medeiros de Oliveira Carneiro, que permaneceu no cargo por tr\u00eas mandados consecutivos \u2013 um total de nove anos. Dr. Paulo S\u00e9rgio e sua diretoria\" \/>\n\t<meta name=\"robots\" content=\"max-image-preview:large\" \/>\n\t<meta name=\"author\" content=\"Juliana Laviola\"\/>\n\t<link rel=\"canonical\" href=\"https:\/\/anoticiaonline.com.br\/site\/36a-subsecao-da-oab-elege-nova-diretoria\/\" \/>\n\t<meta name=\"generator\" content=\"All in One SEO (AIOSEO) 5.0.0.1\" \/>\n\t\t<meta property=\"og:locale\" content=\"pt_BR\" \/>\n\t\t<meta property=\"og:site_name\" content=\"A Not\u00edcia Online - Noticias de Muria\u00e9 e regi\u00e3o\" \/>\n\t\t<meta property=\"og:type\" content=\"article\" \/>\n\t\t<meta property=\"og:title\" content=\"36\u00aa Subse\u00e7\u00e3o da OAB elege nova diretoria - A Not\u00edcia Online\" \/>\n\t\t<meta property=\"og:description\" content=\"A partir de janeiro de 2016, o Dr. Paulo S\u00e9rgio Pires do Amaral assume a presid\u00eancia da 36\u00aa Subse\u00e7\u00e3o da Ordem dos Advogados do Brasil. Ele substitui a Dr\u00aa Ana Paola Medeiros de Oliveira Carneiro, que permaneceu no cargo por tr\u00eas mandados consecutivos \u2013 um total de nove anos. Dr. Paulo S\u00e9rgio e sua diretoria\" \/>\n\t\t<meta property=\"og:url\" content=\"https:\/\/anoticiaonline.com.br\/site\/36a-subsecao-da-oab-elege-nova-diretoria\/\" \/>\n\t\t<meta property=\"og:image\" content=\"https:\/\/scontent-gig4-1.xx.fbcdn.net\/v\/t39.30808-1\/270437624_4564083193639691_6907940295614233970_n.jpg?stp=dst-jpg_s200x200_tt6&#038;_nc_cat=111&#038;ccb=1-7&#038;_nc_sid=f907e8&#038;_nc_ohc=SM1wRlP3lJwQ7kNvwEPuBYA&#038;_nc_oc=AdnqrjDN_BNjSSHWO-GbkIWH6fkGMLw4bqvL_NH6e2wMveX7G-rP2dAqsDSq1mJMOaY&#038;_nc_zt=24&#038;_nc_ht=scontent-gig4-1.xx&#038;_nc_gid=AoBFJeGrT1hVaew_6rchkQ&#038;oh=00_AfX7QmFGhQhG2jAllVgXCiM1ZrWgvtp80-Bfppyexh1QEg&#038;oe=689E923C\" \/>\n\t\t<meta property=\"og:image:secure_url\" content=\"https:\/\/scontent-gig4-1.xx.fbcdn.net\/v\/t39.30808-1\/270437624_4564083193639691_6907940295614233970_n.jpg?stp=dst-jpg_s200x200_tt6&#038;_nc_cat=111&#038;ccb=1-7&#038;_nc_sid=f907e8&#038;_nc_ohc=SM1wRlP3lJwQ7kNvwEPuBYA&#038;_nc_oc=AdnqrjDN_BNjSSHWO-GbkIWH6fkGMLw4bqvL_NH6e2wMveX7G-rP2dAqsDSq1mJMOaY&#038;_nc_zt=24&#038;_nc_ht=scontent-gig4-1.xx&#038;_nc_gid=AoBFJeGrT1hVaew_6rchkQ&#038;oh=00_AfX7QmFGhQhG2jAllVgXCiM1ZrWgvtp80-Bfppyexh1QEg&#038;oe=689E923C\" \/>\n\t\t<meta property=\"article:published_time\" content=\"2015-11-24T10:00:27+00:00\" \/>\n\t\t<meta property=\"article:modified_time\" content=\"2015-11-26T15:49:27+00:00\" \/>\n\t\t<meta name=\"twitter:card\" content=\"summary_large_image\" \/>\n\t\t<meta name=\"twitter:title\" content=\"36\u00aa Subse\u00e7\u00e3o da OAB elege nova diretoria - A Not\u00edcia Online\" \/>\n\t\t<meta name=\"twitter:description\" content=\"A partir de janeiro de 2016, o Dr. Paulo S\u00e9rgio Pires do Amaral assume a presid\u00eancia da 36\u00aa Subse\u00e7\u00e3o da Ordem dos Advogados do Brasil. Ele substitui a Dr\u00aa Ana Paola Medeiros de Oliveira Carneiro, que permaneceu no cargo por tr\u00eas mandados consecutivos \u2013 um total de nove anos. Dr. Paulo S\u00e9rgio e sua diretoria\" \/>\n\t\t<meta name=\"twitter:image\" content=\"https:\/\/scontent-gig4-1.xx.fbcdn.net\/v\/t39.30808-1\/270437624_4564083193639691_6907940295614233970_n.jpg?stp=dst-jpg_s200x200_tt6&amp;_nc_cat=111&amp;ccb=1-7&amp;_nc_sid=f907e8&amp;_nc_ohc=SM1wRlP3lJwQ7kNvwEPuBYA&amp;_nc_oc=AdnqrjDN_BNjSSHWO-GbkIWH6fkGMLw4bqvL_NH6e2wMveX7G-rP2dAqsDSq1mJMOaY&amp;_nc_zt=24&amp;_nc_ht=scontent-gig4-1.xx&amp;_nc_gid=AoBFJeGrT1hVaew_6rchkQ&amp;oh=00_AfX7QmFGhQhG2jAllVgXCiM1ZrWgvtp80-Bfppyexh1QEg&amp;oe=689E923C\" \/>\n\t\t<script type=\"application\/ld+json\" class=\"aioseo-schema\">\n\t\t\t{\"@context\":\"https:\\\/\\\/schema.org\",\"@graph\":[{\"@type\":\"BlogPosting\",\"@id\":\"https:\\\/\\\/anoticiaonline.com.br\\\/site\\\/36a-subsecao-da-oab-elege-nova-diretoria\\\/#blogposting\",\"name\":\"36\\u00aa Subse\\u00e7\\u00e3o da OAB elege nova diretoria - A Not\\u00edcia Online\",\"headline\":\"36\\u00aa Subse\\u00e7\\u00e3o da OAB elege nova diretoria\",\"author\":{\"@id\":\"https:\\\/\\\/anoticiaonline.com.br\\\/site\\\/author\\\/juliana\\\/#author\"},\"publisher\":{\"@id\":\"https:\\\/\\\/anoticiaonline.com.br\\\/site\\\/#organization\"},\"image\":{\"@type\":\"ImageObject\",\"url\":\"https:\\\/\\\/anoticiaonline.com.br\\\/site\\\/wp-content\\\/uploads\\\/2015\\\/11\\\/DSC_0045.jpg\",\"width\":640,\"height\":524,\"caption\":\"Jos\\u00e9 M\\u00e1rcio (vice-presidente eleito) e Paulo S\\u00e9rgio (presidente eleito)\"},\"datePublished\":\"2015-11-24T07:00:27-03:00\",\"dateModified\":\"2015-11-26T12:49:27-03:00\",\"inLanguage\":\"pt-BR\",\"mainEntityOfPage\":{\"@id\":\"https:\\\/\\\/anoticiaonline.com.br\\\/site\\\/36a-subsecao-da-oab-elege-nova-diretoria\\\/#webpage\"},\"isPartOf\":{\"@id\":\"https:\\\/\\\/anoticiaonline.com.br\\\/site\\\/36a-subsecao-da-oab-elege-nova-diretoria\\\/#webpage\"},\"articleSection\":\"Blog, slide\"},{\"@type\":\"BreadcrumbList\",\"@id\":\"https:\\\/\\\/anoticiaonline.com.br\\\/site\\\/36a-subsecao-da-oab-elege-nova-diretoria\\\/#breadcrumblist\",\"itemListElement\":[{\"@type\":\"ListItem\",\"@id\":\"https:\\\/\\\/anoticiaonline.com.br\\\/site#listItem\",\"position\":1,\"name\":\"Home\",\"item\":\"https:\\\/\\\/anoticiaonline.com.br\\\/site\",\"nextItem\":{\"@type\":\"ListItem\",\"@id\":\"https:\\\/\\\/anoticiaonline.com.br\\\/site\\\/categoria\\\/muriae\\\/#listItem\",\"name\":\"Blog\"}},{\"@type\":\"ListItem\",\"@id\":\"https:\\\/\\\/anoticiaonline.com.br\\\/site\\\/categoria\\\/muriae\\\/#listItem\",\"position\":2,\"name\":\"Blog\",\"item\":\"https:\\\/\\\/anoticiaonline.com.br\\\/site\\\/categoria\\\/muriae\\\/\",\"nextItem\":{\"@type\":\"ListItem\",\"@id\":\"https:\\\/\\\/anoticiaonline.com.br\\\/site\\\/36a-subsecao-da-oab-elege-nova-diretoria\\\/#listItem\",\"name\":\"36\\u00aa Subse\\u00e7\\u00e3o da OAB elege nova diretoria\"},\"previousItem\":{\"@type\":\"ListItem\",\"@id\":\"https:\\\/\\\/anoticiaonline.com.br\\\/site#listItem\",\"name\":\"Home\"}},{\"@type\":\"ListItem\",\"@id\":\"https:\\\/\\\/anoticiaonline.com.br\\\/site\\\/36a-subsecao-da-oab-elege-nova-diretoria\\\/#listItem\",\"position\":3,\"name\":\"36\\u00aa Subse\\u00e7\\u00e3o da OAB elege nova diretoria\",\"previousItem\":{\"@type\":\"ListItem\",\"@id\":\"https:\\\/\\\/anoticiaonline.com.br\\\/site\\\/categoria\\\/muriae\\\/#listItem\",\"name\":\"Blog\"}}]},{\"@type\":\"Organization\",\"@id\":\"https:\\\/\\\/anoticiaonline.com.br\\\/site\\\/#organization\",\"name\":\"A Not\\u00edcia Online\",\"description\":\"Noticias de Muria\\u00e9 e regi\\u00e3o\",\"url\":\"https:\\\/\\\/anoticiaonline.com.br\\\/site\\\/\",\"logo\":{\"@type\":\"ImageObject\",\"url\":\"https:\\\/\\\/scontent-gig4-1.xx.fbcdn.net\\\/v\\\/t39.30808-1\\\/270437624_4564083193639691_6907940295614233970_n.jpg?stp=dst-jpg_s200x200_tt6&_nc_cat=111&ccb=1-7&_nc_sid=f907e8&_nc_ohc=SM1wRlP3lJwQ7kNvwEPuBYA&_nc_oc=AdnqrjDN_BNjSSHWO-GbkIWH6fkGMLw4bqvL_NH6e2wMveX7G-rP2dAqsDSq1mJMOaY&_nc_zt=24&_nc_ht=scontent-gig4-1.xx&_nc_gid=AoBFJeGrT1hVaew_6rchkQ&oh=00_AfX7QmFGhQhG2jAllVgXCiM1ZrWgvtp80-Bfppyexh1QEg&oe=689E923C\",\"@id\":\"https:\\\/\\\/anoticiaonline.com.br\\\/site\\\/36a-subsecao-da-oab-elege-nova-diretoria\\\/#organizationLogo\"},\"image\":{\"@id\":\"https:\\\/\\\/anoticiaonline.com.br\\\/site\\\/36a-subsecao-da-oab-elege-nova-diretoria\\\/#organizationLogo\"}},{\"@type\":\"Person\",\"@id\":\"https:\\\/\\\/anoticiaonline.com.br\\\/site\\\/author\\\/juliana\\\/#author\",\"url\":\"https:\\\/\\\/anoticiaonline.com.br\\\/site\\\/author\\\/juliana\\\/\",\"name\":\"Juliana Laviola\",\"image\":{\"@type\":\"ImageObject\",\"@id\":\"https:\\\/\\\/anoticiaonline.com.br\\\/site\\\/36a-subsecao-da-oab-elege-nova-diretoria\\\/#authorImage\",\"url\":\"https:\\\/\\\/secure.gravatar.com\\\/avatar\\\/b8d45f5c699b100dfaf0e543582f38f38bf94cb7ae3a5e9abf8d891a34773335?s=96&d=mm&r=g\",\"width\":96,\"height\":96,\"caption\":\"Juliana Laviola\"}},{\"@type\":\"WebPage\",\"@id\":\"https:\\\/\\\/anoticiaonline.com.br\\\/site\\\/36a-subsecao-da-oab-elege-nova-diretoria\\\/#webpage\",\"url\":\"https:\\\/\\\/anoticiaonline.com.br\\\/site\\\/36a-subsecao-da-oab-elege-nova-diretoria\\\/\",\"name\":\"36\\u00aa Subse\\u00e7\\u00e3o da OAB elege nova diretoria - A Not\\u00edcia Online\",\"description\":\"A partir de janeiro de 2016, o Dr. Paulo S\\u00e9rgio Pires do Amaral assume a presid\\u00eancia da 36\\u00aa Subse\\u00e7\\u00e3o da Ordem dos Advogados do Brasil. Ele substitui a Dr\\u00aa Ana Paola Medeiros de Oliveira Carneiro, que permaneceu no cargo por tr\\u00eas mandados consecutivos \\u2013 um total de nove anos. Dr. Paulo S\\u00e9rgio e sua diretoria\",\"inLanguage\":\"pt-BR\",\"isPartOf\":{\"@id\":\"https:\\\/\\\/anoticiaonline.com.br\\\/site\\\/#website\"},\"breadcrumb\":{\"@id\":\"https:\\\/\\\/anoticiaonline.com.br\\\/site\\\/36a-subsecao-da-oab-elege-nova-diretoria\\\/#breadcrumblist\"},\"author\":{\"@id\":\"https:\\\/\\\/anoticiaonline.com.br\\\/site\\\/author\\\/juliana\\\/#author\"},\"creator\":{\"@id\":\"https:\\\/\\\/anoticiaonline.com.br\\\/site\\\/author\\\/juliana\\\/#author\"},\"image\":{\"@type\":\"ImageObject\",\"url\":\"https:\\\/\\\/anoticiaonline.com.br\\\/site\\\/wp-content\\\/uploads\\\/2015\\\/11\\\/DSC_0045.jpg\",\"@id\":\"https:\\\/\\\/anoticiaonline.com.br\\\/site\\\/36a-subsecao-da-oab-elege-nova-diretoria\\\/#mainImage\",\"width\":640,\"height\":524,\"caption\":\"Jos\\u00e9 M\\u00e1rcio (vice-presidente eleito) e Paulo S\\u00e9rgio (presidente eleito)\"},\"primaryImageOfPage\":{\"@id\":\"https:\\\/\\\/anoticiaonline.com.br\\\/site\\\/36a-subsecao-da-oab-elege-nova-diretoria\\\/#mainImage\"},\"datePublished\":\"2015-11-24T07:00:27-03:00\",\"dateModified\":\"2015-11-26T12:49:27-03:00\"},{\"@type\":\"WebSite\",\"@id\":\"https:\\\/\\\/anoticiaonline.com.br\\\/site\\\/#website\",\"url\":\"https:\\\/\\\/anoticiaonline.com.br\\\/site\\\/\",\"name\":\"A Not\\u00edcia Online\",\"description\":\"Noticias de Muria\\u00e9 e regi\\u00e3o\",\"inLanguage\":\"pt-BR\",\"publisher\":{\"@id\":\"https:\\\/\\\/anoticiaonline.com.br\\\/site\\\/#organization\"}}]}\n\t\t<\/script>\n\t\t<!-- All in One SEO -->\n\n","aioseo_head_json":{"title":"36\u00aa Subse\u00e7\u00e3o da OAB elege nova diretoria - A Not\u00edcia Online","description":"A partir de janeiro de 2016, o Dr. Paulo S\u00e9rgio Pires do Amaral assume a presid\u00eancia da 36\u00aa Subse\u00e7\u00e3o da Ordem dos Advogados do Brasil. Ele substitui a Dr\u00aa Ana Paola Medeiros de Oliveira Carneiro, que permaneceu no cargo por tr\u00eas mandados consecutivos \u2013 um total de nove anos. Dr. Paulo S\u00e9rgio e sua diretoria","canonical_url":"https:\/\/anoticiaonline.com.br\/site\/36a-subsecao-da-oab-elege-nova-diretoria\/","robots":"max-image-preview:large","keywords":"","webmasterTools":{"miscellaneous":""},"schema":{"@context":"https:\/\/schema.org","@graph":[{"@type":"BlogPosting","@id":"https:\/\/anoticiaonline.com.br\/site\/36a-subsecao-da-oab-elege-nova-diretoria\/#blogposting","name":"36\u00aa Subse\u00e7\u00e3o da OAB elege nova diretoria - A Not\u00edcia Online","headline":"36\u00aa Subse\u00e7\u00e3o da OAB elege nova diretoria","author":{"@id":"https:\/\/anoticiaonline.com.br\/site\/author\/juliana\/#author"},"publisher":{"@id":"https:\/\/anoticiaonline.com.br\/site\/#organization"},"image":{"@type":"ImageObject","url":"https:\/\/anoticiaonline.com.br\/site\/wp-content\/uploads\/2015\/11\/DSC_0045.jpg","width":640,"height":524,"caption":"Jos\u00e9 M\u00e1rcio (vice-presidente eleito) e Paulo S\u00e9rgio (presidente eleito)"},"datePublished":"2015-11-24T07:00:27-03:00","dateModified":"2015-11-26T12:49:27-03:00","inLanguage":"pt-BR","mainEntityOfPage":{"@id":"https:\/\/anoticiaonline.com.br\/site\/36a-subsecao-da-oab-elege-nova-diretoria\/#webpage"},"isPartOf":{"@id":"https:\/\/anoticiaonline.com.br\/site\/36a-subsecao-da-oab-elege-nova-diretoria\/#webpage"},"articleSection":"Blog, slide"},{"@type":"BreadcrumbList","@id":"https:\/\/anoticiaonline.com.br\/site\/36a-subsecao-da-oab-elege-nova-diretoria\/#breadcrumblist","itemListElement":[{"@type":"ListItem","@id":"https:\/\/anoticiaonline.com.br\/site#listItem","position":1,"name":"Home","item":"https:\/\/anoticiaonline.com.br\/site","nextItem":{"@type":"ListItem","@id":"https:\/\/anoticiaonline.com.br\/site\/categoria\/muriae\/#listItem","name":"Blog"}},{"@type":"ListItem","@id":"https:\/\/anoticiaonline.com.br\/site\/categoria\/muriae\/#listItem","position":2,"name":"Blog","item":"https:\/\/anoticiaonline.com.br\/site\/categoria\/muriae\/","nextItem":{"@type":"ListItem","@id":"https:\/\/anoticiaonline.com.br\/site\/36a-subsecao-da-oab-elege-nova-diretoria\/#listItem","name":"36\u00aa Subse\u00e7\u00e3o da OAB elege nova diretoria"},"previousItem":{"@type":"ListItem","@id":"https:\/\/anoticiaonline.com.br\/site#listItem","name":"Home"}},{"@type":"ListItem","@id":"https:\/\/anoticiaonline.com.br\/site\/36a-subsecao-da-oab-elege-nova-diretoria\/#listItem","position":3,"name":"36\u00aa Subse\u00e7\u00e3o da OAB elege nova diretoria","previousItem":{"@type":"ListItem","@id":"https:\/\/anoticiaonline.com.br\/site\/categoria\/muriae\/#listItem","name":"Blog"}}]},{"@type":"Organization","@id":"https:\/\/anoticiaonline.com.br\/site\/#organization","name":"A Not\u00edcia Online","description":"Noticias de Muria\u00e9 e regi\u00e3o","url":"https:\/\/anoticiaonline.com.br\/site\/","logo":{"@type":"ImageObject","url":"https:\/\/scontent-gig4-1.xx.fbcdn.net\/v\/t39.30808-1\/270437624_4564083193639691_6907940295614233970_n.jpg?stp=dst-jpg_s200x200_tt6&_nc_cat=111&ccb=1-7&_nc_sid=f907e8&_nc_ohc=SM1wRlP3lJwQ7kNvwEPuBYA&_nc_oc=AdnqrjDN_BNjSSHWO-GbkIWH6fkGMLw4bqvL_NH6e2wMveX7G-rP2dAqsDSq1mJMOaY&_nc_zt=24&_nc_ht=scontent-gig4-1.xx&_nc_gid=AoBFJeGrT1hVaew_6rchkQ&oh=00_AfX7QmFGhQhG2jAllVgXCiM1ZrWgvtp80-Bfppyexh1QEg&oe=689E923C","@id":"https:\/\/anoticiaonline.com.br\/site\/36a-subsecao-da-oab-elege-nova-diretoria\/#organizationLogo"},"image":{"@id":"https:\/\/anoticiaonline.com.br\/site\/36a-subsecao-da-oab-elege-nova-diretoria\/#organizationLogo"}},{"@type":"Person","@id":"https:\/\/anoticiaonline.com.br\/site\/author\/juliana\/#author","url":"https:\/\/anoticiaonline.com.br\/site\/author\/juliana\/","name":"Juliana Laviola","image":{"@type":"ImageObject","@id":"https:\/\/anoticiaonline.com.br\/site\/36a-subsecao-da-oab-elege-nova-diretoria\/#authorImage","url":"https:\/\/secure.gravatar.com\/avatar\/b8d45f5c699b100dfaf0e543582f38f38bf94cb7ae3a5e9abf8d891a34773335?s=96&d=mm&r=g","width":96,"height":96,"caption":"Juliana Laviola"}},{"@type":"WebPage","@id":"https:\/\/anoticiaonline.com.br\/site\/36a-subsecao-da-oab-elege-nova-diretoria\/#webpage","url":"https:\/\/anoticiaonline.com.br\/site\/36a-subsecao-da-oab-elege-nova-diretoria\/","name":"36\u00aa Subse\u00e7\u00e3o da OAB elege nova diretoria - A Not\u00edcia Online","description":"A partir de janeiro de 2016, o Dr. Paulo S\u00e9rgio Pires do Amaral assume a presid\u00eancia da 36\u00aa Subse\u00e7\u00e3o da Ordem dos Advogados do Brasil. Ele substitui a Dr\u00aa Ana Paola Medeiros de Oliveira Carneiro, que permaneceu no cargo por tr\u00eas mandados consecutivos \u2013 um total de nove anos. Dr. Paulo S\u00e9rgio e sua diretoria","inLanguage":"pt-BR","isPartOf":{"@id":"https:\/\/anoticiaonline.com.br\/site\/#website"},"breadcrumb":{"@id":"https:\/\/anoticiaonline.com.br\/site\/36a-subsecao-da-oab-elege-nova-diretoria\/#breadcrumblist"},"author":{"@id":"https:\/\/anoticiaonline.com.br\/site\/author\/juliana\/#author"},"creator":{"@id":"https:\/\/anoticiaonline.com.br\/site\/author\/juliana\/#author"},"image":{"@type":"ImageObject","url":"https:\/\/anoticiaonline.com.br\/site\/wp-content\/uploads\/2015\/11\/DSC_0045.jpg","@id":"https:\/\/anoticiaonline.com.br\/site\/36a-subsecao-da-oab-elege-nova-diretoria\/#mainImage","width":640,"height":524,"caption":"Jos\u00e9 M\u00e1rcio (vice-presidente eleito) e Paulo S\u00e9rgio (presidente eleito)"},"primaryImageOfPage":{"@id":"https:\/\/anoticiaonline.com.br\/site\/36a-subsecao-da-oab-elege-nova-diretoria\/#mainImage"},"datePublished":"2015-11-24T07:00:27-03:00","dateModified":"2015-11-26T12:49:27-03:00"},{"@type":"WebSite","@id":"https:\/\/anoticiaonline.com.br\/site\/#website","url":"https:\/\/anoticiaonline.com.br\/site\/","name":"A Not\u00edcia Online","description":"Noticias de Muria\u00e9 e regi\u00e3o","inLanguage":"pt-BR","publisher":{"@id":"https:\/\/anoticiaonline.com.br\/site\/#organization"}}]},"og:locale":"pt_BR","og:site_name":"A Not\u00edcia Online - Noticias de Muria\u00e9 e regi\u00e3o","og:type":"article","og:title":"36\u00aa Subse\u00e7\u00e3o da OAB elege nova diretoria - A Not\u00edcia Online","og:description":"A partir de janeiro de 2016, o Dr. Paulo S\u00e9rgio Pires do Amaral assume a presid\u00eancia da 36\u00aa Subse\u00e7\u00e3o da Ordem dos Advogados do Brasil. Ele substitui a Dr\u00aa Ana Paola Medeiros de Oliveira Carneiro, que permaneceu no cargo por tr\u00eas mandados consecutivos \u2013 um total de nove anos. Dr. Paulo S\u00e9rgio e sua diretoria","og:url":"https:\/\/anoticiaonline.com.br\/site\/36a-subsecao-da-oab-elege-nova-diretoria\/","og:image":"https:\/\/scontent-gig4-1.xx.fbcdn.net\/v\/t39.30808-1\/270437624_4564083193639691_6907940295614233970_n.jpg?stp=dst-jpg_s200x200_tt6&#038;_nc_cat=111&#038;ccb=1-7&#038;_nc_sid=f907e8&#038;_nc_ohc=SM1wRlP3lJwQ7kNvwEPuBYA&#038;_nc_oc=AdnqrjDN_BNjSSHWO-GbkIWH6fkGMLw4bqvL_NH6e2wMveX7G-rP2dAqsDSq1mJMOaY&#038;_nc_zt=24&#038;_nc_ht=scontent-gig4-1.xx&#038;_nc_gid=AoBFJeGrT1hVaew_6rchkQ&#038;oh=00_AfX7QmFGhQhG2jAllVgXCiM1ZrWgvtp80-Bfppyexh1QEg&#038;oe=689E923C","og:image:secure_url":"https:\/\/scontent-gig4-1.xx.fbcdn.net\/v\/t39.30808-1\/270437624_4564083193639691_6907940295614233970_n.jpg?stp=dst-jpg_s200x200_tt6&#038;_nc_cat=111&#038;ccb=1-7&#038;_nc_sid=f907e8&#038;_nc_ohc=SM1wRlP3lJwQ7kNvwEPuBYA&#038;_nc_oc=AdnqrjDN_BNjSSHWO-GbkIWH6fkGMLw4bqvL_NH6e2wMveX7G-rP2dAqsDSq1mJMOaY&#038;_nc_zt=24&#038;_nc_ht=scontent-gig4-1.xx&#038;_nc_gid=AoBFJeGrT1hVaew_6rchkQ&#038;oh=00_AfX7QmFGhQhG2jAllVgXCiM1ZrWgvtp80-Bfppyexh1QEg&#038;oe=689E923C","article:published_time":"2015-11-24T10:00:27+00:00","article:modified_time":"2015-11-26T15:49:27+00:00","twitter:card":"summary_large_image","twitter:title":"36\u00aa Subse\u00e7\u00e3o da OAB elege nova diretoria - A Not\u00edcia Online","twitter:description":"A partir de janeiro de 2016, o Dr. Paulo S\u00e9rgio Pires do Amaral assume a presid\u00eancia da 36\u00aa Subse\u00e7\u00e3o da Ordem dos Advogados do Brasil. Ele substitui a Dr\u00aa Ana Paola Medeiros de Oliveira Carneiro, que permaneceu no cargo por tr\u00eas mandados consecutivos \u2013 um total de nove anos. Dr. Paulo S\u00e9rgio e sua diretoria","twitter:image":"https:\/\/scontent-gig4-1.xx.fbcdn.net\/v\/t39.30808-1\/270437624_4564083193639691_6907940295614233970_n.jpg?stp=dst-jpg_s200x200_tt6&_nc_cat=111&ccb=1-7&_nc_sid=f907e8&_nc_ohc=SM1wRlP3lJwQ7kNvwEPuBYA&_nc_oc=AdnqrjDN_BNjSSHWO-GbkIWH6fkGMLw4bqvL_NH6e2wMveX7G-rP2dAqsDSq1mJMOaY&_nc_zt=24&_nc_ht=scontent-gig4-1.xx&_nc_gid=AoBFJeGrT1hVaew_6rchkQ&oh=00_AfX7QmFGhQhG2jAllVgXCiM1ZrWgvtp80-Bfppyexh1QEg&oe=689E923C"},"aioseo_meta_data":{"post_id":"6672","title":null,"description":null,"keywords":null,"keyphrases":null,"primary_term":null,"canonical_url":null,"og_title":null,"og_description":null,"og_object_type":"default","og_image_type":"default","og_image_url":null,"og_image_width":null,"og_image_height":null,"og_image_custom_url":null,"og_image_custom_fields":null,"og_video":null,"og_custom_url":null,"og_article_section":null,"og_article_tags":null,"twitter_use_og":false,"twitter_card":"default","twitter_image_type":"default","twitter_image_url":null,"twitter_image_custom_url":null,"twitter_image_custom_fields":null,"twitter_title":null,"twitter_description":null,"schema":{"blockGraphs":[],"customGraphs":[],"default":{"data":{"Article":[],"Course":[],"Dataset":[],"FAQPage":[],"Movie":[],"Person":[],"Product":[],"ProductReview":[],"Car":[],"Recipe":[],"Service":[],"SoftwareApplication":[],"WebPage":[]},"graphName":"","isEnabled":true},"graphs":[]},"schema_type":"default","schema_type_options":null,"pillar_content":false,"robots_default":true,"robots_noindex":false,"robots_noarchive":false,"robots_nosnippet":false,"robots_nofollow":false,"robots_noimageindex":false,"robots_noodp":false,"robots_notranslate":false,"robots_max_snippet":null,"robots_max_videopreview":null,"robots_max_imagepreview":"large","priority":null,"frequency":null,"local_seo":null,"breadcrumb_settings":null,"limit_modified_date":false,"ai":null,"created":"2025-08-16 14:13:23","updated":"2025-08-16 14:13:23","focus_keyword":null,"additional_keywords":null,"truseo_locale":null,"seo_analyzer_scan_date":null},"aioseo_breadcrumb":"<div class=\"aioseo-breadcrumbs\"><span class=\"aioseo-breadcrumb\">\n\t\t\t<a href=\"https:\/\/anoticiaonline.com.br\/site\" title=\"Home\">Home<\/a>\n\t\t<\/span><span class=\"aioseo-breadcrumb-separator\">&raquo;<\/span><span class=\"aioseo-breadcrumb\">\n\t\t\t<a href=\"https:\/\/anoticiaonline.com.br\/site\/categoria\/muriae\/\" title=\"Blog\">Blog<\/a>\n\t\t<\/span><span class=\"aioseo-breadcrumb-separator\">&raquo;<\/span><span class=\"aioseo-breadcrumb\">\n\t\t\t36\u00aa Subse\u00e7\u00e3o da OAB elege nova diretoria\n\t\t<\/span><\/div>","aioseo_breadcrumb_json":[{"label":"Home","link":"https:\/\/anoticiaonline.com.br\/site"},{"label":"Blog","link":"https:\/\/anoticiaonline.com.br\/site\/categoria\/muriae\/"},{"label":"36\u00aa Subse\u00e7\u00e3o da OAB elege nova diretoria","link":"https:\/\/anoticiaonline.com.br\/site\/36a-subsecao-da-oab-elege-nova-diretoria\/"}],"views":126,"_links":{"self":[{"href":"https:\/\/anoticiaonline.com.br\/site\/wp-json\/wp\/v2\/posts\/6672","targetHints":{"allow":["GET"]}}],"collection":[{"href":"https:\/\/anoticiaonline.com.br\/site\/wp-json\/wp\/v2\/posts"}],"about":[{"href":"https:\/\/anoticiaonline.com.br\/site\/wp-json\/wp\/v2\/types\/post"}],"author":[{"embeddable":true,"href":"https:\/\/anoticiaonline.com.br\/site\/wp-json\/wp\/v2\/users\/2"}],"replies":[{"embeddable":true,"href":"https:\/\/anoticiaonline.com.br\/site\/wp-json\/wp\/v2\/comments?post=6672"}],"version-history":[{"count":0,"href":"https:\/\/anoticiaonline.com.br\/site\/wp-json\/wp\/v2\/posts\/6672\/revisions"}],"wp:featuredmedia":[{"embeddable":true,"href":"https:\/\/anoticiaonline.com.br\/site\/wp-json\/wp\/v2\/media\/6673"}],"wp:attachment":[{"href":"https:\/\/anoticiaonline.com.br\/site\/wp-json\/wp\/v2\/media?parent=6672"}],"wp:term":[{"taxonomy":"category","embeddable":true,"href":"https:\/\/anoticiaonline.com.br\/site\/wp-json\/wp\/v2\/categories?post=6672"},{"taxonomy":"post_tag","embeddable":true,"href":"https:\/\/anoticiaonline.com.br\/site\/wp-json\/wp\/v2\/tags?post=6672"}],"curies":[{"name":"wp","href":"https:\/\/api.w.org\/{rel}","templated":true}]}}