{"id":66683,"date":"2019-01-21T12:38:07","date_gmt":"2019-01-21T15:38:07","guid":{"rendered":"http:\/\/anoticiaonline.com.br\/site\/?p=66683"},"modified":"2019-01-21T12:53:35","modified_gmt":"2019-01-21T15:53:35","slug":"muriae-tambem-participa-do-ato-publico-contra-o-fechamento-da-justica-do-trabalho","status":"publish","type":"post","link":"https:\/\/anoticiaonline.com.br\/site\/muriae-tambem-participa-do-ato-publico-contra-o-fechamento-da-justica-do-trabalho\/","title":{"rendered":"Muria\u00e9 tamb\u00e9m participa do ato p\u00fablico contra o fechamento da Justi\u00e7a do Trabalho"},"content":{"rendered":"<p><a href=\"https:\/\/anoticiaonline.com.br\/site\/wp-content\/uploads\/2019\/01\/DSC_0292.jpg\"><img fetchpriority=\"high\" decoding=\"async\" class=\"aligncenter wp-image-66684 size-full\" src=\"https:\/\/anoticiaonline.com.br\/site\/wp-content\/uploads\/2019\/01\/DSC_0292.jpg\" alt=\"\" width=\"1000\" height=\"668\" srcset=\"https:\/\/anoticiaonline.com.br\/site\/wp-content\/uploads\/2019\/01\/DSC_0292.jpg 1000w, https:\/\/anoticiaonline.com.br\/site\/wp-content\/uploads\/2019\/01\/DSC_0292-300x200.jpg 300w, https:\/\/anoticiaonline.com.br\/site\/wp-content\/uploads\/2019\/01\/DSC_0292-768x513.jpg 768w\" sizes=\"(max-width: 1000px) 100vw, 1000px\" \/><\/a><\/p>\n<h2><em>Advogados trabalhistas da cidade aderem \u00e0 manifesta\u00e7\u00e3o nacional em defesa da Justi\u00e7a do Trabalho, mediante \u00e0s amea\u00e7as de extin\u00e7\u00e3o do \u00f3rg\u00e3o<\/em><\/h2>\n<p>A manh\u00e3 desta segunda-feira (21\/1) foi de manifesta\u00e7\u00e3o por parte dos advogados trabalhistas de Muria\u00e9, que em ato p\u00fablico se juntaram aos profissionais de v\u00e1rios estados brasileiros para lutarem contra a extin\u00e7\u00e3o da Justi\u00e7a do Trabalho e garantirem a defesa dos Direitos Sociais. Em Muria\u00e9, a manifesta\u00e7\u00e3o aconteceu na sede do \u00f3rg\u00e3o, localizado na Av. Jos\u00e9 Rezende Fontes, no bairro Ch\u00e1cara Boa Vista.<\/p>\n<p>Na cidade, o movimento ganhou for\u00e7a com a participa\u00e7\u00e3o da Associa\u00e7\u00e3o Mineira dos Advogados Trabalhistas (AMAT), atrav\u00e9s de sua delegada Dra. Alessandra Pe\u00e7anha dos Santos Benini, da 36\u00aa Subse\u00e7\u00e3o de Muria\u00e9 da Ordem dos Advogados do Brasil (OAB), atrav\u00e9s de sua vice-presidente Dra. Graziela Machado Porcaro Almeida, e tamb\u00e9m com a ilustre presen\u00e7a do Conselheiro Estadual da OAB\/MG, Dr. Jos\u00e9 Carlos Morais Junior, al\u00e9m de v\u00e1rios advogados.<\/p>\n<p><!--more--><\/p>\n<p>Os profissionais da \u00e1rea do direito do trabalho defendem o n\u00e3o fechamento da Justi\u00e7a do Trabalho, citado pelo presidente eleito em entrevista a canal de TV, em 3 de janeiro. O presidente falou a respeito da possibilidade de o governo propor a extin\u00e7\u00e3o da Justi\u00e7a do Trabalho.<\/p>\n<p>De acordo com o presidente da AMAT, Dr. Marco Ant\u00f4nio Freitas, o movimento nacional n\u00e3o \u00e9 pol\u00edtico com quest\u00f5es partid\u00e1rias, mas ato t\u00e9cnico para defender a impossibilidade de acabar com a Justi\u00e7a do Trabalho. \u201cO \u00f3rg\u00e3o est\u00e1 inserido na Constitui\u00e7\u00e3o Federal, trata-se de uma cl\u00e1usula p\u00e9trea\u201d, defende.<\/p>\n<p>A vice-presidente da 36\u00aa Subse\u00e7\u00e3o de Muria\u00e9 da Ordem dos Advogados do Brasil (OAB), Dra. Graziela Machado Porcaro Almeida, ressalta a import\u00e2ncia da uni\u00e3o da classe, servidores e popula\u00e7\u00e3o em defesa da justi\u00e7a do trabalho, que est\u00e1 inserida em nossa constitui\u00e7\u00e3o. \u201cO ato defende tamb\u00e9m os direitos sociais de toda a popula\u00e7\u00e3o\u201d, defende.<\/p>\n<p>A delegada da Associa\u00e7\u00e3o Mineira dos Advogados Trabalhistas (AMAT), Dra. Alessandra Pe\u00e7anha dos Santos Benini, ressaltou que o movimento reuniu advogados de todo o pa\u00eds em prol da preserva\u00e7\u00e3o dos direitos sociais. \u201cEsse \u00e9 um ato p\u00fablico, convidamos todos a estarem conosco. A nossa luta n\u00e3o pode parar!\u00a0Continuaremos a luta pelos direitos sociais, pelas normas nacionais e internacionais de dignidade da pessoa humana, \u00e0s regras civilizat\u00f3rias e o Estado Democr\u00e1tico de Direito&#8221;, conclamou a delegada.<\/p>\n<p>&nbsp;<\/p>\n<p><strong>Minas Gerais<\/strong><\/p>\n<p>Houve tamb\u00e9m mobiliza\u00e7\u00f5es em v\u00e1rias outras cidades mineiras: Juiz de Fora, Governador Valadares, Coronel Fabriciano, Jo\u00e3o Monlevade, Uberaba, Contagem, Patos de Minas, Varginha, Pouso Alegre e Divin\u00f3polis. Na maioria das cidades, o protesto aconteceu de forma simult\u00e2nea, \u00e0s 8h30.<\/p>\n<p>&nbsp;<\/p>\n<p><strong>Confira outros estados que aderiram \u00e0 manifesta\u00e7\u00e3o<\/strong><\/p>\n<p>Amazonas<\/p>\n<p>Par\u00e1<\/p>\n<p>Roraima<\/p>\n<p>Rond\u00f4nia<\/p>\n<p>Tocantins<\/p>\n<p>Piau\u00ed<\/p>\n<p>Sergipe<\/p>\n<p>Pernambuco<\/p>\n<p>Cear\u00e1<\/p>\n<p>Bahia<\/p>\n<p>Rio Grande do Norte<\/p>\n<p>Alagoas<\/p>\n<p>S\u00e3o Paulo<\/p>\n<p>Rio de Janeiro<\/p>\n<p>Esp\u00edrito Santo<\/p>\n<p>Distrito Federal<\/p>\n<p>Mato Grosso<\/p>\n<p>Mato Grosso do Sul<\/p>\n<p>Goi\u00e1s<\/p>\n<p>Rio Grande do Sul<\/p>\n<p>Santa Catarina<\/p>\n<p>Paran\u00e1<\/p>\n","protected":false},"excerpt":{"rendered":"<p>Advogados trabalhistas da cidade aderem \u00e0 manifesta\u00e7\u00e3o nacional em defesa da Justi\u00e7a do Trabalho, mediante \u00e0s amea\u00e7as de extin\u00e7\u00e3o do \u00f3rg\u00e3o A manh\u00e3 desta segunda-feira (21\/1) foi de manifesta\u00e7\u00e3o por parte dos advogados trabalhistas de Muria\u00e9, que em ato p\u00fablico se juntaram aos profissionais de v\u00e1rios estados brasileiros para lutarem contra a extin\u00e7\u00e3o da Justi\u00e7a &#8230; <a title=\"Muria\u00e9 tamb\u00e9m participa do ato p\u00fablico contra o fechamento da Justi\u00e7a do Trabalho\" class=\"read-more\" href=\"https:\/\/anoticiaonline.com.br\/site\/muriae-tambem-participa-do-ato-publico-contra-o-fechamento-da-justica-do-trabalho\/\" aria-label=\"Read more about Muria\u00e9 tamb\u00e9m participa do ato p\u00fablico contra o fechamento da Justi\u00e7a do Trabalho\">Ler mais<\/a><\/p>\n","protected":false},"author":2,"featured_media":66686,"comment_status":"open","ping_status":"open","sticky":false,"template":"","format":"standard","meta":{"_acf_changed":false,"_monsterinsights_skip_tracking":false,"footnotes":""},"categories":[1],"tags":[3617,3614,3615,3619,3620,3616,3618],"class_list":["post-66683","post","type-post","status-publish","format-standard","has-post-thumbnail","hentry","category-gerais","tag-36a-subsecao-de-muriae-da-ordem-dos-advogados-do-brasil-oab","tag-advogados-trabalhistas","tag-chacara-boa-vista","tag-conselheiro-estadual-da-oab-mg","tag-dr-jose-carlos-morais-junior","tag-dra-alessandra-pecanha-dos-santos-benini","tag-dra-graziela-machado-porcaro-almeida"],"acf":[],"aioseo_notices":[],"aioseo_head":"\n\t\t<!-- All in One SEO 5.0.0.1 - aioseo.com -->\n\t<meta name=\"description\" content=\"Advogados trabalhistas da cidade aderem \u00e0 manifesta\u00e7\u00e3o nacional em defesa da Justi\u00e7a do Trabalho, mediante \u00e0s amea\u00e7as de extin\u00e7\u00e3o do \u00f3rg\u00e3o A manh\u00e3 desta segunda-feira (21\/1) foi de manifesta\u00e7\u00e3o por parte dos advogados trabalhistas de Muria\u00e9, que em ato p\u00fablico se juntaram aos profissionais de v\u00e1rios estados brasileiros para lutarem contra a extin\u00e7\u00e3o da Justi\u00e7a\" \/>\n\t<meta name=\"robots\" content=\"max-image-preview:large\" \/>\n\t<meta name=\"author\" content=\"Juliana Laviola\"\/>\n\t<link rel=\"canonical\" href=\"https:\/\/anoticiaonline.com.br\/site\/muriae-tambem-participa-do-ato-publico-contra-o-fechamento-da-justica-do-trabalho\/\" \/>\n\t<meta name=\"generator\" content=\"All in One SEO (AIOSEO) 5.0.0.1\" \/>\n\t\t<meta property=\"og:locale\" content=\"pt_BR\" \/>\n\t\t<meta property=\"og:site_name\" content=\"A Not\u00edcia Online - Noticias de Muria\u00e9 e regi\u00e3o\" \/>\n\t\t<meta property=\"og:type\" content=\"article\" \/>\n\t\t<meta property=\"og:title\" content=\"Muria\u00e9 tamb\u00e9m participa do ato p\u00fablico contra o fechamento da Justi\u00e7a do Trabalho - A Not\u00edcia Online\" \/>\n\t\t<meta property=\"og:description\" content=\"Advogados trabalhistas da cidade aderem \u00e0 manifesta\u00e7\u00e3o nacional em defesa da Justi\u00e7a do Trabalho, mediante \u00e0s amea\u00e7as de extin\u00e7\u00e3o do \u00f3rg\u00e3o A manh\u00e3 desta segunda-feira (21\/1) foi de manifesta\u00e7\u00e3o por parte dos advogados trabalhistas de Muria\u00e9, que em ato p\u00fablico se juntaram aos profissionais de v\u00e1rios estados brasileiros para lutarem contra a extin\u00e7\u00e3o da Justi\u00e7a\" \/>\n\t\t<meta property=\"og:url\" content=\"https:\/\/anoticiaonline.com.br\/site\/muriae-tambem-participa-do-ato-publico-contra-o-fechamento-da-justica-do-trabalho\/\" \/>\n\t\t<meta property=\"og:image\" content=\"https:\/\/scontent-gig4-1.xx.fbcdn.net\/v\/t39.30808-1\/270437624_4564083193639691_6907940295614233970_n.jpg?stp=dst-jpg_s200x200_tt6&#038;_nc_cat=111&#038;ccb=1-7&#038;_nc_sid=f907e8&#038;_nc_ohc=SM1wRlP3lJwQ7kNvwEPuBYA&#038;_nc_oc=AdnqrjDN_BNjSSHWO-GbkIWH6fkGMLw4bqvL_NH6e2wMveX7G-rP2dAqsDSq1mJMOaY&#038;_nc_zt=24&#038;_nc_ht=scontent-gig4-1.xx&#038;_nc_gid=AoBFJeGrT1hVaew_6rchkQ&#038;oh=00_AfX7QmFGhQhG2jAllVgXCiM1ZrWgvtp80-Bfppyexh1QEg&#038;oe=689E923C\" \/>\n\t\t<meta property=\"og:image:secure_url\" content=\"https:\/\/scontent-gig4-1.xx.fbcdn.net\/v\/t39.30808-1\/270437624_4564083193639691_6907940295614233970_n.jpg?stp=dst-jpg_s200x200_tt6&#038;_nc_cat=111&#038;ccb=1-7&#038;_nc_sid=f907e8&#038;_nc_ohc=SM1wRlP3lJwQ7kNvwEPuBYA&#038;_nc_oc=AdnqrjDN_BNjSSHWO-GbkIWH6fkGMLw4bqvL_NH6e2wMveX7G-rP2dAqsDSq1mJMOaY&#038;_nc_zt=24&#038;_nc_ht=scontent-gig4-1.xx&#038;_nc_gid=AoBFJeGrT1hVaew_6rchkQ&#038;oh=00_AfX7QmFGhQhG2jAllVgXCiM1ZrWgvtp80-Bfppyexh1QEg&#038;oe=689E923C\" \/>\n\t\t<meta property=\"article:published_time\" content=\"2019-01-21T15:38:07+00:00\" \/>\n\t\t<meta property=\"article:modified_time\" content=\"2019-01-21T15:53:35+00:00\" \/>\n\t\t<meta name=\"twitter:card\" content=\"summary_large_image\" \/>\n\t\t<meta name=\"twitter:title\" content=\"Muria\u00e9 tamb\u00e9m participa do ato p\u00fablico contra o fechamento da Justi\u00e7a do Trabalho - A Not\u00edcia Online\" \/>\n\t\t<meta name=\"twitter:description\" content=\"Advogados trabalhistas da cidade aderem \u00e0 manifesta\u00e7\u00e3o nacional em defesa da Justi\u00e7a do Trabalho, mediante \u00e0s amea\u00e7as de extin\u00e7\u00e3o do \u00f3rg\u00e3o A manh\u00e3 desta segunda-feira (21\/1) foi de manifesta\u00e7\u00e3o por parte dos advogados trabalhistas de Muria\u00e9, que em ato p\u00fablico se juntaram aos profissionais de v\u00e1rios estados brasileiros para lutarem contra a extin\u00e7\u00e3o da Justi\u00e7a\" \/>\n\t\t<meta name=\"twitter:image\" content=\"https:\/\/scontent-gig4-1.xx.fbcdn.net\/v\/t39.30808-1\/270437624_4564083193639691_6907940295614233970_n.jpg?stp=dst-jpg_s200x200_tt6&amp;_nc_cat=111&amp;ccb=1-7&amp;_nc_sid=f907e8&amp;_nc_ohc=SM1wRlP3lJwQ7kNvwEPuBYA&amp;_nc_oc=AdnqrjDN_BNjSSHWO-GbkIWH6fkGMLw4bqvL_NH6e2wMveX7G-rP2dAqsDSq1mJMOaY&amp;_nc_zt=24&amp;_nc_ht=scontent-gig4-1.xx&amp;_nc_gid=AoBFJeGrT1hVaew_6rchkQ&amp;oh=00_AfX7QmFGhQhG2jAllVgXCiM1ZrWgvtp80-Bfppyexh1QEg&amp;oe=689E923C\" \/>\n\t\t<script type=\"application\/ld+json\" class=\"aioseo-schema\">\n\t\t\t{\"@context\":\"https:\\\/\\\/schema.org\",\"@graph\":[{\"@type\":\"BlogPosting\",\"@id\":\"https:\\\/\\\/anoticiaonline.com.br\\\/site\\\/muriae-tambem-participa-do-ato-publico-contra-o-fechamento-da-justica-do-trabalho\\\/#blogposting\",\"name\":\"Muria\\u00e9 tamb\\u00e9m participa do ato p\\u00fablico contra o fechamento da Justi\\u00e7a do Trabalho - A Not\\u00edcia Online\",\"headline\":\"Muria\\u00e9 tamb\\u00e9m participa do ato p\\u00fablico contra o fechamento da Justi\\u00e7a do Trabalho\",\"author\":{\"@id\":\"https:\\\/\\\/anoticiaonline.com.br\\\/site\\\/author\\\/juliana\\\/#author\"},\"publisher\":{\"@id\":\"https:\\\/\\\/anoticiaonline.com.br\\\/site\\\/#organization\"},\"image\":{\"@type\":\"ImageObject\",\"url\":\"https:\\\/\\\/anoticiaonline.com.br\\\/site\\\/wp-content\\\/uploads\\\/2019\\\/01\\\/capa-4.jpg\",\"width\":1000,\"height\":350},\"datePublished\":\"2019-01-21T12:38:07-03:00\",\"dateModified\":\"2019-01-21T12:53:35-03:00\",\"inLanguage\":\"pt-BR\",\"mainEntityOfPage\":{\"@id\":\"https:\\\/\\\/anoticiaonline.com.br\\\/site\\\/muriae-tambem-participa-do-ato-publico-contra-o-fechamento-da-justica-do-trabalho\\\/#webpage\"},\"isPartOf\":{\"@id\":\"https:\\\/\\\/anoticiaonline.com.br\\\/site\\\/muriae-tambem-participa-do-ato-publico-contra-o-fechamento-da-justica-do-trabalho\\\/#webpage\"},\"articleSection\":\"Gerais, 36\\u00aa Subse\\u00e7\\u00e3o de Muria\\u00e9 da Ordem dos Advogados do Brasil (OAB), Advogados trabalhistas, Ch\\u00e1cara Boa Vista, Conselheiro Estadual da OAB\\\/MG, Dr. Jos\\u00e9 Carlos Morais Junior, Dra. Alessandra Pe\\u00e7anha dos Santos Benini, Dra. Graziela Machado Porcaro Almeida\"},{\"@type\":\"BreadcrumbList\",\"@id\":\"https:\\\/\\\/anoticiaonline.com.br\\\/site\\\/muriae-tambem-participa-do-ato-publico-contra-o-fechamento-da-justica-do-trabalho\\\/#breadcrumblist\",\"itemListElement\":[{\"@type\":\"ListItem\",\"@id\":\"https:\\\/\\\/anoticiaonline.com.br\\\/site#listItem\",\"position\":1,\"name\":\"Home\",\"item\":\"https:\\\/\\\/anoticiaonline.com.br\\\/site\",\"nextItem\":{\"@type\":\"ListItem\",\"@id\":\"https:\\\/\\\/anoticiaonline.com.br\\\/site\\\/categoria\\\/gerais\\\/#listItem\",\"name\":\"Gerais\"}},{\"@type\":\"ListItem\",\"@id\":\"https:\\\/\\\/anoticiaonline.com.br\\\/site\\\/categoria\\\/gerais\\\/#listItem\",\"position\":2,\"name\":\"Gerais\",\"item\":\"https:\\\/\\\/anoticiaonline.com.br\\\/site\\\/categoria\\\/gerais\\\/\",\"nextItem\":{\"@type\":\"ListItem\",\"@id\":\"https:\\\/\\\/anoticiaonline.com.br\\\/site\\\/muriae-tambem-participa-do-ato-publico-contra-o-fechamento-da-justica-do-trabalho\\\/#listItem\",\"name\":\"Muria\\u00e9 tamb\\u00e9m participa do ato p\\u00fablico contra o fechamento da Justi\\u00e7a do Trabalho\"},\"previousItem\":{\"@type\":\"ListItem\",\"@id\":\"https:\\\/\\\/anoticiaonline.com.br\\\/site#listItem\",\"name\":\"Home\"}},{\"@type\":\"ListItem\",\"@id\":\"https:\\\/\\\/anoticiaonline.com.br\\\/site\\\/muriae-tambem-participa-do-ato-publico-contra-o-fechamento-da-justica-do-trabalho\\\/#listItem\",\"position\":3,\"name\":\"Muria\\u00e9 tamb\\u00e9m participa do ato p\\u00fablico contra o fechamento da Justi\\u00e7a do Trabalho\",\"previousItem\":{\"@type\":\"ListItem\",\"@id\":\"https:\\\/\\\/anoticiaonline.com.br\\\/site\\\/categoria\\\/gerais\\\/#listItem\",\"name\":\"Gerais\"}}]},{\"@type\":\"Organization\",\"@id\":\"https:\\\/\\\/anoticiaonline.com.br\\\/site\\\/#organization\",\"name\":\"A Not\\u00edcia Online\",\"description\":\"Noticias de Muria\\u00e9 e regi\\u00e3o\",\"url\":\"https:\\\/\\\/anoticiaonline.com.br\\\/site\\\/\",\"logo\":{\"@type\":\"ImageObject\",\"url\":\"https:\\\/\\\/scontent-gig4-1.xx.fbcdn.net\\\/v\\\/t39.30808-1\\\/270437624_4564083193639691_6907940295614233970_n.jpg?stp=dst-jpg_s200x200_tt6&_nc_cat=111&ccb=1-7&_nc_sid=f907e8&_nc_ohc=SM1wRlP3lJwQ7kNvwEPuBYA&_nc_oc=AdnqrjDN_BNjSSHWO-GbkIWH6fkGMLw4bqvL_NH6e2wMveX7G-rP2dAqsDSq1mJMOaY&_nc_zt=24&_nc_ht=scontent-gig4-1.xx&_nc_gid=AoBFJeGrT1hVaew_6rchkQ&oh=00_AfX7QmFGhQhG2jAllVgXCiM1ZrWgvtp80-Bfppyexh1QEg&oe=689E923C\",\"@id\":\"https:\\\/\\\/anoticiaonline.com.br\\\/site\\\/muriae-tambem-participa-do-ato-publico-contra-o-fechamento-da-justica-do-trabalho\\\/#organizationLogo\"},\"image\":{\"@id\":\"https:\\\/\\\/anoticiaonline.com.br\\\/site\\\/muriae-tambem-participa-do-ato-publico-contra-o-fechamento-da-justica-do-trabalho\\\/#organizationLogo\"}},{\"@type\":\"Person\",\"@id\":\"https:\\\/\\\/anoticiaonline.com.br\\\/site\\\/author\\\/juliana\\\/#author\",\"url\":\"https:\\\/\\\/anoticiaonline.com.br\\\/site\\\/author\\\/juliana\\\/\",\"name\":\"Juliana Laviola\",\"image\":{\"@type\":\"ImageObject\",\"@id\":\"https:\\\/\\\/anoticiaonline.com.br\\\/site\\\/muriae-tambem-participa-do-ato-publico-contra-o-fechamento-da-justica-do-trabalho\\\/#authorImage\",\"url\":\"https:\\\/\\\/secure.gravatar.com\\\/avatar\\\/b8d45f5c699b100dfaf0e543582f38f38bf94cb7ae3a5e9abf8d891a34773335?s=96&d=mm&r=g\",\"width\":96,\"height\":96,\"caption\":\"Juliana Laviola\"}},{\"@type\":\"WebPage\",\"@id\":\"https:\\\/\\\/anoticiaonline.com.br\\\/site\\\/muriae-tambem-participa-do-ato-publico-contra-o-fechamento-da-justica-do-trabalho\\\/#webpage\",\"url\":\"https:\\\/\\\/anoticiaonline.com.br\\\/site\\\/muriae-tambem-participa-do-ato-publico-contra-o-fechamento-da-justica-do-trabalho\\\/\",\"name\":\"Muria\\u00e9 tamb\\u00e9m participa do ato p\\u00fablico contra o fechamento da Justi\\u00e7a do Trabalho - A Not\\u00edcia Online\",\"description\":\"Advogados trabalhistas da cidade aderem \\u00e0 manifesta\\u00e7\\u00e3o nacional em defesa da Justi\\u00e7a do Trabalho, mediante \\u00e0s amea\\u00e7as de extin\\u00e7\\u00e3o do \\u00f3rg\\u00e3o A manh\\u00e3 desta segunda-feira (21\\\/1) foi de manifesta\\u00e7\\u00e3o por parte dos advogados trabalhistas de Muria\\u00e9, que em ato p\\u00fablico se juntaram aos profissionais de v\\u00e1rios estados brasileiros para lutarem contra a extin\\u00e7\\u00e3o da Justi\\u00e7a\",\"inLanguage\":\"pt-BR\",\"isPartOf\":{\"@id\":\"https:\\\/\\\/anoticiaonline.com.br\\\/site\\\/#website\"},\"breadcrumb\":{\"@id\":\"https:\\\/\\\/anoticiaonline.com.br\\\/site\\\/muriae-tambem-participa-do-ato-publico-contra-o-fechamento-da-justica-do-trabalho\\\/#breadcrumblist\"},\"author\":{\"@id\":\"https:\\\/\\\/anoticiaonline.com.br\\\/site\\\/author\\\/juliana\\\/#author\"},\"creator\":{\"@id\":\"https:\\\/\\\/anoticiaonline.com.br\\\/site\\\/author\\\/juliana\\\/#author\"},\"image\":{\"@type\":\"ImageObject\",\"url\":\"https:\\\/\\\/anoticiaonline.com.br\\\/site\\\/wp-content\\\/uploads\\\/2019\\\/01\\\/capa-4.jpg\",\"@id\":\"https:\\\/\\\/anoticiaonline.com.br\\\/site\\\/muriae-tambem-participa-do-ato-publico-contra-o-fechamento-da-justica-do-trabalho\\\/#mainImage\",\"width\":1000,\"height\":350},\"primaryImageOfPage\":{\"@id\":\"https:\\\/\\\/anoticiaonline.com.br\\\/site\\\/muriae-tambem-participa-do-ato-publico-contra-o-fechamento-da-justica-do-trabalho\\\/#mainImage\"},\"datePublished\":\"2019-01-21T12:38:07-03:00\",\"dateModified\":\"2019-01-21T12:53:35-03:00\"},{\"@type\":\"WebSite\",\"@id\":\"https:\\\/\\\/anoticiaonline.com.br\\\/site\\\/#website\",\"url\":\"https:\\\/\\\/anoticiaonline.com.br\\\/site\\\/\",\"name\":\"A Not\\u00edcia Online\",\"description\":\"Noticias de Muria\\u00e9 e regi\\u00e3o\",\"inLanguage\":\"pt-BR\",\"publisher\":{\"@id\":\"https:\\\/\\\/anoticiaonline.com.br\\\/site\\\/#organization\"}}]}\n\t\t<\/script>\n\t\t<!-- All in One SEO -->\n\n","aioseo_head_json":{"title":"Muria\u00e9 tamb\u00e9m participa do ato p\u00fablico contra o fechamento da Justi\u00e7a do Trabalho - A Not\u00edcia Online","description":"Advogados trabalhistas da cidade aderem \u00e0 manifesta\u00e7\u00e3o nacional em defesa da Justi\u00e7a do Trabalho, mediante \u00e0s amea\u00e7as de extin\u00e7\u00e3o do \u00f3rg\u00e3o A manh\u00e3 desta segunda-feira (21\/1) foi de manifesta\u00e7\u00e3o por parte dos advogados trabalhistas de Muria\u00e9, que em ato p\u00fablico se juntaram aos profissionais de v\u00e1rios estados brasileiros para lutarem contra a extin\u00e7\u00e3o da Justi\u00e7a","canonical_url":"https:\/\/anoticiaonline.com.br\/site\/muriae-tambem-participa-do-ato-publico-contra-o-fechamento-da-justica-do-trabalho\/","robots":"max-image-preview:large","keywords":"","webmasterTools":{"miscellaneous":""},"schema":{"@context":"https:\/\/schema.org","@graph":[{"@type":"BlogPosting","@id":"https:\/\/anoticiaonline.com.br\/site\/muriae-tambem-participa-do-ato-publico-contra-o-fechamento-da-justica-do-trabalho\/#blogposting","name":"Muria\u00e9 tamb\u00e9m participa do ato p\u00fablico contra o fechamento da Justi\u00e7a do Trabalho - A Not\u00edcia Online","headline":"Muria\u00e9 tamb\u00e9m participa do ato p\u00fablico contra o fechamento da Justi\u00e7a do Trabalho","author":{"@id":"https:\/\/anoticiaonline.com.br\/site\/author\/juliana\/#author"},"publisher":{"@id":"https:\/\/anoticiaonline.com.br\/site\/#organization"},"image":{"@type":"ImageObject","url":"https:\/\/anoticiaonline.com.br\/site\/wp-content\/uploads\/2019\/01\/capa-4.jpg","width":1000,"height":350},"datePublished":"2019-01-21T12:38:07-03:00","dateModified":"2019-01-21T12:53:35-03:00","inLanguage":"pt-BR","mainEntityOfPage":{"@id":"https:\/\/anoticiaonline.com.br\/site\/muriae-tambem-participa-do-ato-publico-contra-o-fechamento-da-justica-do-trabalho\/#webpage"},"isPartOf":{"@id":"https:\/\/anoticiaonline.com.br\/site\/muriae-tambem-participa-do-ato-publico-contra-o-fechamento-da-justica-do-trabalho\/#webpage"},"articleSection":"Gerais, 36\u00aa Subse\u00e7\u00e3o de Muria\u00e9 da Ordem dos Advogados do Brasil (OAB), Advogados trabalhistas, Ch\u00e1cara Boa Vista, Conselheiro Estadual da OAB\/MG, Dr. Jos\u00e9 Carlos Morais Junior, Dra. Alessandra Pe\u00e7anha dos Santos Benini, Dra. Graziela Machado Porcaro Almeida"},{"@type":"BreadcrumbList","@id":"https:\/\/anoticiaonline.com.br\/site\/muriae-tambem-participa-do-ato-publico-contra-o-fechamento-da-justica-do-trabalho\/#breadcrumblist","itemListElement":[{"@type":"ListItem","@id":"https:\/\/anoticiaonline.com.br\/site#listItem","position":1,"name":"Home","item":"https:\/\/anoticiaonline.com.br\/site","nextItem":{"@type":"ListItem","@id":"https:\/\/anoticiaonline.com.br\/site\/categoria\/gerais\/#listItem","name":"Gerais"}},{"@type":"ListItem","@id":"https:\/\/anoticiaonline.com.br\/site\/categoria\/gerais\/#listItem","position":2,"name":"Gerais","item":"https:\/\/anoticiaonline.com.br\/site\/categoria\/gerais\/","nextItem":{"@type":"ListItem","@id":"https:\/\/anoticiaonline.com.br\/site\/muriae-tambem-participa-do-ato-publico-contra-o-fechamento-da-justica-do-trabalho\/#listItem","name":"Muria\u00e9 tamb\u00e9m participa do ato p\u00fablico contra o fechamento da Justi\u00e7a do Trabalho"},"previousItem":{"@type":"ListItem","@id":"https:\/\/anoticiaonline.com.br\/site#listItem","name":"Home"}},{"@type":"ListItem","@id":"https:\/\/anoticiaonline.com.br\/site\/muriae-tambem-participa-do-ato-publico-contra-o-fechamento-da-justica-do-trabalho\/#listItem","position":3,"name":"Muria\u00e9 tamb\u00e9m participa do ato p\u00fablico contra o fechamento da Justi\u00e7a do Trabalho","previousItem":{"@type":"ListItem","@id":"https:\/\/anoticiaonline.com.br\/site\/categoria\/gerais\/#listItem","name":"Gerais"}}]},{"@type":"Organization","@id":"https:\/\/anoticiaonline.com.br\/site\/#organization","name":"A Not\u00edcia Online","description":"Noticias de Muria\u00e9 e regi\u00e3o","url":"https:\/\/anoticiaonline.com.br\/site\/","logo":{"@type":"ImageObject","url":"https:\/\/scontent-gig4-1.xx.fbcdn.net\/v\/t39.30808-1\/270437624_4564083193639691_6907940295614233970_n.jpg?stp=dst-jpg_s200x200_tt6&_nc_cat=111&ccb=1-7&_nc_sid=f907e8&_nc_ohc=SM1wRlP3lJwQ7kNvwEPuBYA&_nc_oc=AdnqrjDN_BNjSSHWO-GbkIWH6fkGMLw4bqvL_NH6e2wMveX7G-rP2dAqsDSq1mJMOaY&_nc_zt=24&_nc_ht=scontent-gig4-1.xx&_nc_gid=AoBFJeGrT1hVaew_6rchkQ&oh=00_AfX7QmFGhQhG2jAllVgXCiM1ZrWgvtp80-Bfppyexh1QEg&oe=689E923C","@id":"https:\/\/anoticiaonline.com.br\/site\/muriae-tambem-participa-do-ato-publico-contra-o-fechamento-da-justica-do-trabalho\/#organizationLogo"},"image":{"@id":"https:\/\/anoticiaonline.com.br\/site\/muriae-tambem-participa-do-ato-publico-contra-o-fechamento-da-justica-do-trabalho\/#organizationLogo"}},{"@type":"Person","@id":"https:\/\/anoticiaonline.com.br\/site\/author\/juliana\/#author","url":"https:\/\/anoticiaonline.com.br\/site\/author\/juliana\/","name":"Juliana Laviola","image":{"@type":"ImageObject","@id":"https:\/\/anoticiaonline.com.br\/site\/muriae-tambem-participa-do-ato-publico-contra-o-fechamento-da-justica-do-trabalho\/#authorImage","url":"https:\/\/secure.gravatar.com\/avatar\/b8d45f5c699b100dfaf0e543582f38f38bf94cb7ae3a5e9abf8d891a34773335?s=96&d=mm&r=g","width":96,"height":96,"caption":"Juliana Laviola"}},{"@type":"WebPage","@id":"https:\/\/anoticiaonline.com.br\/site\/muriae-tambem-participa-do-ato-publico-contra-o-fechamento-da-justica-do-trabalho\/#webpage","url":"https:\/\/anoticiaonline.com.br\/site\/muriae-tambem-participa-do-ato-publico-contra-o-fechamento-da-justica-do-trabalho\/","name":"Muria\u00e9 tamb\u00e9m participa do ato p\u00fablico contra o fechamento da Justi\u00e7a do Trabalho - A Not\u00edcia Online","description":"Advogados trabalhistas da cidade aderem \u00e0 manifesta\u00e7\u00e3o nacional em defesa da Justi\u00e7a do Trabalho, mediante \u00e0s amea\u00e7as de extin\u00e7\u00e3o do \u00f3rg\u00e3o A manh\u00e3 desta segunda-feira (21\/1) foi de manifesta\u00e7\u00e3o por parte dos advogados trabalhistas de Muria\u00e9, que em ato p\u00fablico se juntaram aos profissionais de v\u00e1rios estados brasileiros para lutarem contra a extin\u00e7\u00e3o da Justi\u00e7a","inLanguage":"pt-BR","isPartOf":{"@id":"https:\/\/anoticiaonline.com.br\/site\/#website"},"breadcrumb":{"@id":"https:\/\/anoticiaonline.com.br\/site\/muriae-tambem-participa-do-ato-publico-contra-o-fechamento-da-justica-do-trabalho\/#breadcrumblist"},"author":{"@id":"https:\/\/anoticiaonline.com.br\/site\/author\/juliana\/#author"},"creator":{"@id":"https:\/\/anoticiaonline.com.br\/site\/author\/juliana\/#author"},"image":{"@type":"ImageObject","url":"https:\/\/anoticiaonline.com.br\/site\/wp-content\/uploads\/2019\/01\/capa-4.jpg","@id":"https:\/\/anoticiaonline.com.br\/site\/muriae-tambem-participa-do-ato-publico-contra-o-fechamento-da-justica-do-trabalho\/#mainImage","width":1000,"height":350},"primaryImageOfPage":{"@id":"https:\/\/anoticiaonline.com.br\/site\/muriae-tambem-participa-do-ato-publico-contra-o-fechamento-da-justica-do-trabalho\/#mainImage"},"datePublished":"2019-01-21T12:38:07-03:00","dateModified":"2019-01-21T12:53:35-03:00"},{"@type":"WebSite","@id":"https:\/\/anoticiaonline.com.br\/site\/#website","url":"https:\/\/anoticiaonline.com.br\/site\/","name":"A Not\u00edcia Online","description":"Noticias de Muria\u00e9 e regi\u00e3o","inLanguage":"pt-BR","publisher":{"@id":"https:\/\/anoticiaonline.com.br\/site\/#organization"}}]},"og:locale":"pt_BR","og:site_name":"A Not\u00edcia Online - Noticias de Muria\u00e9 e regi\u00e3o","og:type":"article","og:title":"Muria\u00e9 tamb\u00e9m participa do ato p\u00fablico contra o fechamento da Justi\u00e7a do Trabalho - A Not\u00edcia Online","og:description":"Advogados trabalhistas da cidade aderem \u00e0 manifesta\u00e7\u00e3o nacional em defesa da Justi\u00e7a do Trabalho, mediante \u00e0s amea\u00e7as de extin\u00e7\u00e3o do \u00f3rg\u00e3o A manh\u00e3 desta segunda-feira (21\/1) foi de manifesta\u00e7\u00e3o por parte dos advogados trabalhistas de Muria\u00e9, que em ato p\u00fablico se juntaram aos profissionais de v\u00e1rios estados brasileiros para lutarem contra a extin\u00e7\u00e3o da Justi\u00e7a","og:url":"https:\/\/anoticiaonline.com.br\/site\/muriae-tambem-participa-do-ato-publico-contra-o-fechamento-da-justica-do-trabalho\/","og:image":"https:\/\/scontent-gig4-1.xx.fbcdn.net\/v\/t39.30808-1\/270437624_4564083193639691_6907940295614233970_n.jpg?stp=dst-jpg_s200x200_tt6&#038;_nc_cat=111&#038;ccb=1-7&#038;_nc_sid=f907e8&#038;_nc_ohc=SM1wRlP3lJwQ7kNvwEPuBYA&#038;_nc_oc=AdnqrjDN_BNjSSHWO-GbkIWH6fkGMLw4bqvL_NH6e2wMveX7G-rP2dAqsDSq1mJMOaY&#038;_nc_zt=24&#038;_nc_ht=scontent-gig4-1.xx&#038;_nc_gid=AoBFJeGrT1hVaew_6rchkQ&#038;oh=00_AfX7QmFGhQhG2jAllVgXCiM1ZrWgvtp80-Bfppyexh1QEg&#038;oe=689E923C","og:image:secure_url":"https:\/\/scontent-gig4-1.xx.fbcdn.net\/v\/t39.30808-1\/270437624_4564083193639691_6907940295614233970_n.jpg?stp=dst-jpg_s200x200_tt6&#038;_nc_cat=111&#038;ccb=1-7&#038;_nc_sid=f907e8&#038;_nc_ohc=SM1wRlP3lJwQ7kNvwEPuBYA&#038;_nc_oc=AdnqrjDN_BNjSSHWO-GbkIWH6fkGMLw4bqvL_NH6e2wMveX7G-rP2dAqsDSq1mJMOaY&#038;_nc_zt=24&#038;_nc_ht=scontent-gig4-1.xx&#038;_nc_gid=AoBFJeGrT1hVaew_6rchkQ&#038;oh=00_AfX7QmFGhQhG2jAllVgXCiM1ZrWgvtp80-Bfppyexh1QEg&#038;oe=689E923C","article:published_time":"2019-01-21T15:38:07+00:00","article:modified_time":"2019-01-21T15:53:35+00:00","twitter:card":"summary_large_image","twitter:title":"Muria\u00e9 tamb\u00e9m participa do ato p\u00fablico contra o fechamento da Justi\u00e7a do Trabalho - A Not\u00edcia Online","twitter:description":"Advogados trabalhistas da cidade aderem \u00e0 manifesta\u00e7\u00e3o nacional em defesa da Justi\u00e7a do Trabalho, mediante \u00e0s amea\u00e7as de extin\u00e7\u00e3o do \u00f3rg\u00e3o A manh\u00e3 desta segunda-feira (21\/1) foi de manifesta\u00e7\u00e3o por parte dos advogados trabalhistas de Muria\u00e9, que em ato p\u00fablico se juntaram aos profissionais de v\u00e1rios estados brasileiros para lutarem contra a extin\u00e7\u00e3o da Justi\u00e7a","twitter:image":"https:\/\/scontent-gig4-1.xx.fbcdn.net\/v\/t39.30808-1\/270437624_4564083193639691_6907940295614233970_n.jpg?stp=dst-jpg_s200x200_tt6&_nc_cat=111&ccb=1-7&_nc_sid=f907e8&_nc_ohc=SM1wRlP3lJwQ7kNvwEPuBYA&_nc_oc=AdnqrjDN_BNjSSHWO-GbkIWH6fkGMLw4bqvL_NH6e2wMveX7G-rP2dAqsDSq1mJMOaY&_nc_zt=24&_nc_ht=scontent-gig4-1.xx&_nc_gid=AoBFJeGrT1hVaew_6rchkQ&oh=00_AfX7QmFGhQhG2jAllVgXCiM1ZrWgvtp80-Bfppyexh1QEg&oe=689E923C"},"aioseo_meta_data":{"post_id":"66683","title":null,"description":null,"keywords":null,"keyphrases":null,"primary_term":null,"canonical_url":null,"og_title":null,"og_description":null,"og_object_type":"default","og_image_type":"default","og_image_url":null,"og_image_width":null,"og_image_height":null,"og_image_custom_url":null,"og_image_custom_fields":null,"og_video":null,"og_custom_url":null,"og_article_section":null,"og_article_tags":null,"twitter_use_og":false,"twitter_card":"default","twitter_image_type":"default","twitter_image_url":null,"twitter_image_custom_url":null,"twitter_image_custom_fields":null,"twitter_title":null,"twitter_description":null,"schema":{"blockGraphs":[],"customGraphs":[],"default":{"data":{"Article":[],"Course":[],"Dataset":[],"FAQPage":[],"Movie":[],"Person":[],"Product":[],"ProductReview":[],"Car":[],"Recipe":[],"Service":[],"SoftwareApplication":[],"WebPage":[]},"graphName":"","isEnabled":true},"graphs":[]},"schema_type":"default","schema_type_options":null,"pillar_content":false,"robots_default":true,"robots_noindex":false,"robots_noarchive":false,"robots_nosnippet":false,"robots_nofollow":false,"robots_noimageindex":false,"robots_noodp":false,"robots_notranslate":false,"robots_max_snippet":null,"robots_max_videopreview":null,"robots_max_imagepreview":"large","priority":null,"frequency":null,"local_seo":null,"breadcrumb_settings":null,"limit_modified_date":false,"ai":null,"created":"2025-08-16 22:40:55","updated":"2025-08-16 22:40:55","focus_keyword":null,"additional_keywords":null,"truseo_locale":null,"seo_analyzer_scan_date":null},"aioseo_breadcrumb":"<div class=\"aioseo-breadcrumbs\"><span class=\"aioseo-breadcrumb\">\n\t\t\t<a href=\"https:\/\/anoticiaonline.com.br\/site\" title=\"Home\">Home<\/a>\n\t\t<\/span><span class=\"aioseo-breadcrumb-separator\">&raquo;<\/span><span class=\"aioseo-breadcrumb\">\n\t\t\t<a href=\"https:\/\/anoticiaonline.com.br\/site\/categoria\/gerais\/\" title=\"Gerais\">Gerais<\/a>\n\t\t<\/span><span class=\"aioseo-breadcrumb-separator\">&raquo;<\/span><span class=\"aioseo-breadcrumb\">\n\t\t\tMuria\u00e9 tamb\u00e9m participa do ato p\u00fablico contra o fechamento da Justi\u00e7a do Trabalho\n\t\t<\/span><\/div>","aioseo_breadcrumb_json":[{"label":"Home","link":"https:\/\/anoticiaonline.com.br\/site"},{"label":"Gerais","link":"https:\/\/anoticiaonline.com.br\/site\/categoria\/gerais\/"},{"label":"Muria\u00e9 tamb\u00e9m participa do ato p\u00fablico contra o fechamento da Justi\u00e7a do Trabalho","link":"https:\/\/anoticiaonline.com.br\/site\/muriae-tambem-participa-do-ato-publico-contra-o-fechamento-da-justica-do-trabalho\/"}],"views":141,"_links":{"self":[{"href":"https:\/\/anoticiaonline.com.br\/site\/wp-json\/wp\/v2\/posts\/66683","targetHints":{"allow":["GET"]}}],"collection":[{"href":"https:\/\/anoticiaonline.com.br\/site\/wp-json\/wp\/v2\/posts"}],"about":[{"href":"https:\/\/anoticiaonline.com.br\/site\/wp-json\/wp\/v2\/types\/post"}],"author":[{"embeddable":true,"href":"https:\/\/anoticiaonline.com.br\/site\/wp-json\/wp\/v2\/users\/2"}],"replies":[{"embeddable":true,"href":"https:\/\/anoticiaonline.com.br\/site\/wp-json\/wp\/v2\/comments?post=66683"}],"version-history":[{"count":0,"href":"https:\/\/anoticiaonline.com.br\/site\/wp-json\/wp\/v2\/posts\/66683\/revisions"}],"wp:featuredmedia":[{"embeddable":true,"href":"https:\/\/anoticiaonline.com.br\/site\/wp-json\/wp\/v2\/media\/66686"}],"wp:attachment":[{"href":"https:\/\/anoticiaonline.com.br\/site\/wp-json\/wp\/v2\/media?parent=66683"}],"wp:term":[{"taxonomy":"category","embeddable":true,"href":"https:\/\/anoticiaonline.com.br\/site\/wp-json\/wp\/v2\/categories?post=66683"},{"taxonomy":"post_tag","embeddable":true,"href":"https:\/\/anoticiaonline.com.br\/site\/wp-json\/wp\/v2\/tags?post=66683"}],"curies":[{"name":"wp","href":"https:\/\/api.w.org\/{rel}","templated":true}]}}