{"id":66675,"date":"2018-12-28T11:07:49","date_gmt":"2018-12-28T14:07:49","guid":{"rendered":"http:\/\/anoticiaonline.com.br\/site\/?p=66675"},"modified":"2019-01-11T11:14:08","modified_gmt":"2019-01-11T14:14:08","slug":"escola-de-lideranca-2019","status":"publish","type":"post","link":"https:\/\/anoticiaonline.com.br\/site\/escola-de-lideranca-2019\/","title":{"rendered":"Escola de Lideran\u00e7a 2019"},"content":{"rendered":"<h2><strong>Academia de L\u00edderes, com apoio da Igreja do Evangelho Quadrangular Sede, promove \u201cEscola de Lideran\u00e7a 2019\u201d<\/strong><\/h2>\n<h2><strong><a href=\"https:\/\/anoticiaonline.com.br\/site\/wp-content\/uploads\/2019\/01\/3eef2425-39e6-4c62-b884-8d87e775b622.jpg\"><img fetchpriority=\"high\" decoding=\"async\" class=\"aligncenter wp-image-66676 size-full\" src=\"https:\/\/anoticiaonline.com.br\/site\/wp-content\/uploads\/2019\/01\/3eef2425-39e6-4c62-b884-8d87e775b622.jpg\" alt=\"\" width=\"1000\" height=\"769\" srcset=\"https:\/\/anoticiaonline.com.br\/site\/wp-content\/uploads\/2019\/01\/3eef2425-39e6-4c62-b884-8d87e775b622.jpg 1000w, https:\/\/anoticiaonline.com.br\/site\/wp-content\/uploads\/2019\/01\/3eef2425-39e6-4c62-b884-8d87e775b622-300x231.jpg 300w, https:\/\/anoticiaonline.com.br\/site\/wp-content\/uploads\/2019\/01\/3eef2425-39e6-4c62-b884-8d87e775b622-768x591.jpg 768w, https:\/\/anoticiaonline.com.br\/site\/wp-content\/uploads\/2019\/01\/3eef2425-39e6-4c62-b884-8d87e775b622-105x80.jpg 105w\" sizes=\"(max-width: 1000px) 100vw, 1000px\" \/><\/a><br \/>\n<\/strong><\/h2>\n<p><em>Inscri\u00e7\u00f5es s\u00e3o gratuitas e vagas limitadas; prazo vai at\u00e9 31 de janeiro<\/em><\/p>\n<p>A Academia de L\u00edderes, com apoio da Igreja do Evangelho Quadrangular Sede promover\u00e1, no pr\u00f3ximo ano, a primeira edi\u00e7\u00e3o do seu projeto \u201cEscola de Lideran\u00e7a\u201d. Neste ano, o projeto apresenta diversas novidades e a inscri\u00e7\u00e3o ser\u00e1 100% gratuita.<!--more--><\/p>\n<h2><\/h2>\n<h2><strong><a href=\"https:\/\/anoticiaonline.com.br\/site\/wp-content\/uploads\/2019\/01\/cefade80-28b6-4fae-a1c9-c18f442c65dd.jpg\"><img decoding=\"async\" class=\"aligncenter wp-image-66678 size-full\" src=\"https:\/\/anoticiaonline.com.br\/site\/wp-content\/uploads\/2019\/01\/cefade80-28b6-4fae-a1c9-c18f442c65dd.jpg\" alt=\"\" width=\"566\" height=\"800\" srcset=\"https:\/\/anoticiaonline.com.br\/site\/wp-content\/uploads\/2019\/01\/cefade80-28b6-4fae-a1c9-c18f442c65dd.jpg 566w, https:\/\/anoticiaonline.com.br\/site\/wp-content\/uploads\/2019\/01\/cefade80-28b6-4fae-a1c9-c18f442c65dd-212x300.jpg 212w\" sizes=\"(max-width: 566px) 100vw, 566px\" \/><\/a><\/strong><\/h2>\n<h2><\/h2>\n<p>De acordo com a Pastora Silvia Cristina de Castro Almeida, palestrante oficial do evento e coordenadora da Academia de L\u00edderes, a gratuidade faz com que o projeto atinja mais pessoas. \u201cFechamos parcerias com v\u00e1rios empres\u00e1rios para que o curso fosse 100% gratuito, possibilitando a inscri\u00e7\u00e3o mesmo de pessoas sem condi\u00e7\u00f5es financeiras para arcar com os custos\u201d, explicou.<\/p>\n<p>As inscri\u00e7\u00f5es para o curso est\u00e3o abertas at\u00e9 o dia 31 de janeiro, limitadas ao n\u00famero de vagas: 300 participantes. O estudo ser\u00e1 dividido em seis s\u00e1bados, com 20 horas\/aula. O primeiro encontro est\u00e1 marcado para o dia 16 de fevereiro. \u201cComo as vagas s\u00e3o limitadas, orientamos aos interessados que procurem, o quanto antes, a IEQ Sede ou outra unidade da IEQ. Pedimos tamb\u00e9m o compromisso de efetivamente participarem, pois h\u00e1 um grande n\u00famero de pessoas interessadas\u201d, disse a Pastora. O curso oferecer\u00e1 certificado a quem cumprir pelo menos 80% das horas\/aula.<\/p>\n<p>Mesmo sendo realizado na IEQ Sede, o curso \u00e9 aberto a pessoas de qualquer religi\u00e3o. \u201cAs aulas s\u00e3o direcionadas tanto a pessoas que j\u00e1 ocuparam esse posto de l\u00edderes quanto para os iniciantes, pois o trabalho ser\u00e1 bem din\u00e2mico, com palestras e participa\u00e7\u00e3o efetiva da turma\u201d, explicou Silvia.<\/p>\n<p><strong>Escola de Lideran\u00e7a 2019 \u2013 IEQ Sede<\/strong><\/p>\n<p><strong>Inscri\u00e7\u00f5es<\/strong>: At\u00e9 31 de janeiro de 2019 ou enquanto durarem as vagas<\/p>\n<p><strong>In\u00edcio do curso<\/strong>: 16 de fevereiro de 2019<\/p>\n<p><strong>Informa\u00e7\u00f5es<\/strong>: (32) 3721-4752 \/ 98874-8066<\/p>\n<h2><strong><a href=\"https:\/\/anoticiaonline.com.br\/site\/wp-content\/uploads\/2019\/01\/7c15fbe2-c62c-4a04-b060-0605ae3cb5a6.jpg\"><img decoding=\"async\" class=\"aligncenter wp-image-66677 size-full\" src=\"https:\/\/anoticiaonline.com.br\/site\/wp-content\/uploads\/2019\/01\/7c15fbe2-c62c-4a04-b060-0605ae3cb5a6.jpg\" alt=\"\" width=\"600\" height=\"800\" srcset=\"https:\/\/anoticiaonline.com.br\/site\/wp-content\/uploads\/2019\/01\/7c15fbe2-c62c-4a04-b060-0605ae3cb5a6.jpg 600w, https:\/\/anoticiaonline.com.br\/site\/wp-content\/uploads\/2019\/01\/7c15fbe2-c62c-4a04-b060-0605ae3cb5a6-225x300.jpg 225w\" sizes=\"(max-width: 600px) 100vw, 600px\" \/><\/a><\/strong><\/h2>\n","protected":false},"excerpt":{"rendered":"<p>Academia de L\u00edderes, com apoio da Igreja do Evangelho Quadrangular Sede, promove \u201cEscola de Lideran\u00e7a 2019\u201d Inscri\u00e7\u00f5es s\u00e3o gratuitas e vagas limitadas; prazo vai at\u00e9 31 de janeiro A Academia de L\u00edderes, com apoio da Igreja do Evangelho Quadrangular Sede promover\u00e1, no pr\u00f3ximo ano, a primeira edi\u00e7\u00e3o do seu projeto \u201cEscola de Lideran\u00e7a\u201d. Neste ano, &#8230; <a title=\"Escola de Lideran\u00e7a 2019\" class=\"read-more\" href=\"https:\/\/anoticiaonline.com.br\/site\/escola-de-lideranca-2019\/\" aria-label=\"Read more about Escola de Lideran\u00e7a 2019\">Ler mais<\/a><\/p>\n","protected":false},"author":2,"featured_media":66676,"comment_status":"open","ping_status":"open","sticky":false,"template":"","format":"standard","meta":{"_acf_changed":false,"_monsterinsights_skip_tracking":false,"footnotes":""},"categories":[1],"tags":[3613,3611,3610,1592,3612],"class_list":["post-66675","post","type-post","status-publish","format-standard","has-post-thumbnail","hentry","category-gerais","tag-academia-de-lideres","tag-escola-de-lideranca","tag-escola-de-lideranca-2019","tag-ieq-sede","tag-pastora-silvia-cristina-de-castro-almeida"],"acf":[],"aioseo_notices":[],"aioseo_head":"\n\t\t<!-- All in One SEO 5.0.0.1 - aioseo.com -->\n\t<meta name=\"description\" content=\"Academia de L\u00edderes, com apoio da Igreja do Evangelho Quadrangular Sede, promove \u201cEscola de Lideran\u00e7a 2019\u201d Inscri\u00e7\u00f5es s\u00e3o gratuitas e vagas limitadas; prazo vai at\u00e9 31 de janeiro A Academia de L\u00edderes, com apoio da Igreja do Evangelho Quadrangular Sede promover\u00e1, no pr\u00f3ximo ano, a primeira edi\u00e7\u00e3o do seu projeto \u201cEscola de Lideran\u00e7a\u201d. Neste ano,\" \/>\n\t<meta name=\"robots\" content=\"max-image-preview:large\" \/>\n\t<meta name=\"author\" content=\"Juliana Laviola\"\/>\n\t<link rel=\"canonical\" href=\"https:\/\/anoticiaonline.com.br\/site\/escola-de-lideranca-2019\/\" \/>\n\t<meta name=\"generator\" content=\"All in One SEO (AIOSEO) 5.0.0.1\" \/>\n\t\t<meta property=\"og:locale\" content=\"pt_BR\" \/>\n\t\t<meta property=\"og:site_name\" content=\"A Not\u00edcia Online - Noticias de Muria\u00e9 e regi\u00e3o\" \/>\n\t\t<meta property=\"og:type\" content=\"article\" \/>\n\t\t<meta property=\"og:title\" content=\"Escola de Lideran\u00e7a 2019 - A Not\u00edcia Online\" \/>\n\t\t<meta property=\"og:description\" content=\"Academia de L\u00edderes, com apoio da Igreja do Evangelho Quadrangular Sede, promove \u201cEscola de Lideran\u00e7a 2019\u201d Inscri\u00e7\u00f5es s\u00e3o gratuitas e vagas limitadas; prazo vai at\u00e9 31 de janeiro A Academia de L\u00edderes, com apoio da Igreja do Evangelho Quadrangular Sede promover\u00e1, no pr\u00f3ximo ano, a primeira edi\u00e7\u00e3o do seu projeto \u201cEscola de Lideran\u00e7a\u201d. Neste ano,\" \/>\n\t\t<meta property=\"og:url\" content=\"https:\/\/anoticiaonline.com.br\/site\/escola-de-lideranca-2019\/\" \/>\n\t\t<meta property=\"og:image\" content=\"https:\/\/scontent-gig4-1.xx.fbcdn.net\/v\/t39.30808-1\/270437624_4564083193639691_6907940295614233970_n.jpg?stp=dst-jpg_s200x200_tt6&#038;_nc_cat=111&#038;ccb=1-7&#038;_nc_sid=f907e8&#038;_nc_ohc=SM1wRlP3lJwQ7kNvwEPuBYA&#038;_nc_oc=AdnqrjDN_BNjSSHWO-GbkIWH6fkGMLw4bqvL_NH6e2wMveX7G-rP2dAqsDSq1mJMOaY&#038;_nc_zt=24&#038;_nc_ht=scontent-gig4-1.xx&#038;_nc_gid=AoBFJeGrT1hVaew_6rchkQ&#038;oh=00_AfX7QmFGhQhG2jAllVgXCiM1ZrWgvtp80-Bfppyexh1QEg&#038;oe=689E923C\" \/>\n\t\t<meta property=\"og:image:secure_url\" content=\"https:\/\/scontent-gig4-1.xx.fbcdn.net\/v\/t39.30808-1\/270437624_4564083193639691_6907940295614233970_n.jpg?stp=dst-jpg_s200x200_tt6&#038;_nc_cat=111&#038;ccb=1-7&#038;_nc_sid=f907e8&#038;_nc_ohc=SM1wRlP3lJwQ7kNvwEPuBYA&#038;_nc_oc=AdnqrjDN_BNjSSHWO-GbkIWH6fkGMLw4bqvL_NH6e2wMveX7G-rP2dAqsDSq1mJMOaY&#038;_nc_zt=24&#038;_nc_ht=scontent-gig4-1.xx&#038;_nc_gid=AoBFJeGrT1hVaew_6rchkQ&#038;oh=00_AfX7QmFGhQhG2jAllVgXCiM1ZrWgvtp80-Bfppyexh1QEg&#038;oe=689E923C\" \/>\n\t\t<meta property=\"article:published_time\" content=\"2018-12-28T14:07:49+00:00\" \/>\n\t\t<meta property=\"article:modified_time\" content=\"2019-01-11T14:14:08+00:00\" \/>\n\t\t<meta name=\"twitter:card\" content=\"summary_large_image\" \/>\n\t\t<meta name=\"twitter:title\" content=\"Escola de Lideran\u00e7a 2019 - A Not\u00edcia Online\" \/>\n\t\t<meta name=\"twitter:description\" content=\"Academia de L\u00edderes, com apoio da Igreja do Evangelho Quadrangular Sede, promove \u201cEscola de Lideran\u00e7a 2019\u201d Inscri\u00e7\u00f5es s\u00e3o gratuitas e vagas limitadas; prazo vai at\u00e9 31 de janeiro A Academia de L\u00edderes, com apoio da Igreja do Evangelho Quadrangular Sede promover\u00e1, no pr\u00f3ximo ano, a primeira edi\u00e7\u00e3o do seu projeto \u201cEscola de Lideran\u00e7a\u201d. Neste ano,\" \/>\n\t\t<meta name=\"twitter:image\" content=\"https:\/\/scontent-gig4-1.xx.fbcdn.net\/v\/t39.30808-1\/270437624_4564083193639691_6907940295614233970_n.jpg?stp=dst-jpg_s200x200_tt6&amp;_nc_cat=111&amp;ccb=1-7&amp;_nc_sid=f907e8&amp;_nc_ohc=SM1wRlP3lJwQ7kNvwEPuBYA&amp;_nc_oc=AdnqrjDN_BNjSSHWO-GbkIWH6fkGMLw4bqvL_NH6e2wMveX7G-rP2dAqsDSq1mJMOaY&amp;_nc_zt=24&amp;_nc_ht=scontent-gig4-1.xx&amp;_nc_gid=AoBFJeGrT1hVaew_6rchkQ&amp;oh=00_AfX7QmFGhQhG2jAllVgXCiM1ZrWgvtp80-Bfppyexh1QEg&amp;oe=689E923C\" \/>\n\t\t<script type=\"application\/ld+json\" class=\"aioseo-schema\">\n\t\t\t{\"@context\":\"https:\\\/\\\/schema.org\",\"@graph\":[{\"@type\":\"BlogPosting\",\"@id\":\"https:\\\/\\\/anoticiaonline.com.br\\\/site\\\/escola-de-lideranca-2019\\\/#blogposting\",\"name\":\"Escola de Lideran\\u00e7a 2019 - A Not\\u00edcia Online\",\"headline\":\"Escola de Lideran\\u00e7a 2019\",\"author\":{\"@id\":\"https:\\\/\\\/anoticiaonline.com.br\\\/site\\\/author\\\/juliana\\\/#author\"},\"publisher\":{\"@id\":\"https:\\\/\\\/anoticiaonline.com.br\\\/site\\\/#organization\"},\"image\":{\"@type\":\"ImageObject\",\"url\":\"https:\\\/\\\/anoticiaonline.com.br\\\/site\\\/wp-content\\\/uploads\\\/2019\\\/01\\\/3eef2425-39e6-4c62-b884-8d87e775b622.jpg\",\"width\":1000,\"height\":769},\"datePublished\":\"2018-12-28T11:07:49-03:00\",\"dateModified\":\"2019-01-11T11:14:08-03:00\",\"inLanguage\":\"pt-BR\",\"mainEntityOfPage\":{\"@id\":\"https:\\\/\\\/anoticiaonline.com.br\\\/site\\\/escola-de-lideranca-2019\\\/#webpage\"},\"isPartOf\":{\"@id\":\"https:\\\/\\\/anoticiaonline.com.br\\\/site\\\/escola-de-lideranca-2019\\\/#webpage\"},\"articleSection\":\"Gerais, Academia de L\\u00edderes, Escola de Lideran\\u00e7a, Escola de Lideran\\u00e7a 2019, IEQ Sede, Pastora Silvia Cristina de Castro Almeida\"},{\"@type\":\"BreadcrumbList\",\"@id\":\"https:\\\/\\\/anoticiaonline.com.br\\\/site\\\/escola-de-lideranca-2019\\\/#breadcrumblist\",\"itemListElement\":[{\"@type\":\"ListItem\",\"@id\":\"https:\\\/\\\/anoticiaonline.com.br\\\/site#listItem\",\"position\":1,\"name\":\"Home\",\"item\":\"https:\\\/\\\/anoticiaonline.com.br\\\/site\",\"nextItem\":{\"@type\":\"ListItem\",\"@id\":\"https:\\\/\\\/anoticiaonline.com.br\\\/site\\\/categoria\\\/gerais\\\/#listItem\",\"name\":\"Gerais\"}},{\"@type\":\"ListItem\",\"@id\":\"https:\\\/\\\/anoticiaonline.com.br\\\/site\\\/categoria\\\/gerais\\\/#listItem\",\"position\":2,\"name\":\"Gerais\",\"item\":\"https:\\\/\\\/anoticiaonline.com.br\\\/site\\\/categoria\\\/gerais\\\/\",\"nextItem\":{\"@type\":\"ListItem\",\"@id\":\"https:\\\/\\\/anoticiaonline.com.br\\\/site\\\/escola-de-lideranca-2019\\\/#listItem\",\"name\":\"Escola de Lideran\\u00e7a 2019\"},\"previousItem\":{\"@type\":\"ListItem\",\"@id\":\"https:\\\/\\\/anoticiaonline.com.br\\\/site#listItem\",\"name\":\"Home\"}},{\"@type\":\"ListItem\",\"@id\":\"https:\\\/\\\/anoticiaonline.com.br\\\/site\\\/escola-de-lideranca-2019\\\/#listItem\",\"position\":3,\"name\":\"Escola de Lideran\\u00e7a 2019\",\"previousItem\":{\"@type\":\"ListItem\",\"@id\":\"https:\\\/\\\/anoticiaonline.com.br\\\/site\\\/categoria\\\/gerais\\\/#listItem\",\"name\":\"Gerais\"}}]},{\"@type\":\"Organization\",\"@id\":\"https:\\\/\\\/anoticiaonline.com.br\\\/site\\\/#organization\",\"name\":\"A Not\\u00edcia Online\",\"description\":\"Noticias de Muria\\u00e9 e regi\\u00e3o\",\"url\":\"https:\\\/\\\/anoticiaonline.com.br\\\/site\\\/\",\"logo\":{\"@type\":\"ImageObject\",\"url\":\"https:\\\/\\\/scontent-gig4-1.xx.fbcdn.net\\\/v\\\/t39.30808-1\\\/270437624_4564083193639691_6907940295614233970_n.jpg?stp=dst-jpg_s200x200_tt6&_nc_cat=111&ccb=1-7&_nc_sid=f907e8&_nc_ohc=SM1wRlP3lJwQ7kNvwEPuBYA&_nc_oc=AdnqrjDN_BNjSSHWO-GbkIWH6fkGMLw4bqvL_NH6e2wMveX7G-rP2dAqsDSq1mJMOaY&_nc_zt=24&_nc_ht=scontent-gig4-1.xx&_nc_gid=AoBFJeGrT1hVaew_6rchkQ&oh=00_AfX7QmFGhQhG2jAllVgXCiM1ZrWgvtp80-Bfppyexh1QEg&oe=689E923C\",\"@id\":\"https:\\\/\\\/anoticiaonline.com.br\\\/site\\\/escola-de-lideranca-2019\\\/#organizationLogo\"},\"image\":{\"@id\":\"https:\\\/\\\/anoticiaonline.com.br\\\/site\\\/escola-de-lideranca-2019\\\/#organizationLogo\"}},{\"@type\":\"Person\",\"@id\":\"https:\\\/\\\/anoticiaonline.com.br\\\/site\\\/author\\\/juliana\\\/#author\",\"url\":\"https:\\\/\\\/anoticiaonline.com.br\\\/site\\\/author\\\/juliana\\\/\",\"name\":\"Juliana Laviola\",\"image\":{\"@type\":\"ImageObject\",\"@id\":\"https:\\\/\\\/anoticiaonline.com.br\\\/site\\\/escola-de-lideranca-2019\\\/#authorImage\",\"url\":\"https:\\\/\\\/secure.gravatar.com\\\/avatar\\\/b8d45f5c699b100dfaf0e543582f38f38bf94cb7ae3a5e9abf8d891a34773335?s=96&d=mm&r=g\",\"width\":96,\"height\":96,\"caption\":\"Juliana Laviola\"}},{\"@type\":\"WebPage\",\"@id\":\"https:\\\/\\\/anoticiaonline.com.br\\\/site\\\/escola-de-lideranca-2019\\\/#webpage\",\"url\":\"https:\\\/\\\/anoticiaonline.com.br\\\/site\\\/escola-de-lideranca-2019\\\/\",\"name\":\"Escola de Lideran\\u00e7a 2019 - A Not\\u00edcia Online\",\"description\":\"Academia de L\\u00edderes, com apoio da Igreja do Evangelho Quadrangular Sede, promove \\u201cEscola de Lideran\\u00e7a 2019\\u201d Inscri\\u00e7\\u00f5es s\\u00e3o gratuitas e vagas limitadas; prazo vai at\\u00e9 31 de janeiro A Academia de L\\u00edderes, com apoio da Igreja do Evangelho Quadrangular Sede promover\\u00e1, no pr\\u00f3ximo ano, a primeira edi\\u00e7\\u00e3o do seu projeto \\u201cEscola de Lideran\\u00e7a\\u201d. Neste ano,\",\"inLanguage\":\"pt-BR\",\"isPartOf\":{\"@id\":\"https:\\\/\\\/anoticiaonline.com.br\\\/site\\\/#website\"},\"breadcrumb\":{\"@id\":\"https:\\\/\\\/anoticiaonline.com.br\\\/site\\\/escola-de-lideranca-2019\\\/#breadcrumblist\"},\"author\":{\"@id\":\"https:\\\/\\\/anoticiaonline.com.br\\\/site\\\/author\\\/juliana\\\/#author\"},\"creator\":{\"@id\":\"https:\\\/\\\/anoticiaonline.com.br\\\/site\\\/author\\\/juliana\\\/#author\"},\"image\":{\"@type\":\"ImageObject\",\"url\":\"https:\\\/\\\/anoticiaonline.com.br\\\/site\\\/wp-content\\\/uploads\\\/2019\\\/01\\\/3eef2425-39e6-4c62-b884-8d87e775b622.jpg\",\"@id\":\"https:\\\/\\\/anoticiaonline.com.br\\\/site\\\/escola-de-lideranca-2019\\\/#mainImage\",\"width\":1000,\"height\":769},\"primaryImageOfPage\":{\"@id\":\"https:\\\/\\\/anoticiaonline.com.br\\\/site\\\/escola-de-lideranca-2019\\\/#mainImage\"},\"datePublished\":\"2018-12-28T11:07:49-03:00\",\"dateModified\":\"2019-01-11T11:14:08-03:00\"},{\"@type\":\"WebSite\",\"@id\":\"https:\\\/\\\/anoticiaonline.com.br\\\/site\\\/#website\",\"url\":\"https:\\\/\\\/anoticiaonline.com.br\\\/site\\\/\",\"name\":\"A Not\\u00edcia Online\",\"description\":\"Noticias de Muria\\u00e9 e regi\\u00e3o\",\"inLanguage\":\"pt-BR\",\"publisher\":{\"@id\":\"https:\\\/\\\/anoticiaonline.com.br\\\/site\\\/#organization\"}}]}\n\t\t<\/script>\n\t\t<!-- All in One SEO -->\n\n","aioseo_head_json":{"title":"Escola de Lideran\u00e7a 2019 - A Not\u00edcia Online","description":"Academia de L\u00edderes, com apoio da Igreja do Evangelho Quadrangular Sede, promove \u201cEscola de Lideran\u00e7a 2019\u201d Inscri\u00e7\u00f5es s\u00e3o gratuitas e vagas limitadas; prazo vai at\u00e9 31 de janeiro A Academia de L\u00edderes, com apoio da Igreja do Evangelho Quadrangular Sede promover\u00e1, no pr\u00f3ximo ano, a primeira edi\u00e7\u00e3o do seu projeto \u201cEscola de Lideran\u00e7a\u201d. Neste ano,","canonical_url":"https:\/\/anoticiaonline.com.br\/site\/escola-de-lideranca-2019\/","robots":"max-image-preview:large","keywords":"","webmasterTools":{"miscellaneous":""},"schema":{"@context":"https:\/\/schema.org","@graph":[{"@type":"BlogPosting","@id":"https:\/\/anoticiaonline.com.br\/site\/escola-de-lideranca-2019\/#blogposting","name":"Escola de Lideran\u00e7a 2019 - A Not\u00edcia Online","headline":"Escola de Lideran\u00e7a 2019","author":{"@id":"https:\/\/anoticiaonline.com.br\/site\/author\/juliana\/#author"},"publisher":{"@id":"https:\/\/anoticiaonline.com.br\/site\/#organization"},"image":{"@type":"ImageObject","url":"https:\/\/anoticiaonline.com.br\/site\/wp-content\/uploads\/2019\/01\/3eef2425-39e6-4c62-b884-8d87e775b622.jpg","width":1000,"height":769},"datePublished":"2018-12-28T11:07:49-03:00","dateModified":"2019-01-11T11:14:08-03:00","inLanguage":"pt-BR","mainEntityOfPage":{"@id":"https:\/\/anoticiaonline.com.br\/site\/escola-de-lideranca-2019\/#webpage"},"isPartOf":{"@id":"https:\/\/anoticiaonline.com.br\/site\/escola-de-lideranca-2019\/#webpage"},"articleSection":"Gerais, Academia de L\u00edderes, Escola de Lideran\u00e7a, Escola de Lideran\u00e7a 2019, IEQ Sede, Pastora Silvia Cristina de Castro Almeida"},{"@type":"BreadcrumbList","@id":"https:\/\/anoticiaonline.com.br\/site\/escola-de-lideranca-2019\/#breadcrumblist","itemListElement":[{"@type":"ListItem","@id":"https:\/\/anoticiaonline.com.br\/site#listItem","position":1,"name":"Home","item":"https:\/\/anoticiaonline.com.br\/site","nextItem":{"@type":"ListItem","@id":"https:\/\/anoticiaonline.com.br\/site\/categoria\/gerais\/#listItem","name":"Gerais"}},{"@type":"ListItem","@id":"https:\/\/anoticiaonline.com.br\/site\/categoria\/gerais\/#listItem","position":2,"name":"Gerais","item":"https:\/\/anoticiaonline.com.br\/site\/categoria\/gerais\/","nextItem":{"@type":"ListItem","@id":"https:\/\/anoticiaonline.com.br\/site\/escola-de-lideranca-2019\/#listItem","name":"Escola de Lideran\u00e7a 2019"},"previousItem":{"@type":"ListItem","@id":"https:\/\/anoticiaonline.com.br\/site#listItem","name":"Home"}},{"@type":"ListItem","@id":"https:\/\/anoticiaonline.com.br\/site\/escola-de-lideranca-2019\/#listItem","position":3,"name":"Escola de Lideran\u00e7a 2019","previousItem":{"@type":"ListItem","@id":"https:\/\/anoticiaonline.com.br\/site\/categoria\/gerais\/#listItem","name":"Gerais"}}]},{"@type":"Organization","@id":"https:\/\/anoticiaonline.com.br\/site\/#organization","name":"A Not\u00edcia Online","description":"Noticias de Muria\u00e9 e regi\u00e3o","url":"https:\/\/anoticiaonline.com.br\/site\/","logo":{"@type":"ImageObject","url":"https:\/\/scontent-gig4-1.xx.fbcdn.net\/v\/t39.30808-1\/270437624_4564083193639691_6907940295614233970_n.jpg?stp=dst-jpg_s200x200_tt6&_nc_cat=111&ccb=1-7&_nc_sid=f907e8&_nc_ohc=SM1wRlP3lJwQ7kNvwEPuBYA&_nc_oc=AdnqrjDN_BNjSSHWO-GbkIWH6fkGMLw4bqvL_NH6e2wMveX7G-rP2dAqsDSq1mJMOaY&_nc_zt=24&_nc_ht=scontent-gig4-1.xx&_nc_gid=AoBFJeGrT1hVaew_6rchkQ&oh=00_AfX7QmFGhQhG2jAllVgXCiM1ZrWgvtp80-Bfppyexh1QEg&oe=689E923C","@id":"https:\/\/anoticiaonline.com.br\/site\/escola-de-lideranca-2019\/#organizationLogo"},"image":{"@id":"https:\/\/anoticiaonline.com.br\/site\/escola-de-lideranca-2019\/#organizationLogo"}},{"@type":"Person","@id":"https:\/\/anoticiaonline.com.br\/site\/author\/juliana\/#author","url":"https:\/\/anoticiaonline.com.br\/site\/author\/juliana\/","name":"Juliana Laviola","image":{"@type":"ImageObject","@id":"https:\/\/anoticiaonline.com.br\/site\/escola-de-lideranca-2019\/#authorImage","url":"https:\/\/secure.gravatar.com\/avatar\/b8d45f5c699b100dfaf0e543582f38f38bf94cb7ae3a5e9abf8d891a34773335?s=96&d=mm&r=g","width":96,"height":96,"caption":"Juliana Laviola"}},{"@type":"WebPage","@id":"https:\/\/anoticiaonline.com.br\/site\/escola-de-lideranca-2019\/#webpage","url":"https:\/\/anoticiaonline.com.br\/site\/escola-de-lideranca-2019\/","name":"Escola de Lideran\u00e7a 2019 - A Not\u00edcia Online","description":"Academia de L\u00edderes, com apoio da Igreja do Evangelho Quadrangular Sede, promove \u201cEscola de Lideran\u00e7a 2019\u201d Inscri\u00e7\u00f5es s\u00e3o gratuitas e vagas limitadas; prazo vai at\u00e9 31 de janeiro A Academia de L\u00edderes, com apoio da Igreja do Evangelho Quadrangular Sede promover\u00e1, no pr\u00f3ximo ano, a primeira edi\u00e7\u00e3o do seu projeto \u201cEscola de Lideran\u00e7a\u201d. Neste ano,","inLanguage":"pt-BR","isPartOf":{"@id":"https:\/\/anoticiaonline.com.br\/site\/#website"},"breadcrumb":{"@id":"https:\/\/anoticiaonline.com.br\/site\/escola-de-lideranca-2019\/#breadcrumblist"},"author":{"@id":"https:\/\/anoticiaonline.com.br\/site\/author\/juliana\/#author"},"creator":{"@id":"https:\/\/anoticiaonline.com.br\/site\/author\/juliana\/#author"},"image":{"@type":"ImageObject","url":"https:\/\/anoticiaonline.com.br\/site\/wp-content\/uploads\/2019\/01\/3eef2425-39e6-4c62-b884-8d87e775b622.jpg","@id":"https:\/\/anoticiaonline.com.br\/site\/escola-de-lideranca-2019\/#mainImage","width":1000,"height":769},"primaryImageOfPage":{"@id":"https:\/\/anoticiaonline.com.br\/site\/escola-de-lideranca-2019\/#mainImage"},"datePublished":"2018-12-28T11:07:49-03:00","dateModified":"2019-01-11T11:14:08-03:00"},{"@type":"WebSite","@id":"https:\/\/anoticiaonline.com.br\/site\/#website","url":"https:\/\/anoticiaonline.com.br\/site\/","name":"A Not\u00edcia Online","description":"Noticias de Muria\u00e9 e regi\u00e3o","inLanguage":"pt-BR","publisher":{"@id":"https:\/\/anoticiaonline.com.br\/site\/#organization"}}]},"og:locale":"pt_BR","og:site_name":"A Not\u00edcia Online - Noticias de Muria\u00e9 e regi\u00e3o","og:type":"article","og:title":"Escola de Lideran\u00e7a 2019 - A Not\u00edcia Online","og:description":"Academia de L\u00edderes, com apoio da Igreja do Evangelho Quadrangular Sede, promove \u201cEscola de Lideran\u00e7a 2019\u201d Inscri\u00e7\u00f5es s\u00e3o gratuitas e vagas limitadas; prazo vai at\u00e9 31 de janeiro A Academia de L\u00edderes, com apoio da Igreja do Evangelho Quadrangular Sede promover\u00e1, no pr\u00f3ximo ano, a primeira edi\u00e7\u00e3o do seu projeto \u201cEscola de Lideran\u00e7a\u201d. Neste ano,","og:url":"https:\/\/anoticiaonline.com.br\/site\/escola-de-lideranca-2019\/","og:image":"https:\/\/scontent-gig4-1.xx.fbcdn.net\/v\/t39.30808-1\/270437624_4564083193639691_6907940295614233970_n.jpg?stp=dst-jpg_s200x200_tt6&#038;_nc_cat=111&#038;ccb=1-7&#038;_nc_sid=f907e8&#038;_nc_ohc=SM1wRlP3lJwQ7kNvwEPuBYA&#038;_nc_oc=AdnqrjDN_BNjSSHWO-GbkIWH6fkGMLw4bqvL_NH6e2wMveX7G-rP2dAqsDSq1mJMOaY&#038;_nc_zt=24&#038;_nc_ht=scontent-gig4-1.xx&#038;_nc_gid=AoBFJeGrT1hVaew_6rchkQ&#038;oh=00_AfX7QmFGhQhG2jAllVgXCiM1ZrWgvtp80-Bfppyexh1QEg&#038;oe=689E923C","og:image:secure_url":"https:\/\/scontent-gig4-1.xx.fbcdn.net\/v\/t39.30808-1\/270437624_4564083193639691_6907940295614233970_n.jpg?stp=dst-jpg_s200x200_tt6&#038;_nc_cat=111&#038;ccb=1-7&#038;_nc_sid=f907e8&#038;_nc_ohc=SM1wRlP3lJwQ7kNvwEPuBYA&#038;_nc_oc=AdnqrjDN_BNjSSHWO-GbkIWH6fkGMLw4bqvL_NH6e2wMveX7G-rP2dAqsDSq1mJMOaY&#038;_nc_zt=24&#038;_nc_ht=scontent-gig4-1.xx&#038;_nc_gid=AoBFJeGrT1hVaew_6rchkQ&#038;oh=00_AfX7QmFGhQhG2jAllVgXCiM1ZrWgvtp80-Bfppyexh1QEg&#038;oe=689E923C","article:published_time":"2018-12-28T14:07:49+00:00","article:modified_time":"2019-01-11T14:14:08+00:00","twitter:card":"summary_large_image","twitter:title":"Escola de Lideran\u00e7a 2019 - A Not\u00edcia Online","twitter:description":"Academia de L\u00edderes, com apoio da Igreja do Evangelho Quadrangular Sede, promove \u201cEscola de Lideran\u00e7a 2019\u201d Inscri\u00e7\u00f5es s\u00e3o gratuitas e vagas limitadas; prazo vai at\u00e9 31 de janeiro A Academia de L\u00edderes, com apoio da Igreja do Evangelho Quadrangular Sede promover\u00e1, no pr\u00f3ximo ano, a primeira edi\u00e7\u00e3o do seu projeto \u201cEscola de Lideran\u00e7a\u201d. Neste ano,","twitter:image":"https:\/\/scontent-gig4-1.xx.fbcdn.net\/v\/t39.30808-1\/270437624_4564083193639691_6907940295614233970_n.jpg?stp=dst-jpg_s200x200_tt6&_nc_cat=111&ccb=1-7&_nc_sid=f907e8&_nc_ohc=SM1wRlP3lJwQ7kNvwEPuBYA&_nc_oc=AdnqrjDN_BNjSSHWO-GbkIWH6fkGMLw4bqvL_NH6e2wMveX7G-rP2dAqsDSq1mJMOaY&_nc_zt=24&_nc_ht=scontent-gig4-1.xx&_nc_gid=AoBFJeGrT1hVaew_6rchkQ&oh=00_AfX7QmFGhQhG2jAllVgXCiM1ZrWgvtp80-Bfppyexh1QEg&oe=689E923C"},"aioseo_meta_data":{"post_id":"66675","title":null,"description":null,"keywords":null,"keyphrases":null,"primary_term":null,"canonical_url":null,"og_title":null,"og_description":null,"og_object_type":"default","og_image_type":"default","og_image_url":null,"og_image_width":null,"og_image_height":null,"og_image_custom_url":null,"og_image_custom_fields":null,"og_video":null,"og_custom_url":null,"og_article_section":null,"og_article_tags":null,"twitter_use_og":false,"twitter_card":"default","twitter_image_type":"default","twitter_image_url":null,"twitter_image_custom_url":null,"twitter_image_custom_fields":null,"twitter_title":null,"twitter_description":null,"schema":{"blockGraphs":[],"customGraphs":[],"default":{"data":{"Article":[],"Course":[],"Dataset":[],"FAQPage":[],"Movie":[],"Person":[],"Product":[],"ProductReview":[],"Car":[],"Recipe":[],"Service":[],"SoftwareApplication":[],"WebPage":[]},"graphName":"","isEnabled":true},"graphs":[]},"schema_type":"default","schema_type_options":null,"pillar_content":false,"robots_default":true,"robots_noindex":false,"robots_noarchive":false,"robots_nosnippet":false,"robots_nofollow":false,"robots_noimageindex":false,"robots_noodp":false,"robots_notranslate":false,"robots_max_snippet":null,"robots_max_videopreview":null,"robots_max_imagepreview":"large","priority":null,"frequency":null,"local_seo":null,"breadcrumb_settings":null,"limit_modified_date":false,"ai":null,"created":"2025-08-16 22:40:55","updated":"2025-08-16 22:40:55","focus_keyword":null,"additional_keywords":null,"truseo_locale":null,"seo_analyzer_scan_date":null},"aioseo_breadcrumb":"<div class=\"aioseo-breadcrumbs\"><span class=\"aioseo-breadcrumb\">\n\t\t\t<a href=\"https:\/\/anoticiaonline.com.br\/site\" title=\"Home\">Home<\/a>\n\t\t<\/span><span class=\"aioseo-breadcrumb-separator\">&raquo;<\/span><span class=\"aioseo-breadcrumb\">\n\t\t\t<a href=\"https:\/\/anoticiaonline.com.br\/site\/categoria\/gerais\/\" title=\"Gerais\">Gerais<\/a>\n\t\t<\/span><span class=\"aioseo-breadcrumb-separator\">&raquo;<\/span><span class=\"aioseo-breadcrumb\">\n\t\t\tEscola de Lideran\u00e7a 2019\n\t\t<\/span><\/div>","aioseo_breadcrumb_json":[{"label":"Home","link":"https:\/\/anoticiaonline.com.br\/site"},{"label":"Gerais","link":"https:\/\/anoticiaonline.com.br\/site\/categoria\/gerais\/"},{"label":"Escola de Lideran\u00e7a 2019","link":"https:\/\/anoticiaonline.com.br\/site\/escola-de-lideranca-2019\/"}],"views":180,"_links":{"self":[{"href":"https:\/\/anoticiaonline.com.br\/site\/wp-json\/wp\/v2\/posts\/66675","targetHints":{"allow":["GET"]}}],"collection":[{"href":"https:\/\/anoticiaonline.com.br\/site\/wp-json\/wp\/v2\/posts"}],"about":[{"href":"https:\/\/anoticiaonline.com.br\/site\/wp-json\/wp\/v2\/types\/post"}],"author":[{"embeddable":true,"href":"https:\/\/anoticiaonline.com.br\/site\/wp-json\/wp\/v2\/users\/2"}],"replies":[{"embeddable":true,"href":"https:\/\/anoticiaonline.com.br\/site\/wp-json\/wp\/v2\/comments?post=66675"}],"version-history":[{"count":0,"href":"https:\/\/anoticiaonline.com.br\/site\/wp-json\/wp\/v2\/posts\/66675\/revisions"}],"wp:featuredmedia":[{"embeddable":true,"href":"https:\/\/anoticiaonline.com.br\/site\/wp-json\/wp\/v2\/media\/66676"}],"wp:attachment":[{"href":"https:\/\/anoticiaonline.com.br\/site\/wp-json\/wp\/v2\/media?parent=66675"}],"wp:term":[{"taxonomy":"category","embeddable":true,"href":"https:\/\/anoticiaonline.com.br\/site\/wp-json\/wp\/v2\/categories?post=66675"},{"taxonomy":"post_tag","embeddable":true,"href":"https:\/\/anoticiaonline.com.br\/site\/wp-json\/wp\/v2\/tags?post=66675"}],"curies":[{"name":"wp","href":"https:\/\/api.w.org\/{rel}","templated":true}]}}